{"id":670273,"date":"2024-04-03T21:52:03","date_gmt":"2024-04-03T19:52:03","guid":{"rendered":"https:\/\/www.salzburgerland.com\/de\/?p=670273"},"modified":"2024-06-12T11:00:25","modified_gmt":"2024-06-12T09:00:25","slug":"einen-sprung-auf-die-alm-mit-stefan-kraft","status":"publish","type":"post","link":"https:\/\/www.salzburgerland.com\/de\/einen-sprung-auf-die-alm-mit-stefan-kraft\/","title":{"rendered":"Skisprung-Star Stefan Kraft"},"content":{"rendered":"<p><span>Stefan Kraft ist der beste Skispringer der Welt: In der Saison 2023\/24 holte er sich seinen dritten Gesamtweltcup-Sieg, wurde vor wenigen Wochen Skiflug-Weltmeister und die Erfolgsgeschichte ist noch lange nicht fertiggeschrieben. Abseits der Skisprungschanzen genie\u00dft es Stefan Kraft, das SalzburgerLand zu erkunden. Vor allem in den Sommermonaten findet der 30-J\u00e4hrige Salzburger daf\u00fcr Zeit \u2013 und genie\u00dft den <a href=\"https:\/\/www.salzburgerland.com\/de\/almsommer\" rel=\"noopener\">Salzburger Almsommer<\/a> am liebsten im Gro\u00dfarltal. Dort kennt er die Wanderwege seit seiner Kindheit und hat auch seine Lieblingsplatzerl, die er nach einer kr\u00e4ftezehrenden Saison und harten Trainingseinheiten in der Kraftkammer des <a href=\"https:\/\/www.sportzentrumrif.at\/\" target=\"_blank\" rel=\"noopener\">Olympiast\u00fctzpunktes in Rif<\/a> anvisiert, um mit einer Brettljause oder Kasnocken und einer Nachspeise wieder neue Energie zu sammeln. \u201eEine Wanderung auf die Alm ist f\u00fcr mich eine willkommene Abwechslung zur Kraftkammer\u201c, erkl\u00e4rt Stefan Kraft. \u201eIn der Natur komme ich raus aus dem Trainingsalltag, finde meine Ruhe und kann auf der H\u00fctte gem\u00fctlich sitzen, genie\u00dfen und bei einem tollen Ausblick die Seele baumeln lassen.\u201c<\/span><\/p>\n<img decoding=\"async\" class=\"size-1170_658 wp-image-586548\" src=\"https:\/\/www.salzburgerland.com\/de\/wp-content\/uploads\/2016\/08\/kraft-stefan_wandern-jause__dsc5595-1170x658.jpg\" alt=\"\" width=\"1170\" height=\"658\" srcset=\"https:\/\/www.salzburgerland.com\/de\/wp-content\/uploads\/2016\/08\/kraft-stefan_wandern-jause__dsc5595-1170x658.jpg 1170w, https:\/\/www.salzburgerland.com\/de\/wp-content\/uploads\/2016\/08\/kraft-stefan_wandern-jause__dsc5595-1200x675.jpg 1200w\" sizes=\"(max-width: 1170px) 100vw, 1170px\">\n<h3><strong>Genuss-Roas am Salzburger Almenweg<\/strong><\/h3>\n<p>Stefan Kraft ist die Benchmark im Skisprungsport, das SalzburgerLand ist wohl sein Pendant, wenn es um Genussmomente auf der Alm geht. Man merkt, dass die vielen H\u00fcttenwirt*innen und Produzent*innen daf\u00fcr leben und mit ihrer herzlichen Gastfreundschaft f\u00fcr ein echtes, authentisches Almerlebnis sorgen. \u201eWenn ich mir einen gemeinsamen Alm-Ausflug ausmache, dann treffen wir uns meistens im Gro\u00dfarltal, weil hier einfach das <a href=\"https:\/\/www.salzburgerland.com\/de\/almsommerhuetten-liste\/\" target=\"_blank\" rel=\"noopener\">H\u00fcttenangebot<\/a> sensationell gut ist\u201c, schw\u00e4rmt Stefan Kraft von seiner Heimat. \u201eAm liebsten mache ich eine \u201aAlm-Rallye\u2018. Auf einer Alm trinken wir was, auf der n\u00e4chsten gibt\u2019s was zu essen und auf der dritten H\u00fctte g\u00f6nnen wir uns noch einen Kuchen.\u201c Das klingt nach einem perfekten Salzburger Almsommer Genuss-Tag, den sich der Skisprung-Olympiasieger mindestens einmal im Jahr vornimmt. \u201eIch wandere am liebsten mit meiner Frau Marisa, mit meinen Eltern oder Freunden von mir. F\u00fcr mich ist das gesellige Zusammensitzen, die Gemeinschaft wichtig, das macht f\u00fcr mich H\u00fcttenfeeling aus.\u201c<\/p>\n\n\t\t\t<div id=\"670273-1\" class=\"gallery gallery-670273 gallery-columns-3 gallery-size-1170_658\" itemscope itemtype=\"http:\/\/schema.org\/ImageGallery\">\n\t\t\t\t<ul class=\"gallery-row gallery-col-3 gallery-clear\">\n\t\t\t\t\t<li class=\"gallery-item col-3\" itemprop=\"associatedMedia\" itemscope itemtype=\"http:\/\/schema.org\/ImageObject\">\n\t\t\t\t\t\t<div class=\"gallery-icon landscape\"><a href=\"https:\/\/www.salzburgerland.com\/de\/wp-content\/uploads\/2024\/04\/mk_05322_markus-kohlmayr-711x1067.jpg\" title=\"Stefan Kraft Salzburger Almsommer SalzburgerLand, Markus Kohlmayr\"><img decoding=\"async\" data-title=\"\u00a9 Markus Kohlmayr\" title=\"\u00a9 Markus Kohlmayr\" data-caption=\"\u00a9 Markus Kohlmayr\" width=\"1170\" height=\"658\" src=\"https:\/\/www.salzburgerland.com\/de\/wp-content\/uploads\/2024\/04\/mk_05322_markus-kohlmayr-1170x658.jpg\" class=\"attachment-1170_658 size-1170_658\" alt=\"Stefan Kraft, mit rotem Hemd und blauem Hut, geht im Freien spazieren, mit B\u00e4umen und Gr\u00fcnpflanzen im Hintergrund. (vergr\u00f6\u00dferte Ansicht)\" srcset=\"https:\/\/www.salzburgerland.com\/de\/wp-content\/uploads\/2024\/04\/mk_05322_markus-kohlmayr-1170x658.jpg 1170w, https:\/\/www.salzburgerland.com\/de\/wp-content\/uploads\/2024\/04\/mk_05322_markus-kohlmayr-1200x675.jpg 1200w\" sizes=\"(max-width: 1170px) 100vw, 1170px\" aria-describedby=\"figcaption-670273-670351\" itemprop=\"thumbnail\"><\/a><\/div>\n\t\t\t\t\t\t<span id=\"figcaption-670273-670351\" class=\"gallery-caption\" itemprop=\"caption\"><span aria-hidden=\"true\">\u00a9 Markus Kohlmayr<\/span><\/span>\n\t\t\t\t\t<\/li>\n\t\t\t\t\t<li class=\"gallery-item col-3\" itemprop=\"associatedMedia\" itemscope itemtype=\"http:\/\/schema.org\/ImageObject\">\n\t\t\t\t\t\t<div class=\"gallery-icon landscape\"><a href=\"https:\/\/www.salzburgerland.com\/de\/wp-content\/uploads\/2021\/05\/grossarltal_kraft-stefan_bike-jause_auf_der_bichlalm_bike-jause_dsc5567ctvb_grossarltal-1920x1067.jpg\" title=\"Grossarltal_Kraft Stefan_Bike Jause_auf_der_Bichlalm_Bike Jause_DSC5567(c)TVB_Grossarltal\"><img decoding=\"async\" data-title=\"\u00a9TVB Grossarltal\" title=\"\u00a9TVB Grossarltal\" data-caption=\"\u00a9TVB Grossarltal\" width=\"1170\" height=\"658\" src=\"https:\/\/www.salzburgerland.com\/de\/wp-content\/uploads\/2021\/05\/grossarltal_kraft-stefan_bike-jause_auf_der_bichlalm_bike-jause_dsc5567ctvb_grossarltal-1170x658.jpg\" class=\"attachment-1170_658 size-1170_658\" alt=\"L\u00e4chelnder Mann in Sportjacke genie\u00dft eine Mahlzeit nach einer Bike &amp; Hike-Tour durch die Berge und eine Holzh\u00fctte. (vergr\u00f6\u00dferte Ansicht)\" srcset=\"https:\/\/www.salzburgerland.com\/de\/wp-content\/uploads\/2021\/05\/grossarltal_kraft-stefan_bike-jause_auf_der_bichlalm_bike-jause_dsc5567ctvb_grossarltal-1170x658.jpg 1170w, https:\/\/www.salzburgerland.com\/de\/wp-content\/uploads\/2021\/05\/grossarltal_kraft-stefan_bike-jause_auf_der_bichlalm_bike-jause_dsc5567ctvb_grossarltal-1200x675.jpg 1200w\" sizes=\"(max-width: 1170px) 100vw, 1170px\" aria-describedby=\"figcaption-670273-570604\" itemprop=\"thumbnail\"><\/a><\/div>\n\t\t\t\t\t\t<span id=\"figcaption-670273-570604\" class=\"gallery-caption\" itemprop=\"caption\"><span aria-hidden=\"true\">\u00a9TVB Grossarltal<\/span><\/span>\n\t\t\t\t\t<\/li>\n\t\t\t\t\t<li class=\"gallery-item col-3\" itemprop=\"associatedMedia\" itemscope itemtype=\"http:\/\/schema.org\/ImageObject\">\n\t\t\t\t\t\t<div class=\"gallery-icon landscape\"><a href=\"https:\/\/www.salzburgerland.com\/de\/wp-content\/uploads\/2016\/08\/grossarltal-2019-c_erwin_haiden_1451-1920x1067.jpg\" title=\"Grossarltal 2019 (c)_Erwin_Haiden_1451\"><img decoding=\"async\" data-title=\"\u00a9 Erwin Haiden\" title=\"\u00a9 Erwin Haiden\" data-caption=\"\u00a9 Erwin Haiden\" width=\"1170\" height=\"658\" src=\"https:\/\/www.salzburgerland.com\/de\/wp-content\/uploads\/2016\/08\/grossarltal-2019-c_erwin_haiden_1451-1170x658.jpg\" class=\"attachment-1170_658 size-1170_658\" alt=\"Zwei Personen teilen sich eine Holzplatte mit Brot, K\u00e4se und Wurst auf einem rustikalen Gro\u00dfarltaler Tisch. (vergr\u00f6\u00dferte Ansicht)\" srcset=\"https:\/\/www.salzburgerland.com\/de\/wp-content\/uploads\/2016\/08\/grossarltal-2019-c_erwin_haiden_1451-1170x658.jpg 1170w, https:\/\/www.salzburgerland.com\/de\/wp-content\/uploads\/2016\/08\/grossarltal-2019-c_erwin_haiden_1451-1200x675.jpg 1200w\" sizes=\"(max-width: 1170px) 100vw, 1170px\" aria-describedby=\"figcaption-670273-586547\" itemprop=\"thumbnail\"><\/a><\/div>\n\t\t\t\t\t\t<span id=\"figcaption-670273-586547\" class=\"gallery-caption\" itemprop=\"caption\"><span aria-hidden=\"true\">\u00a9 Erwin Haiden<\/span><\/span>\n\t\t\t\t\t<\/li>\n\t\t\t\t<\/ul>\n\t\t\t<\/div><!-- .gallery -->\n\n<h3><strong>Filzmoosalm und Loosb\u00fchelalm bekommen H\u00f6chstnoten<\/strong><\/h3>\n<p>Wenn man <a href=\"https:\/\/www.instagram.com\/kraftstefan\" target=\"_blank\" rel=\"noopener\">Stefan Kraft<\/a> nach seinen Lieblingsh\u00fctten im Gro\u00dfarltal fragt, z\u00e4hlen zwei zum Pflichtprogramm: Die Filzmoosalm auf 1.710 Metern im hinteren Ellmautal und die <a href=\"https:\/\/www.salzburgerland.com\/de\/almsommerhuetten-liste\/pois\/SBG\/76f2f1b9-8799-4866-80b5-04bedc153ef8\/loosbuehelalm--1-769-m\" target=\"_blank\" rel=\"noopener\">Loosb\u00fchelalm<\/a> auf 1.769 Metern \u00fcber dem Meeresspiegel direkt am Salzburger Almenweg gelegen. Wenn er Wertungsrichter w\u00e4re, w\u00fcrde er den regionalen Gen\u00fcssen auf den beiden Almen wohl nur perfekte Haltungsnoten verteilen. Zu seinen Alm-Leibgerichten z\u00e4hlen Spinatkn\u00f6del und Kaiserschmarrn. \u201eF\u00fcr mich geh\u00f6rt schon immer die Almjause und die gem\u00fctliche gemeinsame Zeit auf einer H\u00fctte zu einer Wanderung dazu. Es ist der perfekte Ausklang nach einem Aufstieg.\u201c<\/p>\n<div id=\"attachment_670356\" style=\"width: 1180px\" class=\"wp-caption alignnone\"><img decoding=\"async\" aria-describedby=\"caption-attachment-670356\" class=\"size-1170_658 wp-image-670356\" src=\"https:\/\/www.salzburgerland.com\/de\/wp-content\/uploads\/2024\/04\/mk_07687-e1712154388637-1170x658.jpg\" alt=\"\" width=\"1170\" height=\"658\" srcset=\"https:\/\/www.salzburgerland.com\/de\/wp-content\/uploads\/2024\/04\/mk_07687-e1712154388637-1170x658.jpg 1170w, https:\/\/www.salzburgerland.com\/de\/wp-content\/uploads\/2024\/04\/mk_07687-e1712154388637-1895x1067.jpg 1895w, https:\/\/www.salzburgerland.com\/de\/wp-content\/uploads\/2024\/04\/mk_07687-e1712154388637-768x432.jpg 768w, https:\/\/www.salzburgerland.com\/de\/wp-content\/uploads\/2024\/04\/mk_07687-e1712154388637-1536x865.jpg 1536w, https:\/\/www.salzburgerland.com\/de\/wp-content\/uploads\/2024\/04\/mk_07687-e1712154388637-1200x675.jpg 1200w, https:\/\/www.salzburgerland.com\/de\/wp-content\/uploads\/2024\/04\/mk_07687-e1712154388637-150x84.jpg 150w, https:\/\/www.salzburgerland.com\/de\/wp-content\/uploads\/2024\/04\/mk_07687-e1712154388637.jpg 1920w\" sizes=\"(max-width: 1170px) 100vw, 1170px\"><p id=\"caption-attachment-670356\" class=\"wp-caption-text\">\u00a9 Markus Kohlmayr<\/p><\/div>\n<p>Sowohl die <a href=\"https:\/\/www.salzburgerland.com\/de\/almsommerhuetten-liste\/pois\/SBG\/b6f7f4aa-32e0-4753-8444-605ce4c62b7e\/filzmoosalm--1-710-m\" target=\"_blank\" rel=\"noopener\">Filzmoosh\u00fctte<\/a> als auch die Loosb\u00fchelalm erreicht man zu Fu\u00df vom Parkplatz Grundlehen ungef\u00e4hr in 75 Minuten. Beide Almen sind \u00fcbrigens auch mit dem Mountainbike gut erreichbar. Die K\u00e4sejause auf der Loosb\u00fchelalm ist genial, man schmeckt einfach, mit wie viel Leidenschaft der Klausbauer die Milch veredelt\u201c, betont Stefan Kraft und erg\u00e4nzt. \u201eEin bisschen Trainingsfaktor ist nat\u00fcrlich auch immer dabei. F\u00fcr mich z\u00e4hlt eine Wanderung auf die Alm zu einer aktiven Regeneration. So kann ich meinen Muskelkater rausgehen, den ich mir zuvor in der Kraftkammer f\u00fcr die perfekte Vorbereitung auf die n\u00e4chste Skisprung-Saison hart erarbeitet habe.\u201c<\/p>\n<div id=\"attachment_670923\" style=\"width: 1180px\" class=\"wp-caption alignnone\"><img decoding=\"async\" aria-describedby=\"caption-attachment-670923\" class=\"size-1170_658 wp-image-670923\" src=\"https:\/\/www.salzburgerland.com\/de\/wp-content\/uploads\/2024\/04\/c-jumpandreach-1170x658.jpeg\" alt=\"\" width=\"1170\" height=\"658\" srcset=\"https:\/\/www.salzburgerland.com\/de\/wp-content\/uploads\/2024\/04\/c-jumpandreach-1170x658.jpeg 1170w, https:\/\/www.salzburgerland.com\/de\/wp-content\/uploads\/2024\/04\/c-jumpandreach-1200x675.jpeg 1200w\" sizes=\"(max-width: 1170px) 100vw, 1170px\"><p id=\"caption-attachment-670923\" class=\"wp-caption-text\">Stefan Kraft tankt Energie auf der Alm. \u00a9 JumpandReach<\/p><\/div>\n<h3><strong><span>\u00dcber Skisprung-Star Stefan Kraft<\/span><\/strong><\/h3>\n<p><span><a href=\"https:\/\/www.kraft-stefan.com\/\" target=\"_blank\" rel=\"noopener\">Stefan Kraft<\/a> ist der aktuell beste Skispringer der Welt. Geboren wurde er am 13. Mai 1993 in Schwarzach im Pongau und eroberte vom SalzburgerLand aus die (Skisprung-) Welt. Bereits in seiner Jugend war klar, dass hier jemand auf dem Bakken sitzt, der mit richtig viel Talent springt und den Telemark in den Schnee setzt. Seit 2005 ist der Salzburger im <a href=\"https:\/\/www.skiaustria.at\/de\/teams\/stefan-kraft\" target=\"_blank\" rel=\"noopener\">\u00d6SV-Nationalkader<\/a> und hat seitdem eine steile Karriere hingelegt. Die Highlights sind sicherlich die drei Gesamtweltcupsiege und ebenfalls drei Erfolge im Skiflug-Weltcup, die bis heute 43 Weltcupsiege sowie Skiflug-WM-Gold beim Heimspringen am Kulm 2024. Nat\u00fcrlich strahlt das Olympia-Gold in Peking 2022 besonders hell sowie der Erfolg bei der Vierschanzentournee. Eine Zahl ist auch untrennbar mit Stefan Kraft verbunden: 253,5 Meter weit flog er 2017 in Vikersund, als er den bis heute g\u00fcltigen Weltrekord aufstellte. Was den Pongauer unter den Sport-Stars auszeichnet ist seine sympathische und offene Art, die er sich trotz aller Erfolge immer behalten hat. So z\u00e4hlt Stefan Kraft heute zum gro\u00dfen Idol f\u00fcr viele junge Athlet*innen und wer wei\u00df, was er uns noch alles zeigt. Vielleicht wackelt gar noch der Weltcupsieg-Rekord von Gregor Schlierenzauer (53 Erfolge). <\/span><\/p>\n","protected":false},"excerpt":{"rendered":"<p>Stefan Kraft ist der beste Skispringer der Welt: In der Saison 2023\/24 holte er sich seinen dritten Gesamtweltcup-Sieg, wurde vor wenigen Wochen Skiflug-Weltmeister und die Erfolgsgeschichte ist noch lange nicht fertiggeschrieben. Abseits der Skisprungschanzen genie\u00dft es Stefan Kraft, das SalzburgerLand zu erkunden. Vor allem in den Sommermonaten findet der 30-J\u00e4hrige Salzburger daf\u00fcr Zeit \u2013 und [&hellip;]<\/p>\n","protected":false},"author":67,"featured_media":670354,"comment_status":"closed","ping_status":"closed","sticky":false,"template":"","format":"standard","meta":{"_acf_changed":false,"wl_entities_gutenberg":"","_relevanssi_hide_post":"","_relevanssi_hide_content":"","_relevanssi_pin_for_all":"","_relevanssi_pin_keywords":"","_relevanssi_unpin_keywords":"","_relevanssi_related_keywords":"","_relevanssi_related_include_ids":"","_relevanssi_related_exclude_ids":"","_relevanssi_related_no_append":"","_relevanssi_related_not_related":"","_relevanssi_related_posts":"","_relevanssi_noindex_reason":"","footnotes":""},"categories":[1],"tags":[],"wl_entity_type":[11495,2],"class_list":["post-670273","post","type-post","status-publish","format-standard","has-post-thumbnail","hentry","category-allgemein","wl_entity_type-article","wl_entity_type-thing"],"acf":[],"yoast_head":"<!-- This site is optimized with the Yoast SEO Premium plugin v26.9 (Yoast SEO v26.9) - https:\/\/yoast.com\/product\/yoast-seo-premium-wordpress\/ -->\n<title>Skisprung-Star Stefan Kraft \u00bb SalzburgerLand.com<\/title>\n<meta name=\"robots\" content=\"index, follow, max-snippet:-1, max-image-preview:large, max-video-preview:-1\" \/>\n<link rel=\"canonical\" href=\"https:\/\/www.salzburgerland.com\/de\/wp-json\/wp\/v2\/posts\/670273\" \/>\n<meta property=\"og:locale\" content=\"de_DE\" \/>\n<meta property=\"og:type\" content=\"article\" \/>\n<meta property=\"og:title\" content=\"Skisprung-Star Stefan Kraft\" \/>\n<meta property=\"og:description\" content=\"W\u00e4hrend Stefan Kraft im Winter um jeden Meter k\u00e4mpft, ist das H\u00f6henmeter-Sammeln bei seinen Wandertouren im Sommer sekund\u00e4r. Der Weg ist das Ziel, statt sportlicher Herausforderung steht daheim im Gro\u00dfarltal ganz klar der (Natur-) Genuss auf seiner Sommer-Bucketlist.\" \/>\n<meta property=\"og:url\" content=\"https:\/\/www.salzburgerland.com\/de\/wp-json\/wp\/v2\/posts\/670273\" \/>\n<meta property=\"og:site_name\" content=\"SalzburgerLand.com\" \/>\n<meta property=\"article:publisher\" content=\"https:\/\/www.facebook.com\/salzburgerland\/\" \/>\n<meta property=\"article:published_time\" content=\"2024-04-03T19:52:03+00:00\" \/>\n<meta property=\"article:modified_time\" content=\"2024-06-12T09:00:25+00:00\" \/>\n<meta property=\"og:image\" content=\"https:\/\/www.salzburgerland.com\/de\/wp-content\/uploads\/2024\/04\/mk_07459-1200x675.jpg\" \/>\n\t<meta property=\"og:image:width\" content=\"1200\" \/>\n\t<meta property=\"og:image:height\" content=\"675\" \/>\n\t<meta property=\"og:image:type\" content=\"image\/jpeg\" \/>\n<meta name=\"author\" content=\"G\u00fcnter Baumgartner\" \/>\n<meta name=\"twitter:card\" content=\"summary_large_image\" \/>\n<meta name=\"twitter:creator\" content=\"@Salzburgerland\" \/>\n<meta name=\"twitter:site\" content=\"@Salzburgerland\" \/>\n<meta name=\"twitter:label1\" content=\"Verfasst von\" \/>\n\t<meta name=\"twitter:data1\" content=\"G\u00fcnter Baumgartner\" \/>\n\t<meta name=\"twitter:label2\" content=\"Gesch\u00e4tzte Lesezeit\" \/>\n\t<meta name=\"twitter:data2\" content=\"6\u00a0Minuten\" \/>\n<script type=\"application\/ld+json\" class=\"yoast-schema-graph\">{\"@context\":\"https:\/\/schema.org\",\"@graph\":[{\"@type\":\"WebPage\",\"@id\":\"https:\/\/www.salzburgerland.com\/de\/einen-sprung-auf-die-alm-mit-stefan-kraft\/\",\"url\":\"https:\/\/www.salzburgerland.com\/de\/einen-sprung-auf-die-alm-mit-stefan-kraft\/\",\"name\":\"Skisprung-Star Stefan Kraft \u00bb SalzburgerLand.com\",\"isPartOf\":{\"@id\":\"https:\/\/www.salzburgerland.com\/de\/#website\"},\"primaryImageOfPage\":{\"@id\":\"https:\/\/www.salzburgerland.com\/de\/einen-sprung-auf-die-alm-mit-stefan-kraft\/#primaryimage\"},\"image\":{\"@id\":\"https:\/\/www.salzburgerland.com\/de\/einen-sprung-auf-die-alm-mit-stefan-kraft\/#primaryimage\"},\"thumbnailUrl\":\"https:\/\/www.salzburgerland.com\/de\/wp-content\/uploads\/2024\/04\/mk_07459.jpg\",\"datePublished\":\"2024-04-03T19:52:03+00:00\",\"dateModified\":\"2024-06-12T09:00:25+00:00\",\"description\":\"W\u00e4hrend Stefan Kraft im Winter um jeden Meter k\u00e4mpft, ist das H\u00f6henmeter-Sammeln bei seinen Wandertouren im Sommer sekund\u00e4r. Der Weg ist das Ziel, statt sportlicher Herausforderung steht daheim im Gro\u00dfarltal ganz klar der (Natur-) Genuss auf seiner Sommer-Bucketlist.\",\"breadcrumb\":{\"@id\":\"https:\/\/www.salzburgerland.com\/de\/einen-sprung-auf-die-alm-mit-stefan-kraft\/#breadcrumb\"},\"inLanguage\":\"de\",\"potentialAction\":[{\"@type\":\"ReadAction\",\"target\":[\"https:\/\/www.salzburgerland.com\/de\/einen-sprung-auf-die-alm-mit-stefan-kraft\/\"]}]},{\"@type\":\"ImageObject\",\"inLanguage\":\"de\",\"@id\":\"https:\/\/www.salzburgerland.com\/de\/einen-sprung-auf-die-alm-mit-stefan-kraft\/#primaryimage\",\"url\":\"https:\/\/www.salzburgerland.com\/de\/wp-content\/uploads\/2024\/04\/mk_07459.jpg\",\"contentUrl\":\"https:\/\/www.salzburgerland.com\/de\/wp-content\/uploads\/2024\/04\/mk_07459.jpg\",\"width\":1920,\"height\":1280,\"caption\":\"\u00a9 Markus Kohlmayr\"},{\"@type\":\"BreadcrumbList\",\"@id\":\"https:\/\/www.salzburgerland.com\/de\/einen-sprung-auf-die-alm-mit-stefan-kraft\/#breadcrumb\",\"itemListElement\":[{\"@type\":\"ListItem\",\"position\":1,\"name\":\"Hoch die Alm!\",\"item\":\"https:\/\/www.salzburgerland.com\/de\/hoch-die-alm\/\"},{\"@type\":\"ListItem\",\"position\":2,\"name\":\"Skisprung-Star Stefan Kraft\"}]},{\"@type\":\"WebSite\",\"@id\":\"https:\/\/www.salzburgerland.com\/de\/#website\",\"url\":\"https:\/\/www.salzburgerland.com\/de\/\",\"name\":\"SalzburgerLand.com\",\"description\":\"Ihr Urlaub in Salzburg, \u00d6sterreich\",\"publisher\":{\"@id\":\"https:\/\/www.salzburgerland.com\/de\/#organization\"},\"potentialAction\":[{\"@type\":\"SearchAction\",\"target\":{\"@type\":\"EntryPoint\",\"urlTemplate\":\"https:\/\/www.salzburgerland.com\/de\/?s={search_term_string}\"},\"query-input\":{\"@type\":\"PropertyValueSpecification\",\"valueRequired\":true,\"valueName\":\"search_term_string\"}}],\"inLanguage\":\"de\"},{\"@type\":\"Organization\",\"@id\":\"https:\/\/www.salzburgerland.com\/de\/#organization\",\"name\":\"SalzburgerLand Tourismus GmbH\",\"url\":\"https:\/\/www.salzburgerland.com\/de\/\",\"logo\":{\"@type\":\"ImageObject\",\"inLanguage\":\"de\",\"@id\":\"https:\/\/www.salzburgerland.com\/de\/#\/schema\/logo\/image\/\",\"url\":\"https:\/\/www.salzburgerland.com\/de\/wp-content\/uploads\/2017\/01\/salzburgerland-logo.jpg\",\"contentUrl\":\"https:\/\/www.salzburgerland.com\/de\/wp-content\/uploads\/2017\/01\/salzburgerland-logo.jpg\",\"width\":1920,\"height\":827,\"caption\":\"SalzburgerLand Tourismus GmbH\"},\"image\":{\"@id\":\"https:\/\/www.salzburgerland.com\/de\/#\/schema\/logo\/image\/\"},\"sameAs\":[\"https:\/\/www.facebook.com\/salzburgerland\/\",\"https:\/\/x.com\/Salzburgerland\",\"https:\/\/www.instagram.com\/salzburgerland\/\",\"http:\/\/dbpedia.org\/resource\/Salzburg_(state)\",\"http:\/\/wikidata.dbpedia.org\/resource\/Q43325\",\"http:\/\/open.salzburgerland.com\/de\/entity\/salzburgerland\",\"https:\/\/www.youtube.com\/user\/salzburgerland\"]},{\"@type\":\"Person\",\"@id\":\"https:\/\/www.salzburgerland.com\/de\/#\/schema\/person\/202fa69e766a95ce88b9c174c33cf9b7\",\"name\":\"G\u00fcnter Baumgartner\",\"image\":{\"@type\":\"ImageObject\",\"inLanguage\":\"de\",\"@id\":\"https:\/\/www.salzburgerland.com\/de\/#\/schema\/person\/image\/\",\"url\":\"https:\/\/secure.gravatar.com\/avatar\/46e8f74f35e1f1449410c59dc6ef7980d5bccacd006bd0f60416a5b5b522c5ff?s=96&d=mm&r=g\",\"contentUrl\":\"https:\/\/secure.gravatar.com\/avatar\/46e8f74f35e1f1449410c59dc6ef7980d5bccacd006bd0f60416a5b5b522c5ff?s=96&d=mm&r=g\",\"caption\":\"G\u00fcnter Baumgartner\"}}]}<\/script>\n<!-- \/ Yoast SEO Premium plugin. -->","yoast_head_json":{"title":"Skisprung-Star Stefan Kraft \u00bb SalzburgerLand.com","robots":{"index":"index","follow":"follow","max-snippet":"max-snippet:-1","max-image-preview":"max-image-preview:large","max-video-preview":"max-video-preview:-1"},"canonical":"https:\/\/www.salzburgerland.com\/de\/wp-json\/wp\/v2\/posts\/670273","og_locale":"de_DE","og_type":"article","og_title":"Skisprung-Star Stefan Kraft","og_description":"W\u00e4hrend Stefan Kraft im Winter um jeden Meter k\u00e4mpft, ist das H\u00f6henmeter-Sammeln bei seinen Wandertouren im Sommer sekund\u00e4r. Der Weg ist das Ziel, statt sportlicher Herausforderung steht daheim im Gro\u00dfarltal ganz klar der (Natur-) Genuss auf seiner Sommer-Bucketlist.","og_url":"https:\/\/www.salzburgerland.com\/de\/wp-json\/wp\/v2\/posts\/670273","og_site_name":"SalzburgerLand.com","article_publisher":"https:\/\/www.facebook.com\/salzburgerland\/","article_published_time":"2024-04-03T19:52:03+00:00","article_modified_time":"2024-06-12T09:00:25+00:00","og_image":[{"width":1200,"height":675,"url":"https:\/\/www.salzburgerland.com\/de\/wp-content\/uploads\/2024\/04\/mk_07459-1200x675.jpg","type":"image\/jpeg"}],"author":"G\u00fcnter Baumgartner","twitter_card":"summary_large_image","twitter_creator":"@Salzburgerland","twitter_site":"@Salzburgerland","twitter_misc":{"Verfasst von":"G\u00fcnter Baumgartner","Gesch\u00e4tzte Lesezeit":"6\u00a0Minuten"},"schema":{"@context":"https:\/\/schema.org","@graph":[{"@type":"WebPage","@id":"https:\/\/www.salzburgerland.com\/de\/einen-sprung-auf-die-alm-mit-stefan-kraft\/","url":"https:\/\/www.salzburgerland.com\/de\/einen-sprung-auf-die-alm-mit-stefan-kraft\/","name":"Skisprung-Star Stefan Kraft \u00bb SalzburgerLand.com","isPartOf":{"@id":"https:\/\/www.salzburgerland.com\/de\/#website"},"primaryImageOfPage":{"@id":"https:\/\/www.salzburgerland.com\/de\/einen-sprung-auf-die-alm-mit-stefan-kraft\/#primaryimage"},"image":{"@id":"https:\/\/www.salzburgerland.com\/de\/einen-sprung-auf-die-alm-mit-stefan-kraft\/#primaryimage"},"thumbnailUrl":"https:\/\/www.salzburgerland.com\/de\/wp-content\/uploads\/2024\/04\/mk_07459.jpg","datePublished":"2024-04-03T19:52:03+00:00","dateModified":"2024-06-12T09:00:25+00:00","description":"W\u00e4hrend Stefan Kraft im Winter um jeden Meter k\u00e4mpft, ist das H\u00f6henmeter-Sammeln bei seinen Wandertouren im Sommer sekund\u00e4r. Der Weg ist das Ziel, statt sportlicher Herausforderung steht daheim im Gro\u00dfarltal ganz klar der (Natur-) Genuss auf seiner Sommer-Bucketlist.","breadcrumb":{"@id":"https:\/\/www.salzburgerland.com\/de\/einen-sprung-auf-die-alm-mit-stefan-kraft\/#breadcrumb"},"inLanguage":"de","potentialAction":[{"@type":"ReadAction","target":["https:\/\/www.salzburgerland.com\/de\/einen-sprung-auf-die-alm-mit-stefan-kraft\/"]}]},{"@type":"ImageObject","inLanguage":"de","@id":"https:\/\/www.salzburgerland.com\/de\/einen-sprung-auf-die-alm-mit-stefan-kraft\/#primaryimage","url":"https:\/\/www.salzburgerland.com\/de\/wp-content\/uploads\/2024\/04\/mk_07459.jpg","contentUrl":"https:\/\/www.salzburgerland.com\/de\/wp-content\/uploads\/2024\/04\/mk_07459.jpg","width":1920,"height":1280,"caption":"\u00a9 Markus Kohlmayr"},{"@type":"BreadcrumbList","@id":"https:\/\/www.salzburgerland.com\/de\/einen-sprung-auf-die-alm-mit-stefan-kraft\/#breadcrumb","itemListElement":[{"@type":"ListItem","position":1,"name":"Hoch die Alm!","item":"https:\/\/www.salzburgerland.com\/de\/hoch-die-alm\/"},{"@type":"ListItem","position":2,"name":"Skisprung-Star Stefan Kraft"}]},{"@type":"WebSite","@id":"https:\/\/www.salzburgerland.com\/de\/#website","url":"https:\/\/www.salzburgerland.com\/de\/","name":"SalzburgerLand.com","description":"Ihr Urlaub in Salzburg, \u00d6sterreich","publisher":{"@id":"https:\/\/www.salzburgerland.com\/de\/#organization"},"potentialAction":[{"@type":"SearchAction","target":{"@type":"EntryPoint","urlTemplate":"https:\/\/www.salzburgerland.com\/de\/?s={search_term_string}"},"query-input":{"@type":"PropertyValueSpecification","valueRequired":true,"valueName":"search_term_string"}}],"inLanguage":"de"},{"@type":"Organization","@id":"https:\/\/www.salzburgerland.com\/de\/#organization","name":"SalzburgerLand Tourismus GmbH","url":"https:\/\/www.salzburgerland.com\/de\/","logo":{"@type":"ImageObject","inLanguage":"de","@id":"https:\/\/www.salzburgerland.com\/de\/#\/schema\/logo\/image\/","url":"https:\/\/www.salzburgerland.com\/de\/wp-content\/uploads\/2017\/01\/salzburgerland-logo.jpg","contentUrl":"https:\/\/www.salzburgerland.com\/de\/wp-content\/uploads\/2017\/01\/salzburgerland-logo.jpg","width":1920,"height":827,"caption":"SalzburgerLand Tourismus GmbH"},"image":{"@id":"https:\/\/www.salzburgerland.com\/de\/#\/schema\/logo\/image\/"},"sameAs":["https:\/\/www.facebook.com\/salzburgerland\/","https:\/\/x.com\/Salzburgerland","https:\/\/www.instagram.com\/salzburgerland\/","http:\/\/dbpedia.org\/resource\/Salzburg_(state)","http:\/\/wikidata.dbpedia.org\/resource\/Q43325","http:\/\/open.salzburgerland.com\/de\/entity\/salzburgerland","https:\/\/www.youtube.com\/user\/salzburgerland"]},{"@type":"Person","@id":"https:\/\/www.salzburgerland.com\/de\/#\/schema\/person\/202fa69e766a95ce88b9c174c33cf9b7","name":"G\u00fcnter Baumgartner","image":{"@type":"ImageObject","inLanguage":"de","@id":"https:\/\/www.salzburgerland.com\/de\/#\/schema\/person\/image\/","url":"https:\/\/secure.gravatar.com\/avatar\/46e8f74f35e1f1449410c59dc6ef7980d5bccacd006bd0f60416a5b5b522c5ff?s=96&d=mm&r=g","contentUrl":"https:\/\/secure.gravatar.com\/avatar\/46e8f74f35e1f1449410c59dc6ef7980d5bccacd006bd0f60416a5b5b522c5ff?s=96&d=mm&r=g","caption":"G\u00fcnter Baumgartner"}}]}},"_wl_alt_label":[],"wl:entity_url":"http:\/\/open.salzburgerland.com\/de\/post\/auf-einen-sprung-auf-die-alm-mit-stefan-kraft-670273","_links":{"self":[{"href":"https:\/\/www.salzburgerland.com\/de\/wp-json\/wp\/v2\/posts\/670273","targetHints":{"allow":["GET"]}}],"collection":[{"href":"https:\/\/www.salzburgerland.com\/de\/wp-json\/wp\/v2\/posts"}],"about":[{"href":"https:\/\/www.salzburgerland.com\/de\/wp-json\/wp\/v2\/types\/post"}],"author":[{"embeddable":true,"href":"https:\/\/www.salzburgerland.com\/de\/wp-json\/wp\/v2\/users\/67"}],"replies":[{"embeddable":true,"href":"https:\/\/www.salzburgerland.com\/de\/wp-json\/wp\/v2\/comments?post=670273"}],"version-history":[{"count":6,"href":"https:\/\/www.salzburgerland.com\/de\/wp-json\/wp\/v2\/posts\/670273\/revisions"}],"predecessor-version":[{"id":672204,"href":"https:\/\/www.salzburgerland.com\/de\/wp-json\/wp\/v2\/posts\/670273\/revisions\/672204"}],"wp:featuredmedia":[{"embeddable":true,"href":"https:\/\/www.salzburgerland.com\/de\/wp-json\/wp\/v2\/media\/670354"}],"wp:attachment":[{"href":"https:\/\/www.salzburgerland.com\/de\/wp-json\/wp\/v2\/media?parent=670273"}],"wp:term":[{"taxonomy":"category","embeddable":true,"href":"https:\/\/www.salzburgerland.com\/de\/wp-json\/wp\/v2\/categories?post=670273"},{"taxonomy":"post_tag","embeddable":true,"href":"https:\/\/www.salzburgerland.com\/de\/wp-json\/wp\/v2\/tags?post=670273"},{"taxonomy":"wl_entity_type","embeddable":true,"href":"https:\/\/www.salzburgerland.com\/de\/wp-json\/wp\/v2\/wl_entity_type?post=670273"}],"curies":[{"name":"wp","href":"https:\/\/api.w.org\/{rel}","templated":true}]}}