{"id":670152,"date":"2024-03-28T16:04:27","date_gmt":"2024-03-28T15:04:27","guid":{"rendered":"https:\/\/www.salzburgerland.com\/de\/?p=670152"},"modified":"2025-03-11T10:24:15","modified_gmt":"2025-03-11T09:24:15","slug":"spitzenkoch-rudi-obauer","status":"publish","type":"post","link":"https:\/\/www.salzburgerland.com\/de\/spitzenkoch-rudi-obauer\/","title":{"rendered":"Spitzenkoch Rudi Obauer"},"content":{"rendered":"<h3>Festspiele der Alpinen K\u00fcche<\/h3>\n<p>Am 30. September 2024 hat man Karl und Rudi Obauer bei den <span><a href=\"https:\/\/alpine-kueche.com\/de\/festspiele-der-alpinen-kueche\" target=\"_blank\" rel=\"noopener\">5. Festspielen der Alpinen K\u00fcche<\/a> im Ferry Porsche Congress Center in Zell am See angetrofen <\/span><span>Unter der Schirmherrschaft von 5-Hauben-Koch und Alpine K\u00fcche Pionier Andreas D\u00f6llerer stell<span style=\"color: #090909;\"><span style=\"background-color: rgba(164, 163, 163, 0.035);\">ten<\/span><\/span> sich bei dieser hochkar\u00e4tigen Veranstaltung K\u00f6ch*innen, Produzent*innen und Veredler*innen spannenden und kritischen Fragen zur Zukunft der Kulinarik. <a href=\"https:\/\/www.zellamsee-kaprun.com\/de\/events\/festspiele-der-alpinen-kueche\/tickets?utm_source=fdaklandingpage&amp;utm_medium=button&amp;utm_campaign=ticketing_button_fdaklandingpage\" target=\"_blank\" rel=\"noopener\">Early Bird Tickets sind ab sofort erh\u00e4ltlich.<\/a><\/span><\/p>\n<h3>Gourmet Restaurant Obauer<\/h3>\n<p>Ausgew\u00e4hlte Produzenten aus dem SalzburgerLand liefern die Zutaten f\u00fcr die \u201eK\u00fcche des Marktes\u201c. <a href=\"https:\/\/obauer.com\/de\">Rudi Obauer<\/a> erkl\u00e4rt: \u201eWir kochen, was die Saison gerade hergibt, und wir legen dabei viel Wert auf <a href=\"https:\/\/www.salzburgerland.com\/de\/magazin\/garantiert-regional-aus-dem-salzburgerland\/\">Regionalit\u00e4t<\/a>. Es ist mir ein Anliegen und Teil meines Lebens, unsere Lieferanten zu kennen und ihnen auch immer wieder mal einen Besuch abzustatten.\u201c<\/p>\n<p>Und so f\u00fchrt es <a href=\"https:\/\/www.salzburgerland.com\/de\/magazin\/spitzenkoch-rudi-obauer-im-gespraechspitzenkoch-rudi-obauer-im-gespraech\/\">Rudi Obauer<\/a>, der selbst teilweise auf einem Bergbauernhof im Gemeindegebiet von Bischofshofen hoch \u00fcber dem Salzachtal wohnt, nicht nur auf die Almfl\u00e4chen und in die W\u00e4lder rund um den Hof, wo er gern mit Korb und Messer zum Schwammerlsuchen, Kr\u00e4utersammeln und Hollerbl\u00fcten schneiden ausr\u00fcckt. Er besucht auch gerne seine Produzenten f\u00fcr die K\u00fcche des Spitzenrestaurants pers\u00f6nlich. Darum zieht es ihn immer wieder gerne in den <a href=\"https:\/\/www.salzburgerland.com\/de\/salzburger-lungau\/veranstaltungen\">Salzburger Lungau<\/a>.<\/p>\n<h3><strong>Besuchs-Tour bei Lungauer Produzenten<\/strong><\/h3>\n<p>Auf dieser kulinarischen Besuchs-Tour seiner Poduzenten besucht er den K\u00e4se-K\u00fcnstler G\u00fcnther Naynar auf dem 1.260 m hoch gelegenen Hiasnhof in G\u00f6riach. \u201eHier im Lungauer Hochland produziert G\u00fcnther Naynar Ziegenk\u00e4se nach der franz\u00f6sischen Art. Er veredelt sie mit einer H\u00fclle aus Brennesselsamen, mit Steinklee oder Wacholdernadeln. Dazu erzeugen die Naynars Kuhmilchspezialit\u00e4ten der Extraklasse. Den gr\u00f6\u00dften Teil ihrer Produkte verkaufen sie auf lokalen M\u00e4rkten oder ab Hof. Mich verbindet eine jahrzehntelange Freundschaft mit der Familie \u2013 darum freuen wir uns \u00fcber das Privileg, den Naynar-K\u00e4se f\u00fcr unser Restaurant kaufen und unseren G\u00e4sten anbieten zu k\u00f6nnen.\u201c Weiter geht es bei dieser Genuss-Tour zu den Almschweinen von Peter und Liesi L\u00f6cker auf den Biohof Sauschneider in St. Margarethen, woher auch der Tauernroggen stammt.<\/p>\n\n\t\t\t<div id=\"670152-1\" class=\"gallery gallery-670152 gallery-columns-3 gallery-size-1170_658\" itemscope itemtype=\"http:\/\/schema.org\/ImageGallery\">\n\t\t\t\t<ul class=\"gallery-row gallery-col-3 gallery-clear\">\n\t\t\t\t\t<li class=\"gallery-item col-3\" itemprop=\"associatedMedia\" itemscope itemtype=\"http:\/\/schema.org\/ImageObject\">\n\t\t\t\t\t\t<div class=\"gallery-icon landscape\"><a href=\"https:\/\/www.salzburgerland.com\/de\/wp-content\/uploads\/2024\/03\/muhrerbauer-butter_kaese2.jpg\" title=\"Muhrerbauer Butter_K\u00e4se2\"><img decoding=\"async\" data-title=\"\" title=\"\" data-caption=\"\" width=\"1170\" height=\"658\" src=\"https:\/\/www.salzburgerland.com\/de\/wp-content\/uploads\/2024\/03\/muhrerbauer-butter_kaese2-1170x658.jpg\" class=\"attachment-1170_658 size-1170_658\" alt=\"Muhrerbauer Butter (vergr\u00f6\u00dferte Ansicht)\" srcset=\"https:\/\/www.salzburgerland.com\/de\/wp-content\/uploads\/2024\/03\/muhrerbauer-butter_kaese2-1170x658.jpg 1170w, https:\/\/www.salzburgerland.com\/de\/wp-content\/uploads\/2024\/03\/muhrerbauer-butter_kaese2-1200x675.jpg 1200w\" sizes=\"(max-width: 1170px) 100vw, 1170px\" itemprop=\"thumbnail\"><\/a><\/div>\n\t\t\t\t\t<\/li>\n\t\t\t\t\t<li class=\"gallery-item col-3\" itemprop=\"associatedMedia\" itemscope itemtype=\"http:\/\/schema.org\/ImageObject\">\n\t\t\t\t\t\t<div class=\"gallery-icon landscape\"><a href=\"https:\/\/www.salzburgerland.com\/de\/wp-content\/uploads\/2024\/03\/muhrerbauer-schafe_kaese-copyright-tobias-werner-hallein.jpg\" title=\"Muhrerbauer Schafe_K\u00e4se-copyright Tobias WERNER, Hallein\"><img decoding=\"async\" data-title=\"\" title=\"\" data-caption=\"\" width=\"1170\" height=\"658\" src=\"https:\/\/www.salzburgerland.com\/de\/wp-content\/uploads\/2024\/03\/muhrerbauer-schafe_kaese-copyright-tobias-werner-hallein-1170x658.jpg\" class=\"attachment-1170_658 size-1170_658\" alt=\"Muhrerbauer Schafe (vergr\u00f6\u00dferte Ansicht)\" srcset=\"https:\/\/www.salzburgerland.com\/de\/wp-content\/uploads\/2024\/03\/muhrerbauer-schafe_kaese-copyright-tobias-werner-hallein-1170x658.jpg 1170w, https:\/\/www.salzburgerland.com\/de\/wp-content\/uploads\/2024\/03\/muhrerbauer-schafe_kaese-copyright-tobias-werner-hallein-768x432.jpg 768w, https:\/\/www.salzburgerland.com\/de\/wp-content\/uploads\/2024\/03\/muhrerbauer-schafe_kaese-copyright-tobias-werner-hallein-1536x864.jpg 1536w, https:\/\/www.salzburgerland.com\/de\/wp-content\/uploads\/2024\/03\/muhrerbauer-schafe_kaese-copyright-tobias-werner-hallein-1200x675.jpg 1200w, https:\/\/www.salzburgerland.com\/de\/wp-content\/uploads\/2024\/03\/muhrerbauer-schafe_kaese-copyright-tobias-werner-hallein-150x84.jpg 150w, https:\/\/www.salzburgerland.com\/de\/wp-content\/uploads\/2024\/03\/muhrerbauer-schafe_kaese-copyright-tobias-werner-hallein.jpg 1600w\" sizes=\"(max-width: 1170px) 100vw, 1170px\" itemprop=\"thumbnail\"><\/a><\/div>\n\t\t\t\t\t<\/li>\n\t\t\t\t\t<li class=\"gallery-item col-3\" itemprop=\"associatedMedia\" itemscope itemtype=\"http:\/\/schema.org\/ImageObject\">\n\t\t\t\t\t\t<div class=\"gallery-icon landscape\"><a href=\"https:\/\/www.salzburgerland.com\/de\/wp-content\/uploads\/2024\/03\/muhrerbauer-blumen_copyright-tobias-werner-hallein.jpg\" title=\"Muhrerbauer Blumen_copyright Tobias WERNER, Hallein\"><img decoding=\"async\" data-title=\"\" title=\"\" data-caption=\"\" width=\"1170\" height=\"658\" src=\"https:\/\/www.salzburgerland.com\/de\/wp-content\/uploads\/2024\/03\/muhrerbauer-blumen_copyright-tobias-werner-hallein-1170x658.jpg\" class=\"attachment-1170_658 size-1170_658\" alt=\"Holzh\u00fctte au\u00dfen mit roten und wei\u00dfen Blumen, ein Muhreralm-Schild, inspiriert von Rudi Obauers alpinem Charme. (vergr\u00f6\u00dferte Ansicht)\" srcset=\"https:\/\/www.salzburgerland.com\/de\/wp-content\/uploads\/2024\/03\/muhrerbauer-blumen_copyright-tobias-werner-hallein-1170x658.jpg 1170w, https:\/\/www.salzburgerland.com\/de\/wp-content\/uploads\/2024\/03\/muhrerbauer-blumen_copyright-tobias-werner-hallein-1200x675.jpg 1200w\" sizes=\"(max-width: 1170px) 100vw, 1170px\" itemprop=\"thumbnail\"><\/a><\/div>\n\t\t\t\t\t<\/li>\n\t\t\t\t<\/ul>\n\t\t\t<\/div><!-- .gallery -->\n\n<h3><strong>Rudi Obauer\u00b4s Auszeit auf der Muhreralm in Zederhaus<\/strong><\/h3>\n<p>F\u00fcr den n\u00e4chsten Besuch geht es endlich hoch hinaus. N\u00e4mlich von Zederhaus hinauf zur <a href=\"http:\/\/www.muhrerbauer.at\" target=\"_blank\" rel=\"noopener\">Muhreralm<\/a>. Dort verarbeitet Maria Gruber den in der Region so beliebten Sauerk\u00e4s. Von der Mautstelle <a href=\"https:\/\/www.lungau.at\/de\/erleben\/sommer\/wandern\/naturparks\/\" target=\"_blank\" rel=\"noopener\">Naturpark Riedingtal<\/a> geht es daf\u00fcr \u00fcber den G\u00fcterweg 741 bis hinauf auf die Alm. Das Gro\u00dfkesseltal, in dem sich die Alm befindet, ist eine au\u00dfergew\u00f6hnliche Sch\u00f6nheit. <a href=\"https:\/\/www.salzburgerland.com\/de\/magazin\/total-obauer\/\">Rudi Obauer<\/a>, der diesen Ort auch gern mit seiner Frau Angelika f\u00fcr ausgedehnte Wanderungen nutzt und bei einer Einkehr auf der Muhreralm die Begegnung mit den Wirtsleuten sch\u00e4tzt. Er meint: \u201eDie Leute hier sind wunderbar geerdete Menschen. Aus unseren Gespr\u00e4chen und aus dem, was sie hier oben tun, kann ich viel lernen.\u201c Die einfache und urt\u00fcmliche Almh\u00fctte ist \u00fcber 100 Jahre alt und wird in den Sommermonaten von der Familie Gruber, die nur 25 Kilometer entfernt ihren Biohof f\u00fchren, bewirtschaftet. Maria ist seit \u00fcber 15 Almsommern hier auf der Muhreralm und k\u00fcmmert sich um die K\u00fche. Nach dem t\u00e4glichen Melken wird die Milch zu Butter, Buttermilch und Lungauer Almk\u00e4se verarbeitet. Der Sauerk\u00e4s ist eine Lungauer Spezialit\u00e4t und einst eigentlich aus reiner Not entstanden. Bisch\u00f6fe und F\u00fcrsten kassierten die fette Milch, Butter und Rahm als Abgabe f\u00fcr das bewirtschaftete Land. So entstand aus der \u00fcbrigen mageren Milch der Sauerk\u00e4se. Eine Spezialit\u00e4t, die Rudi Obauer bei einer Wanderung gern am Teller hat: \u201eIn dieser wildromantischen Landschaft mit ihren steilen H\u00e4ngen, von denen einige nur mit Steigeisen zu erklimmen sind, wird trotzdem Milchwirtschaft betrieben und die Kulturlandschaft erhalten. Eine Einkehr bei Maria mit diesem Sauerk\u00e4s gekr\u00f6nt. Er ist rustikal, wie die alte H\u00fctte.\u00a0 Man isst ihn mit Zwiebeln und \u00d6l oder als Belag am frisch gebackenen Bauernbrot mit Butter.\u201c<\/p>\n<p>\u00a0<\/p>\n<div id=\"attachment_670192\" style=\"width: 810px\" class=\"wp-caption aligncenter\"><img decoding=\"async\" aria-describedby=\"caption-attachment-670192\" class=\"wp-image-670192\" src=\"https:\/\/www.salzburgerland.com\/de\/wp-content\/uploads\/2024\/03\/neumuhreralmgraefe-und-unzer-armin-walcher-1.jpg\" alt=\"\" width=\"800\" height=\"533\" srcset=\"https:\/\/www.salzburgerland.com\/de\/wp-content\/uploads\/2024\/03\/neumuhreralmgraefe-und-unzer-armin-walcher-1.jpg 800w, https:\/\/www.salzburgerland.com\/de\/wp-content\/uploads\/2024\/03\/neumuhreralmgraefe-und-unzer-armin-walcher-1-768x512.jpg 768w, https:\/\/www.salzburgerland.com\/de\/wp-content\/uploads\/2024\/03\/neumuhreralmgraefe-und-unzer-armin-walcher-1-150x100.jpg 150w\" sizes=\"(max-width: 800px) 100vw, 800px\"><p id=\"caption-attachment-670192\" class=\"wp-caption-text\">Lungauer Produzenten &amp; Spezialit\u00e4ten werden im Buch \u201eTotal Obauer\u201c in den Fokus gestellt (c) Gr\u00e4fe und Unzer \/ Armin Walcher<\/p><\/div>\n<h3><\/h3>\n<h3><strong>Mehr <a href=\"https:\/\/www.salzburgerland.com\/de\/bioparadies\/\">,bio\u2018<\/a> geht nicht<\/strong><\/h3>\n<p>Aber auch mit selbst produziertem Speck, dem Original Lungauer Rahmkoch, Topfennudeln, Krapfen oder selbst gemachten S\u00e4ften l\u00e4sst man sich hier inmitten der Lungauer Berge verw\u00f6hnen. Mit einem Blick auf die \u201eMillibitschn\u201c \u2013 den gro\u00dfen Milchkannen, in denen die Milch transportiert wurde und die hier noch als Deko an der Wand lehnen \u2013 schw\u00e4rmt Rudi Obauer: \u201eDie Milch der K\u00fche wird vor Ort zu Butter, Topfen oder K\u00e4se verarbeitet \u2013 in Handarbeit und v\u00f6llig naturbelassen. Mehr ,bio\u2018 geht nicht.\u201c<\/p>\n<p>Bei seiner Wanderung im <a href=\"https:\/\/www.salzburgerland.com\/de\/almsommer\/\">Salzburger Almsommer<\/a> ist Rudi Obauer ein stiller Genie\u00dfer. Er meint: \u201eWenn man in die Natur geht, sollte man Mensch und Vieh achten. Bei einer Wanderung will ich alles wieder so hinterlassen, wie ich es vorgefunden habe. Bei Begegnungen mit diesen wundervollen Menschen hier auf den Almen m\u00f6chte ich in Stille zuh\u00f6ren. Mir ist es wichtig, achtsam zu sein, in jeder Hinsicht. H\u00f6ren, sehen und einfach atmen.\u201c<\/p>\n<p>\u00a0<\/p>\n<p>\u00a0<\/p>\n<p>\u00a0<\/p>\n","protected":false},"excerpt":{"rendered":"<p>Festspiele der Alpinen K\u00fcche Am 30. September 2024 hat man Karl und Rudi Obauer bei den 5. Festspielen der Alpinen K\u00fcche im Ferry Porsche Congress Center in Zell am See angetrofen Unter der Schirmherrschaft von 5-Hauben-Koch und Alpine K\u00fcche Pionier Andreas D\u00f6llerer stellten sich bei dieser hochkar\u00e4tigen Veranstaltung K\u00f6ch*innen, Produzent*innen und Veredler*innen spannenden und kritischen [&hellip;]<\/p>\n","protected":false},"author":138,"featured_media":670169,"comment_status":"closed","ping_status":"closed","sticky":false,"template":"","format":"standard","meta":{"_acf_changed":false,"wl_entities_gutenberg":"","_relevanssi_hide_post":"","_relevanssi_hide_content":"","_relevanssi_pin_for_all":"","_relevanssi_pin_keywords":"","_relevanssi_unpin_keywords":"","_relevanssi_related_keywords":"","_relevanssi_related_include_ids":"","_relevanssi_related_exclude_ids":"","_relevanssi_related_no_append":"","_relevanssi_related_not_related":"","_relevanssi_related_posts":"","_relevanssi_noindex_reason":"","footnotes":""},"categories":[1],"tags":[],"wl_entity_type":[11495,2],"class_list":["post-670152","post","type-post","status-publish","format-standard","has-post-thumbnail","hentry","category-allgemein","wl_entity_type-article","wl_entity_type-thing"],"acf":[],"yoast_head":"<!-- This site is optimized with the Yoast SEO Premium plugin v26.9 (Yoast SEO v26.9) - https:\/\/yoast.com\/product\/yoast-seo-premium-wordpress\/ -->\n<title>Spitzenkoch Rudi Obauer \u00bb SalzburgerLand.com<\/title>\n<meta name=\"robots\" content=\"index, follow, max-snippet:-1, max-image-preview:large, max-video-preview:-1\" \/>\n<link rel=\"canonical\" href=\"https:\/\/www.salzburgerland.com\/de\/wp-json\/wp\/v2\/posts\/670152\" \/>\n<meta property=\"og:locale\" content=\"de_DE\" \/>\n<meta property=\"og:type\" content=\"article\" \/>\n<meta property=\"og:title\" content=\"Spitzenkoch Rudi Obauer\" \/>\n<meta property=\"og:description\" content=\"Karl und Rudi Obauer gelten als \u201eK\u00f6che des Jahrzehnts\u201c. Mit ihrem Gourmet Restaurant Obauer in Werfen sind sie unter den \u201eWorld\u00b4s best Restaurants\u201c und auf \u201eLa Liste\u201c gelistet. Ihr Kochhandwerk ist trotz des internationalen Erfolgs bodenst\u00e4ndig und traditionsbewusst und die Lieferanten kommen vorzugsweise aus dem SalzburgerLand.\" \/>\n<meta property=\"og:url\" content=\"https:\/\/www.salzburgerland.com\/de\/wp-json\/wp\/v2\/posts\/670152\" \/>\n<meta property=\"og:site_name\" content=\"SalzburgerLand.com\" \/>\n<meta property=\"article:publisher\" content=\"https:\/\/www.facebook.com\/salzburgerland\/\" \/>\n<meta property=\"article:published_time\" content=\"2024-03-28T15:04:27+00:00\" \/>\n<meta property=\"article:modified_time\" content=\"2025-03-11T09:24:15+00:00\" \/>\n<meta property=\"og:image\" content=\"https:\/\/www.salzburgerland.com\/de\/wp-content\/uploads\/2024\/03\/wirtsleute-1200x675.jpeg\" \/>\n\t<meta property=\"og:image:width\" content=\"1200\" \/>\n\t<meta property=\"og:image:height\" content=\"675\" \/>\n\t<meta property=\"og:image:type\" content=\"image\/jpeg\" \/>\n<meta name=\"author\" content=\"Johanna Trampitsch\" \/>\n<meta name=\"twitter:card\" content=\"summary_large_image\" \/>\n<meta name=\"twitter:creator\" content=\"@Salzburgerland\" \/>\n<meta name=\"twitter:site\" content=\"@Salzburgerland\" \/>\n<meta name=\"twitter:label1\" content=\"Verfasst von\" \/>\n\t<meta name=\"twitter:data1\" content=\"Johanna Trampitsch\" \/>\n\t<meta name=\"twitter:label2\" content=\"Gesch\u00e4tzte Lesezeit\" \/>\n\t<meta name=\"twitter:data2\" content=\"6\u00a0Minuten\" \/>\n<script type=\"application\/ld+json\" class=\"yoast-schema-graph\">{\"@context\":\"https:\/\/schema.org\",\"@graph\":[{\"@type\":\"WebPage\",\"@id\":\"https:\/\/www.salzburgerland.com\/de\/spitzenkoch-rudi-obauer\/\",\"url\":\"https:\/\/www.salzburgerland.com\/de\/spitzenkoch-rudi-obauer\/\",\"name\":\"Spitzenkoch Rudi Obauer \u00bb SalzburgerLand.com\",\"isPartOf\":{\"@id\":\"https:\/\/www.salzburgerland.com\/de\/#website\"},\"primaryImageOfPage\":{\"@id\":\"https:\/\/www.salzburgerland.com\/de\/spitzenkoch-rudi-obauer\/#primaryimage\"},\"image\":{\"@id\":\"https:\/\/www.salzburgerland.com\/de\/spitzenkoch-rudi-obauer\/#primaryimage\"},\"thumbnailUrl\":\"https:\/\/www.salzburgerland.com\/de\/wp-content\/uploads\/2024\/03\/wirtsleute.jpeg\",\"datePublished\":\"2024-03-28T15:04:27+00:00\",\"dateModified\":\"2025-03-11T09:24:15+00:00\",\"description\":\"Karl und Rudi Obauer gelten als \u201eK\u00f6che des Jahrzehnts\u201c. Mit ihrem Gourmet Restaurant Obauer in Werfen sind sie unter den \u201eWorld\u00b4s best Restaurants\u201c und auf \u201eLa Liste\u201c gelistet. Ihr Kochhandwerk ist trotz des internationalen Erfolgs bodenst\u00e4ndig und traditionsbewusst und die Lieferanten kommen vorzugsweise aus dem SalzburgerLand.\",\"breadcrumb\":{\"@id\":\"https:\/\/www.salzburgerland.com\/de\/spitzenkoch-rudi-obauer\/#breadcrumb\"},\"inLanguage\":\"de\",\"potentialAction\":[{\"@type\":\"ReadAction\",\"target\":[\"https:\/\/www.salzburgerland.com\/de\/spitzenkoch-rudi-obauer\/\"]}]},{\"@type\":\"ImageObject\",\"inLanguage\":\"de\",\"@id\":\"https:\/\/www.salzburgerland.com\/de\/spitzenkoch-rudi-obauer\/#primaryimage\",\"url\":\"https:\/\/www.salzburgerland.com\/de\/wp-content\/uploads\/2024\/03\/wirtsleute.jpeg\",\"contentUrl\":\"https:\/\/www.salzburgerland.com\/de\/wp-content\/uploads\/2024\/03\/wirtsleute.jpeg\",\"width\":1600,\"height\":1200,\"caption\":\"Rudi Obauer im Lungau\"},{\"@type\":\"BreadcrumbList\",\"@id\":\"https:\/\/www.salzburgerland.com\/de\/spitzenkoch-rudi-obauer\/#breadcrumb\",\"itemListElement\":[{\"@type\":\"ListItem\",\"position\":1,\"name\":\"Hoch die Alm!\",\"item\":\"https:\/\/www.salzburgerland.com\/de\/hoch-die-alm\/\"},{\"@type\":\"ListItem\",\"position\":2,\"name\":\"Spitzenkoch Rudi Obauer\"}]},{\"@type\":\"WebSite\",\"@id\":\"https:\/\/www.salzburgerland.com\/de\/#website\",\"url\":\"https:\/\/www.salzburgerland.com\/de\/\",\"name\":\"SalzburgerLand.com\",\"description\":\"Ihr Urlaub in Salzburg, \u00d6sterreich\",\"publisher\":{\"@id\":\"https:\/\/www.salzburgerland.com\/de\/#organization\"},\"potentialAction\":[{\"@type\":\"SearchAction\",\"target\":{\"@type\":\"EntryPoint\",\"urlTemplate\":\"https:\/\/www.salzburgerland.com\/de\/?s={search_term_string}\"},\"query-input\":{\"@type\":\"PropertyValueSpecification\",\"valueRequired\":true,\"valueName\":\"search_term_string\"}}],\"inLanguage\":\"de\"},{\"@type\":\"Organization\",\"@id\":\"https:\/\/www.salzburgerland.com\/de\/#organization\",\"name\":\"SalzburgerLand Tourismus GmbH\",\"url\":\"https:\/\/www.salzburgerland.com\/de\/\",\"logo\":{\"@type\":\"ImageObject\",\"inLanguage\":\"de\",\"@id\":\"https:\/\/www.salzburgerland.com\/de\/#\/schema\/logo\/image\/\",\"url\":\"https:\/\/www.salzburgerland.com\/de\/wp-content\/uploads\/2017\/01\/salzburgerland-logo.jpg\",\"contentUrl\":\"https:\/\/www.salzburgerland.com\/de\/wp-content\/uploads\/2017\/01\/salzburgerland-logo.jpg\",\"width\":1920,\"height\":827,\"caption\":\"SalzburgerLand Tourismus GmbH\"},\"image\":{\"@id\":\"https:\/\/www.salzburgerland.com\/de\/#\/schema\/logo\/image\/\"},\"sameAs\":[\"https:\/\/www.facebook.com\/salzburgerland\/\",\"https:\/\/x.com\/Salzburgerland\",\"https:\/\/www.instagram.com\/salzburgerland\/\",\"http:\/\/dbpedia.org\/resource\/Salzburg_(state)\",\"http:\/\/wikidata.dbpedia.org\/resource\/Q43325\",\"http:\/\/open.salzburgerland.com\/de\/entity\/salzburgerland\",\"https:\/\/www.youtube.com\/user\/salzburgerland\"]},{\"@type\":\"Person\",\"@id\":\"https:\/\/www.salzburgerland.com\/de\/#\/schema\/person\/81b26b0c77ce3af5cc42e53ecb3dfa12\",\"name\":\"Johanna Trampitsch\",\"image\":{\"@type\":\"ImageObject\",\"inLanguage\":\"de\",\"@id\":\"https:\/\/www.salzburgerland.com\/de\/#\/schema\/person\/image\/\",\"url\":\"https:\/\/secure.gravatar.com\/avatar\/10fb400b7f44283ac63e891f5670677adfd925da99c03267506ba9c39974b04d?s=96&d=mm&r=g\",\"contentUrl\":\"https:\/\/secure.gravatar.com\/avatar\/10fb400b7f44283ac63e891f5670677adfd925da99c03267506ba9c39974b04d?s=96&d=mm&r=g\",\"caption\":\"Johanna Trampitsch\"}}]}<\/script>\n<!-- \/ Yoast SEO Premium plugin. -->","yoast_head_json":{"title":"Spitzenkoch Rudi Obauer \u00bb SalzburgerLand.com","robots":{"index":"index","follow":"follow","max-snippet":"max-snippet:-1","max-image-preview":"max-image-preview:large","max-video-preview":"max-video-preview:-1"},"canonical":"https:\/\/www.salzburgerland.com\/de\/wp-json\/wp\/v2\/posts\/670152","og_locale":"de_DE","og_type":"article","og_title":"Spitzenkoch Rudi Obauer","og_description":"Karl und Rudi Obauer gelten als \u201eK\u00f6che des Jahrzehnts\u201c. Mit ihrem Gourmet Restaurant Obauer in Werfen sind sie unter den \u201eWorld\u00b4s best Restaurants\u201c und auf \u201eLa Liste\u201c gelistet. Ihr Kochhandwerk ist trotz des internationalen Erfolgs bodenst\u00e4ndig und traditionsbewusst und die Lieferanten kommen vorzugsweise aus dem SalzburgerLand.","og_url":"https:\/\/www.salzburgerland.com\/de\/wp-json\/wp\/v2\/posts\/670152","og_site_name":"SalzburgerLand.com","article_publisher":"https:\/\/www.facebook.com\/salzburgerland\/","article_published_time":"2024-03-28T15:04:27+00:00","article_modified_time":"2025-03-11T09:24:15+00:00","og_image":[{"width":1200,"height":675,"url":"https:\/\/www.salzburgerland.com\/de\/wp-content\/uploads\/2024\/03\/wirtsleute-1200x675.jpeg","type":"image\/jpeg"}],"author":"Johanna Trampitsch","twitter_card":"summary_large_image","twitter_creator":"@Salzburgerland","twitter_site":"@Salzburgerland","twitter_misc":{"Verfasst von":"Johanna Trampitsch","Gesch\u00e4tzte Lesezeit":"6\u00a0Minuten"},"schema":{"@context":"https:\/\/schema.org","@graph":[{"@type":"WebPage","@id":"https:\/\/www.salzburgerland.com\/de\/spitzenkoch-rudi-obauer\/","url":"https:\/\/www.salzburgerland.com\/de\/spitzenkoch-rudi-obauer\/","name":"Spitzenkoch Rudi Obauer \u00bb SalzburgerLand.com","isPartOf":{"@id":"https:\/\/www.salzburgerland.com\/de\/#website"},"primaryImageOfPage":{"@id":"https:\/\/www.salzburgerland.com\/de\/spitzenkoch-rudi-obauer\/#primaryimage"},"image":{"@id":"https:\/\/www.salzburgerland.com\/de\/spitzenkoch-rudi-obauer\/#primaryimage"},"thumbnailUrl":"https:\/\/www.salzburgerland.com\/de\/wp-content\/uploads\/2024\/03\/wirtsleute.jpeg","datePublished":"2024-03-28T15:04:27+00:00","dateModified":"2025-03-11T09:24:15+00:00","description":"Karl und Rudi Obauer gelten als \u201eK\u00f6che des Jahrzehnts\u201c. Mit ihrem Gourmet Restaurant Obauer in Werfen sind sie unter den \u201eWorld\u00b4s best Restaurants\u201c und auf \u201eLa Liste\u201c gelistet. Ihr Kochhandwerk ist trotz des internationalen Erfolgs bodenst\u00e4ndig und traditionsbewusst und die Lieferanten kommen vorzugsweise aus dem SalzburgerLand.","breadcrumb":{"@id":"https:\/\/www.salzburgerland.com\/de\/spitzenkoch-rudi-obauer\/#breadcrumb"},"inLanguage":"de","potentialAction":[{"@type":"ReadAction","target":["https:\/\/www.salzburgerland.com\/de\/spitzenkoch-rudi-obauer\/"]}]},{"@type":"ImageObject","inLanguage":"de","@id":"https:\/\/www.salzburgerland.com\/de\/spitzenkoch-rudi-obauer\/#primaryimage","url":"https:\/\/www.salzburgerland.com\/de\/wp-content\/uploads\/2024\/03\/wirtsleute.jpeg","contentUrl":"https:\/\/www.salzburgerland.com\/de\/wp-content\/uploads\/2024\/03\/wirtsleute.jpeg","width":1600,"height":1200,"caption":"Rudi Obauer im Lungau"},{"@type":"BreadcrumbList","@id":"https:\/\/www.salzburgerland.com\/de\/spitzenkoch-rudi-obauer\/#breadcrumb","itemListElement":[{"@type":"ListItem","position":1,"name":"Hoch die Alm!","item":"https:\/\/www.salzburgerland.com\/de\/hoch-die-alm\/"},{"@type":"ListItem","position":2,"name":"Spitzenkoch Rudi Obauer"}]},{"@type":"WebSite","@id":"https:\/\/www.salzburgerland.com\/de\/#website","url":"https:\/\/www.salzburgerland.com\/de\/","name":"SalzburgerLand.com","description":"Ihr Urlaub in Salzburg, \u00d6sterreich","publisher":{"@id":"https:\/\/www.salzburgerland.com\/de\/#organization"},"potentialAction":[{"@type":"SearchAction","target":{"@type":"EntryPoint","urlTemplate":"https:\/\/www.salzburgerland.com\/de\/?s={search_term_string}"},"query-input":{"@type":"PropertyValueSpecification","valueRequired":true,"valueName":"search_term_string"}}],"inLanguage":"de"},{"@type":"Organization","@id":"https:\/\/www.salzburgerland.com\/de\/#organization","name":"SalzburgerLand Tourismus GmbH","url":"https:\/\/www.salzburgerland.com\/de\/","logo":{"@type":"ImageObject","inLanguage":"de","@id":"https:\/\/www.salzburgerland.com\/de\/#\/schema\/logo\/image\/","url":"https:\/\/www.salzburgerland.com\/de\/wp-content\/uploads\/2017\/01\/salzburgerland-logo.jpg","contentUrl":"https:\/\/www.salzburgerland.com\/de\/wp-content\/uploads\/2017\/01\/salzburgerland-logo.jpg","width":1920,"height":827,"caption":"SalzburgerLand Tourismus GmbH"},"image":{"@id":"https:\/\/www.salzburgerland.com\/de\/#\/schema\/logo\/image\/"},"sameAs":["https:\/\/www.facebook.com\/salzburgerland\/","https:\/\/x.com\/Salzburgerland","https:\/\/www.instagram.com\/salzburgerland\/","http:\/\/dbpedia.org\/resource\/Salzburg_(state)","http:\/\/wikidata.dbpedia.org\/resource\/Q43325","http:\/\/open.salzburgerland.com\/de\/entity\/salzburgerland","https:\/\/www.youtube.com\/user\/salzburgerland"]},{"@type":"Person","@id":"https:\/\/www.salzburgerland.com\/de\/#\/schema\/person\/81b26b0c77ce3af5cc42e53ecb3dfa12","name":"Johanna Trampitsch","image":{"@type":"ImageObject","inLanguage":"de","@id":"https:\/\/www.salzburgerland.com\/de\/#\/schema\/person\/image\/","url":"https:\/\/secure.gravatar.com\/avatar\/10fb400b7f44283ac63e891f5670677adfd925da99c03267506ba9c39974b04d?s=96&d=mm&r=g","contentUrl":"https:\/\/secure.gravatar.com\/avatar\/10fb400b7f44283ac63e891f5670677adfd925da99c03267506ba9c39974b04d?s=96&d=mm&r=g","caption":"Johanna Trampitsch"}}]}},"_wl_alt_label":[],"wl:entity_url":"http:\/\/open.salzburgerland.com\/de\/post\/spitzenkoch-rudi-obauer-670152","_links":{"self":[{"href":"https:\/\/www.salzburgerland.com\/de\/wp-json\/wp\/v2\/posts\/670152","targetHints":{"allow":["GET"]}}],"collection":[{"href":"https:\/\/www.salzburgerland.com\/de\/wp-json\/wp\/v2\/posts"}],"about":[{"href":"https:\/\/www.salzburgerland.com\/de\/wp-json\/wp\/v2\/types\/post"}],"author":[{"embeddable":true,"href":"https:\/\/www.salzburgerland.com\/de\/wp-json\/wp\/v2\/users\/138"}],"replies":[{"embeddable":true,"href":"https:\/\/www.salzburgerland.com\/de\/wp-json\/wp\/v2\/comments?post=670152"}],"version-history":[{"count":12,"href":"https:\/\/www.salzburgerland.com\/de\/wp-json\/wp\/v2\/posts\/670152\/revisions"}],"predecessor-version":[{"id":676454,"href":"https:\/\/www.salzburgerland.com\/de\/wp-json\/wp\/v2\/posts\/670152\/revisions\/676454"}],"wp:featuredmedia":[{"embeddable":true,"href":"https:\/\/www.salzburgerland.com\/de\/wp-json\/wp\/v2\/media\/670169"}],"wp:attachment":[{"href":"https:\/\/www.salzburgerland.com\/de\/wp-json\/wp\/v2\/media?parent=670152"}],"wp:term":[{"taxonomy":"category","embeddable":true,"href":"https:\/\/www.salzburgerland.com\/de\/wp-json\/wp\/v2\/categories?post=670152"},{"taxonomy":"post_tag","embeddable":true,"href":"https:\/\/www.salzburgerland.com\/de\/wp-json\/wp\/v2\/tags?post=670152"},{"taxonomy":"wl_entity_type","embeddable":true,"href":"https:\/\/www.salzburgerland.com\/de\/wp-json\/wp\/v2\/wl_entity_type?post=670152"}],"curies":[{"name":"wp","href":"https:\/\/api.w.org\/{rel}","templated":true}]}}