{"id":670120,"date":"2024-03-28T14:13:11","date_gmt":"2024-03-28T13:13:11","guid":{"rendered":"https:\/\/www.salzburgerland.com\/de\/?p=670120"},"modified":"2024-04-09T13:28:59","modified_gmt":"2024-04-09T11:28:59","slug":"berglauf-rund-um-den-seebachsee","status":"publish","type":"post","link":"https:\/\/www.salzburgerland.com\/de\/berglauf-rund-um-den-seebachsee\/","title":{"rendered":"Hans-Peter &#038; Manuel Innerhofer &#8211; Berglauf-Ikonen"},"content":{"rendered":"<p>Die sympathischen Zwillingsbr\u00fcder waren nicht immer Bergl\u00e4ufer. Sie sind eigentlich \u00fcber das Langlaufen und den Biathlon erst zur Leichtathletik und dem Stra\u00dfenlauf gekommen. Sie erinnern sich: \u201eAuch Fu\u00dfball haben wir mit gro\u00dfer Leidenschaft gespielt, aber mit 16 Jahren haben wir beschlossen, uns auf das Laufen zu konzentrieren.\u201c Geboren mitten im <a href=\"https:\/\/www.salzburgerland.com\/de\/nationalpark-hohetauern\/\">Nationalpark Hohe Tauern<\/a> mit \u00fcber <a href=\"https:\/\/www.salzburgerland.com\/de\/magazin\/3-000er-gipfel-im-salzburgerland\/\">30 Dreitausendern<\/a> lag es aber nahe, sich auch im Berglauf zu probieren. Und dort stellten sich f\u00fcr beide Athleten bald gro\u00dfe nationale und internationale Erfolge ein. Heute bestreiten sie nach wie vor Stra\u00dfenl\u00e4ufe \u2013 Hans-Peter ist amtierender Vize-Staatsmeister im 10-km-Stra\u00dfenlauf \u2013 bestreiten aber auch Ultra-Trails, klassische Marathons, Crossl\u00e4ufe, Verticals und Trailrunning-Bewerbe.<\/p>\n<p>Neben ihren Berufen \u2013 Manuel ist Seilbahntechniker, Hans-Peter Forstarbeiter \u2013 finden beide nach der Arbeit noch Zeit f\u00fcr ihre Trainingsl\u00e4ufe in die Berge. Sie meinen: \u201eWir unterst\u00fctzen und pushen uns da gegenseitig \u2013 da ist es echt hilfreich zur Motivation, einen genauso ehrgeizigen Zwillingsbruder zu haben. Und ganz ehrlich, was gibt es Sch\u00f6neres, als bei einem Berglauf diese Aussicht von unseren Hausbergen in der <a href=\"https:\/\/www.salzburgerland.com\/de\/wildkogel-arena\/veranstaltungen\">Wildkogel-Arena<\/a> vor sich zu haben \u2013 das belohnt die Anstrengung.\u201c<\/p>\n<p>Einen Trainingsrun gibt es, der auf der Beliebtheitsskala der Twins ganz oben steht: Hinauf zum Seebachsee. Sie erz\u00e4hlen: \u201eBei dieser Runde k\u00f6nnen wir direkt vor unserer Haust\u00fcr im Markt von <a href=\"https:\/\/www.salzburgerland.com\/de\/neukirchen\/veranstaltungen\">Neukirchen<\/a> losstarten. Dabei geht es durchs Obersulzbachtal hinauf zur Seebachalm und dem Seebachsee auf 1.992 m. Der Karsee unterhalb des Grenzkammes zwischen Obersulzbachtal und <a href=\"https:\/\/www.salzburgerland.com\/de\/magazin\/erst-wild-dann-sanft-wasserreiches-krimmler-achental\/\">Krimmler Achental<\/a> zeigt besonders in den Sommermonaten eine gro\u00dfe Pflanzenvielfalt. Die Strecke bietet abwechslungsreiches Terrain fordert mit steilen Passagen und technisch anspruchsvollen Abschnitten. Belohnt wird man mit beeindruckender Aussicht und dem idyllischen Bergsee. Und gern verbinden wir diesen Trainingslauf mit einer Einkehr bei unserem Onkel auf der Berndelalm.\u201c<\/p>\n\n\t\t\t<div id=\"670120-1\" class=\"gallery gallery-670120 gallery-columns-3 gallery-size-1170_658\" itemscope itemtype=\"http:\/\/schema.org\/ImageGallery\">\n\t\t\t\t<ul class=\"gallery-row gallery-col-3 gallery-clear\">\n\t\t\t\t\t<li class=\"gallery-item col-3\" itemprop=\"associatedMedia\" itemscope itemtype=\"http:\/\/schema.org\/ImageObject\">\n\t\t\t\t\t\t<div class=\"gallery-icon landscape\"><a href=\"https:\/\/www.salzburgerland.com\/de\/wp-content\/uploads\/2024\/03\/innerhofer-bergsee-1602x1067.jpg\" title=\"Innerhofer Bergsee\"><img decoding=\"async\" data-title=\"\" title=\"\" data-caption=\"\" width=\"1170\" height=\"658\" src=\"https:\/\/www.salzburgerland.com\/de\/wp-content\/uploads\/2024\/03\/innerhofer-bergsee-1170x658.jpg\" class=\"attachment-1170_658 size-1170_658\" alt=\"Bergsee Nationalpark Hohe Tauern (vergr\u00f6\u00dferte Ansicht)\" srcset=\"https:\/\/www.salzburgerland.com\/de\/wp-content\/uploads\/2024\/03\/innerhofer-bergsee-1170x658.jpg 1170w, https:\/\/www.salzburgerland.com\/de\/wp-content\/uploads\/2024\/03\/innerhofer-bergsee-1200x675.jpg 1200w\" sizes=\"(max-width: 1170px) 100vw, 1170px\" itemprop=\"thumbnail\"><\/a><\/div>\n\t\t\t\t\t<\/li>\n\t\t\t\t\t<li class=\"gallery-item col-3\" itemprop=\"associatedMedia\" itemscope itemtype=\"http:\/\/schema.org\/ImageObject\">\n\t\t\t\t\t\t<div class=\"gallery-icon landscape\"><a href=\"https:\/\/www.salzburgerland.com\/de\/wp-content\/uploads\/2024\/03\/innerhofer-paar-bach-1601x1067.jpg\" title=\"Innerhofer Paar Bach\"><img decoding=\"async\" data-title=\"DIN\nINNERHOFER\nAUSTRIA, David Innerhofer\" title=\"DIN\nINNERHOFER\nAUSTRIA, David Innerhofer\" data-caption=\"DIN\nINNERHOFER\nAUSTRIA, David Innerhofer\" width=\"1170\" height=\"658\" src=\"https:\/\/www.salzburgerland.com\/de\/wp-content\/uploads\/2024\/03\/innerhofer-paar-bach-1170x658.jpg\" class=\"attachment-1170_658 size-1170_658\" alt=\"Wasserfall im Nationalpark Hohe Tauern (vergr\u00f6\u00dferte Ansicht)\" srcset=\"https:\/\/www.salzburgerland.com\/de\/wp-content\/uploads\/2024\/03\/innerhofer-paar-bach-1170x658.jpg 1170w, https:\/\/www.salzburgerland.com\/de\/wp-content\/uploads\/2024\/03\/innerhofer-paar-bach-1200x675.jpg 1200w\" sizes=\"(max-width: 1170px) 100vw, 1170px\" aria-describedby=\"figcaption-670120-670133\" itemprop=\"thumbnail\"><\/a><\/div>\n\t\t\t\t\t\t<span id=\"figcaption-670120-670133\" class=\"gallery-caption\" itemprop=\"caption\"><span aria-hidden=\"true\">DIN\nINNERHOFER\nAUSTRIA, David Innerhofer<\/span><\/span>\n\t\t\t\t\t<\/li>\n\t\t\t\t\t<li class=\"gallery-item col-3\" itemprop=\"associatedMedia\" itemscope itemtype=\"http:\/\/schema.org\/ImageObject\">\n\t\t\t\t\t\t<div class=\"gallery-icon landscape\"><a href=\"https:\/\/www.salzburgerland.com\/de\/wp-content\/uploads\/2024\/03\/innerhofer-bergsee-mit-holzliege-1602x1067.jpg\" title=\"Innerhofer Bergsee mit Holzliege\"><img decoding=\"async\" data-title=\"\" title=\"\" data-caption=\"\" width=\"1170\" height=\"658\" src=\"https:\/\/www.salzburgerland.com\/de\/wp-content\/uploads\/2024\/03\/innerhofer-bergsee-mit-holzliege-1170x658.jpg\" class=\"attachment-1170_658 size-1170_658\" alt=\"Bergsee im Nationalpark Hohe Tauern mit P\u00e4rchen (vergr\u00f6\u00dferte Ansicht)\" srcset=\"https:\/\/www.salzburgerland.com\/de\/wp-content\/uploads\/2024\/03\/innerhofer-bergsee-mit-holzliege-1170x658.jpg 1170w, https:\/\/www.salzburgerland.com\/de\/wp-content\/uploads\/2024\/03\/innerhofer-bergsee-mit-holzliege-1200x675.jpg 1200w\" sizes=\"(max-width: 1170px) 100vw, 1170px\" itemprop=\"thumbnail\"><\/a><\/div>\n\t\t\t\t\t<\/li>\n\t\t\t\t<\/ul>\n\t\t\t<\/div><!-- .gallery -->\n\n<h3><strong>Durchs Tal der roten Steine<\/strong><\/h3>\n<p>F\u00fcr diese Runde geht es von Neukirchen \u00fcber die Sulzau und den Parkplatz Hoffeldboden \u00fcber eine H\u00e4ngebr\u00fccke auf den Venedigerweg. Blickt man von der H\u00e4ngebr\u00fccke in den Obersulzbach, entdeckt man neben den Forellen auch mit roten Flechten bewachsene Steine \u2013 sie verleihen dem <a href=\"https:\/\/www.salzburgerland.com\/de\/magazin\/venedigerweg-obersulzbachtal\/\">Obersulzbachtal<\/a> auch den Beinamen \u201eDas Tal der roten Steine\u201c. Der Venedigerweg f\u00fchrt mit Informationstafeln \u00fcber die W\u00e4lder, die Almen und den See gespickt sch\u00f6n durch den Wald und vorbei an den rauschenden Wasserf\u00e4llen des Gamsecks und Seebachs. Danach weitet sich das Tal und gibt den Blick auf den Hohen Geiger (3 360 m) frei.<\/p>\n<p>F\u00fcr die Innerhofer-Br\u00fcder geht es im Laufschritt \u00fcber steile Latschenfelder hinauf zur Seebachalm auf 1.992 m, und hinein in die Kernzone des Nationalparks Hohe Tauern. Ein wahrer Kraftplatz, wie sie meinen: \u201eHier oben findet man Ruhe und eine echte Alm-Idylle. \u00dcber 1.000 Schafe weiden hier im Sommer rund um den malerischen See. Ruheb\u00e4nke am Ufer laden zwar zum Rasten ein, doch f\u00fcr unseren Trainingslauf ist Rasten keine Option. Vorbei an der unbewirtschafteten Seebach H\u00fctte, wo die Seebach-Schafhirten ihren Sommer verbringen und immer ein paar Getr\u00e4nke f\u00fcr durstige Wanderer im Brunntrog eingek\u00fchlt haben, kehren wir am Ufer des etwa 14 m tiefen Sees wieder um.\u201c<\/p>\n<p>\u00a0<\/p>\n<img decoding=\"async\" class=\"alignnone size-1170_658 wp-image-670141\" src=\"https:\/\/www.salzburgerland.com\/de\/wp-content\/uploads\/2024\/03\/innerhofer-bergauf-laufend-c-privat-1170x658.jpeg\" alt=\"Innerhofer Zwillinge beim Trailrunning\" width=\"1170\" height=\"658\" srcset=\"https:\/\/www.salzburgerland.com\/de\/wp-content\/uploads\/2024\/03\/innerhofer-bergauf-laufend-c-privat-1170x658.jpeg 1170w, https:\/\/www.salzburgerland.com\/de\/wp-content\/uploads\/2024\/03\/innerhofer-bergauf-laufend-c-privat-1200x675.jpeg 1200w\" sizes=\"(max-width: 1170px) 100vw, 1170px\">\n<p>\u00a0<\/p>\n<h3><strong>Einkehr auf der Berndlalm<\/strong><\/h3>\n<p>Danach geht es f\u00fcr die L\u00e4ufer wieder hinab \u00fcber die \u201eMunau\u201c, einem abwechslungsreichen Lebensraum mit Feuchtwiesen, Murmeltierbauen und Almweiden, und die Poschalm retour zur <a href=\"https:\/\/www.berndlalm.at\/index.php\/de\/\">Berndlalm<\/a> auf 1.514 m im Obersulzbachtal. Die Berndlalm ist ein gem\u00fctlicher Alpengasthof und beliebtes Ziel f\u00fcr Naturliebhaber, Wanderer und Biker. Kinder zieht es gleich in den gro\u00dfen Streichelzoo mit Schafen, Eseln, Hasen und Ziegen. Die Berndlalm ist mit ihrer \u00dcbernachtungsm\u00f6glichkeit aber auch ein guter Ausgangspunkt f\u00fcr Gipfeltouren zum Gro\u00dfvenediger, dem Keeskogel oder die Schlieferspitze.<\/p>\n<p>Nach dem Berglauftraining werden auf der Berndlalm von Hans-Peter und Manuel hier die leeren Energiespeicher aufgef\u00fcllt. Die Br\u00fcder sind sich einig: \u201e<a href=\"https:\/\/www.salzburgerland.com\/de\/magazin\/suse-kostlichkeit-kaiserschmarrn\/\">Kaiserschmarrn<\/a> und Apfelstrudel kommt bei uns auf den Tisch. Das steht auf unserer kulinarischen Hitliste bei dieser H\u00fctteneinkehr ganz oben, denn nach dem Lauf darf es ruhig etwas S\u00fc\u00dfes sein. Nat\u00fcrlich hausgemacht und mit wunderbarem Ausblick hinein ins Obersulzbachtal, auf den Hohen Geiger und die schneebedeckten Gipfel der Hohen Tauern. Etwas gem\u00fctlicher geht es danach den restlichen Weg zur\u00fcck nach Hause.\u201c<\/p>\n\n\t\t\t<div id=\"670120-2\" class=\"gallery gallery-670120 gallery-columns-3 gallery-size-1170_658\" itemscope itemtype=\"http:\/\/schema.org\/ImageGallery\">\n\t\t\t\t<ul class=\"gallery-row gallery-col-3 gallery-clear\">\n\t\t\t\t\t<li class=\"gallery-item col-3\" itemprop=\"associatedMedia\" itemscope itemtype=\"http:\/\/schema.org\/ImageObject\">\n\t\t\t\t\t\t<div class=\"gallery-icon landscape\"><a href=\"https:\/\/www.salzburgerland.com\/de\/wp-content\/uploads\/2024\/03\/innerhofer-stehend-see-c-max-zeus-1339x1067.jpeg\" title=\"Innerhofer stehend See c Max Zeus\"><img decoding=\"async\" data-title=\"\" title=\"\" data-caption=\"\" width=\"1170\" height=\"658\" src=\"https:\/\/www.salzburgerland.com\/de\/wp-content\/uploads\/2024\/03\/innerhofer-stehend-see-c-max-zeus-1170x658.jpeg\" class=\"attachment-1170_658 size-1170_658\" alt=\"Innerhofer Zwillinge beim Trailrunning (vergr\u00f6\u00dferte Ansicht)\" srcset=\"https:\/\/www.salzburgerland.com\/de\/wp-content\/uploads\/2024\/03\/innerhofer-stehend-see-c-max-zeus-1170x658.jpeg 1170w, https:\/\/www.salzburgerland.com\/de\/wp-content\/uploads\/2024\/03\/innerhofer-stehend-see-c-max-zeus-1200x675.jpeg 1200w\" sizes=\"(max-width: 1170px) 100vw, 1170px\" itemprop=\"thumbnail\"><\/a><\/div>\n\t\t\t\t\t<\/li>\n\t\t\t\t\t<li class=\"gallery-item col-3\" itemprop=\"associatedMedia\" itemscope itemtype=\"http:\/\/schema.org\/ImageObject\">\n\t\t\t\t\t\t<div class=\"gallery-icon landscape\"><a href=\"https:\/\/www.salzburgerland.com\/de\/wp-content\/uploads\/2024\/03\/berndlalm-c-berndlalm-1600x1067.jpg\" title=\"Berndlalm (c) Berndlalm\"><img decoding=\"async\" data-title=\"\" title=\"\" data-caption=\"\" width=\"1170\" height=\"658\" src=\"https:\/\/www.salzburgerland.com\/de\/wp-content\/uploads\/2024\/03\/berndlalm-c-berndlalm-1170x658.jpg\" class=\"attachment-1170_658 size-1170_658\" alt=\"Berndlalm (vergr\u00f6\u00dferte Ansicht)\" srcset=\"https:\/\/www.salzburgerland.com\/de\/wp-content\/uploads\/2024\/03\/berndlalm-c-berndlalm-1170x658.jpg 1170w, https:\/\/www.salzburgerland.com\/de\/wp-content\/uploads\/2024\/03\/berndlalm-c-berndlalm-1200x675.jpg 1200w\" sizes=\"(max-width: 1170px) 100vw, 1170px\" itemprop=\"thumbnail\"><\/a><\/div>\n\t\t\t\t\t<\/li>\n\t\t\t\t\t<li class=\"gallery-item col-3\" itemprop=\"associatedMedia\" itemscope itemtype=\"http:\/\/schema.org\/ImageObject\">\n\t\t\t\t\t\t<div class=\"gallery-icon landscape\"><a href=\"https:\/\/www.salzburgerland.com\/de\/wp-content\/uploads\/2024\/03\/innerhofer-laufend-holzsteeg-c-max-zeus-1365x1067.jpeg\" title=\"Innerhofer laufend Holzsteeg c Max Zeus\"><img decoding=\"async\" data-title=\"\" title=\"\" data-caption=\"\" width=\"1170\" height=\"658\" src=\"https:\/\/www.salzburgerland.com\/de\/wp-content\/uploads\/2024\/03\/innerhofer-laufend-holzsteeg-c-max-zeus-1170x658.jpeg\" class=\"attachment-1170_658 size-1170_658\" alt=\"Innerhofer Zwillinge beim Trailrunning (vergr\u00f6\u00dferte Ansicht)\" srcset=\"https:\/\/www.salzburgerland.com\/de\/wp-content\/uploads\/2024\/03\/innerhofer-laufend-holzsteeg-c-max-zeus-1170x658.jpeg 1170w, https:\/\/www.salzburgerland.com\/de\/wp-content\/uploads\/2024\/03\/innerhofer-laufend-holzsteeg-c-max-zeus-1200x675.jpeg 1200w\" sizes=\"(max-width: 1170px) 100vw, 1170px\" itemprop=\"thumbnail\"><\/a><\/div>\n\t\t\t\t\t<\/li>\n\t\t\t\t<\/ul>\n\t\t\t<\/div><!-- .gallery -->\n\n<h3><strong>T\u00e4gliche Almbesuche \u2013 nie allt\u00e4glich<\/strong><\/h3>\n<p>Diese Trainingsrunde schl\u00e4gt mit 20 Kilometern und rund 1.600 H\u00f6henmetern f\u00fcr die Bergl\u00e4ufer zu Buche. Doch auch wenn die beiden fast t\u00e4glich durch ihren Sport in die Berge kommen und ein Wochenpensum schon mal 5.000 H\u00f6henmeter umfasst, werden die Berge f\u00fcr sie nie allt\u00e4glich: \u201eAuch wenn es nach einem harten Arbeitstag manchmal m\u00fchsam ist, noch ein hartes Training anzuh\u00e4ngen und in die Berge zu laufen \u2013 wir kommen viel zufriedener von unserem Berglauf zur\u00fcck.<\/p>\n<p>Es ist ein erhebendes Gef\u00fchl in unserer wundersch\u00f6nen Landschaft \u00fcber Almen und durch W\u00e4lder mit herrlicher Bergkulisse zu laufen. Am sch\u00f6nsten sind diese L\u00e4ufe ganz fr\u00fch am Morgen, wenn oben am Seebachsee die Sonne aufgeht und der Gletscher im ersten Sonnenlicht aufleuchtet. Wenn die Schafe auf den gr\u00fcnen Almb\u00f6den rund um den See friedlich weiden und die Stille nur durch langsam erwachende Insekten durchbrochen wird. Das ist dann nicht nur Training f\u00fcr uns, sondern unser Begriff des Almsommers und uns ein jedes Mal wieder sehr beeindruckend.\u201c<\/p>\n<img decoding=\"async\" class=\"size-1170_658 wp-image-670149 aligncenter\" src=\"https:\/\/www.salzburgerland.com\/de\/wp-content\/uploads\/2024\/03\/innerhofer-bergsee-bildfuellend-1170x658.jpg\" alt=\"T\u00fcrkisblauer Bergsee\" width=\"1170\" height=\"658\" srcset=\"https:\/\/www.salzburgerland.com\/de\/wp-content\/uploads\/2024\/03\/innerhofer-bergsee-bildfuellend-1170x658.jpg 1170w, https:\/\/www.salzburgerland.com\/de\/wp-content\/uploads\/2024\/03\/innerhofer-bergsee-bildfuellend-1200x675.jpg 1200w\" sizes=\"(max-width: 1170px) 100vw, 1170px\">\n<p>\u00a0<\/p>\n","protected":false},"excerpt":{"rendered":"<p>Die sympathischen Zwillingsbr\u00fcder waren nicht immer Bergl\u00e4ufer. Sie sind eigentlich \u00fcber das Langlaufen und den Biathlon erst zur Leichtathletik und dem Stra\u00dfenlauf gekommen. Sie erinnern sich: \u201eAuch Fu\u00dfball haben wir mit gro\u00dfer Leidenschaft gespielt, aber mit 16 Jahren haben wir beschlossen, uns auf das Laufen zu konzentrieren.\u201c Geboren mitten im Nationalpark Hohe Tauern mit \u00fcber [&hellip;]<\/p>\n","protected":false},"author":138,"featured_media":670136,"comment_status":"closed","ping_status":"closed","sticky":false,"template":"","format":"standard","meta":{"_acf_changed":false,"wl_entities_gutenberg":"","_relevanssi_hide_post":"","_relevanssi_hide_content":"","_relevanssi_pin_for_all":"","_relevanssi_pin_keywords":"","_relevanssi_unpin_keywords":"","_relevanssi_related_keywords":"","_relevanssi_related_include_ids":"","_relevanssi_related_exclude_ids":"","_relevanssi_related_no_append":"","_relevanssi_related_not_related":"","_relevanssi_related_posts":"","_relevanssi_noindex_reason":"","footnotes":""},"categories":[1],"tags":[13432,14033,13495,14034,14032],"wl_entity_type":[11495,2],"class_list":["post-670120","post","type-post","status-publish","format-standard","has-post-thumbnail","hentry","category-allgemein","tag-almsommer","tag-innerhofer-zwillinge","tag-nationalpark-hohe-tauern","tag-seebachsee","tag-trailrunning","wl_entity_type-article","wl_entity_type-thing"],"acf":[],"yoast_head":"<!-- This site is optimized with the Yoast SEO Premium plugin v26.9 (Yoast SEO v26.9) - https:\/\/yoast.com\/product\/yoast-seo-premium-wordpress\/ -->\n<title>Hans-Peter &amp; Manuel Innerhofer - Berglauf-Ikonen \u00bb SalzburgerLand.com<\/title>\n<meta name=\"robots\" content=\"index, follow, max-snippet:-1, max-image-preview:large, max-video-preview:-1\" \/>\n<link rel=\"canonical\" href=\"https:\/\/www.salzburgerland.com\/de\/wp-json\/wp\/v2\/posts\/670120\" \/>\n<meta property=\"og:locale\" content=\"de_DE\" \/>\n<meta property=\"og:type\" content=\"article\" \/>\n<meta property=\"og:title\" content=\"Hans-Peter &amp; Manuel Innerhofer - Berglauf-Ikonen\" \/>\n<meta property=\"og:description\" content=\"Hans-Peter und Manuel Innerhofer gelten als die \u201eTurbo-Twins\u201c der heimischen Berglauf-Szene und z\u00e4hlen zu den besten L\u00e4ufern auf den Trails, aber auch auf der Stra\u00dfe, in \u00d6sterreich. F\u00fcr die 29-J\u00e4hrigen aus Neukirchen am Gro\u00dfvenediger sind vor allem die Berge des Nationalparks Hohen Tauern direkt vor ihrer Haust\u00fcr ideales Trainingsgel\u00e4nde.\" \/>\n<meta property=\"og:url\" content=\"https:\/\/www.salzburgerland.com\/de\/wp-json\/wp\/v2\/posts\/670120\" \/>\n<meta property=\"og:site_name\" content=\"SalzburgerLand.com\" \/>\n<meta property=\"article:publisher\" content=\"https:\/\/www.facebook.com\/salzburgerland\/\" \/>\n<meta property=\"article:published_time\" content=\"2024-03-28T13:13:11+00:00\" \/>\n<meta property=\"article:modified_time\" content=\"2024-04-09T11:28:59+00:00\" \/>\n<meta property=\"og:image\" content=\"https:\/\/www.salzburgerland.com\/de\/wp-content\/uploads\/2024\/03\/innerhofer-laufen-c-peter-rieder-1200x675.jpeg\" \/>\n\t<meta property=\"og:image:width\" content=\"1200\" \/>\n\t<meta property=\"og:image:height\" content=\"675\" \/>\n\t<meta property=\"og:image:type\" content=\"image\/jpeg\" \/>\n<meta name=\"author\" content=\"Johanna Trampitsch\" \/>\n<meta name=\"twitter:card\" content=\"summary_large_image\" \/>\n<meta name=\"twitter:creator\" content=\"@Salzburgerland\" \/>\n<meta name=\"twitter:site\" content=\"@Salzburgerland\" \/>\n<meta name=\"twitter:label1\" content=\"Verfasst von\" \/>\n\t<meta name=\"twitter:data1\" content=\"Johanna Trampitsch\" \/>\n\t<meta name=\"twitter:label2\" content=\"Gesch\u00e4tzte Lesezeit\" \/>\n\t<meta name=\"twitter:data2\" content=\"6\u00a0Minuten\" \/>\n<script type=\"application\/ld+json\" class=\"yoast-schema-graph\">{\"@context\":\"https:\/\/schema.org\",\"@graph\":[{\"@type\":\"WebPage\",\"@id\":\"https:\/\/www.salzburgerland.com\/de\/berglauf-rund-um-den-seebachsee\/\",\"url\":\"https:\/\/www.salzburgerland.com\/de\/berglauf-rund-um-den-seebachsee\/\",\"name\":\"Hans-Peter & Manuel Innerhofer - Berglauf-Ikonen \u00bb SalzburgerLand.com\",\"isPartOf\":{\"@id\":\"https:\/\/www.salzburgerland.com\/de\/#website\"},\"primaryImageOfPage\":{\"@id\":\"https:\/\/www.salzburgerland.com\/de\/berglauf-rund-um-den-seebachsee\/#primaryimage\"},\"image\":{\"@id\":\"https:\/\/www.salzburgerland.com\/de\/berglauf-rund-um-den-seebachsee\/#primaryimage\"},\"thumbnailUrl\":\"https:\/\/www.salzburgerland.com\/de\/wp-content\/uploads\/2024\/03\/innerhofer-laufen-c-peter-rieder.jpeg\",\"datePublished\":\"2024-03-28T13:13:11+00:00\",\"dateModified\":\"2024-04-09T11:28:59+00:00\",\"description\":\"Hans-Peter und Manuel Innerhofer gelten als die \u201eTurbo-Twins\u201c der heimischen Berglauf-Szene und z\u00e4hlen zu den besten L\u00e4ufern auf den Trails, aber auch auf der Stra\u00dfe, in \u00d6sterreich. F\u00fcr die 29-J\u00e4hrigen aus Neukirchen am Gro\u00dfvenediger sind vor allem die Berge des Nationalparks Hohen Tauern direkt vor ihrer Haust\u00fcr ideales Trainingsgel\u00e4nde.\",\"breadcrumb\":{\"@id\":\"https:\/\/www.salzburgerland.com\/de\/berglauf-rund-um-den-seebachsee\/#breadcrumb\"},\"inLanguage\":\"de\",\"potentialAction\":[{\"@type\":\"ReadAction\",\"target\":[\"https:\/\/www.salzburgerland.com\/de\/berglauf-rund-um-den-seebachsee\/\"]}]},{\"@type\":\"ImageObject\",\"inLanguage\":\"de\",\"@id\":\"https:\/\/www.salzburgerland.com\/de\/berglauf-rund-um-den-seebachsee\/#primaryimage\",\"url\":\"https:\/\/www.salzburgerland.com\/de\/wp-content\/uploads\/2024\/03\/innerhofer-laufen-c-peter-rieder.jpeg\",\"contentUrl\":\"https:\/\/www.salzburgerland.com\/de\/wp-content\/uploads\/2024\/03\/innerhofer-laufen-c-peter-rieder.jpeg\",\"width\":1920,\"height\":1282,\"caption\":\"Innerhofer Zwillinge beim Trailrunning am Berg\"},{\"@type\":\"BreadcrumbList\",\"@id\":\"https:\/\/www.salzburgerland.com\/de\/berglauf-rund-um-den-seebachsee\/#breadcrumb\",\"itemListElement\":[{\"@type\":\"ListItem\",\"position\":1,\"name\":\"Hoch die Alm!\",\"item\":\"https:\/\/www.salzburgerland.com\/de\/hoch-die-alm\/\"},{\"@type\":\"ListItem\",\"position\":2,\"name\":\"Hans-Peter &#038; Manuel Innerhofer &#8211; Berglauf-Ikonen\"}]},{\"@type\":\"WebSite\",\"@id\":\"https:\/\/www.salzburgerland.com\/de\/#website\",\"url\":\"https:\/\/www.salzburgerland.com\/de\/\",\"name\":\"SalzburgerLand.com\",\"description\":\"Ihr Urlaub in Salzburg, \u00d6sterreich\",\"publisher\":{\"@id\":\"https:\/\/www.salzburgerland.com\/de\/#organization\"},\"potentialAction\":[{\"@type\":\"SearchAction\",\"target\":{\"@type\":\"EntryPoint\",\"urlTemplate\":\"https:\/\/www.salzburgerland.com\/de\/?s={search_term_string}\"},\"query-input\":{\"@type\":\"PropertyValueSpecification\",\"valueRequired\":true,\"valueName\":\"search_term_string\"}}],\"inLanguage\":\"de\"},{\"@type\":\"Organization\",\"@id\":\"https:\/\/www.salzburgerland.com\/de\/#organization\",\"name\":\"SalzburgerLand Tourismus GmbH\",\"url\":\"https:\/\/www.salzburgerland.com\/de\/\",\"logo\":{\"@type\":\"ImageObject\",\"inLanguage\":\"de\",\"@id\":\"https:\/\/www.salzburgerland.com\/de\/#\/schema\/logo\/image\/\",\"url\":\"https:\/\/www.salzburgerland.com\/de\/wp-content\/uploads\/2017\/01\/salzburgerland-logo.jpg\",\"contentUrl\":\"https:\/\/www.salzburgerland.com\/de\/wp-content\/uploads\/2017\/01\/salzburgerland-logo.jpg\",\"width\":1920,\"height\":827,\"caption\":\"SalzburgerLand Tourismus GmbH\"},\"image\":{\"@id\":\"https:\/\/www.salzburgerland.com\/de\/#\/schema\/logo\/image\/\"},\"sameAs\":[\"https:\/\/www.facebook.com\/salzburgerland\/\",\"https:\/\/x.com\/Salzburgerland\",\"https:\/\/www.instagram.com\/salzburgerland\/\",\"http:\/\/dbpedia.org\/resource\/Salzburg_(state)\",\"http:\/\/wikidata.dbpedia.org\/resource\/Q43325\",\"http:\/\/open.salzburgerland.com\/de\/entity\/salzburgerland\",\"https:\/\/www.youtube.com\/user\/salzburgerland\"]},{\"@type\":\"Person\",\"@id\":\"https:\/\/www.salzburgerland.com\/de\/#\/schema\/person\/81b26b0c77ce3af5cc42e53ecb3dfa12\",\"name\":\"Johanna Trampitsch\",\"image\":{\"@type\":\"ImageObject\",\"inLanguage\":\"de\",\"@id\":\"https:\/\/www.salzburgerland.com\/de\/#\/schema\/person\/image\/\",\"url\":\"https:\/\/secure.gravatar.com\/avatar\/10fb400b7f44283ac63e891f5670677adfd925da99c03267506ba9c39974b04d?s=96&d=mm&r=g\",\"contentUrl\":\"https:\/\/secure.gravatar.com\/avatar\/10fb400b7f44283ac63e891f5670677adfd925da99c03267506ba9c39974b04d?s=96&d=mm&r=g\",\"caption\":\"Johanna Trampitsch\"}}]}<\/script>\n<!-- \/ Yoast SEO Premium plugin. -->","yoast_head_json":{"title":"Hans-Peter & Manuel Innerhofer - Berglauf-Ikonen \u00bb SalzburgerLand.com","robots":{"index":"index","follow":"follow","max-snippet":"max-snippet:-1","max-image-preview":"max-image-preview:large","max-video-preview":"max-video-preview:-1"},"canonical":"https:\/\/www.salzburgerland.com\/de\/wp-json\/wp\/v2\/posts\/670120","og_locale":"de_DE","og_type":"article","og_title":"Hans-Peter & Manuel Innerhofer - Berglauf-Ikonen","og_description":"Hans-Peter und Manuel Innerhofer gelten als die \u201eTurbo-Twins\u201c der heimischen Berglauf-Szene und z\u00e4hlen zu den besten L\u00e4ufern auf den Trails, aber auch auf der Stra\u00dfe, in \u00d6sterreich. F\u00fcr die 29-J\u00e4hrigen aus Neukirchen am Gro\u00dfvenediger sind vor allem die Berge des Nationalparks Hohen Tauern direkt vor ihrer Haust\u00fcr ideales Trainingsgel\u00e4nde.","og_url":"https:\/\/www.salzburgerland.com\/de\/wp-json\/wp\/v2\/posts\/670120","og_site_name":"SalzburgerLand.com","article_publisher":"https:\/\/www.facebook.com\/salzburgerland\/","article_published_time":"2024-03-28T13:13:11+00:00","article_modified_time":"2024-04-09T11:28:59+00:00","og_image":[{"width":1200,"height":675,"url":"https:\/\/www.salzburgerland.com\/de\/wp-content\/uploads\/2024\/03\/innerhofer-laufen-c-peter-rieder-1200x675.jpeg","type":"image\/jpeg"}],"author":"Johanna Trampitsch","twitter_card":"summary_large_image","twitter_creator":"@Salzburgerland","twitter_site":"@Salzburgerland","twitter_misc":{"Verfasst von":"Johanna Trampitsch","Gesch\u00e4tzte Lesezeit":"6\u00a0Minuten"},"schema":{"@context":"https:\/\/schema.org","@graph":[{"@type":"WebPage","@id":"https:\/\/www.salzburgerland.com\/de\/berglauf-rund-um-den-seebachsee\/","url":"https:\/\/www.salzburgerland.com\/de\/berglauf-rund-um-den-seebachsee\/","name":"Hans-Peter & Manuel Innerhofer - Berglauf-Ikonen \u00bb SalzburgerLand.com","isPartOf":{"@id":"https:\/\/www.salzburgerland.com\/de\/#website"},"primaryImageOfPage":{"@id":"https:\/\/www.salzburgerland.com\/de\/berglauf-rund-um-den-seebachsee\/#primaryimage"},"image":{"@id":"https:\/\/www.salzburgerland.com\/de\/berglauf-rund-um-den-seebachsee\/#primaryimage"},"thumbnailUrl":"https:\/\/www.salzburgerland.com\/de\/wp-content\/uploads\/2024\/03\/innerhofer-laufen-c-peter-rieder.jpeg","datePublished":"2024-03-28T13:13:11+00:00","dateModified":"2024-04-09T11:28:59+00:00","description":"Hans-Peter und Manuel Innerhofer gelten als die \u201eTurbo-Twins\u201c der heimischen Berglauf-Szene und z\u00e4hlen zu den besten L\u00e4ufern auf den Trails, aber auch auf der Stra\u00dfe, in \u00d6sterreich. F\u00fcr die 29-J\u00e4hrigen aus Neukirchen am Gro\u00dfvenediger sind vor allem die Berge des Nationalparks Hohen Tauern direkt vor ihrer Haust\u00fcr ideales Trainingsgel\u00e4nde.","breadcrumb":{"@id":"https:\/\/www.salzburgerland.com\/de\/berglauf-rund-um-den-seebachsee\/#breadcrumb"},"inLanguage":"de","potentialAction":[{"@type":"ReadAction","target":["https:\/\/www.salzburgerland.com\/de\/berglauf-rund-um-den-seebachsee\/"]}]},{"@type":"ImageObject","inLanguage":"de","@id":"https:\/\/www.salzburgerland.com\/de\/berglauf-rund-um-den-seebachsee\/#primaryimage","url":"https:\/\/www.salzburgerland.com\/de\/wp-content\/uploads\/2024\/03\/innerhofer-laufen-c-peter-rieder.jpeg","contentUrl":"https:\/\/www.salzburgerland.com\/de\/wp-content\/uploads\/2024\/03\/innerhofer-laufen-c-peter-rieder.jpeg","width":1920,"height":1282,"caption":"Innerhofer Zwillinge beim Trailrunning am Berg"},{"@type":"BreadcrumbList","@id":"https:\/\/www.salzburgerland.com\/de\/berglauf-rund-um-den-seebachsee\/#breadcrumb","itemListElement":[{"@type":"ListItem","position":1,"name":"Hoch die Alm!","item":"https:\/\/www.salzburgerland.com\/de\/hoch-die-alm\/"},{"@type":"ListItem","position":2,"name":"Hans-Peter &#038; Manuel Innerhofer &#8211; Berglauf-Ikonen"}]},{"@type":"WebSite","@id":"https:\/\/www.salzburgerland.com\/de\/#website","url":"https:\/\/www.salzburgerland.com\/de\/","name":"SalzburgerLand.com","description":"Ihr Urlaub in Salzburg, \u00d6sterreich","publisher":{"@id":"https:\/\/www.salzburgerland.com\/de\/#organization"},"potentialAction":[{"@type":"SearchAction","target":{"@type":"EntryPoint","urlTemplate":"https:\/\/www.salzburgerland.com\/de\/?s={search_term_string}"},"query-input":{"@type":"PropertyValueSpecification","valueRequired":true,"valueName":"search_term_string"}}],"inLanguage":"de"},{"@type":"Organization","@id":"https:\/\/www.salzburgerland.com\/de\/#organization","name":"SalzburgerLand Tourismus GmbH","url":"https:\/\/www.salzburgerland.com\/de\/","logo":{"@type":"ImageObject","inLanguage":"de","@id":"https:\/\/www.salzburgerland.com\/de\/#\/schema\/logo\/image\/","url":"https:\/\/www.salzburgerland.com\/de\/wp-content\/uploads\/2017\/01\/salzburgerland-logo.jpg","contentUrl":"https:\/\/www.salzburgerland.com\/de\/wp-content\/uploads\/2017\/01\/salzburgerland-logo.jpg","width":1920,"height":827,"caption":"SalzburgerLand Tourismus GmbH"},"image":{"@id":"https:\/\/www.salzburgerland.com\/de\/#\/schema\/logo\/image\/"},"sameAs":["https:\/\/www.facebook.com\/salzburgerland\/","https:\/\/x.com\/Salzburgerland","https:\/\/www.instagram.com\/salzburgerland\/","http:\/\/dbpedia.org\/resource\/Salzburg_(state)","http:\/\/wikidata.dbpedia.org\/resource\/Q43325","http:\/\/open.salzburgerland.com\/de\/entity\/salzburgerland","https:\/\/www.youtube.com\/user\/salzburgerland"]},{"@type":"Person","@id":"https:\/\/www.salzburgerland.com\/de\/#\/schema\/person\/81b26b0c77ce3af5cc42e53ecb3dfa12","name":"Johanna Trampitsch","image":{"@type":"ImageObject","inLanguage":"de","@id":"https:\/\/www.salzburgerland.com\/de\/#\/schema\/person\/image\/","url":"https:\/\/secure.gravatar.com\/avatar\/10fb400b7f44283ac63e891f5670677adfd925da99c03267506ba9c39974b04d?s=96&d=mm&r=g","contentUrl":"https:\/\/secure.gravatar.com\/avatar\/10fb400b7f44283ac63e891f5670677adfd925da99c03267506ba9c39974b04d?s=96&d=mm&r=g","caption":"Johanna Trampitsch"}}]}},"_wl_alt_label":[],"wl:entity_url":"http:\/\/open.salzburgerland.com\/de\/post\/berglauf-rund-um-den-seebachsee-670120","_links":{"self":[{"href":"https:\/\/www.salzburgerland.com\/de\/wp-json\/wp\/v2\/posts\/670120","targetHints":{"allow":["GET"]}}],"collection":[{"href":"https:\/\/www.salzburgerland.com\/de\/wp-json\/wp\/v2\/posts"}],"about":[{"href":"https:\/\/www.salzburgerland.com\/de\/wp-json\/wp\/v2\/types\/post"}],"author":[{"embeddable":true,"href":"https:\/\/www.salzburgerland.com\/de\/wp-json\/wp\/v2\/users\/138"}],"replies":[{"embeddable":true,"href":"https:\/\/www.salzburgerland.com\/de\/wp-json\/wp\/v2\/comments?post=670120"}],"version-history":[{"count":5,"href":"https:\/\/www.salzburgerland.com\/de\/wp-json\/wp\/v2\/posts\/670120\/revisions"}],"predecessor-version":[{"id":670518,"href":"https:\/\/www.salzburgerland.com\/de\/wp-json\/wp\/v2\/posts\/670120\/revisions\/670518"}],"wp:featuredmedia":[{"embeddable":true,"href":"https:\/\/www.salzburgerland.com\/de\/wp-json\/wp\/v2\/media\/670136"}],"wp:attachment":[{"href":"https:\/\/www.salzburgerland.com\/de\/wp-json\/wp\/v2\/media?parent=670120"}],"wp:term":[{"taxonomy":"category","embeddable":true,"href":"https:\/\/www.salzburgerland.com\/de\/wp-json\/wp\/v2\/categories?post=670120"},{"taxonomy":"post_tag","embeddable":true,"href":"https:\/\/www.salzburgerland.com\/de\/wp-json\/wp\/v2\/tags?post=670120"},{"taxonomy":"wl_entity_type","embeddable":true,"href":"https:\/\/www.salzburgerland.com\/de\/wp-json\/wp\/v2\/wl_entity_type?post=670120"}],"curies":[{"name":"wp","href":"https:\/\/api.w.org\/{rel}","templated":true}]}}