{"id":669266,"date":"2024-03-26T15:12:23","date_gmt":"2024-03-26T14:12:23","guid":{"rendered":"https:\/\/www.salzburgerland.com\/de\/?p=669266"},"modified":"2025-08-01T11:26:52","modified_gmt":"2025-08-01T09:26:52","slug":"almsommer-kinderwagen-almen-liste","status":"publish","type":"post","link":"https:\/\/www.salzburgerland.com\/de\/almsommer-kinderwagen-almen-liste\/","title":{"rendered":"Almsommer Kinderwagen-Almen Liste"},"content":{"rendered":"<p>Der Almsommer im SalzburgerLand ist ein <a href=\"https:\/\/www.salzburgerland.com\/de\/familien-auf-der-alm\/\">Erlebnis f\u00fcr gro\u00dfe und kleine Abenteurer<\/a>. Besonders bei Familien mit Kleinkindern sind die speziell ausgewiesenen Kinderwagenalmen ein beliebtes Ziel f\u00fcr Familienausfl\u00fcge in der Natur, bei denen man Ruhe und Erholung in den Bergen genie\u00dfen kann. Auf befestigten und kinderwagenfreundlichen Wanderwegen geht es durch schattige W\u00e4lder ganz bequem hinauf zur Alm, w\u00e4hrend man die wundersch\u00f6ne Natur der Alpenlandschaft und die klare Bergluft genie\u00dfen kann. Viele dieser Kinderwagenalmen sind auch als Kinderalmen ausgewiesen und gehen speziell auf die Bed\u00fcrfnisse der Kinder ein. F\u00fcr die kleinen Abenteurer gibt es auf diesen Almen einiges zu entdecken, wie zum Beispiel Spielger\u00e4te aus Holz, Streichelzoos, <a href=\"https:\/\/www.salzburgerland.com\/de\/magazin\/alles-alm-erlebnisweg-auf-der-gnadenalm\/\" target=\"_blank\" rel=\"noopener\">Themen- oder Erlebniswanderwege<\/a>. W\u00e4hlt aus einer Vielzahl an Kinderwagen-Almen eure Favouriten und erlebt gemeinsam als Familie unvergessliche Almsommer Abenteuer inmitten der atemberaubenden Bergwelt im SalzburgerLand.<\/p>\n","protected":false},"excerpt":{"rendered":"<p>Der Almsommer im SalzburgerLand ist ein Erlebnis f\u00fcr gro\u00dfe und kleine Abenteurer. Besonders bei Familien mit Kleinkindern sind die speziell ausgewiesenen Kinderwagenalmen ein beliebtes Ziel f\u00fcr Familienausfl\u00fcge in der Natur, bei denen man Ruhe und Erholung in den Bergen genie\u00dfen kann. Auf befestigten und kinderwagenfreundlichen Wanderwegen geht es durch schattige W\u00e4lder ganz bequem hinauf zur [&hellip;]<\/p>\n","protected":false},"author":120,"featured_media":237692,"comment_status":"closed","ping_status":"closed","sticky":false,"template":"","format":"standard","meta":{"_acf_changed":false,"wl_entities_gutenberg":"","_relevanssi_hide_post":"","_relevanssi_hide_content":"","_relevanssi_pin_for_all":"","_relevanssi_pin_keywords":"","_relevanssi_unpin_keywords":"","_relevanssi_related_keywords":"","_relevanssi_related_include_ids":"","_relevanssi_related_exclude_ids":"","_relevanssi_related_no_append":"","_relevanssi_related_not_related":"","_relevanssi_related_posts":"","_relevanssi_noindex_reason":"","footnotes":""},"categories":[1],"tags":[],"wl_entity_type":[11495,12780,12908,12998],"class_list":["post-669266","post","type-post","status-publish","format-standard","has-post-thumbnail","hentry","category-allgemein","wl_entity_type-article","wl_entity_type-collection-page","wl_entity_type-faq-page","wl_entity_type-item-list"],"acf":[],"yoast_head":"<!-- This site is optimized with the Yoast SEO Premium plugin v26.9 (Yoast SEO v26.9) - https:\/\/yoast.com\/product\/yoast-seo-premium-wordpress\/ -->\n<title>Almsommer Kinderwagen-Almen Liste \u00bb SalzburgerLand.com<\/title>\n<meta name=\"robots\" content=\"index, follow, max-snippet:-1, max-image-preview:large, max-video-preview:-1\" \/>\n<link rel=\"canonical\" href=\"https:\/\/www.salzburgerland.com\/de\/wp-json\/wp\/v2\/posts\/669266\" \/>\n<meta property=\"og:locale\" content=\"de_DE\" \/>\n<meta property=\"og:type\" content=\"article\" \/>\n<meta property=\"og:title\" content=\"Almsommer Kinderwagen-Almen Liste\" \/>\n<meta property=\"og:description\" content=\"Entdeckt den Almsommer im SalzburgerLand auch mit dem Kinderwagen: Die Kinderwagen-Almen sind mit Kleinkindern \u00fcber die befestigten Wege spielerisch leicht zu erreichen.\" \/>\n<meta property=\"og:url\" content=\"https:\/\/www.salzburgerland.com\/de\/wp-json\/wp\/v2\/posts\/669266\" \/>\n<meta property=\"og:site_name\" content=\"SalzburgerLand.com\" \/>\n<meta property=\"article:publisher\" content=\"https:\/\/www.facebook.com\/salzburgerland\/\" \/>\n<meta property=\"article:published_time\" content=\"2024-03-26T14:12:23+00:00\" \/>\n<meta property=\"article:modified_time\" content=\"2025-08-01T09:26:52+00:00\" \/>\n<meta property=\"og:image\" content=\"https:\/\/www.salzburgerland.com\/de\/wp-content\/uploads\/2016\/08\/wandern-skigebiet_8__dsc8132-1200x675.jpg\" \/>\n\t<meta property=\"og:image:width\" content=\"1200\" \/>\n\t<meta property=\"og:image:height\" content=\"675\" \/>\n\t<meta property=\"og:image:type\" content=\"image\/jpeg\" \/>\n<meta name=\"author\" content=\"Stefanie Zimmerebner\" \/>\n<meta name=\"twitter:card\" content=\"summary_large_image\" \/>\n<meta name=\"twitter:creator\" content=\"@Salzburgerland\" \/>\n<meta name=\"twitter:site\" content=\"@Salzburgerland\" \/>\n<meta name=\"twitter:label1\" content=\"Verfasst von\" \/>\n\t<meta name=\"twitter:data1\" content=\"Stefanie Zimmerebner\" \/>\n\t<meta name=\"twitter:label2\" content=\"Gesch\u00e4tzte Lesezeit\" \/>\n\t<meta name=\"twitter:data2\" content=\"2\u00a0Minuten\" \/>\n<script type=\"application\/ld+json\" class=\"yoast-schema-graph\">{\"@context\":\"https:\/\/schema.org\",\"@graph\":[{\"@type\":\"WebPage\",\"@id\":\"https:\/\/www.salzburgerland.com\/de\/almsommer-kinderwagen-almen-liste\/\",\"url\":\"https:\/\/www.salzburgerland.com\/de\/almsommer-kinderwagen-almen-liste\/\",\"name\":\"Almsommer Kinderwagen-Almen Liste \u00bb SalzburgerLand.com\",\"isPartOf\":{\"@id\":\"https:\/\/www.salzburgerland.com\/de\/#website\"},\"primaryImageOfPage\":{\"@id\":\"https:\/\/www.salzburgerland.com\/de\/almsommer-kinderwagen-almen-liste\/#primaryimage\"},\"image\":{\"@id\":\"https:\/\/www.salzburgerland.com\/de\/almsommer-kinderwagen-almen-liste\/#primaryimage\"},\"thumbnailUrl\":\"https:\/\/www.salzburgerland.com\/de\/wp-content\/uploads\/2016\/08\/wandern-skigebiet_8__dsc8132.jpg\",\"datePublished\":\"2024-03-26T14:12:23+00:00\",\"dateModified\":\"2025-08-01T09:26:52+00:00\",\"description\":\"Entdeckt den Almsommer im SalzburgerLand auch mit dem Kinderwagen: Die Kinderwagen-Almen sind mit Kleinkindern \u00fcber die befestigten Wege spielerisch leicht zu erreichen.\",\"breadcrumb\":{\"@id\":\"https:\/\/www.salzburgerland.com\/de\/almsommer-kinderwagen-almen-liste\/#breadcrumb\"},\"inLanguage\":\"de\",\"potentialAction\":[{\"@type\":\"ReadAction\",\"target\":[\"https:\/\/www.salzburgerland.com\/de\/almsommer-kinderwagen-almen-liste\/\"]}]},{\"@type\":\"ImageObject\",\"inLanguage\":\"de\",\"@id\":\"https:\/\/www.salzburgerland.com\/de\/almsommer-kinderwagen-almen-liste\/#primaryimage\",\"url\":\"https:\/\/www.salzburgerland.com\/de\/wp-content\/uploads\/2016\/08\/wandern-skigebiet_8__dsc8132.jpg\",\"contentUrl\":\"https:\/\/www.salzburgerland.com\/de\/wp-content\/uploads\/2016\/08\/wandern-skigebiet_8__dsc8132.jpg\",\"width\":1920,\"height\":1282,\"caption\":\"Mit dem Kinderwagen auf die Alm (c) www.grossarltal.info\"},{\"@type\":\"BreadcrumbList\",\"@id\":\"https:\/\/www.salzburgerland.com\/de\/almsommer-kinderwagen-almen-liste\/#breadcrumb\",\"itemListElement\":[{\"@type\":\"ListItem\",\"position\":1,\"name\":\"Almsommer\",\"item\":\"https:\/\/www.salzburgerland.com\/de\/almsommer\/\"},{\"@type\":\"ListItem\",\"position\":2,\"name\":\"Almsommer Kinderwagen-Almen Liste\"}]},{\"@type\":\"WebSite\",\"@id\":\"https:\/\/www.salzburgerland.com\/de\/#website\",\"url\":\"https:\/\/www.salzburgerland.com\/de\/\",\"name\":\"SalzburgerLand.com\",\"description\":\"Ihr Urlaub in Salzburg, \u00d6sterreich\",\"publisher\":{\"@id\":\"https:\/\/www.salzburgerland.com\/de\/#organization\"},\"potentialAction\":[{\"@type\":\"SearchAction\",\"target\":{\"@type\":\"EntryPoint\",\"urlTemplate\":\"https:\/\/www.salzburgerland.com\/de\/?s={search_term_string}\"},\"query-input\":{\"@type\":\"PropertyValueSpecification\",\"valueRequired\":true,\"valueName\":\"search_term_string\"}}],\"inLanguage\":\"de\"},{\"@type\":\"Organization\",\"@id\":\"https:\/\/www.salzburgerland.com\/de\/#organization\",\"name\":\"SalzburgerLand Tourismus GmbH\",\"url\":\"https:\/\/www.salzburgerland.com\/de\/\",\"logo\":{\"@type\":\"ImageObject\",\"inLanguage\":\"de\",\"@id\":\"https:\/\/www.salzburgerland.com\/de\/#\/schema\/logo\/image\/\",\"url\":\"https:\/\/www.salzburgerland.com\/de\/wp-content\/uploads\/2017\/01\/salzburgerland-logo.jpg\",\"contentUrl\":\"https:\/\/www.salzburgerland.com\/de\/wp-content\/uploads\/2017\/01\/salzburgerland-logo.jpg\",\"width\":1920,\"height\":827,\"caption\":\"SalzburgerLand Tourismus GmbH\"},\"image\":{\"@id\":\"https:\/\/www.salzburgerland.com\/de\/#\/schema\/logo\/image\/\"},\"sameAs\":[\"https:\/\/www.facebook.com\/salzburgerland\/\",\"https:\/\/x.com\/Salzburgerland\",\"https:\/\/www.instagram.com\/salzburgerland\/\",\"http:\/\/dbpedia.org\/resource\/Salzburg_(state)\",\"http:\/\/wikidata.dbpedia.org\/resource\/Q43325\",\"http:\/\/open.salzburgerland.com\/de\/entity\/salzburgerland\",\"https:\/\/www.youtube.com\/user\/salzburgerland\"]},{\"@type\":\"Person\",\"@id\":\"https:\/\/www.salzburgerland.com\/de\/#\/schema\/person\/cea5ac86a9198f4e8ab99d60ad9838cf\",\"name\":\"Stefanie Zimmerebner\",\"image\":{\"@type\":\"ImageObject\",\"inLanguage\":\"de\",\"@id\":\"https:\/\/www.salzburgerland.com\/de\/#\/schema\/person\/image\/\",\"url\":\"https:\/\/secure.gravatar.com\/avatar\/8c39f6059c10f5a453a4244a3d17ff59367308fa8f5938fcec330d7ef843b684?s=96&d=mm&r=g\",\"contentUrl\":\"https:\/\/secure.gravatar.com\/avatar\/8c39f6059c10f5a453a4244a3d17ff59367308fa8f5938fcec330d7ef843b684?s=96&d=mm&r=g\",\"caption\":\"Stefanie Zimmerebner\"}}]}<\/script>\n<!-- \/ Yoast SEO Premium plugin. -->","yoast_head_json":{"title":"Almsommer Kinderwagen-Almen Liste \u00bb SalzburgerLand.com","robots":{"index":"index","follow":"follow","max-snippet":"max-snippet:-1","max-image-preview":"max-image-preview:large","max-video-preview":"max-video-preview:-1"},"canonical":"https:\/\/www.salzburgerland.com\/de\/wp-json\/wp\/v2\/posts\/669266","og_locale":"de_DE","og_type":"article","og_title":"Almsommer Kinderwagen-Almen Liste","og_description":"Entdeckt den Almsommer im SalzburgerLand auch mit dem Kinderwagen: Die Kinderwagen-Almen sind mit Kleinkindern \u00fcber die befestigten Wege spielerisch leicht zu erreichen.","og_url":"https:\/\/www.salzburgerland.com\/de\/wp-json\/wp\/v2\/posts\/669266","og_site_name":"SalzburgerLand.com","article_publisher":"https:\/\/www.facebook.com\/salzburgerland\/","article_published_time":"2024-03-26T14:12:23+00:00","article_modified_time":"2025-08-01T09:26:52+00:00","og_image":[{"width":1200,"height":675,"url":"https:\/\/www.salzburgerland.com\/de\/wp-content\/uploads\/2016\/08\/wandern-skigebiet_8__dsc8132-1200x675.jpg","type":"image\/jpeg"}],"author":"Stefanie Zimmerebner","twitter_card":"summary_large_image","twitter_creator":"@Salzburgerland","twitter_site":"@Salzburgerland","twitter_misc":{"Verfasst von":"Stefanie Zimmerebner","Gesch\u00e4tzte Lesezeit":"2\u00a0Minuten"},"schema":{"@context":"https:\/\/schema.org","@graph":[{"@type":"WebPage","@id":"https:\/\/www.salzburgerland.com\/de\/almsommer-kinderwagen-almen-liste\/","url":"https:\/\/www.salzburgerland.com\/de\/almsommer-kinderwagen-almen-liste\/","name":"Almsommer Kinderwagen-Almen Liste \u00bb SalzburgerLand.com","isPartOf":{"@id":"https:\/\/www.salzburgerland.com\/de\/#website"},"primaryImageOfPage":{"@id":"https:\/\/www.salzburgerland.com\/de\/almsommer-kinderwagen-almen-liste\/#primaryimage"},"image":{"@id":"https:\/\/www.salzburgerland.com\/de\/almsommer-kinderwagen-almen-liste\/#primaryimage"},"thumbnailUrl":"https:\/\/www.salzburgerland.com\/de\/wp-content\/uploads\/2016\/08\/wandern-skigebiet_8__dsc8132.jpg","datePublished":"2024-03-26T14:12:23+00:00","dateModified":"2025-08-01T09:26:52+00:00","description":"Entdeckt den Almsommer im SalzburgerLand auch mit dem Kinderwagen: Die Kinderwagen-Almen sind mit Kleinkindern \u00fcber die befestigten Wege spielerisch leicht zu erreichen.","breadcrumb":{"@id":"https:\/\/www.salzburgerland.com\/de\/almsommer-kinderwagen-almen-liste\/#breadcrumb"},"inLanguage":"de","potentialAction":[{"@type":"ReadAction","target":["https:\/\/www.salzburgerland.com\/de\/almsommer-kinderwagen-almen-liste\/"]}]},{"@type":"ImageObject","inLanguage":"de","@id":"https:\/\/www.salzburgerland.com\/de\/almsommer-kinderwagen-almen-liste\/#primaryimage","url":"https:\/\/www.salzburgerland.com\/de\/wp-content\/uploads\/2016\/08\/wandern-skigebiet_8__dsc8132.jpg","contentUrl":"https:\/\/www.salzburgerland.com\/de\/wp-content\/uploads\/2016\/08\/wandern-skigebiet_8__dsc8132.jpg","width":1920,"height":1282,"caption":"Mit dem Kinderwagen auf die Alm (c) www.grossarltal.info"},{"@type":"BreadcrumbList","@id":"https:\/\/www.salzburgerland.com\/de\/almsommer-kinderwagen-almen-liste\/#breadcrumb","itemListElement":[{"@type":"ListItem","position":1,"name":"Almsommer","item":"https:\/\/www.salzburgerland.com\/de\/almsommer\/"},{"@type":"ListItem","position":2,"name":"Almsommer Kinderwagen-Almen Liste"}]},{"@type":"WebSite","@id":"https:\/\/www.salzburgerland.com\/de\/#website","url":"https:\/\/www.salzburgerland.com\/de\/","name":"SalzburgerLand.com","description":"Ihr Urlaub in Salzburg, \u00d6sterreich","publisher":{"@id":"https:\/\/www.salzburgerland.com\/de\/#organization"},"potentialAction":[{"@type":"SearchAction","target":{"@type":"EntryPoint","urlTemplate":"https:\/\/www.salzburgerland.com\/de\/?s={search_term_string}"},"query-input":{"@type":"PropertyValueSpecification","valueRequired":true,"valueName":"search_term_string"}}],"inLanguage":"de"},{"@type":"Organization","@id":"https:\/\/www.salzburgerland.com\/de\/#organization","name":"SalzburgerLand Tourismus GmbH","url":"https:\/\/www.salzburgerland.com\/de\/","logo":{"@type":"ImageObject","inLanguage":"de","@id":"https:\/\/www.salzburgerland.com\/de\/#\/schema\/logo\/image\/","url":"https:\/\/www.salzburgerland.com\/de\/wp-content\/uploads\/2017\/01\/salzburgerland-logo.jpg","contentUrl":"https:\/\/www.salzburgerland.com\/de\/wp-content\/uploads\/2017\/01\/salzburgerland-logo.jpg","width":1920,"height":827,"caption":"SalzburgerLand Tourismus GmbH"},"image":{"@id":"https:\/\/www.salzburgerland.com\/de\/#\/schema\/logo\/image\/"},"sameAs":["https:\/\/www.facebook.com\/salzburgerland\/","https:\/\/x.com\/Salzburgerland","https:\/\/www.instagram.com\/salzburgerland\/","http:\/\/dbpedia.org\/resource\/Salzburg_(state)","http:\/\/wikidata.dbpedia.org\/resource\/Q43325","http:\/\/open.salzburgerland.com\/de\/entity\/salzburgerland","https:\/\/www.youtube.com\/user\/salzburgerland"]},{"@type":"Person","@id":"https:\/\/www.salzburgerland.com\/de\/#\/schema\/person\/cea5ac86a9198f4e8ab99d60ad9838cf","name":"Stefanie Zimmerebner","image":{"@type":"ImageObject","inLanguage":"de","@id":"https:\/\/www.salzburgerland.com\/de\/#\/schema\/person\/image\/","url":"https:\/\/secure.gravatar.com\/avatar\/8c39f6059c10f5a453a4244a3d17ff59367308fa8f5938fcec330d7ef843b684?s=96&d=mm&r=g","contentUrl":"https:\/\/secure.gravatar.com\/avatar\/8c39f6059c10f5a453a4244a3d17ff59367308fa8f5938fcec330d7ef843b684?s=96&d=mm&r=g","caption":"Stefanie Zimmerebner"}}]}},"_wl_alt_label":[],"wl:entity_url":"http:\/\/open.salzburgerland.com\/de\/post\/almsommer-kinder-almen-liste","_links":{"self":[{"href":"https:\/\/www.salzburgerland.com\/de\/wp-json\/wp\/v2\/posts\/669266","targetHints":{"allow":["GET"]}}],"collection":[{"href":"https:\/\/www.salzburgerland.com\/de\/wp-json\/wp\/v2\/posts"}],"about":[{"href":"https:\/\/www.salzburgerland.com\/de\/wp-json\/wp\/v2\/types\/post"}],"author":[{"embeddable":true,"href":"https:\/\/www.salzburgerland.com\/de\/wp-json\/wp\/v2\/users\/120"}],"replies":[{"embeddable":true,"href":"https:\/\/www.salzburgerland.com\/de\/wp-json\/wp\/v2\/comments?post=669266"}],"version-history":[{"count":15,"href":"https:\/\/www.salzburgerland.com\/de\/wp-json\/wp\/v2\/posts\/669266\/revisions"}],"predecessor-version":[{"id":678212,"href":"https:\/\/www.salzburgerland.com\/de\/wp-json\/wp\/v2\/posts\/669266\/revisions\/678212"}],"wp:featuredmedia":[{"embeddable":true,"href":"https:\/\/www.salzburgerland.com\/de\/wp-json\/wp\/v2\/media\/237692"}],"wp:attachment":[{"href":"https:\/\/www.salzburgerland.com\/de\/wp-json\/wp\/v2\/media?parent=669266"}],"wp:term":[{"taxonomy":"category","embeddable":true,"href":"https:\/\/www.salzburgerland.com\/de\/wp-json\/wp\/v2\/categories?post=669266"},{"taxonomy":"post_tag","embeddable":true,"href":"https:\/\/www.salzburgerland.com\/de\/wp-json\/wp\/v2\/tags?post=669266"},{"taxonomy":"wl_entity_type","embeddable":true,"href":"https:\/\/www.salzburgerland.com\/de\/wp-json\/wp\/v2\/wl_entity_type?post=669266"}],"curies":[{"name":"wp","href":"https:\/\/api.w.org\/{rel}","templated":true}]}}