{"id":668343,"date":"2024-02-12T09:27:48","date_gmt":"2024-02-12T08:27:48","guid":{"rendered":"https:\/\/www.salzburgerland.com\/de\/?p=668343"},"modified":"2026-04-23T10:49:37","modified_gmt":"2026-04-23T08:49:37","slug":"bin-dann-kurz-mal-weg","status":"publish","type":"post","link":"https:\/\/www.salzburgerland.com\/de\/bin-dann-kurz-mal-weg\/","title":{"rendered":"Bin dann kurz mal weg"},"content":{"rendered":"<div style=\"text-align: left;\"><a style=\"background-color: #69be28; color: #fff; padding: 10px 20px; text-decoration: none; border-radius: 5px; display: inline-block;\" href=\"https:\/\/www.salzburgerland.com\/de\/buchbares-weitwandererlebnis\/\" target=\"_blank\" rel=\"noopener\">ZUR\u00dcCK ZU DEN ANGEBOTEN<\/a><\/div>\n<h2><\/h2>\n<p><strong>Es ist h\u00f6chste Zeit f\u00fcr eine kleine Flucht aus dem Alltag! Denn was gibt es Erholsameres, als sich schnell mal eine kurze Auszeit zu g\u00f6nnen, die Wanderschuhe zu schn\u00fcren und in Richtung Salzburger Almenweg aufzubrechen. <\/strong><\/p>\n<p>Sucht Euch mit diesem praktischen Kurzurlaubspaket einfach zwei Tagesetappen Eurer Wahl aus, alles andere organisiert Euch das Trail Angels Team im Salzburger Almenweg Info- &amp; Buchungscenter. Besonders zeitschonend: Mit dem inkludierten R\u00fccktransport zum Ausgangspunkt k\u00f6nnt Ihr noch am selben Tag die Heimreise wie verwandelt antreten! Aufgeladen mit der Energie des Wanderns durch das Salzburger Almenland, denn es ist wissenschaftlich erwiesen, dass selbst zwei Tage Wandern f\u00fcr Euch schon eine stresshemmende und gesundheitsf\u00f6rdernde Wirkung haben.<\/p>\n<h2>Leistungen, Termine &amp; Preise<\/h2>\n<ul>\n<li>2 \u00dcbernachtungen in qualit\u00e4tsgepr\u00fcften Partnerbetrieben\n<ul>\n<li style=\"list-style-type: none;\">\n<ul>\n<li>Unterbringung nach Wahl: Basic\/Classic<\/li>\n<li>Verpflegung: Fr\u00fchst\u00fcck<\/li>\n<\/ul>\n<\/li>\n<\/ul>\n<\/li>\n<li>2 zusammenh\u00e4ngende ausgew\u00e4hlte Etappen am Salzburger Almenweg<\/li>\n<li>Gep\u00e4ckservice<\/li>\n<li>Shuttle- und R\u00fccktransfer im Rahmen des praktischen Mobilit\u00e4tsservices<\/li>\n<li>Trail Hotline<\/li>\n<li>Erweiterte Reiseunterlagen<\/li>\n<li>Salzburger Almenweg Wanderset (Stirnband, Wanderbrosch\u00fcre &amp; Wandernadel)<\/li>\n<\/ul>\n<p><strong>T\u00e4glich buchbar vom 01. Juni bis zum 30. September 2026<\/strong><\/p>\n<p><strong>ab 204,- Euro<\/strong><\/p>\n<div style=\"text-align: left;\"><a style=\"background-color: #69be28; color: #fff; padding: 10px 20px; text-decoration: none; border-radius: 5px; display: inline-block;\" href=\"https:\/\/www.bookyourtrail.com\/trail\/salzburger-almenweg\/packages\/bin-dann-kurz-mal-weg\" target=\"_blank\" rel=\"noopener\">ZUR BUCHUNG<\/a><\/div>\n<h2><\/h2>\n<p>\u00a0<\/p>\n","protected":false},"excerpt":{"rendered":"<p>ZUR\u00dcCK ZU DEN ANGEBOTEN Es ist h\u00f6chste Zeit f\u00fcr eine kleine Flucht aus dem Alltag! Denn was gibt es Erholsameres, als sich schnell mal eine kurze Auszeit zu g\u00f6nnen, die Wanderschuhe zu schn\u00fcren und in Richtung Salzburger Almenweg aufzubrechen. Sucht Euch mit diesem praktischen Kurzurlaubspaket einfach zwei Tagesetappen Eurer Wahl aus, alles andere organisiert Euch [&hellip;]<\/p>\n","protected":false},"author":111,"featured_media":668310,"comment_status":"closed","ping_status":"closed","sticky":false,"template":"","format":"standard","meta":{"_acf_changed":false,"wl_entities_gutenberg":"","_relevanssi_hide_post":"","_relevanssi_hide_content":"","_relevanssi_pin_for_all":"","_relevanssi_pin_keywords":"","_relevanssi_unpin_keywords":"","_relevanssi_related_keywords":"","_relevanssi_related_include_ids":"","_relevanssi_related_exclude_ids":"","_relevanssi_related_no_append":"","_relevanssi_related_not_related":"","_relevanssi_related_posts":"","_relevanssi_noindex_reason":"","footnotes":""},"categories":[1],"tags":[],"wl_entity_type":[11495],"class_list":["post-668343","post","type-post","status-publish","format-standard","has-post-thumbnail","hentry","category-allgemein","wl_entity_type-article"],"acf":[],"yoast_head":"<!-- This site is optimized with the Yoast SEO Premium plugin v26.9 (Yoast SEO v26.9) - https:\/\/yoast.com\/product\/yoast-seo-premium-wordpress\/ -->\n<title>Bin dann kurz mal weg \u00bb SalzburgerLand.com<\/title>\n<meta name=\"description\" content=\"%%cf_teasertext%% Kleine Auszeit gef\u00e4llig? Kurzurlaubspaket am Salzburger Almenweg buchen.\" \/>\n<meta name=\"robots\" content=\"index, follow, max-snippet:-1, max-image-preview:large, max-video-preview:-1\" \/>\n<link rel=\"canonical\" href=\"https:\/\/www.salzburgerland.com\/de\/wp-json\/wp\/v2\/posts\/668343\" \/>\n<meta property=\"og:locale\" content=\"de_DE\" \/>\n<meta property=\"og:type\" content=\"article\" \/>\n<meta property=\"og:title\" content=\"Bin dann kurz mal weg\" \/>\n<meta property=\"og:description\" content=\"Ihr wollt euch schnell mal eine kurze Auszeit g\u00f6nnen, dem Alltag entfliehen und die Wanderschuhe schn\u00fcren? Jetzt ab 204,- Euro Kleine Auszeit gef\u00e4llig? Kurzurlaubspaket am Salzburger Almenweg buchen.\" \/>\n<meta property=\"og:url\" content=\"https:\/\/www.salzburgerland.com\/de\/wp-json\/wp\/v2\/posts\/668343\" \/>\n<meta property=\"og:site_name\" content=\"SalzburgerLand.com\" \/>\n<meta property=\"article:publisher\" content=\"https:\/\/www.facebook.com\/salzburgerland\/\" \/>\n<meta property=\"article:published_time\" content=\"2024-02-12T08:27:48+00:00\" \/>\n<meta property=\"article:modified_time\" content=\"2026-04-23T08:49:37+00:00\" \/>\n<meta property=\"og:image\" content=\"https:\/\/www.salzburgerland.com\/de\/wp-content\/uploads\/2024\/02\/bergsee_wanderpause_paerchen_hochkoenigtourismusgmbh-1-1200x675.jpg\" \/>\n\t<meta property=\"og:image:width\" content=\"1200\" \/>\n\t<meta property=\"og:image:height\" content=\"675\" \/>\n\t<meta property=\"og:image:type\" content=\"image\/jpeg\" \/>\n<meta name=\"author\" content=\"Hanna Niederf\u00fchr\" \/>\n<meta name=\"twitter:card\" content=\"summary_large_image\" \/>\n<meta name=\"twitter:creator\" content=\"@Salzburgerland\" \/>\n<meta name=\"twitter:site\" content=\"@Salzburgerland\" \/>\n<meta name=\"twitter:label1\" content=\"Verfasst von\" \/>\n\t<meta name=\"twitter:data1\" content=\"Hanna Niederf\u00fchr\" \/>\n\t<meta name=\"twitter:label2\" content=\"Gesch\u00e4tzte Lesezeit\" \/>\n\t<meta name=\"twitter:data2\" content=\"4\u00a0Minuten\" \/>\n<script type=\"application\/ld+json\" class=\"yoast-schema-graph\">{\"@context\":\"https:\/\/schema.org\",\"@graph\":[{\"@type\":\"WebPage\",\"@id\":\"https:\/\/www.salzburgerland.com\/de\/bin-dann-kurz-mal-weg\/\",\"url\":\"https:\/\/www.salzburgerland.com\/de\/bin-dann-kurz-mal-weg\/\",\"name\":\"Bin dann kurz mal weg \u00bb SalzburgerLand.com\",\"isPartOf\":{\"@id\":\"https:\/\/www.salzburgerland.com\/de\/#website\"},\"primaryImageOfPage\":{\"@id\":\"https:\/\/www.salzburgerland.com\/de\/bin-dann-kurz-mal-weg\/#primaryimage\"},\"image\":{\"@id\":\"https:\/\/www.salzburgerland.com\/de\/bin-dann-kurz-mal-weg\/#primaryimage\"},\"thumbnailUrl\":\"https:\/\/www.salzburgerland.com\/de\/wp-content\/uploads\/2024\/02\/bergsee_wanderpause_paerchen_hochkoenigtourismusgmbh-1.jpg\",\"datePublished\":\"2024-02-12T08:27:48+00:00\",\"dateModified\":\"2026-04-23T08:49:37+00:00\",\"description\":\"Ihr wollt euch schnell mal eine kurze Auszeit g\u00f6nnen, dem Alltag entfliehen und die Wanderschuhe schn\u00fcren? Jetzt ab 204,- Euro Kleine Auszeit gef\u00e4llig? Kurzurlaubspaket am Salzburger Almenweg buchen.\",\"breadcrumb\":{\"@id\":\"https:\/\/www.salzburgerland.com\/de\/bin-dann-kurz-mal-weg\/#breadcrumb\"},\"inLanguage\":\"de\",\"potentialAction\":[{\"@type\":\"ReadAction\",\"target\":[\"https:\/\/www.salzburgerland.com\/de\/bin-dann-kurz-mal-weg\/\"]}]},{\"@type\":\"ImageObject\",\"inLanguage\":\"de\",\"@id\":\"https:\/\/www.salzburgerland.com\/de\/bin-dann-kurz-mal-weg\/#primaryimage\",\"url\":\"https:\/\/www.salzburgerland.com\/de\/wp-content\/uploads\/2024\/02\/bergsee_wanderpause_paerchen_hochkoenigtourismusgmbh-1.jpg\",\"contentUrl\":\"https:\/\/www.salzburgerland.com\/de\/wp-content\/uploads\/2024\/02\/bergsee_wanderpause_paerchen_hochkoenigtourismusgmbh-1.jpg\",\"width\":1920,\"height\":1277,\"caption\":\"Hochk\u00f6nig Tourismus\"},{\"@type\":\"BreadcrumbList\",\"@id\":\"https:\/\/www.salzburgerland.com\/de\/bin-dann-kurz-mal-weg\/#breadcrumb\",\"itemListElement\":[{\"@type\":\"ListItem\",\"position\":1,\"name\":\"Buchbares Weitwandererlebnis\",\"item\":\"https:\/\/www.salzburgerland.com\/de\/buchbares-weitwandererlebnis\/\"},{\"@type\":\"ListItem\",\"position\":2,\"name\":\"Bin dann kurz mal weg\"}]},{\"@type\":\"WebSite\",\"@id\":\"https:\/\/www.salzburgerland.com\/de\/#website\",\"url\":\"https:\/\/www.salzburgerland.com\/de\/\",\"name\":\"SalzburgerLand.com\",\"description\":\"Ihr Urlaub in Salzburg, \u00d6sterreich\",\"publisher\":{\"@id\":\"https:\/\/www.salzburgerland.com\/de\/#organization\"},\"potentialAction\":[{\"@type\":\"SearchAction\",\"target\":{\"@type\":\"EntryPoint\",\"urlTemplate\":\"https:\/\/www.salzburgerland.com\/de\/?s={search_term_string}\"},\"query-input\":{\"@type\":\"PropertyValueSpecification\",\"valueRequired\":true,\"valueName\":\"search_term_string\"}}],\"inLanguage\":\"de\"},{\"@type\":\"Organization\",\"@id\":\"https:\/\/www.salzburgerland.com\/de\/#organization\",\"name\":\"SalzburgerLand Tourismus GmbH\",\"url\":\"https:\/\/www.salzburgerland.com\/de\/\",\"logo\":{\"@type\":\"ImageObject\",\"inLanguage\":\"de\",\"@id\":\"https:\/\/www.salzburgerland.com\/de\/#\/schema\/logo\/image\/\",\"url\":\"https:\/\/www.salzburgerland.com\/de\/wp-content\/uploads\/2017\/01\/salzburgerland-logo.jpg\",\"contentUrl\":\"https:\/\/www.salzburgerland.com\/de\/wp-content\/uploads\/2017\/01\/salzburgerland-logo.jpg\",\"width\":1920,\"height\":827,\"caption\":\"SalzburgerLand Tourismus GmbH\"},\"image\":{\"@id\":\"https:\/\/www.salzburgerland.com\/de\/#\/schema\/logo\/image\/\"},\"sameAs\":[\"https:\/\/www.facebook.com\/salzburgerland\/\",\"https:\/\/x.com\/Salzburgerland\",\"https:\/\/www.instagram.com\/salzburgerland\/\",\"http:\/\/dbpedia.org\/resource\/Salzburg_(state)\",\"http:\/\/wikidata.dbpedia.org\/resource\/Q43325\",\"http:\/\/open.salzburgerland.com\/de\/entity\/salzburgerland\",\"https:\/\/www.youtube.com\/user\/salzburgerland\"]},{\"@type\":\"Person\",\"@id\":\"https:\/\/www.salzburgerland.com\/de\/#\/schema\/person\/6c03c1dca5bbe4954bd0f3998924f1aa\",\"name\":\"Hanna Niederf\u00fchr\",\"image\":{\"@type\":\"ImageObject\",\"inLanguage\":\"de\",\"@id\":\"https:\/\/www.salzburgerland.com\/de\/#\/schema\/person\/image\/\",\"url\":\"https:\/\/secure.gravatar.com\/avatar\/467857105353194ee4eabc93d37c8875daf267e64293abb3ac853f24e82b95b8?s=96&d=mm&r=g\",\"contentUrl\":\"https:\/\/secure.gravatar.com\/avatar\/467857105353194ee4eabc93d37c8875daf267e64293abb3ac853f24e82b95b8?s=96&d=mm&r=g\",\"caption\":\"Hanna Niederf\u00fchr\"}}]}<\/script>\n<!-- \/ Yoast SEO Premium plugin. -->","yoast_head_json":{"title":"Bin dann kurz mal weg \u00bb SalzburgerLand.com","description":"%%cf_teasertext%% Kleine Auszeit gef\u00e4llig? Kurzurlaubspaket am Salzburger Almenweg buchen.","robots":{"index":"index","follow":"follow","max-snippet":"max-snippet:-1","max-image-preview":"max-image-preview:large","max-video-preview":"max-video-preview:-1"},"canonical":"https:\/\/www.salzburgerland.com\/de\/wp-json\/wp\/v2\/posts\/668343","og_locale":"de_DE","og_type":"article","og_title":"Bin dann kurz mal weg","og_description":"Ihr wollt euch schnell mal eine kurze Auszeit g\u00f6nnen, dem Alltag entfliehen und die Wanderschuhe schn\u00fcren? Jetzt ab 204,- Euro Kleine Auszeit gef\u00e4llig? Kurzurlaubspaket am Salzburger Almenweg buchen.","og_url":"https:\/\/www.salzburgerland.com\/de\/wp-json\/wp\/v2\/posts\/668343","og_site_name":"SalzburgerLand.com","article_publisher":"https:\/\/www.facebook.com\/salzburgerland\/","article_published_time":"2024-02-12T08:27:48+00:00","article_modified_time":"2026-04-23T08:49:37+00:00","og_image":[{"width":1200,"height":675,"url":"https:\/\/www.salzburgerland.com\/de\/wp-content\/uploads\/2024\/02\/bergsee_wanderpause_paerchen_hochkoenigtourismusgmbh-1-1200x675.jpg","type":"image\/jpeg"}],"author":"Hanna Niederf\u00fchr","twitter_card":"summary_large_image","twitter_creator":"@Salzburgerland","twitter_site":"@Salzburgerland","twitter_misc":{"Verfasst von":"Hanna Niederf\u00fchr","Gesch\u00e4tzte Lesezeit":"4\u00a0Minuten"},"schema":{"@context":"https:\/\/schema.org","@graph":[{"@type":"WebPage","@id":"https:\/\/www.salzburgerland.com\/de\/bin-dann-kurz-mal-weg\/","url":"https:\/\/www.salzburgerland.com\/de\/bin-dann-kurz-mal-weg\/","name":"Bin dann kurz mal weg \u00bb SalzburgerLand.com","isPartOf":{"@id":"https:\/\/www.salzburgerland.com\/de\/#website"},"primaryImageOfPage":{"@id":"https:\/\/www.salzburgerland.com\/de\/bin-dann-kurz-mal-weg\/#primaryimage"},"image":{"@id":"https:\/\/www.salzburgerland.com\/de\/bin-dann-kurz-mal-weg\/#primaryimage"},"thumbnailUrl":"https:\/\/www.salzburgerland.com\/de\/wp-content\/uploads\/2024\/02\/bergsee_wanderpause_paerchen_hochkoenigtourismusgmbh-1.jpg","datePublished":"2024-02-12T08:27:48+00:00","dateModified":"2026-04-23T08:49:37+00:00","description":"Ihr wollt euch schnell mal eine kurze Auszeit g\u00f6nnen, dem Alltag entfliehen und die Wanderschuhe schn\u00fcren? Jetzt ab 204,- Euro Kleine Auszeit gef\u00e4llig? Kurzurlaubspaket am Salzburger Almenweg buchen.","breadcrumb":{"@id":"https:\/\/www.salzburgerland.com\/de\/bin-dann-kurz-mal-weg\/#breadcrumb"},"inLanguage":"de","potentialAction":[{"@type":"ReadAction","target":["https:\/\/www.salzburgerland.com\/de\/bin-dann-kurz-mal-weg\/"]}]},{"@type":"ImageObject","inLanguage":"de","@id":"https:\/\/www.salzburgerland.com\/de\/bin-dann-kurz-mal-weg\/#primaryimage","url":"https:\/\/www.salzburgerland.com\/de\/wp-content\/uploads\/2024\/02\/bergsee_wanderpause_paerchen_hochkoenigtourismusgmbh-1.jpg","contentUrl":"https:\/\/www.salzburgerland.com\/de\/wp-content\/uploads\/2024\/02\/bergsee_wanderpause_paerchen_hochkoenigtourismusgmbh-1.jpg","width":1920,"height":1277,"caption":"Hochk\u00f6nig Tourismus"},{"@type":"BreadcrumbList","@id":"https:\/\/www.salzburgerland.com\/de\/bin-dann-kurz-mal-weg\/#breadcrumb","itemListElement":[{"@type":"ListItem","position":1,"name":"Buchbares Weitwandererlebnis","item":"https:\/\/www.salzburgerland.com\/de\/buchbares-weitwandererlebnis\/"},{"@type":"ListItem","position":2,"name":"Bin dann kurz mal weg"}]},{"@type":"WebSite","@id":"https:\/\/www.salzburgerland.com\/de\/#website","url":"https:\/\/www.salzburgerland.com\/de\/","name":"SalzburgerLand.com","description":"Ihr Urlaub in Salzburg, \u00d6sterreich","publisher":{"@id":"https:\/\/www.salzburgerland.com\/de\/#organization"},"potentialAction":[{"@type":"SearchAction","target":{"@type":"EntryPoint","urlTemplate":"https:\/\/www.salzburgerland.com\/de\/?s={search_term_string}"},"query-input":{"@type":"PropertyValueSpecification","valueRequired":true,"valueName":"search_term_string"}}],"inLanguage":"de"},{"@type":"Organization","@id":"https:\/\/www.salzburgerland.com\/de\/#organization","name":"SalzburgerLand Tourismus GmbH","url":"https:\/\/www.salzburgerland.com\/de\/","logo":{"@type":"ImageObject","inLanguage":"de","@id":"https:\/\/www.salzburgerland.com\/de\/#\/schema\/logo\/image\/","url":"https:\/\/www.salzburgerland.com\/de\/wp-content\/uploads\/2017\/01\/salzburgerland-logo.jpg","contentUrl":"https:\/\/www.salzburgerland.com\/de\/wp-content\/uploads\/2017\/01\/salzburgerland-logo.jpg","width":1920,"height":827,"caption":"SalzburgerLand Tourismus GmbH"},"image":{"@id":"https:\/\/www.salzburgerland.com\/de\/#\/schema\/logo\/image\/"},"sameAs":["https:\/\/www.facebook.com\/salzburgerland\/","https:\/\/x.com\/Salzburgerland","https:\/\/www.instagram.com\/salzburgerland\/","http:\/\/dbpedia.org\/resource\/Salzburg_(state)","http:\/\/wikidata.dbpedia.org\/resource\/Q43325","http:\/\/open.salzburgerland.com\/de\/entity\/salzburgerland","https:\/\/www.youtube.com\/user\/salzburgerland"]},{"@type":"Person","@id":"https:\/\/www.salzburgerland.com\/de\/#\/schema\/person\/6c03c1dca5bbe4954bd0f3998924f1aa","name":"Hanna Niederf\u00fchr","image":{"@type":"ImageObject","inLanguage":"de","@id":"https:\/\/www.salzburgerland.com\/de\/#\/schema\/person\/image\/","url":"https:\/\/secure.gravatar.com\/avatar\/467857105353194ee4eabc93d37c8875daf267e64293abb3ac853f24e82b95b8?s=96&d=mm&r=g","contentUrl":"https:\/\/secure.gravatar.com\/avatar\/467857105353194ee4eabc93d37c8875daf267e64293abb3ac853f24e82b95b8?s=96&d=mm&r=g","caption":"Hanna Niederf\u00fchr"}}]}},"_wl_alt_label":[],"wl:entity_url":"http:\/\/open.salzburgerland.com\/de\/post\/der-erste-schritt-ins-abenteuer-668343","_links":{"self":[{"href":"https:\/\/www.salzburgerland.com\/de\/wp-json\/wp\/v2\/posts\/668343","targetHints":{"allow":["GET"]}}],"collection":[{"href":"https:\/\/www.salzburgerland.com\/de\/wp-json\/wp\/v2\/posts"}],"about":[{"href":"https:\/\/www.salzburgerland.com\/de\/wp-json\/wp\/v2\/types\/post"}],"author":[{"embeddable":true,"href":"https:\/\/www.salzburgerland.com\/de\/wp-json\/wp\/v2\/users\/111"}],"replies":[{"embeddable":true,"href":"https:\/\/www.salzburgerland.com\/de\/wp-json\/wp\/v2\/comments?post=668343"}],"version-history":[{"count":9,"href":"https:\/\/www.salzburgerland.com\/de\/wp-json\/wp\/v2\/posts\/668343\/revisions"}],"predecessor-version":[{"id":682316,"href":"https:\/\/www.salzburgerland.com\/de\/wp-json\/wp\/v2\/posts\/668343\/revisions\/682316"}],"wp:featuredmedia":[{"embeddable":true,"href":"https:\/\/www.salzburgerland.com\/de\/wp-json\/wp\/v2\/media\/668310"}],"wp:attachment":[{"href":"https:\/\/www.salzburgerland.com\/de\/wp-json\/wp\/v2\/media?parent=668343"}],"wp:term":[{"taxonomy":"category","embeddable":true,"href":"https:\/\/www.salzburgerland.com\/de\/wp-json\/wp\/v2\/categories?post=668343"},{"taxonomy":"post_tag","embeddable":true,"href":"https:\/\/www.salzburgerland.com\/de\/wp-json\/wp\/v2\/tags?post=668343"},{"taxonomy":"wl_entity_type","embeddable":true,"href":"https:\/\/www.salzburgerland.com\/de\/wp-json\/wp\/v2\/wl_entity_type?post=668343"}],"curies":[{"name":"wp","href":"https:\/\/api.w.org\/{rel}","templated":true}]}}