{"id":667192,"date":"2023-11-09T14:00:27","date_gmt":"2023-11-09T13:00:27","guid":{"rendered":"https:\/\/www.salzburgerland.com\/de\/?p=667192"},"modified":"2025-06-03T10:18:51","modified_gmt":"2025-06-03T08:18:51","slug":"die-harte_graveltour","status":"publish","type":"post","link":"https:\/\/www.salzburgerland.com\/de\/die-harte_graveltour\/","title":{"rendered":"&#8218;Die Harte&#8216;"},"content":{"rendered":"<p>Auch \u201aDie Harte\u2018 beginnt sanft. Denn die gesamte Route verl\u00e4uft zu gro\u00dfen Teilen wie bei der \u201a<a href=\"https:\/\/www.salzburgerland.com\/de\/die-zarte-graveltour\/\" target=\"_blank\" rel=\"noopener\">zarten Tour<\/a>\u2018, ist jedoch mit der Erweiterung \u00fcber den Salzburger Lungau und K\u00e4rnten gespickt. Au\u00dferdem warten mit dem Zw\u00f6lferhorn (L\u00e4rchenh\u00fctte), den Radst\u00e4dter Tauern (Obertauern), Leogang mit dem Asitz, dem Aschauer Sattel und als H\u00f6hepunkt der Gro\u00dfglockner Hochalpenstra\u00dfe zus\u00e4tzliche Bergetappen und P\u00e4sse. 650 Kilometer und satte 12.700 H\u00f6henmeter kommen so bei der Rundtour zusammen. In allen Gravel-Regionen warten nicht nur tolle Unterk\u00fcnfte und Bike-Hotels, es gibt auch zus\u00e4tzliche Loops und andere Highlights zu entdecken. So kann jeder sein Gravel-Erlebnis selbst gestalten und erweitern.<\/p>\n<h2>\u201aDie Harte\u2018 \u2013 Step by Step durch die Gravel-Regionen<\/h2>\n<p><a href=\"https:\/\/www.komoot.de\/collection\/2402240\/-gravel-bike-tour-durch-salzburgerland-die-harte\" target=\"_blank\" rel=\"noopener\">Hier geht\u2019s zur harten Graveltour auf Komoot<\/a><\/p>\n<h2>Die Stadt Salzburg<\/h2>\n<p>Auch wenn man an allen Orten einsteigen kann, ist die Stadt Salzburg f\u00fcr viele Bikerinnen und Biker der Ausgangspunkt ihrer Tour. Und bereits der erste Abschnitt hat es in sich und fordert einiges an Kondition. Aber keine Sorge, man wird mit herrlichen Ausblicken und tollen Naturerlebnissen mehr als belohnt. Die Fahrt am Radweg entlang der Salzach ist ein erstes Highlight. Vor allem den Blick vom M\u00fcllner Steg auf die eindrucksvolle Kulisse der Altstadt mit der Festung Hohensalzburg darf man sich hier keinesfalls entgehen lassen. Vor allem den Blick vom M\u00fcllner Steg auf die eindrucksvolle Kulisse der Altstadt mit der <a href=\"https:\/\/www.salzburg-burgen.at\/de\/festung-hohensalzburg\/\" target=\"_blank\" rel=\"noopener\">Festung Hohensalzburg<\/a> darf man sich hier keinesfalls entgehen lassen. Und auch der <a href=\"https:\/\/www.salzburger-dom.at\/home\" target=\"_blank\" rel=\"noopener\">Dom<\/a>, das <a href=\"https:\/\/www.stadt-salzburg.at\/mirabellgarten\/\" target=\"_blank\" rel=\"noopener\">Schloss Mirabell und der Mirabellgarten<\/a> befinden sich in unmittelbarer N\u00e4he und laden zu einem Abstecher in die Kultur der Mozartstadt ein.<\/p>\n<p><b><span>Extra Tipp:<\/span><\/b><span> Die Stadt Salzburg ist auch der Heimatort der kleinen, aber feinen Radschmiede <a href=\"https:\/\/pastelbicycles.com\/\" target=\"_blank\" rel=\"noopener\"><b>Pastel Cycles<\/b><\/a>. Seb und Martin, zwei Bike-Enthusiasten aus Salzburg, bauen hier gemeinsam mit ihrem Team das f\u00fcr uns perfekte, individuell zusammengestellte Gravelbike. Und das in nur wenigen Wochen!\u00a0<\/span><\/p>\n<p>Dann geht\u2019s endlich hinaus in die Natur. Wer bereits am Vortag anreist, findet mit dem <a href=\"http:\/\/www.virgil.at\/\" target=\"_blank\" rel=\"noopener\">Hotel St. Virgil<\/a>, dem <a href=\"http:\/\/www.hotel-hohenstauffen.at\/\" target=\"_blank\" rel=\"noopener\">Hotel Hohenstauffen<\/a>, dem <a href=\"http:\/\/www.hotelzurpost.info\/\" target=\"_blank\" rel=\"noopener\">Gr\u00fcnen Hotel zur Post<\/a> und dem <a href=\"http:\/\/www.gosalzburg.com\/\" target=\"_blank\" rel=\"noopener\">Hotel Pension Adlerhof<\/a> die richtige Unterkunft f\u00fcr jedes Budget.<\/p>\n<div id=\"attachment_568668\" style=\"width: 1180px\" class=\"wp-caption alignnone\"><img decoding=\"async\" aria-describedby=\"caption-attachment-568668\" class=\"size-1170_658 wp-image-568668\" src=\"https:\/\/www.salzburgerland.com\/de\/wp-content\/uploads\/2021\/05\/rs3619_200423-slt-covid-mex_7062-lpr1-1170x658.jpg\" alt=\"\" width=\"1170\" height=\"658\" srcset=\"https:\/\/www.salzburgerland.com\/de\/wp-content\/uploads\/2021\/05\/rs3619_200423-slt-covid-mex_7062-lpr1-1170x658.jpg 1170w, https:\/\/www.salzburgerland.com\/de\/wp-content\/uploads\/2021\/05\/rs3619_200423-slt-covid-mex_7062-lpr1-768x432.jpg 768w, https:\/\/www.salzburgerland.com\/de\/wp-content\/uploads\/2021\/05\/rs3619_200423-slt-covid-mex_7062-lpr1-1536x864.jpg 1536w, https:\/\/www.salzburgerland.com\/de\/wp-content\/uploads\/2021\/05\/rs3619_200423-slt-covid-mex_7062-lpr1-150x84.jpg 150w, https:\/\/www.salzburgerland.com\/de\/wp-content\/uploads\/2021\/05\/rs3619_200423-slt-covid-mex_7062-lpr1-1200x675.jpg 1200w, https:\/\/www.salzburgerland.com\/de\/wp-content\/uploads\/2021\/05\/rs3619_200423-slt-covid-mex_7062-lpr1.jpg 1920w\" sizes=\"(max-width: 1170px) 100vw, 1170px\"><p id=\"caption-attachment-568668\" class=\"wp-caption-text\">\u00a9 SalzburgerLand Tourismus, Markus Berger<\/p><\/div>\n<h2>Rennradregion SalzburgerLand-Salzkammergut<\/h2>\n<p>Vorbei an Glasenbach geht\u2019s durch die imposante <a href=\"https:\/\/www.salzkammergut.at\/oesterreich-poi\/detail\/401537\/strubklamm.html\" target=\"_blank\" rel=\"noopener\">Strubklamm<\/a> in \u00f6stlicher Richtung hinein in die Berge und in die <a href=\"https:\/\/www.rennrad-austria.at\/de\" target=\"_blank\" rel=\"noopener\">Rennradregion SalzburgerLand-Salzkammergut<\/a>. Am <a href=\"https:\/\/www.salzburgerland.com\/de\/magazin\/felsenbad-faistenau-badespass-inmitten-der-natur\/\" target=\"_blank\" rel=\"noopener\">Felsenbad bei Faistenau<\/a> sollte man unbedingt einen Break einlegen und die Macht und die Kraft des Wassers an diesem au\u00dfergew\u00f6hnlichen Ort auf sich wirken lassen. Entlang der Alm erreicht man wenig sp\u00e4ter den Hintersee, an dessen Ufer \u00fcber ein herrliches St\u00fcck Schotter auf der Trasse der alten Waldeisenbahn gegravelt wird.<\/p>\n<p>Wer bereits hier die Nacht verbringt, f\u00fcr den empfiehlt sich das Hotel <a href=\"https:\/\/www.hintersee.at\/de\/\" target=\"_blank\" rel=\"noopener\">DAS Hintersee<\/a>. Erfrischungen bekommt man in der Lago Bar am Westufer. Wer einen Abstecher nach Fuschl am See machen m\u00f6chte, der ist im <a href=\"https:\/\/www.hoteljakob.at\" target=\"_blank\" rel=\"noopener\">Rennrad &amp; Triathlon Hotel Jakob<\/a> und im <a href=\"https:\/\/www.seewinkel.com\" target=\"_blank\" rel=\"noopener\">Hotel Seewinkel<\/a> bestens aufgehoben.<\/p>\n<p>Der folgende Abschnitt mit Blick auf den Faistenauer Schafberg ist nicht zuletzt aufgrund der zu bew\u00e4ltigenden H\u00f6henmeter schwei\u00dftreibend. Daf\u00fcr l\u00e4dt an dessen Ende die gem\u00fctliche <a href=\"https:\/\/www.salzkammergut.at\/bergeseen-e-trail\/oesterreich-gastronomie\/detail\/430006572\/hatzenalm.html\" target=\"_blank\" rel=\"noopener\">Hatzenalm<\/a> zur Einkehr ein.<\/p>\n","protected":false},"excerpt":{"rendered":"<p>Auch \u201aDie Harte\u2018 beginnt sanft. Denn die gesamte Route verl\u00e4uft zu gro\u00dfen Teilen wie bei der \u201azarten Tour\u2018, ist jedoch mit der Erweiterung \u00fcber den Salzburger Lungau und K\u00e4rnten gespickt. Au\u00dferdem warten mit dem Zw\u00f6lferhorn (L\u00e4rchenh\u00fctte), den Radst\u00e4dter Tauern (Obertauern), Leogang mit dem Asitz, dem Aschauer Sattel und als H\u00f6hepunkt der Gro\u00dfglockner Hochalpenstra\u00dfe zus\u00e4tzliche Bergetappen [&hellip;]<\/p>\n","protected":false},"author":20,"featured_media":669743,"comment_status":"closed","ping_status":"closed","sticky":false,"template":"","format":"standard","meta":{"_acf_changed":false,"wl_entities_gutenberg":"","_relevanssi_hide_post":"","_relevanssi_hide_content":"","_relevanssi_pin_for_all":"","_relevanssi_pin_keywords":"","_relevanssi_unpin_keywords":"","_relevanssi_related_keywords":"","_relevanssi_related_include_ids":"","_relevanssi_related_exclude_ids":"","_relevanssi_related_no_append":"","_relevanssi_related_not_related":"","_relevanssi_related_posts":"","_relevanssi_noindex_reason":"","footnotes":""},"categories":[1],"tags":[],"wl_entity_type":[11495],"class_list":["post-667192","post","type-post","status-publish","format-standard","has-post-thumbnail","hentry","category-allgemein","wl_entity_type-article"],"acf":[],"yoast_head":"<!-- This site is optimized with the Yoast SEO Premium plugin v26.9 (Yoast SEO v26.9) - https:\/\/yoast.com\/product\/yoast-seo-premium-wordpress\/ -->\n<title>&#039;Die Harte&#039; - Graveltour durch das SalzburgerLand<\/title>\n<meta name=\"description\" content=\"Die harte 10- bis 12-t\u00e4gige Graveltour, die das Land und seine Gravel-Regionen auf v\u00f6llig neue Weise erlebbar macht.\" \/>\n<meta name=\"robots\" content=\"index, follow, max-snippet:-1, max-image-preview:large, max-video-preview:-1\" \/>\n<link rel=\"canonical\" href=\"https:\/\/www.salzburgerland.com\/de\/wp-json\/wp\/v2\/posts\/667192\" \/>\n<meta property=\"og:locale\" content=\"de_DE\" \/>\n<meta property=\"og:type\" content=\"article\" \/>\n<meta property=\"og:title\" content=\"&#039;Die Harte&#039;\" \/>\n<meta property=\"og:description\" content=\"Die harte 10- bis 12-t\u00e4gige Graveltour, die das Land und seine Gravel-Regionen auf v\u00f6llig neue Weise erlebbar macht.\" \/>\n<meta property=\"og:url\" content=\"https:\/\/www.salzburgerland.com\/de\/wp-json\/wp\/v2\/posts\/667192\" \/>\n<meta property=\"og:site_name\" content=\"SalzburgerLand.com\" \/>\n<meta property=\"article:publisher\" content=\"https:\/\/www.facebook.com\/salzburgerland\/\" \/>\n<meta property=\"article:published_time\" content=\"2023-11-09T13:00:27+00:00\" \/>\n<meta property=\"article:modified_time\" content=\"2025-06-03T08:18:51+00:00\" \/>\n<meta property=\"og:image\" content=\"https:\/\/www.salzburgerland.com\/de\/wp-content\/uploads\/2022\/03\/ro85941-e1710943707471-1200x675.jpg\" \/>\n\t<meta property=\"og:image:width\" content=\"1200\" \/>\n\t<meta property=\"og:image:height\" content=\"675\" \/>\n\t<meta property=\"og:image:type\" content=\"image\/jpeg\" \/>\n<meta name=\"author\" content=\"Peter Zeitlhofer\" \/>\n<meta name=\"twitter:card\" content=\"summary_large_image\" \/>\n<meta name=\"twitter:creator\" content=\"@Salzburgerland\" \/>\n<meta name=\"twitter:site\" content=\"@Salzburgerland\" \/>\n<meta name=\"twitter:label1\" content=\"Verfasst von\" \/>\n\t<meta name=\"twitter:data1\" content=\"Peter Zeitlhofer\" \/>\n\t<meta name=\"twitter:label2\" content=\"Gesch\u00e4tzte Lesezeit\" \/>\n\t<meta name=\"twitter:data2\" content=\"14\u00a0Minuten\" \/>\n<script type=\"application\/ld+json\" class=\"yoast-schema-graph\">{\"@context\":\"https:\/\/schema.org\",\"@graph\":[{\"@type\":\"WebPage\",\"@id\":\"https:\/\/www.salzburgerland.com\/de\/die-harte_graveltour\/\",\"url\":\"https:\/\/www.salzburgerland.com\/de\/die-harte_graveltour\/\",\"name\":\"'Die Harte' - Graveltour durch das SalzburgerLand\",\"isPartOf\":{\"@id\":\"https:\/\/www.salzburgerland.com\/de\/#website\"},\"primaryImageOfPage\":{\"@id\":\"https:\/\/www.salzburgerland.com\/de\/die-harte_graveltour\/#primaryimage\"},\"image\":{\"@id\":\"https:\/\/www.salzburgerland.com\/de\/die-harte_graveltour\/#primaryimage\"},\"thumbnailUrl\":\"https:\/\/www.salzburgerland.com\/de\/wp-content\/uploads\/2022\/03\/ro85941.jpg\",\"datePublished\":\"2023-11-09T13:00:27+00:00\",\"dateModified\":\"2025-06-03T08:18:51+00:00\",\"description\":\"Die harte 10- bis 12-t\u00e4gige Graveltour, die das Land und seine Gravel-Regionen auf v\u00f6llig neue Weise erlebbar macht.\",\"breadcrumb\":{\"@id\":\"https:\/\/www.salzburgerland.com\/de\/die-harte_graveltour\/#breadcrumb\"},\"inLanguage\":\"de\",\"potentialAction\":[{\"@type\":\"ReadAction\",\"target\":[\"https:\/\/www.salzburgerland.com\/de\/die-harte_graveltour\/\"]}]},{\"@type\":\"ImageObject\",\"inLanguage\":\"de\",\"@id\":\"https:\/\/www.salzburgerland.com\/de\/die-harte_graveltour\/#primaryimage\",\"url\":\"https:\/\/www.salzburgerland.com\/de\/wp-content\/uploads\/2022\/03\/ro85941.jpg\",\"contentUrl\":\"https:\/\/www.salzburgerland.com\/de\/wp-content\/uploads\/2022\/03\/ro85941.jpg\",\"width\":1920,\"height\":1280,\"caption\":\"Zwei Radfahrer genie\u00dfen das Gravel-Biken auf einer kurvigen Bergstra\u00dfe mit schneebedeckten Gipfeln und klarem Himmel im R\u00fccken.\"},{\"@type\":\"BreadcrumbList\",\"@id\":\"https:\/\/www.salzburgerland.com\/de\/die-harte_graveltour\/#breadcrumb\",\"itemListElement\":[{\"@type\":\"ListItem\",\"position\":1,\"name\":\"Aktiv im Sommer\",\"item\":\"https:\/\/www.salzburgerland.com\/de\/aktiv-im-sommer\/\"},{\"@type\":\"ListItem\",\"position\":2,\"name\":\"&#8218;Die Harte&#8216;\"}]},{\"@type\":\"WebSite\",\"@id\":\"https:\/\/www.salzburgerland.com\/de\/#website\",\"url\":\"https:\/\/www.salzburgerland.com\/de\/\",\"name\":\"SalzburgerLand.com\",\"description\":\"Ihr Urlaub in Salzburg, \u00d6sterreich\",\"publisher\":{\"@id\":\"https:\/\/www.salzburgerland.com\/de\/#organization\"},\"potentialAction\":[{\"@type\":\"SearchAction\",\"target\":{\"@type\":\"EntryPoint\",\"urlTemplate\":\"https:\/\/www.salzburgerland.com\/de\/?s={search_term_string}\"},\"query-input\":{\"@type\":\"PropertyValueSpecification\",\"valueRequired\":true,\"valueName\":\"search_term_string\"}}],\"inLanguage\":\"de\"},{\"@type\":\"Organization\",\"@id\":\"https:\/\/www.salzburgerland.com\/de\/#organization\",\"name\":\"SalzburgerLand Tourismus GmbH\",\"url\":\"https:\/\/www.salzburgerland.com\/de\/\",\"logo\":{\"@type\":\"ImageObject\",\"inLanguage\":\"de\",\"@id\":\"https:\/\/www.salzburgerland.com\/de\/#\/schema\/logo\/image\/\",\"url\":\"https:\/\/www.salzburgerland.com\/de\/wp-content\/uploads\/2017\/01\/salzburgerland-logo.jpg\",\"contentUrl\":\"https:\/\/www.salzburgerland.com\/de\/wp-content\/uploads\/2017\/01\/salzburgerland-logo.jpg\",\"width\":1920,\"height\":827,\"caption\":\"SalzburgerLand Tourismus GmbH\"},\"image\":{\"@id\":\"https:\/\/www.salzburgerland.com\/de\/#\/schema\/logo\/image\/\"},\"sameAs\":[\"https:\/\/www.facebook.com\/salzburgerland\/\",\"https:\/\/x.com\/Salzburgerland\",\"https:\/\/www.instagram.com\/salzburgerland\/\",\"http:\/\/dbpedia.org\/resource\/Salzburg_(state)\",\"http:\/\/wikidata.dbpedia.org\/resource\/Q43325\",\"http:\/\/open.salzburgerland.com\/de\/entity\/salzburgerland\",\"https:\/\/www.youtube.com\/user\/salzburgerland\"]},{\"@type\":\"Person\",\"@id\":\"https:\/\/www.salzburgerland.com\/de\/#\/schema\/person\/7038edb22e07674361dea0cdc20e326b\",\"name\":\"Peter Zeitlhofer\",\"image\":{\"@type\":\"ImageObject\",\"inLanguage\":\"de\",\"@id\":\"https:\/\/www.salzburgerland.com\/de\/#\/schema\/person\/image\/\",\"url\":\"https:\/\/secure.gravatar.com\/avatar\/b76155e60d99c9c41a494c6fbe2eb77dc32a8925e988b28e6ec3009de5322faa?s=96&d=mm&r=g\",\"contentUrl\":\"https:\/\/secure.gravatar.com\/avatar\/b76155e60d99c9c41a494c6fbe2eb77dc32a8925e988b28e6ec3009de5322faa?s=96&d=mm&r=g\",\"caption\":\"Peter Zeitlhofer\"}}]}<\/script>\n<!-- \/ Yoast SEO Premium plugin. -->","yoast_head_json":{"title":"'Die Harte' - Graveltour durch das SalzburgerLand","description":"Die harte 10- bis 12-t\u00e4gige Graveltour, die das Land und seine Gravel-Regionen auf v\u00f6llig neue Weise erlebbar macht.","robots":{"index":"index","follow":"follow","max-snippet":"max-snippet:-1","max-image-preview":"max-image-preview:large","max-video-preview":"max-video-preview:-1"},"canonical":"https:\/\/www.salzburgerland.com\/de\/wp-json\/wp\/v2\/posts\/667192","og_locale":"de_DE","og_type":"article","og_title":"'Die Harte'","og_description":"Die harte 10- bis 12-t\u00e4gige Graveltour, die das Land und seine Gravel-Regionen auf v\u00f6llig neue Weise erlebbar macht.","og_url":"https:\/\/www.salzburgerland.com\/de\/wp-json\/wp\/v2\/posts\/667192","og_site_name":"SalzburgerLand.com","article_publisher":"https:\/\/www.facebook.com\/salzburgerland\/","article_published_time":"2023-11-09T13:00:27+00:00","article_modified_time":"2025-06-03T08:18:51+00:00","og_image":[{"width":1200,"height":675,"url":"https:\/\/www.salzburgerland.com\/de\/wp-content\/uploads\/2022\/03\/ro85941-e1710943707471-1200x675.jpg","type":"image\/jpeg"}],"author":"Peter Zeitlhofer","twitter_card":"summary_large_image","twitter_creator":"@Salzburgerland","twitter_site":"@Salzburgerland","twitter_misc":{"Verfasst von":"Peter Zeitlhofer","Gesch\u00e4tzte Lesezeit":"14\u00a0Minuten"},"schema":{"@context":"https:\/\/schema.org","@graph":[{"@type":"WebPage","@id":"https:\/\/www.salzburgerland.com\/de\/die-harte_graveltour\/","url":"https:\/\/www.salzburgerland.com\/de\/die-harte_graveltour\/","name":"'Die Harte' - Graveltour durch das SalzburgerLand","isPartOf":{"@id":"https:\/\/www.salzburgerland.com\/de\/#website"},"primaryImageOfPage":{"@id":"https:\/\/www.salzburgerland.com\/de\/die-harte_graveltour\/#primaryimage"},"image":{"@id":"https:\/\/www.salzburgerland.com\/de\/die-harte_graveltour\/#primaryimage"},"thumbnailUrl":"https:\/\/www.salzburgerland.com\/de\/wp-content\/uploads\/2022\/03\/ro85941.jpg","datePublished":"2023-11-09T13:00:27+00:00","dateModified":"2025-06-03T08:18:51+00:00","description":"Die harte 10- bis 12-t\u00e4gige Graveltour, die das Land und seine Gravel-Regionen auf v\u00f6llig neue Weise erlebbar macht.","breadcrumb":{"@id":"https:\/\/www.salzburgerland.com\/de\/die-harte_graveltour\/#breadcrumb"},"inLanguage":"de","potentialAction":[{"@type":"ReadAction","target":["https:\/\/www.salzburgerland.com\/de\/die-harte_graveltour\/"]}]},{"@type":"ImageObject","inLanguage":"de","@id":"https:\/\/www.salzburgerland.com\/de\/die-harte_graveltour\/#primaryimage","url":"https:\/\/www.salzburgerland.com\/de\/wp-content\/uploads\/2022\/03\/ro85941.jpg","contentUrl":"https:\/\/www.salzburgerland.com\/de\/wp-content\/uploads\/2022\/03\/ro85941.jpg","width":1920,"height":1280,"caption":"Zwei Radfahrer genie\u00dfen das Gravel-Biken auf einer kurvigen Bergstra\u00dfe mit schneebedeckten Gipfeln und klarem Himmel im R\u00fccken."},{"@type":"BreadcrumbList","@id":"https:\/\/www.salzburgerland.com\/de\/die-harte_graveltour\/#breadcrumb","itemListElement":[{"@type":"ListItem","position":1,"name":"Aktiv im Sommer","item":"https:\/\/www.salzburgerland.com\/de\/aktiv-im-sommer\/"},{"@type":"ListItem","position":2,"name":"&#8218;Die Harte&#8216;"}]},{"@type":"WebSite","@id":"https:\/\/www.salzburgerland.com\/de\/#website","url":"https:\/\/www.salzburgerland.com\/de\/","name":"SalzburgerLand.com","description":"Ihr Urlaub in Salzburg, \u00d6sterreich","publisher":{"@id":"https:\/\/www.salzburgerland.com\/de\/#organization"},"potentialAction":[{"@type":"SearchAction","target":{"@type":"EntryPoint","urlTemplate":"https:\/\/www.salzburgerland.com\/de\/?s={search_term_string}"},"query-input":{"@type":"PropertyValueSpecification","valueRequired":true,"valueName":"search_term_string"}}],"inLanguage":"de"},{"@type":"Organization","@id":"https:\/\/www.salzburgerland.com\/de\/#organization","name":"SalzburgerLand Tourismus GmbH","url":"https:\/\/www.salzburgerland.com\/de\/","logo":{"@type":"ImageObject","inLanguage":"de","@id":"https:\/\/www.salzburgerland.com\/de\/#\/schema\/logo\/image\/","url":"https:\/\/www.salzburgerland.com\/de\/wp-content\/uploads\/2017\/01\/salzburgerland-logo.jpg","contentUrl":"https:\/\/www.salzburgerland.com\/de\/wp-content\/uploads\/2017\/01\/salzburgerland-logo.jpg","width":1920,"height":827,"caption":"SalzburgerLand Tourismus GmbH"},"image":{"@id":"https:\/\/www.salzburgerland.com\/de\/#\/schema\/logo\/image\/"},"sameAs":["https:\/\/www.facebook.com\/salzburgerland\/","https:\/\/x.com\/Salzburgerland","https:\/\/www.instagram.com\/salzburgerland\/","http:\/\/dbpedia.org\/resource\/Salzburg_(state)","http:\/\/wikidata.dbpedia.org\/resource\/Q43325","http:\/\/open.salzburgerland.com\/de\/entity\/salzburgerland","https:\/\/www.youtube.com\/user\/salzburgerland"]},{"@type":"Person","@id":"https:\/\/www.salzburgerland.com\/de\/#\/schema\/person\/7038edb22e07674361dea0cdc20e326b","name":"Peter Zeitlhofer","image":{"@type":"ImageObject","inLanguage":"de","@id":"https:\/\/www.salzburgerland.com\/de\/#\/schema\/person\/image\/","url":"https:\/\/secure.gravatar.com\/avatar\/b76155e60d99c9c41a494c6fbe2eb77dc32a8925e988b28e6ec3009de5322faa?s=96&d=mm&r=g","contentUrl":"https:\/\/secure.gravatar.com\/avatar\/b76155e60d99c9c41a494c6fbe2eb77dc32a8925e988b28e6ec3009de5322faa?s=96&d=mm&r=g","caption":"Peter Zeitlhofer"}}]}},"_wl_alt_label":[],"wl:entity_url":"http:\/\/open.salzburgerland.com\/de\/post\/die-harte-667192","_links":{"self":[{"href":"https:\/\/www.salzburgerland.com\/de\/wp-json\/wp\/v2\/posts\/667192","targetHints":{"allow":["GET"]}}],"collection":[{"href":"https:\/\/www.salzburgerland.com\/de\/wp-json\/wp\/v2\/posts"}],"about":[{"href":"https:\/\/www.salzburgerland.com\/de\/wp-json\/wp\/v2\/types\/post"}],"author":[{"embeddable":true,"href":"https:\/\/www.salzburgerland.com\/de\/wp-json\/wp\/v2\/users\/20"}],"replies":[{"embeddable":true,"href":"https:\/\/www.salzburgerland.com\/de\/wp-json\/wp\/v2\/comments?post=667192"}],"version-history":[{"count":13,"href":"https:\/\/www.salzburgerland.com\/de\/wp-json\/wp\/v2\/posts\/667192\/revisions"}],"predecessor-version":[{"id":677688,"href":"https:\/\/www.salzburgerland.com\/de\/wp-json\/wp\/v2\/posts\/667192\/revisions\/677688"}],"wp:featuredmedia":[{"embeddable":true,"href":"https:\/\/www.salzburgerland.com\/de\/wp-json\/wp\/v2\/media\/669743"}],"wp:attachment":[{"href":"https:\/\/www.salzburgerland.com\/de\/wp-json\/wp\/v2\/media?parent=667192"}],"wp:term":[{"taxonomy":"category","embeddable":true,"href":"https:\/\/www.salzburgerland.com\/de\/wp-json\/wp\/v2\/categories?post=667192"},{"taxonomy":"post_tag","embeddable":true,"href":"https:\/\/www.salzburgerland.com\/de\/wp-json\/wp\/v2\/tags?post=667192"},{"taxonomy":"wl_entity_type","embeddable":true,"href":"https:\/\/www.salzburgerland.com\/de\/wp-json\/wp\/v2\/wl_entity_type?post=667192"}],"curies":[{"name":"wp","href":"https:\/\/api.w.org\/{rel}","templated":true}]}}