{"id":665570,"date":"2023-10-02T16:29:08","date_gmt":"2023-10-02T14:29:08","guid":{"rendered":"https:\/\/www.salzburgerland.com\/de\/?p=665570"},"modified":"2023-10-20T14:59:12","modified_gmt":"2023-10-20T12:59:12","slug":"podcast-5-gasteiner-heilstollen","status":"publish","type":"post","link":"https:\/\/www.salzburgerland.com\/de\/podcast-5-gasteiner-heilstollen\/","title":{"rendered":"Podcast 5: Gasteiner Heilstollen"},"content":{"rendered":"\n<script class=\"podigee-podcast-player\" src=\"https:\/\/player.podigee-cdn.net\/podcast-player\/javascripts\/podigee-podcast-player.js\" data-configuration=\"https:\/\/salzburger-land.podigee.io\/5-gasteiner-heilstollen\/embed?context=external&amp;token=ryastHPMYq8o7moN4299kA\"><\/script>\n\n\n\n<p><span>Wir laufen aber nicht nur auf den Berg, sondern fahren auch tief hinein: Die einzigartige Kombination aus Radon, W\u00e4rme und Luftfeuchtigkeit im <a href=\"https:\/\/www.salzburgerland.com\/de\/gasteiner-heilstollen\/\" target=\"_blank\" rel=\"noopener\"><u>Gasteiner Heilstollen<\/u><\/a> f\u00fchren nicht nur uns, sondern j\u00e4hrlich \u00fcber 14.000 Menschen, die an Rheuma, Asthma oder Neurodermitis leiden, \u00fcber zwei Kilometer in den Berg hinein, um ihre Beschwerden zu lindern.<\/span><\/p>\n\n\n\n<p>Hier geht\u2019s zur gesamten Podcast-Reihe mit weiteren Folgen: <a href=\"https:\/\/www.salzburgerland.com\/de\/podcast-kraft-der-natur\/\" target=\"_blank\" rel=\"noreferrer noopener\">Podcast &gt;&gt;Kraft der Natur&lt;&lt;<\/a><\/p>\n","protected":false},"excerpt":{"rendered":"<p>Wir laufen aber nicht nur auf den Berg, sondern fahren auch tief hinein: Die einzigartige Kombination aus Radon, W\u00e4rme und Luftfeuchtigkeit im Gasteiner Heilstollen f\u00fchren nicht nur uns, sondern j\u00e4hrlich \u00fcber 14.000 Menschen, die an Rheuma, Asthma oder Neurodermitis leiden, \u00fcber zwei Kilometer in den Berg hinein, um ihre Beschwerden zu lindern. Hier geht\u2019s zur [&hellip;]<\/p>\n","protected":false},"author":42,"featured_media":477427,"comment_status":"closed","ping_status":"closed","sticky":false,"template":"","format":"standard","meta":{"_acf_changed":false,"wl_entities_gutenberg":"","_relevanssi_hide_post":"","_relevanssi_hide_content":"","_relevanssi_pin_for_all":"","_relevanssi_pin_keywords":"","_relevanssi_unpin_keywords":"","_relevanssi_related_keywords":"","_relevanssi_related_include_ids":"","_relevanssi_related_exclude_ids":"","_relevanssi_related_no_append":"","_relevanssi_related_not_related":"","_relevanssi_related_posts":"156438,665527,616999,114409,115025,263915","_relevanssi_noindex_reason":"","footnotes":""},"categories":[1],"tags":[13490],"wl_entity_type":[11495],"class_list":["post-665570","post","type-post","status-publish","format-standard","has-post-thumbnail","hentry","category-allgemein","tag-gesundheit","wl_entity_type-article"],"acf":[],"yoast_head":"<!-- This site is optimized with the Yoast SEO Premium plugin v26.9 (Yoast SEO v26.9) - https:\/\/yoast.com\/product\/yoast-seo-premium-wordpress\/ -->\n<title>Podcast 5: Gasteiner Heilstollen \u00bb SalzburgerLand.com<\/title>\n<meta name=\"robots\" content=\"index, follow, max-snippet:-1, max-image-preview:large, max-video-preview:-1\" \/>\n<link rel=\"canonical\" href=\"https:\/\/www.salzburgerland.com\/de\/wp-json\/wp\/v2\/posts\/665570\" \/>\n<meta property=\"og:locale\" content=\"de_DE\" \/>\n<meta property=\"og:type\" content=\"article\" \/>\n<meta property=\"og:title\" content=\"Podcast 5: Gasteiner Heilstollen\" \/>\n<meta property=\"og:description\" content=\"Die einzigartige Kombination aus Radon, W\u00e4rme und Luftfeuchtigkeit im Gasteiner Heilstollen f\u00fchren nicht nur uns, sondern j\u00e4hrlich \u00fcber 14.000 Menschen, die an Rheuma, Asthma oder Neurodermitis leiden, tief in den Berg hinein, um ihre Beschwerden zu lindern.\" \/>\n<meta property=\"og:url\" content=\"https:\/\/www.salzburgerland.com\/de\/wp-json\/wp\/v2\/posts\/665570\" \/>\n<meta property=\"og:site_name\" content=\"SalzburgerLand.com\" \/>\n<meta property=\"article:publisher\" content=\"https:\/\/www.facebook.com\/salzburgerland\/\" \/>\n<meta property=\"article:published_time\" content=\"2023-10-02T14:29:08+00:00\" \/>\n<meta property=\"article:modified_time\" content=\"2023-10-20T12:59:12+00:00\" \/>\n<meta property=\"og:image\" content=\"https:\/\/www.salzburgerland.com\/de\/wp-content\/uploads\/2020\/07\/heilstollen-gastein-c-gasteinertal-tourismusgmbh-marktl-photography-10-1200x675.jpg\" \/>\n\t<meta property=\"og:image:width\" content=\"1200\" \/>\n\t<meta property=\"og:image:height\" content=\"675\" \/>\n\t<meta property=\"og:image:type\" content=\"image\/jpeg\" \/>\n<meta name=\"author\" content=\"Daniela Koidl\" \/>\n<meta name=\"twitter:card\" content=\"summary_large_image\" \/>\n<meta name=\"twitter:creator\" content=\"@Salzburgerland\" \/>\n<meta name=\"twitter:site\" content=\"@Salzburgerland\" \/>\n<meta name=\"twitter:label1\" content=\"Verfasst von\" \/>\n\t<meta name=\"twitter:data1\" content=\"Daniela Koidl\" \/>\n\t<meta name=\"twitter:label2\" content=\"Gesch\u00e4tzte Lesezeit\" \/>\n\t<meta name=\"twitter:data2\" content=\"1\u00a0Minute\" \/>\n<script type=\"application\/ld+json\" class=\"yoast-schema-graph\">{\"@context\":\"https:\/\/schema.org\",\"@graph\":[{\"@type\":\"WebPage\",\"@id\":\"https:\/\/www.salzburgerland.com\/de\/podcast-5-gasteiner-heilstollen\/\",\"url\":\"https:\/\/www.salzburgerland.com\/de\/podcast-5-gasteiner-heilstollen\/\",\"name\":\"Podcast 5: Gasteiner Heilstollen \u00bb SalzburgerLand.com\",\"isPartOf\":{\"@id\":\"https:\/\/www.salzburgerland.com\/de\/#website\"},\"primaryImageOfPage\":{\"@id\":\"https:\/\/www.salzburgerland.com\/de\/podcast-5-gasteiner-heilstollen\/#primaryimage\"},\"image\":{\"@id\":\"https:\/\/www.salzburgerland.com\/de\/podcast-5-gasteiner-heilstollen\/#primaryimage\"},\"thumbnailUrl\":\"https:\/\/www.salzburgerland.com\/de\/wp-content\/uploads\/2020\/07\/heilstollen-gastein-c-gasteinertal-tourismusgmbh-marktl-photography-10.jpg\",\"datePublished\":\"2023-10-02T14:29:08+00:00\",\"dateModified\":\"2023-10-20T12:59:12+00:00\",\"description\":\"Die einzigartige Kombination aus Radon, W\u00e4rme und Luftfeuchtigkeit im Gasteiner Heilstollen f\u00fchren nicht nur uns, sondern j\u00e4hrlich \u00fcber 14.000 Menschen, die an Rheuma, Asthma oder Neurodermitis leiden, tief in den Berg hinein, um ihre Beschwerden zu lindern.\",\"breadcrumb\":{\"@id\":\"https:\/\/www.salzburgerland.com\/de\/podcast-5-gasteiner-heilstollen\/#breadcrumb\"},\"inLanguage\":\"de\",\"potentialAction\":[{\"@type\":\"ReadAction\",\"target\":[\"https:\/\/www.salzburgerland.com\/de\/podcast-5-gasteiner-heilstollen\/\"]}]},{\"@type\":\"ImageObject\",\"inLanguage\":\"de\",\"@id\":\"https:\/\/www.salzburgerland.com\/de\/podcast-5-gasteiner-heilstollen\/#primaryimage\",\"url\":\"https:\/\/www.salzburgerland.com\/de\/wp-content\/uploads\/2020\/07\/heilstollen-gastein-c-gasteinertal-tourismusgmbh-marktl-photography-10.jpg\",\"contentUrl\":\"https:\/\/www.salzburgerland.com\/de\/wp-content\/uploads\/2020\/07\/heilstollen-gastein-c-gasteinertal-tourismusgmbh-marktl-photography-10.jpg\",\"width\":1920,\"height\":1280,\"caption\":\"(c) Gasteinertal TourismusgmbH, Manuel Marktl\/Marktl Photography, Gasteiner Heilstollen, Linderung bei R\u00fcckenschmerzen\"},{\"@type\":\"BreadcrumbList\",\"@id\":\"https:\/\/www.salzburgerland.com\/de\/podcast-5-gasteiner-heilstollen\/#breadcrumb\",\"itemListElement\":[{\"@type\":\"ListItem\",\"position\":1,\"name\":\"Alpine Gesundheitsregion\",\"item\":\"https:\/\/www.salzburgerland.com\/de\/alpine-gesundheitsregion\/\"},{\"@type\":\"ListItem\",\"position\":2,\"name\":\"Podcast 5: Gasteiner Heilstollen\"}]},{\"@type\":\"WebSite\",\"@id\":\"https:\/\/www.salzburgerland.com\/de\/#website\",\"url\":\"https:\/\/www.salzburgerland.com\/de\/\",\"name\":\"SalzburgerLand.com\",\"description\":\"Ihr Urlaub in Salzburg, \u00d6sterreich\",\"publisher\":{\"@id\":\"https:\/\/www.salzburgerland.com\/de\/#organization\"},\"potentialAction\":[{\"@type\":\"SearchAction\",\"target\":{\"@type\":\"EntryPoint\",\"urlTemplate\":\"https:\/\/www.salzburgerland.com\/de\/?s={search_term_string}\"},\"query-input\":{\"@type\":\"PropertyValueSpecification\",\"valueRequired\":true,\"valueName\":\"search_term_string\"}}],\"inLanguage\":\"de\"},{\"@type\":\"Organization\",\"@id\":\"https:\/\/www.salzburgerland.com\/de\/#organization\",\"name\":\"SalzburgerLand Tourismus GmbH\",\"url\":\"https:\/\/www.salzburgerland.com\/de\/\",\"logo\":{\"@type\":\"ImageObject\",\"inLanguage\":\"de\",\"@id\":\"https:\/\/www.salzburgerland.com\/de\/#\/schema\/logo\/image\/\",\"url\":\"https:\/\/www.salzburgerland.com\/de\/wp-content\/uploads\/2017\/01\/salzburgerland-logo.jpg\",\"contentUrl\":\"https:\/\/www.salzburgerland.com\/de\/wp-content\/uploads\/2017\/01\/salzburgerland-logo.jpg\",\"width\":1920,\"height\":827,\"caption\":\"SalzburgerLand Tourismus GmbH\"},\"image\":{\"@id\":\"https:\/\/www.salzburgerland.com\/de\/#\/schema\/logo\/image\/\"},\"sameAs\":[\"https:\/\/www.facebook.com\/salzburgerland\/\",\"https:\/\/x.com\/Salzburgerland\",\"https:\/\/www.instagram.com\/salzburgerland\/\",\"http:\/\/dbpedia.org\/resource\/Salzburg_(state)\",\"http:\/\/wikidata.dbpedia.org\/resource\/Q43325\",\"http:\/\/open.salzburgerland.com\/de\/entity\/salzburgerland\",\"https:\/\/www.youtube.com\/user\/salzburgerland\"]},{\"@type\":\"Person\",\"@id\":\"https:\/\/www.salzburgerland.com\/de\/#\/schema\/person\/1d1841e0422371464e03f357150115b1\",\"name\":\"Daniela Koidl\",\"image\":{\"@type\":\"ImageObject\",\"inLanguage\":\"de\",\"@id\":\"https:\/\/www.salzburgerland.com\/de\/#\/schema\/person\/image\/\",\"url\":\"https:\/\/secure.gravatar.com\/avatar\/91997ddf5aaef89c254b45433d3fc27b0ba6828fd0865a305aafa08fe1e3e5be?s=96&d=mm&r=g\",\"contentUrl\":\"https:\/\/secure.gravatar.com\/avatar\/91997ddf5aaef89c254b45433d3fc27b0ba6828fd0865a305aafa08fe1e3e5be?s=96&d=mm&r=g\",\"caption\":\"Daniela Koidl\"}}]}<\/script>\n<!-- \/ Yoast SEO Premium plugin. -->","yoast_head_json":{"title":"Podcast 5: Gasteiner Heilstollen \u00bb SalzburgerLand.com","robots":{"index":"index","follow":"follow","max-snippet":"max-snippet:-1","max-image-preview":"max-image-preview:large","max-video-preview":"max-video-preview:-1"},"canonical":"https:\/\/www.salzburgerland.com\/de\/wp-json\/wp\/v2\/posts\/665570","og_locale":"de_DE","og_type":"article","og_title":"Podcast 5: Gasteiner Heilstollen","og_description":"Die einzigartige Kombination aus Radon, W\u00e4rme und Luftfeuchtigkeit im Gasteiner Heilstollen f\u00fchren nicht nur uns, sondern j\u00e4hrlich \u00fcber 14.000 Menschen, die an Rheuma, Asthma oder Neurodermitis leiden, tief in den Berg hinein, um ihre Beschwerden zu lindern.","og_url":"https:\/\/www.salzburgerland.com\/de\/wp-json\/wp\/v2\/posts\/665570","og_site_name":"SalzburgerLand.com","article_publisher":"https:\/\/www.facebook.com\/salzburgerland\/","article_published_time":"2023-10-02T14:29:08+00:00","article_modified_time":"2023-10-20T12:59:12+00:00","og_image":[{"width":1200,"height":675,"url":"https:\/\/www.salzburgerland.com\/de\/wp-content\/uploads\/2020\/07\/heilstollen-gastein-c-gasteinertal-tourismusgmbh-marktl-photography-10-1200x675.jpg","type":"image\/jpeg"}],"author":"Daniela Koidl","twitter_card":"summary_large_image","twitter_creator":"@Salzburgerland","twitter_site":"@Salzburgerland","twitter_misc":{"Verfasst von":"Daniela Koidl","Gesch\u00e4tzte Lesezeit":"1\u00a0Minute"},"schema":{"@context":"https:\/\/schema.org","@graph":[{"@type":"WebPage","@id":"https:\/\/www.salzburgerland.com\/de\/podcast-5-gasteiner-heilstollen\/","url":"https:\/\/www.salzburgerland.com\/de\/podcast-5-gasteiner-heilstollen\/","name":"Podcast 5: Gasteiner Heilstollen \u00bb SalzburgerLand.com","isPartOf":{"@id":"https:\/\/www.salzburgerland.com\/de\/#website"},"primaryImageOfPage":{"@id":"https:\/\/www.salzburgerland.com\/de\/podcast-5-gasteiner-heilstollen\/#primaryimage"},"image":{"@id":"https:\/\/www.salzburgerland.com\/de\/podcast-5-gasteiner-heilstollen\/#primaryimage"},"thumbnailUrl":"https:\/\/www.salzburgerland.com\/de\/wp-content\/uploads\/2020\/07\/heilstollen-gastein-c-gasteinertal-tourismusgmbh-marktl-photography-10.jpg","datePublished":"2023-10-02T14:29:08+00:00","dateModified":"2023-10-20T12:59:12+00:00","description":"Die einzigartige Kombination aus Radon, W\u00e4rme und Luftfeuchtigkeit im Gasteiner Heilstollen f\u00fchren nicht nur uns, sondern j\u00e4hrlich \u00fcber 14.000 Menschen, die an Rheuma, Asthma oder Neurodermitis leiden, tief in den Berg hinein, um ihre Beschwerden zu lindern.","breadcrumb":{"@id":"https:\/\/www.salzburgerland.com\/de\/podcast-5-gasteiner-heilstollen\/#breadcrumb"},"inLanguage":"de","potentialAction":[{"@type":"ReadAction","target":["https:\/\/www.salzburgerland.com\/de\/podcast-5-gasteiner-heilstollen\/"]}]},{"@type":"ImageObject","inLanguage":"de","@id":"https:\/\/www.salzburgerland.com\/de\/podcast-5-gasteiner-heilstollen\/#primaryimage","url":"https:\/\/www.salzburgerland.com\/de\/wp-content\/uploads\/2020\/07\/heilstollen-gastein-c-gasteinertal-tourismusgmbh-marktl-photography-10.jpg","contentUrl":"https:\/\/www.salzburgerland.com\/de\/wp-content\/uploads\/2020\/07\/heilstollen-gastein-c-gasteinertal-tourismusgmbh-marktl-photography-10.jpg","width":1920,"height":1280,"caption":"(c) Gasteinertal TourismusgmbH, Manuel Marktl\/Marktl Photography, Gasteiner Heilstollen, Linderung bei R\u00fcckenschmerzen"},{"@type":"BreadcrumbList","@id":"https:\/\/www.salzburgerland.com\/de\/podcast-5-gasteiner-heilstollen\/#breadcrumb","itemListElement":[{"@type":"ListItem","position":1,"name":"Alpine Gesundheitsregion","item":"https:\/\/www.salzburgerland.com\/de\/alpine-gesundheitsregion\/"},{"@type":"ListItem","position":2,"name":"Podcast 5: Gasteiner Heilstollen"}]},{"@type":"WebSite","@id":"https:\/\/www.salzburgerland.com\/de\/#website","url":"https:\/\/www.salzburgerland.com\/de\/","name":"SalzburgerLand.com","description":"Ihr Urlaub in Salzburg, \u00d6sterreich","publisher":{"@id":"https:\/\/www.salzburgerland.com\/de\/#organization"},"potentialAction":[{"@type":"SearchAction","target":{"@type":"EntryPoint","urlTemplate":"https:\/\/www.salzburgerland.com\/de\/?s={search_term_string}"},"query-input":{"@type":"PropertyValueSpecification","valueRequired":true,"valueName":"search_term_string"}}],"inLanguage":"de"},{"@type":"Organization","@id":"https:\/\/www.salzburgerland.com\/de\/#organization","name":"SalzburgerLand Tourismus GmbH","url":"https:\/\/www.salzburgerland.com\/de\/","logo":{"@type":"ImageObject","inLanguage":"de","@id":"https:\/\/www.salzburgerland.com\/de\/#\/schema\/logo\/image\/","url":"https:\/\/www.salzburgerland.com\/de\/wp-content\/uploads\/2017\/01\/salzburgerland-logo.jpg","contentUrl":"https:\/\/www.salzburgerland.com\/de\/wp-content\/uploads\/2017\/01\/salzburgerland-logo.jpg","width":1920,"height":827,"caption":"SalzburgerLand Tourismus GmbH"},"image":{"@id":"https:\/\/www.salzburgerland.com\/de\/#\/schema\/logo\/image\/"},"sameAs":["https:\/\/www.facebook.com\/salzburgerland\/","https:\/\/x.com\/Salzburgerland","https:\/\/www.instagram.com\/salzburgerland\/","http:\/\/dbpedia.org\/resource\/Salzburg_(state)","http:\/\/wikidata.dbpedia.org\/resource\/Q43325","http:\/\/open.salzburgerland.com\/de\/entity\/salzburgerland","https:\/\/www.youtube.com\/user\/salzburgerland"]},{"@type":"Person","@id":"https:\/\/www.salzburgerland.com\/de\/#\/schema\/person\/1d1841e0422371464e03f357150115b1","name":"Daniela Koidl","image":{"@type":"ImageObject","inLanguage":"de","@id":"https:\/\/www.salzburgerland.com\/de\/#\/schema\/person\/image\/","url":"https:\/\/secure.gravatar.com\/avatar\/91997ddf5aaef89c254b45433d3fc27b0ba6828fd0865a305aafa08fe1e3e5be?s=96&d=mm&r=g","contentUrl":"https:\/\/secure.gravatar.com\/avatar\/91997ddf5aaef89c254b45433d3fc27b0ba6828fd0865a305aafa08fe1e3e5be?s=96&d=mm&r=g","caption":"Daniela Koidl"}}]}},"_wl_alt_label":[],"wl:entity_url":"http:\/\/open.salzburgerland.com\/de\/post\/etappe-5-gasteiner-heilstollen-665570","_links":{"self":[{"href":"https:\/\/www.salzburgerland.com\/de\/wp-json\/wp\/v2\/posts\/665570","targetHints":{"allow":["GET"]}}],"collection":[{"href":"https:\/\/www.salzburgerland.com\/de\/wp-json\/wp\/v2\/posts"}],"about":[{"href":"https:\/\/www.salzburgerland.com\/de\/wp-json\/wp\/v2\/types\/post"}],"author":[{"embeddable":true,"href":"https:\/\/www.salzburgerland.com\/de\/wp-json\/wp\/v2\/users\/42"}],"replies":[{"embeddable":true,"href":"https:\/\/www.salzburgerland.com\/de\/wp-json\/wp\/v2\/comments?post=665570"}],"version-history":[{"count":5,"href":"https:\/\/www.salzburgerland.com\/de\/wp-json\/wp\/v2\/posts\/665570\/revisions"}],"predecessor-version":[{"id":666712,"href":"https:\/\/www.salzburgerland.com\/de\/wp-json\/wp\/v2\/posts\/665570\/revisions\/666712"}],"wp:featuredmedia":[{"embeddable":true,"href":"https:\/\/www.salzburgerland.com\/de\/wp-json\/wp\/v2\/media\/477427"}],"wp:attachment":[{"href":"https:\/\/www.salzburgerland.com\/de\/wp-json\/wp\/v2\/media?parent=665570"}],"wp:term":[{"taxonomy":"category","embeddable":true,"href":"https:\/\/www.salzburgerland.com\/de\/wp-json\/wp\/v2\/categories?post=665570"},{"taxonomy":"post_tag","embeddable":true,"href":"https:\/\/www.salzburgerland.com\/de\/wp-json\/wp\/v2\/tags?post=665570"},{"taxonomy":"wl_entity_type","embeddable":true,"href":"https:\/\/www.salzburgerland.com\/de\/wp-json\/wp\/v2\/wl_entity_type?post=665570"}],"curies":[{"name":"wp","href":"https:\/\/api.w.org\/{rel}","templated":true}]}}