{"id":660480,"date":"2023-06-21T17:35:05","date_gmt":"2023-06-21T15:35:05","guid":{"rendered":"https:\/\/www.salzburgerland.com\/de\/?p=660480"},"modified":"2023-07-04T10:24:20","modified_gmt":"2023-07-04T08:24:20","slug":"die-preise-vom-dirndl-wettbewerb","status":"publish","type":"post","link":"https:\/\/www.salzburgerland.com\/de\/die-preise-vom-dirndl-wettbewerb\/","title":{"rendered":"Die Preise vom Dirndl-Wettbewerb"},"content":{"rendered":"<h2><strong>Die Gewinne f\u00fcr die SchneiderInnen<\/strong><\/h2>\n<p>Die TeilnehmerInnen erwarten, attraktive Gewinne vom SalzburgerLand-Urlaub bis zu hochwertigen Sachpreisen unserer langj\u00e4hrigen Partner.<\/p>\n<h4>1. Platz<\/h4>\n<ul>\n<li>2 \u00dcbernachtungen f\u00fcr 2 Personen inkl. Fr\u00fchst\u00fcck im SalzburgerLand<\/li>\n<li>Abbildung in der Salzburger Woche und den Salzburger Bezirksbl\u00e4ttern<\/li>\n<li>Teilnahme an der Bauernherbst-Pressekonferenz in der <a href=\"https:\/\/www.salzburgerland.com\/de\/stiegl\/\" target=\"_blank\" rel=\"noopener\">Stiegl-Brauwelt<\/a><\/li>\n<li>SalzburgerLand Magazinartikel<\/li>\n<li>uvm\u2026<\/li>\n<\/ul>\n<h4>2. Platz<\/h4>\n<ul>\n<li><a href=\"https:\/\/www.salzburgerland.com\/de\/goessl\/\" target=\"_blank\" rel=\"noopener\">G\u00f6ssl <\/a>Einkaufsgutschein im Wert von \u20ac 200,-<\/li>\n<li><a href=\"https:\/\/www.salzburgerheimatwerk.at\/\" target=\"_blank\" rel=\"noopener\">Salzburger Heimatwerk<\/a> Einkaufstaler im Wert von \u20ac 200,-<\/li>\n<li>Teilnahme an der Bauernherbst-Pressekonferenz in der Stiegl-Brauwelt<\/li>\n<\/ul>\n<h4>3. Platz<\/h4>\n<ul>\n<li>Sparbuch vom <a href=\"https:\/\/www.salzburgerland.com\/de\/raiffeisen\/\" target=\"_blank\" rel=\"noopener\">Salzburger Raiffeisenverband<\/a> im Wert von \u20ac 150,-<\/li>\n<li>Teilnahme an der Bauernherbst-Pressekonferenz in der <a href=\"https:\/\/www.salzburgerland.com\/de\/stiegl\/\" target=\"_blank\" rel=\"noopener\">Stiegl-Brauwelt<\/a><\/li>\n<\/ul>\n<h4>Alle Teilnehmer<\/h4>\n<ul>\n<li>Urkunde als Dank f\u00fcr die Teilnahme am Bauernherbst-Dirndl Wettbewerb<\/li>\n<\/ul>\n<h2><strong>Die Gewinne f\u00fcr die Online-VoterInnen<\/strong><\/h2>\n<p>Unter allen die ihre Stimme beim Online-Voting abgeben, verlosen wir attraktive Preise unserer langj\u00e4hrigen Partner. Das Voting startet Ende Juli 2023.<\/p>\n<ul>\n<li>Geschenkskorb der <a href=\"https:\/\/www.salzburgerland.com\/de\/stiegl\/\" target=\"_blank\" rel=\"noopener\">Stieglbrauerei<\/a> im Wert von \u20ac 80,-<\/li>\n<li><a href=\"https:\/\/www.salzburgerland.com\/de\/salzburg-milch\/\" target=\"_blank\" rel=\"noopener\">SalzburgMilch<\/a> Einkaufsgutschein im Wert von \u20ac 50,-<\/li>\n<\/ul>\n<h2><a href=\"https:\/\/www.salzburgerland.com\/de\/bauernherbst-partner\/\" target=\"_blank\" rel=\"noopener\">Hier gibt\u2019s spannende Infos zu unsern Partner im Salzburger Bauernherbst 2023<\/a><\/h2>\n\n\t\t\t<div id=\"660480-1\" class=\"gallery gallery-660480 gallery-columns-3 gallery-size-1170_658\" itemscope itemtype=\"http:\/\/schema.org\/ImageGallery\">\n\t\t\t\t<ul class=\"gallery-row gallery-col-3 gallery-clear\">\n\t\t\t\t\t<li class=\"gallery-item col-3\" itemprop=\"associatedMedia\" itemscope itemtype=\"http:\/\/schema.org\/ImageObject\">\n\t\t\t\t\t\t<div class=\"gallery-icon landscape\"><a href=\"https:\/\/www.salzburgerland.com\/de\/wp-content\/uploads\/2017\/01\/logos_partner_liste_1920x1080_stiegl-1920x1067.jpg\" title=\"Logos_Partner_Liste_1920x1080_Stiegl\"><img decoding=\"async\" data-title=\"\" title=\"\" data-caption=\"\" width=\"1170\" height=\"658\" src=\"https:\/\/www.salzburgerland.com\/de\/wp-content\/uploads\/2017\/01\/logos_partner_liste_1920x1080_stiegl-1170x658.jpg\" class=\"attachment-1170_658 size-1170_658\" alt=\"Rotes Stiegl-Logo mit stilisierten Stufen, Salzburger und Bauernherbst-Text dar\u00fcber, auf wei\u00dfem Hintergrund. (vergr\u00f6\u00dferte Ansicht)\" srcset=\"https:\/\/www.salzburgerland.com\/de\/wp-content\/uploads\/2017\/01\/logos_partner_liste_1920x1080_stiegl-1170x658.jpg 1170w, https:\/\/www.salzburgerland.com\/de\/wp-content\/uploads\/2017\/01\/logos_partner_liste_1920x1080_stiegl-1200x675.jpg 1200w, https:\/\/www.salzburgerland.com\/de\/wp-content\/uploads\/2017\/01\/logos_partner_liste_1920x1080_stiegl-768x432.jpg 768w, https:\/\/www.salzburgerland.com\/de\/wp-content\/uploads\/2017\/01\/logos_partner_liste_1920x1080_stiegl.jpg 1920w\" sizes=\"(max-width: 1170px) 100vw, 1170px\" itemprop=\"thumbnail\"><\/a><\/div>\n\t\t\t\t\t<\/li>\n\t\t\t\t\t<li class=\"gallery-item col-3\" itemprop=\"associatedMedia\" itemscope itemtype=\"http:\/\/schema.org\/ImageObject\">\n\t\t\t\t\t\t<div class=\"gallery-icon landscape\"><a href=\"https:\/\/www.salzburgerland.com\/de\/wp-content\/uploads\/2016\/08\/giebelkreuz_2020-5-1920x1067.jpg\" title=\"Raiffeisen_Logo_Giebelkreuz_2020\"><img decoding=\"async\" data-title=\"\" title=\"\" data-caption=\"\" width=\"1170\" height=\"658\" src=\"https:\/\/www.salzburgerland.com\/de\/wp-content\/uploads\/2016\/08\/giebelkreuz_2020-5-1170x658.jpg\" class=\"attachment-1170_658 size-1170_658\" alt=\"Zwei schwarze gekreuzte H\u00e4mmer auf leuchtend gelbem Hintergrund, die den Almsommer-Partner symbolisieren. (vergr\u00f6\u00dferte Ansicht)\" srcset=\"https:\/\/www.salzburgerland.com\/de\/wp-content\/uploads\/2016\/08\/giebelkreuz_2020-5-1170x658.jpg 1170w, https:\/\/www.salzburgerland.com\/de\/wp-content\/uploads\/2016\/08\/giebelkreuz_2020-5-768x432.jpg 768w, https:\/\/www.salzburgerland.com\/de\/wp-content\/uploads\/2016\/08\/giebelkreuz_2020-5-1536x864.jpg 1536w, https:\/\/www.salzburgerland.com\/de\/wp-content\/uploads\/2016\/08\/giebelkreuz_2020-5-1200x675.jpg 1200w, https:\/\/www.salzburgerland.com\/de\/wp-content\/uploads\/2016\/08\/giebelkreuz_2020-5.jpg 1920w\" sizes=\"(max-width: 1170px) 100vw, 1170px\" itemprop=\"thumbnail\"><\/a><\/div>\n\t\t\t\t\t<\/li>\n\t\t\t\t\t<li class=\"gallery-item col-3\" itemprop=\"associatedMedia\" itemscope itemtype=\"http:\/\/schema.org\/ImageObject\">\n\t\t\t\t\t\t<div class=\"gallery-icon landscape\"><a href=\"https:\/\/www.salzburgerland.com\/de\/wp-content\/uploads\/2017\/01\/logos_partner_liste_1920x1080_goessl-1920x1067.jpg\" title=\"Logos_Partner_Liste_1920x1080_G\u00f6ssl\"><img decoding=\"async\" data-title=\"\" title=\"\" data-caption=\"\" width=\"1170\" height=\"658\" src=\"https:\/\/www.salzburgerland.com\/de\/wp-content\/uploads\/2017\/01\/logos_partner_liste_1920x1080_goessl-1170x658.jpg\" class=\"attachment-1170_658 size-1170_658\" alt=\"Gr\u00fcner Text G\u00f6ssl in einer stilisierten Schrift, Hervorhebung Handwerk, innerhalb eines gr\u00fcn umrandeten achteckigen wei\u00dfen Rahmens. (vergr\u00f6\u00dferte Ansicht)\" srcset=\"https:\/\/www.salzburgerland.com\/de\/wp-content\/uploads\/2017\/01\/logos_partner_liste_1920x1080_goessl-1170x658.jpg 1170w, https:\/\/www.salzburgerland.com\/de\/wp-content\/uploads\/2017\/01\/logos_partner_liste_1920x1080_goessl-1200x675.jpg 1200w, https:\/\/www.salzburgerland.com\/de\/wp-content\/uploads\/2017\/01\/logos_partner_liste_1920x1080_goessl-768x432.jpg 768w, https:\/\/www.salzburgerland.com\/de\/wp-content\/uploads\/2017\/01\/logos_partner_liste_1920x1080_goessl.jpg 1920w\" sizes=\"(max-width: 1170px) 100vw, 1170px\" itemprop=\"thumbnail\"><\/a><\/div>\n\t\t\t\t\t<\/li>\n\t\t\t\t<\/ul>\n\t\t\t\t<ul class=\"gallery-row gallery-col-3 gallery-clear\">\n\t\t\t\t\t<li class=\"gallery-item col-3\" itemprop=\"associatedMedia\" itemscope itemtype=\"http:\/\/schema.org\/ImageObject\">\n\t\t\t\t\t\t<div class=\"gallery-icon landscape\"><a href=\"https:\/\/www.salzburgerland.com\/de\/wp-content\/uploads\/2017\/01\/salzburg-milch-logo-1920x1067.jpg\" title=\"salzburg-milch-logo\"><img decoding=\"async\" data-title=\"\" title=\"\" data-caption=\"\" width=\"1170\" height=\"658\" src=\"https:\/\/www.salzburgerland.com\/de\/wp-content\/uploads\/2017\/01\/salzburg-milch-logo-1170x658.jpg\" class=\"attachment-1170_658 size-1170_658\" alt=\"Rotes Rechteck mit dem wei\u00dfen Text SalzburgMilch in einer kursiven Schrift, zentriert auf einem schlichten wei\u00dfen Hintergrund. (vergr\u00f6\u00dferte Ansicht)\" srcset=\"https:\/\/www.salzburgerland.com\/de\/wp-content\/uploads\/2017\/01\/salzburg-milch-logo-1170x658.jpg 1170w, https:\/\/www.salzburgerland.com\/de\/wp-content\/uploads\/2017\/01\/salzburg-milch-logo-768x432.jpg 768w, https:\/\/www.salzburgerland.com\/de\/wp-content\/uploads\/2017\/01\/salzburg-milch-logo-1200x675.jpg 1200w, https:\/\/www.salzburgerland.com\/de\/wp-content\/uploads\/2017\/01\/salzburg-milch-logo.jpg 1920w\" sizes=\"(max-width: 1170px) 100vw, 1170px\" itemprop=\"thumbnail\"><\/a><\/div>\n\t\t\t\t\t<\/li>\n\t\t\t\t\t<li class=\"gallery-item col-3\" itemprop=\"associatedMedia\" itemscope itemtype=\"http:\/\/schema.org\/ImageObject\">\n\t\t\t\t\t\t<div class=\"gallery-icon landscape\"><a href=\"https:\/\/www.salzburgerland.com\/de\/wp-content\/uploads\/2018\/06\/logo-bauernherbst-25-jahre-e1625257701490.png\" title=\"logo-bauernherbst-25-jahre\"><img decoding=\"async\" data-title=\"\" title=\"\" data-caption=\"\" width=\"200\" height=\"181\" src=\"https:\/\/www.salzburgerland.com\/de\/wp-content\/uploads\/2018\/06\/logo-bauernherbst-25-jahre-e1625257701490.png\" class=\"attachment-1170_658 size-1170_658\" alt=\"Brauner Baumumriss mit gr\u00fcnem Text BAUERN HERBST auf wei\u00dfem Hintergrund. (vergr\u00f6\u00dferte Ansicht)\" itemprop=\"thumbnail\"><\/a><\/div>\n\t\t\t\t\t<\/li>\n\t\t\t\t\t<li class=\"gallery-item col-3\" itemprop=\"associatedMedia\" itemscope itemtype=\"http:\/\/schema.org\/ImageObject\">\n\t\t\t\t\t\t<div class=\"gallery-icon landscape\"><a href=\"https:\/\/www.salzburgerland.com\/de\/wp-content\/uploads\/2023\/06\/logo-neu-2022-1-1920x1067.png\" title=\"Logo neu 2022\"><img decoding=\"async\" data-title=\"\" title=\"\" data-caption=\"\" width=\"1170\" height=\"658\" src=\"https:\/\/www.salzburgerland.com\/de\/wp-content\/uploads\/2023\/06\/logo-neu-2022-1-1170x658.png\" class=\"attachment-1170_658 size-1170_658\" alt=\"Logo mit einem gro\u00dfen H, das von einer Blume gekr\u00f6nt wird, und dem Text SALZBURGER HEIMATWERK auf dunkelblauem Hintergrund. (vergr\u00f6\u00dferte Ansicht)\" srcset=\"https:\/\/www.salzburgerland.com\/de\/wp-content\/uploads\/2023\/06\/logo-neu-2022-1-1170x658.png 1170w, https:\/\/www.salzburgerland.com\/de\/wp-content\/uploads\/2023\/06\/logo-neu-2022-1-1200x675.png 1200w\" sizes=\"(max-width: 1170px) 100vw, 1170px\" itemprop=\"thumbnail\"><\/a><\/div>\n\t\t\t\t\t<\/li>\n\t\t\t\t<\/ul>\n\t\t\t<\/div><!-- .gallery -->\n\n","protected":false},"excerpt":{"rendered":"<p>Die Gewinne f\u00fcr die SchneiderInnen Die TeilnehmerInnen erwarten, attraktive Gewinne vom SalzburgerLand-Urlaub bis zu hochwertigen Sachpreisen unserer langj\u00e4hrigen Partner. 1. Platz 2 \u00dcbernachtungen f\u00fcr 2 Personen inkl. Fr\u00fchst\u00fcck im SalzburgerLand Abbildung in der Salzburger Woche und den Salzburger Bezirksbl\u00e4ttern Teilnahme an der Bauernherbst-Pressekonferenz in der Stiegl-Brauwelt SalzburgerLand Magazinartikel uvm\u2026 2. Platz G\u00f6ssl Einkaufsgutschein im Wert [&hellip;]<\/p>\n","protected":false},"author":44,"featured_media":233427,"comment_status":"closed","ping_status":"closed","sticky":false,"template":"","format":"standard","meta":{"_acf_changed":false,"wl_entities_gutenberg":"","_relevanssi_hide_post":"","_relevanssi_hide_content":"","_relevanssi_pin_for_all":"","_relevanssi_pin_keywords":"","_relevanssi_unpin_keywords":"","_relevanssi_related_keywords":"","_relevanssi_related_include_ids":"","_relevanssi_related_exclude_ids":"","_relevanssi_related_no_append":"","_relevanssi_related_not_related":"","_relevanssi_related_posts":"","_relevanssi_noindex_reason":"","footnotes":""},"categories":[1],"tags":[],"wl_entity_type":[11495],"class_list":["post-660480","post","type-post","status-publish","format-standard","has-post-thumbnail","hentry","category-allgemein","wl_entity_type-article"],"acf":[],"yoast_head":"<!-- This site is optimized with the Yoast SEO Premium plugin v26.9 (Yoast SEO v26.9) - https:\/\/yoast.com\/product\/yoast-seo-premium-wordpress\/ -->\n<title>Die Preise vom Dirndl-Wettbewerb \u00bb SalzburgerLand.com<\/title>\n<meta name=\"robots\" content=\"index, follow, max-snippet:-1, max-image-preview:large, max-video-preview:-1\" \/>\n<link rel=\"canonical\" href=\"https:\/\/www.salzburgerland.com\/de\/wp-json\/wp\/v2\/posts\/660480\" \/>\n<meta property=\"og:locale\" content=\"de_DE\" \/>\n<meta property=\"og:type\" content=\"article\" \/>\n<meta property=\"og:title\" content=\"Die Preise vom Dirndl-Wettbewerb\" \/>\n<meta property=\"og:description\" content=\"Voten und Gewinnen!\" \/>\n<meta property=\"og:url\" content=\"https:\/\/www.salzburgerland.com\/de\/wp-json\/wp\/v2\/posts\/660480\" \/>\n<meta property=\"og:site_name\" content=\"SalzburgerLand.com\" \/>\n<meta property=\"article:publisher\" content=\"https:\/\/www.facebook.com\/salzburgerland\/\" \/>\n<meta property=\"article:published_time\" content=\"2023-06-21T15:35:05+00:00\" \/>\n<meta property=\"article:modified_time\" content=\"2023-07-04T08:24:20+00:00\" \/>\n<meta property=\"og:image\" content=\"https:\/\/www.salzburgerland.com\/de\/wp-content\/uploads\/2017\/03\/kulinarischer-spaziergang-sommer-sommer-2017-altenmarkt-zauchensee-tourismus-9009-1200x675.jpg\" \/>\n\t<meta property=\"og:image:width\" content=\"1200\" \/>\n\t<meta property=\"og:image:height\" content=\"675\" \/>\n\t<meta property=\"og:image:type\" content=\"image\/jpeg\" \/>\n<meta name=\"author\" content=\"Eveline Bimminger\" \/>\n<meta name=\"twitter:card\" content=\"summary_large_image\" \/>\n<meta name=\"twitter:creator\" content=\"@Salzburgerland\" \/>\n<meta name=\"twitter:site\" content=\"@Salzburgerland\" \/>\n<meta name=\"twitter:label1\" content=\"Verfasst von\" \/>\n\t<meta name=\"twitter:data1\" content=\"Eveline Bimminger\" \/>\n\t<meta name=\"twitter:label2\" content=\"Gesch\u00e4tzte Lesezeit\" \/>\n\t<meta name=\"twitter:data2\" content=\"1\u00a0Minute\" \/>\n<script type=\"application\/ld+json\" class=\"yoast-schema-graph\">{\"@context\":\"https:\/\/schema.org\",\"@graph\":[{\"@type\":\"WebPage\",\"@id\":\"https:\/\/www.salzburgerland.com\/de\/die-preise-vom-dirndl-wettbewerb\/\",\"url\":\"https:\/\/www.salzburgerland.com\/de\/die-preise-vom-dirndl-wettbewerb\/\",\"name\":\"Die Preise vom Dirndl-Wettbewerb \u00bb SalzburgerLand.com\",\"isPartOf\":{\"@id\":\"https:\/\/www.salzburgerland.com\/de\/#website\"},\"primaryImageOfPage\":{\"@id\":\"https:\/\/www.salzburgerland.com\/de\/die-preise-vom-dirndl-wettbewerb\/#primaryimage\"},\"image\":{\"@id\":\"https:\/\/www.salzburgerland.com\/de\/die-preise-vom-dirndl-wettbewerb\/#primaryimage\"},\"thumbnailUrl\":\"https:\/\/www.salzburgerland.com\/de\/wp-content\/uploads\/2017\/03\/kulinarischer-spaziergang-sommer-sommer-2017-altenmarkt-zauchensee-tourismus-9009.jpg\",\"datePublished\":\"2023-06-21T15:35:05+00:00\",\"dateModified\":\"2023-07-04T08:24:20+00:00\",\"description\":\"Voten und Gewinnen!\",\"breadcrumb\":{\"@id\":\"https:\/\/www.salzburgerland.com\/de\/die-preise-vom-dirndl-wettbewerb\/#breadcrumb\"},\"inLanguage\":\"de\",\"potentialAction\":[{\"@type\":\"ReadAction\",\"target\":[\"https:\/\/www.salzburgerland.com\/de\/die-preise-vom-dirndl-wettbewerb\/\"]}]},{\"@type\":\"ImageObject\",\"inLanguage\":\"de\",\"@id\":\"https:\/\/www.salzburgerland.com\/de\/die-preise-vom-dirndl-wettbewerb\/#primaryimage\",\"url\":\"https:\/\/www.salzburgerland.com\/de\/wp-content\/uploads\/2017\/03\/kulinarischer-spaziergang-sommer-sommer-2017-altenmarkt-zauchensee-tourismus-9009.jpg\",\"contentUrl\":\"https:\/\/www.salzburgerland.com\/de\/wp-content\/uploads\/2017\/03\/kulinarischer-spaziergang-sommer-sommer-2017-altenmarkt-zauchensee-tourismus-9009.jpg\",\"width\":1920,\"height\":1281,\"caption\":\"Genie\u00dfen und den Sieg feiern\"},{\"@type\":\"BreadcrumbList\",\"@id\":\"https:\/\/www.salzburgerland.com\/de\/die-preise-vom-dirndl-wettbewerb\/#breadcrumb\",\"itemListElement\":[{\"@type\":\"ListItem\",\"position\":1,\"name\":\"Salzburger Bauernherbst\",\"item\":\"https:\/\/www.salzburgerland.com\/de\/bauernherbst\/\"},{\"@type\":\"ListItem\",\"position\":2,\"name\":\"Die Preise vom Dirndl-Wettbewerb\"}]},{\"@type\":\"WebSite\",\"@id\":\"https:\/\/www.salzburgerland.com\/de\/#website\",\"url\":\"https:\/\/www.salzburgerland.com\/de\/\",\"name\":\"SalzburgerLand.com\",\"description\":\"Ihr Urlaub in Salzburg, \u00d6sterreich\",\"publisher\":{\"@id\":\"https:\/\/www.salzburgerland.com\/de\/#organization\"},\"potentialAction\":[{\"@type\":\"SearchAction\",\"target\":{\"@type\":\"EntryPoint\",\"urlTemplate\":\"https:\/\/www.salzburgerland.com\/de\/?s={search_term_string}\"},\"query-input\":{\"@type\":\"PropertyValueSpecification\",\"valueRequired\":true,\"valueName\":\"search_term_string\"}}],\"inLanguage\":\"de\"},{\"@type\":\"Organization\",\"@id\":\"https:\/\/www.salzburgerland.com\/de\/#organization\",\"name\":\"SalzburgerLand Tourismus GmbH\",\"url\":\"https:\/\/www.salzburgerland.com\/de\/\",\"logo\":{\"@type\":\"ImageObject\",\"inLanguage\":\"de\",\"@id\":\"https:\/\/www.salzburgerland.com\/de\/#\/schema\/logo\/image\/\",\"url\":\"https:\/\/www.salzburgerland.com\/de\/wp-content\/uploads\/2017\/01\/salzburgerland-logo.jpg\",\"contentUrl\":\"https:\/\/www.salzburgerland.com\/de\/wp-content\/uploads\/2017\/01\/salzburgerland-logo.jpg\",\"width\":1920,\"height\":827,\"caption\":\"SalzburgerLand Tourismus GmbH\"},\"image\":{\"@id\":\"https:\/\/www.salzburgerland.com\/de\/#\/schema\/logo\/image\/\"},\"sameAs\":[\"https:\/\/www.facebook.com\/salzburgerland\/\",\"https:\/\/x.com\/Salzburgerland\",\"https:\/\/www.instagram.com\/salzburgerland\/\",\"http:\/\/dbpedia.org\/resource\/Salzburg_(state)\",\"http:\/\/wikidata.dbpedia.org\/resource\/Q43325\",\"http:\/\/open.salzburgerland.com\/de\/entity\/salzburgerland\",\"https:\/\/www.youtube.com\/user\/salzburgerland\"]},{\"@type\":\"Person\",\"@id\":\"https:\/\/www.salzburgerland.com\/de\/#\/schema\/person\/65a80fc9026a6fbf40cc6089d70adb1d\",\"name\":\"Eveline Bimminger\",\"image\":{\"@type\":\"ImageObject\",\"inLanguage\":\"de\",\"@id\":\"https:\/\/www.salzburgerland.com\/de\/#\/schema\/person\/image\/\",\"url\":\"https:\/\/secure.gravatar.com\/avatar\/c5f95e995df475f57c321bf8b272f1a534921fbcb75dd2613c990ba9689a9128?s=96&d=mm&r=g\",\"contentUrl\":\"https:\/\/secure.gravatar.com\/avatar\/c5f95e995df475f57c321bf8b272f1a534921fbcb75dd2613c990ba9689a9128?s=96&d=mm&r=g\",\"caption\":\"Eveline Bimminger\"}}]}<\/script>\n<!-- \/ Yoast SEO Premium plugin. -->","yoast_head_json":{"title":"Die Preise vom Dirndl-Wettbewerb \u00bb SalzburgerLand.com","robots":{"index":"index","follow":"follow","max-snippet":"max-snippet:-1","max-image-preview":"max-image-preview:large","max-video-preview":"max-video-preview:-1"},"canonical":"https:\/\/www.salzburgerland.com\/de\/wp-json\/wp\/v2\/posts\/660480","og_locale":"de_DE","og_type":"article","og_title":"Die Preise vom Dirndl-Wettbewerb","og_description":"Voten und Gewinnen!","og_url":"https:\/\/www.salzburgerland.com\/de\/wp-json\/wp\/v2\/posts\/660480","og_site_name":"SalzburgerLand.com","article_publisher":"https:\/\/www.facebook.com\/salzburgerland\/","article_published_time":"2023-06-21T15:35:05+00:00","article_modified_time":"2023-07-04T08:24:20+00:00","og_image":[{"width":1200,"height":675,"url":"https:\/\/www.salzburgerland.com\/de\/wp-content\/uploads\/2017\/03\/kulinarischer-spaziergang-sommer-sommer-2017-altenmarkt-zauchensee-tourismus-9009-1200x675.jpg","type":"image\/jpeg"}],"author":"Eveline Bimminger","twitter_card":"summary_large_image","twitter_creator":"@Salzburgerland","twitter_site":"@Salzburgerland","twitter_misc":{"Verfasst von":"Eveline Bimminger","Gesch\u00e4tzte Lesezeit":"1\u00a0Minute"},"schema":{"@context":"https:\/\/schema.org","@graph":[{"@type":"WebPage","@id":"https:\/\/www.salzburgerland.com\/de\/die-preise-vom-dirndl-wettbewerb\/","url":"https:\/\/www.salzburgerland.com\/de\/die-preise-vom-dirndl-wettbewerb\/","name":"Die Preise vom Dirndl-Wettbewerb \u00bb SalzburgerLand.com","isPartOf":{"@id":"https:\/\/www.salzburgerland.com\/de\/#website"},"primaryImageOfPage":{"@id":"https:\/\/www.salzburgerland.com\/de\/die-preise-vom-dirndl-wettbewerb\/#primaryimage"},"image":{"@id":"https:\/\/www.salzburgerland.com\/de\/die-preise-vom-dirndl-wettbewerb\/#primaryimage"},"thumbnailUrl":"https:\/\/www.salzburgerland.com\/de\/wp-content\/uploads\/2017\/03\/kulinarischer-spaziergang-sommer-sommer-2017-altenmarkt-zauchensee-tourismus-9009.jpg","datePublished":"2023-06-21T15:35:05+00:00","dateModified":"2023-07-04T08:24:20+00:00","description":"Voten und Gewinnen!","breadcrumb":{"@id":"https:\/\/www.salzburgerland.com\/de\/die-preise-vom-dirndl-wettbewerb\/#breadcrumb"},"inLanguage":"de","potentialAction":[{"@type":"ReadAction","target":["https:\/\/www.salzburgerland.com\/de\/die-preise-vom-dirndl-wettbewerb\/"]}]},{"@type":"ImageObject","inLanguage":"de","@id":"https:\/\/www.salzburgerland.com\/de\/die-preise-vom-dirndl-wettbewerb\/#primaryimage","url":"https:\/\/www.salzburgerland.com\/de\/wp-content\/uploads\/2017\/03\/kulinarischer-spaziergang-sommer-sommer-2017-altenmarkt-zauchensee-tourismus-9009.jpg","contentUrl":"https:\/\/www.salzburgerland.com\/de\/wp-content\/uploads\/2017\/03\/kulinarischer-spaziergang-sommer-sommer-2017-altenmarkt-zauchensee-tourismus-9009.jpg","width":1920,"height":1281,"caption":"Genie\u00dfen und den Sieg feiern"},{"@type":"BreadcrumbList","@id":"https:\/\/www.salzburgerland.com\/de\/die-preise-vom-dirndl-wettbewerb\/#breadcrumb","itemListElement":[{"@type":"ListItem","position":1,"name":"Salzburger Bauernherbst","item":"https:\/\/www.salzburgerland.com\/de\/bauernherbst\/"},{"@type":"ListItem","position":2,"name":"Die Preise vom Dirndl-Wettbewerb"}]},{"@type":"WebSite","@id":"https:\/\/www.salzburgerland.com\/de\/#website","url":"https:\/\/www.salzburgerland.com\/de\/","name":"SalzburgerLand.com","description":"Ihr Urlaub in Salzburg, \u00d6sterreich","publisher":{"@id":"https:\/\/www.salzburgerland.com\/de\/#organization"},"potentialAction":[{"@type":"SearchAction","target":{"@type":"EntryPoint","urlTemplate":"https:\/\/www.salzburgerland.com\/de\/?s={search_term_string}"},"query-input":{"@type":"PropertyValueSpecification","valueRequired":true,"valueName":"search_term_string"}}],"inLanguage":"de"},{"@type":"Organization","@id":"https:\/\/www.salzburgerland.com\/de\/#organization","name":"SalzburgerLand Tourismus GmbH","url":"https:\/\/www.salzburgerland.com\/de\/","logo":{"@type":"ImageObject","inLanguage":"de","@id":"https:\/\/www.salzburgerland.com\/de\/#\/schema\/logo\/image\/","url":"https:\/\/www.salzburgerland.com\/de\/wp-content\/uploads\/2017\/01\/salzburgerland-logo.jpg","contentUrl":"https:\/\/www.salzburgerland.com\/de\/wp-content\/uploads\/2017\/01\/salzburgerland-logo.jpg","width":1920,"height":827,"caption":"SalzburgerLand Tourismus GmbH"},"image":{"@id":"https:\/\/www.salzburgerland.com\/de\/#\/schema\/logo\/image\/"},"sameAs":["https:\/\/www.facebook.com\/salzburgerland\/","https:\/\/x.com\/Salzburgerland","https:\/\/www.instagram.com\/salzburgerland\/","http:\/\/dbpedia.org\/resource\/Salzburg_(state)","http:\/\/wikidata.dbpedia.org\/resource\/Q43325","http:\/\/open.salzburgerland.com\/de\/entity\/salzburgerland","https:\/\/www.youtube.com\/user\/salzburgerland"]},{"@type":"Person","@id":"https:\/\/www.salzburgerland.com\/de\/#\/schema\/person\/65a80fc9026a6fbf40cc6089d70adb1d","name":"Eveline Bimminger","image":{"@type":"ImageObject","inLanguage":"de","@id":"https:\/\/www.salzburgerland.com\/de\/#\/schema\/person\/image\/","url":"https:\/\/secure.gravatar.com\/avatar\/c5f95e995df475f57c321bf8b272f1a534921fbcb75dd2613c990ba9689a9128?s=96&d=mm&r=g","contentUrl":"https:\/\/secure.gravatar.com\/avatar\/c5f95e995df475f57c321bf8b272f1a534921fbcb75dd2613c990ba9689a9128?s=96&d=mm&r=g","caption":"Eveline Bimminger"}}]}},"_wl_alt_label":[],"wl:entity_url":"http:\/\/open.salzburgerland.com\/de\/post\/unsere-preise-vom-dirndl-wettbewerb-660480","_links":{"self":[{"href":"https:\/\/www.salzburgerland.com\/de\/wp-json\/wp\/v2\/posts\/660480","targetHints":{"allow":["GET"]}}],"collection":[{"href":"https:\/\/www.salzburgerland.com\/de\/wp-json\/wp\/v2\/posts"}],"about":[{"href":"https:\/\/www.salzburgerland.com\/de\/wp-json\/wp\/v2\/types\/post"}],"author":[{"embeddable":true,"href":"https:\/\/www.salzburgerland.com\/de\/wp-json\/wp\/v2\/users\/44"}],"replies":[{"embeddable":true,"href":"https:\/\/www.salzburgerland.com\/de\/wp-json\/wp\/v2\/comments?post=660480"}],"version-history":[{"count":5,"href":"https:\/\/www.salzburgerland.com\/de\/wp-json\/wp\/v2\/posts\/660480\/revisions"}],"predecessor-version":[{"id":660830,"href":"https:\/\/www.salzburgerland.com\/de\/wp-json\/wp\/v2\/posts\/660480\/revisions\/660830"}],"wp:featuredmedia":[{"embeddable":true,"href":"https:\/\/www.salzburgerland.com\/de\/wp-json\/wp\/v2\/media\/233427"}],"wp:attachment":[{"href":"https:\/\/www.salzburgerland.com\/de\/wp-json\/wp\/v2\/media?parent=660480"}],"wp:term":[{"taxonomy":"category","embeddable":true,"href":"https:\/\/www.salzburgerland.com\/de\/wp-json\/wp\/v2\/categories?post=660480"},{"taxonomy":"post_tag","embeddable":true,"href":"https:\/\/www.salzburgerland.com\/de\/wp-json\/wp\/v2\/tags?post=660480"},{"taxonomy":"wl_entity_type","embeddable":true,"href":"https:\/\/www.salzburgerland.com\/de\/wp-json\/wp\/v2\/wl_entity_type?post=660480"}],"curies":[{"name":"wp","href":"https:\/\/api.w.org\/{rel}","templated":true}]}}