{"id":656412,"date":"2022-10-10T16:39:07","date_gmt":"2022-10-10T14:39:07","guid":{"rendered":"https:\/\/www.salzburgerland.com\/de\/?p=656412"},"modified":"2022-11-08T13:20:29","modified_gmt":"2022-11-08T12:20:29","slug":"gastro-und-kassenmitarbeiterin-daniela-im-portrait","status":"publish","type":"post","link":"https:\/\/www.salzburgerland.com\/de\/gastro-und-kassenmitarbeiterin-daniela-im-portrait\/","title":{"rendered":"Gastro- &#038; Kassenmitarbeiterin Daniela"},"content":{"rendered":"\r\n<h2 class=\"wp-block-heading\" id=\"h-auf-das-museum-gekommen\">Vom Ferialjob zur ganzj\u00e4hrigen Festanstellung<\/h2>\r\n\r\n\r\n\r\n<p>Den Schulabschluss in der Tasche, startete Daniela direkt nach der Matura bei der <a href=\"https:\/\/www.5schaetze.at\/de\/karriere.html\" target=\"_blank\" rel=\"noopener\">Salzburg AG Tourismus GmbH<\/a> durch: \u201e2020 habe ich die HAK mit Matura abgeschlossen. Seither bin ich hier angestellt. Zun\u00e4chst war ich Kassenmitarbeiterin. Mittlerweile werde ich bei Sonderfahrten auch im Catering eingesetzt.\u201c<\/p>\r\n<p>Wir fragen nach, warum sie sich genau f\u00fcr diesen Beruf entschieden hat: \u201eEhrlicherweise war das Zufall, oder besser gesagt, ein einfacher Ferialjob in der 4. und 5. Klasse der HAK. Der hat mir allerdings so gut gefallen, dass ich nach der Matura einfach wiedergekommen bin.\u201c<\/p>\r\n<img decoding=\"async\" class=\"alignnone wp-image-656417 size-1170_658\" src=\"https:\/\/cdn.salzburgerland.com\/de\/wp-content\/uploads\/2022\/10\/slt-3-1170x658.jpg\" alt=\"\" width=\"1170\" height=\"658\" srcset=\"https:\/\/www.salzburgerland.com\/de\/wp-content\/uploads\/2022\/10\/slt-3-1170x658.jpg 1170w, https:\/\/www.salzburgerland.com\/de\/wp-content\/uploads\/2022\/10\/slt-3-1200x675.jpg 1200w\" sizes=\"(max-width: 1170px) 100vw, 1170px\">\r\n\r\n\r\n\r\n\r\n\r\n<p>\u00a0<\/p>\r\n<h2 class=\"wp-block-heading\">\r\n\r\n\r\n\r\n<\/h2>\r\n<h2 class=\"wp-block-heading\" id=\"h-was-es-bedeutet-im-stille-nacht-museum-zu-arbeiten\">Vielseitiger Arbeitsalltag vor einzigartiger Kulisse<\/h2>\r\n\r\n\r\n\r\n<p>Einen sich wiederholenden Arbeitsalltag gibt es bei Daniela nicht: \u201eMein Beruf zeichnet sich eigentlich gerade dadurch aus, dass kein Tag wie der andere ist. Der Arbeitstag beginnt zwischen acht und neun Uhr mit dem Checken des Dienstplans. Dann hole ich das Wechselgeld, und es geht zur Kassa, aufs Schiff oder mit der SchafbergBahn auf den Schafberg, um letzte Vorbereitungen zu treffen. Meist arbeite ich so bis 17:00 oder 18:00 Uhr.\u201c Und was ist ihr dabei besonders wichtig?<\/p>\r\n<blockquote>\r\n<p>Mir ist es wichtig, dass sich ein Gast nach seinem Aufenthalt bereits auf das n\u00e4chste Mal bei uns freut. Wir haben zwar viele Tagestouristen. Aber es sind immer wieder auch Urlauber*innen dabei, die l\u00e4nger in der Region bleiben und ein zweites Mal auf den Berg rauffahren oder ein paar Tage sp\u00e4ter eine Schifffahrt buchen.<\/p>\r\n<\/blockquote>\r\n\r\n\r\n\r\n\r\n\r\n<img decoding=\"async\" class=\"alignnone wp-image-656416 size-1170_658\" src=\"https:\/\/cdn.salzburgerland.com\/de\/wp-content\/uploads\/2022\/10\/slt-18-1170x658.jpg\" alt=\"\" width=\"1170\" height=\"658\" srcset=\"https:\/\/www.salzburgerland.com\/de\/wp-content\/uploads\/2022\/10\/slt-18-1170x658.jpg 1170w, https:\/\/www.salzburgerland.com\/de\/wp-content\/uploads\/2022\/10\/slt-18-1200x675.jpg 1200w\" sizes=\"(max-width: 1170px) 100vw, 1170px\">\r\n<p>\u00a0<\/p>\r\n<p>Genau das f\u00fchrt Daniela auch zu den sch\u00f6nsten Momenten, die sie in ihrer Zeit bei der Salzburg AG Tourismus GmbH erlebt hat: \u201eIch freue mich jedes Mal, wenn G\u00e4ste Herzlichkeit ausstrahlen. Mit einer herzlichen Art auf uns zukommen und gl\u00fccklich sind, einen unserer Sch\u00e4tze entdeckt zu haben.\u201c<\/p>\r\n<h2 class=\"wp-block-heading\" id=\"h-mehr-besucher-innen-ein-herzenswunsch\">Danielas Zukunft bei der Salzburg AG Tourismus GmbH<\/h2>\r\n<p>\r\n\r\n<\/p>\r\n<p>Mit ihren 21 Jahren steht Daniela erst am Anfang ihres Berufsweges. Sie ist sich aber sicher, dass sie diesen mit der Salzburg AG Tourismus GmbH weitergehen m\u00f6chte. Dazu tragen neben dem positiven Arbeitsklima und der ganzj\u00e4hrigen Festanstellung sicherlich auch die verschiedenen Karriereperspektiven bei: \u201eIn Zukunft k\u00f6nnte ich mir vorstellen, mich in Richtung B\u00fcro oder Verwaltung weiterzuentwickeln \u2013 am liebsten mit Schwerpunkt Personal.\u201c<\/p>\r\n<img decoding=\"async\" class=\"alignnone wp-image-656423 size-1170_658\" src=\"https:\/\/cdn.salzburgerland.com\/de\/wp-content\/uploads\/2022\/10\/slt-19-1170x658.jpg\" alt=\"\" width=\"1170\" height=\"658\" srcset=\"https:\/\/www.salzburgerland.com\/de\/wp-content\/uploads\/2022\/10\/slt-19-1170x658.jpg 1170w, https:\/\/www.salzburgerland.com\/de\/wp-content\/uploads\/2022\/10\/slt-19-1200x675.jpg 1200w\" sizes=\"(max-width: 1170px) 100vw, 1170px\">\r\n\r\n\r\n\r\n\r\n\r\n<p>\u00a0<\/p>\r\n<h2 class=\"wp-block-heading\" id=\"h-mehr-besucher-innen-ein-herzenswunsch\">Einzigartige Sch\u00e4tze erleben<\/h2>\r\n<p>Die Gastronomie am Schiff und am Gipfel ist f\u00fcr sich schon ein au\u00dfergew\u00f6hnliches Erlebnis f\u00fcr Besucher*innen. Zudem laden spezielle Sonderfahrten zu exklusiven Momenten an Bord ein: \u201eUnsere Schiffe k\u00f6nnen von Firmen oder auch Privatpersonen gemietet werden. Es gibt beispielsweise einen Sektempfang, und man ist exklusiv mit einem eigenen Schiff am Wasser unterwegs. Wenn gew\u00fcnscht, werden mehrg\u00e4ngige Men\u00fcs von unserem hauseigenen Catering-Team zubereitet und serviert. Bei diesen Veranstaltungen bin ich oft als Kellnerin im Einsatz.\u201c Die Abwechslung ist das, was Daniela in diesem Zusammenhang am meisten Spa\u00df macht:<\/p>\r\n<blockquote>\r\n<p>Jede Saison hat bei uns ihren eigenen Reiz. Besonders freue ich mich auf unsere 5. Jahreszeit \u2013 die Vorweihnachtszeit. Die erleuchtete Weihnachtslok der SchafbergBahn f\u00e4hrt im Advent bis zur Station Schafbergalm. Dort erwarten die G\u00e4ste eine weihnachtliche Atmosph\u00e4re und warme Getr\u00e4nke. An den Adventwochenenden findet ein Rahmenprogramm f\u00fcr die ganze Familie statt. Mit der WolfgangseeSchifffahrt kann man im Dezember die sch\u00f6nsten Adventm\u00e4rkten in den Orten rund um den See besuchen. Das ist immer eine wundervolle Zeit f\u00fcr mich.<\/p>\r\n<\/blockquote>\r\n\r\n\r\n\r\n<img decoding=\"async\" class=\"alignnone wp-image-656422 size-1170_658\" src=\"https:\/\/cdn.salzburgerland.com\/de\/wp-content\/uploads\/2022\/10\/slt-1-1170x658.jpg\" alt=\"\" width=\"1170\" height=\"658\" srcset=\"https:\/\/www.salzburgerland.com\/de\/wp-content\/uploads\/2022\/10\/slt-1-1170x658.jpg 1170w, https:\/\/www.salzburgerland.com\/de\/wp-content\/uploads\/2022\/10\/slt-1-1200x675.jpg 1200w\" sizes=\"(max-width: 1170px) 100vw, 1170px\">\r\n<p>\u00a0<\/p>\r\n<p><strong>Tipp:<\/strong> Die <a href=\"https:\/\/www.5schaetze.at\/de\/schafbergbahn.html\" target=\"_blank\" rel=\"noopener\">SchafbergBahn<\/a> und die <a href=\"https:\/\/www.5schaetze.at\/de\/wolfgangseeschifffahrt.html\" target=\"_blank\" rel=\"noopener\">WolfgangseeSchifffahrt<\/a> sind nur zwei der insgesamt <a href=\"https:\/\/www.5schaetze.at\/\" target=\"_blank\" rel=\"noopener\">f\u00fcnf Sch\u00e4tze<\/a>, die es in der Stadt Salzburg und im Salzkammergut zu entdecken gibt. Und beide Institutionen feiern im kommenden Jahr Jubil\u00e4um: Die WolfgangseeSchifffahrt wird 150 Jahre alt, und die SchafbergBahn kann 2023 bereits auf eine 130-j\u00e4hrige Geschichte zur\u00fcckblicken. Wenn das nicht ein guter Anlass ist, um das neues <a href=\"https:\/\/www.5schaetze.at\/de\/schafbergbahn\/daten-und-bilder-zur-schafbergbahn\/Talstation.html#search\/Die%2520neue%2520Talstation\" target=\"_blank\" rel=\"noopener\">ErlebnisQuartier<\/a> mit neuem Restaurant, Museumszone und Veranstaltungsbereich direkt am See zu er\u00f6ffnen.<\/p>\r\n<h2>Eng mit dem Salzkammergut verbunden<\/h2>\r\n<p>Daniela kommt aus Bad Ischl und wohnt nur eine Viertelstunde von ihrem Arbeitsplatz am Wolfgangsee entfernt: \u201eIch bin auch in Bad Ischl zur Schule gegangen und wollte nie weit weg von zu Hause. Mir ist die N\u00e4he zur Heimat wichtig.\u201c Umso sch\u00f6ner, dass sie im Salzkammergut den f\u00fcr sich perfekt passenden Beruf gefunden hat. Das bedeutet ihr viel, wie sie uns am Ende des Gespr\u00e4chs erz\u00e4hlt:<\/p>\r\n<blockquote>\r\n<p>Ich sch\u00e4tze es sehr, dass ich da arbeiten darf, wo andere Urlaub machen. Noch dazu ist die Kombination aus See und Berg, also der Gastronomie am Schiff und am Gipfel, wirklich einzigartig. Zwei Orte meiner t\u00e4glichen Arbeit, die diesen Beruf f\u00fcr mich so besonders machen.<\/p>\r\n<\/blockquote>\r\n","protected":false},"excerpt":{"rendered":"<p>Vom Ferialjob zur ganzj\u00e4hrigen Festanstellung Den Schulabschluss in der Tasche, startete Daniela direkt nach der Matura bei der Salzburg AG Tourismus GmbH durch: \u201e2020 habe ich die HAK mit Matura abgeschlossen. Seither bin ich hier angestellt. Zun\u00e4chst war ich Kassenmitarbeiterin. Mittlerweile werde ich bei Sonderfahrten auch im Catering eingesetzt.\u201c Wir fragen nach, warum sie sich [&hellip;]<\/p>\n","protected":false},"author":95,"featured_media":656413,"comment_status":"closed","ping_status":"closed","sticky":false,"template":"","format":"standard","meta":{"_acf_changed":false,"wl_entities_gutenberg":"","_relevanssi_hide_post":"","_relevanssi_hide_content":"","_relevanssi_pin_for_all":"","_relevanssi_pin_keywords":"","_relevanssi_unpin_keywords":"","_relevanssi_related_keywords":"","_relevanssi_related_include_ids":"","_relevanssi_related_exclude_ids":"","_relevanssi_related_no_append":"","_relevanssi_related_not_related":"","_relevanssi_related_posts":"","_relevanssi_noindex_reason":"","footnotes":""},"categories":[1],"tags":[],"wl_entity_type":[11495,3,2],"class_list":["post-656412","post","type-post","status-publish","format-standard","has-post-thumbnail","hentry","category-allgemein","wl_entity_type-article","wl_entity_type-creative-work","wl_entity_type-thing"],"acf":[],"yoast_head":"<!-- This site is optimized with the Yoast SEO Premium plugin v26.9 (Yoast SEO v26.9) - https:\/\/yoast.com\/product\/yoast-seo-premium-wordpress\/ -->\n<title>Gastro- &amp; Kassenmitarbeiterin Daniela im Portrait | SalzbugerLand Tourismus<\/title>\n<meta name=\"description\" content=\"\u201eDie Kombination aus See und Berg macht den Arbeitsplatz besonders.\u201c Daniela arbeitet bei der SchafbergBahn &amp; WolfgangseeSchifffahrt.\" \/>\n<meta name=\"robots\" content=\"index, follow, max-snippet:-1, max-image-preview:large, max-video-preview:-1\" \/>\n<link rel=\"canonical\" href=\"https:\/\/www.salzburgerland.com\/de\/wp-json\/wp\/v2\/posts\/656412\" \/>\n<meta property=\"og:locale\" content=\"de_DE\" \/>\n<meta property=\"og:type\" content=\"article\" \/>\n<meta property=\"og:title\" content=\"Gastro- &amp; Kassenmitarbeiterin Daniela\" \/>\n<meta property=\"og:description\" content=\"\u201eDie Kombination aus See und Berg macht den Arbeitsplatz besonders.\u201c Daniela arbeitet bei der SchafbergBahn &amp; WolfgangseeSchifffahrt.\" \/>\n<meta property=\"og:url\" content=\"https:\/\/www.salzburgerland.com\/de\/wp-json\/wp\/v2\/posts\/656412\" \/>\n<meta property=\"og:site_name\" content=\"SalzburgerLand.com\" \/>\n<meta property=\"article:publisher\" content=\"https:\/\/www.facebook.com\/salzburgerland\/\" \/>\n<meta property=\"article:published_time\" content=\"2022-10-10T14:39:07+00:00\" \/>\n<meta property=\"article:modified_time\" content=\"2022-11-08T12:20:29+00:00\" \/>\n<meta property=\"og:image\" content=\"https:\/\/www.salzburgerland.com\/de\/wp-content\/uploads\/2022\/10\/split-1200x675.png\" \/>\n\t<meta property=\"og:image:width\" content=\"1200\" \/>\n\t<meta property=\"og:image:height\" content=\"675\" \/>\n\t<meta property=\"og:image:type\" content=\"image\/png\" \/>\n<meta name=\"author\" content=\"Katharina Wohlfahrt\" \/>\n<meta name=\"twitter:card\" content=\"summary_large_image\" \/>\n<meta name=\"twitter:creator\" content=\"@Salzburgerland\" \/>\n<meta name=\"twitter:site\" content=\"@Salzburgerland\" \/>\n<meta name=\"twitter:label1\" content=\"Verfasst von\" \/>\n\t<meta name=\"twitter:data1\" content=\"Katharina Wohlfahrt\" \/>\n\t<meta name=\"twitter:label2\" content=\"Gesch\u00e4tzte Lesezeit\" \/>\n\t<meta name=\"twitter:data2\" content=\"5\u00a0Minuten\" \/>\n<script type=\"application\/ld+json\" class=\"yoast-schema-graph\">{\"@context\":\"https:\/\/schema.org\",\"@graph\":[{\"@type\":\"WebPage\",\"@id\":\"https:\/\/www.salzburgerland.com\/de\/gastro-und-kassenmitarbeiterin-daniela-im-portrait\/\",\"url\":\"https:\/\/www.salzburgerland.com\/de\/gastro-und-kassenmitarbeiterin-daniela-im-portrait\/\",\"name\":\"Gastro- & Kassenmitarbeiterin Daniela im Portrait | SalzbugerLand Tourismus\",\"isPartOf\":{\"@id\":\"https:\/\/www.salzburgerland.com\/de\/#website\"},\"primaryImageOfPage\":{\"@id\":\"https:\/\/www.salzburgerland.com\/de\/gastro-und-kassenmitarbeiterin-daniela-im-portrait\/#primaryimage\"},\"image\":{\"@id\":\"https:\/\/www.salzburgerland.com\/de\/gastro-und-kassenmitarbeiterin-daniela-im-portrait\/#primaryimage\"},\"thumbnailUrl\":\"https:\/\/www.salzburgerland.com\/de\/wp-content\/uploads\/2022\/10\/split.png\",\"datePublished\":\"2022-10-10T14:39:07+00:00\",\"dateModified\":\"2022-11-08T12:20:29+00:00\",\"description\":\"\u201eDie Kombination aus See und Berg macht den Arbeitsplatz besonders.\u201c Daniela arbeitet bei der SchafbergBahn & WolfgangseeSchifffahrt.\",\"breadcrumb\":{\"@id\":\"https:\/\/www.salzburgerland.com\/de\/gastro-und-kassenmitarbeiterin-daniela-im-portrait\/#breadcrumb\"},\"inLanguage\":\"de\",\"potentialAction\":[{\"@type\":\"ReadAction\",\"target\":[\"https:\/\/www.salzburgerland.com\/de\/gastro-und-kassenmitarbeiterin-daniela-im-portrait\/\"]}]},{\"@type\":\"ImageObject\",\"inLanguage\":\"de\",\"@id\":\"https:\/\/www.salzburgerland.com\/de\/gastro-und-kassenmitarbeiterin-daniela-im-portrait\/#primaryimage\",\"url\":\"https:\/\/www.salzburgerland.com\/de\/wp-content\/uploads\/2022\/10\/split.png\",\"contentUrl\":\"https:\/\/www.salzburgerland.com\/de\/wp-content\/uploads\/2022\/10\/split.png\",\"width\":1920,\"height\":1280,\"caption\":\"Geteiltes Bild: Person im Freien auf einem Balkon, dann l\u00e4chelnd beim Servieren von Kaffee an einem Holztisch an einem Geb\u00e4ude.\"},{\"@type\":\"BreadcrumbList\",\"@id\":\"https:\/\/www.salzburgerland.com\/de\/gastro-und-kassenmitarbeiterin-daniela-im-portrait\/#breadcrumb\",\"itemListElement\":[{\"@type\":\"ListItem\",\"position\":1,\"name\":\"Lebens(t)r\u00e4ume\",\"item\":\"https:\/\/www.salzburgerland.com\/de\/lebenstraeume\/\"},{\"@type\":\"ListItem\",\"position\":2,\"name\":\"Gastro- &#038; Kassenmitarbeiterin Daniela\"}]},{\"@type\":\"WebSite\",\"@id\":\"https:\/\/www.salzburgerland.com\/de\/#website\",\"url\":\"https:\/\/www.salzburgerland.com\/de\/\",\"name\":\"SalzburgerLand.com\",\"description\":\"Ihr Urlaub in Salzburg, \u00d6sterreich\",\"publisher\":{\"@id\":\"https:\/\/www.salzburgerland.com\/de\/#organization\"},\"potentialAction\":[{\"@type\":\"SearchAction\",\"target\":{\"@type\":\"EntryPoint\",\"urlTemplate\":\"https:\/\/www.salzburgerland.com\/de\/?s={search_term_string}\"},\"query-input\":{\"@type\":\"PropertyValueSpecification\",\"valueRequired\":true,\"valueName\":\"search_term_string\"}}],\"inLanguage\":\"de\"},{\"@type\":\"Organization\",\"@id\":\"https:\/\/www.salzburgerland.com\/de\/#organization\",\"name\":\"SalzburgerLand Tourismus GmbH\",\"url\":\"https:\/\/www.salzburgerland.com\/de\/\",\"logo\":{\"@type\":\"ImageObject\",\"inLanguage\":\"de\",\"@id\":\"https:\/\/www.salzburgerland.com\/de\/#\/schema\/logo\/image\/\",\"url\":\"https:\/\/www.salzburgerland.com\/de\/wp-content\/uploads\/2017\/01\/salzburgerland-logo.jpg\",\"contentUrl\":\"https:\/\/www.salzburgerland.com\/de\/wp-content\/uploads\/2017\/01\/salzburgerland-logo.jpg\",\"width\":1920,\"height\":827,\"caption\":\"SalzburgerLand Tourismus GmbH\"},\"image\":{\"@id\":\"https:\/\/www.salzburgerland.com\/de\/#\/schema\/logo\/image\/\"},\"sameAs\":[\"https:\/\/www.facebook.com\/salzburgerland\/\",\"https:\/\/x.com\/Salzburgerland\",\"https:\/\/www.instagram.com\/salzburgerland\/\",\"http:\/\/dbpedia.org\/resource\/Salzburg_(state)\",\"http:\/\/wikidata.dbpedia.org\/resource\/Q43325\",\"http:\/\/open.salzburgerland.com\/de\/entity\/salzburgerland\",\"https:\/\/www.youtube.com\/user\/salzburgerland\"]},{\"@type\":\"Person\",\"@id\":\"https:\/\/www.salzburgerland.com\/de\/#\/schema\/person\/cde8c8d045c58df7c7c1b05eb14774f1\",\"name\":\"Katharina Wohlfahrt\",\"image\":{\"@type\":\"ImageObject\",\"inLanguage\":\"de\",\"@id\":\"https:\/\/www.salzburgerland.com\/de\/#\/schema\/person\/image\/\",\"url\":\"https:\/\/secure.gravatar.com\/avatar\/3a09097c536e3805e74e46a9b8515e6c1f5d97d236ec0fdb91533f3c7834d459?s=96&d=mm&r=g\",\"contentUrl\":\"https:\/\/secure.gravatar.com\/avatar\/3a09097c536e3805e74e46a9b8515e6c1f5d97d236ec0fdb91533f3c7834d459?s=96&d=mm&r=g\",\"caption\":\"Katharina Wohlfahrt\"}}]}<\/script>\n<!-- \/ Yoast SEO Premium plugin. -->","yoast_head_json":{"title":"Gastro- & Kassenmitarbeiterin Daniela im Portrait | SalzbugerLand Tourismus","description":"\u201eDie Kombination aus See und Berg macht den Arbeitsplatz besonders.\u201c Daniela arbeitet bei der SchafbergBahn & WolfgangseeSchifffahrt.","robots":{"index":"index","follow":"follow","max-snippet":"max-snippet:-1","max-image-preview":"max-image-preview:large","max-video-preview":"max-video-preview:-1"},"canonical":"https:\/\/www.salzburgerland.com\/de\/wp-json\/wp\/v2\/posts\/656412","og_locale":"de_DE","og_type":"article","og_title":"Gastro- & Kassenmitarbeiterin Daniela","og_description":"\u201eDie Kombination aus See und Berg macht den Arbeitsplatz besonders.\u201c Daniela arbeitet bei der SchafbergBahn & WolfgangseeSchifffahrt.","og_url":"https:\/\/www.salzburgerland.com\/de\/wp-json\/wp\/v2\/posts\/656412","og_site_name":"SalzburgerLand.com","article_publisher":"https:\/\/www.facebook.com\/salzburgerland\/","article_published_time":"2022-10-10T14:39:07+00:00","article_modified_time":"2022-11-08T12:20:29+00:00","og_image":[{"width":1200,"height":675,"url":"https:\/\/www.salzburgerland.com\/de\/wp-content\/uploads\/2022\/10\/split-1200x675.png","type":"image\/png"}],"author":"Katharina Wohlfahrt","twitter_card":"summary_large_image","twitter_creator":"@Salzburgerland","twitter_site":"@Salzburgerland","twitter_misc":{"Verfasst von":"Katharina Wohlfahrt","Gesch\u00e4tzte Lesezeit":"5\u00a0Minuten"},"schema":{"@context":"https:\/\/schema.org","@graph":[{"@type":"WebPage","@id":"https:\/\/www.salzburgerland.com\/de\/gastro-und-kassenmitarbeiterin-daniela-im-portrait\/","url":"https:\/\/www.salzburgerland.com\/de\/gastro-und-kassenmitarbeiterin-daniela-im-portrait\/","name":"Gastro- & Kassenmitarbeiterin Daniela im Portrait | SalzbugerLand Tourismus","isPartOf":{"@id":"https:\/\/www.salzburgerland.com\/de\/#website"},"primaryImageOfPage":{"@id":"https:\/\/www.salzburgerland.com\/de\/gastro-und-kassenmitarbeiterin-daniela-im-portrait\/#primaryimage"},"image":{"@id":"https:\/\/www.salzburgerland.com\/de\/gastro-und-kassenmitarbeiterin-daniela-im-portrait\/#primaryimage"},"thumbnailUrl":"https:\/\/www.salzburgerland.com\/de\/wp-content\/uploads\/2022\/10\/split.png","datePublished":"2022-10-10T14:39:07+00:00","dateModified":"2022-11-08T12:20:29+00:00","description":"\u201eDie Kombination aus See und Berg macht den Arbeitsplatz besonders.\u201c Daniela arbeitet bei der SchafbergBahn & WolfgangseeSchifffahrt.","breadcrumb":{"@id":"https:\/\/www.salzburgerland.com\/de\/gastro-und-kassenmitarbeiterin-daniela-im-portrait\/#breadcrumb"},"inLanguage":"de","potentialAction":[{"@type":"ReadAction","target":["https:\/\/www.salzburgerland.com\/de\/gastro-und-kassenmitarbeiterin-daniela-im-portrait\/"]}]},{"@type":"ImageObject","inLanguage":"de","@id":"https:\/\/www.salzburgerland.com\/de\/gastro-und-kassenmitarbeiterin-daniela-im-portrait\/#primaryimage","url":"https:\/\/www.salzburgerland.com\/de\/wp-content\/uploads\/2022\/10\/split.png","contentUrl":"https:\/\/www.salzburgerland.com\/de\/wp-content\/uploads\/2022\/10\/split.png","width":1920,"height":1280,"caption":"Geteiltes Bild: Person im Freien auf einem Balkon, dann l\u00e4chelnd beim Servieren von Kaffee an einem Holztisch an einem Geb\u00e4ude."},{"@type":"BreadcrumbList","@id":"https:\/\/www.salzburgerland.com\/de\/gastro-und-kassenmitarbeiterin-daniela-im-portrait\/#breadcrumb","itemListElement":[{"@type":"ListItem","position":1,"name":"Lebens(t)r\u00e4ume","item":"https:\/\/www.salzburgerland.com\/de\/lebenstraeume\/"},{"@type":"ListItem","position":2,"name":"Gastro- &#038; Kassenmitarbeiterin Daniela"}]},{"@type":"WebSite","@id":"https:\/\/www.salzburgerland.com\/de\/#website","url":"https:\/\/www.salzburgerland.com\/de\/","name":"SalzburgerLand.com","description":"Ihr Urlaub in Salzburg, \u00d6sterreich","publisher":{"@id":"https:\/\/www.salzburgerland.com\/de\/#organization"},"potentialAction":[{"@type":"SearchAction","target":{"@type":"EntryPoint","urlTemplate":"https:\/\/www.salzburgerland.com\/de\/?s={search_term_string}"},"query-input":{"@type":"PropertyValueSpecification","valueRequired":true,"valueName":"search_term_string"}}],"inLanguage":"de"},{"@type":"Organization","@id":"https:\/\/www.salzburgerland.com\/de\/#organization","name":"SalzburgerLand Tourismus GmbH","url":"https:\/\/www.salzburgerland.com\/de\/","logo":{"@type":"ImageObject","inLanguage":"de","@id":"https:\/\/www.salzburgerland.com\/de\/#\/schema\/logo\/image\/","url":"https:\/\/www.salzburgerland.com\/de\/wp-content\/uploads\/2017\/01\/salzburgerland-logo.jpg","contentUrl":"https:\/\/www.salzburgerland.com\/de\/wp-content\/uploads\/2017\/01\/salzburgerland-logo.jpg","width":1920,"height":827,"caption":"SalzburgerLand Tourismus GmbH"},"image":{"@id":"https:\/\/www.salzburgerland.com\/de\/#\/schema\/logo\/image\/"},"sameAs":["https:\/\/www.facebook.com\/salzburgerland\/","https:\/\/x.com\/Salzburgerland","https:\/\/www.instagram.com\/salzburgerland\/","http:\/\/dbpedia.org\/resource\/Salzburg_(state)","http:\/\/wikidata.dbpedia.org\/resource\/Q43325","http:\/\/open.salzburgerland.com\/de\/entity\/salzburgerland","https:\/\/www.youtube.com\/user\/salzburgerland"]},{"@type":"Person","@id":"https:\/\/www.salzburgerland.com\/de\/#\/schema\/person\/cde8c8d045c58df7c7c1b05eb14774f1","name":"Katharina Wohlfahrt","image":{"@type":"ImageObject","inLanguage":"de","@id":"https:\/\/www.salzburgerland.com\/de\/#\/schema\/person\/image\/","url":"https:\/\/secure.gravatar.com\/avatar\/3a09097c536e3805e74e46a9b8515e6c1f5d97d236ec0fdb91533f3c7834d459?s=96&d=mm&r=g","contentUrl":"https:\/\/secure.gravatar.com\/avatar\/3a09097c536e3805e74e46a9b8515e6c1f5d97d236ec0fdb91533f3c7834d459?s=96&d=mm&r=g","caption":"Katharina Wohlfahrt"}}]}},"_wl_alt_label":[],"wl:entity_url":"http:\/\/open.salzburgerland.com\/de\/post\/life-coach-manfred-im-portrait-4","_links":{"self":[{"href":"https:\/\/www.salzburgerland.com\/de\/wp-json\/wp\/v2\/posts\/656412","targetHints":{"allow":["GET"]}}],"collection":[{"href":"https:\/\/www.salzburgerland.com\/de\/wp-json\/wp\/v2\/posts"}],"about":[{"href":"https:\/\/www.salzburgerland.com\/de\/wp-json\/wp\/v2\/types\/post"}],"author":[{"embeddable":true,"href":"https:\/\/www.salzburgerland.com\/de\/wp-json\/wp\/v2\/users\/95"}],"replies":[{"embeddable":true,"href":"https:\/\/www.salzburgerland.com\/de\/wp-json\/wp\/v2\/comments?post=656412"}],"version-history":[{"count":5,"href":"https:\/\/www.salzburgerland.com\/de\/wp-json\/wp\/v2\/posts\/656412\/revisions"}],"predecessor-version":[{"id":656435,"href":"https:\/\/www.salzburgerland.com\/de\/wp-json\/wp\/v2\/posts\/656412\/revisions\/656435"}],"wp:featuredmedia":[{"embeddable":true,"href":"https:\/\/www.salzburgerland.com\/de\/wp-json\/wp\/v2\/media\/656413"}],"wp:attachment":[{"href":"https:\/\/www.salzburgerland.com\/de\/wp-json\/wp\/v2\/media?parent=656412"}],"wp:term":[{"taxonomy":"category","embeddable":true,"href":"https:\/\/www.salzburgerland.com\/de\/wp-json\/wp\/v2\/categories?post=656412"},{"taxonomy":"post_tag","embeddable":true,"href":"https:\/\/www.salzburgerland.com\/de\/wp-json\/wp\/v2\/tags?post=656412"},{"taxonomy":"wl_entity_type","embeddable":true,"href":"https:\/\/www.salzburgerland.com\/de\/wp-json\/wp\/v2\/wl_entity_type?post=656412"}],"curies":[{"name":"wp","href":"https:\/\/api.w.org\/{rel}","templated":true}]}}