{"id":655614,"date":"2022-08-22T11:57:39","date_gmt":"2022-08-22T09:57:39","guid":{"rendered":"https:\/\/www.salzburgerland.com\/de\/?p=655614"},"modified":"2022-08-22T11:57:39","modified_gmt":"2022-08-22T09:57:39","slug":"landwirtschaftskammer","status":"publish","type":"post","link":"https:\/\/www.salzburgerland.com\/de\/landwirtschaftskammer\/","title":{"rendered":"Landwirtschaftskammer"},"content":{"rendered":"<h2>Landwirtschaft und Tourismus: Eine besondere Erfolgsgemeinschaft<\/h2>\n<p>\u201eDie Landwirtschaft bildet die Basis f\u00fcr einen erfolgreichen Tourismus. Die B\u00e4uerinnen und Bauern sichern durch die Pflege unserer unverwechselbaren Kulturlandschaft den Erholungswert f\u00fcr Einheimische und G\u00e4ste\u201c, so der Pr\u00e4sident der Landwirtschaftskammer Salzburg, Rupert Quehenberger. Eine weitere gro\u00dfe Rolle spielen naturnah erzeugte Lebensmittel, die direkt aus der Region kommen. \u201eDer Erfolg des im Jahr 2019 ins Leben gerufene SalzburgerLand Herkunft-Zertifikats zeigt, dass das Bewusstsein f\u00fcr die regionalen Spezialit\u00e4ten stark gestiegen ist. Der Salzburger Bauernherbst ist dabei gemeinsam mit der Gastronomie und Hotellerie ein wichtiger Partner f\u00fcr die Landwirtschaft. Der Dialog zu den Konsumenten macht die t\u00e4gliche b\u00e4uerliche Arbeit und somit auch seine Produkte und Leistungen greifbarer und wertvoller.\u201c<\/p>\n<p>Seit jeher sind die Salzburger B\u00e4uerinnen das Herz des Bauernherbstes. \u201eSie repr\u00e4sentieren mit gro\u00dfer Leidenschaft das b\u00e4uerliche Leben, bringen ihr Engagement bei Brauchtums-, Musik- und Volkstanzvereinen ein oder bereichern mit handgemachten Spezialit\u00e4ten die Bauernherbst-Feste\u201c, sagt die Salzburger Landesb\u00e4uerin und Vizepr\u00e4sidentin der Landwirtschaftskammer Salzburg Claudia Entleitner. Neben dem gemeinsamen Feiern und der b\u00e4uerlichen Kultur ist der Genuss von regionalen Speisen und Produkten die \u201edritte S\u00e4ule\u201c und damit ein unverzichtbarer Bestandteil des Salzburger Bauernherbstes. \u201eIch kann unseren B\u00e4uerinnen f\u00fcr die t\u00e4gliche Arbeit auf ihren H\u00f6fen und ihren gro\u00dfen Beitrag zum Erfolg des Salzburger Bauernherbstes nur die allerh\u00f6chste Wertsch\u00e4tzung aussprechen.\u201c<\/p>\n","protected":false},"excerpt":{"rendered":"<p>Landwirtschaft und Tourismus: Eine besondere Erfolgsgemeinschaft \u201eDie Landwirtschaft bildet die Basis f\u00fcr einen erfolgreichen Tourismus. Die B\u00e4uerinnen und Bauern sichern durch die Pflege unserer unverwechselbaren Kulturlandschaft den Erholungswert f\u00fcr Einheimische und G\u00e4ste\u201c, so der Pr\u00e4sident der Landwirtschaftskammer Salzburg, Rupert Quehenberger. Eine weitere gro\u00dfe Rolle spielen naturnah erzeugte Lebensmittel, die direkt aus der Region kommen. \u201eDer [&hellip;]<\/p>\n","protected":false},"author":44,"featured_media":655615,"comment_status":"closed","ping_status":"closed","sticky":false,"template":"","format":"standard","meta":{"_acf_changed":false,"wl_entities_gutenberg":"","_relevanssi_hide_post":"","_relevanssi_hide_content":"","_relevanssi_pin_for_all":"","_relevanssi_pin_keywords":"","_relevanssi_unpin_keywords":"","_relevanssi_related_keywords":"","_relevanssi_related_include_ids":"","_relevanssi_related_exclude_ids":"","_relevanssi_related_no_append":"","_relevanssi_related_not_related":"","_relevanssi_related_posts":"","_relevanssi_noindex_reason":"","footnotes":""},"categories":[1],"tags":[],"wl_entity_type":[11495],"class_list":["post-655614","post","type-post","status-publish","format-standard","has-post-thumbnail","hentry","category-allgemein","wl_entity_type-article"],"acf":[],"yoast_head":"<!-- This site is optimized with the Yoast SEO Premium plugin v26.9 (Yoast SEO v26.9) - https:\/\/yoast.com\/product\/yoast-seo-premium-wordpress\/ -->\n<title>Landwirtschaftskammer \u00bb SalzburgerLand.com<\/title>\n<meta name=\"robots\" content=\"index, follow, max-snippet:-1, max-image-preview:large, max-video-preview:-1\" \/>\n<link rel=\"canonical\" href=\"https:\/\/www.salzburgerland.com\/de\/wp-json\/wp\/v2\/posts\/655614\" \/>\n<meta property=\"og:locale\" content=\"de_DE\" \/>\n<meta property=\"og:type\" content=\"article\" \/>\n<meta property=\"og:title\" content=\"Landwirtschaftskammer\" \/>\n<meta property=\"og:description\" content=\"Landwirtschaft und Tourismus: Eine besondere Erfolgsgemeinschaft\" \/>\n<meta property=\"og:url\" content=\"https:\/\/www.salzburgerland.com\/de\/wp-json\/wp\/v2\/posts\/655614\" \/>\n<meta property=\"og:site_name\" content=\"SalzburgerLand.com\" \/>\n<meta property=\"article:publisher\" content=\"https:\/\/www.facebook.com\/salzburgerland\/\" \/>\n<meta property=\"article:published_time\" content=\"2022-08-22T09:57:39+00:00\" \/>\n<meta property=\"og:image\" content=\"https:\/\/www.salzburgerland.com\/de\/wp-content\/uploads\/2022\/08\/slt_pk_bauernherbst20220809020-1200x675.jpg\" \/>\n\t<meta property=\"og:image:width\" content=\"1200\" \/>\n\t<meta property=\"og:image:height\" content=\"675\" \/>\n\t<meta property=\"og:image:type\" content=\"image\/jpeg\" \/>\n<meta name=\"author\" content=\"Eveline Bimminger\" \/>\n<meta name=\"twitter:card\" content=\"summary_large_image\" \/>\n<meta name=\"twitter:creator\" content=\"@Salzburgerland\" \/>\n<meta name=\"twitter:site\" content=\"@Salzburgerland\" \/>\n<meta name=\"twitter:label1\" content=\"Verfasst von\" \/>\n\t<meta name=\"twitter:data1\" content=\"Eveline Bimminger\" \/>\n\t<meta name=\"twitter:label2\" content=\"Gesch\u00e4tzte Lesezeit\" \/>\n\t<meta name=\"twitter:data2\" content=\"2\u00a0Minuten\" \/>\n<script type=\"application\/ld+json\" class=\"yoast-schema-graph\">{\"@context\":\"https:\/\/schema.org\",\"@graph\":[{\"@type\":\"WebPage\",\"@id\":\"https:\/\/www.salzburgerland.com\/de\/landwirtschaftskammer\/\",\"url\":\"https:\/\/www.salzburgerland.com\/de\/landwirtschaftskammer\/\",\"name\":\"Landwirtschaftskammer \u00bb SalzburgerLand.com\",\"isPartOf\":{\"@id\":\"https:\/\/www.salzburgerland.com\/de\/#website\"},\"primaryImageOfPage\":{\"@id\":\"https:\/\/www.salzburgerland.com\/de\/landwirtschaftskammer\/#primaryimage\"},\"image\":{\"@id\":\"https:\/\/www.salzburgerland.com\/de\/landwirtschaftskammer\/#primaryimage\"},\"thumbnailUrl\":\"https:\/\/www.salzburgerland.com\/de\/wp-content\/uploads\/2022\/08\/slt_pk_bauernherbst20220809020-scaled.jpg\",\"datePublished\":\"2022-08-22T09:57:39+00:00\",\"description\":\"Landwirtschaft und Tourismus: Eine besondere Erfolgsgemeinschaft\",\"breadcrumb\":{\"@id\":\"https:\/\/www.salzburgerland.com\/de\/landwirtschaftskammer\/#breadcrumb\"},\"inLanguage\":\"de\",\"potentialAction\":[{\"@type\":\"ReadAction\",\"target\":[\"https:\/\/www.salzburgerland.com\/de\/landwirtschaftskammer\/\"]}]},{\"@type\":\"ImageObject\",\"inLanguage\":\"de\",\"@id\":\"https:\/\/www.salzburgerland.com\/de\/landwirtschaftskammer\/#primaryimage\",\"url\":\"https:\/\/www.salzburgerland.com\/de\/wp-content\/uploads\/2022\/08\/slt_pk_bauernherbst20220809020-scaled.jpg\",\"contentUrl\":\"https:\/\/www.salzburgerland.com\/de\/wp-content\/uploads\/2022\/08\/slt_pk_bauernherbst20220809020-scaled.jpg\",\"width\":1920,\"height\":1285,\"caption\":\"Bauernherbst in der Stiegl Brauwelt Im Bild der Samson aus Tamsweg mit Zwergen. Vorne Michael Fuchsberger (Obmann Samson Verein), Leo Bauernberger, Eveline Bimminger, Landeshauptmann Wilfried Haslauer, Landesb\u00e4uerein Claudia Entleitner und Landwirtschaftskammerpr\u00e4sident Rupert Quehenberger\"},{\"@type\":\"BreadcrumbList\",\"@id\":\"https:\/\/www.salzburgerland.com\/de\/landwirtschaftskammer\/#breadcrumb\",\"itemListElement\":[{\"@type\":\"ListItem\",\"position\":1,\"name\":\"Salzburger Bauernherbst\",\"item\":\"https:\/\/www.salzburgerland.com\/de\/bauernherbst\/\"},{\"@type\":\"ListItem\",\"position\":2,\"name\":\"Landwirtschaftskammer\"}]},{\"@type\":\"WebSite\",\"@id\":\"https:\/\/www.salzburgerland.com\/de\/#website\",\"url\":\"https:\/\/www.salzburgerland.com\/de\/\",\"name\":\"SalzburgerLand.com\",\"description\":\"Ihr Urlaub in Salzburg, \u00d6sterreich\",\"publisher\":{\"@id\":\"https:\/\/www.salzburgerland.com\/de\/#organization\"},\"potentialAction\":[{\"@type\":\"SearchAction\",\"target\":{\"@type\":\"EntryPoint\",\"urlTemplate\":\"https:\/\/www.salzburgerland.com\/de\/?s={search_term_string}\"},\"query-input\":{\"@type\":\"PropertyValueSpecification\",\"valueRequired\":true,\"valueName\":\"search_term_string\"}}],\"inLanguage\":\"de\"},{\"@type\":\"Organization\",\"@id\":\"https:\/\/www.salzburgerland.com\/de\/#organization\",\"name\":\"SalzburgerLand Tourismus GmbH\",\"url\":\"https:\/\/www.salzburgerland.com\/de\/\",\"logo\":{\"@type\":\"ImageObject\",\"inLanguage\":\"de\",\"@id\":\"https:\/\/www.salzburgerland.com\/de\/#\/schema\/logo\/image\/\",\"url\":\"https:\/\/www.salzburgerland.com\/de\/wp-content\/uploads\/2017\/01\/salzburgerland-logo.jpg\",\"contentUrl\":\"https:\/\/www.salzburgerland.com\/de\/wp-content\/uploads\/2017\/01\/salzburgerland-logo.jpg\",\"width\":1920,\"height\":827,\"caption\":\"SalzburgerLand Tourismus GmbH\"},\"image\":{\"@id\":\"https:\/\/www.salzburgerland.com\/de\/#\/schema\/logo\/image\/\"},\"sameAs\":[\"https:\/\/www.facebook.com\/salzburgerland\/\",\"https:\/\/x.com\/Salzburgerland\",\"https:\/\/www.instagram.com\/salzburgerland\/\",\"http:\/\/dbpedia.org\/resource\/Salzburg_(state)\",\"http:\/\/wikidata.dbpedia.org\/resource\/Q43325\",\"http:\/\/open.salzburgerland.com\/de\/entity\/salzburgerland\",\"https:\/\/www.youtube.com\/user\/salzburgerland\"]},{\"@type\":\"Person\",\"@id\":\"https:\/\/www.salzburgerland.com\/de\/#\/schema\/person\/65a80fc9026a6fbf40cc6089d70adb1d\",\"name\":\"Eveline Bimminger\",\"image\":{\"@type\":\"ImageObject\",\"inLanguage\":\"de\",\"@id\":\"https:\/\/www.salzburgerland.com\/de\/#\/schema\/person\/image\/\",\"url\":\"https:\/\/secure.gravatar.com\/avatar\/c5f95e995df475f57c321bf8b272f1a534921fbcb75dd2613c990ba9689a9128?s=96&d=mm&r=g\",\"contentUrl\":\"https:\/\/secure.gravatar.com\/avatar\/c5f95e995df475f57c321bf8b272f1a534921fbcb75dd2613c990ba9689a9128?s=96&d=mm&r=g\",\"caption\":\"Eveline Bimminger\"}}]}<\/script>\n<!-- \/ Yoast SEO Premium plugin. -->","yoast_head_json":{"title":"Landwirtschaftskammer \u00bb SalzburgerLand.com","robots":{"index":"index","follow":"follow","max-snippet":"max-snippet:-1","max-image-preview":"max-image-preview:large","max-video-preview":"max-video-preview:-1"},"canonical":"https:\/\/www.salzburgerland.com\/de\/wp-json\/wp\/v2\/posts\/655614","og_locale":"de_DE","og_type":"article","og_title":"Landwirtschaftskammer","og_description":"Landwirtschaft und Tourismus: Eine besondere Erfolgsgemeinschaft","og_url":"https:\/\/www.salzburgerland.com\/de\/wp-json\/wp\/v2\/posts\/655614","og_site_name":"SalzburgerLand.com","article_publisher":"https:\/\/www.facebook.com\/salzburgerland\/","article_published_time":"2022-08-22T09:57:39+00:00","og_image":[{"width":1200,"height":675,"url":"https:\/\/www.salzburgerland.com\/de\/wp-content\/uploads\/2022\/08\/slt_pk_bauernherbst20220809020-1200x675.jpg","type":"image\/jpeg"}],"author":"Eveline Bimminger","twitter_card":"summary_large_image","twitter_creator":"@Salzburgerland","twitter_site":"@Salzburgerland","twitter_misc":{"Verfasst von":"Eveline Bimminger","Gesch\u00e4tzte Lesezeit":"2\u00a0Minuten"},"schema":{"@context":"https:\/\/schema.org","@graph":[{"@type":"WebPage","@id":"https:\/\/www.salzburgerland.com\/de\/landwirtschaftskammer\/","url":"https:\/\/www.salzburgerland.com\/de\/landwirtschaftskammer\/","name":"Landwirtschaftskammer \u00bb SalzburgerLand.com","isPartOf":{"@id":"https:\/\/www.salzburgerland.com\/de\/#website"},"primaryImageOfPage":{"@id":"https:\/\/www.salzburgerland.com\/de\/landwirtschaftskammer\/#primaryimage"},"image":{"@id":"https:\/\/www.salzburgerland.com\/de\/landwirtschaftskammer\/#primaryimage"},"thumbnailUrl":"https:\/\/www.salzburgerland.com\/de\/wp-content\/uploads\/2022\/08\/slt_pk_bauernherbst20220809020-scaled.jpg","datePublished":"2022-08-22T09:57:39+00:00","description":"Landwirtschaft und Tourismus: Eine besondere Erfolgsgemeinschaft","breadcrumb":{"@id":"https:\/\/www.salzburgerland.com\/de\/landwirtschaftskammer\/#breadcrumb"},"inLanguage":"de","potentialAction":[{"@type":"ReadAction","target":["https:\/\/www.salzburgerland.com\/de\/landwirtschaftskammer\/"]}]},{"@type":"ImageObject","inLanguage":"de","@id":"https:\/\/www.salzburgerland.com\/de\/landwirtschaftskammer\/#primaryimage","url":"https:\/\/www.salzburgerland.com\/de\/wp-content\/uploads\/2022\/08\/slt_pk_bauernherbst20220809020-scaled.jpg","contentUrl":"https:\/\/www.salzburgerland.com\/de\/wp-content\/uploads\/2022\/08\/slt_pk_bauernherbst20220809020-scaled.jpg","width":1920,"height":1285,"caption":"Bauernherbst in der Stiegl Brauwelt Im Bild der Samson aus Tamsweg mit Zwergen. Vorne Michael Fuchsberger (Obmann Samson Verein), Leo Bauernberger, Eveline Bimminger, Landeshauptmann Wilfried Haslauer, Landesb\u00e4uerein Claudia Entleitner und Landwirtschaftskammerpr\u00e4sident Rupert Quehenberger"},{"@type":"BreadcrumbList","@id":"https:\/\/www.salzburgerland.com\/de\/landwirtschaftskammer\/#breadcrumb","itemListElement":[{"@type":"ListItem","position":1,"name":"Salzburger Bauernherbst","item":"https:\/\/www.salzburgerland.com\/de\/bauernherbst\/"},{"@type":"ListItem","position":2,"name":"Landwirtschaftskammer"}]},{"@type":"WebSite","@id":"https:\/\/www.salzburgerland.com\/de\/#website","url":"https:\/\/www.salzburgerland.com\/de\/","name":"SalzburgerLand.com","description":"Ihr Urlaub in Salzburg, \u00d6sterreich","publisher":{"@id":"https:\/\/www.salzburgerland.com\/de\/#organization"},"potentialAction":[{"@type":"SearchAction","target":{"@type":"EntryPoint","urlTemplate":"https:\/\/www.salzburgerland.com\/de\/?s={search_term_string}"},"query-input":{"@type":"PropertyValueSpecification","valueRequired":true,"valueName":"search_term_string"}}],"inLanguage":"de"},{"@type":"Organization","@id":"https:\/\/www.salzburgerland.com\/de\/#organization","name":"SalzburgerLand Tourismus GmbH","url":"https:\/\/www.salzburgerland.com\/de\/","logo":{"@type":"ImageObject","inLanguage":"de","@id":"https:\/\/www.salzburgerland.com\/de\/#\/schema\/logo\/image\/","url":"https:\/\/www.salzburgerland.com\/de\/wp-content\/uploads\/2017\/01\/salzburgerland-logo.jpg","contentUrl":"https:\/\/www.salzburgerland.com\/de\/wp-content\/uploads\/2017\/01\/salzburgerland-logo.jpg","width":1920,"height":827,"caption":"SalzburgerLand Tourismus GmbH"},"image":{"@id":"https:\/\/www.salzburgerland.com\/de\/#\/schema\/logo\/image\/"},"sameAs":["https:\/\/www.facebook.com\/salzburgerland\/","https:\/\/x.com\/Salzburgerland","https:\/\/www.instagram.com\/salzburgerland\/","http:\/\/dbpedia.org\/resource\/Salzburg_(state)","http:\/\/wikidata.dbpedia.org\/resource\/Q43325","http:\/\/open.salzburgerland.com\/de\/entity\/salzburgerland","https:\/\/www.youtube.com\/user\/salzburgerland"]},{"@type":"Person","@id":"https:\/\/www.salzburgerland.com\/de\/#\/schema\/person\/65a80fc9026a6fbf40cc6089d70adb1d","name":"Eveline Bimminger","image":{"@type":"ImageObject","inLanguage":"de","@id":"https:\/\/www.salzburgerland.com\/de\/#\/schema\/person\/image\/","url":"https:\/\/secure.gravatar.com\/avatar\/c5f95e995df475f57c321bf8b272f1a534921fbcb75dd2613c990ba9689a9128?s=96&d=mm&r=g","contentUrl":"https:\/\/secure.gravatar.com\/avatar\/c5f95e995df475f57c321bf8b272f1a534921fbcb75dd2613c990ba9689a9128?s=96&d=mm&r=g","caption":"Eveline Bimminger"}}]}},"_wl_alt_label":[],"wl:entity_url":"http:\/\/open.salzburgerland.com\/de\/post\/landwirtschaftsk-655614","_links":{"self":[{"href":"https:\/\/www.salzburgerland.com\/de\/wp-json\/wp\/v2\/posts\/655614","targetHints":{"allow":["GET"]}}],"collection":[{"href":"https:\/\/www.salzburgerland.com\/de\/wp-json\/wp\/v2\/posts"}],"about":[{"href":"https:\/\/www.salzburgerland.com\/de\/wp-json\/wp\/v2\/types\/post"}],"author":[{"embeddable":true,"href":"https:\/\/www.salzburgerland.com\/de\/wp-json\/wp\/v2\/users\/44"}],"replies":[{"embeddable":true,"href":"https:\/\/www.salzburgerland.com\/de\/wp-json\/wp\/v2\/comments?post=655614"}],"version-history":[{"count":1,"href":"https:\/\/www.salzburgerland.com\/de\/wp-json\/wp\/v2\/posts\/655614\/revisions"}],"predecessor-version":[{"id":655616,"href":"https:\/\/www.salzburgerland.com\/de\/wp-json\/wp\/v2\/posts\/655614\/revisions\/655616"}],"wp:featuredmedia":[{"embeddable":true,"href":"https:\/\/www.salzburgerland.com\/de\/wp-json\/wp\/v2\/media\/655615"}],"wp:attachment":[{"href":"https:\/\/www.salzburgerland.com\/de\/wp-json\/wp\/v2\/media?parent=655614"}],"wp:term":[{"taxonomy":"category","embeddable":true,"href":"https:\/\/www.salzburgerland.com\/de\/wp-json\/wp\/v2\/categories?post=655614"},{"taxonomy":"post_tag","embeddable":true,"href":"https:\/\/www.salzburgerland.com\/de\/wp-json\/wp\/v2\/tags?post=655614"},{"taxonomy":"wl_entity_type","embeddable":true,"href":"https:\/\/www.salzburgerland.com\/de\/wp-json\/wp\/v2\/wl_entity_type?post=655614"}],"curies":[{"name":"wp","href":"https:\/\/api.w.org\/{rel}","templated":true}]}}