{"id":654970,"date":"2022-07-18T15:41:57","date_gmt":"2022-07-18T13:41:57","guid":{"rendered":"https:\/\/www.salzburgerland.com\/de\/?p=654970"},"modified":"2022-07-19T12:02:43","modified_gmt":"2022-07-19T10:02:43","slug":"wald-trainerin-katharina","status":"publish","type":"post","link":"https:\/\/www.salzburgerland.com\/de\/wald-trainerin-katharina\/","title":{"rendered":"Wald-Trainerin Katharina"},"content":{"rendered":"\r\n<h2 class=\"wp-block-heading\" id=\"h-auf-das-museum-gekommen\">Vom Quereinsteiger zum Trendsetter<\/h2>\r\n\r\n\r\n\r\n<p>Wenn man das bezaubernde Chaletdorf am Fanningberg zum ersten Mal sieht, mag man kaum glauben, dass es nicht von langj\u00e4hrigen Branchenprofis gef\u00fchrt wird. Denn der Anblick, der sich einem bietet, ist wie aus dem sprichw\u00f6rtlichen Bilderbuch: gem\u00fctliche H\u00fctten, m\u00e4chtige Berggipfel, sattgr\u00fcne Tannenwipfel, sprudelnde B\u00e4chlein \u2026 F\u00fcr diesen Urlaubertraum mitten im <a href=\"https:\/\/www.lungau.at\/de\/\" target=\"_blank\" rel=\"noopener\">Salzburger Lungau<\/a> sind allerdings zwei absolute Quereinsteiger verantwortlich.<\/p>\r\n<img decoding=\"async\" class=\"alignnone wp-image-654972 size-1170_658\" src=\"https:\/\/cdn.salzburgerland.com\/de\/wp-content\/uploads\/2022\/07\/waldworkout-1170x658.jpg\" alt=\"\" width=\"1170\" height=\"658\" srcset=\"https:\/\/www.salzburgerland.com\/de\/wp-content\/uploads\/2022\/07\/waldworkout-1170x658.jpg 1170w, https:\/\/www.salzburgerland.com\/de\/wp-content\/uploads\/2022\/07\/waldworkout-1200x675.jpg 1200w\" sizes=\"(max-width: 1170px) 100vw, 1170px\">\r\n<p>\u00a0<\/p>\r\n<p>Die gelernte Kindergartenp\u00e4dagogin Katharina Bauer und ihr Mann Andreas, der beruflich eigentlich aus dem Tief- und Stra\u00dfenbau kommt, er\u00f6ffneten 2019 das <a href=\"https:\/\/www.almdorf-omlach.at\/\" target=\"_blank\" rel=\"noopener\">Almfdorf Omlach<\/a>\u00a0im Salzburger Lungau. Seit damals hat sich in der Welt viel getan \u2013 am urigen Fanningberg ist aber vieles gleich geblieben. Denn die Natur l\u00e4sst sich nun mal nicht von gesellschaftsbezogenen Trends beeindrucken.<\/p>\r\n<blockquote>\r\n<p>Es braucht nicht immer die volle Action, es ist auch mal sch\u00f6n, einfach nur dazusitzen und beim Fr\u00fchst\u00fccken dem Vogelzwitschern zuzuh\u00f6ren. Da sind wir sozusagen voll im Trend: Weg vom Trubel und zur\u00fcck zur Natur.<\/p>\r\n<\/blockquote>\r\n<img decoding=\"async\" class=\"alignnone size-1170_658 wp-image-654980\" src=\"https:\/\/cdn.salzburgerland.com\/de\/wp-content\/uploads\/2022\/07\/0b5a6004-1170x658.jpg\" alt=\"\" width=\"1170\" height=\"658\" srcset=\"https:\/\/www.salzburgerland.com\/de\/wp-content\/uploads\/2022\/07\/0b5a6004-1170x658.jpg 1170w, https:\/\/www.salzburgerland.com\/de\/wp-content\/uploads\/2022\/07\/0b5a6004-1200x675.jpg 1200w\" sizes=\"(max-width: 1170px) 100vw, 1170px\">\r\n\r\n\r\n\r\n\r\n\r\n<h2 class=\"wp-block-heading\">\u00a0<\/h2>\r\n<h2 id=\"h-was-es-bedeutet-im-stille-nacht-museum-zu-arbeiten\">Ein Spielplatz f\u00fcr die Kleinen<\/h2>\r\n\r\n\r\n\r\n<p>Wir haben Katharina gefragt, was ihr an ihrem Job am besten gef\u00e4llt: \u201eEs ist einfach abwechslungsreich, denn kein Tag ist wie der andere. Es ist immer irgendetwas Neues und Unvorhergesehenes dabei.\u201c Auch f\u00fcr die kleinen G\u00e4ste kommt trotz der Ruhe, die in der Lungauer Natur ausgekostet werden kann, keine Langeweile auf.<\/p>\r\n<p>Daf\u00fcr sorgt vor allem der riesengro\u00dfe Spielplatz direkt hinter dem Chaletdorf. Wer dabei an Sandkasten, Rutsche und Co. denkt, irrt jedoch.<\/p>\r\n<img decoding=\"async\" class=\"alignnone wp-image-654973 size-1170_658\" src=\"https:\/\/cdn.salzburgerland.com\/de\/wp-content\/uploads\/2022\/07\/0b5a5928-1170x658.jpg\" alt=\"\" width=\"1170\" height=\"658\" srcset=\"https:\/\/www.salzburgerland.com\/de\/wp-content\/uploads\/2022\/07\/0b5a5928-1170x658.jpg 1170w, https:\/\/www.salzburgerland.com\/de\/wp-content\/uploads\/2022\/07\/0b5a5928-1200x675.jpg 1200w\" sizes=\"(max-width: 1170px) 100vw, 1170px\">\r\n<blockquote>\r\n<p>Wir haben uns bewusst gegen einen klassischen Spielplatz entschieden. Weil wir finden, dass es so wichtig f\u00fcr die Kinder ist, wieder mit nat\u00fcrlichen Sachen zu spielen und zu lernen, sich mit sich selbst zu besch\u00e4ftigen, nicht nur mit vorgefertigtem Spielzeug.<\/p>\r\n<\/blockquote>\r\n<p>Ihre Ausbildung als Kindergartenp\u00e4dagogin kommt Katharina zugute, wenn sie den j\u00fcngsten Urlaubsg\u00e4sten jenen Spielplatz n\u00e4herbringt, wo sie als Kind selbst so viele Stunden verbracht hat. Im Rahmen des \u201eWaldkids\u201c-Programms nimmt sie die kleinen Entdecker mit zu spannenden Abenteuern im Wald. Wo aus \u201eZuschgeln\u201c (Lungauerisch f\u00fcr Tannenzapfen) K\u00fche, Menschen oder Fantasiewesen werden, und wo bei Bewegungsspielen und beim Bauen von Naturmandalas ganz von selbst eine Beziehung zur Natur entsteht. \u201eWir machen das mit den Kindern immer gleich am Anfang der Woche, damit sie wissen: Hey, wir brauchen nur \u00fcber den Zaun klettern, und dann ist da unser Spielplatz!\u201c<\/p>\r\n<img decoding=\"async\" class=\"alignnone wp-image-654974 size-1170_658\" src=\"https:\/\/cdn.salzburgerland.com\/de\/wp-content\/uploads\/2022\/07\/0b5a5913-1170x658.jpg\" alt=\"\" width=\"1170\" height=\"658\" srcset=\"https:\/\/www.salzburgerland.com\/de\/wp-content\/uploads\/2022\/07\/0b5a5913-1170x658.jpg 1170w, https:\/\/www.salzburgerland.com\/de\/wp-content\/uploads\/2022\/07\/0b5a5913-1200x675.jpg 1200w\" sizes=\"(max-width: 1170px) 100vw, 1170px\">\r\n<h2>\u00a0<\/h2>\r\n<h2 id=\"h-herausforderungen-und-chancen-des-vergangenen-jahres\">Wald-Workouts f\u00fcr die Gro\u00dfen<\/h2>\r\n\r\n\r\n\r\n\r\n\r\n<p class=\"is-layout-flow wp-block-quote-is-layout-flow\">Was den Kleinen guttut, ist auch f\u00fcr die Gro\u00dfen ein echter Mehrwert. Denn w\u00e4hrend die erwachsenen G\u00e4ste im Winter beim Ski-in\/Ski-out ihren Puls in die H\u00f6he treiben k\u00f6nnen, nimmt Katharina sie im Sommer kurzerhand mit zum Wald-Workout. Fernab von Spinning-Rad und Laufband wird hier in und mit der Natur an der pers\u00f6nlichen Fitness gearbeitet. \u201eObwohl die Runde meist dieselbe ist, gibt es im Wald immer irgendwas Neues. Mal liegt da zum Beispiel ein Ast am Boden, der dann einfach ins Workout eingebaut wird.\u201c<\/p>\r\n<p>Die N\u00e4he zur Natur macht f\u00fcr Katharina den wahren Mehrwert des Trainings aus:<\/p>\r\n<blockquote>\r\n<p>Auch wenn es noch so anstrengend ist \u2013 der Wald gibt einem einfach Kraft. Ich finde es viel entspannender, wenn man w\u00e4hrend dem Workout die V\u00f6gel zwitschern und das Bacherl rauschen h\u00f6rt. Auch der Geruch des Waldes ist sehr beruhigend.<\/p>\r\n<\/blockquote>\r\n<p><img decoding=\"async\" class=\"alignnone wp-image-654975 size-1170_658\" src=\"https:\/\/cdn.salzburgerland.com\/de\/wp-content\/uploads\/2022\/07\/0b5a6027-1170x658.jpg\" alt=\"\" width=\"1170\" height=\"658\" srcset=\"https:\/\/www.salzburgerland.com\/de\/wp-content\/uploads\/2022\/07\/0b5a6027-1170x658.jpg 1170w, https:\/\/www.salzburgerland.com\/de\/wp-content\/uploads\/2022\/07\/0b5a6027-1200x675.jpg 1200w\" sizes=\"(max-width: 1170px) 100vw, 1170px\"><\/p>\r\n\r\n\r\n\r\n\r\n\r\n<h2 class=\"wp-block-heading\">\u00a0<\/h2>\r\n<h2 id=\"h-mehr-besucher-innen-ein-herzenswunsch\">Genuss in der Gemeinschaft<\/h2>\r\n\r\n\r\n\r\n<p>Neben Sport und Naturerlebnis wird im Almdorf Omlach auch der Genuss gro\u00dfgeschrieben. Schon beim Fr\u00fchst\u00fcck genie\u00dfen die G\u00e4ste frische Milchprodukte von der nahegelegenen Alm, die von Katharinas Bruder bewirtschaftet wird. Dieses Miteinander macht f\u00fcr Katharina den gro\u00dfen Reiz des Lungaus aus:<\/p>\r\n<blockquote>\r\n<p>Wir d\u00fcrfen in einer wundersch\u00f6nen Gegend leben. Hier ist man mitten in der Natur, und es wird noch alles mit viel Liebe gemacht. Ich finde, das ist das Sch\u00f6ne bei uns, dass man sagt, wir helfen zusammen und wir halten zusammen.<\/p>\r\n<\/blockquote>\r\n","protected":false},"excerpt":{"rendered":"<p>Vom Quereinsteiger zum Trendsetter Wenn man das bezaubernde Chaletdorf am Fanningberg zum ersten Mal sieht, mag man kaum glauben, dass es nicht von langj\u00e4hrigen Branchenprofis gef\u00fchrt wird. Denn der Anblick, der sich einem bietet, ist wie aus dem sprichw\u00f6rtlichen Bilderbuch: gem\u00fctliche H\u00fctten, m\u00e4chtige Berggipfel, sattgr\u00fcne Tannenwipfel, sprudelnde B\u00e4chlein \u2026 F\u00fcr diesen Urlaubertraum mitten im Salzburger [&hellip;]<\/p>\n","protected":false},"author":95,"featured_media":654971,"comment_status":"closed","ping_status":"closed","sticky":false,"template":"","format":"standard","meta":{"_acf_changed":false,"wl_entities_gutenberg":"","_relevanssi_hide_post":"","_relevanssi_hide_content":"","_relevanssi_pin_for_all":"","_relevanssi_pin_keywords":"","_relevanssi_unpin_keywords":"","_relevanssi_related_keywords":"","_relevanssi_related_include_ids":"","_relevanssi_related_exclude_ids":"","_relevanssi_related_no_append":"","_relevanssi_related_not_related":"","_relevanssi_related_posts":"","_relevanssi_noindex_reason":"","footnotes":""},"categories":[1],"tags":[],"wl_entity_type":[11495,3,2],"class_list":["post-654970","post","type-post","status-publish","format-standard","has-post-thumbnail","hentry","category-allgemein","wl_entity_type-article","wl_entity_type-creative-work","wl_entity_type-thing"],"acf":[],"yoast_head":"<!-- This site is optimized with the Yoast SEO Premium plugin v26.9 (Yoast SEO v26.9) - https:\/\/yoast.com\/product\/yoast-seo-premium-wordpress\/ -->\n<title>Wald-Trainerin Katharina im Portrait | SalzburgerLand Tourismus<\/title>\n<meta name=\"description\" content=\"Die G\u00e4ste ihres Lungauer Chaletdorfs nimmt Katharina Bauer auf eine Sporteinheit der besonderen Art mit. Mehr \u00fcber Katharina und ihre Wald-Workouts!\" \/>\n<meta name=\"robots\" content=\"index, follow, max-snippet:-1, max-image-preview:large, max-video-preview:-1\" \/>\n<link rel=\"canonical\" href=\"https:\/\/www.salzburgerland.com\/de\/wp-json\/wp\/v2\/posts\/654970\" \/>\n<meta property=\"og:locale\" content=\"de_DE\" \/>\n<meta property=\"og:type\" content=\"article\" \/>\n<meta property=\"og:title\" content=\"Wald-Trainerin Katharina\" \/>\n<meta property=\"og:description\" content=\"Die G\u00e4ste ihres Lungauer Chaletdorfs nimmt Katharina Bauer auf eine Sporteinheit der besonderen Art mit. Mehr \u00fcber Katharina und ihre Wald-Workouts!\" \/>\n<meta property=\"og:url\" content=\"https:\/\/www.salzburgerland.com\/de\/wp-json\/wp\/v2\/posts\/654970\" \/>\n<meta property=\"og:site_name\" content=\"SalzburgerLand.com\" \/>\n<meta property=\"article:publisher\" content=\"https:\/\/www.facebook.com\/salzburgerland\/\" \/>\n<meta property=\"article:published_time\" content=\"2022-07-18T13:41:57+00:00\" \/>\n<meta property=\"article:modified_time\" content=\"2022-07-19T10:02:43+00:00\" \/>\n<meta property=\"og:image\" content=\"https:\/\/www.salzburgerland.com\/de\/wp-content\/uploads\/2022\/07\/split-1-1200x675.png\" \/>\n\t<meta property=\"og:image:width\" content=\"1200\" \/>\n\t<meta property=\"og:image:height\" content=\"675\" \/>\n\t<meta property=\"og:image:type\" content=\"image\/png\" \/>\n<meta name=\"author\" content=\"Katharina Wohlfahrt\" \/>\n<meta name=\"twitter:card\" content=\"summary_large_image\" \/>\n<meta name=\"twitter:creator\" content=\"@Salzburgerland\" \/>\n<meta name=\"twitter:site\" content=\"@Salzburgerland\" \/>\n<meta name=\"twitter:label1\" content=\"Verfasst von\" \/>\n\t<meta name=\"twitter:data1\" content=\"Katharina Wohlfahrt\" \/>\n\t<meta name=\"twitter:label2\" content=\"Gesch\u00e4tzte Lesezeit\" \/>\n\t<meta name=\"twitter:data2\" content=\"5\u00a0Minuten\" \/>\n<script type=\"application\/ld+json\" class=\"yoast-schema-graph\">{\"@context\":\"https:\/\/schema.org\",\"@graph\":[{\"@type\":\"WebPage\",\"@id\":\"https:\/\/www.salzburgerland.com\/de\/wald-trainerin-katharina\/\",\"url\":\"https:\/\/www.salzburgerland.com\/de\/wald-trainerin-katharina\/\",\"name\":\"Wald-Trainerin Katharina im Portrait | SalzburgerLand Tourismus\",\"isPartOf\":{\"@id\":\"https:\/\/www.salzburgerland.com\/de\/#website\"},\"primaryImageOfPage\":{\"@id\":\"https:\/\/www.salzburgerland.com\/de\/wald-trainerin-katharina\/#primaryimage\"},\"image\":{\"@id\":\"https:\/\/www.salzburgerland.com\/de\/wald-trainerin-katharina\/#primaryimage\"},\"thumbnailUrl\":\"https:\/\/www.salzburgerland.com\/de\/wp-content\/uploads\/2022\/07\/split-1.png\",\"datePublished\":\"2022-07-18T13:41:57+00:00\",\"dateModified\":\"2022-07-19T10:02:43+00:00\",\"description\":\"Die G\u00e4ste ihres Lungauer Chaletdorfs nimmt Katharina Bauer auf eine Sporteinheit der besonderen Art mit. Mehr \u00fcber Katharina und ihre Wald-Workouts!\",\"breadcrumb\":{\"@id\":\"https:\/\/www.salzburgerland.com\/de\/wald-trainerin-katharina\/#breadcrumb\"},\"inLanguage\":\"de\",\"potentialAction\":[{\"@type\":\"ReadAction\",\"target\":[\"https:\/\/www.salzburgerland.com\/de\/wald-trainerin-katharina\/\"]}]},{\"@type\":\"ImageObject\",\"inLanguage\":\"de\",\"@id\":\"https:\/\/www.salzburgerland.com\/de\/wald-trainerin-katharina\/#primaryimage\",\"url\":\"https:\/\/www.salzburgerland.com\/de\/wp-content\/uploads\/2022\/07\/split-1.png\",\"contentUrl\":\"https:\/\/www.salzburgerland.com\/de\/wp-content\/uploads\/2022\/07\/split-1.png\",\"width\":1772,\"height\":1181,\"caption\":\"Geteiltes Bild: Links, l\u00e4chelnde Frau mit H\u00e4nden in den H\u00fcften. Rechts, zwei Frauen, die auf einem Baumstumpf in einem Wald stehen.\"},{\"@type\":\"BreadcrumbList\",\"@id\":\"https:\/\/www.salzburgerland.com\/de\/wald-trainerin-katharina\/#breadcrumb\",\"itemListElement\":[{\"@type\":\"ListItem\",\"position\":1,\"name\":\"Lebens(t)r\u00e4ume\",\"item\":\"https:\/\/www.salzburgerland.com\/de\/lebenstraeume\/\"},{\"@type\":\"ListItem\",\"position\":2,\"name\":\"Wald-Trainerin Katharina\"}]},{\"@type\":\"WebSite\",\"@id\":\"https:\/\/www.salzburgerland.com\/de\/#website\",\"url\":\"https:\/\/www.salzburgerland.com\/de\/\",\"name\":\"SalzburgerLand.com\",\"description\":\"Ihr Urlaub in Salzburg, \u00d6sterreich\",\"publisher\":{\"@id\":\"https:\/\/www.salzburgerland.com\/de\/#organization\"},\"potentialAction\":[{\"@type\":\"SearchAction\",\"target\":{\"@type\":\"EntryPoint\",\"urlTemplate\":\"https:\/\/www.salzburgerland.com\/de\/?s={search_term_string}\"},\"query-input\":{\"@type\":\"PropertyValueSpecification\",\"valueRequired\":true,\"valueName\":\"search_term_string\"}}],\"inLanguage\":\"de\"},{\"@type\":\"Organization\",\"@id\":\"https:\/\/www.salzburgerland.com\/de\/#organization\",\"name\":\"SalzburgerLand Tourismus GmbH\",\"url\":\"https:\/\/www.salzburgerland.com\/de\/\",\"logo\":{\"@type\":\"ImageObject\",\"inLanguage\":\"de\",\"@id\":\"https:\/\/www.salzburgerland.com\/de\/#\/schema\/logo\/image\/\",\"url\":\"https:\/\/www.salzburgerland.com\/de\/wp-content\/uploads\/2017\/01\/salzburgerland-logo.jpg\",\"contentUrl\":\"https:\/\/www.salzburgerland.com\/de\/wp-content\/uploads\/2017\/01\/salzburgerland-logo.jpg\",\"width\":1920,\"height\":827,\"caption\":\"SalzburgerLand Tourismus GmbH\"},\"image\":{\"@id\":\"https:\/\/www.salzburgerland.com\/de\/#\/schema\/logo\/image\/\"},\"sameAs\":[\"https:\/\/www.facebook.com\/salzburgerland\/\",\"https:\/\/x.com\/Salzburgerland\",\"https:\/\/www.instagram.com\/salzburgerland\/\",\"http:\/\/dbpedia.org\/resource\/Salzburg_(state)\",\"http:\/\/wikidata.dbpedia.org\/resource\/Q43325\",\"http:\/\/open.salzburgerland.com\/de\/entity\/salzburgerland\",\"https:\/\/www.youtube.com\/user\/salzburgerland\"]},{\"@type\":\"Person\",\"@id\":\"https:\/\/www.salzburgerland.com\/de\/#\/schema\/person\/cde8c8d045c58df7c7c1b05eb14774f1\",\"name\":\"Katharina Wohlfahrt\",\"image\":{\"@type\":\"ImageObject\",\"inLanguage\":\"de\",\"@id\":\"https:\/\/www.salzburgerland.com\/de\/#\/schema\/person\/image\/\",\"url\":\"https:\/\/secure.gravatar.com\/avatar\/3a09097c536e3805e74e46a9b8515e6c1f5d97d236ec0fdb91533f3c7834d459?s=96&d=mm&r=g\",\"contentUrl\":\"https:\/\/secure.gravatar.com\/avatar\/3a09097c536e3805e74e46a9b8515e6c1f5d97d236ec0fdb91533f3c7834d459?s=96&d=mm&r=g\",\"caption\":\"Katharina Wohlfahrt\"}}]}<\/script>\n<!-- \/ Yoast SEO Premium plugin. -->","yoast_head_json":{"title":"Wald-Trainerin Katharina im Portrait | SalzburgerLand Tourismus","description":"Die G\u00e4ste ihres Lungauer Chaletdorfs nimmt Katharina Bauer auf eine Sporteinheit der besonderen Art mit. Mehr \u00fcber Katharina und ihre Wald-Workouts!","robots":{"index":"index","follow":"follow","max-snippet":"max-snippet:-1","max-image-preview":"max-image-preview:large","max-video-preview":"max-video-preview:-1"},"canonical":"https:\/\/www.salzburgerland.com\/de\/wp-json\/wp\/v2\/posts\/654970","og_locale":"de_DE","og_type":"article","og_title":"Wald-Trainerin Katharina","og_description":"Die G\u00e4ste ihres Lungauer Chaletdorfs nimmt Katharina Bauer auf eine Sporteinheit der besonderen Art mit. Mehr \u00fcber Katharina und ihre Wald-Workouts!","og_url":"https:\/\/www.salzburgerland.com\/de\/wp-json\/wp\/v2\/posts\/654970","og_site_name":"SalzburgerLand.com","article_publisher":"https:\/\/www.facebook.com\/salzburgerland\/","article_published_time":"2022-07-18T13:41:57+00:00","article_modified_time":"2022-07-19T10:02:43+00:00","og_image":[{"width":1200,"height":675,"url":"https:\/\/www.salzburgerland.com\/de\/wp-content\/uploads\/2022\/07\/split-1-1200x675.png","type":"image\/png"}],"author":"Katharina Wohlfahrt","twitter_card":"summary_large_image","twitter_creator":"@Salzburgerland","twitter_site":"@Salzburgerland","twitter_misc":{"Verfasst von":"Katharina Wohlfahrt","Gesch\u00e4tzte Lesezeit":"5\u00a0Minuten"},"schema":{"@context":"https:\/\/schema.org","@graph":[{"@type":"WebPage","@id":"https:\/\/www.salzburgerland.com\/de\/wald-trainerin-katharina\/","url":"https:\/\/www.salzburgerland.com\/de\/wald-trainerin-katharina\/","name":"Wald-Trainerin Katharina im Portrait | SalzburgerLand Tourismus","isPartOf":{"@id":"https:\/\/www.salzburgerland.com\/de\/#website"},"primaryImageOfPage":{"@id":"https:\/\/www.salzburgerland.com\/de\/wald-trainerin-katharina\/#primaryimage"},"image":{"@id":"https:\/\/www.salzburgerland.com\/de\/wald-trainerin-katharina\/#primaryimage"},"thumbnailUrl":"https:\/\/www.salzburgerland.com\/de\/wp-content\/uploads\/2022\/07\/split-1.png","datePublished":"2022-07-18T13:41:57+00:00","dateModified":"2022-07-19T10:02:43+00:00","description":"Die G\u00e4ste ihres Lungauer Chaletdorfs nimmt Katharina Bauer auf eine Sporteinheit der besonderen Art mit. Mehr \u00fcber Katharina und ihre Wald-Workouts!","breadcrumb":{"@id":"https:\/\/www.salzburgerland.com\/de\/wald-trainerin-katharina\/#breadcrumb"},"inLanguage":"de","potentialAction":[{"@type":"ReadAction","target":["https:\/\/www.salzburgerland.com\/de\/wald-trainerin-katharina\/"]}]},{"@type":"ImageObject","inLanguage":"de","@id":"https:\/\/www.salzburgerland.com\/de\/wald-trainerin-katharina\/#primaryimage","url":"https:\/\/www.salzburgerland.com\/de\/wp-content\/uploads\/2022\/07\/split-1.png","contentUrl":"https:\/\/www.salzburgerland.com\/de\/wp-content\/uploads\/2022\/07\/split-1.png","width":1772,"height":1181,"caption":"Geteiltes Bild: Links, l\u00e4chelnde Frau mit H\u00e4nden in den H\u00fcften. Rechts, zwei Frauen, die auf einem Baumstumpf in einem Wald stehen."},{"@type":"BreadcrumbList","@id":"https:\/\/www.salzburgerland.com\/de\/wald-trainerin-katharina\/#breadcrumb","itemListElement":[{"@type":"ListItem","position":1,"name":"Lebens(t)r\u00e4ume","item":"https:\/\/www.salzburgerland.com\/de\/lebenstraeume\/"},{"@type":"ListItem","position":2,"name":"Wald-Trainerin Katharina"}]},{"@type":"WebSite","@id":"https:\/\/www.salzburgerland.com\/de\/#website","url":"https:\/\/www.salzburgerland.com\/de\/","name":"SalzburgerLand.com","description":"Ihr Urlaub in Salzburg, \u00d6sterreich","publisher":{"@id":"https:\/\/www.salzburgerland.com\/de\/#organization"},"potentialAction":[{"@type":"SearchAction","target":{"@type":"EntryPoint","urlTemplate":"https:\/\/www.salzburgerland.com\/de\/?s={search_term_string}"},"query-input":{"@type":"PropertyValueSpecification","valueRequired":true,"valueName":"search_term_string"}}],"inLanguage":"de"},{"@type":"Organization","@id":"https:\/\/www.salzburgerland.com\/de\/#organization","name":"SalzburgerLand Tourismus GmbH","url":"https:\/\/www.salzburgerland.com\/de\/","logo":{"@type":"ImageObject","inLanguage":"de","@id":"https:\/\/www.salzburgerland.com\/de\/#\/schema\/logo\/image\/","url":"https:\/\/www.salzburgerland.com\/de\/wp-content\/uploads\/2017\/01\/salzburgerland-logo.jpg","contentUrl":"https:\/\/www.salzburgerland.com\/de\/wp-content\/uploads\/2017\/01\/salzburgerland-logo.jpg","width":1920,"height":827,"caption":"SalzburgerLand Tourismus GmbH"},"image":{"@id":"https:\/\/www.salzburgerland.com\/de\/#\/schema\/logo\/image\/"},"sameAs":["https:\/\/www.facebook.com\/salzburgerland\/","https:\/\/x.com\/Salzburgerland","https:\/\/www.instagram.com\/salzburgerland\/","http:\/\/dbpedia.org\/resource\/Salzburg_(state)","http:\/\/wikidata.dbpedia.org\/resource\/Q43325","http:\/\/open.salzburgerland.com\/de\/entity\/salzburgerland","https:\/\/www.youtube.com\/user\/salzburgerland"]},{"@type":"Person","@id":"https:\/\/www.salzburgerland.com\/de\/#\/schema\/person\/cde8c8d045c58df7c7c1b05eb14774f1","name":"Katharina Wohlfahrt","image":{"@type":"ImageObject","inLanguage":"de","@id":"https:\/\/www.salzburgerland.com\/de\/#\/schema\/person\/image\/","url":"https:\/\/secure.gravatar.com\/avatar\/3a09097c536e3805e74e46a9b8515e6c1f5d97d236ec0fdb91533f3c7834d459?s=96&d=mm&r=g","contentUrl":"https:\/\/secure.gravatar.com\/avatar\/3a09097c536e3805e74e46a9b8515e6c1f5d97d236ec0fdb91533f3c7834d459?s=96&d=mm&r=g","caption":"Katharina Wohlfahrt"}}]}},"_wl_alt_label":[],"wl:entity_url":"http:\/\/open.salzburgerland.com\/de\/post\/life-coach-manfred-im-portrait-2","_links":{"self":[{"href":"https:\/\/www.salzburgerland.com\/de\/wp-json\/wp\/v2\/posts\/654970","targetHints":{"allow":["GET"]}}],"collection":[{"href":"https:\/\/www.salzburgerland.com\/de\/wp-json\/wp\/v2\/posts"}],"about":[{"href":"https:\/\/www.salzburgerland.com\/de\/wp-json\/wp\/v2\/types\/post"}],"author":[{"embeddable":true,"href":"https:\/\/www.salzburgerland.com\/de\/wp-json\/wp\/v2\/users\/95"}],"replies":[{"embeddable":true,"href":"https:\/\/www.salzburgerland.com\/de\/wp-json\/wp\/v2\/comments?post=654970"}],"version-history":[{"count":5,"href":"https:\/\/www.salzburgerland.com\/de\/wp-json\/wp\/v2\/posts\/654970\/revisions"}],"predecessor-version":[{"id":655044,"href":"https:\/\/www.salzburgerland.com\/de\/wp-json\/wp\/v2\/posts\/654970\/revisions\/655044"}],"wp:featuredmedia":[{"embeddable":true,"href":"https:\/\/www.salzburgerland.com\/de\/wp-json\/wp\/v2\/media\/654971"}],"wp:attachment":[{"href":"https:\/\/www.salzburgerland.com\/de\/wp-json\/wp\/v2\/media?parent=654970"}],"wp:term":[{"taxonomy":"category","embeddable":true,"href":"https:\/\/www.salzburgerland.com\/de\/wp-json\/wp\/v2\/categories?post=654970"},{"taxonomy":"post_tag","embeddable":true,"href":"https:\/\/www.salzburgerland.com\/de\/wp-json\/wp\/v2\/tags?post=654970"},{"taxonomy":"wl_entity_type","embeddable":true,"href":"https:\/\/www.salzburgerland.com\/de\/wp-json\/wp\/v2\/wl_entity_type?post=654970"}],"curies":[{"name":"wp","href":"https:\/\/api.w.org\/{rel}","templated":true}]}}