{"id":654579,"date":"2022-06-27T14:29:38","date_gmt":"2022-06-27T12:29:38","guid":{"rendered":"https:\/\/www.salzburgerland.com\/de\/?p=654579"},"modified":"2022-06-30T14:50:22","modified_gmt":"2022-06-30T12:50:22","slug":"life-coach-manfred-im-portrait","status":"publish","type":"post","link":"https:\/\/www.salzburgerland.com\/de\/life-coach-manfred-im-portrait\/","title":{"rendered":"Life Coach Manfred"},"content":{"rendered":"\r\n<h2 class=\"wp-block-heading\" id=\"h-auf-das-museum-gekommen\">Manfreds Weg zu einem ausbalancierten Leben<\/h2>\r\n\r\n\r\n\r\n<p>Bevor Manfred das <a href=\"https:\/\/www.gratzgut.at\/das-gratzgut-tamsweg.html\" target=\"_blank\" rel=\"noopener\">Gratzgut<\/a> von seinen Eltern \u00fcbernommen hat, war er Schwei\u00dfer: \u201eIch habe sehr viel gearbeitet, und das ist mir irgendwann zu viel geworden. Als ich gesundheitliche Probleme bekam, wurde mir bewusst, dass ich einen neuen Weg einschlagen muss.\u201c Er entschied sich f\u00fcr eine dreij\u00e4hrige Shiatsu-Ausbildung: \u201eIn dieser Zeit hat sich einiges ver\u00e4ndert. Ich habe ein besseres Verst\u00e4ndnis f\u00fcr meinen K\u00f6rper bekommen, neue Sichtweisen erlangt und Ideen entwickelt.\u201c<\/p>\r\n<img decoding=\"async\" class=\"alignnone size-1170_658 wp-image-654581\" src=\"https:\/\/cdn.salzburgerland.com\/de\/wp-content\/uploads\/2022\/06\/0b5a6163-1170x658.jpg\" alt=\"\" width=\"1170\" height=\"658\" srcset=\"https:\/\/www.salzburgerland.com\/de\/wp-content\/uploads\/2022\/06\/0b5a6163-1170x658.jpg 1170w, https:\/\/www.salzburgerland.com\/de\/wp-content\/uploads\/2022\/06\/0b5a6163-1200x675.jpg 1200w\" sizes=\"(max-width: 1170px) 100vw, 1170px\">\r\n<p>\u00a0<\/p>\r\n<p>Eine dieser Ideen: ein Green-Care-Auszeithof, den er gemeinsam mit seiner Frau ins Leben gerufen hat. Der Bauernhof l\u00e4dt Menschen dazu ein, die Ressourcen vor Ort zu nutzen \u2013 mit dem Ziel, die pers\u00f6nlichen Ressourcen optimal einzusetzen, wenn man so will. F\u00fcr Manfred geht es dabei insbesondere um das Zusammenspiel von K\u00f6rper und Psyche, weshalb er zus\u00e4tzlich eine Ausbildung zum Lebens- und Sozialberater absolvierte.<\/p>\r\n<blockquote>\r\n<p>Mit dem Gratzgut bieten wir Gutes f\u00fcr Leib und Seele. Unsere G\u00e4ste sollen ihren Aufenthalt als Auszeit vom Alltag sehen. Im Fokus steht die individuelle Potenzialentfaltung. Das hei\u00dft nicht, dass ich Menschen ver\u00e4ndere, sondern die Ver\u00e4nderung passiert aus ihnen heraus.<\/p>\r\n<\/blockquote>\r\n\r\n\r\n\r\n\r\n\r\n<h2 class=\"wp-block-heading\" id=\"h-was-es-bedeutet-im-stille-nacht-museum-zu-arbeiten\">Das Seminarangebot am Gratzgut im Salzburger Lungau<\/h2>\r\n\r\n\r\n\r\n<p>Manfreds <a href=\"https:\/\/www.gratzgut.at\/seminarkalender.html\" target=\"_blank\" rel=\"noopener\">Seminare<\/a> richten sich vor allem an Berufst\u00e4tige, die sehr viel arbeiten. Die merken, dass sich die Arbeit auf ihre Gesundheit auswirkt oder auswirken k\u00f6nnte: \u201eMenschen, die zu mir kommen, sind noch nicht krank. Ich arbeite mit Personen, die pr\u00e4ventiv etwas tun wollen. Und Unterst\u00fctzung brauchen, um ihr Leben so zu gestalten, dass sie keine gesundheitlichen Sch\u00e4den davontragen.\u201c<\/p>\r\n\r\n\r\n\r\n\r\n\r\n<img decoding=\"async\" class=\"alignnone size-1170_658 wp-image-654582\" src=\"https:\/\/cdn.salzburgerland.com\/de\/wp-content\/uploads\/2022\/06\/0b5a6158-1170x658.jpg\" alt=\"\" width=\"1170\" height=\"658\" srcset=\"https:\/\/www.salzburgerland.com\/de\/wp-content\/uploads\/2022\/06\/0b5a6158-1170x658.jpg 1170w, https:\/\/www.salzburgerland.com\/de\/wp-content\/uploads\/2022\/06\/0b5a6158-1200x675.jpg 1200w\" sizes=\"(max-width: 1170px) 100vw, 1170px\">\r\n<p>\u00a0<\/p>\r\n<p>Resilienz, Achtsamkeit, Sinnfindung: Manfred bietet einen fixen Jahresplan und Tagesseminare an. Aber auch eine ganze Auszeitwoche, in der man sich intensiv jeden Tag mit sich selbst besch\u00e4ftigt. Wo komme ich her? Wohin m\u00f6chte ich mich entwickeln? Wann Seminare stattfinden, h\u00e4ngt aktuell noch stark von der Landwirtschaft ab: In ruhigeren Monaten sind zwei bis drei Seminare im Monat m\u00f6glich. Zudem sind die Termine haupts\u00e4chlich am Wochenende geblockt, damit sich die Menschen nicht extra freinehmen m\u00fcssen.<\/p>\r\n<p><strong>\u00dcbrigens:<\/strong> Manfred wei\u00df aus eigener Erfahrung, dass sich M\u00e4nner in der Regel mit der Selbstreflexion etwas schwerer tun. Genau aus diesem Grund bietet er f\u00fcr diese Zielgruppe eigene Seminare an.<\/p>\r\n<h2 class=\"wp-block-heading\" id=\"h-herausforderungen-und-chancen-des-vergangenen-jahres\">Eine vielf\u00e4ltige T\u00e4tigkeit als (sch\u00f6ne) Herausforderung<\/h2>\r\n\r\n\r\n\r\n\r\n\r\n<p class=\"is-layout-flow wp-block-quote-is-layout-flow\">Neben Kleingruppenseminaren z\u00e4hlen auch Einzelsitzungen zu Manfreds Angebot: \u201eIch habe Shiatsu-Behandlungen und Sozialberatungen, die ich stundenweise anbiete, dazu die Gruppenseminare und eben die Landwirtschaft. Das alles erg\u00e4nzt sich gut. F\u00fcr mich ist gerade diese Vielfalt und Abwechslung wichtig. Das k\u00f6rperliche Schaffen und dann wieder die Arbeit mit Menschen. Mit den Tieren und der Natur. Wenn ich ein Wochenende auf dem Feld war, freue ich mich auf Shiatsu-Behandlungen. Umgekehrt, wenn ich viel mit Menschen zu tun hatte, genie\u00dfe ich die Ruhe im Stall oder im Wald. Ich brauche diesen Ausgleich.\u201c<\/p>\r\n<p><img decoding=\"async\" class=\"alignnone size-1170_658 wp-image-654584\" src=\"https:\/\/cdn.salzburgerland.com\/de\/wp-content\/uploads\/2022\/06\/0b5a6141-1170x658.jpg\" alt=\"\" width=\"1170\" height=\"658\" srcset=\"https:\/\/www.salzburgerland.com\/de\/wp-content\/uploads\/2022\/06\/0b5a6141-1170x658.jpg 1170w, https:\/\/www.salzburgerland.com\/de\/wp-content\/uploads\/2022\/06\/0b5a6141-1200x675.jpg 1200w\" sizes=\"(max-width: 1170px) 100vw, 1170px\"><\/p>\r\n<p>\u00a0<\/p>\r\n<p>Gleichzeitig ist diese Vielfalt f\u00fcr ihn aber auch fordernd, da er stets versucht, allem bestm\u00f6glich gerecht zu werden. Schlie\u00dflich gilt es, auch die Balance mit sich selbst zu halten. Zeit f\u00fcr sich und seine Familie zu haben. Das ist die gro\u00dfe Herausforderung.<\/p>\r\n\r\n\r\n\r\n\r\n\r\n<h2 class=\"wp-block-heading\" id=\"h-mehr-besucher-innen-ein-herzenswunsch\">Von Sinnhaftigkeit, Stress und Begeisterung<\/h2>\r\n\r\n\r\n\r\n<p>Unser erster Gedanke, als wir Manfred getroffen haben? Er ist die Ruhe in Person \u2013 und das, obwohl er schon einiges erlebt und auch heute noch viel um die Ohren hat. \u201eDas Arbeitspensum ist nicht weniger geworden. Aber die Freude daran und der Sinn haben sich ge\u00e4ndert. Die Vielfalt. Wer ein ausbalanciertes, harmonisches Leben f\u00fchrt, steht viel besser im Alltag \u2013 und h\u00e4lt auch mehr Stress und Druck aus. Im Grunde ist es dann gar kein Stress mehr, sondern Begeisterung.\u201c, erkl\u00e4rt Manfred. Genau darin liegt seiner Meinung nach der Unterschied:<\/p>\r\n<blockquote>\r\n<p>Wir reden immer von Stress. Aber wenn man etwas mit Begeisterung macht, dann wird der Stress nicht als negativ empfunden. Man bleibt dabei gesund. Nat\u00fcrlich ist es trotzdem wichtig, auf den K\u00f6rper schauen \u2013 man soll aber eben auch mit Freude einer sinnhaften Besch\u00e4ftigung nachgehen.<\/p>\r\n<\/blockquote>\r\n\r\n\r\n\r\n<img decoding=\"async\" class=\"alignnone size-1170_658 wp-image-654583\" src=\"https:\/\/cdn.salzburgerland.com\/de\/wp-content\/uploads\/2022\/06\/0b5a6114-1170x658.jpg\" alt=\"\" width=\"1170\" height=\"658\" srcset=\"https:\/\/www.salzburgerland.com\/de\/wp-content\/uploads\/2022\/06\/0b5a6114-1170x658.jpg 1170w, https:\/\/www.salzburgerland.com\/de\/wp-content\/uploads\/2022\/06\/0b5a6114-1200x675.jpg 1200w\" sizes=\"(max-width: 1170px) 100vw, 1170px\">\r\n<p>\u00a0<\/p>\r\n<h2>Manfreds Ziel: berufliche und private Projekte in Einklang zu bringen<\/h2>\r\n<p>Grunds\u00e4tzlich werden Manfreds Seminare gut angenommen, es w\u00e4re aber noch Platz, wie er uns erz\u00e4hlt: \u201eIch arbeite ausschlie\u00dflich mit kleinen Gruppen bis acht Personen, und wenn die Pl\u00e4tze gebucht sind, ist ein Riesenziel erreicht. W\u00e4re das regelm\u00e4\u00dfig der Fall, k\u00f6nnte ich die Landwirtschaft in eine weniger gewinnorientierte Richtung entwickeln \u2013 hin zu noch mehr Nachhaltigkeit und Sinnhaftigkeit der Nahrungsmittelproduktion.\u201c<\/p>\r\n<p>Er erkl\u00e4rt weiter: \u201eWir sind Bio-Bauern und sicher ganz vorne mit dabei, was die Produktionsrichtlinien angeht. Trotzdem ist nat\u00fcrlich immer noch mehr m\u00f6glich.\u201c Mit 10 Hektar Gesamtfl\u00e4che ist Manfreds Betrieb eher klein strukturiert. Er legt Wert auf eine abgestufte Wiesennutzung mit Bl\u00fchstreifen f\u00fcr Insekten und Wildbienen. Zudem h\u00e4lt er unterschiedliche Nutztiere in \u00fcberschaubarer Menge \u2013 Mutterk\u00fche, Ziegen, Schweine, H\u00fchner, Kaninchen und Katzen.<\/p>\r\n<p>Das Gratzgut sieht er als rundes und zukunftsf\u00e4higes Projekt, bei dem die gesamte Familie involviert ist \u2013 von der Verpflegung vor Ort \u00fcber den in das Bauernhaus integrierten Seminarraum bis hin zum Kr\u00e4utergarten: \u201eMeine Mutter und meine Schwester sind beide TEH-Praktikerinnen (Traditionelle Europ\u00e4ische Heilkunde) und Kr\u00e4uterp\u00e4dagoginnen, die ihr Wissen in speziellen Kr\u00e4uterseminaren und Workshops weitergeben.\u201c Und auch Manfreds Ehefrau Elisabeth, die mit Kindern arbeitet, tr\u00e4gt einen wichtigen Aspekt zum gro\u00dfen Ganzen bei. So wird das Gratzgut nicht nur von Kindergartengruppen, sondern auch im Rahmen des Projektes \u201eSchule am Bauernhof\u201c regelm\u00e4\u00dfig besucht.<\/p>\r\n<img decoding=\"async\" class=\"alignnone size-1170_658 wp-image-654585\" src=\"https:\/\/cdn.salzburgerland.com\/de\/wp-content\/uploads\/2022\/06\/0b5a6129-1170x658.jpg\" alt=\"\" width=\"1170\" height=\"658\" srcset=\"https:\/\/www.salzburgerland.com\/de\/wp-content\/uploads\/2022\/06\/0b5a6129-1170x658.jpg 1170w, https:\/\/www.salzburgerland.com\/de\/wp-content\/uploads\/2022\/06\/0b5a6129-1200x675.jpg 1200w\" sizes=\"(max-width: 1170px) 100vw, 1170px\">\r\n<p>\u00a0<\/p>\r\n<h2>Menschen auf ihrem Weg begleiten<\/h2>\r\n<p>Gepr\u00e4gt durch seine eigene Geschichte sieht Manfred immer eher die Chance als die Gefahr \u2013 und das macht ihn zu einem verl\u00e4sslichen Wegbegleiter: \u201eEs gibt viele sehr tragische Dinge, die mir Menschen erz\u00e4hlen. Aber es ist so: Man kann vieles nicht \u00e4ndern. Man kann nur \u00fcberlegen: Was w\u00e4ren die n\u00e4chsten Schritte in eine lebenswertere Zukunft? Ich als Berater habe zwar Mitgef\u00fchl, wenn ich hier jedoch auch Leid oder Mitleid verinnerliche, hat keiner was davon.\u201c<\/p>\r\n<p>Auch hier geht es Manfred darum, die Mitte zu halten. Den Menschen zu stabilisieren. Und eine Richtung aufzuzeigen, die denkbar und m\u00f6glich ist. Wenn ihm das gelingt, ist er zufrieden: \u201eDie sch\u00f6nsten Momente sind jene, in denen ich merke, dass Menschen einen Schritt weitergekommen sind. Wenn ich die Potenzialentfaltung und Weiterentwicklung sp\u00fcre. Wenn ich merke, dass sie auf dem richtigen Weg sind. Das ist f\u00fcr mich die gr\u00f6\u00dfte Belohnung.\u201c<\/p>\r\n<h2>Der Lungau im Salzburger Land \u2013 eine Region mit Riesenpotenzial<\/h2>\r\n<p>Manfred ist im <a href=\"https:\/\/www.lungau.at\/de\/\" target=\"_blank\" rel=\"noopener\">Salzburger Lungau<\/a> geboren und aufgewachsen. Er sch\u00e4tzt die Region, wei\u00df aber auch um ihre Eigenheiten \u2013 in denen seiner Meinung nach der Reiz f\u00fcr G\u00e4ste liegt, die diese Umgebung bewusst wahrnehmen:<\/p>\r\n<blockquote>\r\n<p>Die Ruhe, die frische Luft, die v\u00f6llige Dunkelheit in der Nacht. Man merkt, es passiert etwas mit den Menschen, und ich glaube, das ist ein Riesenpotenzial f\u00fcr den Salzburger Lungau. Touristisch waren wir lange ein Schlusslicht. Aber unser nachhaltiges, achtsames, urspr\u00fcngliches Angebot trifft immer mehr den Nerv der Zeit. Unsere einstige Schw\u00e4che ist mittlerweile unsere St\u00e4rke.<\/p>\r\n<\/blockquote>\r\n","protected":false},"excerpt":{"rendered":"<p>Manfreds Weg zu einem ausbalancierten Leben Bevor Manfred das Gratzgut von seinen Eltern \u00fcbernommen hat, war er Schwei\u00dfer: \u201eIch habe sehr viel gearbeitet, und das ist mir irgendwann zu viel geworden. Als ich gesundheitliche Probleme bekam, wurde mir bewusst, dass ich einen neuen Weg einschlagen muss.\u201c Er entschied sich f\u00fcr eine dreij\u00e4hrige Shiatsu-Ausbildung: \u201eIn dieser [&hellip;]<\/p>\n","protected":false},"author":95,"featured_media":654588,"comment_status":"closed","ping_status":"closed","sticky":false,"template":"","format":"standard","meta":{"_acf_changed":false,"wl_entities_gutenberg":"","_relevanssi_hide_post":"","_relevanssi_hide_content":"","_relevanssi_pin_for_all":"","_relevanssi_pin_keywords":"","_relevanssi_unpin_keywords":"","_relevanssi_related_keywords":"","_relevanssi_related_include_ids":"","_relevanssi_related_exclude_ids":"","_relevanssi_related_no_append":"","_relevanssi_related_not_related":"","_relevanssi_related_posts":"","_relevanssi_noindex_reason":"","footnotes":""},"categories":[1],"tags":[],"wl_entity_type":[11495,3,2],"class_list":["post-654579","post","type-post","status-publish","format-standard","has-post-thumbnail","hentry","category-allgemein","wl_entity_type-article","wl_entity_type-creative-work","wl_entity_type-thing"],"acf":[],"yoast_head":"<!-- This site is optimized with the Yoast SEO Premium plugin v26.9 (Yoast SEO v26.9) - https:\/\/yoast.com\/product\/yoast-seo-premium-wordpress\/ -->\n<title>Life Coach Manfred im Portrait | SalzburgerLand Tourismus<\/title>\n<meta name=\"description\" content=\"Shiatsu-Praktiker einerseits. Lebens- &amp; Sozialberater andererseits. Life Coach Manfred erz\u00e4hlt von seinem Weg zu einem ausgeglichenen Leben!\" \/>\n<meta name=\"robots\" content=\"index, follow, max-snippet:-1, max-image-preview:large, max-video-preview:-1\" \/>\n<link rel=\"canonical\" href=\"https:\/\/www.salzburgerland.com\/de\/wp-json\/wp\/v2\/posts\/654579\" \/>\n<meta property=\"og:locale\" content=\"de_DE\" \/>\n<meta property=\"og:type\" content=\"article\" \/>\n<meta property=\"og:title\" content=\"Life Coach Manfred\" \/>\n<meta property=\"og:description\" content=\"Shiatsu-Praktiker einerseits. Lebens- &amp; Sozialberater andererseits. Life Coach Manfred erz\u00e4hlt von seinem Weg zu einem ausgeglichenen Leben!\" \/>\n<meta property=\"og:url\" content=\"https:\/\/www.salzburgerland.com\/de\/wp-json\/wp\/v2\/posts\/654579\" \/>\n<meta property=\"og:site_name\" content=\"SalzburgerLand.com\" \/>\n<meta property=\"article:publisher\" content=\"https:\/\/www.facebook.com\/salzburgerland\/\" \/>\n<meta property=\"article:published_time\" content=\"2022-06-27T12:29:38+00:00\" \/>\n<meta property=\"article:modified_time\" content=\"2022-06-30T12:50:22+00:00\" \/>\n<meta property=\"og:image\" content=\"https:\/\/www.salzburgerland.com\/de\/wp-content\/uploads\/2022\/06\/split-1200x675.png\" \/>\n\t<meta property=\"og:image:width\" content=\"1200\" \/>\n\t<meta property=\"og:image:height\" content=\"675\" \/>\n\t<meta property=\"og:image:type\" content=\"image\/png\" \/>\n<meta name=\"author\" content=\"Katharina Wohlfahrt\" \/>\n<meta name=\"twitter:card\" content=\"summary_large_image\" \/>\n<meta name=\"twitter:creator\" content=\"@Salzburgerland\" \/>\n<meta name=\"twitter:site\" content=\"@Salzburgerland\" \/>\n<meta name=\"twitter:label1\" content=\"Verfasst von\" \/>\n\t<meta name=\"twitter:data1\" content=\"Katharina Wohlfahrt\" \/>\n\t<meta name=\"twitter:label2\" content=\"Gesch\u00e4tzte Lesezeit\" \/>\n\t<meta name=\"twitter:data2\" content=\"8\u00a0Minuten\" \/>\n<script type=\"application\/ld+json\" class=\"yoast-schema-graph\">{\"@context\":\"https:\/\/schema.org\",\"@graph\":[{\"@type\":\"WebPage\",\"@id\":\"https:\/\/www.salzburgerland.com\/de\/life-coach-manfred-im-portrait\/\",\"url\":\"https:\/\/www.salzburgerland.com\/de\/life-coach-manfred-im-portrait\/\",\"name\":\"Life Coach Manfred im Portrait | SalzburgerLand Tourismus\",\"isPartOf\":{\"@id\":\"https:\/\/www.salzburgerland.com\/de\/#website\"},\"primaryImageOfPage\":{\"@id\":\"https:\/\/www.salzburgerland.com\/de\/life-coach-manfred-im-portrait\/#primaryimage\"},\"image\":{\"@id\":\"https:\/\/www.salzburgerland.com\/de\/life-coach-manfred-im-portrait\/#primaryimage\"},\"thumbnailUrl\":\"https:\/\/www.salzburgerland.com\/de\/wp-content\/uploads\/2022\/06\/split.png\",\"datePublished\":\"2022-06-27T12:29:38+00:00\",\"dateModified\":\"2022-06-30T12:50:22+00:00\",\"description\":\"Shiatsu-Praktiker einerseits. Lebens- & Sozialberater andererseits. Life Coach Manfred erz\u00e4hlt von seinem Weg zu einem ausgeglichenen Leben!\",\"breadcrumb\":{\"@id\":\"https:\/\/www.salzburgerland.com\/de\/life-coach-manfred-im-portrait\/#breadcrumb\"},\"inLanguage\":\"de\",\"potentialAction\":[{\"@type\":\"ReadAction\",\"target\":[\"https:\/\/www.salzburgerland.com\/de\/life-coach-manfred-im-portrait\/\"]}]},{\"@type\":\"ImageObject\",\"inLanguage\":\"de\",\"@id\":\"https:\/\/www.salzburgerland.com\/de\/life-coach-manfred-im-portrait\/#primaryimage\",\"url\":\"https:\/\/www.salzburgerland.com\/de\/wp-content\/uploads\/2022\/06\/split.png\",\"contentUrl\":\"https:\/\/www.salzburgerland.com\/de\/wp-content\/uploads\/2022\/06\/split.png\",\"width\":1772,\"height\":1181,\"caption\":\"Ein Mann in einem wei\u00dfen Polohemd steht auf einem Feld und faltet im Freien seine H\u00e4nde zusammen.\"},{\"@type\":\"BreadcrumbList\",\"@id\":\"https:\/\/www.salzburgerland.com\/de\/life-coach-manfred-im-portrait\/#breadcrumb\",\"itemListElement\":[{\"@type\":\"ListItem\",\"position\":1,\"name\":\"Lebens(t)r\u00e4ume\",\"item\":\"https:\/\/www.salzburgerland.com\/de\/lebenstraeume\/\"},{\"@type\":\"ListItem\",\"position\":2,\"name\":\"Life Coach Manfred\"}]},{\"@type\":\"WebSite\",\"@id\":\"https:\/\/www.salzburgerland.com\/de\/#website\",\"url\":\"https:\/\/www.salzburgerland.com\/de\/\",\"name\":\"SalzburgerLand.com\",\"description\":\"Ihr Urlaub in Salzburg, \u00d6sterreich\",\"publisher\":{\"@id\":\"https:\/\/www.salzburgerland.com\/de\/#organization\"},\"potentialAction\":[{\"@type\":\"SearchAction\",\"target\":{\"@type\":\"EntryPoint\",\"urlTemplate\":\"https:\/\/www.salzburgerland.com\/de\/?s={search_term_string}\"},\"query-input\":{\"@type\":\"PropertyValueSpecification\",\"valueRequired\":true,\"valueName\":\"search_term_string\"}}],\"inLanguage\":\"de\"},{\"@type\":\"Organization\",\"@id\":\"https:\/\/www.salzburgerland.com\/de\/#organization\",\"name\":\"SalzburgerLand Tourismus GmbH\",\"url\":\"https:\/\/www.salzburgerland.com\/de\/\",\"logo\":{\"@type\":\"ImageObject\",\"inLanguage\":\"de\",\"@id\":\"https:\/\/www.salzburgerland.com\/de\/#\/schema\/logo\/image\/\",\"url\":\"https:\/\/www.salzburgerland.com\/de\/wp-content\/uploads\/2017\/01\/salzburgerland-logo.jpg\",\"contentUrl\":\"https:\/\/www.salzburgerland.com\/de\/wp-content\/uploads\/2017\/01\/salzburgerland-logo.jpg\",\"width\":1920,\"height\":827,\"caption\":\"SalzburgerLand Tourismus GmbH\"},\"image\":{\"@id\":\"https:\/\/www.salzburgerland.com\/de\/#\/schema\/logo\/image\/\"},\"sameAs\":[\"https:\/\/www.facebook.com\/salzburgerland\/\",\"https:\/\/x.com\/Salzburgerland\",\"https:\/\/www.instagram.com\/salzburgerland\/\",\"http:\/\/dbpedia.org\/resource\/Salzburg_(state)\",\"http:\/\/wikidata.dbpedia.org\/resource\/Q43325\",\"http:\/\/open.salzburgerland.com\/de\/entity\/salzburgerland\",\"https:\/\/www.youtube.com\/user\/salzburgerland\"]},{\"@type\":\"Person\",\"@id\":\"https:\/\/www.salzburgerland.com\/de\/#\/schema\/person\/cde8c8d045c58df7c7c1b05eb14774f1\",\"name\":\"Katharina Wohlfahrt\",\"image\":{\"@type\":\"ImageObject\",\"inLanguage\":\"de\",\"@id\":\"https:\/\/www.salzburgerland.com\/de\/#\/schema\/person\/image\/\",\"url\":\"https:\/\/secure.gravatar.com\/avatar\/3a09097c536e3805e74e46a9b8515e6c1f5d97d236ec0fdb91533f3c7834d459?s=96&d=mm&r=g\",\"contentUrl\":\"https:\/\/secure.gravatar.com\/avatar\/3a09097c536e3805e74e46a9b8515e6c1f5d97d236ec0fdb91533f3c7834d459?s=96&d=mm&r=g\",\"caption\":\"Katharina Wohlfahrt\"}}]}<\/script>\n<!-- \/ Yoast SEO Premium plugin. -->","yoast_head_json":{"title":"Life Coach Manfred im Portrait | SalzburgerLand Tourismus","description":"Shiatsu-Praktiker einerseits. Lebens- & Sozialberater andererseits. Life Coach Manfred erz\u00e4hlt von seinem Weg zu einem ausgeglichenen Leben!","robots":{"index":"index","follow":"follow","max-snippet":"max-snippet:-1","max-image-preview":"max-image-preview:large","max-video-preview":"max-video-preview:-1"},"canonical":"https:\/\/www.salzburgerland.com\/de\/wp-json\/wp\/v2\/posts\/654579","og_locale":"de_DE","og_type":"article","og_title":"Life Coach Manfred","og_description":"Shiatsu-Praktiker einerseits. Lebens- & Sozialberater andererseits. Life Coach Manfred erz\u00e4hlt von seinem Weg zu einem ausgeglichenen Leben!","og_url":"https:\/\/www.salzburgerland.com\/de\/wp-json\/wp\/v2\/posts\/654579","og_site_name":"SalzburgerLand.com","article_publisher":"https:\/\/www.facebook.com\/salzburgerland\/","article_published_time":"2022-06-27T12:29:38+00:00","article_modified_time":"2022-06-30T12:50:22+00:00","og_image":[{"width":1200,"height":675,"url":"https:\/\/www.salzburgerland.com\/de\/wp-content\/uploads\/2022\/06\/split-1200x675.png","type":"image\/png"}],"author":"Katharina Wohlfahrt","twitter_card":"summary_large_image","twitter_creator":"@Salzburgerland","twitter_site":"@Salzburgerland","twitter_misc":{"Verfasst von":"Katharina Wohlfahrt","Gesch\u00e4tzte Lesezeit":"8\u00a0Minuten"},"schema":{"@context":"https:\/\/schema.org","@graph":[{"@type":"WebPage","@id":"https:\/\/www.salzburgerland.com\/de\/life-coach-manfred-im-portrait\/","url":"https:\/\/www.salzburgerland.com\/de\/life-coach-manfred-im-portrait\/","name":"Life Coach Manfred im Portrait | SalzburgerLand Tourismus","isPartOf":{"@id":"https:\/\/www.salzburgerland.com\/de\/#website"},"primaryImageOfPage":{"@id":"https:\/\/www.salzburgerland.com\/de\/life-coach-manfred-im-portrait\/#primaryimage"},"image":{"@id":"https:\/\/www.salzburgerland.com\/de\/life-coach-manfred-im-portrait\/#primaryimage"},"thumbnailUrl":"https:\/\/www.salzburgerland.com\/de\/wp-content\/uploads\/2022\/06\/split.png","datePublished":"2022-06-27T12:29:38+00:00","dateModified":"2022-06-30T12:50:22+00:00","description":"Shiatsu-Praktiker einerseits. Lebens- & Sozialberater andererseits. Life Coach Manfred erz\u00e4hlt von seinem Weg zu einem ausgeglichenen Leben!","breadcrumb":{"@id":"https:\/\/www.salzburgerland.com\/de\/life-coach-manfred-im-portrait\/#breadcrumb"},"inLanguage":"de","potentialAction":[{"@type":"ReadAction","target":["https:\/\/www.salzburgerland.com\/de\/life-coach-manfred-im-portrait\/"]}]},{"@type":"ImageObject","inLanguage":"de","@id":"https:\/\/www.salzburgerland.com\/de\/life-coach-manfred-im-portrait\/#primaryimage","url":"https:\/\/www.salzburgerland.com\/de\/wp-content\/uploads\/2022\/06\/split.png","contentUrl":"https:\/\/www.salzburgerland.com\/de\/wp-content\/uploads\/2022\/06\/split.png","width":1772,"height":1181,"caption":"Ein Mann in einem wei\u00dfen Polohemd steht auf einem Feld und faltet im Freien seine H\u00e4nde zusammen."},{"@type":"BreadcrumbList","@id":"https:\/\/www.salzburgerland.com\/de\/life-coach-manfred-im-portrait\/#breadcrumb","itemListElement":[{"@type":"ListItem","position":1,"name":"Lebens(t)r\u00e4ume","item":"https:\/\/www.salzburgerland.com\/de\/lebenstraeume\/"},{"@type":"ListItem","position":2,"name":"Life Coach Manfred"}]},{"@type":"WebSite","@id":"https:\/\/www.salzburgerland.com\/de\/#website","url":"https:\/\/www.salzburgerland.com\/de\/","name":"SalzburgerLand.com","description":"Ihr Urlaub in Salzburg, \u00d6sterreich","publisher":{"@id":"https:\/\/www.salzburgerland.com\/de\/#organization"},"potentialAction":[{"@type":"SearchAction","target":{"@type":"EntryPoint","urlTemplate":"https:\/\/www.salzburgerland.com\/de\/?s={search_term_string}"},"query-input":{"@type":"PropertyValueSpecification","valueRequired":true,"valueName":"search_term_string"}}],"inLanguage":"de"},{"@type":"Organization","@id":"https:\/\/www.salzburgerland.com\/de\/#organization","name":"SalzburgerLand Tourismus GmbH","url":"https:\/\/www.salzburgerland.com\/de\/","logo":{"@type":"ImageObject","inLanguage":"de","@id":"https:\/\/www.salzburgerland.com\/de\/#\/schema\/logo\/image\/","url":"https:\/\/www.salzburgerland.com\/de\/wp-content\/uploads\/2017\/01\/salzburgerland-logo.jpg","contentUrl":"https:\/\/www.salzburgerland.com\/de\/wp-content\/uploads\/2017\/01\/salzburgerland-logo.jpg","width":1920,"height":827,"caption":"SalzburgerLand Tourismus GmbH"},"image":{"@id":"https:\/\/www.salzburgerland.com\/de\/#\/schema\/logo\/image\/"},"sameAs":["https:\/\/www.facebook.com\/salzburgerland\/","https:\/\/x.com\/Salzburgerland","https:\/\/www.instagram.com\/salzburgerland\/","http:\/\/dbpedia.org\/resource\/Salzburg_(state)","http:\/\/wikidata.dbpedia.org\/resource\/Q43325","http:\/\/open.salzburgerland.com\/de\/entity\/salzburgerland","https:\/\/www.youtube.com\/user\/salzburgerland"]},{"@type":"Person","@id":"https:\/\/www.salzburgerland.com\/de\/#\/schema\/person\/cde8c8d045c58df7c7c1b05eb14774f1","name":"Katharina Wohlfahrt","image":{"@type":"ImageObject","inLanguage":"de","@id":"https:\/\/www.salzburgerland.com\/de\/#\/schema\/person\/image\/","url":"https:\/\/secure.gravatar.com\/avatar\/3a09097c536e3805e74e46a9b8515e6c1f5d97d236ec0fdb91533f3c7834d459?s=96&d=mm&r=g","contentUrl":"https:\/\/secure.gravatar.com\/avatar\/3a09097c536e3805e74e46a9b8515e6c1f5d97d236ec0fdb91533f3c7834d459?s=96&d=mm&r=g","caption":"Katharina Wohlfahrt"}}]}},"_wl_alt_label":[],"wl:entity_url":"http:\/\/open.salzburgerland.com\/de\/post\/stadtgaertner-peter-im-portrait","_links":{"self":[{"href":"https:\/\/www.salzburgerland.com\/de\/wp-json\/wp\/v2\/posts\/654579","targetHints":{"allow":["GET"]}}],"collection":[{"href":"https:\/\/www.salzburgerland.com\/de\/wp-json\/wp\/v2\/posts"}],"about":[{"href":"https:\/\/www.salzburgerland.com\/de\/wp-json\/wp\/v2\/types\/post"}],"author":[{"embeddable":true,"href":"https:\/\/www.salzburgerland.com\/de\/wp-json\/wp\/v2\/users\/95"}],"replies":[{"embeddable":true,"href":"https:\/\/www.salzburgerland.com\/de\/wp-json\/wp\/v2\/comments?post=654579"}],"version-history":[{"count":5,"href":"https:\/\/www.salzburgerland.com\/de\/wp-json\/wp\/v2\/posts\/654579\/revisions"}],"predecessor-version":[{"id":654638,"href":"https:\/\/www.salzburgerland.com\/de\/wp-json\/wp\/v2\/posts\/654579\/revisions\/654638"}],"wp:featuredmedia":[{"embeddable":true,"href":"https:\/\/www.salzburgerland.com\/de\/wp-json\/wp\/v2\/media\/654588"}],"wp:attachment":[{"href":"https:\/\/www.salzburgerland.com\/de\/wp-json\/wp\/v2\/media?parent=654579"}],"wp:term":[{"taxonomy":"category","embeddable":true,"href":"https:\/\/www.salzburgerland.com\/de\/wp-json\/wp\/v2\/categories?post=654579"},{"taxonomy":"post_tag","embeddable":true,"href":"https:\/\/www.salzburgerland.com\/de\/wp-json\/wp\/v2\/tags?post=654579"},{"taxonomy":"wl_entity_type","embeddable":true,"href":"https:\/\/www.salzburgerland.com\/de\/wp-json\/wp\/v2\/wl_entity_type?post=654579"}],"curies":[{"name":"wp","href":"https:\/\/api.w.org\/{rel}","templated":true}]}}