{"id":651163,"date":"2022-03-08T13:41:33","date_gmt":"2022-03-08T12:41:33","guid":{"rendered":"https:\/\/www.salzburgerland.com\/de\/?p=651163"},"modified":"2026-04-23T10:47:07","modified_gmt":"2026-04-23T08:47:07","slug":"richtiges-verhalten-am-berg","status":"publish","type":"post","link":"https:\/\/www.salzburgerland.com\/de\/richtiges-verhalten-am-berg\/","title":{"rendered":"Sicher Unterwegs in den Bergen"},"content":{"rendered":"<h2>Sicher unterwegs in den Bergen<\/h2>\n<div class=\"content-block content-block-text clearfix\">\n<p>Damit euer Tag in den Bergen auch wirklich zu einem unvergesslichen Erlebnis wird, geben wir euch einige Tipps und Verhaltensregeln mit auf den Weg:<\/p>\n<\/div>\n<p><strong>Eignung und Erfahrung:<\/strong> Sch\u00e4tzt euer K\u00f6nnen und das eurer Begleiter richtig ein und passt dementsprechend auch das <strong>Gehtempo<\/strong> an. Der Salzburger Almenweg verl\u00e4uft weitgehend auf mittelschweren Wanderwegen und eine solide Trittsicherheit ist erforderlich.<\/p>\n<div class=\"content-block content-block-text clearfix\">\n<p><strong>Planung<\/strong> ist das A und O. Informiert euch bevor es los geht mit Hilfe von Kartenmaterial und Tourenbeschreibungen von offiziellen Stellen \u00fcber den Weg. Auch alpine Vereine und Ortskundige, zum Beispiel H\u00fcttenwirte und vor allem Bergf\u00fchrer, wissen gut Bescheid.<\/p>\n<\/div>\n<p>Bleibt unbedingt auf den <strong>markierten Wegen<\/strong>. Vor allem bei N\u00e4sse und auf Schneefeldern ist Vorsicht geboten.<\/p>\n<p><strong>Ausr\u00fcstung und Bekleidung:<\/strong> Feste, hohe, gut sitzende Schuhe mit griffiger Sohle sind Grundvoraussetzung. Da das Wetter in den Bergen rasch umschlagen kann, geh\u00f6ren auch Regen- und K\u00e4lteschutz in den Rucksack. Achtet au\u00dferdem darauf immer ein aufgeladenes Handy dabei zu haben.<\/p>\n<p style=\"padding-left: 40px;\">Den <strong>Rucksack<\/strong> richtig packen: Wichtig ist, das Gewicht gleichm\u00e4\u00dfig zu verteilen. Schwere Gegenst\u00e4nde wie Trinkflasche oder Proviant kommen nah an den R\u00fccken auf eher im mittleren bis unteren Bereich. Leichte Sachen wie Regenjacke oder Fleece kannst du oben verstauen. Ganz unten ist Platz f\u00fcr Dinge, die du selten brauchst \u2013 z.\u202fB. ein Erste-Hilfe-Set oder eine d\u00fcnne Sitzunterlage. Kleinteile wie Sonnencreme, Karte oder Snacks kommen griffbereit in die Deckeltasche. Denke auch an Sonnenschutz, eine Powerbank und eventuell Wanderst\u00f6cke!<\/p>\n<p style=\"padding-left: 40px;\">Das richtige <strong>Schuhwerk<\/strong>: F\u00fcr die Etappen am Salzburger Almenweg brauchst du festes, gut eingelaufenes Schuhwerk \u2013 am besten kn\u00f6chelhohe Wanderschuhe mit griffiger Profilsohle. Sie geben dir Halt auf wurzeligen Waldpfaden, nassen Wiesen und steinigen Passagen. Achte auf eine gute D\u00e4mpfung, damit auch l\u00e4ngere Etappen angenehm bleiben. Leichte Trailrunning-Schuhe sind nur bei trockener Witterung und sehr einfachen Etappen eine Option \u2013 grunds\u00e4tzlich gilt: lieber zu viel Halt als zu wenig!<\/p>\n<p><strong>Melden euch ab<\/strong> und <span style=\"color: #000000;\">gebt <\/span>Freunden und \/ oder eurem Gastgeber Bescheid, wohin ihrunterwegs seid. Wenn ihr mit dem Auto anreist, hinterlegt die ausgef\u00fcllte Almenweg-Parkuhr (siehe hinten in der Brosch\u00fcre) im abgestellten Auto.<\/p>\n<p>Checkt den <strong>Wetterbericht<\/strong>. Gerade im Sommer kann es in den Bergen zu heftigen Gewittern kommen. Solltet Ihr dennoch von einem Wettersturz \u00fcberrascht werden, meidet exponierte Stellen und einzeln stehende B\u00e4ume und verlasst wasserf\u00fchrende Rinnen und Stahlseilsicherungen.<\/p>\n<p>Sollte ein <strong>Unfall<\/strong> passieren, bewahrt Ruhe, leistet\u00a0Erste Hilfe und bringtdie Rettungskette in Gang. Ein Verletzter sollte am Unfallort belassen werden, aber niemals alleine.<\/p>\n<p>Vermeidet beim Gehen Steine abzutreten. Denn auch kleine Steine k\u00f6nnen einen <strong>Steinschlag<\/strong> ausl\u00f6sen.<\/p>\n<p>Die Berge sind f\u00fcr alle da. Nehmtdaher euren <strong>Abfall<\/strong> wieder mit ins Tal und sch\u00fctzt die Landschaft mit all ihren Blumen, Pflanzen und Tieren.<\/p>\n<p>Vermeidet den Kontakt zu <strong>Weidevieh<\/strong>. Verlasst dieWege auf Almweiden nicht. Wenn n\u00f6tig, umgehet weidende Tiere mit gro\u00dfem Abstand. <strong>Hunde<\/strong> sollten am Berg an der Leine gehen \u2013 insbesondere jedoch beim Queren einer Weide. Zeigt das Weidetier ein aggressives Verhalten, l\u00e4sst man den Hund zu seinem eigenen Schutz von der Leine.<\/p>\n<p><strong>Und noch ein Tipp:<\/strong> Wer keine oder wenig Bergerfahrung hat, der kann sich einem der erfahrenen, ausgebildeten Salzburger Bergwanderf\u00fchrern anschlie\u00dfen.<\/p>\n<p><strong>Alpiner Notruf: 140<\/strong><br>\n<strong>Internationaler Notruf: 112<\/strong><\/p>\n<div id=\"attachment_259467\" style=\"width: 1345px\" class=\"wp-caption alignleft\"><img decoding=\"async\" aria-describedby=\"caption-attachment-259467\" class=\"wp-image-259467\" src=\"https:\/\/cdn.salzburgerland.com\/de\/wp-content\/uploads\/2018\/07\/sltg_10w10p_week2_photo-5-e1532005101320-1122x658.jpg\" alt=\"Ro\u00dfbrand Radstadt, Wandern im SalzburgerLand, Aussichtsberg, 10weeks10peaks\" width=\"1335\" height=\"783\"><p id=\"caption-attachment-259467\" class=\"wp-caption-text\">@SalzburgerLand, Boom Creative Lab<\/p><\/div>\n<h2 class=\"content-block content-block-text clearfix\">Almenweg Beschilderung<\/h2>\n<p><strong>Die einzelnen Etappen des Salzburger Almenweges sind gut beschildert. Erkennungszeichen ist der blaue Enzian. Alle Tourdaten k\u00f6nnen via Internet auf alle verf\u00fcgbaren Outdoor-GPS Navigationsger\u00e4te geladen werden.<\/strong><\/p>\n<p><span>Fast<\/span> 90 Prozent der Strecke verlaufen in einer Seeh\u00f6he von 1.000 bis 2.000 Metern. Der <strong>Weg <\/strong>geht durch fast alle <span>Pongauer<\/span> Gemeindegebiete und <strong>f\u00fchrt <\/strong>insgesamt <strong>vierzehn Mal direkt durch ein Ortszentrum, <\/strong>wenn der Wegverlauf von der linken auf die rechte Talseite wechselt. Dadurch sind die neun Orte \u2013 Dienten, Goldegg\/B\u00f6ndlsee, Dorfgastein, <span><a href=\"https:\/\/www.salzburgerland.com\/de\/bad-gastein-salzburgeralmenweg\/\">Bad Gastein<\/a><\/span>, <span><a href=\"https:\/\/www.salzburgerland.com\/de\/huettschlag-salzburgeralmsommer\">H\u00fcttschlag<\/a><\/span>, <span><a href=\"https:\/\/www.salzburgerland.com\/de\/wagrain-kleinarl-salzburgeralmenweg\/\">Kleinarl<\/a><\/span>, <span><a href=\"https:\/\/www.salzburgerland.com\/de\/flachau-salzburgeralmenweg\/\">Flachau<\/a><\/span>, Zauchensee, <span><a href=\"https:\/\/www.salzburgerland.com\/de\/forstau-salzburgeralmenweg\/\">Forstau<\/a><\/span>, <span><a href=\"https:\/\/www.salzburgerland.com\/de\/radstadt-salzburgeralmenweg\/\">Radstadt<\/a><\/span>, <span><a href=\"https:\/\/www.salzburgerland.com\/de\/filzmoos-salzburgeralmenweg\/\">Filzmoos<\/a><\/span>, <span><a href=\"https:\/\/www.salzburgerland.com\/de\/st-martin-salzburgeralmenweg\/\">St. Martin<\/a> am Tennengebirge, Werfenweng<\/span> und <span><a href=\"https:\/\/www.salzburgerland.com\/de\/pfarrwerfen-salzburgeralmenweg\/\">Pfarrwerfen<\/a><\/span>\u2013 ideale Punkte, um in den Almenweg \u201eeinzusteigen\u201c.<\/p>\n<p>Wer es gem\u00fctlicher angehen lassen m\u00f6chte, kann von jedem <span>Pongauer<\/span> Ort aus kleinere Teilst\u00fccke des <span>Salzburger Almenwegs<\/span> entdecken. Besonders empfehlenswert sind aber <strong>mehrt\u00e4gige Wanderungen<\/strong>, bei denen man die Gelegenheit n\u00fctzt, einmal auf einer <span><strong>Almh\u00fctte<\/strong><\/span><strong> zu \u00fcbernachten<\/strong>. Und selbst, wenn die Beine nach einer erholsamen <span>H\u00fctten<\/span>\u2013<span>Nacht<\/span> noch schwer von den Anstiegen des Vortags sind, so macht der Anblick des <span>Sonnenaufgangs<\/span> \u00fcber den Gipfeln alle M\u00fchen vergessen. Und es kann weiter gehen, zu neuen Gipfelerlebnissen und Hochgef\u00fchlen.<\/p>\n","protected":false},"excerpt":{"rendered":"<p>Sicher unterwegs in den Bergen Damit euer Tag in den Bergen auch wirklich zu einem unvergesslichen Erlebnis wird, geben wir euch einige Tipps und Verhaltensregeln mit auf den Weg: Eignung und Erfahrung: Sch\u00e4tzt euer K\u00f6nnen und das eurer Begleiter richtig ein und passt dementsprechend auch das Gehtempo an. Der Salzburger Almenweg verl\u00e4uft weitgehend auf mittelschweren [&hellip;]<\/p>\n","protected":false},"author":106,"featured_media":486457,"comment_status":"closed","ping_status":"closed","sticky":false,"template":"","format":"standard","meta":{"_acf_changed":false,"wl_entities_gutenberg":"","_relevanssi_hide_post":"","_relevanssi_hide_content":"","_relevanssi_pin_for_all":"","_relevanssi_pin_keywords":"","_relevanssi_unpin_keywords":"","_relevanssi_related_keywords":"","_relevanssi_related_include_ids":"","_relevanssi_related_exclude_ids":"","_relevanssi_related_no_append":"","_relevanssi_related_not_related":"","_relevanssi_related_posts":"","_relevanssi_noindex_reason":"","footnotes":""},"categories":[1],"tags":[],"wl_entity_type":[11495],"class_list":["post-651163","post","type-post","status-publish","format-standard","has-post-thumbnail","hentry","category-allgemein","wl_entity_type-article"],"acf":[],"yoast_head":"<!-- This site is optimized with the Yoast SEO Premium plugin v26.9 (Yoast SEO v26.9) - https:\/\/yoast.com\/product\/yoast-seo-premium-wordpress\/ -->\n<title>Sicher Unterwegs in den Bergen \u00bb SalzburgerLand.com<\/title>\n<meta name=\"robots\" content=\"index, follow, max-snippet:-1, max-image-preview:large, max-video-preview:-1\" \/>\n<link rel=\"canonical\" href=\"https:\/\/www.salzburgerland.com\/de\/wp-json\/wp\/v2\/posts\/651163\" \/>\n<meta property=\"og:locale\" content=\"de_DE\" \/>\n<meta property=\"og:type\" content=\"article\" \/>\n<meta property=\"og:title\" content=\"Sicher Unterwegs in den Bergen\" \/>\n<meta property=\"og:description\" content=\"Damit Ihr Tag in den Bergen auch wirklich zu einem unvergesslichen Erlebnis wird, geben wir Ihnen einige Tipps und Verhaltensregeln mit auf den Weg.\" \/>\n<meta property=\"og:url\" content=\"https:\/\/www.salzburgerland.com\/de\/wp-json\/wp\/v2\/posts\/651163\" \/>\n<meta property=\"og:site_name\" content=\"SalzburgerLand.com\" \/>\n<meta property=\"article:publisher\" content=\"https:\/\/www.facebook.com\/salzburgerland\/\" \/>\n<meta property=\"article:published_time\" content=\"2022-03-08T12:41:33+00:00\" \/>\n<meta property=\"article:modified_time\" content=\"2026-04-23T08:47:07+00:00\" \/>\n<meta property=\"og:image\" content=\"https:\/\/www.salzburgerland.com\/de\/wp-content\/uploads\/2020\/08\/slt_grossarltal_almenwanderweg_chrisperkles-43-1200x675.jpg\" \/>\n\t<meta property=\"og:image:width\" content=\"1200\" \/>\n\t<meta property=\"og:image:height\" content=\"675\" \/>\n\t<meta property=\"og:image:type\" content=\"image\/jpeg\" \/>\n<meta name=\"author\" content=\"Laurena Hollweck\" \/>\n<meta name=\"twitter:card\" content=\"summary_large_image\" \/>\n<meta name=\"twitter:creator\" content=\"@Themenredakteur\" \/>\n<meta name=\"twitter:site\" content=\"@Salzburgerland\" \/>\n<meta name=\"twitter:label1\" content=\"Verfasst von\" \/>\n\t<meta name=\"twitter:data1\" content=\"Laurena Hollweck\" \/>\n\t<meta name=\"twitter:label2\" content=\"Gesch\u00e4tzte Lesezeit\" \/>\n\t<meta name=\"twitter:data2\" content=\"6\u00a0Minuten\" \/>\n<script type=\"application\/ld+json\" class=\"yoast-schema-graph\">{\"@context\":\"https:\/\/schema.org\",\"@graph\":[{\"@type\":\"WebPage\",\"@id\":\"https:\/\/www.salzburgerland.com\/de\/richtiges-verhalten-am-berg\/\",\"url\":\"https:\/\/www.salzburgerland.com\/de\/richtiges-verhalten-am-berg\/\",\"name\":\"Sicher Unterwegs in den Bergen \u00bb SalzburgerLand.com\",\"isPartOf\":{\"@id\":\"https:\/\/www.salzburgerland.com\/de\/#website\"},\"primaryImageOfPage\":{\"@id\":\"https:\/\/www.salzburgerland.com\/de\/richtiges-verhalten-am-berg\/#primaryimage\"},\"image\":{\"@id\":\"https:\/\/www.salzburgerland.com\/de\/richtiges-verhalten-am-berg\/#primaryimage\"},\"thumbnailUrl\":\"https:\/\/www.salzburgerland.com\/de\/wp-content\/uploads\/2020\/08\/slt_grossarltal_almenwanderweg_chrisperkles-43-scaled.jpg\",\"datePublished\":\"2022-03-08T12:41:33+00:00\",\"dateModified\":\"2026-04-23T08:47:07+00:00\",\"description\":\"Damit Ihr Tag in den Bergen auch wirklich zu einem unvergesslichen Erlebnis wird, geben wir Ihnen einige Tipps und Verhaltensregeln mit auf den Weg.\",\"breadcrumb\":{\"@id\":\"https:\/\/www.salzburgerland.com\/de\/richtiges-verhalten-am-berg\/#breadcrumb\"},\"inLanguage\":\"de\",\"potentialAction\":[{\"@type\":\"ReadAction\",\"target\":[\"https:\/\/www.salzburgerland.com\/de\/richtiges-verhalten-am-berg\/\"]}]},{\"@type\":\"ImageObject\",\"inLanguage\":\"de\",\"@id\":\"https:\/\/www.salzburgerland.com\/de\/richtiges-verhalten-am-berg\/#primaryimage\",\"url\":\"https:\/\/www.salzburgerland.com\/de\/wp-content\/uploads\/2020\/08\/slt_grossarltal_almenwanderweg_chrisperkles-43-scaled.jpg\",\"contentUrl\":\"https:\/\/www.salzburgerland.com\/de\/wp-content\/uploads\/2020\/08\/slt_grossarltal_almenwanderweg_chrisperkles-43-scaled.jpg\",\"width\":1920,\"height\":1280,\"caption\":\"Zwei Frauen wandern mit Trekkingst\u00f6cken auf einem gr\u00fcnen Bergpfad unter einem teilweise bew\u00f6lkten Himmel.\"},{\"@type\":\"BreadcrumbList\",\"@id\":\"https:\/\/www.salzburgerland.com\/de\/richtiges-verhalten-am-berg\/#breadcrumb\",\"itemListElement\":[{\"@type\":\"ListItem\",\"position\":1,\"name\":\"Salzburger Almenweg erleben\",\"item\":\"https:\/\/www.salzburgerland.com\/de\/salzburger-almenweg\/\"},{\"@type\":\"ListItem\",\"position\":2,\"name\":\"Sicher Unterwegs in den Bergen\"}]},{\"@type\":\"WebSite\",\"@id\":\"https:\/\/www.salzburgerland.com\/de\/#website\",\"url\":\"https:\/\/www.salzburgerland.com\/de\/\",\"name\":\"SalzburgerLand.com\",\"description\":\"Ihr Urlaub in Salzburg, \u00d6sterreich\",\"publisher\":{\"@id\":\"https:\/\/www.salzburgerland.com\/de\/#organization\"},\"potentialAction\":[{\"@type\":\"SearchAction\",\"target\":{\"@type\":\"EntryPoint\",\"urlTemplate\":\"https:\/\/www.salzburgerland.com\/de\/?s={search_term_string}\"},\"query-input\":{\"@type\":\"PropertyValueSpecification\",\"valueRequired\":true,\"valueName\":\"search_term_string\"}}],\"inLanguage\":\"de\"},{\"@type\":\"Organization\",\"@id\":\"https:\/\/www.salzburgerland.com\/de\/#organization\",\"name\":\"SalzburgerLand Tourismus GmbH\",\"url\":\"https:\/\/www.salzburgerland.com\/de\/\",\"logo\":{\"@type\":\"ImageObject\",\"inLanguage\":\"de\",\"@id\":\"https:\/\/www.salzburgerland.com\/de\/#\/schema\/logo\/image\/\",\"url\":\"https:\/\/www.salzburgerland.com\/de\/wp-content\/uploads\/2017\/01\/salzburgerland-logo.jpg\",\"contentUrl\":\"https:\/\/www.salzburgerland.com\/de\/wp-content\/uploads\/2017\/01\/salzburgerland-logo.jpg\",\"width\":1920,\"height\":827,\"caption\":\"SalzburgerLand Tourismus GmbH\"},\"image\":{\"@id\":\"https:\/\/www.salzburgerland.com\/de\/#\/schema\/logo\/image\/\"},\"sameAs\":[\"https:\/\/www.facebook.com\/salzburgerland\/\",\"https:\/\/x.com\/Salzburgerland\",\"https:\/\/www.instagram.com\/salzburgerland\/\",\"http:\/\/dbpedia.org\/resource\/Salzburg_(state)\",\"http:\/\/wikidata.dbpedia.org\/resource\/Q43325\",\"http:\/\/open.salzburgerland.com\/de\/entity\/salzburgerland\",\"https:\/\/www.youtube.com\/user\/salzburgerland\"]},{\"@type\":\"Person\",\"@id\":\"https:\/\/www.salzburgerland.com\/de\/#\/schema\/person\/7d865001334078a27b24e067d6f03f66\",\"name\":\"Laurena Hollweck\",\"image\":{\"@type\":\"ImageObject\",\"inLanguage\":\"de\",\"@id\":\"https:\/\/www.salzburgerland.com\/de\/#\/schema\/person\/image\/\",\"url\":\"https:\/\/secure.gravatar.com\/avatar\/8ebc8ecab3f40f718d6c64aec5bb4dcf1a46dceb739cc1dc3fa5bf900ac4887c?s=96&d=mm&r=g\",\"contentUrl\":\"https:\/\/secure.gravatar.com\/avatar\/8ebc8ecab3f40f718d6c64aec5bb4dcf1a46dceb739cc1dc3fa5bf900ac4887c?s=96&d=mm&r=g\",\"caption\":\"Laurena Hollweck\"},\"sameAs\":[\"https:\/\/x.com\/Themenredakteur\"]}]}<\/script>\n<!-- \/ Yoast SEO Premium plugin. -->","yoast_head_json":{"title":"Sicher Unterwegs in den Bergen \u00bb SalzburgerLand.com","robots":{"index":"index","follow":"follow","max-snippet":"max-snippet:-1","max-image-preview":"max-image-preview:large","max-video-preview":"max-video-preview:-1"},"canonical":"https:\/\/www.salzburgerland.com\/de\/wp-json\/wp\/v2\/posts\/651163","og_locale":"de_DE","og_type":"article","og_title":"Sicher Unterwegs in den Bergen","og_description":"Damit Ihr Tag in den Bergen auch wirklich zu einem unvergesslichen Erlebnis wird, geben wir Ihnen einige Tipps und Verhaltensregeln mit auf den Weg.","og_url":"https:\/\/www.salzburgerland.com\/de\/wp-json\/wp\/v2\/posts\/651163","og_site_name":"SalzburgerLand.com","article_publisher":"https:\/\/www.facebook.com\/salzburgerland\/","article_published_time":"2022-03-08T12:41:33+00:00","article_modified_time":"2026-04-23T08:47:07+00:00","og_image":[{"width":1200,"height":675,"url":"https:\/\/www.salzburgerland.com\/de\/wp-content\/uploads\/2020\/08\/slt_grossarltal_almenwanderweg_chrisperkles-43-1200x675.jpg","type":"image\/jpeg"}],"author":"Laurena Hollweck","twitter_card":"summary_large_image","twitter_creator":"@Themenredakteur","twitter_site":"@Salzburgerland","twitter_misc":{"Verfasst von":"Laurena Hollweck","Gesch\u00e4tzte Lesezeit":"6\u00a0Minuten"},"schema":{"@context":"https:\/\/schema.org","@graph":[{"@type":"WebPage","@id":"https:\/\/www.salzburgerland.com\/de\/richtiges-verhalten-am-berg\/","url":"https:\/\/www.salzburgerland.com\/de\/richtiges-verhalten-am-berg\/","name":"Sicher Unterwegs in den Bergen \u00bb SalzburgerLand.com","isPartOf":{"@id":"https:\/\/www.salzburgerland.com\/de\/#website"},"primaryImageOfPage":{"@id":"https:\/\/www.salzburgerland.com\/de\/richtiges-verhalten-am-berg\/#primaryimage"},"image":{"@id":"https:\/\/www.salzburgerland.com\/de\/richtiges-verhalten-am-berg\/#primaryimage"},"thumbnailUrl":"https:\/\/www.salzburgerland.com\/de\/wp-content\/uploads\/2020\/08\/slt_grossarltal_almenwanderweg_chrisperkles-43-scaled.jpg","datePublished":"2022-03-08T12:41:33+00:00","dateModified":"2026-04-23T08:47:07+00:00","description":"Damit Ihr Tag in den Bergen auch wirklich zu einem unvergesslichen Erlebnis wird, geben wir Ihnen einige Tipps und Verhaltensregeln mit auf den Weg.","breadcrumb":{"@id":"https:\/\/www.salzburgerland.com\/de\/richtiges-verhalten-am-berg\/#breadcrumb"},"inLanguage":"de","potentialAction":[{"@type":"ReadAction","target":["https:\/\/www.salzburgerland.com\/de\/richtiges-verhalten-am-berg\/"]}]},{"@type":"ImageObject","inLanguage":"de","@id":"https:\/\/www.salzburgerland.com\/de\/richtiges-verhalten-am-berg\/#primaryimage","url":"https:\/\/www.salzburgerland.com\/de\/wp-content\/uploads\/2020\/08\/slt_grossarltal_almenwanderweg_chrisperkles-43-scaled.jpg","contentUrl":"https:\/\/www.salzburgerland.com\/de\/wp-content\/uploads\/2020\/08\/slt_grossarltal_almenwanderweg_chrisperkles-43-scaled.jpg","width":1920,"height":1280,"caption":"Zwei Frauen wandern mit Trekkingst\u00f6cken auf einem gr\u00fcnen Bergpfad unter einem teilweise bew\u00f6lkten Himmel."},{"@type":"BreadcrumbList","@id":"https:\/\/www.salzburgerland.com\/de\/richtiges-verhalten-am-berg\/#breadcrumb","itemListElement":[{"@type":"ListItem","position":1,"name":"Salzburger Almenweg erleben","item":"https:\/\/www.salzburgerland.com\/de\/salzburger-almenweg\/"},{"@type":"ListItem","position":2,"name":"Sicher Unterwegs in den Bergen"}]},{"@type":"WebSite","@id":"https:\/\/www.salzburgerland.com\/de\/#website","url":"https:\/\/www.salzburgerland.com\/de\/","name":"SalzburgerLand.com","description":"Ihr Urlaub in Salzburg, \u00d6sterreich","publisher":{"@id":"https:\/\/www.salzburgerland.com\/de\/#organization"},"potentialAction":[{"@type":"SearchAction","target":{"@type":"EntryPoint","urlTemplate":"https:\/\/www.salzburgerland.com\/de\/?s={search_term_string}"},"query-input":{"@type":"PropertyValueSpecification","valueRequired":true,"valueName":"search_term_string"}}],"inLanguage":"de"},{"@type":"Organization","@id":"https:\/\/www.salzburgerland.com\/de\/#organization","name":"SalzburgerLand Tourismus GmbH","url":"https:\/\/www.salzburgerland.com\/de\/","logo":{"@type":"ImageObject","inLanguage":"de","@id":"https:\/\/www.salzburgerland.com\/de\/#\/schema\/logo\/image\/","url":"https:\/\/www.salzburgerland.com\/de\/wp-content\/uploads\/2017\/01\/salzburgerland-logo.jpg","contentUrl":"https:\/\/www.salzburgerland.com\/de\/wp-content\/uploads\/2017\/01\/salzburgerland-logo.jpg","width":1920,"height":827,"caption":"SalzburgerLand Tourismus GmbH"},"image":{"@id":"https:\/\/www.salzburgerland.com\/de\/#\/schema\/logo\/image\/"},"sameAs":["https:\/\/www.facebook.com\/salzburgerland\/","https:\/\/x.com\/Salzburgerland","https:\/\/www.instagram.com\/salzburgerland\/","http:\/\/dbpedia.org\/resource\/Salzburg_(state)","http:\/\/wikidata.dbpedia.org\/resource\/Q43325","http:\/\/open.salzburgerland.com\/de\/entity\/salzburgerland","https:\/\/www.youtube.com\/user\/salzburgerland"]},{"@type":"Person","@id":"https:\/\/www.salzburgerland.com\/de\/#\/schema\/person\/7d865001334078a27b24e067d6f03f66","name":"Laurena Hollweck","image":{"@type":"ImageObject","inLanguage":"de","@id":"https:\/\/www.salzburgerland.com\/de\/#\/schema\/person\/image\/","url":"https:\/\/secure.gravatar.com\/avatar\/8ebc8ecab3f40f718d6c64aec5bb4dcf1a46dceb739cc1dc3fa5bf900ac4887c?s=96&d=mm&r=g","contentUrl":"https:\/\/secure.gravatar.com\/avatar\/8ebc8ecab3f40f718d6c64aec5bb4dcf1a46dceb739cc1dc3fa5bf900ac4887c?s=96&d=mm&r=g","caption":"Laurena Hollweck"},"sameAs":["https:\/\/x.com\/Themenredakteur"]}]}},"_wl_alt_label":[],"wl:entity_url":"http:\/\/open.salzburgerland.com\/de\/post\/richtiges_verhalten_am_berg","_links":{"self":[{"href":"https:\/\/www.salzburgerland.com\/de\/wp-json\/wp\/v2\/posts\/651163","targetHints":{"allow":["GET"]}}],"collection":[{"href":"https:\/\/www.salzburgerland.com\/de\/wp-json\/wp\/v2\/posts"}],"about":[{"href":"https:\/\/www.salzburgerland.com\/de\/wp-json\/wp\/v2\/types\/post"}],"author":[{"embeddable":true,"href":"https:\/\/www.salzburgerland.com\/de\/wp-json\/wp\/v2\/users\/106"}],"replies":[{"embeddable":true,"href":"https:\/\/www.salzburgerland.com\/de\/wp-json\/wp\/v2\/comments?post=651163"}],"version-history":[{"count":12,"href":"https:\/\/www.salzburgerland.com\/de\/wp-json\/wp\/v2\/posts\/651163\/revisions"}],"predecessor-version":[{"id":682314,"href":"https:\/\/www.salzburgerland.com\/de\/wp-json\/wp\/v2\/posts\/651163\/revisions\/682314"}],"wp:featuredmedia":[{"embeddable":true,"href":"https:\/\/www.salzburgerland.com\/de\/wp-json\/wp\/v2\/media\/486457"}],"wp:attachment":[{"href":"https:\/\/www.salzburgerland.com\/de\/wp-json\/wp\/v2\/media?parent=651163"}],"wp:term":[{"taxonomy":"category","embeddable":true,"href":"https:\/\/www.salzburgerland.com\/de\/wp-json\/wp\/v2\/categories?post=651163"},{"taxonomy":"post_tag","embeddable":true,"href":"https:\/\/www.salzburgerland.com\/de\/wp-json\/wp\/v2\/tags?post=651163"},{"taxonomy":"wl_entity_type","embeddable":true,"href":"https:\/\/www.salzburgerland.com\/de\/wp-json\/wp\/v2\/wl_entity_type?post=651163"}],"curies":[{"name":"wp","href":"https:\/\/api.w.org\/{rel}","templated":true}]}}