{"id":650485,"date":"2022-02-17T16:36:41","date_gmt":"2022-02-17T15:36:41","guid":{"rendered":"https:\/\/www.salzburgerland.com\/de\/?p=650485"},"modified":"2026-07-20T15:02:39","modified_gmt":"2026-07-20T13:02:39","slug":"st-veit-salzburgeralmenweg","status":"publish","type":"post","link":"https:\/\/www.salzburgerland.com\/de\/st-veit-salzburgeralmenweg\/","title":{"rendered":"St. Veit"},"content":{"rendered":"<p><span>St. Veit liegt auf der Salzburger Sonnenterrasse und blickt auf eine Geschichte bis ins 11. Jahrhundert zur\u00fcck. Rund um die Pfarrkirche Hl. Vitus und den Marktplatz hat sich der Ort seinen urspr\u00fcnglichen Charakter bewahrt. Brauchtum, Konzerte und Theaterveranstaltungen sorgen das ganze Jahr \u00fcber f\u00fcr lebendige Kultur.<\/span><\/p>\n<p><span>Spazier- und Wanderwege f\u00fchren zu Aussichtspunkten, Ruheoasen und Kneippanlagen. Relaxliegen, ein Barfu\u00dfweg am Hochglocker und der Blick auf die Hohen Tauern laden dazu ein, die Natur bewusst zu genie\u00dfen.<\/span><\/p>\n<p><span>Als heilklimatischer Kurort bietet St. Veit beste Voraussetzungen zum Durchatmen und Erholen. Die Etappen 3 und 4 des Salzburger Almenwegs f\u00fchren direkt durch den Ort.<\/span><\/p>\n<p>\u00a0<\/p>\n<p><span>Idyllisch auf unserer Sonnenterrasse gelegen, existiert der Ort St. Veit seit dem 11. Jahrhundert. Entstanden aus einer Kirchensiedlung, bildet auch heute noch die Pfarrkirche Hl. Vitus mit dem Marktplatz das Herz des Dorfes. St. Veit im Pongau hat sich durch alle Zeiten hindurch seinen <strong>urspr\u00fcnglichen Charme<\/strong> bewahrt und l\u00e4dt dazu ein, seine traditionsreiche Atmosph\u00e4re zu genie\u00dfen. Erleben Sie lebendiges Brauchtum, Theaterauff\u00fchrungen und Konzerte in einer der <strong>sch\u00f6nsten Marktgemeinden Salzburgs<\/strong>.<\/span><\/p>\n<p><span>Erholungssuchende treffen in der idyllischen Naturlandschaft bei Spazierg\u00e4ngen und Wanderungen immer wieder auf <strong>\u201eOasen der Ruhe\u201c<\/strong>. So gibt es Liegest\u00fchle direkt am Berggipfel mit einer unvergleichlichen Aussicht auf die Hohen Tauern. Au\u00dferdem laden Relaxliegen unter einem gr\u00fcnen Laubdach zum Entspannen ein, w\u00e4hrend Kneippanlagen in freier Natur f\u00fcr wohltuende Erfrischung sorgen. Auf dem Barfu\u00dfweg am Gipfel des Hochglockers werden die Tastsinne der F\u00fc\u00dfe neu entdeckt.<\/span><\/p>\n<h2>Bei uns wirkt Erholung einfach l\u00e4nger<\/h2>\n<p><span style=\"font-weight: 400;\">Die besondere Lage der Salzburger Sonnenterrasse bringt zahlreiche Vorteile mit sich. Nutzen Sie die belebenden Eigenschaften der vier Elemente Feuer, Wasser, Luft und Erde im <\/span><b>heilklimatischen Kurort St. Veit<\/b><span style=\"font-weight: 400;\"> im Pongau. Sp\u00fcren Sie die erfrischende Wirkung der Luft im Tal und auf den Bergen. Hier k\u00f6nnen Sie die Seele baumeln lassen und sich von den Strapazen des Alltags so richtig erholen.<\/span><\/p>\n<p><span style=\"font-weight: 400;\">Ob Sie hoch hinauswollen, um dem Himmel ein St\u00fcck n\u00e4herzukommen, oder lieber am Boden bleiben \u2013 im Tal wie auf den Bergen laden vielf\u00e4ltige Wanderwege zum Entdecken ein. Es erwarten Sie naturbelassene Landschaften, traditionell gewachsene Orte, urige Almen und viele weitere Natursch\u00f6nheiten. Wandern auf der Salzburger Sonnenterrasse lohnt sich immer. <\/span><\/p>\n<h2>Almenweg Etappen in St. Veit<\/h2>\n<p><span>Die Etappen 3 und 4 des Salzburger Almenweges queren die Salzburger Sonnenterrasse. Die drei Orte sind daher ideal gelegen, um in den Almenweg einzusteigen. Etappe 3 f\u00fchrt \u00fcber das Schneebergkreuz und das Gamsk\u00f6gerl zum B\u00f6ndlsee nach Goldegg. Von dort verl\u00e4uft Etappe 4 nach Lend und anschlie\u00dfend \u00fcber die K\u00f6geralm und die Drei-Waller-Kapelle in den Talort Dorfgastein.<\/span><\/p>\n","protected":false},"excerpt":{"rendered":"<p>St. Veit liegt auf der Salzburger Sonnenterrasse und blickt auf eine Geschichte bis ins 11. Jahrhundert zur\u00fcck. Rund um die Pfarrkirche Hl. Vitus und den Marktplatz hat sich der Ort seinen urspr\u00fcnglichen Charakter bewahrt. Brauchtum, Konzerte und Theaterveranstaltungen sorgen das ganze Jahr \u00fcber f\u00fcr lebendige Kultur. Spazier- und Wanderwege f\u00fchren zu Aussichtspunkten, Ruheoasen und Kneippanlagen. [&hellip;]<\/p>\n","protected":false},"author":106,"featured_media":683122,"comment_status":"closed","ping_status":"closed","sticky":false,"template":"","format":"standard","meta":{"_acf_changed":false,"wl_entities_gutenberg":"","_relevanssi_hide_post":"","_relevanssi_hide_content":"","_relevanssi_pin_for_all":"","_relevanssi_pin_keywords":"","_relevanssi_unpin_keywords":"","_relevanssi_related_keywords":"","_relevanssi_related_include_ids":"","_relevanssi_related_exclude_ids":"","_relevanssi_related_no_append":"","_relevanssi_related_not_related":"","_relevanssi_related_posts":"","_relevanssi_noindex_reason":"","footnotes":""},"categories":[1],"tags":[],"wl_entity_type":[11495],"class_list":["post-650485","post","type-post","status-publish","format-standard","has-post-thumbnail","hentry","category-allgemein","wl_entity_type-article"],"acf":[],"yoast_head":"<!-- This site is optimized with the Yoast SEO Premium plugin v28.2 (Yoast SEO v28.2) - https:\/\/yoast.com\/product\/yoast-seo-premium-wordpress\/ -->\n<title>St. Veit \u00bb SalzburgerLand.com<\/title>\n<meta name=\"robots\" content=\"index, follow, max-snippet:-1, max-image-preview:large, max-video-preview:-1\" \/>\n<link rel=\"canonical\" href=\"https:\/\/www.salzburgerland.com\/de\/wp-json\/wp\/v2\/posts\/650485\" \/>\n<meta property=\"og:locale\" content=\"de_DE\" \/>\n<meta property=\"og:type\" content=\"article\" \/>\n<meta property=\"og:title\" content=\"St. Veit\" \/>\n<meta property=\"og:description\" content=\"Der heilklimatische Kurort verbindet Geschichte, Natur und Erholung. Rund um den historischen Ortskern laden Spazier- und Wanderwege, Kneippanlagen, Ruhepl\u00e4tze und Aussichtspunkte zum Entspannen ein.\" \/>\n<meta property=\"og:url\" content=\"https:\/\/www.salzburgerland.com\/de\/wp-json\/wp\/v2\/posts\/650485\" \/>\n<meta property=\"og:site_name\" content=\"SalzburgerLand.com\" \/>\n<meta property=\"article:publisher\" content=\"https:\/\/www.facebook.com\/salzburgerland\/\" \/>\n<meta property=\"article:published_time\" content=\"2022-02-17T15:36:41+00:00\" \/>\n<meta property=\"article:modified_time\" content=\"2026-07-20T13:02:39+00:00\" \/>\n<meta property=\"og:image\" content=\"https:\/\/www.salzburgerland.com\/de\/wp-content\/uploads\/2022\/02\/stveit1-1200x675.jpg\" \/>\n\t<meta property=\"og:image:width\" content=\"1200\" \/>\n\t<meta property=\"og:image:height\" content=\"675\" \/>\n\t<meta property=\"og:image:type\" content=\"image\/jpeg\" \/>\n<meta name=\"author\" content=\"Laurena Hollweck\" \/>\n<meta name=\"twitter:card\" content=\"summary_large_image\" \/>\n<meta name=\"twitter:creator\" content=\"@Themenredakteur\" \/>\n<meta name=\"twitter:site\" content=\"@Salzburgerland\" \/>\n<meta name=\"twitter:label1\" content=\"Verfasst von\" \/>\n\t<meta name=\"twitter:data1\" content=\"Laurena Hollweck\" \/>\n\t<meta name=\"twitter:label2\" content=\"Gesch\u00e4tzte Lesezeit\" \/>\n\t<meta name=\"twitter:data2\" content=\"4\u00a0Minuten\" \/>\n<script type=\"application\/ld+json\" class=\"yoast-schema-graph\">{\"@context\":\"https:\\\/\\\/schema.org\",\"@graph\":[{\"@type\":\"WebPage\",\"@id\":\"https:\\\/\\\/www.salzburgerland.com\\\/de\\\/st-veit-salzburgeralmenweg\\\/\",\"url\":\"https:\\\/\\\/www.salzburgerland.com\\\/de\\\/st-veit-salzburgeralmenweg\\\/\",\"name\":\"St. Veit \u00bb SalzburgerLand.com\",\"isPartOf\":{\"@id\":\"https:\\\/\\\/www.salzburgerland.com\\\/de\\\/#website\"},\"primaryImageOfPage\":{\"@id\":\"https:\\\/\\\/www.salzburgerland.com\\\/de\\\/st-veit-salzburgeralmenweg\\\/#primaryimage\"},\"image\":{\"@id\":\"https:\\\/\\\/www.salzburgerland.com\\\/de\\\/st-veit-salzburgeralmenweg\\\/#primaryimage\"},\"thumbnailUrl\":\"https:\\\/\\\/www.salzburgerland.com\\\/de\\\/wp-content\\\/uploads\\\/2022\\\/02\\\/stveit1.jpg\",\"datePublished\":\"2022-02-17T15:36:41+00:00\",\"dateModified\":\"2026-07-20T13:02:39+00:00\",\"description\":\"Der heilklimatische Kurort verbindet Geschichte, Natur und Erholung. Rund um den historischen Ortskern laden Spazier- und Wanderwege, Kneippanlagen, Ruhepl\u00e4tze und Aussichtspunkte zum Entspannen ein.\",\"breadcrumb\":{\"@id\":\"https:\\\/\\\/www.salzburgerland.com\\\/de\\\/st-veit-salzburgeralmenweg\\\/#breadcrumb\"},\"inLanguage\":\"de\",\"potentialAction\":[{\"@type\":\"ReadAction\",\"target\":[\"https:\\\/\\\/www.salzburgerland.com\\\/de\\\/st-veit-salzburgeralmenweg\\\/\"]}]},{\"@type\":\"ImageObject\",\"inLanguage\":\"de\",\"@id\":\"https:\\\/\\\/www.salzburgerland.com\\\/de\\\/st-veit-salzburgeralmenweg\\\/#primaryimage\",\"url\":\"https:\\\/\\\/www.salzburgerland.com\\\/de\\\/wp-content\\\/uploads\\\/2022\\\/02\\\/stveit1.jpg\",\"contentUrl\":\"https:\\\/\\\/www.salzburgerland.com\\\/de\\\/wp-content\\\/uploads\\\/2022\\\/02\\\/stveit1.jpg\",\"width\":2560,\"height\":1705,\"caption\":\"(c) Salzburger Sonnenterrasse, Mario stockhausen\"},{\"@type\":\"BreadcrumbList\",\"@id\":\"https:\\\/\\\/www.salzburgerland.com\\\/de\\\/st-veit-salzburgeralmenweg\\\/#breadcrumb\",\"itemListElement\":[{\"@type\":\"ListItem\",\"position\":1,\"name\":\"Salzburger Almenweg erleben\",\"item\":\"https:\\\/\\\/www.salzburgerland.com\\\/de\\\/salzburger-almenweg\\\/\"},{\"@type\":\"ListItem\",\"position\":2,\"name\":\"St. Veit\"}]},{\"@type\":\"WebSite\",\"@id\":\"https:\\\/\\\/www.salzburgerland.com\\\/de\\\/#website\",\"url\":\"https:\\\/\\\/www.salzburgerland.com\\\/de\\\/\",\"name\":\"SalzburgerLand.com\",\"description\":\"Ihr Urlaub in Salzburg, \u00d6sterreich\",\"publisher\":{\"@id\":\"https:\\\/\\\/www.salzburgerland.com\\\/de\\\/#organization\"},\"potentialAction\":[{\"@type\":\"SearchAction\",\"target\":{\"@type\":\"EntryPoint\",\"urlTemplate\":\"https:\\\/\\\/www.salzburgerland.com\\\/de\\\/?s={search_term_string}\"},\"query-input\":{\"@type\":\"PropertyValueSpecification\",\"valueRequired\":true,\"valueName\":\"search_term_string\"}}],\"inLanguage\":\"de\"},{\"@type\":\"Organization\",\"@id\":\"https:\\\/\\\/www.salzburgerland.com\\\/de\\\/#organization\",\"name\":\"SalzburgerLand Tourismus GmbH\",\"url\":\"https:\\\/\\\/www.salzburgerland.com\\\/de\\\/\",\"logo\":{\"@type\":\"ImageObject\",\"inLanguage\":\"de\",\"@id\":\"https:\\\/\\\/www.salzburgerland.com\\\/de\\\/#\\\/schema\\\/logo\\\/image\\\/\",\"url\":\"https:\\\/\\\/www.salzburgerland.com\\\/de\\\/wp-content\\\/uploads\\\/2017\\\/01\\\/salzburgerland-logo.jpg\",\"contentUrl\":\"https:\\\/\\\/www.salzburgerland.com\\\/de\\\/wp-content\\\/uploads\\\/2017\\\/01\\\/salzburgerland-logo.jpg\",\"width\":1920,\"height\":827,\"caption\":\"SalzburgerLand Tourismus GmbH\"},\"image\":{\"@id\":\"https:\\\/\\\/www.salzburgerland.com\\\/de\\\/#\\\/schema\\\/logo\\\/image\\\/\"},\"sameAs\":[\"https:\\\/\\\/www.facebook.com\\\/salzburgerland\\\/\",\"https:\\\/\\\/x.com\\\/Salzburgerland\",\"https:\\\/\\\/www.instagram.com\\\/salzburgerland\\\/\",\"http:\\\/\\\/dbpedia.org\\\/resource\\\/Salzburg_(state)\",\"http:\\\/\\\/wikidata.dbpedia.org\\\/resource\\\/Q43325\",\"https:\\\/\\\/open.salzburgerland.com\\\/de\\\/entity\\\/salzburgerland\",\"https:\\\/\\\/www.youtube.com\\\/user\\\/salzburgerland\"]},{\"@type\":\"Person\",\"@id\":\"https:\\\/\\\/www.salzburgerland.com\\\/de\\\/#\\\/schema\\\/person\\\/7d865001334078a27b24e067d6f03f66\",\"name\":\"Laurena Hollweck\",\"image\":{\"@type\":\"ImageObject\",\"inLanguage\":\"de\",\"@id\":\"https:\\\/\\\/secure.gravatar.com\\\/avatar\\\/8ebc8ecab3f40f718d6c64aec5bb4dcf1a46dceb739cc1dc3fa5bf900ac4887c?s=96&d=mm&r=g\",\"url\":\"https:\\\/\\\/secure.gravatar.com\\\/avatar\\\/8ebc8ecab3f40f718d6c64aec5bb4dcf1a46dceb739cc1dc3fa5bf900ac4887c?s=96&d=mm&r=g\",\"contentUrl\":\"https:\\\/\\\/secure.gravatar.com\\\/avatar\\\/8ebc8ecab3f40f718d6c64aec5bb4dcf1a46dceb739cc1dc3fa5bf900ac4887c?s=96&d=mm&r=g\",\"caption\":\"Laurena Hollweck\"},\"sameAs\":[\"https:\\\/\\\/x.com\\\/Themenredakteur\"]}]}<\/script>\n<!-- \/ Yoast SEO Premium plugin. -->","yoast_head_json":{"title":"St. Veit \u00bb SalzburgerLand.com","robots":{"index":"index","follow":"follow","max-snippet":"max-snippet:-1","max-image-preview":"max-image-preview:large","max-video-preview":"max-video-preview:-1"},"canonical":"https:\/\/www.salzburgerland.com\/de\/wp-json\/wp\/v2\/posts\/650485","og_locale":"de_DE","og_type":"article","og_title":"St. Veit","og_description":"Der heilklimatische Kurort verbindet Geschichte, Natur und Erholung. Rund um den historischen Ortskern laden Spazier- und Wanderwege, Kneippanlagen, Ruhepl\u00e4tze und Aussichtspunkte zum Entspannen ein.","og_url":"https:\/\/www.salzburgerland.com\/de\/wp-json\/wp\/v2\/posts\/650485","og_site_name":"SalzburgerLand.com","article_publisher":"https:\/\/www.facebook.com\/salzburgerland\/","article_published_time":"2022-02-17T15:36:41+00:00","article_modified_time":"2026-07-20T13:02:39+00:00","og_image":[{"width":1200,"height":675,"url":"https:\/\/www.salzburgerland.com\/de\/wp-content\/uploads\/2022\/02\/stveit1-1200x675.jpg","type":"image\/jpeg"}],"author":"Laurena Hollweck","twitter_card":"summary_large_image","twitter_creator":"@Themenredakteur","twitter_site":"@Salzburgerland","twitter_misc":{"Verfasst von":"Laurena Hollweck","Gesch\u00e4tzte Lesezeit":"4\u00a0Minuten"},"schema":{"@context":"https:\/\/schema.org","@graph":[{"@type":"WebPage","@id":"https:\/\/www.salzburgerland.com\/de\/st-veit-salzburgeralmenweg\/","url":"https:\/\/www.salzburgerland.com\/de\/st-veit-salzburgeralmenweg\/","name":"St. Veit \u00bb SalzburgerLand.com","isPartOf":{"@id":"https:\/\/www.salzburgerland.com\/de\/#website"},"primaryImageOfPage":{"@id":"https:\/\/www.salzburgerland.com\/de\/st-veit-salzburgeralmenweg\/#primaryimage"},"image":{"@id":"https:\/\/www.salzburgerland.com\/de\/st-veit-salzburgeralmenweg\/#primaryimage"},"thumbnailUrl":"https:\/\/www.salzburgerland.com\/de\/wp-content\/uploads\/2022\/02\/stveit1.jpg","datePublished":"2022-02-17T15:36:41+00:00","dateModified":"2026-07-20T13:02:39+00:00","description":"Der heilklimatische Kurort verbindet Geschichte, Natur und Erholung. Rund um den historischen Ortskern laden Spazier- und Wanderwege, Kneippanlagen, Ruhepl\u00e4tze und Aussichtspunkte zum Entspannen ein.","breadcrumb":{"@id":"https:\/\/www.salzburgerland.com\/de\/st-veit-salzburgeralmenweg\/#breadcrumb"},"inLanguage":"de","potentialAction":[{"@type":"ReadAction","target":["https:\/\/www.salzburgerland.com\/de\/st-veit-salzburgeralmenweg\/"]}]},{"@type":"ImageObject","inLanguage":"de","@id":"https:\/\/www.salzburgerland.com\/de\/st-veit-salzburgeralmenweg\/#primaryimage","url":"https:\/\/www.salzburgerland.com\/de\/wp-content\/uploads\/2022\/02\/stveit1.jpg","contentUrl":"https:\/\/www.salzburgerland.com\/de\/wp-content\/uploads\/2022\/02\/stveit1.jpg","width":2560,"height":1705,"caption":"(c) Salzburger Sonnenterrasse, Mario stockhausen"},{"@type":"BreadcrumbList","@id":"https:\/\/www.salzburgerland.com\/de\/st-veit-salzburgeralmenweg\/#breadcrumb","itemListElement":[{"@type":"ListItem","position":1,"name":"Salzburger Almenweg erleben","item":"https:\/\/www.salzburgerland.com\/de\/salzburger-almenweg\/"},{"@type":"ListItem","position":2,"name":"St. Veit"}]},{"@type":"WebSite","@id":"https:\/\/www.salzburgerland.com\/de\/#website","url":"https:\/\/www.salzburgerland.com\/de\/","name":"SalzburgerLand.com","description":"Ihr Urlaub in Salzburg, \u00d6sterreich","publisher":{"@id":"https:\/\/www.salzburgerland.com\/de\/#organization"},"potentialAction":[{"@type":"SearchAction","target":{"@type":"EntryPoint","urlTemplate":"https:\/\/www.salzburgerland.com\/de\/?s={search_term_string}"},"query-input":{"@type":"PropertyValueSpecification","valueRequired":true,"valueName":"search_term_string"}}],"inLanguage":"de"},{"@type":"Organization","@id":"https:\/\/www.salzburgerland.com\/de\/#organization","name":"SalzburgerLand Tourismus GmbH","url":"https:\/\/www.salzburgerland.com\/de\/","logo":{"@type":"ImageObject","inLanguage":"de","@id":"https:\/\/www.salzburgerland.com\/de\/#\/schema\/logo\/image\/","url":"https:\/\/www.salzburgerland.com\/de\/wp-content\/uploads\/2017\/01\/salzburgerland-logo.jpg","contentUrl":"https:\/\/www.salzburgerland.com\/de\/wp-content\/uploads\/2017\/01\/salzburgerland-logo.jpg","width":1920,"height":827,"caption":"SalzburgerLand Tourismus GmbH"},"image":{"@id":"https:\/\/www.salzburgerland.com\/de\/#\/schema\/logo\/image\/"},"sameAs":["https:\/\/www.facebook.com\/salzburgerland\/","https:\/\/x.com\/Salzburgerland","https:\/\/www.instagram.com\/salzburgerland\/","http:\/\/dbpedia.org\/resource\/Salzburg_(state)","http:\/\/wikidata.dbpedia.org\/resource\/Q43325","https:\/\/open.salzburgerland.com\/de\/entity\/salzburgerland","https:\/\/www.youtube.com\/user\/salzburgerland"]},{"@type":"Person","@id":"https:\/\/www.salzburgerland.com\/de\/#\/schema\/person\/7d865001334078a27b24e067d6f03f66","name":"Laurena Hollweck","image":{"@type":"ImageObject","inLanguage":"de","@id":"https:\/\/secure.gravatar.com\/avatar\/8ebc8ecab3f40f718d6c64aec5bb4dcf1a46dceb739cc1dc3fa5bf900ac4887c?s=96&d=mm&r=g","url":"https:\/\/secure.gravatar.com\/avatar\/8ebc8ecab3f40f718d6c64aec5bb4dcf1a46dceb739cc1dc3fa5bf900ac4887c?s=96&d=mm&r=g","contentUrl":"https:\/\/secure.gravatar.com\/avatar\/8ebc8ecab3f40f718d6c64aec5bb4dcf1a46dceb739cc1dc3fa5bf900ac4887c?s=96&d=mm&r=g","caption":"Laurena Hollweck"},"sameAs":["https:\/\/x.com\/Themenredakteur"]}]}},"_wl_alt_label":[],"wl:entity_url":"https:\/\/open.salzburgerland.com\/de\/post\/st-_veit","_links":{"self":[{"href":"https:\/\/www.salzburgerland.com\/de\/wp-json\/wp\/v2\/posts\/650485","targetHints":{"allow":["GET"]}}],"collection":[{"href":"https:\/\/www.salzburgerland.com\/de\/wp-json\/wp\/v2\/posts"}],"about":[{"href":"https:\/\/www.salzburgerland.com\/de\/wp-json\/wp\/v2\/types\/post"}],"author":[{"embeddable":true,"href":"https:\/\/www.salzburgerland.com\/de\/wp-json\/wp\/v2\/users\/106"}],"replies":[{"embeddable":true,"href":"https:\/\/www.salzburgerland.com\/de\/wp-json\/wp\/v2\/comments?post=650485"}],"version-history":[{"count":15,"href":"https:\/\/www.salzburgerland.com\/de\/wp-json\/wp\/v2\/posts\/650485\/revisions"}],"predecessor-version":[{"id":683123,"href":"https:\/\/www.salzburgerland.com\/de\/wp-json\/wp\/v2\/posts\/650485\/revisions\/683123"}],"wp:featuredmedia":[{"embeddable":true,"href":"https:\/\/www.salzburgerland.com\/de\/wp-json\/wp\/v2\/media\/683122"}],"wp:attachment":[{"href":"https:\/\/www.salzburgerland.com\/de\/wp-json\/wp\/v2\/media?parent=650485"}],"wp:term":[{"taxonomy":"category","embeddable":true,"href":"https:\/\/www.salzburgerland.com\/de\/wp-json\/wp\/v2\/categories?post=650485"},{"taxonomy":"post_tag","embeddable":true,"href":"https:\/\/www.salzburgerland.com\/de\/wp-json\/wp\/v2\/tags?post=650485"},{"taxonomy":"wl_entity_type","embeddable":true,"href":"https:\/\/www.salzburgerland.com\/de\/wp-json\/wp\/v2\/wl_entity_type?post=650485"}],"curies":[{"name":"wp","href":"https:\/\/api.w.org\/{rel}","templated":true}]}}