{"id":650328,"date":"2022-02-15T15:40:47","date_gmt":"2022-02-15T14:40:47","guid":{"rendered":"https:\/\/www.salzburgerland.com\/de\/?p=650328"},"modified":"2024-12-12T10:03:36","modified_gmt":"2024-12-12T09:03:36","slug":"muehlbach-am-hochkoenig-salzburgeralmsommer","status":"publish","type":"post","link":"https:\/\/www.salzburgerland.com\/de\/muehlbach-am-hochkoenig-salzburgeralmsommer\/","title":{"rendered":"M\u00dcHLBACH AM HOCHK\u00d6NIG"},"content":{"rendered":"<p>M\u00fchlbach am Hochk\u00f6nig ist modernes und doch brauchtumsreiches Bergdorf, mit echten Landwirten und historischer Bergbaugeschichte. Die einzigartige Landschaft mit den schroffen Felsw\u00e4nden entlang der Mandlw\u00e4nde bringt jeden ins Staunen. Ebenfalls f\u00fcr Hochgef\u00fchle sorgt das vielseitige Wanderangebot der Region \u2013 so entdecken Sie in <a href=\"https:\/\/www.hochkoenig.at\/de\/sommer\/wandern\/340-km-wanderfreiheit-im-salzburger-land.html\" target=\"_blank\" rel=\"noopener\">M\u00fchlbach<\/a> neben Tagestouren, Gipfelsiege und f\u00fcnf Weitwanderwegen auch die ersten drei Etappen des Salzburger Almenweges. Ob jung oder alt, gem\u00fctlich oder sportlich aktiv \u2013 in M\u00fchlbach am Hochk\u00f6nig findet jeder sein pers\u00f6nliches Berggl\u00fcck.<\/p>\n<p>\u00a0<\/p>\n<h2 class=\"h3 roboto-slab bold margin-bottom-50 margin-top-0\">Almenweg Etappen in M\u00fchlbach<\/h2>\n<p>Mit den Etappen 1, 2 und 3 bildet die Region Hochk\u00f6nig den Einstieg in das Weitwandererlebnis des Salzburger Almenweges. Etappe 1 verl\u00e4uft von Werfen zur Mitterfeldalm. Auf Etappe 2 startet man bei der Mitterfeldalm und steigt ab dem Arthurhaus in den M\u00fchlbacher H\u00f6henweg nach Dienten ein. Von Dienten geht es dann \u00fcber das Schneebergkreuz und das Gamsk\u00f6gerl entlang von Etappe 3 zum B\u00f6ndlsee nach Goldegg.<\/p>\n","protected":false},"excerpt":{"rendered":"<p>M\u00fchlbach am Hochk\u00f6nig ist modernes und doch brauchtumsreiches Bergdorf, mit echten Landwirten und historischer Bergbaugeschichte. Die einzigartige Landschaft mit den schroffen Felsw\u00e4nden entlang der Mandlw\u00e4nde bringt jeden ins Staunen. Ebenfalls f\u00fcr Hochgef\u00fchle sorgt das vielseitige Wanderangebot der Region \u2013 so entdecken Sie in M\u00fchlbach neben Tagestouren, Gipfelsiege und f\u00fcnf Weitwanderwegen auch die ersten drei Etappen [&hellip;]<\/p>\n","protected":false},"author":24,"featured_media":650382,"comment_status":"closed","ping_status":"closed","sticky":false,"template":"","format":"standard","meta":{"_acf_changed":false,"wl_entities_gutenberg":"","_relevanssi_hide_post":"","_relevanssi_hide_content":"","_relevanssi_pin_for_all":"","_relevanssi_pin_keywords":"","_relevanssi_unpin_keywords":"","_relevanssi_related_keywords":"","_relevanssi_related_include_ids":"","_relevanssi_related_exclude_ids":"","_relevanssi_related_no_append":"","_relevanssi_related_not_related":"","_relevanssi_related_posts":"","_relevanssi_noindex_reason":"","footnotes":""},"categories":[1],"tags":[],"wl_entity_type":[11495],"class_list":["post-650328","post","type-post","status-publish","format-standard","has-post-thumbnail","hentry","category-allgemein","wl_entity_type-article"],"acf":[],"yoast_head":"<!-- This site is optimized with the Yoast SEO Premium plugin v26.9 (Yoast SEO v26.9) - https:\/\/yoast.com\/product\/yoast-seo-premium-wordpress\/ -->\n<title>M\u00dcHLBACH AM HOCHK\u00d6NIG \u00bb SalzburgerLand.com<\/title>\n<meta name=\"robots\" content=\"index, follow, max-snippet:-1, max-image-preview:large, max-video-preview:-1\" \/>\n<link rel=\"canonical\" href=\"https:\/\/www.salzburgerland.com\/de\/wp-json\/wp\/v2\/posts\/650328\" \/>\n<meta property=\"og:locale\" content=\"de_DE\" \/>\n<meta property=\"og:type\" content=\"article\" \/>\n<meta property=\"og:title\" content=\"M\u00dcHLBACH AM HOCHK\u00d6NIG\" \/>\n<meta property=\"og:description\" content=\"Das Bergdorf M\u00fchlbach am Hochk\u00f6nig sorgt f\u00fcr Hochgef\u00fchle bei Wanderern.\" \/>\n<meta property=\"og:url\" content=\"https:\/\/www.salzburgerland.com\/de\/wp-json\/wp\/v2\/posts\/650328\" \/>\n<meta property=\"og:site_name\" content=\"SalzburgerLand.com\" \/>\n<meta property=\"article:publisher\" content=\"https:\/\/www.facebook.com\/salzburgerland\/\" \/>\n<meta property=\"article:published_time\" content=\"2022-02-15T14:40:47+00:00\" \/>\n<meta property=\"article:modified_time\" content=\"2024-12-12T09:03:36+00:00\" \/>\n<meta property=\"og:image\" content=\"https:\/\/www.salzburgerland.com\/de\/wp-content\/uploads\/2022\/02\/hochkoenig_muehlbach_1170-1.jpg\" \/>\n\t<meta property=\"og:image:width\" content=\"1170\" \/>\n\t<meta property=\"og:image:height\" content=\"650\" \/>\n\t<meta property=\"og:image:type\" content=\"image\/jpeg\" \/>\n<meta name=\"author\" content=\"Fiona Hermann\" \/>\n<meta name=\"twitter:card\" content=\"summary_large_image\" \/>\n<meta name=\"twitter:creator\" content=\"@Salzburgerland\" \/>\n<meta name=\"twitter:site\" content=\"@Salzburgerland\" \/>\n<meta name=\"twitter:label1\" content=\"Verfasst von\" \/>\n\t<meta name=\"twitter:data1\" content=\"Fiona Hermann\" \/>\n\t<meta name=\"twitter:label2\" content=\"Gesch\u00e4tzte Lesezeit\" \/>\n\t<meta name=\"twitter:data2\" content=\"2\u00a0Minuten\" \/>\n<script type=\"application\/ld+json\" class=\"yoast-schema-graph\">{\"@context\":\"https:\/\/schema.org\",\"@graph\":[{\"@type\":\"WebPage\",\"@id\":\"https:\/\/www.salzburgerland.com\/de\/muehlbach-am-hochkoenig-salzburgeralmsommer\/\",\"url\":\"https:\/\/www.salzburgerland.com\/de\/muehlbach-am-hochkoenig-salzburgeralmsommer\/\",\"name\":\"M\u00dcHLBACH AM HOCHK\u00d6NIG \u00bb SalzburgerLand.com\",\"isPartOf\":{\"@id\":\"https:\/\/www.salzburgerland.com\/de\/#website\"},\"primaryImageOfPage\":{\"@id\":\"https:\/\/www.salzburgerland.com\/de\/muehlbach-am-hochkoenig-salzburgeralmsommer\/#primaryimage\"},\"image\":{\"@id\":\"https:\/\/www.salzburgerland.com\/de\/muehlbach-am-hochkoenig-salzburgeralmsommer\/#primaryimage\"},\"thumbnailUrl\":\"https:\/\/www.salzburgerland.com\/de\/wp-content\/uploads\/2022\/02\/hochkoenig_muehlbach_1170-1.jpg\",\"datePublished\":\"2022-02-15T14:40:47+00:00\",\"dateModified\":\"2024-12-12T09:03:36+00:00\",\"description\":\"Das Bergdorf M\u00fchlbach am Hochk\u00f6nig sorgt f\u00fcr Hochgef\u00fchle bei Wanderern.\",\"breadcrumb\":{\"@id\":\"https:\/\/www.salzburgerland.com\/de\/muehlbach-am-hochkoenig-salzburgeralmsommer\/#breadcrumb\"},\"inLanguage\":\"de\",\"potentialAction\":[{\"@type\":\"ReadAction\",\"target\":[\"https:\/\/www.salzburgerland.com\/de\/muehlbach-am-hochkoenig-salzburgeralmsommer\/\"]}]},{\"@type\":\"ImageObject\",\"inLanguage\":\"de\",\"@id\":\"https:\/\/www.salzburgerland.com\/de\/muehlbach-am-hochkoenig-salzburgeralmsommer\/#primaryimage\",\"url\":\"https:\/\/www.salzburgerland.com\/de\/wp-content\/uploads\/2022\/02\/hochkoenig_muehlbach_1170-1.jpg\",\"contentUrl\":\"https:\/\/www.salzburgerland.com\/de\/wp-content\/uploads\/2022\/02\/hochkoenig_muehlbach_1170-1.jpg\",\"width\":1170,\"height\":650,\"caption\":\"Hochkoenig_M\u00fchlbach_Almenweg\"},{\"@type\":\"BreadcrumbList\",\"@id\":\"https:\/\/www.salzburgerland.com\/de\/muehlbach-am-hochkoenig-salzburgeralmsommer\/#breadcrumb\",\"itemListElement\":[{\"@type\":\"ListItem\",\"position\":1,\"name\":\"Salzburger Almenweg erleben\",\"item\":\"https:\/\/www.salzburgerland.com\/de\/salzburger-almenweg\/\"},{\"@type\":\"ListItem\",\"position\":2,\"name\":\"M\u00dcHLBACH AM HOCHK\u00d6NIG\"}]},{\"@type\":\"WebSite\",\"@id\":\"https:\/\/www.salzburgerland.com\/de\/#website\",\"url\":\"https:\/\/www.salzburgerland.com\/de\/\",\"name\":\"SalzburgerLand.com\",\"description\":\"Ihr Urlaub in Salzburg, \u00d6sterreich\",\"publisher\":{\"@id\":\"https:\/\/www.salzburgerland.com\/de\/#organization\"},\"potentialAction\":[{\"@type\":\"SearchAction\",\"target\":{\"@type\":\"EntryPoint\",\"urlTemplate\":\"https:\/\/www.salzburgerland.com\/de\/?s={search_term_string}\"},\"query-input\":{\"@type\":\"PropertyValueSpecification\",\"valueRequired\":true,\"valueName\":\"search_term_string\"}}],\"inLanguage\":\"de\"},{\"@type\":\"Organization\",\"@id\":\"https:\/\/www.salzburgerland.com\/de\/#organization\",\"name\":\"SalzburgerLand Tourismus GmbH\",\"url\":\"https:\/\/www.salzburgerland.com\/de\/\",\"logo\":{\"@type\":\"ImageObject\",\"inLanguage\":\"de\",\"@id\":\"https:\/\/www.salzburgerland.com\/de\/#\/schema\/logo\/image\/\",\"url\":\"https:\/\/www.salzburgerland.com\/de\/wp-content\/uploads\/2017\/01\/salzburgerland-logo.jpg\",\"contentUrl\":\"https:\/\/www.salzburgerland.com\/de\/wp-content\/uploads\/2017\/01\/salzburgerland-logo.jpg\",\"width\":1920,\"height\":827,\"caption\":\"SalzburgerLand Tourismus GmbH\"},\"image\":{\"@id\":\"https:\/\/www.salzburgerland.com\/de\/#\/schema\/logo\/image\/\"},\"sameAs\":[\"https:\/\/www.facebook.com\/salzburgerland\/\",\"https:\/\/x.com\/Salzburgerland\",\"https:\/\/www.instagram.com\/salzburgerland\/\",\"http:\/\/dbpedia.org\/resource\/Salzburg_(state)\",\"http:\/\/wikidata.dbpedia.org\/resource\/Q43325\",\"http:\/\/open.salzburgerland.com\/de\/entity\/salzburgerland\",\"https:\/\/www.youtube.com\/user\/salzburgerland\"]},{\"@type\":\"Person\",\"@id\":\"https:\/\/www.salzburgerland.com\/de\/#\/schema\/person\/02ef578e9c73e3013902ee4b52f13a4f\",\"name\":\"Fiona Hermann\",\"image\":{\"@type\":\"ImageObject\",\"inLanguage\":\"de\",\"@id\":\"https:\/\/www.salzburgerland.com\/de\/#\/schema\/person\/image\/\",\"url\":\"https:\/\/secure.gravatar.com\/avatar\/d747fce9d24aad3d824753df57f408a986b193f06620f8dd33668ac4945dcadc?s=96&d=mm&r=g\",\"contentUrl\":\"https:\/\/secure.gravatar.com\/avatar\/d747fce9d24aad3d824753df57f408a986b193f06620f8dd33668ac4945dcadc?s=96&d=mm&r=g\",\"caption\":\"Fiona Hermann\"}}]}<\/script>\n<!-- \/ Yoast SEO Premium plugin. -->","yoast_head_json":{"title":"M\u00dcHLBACH AM HOCHK\u00d6NIG \u00bb SalzburgerLand.com","robots":{"index":"index","follow":"follow","max-snippet":"max-snippet:-1","max-image-preview":"max-image-preview:large","max-video-preview":"max-video-preview:-1"},"canonical":"https:\/\/www.salzburgerland.com\/de\/wp-json\/wp\/v2\/posts\/650328","og_locale":"de_DE","og_type":"article","og_title":"M\u00dcHLBACH AM HOCHK\u00d6NIG","og_description":"Das Bergdorf M\u00fchlbach am Hochk\u00f6nig sorgt f\u00fcr Hochgef\u00fchle bei Wanderern.","og_url":"https:\/\/www.salzburgerland.com\/de\/wp-json\/wp\/v2\/posts\/650328","og_site_name":"SalzburgerLand.com","article_publisher":"https:\/\/www.facebook.com\/salzburgerland\/","article_published_time":"2022-02-15T14:40:47+00:00","article_modified_time":"2024-12-12T09:03:36+00:00","og_image":[{"url":"https:\/\/www.salzburgerland.com\/de\/wp-content\/uploads\/2022\/02\/hochkoenig_muehlbach_1170-1.jpg","width":1170,"height":650,"type":"image\/jpeg"}],"author":"Fiona Hermann","twitter_card":"summary_large_image","twitter_creator":"@Salzburgerland","twitter_site":"@Salzburgerland","twitter_misc":{"Verfasst von":"Fiona Hermann","Gesch\u00e4tzte Lesezeit":"2\u00a0Minuten"},"schema":{"@context":"https:\/\/schema.org","@graph":[{"@type":"WebPage","@id":"https:\/\/www.salzburgerland.com\/de\/muehlbach-am-hochkoenig-salzburgeralmsommer\/","url":"https:\/\/www.salzburgerland.com\/de\/muehlbach-am-hochkoenig-salzburgeralmsommer\/","name":"M\u00dcHLBACH AM HOCHK\u00d6NIG \u00bb SalzburgerLand.com","isPartOf":{"@id":"https:\/\/www.salzburgerland.com\/de\/#website"},"primaryImageOfPage":{"@id":"https:\/\/www.salzburgerland.com\/de\/muehlbach-am-hochkoenig-salzburgeralmsommer\/#primaryimage"},"image":{"@id":"https:\/\/www.salzburgerland.com\/de\/muehlbach-am-hochkoenig-salzburgeralmsommer\/#primaryimage"},"thumbnailUrl":"https:\/\/www.salzburgerland.com\/de\/wp-content\/uploads\/2022\/02\/hochkoenig_muehlbach_1170-1.jpg","datePublished":"2022-02-15T14:40:47+00:00","dateModified":"2024-12-12T09:03:36+00:00","description":"Das Bergdorf M\u00fchlbach am Hochk\u00f6nig sorgt f\u00fcr Hochgef\u00fchle bei Wanderern.","breadcrumb":{"@id":"https:\/\/www.salzburgerland.com\/de\/muehlbach-am-hochkoenig-salzburgeralmsommer\/#breadcrumb"},"inLanguage":"de","potentialAction":[{"@type":"ReadAction","target":["https:\/\/www.salzburgerland.com\/de\/muehlbach-am-hochkoenig-salzburgeralmsommer\/"]}]},{"@type":"ImageObject","inLanguage":"de","@id":"https:\/\/www.salzburgerland.com\/de\/muehlbach-am-hochkoenig-salzburgeralmsommer\/#primaryimage","url":"https:\/\/www.salzburgerland.com\/de\/wp-content\/uploads\/2022\/02\/hochkoenig_muehlbach_1170-1.jpg","contentUrl":"https:\/\/www.salzburgerland.com\/de\/wp-content\/uploads\/2022\/02\/hochkoenig_muehlbach_1170-1.jpg","width":1170,"height":650,"caption":"Hochkoenig_M\u00fchlbach_Almenweg"},{"@type":"BreadcrumbList","@id":"https:\/\/www.salzburgerland.com\/de\/muehlbach-am-hochkoenig-salzburgeralmsommer\/#breadcrumb","itemListElement":[{"@type":"ListItem","position":1,"name":"Salzburger Almenweg erleben","item":"https:\/\/www.salzburgerland.com\/de\/salzburger-almenweg\/"},{"@type":"ListItem","position":2,"name":"M\u00dcHLBACH AM HOCHK\u00d6NIG"}]},{"@type":"WebSite","@id":"https:\/\/www.salzburgerland.com\/de\/#website","url":"https:\/\/www.salzburgerland.com\/de\/","name":"SalzburgerLand.com","description":"Ihr Urlaub in Salzburg, \u00d6sterreich","publisher":{"@id":"https:\/\/www.salzburgerland.com\/de\/#organization"},"potentialAction":[{"@type":"SearchAction","target":{"@type":"EntryPoint","urlTemplate":"https:\/\/www.salzburgerland.com\/de\/?s={search_term_string}"},"query-input":{"@type":"PropertyValueSpecification","valueRequired":true,"valueName":"search_term_string"}}],"inLanguage":"de"},{"@type":"Organization","@id":"https:\/\/www.salzburgerland.com\/de\/#organization","name":"SalzburgerLand Tourismus GmbH","url":"https:\/\/www.salzburgerland.com\/de\/","logo":{"@type":"ImageObject","inLanguage":"de","@id":"https:\/\/www.salzburgerland.com\/de\/#\/schema\/logo\/image\/","url":"https:\/\/www.salzburgerland.com\/de\/wp-content\/uploads\/2017\/01\/salzburgerland-logo.jpg","contentUrl":"https:\/\/www.salzburgerland.com\/de\/wp-content\/uploads\/2017\/01\/salzburgerland-logo.jpg","width":1920,"height":827,"caption":"SalzburgerLand Tourismus GmbH"},"image":{"@id":"https:\/\/www.salzburgerland.com\/de\/#\/schema\/logo\/image\/"},"sameAs":["https:\/\/www.facebook.com\/salzburgerland\/","https:\/\/x.com\/Salzburgerland","https:\/\/www.instagram.com\/salzburgerland\/","http:\/\/dbpedia.org\/resource\/Salzburg_(state)","http:\/\/wikidata.dbpedia.org\/resource\/Q43325","http:\/\/open.salzburgerland.com\/de\/entity\/salzburgerland","https:\/\/www.youtube.com\/user\/salzburgerland"]},{"@type":"Person","@id":"https:\/\/www.salzburgerland.com\/de\/#\/schema\/person\/02ef578e9c73e3013902ee4b52f13a4f","name":"Fiona Hermann","image":{"@type":"ImageObject","inLanguage":"de","@id":"https:\/\/www.salzburgerland.com\/de\/#\/schema\/person\/image\/","url":"https:\/\/secure.gravatar.com\/avatar\/d747fce9d24aad3d824753df57f408a986b193f06620f8dd33668ac4945dcadc?s=96&d=mm&r=g","contentUrl":"https:\/\/secure.gravatar.com\/avatar\/d747fce9d24aad3d824753df57f408a986b193f06620f8dd33668ac4945dcadc?s=96&d=mm&r=g","caption":"Fiona Hermann"}}]}},"_wl_alt_label":[],"wl:entity_url":"http:\/\/open.salzburgerland.com\/de\/post\/muehlbach","_links":{"self":[{"href":"https:\/\/www.salzburgerland.com\/de\/wp-json\/wp\/v2\/posts\/650328","targetHints":{"allow":["GET"]}}],"collection":[{"href":"https:\/\/www.salzburgerland.com\/de\/wp-json\/wp\/v2\/posts"}],"about":[{"href":"https:\/\/www.salzburgerland.com\/de\/wp-json\/wp\/v2\/types\/post"}],"author":[{"embeddable":true,"href":"https:\/\/www.salzburgerland.com\/de\/wp-json\/wp\/v2\/users\/24"}],"replies":[{"embeddable":true,"href":"https:\/\/www.salzburgerland.com\/de\/wp-json\/wp\/v2\/comments?post=650328"}],"version-history":[{"count":7,"href":"https:\/\/www.salzburgerland.com\/de\/wp-json\/wp\/v2\/posts\/650328\/revisions"}],"predecessor-version":[{"id":674742,"href":"https:\/\/www.salzburgerland.com\/de\/wp-json\/wp\/v2\/posts\/650328\/revisions\/674742"}],"wp:featuredmedia":[{"embeddable":true,"href":"https:\/\/www.salzburgerland.com\/de\/wp-json\/wp\/v2\/media\/650382"}],"wp:attachment":[{"href":"https:\/\/www.salzburgerland.com\/de\/wp-json\/wp\/v2\/media?parent=650328"}],"wp:term":[{"taxonomy":"category","embeddable":true,"href":"https:\/\/www.salzburgerland.com\/de\/wp-json\/wp\/v2\/categories?post=650328"},{"taxonomy":"post_tag","embeddable":true,"href":"https:\/\/www.salzburgerland.com\/de\/wp-json\/wp\/v2\/tags?post=650328"},{"taxonomy":"wl_entity_type","embeddable":true,"href":"https:\/\/www.salzburgerland.com\/de\/wp-json\/wp\/v2\/wl_entity_type?post=650328"}],"curies":[{"name":"wp","href":"https:\/\/api.w.org\/{rel}","templated":true}]}}