{"id":649816,"date":"2022-01-31T13:41:02","date_gmt":"2022-01-31T12:41:02","guid":{"rendered":"https:\/\/www.salzburgerland.com\/de\/?p=649816"},"modified":"2022-02-02T03:43:09","modified_gmt":"2022-02-02T02:43:09","slug":"skihaubenkueche-powder-was-will-man-mehr-sportgastein","status":"publish","type":"post","link":"https:\/\/www.salzburgerland.com\/de\/skihaubenkueche-powder-was-will-man-mehr-sportgastein\/","title":{"rendered":"Skihaubenk\u00fcche &amp; Powder \u2013 was will man mehr?"},"content":{"rendered":"<p>Hier, im mit einer Seeh\u00f6he von 1.590-2.650 Metern h\u00f6chstgelegenen Skigebiet in Ski amad\u00e9 mit 24 Pistenkilometern, geht\u2019s f\u00fcr Rudi Pichler nicht nur auf der Piste zur Sache, sondern auch in Sachen Kulinarik kann man sich hier verw\u00f6hnen lassen. Aber bevor die Skih\u00fctte rief, schnallte er seine Ski an und carvte an einem Traumtagerl in den Bergen im SalzburgerLand \u00fcber die perfekt pr\u00e4parierten Pisten in <a href=\"https:\/\/www.skigastein.com\/de\/skigebiet\/sportgastein\" target=\"_blank\" rel=\"noopener\">Sportgastein<\/a>.<\/p>\n<div id=\"attachment_649821\" style=\"width: 1180px\" class=\"wp-caption aligncenter\"><img decoding=\"async\" aria-describedby=\"caption-attachment-649821\" class=\"size-1170_658 wp-image-649821\" src=\"https:\/\/cdn.salzburgerland.com\/de\/wp-content\/uploads\/2022\/01\/dsc02663-1170x658.jpg\" alt=\"\" width=\"1170\" height=\"658\" srcset=\"https:\/\/www.salzburgerland.com\/de\/wp-content\/uploads\/2022\/01\/dsc02663-1170x658.jpg 1170w, https:\/\/www.salzburgerland.com\/de\/wp-content\/uploads\/2022\/01\/dsc02663-1200x675.jpg 1200w\" sizes=\"(max-width: 1170px) 100vw, 1170px\"><p id=\"caption-attachment-649821\" class=\"wp-caption-text\">Ab geht\u2019s auf die Piste!<\/p><\/div>\n<p>Nat\u00fcrlich regte das auch den Appetit an und so geh\u00f6rt zu einem gelungenen Skitag im Gasteinertal auch ein Einkehrschwung in einer Skih\u00fctte nat\u00fcrlich dazu. Rudi Pichler machte Halt im alt-ehrw\u00fcrdigen <a href=\"https:\/\/www.gasteinertal.com\/valeriehaus\/\" target=\"_blank\" rel=\"noopener\">Valeriehaus<\/a>, das 1889 Kaiser Franz Joseph erbauen lie\u00df und nach seiner j\u00fcngsten Tochter Marie Valerie benannte. Nach einer Generalsanierung der Betreiber Liene und Otto Klaffenb\u00f6ck ist das Valeriehaus ein echtes Skih\u00fctten-Schmuckst\u00fcck und bietet auch kulinarisch regionale H\u00fcttenschmankerl.<\/p>\n<h2>Skihaubenh\u00fctten im Gasteinertal<\/h2>\n<p>Wusstest du, dass das SalzburgerLand zu den Regionen mit der h\u00f6chsten Dichte an Haubenk\u00f6chen geh\u00f6rt? Das Gasteinertal feiert dies mit ihren speziellen <a href=\"https:\/\/www.gastein.com\/gastein\/kulinarik\/skihauben\/\" target=\"_blank\" rel=\"noopener\">Skihaubenh\u00fctten-Gerichten<\/a>. Hinter den Gasteiner Skihauben stehen diese sechs Haubenk\u00f6che aus dem SalzburgerLand: Johanna Maier, Vitus Winkler, Sepp Schellhorn, Johannes Fuchs, Lukas Ziesel und in Memoriam J\u00f6rg W\u00f6rther, einer der Aush\u00e4ngeschilder der Spitzenkulinarik aus dem SalzburgerLand.<\/p>\n<div id=\"attachment_649817\" style=\"width: 1180px\" class=\"wp-caption aligncenter\"><img decoding=\"async\" aria-describedby=\"caption-attachment-649817\" class=\"size-1170_658 wp-image-649817\" src=\"https:\/\/cdn.salzburgerland.com\/de\/wp-content\/uploads\/2022\/01\/dsc02649-1170x658.jpg\" alt=\"\" width=\"1170\" height=\"658\" srcset=\"https:\/\/www.salzburgerland.com\/de\/wp-content\/uploads\/2022\/01\/dsc02649-1170x658.jpg 1170w, https:\/\/www.salzburgerland.com\/de\/wp-content\/uploads\/2022\/01\/dsc02649-1200x675.jpg 1200w\" sizes=\"(max-width: 1170px) 100vw, 1170px\"><p id=\"caption-attachment-649817\" class=\"wp-caption-text\">Buchten \u00e1 la Johanna Maier<\/p><\/div>\n<p>Nat\u00fcrlich lie\u00df sich Rudi Pichler das Skihaubenh\u00fctten-Gericht im Valeriehaus nicht entgehen. Liene und Otto Klaffenb\u00f6ck servierten Buchteln mit Marillenf\u00fcllung und Vanillesauce nach dem Rezept von Spitzenk\u00f6chin Johanna Maier aus Filzmoos. Aber wie ihr Rudi Pichler schon kennt, hatte er nicht nur verkostet, sondern hat auch hinter die Kulissen in der K\u00fcche bei Marcel und Michi vorbeigeschaut, wie sie die Buchteln frisch zubereiteten. Sie schmeckten herrlich fluffig, eine echte kaiserliche Nachspeise, die man sich nicht entgehen lassen sollte, wenn man in Sportgastein unterwegs ist.<\/p>\n<p>Weil er es einfach nicht lassen kann, ging es frisch gest\u00e4rkt f\u00fcr Rudi Pichler danach auch noch in den Powder, wie die jungen Leute sagen. Insgesamt warten auf euch drei Freeridepisten in Sportgastein, auf denen man das sportlichste Skigebiet von Gastein abseits der Piste entdecken kann, Tiefschnee nat\u00fcrlich inklusive:<\/p>\n<ul>\n<li>Golden Powder (5.000 Meter L\u00e4nge und 664 H\u00f6henmeter)<\/li>\n<li>Golden Rush (2.000 Meter und 398 H\u00f6henmeter)<\/li>\n<li>Golden Ride (666 Meter und 176 H\u00f6henmeter)<\/li>\n<\/ul>\n<div id=\"attachment_649884\" style=\"width: 1180px\" class=\"wp-caption aligncenter\"><img decoding=\"async\" aria-describedby=\"caption-attachment-649884\" class=\"size-1170_658 wp-image-649884\" src=\"https:\/\/cdn.salzburgerland.com\/de\/wp-content\/uploads\/2022\/02\/gastein_freeride-mauskarspitz_c-gasteinertal-tourismus-gmbh-christoph-oberschneider-19-min-1170x658.jpg\" alt=\"\" width=\"1170\" height=\"658\" srcset=\"https:\/\/www.salzburgerland.com\/de\/wp-content\/uploads\/2022\/02\/gastein_freeride-mauskarspitz_c-gasteinertal-tourismus-gmbh-christoph-oberschneider-19-min-1170x658.jpg 1170w, https:\/\/www.salzburgerland.com\/de\/wp-content\/uploads\/2022\/02\/gastein_freeride-mauskarspitz_c-gasteinertal-tourismus-gmbh-christoph-oberschneider-19-min-1200x675.jpg 1200w\" sizes=\"(max-width: 1170px) 100vw, 1170px\"><p id=\"caption-attachment-649884\" class=\"wp-caption-text\">\u00a9 Gasteinertal Tourismus GmbH, Christoph Oberschneider<\/p><\/div>\n<p>Noch Fragen? Rudi Pichler hat den Tag im Gasteinertal sportlich und kulinarisch perfekt ausgenutzt \u2013 viel Spa\u00df bei deinem Ski-Ausflug nach Sportgastein.<\/p>\n<h2>Buchteln \u00e1 la Haubenk\u00f6chin Johanna Maier (f\u00fcr 4 Personen)<\/h2>\n<p><strong>Zum Nachkochen findet ihr hier die Zutatenliste:<\/strong><\/p>\n<p>Teig:<\/p>\n<ul>\n<li>450g Mehl<\/li>\n<li>275ml Milch warm<\/li>\n<li>10g Hefe<\/li>\n<li>1 Ei<\/li>\n<li>2 Eigelb<\/li>\n<li>80g Zucker<\/li>\n<li>250g Marillenmarmelade f\u00fcr die F\u00fclle<\/li>\n<li>100g Butter zum Bestreichen<\/li>\n<\/ul>\n<p>Vanillesauce:<\/p>\n<ul>\n<li>400 ml Milch<\/li>\n<li>90g Zucker<\/li>\n<li>1 Vanilleschote<\/li>\n<li>250g Schlagobers<\/li>\n<li>2 Eier<\/li>\n<li>10g Speisest\u00e4rke<\/li>\n<\/ul>\n<p><strong>Zubereitung:<\/strong><\/p>\n<p>F\u00fcr den Teig die Hefe in der lauwarmen Milch aufl\u00f6sen, mit den restlichen Zutaten in der R\u00fchrmaschine zu einem geschmeidigen Teig verarbeiten und 1h mit einem Tuch abgedeckt rasten lassen. Anschlie\u00dfend in 30g Teile portionieren und flachdr\u00fccken. Die Marillenmarmelade in den Teigfladen einschlie\u00dfen und mit dem Schluss nach unten auf ein gebuttertes Blech legen. Anschlie\u00dfend die Buchteln noch mit zerlassener Butter bestreichen und bei 180\u00b0C Hei\u00dfluft 15 \u2013 20 min im Ofen backen. Serviert wird mit Vanillesauce oder gebr\u00e4unter Butter. Staubzucker darauf und guten Appetit.<\/p>\n<p>Jetzt geht\u2019s an die Vanillesauce: W\u00e4hrend der Teig ruht, Milch mit Zucker und Mark der Vanilleschote aufkochen lassen. Eier mit Speisest\u00e4rke und Schlagobers verquirlen, zur Milch beimengen und r\u00fchrend kurz aufkochen lassen (Achtung: nur kurz aufkochen\/Ausflockgefahr).<\/p>\n<p>Lust auf noch mehr Winter-Genusstipps? Die n\u00e4chste Station von Rudi\u2019s Roadtrip Winter Edition f\u00fchrt ihn wieder durch eine spannende Urlaubsregion im SalzburgerLand. Nat\u00fcrlich hat Rudi Pichler dann wieder ein Rezept mitgenommen f\u00fcr euch. Freut euch auf einen Stopp in Flachau Zauchensee, bis bald!<\/p>\n","protected":false},"excerpt":{"rendered":"<p>Hier, im mit einer Seeh\u00f6he von 1.590-2.650 Metern h\u00f6chstgelegenen Skigebiet in Ski amad\u00e9 mit 24 Pistenkilometern, geht\u2019s f\u00fcr Rudi Pichler nicht nur auf der Piste zur Sache, sondern auch in Sachen Kulinarik kann man sich hier verw\u00f6hnen lassen. Aber bevor die Skih\u00fctte rief, schnallte er seine Ski an und carvte an einem Traumtagerl in den [&hellip;]<\/p>\n","protected":false},"author":67,"featured_media":649819,"comment_status":"closed","ping_status":"closed","sticky":false,"template":"","format":"standard","meta":{"_acf_changed":false,"wl_entities_gutenberg":"","_relevanssi_hide_post":"","_relevanssi_hide_content":"","_relevanssi_pin_for_all":"","_relevanssi_pin_keywords":"","_relevanssi_unpin_keywords":"","_relevanssi_related_keywords":"","_relevanssi_related_include_ids":"","_relevanssi_related_exclude_ids":"","_relevanssi_related_no_append":"","_relevanssi_related_not_related":"","_relevanssi_related_posts":"","_relevanssi_noindex_reason":"","footnotes":""},"categories":[1],"tags":[],"wl_entity_type":[11495],"class_list":["post-649816","post","type-post","status-publish","format-standard","has-post-thumbnail","hentry","category-allgemein","wl_entity_type-article"],"acf":[],"yoast_head":"<!-- This site is optimized with the Yoast SEO Premium plugin v26.9 (Yoast SEO v26.9) - https:\/\/yoast.com\/product\/yoast-seo-premium-wordpress\/ -->\n<title>Skihaubenk\u00fcche &amp; Powder \u2013 was will man mehr? \u00bb SalzburgerLand.com<\/title>\n<meta name=\"description\" content=\"Unter dem Motto &quot;SalzburgerLand schmecken &amp; entdecken&quot; schaut er den Salzburger Genusshandwerkern und K\u00f6chen \u00fcber die Schultern und entdeckt auf seinen Erkundungstouren so manch spannende Br\u00e4uche und gelebte Traditionen. Sein zweiter Stopp der Winter Edition f\u00fchrte ihn ins Gasteinertal, genauer gesagt nach Sportgastein.\" \/>\n<meta name=\"robots\" content=\"index, follow, max-snippet:-1, max-image-preview:large, max-video-preview:-1\" \/>\n<link rel=\"canonical\" href=\"https:\/\/www.salzburgerland.com\/de\/wp-json\/wp\/v2\/posts\/649816\" \/>\n<meta property=\"og:locale\" content=\"de_DE\" \/>\n<meta property=\"og:type\" content=\"article\" \/>\n<meta property=\"og:title\" content=\"Skihaubenk\u00fcche &amp; Powder \u2013 was will man mehr?\" \/>\n<meta property=\"og:description\" content=\"Unter dem Motto &quot;SalzburgerLand schmecken &amp; entdecken&quot; schaut er den Salzburger Genusshandwerkern und K\u00f6chen \u00fcber die Schultern und entdeckt auf seinen Erkundungstouren so manch spannende Br\u00e4uche und gelebte Traditionen. Sein zweiter Stopp der Winter Edition f\u00fchrte ihn ins Gasteinertal, genauer gesagt nach Sportgastein.\" \/>\n<meta property=\"og:url\" content=\"https:\/\/www.salzburgerland.com\/de\/wp-json\/wp\/v2\/posts\/649816\" \/>\n<meta property=\"og:site_name\" content=\"SalzburgerLand.com\" \/>\n<meta property=\"article:publisher\" content=\"https:\/\/www.facebook.com\/salzburgerland\/\" \/>\n<meta property=\"article:published_time\" content=\"2022-01-31T12:41:02+00:00\" \/>\n<meta property=\"article:modified_time\" content=\"2022-02-02T02:43:09+00:00\" \/>\n<meta property=\"og:image\" content=\"https:\/\/www.salzburgerland.com\/de\/wp-content\/uploads\/2022\/01\/dsc02657-1200x675.jpg\" \/>\n\t<meta property=\"og:image:width\" content=\"1200\" \/>\n\t<meta property=\"og:image:height\" content=\"675\" \/>\n\t<meta property=\"og:image:type\" content=\"image\/jpeg\" \/>\n<meta name=\"author\" content=\"G\u00fcnter Baumgartner\" \/>\n<meta name=\"twitter:card\" content=\"summary_large_image\" \/>\n<meta name=\"twitter:creator\" content=\"@Salzburgerland\" \/>\n<meta name=\"twitter:site\" content=\"@Salzburgerland\" \/>\n<meta name=\"twitter:label1\" content=\"Verfasst von\" \/>\n\t<meta name=\"twitter:data1\" content=\"G\u00fcnter Baumgartner\" \/>\n\t<meta name=\"twitter:label2\" content=\"Gesch\u00e4tzte Lesezeit\" \/>\n\t<meta name=\"twitter:data2\" content=\"4\u00a0Minuten\" \/>\n<script type=\"application\/ld+json\" class=\"yoast-schema-graph\">{\"@context\":\"https:\/\/schema.org\",\"@graph\":[{\"@type\":\"WebPage\",\"@id\":\"https:\/\/www.salzburgerland.com\/de\/skihaubenkueche-powder-was-will-man-mehr-sportgastein\/\",\"url\":\"https:\/\/www.salzburgerland.com\/de\/skihaubenkueche-powder-was-will-man-mehr-sportgastein\/\",\"name\":\"Skihaubenk\u00fcche &amp; Powder \u2013 was will man mehr? \u00bb SalzburgerLand.com\",\"isPartOf\":{\"@id\":\"https:\/\/www.salzburgerland.com\/de\/#website\"},\"primaryImageOfPage\":{\"@id\":\"https:\/\/www.salzburgerland.com\/de\/skihaubenkueche-powder-was-will-man-mehr-sportgastein\/#primaryimage\"},\"image\":{\"@id\":\"https:\/\/www.salzburgerland.com\/de\/skihaubenkueche-powder-was-will-man-mehr-sportgastein\/#primaryimage\"},\"thumbnailUrl\":\"https:\/\/www.salzburgerland.com\/de\/wp-content\/uploads\/2022\/01\/dsc02657-scaled.jpg\",\"datePublished\":\"2022-01-31T12:41:02+00:00\",\"dateModified\":\"2022-02-02T02:43:09+00:00\",\"description\":\"Unter dem Motto \\\"SalzburgerLand schmecken & entdecken\\\" schaut er den Salzburger Genusshandwerkern und K\u00f6chen \u00fcber die Schultern und entdeckt auf seinen Erkundungstouren so manch spannende Br\u00e4uche und gelebte Traditionen. Sein zweiter Stopp der Winter Edition f\u00fchrte ihn ins Gasteinertal, genauer gesagt nach Sportgastein.\",\"breadcrumb\":{\"@id\":\"https:\/\/www.salzburgerland.com\/de\/skihaubenkueche-powder-was-will-man-mehr-sportgastein\/#breadcrumb\"},\"inLanguage\":\"de\",\"potentialAction\":[{\"@type\":\"ReadAction\",\"target\":[\"https:\/\/www.salzburgerland.com\/de\/skihaubenkueche-powder-was-will-man-mehr-sportgastein\/\"]}]},{\"@type\":\"ImageObject\",\"inLanguage\":\"de\",\"@id\":\"https:\/\/www.salzburgerland.com\/de\/skihaubenkueche-powder-was-will-man-mehr-sportgastein\/#primaryimage\",\"url\":\"https:\/\/www.salzburgerland.com\/de\/wp-content\/uploads\/2022\/01\/dsc02657-scaled.jpg\",\"contentUrl\":\"https:\/\/www.salzburgerland.com\/de\/wp-content\/uploads\/2022\/01\/dsc02657-scaled.jpg\",\"width\":1920,\"height\":1280,\"caption\":\"Rudi Pichler und Otto Klaffenb\u00f6ck lassen sich die Buchteln \u00e1 la Johanna Maier schmecken.\"},{\"@type\":\"BreadcrumbList\",\"@id\":\"https:\/\/www.salzburgerland.com\/de\/skihaubenkueche-powder-was-will-man-mehr-sportgastein\/#breadcrumb\",\"itemListElement\":[{\"@type\":\"ListItem\",\"position\":1,\"name\":\"Rudi's Roadtrip \u2013 Winter Edition\",\"item\":\"https:\/\/www.salzburgerland.com\/de\/rudis-roadtrip-winter-edition\/\"},{\"@type\":\"ListItem\",\"position\":2,\"name\":\"Skihaubenk\u00fcche &amp; Powder \u2013 was will man mehr?\"}]},{\"@type\":\"WebSite\",\"@id\":\"https:\/\/www.salzburgerland.com\/de\/#website\",\"url\":\"https:\/\/www.salzburgerland.com\/de\/\",\"name\":\"SalzburgerLand.com\",\"description\":\"Ihr Urlaub in Salzburg, \u00d6sterreich\",\"publisher\":{\"@id\":\"https:\/\/www.salzburgerland.com\/de\/#organization\"},\"potentialAction\":[{\"@type\":\"SearchAction\",\"target\":{\"@type\":\"EntryPoint\",\"urlTemplate\":\"https:\/\/www.salzburgerland.com\/de\/?s={search_term_string}\"},\"query-input\":{\"@type\":\"PropertyValueSpecification\",\"valueRequired\":true,\"valueName\":\"search_term_string\"}}],\"inLanguage\":\"de\"},{\"@type\":\"Organization\",\"@id\":\"https:\/\/www.salzburgerland.com\/de\/#organization\",\"name\":\"SalzburgerLand Tourismus GmbH\",\"url\":\"https:\/\/www.salzburgerland.com\/de\/\",\"logo\":{\"@type\":\"ImageObject\",\"inLanguage\":\"de\",\"@id\":\"https:\/\/www.salzburgerland.com\/de\/#\/schema\/logo\/image\/\",\"url\":\"https:\/\/www.salzburgerland.com\/de\/wp-content\/uploads\/2017\/01\/salzburgerland-logo.jpg\",\"contentUrl\":\"https:\/\/www.salzburgerland.com\/de\/wp-content\/uploads\/2017\/01\/salzburgerland-logo.jpg\",\"width\":1920,\"height\":827,\"caption\":\"SalzburgerLand Tourismus GmbH\"},\"image\":{\"@id\":\"https:\/\/www.salzburgerland.com\/de\/#\/schema\/logo\/image\/\"},\"sameAs\":[\"https:\/\/www.facebook.com\/salzburgerland\/\",\"https:\/\/x.com\/Salzburgerland\",\"https:\/\/www.instagram.com\/salzburgerland\/\",\"http:\/\/dbpedia.org\/resource\/Salzburg_(state)\",\"http:\/\/wikidata.dbpedia.org\/resource\/Q43325\",\"http:\/\/open.salzburgerland.com\/de\/entity\/salzburgerland\",\"https:\/\/www.youtube.com\/user\/salzburgerland\"]},{\"@type\":\"Person\",\"@id\":\"https:\/\/www.salzburgerland.com\/de\/#\/schema\/person\/202fa69e766a95ce88b9c174c33cf9b7\",\"name\":\"G\u00fcnter Baumgartner\",\"image\":{\"@type\":\"ImageObject\",\"inLanguage\":\"de\",\"@id\":\"https:\/\/www.salzburgerland.com\/de\/#\/schema\/person\/image\/\",\"url\":\"https:\/\/secure.gravatar.com\/avatar\/46e8f74f35e1f1449410c59dc6ef7980d5bccacd006bd0f60416a5b5b522c5ff?s=96&d=mm&r=g\",\"contentUrl\":\"https:\/\/secure.gravatar.com\/avatar\/46e8f74f35e1f1449410c59dc6ef7980d5bccacd006bd0f60416a5b5b522c5ff?s=96&d=mm&r=g\",\"caption\":\"G\u00fcnter Baumgartner\"}}]}<\/script>\n<!-- \/ Yoast SEO Premium plugin. -->","yoast_head_json":{"title":"Skihaubenk\u00fcche &amp; Powder \u2013 was will man mehr? \u00bb SalzburgerLand.com","description":"Unter dem Motto \"SalzburgerLand schmecken & entdecken\" schaut er den Salzburger Genusshandwerkern und K\u00f6chen \u00fcber die Schultern und entdeckt auf seinen Erkundungstouren so manch spannende Br\u00e4uche und gelebte Traditionen. Sein zweiter Stopp der Winter Edition f\u00fchrte ihn ins Gasteinertal, genauer gesagt nach Sportgastein.","robots":{"index":"index","follow":"follow","max-snippet":"max-snippet:-1","max-image-preview":"max-image-preview:large","max-video-preview":"max-video-preview:-1"},"canonical":"https:\/\/www.salzburgerland.com\/de\/wp-json\/wp\/v2\/posts\/649816","og_locale":"de_DE","og_type":"article","og_title":"Skihaubenk\u00fcche &amp; Powder \u2013 was will man mehr?","og_description":"Unter dem Motto \"SalzburgerLand schmecken & entdecken\" schaut er den Salzburger Genusshandwerkern und K\u00f6chen \u00fcber die Schultern und entdeckt auf seinen Erkundungstouren so manch spannende Br\u00e4uche und gelebte Traditionen. Sein zweiter Stopp der Winter Edition f\u00fchrte ihn ins Gasteinertal, genauer gesagt nach Sportgastein.","og_url":"https:\/\/www.salzburgerland.com\/de\/wp-json\/wp\/v2\/posts\/649816","og_site_name":"SalzburgerLand.com","article_publisher":"https:\/\/www.facebook.com\/salzburgerland\/","article_published_time":"2022-01-31T12:41:02+00:00","article_modified_time":"2022-02-02T02:43:09+00:00","og_image":[{"width":1200,"height":675,"url":"https:\/\/www.salzburgerland.com\/de\/wp-content\/uploads\/2022\/01\/dsc02657-1200x675.jpg","type":"image\/jpeg"}],"author":"G\u00fcnter Baumgartner","twitter_card":"summary_large_image","twitter_creator":"@Salzburgerland","twitter_site":"@Salzburgerland","twitter_misc":{"Verfasst von":"G\u00fcnter Baumgartner","Gesch\u00e4tzte Lesezeit":"4\u00a0Minuten"},"schema":{"@context":"https:\/\/schema.org","@graph":[{"@type":"WebPage","@id":"https:\/\/www.salzburgerland.com\/de\/skihaubenkueche-powder-was-will-man-mehr-sportgastein\/","url":"https:\/\/www.salzburgerland.com\/de\/skihaubenkueche-powder-was-will-man-mehr-sportgastein\/","name":"Skihaubenk\u00fcche &amp; Powder \u2013 was will man mehr? \u00bb SalzburgerLand.com","isPartOf":{"@id":"https:\/\/www.salzburgerland.com\/de\/#website"},"primaryImageOfPage":{"@id":"https:\/\/www.salzburgerland.com\/de\/skihaubenkueche-powder-was-will-man-mehr-sportgastein\/#primaryimage"},"image":{"@id":"https:\/\/www.salzburgerland.com\/de\/skihaubenkueche-powder-was-will-man-mehr-sportgastein\/#primaryimage"},"thumbnailUrl":"https:\/\/www.salzburgerland.com\/de\/wp-content\/uploads\/2022\/01\/dsc02657-scaled.jpg","datePublished":"2022-01-31T12:41:02+00:00","dateModified":"2022-02-02T02:43:09+00:00","description":"Unter dem Motto \"SalzburgerLand schmecken & entdecken\" schaut er den Salzburger Genusshandwerkern und K\u00f6chen \u00fcber die Schultern und entdeckt auf seinen Erkundungstouren so manch spannende Br\u00e4uche und gelebte Traditionen. Sein zweiter Stopp der Winter Edition f\u00fchrte ihn ins Gasteinertal, genauer gesagt nach Sportgastein.","breadcrumb":{"@id":"https:\/\/www.salzburgerland.com\/de\/skihaubenkueche-powder-was-will-man-mehr-sportgastein\/#breadcrumb"},"inLanguage":"de","potentialAction":[{"@type":"ReadAction","target":["https:\/\/www.salzburgerland.com\/de\/skihaubenkueche-powder-was-will-man-mehr-sportgastein\/"]}]},{"@type":"ImageObject","inLanguage":"de","@id":"https:\/\/www.salzburgerland.com\/de\/skihaubenkueche-powder-was-will-man-mehr-sportgastein\/#primaryimage","url":"https:\/\/www.salzburgerland.com\/de\/wp-content\/uploads\/2022\/01\/dsc02657-scaled.jpg","contentUrl":"https:\/\/www.salzburgerland.com\/de\/wp-content\/uploads\/2022\/01\/dsc02657-scaled.jpg","width":1920,"height":1280,"caption":"Rudi Pichler und Otto Klaffenb\u00f6ck lassen sich die Buchteln \u00e1 la Johanna Maier schmecken."},{"@type":"BreadcrumbList","@id":"https:\/\/www.salzburgerland.com\/de\/skihaubenkueche-powder-was-will-man-mehr-sportgastein\/#breadcrumb","itemListElement":[{"@type":"ListItem","position":1,"name":"Rudi's Roadtrip \u2013 Winter Edition","item":"https:\/\/www.salzburgerland.com\/de\/rudis-roadtrip-winter-edition\/"},{"@type":"ListItem","position":2,"name":"Skihaubenk\u00fcche &amp; Powder \u2013 was will man mehr?"}]},{"@type":"WebSite","@id":"https:\/\/www.salzburgerland.com\/de\/#website","url":"https:\/\/www.salzburgerland.com\/de\/","name":"SalzburgerLand.com","description":"Ihr Urlaub in Salzburg, \u00d6sterreich","publisher":{"@id":"https:\/\/www.salzburgerland.com\/de\/#organization"},"potentialAction":[{"@type":"SearchAction","target":{"@type":"EntryPoint","urlTemplate":"https:\/\/www.salzburgerland.com\/de\/?s={search_term_string}"},"query-input":{"@type":"PropertyValueSpecification","valueRequired":true,"valueName":"search_term_string"}}],"inLanguage":"de"},{"@type":"Organization","@id":"https:\/\/www.salzburgerland.com\/de\/#organization","name":"SalzburgerLand Tourismus GmbH","url":"https:\/\/www.salzburgerland.com\/de\/","logo":{"@type":"ImageObject","inLanguage":"de","@id":"https:\/\/www.salzburgerland.com\/de\/#\/schema\/logo\/image\/","url":"https:\/\/www.salzburgerland.com\/de\/wp-content\/uploads\/2017\/01\/salzburgerland-logo.jpg","contentUrl":"https:\/\/www.salzburgerland.com\/de\/wp-content\/uploads\/2017\/01\/salzburgerland-logo.jpg","width":1920,"height":827,"caption":"SalzburgerLand Tourismus GmbH"},"image":{"@id":"https:\/\/www.salzburgerland.com\/de\/#\/schema\/logo\/image\/"},"sameAs":["https:\/\/www.facebook.com\/salzburgerland\/","https:\/\/x.com\/Salzburgerland","https:\/\/www.instagram.com\/salzburgerland\/","http:\/\/dbpedia.org\/resource\/Salzburg_(state)","http:\/\/wikidata.dbpedia.org\/resource\/Q43325","http:\/\/open.salzburgerland.com\/de\/entity\/salzburgerland","https:\/\/www.youtube.com\/user\/salzburgerland"]},{"@type":"Person","@id":"https:\/\/www.salzburgerland.com\/de\/#\/schema\/person\/202fa69e766a95ce88b9c174c33cf9b7","name":"G\u00fcnter Baumgartner","image":{"@type":"ImageObject","inLanguage":"de","@id":"https:\/\/www.salzburgerland.com\/de\/#\/schema\/person\/image\/","url":"https:\/\/secure.gravatar.com\/avatar\/46e8f74f35e1f1449410c59dc6ef7980d5bccacd006bd0f60416a5b5b522c5ff?s=96&d=mm&r=g","contentUrl":"https:\/\/secure.gravatar.com\/avatar\/46e8f74f35e1f1449410c59dc6ef7980d5bccacd006bd0f60416a5b5b522c5ff?s=96&d=mm&r=g","caption":"G\u00fcnter Baumgartner"}}]}},"_wl_alt_label":[],"wl:entity_url":"http:\/\/open.salzburgerland.com\/de\/post\/skihaubenkueche__amp__powder_-_was_will_man_mehr_","_links":{"self":[{"href":"https:\/\/www.salzburgerland.com\/de\/wp-json\/wp\/v2\/posts\/649816","targetHints":{"allow":["GET"]}}],"collection":[{"href":"https:\/\/www.salzburgerland.com\/de\/wp-json\/wp\/v2\/posts"}],"about":[{"href":"https:\/\/www.salzburgerland.com\/de\/wp-json\/wp\/v2\/types\/post"}],"author":[{"embeddable":true,"href":"https:\/\/www.salzburgerland.com\/de\/wp-json\/wp\/v2\/users\/67"}],"replies":[{"embeddable":true,"href":"https:\/\/www.salzburgerland.com\/de\/wp-json\/wp\/v2\/comments?post=649816"}],"version-history":[{"count":5,"href":"https:\/\/www.salzburgerland.com\/de\/wp-json\/wp\/v2\/posts\/649816\/revisions"}],"predecessor-version":[{"id":649977,"href":"https:\/\/www.salzburgerland.com\/de\/wp-json\/wp\/v2\/posts\/649816\/revisions\/649977"}],"wp:featuredmedia":[{"embeddable":true,"href":"https:\/\/www.salzburgerland.com\/de\/wp-json\/wp\/v2\/media\/649819"}],"wp:attachment":[{"href":"https:\/\/www.salzburgerland.com\/de\/wp-json\/wp\/v2\/media?parent=649816"}],"wp:term":[{"taxonomy":"category","embeddable":true,"href":"https:\/\/www.salzburgerland.com\/de\/wp-json\/wp\/v2\/categories?post=649816"},{"taxonomy":"post_tag","embeddable":true,"href":"https:\/\/www.salzburgerland.com\/de\/wp-json\/wp\/v2\/tags?post=649816"},{"taxonomy":"wl_entity_type","embeddable":true,"href":"https:\/\/www.salzburgerland.com\/de\/wp-json\/wp\/v2\/wl_entity_type?post=649816"}],"curies":[{"name":"wp","href":"https:\/\/api.w.org\/{rel}","templated":true}]}}