{"id":649501,"date":"2022-01-16T15:58:14","date_gmt":"2022-01-16T14:58:14","guid":{"rendered":"https:\/\/www.salzburgerland.com\/de\/?p=649501"},"modified":"2022-01-31T13:48:01","modified_gmt":"2022-01-31T12:48:01","slug":"tanz-der-tresterer","status":"publish","type":"post","link":"https:\/\/www.salzburgerland.com\/de\/tanz-der-tresterer\/","title":{"rendered":"Tanz der Tresterer"},"content":{"rendered":"<p>Unter dem Motto \u201eSalzburgerLand schmecken &amp; entdecken\u201c schaut er den Salzburger Genusshandwerkern und K\u00f6chen \u00fcber die Schultern und entdeckt auf seinen Erkundungstouren so manch spannende Br\u00e4uche und gelebte Traditionen. Sein erster Stopp der Winter Edition f\u00fchrte ihn nach <a href=\"https:\/\/www.salzburgerland.com\/de\/mittersill\/\" target=\"_blank\" rel=\"noopener\">Mittersill<\/a> und <a href=\"https:\/\/www.salzburgerland.com\/de\/zell-am-see-kaprun\/\" target=\"_blank\" rel=\"noopener\">Zell am See-Kaprun<\/a>.<\/p>\n<div id=\"attachment_649506\" style=\"width: 1180px\" class=\"wp-caption aligncenter\"><img decoding=\"async\" aria-describedby=\"caption-attachment-649506\" class=\"size-1170_658 wp-image-649506\" src=\"https:\/\/cdn.salzburgerland.com\/de\/wp-content\/uploads\/2022\/01\/winteredition-1-12-1170x658.jpg\" alt=\"\" width=\"1170\" height=\"658\" srcset=\"https:\/\/www.salzburgerland.com\/de\/wp-content\/uploads\/2022\/01\/winteredition-1-12-1170x658.jpg 1170w, https:\/\/www.salzburgerland.com\/de\/wp-content\/uploads\/2022\/01\/winteredition-1-12-1200x675.jpg 1200w\" sizes=\"(max-width: 1170px) 100vw, 1170px\"><p id=\"caption-attachment-649506\" class=\"wp-caption-text\">Auf den Weg zum Restaurant Sunnseit in Mittersill<\/p><\/div>\n<p>Genauer gesagt machte Rudi Pichler halt bei Silvia und Toni Seber im <a href=\"https:\/\/www.sunnseit.at\/\" target=\"_blank\" rel=\"noopener\">Restaurant Sunnseit<\/a> in Mittersill \u2013 inkl. herrlichem Panorama \u00fcber die Hohen Tauern. Dort, in der N\u00e4he der Panoramabahn II, hat sich ein kulinarischer Geheimtipp versteckt, den Rudi Pichler nat\u00fcrlich besuchten musste. Nur 15 Minuten vom legend\u00e4ren Skiort Kitzb\u00fchel entfernt, erreicht man die \u201eSunnseit\u201c zu Fu\u00df, per Auto, via Gondel von Hollersbach aus oder mit den Ski \u00fcber die Breitmoos-Abfahrt.<\/p>\n<p>Chef und K\u00fcchenmeister Toni Seber achtet bei seinen Gerichten auf Regionalit\u00e4t und Saisonalit\u00e4t und versucht, so viele Produkte wie m\u00f6glich von Bio-Bauern aus der Umgebung zu beziehen. F\u00fcr Rudi Pichler hat er ein ganz besonderes Gericht im Talon \u2013 eine Urkartoffel im Salzteig. Diese Kartoffelsorte an sich ist rund 6.500 Jahre alt, hat einen nussigen Geschmack und erinnert leicht an Kastanie, wie Rudi Pichler nach dem Verkosten feststellt. Speck aus der Region und gesalzenes Joghurt als Beilage runden das Gericht herrlich ab.<\/p>\n<div id=\"attachment_649509\" style=\"width: 1180px\" class=\"wp-caption aligncenter\"><img decoding=\"async\" aria-describedby=\"caption-attachment-649509\" class=\"size-1170_658 wp-image-649509\" src=\"https:\/\/cdn.salzburgerland.com\/de\/wp-content\/uploads\/2022\/01\/winteredition-1-17-1170x658.jpg\" alt=\"\" width=\"1170\" height=\"658\" srcset=\"https:\/\/www.salzburgerland.com\/de\/wp-content\/uploads\/2022\/01\/winteredition-1-17-1170x658.jpg 1170w, https:\/\/www.salzburgerland.com\/de\/wp-content\/uploads\/2022\/01\/winteredition-1-17-1200x675.jpg 1200w\" sizes=\"(max-width: 1170px) 100vw, 1170px\"><p id=\"caption-attachment-649509\" class=\"wp-caption-text\">Rudi Pichler genie\u00dft mit Hausherren Toni Seber den Urkartoffel im Salzteig.<\/p><\/div>\n<h2>Jahrhundertealtes Brauchtum<\/h2>\n<p>Frisch gest\u00e4rkt geht es f\u00fcr Rudi Pichler jetzt weiter nach Zell am See, um einen ganz alten Brauch kennenzulernen. Zum ersten Mal wurde der Trestererbrauch 1841 erw\u00e4hnt \u2013 noch heute wird er vor allem im Salzburger Pinzgau gelebt. Der Tanz der Tresterer ist ein alter Brauch und stammt aus Zeiten, in denen Getreide noch mit den F\u00fc\u00dfen gedrescht (ausgetreten) wurde. Die Tresterer sind sogenannten Sch\u00f6nperchten und sollen reichen Erntesegen, Fruchtbarkeit, Gl\u00fcck und Gesundheit bringen.<\/p>\n<div id=\"attachment_649510\" style=\"width: 1180px\" class=\"wp-caption aligncenter\"><img decoding=\"async\" aria-describedby=\"caption-attachment-649510\" class=\"size-1170_658 wp-image-649510\" src=\"https:\/\/cdn.salzburgerland.com\/de\/wp-content\/uploads\/2022\/01\/winteredition-1-20-1170x658.jpg\" alt=\"\" width=\"1170\" height=\"658\" srcset=\"https:\/\/www.salzburgerland.com\/de\/wp-content\/uploads\/2022\/01\/winteredition-1-20-1170x658.jpg 1170w, https:\/\/www.salzburgerland.com\/de\/wp-content\/uploads\/2022\/01\/winteredition-1-20-1200x675.jpg 1200w\" sizes=\"(max-width: 1170px) 100vw, 1170px\"><p id=\"caption-attachment-649510\" class=\"wp-caption-text\">Rudi Pichler mit Obmann Christian Posch und Archivar Lukas Schmiderer von den Zeller Tresterer<\/p><\/div>\n<p>Beim Treffen im <a href=\"https:\/\/www.vogtturm.at\/\" target=\"_blank\" rel=\"noopener\">Museum Vogtturm<\/a> mit Obmann Christian Posch und Archivar Lukas Schmiderer von den <a href=\"https:\/\/tresterer.com\/\" target=\"_blank\" rel=\"noopener\">Zeller Tresterer<\/a> konnte sich Rudi Pichler ganz genau \u00fcber den speziellen Tresterer-Tanz informieren. Er versuchte sich sogar selbst beim Tanzen. Aber zu einer Trestererpass geh\u00f6ren nicht nur die Tresterer selbst, sondern auch Begleitfiguren, Schiachperchten, Musiker und ein Hanswurst.<\/p>\n<p><iframe title=\"Dance of the Tresterer in Zell am See-Kaprun\" width=\"500\" height=\"281\" src=\"https:\/\/www.youtube-nocookie.com\/embed\/2NDHjRFtjIE?feature=oembed&amp;rel=0&amp;modestbranding=1\" frameborder=\"0\" allow=\"accelerometer; autoplay; clipboard-write; encrypted-media; gyroscope; picture-in-picture; web-share\" referrerpolicy=\"strict-origin-when-cross-origin\" allowfullscreen><\/iframe><\/p>\n<p>Wer dieses Jahrhunderte alte Brauchtum live erleben will, sollte im Dezember bzw. J\u00e4nner in den Pinzgau kommen \u2013 in Zell am See findet die Veranstaltung jeweils am 6. J\u00e4nner statt.<\/p>\n<h2>Urkartoffel im Salzteig (f\u00fcr 4 Personen)<\/h2>\n<p><strong>Zum Nachkochen findet ihr hier die Zutatenliste:<\/strong><\/p>\n<ul>\n<li>600g Weizenmehl Type 700<\/li>\n<li>600g Salz fein<\/li>\n<li>2 Eier<\/li>\n<li>30g Eiwei\u00df<\/li>\n<li>40g Backpulver<\/li>\n<li>270g Wasser<\/li>\n<li>14 Erd\u00e4pfel<\/li>\n<li>200g Speck aufgeschnitten<\/li>\n<li>250g Joghurt<\/li>\n<\/ul>\n<div id=\"attachment_649505\" style=\"width: 1180px\" class=\"wp-caption aligncenter\"><img decoding=\"async\" aria-describedby=\"caption-attachment-649505\" class=\"size-1170_658 wp-image-649505\" src=\"https:\/\/cdn.salzburgerland.com\/de\/wp-content\/uploads\/2022\/01\/winteredition-1-10-1170x658.jpg\" alt=\"\" width=\"1170\" height=\"658\" srcset=\"https:\/\/www.salzburgerland.com\/de\/wp-content\/uploads\/2022\/01\/winteredition-1-10-1170x658.jpg 1170w, https:\/\/www.salzburgerland.com\/de\/wp-content\/uploads\/2022\/01\/winteredition-1-10-1200x675.jpg 1200w\" sizes=\"(max-width: 1170px) 100vw, 1170px\"><p id=\"caption-attachment-649505\" class=\"wp-caption-text\">F\u00fcr dieses Urkartoffel-Rezept braucht ihr ganz wenige Zutaten.<\/p><\/div>\n<p><strong>Zubereitung:<\/strong><\/p>\n<p>F\u00fcr den Salzteig verarbeitet ihr alle Zutaten in einer Sch\u00fcssel zu einem geschmeidigen Teig und lasst ihn eine Stunde rasten. Die Erd\u00e4pfel wie Marillenkn\u00f6del einzeln \u201eeinpacken\u201c, auf ein Blech legen und bei 185\u00b0C ca. 40 Minuten Umluft backen.<\/p>\n<p>Serviert werden die Urkartoffeln im Salzteig mit gesalzenem Joghurt, aufgeschnittenem Speck und einem Salat je nach Wunsch.<\/p>\n<div id=\"attachment_649508\" style=\"width: 1180px\" class=\"wp-caption aligncenter\"><img decoding=\"async\" aria-describedby=\"caption-attachment-649508\" class=\"size-1170_658 wp-image-649508\" src=\"https:\/\/cdn.salzburgerland.com\/de\/wp-content\/uploads\/2022\/01\/winteredition-1-15-1170x658.jpg\" alt=\"\" width=\"1170\" height=\"658\" srcset=\"https:\/\/www.salzburgerland.com\/de\/wp-content\/uploads\/2022\/01\/winteredition-1-15-1170x658.jpg 1170w, https:\/\/www.salzburgerland.com\/de\/wp-content\/uploads\/2022\/01\/winteredition-1-15-1200x675.jpg 1200w\" sizes=\"(max-width: 1170px) 100vw, 1170px\"><p id=\"caption-attachment-649508\" class=\"wp-caption-text\">Urkartoffel im Salzteig mit Speck und Joghurt. Mahlzeit!<\/p><\/div>\n<p>Lust auf noch mehr Winter-Genusstipps? Die n\u00e4chste Station von Rudi\u2019s Roadtrip Winter Edition f\u00fchrt ihn wieder durch eine spannende Urlaubsregion im SalzburgerLand. Nat\u00fcrlich hat Rudi Pichler dann wieder ein Rezept f\u00fcr euch mitgenommen.<\/p>\n","protected":false},"excerpt":{"rendered":"<p>Unter dem Motto \u201eSalzburgerLand schmecken &amp; entdecken\u201c schaut er den Salzburger Genusshandwerkern und K\u00f6chen \u00fcber die Schultern und entdeckt auf seinen Erkundungstouren so manch spannende Br\u00e4uche und gelebte Traditionen. Sein erster Stopp der Winter Edition f\u00fchrte ihn nach Mittersill und Zell am See-Kaprun. Genauer gesagt machte Rudi Pichler halt bei Silvia und Toni Seber im [&hellip;]<\/p>\n","protected":false},"author":67,"featured_media":649509,"comment_status":"closed","ping_status":"closed","sticky":false,"template":"","format":"standard","meta":{"_acf_changed":false,"wl_entities_gutenberg":"","_relevanssi_hide_post":"","_relevanssi_hide_content":"","_relevanssi_pin_for_all":"","_relevanssi_pin_keywords":"","_relevanssi_unpin_keywords":"","_relevanssi_related_keywords":"","_relevanssi_related_include_ids":"","_relevanssi_related_exclude_ids":"","_relevanssi_related_no_append":"","_relevanssi_related_not_related":"","_relevanssi_related_posts":"","_relevanssi_noindex_reason":"","footnotes":""},"categories":[1],"tags":[],"wl_entity_type":[11495],"class_list":["post-649501","post","type-post","status-publish","format-standard","has-post-thumbnail","hentry","category-allgemein","wl_entity_type-article"],"acf":[],"yoast_head":"<!-- This site is optimized with the Yoast SEO Premium plugin v26.9 (Yoast SEO v26.9) - https:\/\/yoast.com\/product\/yoast-seo-premium-wordpress\/ -->\n<title>Tanz der Tresterer \u00bb SalzburgerLand.com<\/title>\n<meta name=\"description\" content=\"Rudi&#039;s Roadtrip Winter Edition: Auf geht&#039;s in ein neues Winter-Abenteuer im SalzburgerLand mit seinen ganz besonderen kulturellen und kulinarischen Spezialit\u00e4ten.\" \/>\n<meta name=\"robots\" content=\"index, follow, max-snippet:-1, max-image-preview:large, max-video-preview:-1\" \/>\n<link rel=\"canonical\" href=\"https:\/\/www.salzburgerland.com\/de\/wp-json\/wp\/v2\/posts\/649501\" \/>\n<meta property=\"og:locale\" content=\"de_DE\" \/>\n<meta property=\"og:type\" content=\"article\" \/>\n<meta property=\"og:title\" content=\"Tanz der Tresterer\" \/>\n<meta property=\"og:description\" content=\"Rudi&#039;s Roadtrip Winter Edition: Auf geht&#039;s in ein neues Winter-Abenteuer im SalzburgerLand mit seinen ganz besonderen kulturellen und kulinarischen Spezialit\u00e4ten.\" \/>\n<meta property=\"og:url\" content=\"https:\/\/www.salzburgerland.com\/de\/wp-json\/wp\/v2\/posts\/649501\" \/>\n<meta property=\"og:site_name\" content=\"SalzburgerLand.com\" \/>\n<meta property=\"article:publisher\" content=\"https:\/\/www.facebook.com\/salzburgerland\/\" \/>\n<meta property=\"article:published_time\" content=\"2022-01-16T14:58:14+00:00\" \/>\n<meta property=\"article:modified_time\" content=\"2022-01-31T12:48:01+00:00\" \/>\n<meta property=\"og:image\" content=\"https:\/\/www.salzburgerland.com\/de\/wp-content\/uploads\/2022\/01\/winteredition-1-17-1200x675.jpg\" \/>\n\t<meta property=\"og:image:width\" content=\"1200\" \/>\n\t<meta property=\"og:image:height\" content=\"675\" \/>\n\t<meta property=\"og:image:type\" content=\"image\/jpeg\" \/>\n<meta name=\"author\" content=\"G\u00fcnter Baumgartner\" \/>\n<meta name=\"twitter:card\" content=\"summary_large_image\" \/>\n<meta name=\"twitter:creator\" content=\"@Salzburgerland\" \/>\n<meta name=\"twitter:site\" content=\"@Salzburgerland\" \/>\n<meta name=\"twitter:label1\" content=\"Verfasst von\" \/>\n\t<meta name=\"twitter:data1\" content=\"G\u00fcnter Baumgartner\" \/>\n\t<meta name=\"twitter:label2\" content=\"Gesch\u00e4tzte Lesezeit\" \/>\n\t<meta name=\"twitter:data2\" content=\"4\u00a0Minuten\" \/>\n<script type=\"application\/ld+json\" class=\"yoast-schema-graph\">{\"@context\":\"https:\/\/schema.org\",\"@graph\":[{\"@type\":\"WebPage\",\"@id\":\"https:\/\/www.salzburgerland.com\/de\/tanz-der-tresterer\/\",\"url\":\"https:\/\/www.salzburgerland.com\/de\/tanz-der-tresterer\/\",\"name\":\"Tanz der Tresterer \u00bb SalzburgerLand.com\",\"isPartOf\":{\"@id\":\"https:\/\/www.salzburgerland.com\/de\/#website\"},\"primaryImageOfPage\":{\"@id\":\"https:\/\/www.salzburgerland.com\/de\/tanz-der-tresterer\/#primaryimage\"},\"image\":{\"@id\":\"https:\/\/www.salzburgerland.com\/de\/tanz-der-tresterer\/#primaryimage\"},\"thumbnailUrl\":\"https:\/\/www.salzburgerland.com\/de\/wp-content\/uploads\/2022\/01\/winteredition-1-17-scaled.jpg\",\"datePublished\":\"2022-01-16T14:58:14+00:00\",\"dateModified\":\"2022-01-31T12:48:01+00:00\",\"description\":\"Rudi's Roadtrip Winter Edition: Auf geht's in ein neues Winter-Abenteuer im SalzburgerLand mit seinen ganz besonderen kulturellen und kulinarischen Spezialit\u00e4ten.\",\"breadcrumb\":{\"@id\":\"https:\/\/www.salzburgerland.com\/de\/tanz-der-tresterer\/#breadcrumb\"},\"inLanguage\":\"de\",\"potentialAction\":[{\"@type\":\"ReadAction\",\"target\":[\"https:\/\/www.salzburgerland.com\/de\/tanz-der-tresterer\/\"]}]},{\"@type\":\"ImageObject\",\"inLanguage\":\"de\",\"@id\":\"https:\/\/www.salzburgerland.com\/de\/tanz-der-tresterer\/#primaryimage\",\"url\":\"https:\/\/www.salzburgerland.com\/de\/wp-content\/uploads\/2022\/01\/winteredition-1-17-scaled.jpg\",\"contentUrl\":\"https:\/\/www.salzburgerland.com\/de\/wp-content\/uploads\/2022\/01\/winteredition-1-17-scaled.jpg\",\"width\":1920,\"height\":1280,\"caption\":\"Rudi Pichler genie\u00dft mit Hausherr Toni Seber den Urkartoffel im Salzteig.\"},{\"@type\":\"BreadcrumbList\",\"@id\":\"https:\/\/www.salzburgerland.com\/de\/tanz-der-tresterer\/#breadcrumb\",\"itemListElement\":[{\"@type\":\"ListItem\",\"position\":1,\"name\":\"Rudi's Roadtrip \u2013 Winter Edition\",\"item\":\"https:\/\/www.salzburgerland.com\/de\/rudis-roadtrip-winter-edition\/\"},{\"@type\":\"ListItem\",\"position\":2,\"name\":\"Tanz der Tresterer\"}]},{\"@type\":\"WebSite\",\"@id\":\"https:\/\/www.salzburgerland.com\/de\/#website\",\"url\":\"https:\/\/www.salzburgerland.com\/de\/\",\"name\":\"SalzburgerLand.com\",\"description\":\"Ihr Urlaub in Salzburg, \u00d6sterreich\",\"publisher\":{\"@id\":\"https:\/\/www.salzburgerland.com\/de\/#organization\"},\"potentialAction\":[{\"@type\":\"SearchAction\",\"target\":{\"@type\":\"EntryPoint\",\"urlTemplate\":\"https:\/\/www.salzburgerland.com\/de\/?s={search_term_string}\"},\"query-input\":{\"@type\":\"PropertyValueSpecification\",\"valueRequired\":true,\"valueName\":\"search_term_string\"}}],\"inLanguage\":\"de\"},{\"@type\":\"Organization\",\"@id\":\"https:\/\/www.salzburgerland.com\/de\/#organization\",\"name\":\"SalzburgerLand Tourismus GmbH\",\"url\":\"https:\/\/www.salzburgerland.com\/de\/\",\"logo\":{\"@type\":\"ImageObject\",\"inLanguage\":\"de\",\"@id\":\"https:\/\/www.salzburgerland.com\/de\/#\/schema\/logo\/image\/\",\"url\":\"https:\/\/www.salzburgerland.com\/de\/wp-content\/uploads\/2017\/01\/salzburgerland-logo.jpg\",\"contentUrl\":\"https:\/\/www.salzburgerland.com\/de\/wp-content\/uploads\/2017\/01\/salzburgerland-logo.jpg\",\"width\":1920,\"height\":827,\"caption\":\"SalzburgerLand Tourismus GmbH\"},\"image\":{\"@id\":\"https:\/\/www.salzburgerland.com\/de\/#\/schema\/logo\/image\/\"},\"sameAs\":[\"https:\/\/www.facebook.com\/salzburgerland\/\",\"https:\/\/x.com\/Salzburgerland\",\"https:\/\/www.instagram.com\/salzburgerland\/\",\"http:\/\/dbpedia.org\/resource\/Salzburg_(state)\",\"http:\/\/wikidata.dbpedia.org\/resource\/Q43325\",\"http:\/\/open.salzburgerland.com\/de\/entity\/salzburgerland\",\"https:\/\/www.youtube.com\/user\/salzburgerland\"]},{\"@type\":\"Person\",\"@id\":\"https:\/\/www.salzburgerland.com\/de\/#\/schema\/person\/202fa69e766a95ce88b9c174c33cf9b7\",\"name\":\"G\u00fcnter Baumgartner\",\"image\":{\"@type\":\"ImageObject\",\"inLanguage\":\"de\",\"@id\":\"https:\/\/www.salzburgerland.com\/de\/#\/schema\/person\/image\/\",\"url\":\"https:\/\/secure.gravatar.com\/avatar\/46e8f74f35e1f1449410c59dc6ef7980d5bccacd006bd0f60416a5b5b522c5ff?s=96&d=mm&r=g\",\"contentUrl\":\"https:\/\/secure.gravatar.com\/avatar\/46e8f74f35e1f1449410c59dc6ef7980d5bccacd006bd0f60416a5b5b522c5ff?s=96&d=mm&r=g\",\"caption\":\"G\u00fcnter Baumgartner\"}}]}<\/script>\n<!-- \/ Yoast SEO Premium plugin. -->","yoast_head_json":{"title":"Tanz der Tresterer \u00bb SalzburgerLand.com","description":"Rudi's Roadtrip Winter Edition: Auf geht's in ein neues Winter-Abenteuer im SalzburgerLand mit seinen ganz besonderen kulturellen und kulinarischen Spezialit\u00e4ten.","robots":{"index":"index","follow":"follow","max-snippet":"max-snippet:-1","max-image-preview":"max-image-preview:large","max-video-preview":"max-video-preview:-1"},"canonical":"https:\/\/www.salzburgerland.com\/de\/wp-json\/wp\/v2\/posts\/649501","og_locale":"de_DE","og_type":"article","og_title":"Tanz der Tresterer","og_description":"Rudi's Roadtrip Winter Edition: Auf geht's in ein neues Winter-Abenteuer im SalzburgerLand mit seinen ganz besonderen kulturellen und kulinarischen Spezialit\u00e4ten.","og_url":"https:\/\/www.salzburgerland.com\/de\/wp-json\/wp\/v2\/posts\/649501","og_site_name":"SalzburgerLand.com","article_publisher":"https:\/\/www.facebook.com\/salzburgerland\/","article_published_time":"2022-01-16T14:58:14+00:00","article_modified_time":"2022-01-31T12:48:01+00:00","og_image":[{"width":1200,"height":675,"url":"https:\/\/www.salzburgerland.com\/de\/wp-content\/uploads\/2022\/01\/winteredition-1-17-1200x675.jpg","type":"image\/jpeg"}],"author":"G\u00fcnter Baumgartner","twitter_card":"summary_large_image","twitter_creator":"@Salzburgerland","twitter_site":"@Salzburgerland","twitter_misc":{"Verfasst von":"G\u00fcnter Baumgartner","Gesch\u00e4tzte Lesezeit":"4\u00a0Minuten"},"schema":{"@context":"https:\/\/schema.org","@graph":[{"@type":"WebPage","@id":"https:\/\/www.salzburgerland.com\/de\/tanz-der-tresterer\/","url":"https:\/\/www.salzburgerland.com\/de\/tanz-der-tresterer\/","name":"Tanz der Tresterer \u00bb SalzburgerLand.com","isPartOf":{"@id":"https:\/\/www.salzburgerland.com\/de\/#website"},"primaryImageOfPage":{"@id":"https:\/\/www.salzburgerland.com\/de\/tanz-der-tresterer\/#primaryimage"},"image":{"@id":"https:\/\/www.salzburgerland.com\/de\/tanz-der-tresterer\/#primaryimage"},"thumbnailUrl":"https:\/\/www.salzburgerland.com\/de\/wp-content\/uploads\/2022\/01\/winteredition-1-17-scaled.jpg","datePublished":"2022-01-16T14:58:14+00:00","dateModified":"2022-01-31T12:48:01+00:00","description":"Rudi's Roadtrip Winter Edition: Auf geht's in ein neues Winter-Abenteuer im SalzburgerLand mit seinen ganz besonderen kulturellen und kulinarischen Spezialit\u00e4ten.","breadcrumb":{"@id":"https:\/\/www.salzburgerland.com\/de\/tanz-der-tresterer\/#breadcrumb"},"inLanguage":"de","potentialAction":[{"@type":"ReadAction","target":["https:\/\/www.salzburgerland.com\/de\/tanz-der-tresterer\/"]}]},{"@type":"ImageObject","inLanguage":"de","@id":"https:\/\/www.salzburgerland.com\/de\/tanz-der-tresterer\/#primaryimage","url":"https:\/\/www.salzburgerland.com\/de\/wp-content\/uploads\/2022\/01\/winteredition-1-17-scaled.jpg","contentUrl":"https:\/\/www.salzburgerland.com\/de\/wp-content\/uploads\/2022\/01\/winteredition-1-17-scaled.jpg","width":1920,"height":1280,"caption":"Rudi Pichler genie\u00dft mit Hausherr Toni Seber den Urkartoffel im Salzteig."},{"@type":"BreadcrumbList","@id":"https:\/\/www.salzburgerland.com\/de\/tanz-der-tresterer\/#breadcrumb","itemListElement":[{"@type":"ListItem","position":1,"name":"Rudi's Roadtrip \u2013 Winter Edition","item":"https:\/\/www.salzburgerland.com\/de\/rudis-roadtrip-winter-edition\/"},{"@type":"ListItem","position":2,"name":"Tanz der Tresterer"}]},{"@type":"WebSite","@id":"https:\/\/www.salzburgerland.com\/de\/#website","url":"https:\/\/www.salzburgerland.com\/de\/","name":"SalzburgerLand.com","description":"Ihr Urlaub in Salzburg, \u00d6sterreich","publisher":{"@id":"https:\/\/www.salzburgerland.com\/de\/#organization"},"potentialAction":[{"@type":"SearchAction","target":{"@type":"EntryPoint","urlTemplate":"https:\/\/www.salzburgerland.com\/de\/?s={search_term_string}"},"query-input":{"@type":"PropertyValueSpecification","valueRequired":true,"valueName":"search_term_string"}}],"inLanguage":"de"},{"@type":"Organization","@id":"https:\/\/www.salzburgerland.com\/de\/#organization","name":"SalzburgerLand Tourismus GmbH","url":"https:\/\/www.salzburgerland.com\/de\/","logo":{"@type":"ImageObject","inLanguage":"de","@id":"https:\/\/www.salzburgerland.com\/de\/#\/schema\/logo\/image\/","url":"https:\/\/www.salzburgerland.com\/de\/wp-content\/uploads\/2017\/01\/salzburgerland-logo.jpg","contentUrl":"https:\/\/www.salzburgerland.com\/de\/wp-content\/uploads\/2017\/01\/salzburgerland-logo.jpg","width":1920,"height":827,"caption":"SalzburgerLand Tourismus GmbH"},"image":{"@id":"https:\/\/www.salzburgerland.com\/de\/#\/schema\/logo\/image\/"},"sameAs":["https:\/\/www.facebook.com\/salzburgerland\/","https:\/\/x.com\/Salzburgerland","https:\/\/www.instagram.com\/salzburgerland\/","http:\/\/dbpedia.org\/resource\/Salzburg_(state)","http:\/\/wikidata.dbpedia.org\/resource\/Q43325","http:\/\/open.salzburgerland.com\/de\/entity\/salzburgerland","https:\/\/www.youtube.com\/user\/salzburgerland"]},{"@type":"Person","@id":"https:\/\/www.salzburgerland.com\/de\/#\/schema\/person\/202fa69e766a95ce88b9c174c33cf9b7","name":"G\u00fcnter Baumgartner","image":{"@type":"ImageObject","inLanguage":"de","@id":"https:\/\/www.salzburgerland.com\/de\/#\/schema\/person\/image\/","url":"https:\/\/secure.gravatar.com\/avatar\/46e8f74f35e1f1449410c59dc6ef7980d5bccacd006bd0f60416a5b5b522c5ff?s=96&d=mm&r=g","contentUrl":"https:\/\/secure.gravatar.com\/avatar\/46e8f74f35e1f1449410c59dc6ef7980d5bccacd006bd0f60416a5b5b522c5ff?s=96&d=mm&r=g","caption":"G\u00fcnter Baumgartner"}}]}},"_wl_alt_label":[],"wl:entity_url":"http:\/\/open.salzburgerland.com\/de\/post\/besondere_tresterer","_links":{"self":[{"href":"https:\/\/www.salzburgerland.com\/de\/wp-json\/wp\/v2\/posts\/649501","targetHints":{"allow":["GET"]}}],"collection":[{"href":"https:\/\/www.salzburgerland.com\/de\/wp-json\/wp\/v2\/posts"}],"about":[{"href":"https:\/\/www.salzburgerland.com\/de\/wp-json\/wp\/v2\/types\/post"}],"author":[{"embeddable":true,"href":"https:\/\/www.salzburgerland.com\/de\/wp-json\/wp\/v2\/users\/67"}],"replies":[{"embeddable":true,"href":"https:\/\/www.salzburgerland.com\/de\/wp-json\/wp\/v2\/comments?post=649501"}],"version-history":[{"count":4,"href":"https:\/\/www.salzburgerland.com\/de\/wp-json\/wp\/v2\/posts\/649501\/revisions"}],"predecessor-version":[{"id":649851,"href":"https:\/\/www.salzburgerland.com\/de\/wp-json\/wp\/v2\/posts\/649501\/revisions\/649851"}],"wp:featuredmedia":[{"embeddable":true,"href":"https:\/\/www.salzburgerland.com\/de\/wp-json\/wp\/v2\/media\/649509"}],"wp:attachment":[{"href":"https:\/\/www.salzburgerland.com\/de\/wp-json\/wp\/v2\/media?parent=649501"}],"wp:term":[{"taxonomy":"category","embeddable":true,"href":"https:\/\/www.salzburgerland.com\/de\/wp-json\/wp\/v2\/categories?post=649501"},{"taxonomy":"post_tag","embeddable":true,"href":"https:\/\/www.salzburgerland.com\/de\/wp-json\/wp\/v2\/tags?post=649501"},{"taxonomy":"wl_entity_type","embeddable":true,"href":"https:\/\/www.salzburgerland.com\/de\/wp-json\/wp\/v2\/wl_entity_type?post=649501"}],"curies":[{"name":"wp","href":"https:\/\/api.w.org\/{rel}","templated":true}]}}