{"id":629246,"date":"2021-11-08T13:16:10","date_gmt":"2021-11-08T12:16:10","guid":{"rendered":"https:\/\/www.salzburgerland.com\/de\/?p=629246"},"modified":"2021-11-08T16:30:46","modified_gmt":"2021-11-08T15:30:46","slug":"museumsleiterin-christa-im-portrait","status":"publish","type":"post","link":"https:\/\/www.salzburgerland.com\/de\/museumsleiterin-christa-im-portrait\/","title":{"rendered":"Museumsleiterin Christa"},"content":{"rendered":"\r\n<h2 class=\"wp-block-heading\" id=\"h-auf-das-museum-gekommen\">Auf das Museum gekommen<\/h2>\r\n\r\n\r\n\r\n<p>Obwohl Christa geb\u00fcrtige Mariapfarrerin ist, war ihr das Stille-Nacht-Museum lange nicht bekannt: \u201eNach der Anfrage musste ich mir das Museum selbst erst einmal anschauen, weil ich es bisher nicht kannte. Ich war vom ersten Moment an fasziniert und konnte mir gut vorstellen, an so einem besonderen Ort meine Arbeit einzubringen.\u201c<\/p>\r\n\r\n\r\n\r\n<p>2016 ergaben sich schlie\u00dflich weitere Ver\u00e4nderungen. Christa musste \u00fcberraschend die Kustodinnenstelle \u00fcbernehmen, weil ihre Vorg\u00e4ngerin erkrankt war. Im gleichen Jahr besuchte sie au\u00dferdem gemeinsam mit ihren Kolleginnen den Kurs \u201eStille Nacht vermitteln\u201c. Dieser er\u00f6ffnete ihr eine v\u00f6llig neue Sicht auf das ber\u00fchmte Weihnachtslied und gab interessante Einblicke in seine Entstehungsgeschichte.<\/p>\r\n\r\n\r\n\r\n<figure class=\"wp-block-image\"><img decoding=\"async\" width=\"1170\" height=\"658\" class=\"wp-image-629249\" src=\"https:\/\/cdn.salzburgerland.com\/de\/wp-content\/uploads\/2021\/11\/0b5a1620-1170x658.jpg\" alt=\"\" srcset=\"https:\/\/www.salzburgerland.com\/de\/wp-content\/uploads\/2021\/11\/0b5a1620-1170x658.jpg 1170w, https:\/\/www.salzburgerland.com\/de\/wp-content\/uploads\/2021\/11\/0b5a1620-1200x675.jpg 1200w\" sizes=\"(max-width: 1170px) 100vw, 1170px\"><\/figure>\r\n\r\n\r\n\r\n<p>Zwei Meilensteine markierten das Jahr 2018: das 200-Jahre-Stille-Nacht-Jubil\u00e4um und der damit verbundene Um- und Ausbau des Stille-Nacht-Museums: \u201eWir haben vom Land Geld bekommen. Am 29. September wurde das \u2013 seitdem barrierefreie \u2013 Museum wiederer\u00f6ffnet und gesegnet. Wir sind mittlerweile acht sogenannte Kulturvermittlerinnen, die unseren G\u00e4sten das Museum nahebringen. Mit der Madonna, die wir dieses Jahr dazubekommen haben, ist das Museum nun so, wie wir es uns immer ertr\u00e4umt haben.\u201c<\/p>\r\n\r\n\r\n\r\n<h2 class=\"wp-block-heading\" id=\"h-was-es-bedeutet-im-stille-nacht-museum-zu-arbeiten\">Was es bedeutet, im Stille-Nacht-Museum zu arbeiten<\/h2>\r\n\r\n\r\n\r\n<p>Christa ist die Kustodin, also die Leiterin des Museums. Kulturvermittlerinnen sind die ehrenamtlichen Mitarbeiterinnen allesamt. Doch was genau macht eigentlich eine Kulturvermittlerin? \u201eUnsere Aufgabe ist es, G\u00e4ste zu informieren und durch das Museum zu f\u00fchren. Wir bringen ihnen die Geschichte des Museums, aber auch des ganzen Pfarrhofes n\u00e4her. Wir haben einen eigenen Raum f\u00fcr Joseph Mohr geschaffen und m\u00f6chten aufkl\u00e4ren, dass Stille Nacht! Heilige Nacht! in Mariapfarr geschrieben worden ist. Dass Joseph Mohr zwei Jahre lang im Lungau gewirkt hat.\u201c<\/p>\r\n\r\n\r\n\r\n<figure class=\"wp-block-image\"><img decoding=\"async\" width=\"1170\" height=\"658\" class=\"wp-image-629250\" src=\"https:\/\/cdn.salzburgerland.com\/de\/wp-content\/uploads\/2021\/11\/0b5a1859-1170x658.jpg\" alt=\"\" srcset=\"https:\/\/www.salzburgerland.com\/de\/wp-content\/uploads\/2021\/11\/0b5a1859-1170x658.jpg 1170w, https:\/\/www.salzburgerland.com\/de\/wp-content\/uploads\/2021\/11\/0b5a1859-1200x675.jpg 1200w\" sizes=\"(max-width: 1170px) 100vw, 1170px\"><\/figure>\r\n\r\n\r\n\r\n<p>\u00a0<\/p>\r\n<h2 class=\"wp-block-heading\" id=\"h-herausforderungen-und-chancen-des-vergangenen-jahres\">Herausforderungen und Chancen des vergangenen Jahres<\/h2>\r\n\r\n\r\n\r\n<p>F\u00fcr die Museumsmitarbeiter*innen war es ein Schlag, als sie im M\u00e4rz vergangenen Jahres auf der Stelle schlie\u00dfen mussten. Christa selbst ist ehrenamtlich beim Roten Kreuz t\u00e4tig, hat also die Pandemie aus verschiedenen Perspektiven erlebt. Im Sommer konnte das Museum mit gewissen Regeln und Schutzma\u00dfnahmen wieder aufsperren und ging im Anschluss wie gewohnt in Herbstpause. Leider war eine \u00d6ffnung im Winter 2020 nicht m\u00f6glich:<\/p>\r\n\r\n\r\n\r\n<blockquote class=\"wp-block-quote is-layout-flow wp-block-quote-is-layout-flow\">\r\n<p>Es gab kaum Urlaubsg\u00e4ste, und die Einheimischen waren sehr vorsichtig. Wir hatten letzten Winter insgesamt nur vier Besucher*innen. Busreisen und F\u00fchrungen wurden storniert. Gewisse Zahlungen wie Versicherungen liefen trotzdem weiter. Gott sei Dank konnten wir heuer im September wieder einige Wallfahrer*innen empfangen.<\/p>\r\n<\/blockquote>\r\n\r\n\r\n\r\n<p><strong>Gut zu wissen:<\/strong> In der Regel sperrt das Stille-Nacht-Museum nach der Herbstpause am ersten Adventwochenende wieder auf. Die \u00fcblichen \u00d6ffnungszeiten \u2013 Montag und Donnerstag jeweils am Nachmittag \u2013 werden im Advent um den Samstag erweitert.<\/p>\r\n\r\n\r\n\r\n<figure class=\"wp-block-image\"><img decoding=\"async\" width=\"1170\" height=\"658\" class=\"wp-image-629251\" src=\"https:\/\/cdn.salzburgerland.com\/de\/wp-content\/uploads\/2021\/11\/0b5a1850-1170x658.jpg\" alt=\"\" srcset=\"https:\/\/www.salzburgerland.com\/de\/wp-content\/uploads\/2021\/11\/0b5a1850-1170x658.jpg 1170w, https:\/\/www.salzburgerland.com\/de\/wp-content\/uploads\/2021\/11\/0b5a1850-1200x675.jpg 1200w\" sizes=\"(max-width: 1170px) 100vw, 1170px\"><\/figure>\r\n\r\n\r\n\r\n<p>So herausfordernd das vergangene Jahr auch war: Christa und ihr Team haben das Beste aus der Zeit gemacht. Kleinere Umbauarbeiten wurden durchgef\u00fchrt. Zudem gab es Unterst\u00fctzung vom Land, die es erm\u00f6glichte, die Touch Tables und Tafeln im Museum ins Englische \u00fcbersetzen zu lassen \u2013 Chancen, die sich in der besucherfreien Zeit boten und genutzt wurden.<\/p>\r\n\r\n\r\n\r\n<h2 class=\"wp-block-heading\" id=\"h-mehr-besucher-innen-ein-herzenswunsch\">Mehr Besucher*innen \u2013 ein Herzenswunsch<\/h2>\r\n\r\n\r\n\r\n<p>Mehr Besucher*innen. Mehr gesellschaftliches Leben. Mehr aufeinander zugehen. All das w\u00fcnscht sich Christa f\u00fcr die Zukunft. Zudem w\u00e4re es ihr sehr wichtig, dass wieder mehr Aus- und Weiterbildungen stattfinden k\u00f6nnen. Bez\u00fcglich der Besucher*innen verr\u00e4t sie uns au\u00dferdem:<\/p>\r\n\r\n\r\n\r\n<blockquote class=\"wp-block-quote is-layout-flow wp-block-quote-is-layout-flow\">\r\n<p>Ich w\u00fcnsche mir, dass auch wieder mehr Einheimische ins Museum kommen. Wir haben eigentlich einen sehr guten Mitgliederstand. Wir w\u00fcrden gerne zeigen, was aus dem Museum geworden ist. Dass wir es erweitert haben und dass es barrierefrei geworden ist.<\/p>\r\n<\/blockquote>\r\n\r\n\r\n\r\n<figure class=\"wp-block-image\"><img decoding=\"async\" width=\"1170\" height=\"658\" class=\"wp-image-629252\" src=\"https:\/\/cdn.salzburgerland.com\/de\/wp-content\/uploads\/2021\/11\/0b5a1742-1170x658.jpg\" alt=\"\" srcset=\"https:\/\/www.salzburgerland.com\/de\/wp-content\/uploads\/2021\/11\/0b5a1742-1170x658.jpg 1170w, https:\/\/www.salzburgerland.com\/de\/wp-content\/uploads\/2021\/11\/0b5a1742-1200x675.jpg 1200w\" sizes=\"(max-width: 1170px) 100vw, 1170px\"><\/figure>\r\n\r\n\r\n\r\n<p>Denn genau diesen Umbau beschreibt Christa als die sch\u00f6nste Erfahrung, die sie in ihrer T\u00e4tigkeit als Museumsleiterin erlebt hat: \u201eIch war jeden Tag auf der Baustelle und konnte den Fortschritt genau beobachten. Man bekommt tiefe Einblicke und w\u00e4chst irgendwie in das Ganze hinein. Da ist dann wiederum das Spannende, wie es von den Leuten angenommen wird. Gef\u00e4llt das, was wir gemacht haben, den G\u00e4sten? Der Umbau ist wirklich sehr gut angekommen, was uns sehr froh macht.\u201c<\/p>\r\n\r\n\r\n\r\n<p><strong>\u00dcbrigens:<\/strong> Die Baustelle wurde zwischenzeitlich f\u00fcr 14 Tage vom Bundesdenkmalamt stillgelegt. Die Fertigstellung wurde dadurch zum Wettlauf gegen die Zeit \u2013 und dass die Er\u00f6ffnung tats\u00e4chlich wie geplant am 29. September stattfinden konnte, hat Christa umso mehr erfreut.<\/p>\r\n\r\n\r\n\r\n<h2 class=\"wp-block-heading\" id=\"h-stille-nacht-im-salzburgerland\">\u201eStille Nacht\u201c im SalzburgerLand<\/h2>\r\n\r\n\r\n\r\n<p>Mariapfarr ist nur einer von sieben Stille-Nacht-Orten im SalzburgerLand, wie uns Christa abschlie\u00dfend erz\u00e4hlt. Zudem ist sie seit eineinhalb Jahren Pr\u00e4sidentin der Stille-Nacht-Gesellschaft, die sich voll und ganz dem Weihnachtsklassiker verschrieben hat. Die Gesellschaft forscht, bildet Kulturvermittler*innen aus, verschickt regelm\u00e4\u00dfig Newsletter und bringt einmal j\u00e4hrlich au\u00dferdem eine eigene Zeitung heraus. Das Lied \u201eStille Nacht! Heilige Nacht!\u201c ist untrennbar mit dem SalzburgerLand verbunden \u2013 genauso wie Christa:<\/p>\r\n\r\n\r\n\r\n<blockquote class=\"wp-block-quote is-layout-flow wp-block-quote-is-layout-flow\">\r\n<p>Ich bin begeisterte Salzburgerin, genauer Lungauerin. Der Lungau ist f\u00fcr mich einer der sch\u00f6nsten Gaue. Man kann bei uns so viel unternehmen. Man hat die Seen und die Berge. Wir haben sch\u00f6ne Museen im ganzen Land Salzburg. Wir leben das ganze Jahr \u00fcber da, wo andere Urlaub machen \u2013 und durch meine T\u00e4tigkeit kann ich ein St\u00fcck Salzburg an die Museumsbesucher*innen vermitteln.<\/p>\r\n<\/blockquote>\r\n","protected":false},"excerpt":{"rendered":"<p>Auf das Museum gekommen Obwohl Christa geb\u00fcrtige Mariapfarrerin ist, war ihr das Stille-Nacht-Museum lange nicht bekannt: \u201eNach der Anfrage musste ich mir das Museum selbst erst einmal anschauen, weil ich es bisher nicht kannte. Ich war vom ersten Moment an fasziniert und konnte mir gut vorstellen, an so einem besonderen Ort meine Arbeit einzubringen.\u201c 2016 [&hellip;]<\/p>\n","protected":false},"author":95,"featured_media":629247,"comment_status":"closed","ping_status":"closed","sticky":false,"template":"","format":"standard","meta":{"_acf_changed":false,"wl_entities_gutenberg":"","_relevanssi_hide_post":"","_relevanssi_hide_content":"","_relevanssi_pin_for_all":"","_relevanssi_pin_keywords":"","_relevanssi_unpin_keywords":"","_relevanssi_related_keywords":"","_relevanssi_related_include_ids":"","_relevanssi_related_exclude_ids":"","_relevanssi_related_no_append":"","_relevanssi_related_not_related":"","_relevanssi_related_posts":"","_relevanssi_noindex_reason":"","footnotes":""},"categories":[1],"tags":[],"wl_entity_type":[11495,3,2],"class_list":["post-629246","post","type-post","status-publish","format-standard","has-post-thumbnail","hentry","category-allgemein","wl_entity_type-article","wl_entity_type-creative-work","wl_entity_type-thing"],"acf":[],"yoast_head":"<!-- This site is optimized with the Yoast SEO Premium plugin v26.9 (Yoast SEO v26.9) - https:\/\/yoast.com\/product\/yoast-seo-premium-wordpress\/ -->\n<title>Museumsleiterin Christa im Portrait | SalzburgerLand Tourismus<\/title>\n<meta name=\"description\" content=\"Kulturvermittlerin, Museumsleiterin, Pr\u00e4sidentin der Stille-Nacht-Gesellschaft: Erfahren Sie mehr \u00fcber Christas einzigartigen Lebens(t)raum!\" \/>\n<meta name=\"robots\" content=\"index, follow, max-snippet:-1, max-image-preview:large, max-video-preview:-1\" \/>\n<link rel=\"canonical\" href=\"https:\/\/www.salzburgerland.com\/de\/wp-json\/wp\/v2\/posts\/629246\" \/>\n<meta property=\"og:locale\" content=\"de_DE\" \/>\n<meta property=\"og:type\" content=\"article\" \/>\n<meta property=\"og:title\" content=\"Museumsleiterin Christa\" \/>\n<meta property=\"og:description\" content=\"Kulturvermittlerin, Museumsleiterin, Pr\u00e4sidentin der Stille-Nacht-Gesellschaft: Erfahren Sie mehr \u00fcber Christas einzigartigen Lebens(t)raum!\" \/>\n<meta property=\"og:url\" content=\"https:\/\/www.salzburgerland.com\/de\/wp-json\/wp\/v2\/posts\/629246\" \/>\n<meta property=\"og:site_name\" content=\"SalzburgerLand.com\" \/>\n<meta property=\"article:publisher\" content=\"https:\/\/www.facebook.com\/salzburgerland\/\" \/>\n<meta property=\"article:published_time\" content=\"2021-11-08T12:16:10+00:00\" \/>\n<meta property=\"article:modified_time\" content=\"2021-11-08T15:30:46+00:00\" \/>\n<meta property=\"og:image\" content=\"https:\/\/www.salzburgerland.com\/de\/wp-content\/uploads\/2021\/11\/split-1200x675.png\" \/>\n\t<meta property=\"og:image:width\" content=\"1200\" \/>\n\t<meta property=\"og:image:height\" content=\"675\" \/>\n\t<meta property=\"og:image:type\" content=\"image\/png\" \/>\n<meta name=\"author\" content=\"Katharina Wohlfahrt\" \/>\n<meta name=\"twitter:card\" content=\"summary_large_image\" \/>\n<meta name=\"twitter:creator\" content=\"@Salzburgerland\" \/>\n<meta name=\"twitter:site\" content=\"@Salzburgerland\" \/>\n<meta name=\"twitter:label1\" content=\"Verfasst von\" \/>\n\t<meta name=\"twitter:data1\" content=\"Katharina Wohlfahrt\" \/>\n\t<meta name=\"twitter:label2\" content=\"Gesch\u00e4tzte Lesezeit\" \/>\n\t<meta name=\"twitter:data2\" content=\"5\u00a0Minuten\" \/>\n<script type=\"application\/ld+json\" class=\"yoast-schema-graph\">{\"@context\":\"https:\/\/schema.org\",\"@graph\":[{\"@type\":\"WebPage\",\"@id\":\"https:\/\/www.salzburgerland.com\/de\/museumsleiterin-christa-im-portrait\/\",\"url\":\"https:\/\/www.salzburgerland.com\/de\/museumsleiterin-christa-im-portrait\/\",\"name\":\"Museumsleiterin Christa im Portrait | SalzburgerLand Tourismus\",\"isPartOf\":{\"@id\":\"https:\/\/www.salzburgerland.com\/de\/#website\"},\"primaryImageOfPage\":{\"@id\":\"https:\/\/www.salzburgerland.com\/de\/museumsleiterin-christa-im-portrait\/#primaryimage\"},\"image\":{\"@id\":\"https:\/\/www.salzburgerland.com\/de\/museumsleiterin-christa-im-portrait\/#primaryimage\"},\"thumbnailUrl\":\"https:\/\/www.salzburgerland.com\/de\/wp-content\/uploads\/2021\/11\/split.png\",\"datePublished\":\"2021-11-08T12:16:10+00:00\",\"dateModified\":\"2021-11-08T15:30:46+00:00\",\"description\":\"Kulturvermittlerin, Museumsleiterin, Pr\u00e4sidentin der Stille-Nacht-Gesellschaft: Erfahren Sie mehr \u00fcber Christas einzigartigen Lebens(t)raum!\",\"breadcrumb\":{\"@id\":\"https:\/\/www.salzburgerland.com\/de\/museumsleiterin-christa-im-portrait\/#breadcrumb\"},\"inLanguage\":\"de\",\"potentialAction\":[{\"@type\":\"ReadAction\",\"target\":[\"https:\/\/www.salzburgerland.com\/de\/museumsleiterin-christa-im-portrait\/\"]}]},{\"@type\":\"ImageObject\",\"inLanguage\":\"de\",\"@id\":\"https:\/\/www.salzburgerland.com\/de\/museumsleiterin-christa-im-portrait\/#primaryimage\",\"url\":\"https:\/\/www.salzburgerland.com\/de\/wp-content\/uploads\/2021\/11\/split.png\",\"contentUrl\":\"https:\/\/www.salzburgerland.com\/de\/wp-content\/uploads\/2021\/11\/split.png\",\"width\":1920,\"height\":1280,\"caption\":\"Eine l\u00e4chelnde Frau steht in einem Raum und zeigt auf eine historische Zeitleiste an der Wand.\"},{\"@type\":\"BreadcrumbList\",\"@id\":\"https:\/\/www.salzburgerland.com\/de\/museumsleiterin-christa-im-portrait\/#breadcrumb\",\"itemListElement\":[{\"@type\":\"ListItem\",\"position\":1,\"name\":\"Lebens(t)r\u00e4ume\",\"item\":\"https:\/\/www.salzburgerland.com\/de\/lebenstraeume\/\"},{\"@type\":\"ListItem\",\"position\":2,\"name\":\"Museumsleiterin Christa\"}]},{\"@type\":\"WebSite\",\"@id\":\"https:\/\/www.salzburgerland.com\/de\/#website\",\"url\":\"https:\/\/www.salzburgerland.com\/de\/\",\"name\":\"SalzburgerLand.com\",\"description\":\"Ihr Urlaub in Salzburg, \u00d6sterreich\",\"publisher\":{\"@id\":\"https:\/\/www.salzburgerland.com\/de\/#organization\"},\"potentialAction\":[{\"@type\":\"SearchAction\",\"target\":{\"@type\":\"EntryPoint\",\"urlTemplate\":\"https:\/\/www.salzburgerland.com\/de\/?s={search_term_string}\"},\"query-input\":{\"@type\":\"PropertyValueSpecification\",\"valueRequired\":true,\"valueName\":\"search_term_string\"}}],\"inLanguage\":\"de\"},{\"@type\":\"Organization\",\"@id\":\"https:\/\/www.salzburgerland.com\/de\/#organization\",\"name\":\"SalzburgerLand Tourismus GmbH\",\"url\":\"https:\/\/www.salzburgerland.com\/de\/\",\"logo\":{\"@type\":\"ImageObject\",\"inLanguage\":\"de\",\"@id\":\"https:\/\/www.salzburgerland.com\/de\/#\/schema\/logo\/image\/\",\"url\":\"https:\/\/www.salzburgerland.com\/de\/wp-content\/uploads\/2017\/01\/salzburgerland-logo.jpg\",\"contentUrl\":\"https:\/\/www.salzburgerland.com\/de\/wp-content\/uploads\/2017\/01\/salzburgerland-logo.jpg\",\"width\":1920,\"height\":827,\"caption\":\"SalzburgerLand Tourismus GmbH\"},\"image\":{\"@id\":\"https:\/\/www.salzburgerland.com\/de\/#\/schema\/logo\/image\/\"},\"sameAs\":[\"https:\/\/www.facebook.com\/salzburgerland\/\",\"https:\/\/x.com\/Salzburgerland\",\"https:\/\/www.instagram.com\/salzburgerland\/\",\"http:\/\/dbpedia.org\/resource\/Salzburg_(state)\",\"http:\/\/wikidata.dbpedia.org\/resource\/Q43325\",\"http:\/\/open.salzburgerland.com\/de\/entity\/salzburgerland\",\"https:\/\/www.youtube.com\/user\/salzburgerland\"]},{\"@type\":\"Person\",\"@id\":\"https:\/\/www.salzburgerland.com\/de\/#\/schema\/person\/cde8c8d045c58df7c7c1b05eb14774f1\",\"name\":\"Katharina Wohlfahrt\",\"image\":{\"@type\":\"ImageObject\",\"inLanguage\":\"de\",\"@id\":\"https:\/\/www.salzburgerland.com\/de\/#\/schema\/person\/image\/\",\"url\":\"https:\/\/secure.gravatar.com\/avatar\/3a09097c536e3805e74e46a9b8515e6c1f5d97d236ec0fdb91533f3c7834d459?s=96&d=mm&r=g\",\"contentUrl\":\"https:\/\/secure.gravatar.com\/avatar\/3a09097c536e3805e74e46a9b8515e6c1f5d97d236ec0fdb91533f3c7834d459?s=96&d=mm&r=g\",\"caption\":\"Katharina Wohlfahrt\"}}]}<\/script>\n<!-- \/ Yoast SEO Premium plugin. -->","yoast_head_json":{"title":"Museumsleiterin Christa im Portrait | SalzburgerLand Tourismus","description":"Kulturvermittlerin, Museumsleiterin, Pr\u00e4sidentin der Stille-Nacht-Gesellschaft: Erfahren Sie mehr \u00fcber Christas einzigartigen Lebens(t)raum!","robots":{"index":"index","follow":"follow","max-snippet":"max-snippet:-1","max-image-preview":"max-image-preview:large","max-video-preview":"max-video-preview:-1"},"canonical":"https:\/\/www.salzburgerland.com\/de\/wp-json\/wp\/v2\/posts\/629246","og_locale":"de_DE","og_type":"article","og_title":"Museumsleiterin Christa","og_description":"Kulturvermittlerin, Museumsleiterin, Pr\u00e4sidentin der Stille-Nacht-Gesellschaft: Erfahren Sie mehr \u00fcber Christas einzigartigen Lebens(t)raum!","og_url":"https:\/\/www.salzburgerland.com\/de\/wp-json\/wp\/v2\/posts\/629246","og_site_name":"SalzburgerLand.com","article_publisher":"https:\/\/www.facebook.com\/salzburgerland\/","article_published_time":"2021-11-08T12:16:10+00:00","article_modified_time":"2021-11-08T15:30:46+00:00","og_image":[{"width":1200,"height":675,"url":"https:\/\/www.salzburgerland.com\/de\/wp-content\/uploads\/2021\/11\/split-1200x675.png","type":"image\/png"}],"author":"Katharina Wohlfahrt","twitter_card":"summary_large_image","twitter_creator":"@Salzburgerland","twitter_site":"@Salzburgerland","twitter_misc":{"Verfasst von":"Katharina Wohlfahrt","Gesch\u00e4tzte Lesezeit":"5\u00a0Minuten"},"schema":{"@context":"https:\/\/schema.org","@graph":[{"@type":"WebPage","@id":"https:\/\/www.salzburgerland.com\/de\/museumsleiterin-christa-im-portrait\/","url":"https:\/\/www.salzburgerland.com\/de\/museumsleiterin-christa-im-portrait\/","name":"Museumsleiterin Christa im Portrait | SalzburgerLand Tourismus","isPartOf":{"@id":"https:\/\/www.salzburgerland.com\/de\/#website"},"primaryImageOfPage":{"@id":"https:\/\/www.salzburgerland.com\/de\/museumsleiterin-christa-im-portrait\/#primaryimage"},"image":{"@id":"https:\/\/www.salzburgerland.com\/de\/museumsleiterin-christa-im-portrait\/#primaryimage"},"thumbnailUrl":"https:\/\/www.salzburgerland.com\/de\/wp-content\/uploads\/2021\/11\/split.png","datePublished":"2021-11-08T12:16:10+00:00","dateModified":"2021-11-08T15:30:46+00:00","description":"Kulturvermittlerin, Museumsleiterin, Pr\u00e4sidentin der Stille-Nacht-Gesellschaft: Erfahren Sie mehr \u00fcber Christas einzigartigen Lebens(t)raum!","breadcrumb":{"@id":"https:\/\/www.salzburgerland.com\/de\/museumsleiterin-christa-im-portrait\/#breadcrumb"},"inLanguage":"de","potentialAction":[{"@type":"ReadAction","target":["https:\/\/www.salzburgerland.com\/de\/museumsleiterin-christa-im-portrait\/"]}]},{"@type":"ImageObject","inLanguage":"de","@id":"https:\/\/www.salzburgerland.com\/de\/museumsleiterin-christa-im-portrait\/#primaryimage","url":"https:\/\/www.salzburgerland.com\/de\/wp-content\/uploads\/2021\/11\/split.png","contentUrl":"https:\/\/www.salzburgerland.com\/de\/wp-content\/uploads\/2021\/11\/split.png","width":1920,"height":1280,"caption":"Eine l\u00e4chelnde Frau steht in einem Raum und zeigt auf eine historische Zeitleiste an der Wand."},{"@type":"BreadcrumbList","@id":"https:\/\/www.salzburgerland.com\/de\/museumsleiterin-christa-im-portrait\/#breadcrumb","itemListElement":[{"@type":"ListItem","position":1,"name":"Lebens(t)r\u00e4ume","item":"https:\/\/www.salzburgerland.com\/de\/lebenstraeume\/"},{"@type":"ListItem","position":2,"name":"Museumsleiterin Christa"}]},{"@type":"WebSite","@id":"https:\/\/www.salzburgerland.com\/de\/#website","url":"https:\/\/www.salzburgerland.com\/de\/","name":"SalzburgerLand.com","description":"Ihr Urlaub in Salzburg, \u00d6sterreich","publisher":{"@id":"https:\/\/www.salzburgerland.com\/de\/#organization"},"potentialAction":[{"@type":"SearchAction","target":{"@type":"EntryPoint","urlTemplate":"https:\/\/www.salzburgerland.com\/de\/?s={search_term_string}"},"query-input":{"@type":"PropertyValueSpecification","valueRequired":true,"valueName":"search_term_string"}}],"inLanguage":"de"},{"@type":"Organization","@id":"https:\/\/www.salzburgerland.com\/de\/#organization","name":"SalzburgerLand Tourismus GmbH","url":"https:\/\/www.salzburgerland.com\/de\/","logo":{"@type":"ImageObject","inLanguage":"de","@id":"https:\/\/www.salzburgerland.com\/de\/#\/schema\/logo\/image\/","url":"https:\/\/www.salzburgerland.com\/de\/wp-content\/uploads\/2017\/01\/salzburgerland-logo.jpg","contentUrl":"https:\/\/www.salzburgerland.com\/de\/wp-content\/uploads\/2017\/01\/salzburgerland-logo.jpg","width":1920,"height":827,"caption":"SalzburgerLand Tourismus GmbH"},"image":{"@id":"https:\/\/www.salzburgerland.com\/de\/#\/schema\/logo\/image\/"},"sameAs":["https:\/\/www.facebook.com\/salzburgerland\/","https:\/\/x.com\/Salzburgerland","https:\/\/www.instagram.com\/salzburgerland\/","http:\/\/dbpedia.org\/resource\/Salzburg_(state)","http:\/\/wikidata.dbpedia.org\/resource\/Q43325","http:\/\/open.salzburgerland.com\/de\/entity\/salzburgerland","https:\/\/www.youtube.com\/user\/salzburgerland"]},{"@type":"Person","@id":"https:\/\/www.salzburgerland.com\/de\/#\/schema\/person\/cde8c8d045c58df7c7c1b05eb14774f1","name":"Katharina Wohlfahrt","image":{"@type":"ImageObject","inLanguage":"de","@id":"https:\/\/www.salzburgerland.com\/de\/#\/schema\/person\/image\/","url":"https:\/\/secure.gravatar.com\/avatar\/3a09097c536e3805e74e46a9b8515e6c1f5d97d236ec0fdb91533f3c7834d459?s=96&d=mm&r=g","contentUrl":"https:\/\/secure.gravatar.com\/avatar\/3a09097c536e3805e74e46a9b8515e6c1f5d97d236ec0fdb91533f3c7834d459?s=96&d=mm&r=g","caption":"Katharina Wohlfahrt"}}]}},"_wl_alt_label":[],"wl:entity_url":"http:\/\/open.salzburgerland.com\/de\/post\/kochlehrling_christian_im_portrait","_links":{"self":[{"href":"https:\/\/www.salzburgerland.com\/de\/wp-json\/wp\/v2\/posts\/629246","targetHints":{"allow":["GET"]}}],"collection":[{"href":"https:\/\/www.salzburgerland.com\/de\/wp-json\/wp\/v2\/posts"}],"about":[{"href":"https:\/\/www.salzburgerland.com\/de\/wp-json\/wp\/v2\/types\/post"}],"author":[{"embeddable":true,"href":"https:\/\/www.salzburgerland.com\/de\/wp-json\/wp\/v2\/users\/95"}],"replies":[{"embeddable":true,"href":"https:\/\/www.salzburgerland.com\/de\/wp-json\/wp\/v2\/comments?post=629246"}],"version-history":[{"count":5,"href":"https:\/\/www.salzburgerland.com\/de\/wp-json\/wp\/v2\/posts\/629246\/revisions"}],"predecessor-version":[{"id":629278,"href":"https:\/\/www.salzburgerland.com\/de\/wp-json\/wp\/v2\/posts\/629246\/revisions\/629278"}],"wp:featuredmedia":[{"embeddable":true,"href":"https:\/\/www.salzburgerland.com\/de\/wp-json\/wp\/v2\/media\/629247"}],"wp:attachment":[{"href":"https:\/\/www.salzburgerland.com\/de\/wp-json\/wp\/v2\/media?parent=629246"}],"wp:term":[{"taxonomy":"category","embeddable":true,"href":"https:\/\/www.salzburgerland.com\/de\/wp-json\/wp\/v2\/categories?post=629246"},{"taxonomy":"post_tag","embeddable":true,"href":"https:\/\/www.salzburgerland.com\/de\/wp-json\/wp\/v2\/tags?post=629246"},{"taxonomy":"wl_entity_type","embeddable":true,"href":"https:\/\/www.salzburgerland.com\/de\/wp-json\/wp\/v2\/wl_entity_type?post=629246"}],"curies":[{"name":"wp","href":"https:\/\/api.w.org\/{rel}","templated":true}]}}