{"id":617414,"date":"2021-09-29T14:48:26","date_gmt":"2021-09-29T12:48:26","guid":{"rendered":"https:\/\/www.salzburgerland.com\/de\/?p=617414"},"modified":"2022-04-06T13:49:43","modified_gmt":"2022-04-06T11:49:43","slug":"stille-nacht-und-wallfahrtsmuseum-mariapfarr","status":"publish","type":"post","link":"https:\/\/www.salzburgerland.com\/de\/stille-nacht-und-wallfahrtsmuseum-mariapfarr\/","title":{"rendered":"Stille Nacht und Wallfahrtsmuseum Mariapfarr"},"content":{"rendered":"<p><span>Die Lungauer Gemeinde gilt als sonnenreichster Ort \u00d6sterreichs. Die vielen Sonnenstunden und die gesunde H\u00f6henlage sorgen daf\u00fcr, dass sich die Menschen hier besonders wohlf\u00fchlen. Doch das war nicht immer so. Als der 23-j\u00e4hrige Joseph Mohr 1815 seinen ersten Dienst als Hilfspfarrer antrat, hatte der abgelegene Lungau harte Zeiten hinter sich, gepr\u00e4gt von Krieg, Hunger und Armut. Erst durch den Zuspruch Salzburgs an \u00d6sterreich sollte sich die Lage langsam bessern. Auch der junge Hilfspfarrer machte sich so seine Gedanken und verarbeitete diese in einem wundersch\u00f6nen Gedicht. \u201eStille Nacht! Heilige Nacht!\u201c. Sechs Strophen, die Hoffnung schenken. Hoffnung auf die Rettung der Welt, sie sich im Wunder der Weihnacht offenbart.<\/span><\/p>\n<div id=\"attachment_617415\" style=\"width: 1110px\" class=\"wp-caption alignnone\"><img decoding=\"async\" aria-describedby=\"caption-attachment-617415\" class=\"size-1170_658 wp-image-617415\" src=\"https:\/\/cdn.salzburgerland.com\/de\/wp-content\/uploads\/2021\/09\/stille-nacht-mariapfarrscharglerkeusche-stranach-1100x658.jpg\" alt=\"\" width=\"1100\" height=\"658\"><p id=\"caption-attachment-617415\" class=\"wp-caption-text\">(c) SalzburgerLand Tourismus, Scharglerkeusche Stranach \u2013 Mariapfarr<\/p><\/div>\n<p><span>Im\u00a0<\/span><a href=\"https:\/\/www.wallfahrtsmuseum.at\/\" target=\"_blank\" rel=\"noopener noreferrer\">Pfarr-, Wallfahrts- und Stille Nacht Museum in Mariapfarr<\/a><span>\u00a0kann man sich im Detail mit der Geschichte Joseph Mohrs und seinem Text auseinandersetzen. Als im Jahre 1995 ein Autograph aus einem Nachlass gefunden wurde, das nach gr\u00fcndlichen wissenschaftlichen Untersuchungen einwandfrei nachweist, dass Joseph Mohr 1816 den Text zum weltbekannten Weihnachtslied \u201eStille Nacht!\u00a0Heilige Nacht!\u201c in Mariapfarr geschrieben hat, war es selbstverst\u00e4ndlich, dem Pfarr- und Wallfahrtsmuseum in Mariapfarr eine Dokumentation zu Joseph Mohr und seinem Lied anzuschlie\u00dfen.<\/span><\/p>\n<div id=\"attachment_90946\" style=\"width: 1180px\" class=\"wp-caption alignnone\"><img decoding=\"async\" aria-describedby=\"caption-attachment-90946\" class=\"size-1170_658 wp-image-90946\" src=\"https:\/\/cdn.salzburgerland.com\/de\/wp-content\/uploads\/2016\/08\/rs1086_sterbebuch01-lpr-1170x658.jpg\" alt=\"\" width=\"1170\" height=\"658\" srcset=\"https:\/\/www.salzburgerland.com\/de\/wp-content\/uploads\/2016\/08\/rs1086_sterbebuch01-lpr-1170x658.jpg 1170w, https:\/\/www.salzburgerland.com\/de\/wp-content\/uploads\/2016\/08\/rs1086_sterbebuch01-lpr-1200x675.jpg 1200w\" sizes=\"(max-width: 1170px) 100vw, 1170px\"><p id=\"caption-attachment-90946\" class=\"wp-caption-text\">(c) SalzburgerLand Tourismus, Sterbebuch \u2013 im Museum Mariapfarr<\/p><\/div>\n<p><span>Das Museum umfasst eine Dokumentation \u00fcber Joseph Mohr, beginnend mit dem Stammbaum seiner Familie, der bereits seit dem 17. Jhdt. im Lungau nachweisbar ist, bis zu seinem Tode im Jahre 1848 in Wagrain. Nicht nur seine Abstammung aus dem Lungau und sein Aufenthalt als Koadjutor (Hilfspriester) von 1815 bis 1817 in Mariapfarr bezeugen seinen Lungaubezug. Sein erster Musiklehrer, seine Vorgesetzten in Mariapfarr und Oberndorf waren ebenso Lungauer wie der Gestalter des Denkmales in Oberndorf, der bekannte K\u00fcnstlerpfarrer M\u00fchlbacher.<\/span><\/p>\n<p><strong>Kontakt:<\/strong><br>\nPfarr-, Wallfahrts- und Stille Nacht Museum<span>\u00a0<\/span><span id=\"urn:enhancement-66c32134-c6a4-4781-9f50-2402f5c756a3\" class=\"textannotation\">Mariapfarr<br>\n<\/span>Joseph Mohr Platz 1<br>\n5571<span>\u00a0<\/span><span id=\"urn:enhancement-475e8f60-44d3-4b9c-a400-86d575233c9e\" class=\"textannotation\">Mariapfarr<br>\n<\/span><span id=\"urn:enhancement-475e8f60-44d3-4b9c-a400-86d575233c9e\" class=\"textannotation\"><span>T +43 6473 8766<br>\n<\/span><a href=\"mailto:mariapfarr@tourismuslungau.at\" target=\"_blank\" rel=\"noopener\">mariapfarr@tourismuslungau.at<\/a><br>\n<a href=\"http:\/\/www.wallfahrtsmuseum.at\/\" target=\"_blank\" rel=\"noopener\">www.wallfahrtsmuseum.at<\/a><\/span><\/p>\n<p>Eingang ins Museum \u00fcber Pfarrstra\u00dfe 19<\/p>\n<h2><a href=\"https:\/\/www.salzburgerland.com\/de\/stille-nacht-kirchen-360-panorama\/\" target=\"_blank\" rel=\"noopener\"><span>ERLEBEN SIE INTERAKTIVE 360\u00b0 INNENANSICHTEN DER SCH\u00d6NSTEN STILLE NACHT-SAKRALGEB\u00c4UDE!<\/span><\/a><\/h2>\n","protected":false},"excerpt":{"rendered":"<p>Die Lungauer Gemeinde gilt als sonnenreichster Ort \u00d6sterreichs. Die vielen Sonnenstunden und die gesunde H\u00f6henlage sorgen daf\u00fcr, dass sich die Menschen hier besonders wohlf\u00fchlen. Doch das war nicht immer so. Als der 23-j\u00e4hrige Joseph Mohr 1815 seinen ersten Dienst als Hilfspfarrer antrat, hatte der abgelegene Lungau harte Zeiten hinter sich, gepr\u00e4gt von Krieg, Hunger und [&hellip;]<\/p>\n","protected":false},"author":84,"featured_media":613408,"comment_status":"closed","ping_status":"closed","sticky":false,"template":"","format":"standard","meta":{"_acf_changed":false,"wl_entities_gutenberg":"","_relevanssi_hide_post":"","_relevanssi_hide_content":"","_relevanssi_pin_for_all":"","_relevanssi_pin_keywords":"","_relevanssi_unpin_keywords":"","_relevanssi_related_keywords":"","_relevanssi_related_include_ids":"","_relevanssi_related_exclude_ids":"","_relevanssi_related_no_append":"","_relevanssi_related_not_related":"","_relevanssi_related_posts":"","_relevanssi_noindex_reason":"","footnotes":""},"categories":[1],"tags":[],"wl_entity_type":[11495],"class_list":["post-617414","post","type-post","status-publish","format-standard","has-post-thumbnail","hentry","category-allgemein","wl_entity_type-article"],"acf":[],"yoast_head":"<!-- This site is optimized with the Yoast SEO Premium plugin v26.9 (Yoast SEO v26.9) - https:\/\/yoast.com\/product\/yoast-seo-premium-wordpress\/ -->\n<title>Stille Nacht und Wallfahrtsmuseum Mariapfarr \u00bb SalzburgerLand.com<\/title>\n<meta name=\"robots\" content=\"index, follow, max-snippet:-1, max-image-preview:large, max-video-preview:-1\" \/>\n<link rel=\"canonical\" href=\"https:\/\/www.salzburgerland.com\/de\/wp-json\/wp\/v2\/posts\/617414\" \/>\n<meta property=\"og:locale\" content=\"de_DE\" \/>\n<meta property=\"og:type\" content=\"article\" \/>\n<meta property=\"og:title\" content=\"Stille Nacht und Wallfahrtsmuseum Mariapfarr\" \/>\n<meta property=\"og:description\" content=\"Mit seiner ersten Anstellung als Hilfspriester kehrte der junge Joseph Mohr zu seinen famili\u00e4ren Wurzeln in den Lungau zur\u00fcck. Hier entstand der Text zum unvergessenen Weihnachtslied.\" \/>\n<meta property=\"og:url\" content=\"https:\/\/www.salzburgerland.com\/de\/wp-json\/wp\/v2\/posts\/617414\" \/>\n<meta property=\"og:site_name\" content=\"SalzburgerLand.com\" \/>\n<meta property=\"article:publisher\" content=\"https:\/\/www.facebook.com\/salzburgerland\/\" \/>\n<meta property=\"article:published_time\" content=\"2021-09-29T12:48:26+00:00\" \/>\n<meta property=\"article:modified_time\" content=\"2022-04-06T11:49:43+00:00\" \/>\n<meta property=\"og:image\" content=\"https:\/\/www.salzburgerland.com\/de\/wp-content\/uploads\/2021\/09\/rs1083_brunnen_mohr01-hpr-1920x840-jpg-pagespeed-ce_-xlutstorep-1200x675.jpg\" \/>\n\t<meta property=\"og:image:width\" content=\"1200\" \/>\n\t<meta property=\"og:image:height\" content=\"675\" \/>\n\t<meta property=\"og:image:type\" content=\"image\/jpeg\" \/>\n<meta name=\"author\" content=\"Stefanie Gschwandtner\" \/>\n<meta name=\"twitter:card\" content=\"summary_large_image\" \/>\n<meta name=\"twitter:creator\" content=\"@szimmerebner\" \/>\n<meta name=\"twitter:site\" content=\"@Salzburgerland\" \/>\n<meta name=\"twitter:label1\" content=\"Verfasst von\" \/>\n\t<meta name=\"twitter:data1\" content=\"Stefanie Gschwandtner\" \/>\n\t<meta name=\"twitter:label2\" content=\"Gesch\u00e4tzte Lesezeit\" \/>\n\t<meta name=\"twitter:data2\" content=\"2\u00a0Minuten\" \/>\n<script type=\"application\/ld+json\" class=\"yoast-schema-graph\">{\"@context\":\"https:\/\/schema.org\",\"@graph\":[{\"@type\":\"WebPage\",\"@id\":\"https:\/\/www.salzburgerland.com\/de\/stille-nacht-und-wallfahrtsmuseum-mariapfarr\/\",\"url\":\"https:\/\/www.salzburgerland.com\/de\/stille-nacht-und-wallfahrtsmuseum-mariapfarr\/\",\"name\":\"Stille Nacht und Wallfahrtsmuseum Mariapfarr \u00bb SalzburgerLand.com\",\"isPartOf\":{\"@id\":\"https:\/\/www.salzburgerland.com\/de\/#website\"},\"primaryImageOfPage\":{\"@id\":\"https:\/\/www.salzburgerland.com\/de\/stille-nacht-und-wallfahrtsmuseum-mariapfarr\/#primaryimage\"},\"image\":{\"@id\":\"https:\/\/www.salzburgerland.com\/de\/stille-nacht-und-wallfahrtsmuseum-mariapfarr\/#primaryimage\"},\"thumbnailUrl\":\"https:\/\/www.salzburgerland.com\/de\/wp-content\/uploads\/2021\/09\/rs1083_brunnen_mohr01-hpr-1920x840-jpg-pagespeed-ce_-xlutstorep.jpg\",\"datePublished\":\"2021-09-29T12:48:26+00:00\",\"dateModified\":\"2022-04-06T11:49:43+00:00\",\"description\":\"Mit seiner ersten Anstellung als Hilfspriester kehrte der junge Joseph Mohr zu seinen famili\u00e4ren Wurzeln in den Lungau zur\u00fcck. Hier entstand der Text zum unvergessenen Weihnachtslied.\",\"breadcrumb\":{\"@id\":\"https:\/\/www.salzburgerland.com\/de\/stille-nacht-und-wallfahrtsmuseum-mariapfarr\/#breadcrumb\"},\"inLanguage\":\"de\",\"potentialAction\":[{\"@type\":\"ReadAction\",\"target\":[\"https:\/\/www.salzburgerland.com\/de\/stille-nacht-und-wallfahrtsmuseum-mariapfarr\/\"]}]},{\"@type\":\"ImageObject\",\"inLanguage\":\"de\",\"@id\":\"https:\/\/www.salzburgerland.com\/de\/stille-nacht-und-wallfahrtsmuseum-mariapfarr\/#primaryimage\",\"url\":\"https:\/\/www.salzburgerland.com\/de\/wp-content\/uploads\/2021\/09\/rs1083_brunnen_mohr01-hpr-1920x840-jpg-pagespeed-ce_-xlutstorep.jpg\",\"contentUrl\":\"https:\/\/www.salzburgerland.com\/de\/wp-content\/uploads\/2021\/09\/rs1083_brunnen_mohr01-hpr-1920x840-jpg-pagespeed-ce_-xlutstorep.jpg\",\"width\":1920,\"height\":840,\"caption\":\"(c) SalzburgerLand Tourismus, Joseph-Mohr-Brunnen in Mariapfarr\"},{\"@type\":\"BreadcrumbList\",\"@id\":\"https:\/\/www.salzburgerland.com\/de\/stille-nacht-und-wallfahrtsmuseum-mariapfarr\/#breadcrumb\",\"itemListElement\":[{\"@type\":\"ListItem\",\"position\":1,\"name\":\"Stille Nacht! Heilige Nacht!\",\"item\":\"https:\/\/www.salzburgerland.com\/de\/stille-nacht\/\"},{\"@type\":\"ListItem\",\"position\":2,\"name\":\"Stille Nacht und Wallfahrtsmuseum Mariapfarr\"}]},{\"@type\":\"WebSite\",\"@id\":\"https:\/\/www.salzburgerland.com\/de\/#website\",\"url\":\"https:\/\/www.salzburgerland.com\/de\/\",\"name\":\"SalzburgerLand.com\",\"description\":\"Ihr Urlaub in Salzburg, \u00d6sterreich\",\"publisher\":{\"@id\":\"https:\/\/www.salzburgerland.com\/de\/#organization\"},\"potentialAction\":[{\"@type\":\"SearchAction\",\"target\":{\"@type\":\"EntryPoint\",\"urlTemplate\":\"https:\/\/www.salzburgerland.com\/de\/?s={search_term_string}\"},\"query-input\":{\"@type\":\"PropertyValueSpecification\",\"valueRequired\":true,\"valueName\":\"search_term_string\"}}],\"inLanguage\":\"de\"},{\"@type\":\"Organization\",\"@id\":\"https:\/\/www.salzburgerland.com\/de\/#organization\",\"name\":\"SalzburgerLand Tourismus GmbH\",\"url\":\"https:\/\/www.salzburgerland.com\/de\/\",\"logo\":{\"@type\":\"ImageObject\",\"inLanguage\":\"de\",\"@id\":\"https:\/\/www.salzburgerland.com\/de\/#\/schema\/logo\/image\/\",\"url\":\"https:\/\/www.salzburgerland.com\/de\/wp-content\/uploads\/2017\/01\/salzburgerland-logo.jpg\",\"contentUrl\":\"https:\/\/www.salzburgerland.com\/de\/wp-content\/uploads\/2017\/01\/salzburgerland-logo.jpg\",\"width\":1920,\"height\":827,\"caption\":\"SalzburgerLand Tourismus GmbH\"},\"image\":{\"@id\":\"https:\/\/www.salzburgerland.com\/de\/#\/schema\/logo\/image\/\"},\"sameAs\":[\"https:\/\/www.facebook.com\/salzburgerland\/\",\"https:\/\/x.com\/Salzburgerland\",\"https:\/\/www.instagram.com\/salzburgerland\/\",\"http:\/\/dbpedia.org\/resource\/Salzburg_(state)\",\"http:\/\/wikidata.dbpedia.org\/resource\/Q43325\",\"http:\/\/open.salzburgerland.com\/de\/entity\/salzburgerland\",\"https:\/\/www.youtube.com\/user\/salzburgerland\"]},{\"@type\":\"Person\",\"@id\":\"https:\/\/www.salzburgerland.com\/de\/#\/schema\/person\/341c767951f29c944985e07f82521a7c\",\"name\":\"Stefanie Gschwandtner\",\"image\":{\"@type\":\"ImageObject\",\"inLanguage\":\"de\",\"@id\":\"https:\/\/www.salzburgerland.com\/de\/#\/schema\/person\/image\/\",\"url\":\"https:\/\/secure.gravatar.com\/avatar\/3e5487886577b8a9e70b9a637ff7fa5b16d2bb45b55f900a12f05abf6f50ca85?s=96&d=mm&r=g\",\"contentUrl\":\"https:\/\/secure.gravatar.com\/avatar\/3e5487886577b8a9e70b9a637ff7fa5b16d2bb45b55f900a12f05abf6f50ca85?s=96&d=mm&r=g\",\"caption\":\"Stefanie Gschwandtner\"},\"sameAs\":[\"https:\/\/x.com\/szimmerebner\"]}]}<\/script>\n<!-- \/ Yoast SEO Premium plugin. -->","yoast_head_json":{"title":"Stille Nacht und Wallfahrtsmuseum Mariapfarr \u00bb SalzburgerLand.com","robots":{"index":"index","follow":"follow","max-snippet":"max-snippet:-1","max-image-preview":"max-image-preview:large","max-video-preview":"max-video-preview:-1"},"canonical":"https:\/\/www.salzburgerland.com\/de\/wp-json\/wp\/v2\/posts\/617414","og_locale":"de_DE","og_type":"article","og_title":"Stille Nacht und Wallfahrtsmuseum Mariapfarr","og_description":"Mit seiner ersten Anstellung als Hilfspriester kehrte der junge Joseph Mohr zu seinen famili\u00e4ren Wurzeln in den Lungau zur\u00fcck. Hier entstand der Text zum unvergessenen Weihnachtslied.","og_url":"https:\/\/www.salzburgerland.com\/de\/wp-json\/wp\/v2\/posts\/617414","og_site_name":"SalzburgerLand.com","article_publisher":"https:\/\/www.facebook.com\/salzburgerland\/","article_published_time":"2021-09-29T12:48:26+00:00","article_modified_time":"2022-04-06T11:49:43+00:00","og_image":[{"width":1200,"height":675,"url":"https:\/\/www.salzburgerland.com\/de\/wp-content\/uploads\/2021\/09\/rs1083_brunnen_mohr01-hpr-1920x840-jpg-pagespeed-ce_-xlutstorep-1200x675.jpg","type":"image\/jpeg"}],"author":"Stefanie Gschwandtner","twitter_card":"summary_large_image","twitter_creator":"@szimmerebner","twitter_site":"@Salzburgerland","twitter_misc":{"Verfasst von":"Stefanie Gschwandtner","Gesch\u00e4tzte Lesezeit":"2\u00a0Minuten"},"schema":{"@context":"https:\/\/schema.org","@graph":[{"@type":"WebPage","@id":"https:\/\/www.salzburgerland.com\/de\/stille-nacht-und-wallfahrtsmuseum-mariapfarr\/","url":"https:\/\/www.salzburgerland.com\/de\/stille-nacht-und-wallfahrtsmuseum-mariapfarr\/","name":"Stille Nacht und Wallfahrtsmuseum Mariapfarr \u00bb SalzburgerLand.com","isPartOf":{"@id":"https:\/\/www.salzburgerland.com\/de\/#website"},"primaryImageOfPage":{"@id":"https:\/\/www.salzburgerland.com\/de\/stille-nacht-und-wallfahrtsmuseum-mariapfarr\/#primaryimage"},"image":{"@id":"https:\/\/www.salzburgerland.com\/de\/stille-nacht-und-wallfahrtsmuseum-mariapfarr\/#primaryimage"},"thumbnailUrl":"https:\/\/www.salzburgerland.com\/de\/wp-content\/uploads\/2021\/09\/rs1083_brunnen_mohr01-hpr-1920x840-jpg-pagespeed-ce_-xlutstorep.jpg","datePublished":"2021-09-29T12:48:26+00:00","dateModified":"2022-04-06T11:49:43+00:00","description":"Mit seiner ersten Anstellung als Hilfspriester kehrte der junge Joseph Mohr zu seinen famili\u00e4ren Wurzeln in den Lungau zur\u00fcck. Hier entstand der Text zum unvergessenen Weihnachtslied.","breadcrumb":{"@id":"https:\/\/www.salzburgerland.com\/de\/stille-nacht-und-wallfahrtsmuseum-mariapfarr\/#breadcrumb"},"inLanguage":"de","potentialAction":[{"@type":"ReadAction","target":["https:\/\/www.salzburgerland.com\/de\/stille-nacht-und-wallfahrtsmuseum-mariapfarr\/"]}]},{"@type":"ImageObject","inLanguage":"de","@id":"https:\/\/www.salzburgerland.com\/de\/stille-nacht-und-wallfahrtsmuseum-mariapfarr\/#primaryimage","url":"https:\/\/www.salzburgerland.com\/de\/wp-content\/uploads\/2021\/09\/rs1083_brunnen_mohr01-hpr-1920x840-jpg-pagespeed-ce_-xlutstorep.jpg","contentUrl":"https:\/\/www.salzburgerland.com\/de\/wp-content\/uploads\/2021\/09\/rs1083_brunnen_mohr01-hpr-1920x840-jpg-pagespeed-ce_-xlutstorep.jpg","width":1920,"height":840,"caption":"(c) SalzburgerLand Tourismus, Joseph-Mohr-Brunnen in Mariapfarr"},{"@type":"BreadcrumbList","@id":"https:\/\/www.salzburgerland.com\/de\/stille-nacht-und-wallfahrtsmuseum-mariapfarr\/#breadcrumb","itemListElement":[{"@type":"ListItem","position":1,"name":"Stille Nacht! Heilige Nacht!","item":"https:\/\/www.salzburgerland.com\/de\/stille-nacht\/"},{"@type":"ListItem","position":2,"name":"Stille Nacht und Wallfahrtsmuseum Mariapfarr"}]},{"@type":"WebSite","@id":"https:\/\/www.salzburgerland.com\/de\/#website","url":"https:\/\/www.salzburgerland.com\/de\/","name":"SalzburgerLand.com","description":"Ihr Urlaub in Salzburg, \u00d6sterreich","publisher":{"@id":"https:\/\/www.salzburgerland.com\/de\/#organization"},"potentialAction":[{"@type":"SearchAction","target":{"@type":"EntryPoint","urlTemplate":"https:\/\/www.salzburgerland.com\/de\/?s={search_term_string}"},"query-input":{"@type":"PropertyValueSpecification","valueRequired":true,"valueName":"search_term_string"}}],"inLanguage":"de"},{"@type":"Organization","@id":"https:\/\/www.salzburgerland.com\/de\/#organization","name":"SalzburgerLand Tourismus GmbH","url":"https:\/\/www.salzburgerland.com\/de\/","logo":{"@type":"ImageObject","inLanguage":"de","@id":"https:\/\/www.salzburgerland.com\/de\/#\/schema\/logo\/image\/","url":"https:\/\/www.salzburgerland.com\/de\/wp-content\/uploads\/2017\/01\/salzburgerland-logo.jpg","contentUrl":"https:\/\/www.salzburgerland.com\/de\/wp-content\/uploads\/2017\/01\/salzburgerland-logo.jpg","width":1920,"height":827,"caption":"SalzburgerLand Tourismus GmbH"},"image":{"@id":"https:\/\/www.salzburgerland.com\/de\/#\/schema\/logo\/image\/"},"sameAs":["https:\/\/www.facebook.com\/salzburgerland\/","https:\/\/x.com\/Salzburgerland","https:\/\/www.instagram.com\/salzburgerland\/","http:\/\/dbpedia.org\/resource\/Salzburg_(state)","http:\/\/wikidata.dbpedia.org\/resource\/Q43325","http:\/\/open.salzburgerland.com\/de\/entity\/salzburgerland","https:\/\/www.youtube.com\/user\/salzburgerland"]},{"@type":"Person","@id":"https:\/\/www.salzburgerland.com\/de\/#\/schema\/person\/341c767951f29c944985e07f82521a7c","name":"Stefanie Gschwandtner","image":{"@type":"ImageObject","inLanguage":"de","@id":"https:\/\/www.salzburgerland.com\/de\/#\/schema\/person\/image\/","url":"https:\/\/secure.gravatar.com\/avatar\/3e5487886577b8a9e70b9a637ff7fa5b16d2bb45b55f900a12f05abf6f50ca85?s=96&d=mm&r=g","contentUrl":"https:\/\/secure.gravatar.com\/avatar\/3e5487886577b8a9e70b9a637ff7fa5b16d2bb45b55f900a12f05abf6f50ca85?s=96&d=mm&r=g","caption":"Stefanie Gschwandtner"},"sameAs":["https:\/\/x.com\/szimmerebner"]}]}},"_wl_alt_label":[],"wl:entity_url":"http:\/\/open.salzburgerland.com\/de\/post\/stille_nacht_und_wallfahrtsmuseum_mariapfarr","_links":{"self":[{"href":"https:\/\/www.salzburgerland.com\/de\/wp-json\/wp\/v2\/posts\/617414","targetHints":{"allow":["GET"]}}],"collection":[{"href":"https:\/\/www.salzburgerland.com\/de\/wp-json\/wp\/v2\/posts"}],"about":[{"href":"https:\/\/www.salzburgerland.com\/de\/wp-json\/wp\/v2\/types\/post"}],"author":[{"embeddable":true,"href":"https:\/\/www.salzburgerland.com\/de\/wp-json\/wp\/v2\/users\/84"}],"replies":[{"embeddable":true,"href":"https:\/\/www.salzburgerland.com\/de\/wp-json\/wp\/v2\/comments?post=617414"}],"version-history":[{"count":5,"href":"https:\/\/www.salzburgerland.com\/de\/wp-json\/wp\/v2\/posts\/617414\/revisions"}],"predecessor-version":[{"id":653004,"href":"https:\/\/www.salzburgerland.com\/de\/wp-json\/wp\/v2\/posts\/617414\/revisions\/653004"}],"wp:featuredmedia":[{"embeddable":true,"href":"https:\/\/www.salzburgerland.com\/de\/wp-json\/wp\/v2\/media\/613408"}],"wp:attachment":[{"href":"https:\/\/www.salzburgerland.com\/de\/wp-json\/wp\/v2\/media?parent=617414"}],"wp:term":[{"taxonomy":"category","embeddable":true,"href":"https:\/\/www.salzburgerland.com\/de\/wp-json\/wp\/v2\/categories?post=617414"},{"taxonomy":"post_tag","embeddable":true,"href":"https:\/\/www.salzburgerland.com\/de\/wp-json\/wp\/v2\/tags?post=617414"},{"taxonomy":"wl_entity_type","embeddable":true,"href":"https:\/\/www.salzburgerland.com\/de\/wp-json\/wp\/v2\/wl_entity_type?post=617414"}],"curies":[{"name":"wp","href":"https:\/\/api.w.org\/{rel}","templated":true}]}}