{"id":617405,"date":"2021-09-29T14:15:23","date_gmt":"2021-09-29T12:15:23","guid":{"rendered":"https:\/\/www.salzburgerland.com\/de\/?p=617405"},"modified":"2022-04-06T13:55:34","modified_gmt":"2022-04-06T11:55:34","slug":"stille-nacht-museum-hallein","status":"publish","type":"post","link":"https:\/\/www.salzburgerland.com\/de\/stille-nacht-museum-hallein\/","title":{"rendered":"Stille Nacht Museum Hallein"},"content":{"rendered":"<p>Die Bezirkshauptstadt des Tennengaus kann auf eine spannende Geschichte zur\u00fcckblicken. Die ehemalige Keltenstadt entwickelte sich Dank des Abbaus von Salz w\u00e4hrend der Zeit der F\u00fcrsterzbisch\u00f6fe viele Jahre lang pr\u00e4chtig. Noch heute kann man am nahen D\u00fcrrnberg sowie im modernen Keltenmuseum auf historische Entdeckungsreise gehen. Wer durch die charmante Altstadt flaniert, wird unweigerlich auch auf Franz Xaver Gruber treffen, der hier von 1835 bis zu seinem Tod 1863 t\u00e4tig war. Einmal mehr stand dabei auch immer wieder \u201eStille Nacht! Heilige Nacht!\u201c\u00a0 im Zentrum seines Schaffens. So verfasst er etwa am 12. Dezember 1836 die sogenannte Halleiner Fassung mit Orgelbegleitung.<\/p>\n<div id=\"attachment_653007\" style=\"width: 1180px\" class=\"wp-caption alignnone\"><img decoding=\"async\" aria-describedby=\"caption-attachment-653007\" class=\"size-1170_658 wp-image-653007\" src=\"https:\/\/cdn.salzburgerland.com\/de\/wp-content\/uploads\/2021\/09\/rs3316_stillenacht_hallein20191115009-1170x658.jpg\" alt=\"\" width=\"1170\" height=\"658\" srcset=\"https:\/\/www.salzburgerland.com\/de\/wp-content\/uploads\/2021\/09\/rs3316_stillenacht_hallein20191115009-1170x658.jpg 1170w, https:\/\/www.salzburgerland.com\/de\/wp-content\/uploads\/2021\/09\/rs3316_stillenacht_hallein20191115009-1200x675.jpg 1200w\" sizes=\"(max-width: 1170px) 100vw, 1170px\"><p id=\"caption-attachment-653007\" class=\"wp-caption-text\">Stille Nacht auf der Original-Gitarre<\/p><\/div>\n<p>Wer mehr \u00fcber das Leben und Wirken des ber\u00fchmten Komponisten erfahren will, der besucht das Stille Nacht Museum direkt gegen\u00fcber der Stadtpfarrkirche. Hier befindet sich auch Grubers letzte Ruhest\u00e4tte. In wundersch\u00f6ner, neuer Atmosph\u00e4re wird das Schaffen und Wirken des Komponisten des Liedes Franz Xaver Gruber pr\u00e4sentiert. Das barrierefreie Museum befindet sich im ehemaligen Mesner- und Chorregentenhaus, wo Franz Xaver Gruber 28 Jahre lang gelebt und gearbeitet hat. Im Mittelpunkt steht auch die Entstehungs- und Verbreitungsgeschichte von \u201eStille Nacht! Heilige Nacht!\u201c.<\/p>\n<div id=\"attachment_617407\" style=\"width: 1180px\" class=\"wp-caption alignnone\"><img decoding=\"async\" aria-describedby=\"caption-attachment-617407\" class=\"size-1170_658 wp-image-617407\" src=\"https:\/\/cdn.salzburgerland.com\/de\/wp-content\/uploads\/2021\/09\/stille-nacht-salzburger-nachrichten-heugl-hallein-1170x658.jpg\" alt=\"\" width=\"1170\" height=\"658\" srcset=\"https:\/\/www.salzburgerland.com\/de\/wp-content\/uploads\/2021\/09\/stille-nacht-salzburger-nachrichten-heugl-hallein-1170x658.jpg 1170w, https:\/\/www.salzburgerland.com\/de\/wp-content\/uploads\/2021\/09\/stille-nacht-salzburger-nachrichten-heugl-hallein-1200x675.jpg 1200w\" sizes=\"(max-width: 1170px) 100vw, 1170px\"><p id=\"caption-attachment-617407\" class=\"wp-caption-text\">(c) Salzburger Nachrichten, Christian Heugl, Gedenktafel am Stille Nacht Museum<\/p><\/div>\n<p><strong>Kontakt und weitere Informationen:<\/strong><br>\n<span>Stille\u00a0Nacht\u00a0Museum\u00a0<\/span><span id=\"urn:enhancement-6de8cab7-aeac-462f-80b0-9de44ea0e8b1\" class=\"textannotation\">Hallein<br>\n<\/span><span>Gruberplatz 1<\/span><br>\n<span>5400\u00a0<\/span><span id=\"urn:enhancement-711523f4-7898-4d72-ade8-1978f9017e02\" class=\"textannotation\">Hallein<br>\n<\/span><span>T +43 6245 80 783-30<\/span><br>\n<a href=\"mailto:stillenachtmuseum@hallein.gv.at\" target=\"_blank\" rel=\"noopener\">stillenachtmuseum@hallein.gv.at<\/a><br>\n<a href=\"https:\/\/www.keltenmuseum.at\/stillenachtmuseum\/\" target=\"_blank\" rel=\"noopener\">www.keltenmuseum.at<\/a><\/p>\n<h2><a href=\"https:\/\/www.salzburgerland.com\/de\/stille-nacht-kirchen-360-panorama\/\" target=\"_blank\" rel=\"noopener\"><span>ERLEBEN SIE INTERAKTIVE 360\u00b0 INNENANSICHTEN DER SCH\u00d6NSTEN STILLE NACHT-SAKRALGEB\u00c4UDE!<\/span><\/a><\/h2>\n","protected":false},"excerpt":{"rendered":"<p>Die Bezirkshauptstadt des Tennengaus kann auf eine spannende Geschichte zur\u00fcckblicken. Die ehemalige Keltenstadt entwickelte sich Dank des Abbaus von Salz w\u00e4hrend der Zeit der F\u00fcrsterzbisch\u00f6fe viele Jahre lang pr\u00e4chtig. Noch heute kann man am nahen D\u00fcrrnberg sowie im modernen Keltenmuseum auf historische Entdeckungsreise gehen. Wer durch die charmante Altstadt flaniert, wird unweigerlich auch auf Franz [&hellip;]<\/p>\n","protected":false},"author":84,"featured_media":653006,"comment_status":"closed","ping_status":"closed","sticky":false,"template":"","format":"standard","meta":{"_acf_changed":false,"wl_entities_gutenberg":"","_relevanssi_hide_post":"","_relevanssi_hide_content":"","_relevanssi_pin_for_all":"","_relevanssi_pin_keywords":"","_relevanssi_unpin_keywords":"","_relevanssi_related_keywords":"","_relevanssi_related_include_ids":"","_relevanssi_related_exclude_ids":"","_relevanssi_related_no_append":"","_relevanssi_related_not_related":"","_relevanssi_related_posts":"","_relevanssi_noindex_reason":"","footnotes":""},"categories":[1],"tags":[],"wl_entity_type":[11495],"class_list":["post-617405","post","type-post","status-publish","format-standard","has-post-thumbnail","hentry","category-allgemein","wl_entity_type-article"],"acf":[],"yoast_head":"<!-- This site is optimized with the Yoast SEO Premium plugin v26.9 (Yoast SEO v26.9) - https:\/\/yoast.com\/product\/yoast-seo-premium-wordpress\/ -->\n<title>Stille Nacht Museum Hallein \u00bb SalzburgerLand.com<\/title>\n<meta name=\"robots\" content=\"index, follow, max-snippet:-1, max-image-preview:large, max-video-preview:-1\" \/>\n<link rel=\"canonical\" href=\"https:\/\/www.salzburgerland.com\/de\/wp-json\/wp\/v2\/posts\/617405\" \/>\n<meta property=\"og:locale\" content=\"de_DE\" \/>\n<meta property=\"og:type\" content=\"article\" \/>\n<meta property=\"og:title\" content=\"Stille Nacht Museum Hallein\" \/>\n<meta property=\"og:description\" content=\"In der einst durch den Abbau von Salz zu Reichtum gelangten Stadt, hinterlie\u00df auch Lehrer, Chorregenten und Organisten Franz Xaver Gruber seine Spuren.\" \/>\n<meta property=\"og:url\" content=\"https:\/\/www.salzburgerland.com\/de\/wp-json\/wp\/v2\/posts\/617405\" \/>\n<meta property=\"og:site_name\" content=\"SalzburgerLand.com\" \/>\n<meta property=\"article:publisher\" content=\"https:\/\/www.facebook.com\/salzburgerland\/\" \/>\n<meta property=\"article:published_time\" content=\"2021-09-29T12:15:23+00:00\" \/>\n<meta property=\"article:modified_time\" content=\"2022-04-06T11:55:34+00:00\" \/>\n<meta property=\"og:image\" content=\"https:\/\/www.salzburgerland.com\/de\/wp-content\/uploads\/2021\/09\/rs1078_stille_nacht_bezirk01-1200x675.jpg\" \/>\n\t<meta property=\"og:image:width\" content=\"1200\" \/>\n\t<meta property=\"og:image:height\" content=\"675\" \/>\n\t<meta property=\"og:image:type\" content=\"image\/jpeg\" \/>\n<meta name=\"author\" content=\"Stefanie Gschwandtner\" \/>\n<meta name=\"twitter:card\" content=\"summary_large_image\" \/>\n<meta name=\"twitter:creator\" content=\"@szimmerebner\" \/>\n<meta name=\"twitter:site\" content=\"@Salzburgerland\" \/>\n<meta name=\"twitter:label1\" content=\"Verfasst von\" \/>\n\t<meta name=\"twitter:data1\" content=\"Stefanie Gschwandtner\" \/>\n\t<meta name=\"twitter:label2\" content=\"Gesch\u00e4tzte Lesezeit\" \/>\n\t<meta name=\"twitter:data2\" content=\"2\u00a0Minuten\" \/>\n<script type=\"application\/ld+json\" class=\"yoast-schema-graph\">{\"@context\":\"https:\/\/schema.org\",\"@graph\":[{\"@type\":\"WebPage\",\"@id\":\"https:\/\/www.salzburgerland.com\/de\/stille-nacht-museum-hallein\/\",\"url\":\"https:\/\/www.salzburgerland.com\/de\/stille-nacht-museum-hallein\/\",\"name\":\"Stille Nacht Museum Hallein \u00bb SalzburgerLand.com\",\"isPartOf\":{\"@id\":\"https:\/\/www.salzburgerland.com\/de\/#website\"},\"primaryImageOfPage\":{\"@id\":\"https:\/\/www.salzburgerland.com\/de\/stille-nacht-museum-hallein\/#primaryimage\"},\"image\":{\"@id\":\"https:\/\/www.salzburgerland.com\/de\/stille-nacht-museum-hallein\/#primaryimage\"},\"thumbnailUrl\":\"https:\/\/www.salzburgerland.com\/de\/wp-content\/uploads\/2021\/09\/rs1078_stille_nacht_bezirk01-scaled.jpg\",\"datePublished\":\"2021-09-29T12:15:23+00:00\",\"dateModified\":\"2022-04-06T11:55:34+00:00\",\"description\":\"In der einst durch den Abbau von Salz zu Reichtum gelangten Stadt, hinterlie\u00df auch Lehrer, Chorregenten und Organisten Franz Xaver Gruber seine Spuren.\",\"breadcrumb\":{\"@id\":\"https:\/\/www.salzburgerland.com\/de\/stille-nacht-museum-hallein\/#breadcrumb\"},\"inLanguage\":\"de\",\"potentialAction\":[{\"@type\":\"ReadAction\",\"target\":[\"https:\/\/www.salzburgerland.com\/de\/stille-nacht-museum-hallein\/\"]}]},{\"@type\":\"ImageObject\",\"inLanguage\":\"de\",\"@id\":\"https:\/\/www.salzburgerland.com\/de\/stille-nacht-museum-hallein\/#primaryimage\",\"url\":\"https:\/\/www.salzburgerland.com\/de\/wp-content\/uploads\/2021\/09\/rs1078_stille_nacht_bezirk01-scaled.jpg\",\"contentUrl\":\"https:\/\/www.salzburgerland.com\/de\/wp-content\/uploads\/2021\/09\/rs1078_stille_nacht_bezirk01-scaled.jpg\",\"width\":1920,\"height\":1282,\"caption\":\"Stille Nacht Bezirk in Hallein\"},{\"@type\":\"BreadcrumbList\",\"@id\":\"https:\/\/www.salzburgerland.com\/de\/stille-nacht-museum-hallein\/#breadcrumb\",\"itemListElement\":[{\"@type\":\"ListItem\",\"position\":1,\"name\":\"Stille Nacht! Heilige Nacht!\",\"item\":\"https:\/\/www.salzburgerland.com\/de\/stille-nacht\/\"},{\"@type\":\"ListItem\",\"position\":2,\"name\":\"Stille Nacht Museum Hallein\"}]},{\"@type\":\"WebSite\",\"@id\":\"https:\/\/www.salzburgerland.com\/de\/#website\",\"url\":\"https:\/\/www.salzburgerland.com\/de\/\",\"name\":\"SalzburgerLand.com\",\"description\":\"Ihr Urlaub in Salzburg, \u00d6sterreich\",\"publisher\":{\"@id\":\"https:\/\/www.salzburgerland.com\/de\/#organization\"},\"potentialAction\":[{\"@type\":\"SearchAction\",\"target\":{\"@type\":\"EntryPoint\",\"urlTemplate\":\"https:\/\/www.salzburgerland.com\/de\/?s={search_term_string}\"},\"query-input\":{\"@type\":\"PropertyValueSpecification\",\"valueRequired\":true,\"valueName\":\"search_term_string\"}}],\"inLanguage\":\"de\"},{\"@type\":\"Organization\",\"@id\":\"https:\/\/www.salzburgerland.com\/de\/#organization\",\"name\":\"SalzburgerLand Tourismus GmbH\",\"url\":\"https:\/\/www.salzburgerland.com\/de\/\",\"logo\":{\"@type\":\"ImageObject\",\"inLanguage\":\"de\",\"@id\":\"https:\/\/www.salzburgerland.com\/de\/#\/schema\/logo\/image\/\",\"url\":\"https:\/\/www.salzburgerland.com\/de\/wp-content\/uploads\/2017\/01\/salzburgerland-logo.jpg\",\"contentUrl\":\"https:\/\/www.salzburgerland.com\/de\/wp-content\/uploads\/2017\/01\/salzburgerland-logo.jpg\",\"width\":1920,\"height\":827,\"caption\":\"SalzburgerLand Tourismus GmbH\"},\"image\":{\"@id\":\"https:\/\/www.salzburgerland.com\/de\/#\/schema\/logo\/image\/\"},\"sameAs\":[\"https:\/\/www.facebook.com\/salzburgerland\/\",\"https:\/\/x.com\/Salzburgerland\",\"https:\/\/www.instagram.com\/salzburgerland\/\",\"http:\/\/dbpedia.org\/resource\/Salzburg_(state)\",\"http:\/\/wikidata.dbpedia.org\/resource\/Q43325\",\"http:\/\/open.salzburgerland.com\/de\/entity\/salzburgerland\",\"https:\/\/www.youtube.com\/user\/salzburgerland\"]},{\"@type\":\"Person\",\"@id\":\"https:\/\/www.salzburgerland.com\/de\/#\/schema\/person\/341c767951f29c944985e07f82521a7c\",\"name\":\"Stefanie Gschwandtner\",\"image\":{\"@type\":\"ImageObject\",\"inLanguage\":\"de\",\"@id\":\"https:\/\/www.salzburgerland.com\/de\/#\/schema\/person\/image\/\",\"url\":\"https:\/\/secure.gravatar.com\/avatar\/3e5487886577b8a9e70b9a637ff7fa5b16d2bb45b55f900a12f05abf6f50ca85?s=96&d=mm&r=g\",\"contentUrl\":\"https:\/\/secure.gravatar.com\/avatar\/3e5487886577b8a9e70b9a637ff7fa5b16d2bb45b55f900a12f05abf6f50ca85?s=96&d=mm&r=g\",\"caption\":\"Stefanie Gschwandtner\"},\"sameAs\":[\"https:\/\/x.com\/szimmerebner\"]}]}<\/script>\n<!-- \/ Yoast SEO Premium plugin. -->","yoast_head_json":{"title":"Stille Nacht Museum Hallein \u00bb SalzburgerLand.com","robots":{"index":"index","follow":"follow","max-snippet":"max-snippet:-1","max-image-preview":"max-image-preview:large","max-video-preview":"max-video-preview:-1"},"canonical":"https:\/\/www.salzburgerland.com\/de\/wp-json\/wp\/v2\/posts\/617405","og_locale":"de_DE","og_type":"article","og_title":"Stille Nacht Museum Hallein","og_description":"In der einst durch den Abbau von Salz zu Reichtum gelangten Stadt, hinterlie\u00df auch Lehrer, Chorregenten und Organisten Franz Xaver Gruber seine Spuren.","og_url":"https:\/\/www.salzburgerland.com\/de\/wp-json\/wp\/v2\/posts\/617405","og_site_name":"SalzburgerLand.com","article_publisher":"https:\/\/www.facebook.com\/salzburgerland\/","article_published_time":"2021-09-29T12:15:23+00:00","article_modified_time":"2022-04-06T11:55:34+00:00","og_image":[{"width":1200,"height":675,"url":"https:\/\/www.salzburgerland.com\/de\/wp-content\/uploads\/2021\/09\/rs1078_stille_nacht_bezirk01-1200x675.jpg","type":"image\/jpeg"}],"author":"Stefanie Gschwandtner","twitter_card":"summary_large_image","twitter_creator":"@szimmerebner","twitter_site":"@Salzburgerland","twitter_misc":{"Verfasst von":"Stefanie Gschwandtner","Gesch\u00e4tzte Lesezeit":"2\u00a0Minuten"},"schema":{"@context":"https:\/\/schema.org","@graph":[{"@type":"WebPage","@id":"https:\/\/www.salzburgerland.com\/de\/stille-nacht-museum-hallein\/","url":"https:\/\/www.salzburgerland.com\/de\/stille-nacht-museum-hallein\/","name":"Stille Nacht Museum Hallein \u00bb SalzburgerLand.com","isPartOf":{"@id":"https:\/\/www.salzburgerland.com\/de\/#website"},"primaryImageOfPage":{"@id":"https:\/\/www.salzburgerland.com\/de\/stille-nacht-museum-hallein\/#primaryimage"},"image":{"@id":"https:\/\/www.salzburgerland.com\/de\/stille-nacht-museum-hallein\/#primaryimage"},"thumbnailUrl":"https:\/\/www.salzburgerland.com\/de\/wp-content\/uploads\/2021\/09\/rs1078_stille_nacht_bezirk01-scaled.jpg","datePublished":"2021-09-29T12:15:23+00:00","dateModified":"2022-04-06T11:55:34+00:00","description":"In der einst durch den Abbau von Salz zu Reichtum gelangten Stadt, hinterlie\u00df auch Lehrer, Chorregenten und Organisten Franz Xaver Gruber seine Spuren.","breadcrumb":{"@id":"https:\/\/www.salzburgerland.com\/de\/stille-nacht-museum-hallein\/#breadcrumb"},"inLanguage":"de","potentialAction":[{"@type":"ReadAction","target":["https:\/\/www.salzburgerland.com\/de\/stille-nacht-museum-hallein\/"]}]},{"@type":"ImageObject","inLanguage":"de","@id":"https:\/\/www.salzburgerland.com\/de\/stille-nacht-museum-hallein\/#primaryimage","url":"https:\/\/www.salzburgerland.com\/de\/wp-content\/uploads\/2021\/09\/rs1078_stille_nacht_bezirk01-scaled.jpg","contentUrl":"https:\/\/www.salzburgerland.com\/de\/wp-content\/uploads\/2021\/09\/rs1078_stille_nacht_bezirk01-scaled.jpg","width":1920,"height":1282,"caption":"Stille Nacht Bezirk in Hallein"},{"@type":"BreadcrumbList","@id":"https:\/\/www.salzburgerland.com\/de\/stille-nacht-museum-hallein\/#breadcrumb","itemListElement":[{"@type":"ListItem","position":1,"name":"Stille Nacht! Heilige Nacht!","item":"https:\/\/www.salzburgerland.com\/de\/stille-nacht\/"},{"@type":"ListItem","position":2,"name":"Stille Nacht Museum Hallein"}]},{"@type":"WebSite","@id":"https:\/\/www.salzburgerland.com\/de\/#website","url":"https:\/\/www.salzburgerland.com\/de\/","name":"SalzburgerLand.com","description":"Ihr Urlaub in Salzburg, \u00d6sterreich","publisher":{"@id":"https:\/\/www.salzburgerland.com\/de\/#organization"},"potentialAction":[{"@type":"SearchAction","target":{"@type":"EntryPoint","urlTemplate":"https:\/\/www.salzburgerland.com\/de\/?s={search_term_string}"},"query-input":{"@type":"PropertyValueSpecification","valueRequired":true,"valueName":"search_term_string"}}],"inLanguage":"de"},{"@type":"Organization","@id":"https:\/\/www.salzburgerland.com\/de\/#organization","name":"SalzburgerLand Tourismus GmbH","url":"https:\/\/www.salzburgerland.com\/de\/","logo":{"@type":"ImageObject","inLanguage":"de","@id":"https:\/\/www.salzburgerland.com\/de\/#\/schema\/logo\/image\/","url":"https:\/\/www.salzburgerland.com\/de\/wp-content\/uploads\/2017\/01\/salzburgerland-logo.jpg","contentUrl":"https:\/\/www.salzburgerland.com\/de\/wp-content\/uploads\/2017\/01\/salzburgerland-logo.jpg","width":1920,"height":827,"caption":"SalzburgerLand Tourismus GmbH"},"image":{"@id":"https:\/\/www.salzburgerland.com\/de\/#\/schema\/logo\/image\/"},"sameAs":["https:\/\/www.facebook.com\/salzburgerland\/","https:\/\/x.com\/Salzburgerland","https:\/\/www.instagram.com\/salzburgerland\/","http:\/\/dbpedia.org\/resource\/Salzburg_(state)","http:\/\/wikidata.dbpedia.org\/resource\/Q43325","http:\/\/open.salzburgerland.com\/de\/entity\/salzburgerland","https:\/\/www.youtube.com\/user\/salzburgerland"]},{"@type":"Person","@id":"https:\/\/www.salzburgerland.com\/de\/#\/schema\/person\/341c767951f29c944985e07f82521a7c","name":"Stefanie Gschwandtner","image":{"@type":"ImageObject","inLanguage":"de","@id":"https:\/\/www.salzburgerland.com\/de\/#\/schema\/person\/image\/","url":"https:\/\/secure.gravatar.com\/avatar\/3e5487886577b8a9e70b9a637ff7fa5b16d2bb45b55f900a12f05abf6f50ca85?s=96&d=mm&r=g","contentUrl":"https:\/\/secure.gravatar.com\/avatar\/3e5487886577b8a9e70b9a637ff7fa5b16d2bb45b55f900a12f05abf6f50ca85?s=96&d=mm&r=g","caption":"Stefanie Gschwandtner"},"sameAs":["https:\/\/x.com\/szimmerebner"]}]}},"_wl_alt_label":[],"wl:entity_url":"http:\/\/open.salzburgerland.com\/de\/post\/stille_nacht_museum_hallein","_links":{"self":[{"href":"https:\/\/www.salzburgerland.com\/de\/wp-json\/wp\/v2\/posts\/617405","targetHints":{"allow":["GET"]}}],"collection":[{"href":"https:\/\/www.salzburgerland.com\/de\/wp-json\/wp\/v2\/posts"}],"about":[{"href":"https:\/\/www.salzburgerland.com\/de\/wp-json\/wp\/v2\/types\/post"}],"author":[{"embeddable":true,"href":"https:\/\/www.salzburgerland.com\/de\/wp-json\/wp\/v2\/users\/84"}],"replies":[{"embeddable":true,"href":"https:\/\/www.salzburgerland.com\/de\/wp-json\/wp\/v2\/comments?post=617405"}],"version-history":[{"count":4,"href":"https:\/\/www.salzburgerland.com\/de\/wp-json\/wp\/v2\/posts\/617405\/revisions"}],"predecessor-version":[{"id":653009,"href":"https:\/\/www.salzburgerland.com\/de\/wp-json\/wp\/v2\/posts\/617405\/revisions\/653009"}],"wp:featuredmedia":[{"embeddable":true,"href":"https:\/\/www.salzburgerland.com\/de\/wp-json\/wp\/v2\/media\/653006"}],"wp:attachment":[{"href":"https:\/\/www.salzburgerland.com\/de\/wp-json\/wp\/v2\/media?parent=617405"}],"wp:term":[{"taxonomy":"category","embeddable":true,"href":"https:\/\/www.salzburgerland.com\/de\/wp-json\/wp\/v2\/categories?post=617405"},{"taxonomy":"post_tag","embeddable":true,"href":"https:\/\/www.salzburgerland.com\/de\/wp-json\/wp\/v2\/tags?post=617405"},{"taxonomy":"wl_entity_type","embeddable":true,"href":"https:\/\/www.salzburgerland.com\/de\/wp-json\/wp\/v2\/wl_entity_type?post=617405"}],"curies":[{"name":"wp","href":"https:\/\/api.w.org\/{rel}","templated":true}]}}