{"id":616999,"date":"2021-09-29T10:45:36","date_gmt":"2021-09-29T08:45:36","guid":{"rendered":"https:\/\/www.salzburgerland.com\/de\/?p=616999"},"modified":"2021-11-19T19:27:53","modified_gmt":"2021-11-19T18:27:53","slug":"ausgewaehlte-buecher-rund-um-stille-nacht","status":"publish","type":"post","link":"https:\/\/www.salzburgerland.com\/de\/ausgewaehlte-buecher-rund-um-stille-nacht\/","title":{"rendered":"Ausgew\u00e4hlte B\u00fccher rund um Stille Nacht"},"content":{"rendered":"<h2>Das kleine Buch \u201eStille Nacht! Heilige Nacht!\u201c<\/h2>\n<p><strong>von Franziska Lipp<\/strong><\/p>\n<p>In ihrem im November 2017 erschienenen\u00a0Buch zeigt die Salzburger\u00a0Autorin Franziska Lipp die wichtigsten und sch\u00f6nsten Orte rund um das beliebteste\u00a0Weihnachtslied der Welt im\u00a0Salzburger Land, in\u00a0Ober\u00f6sterreich und\u00a0Tirol. Die\u00a0Autorin kennt das\u00a0Lied von Kindesbeinen an.<\/p>\n<p>\u201eStille Nacht! Heilige Nacht!\u201c, einst als Gedicht von Joseph Mohr verfasst und als schlichtes Wiegenlied von Franz Xaver Gruber vertont, wird j\u00e4hrlich an Weihnachten von rund zwei Milliarden Menschen und in u\u0308ber 300 Sprachen und Dialekten gesungen.<\/p>\n<p><span>Das Buch ist die ideale Lekt\u00fcre f\u00fcr alle, die sich einen schnellen, aber umfassenden \u00dcberblick verschaffen m\u00f6chten: Die historischen Hintergr\u00fcnde der Liedentstehung werden ebenso beschrieben wie die wichtigsten Protagonisten rund um \u201eStille Nacht! Heilige Nacht!\u201c. Zudem enth\u00e4lt das Buch Tipps f\u00fcr eine individuelle Reise durch die 13 Stille-Nacht-Orte im SalzburgerLand, Tirol und Ober\u00f6sterreich sowie drei klassische Weihnachtsrezepte.<\/span><\/p>\n<p>Franziska Lipp:<br>\nStille Nacht! Heilige Nacht!<br>\nDas kleine Buch<br>\nISBN: 978-3-7104-0164-0<br>\nPreis \u20ac 7,00<br>\n64 Seiten, gebunden<br>\n<a href=\"http:\/\/www.servus-buch.at\/produkt\/das-kleine-buch-stille-nacht-heilige-nacht\/\" target=\"_blank\" rel=\"noopener\">www.servus-buch.at<\/a> oder <a href=\"https:\/\/www.thalia.at\/shop\/home\/artikeldetails\/A1047207467?ProvID=11010474\" target=\"_blank\" rel=\"noopener\">hier<\/a><\/p>\n\n\t\t\t<div id=\"616999-1\" class=\"gallery gallery-616999 gallery-columns-3 gallery-size-1170_658\" itemscope itemtype=\"http:\/\/schema.org\/ImageGallery\">\n\t\t\t\t<ul class=\"gallery-row gallery-col-3 gallery-clear\">\n\t\t\t\t\t<li class=\"gallery-item col-3\" itemprop=\"associatedMedia\" itemscope itemtype=\"http:\/\/schema.org\/ImageObject\">\n\t\t\t\t\t\t<div class=\"gallery-icon landscape\"><a href=\"https:\/\/www.salzburgerland.com\/de\/wp-content\/uploads\/2017\/09\/2016-12-13-slt-meisis-reise-slt-michael-grossinger-img_1447-1920x1067.jpg\" title=\"Das fertige Kletzenbrot\"><img decoding=\"async\" data-title=\"\u00a9 SalzburgerLand Tourismus, Michael Gr\u00f6\u00dfinger, Das fertige Kletzenbrot \" title=\"\u00a9 SalzburgerLand Tourismus, Michael Gr\u00f6\u00dfinger, Das fertige Kletzenbrot \" data-caption=\"\u00a9 SalzburgerLand Tourismus, Michael Gr\u00f6\u00dfinger, Das fertige Kletzenbrot \" width=\"1170\" height=\"658\" src=\"https:\/\/www.salzburgerland.com\/de\/wp-content\/uploads\/2017\/09\/2016-12-13-slt-meisis-reise-slt-michael-grossinger-img_1447-1170x658.jpg\" class=\"attachment-1170_658 size-1170_658\" alt=\"Das fertige Kletzenbrot (vergr\u00f6\u00dferte Ansicht)\" srcset=\"https:\/\/www.salzburgerland.com\/de\/wp-content\/uploads\/2017\/09\/2016-12-13-slt-meisis-reise-slt-michael-grossinger-img_1447-1170x658.jpg 1170w, https:\/\/www.salzburgerland.com\/de\/wp-content\/uploads\/2017\/09\/2016-12-13-slt-meisis-reise-slt-michael-grossinger-img_1447-1200x675.jpg 1200w\" sizes=\"(max-width: 1170px) 100vw, 1170px\" aria-describedby=\"figcaption-616999-183095\" itemprop=\"thumbnail\"><\/a><\/div>\n\t\t\t\t\t\t<span id=\"figcaption-616999-183095\" class=\"gallery-caption\" itemprop=\"caption\"><span aria-hidden=\"true\">\u00a9 SalzburgerLand Tourismus, Michael Gr\u00f6\u00dfinger, Das fertige Kletzenbrot <\/span><\/span>\n\t\t\t\t\t<\/li>\n\t\t\t\t\t<li class=\"gallery-item col-3\" itemprop=\"associatedMedia\" itemscope itemtype=\"http:\/\/schema.org\/ImageObject\">\n\t\t\t\t\t\t<div class=\"gallery-icon landscape\"><a href=\"https:\/\/www.salzburgerland.com\/de\/wp-content\/uploads\/2021\/09\/das-kleine-buch-stille-nacht-heilige-nacht-von-franziska-lipp.jpg\" title=\"Das kleine Buch \u201eStille Nacht! Heilige Nacht!\u201c von Franziska Lipp\"><img decoding=\"async\" data-title=\"Das kleine Buch \u201eStille Nacht! Heilige Nacht!\u201c von Franziska Lipp\" title=\"Das kleine Buch \u201eStille Nacht! Heilige Nacht!\u201c von Franziska Lipp\" data-caption=\"Das kleine Buch \u201eStille Nacht! Heilige Nacht!\u201c von Franziska Lipp\" width=\"1170\" height=\"658\" src=\"https:\/\/www.salzburgerland.com\/de\/wp-content\/uploads\/2021\/09\/das-kleine-buch-stille-nacht-heilige-nacht-von-franziska-lipp-1170x658.jpg\" class=\"attachment-1170_658 size-1170_658\" alt=\"Zwei aufgeschlagene B\u00fccher, eines mit einem Rezept und Brot, das andere mit einer verschneiten Kirche auf dem Umschlag mit dem Titel Stille Nacht!. (vergr\u00f6\u00dferte Ansicht)\" srcset=\"https:\/\/www.salzburgerland.com\/de\/wp-content\/uploads\/2021\/09\/das-kleine-buch-stille-nacht-heilige-nacht-von-franziska-lipp-1170x658.jpg 1170w, https:\/\/www.salzburgerland.com\/de\/wp-content\/uploads\/2021\/09\/das-kleine-buch-stille-nacht-heilige-nacht-von-franziska-lipp-1200x675.jpg 1200w\" sizes=\"(max-width: 1170px) 100vw, 1170px\" aria-describedby=\"figcaption-616999-635434\" itemprop=\"thumbnail\"><\/a><\/div>\n\t\t\t\t\t\t<span id=\"figcaption-616999-635434\" class=\"gallery-caption\" itemprop=\"caption\"><span aria-hidden=\"true\">Das kleine Buch \u201eStille Nacht! Heilige Nacht!\u201c von Franziska Lipp<\/span><\/span>\n\t\t\t\t\t<\/li>\n\t\t\t\t\t<li class=\"gallery-item col-3\" itemprop=\"associatedMedia\" itemscope itemtype=\"http:\/\/schema.org\/ImageObject\">\n\t\t\t\t\t\t<div class=\"gallery-icon landscape\"><a href=\"https:\/\/www.salzburgerland.com\/de\/wp-content\/uploads\/2021\/09\/stille-nacht-geschichte.jpg\" title=\"stille-nacht-geschichte\"><img decoding=\"async\" data-title='(c) SalzburgerLand Tourismus, Entstehung \"Stille Nacht! Heilige Nacht\"' title='(c) SalzburgerLand Tourismus, Entstehung \"Stille Nacht! Heilige Nacht\"' data-caption='(c) SalzburgerLand Tourismus, Entstehung \"Stille Nacht! Heilige Nacht\"' width=\"1170\" height=\"658\" src=\"https:\/\/www.salzburgerland.com\/de\/wp-content\/uploads\/2021\/09\/stille-nacht-geschichte-1170x658.jpg\" class=\"attachment-1170_658 size-1170_658\" alt='Entstehung \"Stille Nacht! Heilige Nacht\" (vergr\u00f6\u00dferte Ansicht)' srcset=\"https:\/\/www.salzburgerland.com\/de\/wp-content\/uploads\/2021\/09\/stille-nacht-geschichte-1170x658.jpg 1170w, https:\/\/www.salzburgerland.com\/de\/wp-content\/uploads\/2021\/09\/stille-nacht-geschichte-1200x675.jpg 1200w\" sizes=\"(max-width: 1170px) 100vw, 1170px\" aria-describedby=\"figcaption-616999-616093\" itemprop=\"thumbnail\"><\/a><\/div>\n\t\t\t\t\t\t<span id=\"figcaption-616999-616093\" class=\"gallery-caption\" itemprop=\"caption\"><span aria-hidden=\"true\">(c) SalzburgerLand Tourismus, Entstehung \u201eStille Nacht! Heilige Nacht\u201c<\/span><\/span>\n\t\t\t\t\t<\/li>\n\t\t\t\t<\/ul>\n\t\t\t<\/div><!-- .gallery -->\n\n<h2>Stille Nacht. Ein Lied mit Geschichte<\/h2>\n<p><strong>von Tina Breckwoldt mit Vorwort von Leo Bauernberger<\/strong><\/p>\n<p>Unz\u00e4hlige Mythen ranken sich um die Entstehung und Verbreitung des Weihnachtsklassikers \u201eStille Nacht! Heilige Nacht!\u201c. Tina Breckwoldt erz\u00e4hlt die Geschichte eines au\u00dfergew\u00f6hnlichen Liedes.<\/p>\n<p>2018 feiert das wohl bekannteste Weihnachtslied der Welt seinen 200. Geburtstag. Inzwischen wird \u201eStille Nacht! Heilige Nacht!\u201c in mehreren hundert Sprachen und Dialekten gesungen und ist auf der ganzen Welt bekannt. Doch wie kam es dazu, dass ein Wiegenlied aus einem kleinen Dorf in der N\u00e4he von Salzburg so bekannt wurde? Wer waren der Komponist Franz Xaver Gruber und der Autor Joseph Mohr? Welchen Weg nahm das Lied nach seiner Entstehung?<\/p>\n<p>Tina Breckwoldt hat in Archiven und Museen recherchiert, mit Experten gesprochen und die moderne Rezeption des Liedes untersucht. Das Buch erz\u00e4hlt alles \u00fcber ein gro\u00dfes kleines Lied mit einer bewegten, 200-j\u00e4hrigen Geschichte.<\/p>\n<p><strong>\u00dcber die Autorin:<\/strong><br>\nTina Breckwoldt, geboren 1964, studierte an den Universit\u00e4ten von Freiburg, Cambridge, Oxford und Yale Altorientalistik sowie Ur- und Fr\u00fchgeschichte. In Cambridge verfasste sie eine Doktorarbeit zur Wirtschaftsgeschichte des alten Babylonien. Bei den Wiener S\u00e4ngerknaben ist sie f\u00fcr Dramaturgie, PR und Recherche zust\u00e4ndig, au\u00dferdem schreibt sie Opernlibretti, Lied- und Filmtexte sowie Eintr\u00e4ge f\u00fcr W\u00f6rterb\u00fccher und Nachschlagewerke \u2013 und ab und zu ein Gedicht.<\/p>\n<p>Das Buch ist <a href=\"https:\/\/www.thalia.at\/shop\/home\/artikeldetails\/A1050639368?ProvID=11010474\" target=\"_blank\" rel=\"noopener noreferrer\">hier<\/a> sowie in gut sortierten Buchabteilung erh\u00e4ltlich.<\/p>\n\n\t\t\t<div id=\"616999-2\" class=\"gallery gallery-616999 gallery-columns-3 gallery-size-1170_658\" itemscope itemtype=\"http:\/\/schema.org\/ImageGallery\">\n\t\t\t\t<ul class=\"gallery-row gallery-col-3 gallery-clear\">\n\t\t\t\t\t<li class=\"gallery-item col-3\" itemprop=\"associatedMedia\" itemscope itemtype=\"http:\/\/schema.org\/ImageObject\">\n\t\t\t\t\t\t<div class=\"gallery-icon landscape\"><a href=\"https:\/\/www.salzburgerland.com\/de\/wp-content\/uploads\/2021\/09\/stillenacht-ein-lied-mit-geschichte.jpg\" title=\"StilleNacht-ein-lied-mit-geschichte\"><img decoding=\"async\" data-title=\"\" title=\"\" data-caption=\"\" width=\"500\" height=\"500\" src=\"https:\/\/www.salzburgerland.com\/de\/wp-content\/uploads\/2021\/09\/stillenacht-ein-lied-mit-geschichte.jpg\" class=\"attachment-1170_658 size-1170_658\" alt='Goldener Umschlag mit \"STILLE NACHT\" und dem Text \"EIN LIED MIT GESCHICHTE\" \u00fcber einer kleinen Kapelle in einer Schneelandschaft. (vergr\u00f6\u00dferte Ansicht)' srcset=\"https:\/\/www.salzburgerland.com\/de\/wp-content\/uploads\/2021\/09\/stillenacht-ein-lied-mit-geschichte.jpg 500w, https:\/\/www.salzburgerland.com\/de\/wp-content\/uploads\/2021\/09\/stillenacht-ein-lied-mit-geschichte-270x270.jpg 270w, https:\/\/www.salzburgerland.com\/de\/wp-content\/uploads\/2021\/09\/stillenacht-ein-lied-mit-geschichte-50x50.jpg 50w, https:\/\/www.salzburgerland.com\/de\/wp-content\/uploads\/2021\/09\/stillenacht-ein-lied-mit-geschichte-96x96.jpg 96w, https:\/\/www.salzburgerland.com\/de\/wp-content\/uploads\/2021\/09\/stillenacht-ein-lied-mit-geschichte-150x150.jpg 150w\" sizes=\"(max-width: 500px) 100vw, 500px\" itemprop=\"thumbnail\"><\/a><\/div>\n\t\t\t\t\t<\/li>\n\t\t\t\t\t<li class=\"gallery-item col-3\" itemprop=\"associatedMedia\" itemscope itemtype=\"http:\/\/schema.org\/ImageObject\">\n\t\t\t\t\t\t<div class=\"gallery-icon landscape\"><a href=\"https:\/\/www.salzburgerland.com\/de\/wp-content\/uploads\/2021\/11\/logo_stille_nacht-e1636964173500.png\" title=\"Logo_Stille_Nacht\"><img decoding=\"async\" data-title=\"Logo Stille Nacht\" title=\"Logo Stille Nacht\" data-caption=\"Logo Stille Nacht\" width=\"354\" height=\"354\" src=\"https:\/\/www.salzburgerland.com\/de\/wp-content\/uploads\/2021\/11\/logo_stille_nacht-e1636964173500.png\" class=\"attachment-1170_658 size-1170_658\" alt=\"Logo Stille Nacht (vergr\u00f6\u00dferte Ansicht)\" aria-describedby=\"figcaption-616999-631164\" itemprop=\"thumbnail\"><\/a><\/div>\n\t\t\t\t\t\t<span id=\"figcaption-616999-631164\" class=\"gallery-caption\" itemprop=\"caption\"><span aria-hidden=\"true\">Logo Stille Nacht<\/span><\/span>\n\t\t\t\t\t<\/li>\n\t\t\t\t\t<li class=\"gallery-item col-3\" itemprop=\"associatedMedia\" itemscope itemtype=\"http:\/\/schema.org\/ImageObject\">\n\t\t\t\t\t\t<div class=\"gallery-icon landscape\"><a href=\"https:\/\/www.salzburgerland.com\/de\/wp-content\/uploads\/2021\/09\/stillenacht-ein-lied-mit-geschichte-autor.jpg\" title=\"StilleNacht-ein-lied-mit-geschichte-autor\"><img decoding=\"async\" data-title=\"\" title=\"\" data-caption=\"\" width=\"500\" height=\"500\" src=\"https:\/\/www.salzburgerland.com\/de\/wp-content\/uploads\/2021\/09\/stillenacht-ein-lied-mit-geschichte-autor.jpg\" class=\"attachment-1170_658 size-1170_658\" alt=\"Eine l\u00e4chelnde Person mit Brille h\u00e4lt im Freien ein Buch mit dem Titel Stille Nacht und tr\u00e4gt einen gemusterten Schal. (vergr\u00f6\u00dferte Ansicht)\" srcset=\"https:\/\/www.salzburgerland.com\/de\/wp-content\/uploads\/2021\/09\/stillenacht-ein-lied-mit-geschichte-autor.jpg 500w, https:\/\/www.salzburgerland.com\/de\/wp-content\/uploads\/2021\/09\/stillenacht-ein-lied-mit-geschichte-autor-270x270.jpg 270w, https:\/\/www.salzburgerland.com\/de\/wp-content\/uploads\/2021\/09\/stillenacht-ein-lied-mit-geschichte-autor-50x50.jpg 50w, https:\/\/www.salzburgerland.com\/de\/wp-content\/uploads\/2021\/09\/stillenacht-ein-lied-mit-geschichte-autor-96x96.jpg 96w, https:\/\/www.salzburgerland.com\/de\/wp-content\/uploads\/2021\/09\/stillenacht-ein-lied-mit-geschichte-autor-150x150.jpg 150w\" sizes=\"(max-width: 500px) 100vw, 500px\" itemprop=\"thumbnail\"><\/a><\/div>\n\t\t\t\t\t<\/li>\n\t\t\t\t<\/ul>\n\t\t\t<\/div><!-- .gallery -->\n\n<h2>Stille Nacht \u2013 Das Buch zum Lied<\/h2>\n<p><strong>von Thomas Hochradner und Michael Neureiter<\/strong><\/p>\n<p>Von Oberndorf in die Welt. Es ist wie im M\u00e4rchen: Ein Weihnachtslied wird vom spontanen Einfall zweier Freunde zum erdkreisumspannenden Sinnbild des Friedens. Gedichtet und komponiert in Zeiten der Bedr\u00e4ngnis, in die Ferne verbreitet durch gl\u00fcckliche Umst\u00e4nde, l\u00e4ngst weitum bekannt und beliebt \u2026<\/p>\n<p>Namhafte Autorinnen und Autoren bieten Fakten, Hintergr\u00fcnde und Interpretationen zu Stille Nacht und geben Einblick in seine nahezu zuf\u00e4llige Entstehung w\u00e4hrend eines tiefgreifenden gesellschaftlichen Umbruchs. Dieses Buch zeichnet den ungeahnten, von \u00fcberraschenden Wendungen begleiteten Erfolgsweg des Liedes nach und erschlie\u00dft die Bedeutung seiner Botschaft f\u00fcr die heutige Zeit. Stille Nacht ist durch seine Strahlkraft zum vielsprachigsten Weihnachtslied geworden. Zuweilen politisch und kommerziell heftig instrumentalisiert, geriet es zugleich zum Impuls vielf\u00e4ltiger k\u00fcnstlerischer Kreativit\u00e4t. Das Salzburger Land bildet den Ursprung dieses Geschehens. Hier wurde mit Stille Nacht ein Lied geschaffen, das wie kein zweites zu Herzen geht, religi\u00f6se Bindungen spiegelt, nostalgische Gef\u00fchle freisetzt und famili\u00e4re Erinnerungen wachzurufen vermag. 1818 ist es erstmals erklungen.<\/p>\n<p>Am Stille-Nacht-Platz in Oberndorf \u00fcberreichte das Herausgeberteam das neue Buch in beiden Versionen an Landeshauptmann Wilfried Haslauer. Dieser meinte: <em>\u201eIn der F\u00fclle der Publikationen rund um \u201aStille Nacht\u2018 ragt dieses Buch heraus: Es ist ein Solit\u00e4r aufgrund der Fachkenntnisse der Beteiligten.\u201c<\/em><\/p>\n<p>Das neue Buch der Stille Nacht Gesellschaft entstand gemeinsam mit dem Salzburg Museum und ist auch das Begleitbuch zu dessen Ausstellung \u201eStille Nacht 200. Geschichte. Botschaft. Gegenwart\u201c im Rahmen der Landesausstellung. Der Direktor des Salzburg Museum, Martin Hochleitner, hob bei der Pr\u00e4sentation das Zusammenwirken hervor: <em>\u201eDas Projekt \u201a200 Jahre Stille Nacht\u2018 ist insgesamt stark gepr\u00e4gt von der guten Kooperation aller Beteiligten!\u201c<\/em><\/p>\n<p>Das Buch ist <a href=\"https:\/\/www.pustet.at\/content.php?id=33&amp;art_id=504\" target=\"_blank\" rel=\"noopener noreferrer\">hier<\/a> sowie in gut sortierten Buchabteilung erh\u00e4ltlich.<\/p>\n\n\t\t\t<div id=\"616999-3\" class=\"gallery gallery-616999 gallery-columns-3 gallery-size-1170_658\" itemscope itemtype=\"http:\/\/schema.org\/ImageGallery\">\n\t\t\t\t<ul class=\"gallery-row gallery-col-3 gallery-clear\">\n\t\t\t\t\t<li class=\"gallery-item col-3\" itemprop=\"associatedMedia\" itemscope itemtype=\"http:\/\/schema.org\/ImageObject\">\n\t\t\t\t\t\t<div class=\"gallery-icon landscape\"><a href=\"https:\/\/www.salzburgerland.com\/de\/wp-content\/uploads\/2021\/09\/stille-nacht-das-buch-zum-lead-praesentation.jpg\" title=\"stille-nacht-das-buch-zum-lead-pr\u00e4sentation\"><img decoding=\"async\" data-title=\"\" title=\"\" data-caption=\"\" width=\"500\" height=\"500\" src=\"https:\/\/www.salzburgerland.com\/de\/wp-content\/uploads\/2021\/09\/stille-nacht-das-buch-zum-lead-praesentation.jpg\" class=\"attachment-1170_658 size-1170_658\" alt=\"F\u00fcnf M\u00e4nner in Anz\u00fcgen stehen im Freien und halten B\u00fccher in der Hand, im Hintergrund sind eine Kirche und B\u00e4ume zu sehen. (vergr\u00f6\u00dferte Ansicht)\" srcset=\"https:\/\/www.salzburgerland.com\/de\/wp-content\/uploads\/2021\/09\/stille-nacht-das-buch-zum-lead-praesentation.jpg 500w, https:\/\/www.salzburgerland.com\/de\/wp-content\/uploads\/2021\/09\/stille-nacht-das-buch-zum-lead-praesentation-270x270.jpg 270w, https:\/\/www.salzburgerland.com\/de\/wp-content\/uploads\/2021\/09\/stille-nacht-das-buch-zum-lead-praesentation-50x50.jpg 50w, https:\/\/www.salzburgerland.com\/de\/wp-content\/uploads\/2021\/09\/stille-nacht-das-buch-zum-lead-praesentation-96x96.jpg 96w, https:\/\/www.salzburgerland.com\/de\/wp-content\/uploads\/2021\/09\/stille-nacht-das-buch-zum-lead-praesentation-150x150.jpg 150w\" sizes=\"(max-width: 500px) 100vw, 500px\" itemprop=\"thumbnail\"><\/a><\/div>\n\t\t\t\t\t<\/li>\n\t\t\t\t\t<li class=\"gallery-item col-3\" itemprop=\"associatedMedia\" itemscope itemtype=\"http:\/\/schema.org\/ImageObject\">\n\t\t\t\t\t\t<div class=\"gallery-icon landscape\"><a href=\"https:\/\/www.salzburgerland.com\/de\/wp-content\/uploads\/2021\/09\/stille-nacht-das-buch-zum-lead-cover.jpg\" title=\"stille-nacht-das-buch-zum-lead-cover\"><img decoding=\"async\" data-title=\"\" title=\"\" data-caption=\"\" width=\"500\" height=\"500\" src=\"https:\/\/www.salzburgerland.com\/de\/wp-content\/uploads\/2021\/09\/stille-nacht-das-buch-zum-lead-cover.jpg\" class=\"attachment-1170_658 size-1170_658\" alt=\"Gr\u00fcne Schallwellen \u00fcber rosa Text Stille Nacht und gr\u00fcnem Text Das Buch zum Lied auf wei\u00dfem Hintergrund. (vergr\u00f6\u00dferte Ansicht)\" srcset=\"https:\/\/www.salzburgerland.com\/de\/wp-content\/uploads\/2021\/09\/stille-nacht-das-buch-zum-lead-cover.jpg 500w, https:\/\/www.salzburgerland.com\/de\/wp-content\/uploads\/2021\/09\/stille-nacht-das-buch-zum-lead-cover-270x270.jpg 270w, https:\/\/www.salzburgerland.com\/de\/wp-content\/uploads\/2021\/09\/stille-nacht-das-buch-zum-lead-cover-50x50.jpg 50w, https:\/\/www.salzburgerland.com\/de\/wp-content\/uploads\/2021\/09\/stille-nacht-das-buch-zum-lead-cover-96x96.jpg 96w, https:\/\/www.salzburgerland.com\/de\/wp-content\/uploads\/2021\/09\/stille-nacht-das-buch-zum-lead-cover-150x150.jpg 150w\" sizes=\"(max-width: 500px) 100vw, 500px\" itemprop=\"thumbnail\"><\/a><\/div>\n\t\t\t\t\t<\/li>\n\t\t\t\t\t<li class=\"gallery-item col-3\" itemprop=\"associatedMedia\" itemscope itemtype=\"http:\/\/schema.org\/ImageObject\">\n\t\t\t\t\t\t<div class=\"gallery-icon landscape\"><a href=\"https:\/\/www.salzburgerland.com\/de\/wp-content\/uploads\/2021\/09\/stille-nacht-das-buch-zum-lead-lh.jpg\" title=\"stille-nacht-das-buch-zum-lead-LH\"><img decoding=\"async\" data-title=\"\" title=\"\" data-caption=\"\" width=\"500\" height=\"500\" src=\"https:\/\/www.salzburgerland.com\/de\/wp-content\/uploads\/2021\/09\/stille-nacht-das-buch-zum-lead-lh.jpg\" class=\"attachment-1170_658 size-1170_658\" alt=\"Drei M\u00e4nner in Anz\u00fcgen stehen l\u00e4chelnd und mit B\u00fcchern in der Hand im Freien in der N\u00e4he eines pfirsichfarbenen Geb\u00e4udes. (vergr\u00f6\u00dferte Ansicht)\" srcset=\"https:\/\/www.salzburgerland.com\/de\/wp-content\/uploads\/2021\/09\/stille-nacht-das-buch-zum-lead-lh.jpg 500w, https:\/\/www.salzburgerland.com\/de\/wp-content\/uploads\/2021\/09\/stille-nacht-das-buch-zum-lead-lh-270x270.jpg 270w, https:\/\/www.salzburgerland.com\/de\/wp-content\/uploads\/2021\/09\/stille-nacht-das-buch-zum-lead-lh-50x50.jpg 50w, https:\/\/www.salzburgerland.com\/de\/wp-content\/uploads\/2021\/09\/stille-nacht-das-buch-zum-lead-lh-96x96.jpg 96w, https:\/\/www.salzburgerland.com\/de\/wp-content\/uploads\/2021\/09\/stille-nacht-das-buch-zum-lead-lh-150x150.jpg 150w\" sizes=\"(max-width: 500px) 100vw, 500px\" itemprop=\"thumbnail\"><\/a><\/div>\n\t\t\t\t\t<\/li>\n\t\t\t\t<\/ul>\n\t\t\t<\/div><!-- .gallery -->\n\n<h2>1.000 Kilometer Stille Nacht<\/h2>\n<p><strong> von Werner K\u00f6nig und Marlene Shirley<\/strong><\/p>\n<p>Es gibt viele Gr\u00fcnde das SalzburgerLand n\u00e4her kennen zu lernen, einer davon ist die Geschichte um das Lied \u201eStille Nacht! Heilige Nacht!\u201c.<br>\nDie beiden Autoren Marlene Shirley und Werner K\u00f6nig begaben sich auf die Spurensuche nach der Geschichte dieses Liedes, des Landes und des Reizes der Landschaft in der es 1816 bzw. 1818 entstanden ist. W\u00e4hrend ihrer Recherchen entdeckten sie viel Interessantes und Sehenswertes und der Reisef\u00fchrer z\u00e4hlt sicher zu einem hervorragenden Ratgeber f\u00fcr einen erlebnisreichen Ausflug im SalzburgerLand.<\/p>\n<p>Das Buch ist unter <a href=\"http:\/\/www.festungsverlag-salzburg.at\" target=\"_blank\" rel=\"noopener noreferrer\">www.festungsverlag-salzburg.at<\/a>, in ausgew\u00e4hlten Museen, sowie in gut sortierten Buchabteilung erh\u00e4ltlich.<\/p>\n\n\t\t\t<div id=\"616999-4\" class=\"gallery gallery-616999 gallery-columns-3 gallery-size-1170_658\" itemscope itemtype=\"http:\/\/schema.org\/ImageGallery\">\n\t\t\t\t<ul class=\"gallery-row gallery-col-3 gallery-clear\">\n\t\t\t\t\t<li class=\"gallery-item col-3\" itemprop=\"associatedMedia\" itemscope itemtype=\"http:\/\/schema.org\/ImageObject\">\n\t\t\t\t\t\t<div class=\"gallery-icon landscape\"><a href=\"https:\/\/www.salzburgerland.com\/de\/wp-content\/uploads\/2016\/11\/saalfelden-leogang-winter-winterwandern-c-artisual-1920x1067.jpg\" title=\"saalfelden leogang-winter-Winterwandern (c) Artisual\"><img decoding=\"async\" data-title=\"\u00a9 Artisual.at - Winterwandern in Saalfelden Leogang\" title=\"\u00a9 Artisual.at - Winterwandern in Saalfelden Leogang\" data-caption=\"\u00a9 Artisual.at - Winterwandern in Saalfelden Leogang\" width=\"1170\" height=\"658\" src=\"https:\/\/www.salzburgerland.com\/de\/wp-content\/uploads\/2016\/11\/saalfelden-leogang-winter-winterwandern-c-artisual-1170x658.jpg\" class=\"attachment-1170_658 size-1170_658\" alt=\"Winterwandern in Saalfelden Leogang. (vergr\u00f6\u00dferte Ansicht)\" aria-describedby=\"figcaption-616999-84248\" itemprop=\"thumbnail\"><\/a><\/div>\n\t\t\t\t\t\t<span id=\"figcaption-616999-84248\" class=\"gallery-caption\" itemprop=\"caption\"><span aria-hidden=\"true\">\u00a9 Artisual.at \u2013 Winterwandern in Saalfelden Leogang<\/span><\/span>\n\t\t\t\t\t<\/li>\n\t\t\t\t\t<li class=\"gallery-item col-3\" itemprop=\"associatedMedia\" itemscope itemtype=\"http:\/\/schema.org\/ImageObject\">\n\t\t\t\t\t\t<div class=\"gallery-icon portrait\"><a href=\"https:\/\/www.salzburgerland.com\/de\/wp-content\/uploads\/2021\/09\/stille-nacht-1000-kilometer.jpg\" title=\"stille-nacht-1000-Kilometer\"><img decoding=\"async\" data-title=\"\" title=\"\" data-caption=\"\" width=\"576\" height=\"658\" src=\"https:\/\/www.salzburgerland.com\/de\/wp-content\/uploads\/2021\/09\/stille-nacht-1000-kilometer-576x658.jpg\" class=\"attachment-1170_658 size-1170_658\" alt=\"Buchdeckel mit dem Text 1.000 Kilometer Stille Nacht und den Autoren Werner K\u00f6nig, Marlene Shirley. (vergr\u00f6\u00dferte Ansicht)\" itemprop=\"thumbnail\"><\/a><\/div>\n\t\t\t\t\t<\/li>\n\t\t\t\t\t<li class=\"gallery-item col-3\" itemprop=\"associatedMedia\" itemscope itemtype=\"http:\/\/schema.org\/ImageObject\">\n\t\t\t\t\t\t<div class=\"gallery-icon landscape\"><a href=\"https:\/\/www.salzburgerland.com\/de\/wp-content\/uploads\/2021\/09\/stille-nacht-mariapfarrscharglerkeusche-stranach.jpg\" title=\"stille-nacht-mariapfarrScharglerkeusche Stranach\"><img decoding=\"async\" data-title=\"(c) SalzburgerLand Tourismus, Scharglerkeusche Stranach \u2013 Mariapfarr\" title=\"(c) SalzburgerLand Tourismus, Scharglerkeusche Stranach \u2013 Mariapfarr\" data-caption=\"(c) SalzburgerLand Tourismus, Scharglerkeusche Stranach \u2013 Mariapfarr\" width=\"1100\" height=\"658\" src=\"https:\/\/www.salzburgerland.com\/de\/wp-content\/uploads\/2021\/09\/stille-nacht-mariapfarrscharglerkeusche-stranach-1100x658.jpg\" class=\"attachment-1170_658 size-1170_658\" alt=\"Ein verschneites Bauernhaus erstrahlt in der Abendd\u00e4mmerung in warmem Licht, umgeben von B\u00e4umen und Bergen. (vergr\u00f6\u00dferte Ansicht)\" aria-describedby=\"figcaption-616999-617415\" itemprop=\"thumbnail\"><\/a><\/div>\n\t\t\t\t\t\t<span id=\"figcaption-616999-617415\" class=\"gallery-caption\" itemprop=\"caption\"><span aria-hidden=\"true\">(c) SalzburgerLand Tourismus, Scharglerkeusche Stranach \u2013 Mariapfarr<\/span><\/span>\n\t\t\t\t\t<\/li>\n\t\t\t\t<\/ul>\n\t\t\t<\/div><!-- .gallery -->\n\n<h2>Stille Nacht und das Geheimnis der Zauberfl\u00f6te<\/h2>\n<p><strong> von Reinhard Schwabenitzky<\/strong><\/p>\n<p>Vor 200 Jahren am 24. Dezember 1818 erklang zum ersten Mal das ber\u00fchmteste Weihnachtslied der Welt. Und vor 200 Jahren l\u00e4sst der bekannte Regisseur Reinhard Schwabenitzky den Gro\u00dfteil seines neuen Romans spielen, der n\u00e4chstes Jahr auch als Film vorliegen soll: Mit Hilfe einer geheimisvollen Fl\u00f6te verschl\u00e4gt es den 12-j\u00e4hrigen Lucas ins Oberndorf von Lehrer Franz Xaver Gruber und Pfarrer Josef Mohr \u2013 auf der Suche nach der Originalfassung von \u201eStille Nacht\u201c \u2026<\/p>\n<p>Der mysteri\u00f6se Musikladenbesitzer Alachim und ein fieser Fastfoodkettenk\u00f6nig, der Hund Napoleon und eine Fee namens Dreizehn, ein angeblich gestohlenes Pferd und eine verbotene Liebe machen diese fantastische Jagd nach einem alten Lied zu einer spannenden Geschichte f\u00fcr die ganze Familie.<\/p>\n<p>Das Buch ist direkt bei Verlag <a href=\"https:\/\/www.tyroliaverlag.at\/list?isbn=978-3-7022-3707-3,978-3-7022-3708-0&amp;utm_source=Refferer&amp;utm_medium=LInk&amp;utm_campaign=2018-10_www.stillenacht.com\" target=\"_blank\" rel=\"noopener noreferrer\">hier im Online-Shop<\/a> erh\u00e4ltlich.<\/p>\n\n\t\t\t<div id=\"616999-5\" class=\"gallery gallery-616999 gallery-columns-3 gallery-size-1170_658\" itemscope itemtype=\"http:\/\/schema.org\/ImageGallery\">\n\t\t\t\t<ul class=\"gallery-row gallery-col-3 gallery-clear\">\n\t\t\t\t\t<li class=\"gallery-item col-3\" itemprop=\"associatedMedia\" itemscope itemtype=\"http:\/\/schema.org\/ImageObject\">\n\t\t\t\t\t\t<div class=\"gallery-icon landscape\"><a href=\"https:\/\/www.salzburgerland.com\/de\/wp-content\/uploads\/2021\/09\/stille-nacht-weihnachten-musizieren.jpg\" title=\"Stille-Nacht-weihnachten-musizieren\"><img decoding=\"async\" data-title='\"Stille Nacht! Heilige Nacht!\" - Komm sing mit' title='\"Stille Nacht! Heilige Nacht!\" - Komm sing mit' data-caption='\"Stille Nacht! Heilige Nacht!\" - Komm sing mit' width=\"1170\" height=\"658\" src=\"https:\/\/www.salzburgerland.com\/de\/wp-content\/uploads\/2021\/09\/stille-nacht-weihnachten-musizieren-1170x658.jpg\" class=\"attachment-1170_658 size-1170_658\" alt=\"Junges M\u00e4dchen, das bei Kerzenlicht Blockfl\u00f6te spielt, ein Kleid tr\u00e4gt und konzentriert schaut. (vergr\u00f6\u00dferte Ansicht)\" srcset=\"https:\/\/www.salzburgerland.com\/de\/wp-content\/uploads\/2021\/09\/stille-nacht-weihnachten-musizieren-1170x658.jpg 1170w, https:\/\/www.salzburgerland.com\/de\/wp-content\/uploads\/2021\/09\/stille-nacht-weihnachten-musizieren-1200x675.jpg 1200w\" sizes=\"(max-width: 1170px) 100vw, 1170px\" aria-describedby=\"figcaption-616999-615691\" itemprop=\"thumbnail\"><\/a><\/div>\n\t\t\t\t\t\t<span id=\"figcaption-616999-615691\" class=\"gallery-caption\" itemprop=\"caption\"><span aria-hidden=\"true\">\u201eStille Nacht! Heilige Nacht!\u201c \u2013 Komm sing mit<\/span><\/span>\n\t\t\t\t\t<\/li>\n\t\t\t\t\t<li class=\"gallery-item col-3\" itemprop=\"associatedMedia\" itemscope itemtype=\"http:\/\/schema.org\/ImageObject\">\n\t\t\t\t\t\t<div class=\"gallery-icon landscape\"><a href=\"https:\/\/www.salzburgerland.com\/de\/wp-content\/uploads\/2021\/09\/stillenacht_zauberfloete-e1632903911690.jpg\" title=\"StilleNacht_Zauberfl\u00f6te\"><img decoding=\"async\" data-title=\"Stille Nacht und das Geheimnis der Zauberfl\u00f6te von Reinhard Schwabenitzky\" title=\"Stille Nacht und das Geheimnis der Zauberfl\u00f6te von Reinhard Schwabenitzky\" data-caption=\"Stille Nacht und das Geheimnis der Zauberfl\u00f6te von Reinhard Schwabenitzky\" width=\"680\" height=\"658\" src=\"https:\/\/www.salzburgerland.com\/de\/wp-content\/uploads\/2021\/09\/stillenacht_zauberfloete-e1632903911690-680x658.jpg\" class=\"attachment-1170_658 size-1170_658\" alt='Sternenhimmel und ein heiteres Frauengesicht mit dem Text: \"Stille Nacht und das Geheimnis der Zauberfl\u00f6te.\". (vergr\u00f6\u00dferte Ansicht)' aria-describedby=\"figcaption-616999-617352\" itemprop=\"thumbnail\"><\/a><\/div>\n\t\t\t\t\t\t<span id=\"figcaption-616999-617352\" class=\"gallery-caption\" itemprop=\"caption\"><span aria-hidden=\"true\">Stille Nacht und das Geheimnis der Zauberfl\u00f6te von Reinhard Schwabenitzky<\/span><\/span>\n\t\t\t\t\t<\/li>\n\t\t\t\t\t<li class=\"gallery-item col-3\" itemprop=\"associatedMedia\" itemscope itemtype=\"http:\/\/schema.org\/ImageObject\">\n\t\t\t\t\t\t<div class=\"gallery-icon landscape\"><a href=\"https:\/\/www.salzburgerland.com\/de\/wp-content\/uploads\/2021\/09\/stille-nacht-weihnachten.jpg\" title=\"Stille-Nacht-weihnachten\"><img decoding=\"async\" data-title=\"Singen zur Adventzeit unter dem Christbaum\" title=\"Singen zur Adventzeit unter dem Christbaum\" data-caption=\"Singen zur Adventzeit unter dem Christbaum\" width=\"1170\" height=\"658\" src=\"https:\/\/www.salzburgerland.com\/de\/wp-content\/uploads\/2021\/09\/stille-nacht-weihnachten-1170x658.jpg\" class=\"attachment-1170_658 size-1170_658\" alt=\"Eine Familie genie\u00dft Weihnachten in einem gem\u00fctlich geschm\u00fcckten Wohnzimmer vor einem beleuchteten Baum und einem gr\u00fcnen Kachelofen. (vergr\u00f6\u00dferte Ansicht)\" srcset=\"https:\/\/www.salzburgerland.com\/de\/wp-content\/uploads\/2021\/09\/stille-nacht-weihnachten-1170x658.jpg 1170w, https:\/\/www.salzburgerland.com\/de\/wp-content\/uploads\/2021\/09\/stille-nacht-weihnachten-1200x675.jpg 1200w\" sizes=\"(max-width: 1170px) 100vw, 1170px\" aria-describedby=\"figcaption-616999-615699\" itemprop=\"thumbnail\"><\/a><\/div>\n\t\t\t\t\t\t<span id=\"figcaption-616999-615699\" class=\"gallery-caption\" itemprop=\"caption\"><span aria-hidden=\"true\">Singen zur Adventzeit unter dem Christbaum<\/span><\/span>\n\t\t\t\t\t<\/li>\n\t\t\t\t<\/ul>\n\t\t\t<\/div><!-- .gallery -->\n\n<h2>Das Stille Nacht Geheimnis<\/h2>\n<p><strong> von Manfred Baumann<\/strong><\/p>\n<p>Oberndorf bei Salzburg. Geburtsst\u00e4tte des weltber\u00fchmten Weihnachtsliedes \u00bbStille Nacht\u00ab. In einem Waldst\u00fcck wird der Portugiese Bernardo Pilar gefunden. Schwer verletzt, traumatisiert. Er ist einer von vielen Journalisten aus aller Welt, die zum Jubil\u00e4um \u00bb200 Jahre Stille Nacht\u00ab nach Salzburg gereist sind. Die Polizei glaubt an einen Unfall. Im Gegensatz zu Bernardos Mutter Stella. Ihr einziger Anhaltspunkt: eine r\u00e4tselhafte Botschaft des Schwerverletzten. Stella versucht, die Wahrheit herauszufinden. Und begibt sich dadurch in gro\u00dfe Gefahr.<\/p>\n<p>Lesen Sie <a href=\"https:\/\/www.gmeiner-verlag.de\/krimis\/titel\/1849-das-stille-nacht-geheimnis.html\" target=\"_blank\" rel=\"noopener noreferrer\">hier<\/a> mehr \u00fcber das Buch und den Autor Manfred Baumann.<\/p>\n\n\t\t\t<div id=\"616999-6\" class=\"gallery gallery-616999 gallery-columns-3 gallery-size-1170_658\" itemscope itemtype=\"http:\/\/schema.org\/ImageGallery\">\n\t\t\t\t<ul class=\"gallery-row gallery-col-3 gallery-clear\">\n\t\t\t\t\t<li class=\"gallery-item col-3\" itemprop=\"associatedMedia\" itemscope itemtype=\"http:\/\/schema.org\/ImageObject\">\n\t\t\t\t\t\t<div class=\"gallery-icon landscape\"><a href=\"https:\/\/www.salzburgerland.com\/de\/wp-content\/uploads\/2021\/11\/rs1728_slt_stille_nacht_kapelle_set1_leer_klein-scr.jpg\" title=\"Stille Nacht Kapelle\"><img decoding=\"async\" data-title='\u00a9 SalzburgerLand Tourismus\";i:1;s:17:\"Helge Kirchberger\";i:2;s:20:\"Stille Nacht Kapelle\";}}i:1;s:58:\"Weihnachten Winter Schnee besinnlich Oberndorf Nacht Abend\";}' title='\u00a9 SalzburgerLand Tourismus\";i:1;s:17:\"Helge Kirchberger\";i:2;s:20:\"Stille Nacht Kapelle\";}}i:1;s:58:\"Weihnachten Winter Schnee besinnlich Oberndorf Nacht Abend\";}' data-caption='\u00a9 SalzburgerLand Tourismus\";i:1;s:17:\"Helge Kirchberger\";i:2;s:20:\"Stille Nacht Kapelle\";}}i:1;s:58:\"Weihnachten Winter Schnee besinnlich Oberndorf Nacht Abend\";}' width=\"1085\" height=\"658\" src=\"https:\/\/www.salzburgerland.com\/de\/wp-content\/uploads\/2021\/11\/rs1728_slt_stille_nacht_kapelle_set1_leer_klein-scr-1085x658.jpg\" class=\"attachment-1170_658 size-1170_658\" alt=\"Schneebedeckte Kapelle und beleuchteter Weihnachtsbaum in der Abendd\u00e4mmerung, mit tiefblauem Himmel im Hintergrund. (vergr\u00f6\u00dferte Ansicht)\" aria-describedby=\"figcaption-616999-629296\" itemprop=\"thumbnail\"><\/a><\/div>\n\t\t\t\t\t\t<span id=\"figcaption-616999-629296\" class=\"gallery-caption\" itemprop=\"caption\"><span aria-hidden=\"true\">\u00a9 SalzburgerLand Tourismus\u201c;i:1;s:17:\u201cHelge Kirchberger\u201c;i:2;s:20:\u201cStille Nacht Kapelle\u201c;}}i:1;s:58:\u201cWeihnachten Winter Schnee besinnlich Oberndorf Nacht Abend\u201c;}<\/span><\/span>\n\t\t\t\t\t<\/li>\n\t\t\t\t\t<li class=\"gallery-item col-3\" itemprop=\"associatedMedia\" itemscope itemtype=\"http:\/\/schema.org\/ImageObject\">\n\t\t\t\t\t\t<div class=\"gallery-icon portrait\"><a href=\"https:\/\/www.salzburgerland.com\/de\/wp-content\/uploads\/2021\/09\/das-stille-nacht-geheimnis.jpg\" title=\"Das-Stille-Nacht-Geheimnis\"><img decoding=\"async\" data-title=\"Das Stille Nacht Geheimnis von Manfred Baumann\" title=\"Das Stille Nacht Geheimnis von Manfred Baumann\" data-caption=\"Das Stille Nacht Geheimnis von Manfred Baumann\" width=\"614\" height=\"658\" src=\"https:\/\/www.salzburgerland.com\/de\/wp-content\/uploads\/2021\/09\/das-stille-nacht-geheimnis-614x658.jpg\" class=\"attachment-1170_658 size-1170_658\" alt=\"Eine verschneite Kapelle bei Nacht mit B\u00e4umen, Lichtern und dem Buchtitel Das Stille Nacht Geheimnis dar\u00fcber. (vergr\u00f6\u00dferte Ansicht)\" aria-describedby=\"figcaption-616999-617353\" itemprop=\"thumbnail\"><\/a><\/div>\n\t\t\t\t\t\t<span id=\"figcaption-616999-617353\" class=\"gallery-caption\" itemprop=\"caption\"><span aria-hidden=\"true\">Das Stille Nacht Geheimnis von Manfred Baumann<\/span><\/span>\n\t\t\t\t\t<\/li>\n\t\t\t\t\t<li class=\"gallery-item col-3\" itemprop=\"associatedMedia\" itemscope itemtype=\"http:\/\/schema.org\/ImageObject\">\n\t\t\t\t\t\t<div class=\"gallery-icon landscape\"><a href=\"https:\/\/www.salzburgerland.com\/de\/wp-content\/uploads\/2021\/09\/stille-nacht-oberndorf.jpg\" title=\"stille-nacht-oberndorf\"><img decoding=\"async\" data-title=\"(c) SalzburgerLand Tourismus, Stille-Nacht-Ort Oberndorf\" title=\"(c) SalzburgerLand Tourismus, Stille-Nacht-Ort Oberndorf\" data-caption=\"(c) SalzburgerLand Tourismus, Stille-Nacht-Ort Oberndorf\" width=\"1170\" height=\"658\" src=\"https:\/\/www.salzburgerland.com\/de\/wp-content\/uploads\/2021\/09\/stille-nacht-oberndorf-1170x658.jpg\" class=\"attachment-1170_658 size-1170_658\" alt=\"Stille-Nacht-Ort Oberndorf (vergr\u00f6\u00dferte Ansicht)\" srcset=\"https:\/\/www.salzburgerland.com\/de\/wp-content\/uploads\/2021\/09\/stille-nacht-oberndorf-1170x658.jpg 1170w, https:\/\/www.salzburgerland.com\/de\/wp-content\/uploads\/2021\/09\/stille-nacht-oberndorf-1200x675.jpg 1200w\" sizes=\"(max-width: 1170px) 100vw, 1170px\" aria-describedby=\"figcaption-616999-617396\" itemprop=\"thumbnail\"><\/a><\/div>\n\t\t\t\t\t\t<span id=\"figcaption-616999-617396\" class=\"gallery-caption\" itemprop=\"caption\"><span aria-hidden=\"true\">(c) SalzburgerLand Tourismus, Stille-Nacht-Ort Oberndorf<\/span><\/span>\n\t\t\t\t\t<\/li>\n\t\t\t\t<\/ul>\n\t\t\t<\/div><!-- .gallery -->\n\n<h2>Stille Nacht! Heilige Nacht! \u2013 Die Geschichte eines Liedes<\/h2>\n<p>von\u00a0Werner Thuswaldner<\/p>\n<p>\u201eStille Nacht! Heilige Nacht!\u201c erklang erstmals am Heiligen Abend 1818 und ist heute das bekannteste Weihnachtslied der Welt.<br>\nDas 1816 vom Hilfspfarrer Joseph Mohr geschriebene und 1818 vom Dorfschullehrer und Organisten Franz Xaver Gruber vertonte Weihnachtslied wurde in 300 Sprachen \u00fcbersetzt, wird auf allen Kontinenten dieser Erde gesungen und von den gro\u00dfen christlichen Kirchen geteilt. 2011 in den Rang des immateriellen Kulturerbes \u00d6sterreichs erhoben, war es nicht zuletzt auch ein gigantischer kommerzieller Erfolg. Zum 200-Jahr-Jubil\u00e4um erz\u00e4hlt der leidenschaftliche Kenner Werner Thuswaldner die Geschichte eines v\u00f6lkerverbindenden Welterfolgs: historische Hintergr\u00fcnde, unbekannte Details aus Musik- und Religionsgeschichte, aber auch viel Pers\u00f6nliches machen dieses Buch zu einer Fundgrube f\u00fcr alle, in denen \u201eStille Nacht! Heilige Nacht!\u201c bis heute die sch\u00f6nsten Weihnachtserinnerungen weckt.<\/p>\n<p>Werner Thuswaldner, geboren 1942 in K\u00e4rnten, Ausbildung zum Techniker, Studium der Germanistik und Geschichte in Salzburg, langj\u00e4hriger Leiter des Kulturressorts der \u201eSalzburger Nachrichten\u201c. Schriftstellerische Arbeiten f\u00fcr Theater und Radio; Sachb\u00fccher, Romane, Kinderb\u00fccher, 2002 die erste Ausgabe von \u201eStille Nacht! Heilige Nacht!\u201c, die der Autor aus Anlass des Jubil\u00e4ums \u00fcberarbeitet und um zahlreiche neue Erkenntnisse erweitert hat.<\/p>\n<p>Herausgegeben im Residenz Verlag mit zahlreichen Abbildungen (192 Seiten)<br>\nISBN: 9783701734542; in jedem Buchhandel erh\u00e4ltlich.<\/p>\n\n\t\t\t<div id=\"616999-7\" class=\"gallery gallery-616999 gallery-columns-3 gallery-size-1170_658\" itemscope itemtype=\"http:\/\/schema.org\/ImageGallery\">\n\t\t\t\t<ul class=\"gallery-row gallery-col-3 gallery-clear\">\n\t\t\t\t\t<li class=\"gallery-item col-3\" itemprop=\"associatedMedia\" itemscope itemtype=\"http:\/\/schema.org\/ImageObject\">\n\t\t\t\t\t\t<div class=\"gallery-icon landscape\"><a href=\"https:\/\/www.salzburgerland.com\/de\/wp-content\/uploads\/2021\/10\/rs3396__a2a2292-scr-2.jpg\" title=\"Mann mit Laterne\"><img decoding=\"async\" data-title=\"\u00a9 SalzburgerLand Tourismus, Michael Groessinger, Mann mit Laterne\" title=\"\u00a9 SalzburgerLand Tourismus, Michael Groessinger, Mann mit Laterne\" data-caption=\"\u00a9 SalzburgerLand Tourismus, Michael Groessinger, Mann mit Laterne\" width=\"1100\" height=\"658\" src=\"https:\/\/www.salzburgerland.com\/de\/wp-content\/uploads\/2021\/10\/rs3396__a2a2292-scr-2-1100x658.jpg\" class=\"attachment-1170_658 size-1170_658\" alt=\"Mann mit schwarzem Hut z\u00fcndet eine Kerze in einer Laterne neben einer rustikalen Holzwand in verschneiter Umgebung an. (vergr\u00f6\u00dferte Ansicht)\" aria-describedby=\"figcaption-616999-627206\" itemprop=\"thumbnail\"><\/a><\/div>\n\t\t\t\t\t\t<span id=\"figcaption-616999-627206\" class=\"gallery-caption\" itemprop=\"caption\"><span aria-hidden=\"true\">\u00a9 SalzburgerLand Tourismus, Michael Groessinger, Mann mit Laterne<\/span><\/span>\n\t\t\t\t\t<\/li>\n\t\t\t\t\t<li class=\"gallery-item col-3\" itemprop=\"associatedMedia\" itemscope itemtype=\"http:\/\/schema.org\/ImageObject\">\n\t\t\t\t\t\t<div class=\"gallery-icon portrait\"><a href=\"https:\/\/www.salzburgerland.com\/de\/wp-content\/uploads\/2021\/09\/stille-nacht-heilige-nacht-e1632904174224.jpg\" title=\"Stille-Nacht-Heilige-Nacht\"><img decoding=\"async\" data-title=\"\" title=\"\" data-caption=\"\" width=\"624\" height=\"658\" src=\"https:\/\/www.salzburgerland.com\/de\/wp-content\/uploads\/2021\/09\/stille-nacht-heilige-nacht-e1632904127930-624x658.jpg\" class=\"attachment-1170_658 size-1170_658\" alt=\"Buchumschlag mit dem Titel Stille Nacht! Heilige Nacht! \u00fcber einer verschneiten Kuppel und einer Kirche bei Nacht. (vergr\u00f6\u00dferte Ansicht)\" itemprop=\"thumbnail\"><\/a><\/div>\n\t\t\t\t\t<\/li>\n\t\t\t\t\t<li class=\"gallery-item col-3\" itemprop=\"associatedMedia\" itemscope itemtype=\"http:\/\/schema.org\/ImageObject\">\n\t\t\t\t\t\t<div class=\"gallery-icon landscape\"><a href=\"https:\/\/www.salzburgerland.com\/de\/wp-content\/uploads\/2017\/07\/rs1157_dsc_8770-1920x1067.jpg\" title=\"Kinder mit Friedenslicht\"><img decoding=\"async\" data-title='a:2:{i:0;a:2:{i:0;s:0:\"\";i:1;a:3:{i:0;s:28:\"(c) SalzburgerLand Tourismus\";i:1;s:12:\"Achim Meurer\";i:2;s:24:\"Kinder mit Friedenslicht\";}}i:1;s:134:\"Brauchtum,Friedenslicht,Kinder,Saalachtal,Salzburgerland,Tradition,Unken,Kerze,M\u00e4dchen,Bub,Junge,Geschwister,Freunde,Advent,Weihnacht\";}' title='a:2:{i:0;a:2:{i:0;s:0:\"\";i:1;a:3:{i:0;s:28:\"(c) SalzburgerLand Tourismus\";i:1;s:12:\"Achim Meurer\";i:2;s:24:\"Kinder mit Friedenslicht\";}}i:1;s:134:\"Brauchtum,Friedenslicht,Kinder,Saalachtal,Salzburgerland,Tradition,Unken,Kerze,M\u00e4dchen,Bub,Junge,Geschwister,Freunde,Advent,Weihnacht\";}' data-caption='a:2:{i:0;a:2:{i:0;s:0:\"\";i:1;a:3:{i:0;s:28:\"(c) SalzburgerLand Tourismus\";i:1;s:12:\"Achim Meurer\";i:2;s:24:\"Kinder mit Friedenslicht\";}}i:1;s:134:\"Brauchtum,Friedenslicht,Kinder,Saalachtal,Salzburgerland,Tradition,Unken,Kerze,M\u00e4dchen,Bub,Junge,Geschwister,Freunde,Advent,Weihnacht\";}' width=\"1170\" height=\"658\" src=\"https:\/\/www.salzburgerland.com\/de\/wp-content\/uploads\/2017\/07\/rs1157_dsc_8770-1170x658.jpg\" class=\"attachment-1170_658 size-1170_658\" alt=\"Zwei Kinder z\u00fcnden eine wei\u00dfe Kerze an einer gro\u00dfen roten Kerze an, l\u00e4cheln und beobachten die Flamme genau. (vergr\u00f6\u00dferte Ansicht)\" aria-describedby=\"figcaption-616999-164927\" itemprop=\"thumbnail\"><\/a><\/div>\n\t\t\t\t\t\t<span id=\"figcaption-616999-164927\" class=\"gallery-caption\" itemprop=\"caption\"><span aria-hidden=\"true\">a:2:{i:0;a:2:{i:0;s:0:\u201c\u201c;i:1;a:3:{i:0;s:28:\u201c(c) SalzburgerLand Tourismus\u201c;i:1;s:12:\u201cAchim Meurer\u201c;i:2;s:24:\u201cKinder mit Friedenslicht\u201c;}}i:1;s:134:\u201cBrauchtum,Friedenslicht,Kinder,Saalachtal,Salzburgerland,Tradition,Unken,Kerze,M\u00e4dchen,Bub,Junge,Geschwister,Freunde,Advent,Weihnacht\u201c;}<\/span><\/span>\n\t\t\t\t\t<\/li>\n\t\t\t\t<\/ul>\n\t\t\t<\/div><!-- .gallery -->\n\n<h2>In der STILLE einer NACHT \u2013 Historischer Roman<\/h2>\n<p><strong> von Hannes Pramstraller<\/strong><\/p>\n<p>Historischer Roman \u00fcber die Verbreitung des Weltvolksliedes \u201eStille Nacht! Heilige Nacht!\u201c, das heute in mehr als 300 Sprachen auf allen Kontinenten gesungen wird, und \u00fcber den authentischen Beitrag der Tiroler Wanderh\u00e4ndler und Gesangsgruppen, insbesondere der ergreifenden Geschichte der Familie Strasser aus Laimach im Zillertal, die das Lied 1831 in ihrer eigenen, dreistrophigen Fassung nach Leipzig trugen, von wo aus es als \u201e\u00c4chtes Tyroler Lied\u201c die Welt erobern sollte. Eingebettet ist die dramatische und zu Herzen gehende Zillertaler Familiengeschichte der armen, aber hochmusikalischen fahrenden Tiroler H\u00e4ndler in die schicksalshafte Entstehungsgeschichte des modernen Europas nach den Napoleonischen Kriegen, dem Tiroler Freiheitskampf, Wiener Kongress, jungen Deutschland, Vorm\u00e4rz und Biedermeier, der ersten drei Jahrzehnte des 19. Jahrhunderts.<\/p>\n<p><strong>Servus TV-Bergwelten Spezial<\/strong>: \u201eDramatisch, packend, tragisch und ergreifend \u2013 auch so l\u00e4sst sich die Geschichte rund um das weltber\u00fchmte Stille Nacht-Lied erz\u00e4hlen!\u201c<br>\nUnter der Regie von Kurt Reindl u. Hans-Peter Stauber und der hervorragenden Kameraf\u00fchrung von Ton\u00e8 Mathis verfilmt. Bereits vor Erscheinen des gebundenen Buches seit 2013 jeden Advent im gesamten deutschsprachigen Europa und in englischer Fassung mit gro\u00dfem Erfolg weltweit ausgestrahlt.<\/p>\n<p>Seit Oktober 2018 in zwei gebundenen Varianten erh\u00e4ltlich.<br>\nBestellung m\u00f6glich unter <a href=\"mailto:office@mice3.at\">office@mice3.at<\/a> oder telefonisch +43 664 2572556.<\/p>\n\n\t\t\t<div id=\"616999-8\" class=\"gallery gallery-616999 gallery-columns-3 gallery-size-1170_658\" itemscope itemtype=\"http:\/\/schema.org\/ImageGallery\">\n\t\t\t\t<ul class=\"gallery-row gallery-col-3 gallery-clear\">\n\t\t\t\t\t<li class=\"gallery-item col-3\" itemprop=\"associatedMedia\" itemscope itemtype=\"http:\/\/schema.org\/ImageObject\">\n\t\t\t\t\t\t<div class=\"gallery-icon landscape\"><a href=\"https:\/\/www.salzburgerland.com\/de\/wp-content\/uploads\/2016\/08\/Advent-Kind-vor-Weihnachtsbaum-1920x1067.jpg\" title=\"Strahlende Kinderaugen\"><img decoding=\"async\" data-title=\"\u00a9 SalzburgerLand Tourismus -geschm\u00fcckte Christb\u00e4ume auf den Christkindlm\u00e4rkten.\" title=\"\u00a9 SalzburgerLand Tourismus -geschm\u00fcckte Christb\u00e4ume auf den Christkindlm\u00e4rkten.\" data-caption=\"\u00a9 SalzburgerLand Tourismus -geschm\u00fcckte Christb\u00e4ume auf den Christkindlm\u00e4rkten.\" width=\"1170\" height=\"658\" src=\"https:\/\/www.salzburgerland.com\/de\/wp-content\/uploads\/2016\/08\/Advent-Kind-vor-Weihnachtsbaum-1170x658.jpg\" class=\"attachment-1170_658 size-1170_658\" alt=\"Lichterglanz am Christbaum sorgt f\u00fcr strahlende Kinderaugen. (vergr\u00f6\u00dferte Ansicht)\" srcset=\"https:\/\/www.salzburgerland.com\/de\/wp-content\/uploads\/2016\/08\/Advent-Kind-vor-Weihnachtsbaum-1170x658.jpg 1170w, https:\/\/www.salzburgerland.com\/de\/wp-content\/uploads\/2016\/08\/Advent-Kind-vor-Weihnachtsbaum-1200x675.jpg 1200w\" sizes=\"(max-width: 1170px) 100vw, 1170px\" aria-describedby=\"figcaption-616999-60506\" itemprop=\"thumbnail\"><\/a><\/div>\n\t\t\t\t\t\t<span id=\"figcaption-616999-60506\" class=\"gallery-caption\" itemprop=\"caption\"><span aria-hidden=\"true\">\u00a9 SalzburgerLand Tourismus -geschm\u00fcckte Christb\u00e4ume auf den Christkindlm\u00e4rkten.<\/span><\/span>\n\t\t\t\t\t<\/li>\n\t\t\t\t\t<li class=\"gallery-item col-3\" itemprop=\"associatedMedia\" itemscope itemtype=\"http:\/\/schema.org\/ImageObject\">\n\t\t\t\t\t\t<div class=\"gallery-icon landscape\"><a href=\"https:\/\/www.salzburgerland.com\/de\/wp-content\/uploads\/2021\/09\/stille-einer-nacht-snip.jpg\" title=\"STILLE-einer-NACHT-snip\"><img decoding=\"async\" data-title=\"In der Stille einer Nacht, von Hannes Pramstraller\" title=\"In der Stille einer Nacht, von Hannes Pramstraller\" data-caption=\"In der Stille einer Nacht, von Hannes Pramstraller\" width=\"654\" height=\"499\" src=\"https:\/\/www.salzburgerland.com\/de\/wp-content\/uploads\/2021\/09\/stille-einer-nacht-snip.jpg\" class=\"attachment-1170_658 size-1170_658\" alt=\"Holzt\u00fcr mit Nebel und deutschem Text: In der Stille einer Nacht. Historischer Roman Hannes Pramstraller. (vergr\u00f6\u00dferte Ansicht)\" srcset=\"https:\/\/www.salzburgerland.com\/de\/wp-content\/uploads\/2021\/09\/stille-einer-nacht-snip.jpg 654w, https:\/\/www.salzburgerland.com\/de\/wp-content\/uploads\/2021\/09\/stille-einer-nacht-snip-150x114.jpg 150w\" sizes=\"(max-width: 654px) 100vw, 654px\" aria-describedby=\"figcaption-616999-617432\" itemprop=\"thumbnail\"><\/a><\/div>\n\t\t\t\t\t\t<span id=\"figcaption-616999-617432\" class=\"gallery-caption\" itemprop=\"caption\"><span aria-hidden=\"true\">In der Stille einer Nacht, von Hannes Pramstraller<\/span><\/span>\n\t\t\t\t\t<\/li>\n\t\t\t\t\t<li class=\"gallery-item col-3\" itemprop=\"associatedMedia\" itemscope itemtype=\"http:\/\/schema.org\/ImageObject\">\n\t\t\t\t\t\t<div class=\"gallery-icon landscape\"><a href=\"https:\/\/www.salzburgerland.com\/de\/wp-content\/uploads\/2021\/10\/rs1136_dsc_8048-scr.jpg\" title=\"W\u00fcnsche an das Christkind\"><img decoding=\"async\" data-title=\"(c) SalzburgerLand Tourismus\" title=\"(c) SalzburgerLand Tourismus\" data-caption=\"(c) SalzburgerLand Tourismus\" width=\"1100\" height=\"658\" src=\"https:\/\/www.salzburgerland.com\/de\/wp-content\/uploads\/2021\/10\/rs1136_dsc_8048-scr-1100x658.jpg\" class=\"attachment-1170_658 size-1170_658\" alt=\"Ein Weihnachtsbaum mit handgeschriebenen Zetteln und Karten, die mit Schn\u00fcren an den Zweigen befestigt sind. (vergr\u00f6\u00dferte Ansicht)\" aria-describedby=\"figcaption-616999-627208\" itemprop=\"thumbnail\"><\/a><\/div>\n\t\t\t\t\t\t<span id=\"figcaption-616999-627208\" class=\"gallery-caption\" itemprop=\"caption\"><span aria-hidden=\"true\">(c) SalzburgerLand Tourismus<\/span><\/span>\n\t\t\t\t\t<\/li>\n\t\t\t\t<\/ul>\n\t\t\t<\/div><!-- .gallery -->\n\n","protected":false},"excerpt":{"rendered":"<p>Das kleine Buch \u201eStille Nacht! Heilige Nacht!\u201c von Franziska Lipp In ihrem im November 2017 erschienenen\u00a0Buch zeigt die Salzburger\u00a0Autorin Franziska Lipp die wichtigsten und sch\u00f6nsten Orte rund um das beliebteste\u00a0Weihnachtslied der Welt im\u00a0Salzburger Land, in\u00a0Ober\u00f6sterreich und\u00a0Tirol. Die\u00a0Autorin kennt das\u00a0Lied von Kindesbeinen an. \u201eStille Nacht! Heilige Nacht!\u201c, einst als Gedicht von Joseph Mohr verfasst und als [&hellip;]<\/p>\n","protected":false},"author":84,"featured_media":635434,"comment_status":"closed","ping_status":"closed","sticky":false,"template":"","format":"standard","meta":{"_acf_changed":false,"wl_entities_gutenberg":"","_relevanssi_hide_post":"","_relevanssi_hide_content":"","_relevanssi_pin_for_all":"","_relevanssi_pin_keywords":"","_relevanssi_unpin_keywords":"","_relevanssi_related_keywords":"","_relevanssi_related_include_ids":"","_relevanssi_related_exclude_ids":"","_relevanssi_related_no_append":"","_relevanssi_related_not_related":"","_relevanssi_related_posts":"","_relevanssi_noindex_reason":"","footnotes":""},"categories":[1],"tags":[],"wl_entity_type":[11495],"class_list":["post-616999","post","type-post","status-publish","format-standard","has-post-thumbnail","hentry","category-allgemein","wl_entity_type-article"],"acf":[],"yoast_head":"<!-- This site is optimized with the Yoast SEO Premium plugin v26.9 (Yoast SEO v26.9) - https:\/\/yoast.com\/product\/yoast-seo-premium-wordpress\/ -->\n<title>Ausgew\u00e4hlte B\u00fccher rund um Stille Nacht \u00bb SalzburgerLand.com<\/title>\n<meta name=\"robots\" content=\"index, follow, max-snippet:-1, max-image-preview:large, max-video-preview:-1\" \/>\n<link rel=\"canonical\" href=\"https:\/\/www.salzburgerland.com\/de\/wp-json\/wp\/v2\/posts\/616999\" \/>\n<meta property=\"og:locale\" content=\"de_DE\" \/>\n<meta property=\"og:type\" content=\"article\" \/>\n<meta property=\"og:title\" content=\"Ausgew\u00e4hlte B\u00fccher rund um Stille Nacht\" \/>\n<meta property=\"og:description\" content=\"B\u00fccher rund um das weltber\u00fchmte Weihnachtslied und Friedensbotschaft &quot;Stille Nacht! Heilige Nacht!&quot;\" \/>\n<meta property=\"og:url\" content=\"https:\/\/www.salzburgerland.com\/de\/wp-json\/wp\/v2\/posts\/616999\" \/>\n<meta property=\"og:site_name\" content=\"SalzburgerLand.com\" \/>\n<meta property=\"article:publisher\" content=\"https:\/\/www.facebook.com\/salzburgerland\/\" \/>\n<meta property=\"article:published_time\" content=\"2021-09-29T08:45:36+00:00\" \/>\n<meta property=\"article:modified_time\" content=\"2021-11-19T18:27:53+00:00\" \/>\n<meta property=\"og:image\" content=\"https:\/\/www.salzburgerland.com\/de\/wp-content\/uploads\/2021\/09\/das-kleine-buch-stille-nacht-heilige-nacht-von-franziska-lipp-1200x675.jpg\" \/>\n\t<meta property=\"og:image:width\" content=\"1200\" \/>\n\t<meta property=\"og:image:height\" content=\"675\" \/>\n\t<meta property=\"og:image:type\" content=\"image\/jpeg\" \/>\n<meta name=\"author\" content=\"Stefanie Gschwandtner\" \/>\n<meta name=\"twitter:card\" content=\"summary_large_image\" \/>\n<meta name=\"twitter:creator\" content=\"@szimmerebner\" \/>\n<meta name=\"twitter:site\" content=\"@Salzburgerland\" \/>\n<meta name=\"twitter:label1\" content=\"Verfasst von\" \/>\n\t<meta name=\"twitter:data1\" content=\"Stefanie Gschwandtner\" \/>\n\t<meta name=\"twitter:label2\" content=\"Gesch\u00e4tzte Lesezeit\" \/>\n\t<meta name=\"twitter:data2\" content=\"8\u00a0Minuten\" \/>\n<script type=\"application\/ld+json\" class=\"yoast-schema-graph\">{\"@context\":\"https:\/\/schema.org\",\"@graph\":[{\"@type\":\"WebPage\",\"@id\":\"https:\/\/www.salzburgerland.com\/de\/ausgewaehlte-buecher-rund-um-stille-nacht\/\",\"url\":\"https:\/\/www.salzburgerland.com\/de\/ausgewaehlte-buecher-rund-um-stille-nacht\/\",\"name\":\"Ausgew\u00e4hlte B\u00fccher rund um Stille Nacht \u00bb SalzburgerLand.com\",\"isPartOf\":{\"@id\":\"https:\/\/www.salzburgerland.com\/de\/#website\"},\"primaryImageOfPage\":{\"@id\":\"https:\/\/www.salzburgerland.com\/de\/ausgewaehlte-buecher-rund-um-stille-nacht\/#primaryimage\"},\"image\":{\"@id\":\"https:\/\/www.salzburgerland.com\/de\/ausgewaehlte-buecher-rund-um-stille-nacht\/#primaryimage\"},\"thumbnailUrl\":\"https:\/\/www.salzburgerland.com\/de\/wp-content\/uploads\/2021\/09\/das-kleine-buch-stille-nacht-heilige-nacht-von-franziska-lipp.jpg\",\"datePublished\":\"2021-09-29T08:45:36+00:00\",\"dateModified\":\"2021-11-19T18:27:53+00:00\",\"description\":\"B\u00fccher rund um das weltber\u00fchmte Weihnachtslied und Friedensbotschaft \\\"Stille Nacht! Heilige Nacht!\\\"\",\"breadcrumb\":{\"@id\":\"https:\/\/www.salzburgerland.com\/de\/ausgewaehlte-buecher-rund-um-stille-nacht\/#breadcrumb\"},\"inLanguage\":\"de\",\"potentialAction\":[{\"@type\":\"ReadAction\",\"target\":[\"https:\/\/www.salzburgerland.com\/de\/ausgewaehlte-buecher-rund-um-stille-nacht\/\"]}]},{\"@type\":\"ImageObject\",\"inLanguage\":\"de\",\"@id\":\"https:\/\/www.salzburgerland.com\/de\/ausgewaehlte-buecher-rund-um-stille-nacht\/#primaryimage\",\"url\":\"https:\/\/www.salzburgerland.com\/de\/wp-content\/uploads\/2021\/09\/das-kleine-buch-stille-nacht-heilige-nacht-von-franziska-lipp.jpg\",\"contentUrl\":\"https:\/\/www.salzburgerland.com\/de\/wp-content\/uploads\/2021\/09\/das-kleine-buch-stille-nacht-heilige-nacht-von-franziska-lipp.jpg\",\"width\":1492,\"height\":950,\"caption\":\"Das kleine Buch \u201eStille Nacht! Heilige Nacht!\u201c von Franziska Lipp\"},{\"@type\":\"BreadcrumbList\",\"@id\":\"https:\/\/www.salzburgerland.com\/de\/ausgewaehlte-buecher-rund-um-stille-nacht\/#breadcrumb\",\"itemListElement\":[{\"@type\":\"ListItem\",\"position\":1,\"name\":\"Stille Nacht! Heilige Nacht!\",\"item\":\"https:\/\/www.salzburgerland.com\/de\/stille-nacht\/\"},{\"@type\":\"ListItem\",\"position\":2,\"name\":\"Ausgew\u00e4hlte B\u00fccher rund um Stille Nacht\"}]},{\"@type\":\"WebSite\",\"@id\":\"https:\/\/www.salzburgerland.com\/de\/#website\",\"url\":\"https:\/\/www.salzburgerland.com\/de\/\",\"name\":\"SalzburgerLand.com\",\"description\":\"Ihr Urlaub in Salzburg, \u00d6sterreich\",\"publisher\":{\"@id\":\"https:\/\/www.salzburgerland.com\/de\/#organization\"},\"potentialAction\":[{\"@type\":\"SearchAction\",\"target\":{\"@type\":\"EntryPoint\",\"urlTemplate\":\"https:\/\/www.salzburgerland.com\/de\/?s={search_term_string}\"},\"query-input\":{\"@type\":\"PropertyValueSpecification\",\"valueRequired\":true,\"valueName\":\"search_term_string\"}}],\"inLanguage\":\"de\"},{\"@type\":\"Organization\",\"@id\":\"https:\/\/www.salzburgerland.com\/de\/#organization\",\"name\":\"SalzburgerLand Tourismus GmbH\",\"url\":\"https:\/\/www.salzburgerland.com\/de\/\",\"logo\":{\"@type\":\"ImageObject\",\"inLanguage\":\"de\",\"@id\":\"https:\/\/www.salzburgerland.com\/de\/#\/schema\/logo\/image\/\",\"url\":\"https:\/\/www.salzburgerland.com\/de\/wp-content\/uploads\/2017\/01\/salzburgerland-logo.jpg\",\"contentUrl\":\"https:\/\/www.salzburgerland.com\/de\/wp-content\/uploads\/2017\/01\/salzburgerland-logo.jpg\",\"width\":1920,\"height\":827,\"caption\":\"SalzburgerLand Tourismus GmbH\"},\"image\":{\"@id\":\"https:\/\/www.salzburgerland.com\/de\/#\/schema\/logo\/image\/\"},\"sameAs\":[\"https:\/\/www.facebook.com\/salzburgerland\/\",\"https:\/\/x.com\/Salzburgerland\",\"https:\/\/www.instagram.com\/salzburgerland\/\",\"http:\/\/dbpedia.org\/resource\/Salzburg_(state)\",\"http:\/\/wikidata.dbpedia.org\/resource\/Q43325\",\"http:\/\/open.salzburgerland.com\/de\/entity\/salzburgerland\",\"https:\/\/www.youtube.com\/user\/salzburgerland\"]},{\"@type\":\"Person\",\"@id\":\"https:\/\/www.salzburgerland.com\/de\/#\/schema\/person\/341c767951f29c944985e07f82521a7c\",\"name\":\"Stefanie Gschwandtner\",\"image\":{\"@type\":\"ImageObject\",\"inLanguage\":\"de\",\"@id\":\"https:\/\/www.salzburgerland.com\/de\/#\/schema\/person\/image\/\",\"url\":\"https:\/\/secure.gravatar.com\/avatar\/3e5487886577b8a9e70b9a637ff7fa5b16d2bb45b55f900a12f05abf6f50ca85?s=96&d=mm&r=g\",\"contentUrl\":\"https:\/\/secure.gravatar.com\/avatar\/3e5487886577b8a9e70b9a637ff7fa5b16d2bb45b55f900a12f05abf6f50ca85?s=96&d=mm&r=g\",\"caption\":\"Stefanie Gschwandtner\"},\"sameAs\":[\"https:\/\/x.com\/szimmerebner\"]}]}<\/script>\n<!-- \/ Yoast SEO Premium plugin. -->","yoast_head_json":{"title":"Ausgew\u00e4hlte B\u00fccher rund um Stille Nacht \u00bb SalzburgerLand.com","robots":{"index":"index","follow":"follow","max-snippet":"max-snippet:-1","max-image-preview":"max-image-preview:large","max-video-preview":"max-video-preview:-1"},"canonical":"https:\/\/www.salzburgerland.com\/de\/wp-json\/wp\/v2\/posts\/616999","og_locale":"de_DE","og_type":"article","og_title":"Ausgew\u00e4hlte B\u00fccher rund um Stille Nacht","og_description":"B\u00fccher rund um das weltber\u00fchmte Weihnachtslied und Friedensbotschaft \"Stille Nacht! Heilige Nacht!\"","og_url":"https:\/\/www.salzburgerland.com\/de\/wp-json\/wp\/v2\/posts\/616999","og_site_name":"SalzburgerLand.com","article_publisher":"https:\/\/www.facebook.com\/salzburgerland\/","article_published_time":"2021-09-29T08:45:36+00:00","article_modified_time":"2021-11-19T18:27:53+00:00","og_image":[{"width":1200,"height":675,"url":"https:\/\/www.salzburgerland.com\/de\/wp-content\/uploads\/2021\/09\/das-kleine-buch-stille-nacht-heilige-nacht-von-franziska-lipp-1200x675.jpg","type":"image\/jpeg"}],"author":"Stefanie Gschwandtner","twitter_card":"summary_large_image","twitter_creator":"@szimmerebner","twitter_site":"@Salzburgerland","twitter_misc":{"Verfasst von":"Stefanie Gschwandtner","Gesch\u00e4tzte Lesezeit":"8\u00a0Minuten"},"schema":{"@context":"https:\/\/schema.org","@graph":[{"@type":"WebPage","@id":"https:\/\/www.salzburgerland.com\/de\/ausgewaehlte-buecher-rund-um-stille-nacht\/","url":"https:\/\/www.salzburgerland.com\/de\/ausgewaehlte-buecher-rund-um-stille-nacht\/","name":"Ausgew\u00e4hlte B\u00fccher rund um Stille Nacht \u00bb SalzburgerLand.com","isPartOf":{"@id":"https:\/\/www.salzburgerland.com\/de\/#website"},"primaryImageOfPage":{"@id":"https:\/\/www.salzburgerland.com\/de\/ausgewaehlte-buecher-rund-um-stille-nacht\/#primaryimage"},"image":{"@id":"https:\/\/www.salzburgerland.com\/de\/ausgewaehlte-buecher-rund-um-stille-nacht\/#primaryimage"},"thumbnailUrl":"https:\/\/www.salzburgerland.com\/de\/wp-content\/uploads\/2021\/09\/das-kleine-buch-stille-nacht-heilige-nacht-von-franziska-lipp.jpg","datePublished":"2021-09-29T08:45:36+00:00","dateModified":"2021-11-19T18:27:53+00:00","description":"B\u00fccher rund um das weltber\u00fchmte Weihnachtslied und Friedensbotschaft \"Stille Nacht! Heilige Nacht!\"","breadcrumb":{"@id":"https:\/\/www.salzburgerland.com\/de\/ausgewaehlte-buecher-rund-um-stille-nacht\/#breadcrumb"},"inLanguage":"de","potentialAction":[{"@type":"ReadAction","target":["https:\/\/www.salzburgerland.com\/de\/ausgewaehlte-buecher-rund-um-stille-nacht\/"]}]},{"@type":"ImageObject","inLanguage":"de","@id":"https:\/\/www.salzburgerland.com\/de\/ausgewaehlte-buecher-rund-um-stille-nacht\/#primaryimage","url":"https:\/\/www.salzburgerland.com\/de\/wp-content\/uploads\/2021\/09\/das-kleine-buch-stille-nacht-heilige-nacht-von-franziska-lipp.jpg","contentUrl":"https:\/\/www.salzburgerland.com\/de\/wp-content\/uploads\/2021\/09\/das-kleine-buch-stille-nacht-heilige-nacht-von-franziska-lipp.jpg","width":1492,"height":950,"caption":"Das kleine Buch \u201eStille Nacht! Heilige Nacht!\u201c von Franziska Lipp"},{"@type":"BreadcrumbList","@id":"https:\/\/www.salzburgerland.com\/de\/ausgewaehlte-buecher-rund-um-stille-nacht\/#breadcrumb","itemListElement":[{"@type":"ListItem","position":1,"name":"Stille Nacht! Heilige Nacht!","item":"https:\/\/www.salzburgerland.com\/de\/stille-nacht\/"},{"@type":"ListItem","position":2,"name":"Ausgew\u00e4hlte B\u00fccher rund um Stille Nacht"}]},{"@type":"WebSite","@id":"https:\/\/www.salzburgerland.com\/de\/#website","url":"https:\/\/www.salzburgerland.com\/de\/","name":"SalzburgerLand.com","description":"Ihr Urlaub in Salzburg, \u00d6sterreich","publisher":{"@id":"https:\/\/www.salzburgerland.com\/de\/#organization"},"potentialAction":[{"@type":"SearchAction","target":{"@type":"EntryPoint","urlTemplate":"https:\/\/www.salzburgerland.com\/de\/?s={search_term_string}"},"query-input":{"@type":"PropertyValueSpecification","valueRequired":true,"valueName":"search_term_string"}}],"inLanguage":"de"},{"@type":"Organization","@id":"https:\/\/www.salzburgerland.com\/de\/#organization","name":"SalzburgerLand Tourismus GmbH","url":"https:\/\/www.salzburgerland.com\/de\/","logo":{"@type":"ImageObject","inLanguage":"de","@id":"https:\/\/www.salzburgerland.com\/de\/#\/schema\/logo\/image\/","url":"https:\/\/www.salzburgerland.com\/de\/wp-content\/uploads\/2017\/01\/salzburgerland-logo.jpg","contentUrl":"https:\/\/www.salzburgerland.com\/de\/wp-content\/uploads\/2017\/01\/salzburgerland-logo.jpg","width":1920,"height":827,"caption":"SalzburgerLand Tourismus GmbH"},"image":{"@id":"https:\/\/www.salzburgerland.com\/de\/#\/schema\/logo\/image\/"},"sameAs":["https:\/\/www.facebook.com\/salzburgerland\/","https:\/\/x.com\/Salzburgerland","https:\/\/www.instagram.com\/salzburgerland\/","http:\/\/dbpedia.org\/resource\/Salzburg_(state)","http:\/\/wikidata.dbpedia.org\/resource\/Q43325","http:\/\/open.salzburgerland.com\/de\/entity\/salzburgerland","https:\/\/www.youtube.com\/user\/salzburgerland"]},{"@type":"Person","@id":"https:\/\/www.salzburgerland.com\/de\/#\/schema\/person\/341c767951f29c944985e07f82521a7c","name":"Stefanie Gschwandtner","image":{"@type":"ImageObject","inLanguage":"de","@id":"https:\/\/www.salzburgerland.com\/de\/#\/schema\/person\/image\/","url":"https:\/\/secure.gravatar.com\/avatar\/3e5487886577b8a9e70b9a637ff7fa5b16d2bb45b55f900a12f05abf6f50ca85?s=96&d=mm&r=g","contentUrl":"https:\/\/secure.gravatar.com\/avatar\/3e5487886577b8a9e70b9a637ff7fa5b16d2bb45b55f900a12f05abf6f50ca85?s=96&d=mm&r=g","caption":"Stefanie Gschwandtner"},"sameAs":["https:\/\/x.com\/szimmerebner"]}]}},"_wl_alt_label":[],"wl:entity_url":"http:\/\/open.salzburgerland.com\/de\/post\/ausgewaehlte_buecher_rund_um_stille_nacht","_links":{"self":[{"href":"https:\/\/www.salzburgerland.com\/de\/wp-json\/wp\/v2\/posts\/616999","targetHints":{"allow":["GET"]}}],"collection":[{"href":"https:\/\/www.salzburgerland.com\/de\/wp-json\/wp\/v2\/posts"}],"about":[{"href":"https:\/\/www.salzburgerland.com\/de\/wp-json\/wp\/v2\/types\/post"}],"author":[{"embeddable":true,"href":"https:\/\/www.salzburgerland.com\/de\/wp-json\/wp\/v2\/users\/84"}],"replies":[{"embeddable":true,"href":"https:\/\/www.salzburgerland.com\/de\/wp-json\/wp\/v2\/comments?post=616999"}],"version-history":[{"count":5,"href":"https:\/\/www.salzburgerland.com\/de\/wp-json\/wp\/v2\/posts\/616999\/revisions"}],"predecessor-version":[{"id":635441,"href":"https:\/\/www.salzburgerland.com\/de\/wp-json\/wp\/v2\/posts\/616999\/revisions\/635441"}],"wp:featuredmedia":[{"embeddable":true,"href":"https:\/\/www.salzburgerland.com\/de\/wp-json\/wp\/v2\/media\/635434"}],"wp:attachment":[{"href":"https:\/\/www.salzburgerland.com\/de\/wp-json\/wp\/v2\/media?parent=616999"}],"wp:term":[{"taxonomy":"category","embeddable":true,"href":"https:\/\/www.salzburgerland.com\/de\/wp-json\/wp\/v2\/categories?post=616999"},{"taxonomy":"post_tag","embeddable":true,"href":"https:\/\/www.salzburgerland.com\/de\/wp-json\/wp\/v2\/tags?post=616999"},{"taxonomy":"wl_entity_type","embeddable":true,"href":"https:\/\/www.salzburgerland.com\/de\/wp-json\/wp\/v2\/wl_entity_type?post=616999"}],"curies":[{"name":"wp","href":"https:\/\/api.w.org\/{rel}","templated":true}]}}