{"id":616083,"date":"2021-09-24T11:08:19","date_gmt":"2021-09-24T09:08:19","guid":{"rendered":"https:\/\/www.salzburgerland.com\/de\/?p=616083"},"modified":"2022-04-06T13:23:21","modified_gmt":"2022-04-06T11:23:21","slug":"wagrain","status":"publish","type":"post","link":"https:\/\/www.salzburgerland.com\/de\/wagrain\/","title":{"rendered":"Wagrain"},"content":{"rendered":"<p><strong>Wagrain Einst<\/strong>: Das arme und entlegene Bergbauerndorf Wagrain im Pongau war der Schlusspunkt in der langen Reihe an Versetzungen, die Joseph Mohr im Laufe seines Lebens durchlief. Am 4. M\u00e4rz 1837 trat er den Dienst in Wagrain mit dessen 1.530 Einwohnern an. Doch aus gesundheitlichen Gr\u00fcnden f\u00fchlte sich Mohr in der rauen Bergwelt nicht sonderlich wohl. So suchte er schon nach sechs Jahren in Wagrain um eine Versetzung nach Mauterndorf an. Vergeblich! Und tats\u00e4chlich sollte ihm das Klima und die winterliche K\u00e4lte auf \u00fcber 800 Meter Seeh\u00f6he am Ende zum Verh\u00e4ngnis werden.<\/p>\n<p><span><strong>Wagrain Heute:<\/strong> Heute ist Wagrain ein beliebter Urlaubs- und Wintersportort und geh\u00f6rt zur\u00a0<\/span><strong><a href=\"https:\/\/www.salzburgersportwelt.com\/de\/ski-special.html?gclid=CjwKCAiA7dKMBhBCEiwAO_crFAjD4gQxUl2tcSxYcD5Oj7VqZYnOQma_veDpCzsvuabRKEFJRRJd1BoCr5gQAvD_BwE\" target=\"_blank\" rel=\"noopener\">Salzburger Sportwelt<\/a><\/strong><span>. Joseph Mohr w\u00fcrde seinen letzten Wohnort wohl kaum mehr wiedererkennen: Moderne Liftanlagen und Hotels, abwechslungsreiche Veranstaltungen im Winter und bestens markierte Wanderwege im Sommer \u2013 darunter der beliebte Salzburger Almenweg \u2013 f\u00fchren durch <a href=\"https:\/\/www.wagrain-kleinarl.at\/de\" target=\"_blank\" rel=\"noopener\">Wagrain-Kleinarl<\/a>.<\/span><\/p>\n<h2>Stille Nacht in Wagrain auf einen Blick<\/h2>\n<ul>\n<li><a href=\"https:\/\/www.salzburgerland.com\/de\/stille-nacht-museum-wagrain\/\" target=\"_blank\" rel=\"noopener\"><span>Stille Nacht Museum im Pflegerschl\u00f6ssl<\/span><\/a><\/li>\n<li>Joseph-Mohr-Ged\u00e4chtnisorgel in der Pfarrkirche<\/li>\n<li>Wagrainer Kulturspaziergang zu zahlreichen Historischen Orten<\/li>\n<li>Joseph-Mohrs letzte Ruhest\u00e4tte<\/li>\n<li><a href=\"https:\/\/stillenacht-wagrain.com\/w_start.php\" target=\"_blank\" rel=\"noopener\">Waggerl-Haus<\/a><\/li>\n<\/ul>\n<p><strong>Kontakt<\/strong>:<br>\n<span>Stille Nacht Museum im Pflegerschl\u00f6ssl<br>\n<\/span>Museumsgasse 3<br>\n5602 Wagrain Markt<br>\nT +43 6413 20169<br>\n<a href=\"mailto:info@stillenacht-wagrain.at\" target=\"_blank\" rel=\"noopener\">info@stillenacht-wagrain.at<\/a><br>\n<a href=\"http:\/\/www.stillenacht-wagrain.at\" target=\"_blank\" rel=\"noopener\">www.stillenacht-wagrain.at<\/a><\/p>\n\n\t\t\t<div id=\"616083-1\" class=\"gallery gallery-616083 gallery-columns-3 gallery-size-1170_658\" itemscope itemtype=\"http:\/\/schema.org\/ImageGallery\">\n\t\t\t\t<ul class=\"gallery-row gallery-col-3 gallery-clear\">\n\t\t\t\t\t<li class=\"gallery-item col-3\" itemprop=\"associatedMedia\" itemscope itemtype=\"http:\/\/schema.org\/ImageObject\">\n\t\t\t\t\t\t<div class=\"gallery-icon landscape\"><a href=\"https:\/\/www.salzburgerland.com\/de\/wp-content\/uploads\/2021\/09\/stille-nacht-ruhestaette-joseph-mohr-1920x1067.jpg\" title=\"stille-nacht-ruhest\u00e4tte-joseph-mohr\"><img decoding=\"async\" data-title=\"Letzte Ruhest\u00e4tte Joseph Mohr in Wagrain \" title=\"Letzte Ruhest\u00e4tte Joseph Mohr in Wagrain \" data-caption=\"Letzte Ruhest\u00e4tte Joseph Mohr in Wagrain \" width=\"1170\" height=\"658\" src=\"https:\/\/www.salzburgerland.com\/de\/wp-content\/uploads\/2021\/09\/stille-nacht-ruhestaette-joseph-mohr-1170x658.jpg\" class=\"attachment-1170_658 size-1170_658\" alt=\"Letzte Ruhest\u00e4tte Joseph Morh (vergr\u00f6\u00dferte Ansicht)\" srcset=\"https:\/\/www.salzburgerland.com\/de\/wp-content\/uploads\/2021\/09\/stille-nacht-ruhestaette-joseph-mohr-1170x658.jpg 1170w, https:\/\/www.salzburgerland.com\/de\/wp-content\/uploads\/2021\/09\/stille-nacht-ruhestaette-joseph-mohr-1200x675.jpg 1200w\" sizes=\"(max-width: 1170px) 100vw, 1170px\" aria-describedby=\"figcaption-616083-616086\" itemprop=\"thumbnail\"><\/a><\/div>\n\t\t\t\t\t\t<span id=\"figcaption-616083-616086\" class=\"gallery-caption\" itemprop=\"caption\"><span aria-hidden=\"true\">Letzte Ruhest\u00e4tte Joseph Mohr in Wagrain <\/span><\/span>\n\t\t\t\t\t<\/li>\n\t\t\t\t\t<li class=\"gallery-item col-3\" itemprop=\"associatedMedia\" itemscope itemtype=\"http:\/\/schema.org\/ImageObject\">\n\t\t\t\t\t\t<div class=\"gallery-icon landscape\"><a href=\"https:\/\/www.salzburgerland.com\/de\/wp-content\/uploads\/2021\/09\/wagrain-7-1920x1067.jpg\" title=\"Joseph Mohr Gedenktafel\"><img decoding=\"async\" data-title=\"Joseph Mohr Gedenktafel in der Pfarrkirche in Wagrain \" title=\"Joseph Mohr Gedenktafel in der Pfarrkirche in Wagrain \" data-caption=\"Joseph Mohr Gedenktafel in der Pfarrkirche in Wagrain \" width=\"1170\" height=\"658\" src=\"https:\/\/www.salzburgerland.com\/de\/wp-content\/uploads\/2021\/09\/wagrain-7-1170x658.jpg\" class=\"attachment-1170_658 size-1170_658\" alt=\"Joseph Mohr Gedenktafel (vergr\u00f6\u00dferte Ansicht)\" srcset=\"https:\/\/www.salzburgerland.com\/de\/wp-content\/uploads\/2021\/09\/wagrain-7-1170x658.jpg 1170w, https:\/\/www.salzburgerland.com\/de\/wp-content\/uploads\/2021\/09\/wagrain-7-1200x675.jpg 1200w\" sizes=\"(max-width: 1170px) 100vw, 1170px\" aria-describedby=\"figcaption-616083-614126\" itemprop=\"thumbnail\"><\/a><\/div>\n\t\t\t\t\t\t<span id=\"figcaption-616083-614126\" class=\"gallery-caption\" itemprop=\"caption\"><span aria-hidden=\"true\">Joseph Mohr Gedenktafel in der Pfarrkirche in Wagrain <\/span><\/span>\n\t\t\t\t\t<\/li>\n\t\t\t\t\t<li class=\"gallery-item col-3\" itemprop=\"associatedMedia\" itemscope itemtype=\"http:\/\/schema.org\/ImageObject\">\n\t\t\t\t\t\t<div class=\"gallery-icon landscape\"><a href=\"https:\/\/www.salzburgerland.com\/de\/wp-content\/uploads\/2021\/09\/stille-nacht-kirche-wagrain-scaled-e1632923646822-1920x1067.jpg\" title=\"stille-nacht-kirche-wagrain\"><img decoding=\"async\" data-title=\"Pfarrkirche in Wagrain\" title=\"Pfarrkirche in Wagrain\" data-caption=\"Pfarrkirche in Wagrain\" width=\"1170\" height=\"658\" src=\"https:\/\/www.salzburgerland.com\/de\/wp-content\/uploads\/2021\/09\/stille-nacht-kirche-wagrain-scaled-e1632923646822-1170x658.jpg\" class=\"attachment-1170_658 size-1170_658\" alt=\"Kirche Wagrain (vergr\u00f6\u00dferte Ansicht)\" srcset=\"https:\/\/www.salzburgerland.com\/de\/wp-content\/uploads\/2021\/09\/stille-nacht-kirche-wagrain-scaled-e1632923646822-1170x658.jpg 1170w, https:\/\/www.salzburgerland.com\/de\/wp-content\/uploads\/2021\/09\/stille-nacht-kirche-wagrain-scaled-e1632923646822-1200x675.jpg 1200w, https:\/\/www.salzburgerland.com\/de\/wp-content\/uploads\/2021\/09\/stille-nacht-kirche-wagrain-scaled-e1632923646822-150x85.jpg 150w\" sizes=\"(max-width: 1170px) 100vw, 1170px\" aria-describedby=\"figcaption-616083-616087\" itemprop=\"thumbnail\"><\/a><\/div>\n\t\t\t\t\t\t<span id=\"figcaption-616083-616087\" class=\"gallery-caption\" itemprop=\"caption\"><span aria-hidden=\"true\">Pfarrkirche in Wagrain<\/span><\/span>\n\t\t\t\t\t<\/li>\n\t\t\t\t<\/ul>\n\t\t\t<\/div><!-- .gallery -->\n\n<h2>Seelsorger und \u201esozialer Vikar\u201c<\/h2>\n<p>In Wagrain blieb <a href=\"https:\/\/www.salzburgerland.com\/de\/joseph-mohr-1792-1848\/\" target=\"_blank\" rel=\"noopener\">Joseph Mohr<\/a> vor allem als \u201esozialer Vikar\u201c in Erinnerung. Ihm waren die Kleinsten, \u00c4rmsten und Geringsten ein besonderes Anliegen. Schon in seinem zweiten Jahr in Wagrain war er der Hauptinitiator f\u00fcr den Bau der Volksschule, f\u00fcr die er fast sein ganzes Hab und Gut hergab. In dem bauf\u00e4lligen, aus Holz erbauten Mesnerhaus, das zugleich Schulhaus war, stand f\u00fcr 170 bis 180 Kinder ein einziges Zimmer zur Verf\u00fcgung. Mit seinem ganzen Einfluss trat Joseph Mohr f\u00fcr einen raschen Schulbau ein. Am 5. November 1838 wurde das neue Schulhaus nach nur f\u00fcnfmonatiger Bauzeit von F\u00fcrsterzbischof Friedrich von Schwarzenberg pers\u00f6nlich eingeweiht. Zudem f\u00fchrte Joseph Mohr das \u201eSchuldgeld-Aversum\u201c ein, womit auch den \u00e4rmsten Kindern der Schulbesuch erm\u00f6glicht wurde.<\/p>\n<h2>Am Ende starb er so arm wie er geboren worden war<\/h2>\n<p>Joseph Mohr kaufte eine Feuerwehrspritze f\u00fcr die Gemeinde und setzte sich f\u00fcr die Armen- und Altenpflege ein. Vor allem die H\u00e4rte des damals gebr\u00e4uchlichen Einlegerwesens war ihm ein Dorn im Auge: Nach diesem mussten die Armen turnusm\u00e4\u00dfig von Hof zu Hof wandern und \u00fcberall eine bestimmte Zeit verpflegt werden. Sein Wirken hat in Wagrain besonders nachhaltige Spuren hinterlassen. Dabei war Joseph Mohr auch in diesem Ort als leutseliger, geselliger und musikalischer Pfarrer beliebt. W\u00e4hrend seiner Zeit in Wagrain trieb er die Sparsamkeit an sich selber und seinem Haushalt so weit, dass er nur noch einen Talar aus schwarzem Stoff besa\u00df.<\/p>\n<p>Am 4. Dezember 1848 verstarb Joseph Mohr im Alter von nur 56 Jahren aufgrund einer Erk\u00e4ltung nach einem winterlichen Versehgang. Den Siegeszug seines Gedichts als weltber\u00fchmtes Weihnachtslied hat der \u201ePriester der Armen\u201c nicht erlebt. Seine letzte Ruhest\u00e4tte wurde gegen Ende des 19. Jahrhunderts aufgelassen, aber sp\u00e4ter wieder lokalisiert. Da es von Joseph Mohr kein Bild gibt, kam der K\u00fcnstler und Pfarrer Josef M\u00fchlbacher im Jahr 1912 auf die skurrile Idee, den Leichnam zu exhumieren, um \u00fcber eine Sch\u00e4delvermessung zu einer Vorlage f\u00fcr eine Bronzeb\u00fcste zu gelangen. Das Kunstwerk ist in <a href=\"https:\/\/www.salzburgerland.com\/de\/stille-nacht-museum-oberndorf-2\/\" target=\"_blank\" rel=\"noopener\">Oberndorf <\/a>vor der Stille-Nacht-Kapelle zu sehen. Der Sch\u00e4del wurde kurzerhand, zum Entsetzen der Wagrainer, in der Stille-Nacht-Kapelle in Oberndorf eingemauert.<\/p>\n<h3>Auf den Spuren von \u201eStille Nacht! Heilige Nacht!\u201c in Wagrain<\/h3>\n<ul>\n<li>In Wagrain erinnert die<span>\u00a0<\/span><strong>Joseph-Mohr-Ged\u00e4chtnisorgel<span>\u00a0<\/span><\/strong>in der Pfarrkirche an das Wirken des sozialen Vikars. Im Seitenschiff der Kirche verweist eine Gedenktafel an\u00a0Joseph Mohr als Verfasser des Liedes.<\/li>\n<li>Der<span>\u00a0<\/span><strong>Wagrainer Kulturspaziergang<\/strong><span>\u00a0<\/span>l\u00e4dt zu einer rund eineinhalbst\u00fcndigen Wanderung auf den Spuren Mohrs und durch den Stille-Nacht-Bezirk. Auf dem Weg liegen die Pfarrkirche, der Pfarrhof, der von Mohr bewirtschaftet wurde, und der Friedhof mit Joseph Mohrs letzter Ruhest\u00e4tte.\n\t\t\t<div id=\"616083-2\" class=\"gallery gallery-616083 gallery-columns-3 gallery-size-1170_658\" itemscope itemtype=\"http:\/\/schema.org\/ImageGallery\">\n\t\t\t\t<ul class=\"gallery-row gallery-col-3 gallery-clear\">\n\t\t\t\t\t<li class=\"gallery-item col-3\" itemprop=\"associatedMedia\" itemscope itemtype=\"http:\/\/schema.org\/ImageObject\">\n\t\t\t\t\t\t<div class=\"gallery-icon landscape\"><a href=\"https:\/\/www.salzburgerland.com\/de\/wp-content\/uploads\/2021\/09\/rs2374_gut_1681-scr.jpg\" title=\"\u00a9 SalzburgerLand , Stille Nacht Museum im Pflegerschl\u00f6ssl\"><img decoding=\"async\" data-title=\"Stille Nacht Museum im Pflegerschl\u00f6ssl in Wagrain\" title=\"Stille Nacht Museum im Pflegerschl\u00f6ssl in Wagrain\" data-caption=\"Stille Nacht Museum im Pflegerschl\u00f6ssl in Wagrain\" width=\"1100\" height=\"658\" src=\"https:\/\/www.salzburgerland.com\/de\/wp-content\/uploads\/2021\/09\/rs2374_gut_1681-scr-1100x658.jpg\" class=\"attachment-1170_658 size-1170_658\" alt=\"Schneebedecktes Geb\u00e4ude und Zaun mit goldener Beschriftung unter einem klaren blauen Himmel. (vergr\u00f6\u00dferte Ansicht)\" aria-describedby=\"figcaption-616083-633990\" itemprop=\"thumbnail\"><\/a><\/div>\n\t\t\t\t\t\t<span id=\"figcaption-616083-633990\" class=\"gallery-caption\" itemprop=\"caption\"><span aria-hidden=\"true\">Stille Nacht Museum im Pflegerschl\u00f6ssl in Wagrain<\/span><\/span>\n\t\t\t\t\t<\/li>\n\t\t\t\t\t<li class=\"gallery-item col-3\" itemprop=\"associatedMedia\" itemscope itemtype=\"http:\/\/schema.org\/ImageObject\">\n\t\t\t\t\t\t<div class=\"gallery-icon landscape\"><a href=\"https:\/\/www.salzburgerland.com\/de\/wp-content\/uploads\/2021\/09\/dscf0768_bearbeitet_web-1920x1067.jpg\" title=\"Joseph Mohr\"><img decoding=\"async\" data-title=\"Portrait Joseph Mohr\" title=\"Portrait Joseph Mohr\" data-caption=\"Portrait Joseph Mohr\" width=\"1170\" height=\"658\" src=\"https:\/\/www.salzburgerland.com\/de\/wp-content\/uploads\/2021\/09\/dscf0768_bearbeitet_web-1170x658.jpg\" class=\"attachment-1170_658 size-1170_658\" alt=\"Portrait Joseph Mohr (vergr\u00f6\u00dferte Ansicht)\" srcset=\"https:\/\/www.salzburgerland.com\/de\/wp-content\/uploads\/2021\/09\/dscf0768_bearbeitet_web-1170x658.jpg 1170w, https:\/\/www.salzburgerland.com\/de\/wp-content\/uploads\/2021\/09\/dscf0768_bearbeitet_web-1200x675.jpg 1200w\" sizes=\"(max-width: 1170px) 100vw, 1170px\" aria-describedby=\"figcaption-616083-614124\" itemprop=\"thumbnail\"><\/a><\/div>\n\t\t\t\t\t\t<span id=\"figcaption-616083-614124\" class=\"gallery-caption\" itemprop=\"caption\"><span aria-hidden=\"true\">Portrait Joseph Mohr<\/span><\/span>\n\t\t\t\t\t<\/li>\n\t\t\t\t\t<li class=\"gallery-item col-3\" itemprop=\"associatedMedia\" itemscope itemtype=\"http:\/\/schema.org\/ImageObject\">\n\t\t\t\t\t\t<div class=\"gallery-icon landscape\"><a href=\"https:\/\/www.salzburgerland.com\/de\/wp-content\/uploads\/2021\/09\/rs1090_schule01-scr.jpg\" title=\"Schule - Wagrain\"><img decoding=\"async\" data-title=\"Volksschule in Wagrain\" title=\"Volksschule in Wagrain\" data-caption=\"Volksschule in Wagrain\" width=\"1100\" height=\"658\" src=\"https:\/\/www.salzburgerland.com\/de\/wp-content\/uploads\/2021\/09\/rs1090_schule01-scr-1100x658.jpg\" class=\"attachment-1170_658 size-1170_658\" alt=\"Ein gro\u00dfes wei\u00dfes Geb\u00e4ude mit beleuchteten Fenstern und einem schneebedeckten Dach, fotografiert in der Abendd\u00e4mmerung im Winter. (vergr\u00f6\u00dferte Ansicht)\" aria-describedby=\"figcaption-616083-633991\" itemprop=\"thumbnail\"><\/a><\/div>\n\t\t\t\t\t\t<span id=\"figcaption-616083-633991\" class=\"gallery-caption\" itemprop=\"caption\"><span aria-hidden=\"true\">Volksschule in Wagrain<\/span><\/span>\n\t\t\t\t\t<\/li>\n\t\t\t\t<\/ul>\n\t\t\t<\/div><!-- .gallery -->\n<\/li>\n<li>Nahe dem Waggerl-Haus befindet sich ein weiteres architektonisches Juwel im barocken Stil: Das neu renovierte<span>\u00a0<\/span><strong>Pflegerschl\u00f6ssl<\/strong><span>\u00a0<\/span>in Wagrain \u2013 ein ehemaliges f\u00fcrsterzbisch\u00f6fliches Gerichtsgeb\u00e4ude aus dem sp\u00e4ten 18. Jahrhundert \u2013 beherbergt seit Dezember 2017 ein neues<span>\u00a0<\/span><strong>Stille-Nacht-Museum<\/strong>. Die Ausstellungsbereiche sind dem Leben und Wirken von Joseph Mohr in Wagrain, der Entstehung des Liedes, seiner internationalen Verbreitung und seines besonderen Zaubers gewidmet. Mit viel Geschick wurde in den alten Mauern ein modernes Museumskonzept verwirklicht, in dem alle Alters- und Wissensgruppen Spannendes erfahren. Zudem l\u00e4dt das Museum Besucher zur interaktiven Auseinandersetzung mit dem Wert von Ruhe und Stille in einer immer hektischer werdenden Zeit ein. (Die Er\u00f6ffnung fand am 3. Dezember 2017 statt.)<\/li>\n<\/ul>\n<ul>\n<li>Der allj\u00e4hrliche<span>\u00a0<\/span><strong>\u201eStille Nacht Advent Wagrain\u201c<\/strong><span>\u00a0<\/span>verbindet die Friedensbotschaft des Weihnachtliedes mit Weihnachtsbr\u00e4uchen aus der ganzen Welt. Beim \u201eAdvent der Kulturen\u201c pr\u00e4sentieren sich Gastl\u00e4nder im Kreise der heimischen Aussteller. Weiters finden Adventkonzerte statt. Im Christkindlpostamt im Waggerl-Haus kann die Weihnachtspost liebevoll verziert werden. Am 24. Dezember werden Besucher mit einem romantischen Turmblasen ab 22.15 Uhr bei der Pfarrkirche auf die Christmette um 23 Uhr eingestimmt.<\/li>\n<\/ul>\n<h2><a href=\"https:\/\/www.salzburgerland.com\/de\/stille-nacht-kirchen-360-panorama\/\" target=\"_blank\" rel=\"noopener\"><span>Erleben Sie interaktive 360\u00b0 Innenansichten der sch\u00f6nsten Stille Nacht-Sakralgeb\u00e4ude!<\/span><\/a><\/h2>\n","protected":false},"excerpt":{"rendered":"<p>Wagrain Einst: Das arme und entlegene Bergbauerndorf Wagrain im Pongau war der Schlusspunkt in der langen Reihe an Versetzungen, die Joseph Mohr im Laufe seines Lebens durchlief. Am 4. M\u00e4rz 1837 trat er den Dienst in Wagrain mit dessen 1.530 Einwohnern an. Doch aus gesundheitlichen Gr\u00fcnden f\u00fchlte sich Mohr in der rauen Bergwelt nicht sonderlich [&hellip;]<\/p>\n","protected":false},"author":84,"featured_media":264861,"comment_status":"closed","ping_status":"closed","sticky":false,"template":"","format":"standard","meta":{"_acf_changed":false,"wl_entities_gutenberg":"","_relevanssi_hide_post":"","_relevanssi_hide_content":"","_relevanssi_pin_for_all":"","_relevanssi_pin_keywords":"","_relevanssi_unpin_keywords":"","_relevanssi_related_keywords":"","_relevanssi_related_include_ids":"","_relevanssi_related_exclude_ids":"","_relevanssi_related_no_append":"","_relevanssi_related_not_related":"","_relevanssi_related_posts":"","_relevanssi_noindex_reason":"","footnotes":""},"categories":[1],"tags":[],"wl_entity_type":[11495],"class_list":["post-616083","post","type-post","status-publish","format-standard","has-post-thumbnail","hentry","category-allgemein","wl_entity_type-article"],"acf":[],"yoast_head":"<!-- This site is optimized with the Yoast SEO Premium plugin v26.9 (Yoast SEO v26.9) - https:\/\/yoast.com\/product\/yoast-seo-premium-wordpress\/ -->\n<title>Wagrain \u00bb SalzburgerLand.com<\/title>\n<meta name=\"robots\" content=\"index, follow, max-snippet:-1, max-image-preview:large, max-video-preview:-1\" \/>\n<link rel=\"canonical\" href=\"https:\/\/www.salzburgerland.com\/de\/wp-json\/wp\/v2\/posts\/616083\" \/>\n<meta property=\"og:locale\" content=\"de_DE\" \/>\n<meta property=\"og:type\" content=\"article\" \/>\n<meta property=\"og:title\" content=\"Wagrain\" \/>\n<meta property=\"og:description\" content=\"Joseph Mohr - Seelsorger und sozialer Vikar\" \/>\n<meta property=\"og:url\" content=\"https:\/\/www.salzburgerland.com\/de\/wp-json\/wp\/v2\/posts\/616083\" \/>\n<meta property=\"og:site_name\" content=\"SalzburgerLand.com\" \/>\n<meta property=\"article:publisher\" content=\"https:\/\/www.facebook.com\/salzburgerland\/\" \/>\n<meta property=\"article:published_time\" content=\"2021-09-24T09:08:19+00:00\" \/>\n<meta property=\"article:modified_time\" content=\"2022-04-06T11:23:21+00:00\" \/>\n<meta property=\"og:image\" content=\"https:\/\/www.salzburgerland.com\/de\/wp-content\/uploads\/2016\/08\/pflegerschlssl_bei_nacht-1200x675.jpg\" \/>\n\t<meta property=\"og:image:width\" content=\"1200\" \/>\n\t<meta property=\"og:image:height\" content=\"675\" \/>\n\t<meta property=\"og:image:type\" content=\"image\/jpeg\" \/>\n<meta name=\"author\" content=\"Stefanie Gschwandtner\" \/>\n<meta name=\"twitter:card\" content=\"summary_large_image\" \/>\n<meta name=\"twitter:creator\" content=\"@szimmerebner\" \/>\n<meta name=\"twitter:site\" content=\"@Salzburgerland\" \/>\n<meta name=\"twitter:label1\" content=\"Verfasst von\" \/>\n\t<meta name=\"twitter:data1\" content=\"Stefanie Gschwandtner\" \/>\n\t<meta name=\"twitter:label2\" content=\"Gesch\u00e4tzte Lesezeit\" \/>\n\t<meta name=\"twitter:data2\" content=\"5\u00a0Minuten\" \/>\n<script type=\"application\/ld+json\" class=\"yoast-schema-graph\">{\"@context\":\"https:\/\/schema.org\",\"@graph\":[{\"@type\":\"WebPage\",\"@id\":\"https:\/\/www.salzburgerland.com\/de\/wagrain\/\",\"url\":\"https:\/\/www.salzburgerland.com\/de\/wagrain\/\",\"name\":\"Wagrain \u00bb SalzburgerLand.com\",\"isPartOf\":{\"@id\":\"https:\/\/www.salzburgerland.com\/de\/#website\"},\"primaryImageOfPage\":{\"@id\":\"https:\/\/www.salzburgerland.com\/de\/wagrain\/#primaryimage\"},\"image\":{\"@id\":\"https:\/\/www.salzburgerland.com\/de\/wagrain\/#primaryimage\"},\"thumbnailUrl\":\"https:\/\/www.salzburgerland.com\/de\/wp-content\/uploads\/2016\/08\/pflegerschlssl_bei_nacht.jpg\",\"datePublished\":\"2021-09-24T09:08:19+00:00\",\"dateModified\":\"2022-04-06T11:23:21+00:00\",\"description\":\"Joseph Mohr - Seelsorger und sozialer Vikar\",\"breadcrumb\":{\"@id\":\"https:\/\/www.salzburgerland.com\/de\/wagrain\/#breadcrumb\"},\"inLanguage\":\"de\",\"potentialAction\":[{\"@type\":\"ReadAction\",\"target\":[\"https:\/\/www.salzburgerland.com\/de\/wagrain\/\"]}]},{\"@type\":\"ImageObject\",\"inLanguage\":\"de\",\"@id\":\"https:\/\/www.salzburgerland.com\/de\/wagrain\/#primaryimage\",\"url\":\"https:\/\/www.salzburgerland.com\/de\/wp-content\/uploads\/2016\/08\/pflegerschlssl_bei_nacht.jpg\",\"contentUrl\":\"https:\/\/www.salzburgerland.com\/de\/wp-content\/uploads\/2016\/08\/pflegerschlssl_bei_nacht.jpg\",\"width\":1328,\"height\":747,\"caption\":\"\u00a9Kulturverein_Blaues_Fenster, Pflegerschl\u00f6ssl_bei_Nacht\"},{\"@type\":\"BreadcrumbList\",\"@id\":\"https:\/\/www.salzburgerland.com\/de\/wagrain\/#breadcrumb\",\"itemListElement\":[{\"@type\":\"ListItem\",\"position\":1,\"name\":\"Stille Nacht! Heilige Nacht!\",\"item\":\"https:\/\/www.salzburgerland.com\/de\/stille-nacht\/\"},{\"@type\":\"ListItem\",\"position\":2,\"name\":\"Wagrain\"}]},{\"@type\":\"WebSite\",\"@id\":\"https:\/\/www.salzburgerland.com\/de\/#website\",\"url\":\"https:\/\/www.salzburgerland.com\/de\/\",\"name\":\"SalzburgerLand.com\",\"description\":\"Ihr Urlaub in Salzburg, \u00d6sterreich\",\"publisher\":{\"@id\":\"https:\/\/www.salzburgerland.com\/de\/#organization\"},\"potentialAction\":[{\"@type\":\"SearchAction\",\"target\":{\"@type\":\"EntryPoint\",\"urlTemplate\":\"https:\/\/www.salzburgerland.com\/de\/?s={search_term_string}\"},\"query-input\":{\"@type\":\"PropertyValueSpecification\",\"valueRequired\":true,\"valueName\":\"search_term_string\"}}],\"inLanguage\":\"de\"},{\"@type\":\"Organization\",\"@id\":\"https:\/\/www.salzburgerland.com\/de\/#organization\",\"name\":\"SalzburgerLand Tourismus GmbH\",\"url\":\"https:\/\/www.salzburgerland.com\/de\/\",\"logo\":{\"@type\":\"ImageObject\",\"inLanguage\":\"de\",\"@id\":\"https:\/\/www.salzburgerland.com\/de\/#\/schema\/logo\/image\/\",\"url\":\"https:\/\/www.salzburgerland.com\/de\/wp-content\/uploads\/2017\/01\/salzburgerland-logo.jpg\",\"contentUrl\":\"https:\/\/www.salzburgerland.com\/de\/wp-content\/uploads\/2017\/01\/salzburgerland-logo.jpg\",\"width\":1920,\"height\":827,\"caption\":\"SalzburgerLand Tourismus GmbH\"},\"image\":{\"@id\":\"https:\/\/www.salzburgerland.com\/de\/#\/schema\/logo\/image\/\"},\"sameAs\":[\"https:\/\/www.facebook.com\/salzburgerland\/\",\"https:\/\/x.com\/Salzburgerland\",\"https:\/\/www.instagram.com\/salzburgerland\/\",\"http:\/\/dbpedia.org\/resource\/Salzburg_(state)\",\"http:\/\/wikidata.dbpedia.org\/resource\/Q43325\",\"http:\/\/open.salzburgerland.com\/de\/entity\/salzburgerland\",\"https:\/\/www.youtube.com\/user\/salzburgerland\"]},{\"@type\":\"Person\",\"@id\":\"https:\/\/www.salzburgerland.com\/de\/#\/schema\/person\/341c767951f29c944985e07f82521a7c\",\"name\":\"Stefanie Gschwandtner\",\"image\":{\"@type\":\"ImageObject\",\"inLanguage\":\"de\",\"@id\":\"https:\/\/www.salzburgerland.com\/de\/#\/schema\/person\/image\/\",\"url\":\"https:\/\/secure.gravatar.com\/avatar\/3e5487886577b8a9e70b9a637ff7fa5b16d2bb45b55f900a12f05abf6f50ca85?s=96&d=mm&r=g\",\"contentUrl\":\"https:\/\/secure.gravatar.com\/avatar\/3e5487886577b8a9e70b9a637ff7fa5b16d2bb45b55f900a12f05abf6f50ca85?s=96&d=mm&r=g\",\"caption\":\"Stefanie Gschwandtner\"},\"sameAs\":[\"https:\/\/x.com\/szimmerebner\"]}]}<\/script>\n<!-- \/ Yoast SEO Premium plugin. -->","yoast_head_json":{"title":"Wagrain \u00bb SalzburgerLand.com","robots":{"index":"index","follow":"follow","max-snippet":"max-snippet:-1","max-image-preview":"max-image-preview:large","max-video-preview":"max-video-preview:-1"},"canonical":"https:\/\/www.salzburgerland.com\/de\/wp-json\/wp\/v2\/posts\/616083","og_locale":"de_DE","og_type":"article","og_title":"Wagrain","og_description":"Joseph Mohr - Seelsorger und sozialer Vikar","og_url":"https:\/\/www.salzburgerland.com\/de\/wp-json\/wp\/v2\/posts\/616083","og_site_name":"SalzburgerLand.com","article_publisher":"https:\/\/www.facebook.com\/salzburgerland\/","article_published_time":"2021-09-24T09:08:19+00:00","article_modified_time":"2022-04-06T11:23:21+00:00","og_image":[{"width":1200,"height":675,"url":"https:\/\/www.salzburgerland.com\/de\/wp-content\/uploads\/2016\/08\/pflegerschlssl_bei_nacht-1200x675.jpg","type":"image\/jpeg"}],"author":"Stefanie Gschwandtner","twitter_card":"summary_large_image","twitter_creator":"@szimmerebner","twitter_site":"@Salzburgerland","twitter_misc":{"Verfasst von":"Stefanie Gschwandtner","Gesch\u00e4tzte Lesezeit":"5\u00a0Minuten"},"schema":{"@context":"https:\/\/schema.org","@graph":[{"@type":"WebPage","@id":"https:\/\/www.salzburgerland.com\/de\/wagrain\/","url":"https:\/\/www.salzburgerland.com\/de\/wagrain\/","name":"Wagrain \u00bb SalzburgerLand.com","isPartOf":{"@id":"https:\/\/www.salzburgerland.com\/de\/#website"},"primaryImageOfPage":{"@id":"https:\/\/www.salzburgerland.com\/de\/wagrain\/#primaryimage"},"image":{"@id":"https:\/\/www.salzburgerland.com\/de\/wagrain\/#primaryimage"},"thumbnailUrl":"https:\/\/www.salzburgerland.com\/de\/wp-content\/uploads\/2016\/08\/pflegerschlssl_bei_nacht.jpg","datePublished":"2021-09-24T09:08:19+00:00","dateModified":"2022-04-06T11:23:21+00:00","description":"Joseph Mohr - Seelsorger und sozialer Vikar","breadcrumb":{"@id":"https:\/\/www.salzburgerland.com\/de\/wagrain\/#breadcrumb"},"inLanguage":"de","potentialAction":[{"@type":"ReadAction","target":["https:\/\/www.salzburgerland.com\/de\/wagrain\/"]}]},{"@type":"ImageObject","inLanguage":"de","@id":"https:\/\/www.salzburgerland.com\/de\/wagrain\/#primaryimage","url":"https:\/\/www.salzburgerland.com\/de\/wp-content\/uploads\/2016\/08\/pflegerschlssl_bei_nacht.jpg","contentUrl":"https:\/\/www.salzburgerland.com\/de\/wp-content\/uploads\/2016\/08\/pflegerschlssl_bei_nacht.jpg","width":1328,"height":747,"caption":"\u00a9Kulturverein_Blaues_Fenster, Pflegerschl\u00f6ssl_bei_Nacht"},{"@type":"BreadcrumbList","@id":"https:\/\/www.salzburgerland.com\/de\/wagrain\/#breadcrumb","itemListElement":[{"@type":"ListItem","position":1,"name":"Stille Nacht! Heilige Nacht!","item":"https:\/\/www.salzburgerland.com\/de\/stille-nacht\/"},{"@type":"ListItem","position":2,"name":"Wagrain"}]},{"@type":"WebSite","@id":"https:\/\/www.salzburgerland.com\/de\/#website","url":"https:\/\/www.salzburgerland.com\/de\/","name":"SalzburgerLand.com","description":"Ihr Urlaub in Salzburg, \u00d6sterreich","publisher":{"@id":"https:\/\/www.salzburgerland.com\/de\/#organization"},"potentialAction":[{"@type":"SearchAction","target":{"@type":"EntryPoint","urlTemplate":"https:\/\/www.salzburgerland.com\/de\/?s={search_term_string}"},"query-input":{"@type":"PropertyValueSpecification","valueRequired":true,"valueName":"search_term_string"}}],"inLanguage":"de"},{"@type":"Organization","@id":"https:\/\/www.salzburgerland.com\/de\/#organization","name":"SalzburgerLand Tourismus GmbH","url":"https:\/\/www.salzburgerland.com\/de\/","logo":{"@type":"ImageObject","inLanguage":"de","@id":"https:\/\/www.salzburgerland.com\/de\/#\/schema\/logo\/image\/","url":"https:\/\/www.salzburgerland.com\/de\/wp-content\/uploads\/2017\/01\/salzburgerland-logo.jpg","contentUrl":"https:\/\/www.salzburgerland.com\/de\/wp-content\/uploads\/2017\/01\/salzburgerland-logo.jpg","width":1920,"height":827,"caption":"SalzburgerLand Tourismus GmbH"},"image":{"@id":"https:\/\/www.salzburgerland.com\/de\/#\/schema\/logo\/image\/"},"sameAs":["https:\/\/www.facebook.com\/salzburgerland\/","https:\/\/x.com\/Salzburgerland","https:\/\/www.instagram.com\/salzburgerland\/","http:\/\/dbpedia.org\/resource\/Salzburg_(state)","http:\/\/wikidata.dbpedia.org\/resource\/Q43325","http:\/\/open.salzburgerland.com\/de\/entity\/salzburgerland","https:\/\/www.youtube.com\/user\/salzburgerland"]},{"@type":"Person","@id":"https:\/\/www.salzburgerland.com\/de\/#\/schema\/person\/341c767951f29c944985e07f82521a7c","name":"Stefanie Gschwandtner","image":{"@type":"ImageObject","inLanguage":"de","@id":"https:\/\/www.salzburgerland.com\/de\/#\/schema\/person\/image\/","url":"https:\/\/secure.gravatar.com\/avatar\/3e5487886577b8a9e70b9a637ff7fa5b16d2bb45b55f900a12f05abf6f50ca85?s=96&d=mm&r=g","contentUrl":"https:\/\/secure.gravatar.com\/avatar\/3e5487886577b8a9e70b9a637ff7fa5b16d2bb45b55f900a12f05abf6f50ca85?s=96&d=mm&r=g","caption":"Stefanie Gschwandtner"},"sameAs":["https:\/\/x.com\/szimmerebner"]}]}},"_wl_alt_label":[],"wl:entity_url":"http:\/\/open.salzburgerland.com\/de\/post\/wagrain","_links":{"self":[{"href":"https:\/\/www.salzburgerland.com\/de\/wp-json\/wp\/v2\/posts\/616083","targetHints":{"allow":["GET"]}}],"collection":[{"href":"https:\/\/www.salzburgerland.com\/de\/wp-json\/wp\/v2\/posts"}],"about":[{"href":"https:\/\/www.salzburgerland.com\/de\/wp-json\/wp\/v2\/types\/post"}],"author":[{"embeddable":true,"href":"https:\/\/www.salzburgerland.com\/de\/wp-json\/wp\/v2\/users\/84"}],"replies":[{"embeddable":true,"href":"https:\/\/www.salzburgerland.com\/de\/wp-json\/wp\/v2\/comments?post=616083"}],"version-history":[{"count":5,"href":"https:\/\/www.salzburgerland.com\/de\/wp-json\/wp\/v2\/posts\/616083\/revisions"}],"predecessor-version":[{"id":652993,"href":"https:\/\/www.salzburgerland.com\/de\/wp-json\/wp\/v2\/posts\/616083\/revisions\/652993"}],"wp:featuredmedia":[{"embeddable":true,"href":"https:\/\/www.salzburgerland.com\/de\/wp-json\/wp\/v2\/media\/264861"}],"wp:attachment":[{"href":"https:\/\/www.salzburgerland.com\/de\/wp-json\/wp\/v2\/media?parent=616083"}],"wp:term":[{"taxonomy":"category","embeddable":true,"href":"https:\/\/www.salzburgerland.com\/de\/wp-json\/wp\/v2\/categories?post=616083"},{"taxonomy":"post_tag","embeddable":true,"href":"https:\/\/www.salzburgerland.com\/de\/wp-json\/wp\/v2\/tags?post=616083"},{"taxonomy":"wl_entity_type","embeddable":true,"href":"https:\/\/www.salzburgerland.com\/de\/wp-json\/wp\/v2\/wl_entity_type?post=616083"}],"curies":[{"name":"wp","href":"https:\/\/api.w.org\/{rel}","templated":true}]}}