{"id":616078,"date":"2021-09-24T10:43:41","date_gmt":"2021-09-24T08:43:41","guid":{"rendered":"https:\/\/www.salzburgerland.com\/de\/?p=616078"},"modified":"2022-08-04T08:31:22","modified_gmt":"2022-08-04T06:31:22","slug":"salzburg-stille-nacht","status":"publish","type":"post","link":"https:\/\/www.salzburgerland.com\/de\/salzburg-stille-nacht\/","title":{"rendered":"Salzburg"},"content":{"rendered":"<p>Joseph Mohr wurde am 11. Dezember 1792 als uneheliches Kind der Strickerin Anna Schoiber und eines Musketiers der f\u00fcrsterzbisch\u00f6flichen Garde in Salzburg geboren und hat in der Steingasse 31 in der Bischofsstadt Salzburg gelebt. Dort verbrachte er seine Kindheit und Schulzeit in \u00e4rmsten Verh\u00e4ltnissen. Seinen Vater hat er niemals kennengelernt. Getauft wurde er nur wenige Stunden nach seiner Geburt im Salzburger Dom.<\/p>\n<h2>Salzburg im Geiste der Katholischen Aufkl\u00e4rung<\/h2>\n<p>Unter dem F\u00fcrsterzbischof Hieronymus von Colloredo, der ab 1771 das Land regierte, herrschte ein aufkl\u00e4rerischer Geist in Salzburg: Der letzte Salzburger F\u00fcrsterzbischof verbot so gut wie alles, was den Gl\u00e4ubigen bis dahin sinnliche Freuden geboten hatte. Er stand f\u00fcr umfassende Reformen im Kirchenwesen, im Kultur- und Sozialbereich. Lustvolle und glanzvolle Zeremonien wie etwa das Abschie\u00dfen von B\u00f6llern, Sonnenwendfeuer, Wetterl\u00e4uten oder Krippen wurden unter seiner Herrschaft abgeschafft. Daf\u00fcr lockte der fortschrittliche Geist f\u00fchrende Wissenschaftler, Schriftsteller und Musiker aus dem deutschen Sprachraum nach Salzburg: Michael Haydn etwa wurde von Colloredo als Kirchenmusiker hoch gesch\u00e4tzt. <a href=\"https:\/\/www.salzburgerland.com\/de\/wolfgang-amadeus-mozart\/\" target=\"_blank\" rel=\"noopener\">W. A. Mozart<\/a> hingegen verlie\u00df bereits 1781 nach Konflikten mit dem Landesherren Salzburg in Richtung Wien. Im Jahr 1800 fl\u00fcchtete der F\u00fcrsterzbischof aus Salzburg; noch im selben Jahr wurde die Stadt von franz\u00f6sischen Truppen besetzt. In den folgenden Jahren verkam die einstige Residenzstadt unter wechselnder Herrschaft zu einer brachliegenden Provinzstadt.<\/p>\n<h2>Joseph Mohr verlebte Kindheit und Jugend in Salzburg<\/h2>\n<p>Trotz der ung\u00fcnstigen Familienverh\u00e4ltnisse hatte Joseph Mohr Gl\u00fcck \u2013 und Talent. Im Domvikar Johann Nepomuk Hiernle fand er einen verst\u00e4ndnisvollen G\u00f6nner, der den heranwachsenden Buben unterst\u00fctzte, wo immer es ihm m\u00f6glich war. In den Vorbereitungsklassen und sp\u00e4ter im Akademischen Gymnasium geh\u00f6rte Mohr stets zu den besten Sch\u00fclern. Sein musikalisches K\u00f6nnen bescherte ihm 1807 einen Platz im Stiftschor St. Peter. Damit kam der 15-j\u00e4hrige Mohr in den Genuss einer exzellenten, sehr praxisbezogenen Ausbildung: J\u00e4hrlich mussten 600 Eins\u00e4tze absolviert werden.<\/p>\n\n\t\t\t<div id=\"616078-1\" class=\"gallery gallery-616078 gallery-columns-3 gallery-size-1170_658\" itemscope itemtype=\"http:\/\/schema.org\/ImageGallery\">\n\t\t\t\t<ul class=\"gallery-row gallery-col-3 gallery-clear\">\n\t\t\t\t\t<li class=\"gallery-item col-3\" itemprop=\"associatedMedia\" itemscope itemtype=\"http:\/\/schema.org\/ImageObject\">\n\t\t\t\t\t\t<div class=\"gallery-icon landscape\"><a href=\"https:\/\/www.salzburgerland.com\/de\/wp-content\/uploads\/2021\/09\/rs1098_taufbecken_mohr03-scr.jpg\" title=\"Taufbecken Mozarts und Mohrs im Salzburger Dom\"><img decoding=\"async\" data-title=\"Taufbecken Mozarts und Mohrs im Salzburger Dom\" title=\"Taufbecken Mozarts und Mohrs im Salzburger Dom\" data-caption=\"Taufbecken Mozarts und Mohrs im Salzburger Dom\" width=\"1100\" height=\"658\" src=\"https:\/\/www.salzburgerland.com\/de\/wp-content\/uploads\/2021\/09\/rs1098_taufbecken_mohr03-scr-1100x658.jpg\" class=\"attachment-1170_658 size-1170_658\" alt=\"Gro\u00dfes, verziertes Bronzebecken auf l\u00f6wenf\u00f6rmigen Beinen in einem gro\u00dfen Flur mit B\u00f6gen und Marmorboden. (vergr\u00f6\u00dferte Ansicht)\" aria-describedby=\"figcaption-616078-632751\" itemprop=\"thumbnail\"><\/a><\/div>\n\t\t\t\t\t\t<span id=\"figcaption-616078-632751\" class=\"gallery-caption\" itemprop=\"caption\"><span aria-hidden=\"true\">Taufbecken Mozarts und Mohrs im Salzburger Dom<\/span><\/span>\n\t\t\t\t\t<\/li>\n\t\t\t\t\t<li class=\"gallery-item col-3\" itemprop=\"associatedMedia\" itemscope itemtype=\"http:\/\/schema.org\/ImageObject\">\n\t\t\t\t\t\t<div class=\"gallery-icon landscape\"><a href=\"https:\/\/www.salzburgerland.com\/de\/wp-content\/uploads\/2016\/11\/domquartier_salzburg_evatrifft_sltg-1920x1067.jpg\" title=\"Museen und Ausstellungen in Stadt und Land - Domquartier Salzburg\"><img decoding=\"async\" data-title=\"Blick vom Domquartier in den SalzburgerDom\" title=\"Blick vom Domquartier in den SalzburgerDom\" data-caption=\"Blick vom Domquartier in den SalzburgerDom\" width=\"1170\" height=\"658\" src=\"https:\/\/www.salzburgerland.com\/de\/wp-content\/uploads\/2016\/11\/domquartier_salzburg_evatrifft_sltg-1170x658.jpg\" class=\"attachment-1170_658 size-1170_658\" alt=\"Ein Paar steht auf einem Balkon und bewundert das kunstvolle \u00f6sterreichische Interieur einer gro\u00dfen, leeren Kirche in Museen im Salzburger Land. (vergr\u00f6\u00dferte Ansicht)\" aria-describedby=\"figcaption-616078-84814\" itemprop=\"thumbnail\"><\/a><\/div>\n\t\t\t\t\t\t<span id=\"figcaption-616078-84814\" class=\"gallery-caption\" itemprop=\"caption\"><span aria-hidden=\"true\">Blick vom Domquartier in den SalzburgerDom<\/span><\/span>\n\t\t\t\t\t<\/li>\n\t\t\t\t\t<li class=\"gallery-item col-3\" itemprop=\"associatedMedia\" itemscope itemtype=\"http:\/\/schema.org\/ImageObject\">\n\t\t\t\t\t\t<div class=\"gallery-icon landscape\"><a href=\"https:\/\/www.salzburgerland.com\/de\/wp-content\/uploads\/2016\/08\/RS1107_DSC_6873_72_71_70_69_HDR_20151225_184449-lpr-1920x1067.jpg\" title=\"Christkindlmarkt Salzburg\"><img decoding=\"async\" data-title=\"Christkindlmarkt Salzburg\" title=\"Christkindlmarkt Salzburg\" data-caption=\"Christkindlmarkt Salzburg\" width=\"1170\" height=\"658\" src=\"https:\/\/www.salzburgerland.com\/de\/wp-content\/uploads\/2016\/08\/RS1107_DSC_6873_72_71_70_69_HDR_20151225_184449-lpr-1170x658.jpg\" class=\"attachment-1170_658 size-1170_658\" alt=\"Weihnachtsbeleuchtung und beleuchtete St\u00e4nde am Domplatz in Salzburg (vergr\u00f6\u00dferte Ansicht)\" srcset=\"https:\/\/www.salzburgerland.com\/de\/wp-content\/uploads\/2016\/08\/RS1107_DSC_6873_72_71_70_69_HDR_20151225_184449-lpr-1170x658.jpg 1170w, https:\/\/www.salzburgerland.com\/de\/wp-content\/uploads\/2016\/08\/RS1107_DSC_6873_72_71_70_69_HDR_20151225_184449-lpr-1200x675.jpg 1200w\" sizes=\"(max-width: 1170px) 100vw, 1170px\" aria-describedby=\"figcaption-616078-60409\" itemprop=\"thumbnail\"><\/a><\/div>\n\t\t\t\t\t\t<span id=\"figcaption-616078-60409\" class=\"gallery-caption\" itemprop=\"caption\"><span aria-hidden=\"true\">Christkindlmarkt Salzburg<\/span><\/span>\n\t\t\t\t\t<\/li>\n\t\t\t\t<\/ul>\n\t\t\t<\/div><!-- .gallery -->\n\n<p>Die anschlie\u00dfende theologische Ausbildung im damals K\u00f6niglich-Bayerischen Lyzeum in Salzburg wurde mit der Priesterweihe im Dom am 21. August 1815 abgeschlossen. Am 16. M\u00e4rz 1819 wurde ihm die gro\u00dfe Ehre zuteil, im Dom die Fastenpredigt halten zu d\u00fcrfen \u2013 ein untr\u00fcglicher Hinweis auf seine au\u00dferordentlich guten rhetorischen F\u00e4higkeiten, seine Sprachgewalt und seine theologische Versiertheit.<\/p>\n<h3>Auf den Spuren von \u201eStille Nacht! Heilige Nacht!\u201c in der Stadt Salzburg:<\/h3>\n<ul>\n<li>Der<strong><span>\u00a0<a href=\"https:\/\/www.salzburger-dom.at\/home\" target=\"_blank\" rel=\"noopener\">Salzburger Dom<\/a><\/span><\/strong>\u00a0mit dem historischen Taufbecken ist immer einen besuch wert. Die<span>\u00a0<\/span><strong>Salzburger Domorgel<\/strong><span>\u00a0<\/span>wurde von Carl Mauracher umgebaut: Der Zillertaler Orgelbauer brachte das Lied \u201eStille Nacht! Heilige Nacht!\u201c schon im Jahr 1819 von Oberndorf in seine Heimat nach F\u00fcgen. Im Taufbecken wurden unter anderem <a href=\"https:\/\/www.salzburgerland.com\/de\/joseph-mohr-1792-1848\/\" target=\"_blank\" rel=\"noopener\">Joseph Mohr<\/a> und <a href=\"https:\/\/www.salzburgerland.com\/de\/magazin\/mozart-in-salzburg-eine-spurensuche\/\" target=\"_blank\" rel=\"noopener\">Wolfgang Amadeus Mozart<\/a> getauft.<\/li>\n<li>Die Salzburger F\u00fcrsterzbisch\u00f6fe haben Stadt und Land \u00fcber Jahrhunderte hinweg gepr\u00e4gt. Wer sich auf ihre Spuren begeben m\u00f6chte, tut das am besten im <a href=\"https:\/\/www.salzburgerland.com\/de\/magazin\/domquartier-salzburg\/\" target=\"_blank\" rel=\"noopener\">DomQuartier<\/a>, zu dem auch der Salzburger Dom geh\u00f6rt. Das 2014 er\u00f6ffnete DomQuartier spiegelt in einzigartiger Weise die Gr\u00f6\u00dfe und Macht wider, die die ehemaligen Salzburger F\u00fcrsterzbisch\u00f6fe \u00fcber 1.000 Jahre innehatten: Diese verf\u00fcgten \u00fcber zahlreiche Sonderrechte, die zum Teil bis heute Bestand haben. Salzburg war ab 1648 Souver\u00e4nes F\u00fcrstentum im Staatsverband des Heiligen R\u00f6mischen Reiches. Es nahm innerhalb Europas eine so gro\u00dfe Sonderstellung ein, dass es auch nach der postnapoleonischen Neuordnung den Rang eines Erzbistums behielt. Erst 1816 wurde Salzburg Teil des Habsburgerreiches.\n\t\t\t<div id=\"616078-2\" class=\"gallery gallery-616078 gallery-columns-3 gallery-size-1170_658\" itemscope itemtype=\"http:\/\/schema.org\/ImageGallery\">\n\t\t\t\t<ul class=\"gallery-row gallery-col-3 gallery-clear\">\n\t\t\t\t\t<li class=\"gallery-item col-3\" itemprop=\"associatedMedia\" itemscope itemtype=\"http:\/\/schema.org\/ImageObject\">\n\t\t\t\t\t\t<div class=\"gallery-icon landscape\"><a href=\"https:\/\/www.salzburgerland.com\/de\/wp-content\/uploads\/2016\/08\/domquartier_aussen_salzburg_evatrifft_sltg-e1479729491927-1920x1067.jpg\" title=\"Museen und Ausstellungen in Stadt und Land - Domquartier Salzburg\"><img decoding=\"async\" data-title=\"Blick vom Domquartier Salzburg auf den Residenzplatz\" title=\"Blick vom Domquartier Salzburg auf den Residenzplatz\" data-caption=\"Blick vom Domquartier Salzburg auf den Residenzplatz\" width=\"1170\" height=\"658\" src=\"https:\/\/www.salzburgerland.com\/de\/wp-content\/uploads\/2016\/08\/domquartier_aussen_salzburg_evatrifft_sltg-e1479729491927-1170x658.jpg\" class=\"attachment-1170_658 size-1170_658\" alt=\"Ein h\u00e4ndchenhaltendes Paar bewundert an einem sonnigen \u00f6sterreichischen Tag historische Kirchen in der N\u00e4he von Museen im Salzburger Land. (vergr\u00f6\u00dferte Ansicht)\" srcset=\"https:\/\/www.salzburgerland.com\/de\/wp-content\/uploads\/2016\/08\/domquartier_aussen_salzburg_evatrifft_sltg-e1479729491927-1170x658.jpg 1170w, https:\/\/www.salzburgerland.com\/de\/wp-content\/uploads\/2016\/08\/domquartier_aussen_salzburg_evatrifft_sltg-e1479729491927-1200x675.jpg 1200w\" sizes=\"(max-width: 1170px) 100vw, 1170px\" aria-describedby=\"figcaption-616078-84813\" itemprop=\"thumbnail\"><\/a><\/div>\n\t\t\t\t\t\t<span id=\"figcaption-616078-84813\" class=\"gallery-caption\" itemprop=\"caption\"><span aria-hidden=\"true\">Blick vom Domquartier Salzburg auf den Residenzplatz<\/span><\/span>\n\t\t\t\t\t<\/li>\n\t\t\t\t\t<li class=\"gallery-item col-3\" itemprop=\"associatedMedia\" itemscope itemtype=\"http:\/\/schema.org\/ImageObject\">\n\t\t\t\t\t\t<div class=\"gallery-icon landscape\"><a href=\"https:\/\/www.salzburgerland.com\/de\/wp-content\/uploads\/2016\/08\/domquartiersalzburg_evatrifft_sltg-1920x1067.jpg\" title=\"Museen und Ausstellungen in Stadt und Land - Domquartier Salzburg\"><img decoding=\"async\" data-title=\"Prunkr\u00e4ume im Domquartier Salzburg\" title=\"Prunkr\u00e4ume im Domquartier Salzburg\" data-caption=\"Prunkr\u00e4ume im Domquartier Salzburg\" width=\"1170\" height=\"658\" src=\"https:\/\/www.salzburgerland.com\/de\/wp-content\/uploads\/2016\/08\/domquartiersalzburg_evatrifft_sltg-1170x658.jpg\" class=\"attachment-1170_658 size-1170_658\" alt=\"Ein Paar erkundet einen prunkvollen Palastraum, der Teil der gro\u00dfen Sammlung der \u00f6sterreichischen Museen im Salzburger Land ist. (vergr\u00f6\u00dferte Ansicht)\" srcset=\"https:\/\/www.salzburgerland.com\/de\/wp-content\/uploads\/2016\/08\/domquartiersalzburg_evatrifft_sltg-1170x658.jpg 1170w, https:\/\/www.salzburgerland.com\/de\/wp-content\/uploads\/2016\/08\/domquartiersalzburg_evatrifft_sltg-1200x675.jpg 1200w\" sizes=\"(max-width: 1170px) 100vw, 1170px\" aria-describedby=\"figcaption-616078-84812\" itemprop=\"thumbnail\"><\/a><\/div>\n\t\t\t\t\t\t<span id=\"figcaption-616078-84812\" class=\"gallery-caption\" itemprop=\"caption\"><span aria-hidden=\"true\">Prunkr\u00e4ume im Domquartier Salzburg<\/span><\/span>\n\t\t\t\t\t<\/li>\n\t\t\t\t\t<li class=\"gallery-item col-3\" itemprop=\"associatedMedia\" itemscope itemtype=\"http:\/\/schema.org\/ImageObject\">\n\t\t\t\t\t\t<div class=\"gallery-icon landscape\"><a href=\"https:\/\/www.salzburgerland.com\/de\/wp-content\/uploads\/2021\/04\/rs2281_kapitelplatz_23797-lpr1-1920x1067.jpg\" title=\"Kapitelplatz mit Blick zur Festung Hohensalzburg\"><img decoding=\"async\" data-title=\"Kapitelplatz mit Blick auf die Festung Hohensalzburg\" title=\"Kapitelplatz mit Blick auf die Festung Hohensalzburg\" data-caption=\"Kapitelplatz mit Blick auf die Festung Hohensalzburg\" width=\"1170\" height=\"658\" src=\"https:\/\/www.salzburgerland.com\/de\/wp-content\/uploads\/2021\/04\/rs2281_kapitelplatz_23797-lpr1-1170x658.jpg\" class=\"attachment-1170_658 size-1170_658\" alt=\"Ein l\u00e4chelndes Paar geht an einer gro\u00dfen goldenen Kugel mit einer Festung auf einem H\u00fcgel im Hintergrund vorbei. (vergr\u00f6\u00dferte Ansicht)\" srcset=\"https:\/\/www.salzburgerland.com\/de\/wp-content\/uploads\/2021\/04\/rs2281_kapitelplatz_23797-lpr1-1170x658.jpg 1170w, https:\/\/www.salzburgerland.com\/de\/wp-content\/uploads\/2021\/04\/rs2281_kapitelplatz_23797-lpr1-768x432.jpg 768w, https:\/\/www.salzburgerland.com\/de\/wp-content\/uploads\/2021\/04\/rs2281_kapitelplatz_23797-lpr1-1536x864.jpg 1536w, https:\/\/www.salzburgerland.com\/de\/wp-content\/uploads\/2021\/04\/rs2281_kapitelplatz_23797-lpr1-150x84.jpg 150w, https:\/\/www.salzburgerland.com\/de\/wp-content\/uploads\/2021\/04\/rs2281_kapitelplatz_23797-lpr1-1200x675.jpg 1200w, https:\/\/www.salzburgerland.com\/de\/wp-content\/uploads\/2021\/04\/rs2281_kapitelplatz_23797-lpr1.jpg 1920w\" sizes=\"(max-width: 1170px) 100vw, 1170px\" aria-describedby=\"figcaption-616078-554520\" itemprop=\"thumbnail\"><\/a><\/div>\n\t\t\t\t\t\t<span id=\"figcaption-616078-554520\" class=\"gallery-caption\" itemprop=\"caption\"><span aria-hidden=\"true\">Kapitelplatz mit Blick auf die Festung Hohensalzburg<\/span><\/span>\n\t\t\t\t\t<\/li>\n\t\t\t\t<\/ul>\n\t\t\t<\/div><!-- .gallery -->\n<\/li>\n<li>Mit der Er\u00f6ffnung des<span>\u00a0<\/span><a href=\"https:\/\/www.domquartier.at\/\" target=\"_blank\" rel=\"noopener\"><strong>DomQuartiers Salzburg<\/strong><span>\u00a0<\/span><\/a>wurde die Einheit des Dom- und Residenzkomplexes unter Einbeziehung des Benediktinerklosters St. Peter nach 200-j\u00e4hriger Unterbrechung wiederhergestellt. Der historische Rundgang durch das barocke Geb\u00e4udeensemble inmitten der Altstadt gilt als ein in Europa einzigartiges Gesamtkunstwerk aus Architektur, Kunst und Musik. Es beherbergt auf einer Ausstellungsfl\u00e4che von 15.000 m\u00b2 rund 2.000 kostbare Exponate und umfasst die Prunkr\u00e4ume der Residenz, die Residenzgalerie Salzburg, das Dommuseum mit dem Domschatz, die rekonstruierte f\u00fcrsterzbisch\u00f6fliche Kunst- und Wunderkammer, die Lange Galerie, das Museum St. Peter sowie Sonderausstellungen der beteiligten Museen.<\/li>\n<li>Salzburg gilt als<span>\u00a0<\/span><strong>\u201eRom des Nordens\u201c:<\/strong><span>\u00a0<\/span>Vor rund 400 Jahren begannen die Salzburger F\u00fcrsterzbisch\u00f6fe damit, die Stadt in ein barockes Juwel n\u00f6rdlich der Alpen zu verwandeln. Vorbild f\u00fcr Bauvorhaben und Architektur war das prunkvolle Rom. So wurden nach italienischem Beispiel und mithilfe italienischer Baumeister in Salzburg Dom, Kirchen, Kapellen, Kl\u00f6ster und <a href=\"https:\/\/www.salzburgerland.com\/de\/magazin\/allerheiligen-friedhofsgang-der-petersfriedhof-salzburg\/\" target=\"_blank\" rel=\"noopener\">Friedh\u00f6fe<\/a> errichtet. Die F\u00fclle an Pracht- und Sakralbauten auf engstem Raum und die weitl\u00e4ufigen Pl\u00e4tze der Altstadt erinnern an das Stadtbild von Rom. Die F\u00fcrsterzbisch\u00f6fe legten den Grundstein f\u00fcr die heutige Kirchenstadt Salzburg, die als st\u00e4dtebauliches Meisterwerk seit 1997 als<span>\u00a0<\/span><strong>UNESCO-Weltkulturerbe\u00a0<\/strong>gesch\u00fctzt und gew\u00fcrdigt wird.<\/li>\n<li>In Salzburg werden<span>\u00a0<\/span><strong>Stadtf\u00fchrungen<\/strong><span>\u00a0<\/span>zum Thema \u201eStille Nacht! Heilige Nacht!\u201c angeboten, die unter anderem in die Steingasse, in den Dom zu Salzburg, zum Priesterhaus am<span>\u00a0<\/span><strong>Makartplatz<\/strong>, zum <a href=\"https:\/\/www.stift-stpeter.at\/\" target=\"_blank\" rel=\"noopener\">Benediktinerkloster<span>\u00a0<\/span><\/a><strong>St<\/strong>.<span>\u00a0<\/span><strong>Peter<\/strong><span>\u00a0<\/span>am Fu\u00dfe des M\u00f6nchsberges und zur heutigen Universit\u00e4t Salzburg mit der<span>\u00a0<\/span><strong>Gro\u00dfen<\/strong><span>\u00a0<\/span><strong>Aula<\/strong><span>\u00a0<\/span>f\u00fchren. Hier war zu Mohrs Zeiten das Akademische Gymnasium untergebracht.<\/li>\n<li><strong>F\u00fchrungen am Salzburger Christkindlmarkt am Dom- und Residenzplatz<\/strong>: Erleben Sie mit den <a href=\"https:\/\/www.salzburgguides.at\/\" target=\"_blank\" rel=\"noopener\">Austria Guides<\/a> vorweihnachtlichen Altstadt Flair und lassen Sie sich auf das kommende Weihnachtsfest mit interessanten Geschichten und historischen Fakten einstimmen. Auf einem Spaziergang im festlichen Ambiente rund um den Domplatz erfahren Sie mehr \u00fcber die Entstehung des Liedes \u201eStille Nacht, Heilige Nacht\u201c und unseren Salzburger Christkindlmarkt, \u00fcber lokale Sitten sowie alpenl\u00e4ndische Br\u00e4uche. Sie besuchen mit uns den Salzburger Dom mit dem bronzenen Taufbecken, in dem bereits Wolfgang Amadeus Mozart und Joseph Mohr, der Texter des Liedes, getauft wurden. Entdecekn Sie auf der Tour versteckte Besonderheiten, kulinarische K\u00f6stlichkeiten und traditionelles Kunstwerk. Die Tour kann auch zu anderen Tageszeiten auf Anfrage und mit individuellem Programm gebucht werden.\n\t\t\t<div id=\"616078-3\" class=\"gallery gallery-616078 gallery-columns-3 gallery-size-1170_658\" itemscope itemtype=\"http:\/\/schema.org\/ImageGallery\">\n\t\t\t\t<ul class=\"gallery-row gallery-col-3 gallery-clear\">\n\t\t\t\t\t<li class=\"gallery-item col-3\" itemprop=\"associatedMedia\" itemscope itemtype=\"http:\/\/schema.org\/ImageObject\">\n\t\t\t\t\t\t<div class=\"gallery-icon landscape\"><a href=\"https:\/\/www.salzburgerland.com\/de\/wp-content\/uploads\/2021\/02\/rs2512_paerchen-mirabell_24596-hpr-1920x1067.jpg\" title=\"P\u00e4rchen im Mirabellgarten Salzburg\"><img decoding=\"async\" data-title=\"Spaziergang durch den Mirabellgarten\" title=\"Spaziergang durch den Mirabellgarten\" data-caption=\"Spaziergang durch den Mirabellgarten\" width=\"1170\" height=\"658\" src=\"https:\/\/www.salzburgerland.com\/de\/wp-content\/uploads\/2021\/02\/rs2512_paerchen-mirabell_24596-hpr-1170x658.jpg\" class=\"attachment-1170_658 size-1170_658\" alt=\"Ein Paar genie\u00dft einen romantischen Ausflug durch einen Rosengarten vor historischer Stadt und Festung. (vergr\u00f6\u00dferte Ansicht)\" srcset=\"https:\/\/www.salzburgerland.com\/de\/wp-content\/uploads\/2021\/02\/rs2512_paerchen-mirabell_24596-hpr-1170x658.jpg 1170w, https:\/\/www.salzburgerland.com\/de\/wp-content\/uploads\/2021\/02\/rs2512_paerchen-mirabell_24596-hpr-768x432.jpg 768w, https:\/\/www.salzburgerland.com\/de\/wp-content\/uploads\/2021\/02\/rs2512_paerchen-mirabell_24596-hpr-1536x864.jpg 1536w, https:\/\/www.salzburgerland.com\/de\/wp-content\/uploads\/2021\/02\/rs2512_paerchen-mirabell_24596-hpr-1200x675.jpg 1200w, https:\/\/www.salzburgerland.com\/de\/wp-content\/uploads\/2021\/02\/rs2512_paerchen-mirabell_24596-hpr.jpg 1920w\" sizes=\"(max-width: 1170px) 100vw, 1170px\" aria-describedby=\"figcaption-616078-536773\" itemprop=\"thumbnail\"><\/a><\/div>\n\t\t\t\t\t\t<span id=\"figcaption-616078-536773\" class=\"gallery-caption\" itemprop=\"caption\"><span aria-hidden=\"true\">Spaziergang durch den Mirabellgarten<\/span><\/span>\n\t\t\t\t\t<\/li>\n\t\t\t\t\t<li class=\"gallery-item col-3\" itemprop=\"associatedMedia\" itemscope itemtype=\"http:\/\/schema.org\/ImageObject\">\n\t\t\t\t\t\t<div class=\"gallery-icon landscape\"><a href=\"https:\/\/www.salzburgerland.com\/de\/wp-content\/uploads\/2021\/09\/rs3600_200408-slt-covid-mex_5014_1-scr.jpg\" title=\"Mozarts Geburtshaus\"><img decoding=\"async\" data-title=\"Mozarts Geburtshaus\" title=\"Mozarts Geburtshaus\" data-caption=\"Mozarts Geburtshaus\" width=\"1100\" height=\"658\" src=\"https:\/\/www.salzburgerland.com\/de\/wp-content\/uploads\/2021\/09\/rs3600_200408-slt-covid-mex_5014_1-scr-1100x658.jpg\" class=\"attachment-1170_658 size-1170_658\" alt=\"Ein sonniger, leerer Platz mit Kopfsteinpflaster und Mozarts Geburtshaus, ein gelbes Geb\u00e4ude, in Salzburg, \u00d6sterreich. (vergr\u00f6\u00dferte Ansicht)\" aria-describedby=\"figcaption-616078-632762\" itemprop=\"thumbnail\"><\/a><\/div>\n\t\t\t\t\t\t<span id=\"figcaption-616078-632762\" class=\"gallery-caption\" itemprop=\"caption\"><span aria-hidden=\"true\">Mozarts Geburtshaus<\/span><\/span>\n\t\t\t\t\t<\/li>\n\t\t\t\t\t<li class=\"gallery-item col-3\" itemprop=\"associatedMedia\" itemscope itemtype=\"http:\/\/schema.org\/ImageObject\">\n\t\t\t\t\t\t<div class=\"gallery-icon landscape\"><a href=\"https:\/\/www.salzburgerland.com\/de\/wp-content\/uploads\/2020\/03\/rs2882_2019-04-01-slt-makartplatz-by-michael-groessinger-img_8487-eine-ebene-1920x1067.jpg\" title=\"Makartplatz Magnolien \u00a9 SalzburgerLand Tourismus, Michael Groessinger\"><img decoding=\"async\" data-title=\"Dreifaltigkeitskirche am Makartplatz mit Magnolien \" title=\"Dreifaltigkeitskirche am Makartplatz mit Magnolien \" data-caption=\"Dreifaltigkeitskirche am Makartplatz mit Magnolien \" width=\"1170\" height=\"658\" src=\"https:\/\/www.salzburgerland.com\/de\/wp-content\/uploads\/2020\/03\/rs2882_2019-04-01-slt-makartplatz-by-michael-groessinger-img_8487-eine-ebene-1170x658.jpg\" class=\"attachment-1170_658 size-1170_658\" alt=\"Makartplatz Magnolien \u00a9 SalzburgerLand Tourismus, Michael Groessinger Makartplatz,Magnolien,Fr\u00fchling,Salzburg Stadt,Altstadt,Kultur,Bl\u00fctenf\u00fclle,aufbl\u00fchen,Natur,B\u00e4ume,Baum,Rasen,Wiese,Dreifaltigkeitskirche,Kirche,Rad (vergr\u00f6\u00dferte Ansicht)\" srcset=\"https:\/\/www.salzburgerland.com\/de\/wp-content\/uploads\/2020\/03\/rs2882_2019-04-01-slt-makartplatz-by-michael-groessinger-img_8487-eine-ebene-1170x658.jpg 1170w, https:\/\/www.salzburgerland.com\/de\/wp-content\/uploads\/2020\/03\/rs2882_2019-04-01-slt-makartplatz-by-michael-groessinger-img_8487-eine-ebene-1200x675.jpg 1200w\" sizes=\"(max-width: 1170px) 100vw, 1170px\" aria-describedby=\"figcaption-616078-454210\" itemprop=\"thumbnail\"><\/a><\/div>\n\t\t\t\t\t\t<span id=\"figcaption-616078-454210\" class=\"gallery-caption\" itemprop=\"caption\"><span aria-hidden=\"true\">Dreifaltigkeitskirche am Makartplatz mit Magnolien <\/span><\/span>\n\t\t\t\t\t<\/li>\n\t\t\t\t<\/ul>\n\t\t\t<\/div><!-- .gallery -->\n<\/li>\n<\/ul>\n<ul>\n<li>Wer auf eigene Faust einen<span>\u00a0<\/span><strong>Stadtrundgang<\/strong><span>\u00a0<\/span>machen m\u00f6chte, startet am besten in der Steingasse 31, wo Joseph Mohr aufgewachsen ist. Es geht stadteinw\u00e4rts und bald nach dem Inneren Steintor biegt die Route nach rechts auf die Imbergstiege ab und f\u00fchrt an der Kirche St. Johannes am Imberg vorbei zum Kapuzinerkloster. \u00dcber den <a href=\"https:\/\/stefan-zweig-zentrum.at\/de\/\" target=\"_blank\" rel=\"noopener\">Stefan-Zweig<\/a>-Weg setzt sich die kleine Stadtwanderung rechts abbiegend quer \u00fcber den Kapuzinerberg bis zum Franziskischl\u00f6ssl fort. In dessen Innenhof hat sich ein stimmiger kleiner Advent- und Kulinarikmarkt abseits des st\u00e4dtischen Trubels etabliert. Sind die Wege eisfrei, k\u00f6nnte die Route weiter nach Schallmoos und dann links abbiegend \u00fcber die Linzer Gasse zur\u00fcckf\u00fchren, sonst geht es auf dem Anstieg retour. In der Linzer Gasse liegt der friedvolle <a href=\"https:\/\/www.salzburg.info\/de\/sehenswertes\/kirchen-friedhoefe\/sebastianskirche-friedhof\" target=\"_blank\" rel=\"noopener\">Sebastiansfriedhof<\/a>, wo vermutlich die Mutter Joseph Mohrs begraben ist. Die Runde f\u00fchrt \u00fcber den Reitsamerplatz rechts abzweigend zur Dreifaltigkeitskirche und dem Priesterhaus, in dem Mohr w\u00e4hrend seiner Ausbildung zum Priester gewohnt hat. \u00dcber den Markartplatz und den Makartsteg geht es in die linke Altstadt. Hier geht man durch einen der Getreidegassen-Durchg\u00e4nge zur Kollegienkirche. Sie wurde von Fischer von Erlach gebaut, 1707 eingeweiht und von den napoleonischen Truppen w\u00e4hrend der franz\u00f6sischen Besatzungszeit demonstrativ als Heulager verwendet. Also genau zu jener Zeit, als Mohr das nahe Akademische Gymnasium besuchte und in St. Peter im Stiftschor sang. Der Weg f\u00fchrt \u00fcber die Franziskanergasse weiter zum Friedhof von St. Peter und zum Kapitelplatz. Rechts gegen\u00fcber lagern die wertvollen Stille-Nacht-Autographe im Archiv der Di\u00f6zese, im Dom steht links neben dem Eingang das Taufbecken, in dem, neben vielen anderen Salzburgern, auch Wolfgang Amadeus Mozart und Joseph Mohr im Abstand von nur 36 Jahren getauft wurden. Vom Dom ist es nicht weit ins Salzburg Museum in der Neuen Residenz.\n\t\t\t<div id=\"616078-4\" class=\"gallery gallery-616078 gallery-columns-3 gallery-size-1170_658\" itemscope itemtype=\"http:\/\/schema.org\/ImageGallery\">\n\t\t\t\t<ul class=\"gallery-row gallery-col-3 gallery-clear\">\n\t\t\t\t\t<li class=\"gallery-item col-3\" itemprop=\"associatedMedia\" itemscope itemtype=\"http:\/\/schema.org\/ImageObject\">\n\t\t\t\t\t\t<div class=\"gallery-icon landscape\"><a href=\"https:\/\/www.salzburgerland.com\/de\/wp-content\/uploads\/2016\/08\/kulinarik-stadtspaziergang-1920x1067.jpg\" title=\"Kulinarischer Stadtspaziergang\"><img decoding=\"async\" data-title=\"Bummeln durch die Getreidegasse in salzburg\" title=\"Bummeln durch die Getreidegasse in salzburg\" data-caption=\"Bummeln durch die Getreidegasse in salzburg\" width=\"1170\" height=\"658\" src=\"https:\/\/www.salzburgerland.com\/de\/wp-content\/uploads\/2016\/08\/kulinarik-stadtspaziergang-1170x658.jpg\" class=\"attachment-1170_658 size-1170_658\" alt=\"Junges Paar spaziert durch die Getreidegasse (vergr\u00f6\u00dferte Ansicht)\" aria-describedby=\"figcaption-616078-81475\" itemprop=\"thumbnail\"><\/a><\/div>\n\t\t\t\t\t\t<span id=\"figcaption-616078-81475\" class=\"gallery-caption\" itemprop=\"caption\"><span aria-hidden=\"true\">Bummeln durch die Getreidegasse in salzburg<\/span><\/span>\n\t\t\t\t\t<\/li>\n\t\t\t\t\t<li class=\"gallery-item col-3\" itemprop=\"associatedMedia\" itemscope itemtype=\"http:\/\/schema.org\/ImageObject\">\n\t\t\t\t\t\t<div class=\"gallery-icon landscape\"><a href=\"https:\/\/www.salzburgerland.com\/de\/wp-content\/uploads\/2019\/03\/rs2289_paerchen-moenchsberg_2-1920x1067.jpg\" title=\"RS2289_p\u00e4rchen-m\u00f6nchsberg_2\"><img decoding=\"async\" data-title=\"Spatziergang am M\u00f6nchsberg\" title=\"Spatziergang am M\u00f6nchsberg\" data-caption=\"Spatziergang am M\u00f6nchsberg\" width=\"1170\" height=\"658\" src=\"https:\/\/www.salzburgerland.com\/de\/wp-content\/uploads\/2019\/03\/rs2289_paerchen-moenchsberg_2-1170x658.jpg\" class=\"attachment-1170_658 size-1170_658\" alt=\"Ein l\u00e4chelndes Paar geht an einem Holzzaun, Stadtw\u00e4ldern und einer malerischen Stadt mit einer Burg im Hintergrund vorbei. (vergr\u00f6\u00dferte Ansicht)\" srcset=\"https:\/\/www.salzburgerland.com\/de\/wp-content\/uploads\/2019\/03\/rs2289_paerchen-moenchsberg_2-1170x658.jpg 1170w, https:\/\/www.salzburgerland.com\/de\/wp-content\/uploads\/2019\/03\/rs2289_paerchen-moenchsberg_2-1200x675.jpg 1200w\" sizes=\"(max-width: 1170px) 100vw, 1170px\" aria-describedby=\"figcaption-616078-352003\" itemprop=\"thumbnail\"><\/a><\/div>\n\t\t\t\t\t\t<span id=\"figcaption-616078-352003\" class=\"gallery-caption\" itemprop=\"caption\"><span aria-hidden=\"true\">Spatziergang am M\u00f6nchsberg<\/span><\/span>\n\t\t\t\t\t<\/li>\n\t\t\t\t\t<li class=\"gallery-item col-3\" itemprop=\"associatedMedia\" itemscope itemtype=\"http:\/\/schema.org\/ImageObject\">\n\t\t\t\t\t\t<div class=\"gallery-icon landscape\"><a href=\"https:\/\/www.salzburgerland.com\/de\/wp-content\/uploads\/2021\/04\/slt_nextstopsalzburg_june19_19-1920x1067.jpg\" title=\"Festung Hohensalzburg\"><img decoding=\"async\" data-title=\"Festung Hohensalzburg\" title=\"Festung Hohensalzburg\" data-caption=\"Festung Hohensalzburg\" width=\"1170\" height=\"658\" src=\"https:\/\/www.salzburgerland.com\/de\/wp-content\/uploads\/2021\/04\/slt_nextstopsalzburg_june19_19-1170x658.jpg\" class=\"attachment-1170_658 size-1170_658\" alt=\"Festung Hohensalzburg (vergr\u00f6\u00dferte Ansicht)\" srcset=\"https:\/\/www.salzburgerland.com\/de\/wp-content\/uploads\/2021\/04\/slt_nextstopsalzburg_june19_19-1170x658.jpg 1170w, https:\/\/www.salzburgerland.com\/de\/wp-content\/uploads\/2021\/04\/slt_nextstopsalzburg_june19_19-768x432.jpg 768w, https:\/\/www.salzburgerland.com\/de\/wp-content\/uploads\/2021\/04\/slt_nextstopsalzburg_june19_19-1536x864.jpg 1536w, https:\/\/www.salzburgerland.com\/de\/wp-content\/uploads\/2021\/04\/slt_nextstopsalzburg_june19_19-150x84.jpg 150w, https:\/\/www.salzburgerland.com\/de\/wp-content\/uploads\/2021\/04\/slt_nextstopsalzburg_june19_19-1200x675.jpg 1200w, https:\/\/www.salzburgerland.com\/de\/wp-content\/uploads\/2021\/04\/slt_nextstopsalzburg_june19_19.jpg 1920w\" sizes=\"(max-width: 1170px) 100vw, 1170px\" aria-describedby=\"figcaption-616078-554531\" itemprop=\"thumbnail\"><\/a><\/div>\n\t\t\t\t\t\t<span id=\"figcaption-616078-554531\" class=\"gallery-caption\" itemprop=\"caption\"><span aria-hidden=\"true\">Festung Hohensalzburg<\/span><\/span>\n\t\t\t\t\t<\/li>\n\t\t\t\t<\/ul>\n\t\t\t<\/div><!-- .gallery -->\n<\/li>\n<li>Das ber\u00fchmte<span>\u00a0<\/span><strong>Salzburger Adventsingen<\/strong>\u00a0im Gro\u00dfen Festspielhaus begeistert allj\u00e4hrlich rund 36.000 G\u00e4ste aus \u00fcber 40 L\u00e4ndern aller Welt. Tickets und Informationen unter:<span>\u00a0<\/span><a href=\"http:\/\/www.salzburgeradventsingen.at\/\" target=\"_blank\" rel=\"noopener\">www.salzburgeradventsingen.at<\/a><\/li>\n<li>Das ber\u00fchmte<span>\u00a0<\/span><a href=\"https:\/\/www.salzburgmuseum.at\/glockenspiel\/\" target=\"_blank\" rel=\"noopener\"><strong>Salzburger Glockenspiel<\/strong><\/a><span>\u00a0<\/span>spielt am 24. Dezember um 7.00, 11.00 und 18.00 Uhr die Melodie von \u201eStille Nacht! Heilige Nacht!\u201c. In den Kirchen wird zur Christmette traditionell die Originalversion von \u201eStille Nacht! Heilige Nacht!\u201c gesungen.<\/li>\n<\/ul>\n<p>Infos rund um die Stadt Salzburg: <a href=\"https:\/\/ww.salzburg.info\" target=\"_blank\" rel=\"noopener\">ww.salzburg.info<\/a><\/p>\n<h2><a href=\"https:\/\/www.salzburgerland.com\/de\/stille-nacht-kirchen-360-panorama\/\" target=\"_blank\" rel=\"noopener\"><span>Erleben Sie interaktive 360\u00b0 Innenansichten der sch\u00f6nsten Stille Nacht-Sakralgeb\u00e4ude!<\/span><\/a><\/h2>\n","protected":false},"excerpt":{"rendered":"<p>Joseph Mohr wurde am 11. Dezember 1792 als uneheliches Kind der Strickerin Anna Schoiber und eines Musketiers der f\u00fcrsterzbisch\u00f6flichen Garde in Salzburg geboren und hat in der Steingasse 31 in der Bischofsstadt Salzburg gelebt. Dort verbrachte er seine Kindheit und Schulzeit in \u00e4rmsten Verh\u00e4ltnissen. Seinen Vater hat er niemals kennengelernt. Getauft wurde er nur wenige [&hellip;]<\/p>\n","protected":false},"author":84,"featured_media":104937,"comment_status":"closed","ping_status":"closed","sticky":false,"template":"","format":"standard","meta":{"_acf_changed":false,"wl_entities_gutenberg":"","_relevanssi_hide_post":"","_relevanssi_hide_content":"","_relevanssi_pin_for_all":"","_relevanssi_pin_keywords":"","_relevanssi_unpin_keywords":"","_relevanssi_related_keywords":"","_relevanssi_related_include_ids":"","_relevanssi_related_exclude_ids":"","_relevanssi_related_no_append":"","_relevanssi_related_not_related":"","_relevanssi_related_posts":"","_relevanssi_noindex_reason":"","footnotes":""},"categories":[1],"tags":[],"wl_entity_type":[11495],"class_list":["post-616078","post","type-post","status-publish","format-standard","has-post-thumbnail","hentry","category-allgemein","wl_entity_type-article"],"acf":[],"yoast_head":"<!-- This site is optimized with the Yoast SEO Premium plugin v26.9 (Yoast SEO v26.9) - https:\/\/yoast.com\/product\/yoast-seo-premium-wordpress\/ -->\n<title>Salzburg \u00bb SalzburgerLand.com<\/title>\n<meta name=\"robots\" content=\"index, follow, max-snippet:-1, max-image-preview:large, max-video-preview:-1\" \/>\n<link rel=\"canonical\" href=\"https:\/\/www.salzburgerland.com\/de\/wp-json\/wp\/v2\/posts\/616078\" \/>\n<meta property=\"og:locale\" content=\"de_DE\" \/>\n<meta property=\"og:type\" content=\"article\" \/>\n<meta property=\"og:title\" content=\"Salzburg\" \/>\n<meta property=\"og:description\" content=\"Kindheit und Jugendjahre von Joseph Mohr\" \/>\n<meta property=\"og:url\" content=\"https:\/\/www.salzburgerland.com\/de\/wp-json\/wp\/v2\/posts\/616078\" \/>\n<meta property=\"og:site_name\" content=\"SalzburgerLand.com\" \/>\n<meta property=\"article:publisher\" content=\"https:\/\/www.facebook.com\/salzburgerland\/\" \/>\n<meta property=\"article:published_time\" content=\"2021-09-24T08:43:41+00:00\" \/>\n<meta property=\"article:modified_time\" content=\"2022-08-04T06:31:22+00:00\" \/>\n<meta property=\"og:image\" content=\"https:\/\/www.salzburgerland.com\/de\/wp-content\/uploads\/2016\/08\/stadt_salzburg_winter-e1632472616202-1200x675.jpg\" \/>\n\t<meta property=\"og:image:width\" content=\"1200\" \/>\n\t<meta property=\"og:image:height\" content=\"675\" \/>\n\t<meta property=\"og:image:type\" content=\"image\/jpeg\" \/>\n<meta name=\"author\" content=\"Stefanie Gschwandtner\" \/>\n<meta name=\"twitter:card\" content=\"summary_large_image\" \/>\n<meta name=\"twitter:creator\" content=\"@szimmerebner\" \/>\n<meta name=\"twitter:site\" content=\"@Salzburgerland\" \/>\n<meta name=\"twitter:label1\" content=\"Verfasst von\" \/>\n\t<meta name=\"twitter:data1\" content=\"Stefanie Gschwandtner\" \/>\n\t<meta name=\"twitter:label2\" content=\"Gesch\u00e4tzte Lesezeit\" \/>\n\t<meta name=\"twitter:data2\" content=\"7\u00a0Minuten\" \/>\n<script type=\"application\/ld+json\" class=\"yoast-schema-graph\">{\"@context\":\"https:\/\/schema.org\",\"@graph\":[{\"@type\":\"WebPage\",\"@id\":\"https:\/\/www.salzburgerland.com\/de\/salzburg-stille-nacht\/\",\"url\":\"https:\/\/www.salzburgerland.com\/de\/salzburg-stille-nacht\/\",\"name\":\"Salzburg \u00bb SalzburgerLand.com\",\"isPartOf\":{\"@id\":\"https:\/\/www.salzburgerland.com\/de\/#website\"},\"primaryImageOfPage\":{\"@id\":\"https:\/\/www.salzburgerland.com\/de\/salzburg-stille-nacht\/#primaryimage\"},\"image\":{\"@id\":\"https:\/\/www.salzburgerland.com\/de\/salzburg-stille-nacht\/#primaryimage\"},\"thumbnailUrl\":\"https:\/\/www.salzburgerland.com\/de\/wp-content\/uploads\/2016\/08\/stadt_salzburg_winter-e1632472616202.jpg\",\"datePublished\":\"2021-09-24T08:43:41+00:00\",\"dateModified\":\"2022-08-04T06:31:22+00:00\",\"description\":\"Kindheit und Jugendjahre von Joseph Mohr\",\"breadcrumb\":{\"@id\":\"https:\/\/www.salzburgerland.com\/de\/salzburg-stille-nacht\/#breadcrumb\"},\"inLanguage\":\"de\",\"potentialAction\":[{\"@type\":\"ReadAction\",\"target\":[\"https:\/\/www.salzburgerland.com\/de\/salzburg-stille-nacht\/\"]}]},{\"@type\":\"ImageObject\",\"inLanguage\":\"de\",\"@id\":\"https:\/\/www.salzburgerland.com\/de\/salzburg-stille-nacht\/#primaryimage\",\"url\":\"https:\/\/www.salzburgerland.com\/de\/wp-content\/uploads\/2016\/08\/stadt_salzburg_winter-e1632472616202.jpg\",\"contentUrl\":\"https:\/\/www.salzburgerland.com\/de\/wp-content\/uploads\/2016\/08\/stadt_salzburg_winter-e1632472616202.jpg\",\"width\":1920,\"height\":1157,\"caption\":\"&copy; Tourismus Salzburg GmbH, Guenter Breitegger - Stadtpanorama im Winter\"},{\"@type\":\"BreadcrumbList\",\"@id\":\"https:\/\/www.salzburgerland.com\/de\/salzburg-stille-nacht\/#breadcrumb\",\"itemListElement\":[{\"@type\":\"ListItem\",\"position\":1,\"name\":\"Stille Nacht! Heilige Nacht!\",\"item\":\"https:\/\/www.salzburgerland.com\/de\/stille-nacht\/\"},{\"@type\":\"ListItem\",\"position\":2,\"name\":\"Salzburg\"}]},{\"@type\":\"WebSite\",\"@id\":\"https:\/\/www.salzburgerland.com\/de\/#website\",\"url\":\"https:\/\/www.salzburgerland.com\/de\/\",\"name\":\"SalzburgerLand.com\",\"description\":\"Ihr Urlaub in Salzburg, \u00d6sterreich\",\"publisher\":{\"@id\":\"https:\/\/www.salzburgerland.com\/de\/#organization\"},\"potentialAction\":[{\"@type\":\"SearchAction\",\"target\":{\"@type\":\"EntryPoint\",\"urlTemplate\":\"https:\/\/www.salzburgerland.com\/de\/?s={search_term_string}\"},\"query-input\":{\"@type\":\"PropertyValueSpecification\",\"valueRequired\":true,\"valueName\":\"search_term_string\"}}],\"inLanguage\":\"de\"},{\"@type\":\"Organization\",\"@id\":\"https:\/\/www.salzburgerland.com\/de\/#organization\",\"name\":\"SalzburgerLand Tourismus GmbH\",\"url\":\"https:\/\/www.salzburgerland.com\/de\/\",\"logo\":{\"@type\":\"ImageObject\",\"inLanguage\":\"de\",\"@id\":\"https:\/\/www.salzburgerland.com\/de\/#\/schema\/logo\/image\/\",\"url\":\"https:\/\/www.salzburgerland.com\/de\/wp-content\/uploads\/2017\/01\/salzburgerland-logo.jpg\",\"contentUrl\":\"https:\/\/www.salzburgerland.com\/de\/wp-content\/uploads\/2017\/01\/salzburgerland-logo.jpg\",\"width\":1920,\"height\":827,\"caption\":\"SalzburgerLand Tourismus GmbH\"},\"image\":{\"@id\":\"https:\/\/www.salzburgerland.com\/de\/#\/schema\/logo\/image\/\"},\"sameAs\":[\"https:\/\/www.facebook.com\/salzburgerland\/\",\"https:\/\/x.com\/Salzburgerland\",\"https:\/\/www.instagram.com\/salzburgerland\/\",\"http:\/\/dbpedia.org\/resource\/Salzburg_(state)\",\"http:\/\/wikidata.dbpedia.org\/resource\/Q43325\",\"http:\/\/open.salzburgerland.com\/de\/entity\/salzburgerland\",\"https:\/\/www.youtube.com\/user\/salzburgerland\"]},{\"@type\":\"Person\",\"@id\":\"https:\/\/www.salzburgerland.com\/de\/#\/schema\/person\/341c767951f29c944985e07f82521a7c\",\"name\":\"Stefanie Gschwandtner\",\"image\":{\"@type\":\"ImageObject\",\"inLanguage\":\"de\",\"@id\":\"https:\/\/www.salzburgerland.com\/de\/#\/schema\/person\/image\/\",\"url\":\"https:\/\/secure.gravatar.com\/avatar\/3e5487886577b8a9e70b9a637ff7fa5b16d2bb45b55f900a12f05abf6f50ca85?s=96&d=mm&r=g\",\"contentUrl\":\"https:\/\/secure.gravatar.com\/avatar\/3e5487886577b8a9e70b9a637ff7fa5b16d2bb45b55f900a12f05abf6f50ca85?s=96&d=mm&r=g\",\"caption\":\"Stefanie Gschwandtner\"},\"sameAs\":[\"https:\/\/x.com\/szimmerebner\"]}]}<\/script>\n<!-- \/ Yoast SEO Premium plugin. -->","yoast_head_json":{"title":"Salzburg \u00bb SalzburgerLand.com","robots":{"index":"index","follow":"follow","max-snippet":"max-snippet:-1","max-image-preview":"max-image-preview:large","max-video-preview":"max-video-preview:-1"},"canonical":"https:\/\/www.salzburgerland.com\/de\/wp-json\/wp\/v2\/posts\/616078","og_locale":"de_DE","og_type":"article","og_title":"Salzburg","og_description":"Kindheit und Jugendjahre von Joseph Mohr","og_url":"https:\/\/www.salzburgerland.com\/de\/wp-json\/wp\/v2\/posts\/616078","og_site_name":"SalzburgerLand.com","article_publisher":"https:\/\/www.facebook.com\/salzburgerland\/","article_published_time":"2021-09-24T08:43:41+00:00","article_modified_time":"2022-08-04T06:31:22+00:00","og_image":[{"width":1200,"height":675,"url":"https:\/\/www.salzburgerland.com\/de\/wp-content\/uploads\/2016\/08\/stadt_salzburg_winter-e1632472616202-1200x675.jpg","type":"image\/jpeg"}],"author":"Stefanie Gschwandtner","twitter_card":"summary_large_image","twitter_creator":"@szimmerebner","twitter_site":"@Salzburgerland","twitter_misc":{"Verfasst von":"Stefanie Gschwandtner","Gesch\u00e4tzte Lesezeit":"7\u00a0Minuten"},"schema":{"@context":"https:\/\/schema.org","@graph":[{"@type":"WebPage","@id":"https:\/\/www.salzburgerland.com\/de\/salzburg-stille-nacht\/","url":"https:\/\/www.salzburgerland.com\/de\/salzburg-stille-nacht\/","name":"Salzburg \u00bb SalzburgerLand.com","isPartOf":{"@id":"https:\/\/www.salzburgerland.com\/de\/#website"},"primaryImageOfPage":{"@id":"https:\/\/www.salzburgerland.com\/de\/salzburg-stille-nacht\/#primaryimage"},"image":{"@id":"https:\/\/www.salzburgerland.com\/de\/salzburg-stille-nacht\/#primaryimage"},"thumbnailUrl":"https:\/\/www.salzburgerland.com\/de\/wp-content\/uploads\/2016\/08\/stadt_salzburg_winter-e1632472616202.jpg","datePublished":"2021-09-24T08:43:41+00:00","dateModified":"2022-08-04T06:31:22+00:00","description":"Kindheit und Jugendjahre von Joseph Mohr","breadcrumb":{"@id":"https:\/\/www.salzburgerland.com\/de\/salzburg-stille-nacht\/#breadcrumb"},"inLanguage":"de","potentialAction":[{"@type":"ReadAction","target":["https:\/\/www.salzburgerland.com\/de\/salzburg-stille-nacht\/"]}]},{"@type":"ImageObject","inLanguage":"de","@id":"https:\/\/www.salzburgerland.com\/de\/salzburg-stille-nacht\/#primaryimage","url":"https:\/\/www.salzburgerland.com\/de\/wp-content\/uploads\/2016\/08\/stadt_salzburg_winter-e1632472616202.jpg","contentUrl":"https:\/\/www.salzburgerland.com\/de\/wp-content\/uploads\/2016\/08\/stadt_salzburg_winter-e1632472616202.jpg","width":1920,"height":1157,"caption":"&copy; Tourismus Salzburg GmbH, Guenter Breitegger - Stadtpanorama im Winter"},{"@type":"BreadcrumbList","@id":"https:\/\/www.salzburgerland.com\/de\/salzburg-stille-nacht\/#breadcrumb","itemListElement":[{"@type":"ListItem","position":1,"name":"Stille Nacht! Heilige Nacht!","item":"https:\/\/www.salzburgerland.com\/de\/stille-nacht\/"},{"@type":"ListItem","position":2,"name":"Salzburg"}]},{"@type":"WebSite","@id":"https:\/\/www.salzburgerland.com\/de\/#website","url":"https:\/\/www.salzburgerland.com\/de\/","name":"SalzburgerLand.com","description":"Ihr Urlaub in Salzburg, \u00d6sterreich","publisher":{"@id":"https:\/\/www.salzburgerland.com\/de\/#organization"},"potentialAction":[{"@type":"SearchAction","target":{"@type":"EntryPoint","urlTemplate":"https:\/\/www.salzburgerland.com\/de\/?s={search_term_string}"},"query-input":{"@type":"PropertyValueSpecification","valueRequired":true,"valueName":"search_term_string"}}],"inLanguage":"de"},{"@type":"Organization","@id":"https:\/\/www.salzburgerland.com\/de\/#organization","name":"SalzburgerLand Tourismus GmbH","url":"https:\/\/www.salzburgerland.com\/de\/","logo":{"@type":"ImageObject","inLanguage":"de","@id":"https:\/\/www.salzburgerland.com\/de\/#\/schema\/logo\/image\/","url":"https:\/\/www.salzburgerland.com\/de\/wp-content\/uploads\/2017\/01\/salzburgerland-logo.jpg","contentUrl":"https:\/\/www.salzburgerland.com\/de\/wp-content\/uploads\/2017\/01\/salzburgerland-logo.jpg","width":1920,"height":827,"caption":"SalzburgerLand Tourismus GmbH"},"image":{"@id":"https:\/\/www.salzburgerland.com\/de\/#\/schema\/logo\/image\/"},"sameAs":["https:\/\/www.facebook.com\/salzburgerland\/","https:\/\/x.com\/Salzburgerland","https:\/\/www.instagram.com\/salzburgerland\/","http:\/\/dbpedia.org\/resource\/Salzburg_(state)","http:\/\/wikidata.dbpedia.org\/resource\/Q43325","http:\/\/open.salzburgerland.com\/de\/entity\/salzburgerland","https:\/\/www.youtube.com\/user\/salzburgerland"]},{"@type":"Person","@id":"https:\/\/www.salzburgerland.com\/de\/#\/schema\/person\/341c767951f29c944985e07f82521a7c","name":"Stefanie Gschwandtner","image":{"@type":"ImageObject","inLanguage":"de","@id":"https:\/\/www.salzburgerland.com\/de\/#\/schema\/person\/image\/","url":"https:\/\/secure.gravatar.com\/avatar\/3e5487886577b8a9e70b9a637ff7fa5b16d2bb45b55f900a12f05abf6f50ca85?s=96&d=mm&r=g","contentUrl":"https:\/\/secure.gravatar.com\/avatar\/3e5487886577b8a9e70b9a637ff7fa5b16d2bb45b55f900a12f05abf6f50ca85?s=96&d=mm&r=g","caption":"Stefanie Gschwandtner"},"sameAs":["https:\/\/x.com\/szimmerebner"]}]}},"_wl_alt_label":[],"wl:entity_url":"http:\/\/open.salzburgerland.com\/de\/post\/salzburg","_links":{"self":[{"href":"https:\/\/www.salzburgerland.com\/de\/wp-json\/wp\/v2\/posts\/616078","targetHints":{"allow":["GET"]}}],"collection":[{"href":"https:\/\/www.salzburgerland.com\/de\/wp-json\/wp\/v2\/posts"}],"about":[{"href":"https:\/\/www.salzburgerland.com\/de\/wp-json\/wp\/v2\/types\/post"}],"author":[{"embeddable":true,"href":"https:\/\/www.salzburgerland.com\/de\/wp-json\/wp\/v2\/users\/84"}],"replies":[{"embeddable":true,"href":"https:\/\/www.salzburgerland.com\/de\/wp-json\/wp\/v2\/comments?post=616078"}],"version-history":[{"count":5,"href":"https:\/\/www.salzburgerland.com\/de\/wp-json\/wp\/v2\/posts\/616078\/revisions"}],"predecessor-version":[{"id":655277,"href":"https:\/\/www.salzburgerland.com\/de\/wp-json\/wp\/v2\/posts\/616078\/revisions\/655277"}],"wp:featuredmedia":[{"embeddable":true,"href":"https:\/\/www.salzburgerland.com\/de\/wp-json\/wp\/v2\/media\/104937"}],"wp:attachment":[{"href":"https:\/\/www.salzburgerland.com\/de\/wp-json\/wp\/v2\/media?parent=616078"}],"wp:term":[{"taxonomy":"category","embeddable":true,"href":"https:\/\/www.salzburgerland.com\/de\/wp-json\/wp\/v2\/categories?post=616078"},{"taxonomy":"post_tag","embeddable":true,"href":"https:\/\/www.salzburgerland.com\/de\/wp-json\/wp\/v2\/tags?post=616078"},{"taxonomy":"wl_entity_type","embeddable":true,"href":"https:\/\/www.salzburgerland.com\/de\/wp-json\/wp\/v2\/wl_entity_type?post=616078"}],"curies":[{"name":"wp","href":"https:\/\/api.w.org\/{rel}","templated":true}]}}