{"id":615730,"date":"2021-09-24T09:05:50","date_gmt":"2021-09-24T07:05:50","guid":{"rendered":"https:\/\/www.salzburgerland.com\/de\/?p=615730"},"modified":"2023-07-31T13:44:46","modified_gmt":"2023-07-31T11:44:46","slug":"arnsdorf","status":"publish","type":"post","link":"https:\/\/www.salzburgerland.com\/de\/arnsdorf\/","title":{"rendered":"Arnsdorf"},"content":{"rendered":"<p>Die alte Volksschule in Arnsdorf beherbergt einen wundervollen Schatz: das ausgezeichnete Stille-Nacht-Museum! \u00dcber knarzende Stufen geht es in den ersten Stock und dort in die ehemaligen Wohnr\u00e4ume von Franz Xaver Gruber, wo er von 1807 bis 1826 gemeinsam mit seiner ersten Frau, ab 1829 mit seiner zweiten Frau und den Kindern lebte. Hier hat er mit gr\u00f6\u00dfter Wahrscheinlichkeit am Nachmittag des 24. Dezember 1818 auch die Melodie von \u201eStille Nacht! Heilige Nacht!\u201c komponiert. Franz Xaver Gruber galt als ausgezeichneter Lehrer, doch seine gro\u00dfe Liebe galt der Musik: Und hier war er in Arnsdorf goldrichtig!<\/p>\n<h2>Wallfahrt und ein Ort der Begegnung<\/h2>\n<p>Denn das Wallfahrtswesen in \u201eMaria im M\u00f6sl\u201c in Arnsdorf spielte zur Zeit Franz Xaver Grubers noch eine wichtige Rolle. Der kleine Ort in der N\u00e4he von Oberndorf war \u00fcber Jahrhunderte hinweg ein weit \u00fcber die Grenzen hinaus bekannter Ort: Sogar Pilger aus dem entfernten Rom kamen zur Kirche \u201eMaria im M\u00f6sl\u201c und jeder neu gew\u00e4hlte Salzburger Erzbischof macht sich bis heute als erstes zu einer Fu\u00dfwallfahrt hierher auf.<\/p>\n<p><iframe title=\"Wie war das damals, Herr Lehrer? - Erlebe eine Schulstunde anno 1818 in #StilleNachtArnsdorf\" width=\"500\" height=\"281\" src=\"https:\/\/www.youtube-nocookie.com\/embed\/MFCQ9tbMhWQ?feature=oembed&amp;rel=0&amp;modestbranding=1\" frameborder=\"0\" allow=\"accelerometer; autoplay; clipboard-write; encrypted-media; gyroscope; picture-in-picture; web-share\" referrerpolicy=\"strict-origin-when-cross-origin\" allowfullscreen><\/iframe><\/p>\n<p>\u00a0<\/p>\n<h2>Stille Nacht in Arnsdorf auf einen Blick<\/h2>\n<ul>\n<li><a href=\"https:\/\/www.salzburgerland.com\/de\/stille-nacht-museum-arnsdorf\/\" target=\"_blank\" rel=\"noopener\">Stille-Nacht-Museum Arnsdorf in der Gruberschule<\/a><\/li>\n<li>Wallfahrtskirche \u201cMaria im M\u00f6sl\u201d<\/li>\n<li>Stille-Nacht-Glockenspiel<\/li>\n<\/ul>\n<p><strong>Kontakt:<br>\n<\/strong><span id=\"urn:enhancement-79e68544-3f42-4c67-a392-80f86326cc24\" class=\"textannotation\">Stille Nacht Museum Arnsdorf<br>\n<\/span>Stille Nacht Platz 1, 5112 Lamprechtshausen\/<span id=\"urn:enhancement-d9ebefa7-5a95-41f2-9180-4707ff282132\" class=\"textannotation\">Arnsdorf<br>\n<\/span>T +43 664 15 89 400<br>\n<a href=\"mailto:office@stillenachtarnsdorf.at\" target=\"_blank\" rel=\"noopener\">office@stillenachtarnsdorf.at<\/a><br>\n<a href=\"http:\/\/www.stillenachtarnsdorf.at\" target=\"_blank\" rel=\"noopener\">www.stillenachtarnsdorf.at<\/a><\/p>\n\n\t\t\t<div id=\"615730-1\" class=\"gallery gallery-615730 gallery-columns-3 gallery-size-1170_658\" itemscope itemtype=\"http:\/\/schema.org\/ImageGallery\">\n\t\t\t\t<ul class=\"gallery-row gallery-col-3 gallery-clear\">\n\t\t\t\t\t<li class=\"gallery-item col-3\" itemprop=\"associatedMedia\" itemscope itemtype=\"http:\/\/schema.org\/ImageObject\">\n\t\t\t\t\t\t<div class=\"gallery-icon landscape\"><a href=\"https:\/\/www.salzburgerland.com\/de\/wp-content\/uploads\/2021\/09\/stille-nacht-arnsdorf_orgel-1920x1067.jpg\" title=\"Stille-Nacht-Franz-Xaver-Gruber-Orgel-Arnsdorf\"><img decoding=\"async\" data-title=\"Franz-Xaver-Gruber-Orgel in Arnsdorf\" title=\"Franz-Xaver-Gruber-Orgel in Arnsdorf\" data-caption=\"Franz-Xaver-Gruber-Orgel in Arnsdorf\" width=\"1170\" height=\"658\" src=\"https:\/\/www.salzburgerland.com\/de\/wp-content\/uploads\/2021\/09\/stille-nacht-arnsdorf_orgel-1170x658.jpg\" class=\"attachment-1170_658 size-1170_658\" alt=\"Franz-Xaver-Gruber-Orgel in Arnsdorf (vergr\u00f6\u00dferte Ansicht)\" srcset=\"https:\/\/www.salzburgerland.com\/de\/wp-content\/uploads\/2021\/09\/stille-nacht-arnsdorf_orgel-1170x658.jpg 1170w, https:\/\/www.salzburgerland.com\/de\/wp-content\/uploads\/2021\/09\/stille-nacht-arnsdorf_orgel-1200x675.jpg 1200w\" sizes=\"(max-width: 1170px) 100vw, 1170px\" aria-describedby=\"figcaption-615730-615732\" itemprop=\"thumbnail\"><\/a><\/div>\n\t\t\t\t\t\t<span id=\"figcaption-615730-615732\" class=\"gallery-caption\" itemprop=\"caption\"><span aria-hidden=\"true\">Franz-Xaver-Gruber-Orgel in Arnsdorf<\/span><\/span>\n\t\t\t\t\t<\/li>\n\t\t\t\t\t<li class=\"gallery-item col-3\" itemprop=\"associatedMedia\" itemscope itemtype=\"http:\/\/schema.org\/ImageObject\">\n\t\t\t\t\t\t<div class=\"gallery-icon landscape\"><a href=\"https:\/\/www.salzburgerland.com\/de\/wp-content\/uploads\/2016\/08\/salzburgerland_arnsdorf_rs1071_krippe02-scr.jpg\" title=\"Originalkrippe - Arnsdorf\"><img decoding=\"async\" data-title=\"Stille Nacht-Originalkrippe\" title=\"Stille Nacht-Originalkrippe\" data-caption=\"Stille Nacht-Originalkrippe\" width=\"1100\" height=\"658\" src=\"https:\/\/www.salzburgerland.com\/de\/wp-content\/uploads\/2016\/08\/salzburgerland_arnsdorf_rs1071_krippe02-scr-1100x658.jpg\" class=\"attachment-1170_658 size-1170_658\" alt=\"Stille Nacht (vergr\u00f6\u00dferte Ansicht)\" aria-describedby=\"figcaption-615730-104344\" itemprop=\"thumbnail\"><\/a><\/div>\n\t\t\t\t\t\t<span id=\"figcaption-615730-104344\" class=\"gallery-caption\" itemprop=\"caption\"><span aria-hidden=\"true\">Stille Nacht-Originalkrippe<\/span><\/span>\n\t\t\t\t\t<\/li>\n\t\t\t\t\t<li class=\"gallery-item col-3\" itemprop=\"associatedMedia\" itemscope itemtype=\"http:\/\/schema.org\/ImageObject\">\n\t\t\t\t\t\t<div class=\"gallery-icon landscape\"><a href=\"https:\/\/www.salzburgerland.com\/de\/wp-content\/uploads\/2021\/09\/stille-nacht-arnsdorf-kueche_stube-1920x1067.jpg\" title=\"stille-nacht-Arnsdorf-K\u00fcche_Stube\"><img decoding=\"async\" data-title=\"Stube im Stille-Nacht-Museum in Arnsdorf\" title=\"Stube im Stille-Nacht-Museum in Arnsdorf\" data-caption=\"Stube im Stille-Nacht-Museum in Arnsdorf\" width=\"1170\" height=\"658\" src=\"https:\/\/www.salzburgerland.com\/de\/wp-content\/uploads\/2021\/09\/stille-nacht-arnsdorf-kueche_stube-1170x658.jpg\" class=\"attachment-1170_658 size-1170_658\" alt=\"Eine rustikale K\u00fcche mit Holzm\u00f6beln, einer Bank, einem Tisch und einem alten Herd mit T\u00f6pfen auf einem Steinherd. (vergr\u00f6\u00dferte Ansicht)\" srcset=\"https:\/\/www.salzburgerland.com\/de\/wp-content\/uploads\/2021\/09\/stille-nacht-arnsdorf-kueche_stube-1170x658.jpg 1170w, https:\/\/www.salzburgerland.com\/de\/wp-content\/uploads\/2021\/09\/stille-nacht-arnsdorf-kueche_stube-1200x675.jpg 1200w\" sizes=\"(max-width: 1170px) 100vw, 1170px\" aria-describedby=\"figcaption-615730-615733\" itemprop=\"thumbnail\"><\/a><\/div>\n\t\t\t\t\t\t<span id=\"figcaption-615730-615733\" class=\"gallery-caption\" itemprop=\"caption\"><span aria-hidden=\"true\">Stube im Stille-Nacht-Museum in Arnsdorf<\/span><\/span>\n\t\t\t\t\t<\/li>\n\t\t\t\t<\/ul>\n\t\t\t<\/div><!-- .gallery -->\n\n<p><span>Die wirtschaftliche Lage und die Zukunftsperspektiven der Region waren schlecht, die Voraussetzungen f\u00fcr eine florierende Wallfahrt umso besser. Franz Xaver Gruber war in Arnsdorf nicht nur Lehrer, als Mesner und Organist stand er auch im Dienste der Pilger. Manchmal mussten mehrere Messen am Tag betreut werden. H\u00f6hepunkt war das 300-Jahr- Jubil\u00e4umsfest der Wallfahrtskirche im Jahre 1820, zu dem 20.000 Besucher kamen. Die \u00c4bte des Klosters Michaelbeuern, dem die Kirche unterstand, und von St. Peter lauschten den Darbietungen des Orchesters unter der Leitung Grubers. So war Arnsdorf schon immer ein Ort der Begegnung. Ein Umstand, den auch Michael Haydn ausn\u00fctzte, um hier mit Pfarrer Rettensteiner Lieder in deutscher Sprache zu singen. Eine Novit\u00e4t, genauso wie der vierstimmige M\u00e4nnergesang, der zu den wichtigsten musikalischen Neuentwicklungen des 19. Jahrhunderts z\u00e4hlt.<\/span><\/p>\n<h2>Im Schulhaus entstand die ber\u00fchmte Melodie<\/h2>\n<p>Als Franz Xaver Gruber 1807 seine erste Lehrerstelle in Arnsdorf erhielt, \u00fcbernahm er zugleich auch die Funktion des Mesners und des Organisten. Dass er ab 1816 noch Organist in der St. Nikola Kirche in Oberdorf sein konnte, d\u00fcrfte nur m\u00f6glich gewesen sein, weil sein Stiefsohn Anton D\u00fcrnberger ihn zeitweise in Arnsdorf vertreten hat. Nur ein Jahr sp\u00e4ter kam ein neuer Hilfspriester nach Oberndorf: Joseph Mohr. Schnell scheint sich eine Freundschaft zwischen den zwei M\u00e4nnern entwickelt zu haben. Die Musik war ein wichtiger Bestandteil dieser Verbindung.<\/p>\n<p>Die Schule in Arnsdorf galt laut einem Schulbericht von 1821 als die beste im ganzen Bezirk, da die Kinder in \u201ebewunderungsw\u00fcrdiger Fertigkeit\u201c ihre Antworten gaben. Allerdings war es um die Besuchsmoral nicht besonders gut bestellt, weil die Bauern ihre Kinder aus Kostengr\u00fcnden lieber zu Hause besch\u00e4ftigten. Zudem musste Schulgeld bezahlt werden: Und die l\u00e4ndliche Bev\u00f6lkerung litt schwer unter den Teuerungen. Franz Xaver Gruber schielte daher auch auf die vakante Lehrerstelle in Oberndorf, wo er auch als Organist t\u00e4tig war. Dieser Wunsch erf\u00fcllte sich nicht: 1829 wechselte er nach Berndorf.<\/p>\n\n\t\t\t<div id=\"615730-2\" class=\"gallery gallery-615730 gallery-columns-3 gallery-size-1170_658\" itemscope itemtype=\"http:\/\/schema.org\/ImageGallery\">\n\t\t\t\t<ul class=\"gallery-row gallery-col-3 gallery-clear\">\n\t\t\t\t\t<li class=\"gallery-item col-3\" itemprop=\"associatedMedia\" itemscope itemtype=\"http:\/\/schema.org\/ImageObject\">\n\t\t\t\t\t\t<div class=\"gallery-icon landscape\"><a href=\"https:\/\/www.salzburgerland.com\/de\/wp-content\/uploads\/2021\/09\/stille-nacht-wanderwege-arnsdorf-1920x1067.jpg\" title=\"stille-nacht-wanderwege-arnsdorf\"><img decoding=\"async\" data-title=\"(c) Salzburger Nachrichten, Christian Heugl, Am Gruber-Mohr-Wanderweg\" title=\"(c) Salzburger Nachrichten, Christian Heugl, Am Gruber-Mohr-Wanderweg\" data-caption=\"(c) Salzburger Nachrichten, Christian Heugl, Am Gruber-Mohr-Wanderweg\" width=\"1170\" height=\"658\" src=\"https:\/\/www.salzburgerland.com\/de\/wp-content\/uploads\/2021\/09\/stille-nacht-wanderwege-arnsdorf-1170x658.jpg\" class=\"attachment-1170_658 size-1170_658\" alt=\"Verziertes Kircheninnere mit goldenem Altar, Kronleuchtern und von der Decke bis zum Altar drapierten Gr\u00fcnpflanzen. (vergr\u00f6\u00dferte Ansicht)\" srcset=\"https:\/\/www.salzburgerland.com\/de\/wp-content\/uploads\/2021\/09\/stille-nacht-wanderwege-arnsdorf-1170x658.jpg 1170w, https:\/\/www.salzburgerland.com\/de\/wp-content\/uploads\/2021\/09\/stille-nacht-wanderwege-arnsdorf-1200x675.jpg 1200w\" sizes=\"(max-width: 1170px) 100vw, 1170px\" aria-describedby=\"figcaption-615730-617402\" itemprop=\"thumbnail\"><\/a><\/div>\n\t\t\t\t\t\t<span id=\"figcaption-615730-617402\" class=\"gallery-caption\" itemprop=\"caption\"><span aria-hidden=\"true\">(c) Salzburger Nachrichten, Christian Heugl, Am Gruber-Mohr-Wanderweg<\/span><\/span>\n\t\t\t\t\t<\/li>\n\t\t\t\t\t<li class=\"gallery-item col-3\" itemprop=\"associatedMedia\" itemscope itemtype=\"http:\/\/schema.org\/ImageObject\">\n\t\t\t\t\t\t<div class=\"gallery-icon landscape\"><a href=\"https:\/\/www.salzburgerland.com\/de\/wp-content\/uploads\/2017\/07\/rs1073_zirkular02-1920x1067.jpg\" title=\"Schulzirkular - Arnsdorf\"><img decoding=\"async\" data-title=\"(c) SalzburgerLand Tourismus\" title=\"(c) SalzburgerLand Tourismus\" data-caption=\"(c) SalzburgerLand Tourismus\" width=\"1170\" height=\"658\" src=\"https:\/\/www.salzburgerland.com\/de\/wp-content\/uploads\/2017\/07\/rs1073_zirkular02-1170x658.jpg\" class=\"attachment-1170_658 size-1170_658\" alt=\"Ein handgeschriebener Brief, ein Tintenfass und ein Federkiel auf einem rustikalen Holzschreibtisch mit kleinen Schubladen. (vergr\u00f6\u00dferte Ansicht)\" srcset=\"https:\/\/www.salzburgerland.com\/de\/wp-content\/uploads\/2017\/07\/rs1073_zirkular02-1170x658.jpg 1170w, https:\/\/www.salzburgerland.com\/de\/wp-content\/uploads\/2017\/07\/rs1073_zirkular02-1200x675.jpg 1200w\" sizes=\"(max-width: 1170px) 100vw, 1170px\" aria-describedby=\"figcaption-615730-164866\" itemprop=\"thumbnail\"><\/a><\/div>\n\t\t\t\t\t\t<span id=\"figcaption-615730-164866\" class=\"gallery-caption\" itemprop=\"caption\"><span aria-hidden=\"true\">(c) SalzburgerLand Tourismus<\/span><\/span>\n\t\t\t\t\t<\/li>\n\t\t\t\t\t<li class=\"gallery-item col-3\" itemprop=\"associatedMedia\" itemscope itemtype=\"http:\/\/schema.org\/ImageObject\">\n\t\t\t\t\t\t<div class=\"gallery-icon landscape\"><a href=\"https:\/\/www.salzburgerland.com\/de\/wp-content\/uploads\/2021\/09\/rs1072_sakristei01-scr.jpg\" title=\"Sakristei - Arnsdorf\"><img decoding=\"async\" data-title='Stille Nacht (c) SalzburgerLand Tourismus \/ Arnsdorf, Kathrin Gollackner\" Sakristei - Arnsdorf, Stille Nacht,Sakristei\";' title='Stille Nacht (c) SalzburgerLand Tourismus \/ Arnsdorf, Kathrin Gollackner\" Sakristei - Arnsdorf, Stille Nacht,Sakristei\";' data-caption='Stille Nacht (c) SalzburgerLand Tourismus \/ Arnsdorf, Kathrin Gollackner\" Sakristei - Arnsdorf, Stille Nacht,Sakristei\";' width=\"1100\" height=\"658\" src=\"https:\/\/www.salzburgerland.com\/de\/wp-content\/uploads\/2021\/09\/rs1072_sakristei01-scr-1100x658.jpg\" class=\"attachment-1170_658 size-1170_658\" alt=\"R\u00e4uchergef\u00e4\u00df neben einer Steintreppe in einem Raum mit Holzschr\u00e4nken und Gew\u00f6lbedecken. (vergr\u00f6\u00dferte Ansicht)\" aria-describedby=\"figcaption-615730-633392\" itemprop=\"thumbnail\"><\/a><\/div>\n\t\t\t\t\t\t<span id=\"figcaption-615730-633392\" class=\"gallery-caption\" itemprop=\"caption\"><span aria-hidden=\"true\">Stille Nacht (c) SalzburgerLand Tourismus \/ Arnsdorf, Kathrin Gollackner\u201c Sakristei \u2013 Arnsdorf, Stille Nacht,Sakristei\u201c;<\/span><\/span>\n\t\t\t\t\t<\/li>\n\t\t\t\t<\/ul>\n\t\t\t<\/div><!-- .gallery -->\n\n<h3>Auf den Spuren von \u201eStille Nacht! Heilige Nacht!\u201c in Arnsdorf:<\/h3>\n<ul>\n<li>Das Schulhaus in Arnsdorf ist noch immer in seinem urspr\u00fcnglichen Zustand erhalten und dient bis heute als Schule. Seit 1957 erinnert das<span>\u00a0<\/span><a href=\"http:\/\/www.stillenachtarnsdorf.at\/\" target=\"_blank\" rel=\"noopener\"><strong>Stille-Nacht-Museum<span>\u00a0<\/span><\/strong><\/a>an die Entstehung des weltber\u00fchmten Liedes und an den Sch\u00f6pfer der Melodie, Franz Xaver Gruber. 2011 wurde das Museum im ersten Stock von Grund auf restauriert und neu gestaltet \u2013 2013 wurde es mit dem \u00d6sterreichischen Museumsg\u00fctesiegel ausgezeichnet. Es versteht sich als ein Ort der Besinnung und der Begegnung, der die Schlichtheit der damaligen Zeit und Grubers Leben widerspiegelt. Eine traditionell eingerichtete Rauchkuchl, in der sich das Familienleben abgespielt hat, und ein historisches Klassenzimmer mit dem \u201eGruberpult\u201c und alten Schulb\u00e4nken geben Einblicke in Grubers Alltag. Erhalten sind auch die Krippenfiguren aus dem 18. Jahrhundert, die Franz Xaver Gruber jedes Jahr zu Weihnachten in der Kirche aufgestellt hat. Im Erdgescho\u00df des Hauses finden sich die Klassen der Volksschule Arnsdorf.<\/li>\n<\/ul>\n<ul>\n<li>Unweit des Schulhauses befindet sich die<span>\u00a0<\/span><strong>Wallfahrtskirche \u201eMaria im M\u00f6sl\u201c<\/strong><span>\u00a0<\/span>aus dem Jahr 1520. Sogar die Orgel, auf der schon Franz Xaver Gruber spielte, kann noch besichtigt werden. Und jedes Jahr am 24. Dezember h\u00f6rt man als Glockenspiel vom Kirchturm das weltber\u00fchmte Weihnachtslied erklingen.<\/li>\n<\/ul>\n<ul>\n<li>Der gut ausgeschilderte<span>\u00a0<\/span><strong>Gruber-Mohr-Weg <\/strong>verbindet die beiden Orte Oberndorf und Arnsdorf und l\u00e4dt zu einem wundersch\u00f6nen Spaziergang. Es ist sehr wahrscheinlich, dass auch Franz Xaver Gruber diesen Weg nach Oberndorf genommen hat, um dort seinen Organistendienst zu versehen. Der Weg f\u00fchrt von der Schule in Arnsdorf zum Stille-Nacht-Platz in Oberndorf. F\u00fcr die gut acht Kilometer lange Strecke hin und retour sollten gut 2,5 Stunden eingeplant werden. Wer nicht so lang unterwegs sein will, kann f\u00fcr den R\u00fcckweg von Oberndorf nach Arnsdorf die halbst\u00fcndlich verkehrende Lokalbahn S1 (Haltestelle Arnsdorf, Gehweg 1,5 km) oder den Bus 880 (HS Arnsdorf Bundesstra\u00dfe, Gehweg 500 m) w\u00e4hlen.<\/li>\n<\/ul>\n\n\t\t\t<div id=\"615730-3\" class=\"gallery gallery-615730 gallery-columns-3 gallery-size-1170_658\" itemscope itemtype=\"http:\/\/schema.org\/ImageGallery\">\n\t\t\t\t<ul class=\"gallery-row gallery-col-3 gallery-clear\">\n\t\t\t\t\t<li class=\"gallery-item col-3\" itemprop=\"associatedMedia\" itemscope itemtype=\"http:\/\/schema.org\/ImageObject\">\n\t\t\t\t\t\t<div class=\"gallery-icon landscape\"><a href=\"https:\/\/www.salzburgerland.com\/de\/wp-content\/uploads\/2021\/09\/img_2290-1920x1067.jpg\" title=\"IMG_2290\"><img decoding=\"async\" data-title=\"Bruce Johnson und Gattin\" title=\"Bruce Johnson und Gattin\" data-caption=\"Bruce Johnson und Gattin\" width=\"1170\" height=\"658\" src=\"https:\/\/www.salzburgerland.com\/de\/wp-content\/uploads\/2021\/09\/img_2290-1170x658.jpg\" class=\"attachment-1170_658 size-1170_658\" alt=\"Zwei l\u00e4chelnde Menschen sitzen zusammen auf einer Holzbank in einem einfachen, altmodischen Klassenzimmer mit wei\u00dfen W\u00e4nden. (vergr\u00f6\u00dferte Ansicht)\" srcset=\"https:\/\/www.salzburgerland.com\/de\/wp-content\/uploads\/2021\/09\/img_2290-1170x658.jpg 1170w, https:\/\/www.salzburgerland.com\/de\/wp-content\/uploads\/2021\/09\/img_2290-1200x675.jpg 1200w\" sizes=\"(max-width: 1170px) 100vw, 1170px\" aria-describedby=\"figcaption-615730-652977\" itemprop=\"thumbnail\"><\/a><\/div>\n\t\t\t\t\t\t<span id=\"figcaption-615730-652977\" class=\"gallery-caption\" itemprop=\"caption\"><span aria-hidden=\"true\">Bruce Johnson und Gattin<\/span><\/span>\n\t\t\t\t\t<\/li>\n\t\t\t\t\t<li class=\"gallery-item col-3\" itemprop=\"associatedMedia\" itemscope itemtype=\"http:\/\/schema.org\/ImageObject\">\n\t\t\t\t\t\t<div class=\"gallery-icon landscape\"><a href=\"https:\/\/www.salzburgerland.com\/de\/wp-content\/uploads\/2021\/09\/stille-nacht-arnsdorf_orgel-1920x1067.jpg\" title=\"Stille-Nacht-Franz-Xaver-Gruber-Orgel-Arnsdorf\"><img decoding=\"async\" data-title=\"Franz-Xaver-Gruber-Orgel in Arnsdorf\" title=\"Franz-Xaver-Gruber-Orgel in Arnsdorf\" data-caption=\"Franz-Xaver-Gruber-Orgel in Arnsdorf\" width=\"1170\" height=\"658\" src=\"https:\/\/www.salzburgerland.com\/de\/wp-content\/uploads\/2021\/09\/stille-nacht-arnsdorf_orgel-1170x658.jpg\" class=\"attachment-1170_658 size-1170_658\" alt=\"Franz-Xaver-Gruber-Orgel in Arnsdorf (vergr\u00f6\u00dferte Ansicht)\" srcset=\"https:\/\/www.salzburgerland.com\/de\/wp-content\/uploads\/2021\/09\/stille-nacht-arnsdorf_orgel-1170x658.jpg 1170w, https:\/\/www.salzburgerland.com\/de\/wp-content\/uploads\/2021\/09\/stille-nacht-arnsdorf_orgel-1200x675.jpg 1200w\" sizes=\"(max-width: 1170px) 100vw, 1170px\" aria-describedby=\"figcaption-615730-615732\" itemprop=\"thumbnail\"><\/a><\/div>\n\t\t\t\t\t\t<span id=\"figcaption-615730-615732\" class=\"gallery-caption\" itemprop=\"caption\"><span aria-hidden=\"true\">Franz-Xaver-Gruber-Orgel in Arnsdorf<\/span><\/span>\n\t\t\t\t\t<\/li>\n\t\t\t\t\t<li class=\"gallery-item col-3\" itemprop=\"associatedMedia\" itemscope itemtype=\"http:\/\/schema.org\/ImageObject\">\n\t\t\t\t\t\t<div class=\"gallery-icon landscape\"><a href=\"https:\/\/www.salzburgerland.com\/de\/wp-content\/uploads\/2021\/09\/rs1802_stille-nacht-2.jpg\" title=\"Silent Night Story\"><img decoding=\"async\" data-title='Auf der Original-Orgel von Franz Xaver Gruber schlugen Hannah Friedman und John Debney die T\u00f6ne von \"Stille Nacht! Heilige Nacht!\" an. Max Gurtner (l.), Kustos des Stille-Nacht-Museums in Arnsdorf, erz\u00e4hlte den Besuchern spannende Hintergr\u00fcnde \u00fcber die Entstehungsgeschichte des Liedes.' title='Auf der Original-Orgel von Franz Xaver Gruber schlugen Hannah Friedman und John Debney die T\u00f6ne von \"Stille Nacht! Heilige Nacht!\" an. Max Gurtner (l.), Kustos des Stille-Nacht-Museums in Arnsdorf, erz\u00e4hlte den Besuchern spannende Hintergr\u00fcnde \u00fcber die Entstehungsgeschichte des Liedes.' data-caption='Auf der Original-Orgel von Franz Xaver Gruber schlugen Hannah Friedman und John Debney die T\u00f6ne von \"Stille Nacht! Heilige Nacht!\" an. Max Gurtner (l.), Kustos des Stille-Nacht-Museums in Arnsdorf, erz\u00e4hlte den Besuchern spannende Hintergr\u00fcnde \u00fcber die Entstehungsgeschichte des Liedes.' width=\"1024\" height=\"658\" src=\"https:\/\/www.salzburgerland.com\/de\/wp-content\/uploads\/2021\/09\/rs1802_stille-nacht-2-1024x658.jpg\" class=\"attachment-1170_658 size-1170_658\" alt=\"Drei Menschen l\u00e4cheln, w\u00e4hrend einer auf einer Orgel spielt, w\u00e4hrend die beiden anderen das Instrument beobachten und ber\u00fchren. (vergr\u00f6\u00dferte Ansicht)\" aria-describedby=\"figcaption-615730-633393\" itemprop=\"thumbnail\"><\/a><\/div>\n\t\t\t\t\t\t<span id=\"figcaption-615730-633393\" class=\"gallery-caption\" itemprop=\"caption\"><span aria-hidden=\"true\">Auf der Original-Orgel von Franz Xaver Gruber schlugen Hannah Friedman und John Debney die T\u00f6ne von \u201eStille Nacht! Heilige Nacht!\u201c an. Max Gurtner (l.), Kustos des Stille-Nacht-Museums in Arnsdorf, erz\u00e4hlte den Besuchern spannende Hintergr\u00fcnde \u00fcber die Entstehungsgeschichte des Liedes.<\/span><\/span>\n\t\t\t\t\t<\/li>\n\t\t\t\t<\/ul>\n\t\t\t<\/div><!-- .gallery -->\n\n<h2><a href=\"https:\/\/www.salzburgerland.com\/de\/stille-nacht-kirchen-360-panorama\/\" target=\"_blank\" rel=\"noopener\"><span>Erleben Sie interaktive 360\u00b0 Innenansichten der sch\u00f6nsten Stille Nacht-Sakralgeb\u00e4ude!<\/span><\/a><\/h2>\n","protected":false},"excerpt":{"rendered":"<p>Die alte Volksschule in Arnsdorf beherbergt einen wundervollen Schatz: das ausgezeichnete Stille-Nacht-Museum! \u00dcber knarzende Stufen geht es in den ersten Stock und dort in die ehemaligen Wohnr\u00e4ume von Franz Xaver Gruber, wo er von 1807 bis 1826 gemeinsam mit seiner ersten Frau, ab 1829 mit seiner zweiten Frau und den Kindern lebte. Hier hat er [&hellip;]<\/p>\n","protected":false},"author":84,"featured_media":104345,"comment_status":"closed","ping_status":"closed","sticky":false,"template":"","format":"standard","meta":{"_acf_changed":false,"wl_entities_gutenberg":"","_relevanssi_hide_post":"","_relevanssi_hide_content":"","_relevanssi_pin_for_all":"","_relevanssi_pin_keywords":"","_relevanssi_unpin_keywords":"","_relevanssi_related_keywords":"","_relevanssi_related_include_ids":"","_relevanssi_related_exclude_ids":"","_relevanssi_related_no_append":"","_relevanssi_related_not_related":"","_relevanssi_related_posts":"","_relevanssi_noindex_reason":"","footnotes":""},"categories":[1],"tags":[],"wl_entity_type":[11495],"class_list":["post-615730","post","type-post","status-publish","format-standard","has-post-thumbnail","hentry","category-allgemein","wl_entity_type-article"],"acf":[],"yoast_head":"<!-- This site is optimized with the Yoast SEO Premium plugin v26.9 (Yoast SEO v26.9) - https:\/\/yoast.com\/product\/yoast-seo-premium-wordpress\/ -->\n<title>Das melodische Zuhause von Stille Nacht | Arnsdorf<\/title>\n<meta name=\"robots\" content=\"index, follow, max-snippet:-1, max-image-preview:large, max-video-preview:-1\" \/>\n<link rel=\"canonical\" href=\"https:\/\/www.salzburgerland.com\/de\/wp-json\/wp\/v2\/posts\/615730\" \/>\n<meta property=\"og:locale\" content=\"de_DE\" \/>\n<meta property=\"og:type\" content=\"article\" \/>\n<meta property=\"og:title\" content=\"Arnsdorf\" \/>\n<meta property=\"og:description\" content=\"Hier entstand die Melodie zu &quot;Stille Nacht! Heilige Nacht&quot;!\" \/>\n<meta property=\"og:url\" content=\"https:\/\/www.salzburgerland.com\/de\/wp-json\/wp\/v2\/posts\/615730\" \/>\n<meta property=\"og:site_name\" content=\"SalzburgerLand.com\" \/>\n<meta property=\"article:publisher\" content=\"https:\/\/www.facebook.com\/salzburgerland\/\" \/>\n<meta property=\"article:published_time\" content=\"2021-09-24T07:05:50+00:00\" \/>\n<meta property=\"article:modified_time\" content=\"2023-07-31T11:44:46+00:00\" \/>\n<meta property=\"og:image\" content=\"https:\/\/www.salzburgerland.com\/de\/wp-content\/uploads\/2016\/08\/salzurgerland_arnsdorf_rs1069_klassenzimmer01-1200x675.jpg\" \/>\n\t<meta property=\"og:image:width\" content=\"1200\" \/>\n\t<meta property=\"og:image:height\" content=\"675\" \/>\n\t<meta property=\"og:image:type\" content=\"image\/jpeg\" \/>\n<meta name=\"author\" content=\"Stefanie Gschwandtner\" \/>\n<meta name=\"twitter:card\" content=\"summary_large_image\" \/>\n<meta name=\"twitter:creator\" content=\"@szimmerebner\" \/>\n<meta name=\"twitter:site\" content=\"@Salzburgerland\" \/>\n<meta name=\"twitter:label1\" content=\"Verfasst von\" \/>\n\t<meta name=\"twitter:data1\" content=\"Stefanie Gschwandtner\" \/>\n\t<meta name=\"twitter:label2\" content=\"Gesch\u00e4tzte Lesezeit\" \/>\n\t<meta name=\"twitter:data2\" content=\"5\u00a0Minuten\" \/>\n<script type=\"application\/ld+json\" class=\"yoast-schema-graph\">{\"@context\":\"https:\/\/schema.org\",\"@graph\":[{\"@type\":\"WebPage\",\"@id\":\"https:\/\/www.salzburgerland.com\/de\/arnsdorf\/\",\"url\":\"https:\/\/www.salzburgerland.com\/de\/arnsdorf\/\",\"name\":\"Das melodische Zuhause von Stille Nacht | Arnsdorf\",\"isPartOf\":{\"@id\":\"https:\/\/www.salzburgerland.com\/de\/#website\"},\"primaryImageOfPage\":{\"@id\":\"https:\/\/www.salzburgerland.com\/de\/arnsdorf\/#primaryimage\"},\"image\":{\"@id\":\"https:\/\/www.salzburgerland.com\/de\/arnsdorf\/#primaryimage\"},\"thumbnailUrl\":\"https:\/\/www.salzburgerland.com\/de\/wp-content\/uploads\/2016\/08\/salzurgerland_arnsdorf_rs1069_klassenzimmer01.jpg\",\"datePublished\":\"2021-09-24T07:05:50+00:00\",\"dateModified\":\"2023-07-31T11:44:46+00:00\",\"description\":\"Hier entstand die Melodie zu \\\"Stille Nacht! Heilige Nacht\\\"!\",\"breadcrumb\":{\"@id\":\"https:\/\/www.salzburgerland.com\/de\/arnsdorf\/#breadcrumb\"},\"inLanguage\":\"de\",\"potentialAction\":[{\"@type\":\"ReadAction\",\"target\":[\"https:\/\/www.salzburgerland.com\/de\/arnsdorf\/\"]}]},{\"@type\":\"ImageObject\",\"inLanguage\":\"de\",\"@id\":\"https:\/\/www.salzburgerland.com\/de\/arnsdorf\/#primaryimage\",\"url\":\"https:\/\/www.salzburgerland.com\/de\/wp-content\/uploads\/2016\/08\/salzurgerland_arnsdorf_rs1069_klassenzimmer01.jpg\",\"contentUrl\":\"https:\/\/www.salzburgerland.com\/de\/wp-content\/uploads\/2016\/08\/salzurgerland_arnsdorf_rs1069_klassenzimmer01.jpg\",\"width\":1920,\"height\":1282,\"caption\":\"(c) SalzburgerLand Tourismus \/ Arnsdorf - Das Stille Nacht Mseum Arnsdorf\"},{\"@type\":\"BreadcrumbList\",\"@id\":\"https:\/\/www.salzburgerland.com\/de\/arnsdorf\/#breadcrumb\",\"itemListElement\":[{\"@type\":\"ListItem\",\"position\":1,\"name\":\"Stille Nacht! Heilige Nacht!\",\"item\":\"https:\/\/www.salzburgerland.com\/de\/stille-nacht\/\"},{\"@type\":\"ListItem\",\"position\":2,\"name\":\"Arnsdorf\"}]},{\"@type\":\"WebSite\",\"@id\":\"https:\/\/www.salzburgerland.com\/de\/#website\",\"url\":\"https:\/\/www.salzburgerland.com\/de\/\",\"name\":\"SalzburgerLand.com\",\"description\":\"Ihr Urlaub in Salzburg, \u00d6sterreich\",\"publisher\":{\"@id\":\"https:\/\/www.salzburgerland.com\/de\/#organization\"},\"potentialAction\":[{\"@type\":\"SearchAction\",\"target\":{\"@type\":\"EntryPoint\",\"urlTemplate\":\"https:\/\/www.salzburgerland.com\/de\/?s={search_term_string}\"},\"query-input\":{\"@type\":\"PropertyValueSpecification\",\"valueRequired\":true,\"valueName\":\"search_term_string\"}}],\"inLanguage\":\"de\"},{\"@type\":\"Organization\",\"@id\":\"https:\/\/www.salzburgerland.com\/de\/#organization\",\"name\":\"SalzburgerLand Tourismus GmbH\",\"url\":\"https:\/\/www.salzburgerland.com\/de\/\",\"logo\":{\"@type\":\"ImageObject\",\"inLanguage\":\"de\",\"@id\":\"https:\/\/www.salzburgerland.com\/de\/#\/schema\/logo\/image\/\",\"url\":\"https:\/\/www.salzburgerland.com\/de\/wp-content\/uploads\/2017\/01\/salzburgerland-logo.jpg\",\"contentUrl\":\"https:\/\/www.salzburgerland.com\/de\/wp-content\/uploads\/2017\/01\/salzburgerland-logo.jpg\",\"width\":1920,\"height\":827,\"caption\":\"SalzburgerLand Tourismus GmbH\"},\"image\":{\"@id\":\"https:\/\/www.salzburgerland.com\/de\/#\/schema\/logo\/image\/\"},\"sameAs\":[\"https:\/\/www.facebook.com\/salzburgerland\/\",\"https:\/\/x.com\/Salzburgerland\",\"https:\/\/www.instagram.com\/salzburgerland\/\",\"http:\/\/dbpedia.org\/resource\/Salzburg_(state)\",\"http:\/\/wikidata.dbpedia.org\/resource\/Q43325\",\"http:\/\/open.salzburgerland.com\/de\/entity\/salzburgerland\",\"https:\/\/www.youtube.com\/user\/salzburgerland\"]},{\"@type\":\"Person\",\"@id\":\"https:\/\/www.salzburgerland.com\/de\/#\/schema\/person\/341c767951f29c944985e07f82521a7c\",\"name\":\"Stefanie Gschwandtner\",\"image\":{\"@type\":\"ImageObject\",\"inLanguage\":\"de\",\"@id\":\"https:\/\/www.salzburgerland.com\/de\/#\/schema\/person\/image\/\",\"url\":\"https:\/\/secure.gravatar.com\/avatar\/3e5487886577b8a9e70b9a637ff7fa5b16d2bb45b55f900a12f05abf6f50ca85?s=96&d=mm&r=g\",\"contentUrl\":\"https:\/\/secure.gravatar.com\/avatar\/3e5487886577b8a9e70b9a637ff7fa5b16d2bb45b55f900a12f05abf6f50ca85?s=96&d=mm&r=g\",\"caption\":\"Stefanie Gschwandtner\"},\"sameAs\":[\"https:\/\/x.com\/szimmerebner\"]}]}<\/script>\n<!-- \/ Yoast SEO Premium plugin. -->","yoast_head_json":{"title":"Das melodische Zuhause von Stille Nacht | Arnsdorf","robots":{"index":"index","follow":"follow","max-snippet":"max-snippet:-1","max-image-preview":"max-image-preview:large","max-video-preview":"max-video-preview:-1"},"canonical":"https:\/\/www.salzburgerland.com\/de\/wp-json\/wp\/v2\/posts\/615730","og_locale":"de_DE","og_type":"article","og_title":"Arnsdorf","og_description":"Hier entstand die Melodie zu \"Stille Nacht! Heilige Nacht\"!","og_url":"https:\/\/www.salzburgerland.com\/de\/wp-json\/wp\/v2\/posts\/615730","og_site_name":"SalzburgerLand.com","article_publisher":"https:\/\/www.facebook.com\/salzburgerland\/","article_published_time":"2021-09-24T07:05:50+00:00","article_modified_time":"2023-07-31T11:44:46+00:00","og_image":[{"width":1200,"height":675,"url":"https:\/\/www.salzburgerland.com\/de\/wp-content\/uploads\/2016\/08\/salzurgerland_arnsdorf_rs1069_klassenzimmer01-1200x675.jpg","type":"image\/jpeg"}],"author":"Stefanie Gschwandtner","twitter_card":"summary_large_image","twitter_creator":"@szimmerebner","twitter_site":"@Salzburgerland","twitter_misc":{"Verfasst von":"Stefanie Gschwandtner","Gesch\u00e4tzte Lesezeit":"5\u00a0Minuten"},"schema":{"@context":"https:\/\/schema.org","@graph":[{"@type":"WebPage","@id":"https:\/\/www.salzburgerland.com\/de\/arnsdorf\/","url":"https:\/\/www.salzburgerland.com\/de\/arnsdorf\/","name":"Das melodische Zuhause von Stille Nacht | Arnsdorf","isPartOf":{"@id":"https:\/\/www.salzburgerland.com\/de\/#website"},"primaryImageOfPage":{"@id":"https:\/\/www.salzburgerland.com\/de\/arnsdorf\/#primaryimage"},"image":{"@id":"https:\/\/www.salzburgerland.com\/de\/arnsdorf\/#primaryimage"},"thumbnailUrl":"https:\/\/www.salzburgerland.com\/de\/wp-content\/uploads\/2016\/08\/salzurgerland_arnsdorf_rs1069_klassenzimmer01.jpg","datePublished":"2021-09-24T07:05:50+00:00","dateModified":"2023-07-31T11:44:46+00:00","description":"Hier entstand die Melodie zu \"Stille Nacht! Heilige Nacht\"!","breadcrumb":{"@id":"https:\/\/www.salzburgerland.com\/de\/arnsdorf\/#breadcrumb"},"inLanguage":"de","potentialAction":[{"@type":"ReadAction","target":["https:\/\/www.salzburgerland.com\/de\/arnsdorf\/"]}]},{"@type":"ImageObject","inLanguage":"de","@id":"https:\/\/www.salzburgerland.com\/de\/arnsdorf\/#primaryimage","url":"https:\/\/www.salzburgerland.com\/de\/wp-content\/uploads\/2016\/08\/salzurgerland_arnsdorf_rs1069_klassenzimmer01.jpg","contentUrl":"https:\/\/www.salzburgerland.com\/de\/wp-content\/uploads\/2016\/08\/salzurgerland_arnsdorf_rs1069_klassenzimmer01.jpg","width":1920,"height":1282,"caption":"(c) SalzburgerLand Tourismus \/ Arnsdorf - Das Stille Nacht Mseum Arnsdorf"},{"@type":"BreadcrumbList","@id":"https:\/\/www.salzburgerland.com\/de\/arnsdorf\/#breadcrumb","itemListElement":[{"@type":"ListItem","position":1,"name":"Stille Nacht! Heilige Nacht!","item":"https:\/\/www.salzburgerland.com\/de\/stille-nacht\/"},{"@type":"ListItem","position":2,"name":"Arnsdorf"}]},{"@type":"WebSite","@id":"https:\/\/www.salzburgerland.com\/de\/#website","url":"https:\/\/www.salzburgerland.com\/de\/","name":"SalzburgerLand.com","description":"Ihr Urlaub in Salzburg, \u00d6sterreich","publisher":{"@id":"https:\/\/www.salzburgerland.com\/de\/#organization"},"potentialAction":[{"@type":"SearchAction","target":{"@type":"EntryPoint","urlTemplate":"https:\/\/www.salzburgerland.com\/de\/?s={search_term_string}"},"query-input":{"@type":"PropertyValueSpecification","valueRequired":true,"valueName":"search_term_string"}}],"inLanguage":"de"},{"@type":"Organization","@id":"https:\/\/www.salzburgerland.com\/de\/#organization","name":"SalzburgerLand Tourismus GmbH","url":"https:\/\/www.salzburgerland.com\/de\/","logo":{"@type":"ImageObject","inLanguage":"de","@id":"https:\/\/www.salzburgerland.com\/de\/#\/schema\/logo\/image\/","url":"https:\/\/www.salzburgerland.com\/de\/wp-content\/uploads\/2017\/01\/salzburgerland-logo.jpg","contentUrl":"https:\/\/www.salzburgerland.com\/de\/wp-content\/uploads\/2017\/01\/salzburgerland-logo.jpg","width":1920,"height":827,"caption":"SalzburgerLand Tourismus GmbH"},"image":{"@id":"https:\/\/www.salzburgerland.com\/de\/#\/schema\/logo\/image\/"},"sameAs":["https:\/\/www.facebook.com\/salzburgerland\/","https:\/\/x.com\/Salzburgerland","https:\/\/www.instagram.com\/salzburgerland\/","http:\/\/dbpedia.org\/resource\/Salzburg_(state)","http:\/\/wikidata.dbpedia.org\/resource\/Q43325","http:\/\/open.salzburgerland.com\/de\/entity\/salzburgerland","https:\/\/www.youtube.com\/user\/salzburgerland"]},{"@type":"Person","@id":"https:\/\/www.salzburgerland.com\/de\/#\/schema\/person\/341c767951f29c944985e07f82521a7c","name":"Stefanie Gschwandtner","image":{"@type":"ImageObject","inLanguage":"de","@id":"https:\/\/www.salzburgerland.com\/de\/#\/schema\/person\/image\/","url":"https:\/\/secure.gravatar.com\/avatar\/3e5487886577b8a9e70b9a637ff7fa5b16d2bb45b55f900a12f05abf6f50ca85?s=96&d=mm&r=g","contentUrl":"https:\/\/secure.gravatar.com\/avatar\/3e5487886577b8a9e70b9a637ff7fa5b16d2bb45b55f900a12f05abf6f50ca85?s=96&d=mm&r=g","caption":"Stefanie Gschwandtner"},"sameAs":["https:\/\/x.com\/szimmerebner"]}]}},"_wl_alt_label":[],"wl:entity_url":"http:\/\/open.salzburgerland.com\/de\/post\/arnsdorf","_links":{"self":[{"href":"https:\/\/www.salzburgerland.com\/de\/wp-json\/wp\/v2\/posts\/615730","targetHints":{"allow":["GET"]}}],"collection":[{"href":"https:\/\/www.salzburgerland.com\/de\/wp-json\/wp\/v2\/posts"}],"about":[{"href":"https:\/\/www.salzburgerland.com\/de\/wp-json\/wp\/v2\/types\/post"}],"author":[{"embeddable":true,"href":"https:\/\/www.salzburgerland.com\/de\/wp-json\/wp\/v2\/users\/84"}],"replies":[{"embeddable":true,"href":"https:\/\/www.salzburgerland.com\/de\/wp-json\/wp\/v2\/comments?post=615730"}],"version-history":[{"count":5,"href":"https:\/\/www.salzburgerland.com\/de\/wp-json\/wp\/v2\/posts\/615730\/revisions"}],"predecessor-version":[{"id":652980,"href":"https:\/\/www.salzburgerland.com\/de\/wp-json\/wp\/v2\/posts\/615730\/revisions\/652980"}],"wp:featuredmedia":[{"embeddable":true,"href":"https:\/\/www.salzburgerland.com\/de\/wp-json\/wp\/v2\/media\/104345"}],"wp:attachment":[{"href":"https:\/\/www.salzburgerland.com\/de\/wp-json\/wp\/v2\/media?parent=615730"}],"wp:term":[{"taxonomy":"category","embeddable":true,"href":"https:\/\/www.salzburgerland.com\/de\/wp-json\/wp\/v2\/categories?post=615730"},{"taxonomy":"post_tag","embeddable":true,"href":"https:\/\/www.salzburgerland.com\/de\/wp-json\/wp\/v2\/tags?post=615730"},{"taxonomy":"wl_entity_type","embeddable":true,"href":"https:\/\/www.salzburgerland.com\/de\/wp-json\/wp\/v2\/wl_entity_type?post=615730"}],"curies":[{"name":"wp","href":"https:\/\/api.w.org\/{rel}","templated":true}]}}