{"id":615723,"date":"2021-09-23T16:00:48","date_gmt":"2021-09-23T14:00:48","guid":{"rendered":"https:\/\/www.salzburgerland.com\/de\/?p=615723"},"modified":"2022-04-06T12:52:11","modified_gmt":"2022-04-06T10:52:11","slug":"mariapfarr-stille-nacht","status":"publish","type":"post","link":"https:\/\/www.salzburgerland.com\/de\/mariapfarr-stille-nacht\/","title":{"rendered":"Mariapfarr"},"content":{"rendered":"<p>In Mariapfarr trat <a href=\"https:\/\/www.salzburgerland.com\/de\/joseph-mohr-1792-1848\/\" target=\"_blank\" rel=\"noopener\">Joseph Mohr<\/a> seine erste Stelle als Hilfspfarrer an: Er lernte seinen Gro\u00dfvater kennen und verfasste 1816 das Gedicht \u201eStille Nacht! Heilige Nacht!\u201c. Es war, als h\u00e4tte der junge Priester zu seinen Wurzeln zur\u00fcckkehren m\u00fcssen, um Neues zu schaffen. Die Menschen litten unter Hunger und Armut und dennoch hielt dieser junge Kooperator unersch\u00fctterlich an seinem Glauben fest: Sein Gedicht ist unsterbliches Zeugnis davon.<\/p>\n<h2>Stille Nacht in Mariapfarr auf einen Blick<\/h2>\n<ul>\n<li><a href=\"https:\/\/www.salzburgerland.com\/de\/stille-nacht-und-wallfahrtsmuseum-mariapfarr\/\" target=\"_blank\" rel=\"noopener\">Pfarr-, Wallfahrts- und Stille Nacht Museum Mariapfarr<\/a><\/li>\n<li>Stille-Nacht-Brunnen am Joseph-Mohr-Platz<\/li>\n<li>Wallfahrts- und Stille Nacht Basilika Mariapfarr<\/li>\n<li>Die \u201dSch\u00f6ne Madonna\u201d<\/li>\n<\/ul>\n<p><strong>Kontakt:<\/strong><br>\nPfarr-, Wallfahrts- und Stille Nacht Museum <span id=\"urn:enhancement-66c32134-c6a4-4781-9f50-2402f5c756a3\" class=\"textannotation\">Mariapfarr<br>\n<\/span>Joseph Mohr Platz 1<br>\n5571 <span id=\"urn:enhancement-475e8f60-44d3-4b9c-a400-86d575233c9e\" class=\"textannotation\">Mariapfarr<br>\n<\/span><span id=\"urn:enhancement-475e8f60-44d3-4b9c-a400-86d575233c9e\" class=\"textannotation\"><span style=\"background-color: #ffffff\">T +43 6473 8766<br>\n<\/span><a style=\"background-color: #ffffff\" href=\"mailto:mariapfarr@tourismuslungau.at\" target=\"_blank\" rel=\"noopener\">mariapfarr@tourismuslungau.at<\/a><br>\n<a style=\"background-color: #ffffff\" href=\"http:\/\/www.wallfahrtsmuseum.at\" target=\"_blank\" rel=\"noopener\">www.wallfahrtsmuseum.at<\/a><\/span><\/p>\n<p><span id=\"urn:enhancement-475e8f60-44d3-4b9c-a400-86d575233c9e\" class=\"textannotation\"><br>\n<\/span>Eingang ins Museum \u00fcber Pfarrstra\u00dfe 19<\/p>\n\n\t\t\t<div id=\"615723-1\" class=\"gallery gallery-615723 gallery-columns-3 gallery-size-1170_658\" itemscope itemtype=\"http:\/\/schema.org\/ImageGallery\">\n\t\t\t\t<ul class=\"gallery-row gallery-col-3 gallery-clear\">\n\t\t\t\t\t<li class=\"gallery-item col-3\" itemprop=\"associatedMedia\" itemscope itemtype=\"http:\/\/schema.org\/ImageObject\">\n\t\t\t\t\t\t<div class=\"gallery-icon landscape\"><a href=\"https:\/\/www.salzburgerland.com\/de\/wp-content\/uploads\/2021\/09\/rs3396__a2a2292-scr.jpg\" title=\"S\u00e4nger mit Laterne\"><img decoding=\"async\" data-title=\"S\u00e4nger mit Friedenslicht\" title=\"S\u00e4nger mit Friedenslicht\" data-caption=\"S\u00e4nger mit Friedenslicht\" width=\"1100\" height=\"658\" src=\"https:\/\/www.salzburgerland.com\/de\/wp-content\/uploads\/2021\/09\/rs3396__a2a2292-scr-1100x658.jpg\" class=\"attachment-1170_658 size-1170_658\" alt=\"Ein Mann mit Hut z\u00fcndet eine wei\u00dfe Laterne mit einem Streichholz in der N\u00e4he einer rustikalen Holzwand in verschneiter Umgebung an. (vergr\u00f6\u00dferte Ansicht)\" aria-describedby=\"figcaption-615723-635426\" itemprop=\"thumbnail\"><\/a><\/div>\n\t\t\t\t\t\t<span id=\"figcaption-615723-635426\" class=\"gallery-caption\" itemprop=\"caption\"><span aria-hidden=\"true\">S\u00e4nger mit Friedenslicht<\/span><\/span>\n\t\t\t\t\t<\/li>\n\t\t\t\t\t<li class=\"gallery-item col-3\" itemprop=\"associatedMedia\" itemscope itemtype=\"http:\/\/schema.org\/ImageObject\">\n\t\t\t\t\t\t<div class=\"gallery-icon landscape\"><a href=\"https:\/\/www.salzburgerland.com\/de\/wp-content\/uploads\/2021\/09\/rs1087_scharglerkeusche01-scr.jpg\" title=\"Scharglerkeusche-Stranach\/mariapfarr - Mariapfarr\"><img decoding=\"async\" data-title=\"Scharglerkeusche-Stranach\/Mariapfarr\" title=\"Scharglerkeusche-Stranach\/Mariapfarr\" data-caption=\"Scharglerkeusche-Stranach\/Mariapfarr\" width=\"1100\" height=\"658\" src=\"https:\/\/www.salzburgerland.com\/de\/wp-content\/uploads\/2021\/09\/rs1087_scharglerkeusche01-scr-1100x658.jpg\" class=\"attachment-1170_658 size-1170_658\" alt=\"Ein schneebedecktes Bauernhaus erstrahlt in der Abendd\u00e4mmerung im Lichterglanz, mit B\u00e4umen und Bergen im Hintergrund. (vergr\u00f6\u00dferte Ansicht)\" aria-describedby=\"figcaption-615723-635427\" itemprop=\"thumbnail\"><\/a><\/div>\n\t\t\t\t\t\t<span id=\"figcaption-615723-635427\" class=\"gallery-caption\" itemprop=\"caption\"><span aria-hidden=\"true\">Scharglerkeusche-Stranach\/Mariapfarr<\/span><\/span>\n\t\t\t\t\t<\/li>\n\t\t\t\t\t<li class=\"gallery-item col-3\" itemprop=\"associatedMedia\" itemscope itemtype=\"http:\/\/schema.org\/ImageObject\">\n\t\t\t\t\t\t<div class=\"gallery-icon landscape\"><a href=\"https:\/\/www.salzburgerland.com\/de\/wp-content\/uploads\/2021\/09\/rs1084_kriegerdenkmal01-scr.jpg\" title=\"Kriegerdenkmal mit Mohr und Gruber in Mariapfarr\"><img decoding=\"async\" data-title=\"Kriegerdenkmal u.a. mit Mohr und Gruber in Mariapfarr\" title=\"Kriegerdenkmal u.a. mit Mohr und Gruber in Mariapfarr\" data-caption=\"Kriegerdenkmal u.a. mit Mohr und Gruber in Mariapfarr\" width=\"1100\" height=\"658\" src=\"https:\/\/www.salzburgerland.com\/de\/wp-content\/uploads\/2021\/09\/rs1084_kriegerdenkmal01-scr-1100x658.jpg\" class=\"attachment-1170_658 size-1170_658\" alt=\"Ein schneebedecktes Kriegerdenkmal mit eingravierten Tafeln und Laternen an einer Steinmauer. (vergr\u00f6\u00dferte Ansicht)\" aria-describedby=\"figcaption-615723-635428\" itemprop=\"thumbnail\"><\/a><\/div>\n\t\t\t\t\t\t<span id=\"figcaption-615723-635428\" class=\"gallery-caption\" itemprop=\"caption\"><span aria-hidden=\"true\">Kriegerdenkmal u.a. mit Mohr und Gruber in Mariapfarr<\/span><\/span>\n\t\t\t\t\t<\/li>\n\t\t\t\t<\/ul>\n\t\t\t<\/div><!-- .gallery -->\n\n<h2>Mariapfarr, wie\u2019s damals war<\/h2>\n<p>Es war im Herbst 1815, als der 23-j\u00e4hrige Joseph Mohr nach der vorzeitigen Priesterweihe in Salzburg seine erste Stelle antrat: Er wurde Hilfspriester in Mariapfarr im Salzburger Lungau und kehrte damit zu seinen Wurzeln zur\u00fcck. Joseph Mohrs Vorfahren v\u00e4terlicherseits waren seit dem 17. Jahrhundert im Lungau angesiedelt.<\/p>\n<p>Die Bev\u00f6lkerung im SalzburgerLand und im abgelegenen Salzburger Lungau hatte harte Zeiten hinter sich. Salzburg war ein trost- und hoffnungsloser Ort: Seit dem Jahr 1803 hatte es f\u00fcnf Herrschaftswechsel gegeben. Vom geistlichen Erzstift war das Land zum Kurf\u00fcrstentum aufgestiegen, 1806 war es an \u00d6sterreich gefallen, drei Jahre sp\u00e4ter an Frankreich und 1810 an Bayern. Erst im Fr\u00fchjahr 1816 sollte diese lange Phase von Unsicherheit, Krieg und Gewalt zu Ende gehen: Am 1. Mai 1816 wurde Salzburg endg\u00fcltig \u00d6sterreich zugesprochen. Zu dieser Zeit herrschten Hunger und Armut: 1815 ging als das \u201eJahr ohne Sommer\u201c in die Geschichtsb\u00fccher ein. Im April 1815 war in Indonesien ein Vulkan ausgebrochen und die enorme Eruption beeinflusste Monate sp\u00e4ter das Klima in weiten Teilen der Welt f\u00fcr Jahre negativ. Regen, K\u00e4lte und Unwetter f\u00fchrten in vielen Landstrichen zu Ernteausf\u00e4llen. So stiegen 1816 in Salzburg die Getreidepreise binnen weniger Monate um 150 Prozent an!<\/p>\n<h2>Joseph Mohrs besondere Beziehung zu Mariapfarr<\/h2>\n<p>Der junge Hilfspriester war im Salzburger Lungau mehr als gefordert. Doch seine leutselige Art \u2013 damals f\u00fcr Geistliche keinesfalls selbstverst\u00e4ndlich \u2013 half ihm, Vertrauen aufzubauen: Er ber\u00fchrte die Menschen, verstand die Keuschler, die Armen und die Kinder. Die vielen Kriegsjahre hatten die Bev\u00f6lkerung finanziell ausgeblutet. Der hohe Getreidepreis und die Ernteausf\u00e4lle bedr\u00fcckten die l\u00e4ndliche Bev\u00f6lkerung zus\u00e4tzlich.<\/p>\n\n\t\t\t<div id=\"615723-2\" class=\"gallery gallery-615723 gallery-columns-3 gallery-size-1170_658\" itemscope itemtype=\"http:\/\/schema.org\/ImageGallery\">\n\t\t\t\t<ul class=\"gallery-row gallery-col-3 gallery-clear\">\n\t\t\t\t\t<li class=\"gallery-item col-3\" itemprop=\"associatedMedia\" itemscope itemtype=\"http:\/\/schema.org\/ImageObject\">\n\t\t\t\t\t\t<div class=\"gallery-icon portrait\"><a href=\"https:\/\/www.salzburgerland.com\/de\/wp-content\/uploads\/2021\/09\/rs2384_gut_4983-scr.jpg\" title=\"Joseph Mohr B\u00fcste\"><img decoding=\"async\" data-title=\"Joseph Mohr B\u00fcste - Mariapfarr\" title=\"Joseph Mohr B\u00fcste - Mariapfarr\" data-caption=\"Joseph Mohr B\u00fcste - Mariapfarr\" width=\"533\" height=\"658\" src=\"https:\/\/www.salzburgerland.com\/de\/wp-content\/uploads\/2021\/09\/rs2384_gut_4983-scr-533x658.jpg\" class=\"attachment-1170_658 size-1170_658\" alt=\"Bronzeb\u00fcste eines Mannes mit eingraviertem Sockel, aufgestellt im Freien vor einem hellgrauen Geb\u00e4ude. (vergr\u00f6\u00dferte Ansicht)\" aria-describedby=\"figcaption-615723-635423\" itemprop=\"thumbnail\"><\/a><\/div>\n\t\t\t\t\t\t<span id=\"figcaption-615723-635423\" class=\"gallery-caption\" itemprop=\"caption\"><span aria-hidden=\"true\">Joseph Mohr B\u00fcste \u2013 Mariapfarr<\/span><\/span>\n\t\t\t\t\t<\/li>\n\t\t\t\t\t<li class=\"gallery-item col-3\" itemprop=\"associatedMedia\" itemscope itemtype=\"http:\/\/schema.org\/ImageObject\">\n\t\t\t\t\t\t<div class=\"gallery-icon portrait\"><a href=\"https:\/\/www.salzburgerland.com\/de\/wp-content\/uploads\/2021\/09\/rs2381_gut_4240-scr.jpg\" title=\"Pfarr- und Wallfahrtskirche Mariapfarr\"><img decoding=\"async\" data-title=\"Pfarr- und Wallfahrtskirche Mariapfarr\" title=\"Pfarr- und Wallfahrtskirche Mariapfarr\" data-caption=\"Pfarr- und Wallfahrtskirche Mariapfarr\" width=\"533\" height=\"658\" src=\"https:\/\/www.salzburgerland.com\/de\/wp-content\/uploads\/2021\/09\/rs2381_gut_4240-scr-533x658.jpg\" class=\"attachment-1170_658 size-1170_658\" alt=\"Eine hohe, wei\u00dfe Kirche mit Glockenturm und Kirchturm, umgeben von Schnee unter einem teilweise bew\u00f6lkten Himmel. (vergr\u00f6\u00dferte Ansicht)\" aria-describedby=\"figcaption-615723-635424\" itemprop=\"thumbnail\"><\/a><\/div>\n\t\t\t\t\t\t<span id=\"figcaption-615723-635424\" class=\"gallery-caption\" itemprop=\"caption\"><span aria-hidden=\"true\">Pfarr- und Wallfahrtskirche Mariapfarr<\/span><\/span>\n\t\t\t\t\t<\/li>\n\t\t\t\t\t<li class=\"gallery-item col-3\" itemprop=\"associatedMedia\" itemscope itemtype=\"http:\/\/schema.org\/ImageObject\">\n\t\t\t\t\t\t<div class=\"gallery-icon portrait\"><a href=\"https:\/\/www.salzburgerland.com\/de\/wp-content\/uploads\/2021\/09\/rs2383_gut_4819-scr.jpg\" title=\"Altar Pfarr- und Wallfahrtskirche Mariapfarr\"><img decoding=\"async\" data-title=\"Altar Pfarr- und Wallfahrtskirche Mariapfarr\" title=\"Altar Pfarr- und Wallfahrtskirche Mariapfarr\" data-caption=\"Altar Pfarr- und Wallfahrtskirche Mariapfarr\" width=\"533\" height=\"658\" src=\"https:\/\/www.salzburgerland.com\/de\/wp-content\/uploads\/2021\/09\/rs2383_gut_4819-scr-533x658.jpg\" class=\"attachment-1170_658 size-1170_658\" alt=\"Gotisches Kircheninnere mit gew\u00f6lbter Decke, verziertem Altar und geschm\u00fccktem Altarbild, flankiert von zwei B\u00e4umen. (vergr\u00f6\u00dferte Ansicht)\" aria-describedby=\"figcaption-615723-635425\" itemprop=\"thumbnail\"><\/a><\/div>\n\t\t\t\t\t\t<span id=\"figcaption-615723-635425\" class=\"gallery-caption\" itemprop=\"caption\"><span aria-hidden=\"true\">Altar Pfarr- und Wallfahrtskirche Mariapfarr<\/span><\/span>\n\t\t\t\t\t<\/li>\n\t\t\t\t<\/ul>\n\t\t\t<\/div><!-- .gallery -->\n\n<p>Vor diesem Hintergrund verfasste Joseph Mohr 1816 das Gedicht \u201eStille Nacht! Heilige Nacht!\u201c mit sechs Strophen. Ungew\u00f6hnlich f\u00fcr die damalige Zeit, aber typisch f\u00fcr Joseph Mohr: Er schrieb es in Deutsch. Auch die Christmette in der Pfarrkirche \u201eUnsere Liebe Frau\u201c wurde auf Latein und Deutsch gesungen, was wohl Inspiration f\u00fcr Joseph Mohr gewesen sein mag. Das Gedicht bringt zum Ausdruck, woraus Joseph Mohr in dieser schweren Zeit Hoffnung sch\u00f6pfte: Aus dem unumst\u00f6\u00dflichen Glauben und an die Rettung der Welt, die sich im Wunder der Weihnacht offenbart.<\/p>\n<p>Joseph Mohr lernte in Mariapfarr auch seinen Gro\u00dfvater v\u00e4terlicherseits kennen. Er besuchte sowohl dessen Geburtshaus, die \u201eScharglerkeusche\u201c, als auch dessen letzten Wohnort, die \u201eHaasenkeusche\u201c. Joseph Mohrs Gro\u00dfvater verstarb 1816, begleitet von seinem Enkelsohn.<\/p>\n<p>Nach seinem zweiten Winter in Mariapfarr machten sich bei Joseph Mohr die ersten Anzeichen einer Lungenkrankheit bemerkbar: Im August 1817 verlie\u00df er den Lungau und kehrte zur Rekonvaleszenz in die Stadt Salzburg zur\u00fcck.<\/p>\n<h2>Auf den Spuren von \u201eStille Nacht! Heilige Nacht!\u201c in Mariapfarr:<\/h2>\n<ul>\n<li><strong><strong>Pfarr-, Wallfahrts- und Stille Nacht Museum<\/strong><\/strong><br>\nDas aus Anlass des 200-Jahr-Jubil\u00e4ums neu gestaltete Museum zeigt das Thema \u201eWallfahrt\u201c und den Zusammenhang zu \u201eStille Nacht\u201c in verschiedenen Facetten. Es bereitet \u201eden Weg\u201c auf verschiedene Weise auf \u2013 vom Lebensweg Joseph Mohrs und den schwierigen Lebensverh\u00e4ltnissen dieser Zeit, \u00fcber den inneren und individuellen Weg jedes Einzelnen bis zu den Sch\u00e4tzen, die ihren Weg in das Museum gefunden haben. Darunter sind Kostbarkeiten aus dem Besitz der Wallfahrts- und Stille Nacht Basilika Mariapfarr aus der Zeit der Hochbl\u00fcte der Wallfahrt. Wallfahrt ist ja auch unmittelbar verbunden mit Aufbruch, Loslassen, Orientierung, sich auf den Weg begeben und Ankommen.<span>\u00a0<\/span><a href=\"http:\/\/www.wallfahrtsmuseum.at\/\" target=\"_blank\" rel=\"noopener noreferrer\">www.wallfahrtsmuseum.at<\/a><\/li>\n<\/ul>\n<ul>\n<li><strong>Wallfahrts- und Stille Nacht Basilika Mariapfarr<\/strong><br>\nUralt ist die Tradition der Wallfahrt zur \u201eLieben Frau\u201c nach Mariapfarr, die in der Barockzeit den H\u00f6hepunkt erreichte, aber auch heute noch gepflegt wird. Neben Wallfahrern aus dem Lungau und den angrenzenden Bundesl\u00e4ndern, waren es auch die Bittg\u00e4nger und Kreuztrachten, die zur Mutterpfarre des Lungaus pilgerten. Die Wallfahrts- und Stille Nacht Basilika Mariapfarr nimmt eine besondere pastorale und historische Stellung innerhalb des Erzbistums Salzburg ein. Besonders sehenswert ist der Hochaltar mit dem Gnadenbild der Madonna, das Mohr zu seinem Gedicht inspiriert haben k\u00f6nnte. Nach zweij\u00e4hriger Renovierung wurden die Wallfahrtskirche und der Altar im August 2016 neu geweiht und am 5. April 2018 von Papst Franziskus per Dekret zur Basilica minor erhoben.<\/li>\n<li><strong>Die \u201eSch\u00f6ne Madonna\u201c <\/strong><br>\n2021 ist die \u201eSch\u00f6ne Madonna\u201c nach Mariapfarr zur\u00fcckgekehrt. Die Steingussmadonna befindet sich in der Wallfahrtsbasilika, der erste Guss in gefasster Form (=bemalt), steht im Museum.\n\t\t\t<div id=\"615723-3\" class=\"gallery gallery-615723 gallery-columns-3 gallery-size-1170_658\" itemscope itemtype=\"http:\/\/schema.org\/ImageGallery\">\n\t\t\t\t<ul class=\"gallery-row gallery-col-3 gallery-clear\">\n\t\t\t\t\t<li class=\"gallery-item col-3\" itemprop=\"associatedMedia\" itemscope itemtype=\"http:\/\/schema.org\/ImageObject\">\n\t\t\t\t\t\t<div class=\"gallery-icon landscape\"><a href=\"https:\/\/www.salzburgerland.com\/de\/wp-content\/uploads\/2021\/09\/stille-nacht-mariapfarr-1920x1067.jpg\" title=\"Mariapfarr bei D\u00e4mmerung\"><img decoding=\"async\" data-title=\"Mariapfarr bei D\u00e4mmerung\" title=\"Mariapfarr bei D\u00e4mmerung\" data-caption=\"Mariapfarr bei D\u00e4mmerung\" width=\"1170\" height=\"658\" src=\"https:\/\/www.salzburgerland.com\/de\/wp-content\/uploads\/2021\/09\/stille-nacht-mariapfarr-1170x658.jpg\" class=\"attachment-1170_658 size-1170_658\" alt=\"Mariapfarr bei D\u00e4mmerung (vergr\u00f6\u00dferte Ansicht)\" srcset=\"https:\/\/www.salzburgerland.com\/de\/wp-content\/uploads\/2021\/09\/stille-nacht-mariapfarr-1170x658.jpg 1170w, https:\/\/www.salzburgerland.com\/de\/wp-content\/uploads\/2021\/09\/stille-nacht-mariapfarr-1200x675.jpg 1200w\" sizes=\"(max-width: 1170px) 100vw, 1170px\" aria-describedby=\"figcaption-615723-615725\" itemprop=\"thumbnail\"><\/a><\/div>\n\t\t\t\t\t\t<span id=\"figcaption-615723-615725\" class=\"gallery-caption\" itemprop=\"caption\"><span aria-hidden=\"true\">Mariapfarr bei D\u00e4mmerung<\/span><\/span>\n\t\t\t\t\t<\/li>\n\t\t\t\t\t<li class=\"gallery-item col-3\" itemprop=\"associatedMedia\" itemscope itemtype=\"http:\/\/schema.org\/ImageObject\">\n\t\t\t\t\t\t<div class=\"gallery-icon landscape\"><a href=\"https:\/\/www.salzburgerland.com\/de\/wp-content\/uploads\/2021\/09\/mariapfarr-3-1920x1067.jpg\" title=\"Stille-Nacht-Brunnen am Joseph Mohr Platz\"><img decoding=\"async\" data-title=\"Stille-Nacht-Brunnen am Joseph Mohr Platz\" title=\"Stille-Nacht-Brunnen am Joseph Mohr Platz\" data-caption=\"Stille-Nacht-Brunnen am Joseph Mohr Platz\" width=\"1170\" height=\"658\" src=\"https:\/\/www.salzburgerland.com\/de\/wp-content\/uploads\/2021\/09\/mariapfarr-3-1170x658.jpg\" class=\"attachment-1170_658 size-1170_658\" alt=\"Stille-Nacht-Brunnen am Joseph Mohr Platz (vergr\u00f6\u00dferte Ansicht)\" srcset=\"https:\/\/www.salzburgerland.com\/de\/wp-content\/uploads\/2021\/09\/mariapfarr-3-1170x658.jpg 1170w, https:\/\/www.salzburgerland.com\/de\/wp-content\/uploads\/2021\/09\/mariapfarr-3-1200x675.jpg 1200w\" sizes=\"(max-width: 1170px) 100vw, 1170px\" aria-describedby=\"figcaption-615723-614125\" itemprop=\"thumbnail\"><\/a><\/div>\n\t\t\t\t\t\t<span id=\"figcaption-615723-614125\" class=\"gallery-caption\" itemprop=\"caption\"><span aria-hidden=\"true\">Stille-Nacht-Brunnen am Joseph Mohr Platz<\/span><\/span>\n\t\t\t\t\t<\/li>\n\t\t\t\t\t<li class=\"gallery-item col-3\" itemprop=\"associatedMedia\" itemscope itemtype=\"http:\/\/schema.org\/ImageObject\">\n\t\t\t\t\t\t<div class=\"gallery-icon landscape\"><a href=\"https:\/\/www.salzburgerland.com\/de\/wp-content\/uploads\/2016\/08\/rs1086_sterbebuch01-lpr-1920x1067.jpg\" title=\"Museum Sterbebuch - Mariapfarr\"><img decoding=\"async\" data-title=\"Sterbebuch - im Museum Mariapfarr\" title=\"Sterbebuch - im Museum Mariapfarr\" data-caption=\"Sterbebuch - im Museum Mariapfarr\" width=\"1170\" height=\"658\" src=\"https:\/\/www.salzburgerland.com\/de\/wp-content\/uploads\/2016\/08\/rs1086_sterbebuch01-lpr-1170x658.jpg\" class=\"attachment-1170_658 size-1170_658\" alt=\"Ein altes, offenes Hauptbuch mit handschriftlichen Eintr\u00e4gen in sauberen Spalten vor schwarzem Hintergrund. (vergr\u00f6\u00dferte Ansicht)\" srcset=\"https:\/\/www.salzburgerland.com\/de\/wp-content\/uploads\/2016\/08\/rs1086_sterbebuch01-lpr-1170x658.jpg 1170w, https:\/\/www.salzburgerland.com\/de\/wp-content\/uploads\/2016\/08\/rs1086_sterbebuch01-lpr-1200x675.jpg 1200w\" sizes=\"(max-width: 1170px) 100vw, 1170px\" aria-describedby=\"figcaption-615723-90946\" itemprop=\"thumbnail\"><\/a><\/div>\n\t\t\t\t\t\t<span id=\"figcaption-615723-90946\" class=\"gallery-caption\" itemprop=\"caption\"><span aria-hidden=\"true\">Sterbebuch \u2013 im Museum Mariapfarr<\/span><\/span>\n\t\t\t\t\t<\/li>\n\t\t\t\t<\/ul>\n\t\t\t<\/div><!-- .gallery -->\n<\/li>\n<li><strong><strong>Stille-Nacht-Brunnen am Joseph-Mohr-Platz<\/strong><\/strong><br>\nSehenswert ist auch der Stille-Nacht-Brunnen auf dem neu gestalteten Joseph-Mohr-Platz. Der Brunnen wurde von Pfarrer Mag. Bernhard Rohrmoser zum Gedenken an das Jahr 1816 geschaffen, in dem Joseph Mohr als Koadjutor in Mariapfarr den Text zu \u201eStille Nacht! Heilige Nacht!\u201c schrieb. Das Konzept des Brunnens: Unterhalb der B\u00fcste Joseph Mohrs erinnert die Weltkugel an die weltweite Verbreitung des Liedes in mittlerweile mehr als 300 Sprachen, eine zweite Bronzeschale unter dem Globus f\u00fchrt die Botschaft.<\/li>\n<\/ul>\n<ul>\n<li>Eine gut einst\u00fcndige, sch\u00f6ne<span>\u00a0<\/span><strong>Wanderung rund um Mariapfarr<\/strong>\u00a0f\u00fchrt unter anderem zur Lungauer Urkirche Althofen und der Scharglerkeusche in Stranach. Start ist an der Wallfahrts- und Stille Nacht Basilika, von hier aus folgt man haupts\u00e4chlich der gut ausgeschilderten Nordic-Walking-Strecke Nr. 7. Am \u00d6rglwirt vorbei, folgt die Route 7 dem Totengassl durch die sch\u00f6n geschwungene Birkenallee hinunter zur barocken Rundkirche Althofen. Viele Hinweise sprechen daf\u00fcr, dass es sich bei dem fr\u00fchromanischen Vorg\u00e4ngerbau um die in einer Urkunde aus dem Jahre 754 erw\u00e4hnte Urpfarre handelt. Der Weg Nr. 7 f\u00fchrt geradeaus weiter, trifft wenig sp\u00e4ter auf eine Stra\u00dfe, folgt dieser kurz links abzweigend und bleibt dann am Taurachufer. Bei der Taurachbr\u00fccke wechseln wir kurz auf die andere Flussseite, denn dort, beinahe am linken Br\u00fcckenkopf, steht die Scharglerkeusche, in der die Familie Mohr in bescheidenen Verh\u00e4ltnissen lebte. Diese typische Lungauer Keusche ist ein europ\u00e4isches Kulturdenkmal, sie befindet sich in Privatbesitz. Wieder auf der anderen Uferseite, folgt die Route 7 noch kurz dem Verlauf der Taurachbahn und zweigt dann bei einem Traktorweg nach links ab. \u00dcber einige H\u00f6henmeter geht es durch die Siedlung Stockerfeld und von hier aus kehrt man linkerhand nach <a href=\"https:\/\/www.lungau.at\/de\/typisch-lungau\/\" target=\"_blank\" rel=\"noopener\">Mariapfarr<\/a> zur\u00fcck.<\/li>\n<\/ul>\n<h2><a href=\"https:\/\/www.salzburgerland.com\/de\/stille-nacht-kirchen-360-panorama\/\" target=\"_blank\" rel=\"noopener\"><span>Erleben Sie interaktive 360\u00b0 Innenansichten der sch\u00f6nsten Stille Nacht-Sakralgeb\u00e4ude!<\/span><\/a><\/h2>\n","protected":false},"excerpt":{"rendered":"<p>In Mariapfarr trat Joseph Mohr seine erste Stelle als Hilfspfarrer an: Er lernte seinen Gro\u00dfvater kennen und verfasste 1816 das Gedicht \u201eStille Nacht! Heilige Nacht!\u201c. Es war, als h\u00e4tte der junge Priester zu seinen Wurzeln zur\u00fcckkehren m\u00fcssen, um Neues zu schaffen. Die Menschen litten unter Hunger und Armut und dennoch hielt dieser junge Kooperator unersch\u00fctterlich [&hellip;]<\/p>\n","protected":false},"author":84,"featured_media":613408,"comment_status":"closed","ping_status":"closed","sticky":false,"template":"","format":"standard","meta":{"_acf_changed":false,"wl_entities_gutenberg":"","_relevanssi_hide_post":"","_relevanssi_hide_content":"","_relevanssi_pin_for_all":"","_relevanssi_pin_keywords":"","_relevanssi_unpin_keywords":"","_relevanssi_related_keywords":"","_relevanssi_related_include_ids":"","_relevanssi_related_exclude_ids":"","_relevanssi_related_no_append":"","_relevanssi_related_not_related":"","_relevanssi_related_posts":"","_relevanssi_noindex_reason":"","footnotes":""},"categories":[1],"tags":[],"wl_entity_type":[11495],"class_list":["post-615723","post","type-post","status-publish","format-standard","has-post-thumbnail","hentry","category-allgemein","wl_entity_type-article"],"acf":[],"yoast_head":"<!-- This site is optimized with the Yoast SEO Premium plugin v26.9 (Yoast SEO v26.9) - https:\/\/yoast.com\/product\/yoast-seo-premium-wordpress\/ -->\n<title>Mariapfarr \u00bb SalzburgerLand.com<\/title>\n<meta name=\"robots\" content=\"index, follow, max-snippet:-1, max-image-preview:large, max-video-preview:-1\" \/>\n<link rel=\"canonical\" href=\"https:\/\/www.salzburgerland.com\/de\/wp-json\/wp\/v2\/posts\/615723\" \/>\n<meta property=\"og:locale\" content=\"de_DE\" \/>\n<meta property=\"og:type\" content=\"article\" \/>\n<meta property=\"og:title\" content=\"Mariapfarr\" \/>\n<meta property=\"og:description\" content=\"Joseph Mohr schrieb hier den weltbekannten Text\" \/>\n<meta property=\"og:url\" content=\"https:\/\/www.salzburgerland.com\/de\/wp-json\/wp\/v2\/posts\/615723\" \/>\n<meta property=\"og:site_name\" content=\"SalzburgerLand.com\" \/>\n<meta property=\"article:publisher\" content=\"https:\/\/www.facebook.com\/salzburgerland\/\" \/>\n<meta property=\"article:published_time\" content=\"2021-09-23T14:00:48+00:00\" \/>\n<meta property=\"article:modified_time\" content=\"2022-04-06T10:52:11+00:00\" \/>\n<meta property=\"og:image\" content=\"https:\/\/www.salzburgerland.com\/de\/wp-content\/uploads\/2021\/09\/rs1083_brunnen_mohr01-hpr-1920x840-jpg-pagespeed-ce_-xlutstorep-1200x675.jpg\" \/>\n\t<meta property=\"og:image:width\" content=\"1200\" \/>\n\t<meta property=\"og:image:height\" content=\"675\" \/>\n\t<meta property=\"og:image:type\" content=\"image\/jpeg\" \/>\n<meta name=\"author\" content=\"Stefanie Gschwandtner\" \/>\n<meta name=\"twitter:card\" content=\"summary_large_image\" \/>\n<meta name=\"twitter:creator\" content=\"@szimmerebner\" \/>\n<meta name=\"twitter:site\" content=\"@Salzburgerland\" \/>\n<meta name=\"twitter:label1\" content=\"Verfasst von\" \/>\n\t<meta name=\"twitter:data1\" content=\"Stefanie Gschwandtner\" \/>\n\t<meta name=\"twitter:label2\" content=\"Gesch\u00e4tzte Lesezeit\" \/>\n\t<meta name=\"twitter:data2\" content=\"7\u00a0Minuten\" \/>\n<script type=\"application\/ld+json\" class=\"yoast-schema-graph\">{\"@context\":\"https:\/\/schema.org\",\"@graph\":[{\"@type\":\"WebPage\",\"@id\":\"https:\/\/www.salzburgerland.com\/de\/mariapfarr-stille-nacht\/\",\"url\":\"https:\/\/www.salzburgerland.com\/de\/mariapfarr-stille-nacht\/\",\"name\":\"Mariapfarr \u00bb SalzburgerLand.com\",\"isPartOf\":{\"@id\":\"https:\/\/www.salzburgerland.com\/de\/#website\"},\"primaryImageOfPage\":{\"@id\":\"https:\/\/www.salzburgerland.com\/de\/mariapfarr-stille-nacht\/#primaryimage\"},\"image\":{\"@id\":\"https:\/\/www.salzburgerland.com\/de\/mariapfarr-stille-nacht\/#primaryimage\"},\"thumbnailUrl\":\"https:\/\/www.salzburgerland.com\/de\/wp-content\/uploads\/2021\/09\/rs1083_brunnen_mohr01-hpr-1920x840-jpg-pagespeed-ce_-xlutstorep.jpg\",\"datePublished\":\"2021-09-23T14:00:48+00:00\",\"dateModified\":\"2022-04-06T10:52:11+00:00\",\"description\":\"Joseph Mohr schrieb hier den weltbekannten Text\",\"breadcrumb\":{\"@id\":\"https:\/\/www.salzburgerland.com\/de\/mariapfarr-stille-nacht\/#breadcrumb\"},\"inLanguage\":\"de\",\"potentialAction\":[{\"@type\":\"ReadAction\",\"target\":[\"https:\/\/www.salzburgerland.com\/de\/mariapfarr-stille-nacht\/\"]}]},{\"@type\":\"ImageObject\",\"inLanguage\":\"de\",\"@id\":\"https:\/\/www.salzburgerland.com\/de\/mariapfarr-stille-nacht\/#primaryimage\",\"url\":\"https:\/\/www.salzburgerland.com\/de\/wp-content\/uploads\/2021\/09\/rs1083_brunnen_mohr01-hpr-1920x840-jpg-pagespeed-ce_-xlutstorep.jpg\",\"contentUrl\":\"https:\/\/www.salzburgerland.com\/de\/wp-content\/uploads\/2021\/09\/rs1083_brunnen_mohr01-hpr-1920x840-jpg-pagespeed-ce_-xlutstorep.jpg\",\"width\":1920,\"height\":840,\"caption\":\"(c) SalzburgerLand Tourismus, Joseph-Mohr-Brunnen in Mariapfarr\"},{\"@type\":\"BreadcrumbList\",\"@id\":\"https:\/\/www.salzburgerland.com\/de\/mariapfarr-stille-nacht\/#breadcrumb\",\"itemListElement\":[{\"@type\":\"ListItem\",\"position\":1,\"name\":\"Stille Nacht! Heilige Nacht!\",\"item\":\"https:\/\/www.salzburgerland.com\/de\/stille-nacht\/\"},{\"@type\":\"ListItem\",\"position\":2,\"name\":\"Mariapfarr\"}]},{\"@type\":\"WebSite\",\"@id\":\"https:\/\/www.salzburgerland.com\/de\/#website\",\"url\":\"https:\/\/www.salzburgerland.com\/de\/\",\"name\":\"SalzburgerLand.com\",\"description\":\"Ihr Urlaub in Salzburg, \u00d6sterreich\",\"publisher\":{\"@id\":\"https:\/\/www.salzburgerland.com\/de\/#organization\"},\"potentialAction\":[{\"@type\":\"SearchAction\",\"target\":{\"@type\":\"EntryPoint\",\"urlTemplate\":\"https:\/\/www.salzburgerland.com\/de\/?s={search_term_string}\"},\"query-input\":{\"@type\":\"PropertyValueSpecification\",\"valueRequired\":true,\"valueName\":\"search_term_string\"}}],\"inLanguage\":\"de\"},{\"@type\":\"Organization\",\"@id\":\"https:\/\/www.salzburgerland.com\/de\/#organization\",\"name\":\"SalzburgerLand Tourismus GmbH\",\"url\":\"https:\/\/www.salzburgerland.com\/de\/\",\"logo\":{\"@type\":\"ImageObject\",\"inLanguage\":\"de\",\"@id\":\"https:\/\/www.salzburgerland.com\/de\/#\/schema\/logo\/image\/\",\"url\":\"https:\/\/www.salzburgerland.com\/de\/wp-content\/uploads\/2017\/01\/salzburgerland-logo.jpg\",\"contentUrl\":\"https:\/\/www.salzburgerland.com\/de\/wp-content\/uploads\/2017\/01\/salzburgerland-logo.jpg\",\"width\":1920,\"height\":827,\"caption\":\"SalzburgerLand Tourismus GmbH\"},\"image\":{\"@id\":\"https:\/\/www.salzburgerland.com\/de\/#\/schema\/logo\/image\/\"},\"sameAs\":[\"https:\/\/www.facebook.com\/salzburgerland\/\",\"https:\/\/x.com\/Salzburgerland\",\"https:\/\/www.instagram.com\/salzburgerland\/\",\"http:\/\/dbpedia.org\/resource\/Salzburg_(state)\",\"http:\/\/wikidata.dbpedia.org\/resource\/Q43325\",\"http:\/\/open.salzburgerland.com\/de\/entity\/salzburgerland\",\"https:\/\/www.youtube.com\/user\/salzburgerland\"]},{\"@type\":\"Person\",\"@id\":\"https:\/\/www.salzburgerland.com\/de\/#\/schema\/person\/341c767951f29c944985e07f82521a7c\",\"name\":\"Stefanie Gschwandtner\",\"image\":{\"@type\":\"ImageObject\",\"inLanguage\":\"de\",\"@id\":\"https:\/\/www.salzburgerland.com\/de\/#\/schema\/person\/image\/\",\"url\":\"https:\/\/secure.gravatar.com\/avatar\/3e5487886577b8a9e70b9a637ff7fa5b16d2bb45b55f900a12f05abf6f50ca85?s=96&d=mm&r=g\",\"contentUrl\":\"https:\/\/secure.gravatar.com\/avatar\/3e5487886577b8a9e70b9a637ff7fa5b16d2bb45b55f900a12f05abf6f50ca85?s=96&d=mm&r=g\",\"caption\":\"Stefanie Gschwandtner\"},\"sameAs\":[\"https:\/\/x.com\/szimmerebner\"]}]}<\/script>\n<!-- \/ Yoast SEO Premium plugin. -->","yoast_head_json":{"title":"Mariapfarr \u00bb SalzburgerLand.com","robots":{"index":"index","follow":"follow","max-snippet":"max-snippet:-1","max-image-preview":"max-image-preview:large","max-video-preview":"max-video-preview:-1"},"canonical":"https:\/\/www.salzburgerland.com\/de\/wp-json\/wp\/v2\/posts\/615723","og_locale":"de_DE","og_type":"article","og_title":"Mariapfarr","og_description":"Joseph Mohr schrieb hier den weltbekannten Text","og_url":"https:\/\/www.salzburgerland.com\/de\/wp-json\/wp\/v2\/posts\/615723","og_site_name":"SalzburgerLand.com","article_publisher":"https:\/\/www.facebook.com\/salzburgerland\/","article_published_time":"2021-09-23T14:00:48+00:00","article_modified_time":"2022-04-06T10:52:11+00:00","og_image":[{"width":1200,"height":675,"url":"https:\/\/www.salzburgerland.com\/de\/wp-content\/uploads\/2021\/09\/rs1083_brunnen_mohr01-hpr-1920x840-jpg-pagespeed-ce_-xlutstorep-1200x675.jpg","type":"image\/jpeg"}],"author":"Stefanie Gschwandtner","twitter_card":"summary_large_image","twitter_creator":"@szimmerebner","twitter_site":"@Salzburgerland","twitter_misc":{"Verfasst von":"Stefanie Gschwandtner","Gesch\u00e4tzte Lesezeit":"7\u00a0Minuten"},"schema":{"@context":"https:\/\/schema.org","@graph":[{"@type":"WebPage","@id":"https:\/\/www.salzburgerland.com\/de\/mariapfarr-stille-nacht\/","url":"https:\/\/www.salzburgerland.com\/de\/mariapfarr-stille-nacht\/","name":"Mariapfarr \u00bb SalzburgerLand.com","isPartOf":{"@id":"https:\/\/www.salzburgerland.com\/de\/#website"},"primaryImageOfPage":{"@id":"https:\/\/www.salzburgerland.com\/de\/mariapfarr-stille-nacht\/#primaryimage"},"image":{"@id":"https:\/\/www.salzburgerland.com\/de\/mariapfarr-stille-nacht\/#primaryimage"},"thumbnailUrl":"https:\/\/www.salzburgerland.com\/de\/wp-content\/uploads\/2021\/09\/rs1083_brunnen_mohr01-hpr-1920x840-jpg-pagespeed-ce_-xlutstorep.jpg","datePublished":"2021-09-23T14:00:48+00:00","dateModified":"2022-04-06T10:52:11+00:00","description":"Joseph Mohr schrieb hier den weltbekannten Text","breadcrumb":{"@id":"https:\/\/www.salzburgerland.com\/de\/mariapfarr-stille-nacht\/#breadcrumb"},"inLanguage":"de","potentialAction":[{"@type":"ReadAction","target":["https:\/\/www.salzburgerland.com\/de\/mariapfarr-stille-nacht\/"]}]},{"@type":"ImageObject","inLanguage":"de","@id":"https:\/\/www.salzburgerland.com\/de\/mariapfarr-stille-nacht\/#primaryimage","url":"https:\/\/www.salzburgerland.com\/de\/wp-content\/uploads\/2021\/09\/rs1083_brunnen_mohr01-hpr-1920x840-jpg-pagespeed-ce_-xlutstorep.jpg","contentUrl":"https:\/\/www.salzburgerland.com\/de\/wp-content\/uploads\/2021\/09\/rs1083_brunnen_mohr01-hpr-1920x840-jpg-pagespeed-ce_-xlutstorep.jpg","width":1920,"height":840,"caption":"(c) SalzburgerLand Tourismus, Joseph-Mohr-Brunnen in Mariapfarr"},{"@type":"BreadcrumbList","@id":"https:\/\/www.salzburgerland.com\/de\/mariapfarr-stille-nacht\/#breadcrumb","itemListElement":[{"@type":"ListItem","position":1,"name":"Stille Nacht! Heilige Nacht!","item":"https:\/\/www.salzburgerland.com\/de\/stille-nacht\/"},{"@type":"ListItem","position":2,"name":"Mariapfarr"}]},{"@type":"WebSite","@id":"https:\/\/www.salzburgerland.com\/de\/#website","url":"https:\/\/www.salzburgerland.com\/de\/","name":"SalzburgerLand.com","description":"Ihr Urlaub in Salzburg, \u00d6sterreich","publisher":{"@id":"https:\/\/www.salzburgerland.com\/de\/#organization"},"potentialAction":[{"@type":"SearchAction","target":{"@type":"EntryPoint","urlTemplate":"https:\/\/www.salzburgerland.com\/de\/?s={search_term_string}"},"query-input":{"@type":"PropertyValueSpecification","valueRequired":true,"valueName":"search_term_string"}}],"inLanguage":"de"},{"@type":"Organization","@id":"https:\/\/www.salzburgerland.com\/de\/#organization","name":"SalzburgerLand Tourismus GmbH","url":"https:\/\/www.salzburgerland.com\/de\/","logo":{"@type":"ImageObject","inLanguage":"de","@id":"https:\/\/www.salzburgerland.com\/de\/#\/schema\/logo\/image\/","url":"https:\/\/www.salzburgerland.com\/de\/wp-content\/uploads\/2017\/01\/salzburgerland-logo.jpg","contentUrl":"https:\/\/www.salzburgerland.com\/de\/wp-content\/uploads\/2017\/01\/salzburgerland-logo.jpg","width":1920,"height":827,"caption":"SalzburgerLand Tourismus GmbH"},"image":{"@id":"https:\/\/www.salzburgerland.com\/de\/#\/schema\/logo\/image\/"},"sameAs":["https:\/\/www.facebook.com\/salzburgerland\/","https:\/\/x.com\/Salzburgerland","https:\/\/www.instagram.com\/salzburgerland\/","http:\/\/dbpedia.org\/resource\/Salzburg_(state)","http:\/\/wikidata.dbpedia.org\/resource\/Q43325","http:\/\/open.salzburgerland.com\/de\/entity\/salzburgerland","https:\/\/www.youtube.com\/user\/salzburgerland"]},{"@type":"Person","@id":"https:\/\/www.salzburgerland.com\/de\/#\/schema\/person\/341c767951f29c944985e07f82521a7c","name":"Stefanie Gschwandtner","image":{"@type":"ImageObject","inLanguage":"de","@id":"https:\/\/www.salzburgerland.com\/de\/#\/schema\/person\/image\/","url":"https:\/\/secure.gravatar.com\/avatar\/3e5487886577b8a9e70b9a637ff7fa5b16d2bb45b55f900a12f05abf6f50ca85?s=96&d=mm&r=g","contentUrl":"https:\/\/secure.gravatar.com\/avatar\/3e5487886577b8a9e70b9a637ff7fa5b16d2bb45b55f900a12f05abf6f50ca85?s=96&d=mm&r=g","caption":"Stefanie Gschwandtner"},"sameAs":["https:\/\/x.com\/szimmerebner"]}]}},"_wl_alt_label":[],"wl:entity_url":"http:\/\/open.salzburgerland.com\/de\/post\/mariapfarr","_links":{"self":[{"href":"https:\/\/www.salzburgerland.com\/de\/wp-json\/wp\/v2\/posts\/615723","targetHints":{"allow":["GET"]}}],"collection":[{"href":"https:\/\/www.salzburgerland.com\/de\/wp-json\/wp\/v2\/posts"}],"about":[{"href":"https:\/\/www.salzburgerland.com\/de\/wp-json\/wp\/v2\/types\/post"}],"author":[{"embeddable":true,"href":"https:\/\/www.salzburgerland.com\/de\/wp-json\/wp\/v2\/users\/84"}],"replies":[{"embeddable":true,"href":"https:\/\/www.salzburgerland.com\/de\/wp-json\/wp\/v2\/comments?post=615723"}],"version-history":[{"count":5,"href":"https:\/\/www.salzburgerland.com\/de\/wp-json\/wp\/v2\/posts\/615723\/revisions"}],"predecessor-version":[{"id":652988,"href":"https:\/\/www.salzburgerland.com\/de\/wp-json\/wp\/v2\/posts\/615723\/revisions\/652988"}],"wp:featuredmedia":[{"embeddable":true,"href":"https:\/\/www.salzburgerland.com\/de\/wp-json\/wp\/v2\/media\/613408"}],"wp:attachment":[{"href":"https:\/\/www.salzburgerland.com\/de\/wp-json\/wp\/v2\/media?parent=615723"}],"wp:term":[{"taxonomy":"category","embeddable":true,"href":"https:\/\/www.salzburgerland.com\/de\/wp-json\/wp\/v2\/categories?post=615723"},{"taxonomy":"post_tag","embeddable":true,"href":"https:\/\/www.salzburgerland.com\/de\/wp-json\/wp\/v2\/tags?post=615723"},{"taxonomy":"wl_entity_type","embeddable":true,"href":"https:\/\/www.salzburgerland.com\/de\/wp-json\/wp\/v2\/wl_entity_type?post=615723"}],"curies":[{"name":"wp","href":"https:\/\/api.w.org\/{rel}","templated":true}]}}