{"id":614588,"date":"2021-09-22T10:21:26","date_gmt":"2021-09-22T08:21:26","guid":{"rendered":"https:\/\/www.salzburgerland.com\/de\/?p=614588"},"modified":"2023-06-05T13:25:19","modified_gmt":"2023-06-05T11:25:19","slug":"nachfahren-erzaehlen","status":"publish","type":"post","link":"https:\/\/www.salzburgerland.com\/de\/nachfahren-erzaehlen\/","title":{"rendered":"Nachfahren erz\u00e4hlen"},"content":{"rendered":"<h2>Vom Liedkomponisten zum Rapper<\/h2>\n<p>Wenn er mit seinen Eltern und Geschwistern Weihnachten feiert, greift er auch heute manchmal zur Gitarre. Seit er sich erinnern k\u00f6nne, sei beim gro\u00dfen Familienfest jedes Jahr \u201eStille Nacht! Heilige Nacht!\u201c gesungen worden, erz\u00e4hlt der Salzburger Rapper Dame. Der 27-j\u00e4hrige Musiker ist ein Nachfahre des Komponisten Franz Xaver Gruber. Um genau zu sein, dessen Ururururenkel. Und das musikalische Talent scheint sich eins zu ein weitervererbt zu haben. Dame z\u00e4hlt zu den erfolgreichsten \u00f6sterreichischen Rappern, der vor allem mit Songs zum Thema Computerspiele bekannt wurde und sich ein eigenes Revier im deutschsprachigen Hip Hop erobert hat. Heute verzeichnet sein YouTube-Kanal insgesamt 270 Millionen Klicks und mehr als 700.000 Abonnenten. \u00c4hnlich wie bei seinem ber\u00fchmten Vorfahren wurde sein musikalisches Talent auch von einem Lehrer entdeckt und gef\u00f6rdert. Dennoch hat er sich f\u00fcr eine Ausbildung zum Koch und Konditor und damit f\u00fcr einen handfesten Brotberuf entschieden. Auch auf Anraten seiner Eltern. Doch die Musik setzte sich durch: Mit einer ersten Tour konnte er den Klickerfolg in Besucherzahlen umwandeln. \u201eSeither bin ich selbstst\u00e4ndig\u201c, erz\u00e4hlt Dame, der seine Musik ohne R\u00fcckendeckung eines gro\u00dfen Labels ver\u00f6ffentlicht.<\/p>\n<p>Ob er sich manchmal w\u00fcnscht, eine Zeitreise ins fr\u00fche 19. Jahrhundert zu machen? \u201eEs w\u00e4re sicher beeindruckend, die schwierigen Lebensumst\u00e4nde dieser Zeit zu sehen\u201c, sagt Dame. \u201eMich fasziniert, wie Franz Xaver Gruber f\u00fcr seine gro\u00dfe Familie sorgte, wie er gek\u00e4mpft hat, um seine Musik machen zu k\u00f6nnen, und wie dieses Lied dennoch so einfach, aus der Freude heraus entstehen konnte. Die Melodie transportiert die Botschaft des Textes ideal. Das ist auch heute ein Geheimnis wirklich guter Songs.\u201c Vielleicht gibt es auch deshalb so ungez\u00e4hlt viele Cover-Versionen von \u201eStille Nacht! Heilige Nacht!\u201c. Ob er selbst schon in Versuchung war, eine Hip-Hop-Version zu wagen? Wenn schon ein Weihnachtslied, \u201edann w\u00fcrde ich eher etwas Eigenes versuchen, als ,Stille Nacht\u2018 zu verschandeln\u201c, scherzt Dame. \u201eDie sch\u00f6nste Version ist und bleibt das Original.\u201c<\/p>\n<h2>Vom Tiroler Nationals\u00e4nger zum Musiklehrer<\/h2>\n<p>Gerald Wiener ist Deutsch- und Musiklehrer an der Neuen Mittelschule in der Nationalparkgemeinde Rauris. Der Pinzgauer singt im Kirchenchor, leitet die Jugendkapelle der Blasmusik und ist selbst Blasmusikant. Die Liebe und das Talent zur Musik scheinen ihm in die Wiege gelegt worden zu sein. Und genau das ist der Fall: Kein Geringerer als der ber\u00fchmte Tiroler Nationals\u00e4nger Ludwig Rainer \u201evergoldet\u201c die Ahnentafel von Gerald Wiener. Er selbst ist dessen Urururenkel. Sein Gro\u00dfvater hatte ihm schon von Ludwig Rainer erz\u00e4hlt, als er selbst noch ein Kind war. Erst im Erwachsenenalter habe er sich intensiver zu fragen begonnen, was es denn mit diesen Erz\u00e4hlungen auf sich habe. Und mit der Beziehung zu diesen S\u00e4ngern aus dem Zillertal.<\/p>\n<p>Den entscheidenden Ansto\u00df dazu gab eine Zeichnung der Ur-Rainer in einem Kaffeehaus in Wieners Heimatort Kaprun. Diese fiel ihm immer wieder auf: \u201eDas hat mir dann irgendwie keine Ruhe mehr gelassen. Es hat mich wirklich neugierig gemacht. Ich habe begonnen, meine \u00e4lteren Verwandten zu befragen, und in der Chronik von Kaprun nachgeforscht.\u201c Tats\u00e4chlich bekam er die Best\u00e4tigung, dass seine Verwandtschaft aus dem Zillertal durchaus bemerkenswert ist.<\/p>\n<p>\u00dcber \u201eStille Nacht! Heilige Nacht!\u201c zu reden ist das eine. Es zu singen das andere. Immer bleibt da dieser ganz pers\u00f6nliche, intime Moment, wenn man es alleine oder im besten Fall mit der ganzen Familie am Heiligen Abend anstimmt. Das Lied hat seinen eigenen Zauber. Es ist ein Kulturgut, \u201eauf das ich sehr stolz bin\u201c, betont Gerald Wiener. \u201eWeil es aus Salzburg stammt und weil es Jahr f\u00fcr Jahr Millionen von Menschen ber\u00fchrt und zum Kern der Weihnacht hinf\u00fchrt. Auf dieses Schlichte und Einfache und Sch\u00f6ne.\u201c<\/p>\n","protected":false},"excerpt":{"rendered":"<p>Vom Liedkomponisten zum Rapper Wenn er mit seinen Eltern und Geschwistern Weihnachten feiert, greift er auch heute manchmal zur Gitarre. Seit er sich erinnern k\u00f6nne, sei beim gro\u00dfen Familienfest jedes Jahr \u201eStille Nacht! Heilige Nacht!\u201c gesungen worden, erz\u00e4hlt der Salzburger Rapper Dame. Der 27-j\u00e4hrige Musiker ist ein Nachfahre des Komponisten Franz Xaver Gruber. Um genau [&hellip;]<\/p>\n","protected":false},"author":84,"featured_media":614589,"comment_status":"closed","ping_status":"closed","sticky":false,"template":"","format":"standard","meta":{"_acf_changed":false,"wl_entities_gutenberg":"","_relevanssi_hide_post":"","_relevanssi_hide_content":"","_relevanssi_pin_for_all":"","_relevanssi_pin_keywords":"","_relevanssi_unpin_keywords":"","_relevanssi_related_keywords":"","_relevanssi_related_include_ids":"","_relevanssi_related_exclude_ids":"","_relevanssi_related_no_append":"","_relevanssi_related_not_related":"","_relevanssi_related_posts":"","_relevanssi_noindex_reason":"","footnotes":""},"categories":[1],"tags":[],"wl_entity_type":[11495],"class_list":["post-614588","post","type-post","status-publish","format-standard","has-post-thumbnail","hentry","category-allgemein","wl_entity_type-article"],"acf":[],"yoast_head":"<!-- This site is optimized with the Yoast SEO Premium plugin v26.9 (Yoast SEO v26.9) - https:\/\/yoast.com\/product\/yoast-seo-premium-wordpress\/ -->\n<title>Nachfahren erz\u00e4hlen \u00bb SalzburgerLand.com<\/title>\n<meta name=\"robots\" content=\"index, follow, max-snippet:-1, max-image-preview:large, max-video-preview:-1\" \/>\n<link rel=\"canonical\" href=\"https:\/\/www.salzburgerland.com\/de\/wp-json\/wp\/v2\/posts\/614588\" \/>\n<meta property=\"og:locale\" content=\"de_DE\" \/>\n<meta property=\"og:type\" content=\"article\" \/>\n<meta property=\"og:title\" content=\"Nachfahren erz\u00e4hlen\" \/>\n<meta property=\"og:description\" content=\"Nachfahren von Franz Xaver Gruber und Ludwig Rainer erinnern sich an Erz\u00e4hlungen, die in ihrer Familie von Generation zu Generation weitergegeben wurden.\" \/>\n<meta property=\"og:url\" content=\"https:\/\/www.salzburgerland.com\/de\/wp-json\/wp\/v2\/posts\/614588\" \/>\n<meta property=\"og:site_name\" content=\"SalzburgerLand.com\" \/>\n<meta property=\"article:publisher\" content=\"https:\/\/www.facebook.com\/salzburgerland\/\" \/>\n<meta property=\"article:published_time\" content=\"2021-09-22T08:21:26+00:00\" \/>\n<meta property=\"article:modified_time\" content=\"2023-06-05T11:25:19+00:00\" \/>\n<meta property=\"og:image\" content=\"https:\/\/www.salzburgerland.com\/de\/wp-content\/uploads\/2021\/09\/stille-nacht-nachfahren-rapper-1200x675.jpg\" \/>\n\t<meta property=\"og:image:width\" content=\"1200\" \/>\n\t<meta property=\"og:image:height\" content=\"675\" \/>\n\t<meta property=\"og:image:type\" content=\"image\/jpeg\" \/>\n<meta name=\"author\" content=\"Stefanie Gschwandtner\" \/>\n<meta name=\"twitter:card\" content=\"summary_large_image\" \/>\n<meta name=\"twitter:creator\" content=\"@szimmerebner\" \/>\n<meta name=\"twitter:site\" content=\"@Salzburgerland\" \/>\n<meta name=\"twitter:label1\" content=\"Verfasst von\" \/>\n\t<meta name=\"twitter:data1\" content=\"Stefanie Gschwandtner\" \/>\n\t<meta name=\"twitter:label2\" content=\"Gesch\u00e4tzte Lesezeit\" \/>\n\t<meta name=\"twitter:data2\" content=\"4\u00a0Minuten\" \/>\n<script type=\"application\/ld+json\" class=\"yoast-schema-graph\">{\"@context\":\"https:\/\/schema.org\",\"@graph\":[{\"@type\":\"WebPage\",\"@id\":\"https:\/\/www.salzburgerland.com\/de\/nachfahren-erzaehlen\/\",\"url\":\"https:\/\/www.salzburgerland.com\/de\/nachfahren-erzaehlen\/\",\"name\":\"Nachfahren erz\u00e4hlen \u00bb SalzburgerLand.com\",\"isPartOf\":{\"@id\":\"https:\/\/www.salzburgerland.com\/de\/#website\"},\"primaryImageOfPage\":{\"@id\":\"https:\/\/www.salzburgerland.com\/de\/nachfahren-erzaehlen\/#primaryimage\"},\"image\":{\"@id\":\"https:\/\/www.salzburgerland.com\/de\/nachfahren-erzaehlen\/#primaryimage\"},\"thumbnailUrl\":\"https:\/\/www.salzburgerland.com\/de\/wp-content\/uploads\/2021\/09\/stille-nacht-nachfahren-rapper.jpg\",\"datePublished\":\"2021-09-22T08:21:26+00:00\",\"dateModified\":\"2023-06-05T11:25:19+00:00\",\"description\":\"Nachfahren von Franz Xaver Gruber und Ludwig Rainer erinnern sich an Erz\u00e4hlungen, die in ihrer Familie von Generation zu Generation weitergegeben wurden.\",\"breadcrumb\":{\"@id\":\"https:\/\/www.salzburgerland.com\/de\/nachfahren-erzaehlen\/#breadcrumb\"},\"inLanguage\":\"de\",\"potentialAction\":[{\"@type\":\"ReadAction\",\"target\":[\"https:\/\/www.salzburgerland.com\/de\/nachfahren-erzaehlen\/\"]}]},{\"@type\":\"ImageObject\",\"inLanguage\":\"de\",\"@id\":\"https:\/\/www.salzburgerland.com\/de\/nachfahren-erzaehlen\/#primaryimage\",\"url\":\"https:\/\/www.salzburgerland.com\/de\/wp-content\/uploads\/2021\/09\/stille-nacht-nachfahren-rapper.jpg\",\"contentUrl\":\"https:\/\/www.salzburgerland.com\/de\/wp-content\/uploads\/2021\/09\/stille-nacht-nachfahren-rapper.jpg\",\"width\":1920,\"height\":840,\"caption\":\"(c) Stefan Brending (Wikimedia Commons), Rapper Dame\"},{\"@type\":\"BreadcrumbList\",\"@id\":\"https:\/\/www.salzburgerland.com\/de\/nachfahren-erzaehlen\/#breadcrumb\",\"itemListElement\":[{\"@type\":\"ListItem\",\"position\":1,\"name\":\"Stille Nacht! Heilige Nacht!\",\"item\":\"https:\/\/www.salzburgerland.com\/de\/stille-nacht\/\"},{\"@type\":\"ListItem\",\"position\":2,\"name\":\"Nachfahren erz\u00e4hlen\"}]},{\"@type\":\"WebSite\",\"@id\":\"https:\/\/www.salzburgerland.com\/de\/#website\",\"url\":\"https:\/\/www.salzburgerland.com\/de\/\",\"name\":\"SalzburgerLand.com\",\"description\":\"Ihr Urlaub in Salzburg, \u00d6sterreich\",\"publisher\":{\"@id\":\"https:\/\/www.salzburgerland.com\/de\/#organization\"},\"potentialAction\":[{\"@type\":\"SearchAction\",\"target\":{\"@type\":\"EntryPoint\",\"urlTemplate\":\"https:\/\/www.salzburgerland.com\/de\/?s={search_term_string}\"},\"query-input\":{\"@type\":\"PropertyValueSpecification\",\"valueRequired\":true,\"valueName\":\"search_term_string\"}}],\"inLanguage\":\"de\"},{\"@type\":\"Organization\",\"@id\":\"https:\/\/www.salzburgerland.com\/de\/#organization\",\"name\":\"SalzburgerLand Tourismus GmbH\",\"url\":\"https:\/\/www.salzburgerland.com\/de\/\",\"logo\":{\"@type\":\"ImageObject\",\"inLanguage\":\"de\",\"@id\":\"https:\/\/www.salzburgerland.com\/de\/#\/schema\/logo\/image\/\",\"url\":\"https:\/\/www.salzburgerland.com\/de\/wp-content\/uploads\/2017\/01\/salzburgerland-logo.jpg\",\"contentUrl\":\"https:\/\/www.salzburgerland.com\/de\/wp-content\/uploads\/2017\/01\/salzburgerland-logo.jpg\",\"width\":1920,\"height\":827,\"caption\":\"SalzburgerLand Tourismus GmbH\"},\"image\":{\"@id\":\"https:\/\/www.salzburgerland.com\/de\/#\/schema\/logo\/image\/\"},\"sameAs\":[\"https:\/\/www.facebook.com\/salzburgerland\/\",\"https:\/\/x.com\/Salzburgerland\",\"https:\/\/www.instagram.com\/salzburgerland\/\",\"http:\/\/dbpedia.org\/resource\/Salzburg_(state)\",\"http:\/\/wikidata.dbpedia.org\/resource\/Q43325\",\"http:\/\/open.salzburgerland.com\/de\/entity\/salzburgerland\",\"https:\/\/www.youtube.com\/user\/salzburgerland\"]},{\"@type\":\"Person\",\"@id\":\"https:\/\/www.salzburgerland.com\/de\/#\/schema\/person\/341c767951f29c944985e07f82521a7c\",\"name\":\"Stefanie Gschwandtner\",\"image\":{\"@type\":\"ImageObject\",\"inLanguage\":\"de\",\"@id\":\"https:\/\/www.salzburgerland.com\/de\/#\/schema\/person\/image\/\",\"url\":\"https:\/\/secure.gravatar.com\/avatar\/3e5487886577b8a9e70b9a637ff7fa5b16d2bb45b55f900a12f05abf6f50ca85?s=96&d=mm&r=g\",\"contentUrl\":\"https:\/\/secure.gravatar.com\/avatar\/3e5487886577b8a9e70b9a637ff7fa5b16d2bb45b55f900a12f05abf6f50ca85?s=96&d=mm&r=g\",\"caption\":\"Stefanie Gschwandtner\"},\"sameAs\":[\"https:\/\/x.com\/szimmerebner\"]}]}<\/script>\n<!-- \/ Yoast SEO Premium plugin. -->","yoast_head_json":{"title":"Nachfahren erz\u00e4hlen \u00bb SalzburgerLand.com","robots":{"index":"index","follow":"follow","max-snippet":"max-snippet:-1","max-image-preview":"max-image-preview:large","max-video-preview":"max-video-preview:-1"},"canonical":"https:\/\/www.salzburgerland.com\/de\/wp-json\/wp\/v2\/posts\/614588","og_locale":"de_DE","og_type":"article","og_title":"Nachfahren erz\u00e4hlen","og_description":"Nachfahren von Franz Xaver Gruber und Ludwig Rainer erinnern sich an Erz\u00e4hlungen, die in ihrer Familie von Generation zu Generation weitergegeben wurden.","og_url":"https:\/\/www.salzburgerland.com\/de\/wp-json\/wp\/v2\/posts\/614588","og_site_name":"SalzburgerLand.com","article_publisher":"https:\/\/www.facebook.com\/salzburgerland\/","article_published_time":"2021-09-22T08:21:26+00:00","article_modified_time":"2023-06-05T11:25:19+00:00","og_image":[{"width":1200,"height":675,"url":"https:\/\/www.salzburgerland.com\/de\/wp-content\/uploads\/2021\/09\/stille-nacht-nachfahren-rapper-1200x675.jpg","type":"image\/jpeg"}],"author":"Stefanie Gschwandtner","twitter_card":"summary_large_image","twitter_creator":"@szimmerebner","twitter_site":"@Salzburgerland","twitter_misc":{"Verfasst von":"Stefanie Gschwandtner","Gesch\u00e4tzte Lesezeit":"4\u00a0Minuten"},"schema":{"@context":"https:\/\/schema.org","@graph":[{"@type":"WebPage","@id":"https:\/\/www.salzburgerland.com\/de\/nachfahren-erzaehlen\/","url":"https:\/\/www.salzburgerland.com\/de\/nachfahren-erzaehlen\/","name":"Nachfahren erz\u00e4hlen \u00bb SalzburgerLand.com","isPartOf":{"@id":"https:\/\/www.salzburgerland.com\/de\/#website"},"primaryImageOfPage":{"@id":"https:\/\/www.salzburgerland.com\/de\/nachfahren-erzaehlen\/#primaryimage"},"image":{"@id":"https:\/\/www.salzburgerland.com\/de\/nachfahren-erzaehlen\/#primaryimage"},"thumbnailUrl":"https:\/\/www.salzburgerland.com\/de\/wp-content\/uploads\/2021\/09\/stille-nacht-nachfahren-rapper.jpg","datePublished":"2021-09-22T08:21:26+00:00","dateModified":"2023-06-05T11:25:19+00:00","description":"Nachfahren von Franz Xaver Gruber und Ludwig Rainer erinnern sich an Erz\u00e4hlungen, die in ihrer Familie von Generation zu Generation weitergegeben wurden.","breadcrumb":{"@id":"https:\/\/www.salzburgerland.com\/de\/nachfahren-erzaehlen\/#breadcrumb"},"inLanguage":"de","potentialAction":[{"@type":"ReadAction","target":["https:\/\/www.salzburgerland.com\/de\/nachfahren-erzaehlen\/"]}]},{"@type":"ImageObject","inLanguage":"de","@id":"https:\/\/www.salzburgerland.com\/de\/nachfahren-erzaehlen\/#primaryimage","url":"https:\/\/www.salzburgerland.com\/de\/wp-content\/uploads\/2021\/09\/stille-nacht-nachfahren-rapper.jpg","contentUrl":"https:\/\/www.salzburgerland.com\/de\/wp-content\/uploads\/2021\/09\/stille-nacht-nachfahren-rapper.jpg","width":1920,"height":840,"caption":"(c) Stefan Brending (Wikimedia Commons), Rapper Dame"},{"@type":"BreadcrumbList","@id":"https:\/\/www.salzburgerland.com\/de\/nachfahren-erzaehlen\/#breadcrumb","itemListElement":[{"@type":"ListItem","position":1,"name":"Stille Nacht! Heilige Nacht!","item":"https:\/\/www.salzburgerland.com\/de\/stille-nacht\/"},{"@type":"ListItem","position":2,"name":"Nachfahren erz\u00e4hlen"}]},{"@type":"WebSite","@id":"https:\/\/www.salzburgerland.com\/de\/#website","url":"https:\/\/www.salzburgerland.com\/de\/","name":"SalzburgerLand.com","description":"Ihr Urlaub in Salzburg, \u00d6sterreich","publisher":{"@id":"https:\/\/www.salzburgerland.com\/de\/#organization"},"potentialAction":[{"@type":"SearchAction","target":{"@type":"EntryPoint","urlTemplate":"https:\/\/www.salzburgerland.com\/de\/?s={search_term_string}"},"query-input":{"@type":"PropertyValueSpecification","valueRequired":true,"valueName":"search_term_string"}}],"inLanguage":"de"},{"@type":"Organization","@id":"https:\/\/www.salzburgerland.com\/de\/#organization","name":"SalzburgerLand Tourismus GmbH","url":"https:\/\/www.salzburgerland.com\/de\/","logo":{"@type":"ImageObject","inLanguage":"de","@id":"https:\/\/www.salzburgerland.com\/de\/#\/schema\/logo\/image\/","url":"https:\/\/www.salzburgerland.com\/de\/wp-content\/uploads\/2017\/01\/salzburgerland-logo.jpg","contentUrl":"https:\/\/www.salzburgerland.com\/de\/wp-content\/uploads\/2017\/01\/salzburgerland-logo.jpg","width":1920,"height":827,"caption":"SalzburgerLand Tourismus GmbH"},"image":{"@id":"https:\/\/www.salzburgerland.com\/de\/#\/schema\/logo\/image\/"},"sameAs":["https:\/\/www.facebook.com\/salzburgerland\/","https:\/\/x.com\/Salzburgerland","https:\/\/www.instagram.com\/salzburgerland\/","http:\/\/dbpedia.org\/resource\/Salzburg_(state)","http:\/\/wikidata.dbpedia.org\/resource\/Q43325","http:\/\/open.salzburgerland.com\/de\/entity\/salzburgerland","https:\/\/www.youtube.com\/user\/salzburgerland"]},{"@type":"Person","@id":"https:\/\/www.salzburgerland.com\/de\/#\/schema\/person\/341c767951f29c944985e07f82521a7c","name":"Stefanie Gschwandtner","image":{"@type":"ImageObject","inLanguage":"de","@id":"https:\/\/www.salzburgerland.com\/de\/#\/schema\/person\/image\/","url":"https:\/\/secure.gravatar.com\/avatar\/3e5487886577b8a9e70b9a637ff7fa5b16d2bb45b55f900a12f05abf6f50ca85?s=96&d=mm&r=g","contentUrl":"https:\/\/secure.gravatar.com\/avatar\/3e5487886577b8a9e70b9a637ff7fa5b16d2bb45b55f900a12f05abf6f50ca85?s=96&d=mm&r=g","caption":"Stefanie Gschwandtner"},"sameAs":["https:\/\/x.com\/szimmerebner"]}]}},"_wl_alt_label":[],"wl:entity_url":"http:\/\/open.salzburgerland.com\/de\/post\/nachfahren_erzaehlen","_links":{"self":[{"href":"https:\/\/www.salzburgerland.com\/de\/wp-json\/wp\/v2\/posts\/614588","targetHints":{"allow":["GET"]}}],"collection":[{"href":"https:\/\/www.salzburgerland.com\/de\/wp-json\/wp\/v2\/posts"}],"about":[{"href":"https:\/\/www.salzburgerland.com\/de\/wp-json\/wp\/v2\/types\/post"}],"author":[{"embeddable":true,"href":"https:\/\/www.salzburgerland.com\/de\/wp-json\/wp\/v2\/users\/84"}],"replies":[{"embeddable":true,"href":"https:\/\/www.salzburgerland.com\/de\/wp-json\/wp\/v2\/comments?post=614588"}],"version-history":[{"count":5,"href":"https:\/\/www.salzburgerland.com\/de\/wp-json\/wp\/v2\/posts\/614588\/revisions"}],"predecessor-version":[{"id":660177,"href":"https:\/\/www.salzburgerland.com\/de\/wp-json\/wp\/v2\/posts\/614588\/revisions\/660177"}],"wp:featuredmedia":[{"embeddable":true,"href":"https:\/\/www.salzburgerland.com\/de\/wp-json\/wp\/v2\/media\/614589"}],"wp:attachment":[{"href":"https:\/\/www.salzburgerland.com\/de\/wp-json\/wp\/v2\/media?parent=614588"}],"wp:term":[{"taxonomy":"category","embeddable":true,"href":"https:\/\/www.salzburgerland.com\/de\/wp-json\/wp\/v2\/categories?post=614588"},{"taxonomy":"post_tag","embeddable":true,"href":"https:\/\/www.salzburgerland.com\/de\/wp-json\/wp\/v2\/tags?post=614588"},{"taxonomy":"wl_entity_type","embeddable":true,"href":"https:\/\/www.salzburgerland.com\/de\/wp-json\/wp\/v2\/wl_entity_type?post=614588"}],"curies":[{"name":"wp","href":"https:\/\/api.w.org\/{rel}","templated":true}]}}