{"id":613407,"date":"2021-09-16T16:28:15","date_gmt":"2021-09-16T14:28:15","guid":{"rendered":"https:\/\/www.salzburgerland.com\/de\/?p=613407"},"modified":"2021-11-10T16:05:19","modified_gmt":"2021-11-10T15:05:19","slug":"joseph-mohr-1792-1848","status":"publish","type":"post","link":"https:\/\/www.salzburgerland.com\/de\/joseph-mohr-1792-1848\/","title":{"rendered":"Joseph Mohr (1792 \u2013 1848)"},"content":{"rendered":"<h2>Kindheit und Jugend von 1792 bis 1815 in der Stadt Salzburg<\/h2>\n<p><span>Joseph Franz Mohr kam am 11. Dezember 1792 in Salzburg als uneheliches Kind zur Welt. Seine Mutter war die Strickerin Anna Schoiber, geb\u00fcrtig aus Hallein. Sein Vater, dessen Familie aus\u00a0<a href=\"https:\/\/www.salzburgerland.com\/de\/mariapfarr-2\/\" target=\"_blank\" rel=\"noopener\">Mariapfarr\u00a0<\/a>im Lungau stammte, hie\u00df Franz Mohr und war Soldat im Dienste des F\u00fcrsterzbischofs Colloredo in der Bischofsstadt Salzburg. Im Jahr von Joseph Mohrs Geburt floh er aus dem Dienst. Uneheliche Kinder waren zu dieser Zeit ein \u201eVerbrechen\u201c: Sie trugen zwar den Namen ihres Vaters, waren aber von Geburt an stigmatisiert. So bekam Joseph Mohr den letzten Salzburger Scharfrichter Joseph Wohlmut zum Taufpaten, der sich seinen schlechten Ruf durch den Kirchendienst als Taufpate lediger Kinder aufbesserte. Allerdings lie\u00df er sich f\u00fcr Mohrs Taufe vertreten.<\/span><\/p>\n<h2>Eine geistliche Laufbahn f\u00fcr einen hochbegabten Jungen<\/h2>\n<p>Joseph Mohr wuchs mit seiner Mutter, seiner Gro\u00dfmutter, seiner Stiefschwester Klara und einer weiteren Verwandten im Haus in der dunklen und kalten Steingasse 31 auf. Die Gasse schmiegt sich an den feuchten Felsen des Kapuzinerberges und bot damals ein elendes Quartier \u2013 kalt und d\u00fcster und der Gesundheit eines Kindes wenig zutr\u00e4glich.<\/p>\n<p>Schon bald stellte sich heraus, dass der Bub hoch begabt und \u00fcberaus intelligent war. Der Salzburger Domchorvikar Johann Nepomuk Hiernle erkannte seine Talente: Er machte ihm den Besuch des Akademischen Gymnasiums m\u00f6glich und f\u00f6rderte und unterrichtete Mohr, war ihm Ersatz- und Pflegevater. Gleichzeitig war der Knabe als S\u00e4nger und Violinist an den Ch\u00f6ren der Universit\u00e4t und des Benediktinerstiftes St. Peter im Einsatz. Zwischen 1808 und 1810 studierte er Philosophie am Lyzeum des Benediktinerstiftes Kremsm\u00fcnster in Ober\u00f6sterreich. Nach dem Schulabschluss 1811 trat er als 19-J\u00e4hriger ins Priesterseminar in der<span>\u00a0<\/span><a href=\"https:\/\/www.salzburgerland.com\/de\/salzburg-2\/\" target=\"_blank\" rel=\"noopener\">Stadt Salzburg<\/a><span>\u00a0<\/span>ein. Als unehelich Geborener brauchte er daf\u00fcr eine kirchliche Sondergenehmigung. 1815 wurde der erst Dreiundzwanzigj\u00e4hrige zum Priester geweiht. Auch daf\u00fcr ben\u00f6tigte er eine Extra-Genehmigung: Er hatte das vorgeschriebene Alter von 25 Jahren noch nicht erreicht.<\/p>\n\n\t\t\t<div id=\"613407-1\" class=\"gallery gallery-613407 gallery-columns-3 gallery-size-1170_658\" itemscope itemtype=\"http:\/\/schema.org\/ImageGallery\">\n\t\t\t\t<ul class=\"gallery-row gallery-col-3 gallery-clear\">\n\t\t\t\t\t<li class=\"gallery-item col-3\" itemprop=\"associatedMedia\" itemscope itemtype=\"http:\/\/schema.org\/ImageObject\">\n\t\t\t\t\t\t<div class=\"gallery-icon landscape\"><a href=\"https:\/\/www.salzburgerland.com\/de\/wp-content\/uploads\/2021\/09\/dscf0768_bearbeitet_web-1920x1067.jpg\" title=\"Joseph Mohr\"><img decoding=\"async\" data-title=\"Portrait Joseph Mohr\" title=\"Portrait Joseph Mohr\" data-caption=\"Portrait Joseph Mohr\" width=\"1170\" height=\"658\" src=\"https:\/\/www.salzburgerland.com\/de\/wp-content\/uploads\/2021\/09\/dscf0768_bearbeitet_web-1170x658.jpg\" class=\"attachment-1170_658 size-1170_658\" alt=\"Portrait Joseph Mohr (vergr\u00f6\u00dferte Ansicht)\" srcset=\"https:\/\/www.salzburgerland.com\/de\/wp-content\/uploads\/2021\/09\/dscf0768_bearbeitet_web-1170x658.jpg 1170w, https:\/\/www.salzburgerland.com\/de\/wp-content\/uploads\/2021\/09\/dscf0768_bearbeitet_web-1200x675.jpg 1200w\" sizes=\"(max-width: 1170px) 100vw, 1170px\" aria-describedby=\"figcaption-613407-614124\" itemprop=\"thumbnail\"><\/a><\/div>\n\t\t\t\t\t\t<span id=\"figcaption-613407-614124\" class=\"gallery-caption\" itemprop=\"caption\"><span aria-hidden=\"true\">Portrait Joseph Mohr<\/span><\/span>\n\t\t\t\t\t<\/li>\n\t\t\t\t\t<li class=\"gallery-item col-3\" itemprop=\"associatedMedia\" itemscope itemtype=\"http:\/\/schema.org\/ImageObject\">\n\t\t\t\t\t\t<div class=\"gallery-icon landscape\"><a href=\"https:\/\/www.salzburgerland.com\/de\/wp-content\/uploads\/2021\/09\/mariapfarr-3-1920x1067.jpg\" title=\"Stille-Nacht-Brunnen am Joseph Mohr Platz\"><img decoding=\"async\" data-title=\"Stille-Nacht-Brunnen am Joseph Mohr Platz\" title=\"Stille-Nacht-Brunnen am Joseph Mohr Platz\" data-caption=\"Stille-Nacht-Brunnen am Joseph Mohr Platz\" width=\"1170\" height=\"658\" src=\"https:\/\/www.salzburgerland.com\/de\/wp-content\/uploads\/2021\/09\/mariapfarr-3-1170x658.jpg\" class=\"attachment-1170_658 size-1170_658\" alt=\"Stille-Nacht-Brunnen am Joseph Mohr Platz (vergr\u00f6\u00dferte Ansicht)\" srcset=\"https:\/\/www.salzburgerland.com\/de\/wp-content\/uploads\/2021\/09\/mariapfarr-3-1170x658.jpg 1170w, https:\/\/www.salzburgerland.com\/de\/wp-content\/uploads\/2021\/09\/mariapfarr-3-1200x675.jpg 1200w\" sizes=\"(max-width: 1170px) 100vw, 1170px\" aria-describedby=\"figcaption-613407-614125\" itemprop=\"thumbnail\"><\/a><\/div>\n\t\t\t\t\t\t<span id=\"figcaption-613407-614125\" class=\"gallery-caption\" itemprop=\"caption\"><span aria-hidden=\"true\">Stille-Nacht-Brunnen am Joseph Mohr Platz<\/span><\/span>\n\t\t\t\t\t<\/li>\n\t\t\t\t\t<li class=\"gallery-item col-3\" itemprop=\"associatedMedia\" itemscope itemtype=\"http:\/\/schema.org\/ImageObject\">\n\t\t\t\t\t\t<div class=\"gallery-icon landscape\"><a href=\"https:\/\/www.salzburgerland.com\/de\/wp-content\/uploads\/2021\/09\/wagrain-7-1920x1067.jpg\" title=\"Joseph Mohr Gedenktafel\"><img decoding=\"async\" data-title=\"Joseph Mohr Gedenktafel in der Pfarrkirche in Wagrain \" title=\"Joseph Mohr Gedenktafel in der Pfarrkirche in Wagrain \" data-caption=\"Joseph Mohr Gedenktafel in der Pfarrkirche in Wagrain \" width=\"1170\" height=\"658\" src=\"https:\/\/www.salzburgerland.com\/de\/wp-content\/uploads\/2021\/09\/wagrain-7-1170x658.jpg\" class=\"attachment-1170_658 size-1170_658\" alt=\"Joseph Mohr Gedenktafel (vergr\u00f6\u00dferte Ansicht)\" srcset=\"https:\/\/www.salzburgerland.com\/de\/wp-content\/uploads\/2021\/09\/wagrain-7-1170x658.jpg 1170w, https:\/\/www.salzburgerland.com\/de\/wp-content\/uploads\/2021\/09\/wagrain-7-1200x675.jpg 1200w\" sizes=\"(max-width: 1170px) 100vw, 1170px\" aria-describedby=\"figcaption-613407-614126\" itemprop=\"thumbnail\"><\/a><\/div>\n\t\t\t\t\t\t<span id=\"figcaption-613407-614126\" class=\"gallery-caption\" itemprop=\"caption\"><span aria-hidden=\"true\">Joseph Mohr Gedenktafel in der Pfarrkirche in Wagrain <\/span><\/span>\n\t\t\t\t\t<\/li>\n\t\t\t\t<\/ul>\n\t\t\t<\/div><!-- .gallery -->\n\n<h2>Das ber\u00fchmte Gedicht entstand 1816 im Wallfahrtsort Mariapfarr<\/h2>\n<p><span>Joseph Mohr trat 1815 seine erste offizielle Dienststelle als Hilfspriester an: in\u00a0<\/span><a href=\"https:\/\/www.salzburgerland.com\/de\/mariapfarr-2\/\" target=\"_blank\" rel=\"noopener\">Mariapfarr im Lungau<\/a><span>, dem Heimatort seiner Familie v\u00e4terlicherseits. Das Geburtshaus seines Vaters, die uralte \u201eScharglerkeusche\u201c, steht noch heute. Die aus dem 12. Jahrhundert stammende Kirche \u201eZu unserer Lieben Frau\u201c in Mariapfarr ist von alters her eines der bekanntesten Wallfahrtsziele im SalzburgerLand. Das Gnadenbild der \u201eSch\u00f6nen Madonna mit der Anbetung der drei Weisen\u201c l\u00e4sst die Stille-Nacht-Forscher von heute vermuten, dass es Mohrs Inspirationsquelle f\u00fcr das\u00a0<\/span><a href=\"https:\/\/www.salzburgerland.com\/de\/das-lied-2\/\" target=\"_blank\" rel=\"noopener\">sechsstrophige Weihnachtsgedicht \u201eStille Nacht! Heilige Nacht!\u201c<\/a><span>\u00a0war, das der Jungpriester 1816 in Mariapfarr schrieb: Sein \u201eholder Knabe im lockigen Haar\u201c \u00e4hnelt durchaus dem blondgelockten Christkind auf dem Gem\u00e4lde. Mohr allerdings vertrug das raue Klima im Lungau nicht, er wurde krank und 1817 in mildere Gefilde versetzt: nach Oberndorf an der Salzach.<\/span><\/p>\n<h2>Ab 1817 ist Joseph Mohr Hilfspriester und Koadjutor in Oberndorf<\/h2>\n<p><span>Am 25. August 1817 wurde Joseph Mohr Aushilfspriester in\u00a0<\/span><a href=\"https:\/\/www.salzburgerland.com\/de\/oberndorf-2\/\" target=\"_blank\" rel=\"noopener\">Oberndorf<\/a><span>. In der neuen, erst ein Jahr zuvor von Laufen jenseits des Salzachflusses abgetrennten Pfarre gab es keinen Pfarrhof. Mohr bewohnte daher ein karges Zimmer im Mesnerhaus und verk\u00f6stigte sich in den Dorfgasth\u00f6fen. In Oberndorf freundete er sich schnell mit dem f\u00fcnf Jahre \u00e4lteren Lehrer\u00a0<\/span><a href=\"https:\/\/www.salzburgerland.com\/de\/franz-xaver-gruber-1787-1863\/\" target=\"_blank\" rel=\"noopener\">Franz Xaver Gruber<\/a><span>\u00a0aus dem nahen Arnsdorf an, der in der St. Nikola Kirche in Oberndorf den Kantoren- und Organistendienst versah. Seinem Pfarrherrn und Vorgesetzten Georg Heinrich N\u00f6stler war der junge, brillant geschulte Mohr und dessen Beliebtheit bei der Bev\u00f6lkerung hingegen ein Dorn im Auge. Er machte ihm das Singen \u201eoft nicht erbaulicher Lieder\u201c und das \u201eScherzen mit Personen anderen Geschlechts\u201c zum Vorwurf. Die Salzburger Obrigkeit hielt von den Vorw\u00fcrfen nicht viel. Ganz im Gegenteil: In der Stadt Salzburg galt Mohr als so wortgewaltig und theologisch versiert, dass er 1819 als Fastenprediger in den Salzburger Dom eingeladen wurde \u2013 eine gro\u00dfe Ehre f\u00fcr einen erst 27 Jahre alten Hilfspriester.<\/span><\/p>\n<h2>\u201eStille Nacht! Heilige Nacht\u201c erklingt 1818 erstmals in Oberndorf<\/h2>\n<p>An Weihnachten 1818 bat Joseph Mohr seinen Freund Gruber um eine Melodie f\u00fcr sein 1816 in Mariapfarr verfasstes Gedicht. Nach der Christmette 1818 erklang erstmals \u201eStille Nacht! Heilige Nacht!\u201c, gesungen von den beiden Freunden und von Joseph Mohr auf der Gitarre begleitet. Lange ging man davon aus, dass die Gitarre nur eine Alternative zur Orgel, die in einem schlechten Zustand war, darstellte: Viel wahrscheinlicher aber ist, dass Mohr immer schon die Gitarre als Begleitinstrument vorgesehen hatte. Denn das Lied wurde erst nach dem Gottesdient im Kirchenraum vor der Krippe gesungen.<\/p>\n<p>Bereits im September 1819 verlie\u00df Joseph Mohr Oberndorf. Mit Franz Xaver Gruber verband Joseph Mohr zeitlebens eine bedeutsame Freundschaft: So widmete Gruber seinem Freund ein Abschiedslied, als dieser Oberndorf verlie\u00df. Der junge Hilfspriester soll davon zu Tr\u00e4nen ger\u00fchrt gewesen sein. Mohr besuchte Franz Xaver Gruber zudem mehrmals in Hallein.<\/p>\n<h2>Wortm\u00e4chtig, sozial, unkonventionell: Wanderjahre von 1815 bis 1827<\/h2>\n<p><span>Die folgenden Jahre f\u00fchrte der junge Salzburger Geistliche ein unstetes Leben im Dienst der Kirche. Als Koadjutor, also als Assistent h\u00f6her gestellter Priester, wirkte er in Orten wie Anthering, Golling, Kuchl, Eugendorf, Oberndorf und Bad Vigaun. Bef\u00f6rdert zum Vikariatsprovisor war er in Hof und in Hintersee t\u00e4tig. Dort bekam er 1827 seine erste Stelle als Vikar. Erstmals in seinem Leben blieb er fast neun Jahre am St\u00fcck auf einem Posten bis er 1837 als Vikar nach\u00a0<\/span><a href=\"https:\/\/www.salzburgerland.com\/de\/wagrain\/\" target=\"_blank\" rel=\"noopener\">Wagrain<\/a><span>\u00a0versetzt wurde: sein letzter Wirkungsort bis zu seinem fr\u00fchen Tod 1848.<\/span><\/p>\n<h2>Joseph Mohr vollendet sein Wirken als Sozialreformer in Wagrain ab 1837<\/h2>\n<p><span>In Wagrain wurde dank Mohrs Initiative eine Schule f\u00fcr die mehr als hundert Kinder gebaut, f\u00fcr die es zuvor nur einen einzigen Klassenraum gegeben hatte. Mohr gr\u00fcndete auch einen Ausgleichsfonds, um Kindern mittelloser Eltern den Schulbesuch zu erm\u00f6glichen. Auf seine Bem\u00fchungen geht auch das sp\u00e4ter geschaffene Armen- und Altenheim zur\u00fcck. Am 4. Dezember 1848, knapp 30 Jahre nach der Vertonung seines Poems, starb der Dichter an einer Lungenl\u00e4hmung, wohl aufgrund einer Erk\u00e4ltung nach einem winterlichen Versehgang. Seine einzige materielle Hinterlassenschaft war seine Gitarre, die sp\u00e4ter und auf verworrenen Wegen in den Besitz der Familie Franz Xaver Grubers kam. Den Siegeszug seines Gedichts als bekanntestes Weihnachtslied der Welt hat der \u201ePriester der Armen\u201c nicht erlebt.<\/span><\/p>\n","protected":false},"excerpt":{"rendered":"<p>Kindheit und Jugend von 1792 bis 1815 in der Stadt Salzburg Joseph Franz Mohr kam am 11. Dezember 1792 in Salzburg als uneheliches Kind zur Welt. Seine Mutter war die Strickerin Anna Schoiber, geb\u00fcrtig aus Hallein. Sein Vater, dessen Familie aus\u00a0Mariapfarr\u00a0im Lungau stammte, hie\u00df Franz Mohr und war Soldat im Dienste des F\u00fcrsterzbischofs Colloredo in [&hellip;]<\/p>\n","protected":false},"author":84,"featured_media":613408,"comment_status":"closed","ping_status":"closed","sticky":false,"template":"","format":"standard","meta":{"_acf_changed":false,"wl_entities_gutenberg":"","_relevanssi_hide_post":"","_relevanssi_hide_content":"","_relevanssi_pin_for_all":"","_relevanssi_pin_keywords":"","_relevanssi_unpin_keywords":"","_relevanssi_related_keywords":"","_relevanssi_related_include_ids":"","_relevanssi_related_exclude_ids":"","_relevanssi_related_no_append":"","_relevanssi_related_not_related":"","_relevanssi_related_posts":"","_relevanssi_noindex_reason":"","footnotes":""},"categories":[1],"tags":[],"wl_entity_type":[11495,3],"class_list":["post-613407","post","type-post","status-publish","format-standard","has-post-thumbnail","hentry","category-allgemein","wl_entity_type-article","wl_entity_type-creative-work"],"acf":[],"yoast_head":"<!-- This site is optimized with the Yoast SEO Premium plugin v26.9 (Yoast SEO v26.9) - https:\/\/yoast.com\/product\/yoast-seo-premium-wordpress\/ -->\n<title>Joseph Mohr (1792 \u2013 1848) \u00bb SalzburgerLand.com<\/title>\n<meta name=\"robots\" content=\"index, follow, max-snippet:-1, max-image-preview:large, max-video-preview:-1\" \/>\n<link rel=\"canonical\" href=\"https:\/\/www.salzburgerland.com\/de\/wp-json\/wp\/v2\/posts\/613407\" \/>\n<meta property=\"og:locale\" content=\"de_DE\" \/>\n<meta property=\"og:type\" content=\"article\" \/>\n<meta property=\"og:title\" content=\"Joseph Mohr (1792 \u2013 1848)\" \/>\n<meta property=\"og:description\" content=\"Priester und Texter von \u201eStille Nacht! Heilige Nacht!\u201c\" \/>\n<meta property=\"og:url\" content=\"https:\/\/www.salzburgerland.com\/de\/wp-json\/wp\/v2\/posts\/613407\" \/>\n<meta property=\"og:site_name\" content=\"SalzburgerLand.com\" \/>\n<meta property=\"article:publisher\" content=\"https:\/\/www.facebook.com\/salzburgerland\/\" \/>\n<meta property=\"article:published_time\" content=\"2021-09-16T14:28:15+00:00\" \/>\n<meta property=\"article:modified_time\" content=\"2021-11-10T15:05:19+00:00\" \/>\n<meta property=\"og:image\" content=\"https:\/\/www.salzburgerland.com\/de\/wp-content\/uploads\/2021\/09\/rs1083_brunnen_mohr01-hpr-1920x840-jpg-pagespeed-ce_-xlutstorep-1200x675.jpg\" \/>\n\t<meta property=\"og:image:width\" content=\"1200\" \/>\n\t<meta property=\"og:image:height\" content=\"675\" \/>\n\t<meta property=\"og:image:type\" content=\"image\/jpeg\" \/>\n<meta name=\"author\" content=\"Stefanie Gschwandtner\" \/>\n<meta name=\"twitter:card\" content=\"summary_large_image\" \/>\n<meta name=\"twitter:creator\" content=\"@szimmerebner\" \/>\n<meta name=\"twitter:site\" content=\"@Salzburgerland\" \/>\n<meta name=\"twitter:label1\" content=\"Verfasst von\" \/>\n\t<meta name=\"twitter:data1\" content=\"Stefanie Gschwandtner\" \/>\n\t<meta name=\"twitter:label2\" content=\"Gesch\u00e4tzte Lesezeit\" \/>\n\t<meta name=\"twitter:data2\" content=\"5\u00a0Minuten\" \/>\n<script type=\"application\/ld+json\" class=\"yoast-schema-graph\">{\"@context\":\"https:\/\/schema.org\",\"@graph\":[{\"@type\":\"WebPage\",\"@id\":\"https:\/\/www.salzburgerland.com\/de\/joseph-mohr-1792-1848\/\",\"url\":\"https:\/\/www.salzburgerland.com\/de\/joseph-mohr-1792-1848\/\",\"name\":\"Joseph Mohr (1792 \u2013 1848) \u00bb SalzburgerLand.com\",\"isPartOf\":{\"@id\":\"https:\/\/www.salzburgerland.com\/de\/#website\"},\"primaryImageOfPage\":{\"@id\":\"https:\/\/www.salzburgerland.com\/de\/joseph-mohr-1792-1848\/#primaryimage\"},\"image\":{\"@id\":\"https:\/\/www.salzburgerland.com\/de\/joseph-mohr-1792-1848\/#primaryimage\"},\"thumbnailUrl\":\"https:\/\/www.salzburgerland.com\/de\/wp-content\/uploads\/2021\/09\/rs1083_brunnen_mohr01-hpr-1920x840-jpg-pagespeed-ce_-xlutstorep.jpg\",\"datePublished\":\"2021-09-16T14:28:15+00:00\",\"dateModified\":\"2021-11-10T15:05:19+00:00\",\"description\":\"Priester und Texter von \u201eStille Nacht! Heilige Nacht!\u201c\",\"breadcrumb\":{\"@id\":\"https:\/\/www.salzburgerland.com\/de\/joseph-mohr-1792-1848\/#breadcrumb\"},\"inLanguage\":\"de\",\"potentialAction\":[{\"@type\":\"ReadAction\",\"target\":[\"https:\/\/www.salzburgerland.com\/de\/joseph-mohr-1792-1848\/\"]}]},{\"@type\":\"ImageObject\",\"inLanguage\":\"de\",\"@id\":\"https:\/\/www.salzburgerland.com\/de\/joseph-mohr-1792-1848\/#primaryimage\",\"url\":\"https:\/\/www.salzburgerland.com\/de\/wp-content\/uploads\/2021\/09\/rs1083_brunnen_mohr01-hpr-1920x840-jpg-pagespeed-ce_-xlutstorep.jpg\",\"contentUrl\":\"https:\/\/www.salzburgerland.com\/de\/wp-content\/uploads\/2021\/09\/rs1083_brunnen_mohr01-hpr-1920x840-jpg-pagespeed-ce_-xlutstorep.jpg\",\"width\":1920,\"height\":840,\"caption\":\"(c) SalzburgerLand Tourismus, Joseph-Mohr-Brunnen in Mariapfarr\"},{\"@type\":\"BreadcrumbList\",\"@id\":\"https:\/\/www.salzburgerland.com\/de\/joseph-mohr-1792-1848\/#breadcrumb\",\"itemListElement\":[{\"@type\":\"ListItem\",\"position\":1,\"name\":\"Stille Nacht! Heilige Nacht!\",\"item\":\"https:\/\/www.salzburgerland.com\/de\/stille-nacht\/\"},{\"@type\":\"ListItem\",\"position\":2,\"name\":\"Joseph Mohr (1792 \u2013 1848)\"}]},{\"@type\":\"WebSite\",\"@id\":\"https:\/\/www.salzburgerland.com\/de\/#website\",\"url\":\"https:\/\/www.salzburgerland.com\/de\/\",\"name\":\"SalzburgerLand.com\",\"description\":\"Ihr Urlaub in Salzburg, \u00d6sterreich\",\"publisher\":{\"@id\":\"https:\/\/www.salzburgerland.com\/de\/#organization\"},\"potentialAction\":[{\"@type\":\"SearchAction\",\"target\":{\"@type\":\"EntryPoint\",\"urlTemplate\":\"https:\/\/www.salzburgerland.com\/de\/?s={search_term_string}\"},\"query-input\":{\"@type\":\"PropertyValueSpecification\",\"valueRequired\":true,\"valueName\":\"search_term_string\"}}],\"inLanguage\":\"de\"},{\"@type\":\"Organization\",\"@id\":\"https:\/\/www.salzburgerland.com\/de\/#organization\",\"name\":\"SalzburgerLand Tourismus GmbH\",\"url\":\"https:\/\/www.salzburgerland.com\/de\/\",\"logo\":{\"@type\":\"ImageObject\",\"inLanguage\":\"de\",\"@id\":\"https:\/\/www.salzburgerland.com\/de\/#\/schema\/logo\/image\/\",\"url\":\"https:\/\/www.salzburgerland.com\/de\/wp-content\/uploads\/2017\/01\/salzburgerland-logo.jpg\",\"contentUrl\":\"https:\/\/www.salzburgerland.com\/de\/wp-content\/uploads\/2017\/01\/salzburgerland-logo.jpg\",\"width\":1920,\"height\":827,\"caption\":\"SalzburgerLand Tourismus GmbH\"},\"image\":{\"@id\":\"https:\/\/www.salzburgerland.com\/de\/#\/schema\/logo\/image\/\"},\"sameAs\":[\"https:\/\/www.facebook.com\/salzburgerland\/\",\"https:\/\/x.com\/Salzburgerland\",\"https:\/\/www.instagram.com\/salzburgerland\/\",\"http:\/\/dbpedia.org\/resource\/Salzburg_(state)\",\"http:\/\/wikidata.dbpedia.org\/resource\/Q43325\",\"http:\/\/open.salzburgerland.com\/de\/entity\/salzburgerland\",\"https:\/\/www.youtube.com\/user\/salzburgerland\"]},{\"@type\":\"Person\",\"@id\":\"https:\/\/www.salzburgerland.com\/de\/#\/schema\/person\/341c767951f29c944985e07f82521a7c\",\"name\":\"Stefanie Gschwandtner\",\"image\":{\"@type\":\"ImageObject\",\"inLanguage\":\"de\",\"@id\":\"https:\/\/www.salzburgerland.com\/de\/#\/schema\/person\/image\/\",\"url\":\"https:\/\/secure.gravatar.com\/avatar\/3e5487886577b8a9e70b9a637ff7fa5b16d2bb45b55f900a12f05abf6f50ca85?s=96&d=mm&r=g\",\"contentUrl\":\"https:\/\/secure.gravatar.com\/avatar\/3e5487886577b8a9e70b9a637ff7fa5b16d2bb45b55f900a12f05abf6f50ca85?s=96&d=mm&r=g\",\"caption\":\"Stefanie Gschwandtner\"},\"sameAs\":[\"https:\/\/x.com\/szimmerebner\"]}]}<\/script>\n<!-- \/ Yoast SEO Premium plugin. -->","yoast_head_json":{"title":"Joseph Mohr (1792 \u2013 1848) \u00bb SalzburgerLand.com","robots":{"index":"index","follow":"follow","max-snippet":"max-snippet:-1","max-image-preview":"max-image-preview:large","max-video-preview":"max-video-preview:-1"},"canonical":"https:\/\/www.salzburgerland.com\/de\/wp-json\/wp\/v2\/posts\/613407","og_locale":"de_DE","og_type":"article","og_title":"Joseph Mohr (1792 \u2013 1848)","og_description":"Priester und Texter von \u201eStille Nacht! Heilige Nacht!\u201c","og_url":"https:\/\/www.salzburgerland.com\/de\/wp-json\/wp\/v2\/posts\/613407","og_site_name":"SalzburgerLand.com","article_publisher":"https:\/\/www.facebook.com\/salzburgerland\/","article_published_time":"2021-09-16T14:28:15+00:00","article_modified_time":"2021-11-10T15:05:19+00:00","og_image":[{"width":1200,"height":675,"url":"https:\/\/www.salzburgerland.com\/de\/wp-content\/uploads\/2021\/09\/rs1083_brunnen_mohr01-hpr-1920x840-jpg-pagespeed-ce_-xlutstorep-1200x675.jpg","type":"image\/jpeg"}],"author":"Stefanie Gschwandtner","twitter_card":"summary_large_image","twitter_creator":"@szimmerebner","twitter_site":"@Salzburgerland","twitter_misc":{"Verfasst von":"Stefanie Gschwandtner","Gesch\u00e4tzte Lesezeit":"5\u00a0Minuten"},"schema":{"@context":"https:\/\/schema.org","@graph":[{"@type":"WebPage","@id":"https:\/\/www.salzburgerland.com\/de\/joseph-mohr-1792-1848\/","url":"https:\/\/www.salzburgerland.com\/de\/joseph-mohr-1792-1848\/","name":"Joseph Mohr (1792 \u2013 1848) \u00bb SalzburgerLand.com","isPartOf":{"@id":"https:\/\/www.salzburgerland.com\/de\/#website"},"primaryImageOfPage":{"@id":"https:\/\/www.salzburgerland.com\/de\/joseph-mohr-1792-1848\/#primaryimage"},"image":{"@id":"https:\/\/www.salzburgerland.com\/de\/joseph-mohr-1792-1848\/#primaryimage"},"thumbnailUrl":"https:\/\/www.salzburgerland.com\/de\/wp-content\/uploads\/2021\/09\/rs1083_brunnen_mohr01-hpr-1920x840-jpg-pagespeed-ce_-xlutstorep.jpg","datePublished":"2021-09-16T14:28:15+00:00","dateModified":"2021-11-10T15:05:19+00:00","description":"Priester und Texter von \u201eStille Nacht! Heilige Nacht!\u201c","breadcrumb":{"@id":"https:\/\/www.salzburgerland.com\/de\/joseph-mohr-1792-1848\/#breadcrumb"},"inLanguage":"de","potentialAction":[{"@type":"ReadAction","target":["https:\/\/www.salzburgerland.com\/de\/joseph-mohr-1792-1848\/"]}]},{"@type":"ImageObject","inLanguage":"de","@id":"https:\/\/www.salzburgerland.com\/de\/joseph-mohr-1792-1848\/#primaryimage","url":"https:\/\/www.salzburgerland.com\/de\/wp-content\/uploads\/2021\/09\/rs1083_brunnen_mohr01-hpr-1920x840-jpg-pagespeed-ce_-xlutstorep.jpg","contentUrl":"https:\/\/www.salzburgerland.com\/de\/wp-content\/uploads\/2021\/09\/rs1083_brunnen_mohr01-hpr-1920x840-jpg-pagespeed-ce_-xlutstorep.jpg","width":1920,"height":840,"caption":"(c) SalzburgerLand Tourismus, Joseph-Mohr-Brunnen in Mariapfarr"},{"@type":"BreadcrumbList","@id":"https:\/\/www.salzburgerland.com\/de\/joseph-mohr-1792-1848\/#breadcrumb","itemListElement":[{"@type":"ListItem","position":1,"name":"Stille Nacht! Heilige Nacht!","item":"https:\/\/www.salzburgerland.com\/de\/stille-nacht\/"},{"@type":"ListItem","position":2,"name":"Joseph Mohr (1792 \u2013 1848)"}]},{"@type":"WebSite","@id":"https:\/\/www.salzburgerland.com\/de\/#website","url":"https:\/\/www.salzburgerland.com\/de\/","name":"SalzburgerLand.com","description":"Ihr Urlaub in Salzburg, \u00d6sterreich","publisher":{"@id":"https:\/\/www.salzburgerland.com\/de\/#organization"},"potentialAction":[{"@type":"SearchAction","target":{"@type":"EntryPoint","urlTemplate":"https:\/\/www.salzburgerland.com\/de\/?s={search_term_string}"},"query-input":{"@type":"PropertyValueSpecification","valueRequired":true,"valueName":"search_term_string"}}],"inLanguage":"de"},{"@type":"Organization","@id":"https:\/\/www.salzburgerland.com\/de\/#organization","name":"SalzburgerLand Tourismus GmbH","url":"https:\/\/www.salzburgerland.com\/de\/","logo":{"@type":"ImageObject","inLanguage":"de","@id":"https:\/\/www.salzburgerland.com\/de\/#\/schema\/logo\/image\/","url":"https:\/\/www.salzburgerland.com\/de\/wp-content\/uploads\/2017\/01\/salzburgerland-logo.jpg","contentUrl":"https:\/\/www.salzburgerland.com\/de\/wp-content\/uploads\/2017\/01\/salzburgerland-logo.jpg","width":1920,"height":827,"caption":"SalzburgerLand Tourismus GmbH"},"image":{"@id":"https:\/\/www.salzburgerland.com\/de\/#\/schema\/logo\/image\/"},"sameAs":["https:\/\/www.facebook.com\/salzburgerland\/","https:\/\/x.com\/Salzburgerland","https:\/\/www.instagram.com\/salzburgerland\/","http:\/\/dbpedia.org\/resource\/Salzburg_(state)","http:\/\/wikidata.dbpedia.org\/resource\/Q43325","http:\/\/open.salzburgerland.com\/de\/entity\/salzburgerland","https:\/\/www.youtube.com\/user\/salzburgerland"]},{"@type":"Person","@id":"https:\/\/www.salzburgerland.com\/de\/#\/schema\/person\/341c767951f29c944985e07f82521a7c","name":"Stefanie Gschwandtner","image":{"@type":"ImageObject","inLanguage":"de","@id":"https:\/\/www.salzburgerland.com\/de\/#\/schema\/person\/image\/","url":"https:\/\/secure.gravatar.com\/avatar\/3e5487886577b8a9e70b9a637ff7fa5b16d2bb45b55f900a12f05abf6f50ca85?s=96&d=mm&r=g","contentUrl":"https:\/\/secure.gravatar.com\/avatar\/3e5487886577b8a9e70b9a637ff7fa5b16d2bb45b55f900a12f05abf6f50ca85?s=96&d=mm&r=g","caption":"Stefanie Gschwandtner"},"sameAs":["https:\/\/x.com\/szimmerebner"]}]}},"_wl_alt_label":[],"wl:entity_url":"http:\/\/open.salzburgerland.com\/de\/post\/v","_links":{"self":[{"href":"https:\/\/www.salzburgerland.com\/de\/wp-json\/wp\/v2\/posts\/613407","targetHints":{"allow":["GET"]}}],"collection":[{"href":"https:\/\/www.salzburgerland.com\/de\/wp-json\/wp\/v2\/posts"}],"about":[{"href":"https:\/\/www.salzburgerland.com\/de\/wp-json\/wp\/v2\/types\/post"}],"author":[{"embeddable":true,"href":"https:\/\/www.salzburgerland.com\/de\/wp-json\/wp\/v2\/users\/84"}],"replies":[{"embeddable":true,"href":"https:\/\/www.salzburgerland.com\/de\/wp-json\/wp\/v2\/comments?post=613407"}],"version-history":[{"count":5,"href":"https:\/\/www.salzburgerland.com\/de\/wp-json\/wp\/v2\/posts\/613407\/revisions"}],"predecessor-version":[{"id":630278,"href":"https:\/\/www.salzburgerland.com\/de\/wp-json\/wp\/v2\/posts\/613407\/revisions\/630278"}],"wp:featuredmedia":[{"embeddable":true,"href":"https:\/\/www.salzburgerland.com\/de\/wp-json\/wp\/v2\/media\/613408"}],"wp:attachment":[{"href":"https:\/\/www.salzburgerland.com\/de\/wp-json\/wp\/v2\/media?parent=613407"}],"wp:term":[{"taxonomy":"category","embeddable":true,"href":"https:\/\/www.salzburgerland.com\/de\/wp-json\/wp\/v2\/categories?post=613407"},{"taxonomy":"post_tag","embeddable":true,"href":"https:\/\/www.salzburgerland.com\/de\/wp-json\/wp\/v2\/tags?post=613407"},{"taxonomy":"wl_entity_type","embeddable":true,"href":"https:\/\/www.salzburgerland.com\/de\/wp-json\/wp\/v2\/wl_entity_type?post=613407"}],"curies":[{"name":"wp","href":"https:\/\/api.w.org\/{rel}","templated":true}]}}