{"id":60936,"date":"2016-09-07T08:06:11","date_gmt":"2016-09-07T06:06:11","guid":{"rendered":"https:\/\/www.onebigpark.at\/de\/?p=60936"},"modified":"2026-02-17T15:33:13","modified_gmt":"2026-02-17T14:33:13","slug":"gruppenreisen-ins-salzburgerland","status":"publish","type":"post","link":"https:\/\/www.salzburgerland.com\/de\/gruppenreisen-ins-salzburgerland\/","title":{"rendered":"Gruppenreisen ins SalzburgerLand"},"content":{"rendered":"<p>Viel spricht f\u00fcr eine Reise ins SalzburgerLand: die abwechslungsreiche Landschaft, die vielf\u00e4ltigen M\u00f6glichkeiten, Neues kennenzulernen und nat\u00fcrlich die attraktiven Angebote.<\/p>\n<h2>Sehenswertes SalzburgerLand<\/h2>\n<p>Im SalzburgerLand gibt es viel zu sehen und zu entdecken. Burgen &amp; Schl\u00f6sser, Museen, Naturschauspiele und Bergbahnen \u2013 die Vielfalt ist kaum zu toppen. Wie w\u00e4re es etwa mit einer Fahrt \u00fcber die ber\u00fchmte Gro\u00dfglockner Hochalpenstra\u00dfe, einem Ausflug ins Mittelalter auf die Burg Mauterndorf, eine Reise in die b\u00e4uerliche Vergangenheit im Salzburger Freilichtmuseum oder einem Besuch in der Ferdinand Porsche Erlebniswelt Fahr(t)raum in Mattsee?<\/p>\n<p><strong>Tipp:<\/strong> Diese Attraktionen sind zusammen mit \u00fcber 190 weiteren in der <strong><a href=\"https:\/\/www.salzburgerland.com\/de\/die-salzburgerland-card-eine-karte-fuer-den-ganzen-urlaub\/\" target=\"_blank\" rel=\"noopener\">SalzburgerLand Card<\/a><\/strong> \u2013 der all-inclusive-Card f\u00fcr das Bundesland Salzburg einschlie\u00dflich der Stadt Salzburg integriert.<\/p>\n<h2>Salzburger Almsommer<\/h2>\n<p>Der Sommer steht im SalzburgerLand ganz im Zeichen des <strong><a href=\"https:\/\/www.salzburgerland.com\/de\/almsommer\/\" target=\"_blank\" rel=\"noopener\">Salzburger Almsommers<\/a>.<\/strong> Es gibt kaum eine bessere M\u00f6glichkeit, dem Alltag zu entfliehen als oben in den Bergen. Die gute Luft und die k\u00f6stlichen H\u00fcttenschmankerl tun ihr \u00dcbriges dazu, damit sich Wanderer so richtig wohlf\u00fchlen. Rund 110 Almsommer-<a href=\"https:\/\/www.salzburgerland.com\/de\/almsommer-unterkuenfte\/\" target=\"_blank\" rel=\"noopener\">Partnerbetriebe<\/a> bieten perfekt geschn\u00fcrte Wanderpauschalen.<\/p>\n<p><strong>Beispielangebot f\u00fcr Busgruppen:<span id=\"urn:enhancement-75b5dba8-7da0-75d0-105f-352719ecc09d\" class=\"textannotation\"><span id=\"urn:enhancement-f3f9bf51-c56c-38d8-2000-348d1071db14\" class=\"textannotation\"><span id=\"urn:enhancement-cd2f6365-6a62-c63a-c7fc-23097721187d\" class=\"textannotation\"><span id=\"urn:enhancement-5658baf7-4537-a96f-88fd-caa3bb2c5b5d\" class=\"textannotation\"><span id=\"urn:enhancement-52e55eee-e882-499d-5638-07ef16ffd260\" class=\"textannotation\"><span id=\"urn:enhancement-ba71926a-cb28-30af-0715-8148d6faa41d\" class=\"textannotation\"><span id=\"urn:enhancement-fd7d80f4-955a-8df2-1136-3485632cb184\" class=\"textannotation\"><span id=\"urn:enhancement-948d6e0b-b7c9-f3d0-05f1-6f712848b7eb\" class=\"textannotation\"><br>\n<\/span>Almsommer<\/span><\/span><\/span><\/span><\/span><\/span><span>\u00a0<\/span>im Salzburger Lungau<br>\n<\/span><\/strong><\/p>\n<ul>\n<li>3 Tage\/2 N\u00e4chte in einem ***GH mit Halbpension<\/li>\n<li>Ortsf\u00fchrung mit Samsonbesichtigung in St. Michael<\/li>\n<li>F\u00fchrung Schloss Moosham od. Burg Mauterndorf<\/li>\n<li>Seilbahnauffahrt Gro\u00dfeckbahn mit Mittagessen am Berg, Wanderungen am Sonnehangweg, Seilbahnabfahrt Sonnenbahn<\/li>\n<li>Kutschenfahrt mit H\u00fcttenzauber<\/li>\n<li>Lungaurundfahrt mit kulturellen Hightlights<\/li>\n<\/ul>\n<p>ab \u20ac 189,- pro Person im Doppelzimmer<\/p>\n<p><strong>TIPP: Die <a href=\"https:\/\/www.salzburgerland.com\/de\/almsommer-eroeffnung-und-events\/\" target=\"_blank\" rel=\"noopener\">Almsommer-Er\u00f6ffnung<\/a> findet am\u00a014. Juni 2026 auf der Tauernkarleitenalm statt.<br>\n<\/strong><\/p>\n<div id=\"attachment_262976\" style=\"width: 1180px\" class=\"wp-caption alignnone\"><img decoding=\"async\" aria-describedby=\"caption-attachment-262976\" class=\"wp-image-262976 size-1170_658\" src=\"https:\/\/cdn.salzburgerland.com\/de\/wp-content\/uploads\/2018\/02\/dsc_5591-1170x658.jpg\" alt=\"\" width=\"1170\" height=\"658\" srcset=\"https:\/\/www.salzburgerland.com\/de\/wp-content\/uploads\/2018\/02\/dsc_5591-1170x658.jpg 1170w, https:\/\/www.salzburgerland.com\/de\/wp-content\/uploads\/2018\/02\/dsc_5591-1200x675.jpg 1200w\" sizes=\"(max-width: 1170px) 100vw, 1170px\"><p id=\"caption-attachment-262976\" class=\"wp-caption-text\">\u00a9SalzburgerLand Almsommer \u2013 Familienwanderung<\/p><\/div>\n<h2>Bauernherbst<\/h2>\n<p>Mitte August geht der Almsommer fast nahtlos in den Bauernherbst \u00fcber. In der goldenen Jahreszeit zeigt sich das SalzburgerLand von seiner traditionellen Seite. Mit \u00fcber 2.000 Veranstaltungen in \u00fcber 70 Orten wird die Erntezeit mit bunten Almabtrieben, Erntedankfesten und Bauernm\u00e4rkten geb\u00fchrend gefeiert. Erleben Sie Tradition und Brauchtum im SalzburgerLand,\u2026 daf\u00fcr leben wir.<\/p>\n<p><strong>Beispielangebot f\u00fcr Busgruppen zum Bauernherbst:<span id=\"urn:enhancement-40a73e65-13ea-7b56-c2fd-bb4f567191ea\" class=\"textannotation\"><span id=\"urn:enhancement-c77a8ec9-7a27-3868-9755-ae6bd13fc634\" class=\"textannotation\"><span id=\"urn:enhancement-3b2c4cab-fd53-ba0a-3ad8-415feb86d051\" class=\"textannotation\"><span id=\"urn:enhancement-b2e837bf-a8b8-6002-2692-699735d53f3f\" class=\"textannotation\"><span id=\"urn:enhancement-da61285b-416f-b1c1-0f10-01e9e86f78b3\" class=\"textannotation\"><span id=\"urn:enhancement-731f5768-980f-63e9-0a4b-9648437753a9\" class=\"textannotation\"><span id=\"urn:enhancement-c3727b65-3fac-b29a-d253-ae544bc6eff9\" class=\"textannotation\"><br>\n<\/span><\/span><\/span><\/span><\/span><\/span><\/span><\/strong><\/p>\n<p>Bauernherbst-Package in Filzmoos<br>\n\u2022 7 \u00dcbernachtungen in der gew\u00e4hlten Kategorie<br>\n\u2022 1 x unterhaltsame Kr\u00e4uterf\u00fchrung<br>\n\u2022 1 gef\u00fchrte Almwanderung<br>\n\u2022\u00a0Pferdekutschenfahrt mit weiteren Fahrg\u00e4sten zu den Hofalmen<br>\n\u2022 1 Berg- und Talfahrt mit der Papagenobahn<br>\n\u2022 Wanderkarte und Tourenbuch<br>\n\u2022 Besuch des Hofmuseums<br>\n\u2022 Begr\u00fc\u00dfungsgetr\u00e4nk<br>\n\u2022 Filzmoos Sommer Card<br>\n\u2022 Teilnahme an den kostenlosen Bauernherbstveranstaltungen laut Brosch\u00fcre 2021<\/p>\n<p>Buchbar ist das Package ab \u20ac 389,- pro Person im Doppelzimmer mit Fr\u00fchst\u00fcck von 21. August bis 30. Oktober.<br>\nInfo: Tourismusverband Filzmoos | Filzmoos Nr. 50 | 5532 Filzmoos | T +43 6453 8235 | info@filzmoos.at | www.filzmoos.at<\/p>\n<p><strong> Werden Sie <a href=\"https:\/\/www.salzburgerland.com\/de\/bauernherbst-buspartner\/\" target=\"_blank\" rel=\"noopener\">Bauernherbst-Gruppenreise-Partner<\/a>!<\/strong> \u00a0Wer eine Busreise unter dem Namen \u201eBauernherbst\u201c ins SalzburgerLand organisiert, bekommt ein Titelhonorar in H\u00f6he von \u20ac 110,-! Gleich informieren unter +43 662 66 88 38.<\/p>\n<div id=\"attachment_251995\" style=\"width: 1180px\" class=\"wp-caption alignnone\"><img decoding=\"async\" aria-describedby=\"caption-attachment-251995\" class=\"wp-image-251995 size-1170_658\" src=\"https:\/\/cdn.salzburgerland.com\/de\/wp-content\/uploads\/2016\/08\/rs693_cko_1979-hpr-1170x658.jpg\" alt=\"Schnalzen am Pferd\" width=\"1170\" height=\"658\" srcset=\"https:\/\/www.salzburgerland.com\/de\/wp-content\/uploads\/2016\/08\/rs693_cko_1979-hpr-1170x658.jpg 1170w, https:\/\/www.salzburgerland.com\/de\/wp-content\/uploads\/2016\/08\/rs693_cko_1979-hpr-1200x675.jpg 1200w\" sizes=\"(max-width: 1170px) 100vw, 1170px\"><p id=\"caption-attachment-251995\" class=\"wp-caption-text\">\u00a9SalzburgerLand Bauernherbst \u2013 Traditionelle Schnalzergruppe<\/p><\/div>\n<h2>Advent und Stille Nacht<\/h2>\n<p>Wenn sich der Herbst dem Ende neigt, dauert es gar nicht mehr lange, bis sich das SalzburgerLand in seine (vor)weihnachtliche Idylle h\u00fcllt. Auch zu dieser Jahreszeit wird Brauchtum gro\u00dfgeschrieben und allerorts laden Adventm\u00e4rkte, Adventsingen und Hirtenspiele ein, die romantische Stimmung zu erleben.<br>\nUnd nat\u00fcrlich steht diese Zeit auch ganz im Zeichen des ber\u00fchmten Weihnachtsliedes \u201e<strong><a href=\"https:\/\/www.stillenacht.com\/de\/\" target=\"_blank\" rel=\"noopener noreferrer\">Stille Nacht! Heilige Nacht!<\/a><\/strong>\u201c, das in Oberndorf bei Salzburg das erste mal gesungen wurde.<\/p>\n<p><strong>Beispielangebot f\u00fcr Busgruppen:<span id=\"urn:enhancement-5be61ba8-266c-9585-4a8b-c080f4ab6215\" class=\"textannotation\"><span id=\"urn:enhancement-6319f3ae-9c85-8501-0700-6c1beb529a09\" class=\"textannotation\"><span id=\"urn:enhancement-e77a19cb-11fe-42f7-0a61-9cda7b1e6e8e\" class=\"textannotation\"><span id=\"urn:enhancement-b6f0e43b-dd7c-3ba8-4685-bfdbf2df0018\" class=\"textannotation\"><span id=\"urn:enhancement-ff8c8ac0-dde2-8948-b0de-d13632fa494e\" class=\"textannotation\"><span id=\"urn:enhancement-e86d9074-635d-0c43-22d0-a4204510dff1\" class=\"textannotation\"><span id=\"urn:enhancement-77ae9ea2-03d4-30c7-a5d2-3b27a6099be2\" class=\"textannotation\"><span id=\"urn:enhancement-d37a9a1e-7d4f-36ea-1b9e-f4c2fe8adaff\" class=\"textannotation\"><span id=\"urn:enhancement-524e69ad-b38a-51b6-a960-6b81506dbd00\" class=\"textannotation\"><span id=\"urn:enhancement-47aa6048-8c07-8580-1383-20e63e05e110\" class=\"textannotation\"><span id=\"urn:enhancement-64ddac9a-7b9f-705c-c00d-bb91fcbd4aa1\" class=\"textannotation\"><span id=\"urn:enhancement-0c72f79b-848c-9133-bf0e-8b084a6c99cd\" class=\"textannotation\"><span id=\"urn:enhancement-80e2aa0f-51e4-4f49-755b-800f497f7357\" class=\"textannotation\"><br>\n<\/span>Adventzeit<\/span><\/span><\/span><\/span>in Wagrain-Kleinarl<\/span><\/span><\/span><\/span><\/span><\/span><\/span><\/span><\/strong><\/p>\n<ul>\n<li>2 N\u00e4chte in einer 3* \u2013 oder 4*- Unterkunft, HP<\/li>\n<li>Besuch des Adventmarkt<\/li>\n<li>Besuch des Stille-Nacht-Museums und Heimatmuseums<\/li>\n<li>1 R\u00e4ucher Wanderung<\/li>\n<li>Salzburger SportweltCard<\/li>\n<\/ul>\n<p>ab \u20ac 239,- pro Person im Doppelzimmer<\/p>\n<div id=\"attachment_247906\" style=\"width: 1110px\" class=\"wp-caption alignnone\"><img decoding=\"async\" aria-describedby=\"caption-attachment-247906\" class=\"size-1170_658 wp-image-247906\" src=\"https:\/\/cdn.salzburgerland.com\/de\/wp-content\/uploads\/2018\/05\/rs91_ankloeckler-3a-scr-1100x658.jpg\" alt=\"\" width=\"1100\" height=\"658\"><p id=\"caption-attachment-247906\" class=\"wp-caption-text\">\u00a9SalzburgerLand<\/p><\/div>\n","protected":false},"excerpt":{"rendered":"<p>Viel spricht f\u00fcr eine Reise ins SalzburgerLand: die abwechslungsreiche Landschaft, die vielf\u00e4ltigen M\u00f6glichkeiten, Neues kennenzulernen und nat\u00fcrlich die attraktiven Angebote. Sehenswertes SalzburgerLand Im SalzburgerLand gibt es viel zu sehen und zu entdecken. Burgen &amp; Schl\u00f6sser, Museen, Naturschauspiele und Bergbahnen \u2013 die Vielfalt ist kaum zu toppen. Wie w\u00e4re es etwa mit einer Fahrt \u00fcber die [&hellip;]<\/p>\n","protected":false},"author":17,"featured_media":94537,"comment_status":"closed","ping_status":"closed","sticky":false,"template":"","format":"standard","meta":{"_acf_changed":false,"wl_entities_gutenberg":"","_relevanssi_hide_post":"","_relevanssi_hide_content":"","_relevanssi_pin_for_all":"","_relevanssi_pin_keywords":"","_relevanssi_unpin_keywords":"","_relevanssi_related_keywords":"","_relevanssi_related_include_ids":"","_relevanssi_related_exclude_ids":"","_relevanssi_related_no_append":"","_relevanssi_related_not_related":"","_relevanssi_related_posts":"","_relevanssi_noindex_reason":"","footnotes":""},"categories":[1],"tags":[13432,13558,13632,13631,13633],"wl_entity_type":[11495],"class_list":["post-60936","post","type-post","status-publish","format-standard","has-post-thumbnail","hentry","category-allgemein","tag-almsommer","tag-bauernherbst","tag-busgruppen","tag-gruppenreisen","tag-stille-nacht","wl_entity_type-article"],"acf":[],"yoast_head":"<!-- This site is optimized with the Yoast SEO Premium plugin v26.9 (Yoast SEO v26.9) - https:\/\/yoast.com\/product\/yoast-seo-premium-wordpress\/ -->\n<title>Gruppenreisen ins SalzburgerLand<\/title>\n<meta name=\"description\" content=\"Ideal f\u00fcr Alleinreisende \u2013 die attraktiven Busgruppenangebote zum Salzburger Almsommer, zum Bauernherbst und zur Adventzeit ins SalzburgerLand.\" \/>\n<meta name=\"robots\" content=\"index, follow, max-snippet:-1, max-image-preview:large, max-video-preview:-1\" \/>\n<link rel=\"canonical\" href=\"https:\/\/www.salzburgerland.com\/de\/wp-json\/wp\/v2\/posts\/60936\" \/>\n<meta property=\"og:locale\" content=\"de_DE\" \/>\n<meta property=\"og:type\" content=\"article\" \/>\n<meta property=\"og:title\" content=\"Gruppenreisen ins SalzburgerLand\" \/>\n<meta property=\"og:description\" content=\"Ideal f\u00fcr Alleinreisende \u2013 die attraktiven Busgruppenangebote zum Salzburger Almsommer, zum Bauernherbst und zur Adventzeit ins SalzburgerLand.\" \/>\n<meta property=\"og:url\" content=\"https:\/\/www.salzburgerland.com\/de\/wp-json\/wp\/v2\/posts\/60936\" \/>\n<meta property=\"og:site_name\" content=\"SalzburgerLand.com\" \/>\n<meta property=\"article:publisher\" content=\"https:\/\/www.facebook.com\/salzburgerland\/\" \/>\n<meta property=\"article:published_time\" content=\"2016-09-07T06:06:11+00:00\" \/>\n<meta property=\"article:modified_time\" content=\"2026-02-17T14:33:13+00:00\" \/>\n<meta property=\"og:image\" content=\"https:\/\/www.salzburgerland.com\/de\/wp-content\/uploads\/2016\/08\/wanderselfitvb-flachau-1200x675.jpg\" \/>\n\t<meta property=\"og:image:width\" content=\"1200\" \/>\n\t<meta property=\"og:image:height\" content=\"675\" \/>\n\t<meta property=\"og:image:type\" content=\"image\/jpeg\" \/>\n<meta name=\"author\" content=\"Ulli Hammerl\" \/>\n<meta name=\"twitter:card\" content=\"summary_large_image\" \/>\n<meta name=\"twitter:creator\" content=\"@Salzburgerland\" \/>\n<meta name=\"twitter:site\" content=\"@Salzburgerland\" \/>\n<meta name=\"twitter:label1\" content=\"Verfasst von\" \/>\n\t<meta name=\"twitter:data1\" content=\"Ulli Hammerl\" \/>\n\t<meta name=\"twitter:label2\" content=\"Gesch\u00e4tzte Lesezeit\" \/>\n\t<meta name=\"twitter:data2\" content=\"5\u00a0Minuten\" \/>\n<script type=\"application\/ld+json\" class=\"yoast-schema-graph\">{\"@context\":\"https:\/\/schema.org\",\"@graph\":[{\"@type\":\"WebPage\",\"@id\":\"https:\/\/www.salzburgerland.com\/de\/gruppenreisen-ins-salzburgerland\/\",\"url\":\"https:\/\/www.salzburgerland.com\/de\/gruppenreisen-ins-salzburgerland\/\",\"name\":\"Gruppenreisen ins SalzburgerLand\",\"isPartOf\":{\"@id\":\"https:\/\/www.salzburgerland.com\/de\/#website\"},\"primaryImageOfPage\":{\"@id\":\"https:\/\/www.salzburgerland.com\/de\/gruppenreisen-ins-salzburgerland\/#primaryimage\"},\"image\":{\"@id\":\"https:\/\/www.salzburgerland.com\/de\/gruppenreisen-ins-salzburgerland\/#primaryimage\"},\"thumbnailUrl\":\"https:\/\/www.salzburgerland.com\/de\/wp-content\/uploads\/2016\/08\/wanderselfitvb-flachau.jpg\",\"datePublished\":\"2016-09-07T06:06:11+00:00\",\"dateModified\":\"2026-02-17T14:33:13+00:00\",\"description\":\"Ideal f\u00fcr Alleinreisende \u2013 die attraktiven Busgruppenangebote zum Salzburger Almsommer, zum Bauernherbst und zur Adventzeit ins SalzburgerLand.\",\"inLanguage\":\"de\",\"potentialAction\":[{\"@type\":\"ReadAction\",\"target\":[\"https:\/\/www.salzburgerland.com\/de\/gruppenreisen-ins-salzburgerland\/\"]}]},{\"@type\":\"ImageObject\",\"inLanguage\":\"de\",\"@id\":\"https:\/\/www.salzburgerland.com\/de\/gruppenreisen-ins-salzburgerland\/#primaryimage\",\"url\":\"https:\/\/www.salzburgerland.com\/de\/wp-content\/uploads\/2016\/08\/wanderselfitvb-flachau.jpg\",\"contentUrl\":\"https:\/\/www.salzburgerland.com\/de\/wp-content\/uploads\/2016\/08\/wanderselfitvb-flachau.jpg\",\"width\":1920,\"height\":1280,\"caption\":\"\u00a9 TVB Flachau - So viel Sommer\"},{\"@type\":\"WebSite\",\"@id\":\"https:\/\/www.salzburgerland.com\/de\/#website\",\"url\":\"https:\/\/www.salzburgerland.com\/de\/\",\"name\":\"SalzburgerLand.com\",\"description\":\"Ihr Urlaub in Salzburg, \u00d6sterreich\",\"publisher\":{\"@id\":\"https:\/\/www.salzburgerland.com\/de\/#organization\"},\"potentialAction\":[{\"@type\":\"SearchAction\",\"target\":{\"@type\":\"EntryPoint\",\"urlTemplate\":\"https:\/\/www.salzburgerland.com\/de\/?s={search_term_string}\"},\"query-input\":{\"@type\":\"PropertyValueSpecification\",\"valueRequired\":true,\"valueName\":\"search_term_string\"}}],\"inLanguage\":\"de\"},{\"@type\":\"Organization\",\"@id\":\"https:\/\/www.salzburgerland.com\/de\/#organization\",\"name\":\"SalzburgerLand Tourismus GmbH\",\"url\":\"https:\/\/www.salzburgerland.com\/de\/\",\"logo\":{\"@type\":\"ImageObject\",\"inLanguage\":\"de\",\"@id\":\"https:\/\/www.salzburgerland.com\/de\/#\/schema\/logo\/image\/\",\"url\":\"https:\/\/www.salzburgerland.com\/de\/wp-content\/uploads\/2017\/01\/salzburgerland-logo.jpg\",\"contentUrl\":\"https:\/\/www.salzburgerland.com\/de\/wp-content\/uploads\/2017\/01\/salzburgerland-logo.jpg\",\"width\":1920,\"height\":827,\"caption\":\"SalzburgerLand Tourismus GmbH\"},\"image\":{\"@id\":\"https:\/\/www.salzburgerland.com\/de\/#\/schema\/logo\/image\/\"},\"sameAs\":[\"https:\/\/www.facebook.com\/salzburgerland\/\",\"https:\/\/x.com\/Salzburgerland\",\"https:\/\/www.instagram.com\/salzburgerland\/\",\"http:\/\/dbpedia.org\/resource\/Salzburg_(state)\",\"http:\/\/wikidata.dbpedia.org\/resource\/Q43325\",\"http:\/\/open.salzburgerland.com\/de\/entity\/salzburgerland\",\"https:\/\/www.youtube.com\/user\/salzburgerland\"]},{\"@type\":\"Person\",\"@id\":\"https:\/\/www.salzburgerland.com\/de\/#\/schema\/person\/43ce9aa621bd7728940e04ed11ce9b6e\",\"name\":\"Ulli Hammerl\",\"image\":{\"@type\":\"ImageObject\",\"inLanguage\":\"de\",\"@id\":\"https:\/\/www.salzburgerland.com\/de\/#\/schema\/person\/image\/\",\"url\":\"https:\/\/secure.gravatar.com\/avatar\/35c80e0404a213597afdb17e84ea42a986fe814f3f881bb75d00261a3ff7aefd?s=96&d=mm&r=g\",\"contentUrl\":\"https:\/\/secure.gravatar.com\/avatar\/35c80e0404a213597afdb17e84ea42a986fe814f3f881bb75d00261a3ff7aefd?s=96&d=mm&r=g\",\"caption\":\"Ulli Hammerl\"}}]}<\/script>\n<!-- \/ Yoast SEO Premium plugin. -->","yoast_head_json":{"title":"Gruppenreisen ins SalzburgerLand","description":"Ideal f\u00fcr Alleinreisende \u2013 die attraktiven Busgruppenangebote zum Salzburger Almsommer, zum Bauernherbst und zur Adventzeit ins SalzburgerLand.","robots":{"index":"index","follow":"follow","max-snippet":"max-snippet:-1","max-image-preview":"max-image-preview:large","max-video-preview":"max-video-preview:-1"},"canonical":"https:\/\/www.salzburgerland.com\/de\/wp-json\/wp\/v2\/posts\/60936","og_locale":"de_DE","og_type":"article","og_title":"Gruppenreisen ins SalzburgerLand","og_description":"Ideal f\u00fcr Alleinreisende \u2013 die attraktiven Busgruppenangebote zum Salzburger Almsommer, zum Bauernherbst und zur Adventzeit ins SalzburgerLand.","og_url":"https:\/\/www.salzburgerland.com\/de\/wp-json\/wp\/v2\/posts\/60936","og_site_name":"SalzburgerLand.com","article_publisher":"https:\/\/www.facebook.com\/salzburgerland\/","article_published_time":"2016-09-07T06:06:11+00:00","article_modified_time":"2026-02-17T14:33:13+00:00","og_image":[{"width":1200,"height":675,"url":"https:\/\/www.salzburgerland.com\/de\/wp-content\/uploads\/2016\/08\/wanderselfitvb-flachau-1200x675.jpg","type":"image\/jpeg"}],"author":"Ulli Hammerl","twitter_card":"summary_large_image","twitter_creator":"@Salzburgerland","twitter_site":"@Salzburgerland","twitter_misc":{"Verfasst von":"Ulli Hammerl","Gesch\u00e4tzte Lesezeit":"5\u00a0Minuten"},"schema":{"@context":"https:\/\/schema.org","@graph":[{"@type":"WebPage","@id":"https:\/\/www.salzburgerland.com\/de\/gruppenreisen-ins-salzburgerland\/","url":"https:\/\/www.salzburgerland.com\/de\/gruppenreisen-ins-salzburgerland\/","name":"Gruppenreisen ins SalzburgerLand","isPartOf":{"@id":"https:\/\/www.salzburgerland.com\/de\/#website"},"primaryImageOfPage":{"@id":"https:\/\/www.salzburgerland.com\/de\/gruppenreisen-ins-salzburgerland\/#primaryimage"},"image":{"@id":"https:\/\/www.salzburgerland.com\/de\/gruppenreisen-ins-salzburgerland\/#primaryimage"},"thumbnailUrl":"https:\/\/www.salzburgerland.com\/de\/wp-content\/uploads\/2016\/08\/wanderselfitvb-flachau.jpg","datePublished":"2016-09-07T06:06:11+00:00","dateModified":"2026-02-17T14:33:13+00:00","description":"Ideal f\u00fcr Alleinreisende \u2013 die attraktiven Busgruppenangebote zum Salzburger Almsommer, zum Bauernherbst und zur Adventzeit ins SalzburgerLand.","inLanguage":"de","potentialAction":[{"@type":"ReadAction","target":["https:\/\/www.salzburgerland.com\/de\/gruppenreisen-ins-salzburgerland\/"]}]},{"@type":"ImageObject","inLanguage":"de","@id":"https:\/\/www.salzburgerland.com\/de\/gruppenreisen-ins-salzburgerland\/#primaryimage","url":"https:\/\/www.salzburgerland.com\/de\/wp-content\/uploads\/2016\/08\/wanderselfitvb-flachau.jpg","contentUrl":"https:\/\/www.salzburgerland.com\/de\/wp-content\/uploads\/2016\/08\/wanderselfitvb-flachau.jpg","width":1920,"height":1280,"caption":"\u00a9 TVB Flachau - So viel Sommer"},{"@type":"WebSite","@id":"https:\/\/www.salzburgerland.com\/de\/#website","url":"https:\/\/www.salzburgerland.com\/de\/","name":"SalzburgerLand.com","description":"Ihr Urlaub in Salzburg, \u00d6sterreich","publisher":{"@id":"https:\/\/www.salzburgerland.com\/de\/#organization"},"potentialAction":[{"@type":"SearchAction","target":{"@type":"EntryPoint","urlTemplate":"https:\/\/www.salzburgerland.com\/de\/?s={search_term_string}"},"query-input":{"@type":"PropertyValueSpecification","valueRequired":true,"valueName":"search_term_string"}}],"inLanguage":"de"},{"@type":"Organization","@id":"https:\/\/www.salzburgerland.com\/de\/#organization","name":"SalzburgerLand Tourismus GmbH","url":"https:\/\/www.salzburgerland.com\/de\/","logo":{"@type":"ImageObject","inLanguage":"de","@id":"https:\/\/www.salzburgerland.com\/de\/#\/schema\/logo\/image\/","url":"https:\/\/www.salzburgerland.com\/de\/wp-content\/uploads\/2017\/01\/salzburgerland-logo.jpg","contentUrl":"https:\/\/www.salzburgerland.com\/de\/wp-content\/uploads\/2017\/01\/salzburgerland-logo.jpg","width":1920,"height":827,"caption":"SalzburgerLand Tourismus GmbH"},"image":{"@id":"https:\/\/www.salzburgerland.com\/de\/#\/schema\/logo\/image\/"},"sameAs":["https:\/\/www.facebook.com\/salzburgerland\/","https:\/\/x.com\/Salzburgerland","https:\/\/www.instagram.com\/salzburgerland\/","http:\/\/dbpedia.org\/resource\/Salzburg_(state)","http:\/\/wikidata.dbpedia.org\/resource\/Q43325","http:\/\/open.salzburgerland.com\/de\/entity\/salzburgerland","https:\/\/www.youtube.com\/user\/salzburgerland"]},{"@type":"Person","@id":"https:\/\/www.salzburgerland.com\/de\/#\/schema\/person\/43ce9aa621bd7728940e04ed11ce9b6e","name":"Ulli Hammerl","image":{"@type":"ImageObject","inLanguage":"de","@id":"https:\/\/www.salzburgerland.com\/de\/#\/schema\/person\/image\/","url":"https:\/\/secure.gravatar.com\/avatar\/35c80e0404a213597afdb17e84ea42a986fe814f3f881bb75d00261a3ff7aefd?s=96&d=mm&r=g","contentUrl":"https:\/\/secure.gravatar.com\/avatar\/35c80e0404a213597afdb17e84ea42a986fe814f3f881bb75d00261a3ff7aefd?s=96&d=mm&r=g","caption":"Ulli Hammerl"}}]}},"_wl_alt_label":[],"wl:entity_url":"http:\/\/open.salzburgerland.com\/de\/post\/gruppenreisen_ins_salzburgerland","_links":{"self":[{"href":"https:\/\/www.salzburgerland.com\/de\/wp-json\/wp\/v2\/posts\/60936","targetHints":{"allow":["GET"]}}],"collection":[{"href":"https:\/\/www.salzburgerland.com\/de\/wp-json\/wp\/v2\/posts"}],"about":[{"href":"https:\/\/www.salzburgerland.com\/de\/wp-json\/wp\/v2\/types\/post"}],"author":[{"embeddable":true,"href":"https:\/\/www.salzburgerland.com\/de\/wp-json\/wp\/v2\/users\/17"}],"replies":[{"embeddable":true,"href":"https:\/\/www.salzburgerland.com\/de\/wp-json\/wp\/v2\/comments?post=60936"}],"version-history":[{"count":7,"href":"https:\/\/www.salzburgerland.com\/de\/wp-json\/wp\/v2\/posts\/60936\/revisions"}],"predecessor-version":[{"id":681138,"href":"https:\/\/www.salzburgerland.com\/de\/wp-json\/wp\/v2\/posts\/60936\/revisions\/681138"}],"wp:featuredmedia":[{"embeddable":true,"href":"https:\/\/www.salzburgerland.com\/de\/wp-json\/wp\/v2\/media\/94537"}],"wp:attachment":[{"href":"https:\/\/www.salzburgerland.com\/de\/wp-json\/wp\/v2\/media?parent=60936"}],"wp:term":[{"taxonomy":"category","embeddable":true,"href":"https:\/\/www.salzburgerland.com\/de\/wp-json\/wp\/v2\/categories?post=60936"},{"taxonomy":"post_tag","embeddable":true,"href":"https:\/\/www.salzburgerland.com\/de\/wp-json\/wp\/v2\/tags?post=60936"},{"taxonomy":"wl_entity_type","embeddable":true,"href":"https:\/\/www.salzburgerland.com\/de\/wp-json\/wp\/v2\/wl_entity_type?post=60936"}],"curies":[{"name":"wp","href":"https:\/\/api.w.org\/{rel}","templated":true}]}}