{"id":60405,"date":"2016-08-30T13:50:46","date_gmt":"2016-08-30T11:50:46","guid":{"rendered":"https:\/\/www.onebigpark.at\/de\/?p=60405"},"modified":"2017-01-31T20:02:14","modified_gmt":"2017-01-31T19:02:14","slug":"kochen-mit-kraeutern","status":"publish","type":"post","link":"https:\/\/www.salzburgerland.com\/de\/kochen-mit-kraeutern\/","title":{"rendered":"Kochen mit Kr\u00e4utern"},"content":{"rendered":"<p>Das Leben im SalzburgerLand war in den vergangenen Jahrhunderten gepr\u00e4gt von Tradition und Brauchtum. Auch der religi\u00f6se Jahreskreis hatte einen wichtigen Stellenwert. Wie eng der Alltag zur damaligen Zeit von diesen Werten beeinflusst wurde, zeigen die bis heute wichtigen Feste, Br\u00e4uche und Traditionen. Meist steckte hinter jedem Anlass ein wohl \u00fcberlegter Grund. So hatte etwa das Fasten eine reinigende Wirkung nach der opulenten Faschingszeit, das Pilgern eine beruhigende Wirkung auf K\u00f6rper und Geist, das gemeinsame Feiern zu Weihnachten einen besonderen Stellenwert. Die Speisen, die diese Feste begleiteten, waren oft genau auf\u00a0einander abgestimmt und brachten den Menschen Genuss und Wohlbefinden.<\/p>\n<p>Wer in den alten Rezepten nachliest, findet keine Spur von Askese oder Langeweile. Vielmehr verstanden die Menschen fr\u00fcher, gesunde und bek\u00f6mmliche Gerichte so \u00a0zuzubereiten, dass sie einem k\u00f6stlichen Festschmaus glichen.<\/p>\n<p>Wie gut, dass diese Rezepte \u00fcberliefert wurden und auch heute noch gerne gekocht werden. So wie die Neunkr\u00e4utersuppe, die traditionellerweise am Gr\u00fcndonnerstag auf den Tisch kommt. Kr\u00e4uterexpertin Monika Rosenstatter hat uns ihr liebstes Rezept f\u00fcr diese feine Suppe verraten:<\/p>\n<p><strong>Rezept Neunkr\u00e4utersuppe \u201eAch Du Gr\u00fcne Neune\u201c<\/strong> aus der Hexenk\u00fcche von Monika Rosenstatter:<\/p>\n<p><strong>Zutaten<\/strong><\/p>\n<ul>\n<li>1 EL Bio-Heumilchbutterschmalz<\/li>\n<li>1,5\u00a0l Wasser<\/li>\n<li>1 EL Bockshornkleesamen<\/li>\n<li>2 Zwiebeln<\/li>\n<li>3 Kartoffeln<\/li>\n<li>Kr\u00e4utersalz<\/li>\n<li>\u00bd TL K\u00fcmmel<\/li>\n<li>150 ml Schlagobers<\/li>\n<li>Neunkr\u00e4utermischung (Pro Kraut 1 Handvoll)<\/li>\n<\/ul>\n<p><strong>Zubereitung<\/strong><\/p>\n<p>\u201eZuerst pfl\u00fccke an einem sch\u00f6nen Fr\u00fchlingstag zur Osterzeit, am besten am Gr\u00fcndonnerstag, 9 verschiedene Kr\u00e4uter. Ich darf\u00a0dazu einige aufz\u00e4hlen, welche Mutter Natur uns bereits im Fr\u00fchling schenkt: Echte Nelkenwurz (Geum Urbanum), L\u00f6wenzahn (Taraxacum off.), G\u00e4nsebl\u00fcmchen (Bellis Per.), Vogelmiere (Stellaria Media), Brennnessel (Urtica Urens), Spitzwegerich (Plantago Lanceolata), Gundelrebe (Glechoma Glauca), Scharbockskraut (Ranunculus ficaria), Schl\u00fcsselblume (Primula Veris). Dies sind nur einige der Kr\u00e4uter die zur Auswahl stehen. Nat\u00fcrlich ist die Flora von Region zu Region verschieden. Jedoch wachsen diese Kr\u00e4uter bereits vor der Haust\u00fcre im \u201eEssbaren Rasen\u201c, welcher biologisch gepflegt wird und so nicht zur l\u00e4stigen Arbeit wird, sondern zur gesunden Nahrung.<\/p>\n<p>Ich bringe 1,5\u00a0Liter Wasser mit dem Bockshornkleesamen zum Kochen. 5 Minuten k\u00f6cheln lassen, vom Herd nehmen und weitere 5 Minuten ziehen lassen. Abseihen. Dieser w\u00fcrzige Sud wird verwendet um die Fr\u00fchlingskr\u00e4utersuppe aufzugie\u00dfen. Nun wird in einem Topf die Zwiebel im Butterschmalz anged\u00fcnstet. Die Zwiebel wird im Topf solange sie noch kalt ist gesalzen. Dies sorgt f\u00fcr das typisch w\u00fcrzige Aroma. K\u00fcmmel zugeben. Mit dem Bockshornkleesud aufgie\u00dfen, die gesch\u00e4lten und klein geschnittenen Kartoffelw\u00fcrferl zugeben und weich kochen. Nach ca. 10 Minuten werden die fein gehackten Fr\u00fchlingskr\u00e4uter beigef\u00fcgt. Diese werden jetzt nur mehr f\u00fcr 3 bis 5 Minuten in der Suppe leicht gek\u00f6chelt. Dannwird die Suppe p\u00fcriert und das Schlagobers unterger\u00fchrt. Kurz durchziehen lassen und mit frischen bunten Fr\u00fchlingsbl\u00fcten anrichten -frisch servieren!\u201c, erl\u00e4utert Monika Rosenstatter ihr Rezept.<\/p>\n<p>\u201eAch Du Gr\u00fcne Neune\u201c!, sagt da die Kr\u00e4uterhex. Eine wahrlich entschlackende, schmackhafte und wertvolle Suppe aus der Hexenk\u00fcche. M\u00f6ge dieses Kraftsupperl den Winter austreiben!<\/p>\n<blockquote><p>Guten Appetit<\/p><\/blockquote>\n<p>In unserem Salzburger Land Magazin haben wir auch k\u00f6stliche\u00a0<a href=\"https:\/\/www.salzburgerland.com\/de\/magazin\/die-besten-barlauchrezepte\/\" target=\"_blank\">B\u00e4rlauchrezepte<\/a>\u00a0zusammengetragen.<\/p>\n<p>\u00a0<\/p>\n\n\t\t\t<div id=\"60405-1\" class=\"gallery gallery-60405 gallery-columns-3 gallery-size-1170_658\" itemscope itemtype=\"http:\/\/schema.org\/ImageGallery\">\n\t\t\t\t<ul class=\"gallery-row gallery-col-3 gallery-clear\">\n\t\t\t\t\t<li class=\"gallery-item col-3\" itemprop=\"associatedMedia\" itemscope itemtype=\"http:\/\/schema.org\/ImageObject\">\n\t\t\t\t\t\t<div class=\"gallery-icon landscape\"><a href=\"https:\/\/www.salzburgerland.com\/de\/wp-content\/uploads\/2016\/08\/embach-sommer-krauter-1920x1067.jpg\" title=\"embach-sommer-kra\u0308uter\"><img decoding=\"async\" data-title=\"\u00a9 TVB Embach, Kr\u00e4utergarten in Embach\" title=\"\u00a9 TVB Embach, Kr\u00e4utergarten in Embach\" data-caption=\"\u00a9 TVB Embach, Kr\u00e4utergarten in Embach\" width=\"1170\" height=\"658\" src=\"https:\/\/www.salzburgerland.com\/de\/wp-content\/uploads\/2016\/08\/embach-sommer-krauter-1170x658.jpg\" class=\"attachment-1170_658 size-1170_658\" alt=\"Kr\u00e4utergarten in Embach, Hochbeete (vergr\u00f6\u00dferte Ansicht)\" aria-describedby=\"figcaption-60405-79932\" itemprop=\"thumbnail\"><\/a><\/div>\n\t\t\t\t\t\t<span id=\"figcaption-60405-79932\" class=\"gallery-caption\" itemprop=\"caption\"><span aria-hidden=\"true\">\u00a9 TVB Embach, Kr\u00e4utergarten in Embach<\/span><\/span>\n\t\t\t\t\t<\/li>\n\t\t\t\t\t<li class=\"gallery-item col-3\" itemprop=\"associatedMedia\" itemscope itemtype=\"http:\/\/schema.org\/ImageObject\">\n\t\t\t\t\t\t<div class=\"gallery-icon landscape\"><a href=\"https:\/\/www.salzburgerland.com\/de\/wp-content\/uploads\/2016\/08\/anthering_kraeutergarten-1920x1067.jpg\" title=\"anthering_kraeutergarten\"><img decoding=\"async\" data-title=\"\u00a9 TVB Anthering, Antheringer Kr\u00e4utergarten\" title=\"\u00a9 TVB Anthering, Antheringer Kr\u00e4utergarten\" data-caption=\"\u00a9 TVB Anthering, Antheringer Kr\u00e4utergarten\" width=\"1170\" height=\"658\" src=\"https:\/\/www.salzburgerland.com\/de\/wp-content\/uploads\/2016\/08\/anthering_kraeutergarten-1170x658.jpg\" class=\"attachment-1170_658 size-1170_658\" alt=\"Gr\u00fcner, bl\u00fchender Kr\u00e4utergarten (vergr\u00f6\u00dferte Ansicht)\" aria-describedby=\"figcaption-60405-79633\" itemprop=\"thumbnail\"><\/a><\/div>\n\t\t\t\t\t\t<span id=\"figcaption-60405-79633\" class=\"gallery-caption\" itemprop=\"caption\"><span aria-hidden=\"true\">\u00a9 TVB Anthering, Antheringer Kr\u00e4utergarten<\/span><\/span>\n\t\t\t\t\t<\/li>\n\t\t\t\t\t<li class=\"gallery-item col-3\" itemprop=\"associatedMedia\" itemscope itemtype=\"http:\/\/schema.org\/ImageObject\">\n\t\t\t\t\t\t<div class=\"gallery-icon landscape\"><a href=\"https:\/\/www.salzburgerland.com\/de\/wp-content\/uploads\/2016\/08\/kulinarik-krauter-hand-1920x1067.jpeg\" title=\"Kr\u00e4uter TEH Karin Buchart\"><img decoding=\"async\" data-title=\"\u00a9 SalzburgerLand Tourismus, Karin Buchart mit Kr\u00e4utern\" title=\"\u00a9 SalzburgerLand Tourismus, Karin Buchart mit Kr\u00e4utern\" data-caption=\"\u00a9 SalzburgerLand Tourismus, Karin Buchart mit Kr\u00e4utern\" width=\"1170\" height=\"658\" src=\"https:\/\/www.salzburgerland.com\/de\/wp-content\/uploads\/2016\/08\/kulinarik-krauter-hand-1170x658.jpeg\" class=\"attachment-1170_658 size-1170_658\" alt=\"Getrocknete Kr\u00e4uter werden von Hand zerbr\u00f6selt (vergr\u00f6\u00dferte Ansicht)\" srcset=\"https:\/\/www.salzburgerland.com\/de\/wp-content\/uploads\/2016\/08\/kulinarik-krauter-hand-1170x658.jpeg 1170w, https:\/\/www.salzburgerland.com\/de\/wp-content\/uploads\/2016\/08\/kulinarik-krauter-hand-1200x675.jpeg 1200w, https:\/\/www.salzburgerland.com\/de\/wp-content\/uploads\/2016\/08\/kulinarik-krauter-hand-768x432.jpeg 768w, https:\/\/www.salzburgerland.com\/de\/wp-content\/uploads\/2016\/08\/kulinarik-krauter-hand.jpeg 1920w\" sizes=\"(max-width: 1170px) 100vw, 1170px\" aria-describedby=\"figcaption-60405-81719\" itemprop=\"thumbnail\"><\/a><\/div>\n\t\t\t\t\t\t<span id=\"figcaption-60405-81719\" class=\"gallery-caption\" itemprop=\"caption\"><span aria-hidden=\"true\">\u00a9 SalzburgerLand Tourismus, Karin Buchart mit Kr\u00e4utern<\/span><\/span>\n\t\t\t\t\t<\/li>\n\t\t\t\t<\/ul>\n\t\t\t<\/div><!-- .gallery -->\n\n<p>\u00a0<\/p>\n","protected":false},"excerpt":{"rendered":"<p>Das Leben im SalzburgerLand war in den vergangenen Jahrhunderten gepr\u00e4gt von Tradition und Brauchtum. Auch der religi\u00f6se Jahreskreis hatte einen wichtigen Stellenwert. Wie eng der Alltag zur damaligen Zeit von diesen Werten beeinflusst wurde, zeigen die bis heute wichtigen Feste, Br\u00e4uche und Traditionen. Meist steckte hinter jedem Anlass ein wohl \u00fcberlegter Grund. So hatte etwa [&hellip;]<\/p>\n","protected":false},"author":18,"featured_media":81719,"comment_status":"closed","ping_status":"closed","sticky":false,"template":"","format":"standard","meta":{"_acf_changed":false,"wl_entities_gutenberg":"","_relevanssi_hide_post":"","_relevanssi_hide_content":"","_relevanssi_pin_for_all":"","_relevanssi_pin_keywords":"","_relevanssi_unpin_keywords":"","_relevanssi_related_keywords":"","_relevanssi_related_include_ids":"","_relevanssi_related_exclude_ids":"","_relevanssi_related_no_append":"","_relevanssi_related_not_related":"","_relevanssi_related_posts":"","_relevanssi_noindex_reason":"","footnotes":""},"categories":[1],"tags":[],"wl_entity_type":[11495],"class_list":["post-60405","post","type-post","status-publish","format-standard","has-post-thumbnail","hentry","category-allgemein","wl_entity_type-article"],"acf":[],"yoast_head":"<!-- This site is optimized with the Yoast SEO Premium plugin v26.9 (Yoast SEO v26.9) - https:\/\/yoast.com\/product\/yoast-seo-premium-wordpress\/ -->\n<title>Kochen mit Kr\u00e4utern: Allesk\u00f6nner auf dem Tisch<\/title>\n<meta name=\"description\" content=\"Kr\u00e4uter sind Allesk\u00f6nner. Ihre Heilkraft entwickeln sie auch in k\u00f6stlichen Gerichten. Die tun gut und schmecken einfach herrlich.\" \/>\n<meta name=\"robots\" content=\"index, follow, max-snippet:-1, max-image-preview:large, max-video-preview:-1\" \/>\n<link rel=\"canonical\" href=\"https:\/\/www.salzburgerland.com\/de\/wp-json\/wp\/v2\/posts\/60405\" \/>\n<meta property=\"og:locale\" content=\"de_DE\" \/>\n<meta property=\"og:type\" content=\"article\" \/>\n<meta property=\"og:title\" content=\"Kochen mit Kr\u00e4utern\" \/>\n<meta property=\"og:description\" content=\"Kr\u00e4uter sind Allesk\u00f6nner. Ihre Heilkraft entwickeln sie auch in k\u00f6stlichen Gerichten. Die tun gut und schmecken einfach herrlich.\" \/>\n<meta property=\"og:url\" content=\"https:\/\/www.salzburgerland.com\/de\/wp-json\/wp\/v2\/posts\/60405\" \/>\n<meta property=\"og:site_name\" content=\"SalzburgerLand.com\" \/>\n<meta property=\"article:publisher\" content=\"https:\/\/www.facebook.com\/salzburgerland\/\" \/>\n<meta property=\"article:published_time\" content=\"2016-08-30T11:50:46+00:00\" \/>\n<meta property=\"article:modified_time\" content=\"2017-01-31T19:02:14+00:00\" \/>\n<meta property=\"og:image\" content=\"https:\/\/www.salzburgerland.com\/de\/wp-content\/uploads\/2016\/08\/kulinarik-krauter-hand-1200x675.jpeg\" \/>\n\t<meta property=\"og:image:width\" content=\"1200\" \/>\n\t<meta property=\"og:image:height\" content=\"675\" \/>\n\t<meta property=\"og:image:type\" content=\"image\/jpeg\" \/>\n<meta name=\"author\" content=\"Magdalena Fazal-Ahmad\" \/>\n<meta name=\"twitter:card\" content=\"summary_large_image\" \/>\n<meta name=\"twitter:creator\" content=\"@Salzburgerland\" \/>\n<meta name=\"twitter:site\" content=\"@Salzburgerland\" \/>\n<meta name=\"twitter:label1\" content=\"Verfasst von\" \/>\n\t<meta name=\"twitter:data1\" content=\"Magdalena Fazal-Ahmad\" \/>\n\t<meta name=\"twitter:label2\" content=\"Gesch\u00e4tzte Lesezeit\" \/>\n\t<meta name=\"twitter:data2\" content=\"3\u00a0Minuten\" \/>\n<script type=\"application\/ld+json\" class=\"yoast-schema-graph\">{\"@context\":\"https:\/\/schema.org\",\"@graph\":[{\"@type\":\"WebPage\",\"@id\":\"https:\/\/www.salzburgerland.com\/de\/kochen-mit-kraeutern\/\",\"url\":\"https:\/\/www.salzburgerland.com\/de\/kochen-mit-kraeutern\/\",\"name\":\"Kochen mit Kr\u00e4utern: Allesk\u00f6nner auf dem Tisch\",\"isPartOf\":{\"@id\":\"https:\/\/www.salzburgerland.com\/de\/#website\"},\"primaryImageOfPage\":{\"@id\":\"https:\/\/www.salzburgerland.com\/de\/kochen-mit-kraeutern\/#primaryimage\"},\"image\":{\"@id\":\"https:\/\/www.salzburgerland.com\/de\/kochen-mit-kraeutern\/#primaryimage\"},\"thumbnailUrl\":\"https:\/\/www.salzburgerland.com\/de\/wp-content\/uploads\/2016\/08\/kulinarik-krauter-hand.jpeg\",\"datePublished\":\"2016-08-30T11:50:46+00:00\",\"dateModified\":\"2017-01-31T19:02:14+00:00\",\"description\":\"Kr\u00e4uter sind Allesk\u00f6nner. Ihre Heilkraft entwickeln sie auch in k\u00f6stlichen Gerichten. Die tun gut und schmecken einfach herrlich.\",\"breadcrumb\":{\"@id\":\"https:\/\/www.salzburgerland.com\/de\/kochen-mit-kraeutern\/#breadcrumb\"},\"inLanguage\":\"de\",\"potentialAction\":[{\"@type\":\"ReadAction\",\"target\":[\"https:\/\/www.salzburgerland.com\/de\/kochen-mit-kraeutern\/\"]}]},{\"@type\":\"ImageObject\",\"inLanguage\":\"de\",\"@id\":\"https:\/\/www.salzburgerland.com\/de\/kochen-mit-kraeutern\/#primaryimage\",\"url\":\"https:\/\/www.salzburgerland.com\/de\/wp-content\/uploads\/2016\/08\/kulinarik-krauter-hand.jpeg\",\"contentUrl\":\"https:\/\/www.salzburgerland.com\/de\/wp-content\/uploads\/2016\/08\/kulinarik-krauter-hand.jpeg\",\"width\":1920,\"height\":1080,\"caption\":\"\u00a9 SalzburgerLand Tourismus, Karin Buchart mit Kr\u00e4utern\"},{\"@type\":\"BreadcrumbList\",\"@id\":\"https:\/\/www.salzburgerland.com\/de\/kochen-mit-kraeutern\/#breadcrumb\",\"itemListElement\":[{\"@type\":\"ListItem\",\"position\":1,\"name\":\"Kr\u00e4uter\",\"item\":\"https:\/\/www.salzburgerland.com\/de\/kraeuter\/\"},{\"@type\":\"ListItem\",\"position\":2,\"name\":\"Kochen mit Kr\u00e4utern\"}]},{\"@type\":\"WebSite\",\"@id\":\"https:\/\/www.salzburgerland.com\/de\/#website\",\"url\":\"https:\/\/www.salzburgerland.com\/de\/\",\"name\":\"SalzburgerLand.com\",\"description\":\"Ihr Urlaub in Salzburg, \u00d6sterreich\",\"publisher\":{\"@id\":\"https:\/\/www.salzburgerland.com\/de\/#organization\"},\"potentialAction\":[{\"@type\":\"SearchAction\",\"target\":{\"@type\":\"EntryPoint\",\"urlTemplate\":\"https:\/\/www.salzburgerland.com\/de\/?s={search_term_string}\"},\"query-input\":{\"@type\":\"PropertyValueSpecification\",\"valueRequired\":true,\"valueName\":\"search_term_string\"}}],\"inLanguage\":\"de\"},{\"@type\":\"Organization\",\"@id\":\"https:\/\/www.salzburgerland.com\/de\/#organization\",\"name\":\"SalzburgerLand Tourismus GmbH\",\"url\":\"https:\/\/www.salzburgerland.com\/de\/\",\"logo\":{\"@type\":\"ImageObject\",\"inLanguage\":\"de\",\"@id\":\"https:\/\/www.salzburgerland.com\/de\/#\/schema\/logo\/image\/\",\"url\":\"https:\/\/www.salzburgerland.com\/de\/wp-content\/uploads\/2017\/01\/salzburgerland-logo.jpg\",\"contentUrl\":\"https:\/\/www.salzburgerland.com\/de\/wp-content\/uploads\/2017\/01\/salzburgerland-logo.jpg\",\"width\":1920,\"height\":827,\"caption\":\"SalzburgerLand Tourismus GmbH\"},\"image\":{\"@id\":\"https:\/\/www.salzburgerland.com\/de\/#\/schema\/logo\/image\/\"},\"sameAs\":[\"https:\/\/www.facebook.com\/salzburgerland\/\",\"https:\/\/x.com\/Salzburgerland\",\"https:\/\/www.instagram.com\/salzburgerland\/\",\"http:\/\/dbpedia.org\/resource\/Salzburg_(state)\",\"http:\/\/wikidata.dbpedia.org\/resource\/Q43325\",\"http:\/\/open.salzburgerland.com\/de\/entity\/salzburgerland\",\"https:\/\/www.youtube.com\/user\/salzburgerland\"]},{\"@type\":\"Person\",\"@id\":\"https:\/\/www.salzburgerland.com\/de\/#\/schema\/person\/7d71b4a5522992e5584f31e5eded2275\",\"name\":\"Magdalena Fazal-Ahmad\",\"image\":{\"@type\":\"ImageObject\",\"inLanguage\":\"de\",\"@id\":\"https:\/\/www.salzburgerland.com\/de\/#\/schema\/person\/image\/\",\"url\":\"https:\/\/secure.gravatar.com\/avatar\/a98e37bbcff5152ad53911600324561563681e9b20579f9a66a747f8038382ac?s=96&d=mm&r=g\",\"contentUrl\":\"https:\/\/secure.gravatar.com\/avatar\/a98e37bbcff5152ad53911600324561563681e9b20579f9a66a747f8038382ac?s=96&d=mm&r=g\",\"caption\":\"Magdalena Fazal-Ahmad\"}}]}<\/script>\n<!-- \/ Yoast SEO Premium plugin. -->","yoast_head_json":{"title":"Kochen mit Kr\u00e4utern: Allesk\u00f6nner auf dem Tisch","description":"Kr\u00e4uter sind Allesk\u00f6nner. Ihre Heilkraft entwickeln sie auch in k\u00f6stlichen Gerichten. Die tun gut und schmecken einfach herrlich.","robots":{"index":"index","follow":"follow","max-snippet":"max-snippet:-1","max-image-preview":"max-image-preview:large","max-video-preview":"max-video-preview:-1"},"canonical":"https:\/\/www.salzburgerland.com\/de\/wp-json\/wp\/v2\/posts\/60405","og_locale":"de_DE","og_type":"article","og_title":"Kochen mit Kr\u00e4utern","og_description":"Kr\u00e4uter sind Allesk\u00f6nner. Ihre Heilkraft entwickeln sie auch in k\u00f6stlichen Gerichten. Die tun gut und schmecken einfach herrlich.","og_url":"https:\/\/www.salzburgerland.com\/de\/wp-json\/wp\/v2\/posts\/60405","og_site_name":"SalzburgerLand.com","article_publisher":"https:\/\/www.facebook.com\/salzburgerland\/","article_published_time":"2016-08-30T11:50:46+00:00","article_modified_time":"2017-01-31T19:02:14+00:00","og_image":[{"width":1200,"height":675,"url":"https:\/\/www.salzburgerland.com\/de\/wp-content\/uploads\/2016\/08\/kulinarik-krauter-hand-1200x675.jpeg","type":"image\/jpeg"}],"author":"Magdalena Fazal-Ahmad","twitter_card":"summary_large_image","twitter_creator":"@Salzburgerland","twitter_site":"@Salzburgerland","twitter_misc":{"Verfasst von":"Magdalena Fazal-Ahmad","Gesch\u00e4tzte Lesezeit":"3\u00a0Minuten"},"schema":{"@context":"https:\/\/schema.org","@graph":[{"@type":"WebPage","@id":"https:\/\/www.salzburgerland.com\/de\/kochen-mit-kraeutern\/","url":"https:\/\/www.salzburgerland.com\/de\/kochen-mit-kraeutern\/","name":"Kochen mit Kr\u00e4utern: Allesk\u00f6nner auf dem Tisch","isPartOf":{"@id":"https:\/\/www.salzburgerland.com\/de\/#website"},"primaryImageOfPage":{"@id":"https:\/\/www.salzburgerland.com\/de\/kochen-mit-kraeutern\/#primaryimage"},"image":{"@id":"https:\/\/www.salzburgerland.com\/de\/kochen-mit-kraeutern\/#primaryimage"},"thumbnailUrl":"https:\/\/www.salzburgerland.com\/de\/wp-content\/uploads\/2016\/08\/kulinarik-krauter-hand.jpeg","datePublished":"2016-08-30T11:50:46+00:00","dateModified":"2017-01-31T19:02:14+00:00","description":"Kr\u00e4uter sind Allesk\u00f6nner. Ihre Heilkraft entwickeln sie auch in k\u00f6stlichen Gerichten. Die tun gut und schmecken einfach herrlich.","breadcrumb":{"@id":"https:\/\/www.salzburgerland.com\/de\/kochen-mit-kraeutern\/#breadcrumb"},"inLanguage":"de","potentialAction":[{"@type":"ReadAction","target":["https:\/\/www.salzburgerland.com\/de\/kochen-mit-kraeutern\/"]}]},{"@type":"ImageObject","inLanguage":"de","@id":"https:\/\/www.salzburgerland.com\/de\/kochen-mit-kraeutern\/#primaryimage","url":"https:\/\/www.salzburgerland.com\/de\/wp-content\/uploads\/2016\/08\/kulinarik-krauter-hand.jpeg","contentUrl":"https:\/\/www.salzburgerland.com\/de\/wp-content\/uploads\/2016\/08\/kulinarik-krauter-hand.jpeg","width":1920,"height":1080,"caption":"\u00a9 SalzburgerLand Tourismus, Karin Buchart mit Kr\u00e4utern"},{"@type":"BreadcrumbList","@id":"https:\/\/www.salzburgerland.com\/de\/kochen-mit-kraeutern\/#breadcrumb","itemListElement":[{"@type":"ListItem","position":1,"name":"Kr\u00e4uter","item":"https:\/\/www.salzburgerland.com\/de\/kraeuter\/"},{"@type":"ListItem","position":2,"name":"Kochen mit Kr\u00e4utern"}]},{"@type":"WebSite","@id":"https:\/\/www.salzburgerland.com\/de\/#website","url":"https:\/\/www.salzburgerland.com\/de\/","name":"SalzburgerLand.com","description":"Ihr Urlaub in Salzburg, \u00d6sterreich","publisher":{"@id":"https:\/\/www.salzburgerland.com\/de\/#organization"},"potentialAction":[{"@type":"SearchAction","target":{"@type":"EntryPoint","urlTemplate":"https:\/\/www.salzburgerland.com\/de\/?s={search_term_string}"},"query-input":{"@type":"PropertyValueSpecification","valueRequired":true,"valueName":"search_term_string"}}],"inLanguage":"de"},{"@type":"Organization","@id":"https:\/\/www.salzburgerland.com\/de\/#organization","name":"SalzburgerLand Tourismus GmbH","url":"https:\/\/www.salzburgerland.com\/de\/","logo":{"@type":"ImageObject","inLanguage":"de","@id":"https:\/\/www.salzburgerland.com\/de\/#\/schema\/logo\/image\/","url":"https:\/\/www.salzburgerland.com\/de\/wp-content\/uploads\/2017\/01\/salzburgerland-logo.jpg","contentUrl":"https:\/\/www.salzburgerland.com\/de\/wp-content\/uploads\/2017\/01\/salzburgerland-logo.jpg","width":1920,"height":827,"caption":"SalzburgerLand Tourismus GmbH"},"image":{"@id":"https:\/\/www.salzburgerland.com\/de\/#\/schema\/logo\/image\/"},"sameAs":["https:\/\/www.facebook.com\/salzburgerland\/","https:\/\/x.com\/Salzburgerland","https:\/\/www.instagram.com\/salzburgerland\/","http:\/\/dbpedia.org\/resource\/Salzburg_(state)","http:\/\/wikidata.dbpedia.org\/resource\/Q43325","http:\/\/open.salzburgerland.com\/de\/entity\/salzburgerland","https:\/\/www.youtube.com\/user\/salzburgerland"]},{"@type":"Person","@id":"https:\/\/www.salzburgerland.com\/de\/#\/schema\/person\/7d71b4a5522992e5584f31e5eded2275","name":"Magdalena Fazal-Ahmad","image":{"@type":"ImageObject","inLanguage":"de","@id":"https:\/\/www.salzburgerland.com\/de\/#\/schema\/person\/image\/","url":"https:\/\/secure.gravatar.com\/avatar\/a98e37bbcff5152ad53911600324561563681e9b20579f9a66a747f8038382ac?s=96&d=mm&r=g","contentUrl":"https:\/\/secure.gravatar.com\/avatar\/a98e37bbcff5152ad53911600324561563681e9b20579f9a66a747f8038382ac?s=96&d=mm&r=g","caption":"Magdalena Fazal-Ahmad"}}]}},"_wl_alt_label":[],"wl:entity_url":"http:\/\/open.salzburgerland.com\/de\/post\/kochen_mit_kraeutern","_links":{"self":[{"href":"https:\/\/www.salzburgerland.com\/de\/wp-json\/wp\/v2\/posts\/60405","targetHints":{"allow":["GET"]}}],"collection":[{"href":"https:\/\/www.salzburgerland.com\/de\/wp-json\/wp\/v2\/posts"}],"about":[{"href":"https:\/\/www.salzburgerland.com\/de\/wp-json\/wp\/v2\/types\/post"}],"author":[{"embeddable":true,"href":"https:\/\/www.salzburgerland.com\/de\/wp-json\/wp\/v2\/users\/18"}],"replies":[{"embeddable":true,"href":"https:\/\/www.salzburgerland.com\/de\/wp-json\/wp\/v2\/comments?post=60405"}],"version-history":[{"count":0,"href":"https:\/\/www.salzburgerland.com\/de\/wp-json\/wp\/v2\/posts\/60405\/revisions"}],"wp:featuredmedia":[{"embeddable":true,"href":"https:\/\/www.salzburgerland.com\/de\/wp-json\/wp\/v2\/media\/81719"}],"wp:attachment":[{"href":"https:\/\/www.salzburgerland.com\/de\/wp-json\/wp\/v2\/media?parent=60405"}],"wp:term":[{"taxonomy":"category","embeddable":true,"href":"https:\/\/www.salzburgerland.com\/de\/wp-json\/wp\/v2\/categories?post=60405"},{"taxonomy":"post_tag","embeddable":true,"href":"https:\/\/www.salzburgerland.com\/de\/wp-json\/wp\/v2\/tags?post=60405"},{"taxonomy":"wl_entity_type","embeddable":true,"href":"https:\/\/www.salzburgerland.com\/de\/wp-json\/wp\/v2\/wl_entity_type?post=60405"}],"curies":[{"name":"wp","href":"https:\/\/api.w.org\/{rel}","templated":true}]}}