{"id":60386,"date":"2016-08-30T13:47:16","date_gmt":"2016-08-30T11:47:16","guid":{"rendered":"https:\/\/www.onebigpark.at\/de\/?p=60386"},"modified":"2019-03-03T19:44:16","modified_gmt":"2019-03-03T18:44:16","slug":"salzburger-kueche-besonders","status":"publish","type":"post","link":"https:\/\/www.salzburgerland.com\/de\/salzburger-kueche-besonders\/","title":{"rendered":"Was macht die Salzburger K\u00fcche aus?"},"content":{"rendered":"<p>Die Reise durch das kulinarische SalzburgerLand hat (sehr) viel zu bieten. Denn die Protagonisten des k\u00f6stlichen Schauspiels haben die Tische reich gedeckt. F\u00fcr die rund 300<a href=\"https:\/\/www.salzburgerland.com\/de\/via-culinaria\/\">\u00a0Genusspunkte<\/a> ist ein Besuch viel zu kurz, und doch kann man sich sicher sein: Jede einzelne Genussadresse serviert unvergessliche K\u00f6stlichkeiten.<\/p>\n<p>Es ist die wertvolle Verbindung von Jahrhunderte alter Kochkunst und zeitgeistiger Kreativit\u00e4t, die der Salzburger K\u00fcche zu ihrem guten Ruf verholfen hat. Denn manche Gerichte wurden bereits vom Wunderkind Wolfgang Amadeus Mozart genossen. Und auch die F\u00fcrsterzbisch\u00f6fe der vergangenen Epochen lie\u00dfen sich von ihren Haus- und Hofk\u00f6chen nur die erlesensten Speisen servieren. Hinzu kommt die Tradition der regionalen Hausmannskost, wie sie auch heute noch im Kreise der Familie gegessen wird. Fr\u00fcher dienten Speisen wie Kasnockn und Bauernkrapfen als einfache Speisen, die mit Zutaten aus der eigenen Produktion hergestellt wurden. Heute sind sie ein k\u00f6stliches Symbol f\u00fcr die Heimatverbundenheit und die Kochtradition im ganzen Land.<\/p>\n\n\t\t\t<div id=\"60386-1\" class=\"gallery gallery-60386 gallery-columns-3 gallery-size-medium\" itemscope itemtype=\"http:\/\/schema.org\/ImageGallery\">\n\t\t\t\t<ul class=\"gallery-row gallery-col-3 gallery-clear\">\n\t\t\t\t\t<li class=\"gallery-item col-3\" itemprop=\"associatedMedia\" itemscope itemtype=\"http:\/\/schema.org\/ImageObject\">\n\t\t\t\t\t\t<div class=\"gallery-icon landscape\"><a href=\"https:\/\/www.salzburgerland.com\/de\/wp-content\/uploads\/2016\/11\/genussweg-fleischtiger-weyerhof_05_3811-1920x1067.jpg\" title=\"genussweg fleischtiger weyerhof_05_3811\"><img decoding=\"async\" data-title=\"\u00a9 SalzburgerLand\/ Andreas Hechenberger: Elisabeth sen. und Franz Meilinger bitten in ihrem Weyrerhof zu Tisch. \" title=\"\u00a9 SalzburgerLand\/ Andreas Hechenberger: Elisabeth sen. und Franz Meilinger bitten in ihrem Weyrerhof zu Tisch. \" data-caption=\"\u00a9 SalzburgerLand\/ Andreas Hechenberger: Elisabeth sen. und Franz Meilinger bitten in ihrem Weyrerhof zu Tisch. \" width=\"1024\" height=\"569\" src=\"https:\/\/www.salzburgerland.com\/de\/wp-content\/uploads\/2016\/11\/genussweg-fleischtiger-weyerhof_05_3811-1024x569.jpg\" class=\"attachment-medium size-medium\" alt=\"Eine Frau in traditioneller \u00f6sterreichischer Tracht und ein Koch mit Fleisch stehen an einem sonnigen Tag vor einem Bauernhaus. (vergr\u00f6\u00dferte Ansicht)\" srcset=\"https:\/\/www.salzburgerland.com\/de\/wp-content\/uploads\/2016\/11\/genussweg-fleischtiger-weyerhof_05_3811-1024x569.jpg 1024w, https:\/\/www.salzburgerland.com\/de\/wp-content\/uploads\/2016\/11\/genussweg-fleischtiger-weyerhof_05_3811-370x206.jpg 370w, https:\/\/www.salzburgerland.com\/de\/wp-content\/uploads\/2016\/11\/genussweg-fleischtiger-weyerhof_05_3811-1920x1067.jpg 1920w, https:\/\/www.salzburgerland.com\/de\/wp-content\/uploads\/2016\/11\/genussweg-fleischtiger-weyerhof_05_3811-270x150.jpg 270w, https:\/\/www.salzburgerland.com\/de\/wp-content\/uploads\/2016\/11\/genussweg-fleischtiger-weyerhof_05_3811-540x300.jpg 540w\" sizes=\"(max-width: 1024px) 100vw, 1024px\" aria-describedby=\"figcaption-60386-352538\" itemprop=\"thumbnail\"><\/a><\/div>\n\t\t\t\t\t\t<span id=\"figcaption-60386-352538\" class=\"gallery-caption\" itemprop=\"caption\"><span aria-hidden=\"true\">\u00a9 SalzburgerLand\/ Andreas Hechenberger: Elisabeth sen. und Franz Meilinger bitten in ihrem Weyrerhof zu Tisch. <\/span><\/span>\n\t\t\t\t\t<\/li>\n\t\t\t\t\t<li class=\"gallery-item col-3\" itemprop=\"associatedMedia\" itemscope itemtype=\"http:\/\/schema.org\/ImageObject\">\n\t\t\t\t\t\t<div class=\"gallery-icon landscape\"><a href=\"https:\/\/www.salzburgerland.com\/de\/wp-content\/uploads\/2016\/11\/genussweg-naschkatzen-furst_0266-1920x1067.jpg\" title=\"genussweg naschkatzen fu\u0308rst_0266\"><img decoding=\"async\" data-title=\"\u00a9 SalzburgerLand: Doris und Martin F\u00fcrst f\u00fchren die Confiserietradition weiter. \" title=\"\u00a9 SalzburgerLand: Doris und Martin F\u00fcrst f\u00fchren die Confiserietradition weiter. \" data-caption=\"\u00a9 SalzburgerLand: Doris und Martin F\u00fcrst f\u00fchren die Confiserietradition weiter. \" width=\"1024\" height=\"569\" src=\"https:\/\/www.salzburgerland.com\/de\/wp-content\/uploads\/2016\/11\/genussweg-naschkatzen-furst_0266-1024x569.jpg\" class=\"attachment-medium size-medium\" alt=\"Zwei l\u00e4chelnde Menschen vor dem blauen Schaufenster der Conditorei F\u00fcrst, die f\u00fcr ihre S\u00fc\u00dfspeisen bekannt ist. (vergr\u00f6\u00dferte Ansicht)\" srcset=\"https:\/\/www.salzburgerland.com\/de\/wp-content\/uploads\/2016\/11\/genussweg-naschkatzen-furst_0266-1024x569.jpg 1024w, https:\/\/www.salzburgerland.com\/de\/wp-content\/uploads\/2016\/11\/genussweg-naschkatzen-furst_0266-370x206.jpg 370w, https:\/\/www.salzburgerland.com\/de\/wp-content\/uploads\/2016\/11\/genussweg-naschkatzen-furst_0266-1920x1067.jpg 1920w, https:\/\/www.salzburgerland.com\/de\/wp-content\/uploads\/2016\/11\/genussweg-naschkatzen-furst_0266-270x150.jpg 270w, https:\/\/www.salzburgerland.com\/de\/wp-content\/uploads\/2016\/11\/genussweg-naschkatzen-furst_0266-540x300.jpg 540w\" sizes=\"(max-width: 1024px) 100vw, 1024px\" aria-describedby=\"figcaption-60386-352519\" itemprop=\"thumbnail\"><\/a><\/div>\n\t\t\t\t\t\t<span id=\"figcaption-60386-352519\" class=\"gallery-caption\" itemprop=\"caption\"><span aria-hidden=\"true\">\u00a9 SalzburgerLand: Doris und Martin F\u00fcrst f\u00fchren die Confiserietradition weiter. <\/span><\/span>\n\t\t\t\t\t<\/li>\n\t\t\t\t\t<li class=\"gallery-item col-3\" itemprop=\"associatedMedia\" itemscope itemtype=\"http:\/\/schema.org\/ImageObject\">\n\t\t\t\t\t\t<div class=\"gallery-icon landscape\"><a href=\"https:\/\/www.salzburgerland.com\/de\/wp-content\/uploads\/2016\/11\/guglhof_portrait_0449-1920x1067.jpg\" title=\"guglhof_portrait_0449\"><img decoding=\"async\" data-title=\"\u00a9 SalzburgerLand Tourismus: Anton Vogl, Christoph und ..\" title=\"\u00a9 SalzburgerLand Tourismus: Anton Vogl, Christoph und ..\" data-caption=\"\u00a9 SalzburgerLand Tourismus: Anton Vogl, Christoph und ..\" width=\"1024\" height=\"569\" src=\"https:\/\/www.salzburgerland.com\/de\/wp-content\/uploads\/2016\/11\/guglhof_portrait_0449-1024x569.jpg\" class=\"attachment-medium size-medium\" alt=\"Drei M\u00e4nner in legerer Sommerkleidung schlendern durch einen sonnigen Innenhof und unterhalten sich bei Bier und Schnaps in der N\u00e4he des Brunnens. (vergr\u00f6\u00dferte Ansicht)\" srcset=\"https:\/\/www.salzburgerland.com\/de\/wp-content\/uploads\/2016\/11\/guglhof_portrait_0449-1024x569.jpg 1024w, https:\/\/www.salzburgerland.com\/de\/wp-content\/uploads\/2016\/11\/guglhof_portrait_0449-370x206.jpg 370w, https:\/\/www.salzburgerland.com\/de\/wp-content\/uploads\/2016\/11\/guglhof_portrait_0449-1920x1067.jpg 1920w, https:\/\/www.salzburgerland.com\/de\/wp-content\/uploads\/2016\/11\/guglhof_portrait_0449-270x150.jpg 270w, https:\/\/www.salzburgerland.com\/de\/wp-content\/uploads\/2016\/11\/guglhof_portrait_0449-540x300.jpg 540w\" sizes=\"(max-width: 1024px) 100vw, 1024px\" aria-describedby=\"figcaption-60386-352425\" itemprop=\"thumbnail\"><\/a><\/div>\n\t\t\t\t\t\t<span id=\"figcaption-60386-352425\" class=\"gallery-caption\" itemprop=\"caption\"><span aria-hidden=\"true\">\u00a9 SalzburgerLand Tourismus: Anton Vogl, Christoph und ..<\/span><\/span>\n\t\t\t\t\t<\/li>\n\t\t\t\t<\/ul>\n\t\t\t\t<ul class=\"gallery-row gallery-col-3 gallery-clear\">\n\t\t\t\t\t<li class=\"gallery-item col-3\" itemprop=\"associatedMedia\" itemscope itemtype=\"http:\/\/schema.org\/ImageObject\">\n\t\t\t\t\t\t<div class=\"gallery-icon landscape\"><a href=\"https:\/\/www.salzburgerland.com\/de\/wp-content\/uploads\/2016\/11\/genussweg-fur-feinschmecker-vitus-cooking_bild6_0751-1900x1067.jpg\" title=\"Genussweg fu\u0308r Feinschmecker vitus cooking_bild6_0751\"><img decoding=\"async\" data-title='a:2:{i:0;a:2:{i:0;s:0:\"\";i:1;a:0:{}}i:1;s:0:\"\";}' title='a:2:{i:0;a:2:{i:0;s:0:\"\";i:1;a:0:{}}i:1;s:0:\"\";}' data-caption='a:2:{i:0;a:2:{i:0;s:0:\"\";i:1;a:0:{}}i:1;s:0:\"\";}' width=\"1024\" height=\"569\" src=\"https:\/\/www.salzburgerland.com\/de\/wp-content\/uploads\/2016\/11\/genussweg-fur-feinschmecker-vitus-cooking_bild6_0751-1024x569.jpg\" class=\"attachment-medium size-medium\" alt=\"Ein l\u00e4chelnder Mann in einer Sch\u00fcrze steht vor einer Glast\u00fcr mit dem Logo von Vitus Cooking, sein Spiegelbild und die Haubenk\u00fcche sind zu sehen. (vergr\u00f6\u00dferte Ansicht)\" srcset=\"https:\/\/www.salzburgerland.com\/de\/wp-content\/uploads\/2016\/11\/genussweg-fur-feinschmecker-vitus-cooking_bild6_0751-1024x569.jpg 1024w, https:\/\/www.salzburgerland.com\/de\/wp-content\/uploads\/2016\/11\/genussweg-fur-feinschmecker-vitus-cooking_bild6_0751-370x206.jpg 370w, https:\/\/www.salzburgerland.com\/de\/wp-content\/uploads\/2016\/11\/genussweg-fur-feinschmecker-vitus-cooking_bild6_0751-270x150.jpg 270w, https:\/\/www.salzburgerland.com\/de\/wp-content\/uploads\/2016\/11\/genussweg-fur-feinschmecker-vitus-cooking_bild6_0751-540x300.jpg 540w\" sizes=\"(max-width: 1024px) 100vw, 1024px\" aria-describedby=\"figcaption-60386-352377\" itemprop=\"thumbnail\"><\/a><\/div>\n\t\t\t\t\t\t<span id=\"figcaption-60386-352377\" class=\"gallery-caption\" itemprop=\"caption\"><span aria-hidden=\"true\">a:2:{i:0;a:2:{i:0;s:0:\u201c\u201c;i:1;a:0:{}}i:1;s:0:\u201c\u201c;}<\/span><\/span>\n\t\t\t\t\t<\/li>\n\t\t\t\t\t<li class=\"gallery-item col-3\" itemprop=\"associatedMedia\" itemscope itemtype=\"http:\/\/schema.org\/ImageObject\">\n\t\t\t\t\t\t<div class=\"gallery-icon landscape\"><a href=\"https:\/\/www.salzburgerland.com\/de\/wp-content\/uploads\/2016\/11\/hirsenhof_portrat_-2778-1920x1067.jpg\" title=\"hirsenhof_portra\u0308t_ 2778\"><img decoding=\"async\" data-title=\"\u00a9 SalzburgerLand: Gunther und Margarethe Naymar sind als K\u00e4se-Pioniere bekannt.\" title=\"\u00a9 SalzburgerLand: Gunther und Margarethe Naymar sind als K\u00e4se-Pioniere bekannt.\" data-caption=\"\u00a9 SalzburgerLand: Gunther und Margarethe Naymar sind als K\u00e4se-Pioniere bekannt.\" width=\"1024\" height=\"569\" src=\"https:\/\/www.salzburgerland.com\/de\/wp-content\/uploads\/2016\/11\/hirsenhof_portrat_-2778-1024x569.jpg\" class=\"attachment-medium size-medium\" alt=\"Zwei l\u00e4chelnde Erwachsene stehen in einer T\u00fcr, K\u00e4se in der Hand, umgeben von bunten Blumen an einem grauen Stuckhaus. (vergr\u00f6\u00dferte Ansicht)\" srcset=\"https:\/\/www.salzburgerland.com\/de\/wp-content\/uploads\/2016\/11\/hirsenhof_portrat_-2778-1024x569.jpg 1024w, https:\/\/www.salzburgerland.com\/de\/wp-content\/uploads\/2016\/11\/hirsenhof_portrat_-2778-370x206.jpg 370w, https:\/\/www.salzburgerland.com\/de\/wp-content\/uploads\/2016\/11\/hirsenhof_portrat_-2778-1920x1067.jpg 1920w, https:\/\/www.salzburgerland.com\/de\/wp-content\/uploads\/2016\/11\/hirsenhof_portrat_-2778-270x150.jpg 270w, https:\/\/www.salzburgerland.com\/de\/wp-content\/uploads\/2016\/11\/hirsenhof_portrat_-2778-540x300.jpg 540w\" sizes=\"(max-width: 1024px) 100vw, 1024px\" aria-describedby=\"figcaption-60386-352510\" itemprop=\"thumbnail\"><\/a><\/div>\n\t\t\t\t\t\t<span id=\"figcaption-60386-352510\" class=\"gallery-caption\" itemprop=\"caption\"><span aria-hidden=\"true\">\u00a9 SalzburgerLand: Gunther und Margarethe Naymar sind als K\u00e4se-Pioniere bekannt.<\/span><\/span>\n\t\t\t\t\t<\/li>\n\t\t\t\t\t<li class=\"gallery-item col-3\" itemprop=\"associatedMedia\" itemscope itemtype=\"http:\/\/schema.org\/ImageObject\">\n\t\t\t\t\t\t<div class=\"gallery-icon landscape\"><a href=\"https:\/\/www.salzburgerland.com\/de\/wp-content\/uploads\/2016\/11\/genussweg-huettenhockerfelding-huette_portrat_-2751-1920x1067.jpg\" title=\"genussweg huettenhockerfelding huette_portra\u0308t_ 2751\"><img decoding=\"async\" data-title=\"\u00a9 SalzburgerLand\/ Andreas Hechenberger: Familie Sendlhofer hei\u00dft ihre G\u00e4ste auf der Feldingerh\u00fctte herzlich willkommen. \" title=\"\u00a9 SalzburgerLand\/ Andreas Hechenberger: Familie Sendlhofer hei\u00dft ihre G\u00e4ste auf der Feldingerh\u00fctte herzlich willkommen. \" data-caption=\"\u00a9 SalzburgerLand\/ Andreas Hechenberger: Familie Sendlhofer hei\u00dft ihre G\u00e4ste auf der Feldingerh\u00fctte herzlich willkommen. \" width=\"1024\" height=\"569\" src=\"https:\/\/www.salzburgerland.com\/de\/wp-content\/uploads\/2016\/11\/genussweg-huettenhockerfelding-huette_portrat_-2751-1024x569.jpg\" class=\"attachment-medium size-medium\" alt=\"Vier Personen l\u00e4cheln im Freien auf einem grasbewachsenen H\u00fcgel mit \u00f6sterreichischen Almh\u00fctten und Bergen im Hintergrund. (vergr\u00f6\u00dferte Ansicht)\" srcset=\"https:\/\/www.salzburgerland.com\/de\/wp-content\/uploads\/2016\/11\/genussweg-huettenhockerfelding-huette_portrat_-2751-1024x569.jpg 1024w, https:\/\/www.salzburgerland.com\/de\/wp-content\/uploads\/2016\/11\/genussweg-huettenhockerfelding-huette_portrat_-2751-370x206.jpg 370w, https:\/\/www.salzburgerland.com\/de\/wp-content\/uploads\/2016\/11\/genussweg-huettenhockerfelding-huette_portrat_-2751-1920x1067.jpg 1920w, https:\/\/www.salzburgerland.com\/de\/wp-content\/uploads\/2016\/11\/genussweg-huettenhockerfelding-huette_portrat_-2751-270x150.jpg 270w, https:\/\/www.salzburgerland.com\/de\/wp-content\/uploads\/2016\/11\/genussweg-huettenhockerfelding-huette_portrat_-2751-540x300.jpg 540w\" sizes=\"(max-width: 1024px) 100vw, 1024px\" aria-describedby=\"figcaption-60386-352527\" itemprop=\"thumbnail\"><\/a><\/div>\n\t\t\t\t\t\t<span id=\"figcaption-60386-352527\" class=\"gallery-caption\" itemprop=\"caption\"><span aria-hidden=\"true\">\u00a9 SalzburgerLand\/ Andreas Hechenberger: Familie Sendlhofer hei\u00dft ihre G\u00e4ste auf der Feldingerh\u00fctte herzlich willkommen. <\/span><\/span>\n\t\t\t\t\t<\/li>\n\t\t\t\t<\/ul>\n\t\t\t\t<ul class=\"gallery-row gallery-col-3 gallery-clear\">\n\t\t\t\t\t<li class=\"gallery-item col-3\" itemprop=\"associatedMedia\" itemscope itemtype=\"http:\/\/schema.org\/ImageObject\">\n\t\t\t\t\t\t<div class=\"gallery-icon landscape\"><a href=\"https:\/\/www.salzburgerland.com\/de\/wp-content\/uploads\/2017\/03\/genussweg-biogeniesser-1-forsthofalm_04_3432-1900x1067.jpg\" title=\"genussweg biogenie\u00dfer 1 forsthofalm_04_3432\"><img decoding=\"async\" data-title=\"\u00a9 SalzburgerLand Tourismus: Bio-Pioniere unter sich. \" title=\"\u00a9 SalzburgerLand Tourismus: Bio-Pioniere unter sich. \" data-caption=\"\u00a9 SalzburgerLand Tourismus: Bio-Pioniere unter sich. \" width=\"1024\" height=\"569\" src=\"https:\/\/www.salzburgerland.com\/de\/wp-content\/uploads\/2017\/03\/genussweg-biogeniesser-1-forsthofalm_04_3432-1024x569.jpg\" class=\"attachment-medium size-medium\" alt=\"Zwei Biogenie\u00dfer gehen an einem sonnigen Tag in einem Garten vor einem Holzgeb\u00e4ude spazieren und unterhalten sich. (vergr\u00f6\u00dferte Ansicht)\" srcset=\"https:\/\/www.salzburgerland.com\/de\/wp-content\/uploads\/2017\/03\/genussweg-biogeniesser-1-forsthofalm_04_3432-1024x569.jpg 1024w, https:\/\/www.salzburgerland.com\/de\/wp-content\/uploads\/2017\/03\/genussweg-biogeniesser-1-forsthofalm_04_3432-370x206.jpg 370w, https:\/\/www.salzburgerland.com\/de\/wp-content\/uploads\/2017\/03\/genussweg-biogeniesser-1-forsthofalm_04_3432-270x150.jpg 270w, https:\/\/www.salzburgerland.com\/de\/wp-content\/uploads\/2017\/03\/genussweg-biogeniesser-1-forsthofalm_04_3432-540x300.jpg 540w\" sizes=\"(max-width: 1024px) 100vw, 1024px\" aria-describedby=\"figcaption-60386-352495\" itemprop=\"thumbnail\"><\/a><\/div>\n\t\t\t\t\t\t<span id=\"figcaption-60386-352495\" class=\"gallery-caption\" itemprop=\"caption\"><span aria-hidden=\"true\">\u00a9 SalzburgerLand Tourismus: Bio-Pioniere unter sich. <\/span><\/span>\n\t\t\t\t\t<\/li>\n\t\t\t\t\t<li class=\"gallery-item col-3\" itemprop=\"associatedMedia\" itemscope itemtype=\"http:\/\/schema.org\/ImageObject\">\n\t\t\t\t\t\t<div class=\"gallery-icon landscape\"><a href=\"https:\/\/www.salzburgerland.com\/de\/wp-content\/uploads\/2016\/11\/fischerei_portrait_0495-1920x1067.jpg\" title=\"fischerei_portrait_0495\"><img decoding=\"async\" data-title=\"\u00a9 SalzburgerLand Tourimsus: Mit dem frischen Fang beginnt der Tag.\" title=\"\u00a9 SalzburgerLand Tourimsus: Mit dem frischen Fang beginnt der Tag.\" data-caption=\"\u00a9 SalzburgerLand Tourimsus: Mit dem frischen Fang beginnt der Tag.\" width=\"1024\" height=\"569\" src=\"https:\/\/www.salzburgerland.com\/de\/wp-content\/uploads\/2016\/11\/fischerei_portrait_0495-1024x569.jpg\" class=\"attachment-medium size-medium\" alt=\"Mann in blauem Hemd und hellbraunen Shorts geht an einem See spazieren, tr\u00e4gt Fische und Pilze, im Hintergrund ein Geb\u00e4ude. (vergr\u00f6\u00dferte Ansicht)\" srcset=\"https:\/\/www.salzburgerland.com\/de\/wp-content\/uploads\/2016\/11\/fischerei_portrait_0495-1024x569.jpg 1024w, https:\/\/www.salzburgerland.com\/de\/wp-content\/uploads\/2016\/11\/fischerei_portrait_0495-370x206.jpg 370w, https:\/\/www.salzburgerland.com\/de\/wp-content\/uploads\/2016\/11\/fischerei_portrait_0495-1920x1067.jpg 1920w, https:\/\/www.salzburgerland.com\/de\/wp-content\/uploads\/2016\/11\/fischerei_portrait_0495-270x150.jpg 270w, https:\/\/www.salzburgerland.com\/de\/wp-content\/uploads\/2016\/11\/fischerei_portrait_0495-540x300.jpg 540w\" sizes=\"(max-width: 1024px) 100vw, 1024px\" aria-describedby=\"figcaption-60386-352395\" itemprop=\"thumbnail\"><\/a><\/div>\n\t\t\t\t\t\t<span id=\"figcaption-60386-352395\" class=\"gallery-caption\" itemprop=\"caption\"><span aria-hidden=\"true\">\u00a9 SalzburgerLand Tourimsus: Mit dem frischen Fang beginnt der Tag.<\/span><\/span>\n\t\t\t\t\t<\/li>\n\t\t\t\t\t<li class=\"gallery-item col-3\" itemprop=\"associatedMedia\" itemscope itemtype=\"http:\/\/schema.org\/ImageObject\">\n\t\t\t\t\t\t<div class=\"gallery-icon landscape\"><a href=\"https:\/\/www.salzburgerland.com\/de\/wp-content\/uploads\/2016\/11\/genussweg-krauter-2-kraeutergarten_01_3839-1900x1067.jpg\" title=\"genussweg krauter 2 kraeutergarten_01_3839\"><img decoding=\"async\" data-title=\"\u00a9 SalzburgerLand Tourismus: ys in ihrem Reich voller Heilkr\u00e4uter.\" title=\"\u00a9 SalzburgerLand Tourismus: ys in ihrem Reich voller Heilkr\u00e4uter.\" data-caption=\"\u00a9 SalzburgerLand Tourismus: ys in ihrem Reich voller Heilkr\u00e4uter.\" width=\"1024\" height=\"569\" src=\"https:\/\/www.salzburgerland.com\/de\/wp-content\/uploads\/2016\/11\/genussweg-krauter-2-kraeutergarten_01_3839-1024x569.jpg\" class=\"attachment-medium size-medium\" alt=\"Eine l\u00e4chelnde Frau in traditioneller Kleidung steht in einem sonnigen Garten mit leuchtenden Kr\u00e4utern und gelben und wei\u00dfen Blumen. (vergr\u00f6\u00dferte Ansicht)\" srcset=\"https:\/\/www.salzburgerland.com\/de\/wp-content\/uploads\/2016\/11\/genussweg-krauter-2-kraeutergarten_01_3839-1024x569.jpg 1024w, https:\/\/www.salzburgerland.com\/de\/wp-content\/uploads\/2016\/11\/genussweg-krauter-2-kraeutergarten_01_3839-370x206.jpg 370w, https:\/\/www.salzburgerland.com\/de\/wp-content\/uploads\/2016\/11\/genussweg-krauter-2-kraeutergarten_01_3839-270x150.jpg 270w, https:\/\/www.salzburgerland.com\/de\/wp-content\/uploads\/2016\/11\/genussweg-krauter-2-kraeutergarten_01_3839-540x300.jpg 540w\" sizes=\"(max-width: 1024px) 100vw, 1024px\" aria-describedby=\"figcaption-60386-352403\" itemprop=\"thumbnail\"><\/a><\/div>\n\t\t\t\t\t\t<span id=\"figcaption-60386-352403\" class=\"gallery-caption\" itemprop=\"caption\"><span aria-hidden=\"true\">\u00a9 SalzburgerLand Tourismus: ys in ihrem Reich voller Heilkr\u00e4uter.<\/span><\/span>\n\t\t\t\t\t<\/li>\n\t\t\t\t<\/ul>\n\t\t\t<\/div><!-- .gallery -->\n\n<p>Das wertvolle Erbe der Salzburger Kochkultur erweitern neugierige K\u00f6che und Produzenten mit ihren Kreationen. Virtuos und eigensinnig gehen sie ans Werk. Zu diesen <a href=\"http:\/\/stories.salzburgerland.com\/kulinarik\" target=\"_blank\" rel=\"noopener\">Typen und T\u00fcftlern<\/a> z\u00e4hlt auch Walter Gr\u00fcll. In seinem Gesch\u00e4ft in Gr\u00f6dig verw\u00f6hnt er Fischliebhaber nicht nur mit k\u00f6stlichen Speisen und frischem Fisch, er bietet auch seinen ausgezeichneten heimischen Kaviar feil. Vom St\u00f6r, aus den Gew\u00e4ssern rund um Hellbrunn, zart und frisch. \u201cWir produzieren keine Masse\u201d, meint der charismatische Mann.\u00a0Ganz \u00e4hnlich sieht auch die Arbeit vom mehrfach ausgezeichneten Edelbrenner Siegi Herzog aus. Und auch die kreativen Schokogen\u00fcsse der <a href=\"http:\/\/www.confiserie-berger.at\/de\" target=\"_blank\" rel=\"noopener\">Confiserie Berger in Lofer<\/a> sorgen f\u00fcr s\u00fc\u00dfes Furore.<\/p>\n","protected":false},"excerpt":{"rendered":"<p>Die Reise durch das kulinarische SalzburgerLand hat (sehr) viel zu bieten. Denn die Protagonisten des k\u00f6stlichen Schauspiels haben die Tische reich gedeckt. F\u00fcr die rund 300\u00a0Genusspunkte ist ein Besuch viel zu kurz, und doch kann man sich sicher sein: Jede einzelne Genussadresse serviert unvergessliche K\u00f6stlichkeiten. Es ist die wertvolle Verbindung von Jahrhunderte alter Kochkunst und [&hellip;]<\/p>\n","protected":false},"author":18,"featured_media":352497,"comment_status":"closed","ping_status":"closed","sticky":false,"template":"","format":"standard","meta":{"_acf_changed":false,"wl_entities_gutenberg":"","_relevanssi_hide_post":"","_relevanssi_hide_content":"","_relevanssi_pin_for_all":"","_relevanssi_pin_keywords":"","_relevanssi_unpin_keywords":"","_relevanssi_related_keywords":"","_relevanssi_related_include_ids":"","_relevanssi_related_exclude_ids":"","_relevanssi_related_no_append":"","_relevanssi_related_not_related":"","_relevanssi_related_posts":"","_relevanssi_noindex_reason":"","footnotes":""},"categories":[1],"tags":[],"wl_entity_type":[11495],"class_list":["post-60386","post","type-post","status-publish","format-standard","has-post-thumbnail","hentry","category-allgemein","wl_entity_type-article"],"acf":[],"yoast_head":"<!-- This site is optimized with the Yoast SEO Premium plugin v26.9 (Yoast SEO v26.9) - https:\/\/yoast.com\/product\/yoast-seo-premium-wordpress\/ -->\n<title>Was macht die Salzburger K\u00fcche aus<\/title>\n<meta name=\"description\" content=\"Mit viel Freude am Kochen, einer gro\u00dfen Portion Erfahrung und der Liebe zum Genuss kreieren die K\u00f6che im SalzburgerLand k\u00f6stliche Genussgeheimnisse.\" \/>\n<meta name=\"robots\" content=\"index, follow, max-snippet:-1, max-image-preview:large, max-video-preview:-1\" \/>\n<link rel=\"canonical\" href=\"https:\/\/www.salzburgerland.com\/de\/wp-json\/wp\/v2\/posts\/60386\" \/>\n<meta property=\"og:locale\" content=\"de_DE\" \/>\n<meta property=\"og:type\" content=\"article\" \/>\n<meta property=\"og:title\" content=\"Was macht die Salzburger K\u00fcche aus?\" \/>\n<meta property=\"og:description\" content=\"Mit viel Freude am Kochen, einer gro\u00dfen Portion Erfahrung und der Liebe zum Genuss kreieren die K\u00f6che im SalzburgerLand k\u00f6stliche Genussgeheimnisse.\" \/>\n<meta property=\"og:url\" content=\"https:\/\/www.salzburgerland.com\/de\/wp-json\/wp\/v2\/posts\/60386\" \/>\n<meta property=\"og:site_name\" content=\"SalzburgerLand.com\" \/>\n<meta property=\"article:publisher\" content=\"https:\/\/www.facebook.com\/salzburgerland\/\" \/>\n<meta property=\"article:published_time\" content=\"2016-08-30T11:47:16+00:00\" \/>\n<meta property=\"article:modified_time\" content=\"2019-03-03T18:44:16+00:00\" \/>\n<meta property=\"og:image\" content=\"https:\/\/www.salzburgerland.com\/de\/wp-content\/uploads\/2017\/03\/genussweg-biogeniesser-3-forsthofalm_06_3457-1200x675.jpg\" \/>\n\t<meta property=\"og:image:width\" content=\"1200\" \/>\n\t<meta property=\"og:image:height\" content=\"675\" \/>\n\t<meta property=\"og:image:type\" content=\"image\/jpeg\" \/>\n<meta name=\"author\" content=\"Magdalena Fazal-Ahmad\" \/>\n<meta name=\"twitter:card\" content=\"summary_large_image\" \/>\n<meta name=\"twitter:creator\" content=\"@Salzburgerland\" \/>\n<meta name=\"twitter:site\" content=\"@Salzburgerland\" \/>\n<meta name=\"twitter:label1\" content=\"Verfasst von\" \/>\n\t<meta name=\"twitter:data1\" content=\"Magdalena Fazal-Ahmad\" \/>\n\t<meta name=\"twitter:label2\" content=\"Gesch\u00e4tzte Lesezeit\" \/>\n\t<meta name=\"twitter:data2\" content=\"1\u00a0Minute\" \/>\n<script type=\"application\/ld+json\" class=\"yoast-schema-graph\">{\"@context\":\"https:\/\/schema.org\",\"@graph\":[{\"@type\":\"WebPage\",\"@id\":\"https:\/\/www.salzburgerland.com\/de\/salzburger-kueche-besonders\/\",\"url\":\"https:\/\/www.salzburgerland.com\/de\/salzburger-kueche-besonders\/\",\"name\":\"Was macht die Salzburger K\u00fcche aus\",\"isPartOf\":{\"@id\":\"https:\/\/www.salzburgerland.com\/de\/#website\"},\"primaryImageOfPage\":{\"@id\":\"https:\/\/www.salzburgerland.com\/de\/salzburger-kueche-besonders\/#primaryimage\"},\"image\":{\"@id\":\"https:\/\/www.salzburgerland.com\/de\/salzburger-kueche-besonders\/#primaryimage\"},\"thumbnailUrl\":\"https:\/\/www.salzburgerland.com\/de\/wp-content\/uploads\/2017\/03\/genussweg-biogeniesser-3-forsthofalm_06_3457.jpg\",\"datePublished\":\"2016-08-30T11:47:16+00:00\",\"dateModified\":\"2019-03-03T18:44:16+00:00\",\"description\":\"Mit viel Freude am Kochen, einer gro\u00dfen Portion Erfahrung und der Liebe zum Genuss kreieren die K\u00f6che im SalzburgerLand k\u00f6stliche Genussgeheimnisse.\",\"breadcrumb\":{\"@id\":\"https:\/\/www.salzburgerland.com\/de\/salzburger-kueche-besonders\/#breadcrumb\"},\"inLanguage\":\"de\",\"potentialAction\":[{\"@type\":\"ReadAction\",\"target\":[\"https:\/\/www.salzburgerland.com\/de\/salzburger-kueche-besonders\/\"]}]},{\"@type\":\"ImageObject\",\"inLanguage\":\"de\",\"@id\":\"https:\/\/www.salzburgerland.com\/de\/salzburger-kueche-besonders\/#primaryimage\",\"url\":\"https:\/\/www.salzburgerland.com\/de\/wp-content\/uploads\/2017\/03\/genussweg-biogeniesser-3-forsthofalm_06_3457.jpg\",\"contentUrl\":\"https:\/\/www.salzburgerland.com\/de\/wp-content\/uploads\/2017\/03\/genussweg-biogeniesser-3-forsthofalm_06_3457.jpg\",\"width\":1900,\"height\":1267,\"caption\":\"Eine l\u00e4chelnde Biogenie\u00dfer-Frau genie\u00dft das Dessert im Freien an einem Holztisch mit Wein, Brot und Gr\u00fcnzeug.\"},{\"@type\":\"BreadcrumbList\",\"@id\":\"https:\/\/www.salzburgerland.com\/de\/salzburger-kueche-besonders\/#breadcrumb\",\"itemListElement\":[{\"@type\":\"ListItem\",\"position\":1,\"name\":\"Kulinarische Highlights\",\"item\":\"https:\/\/www.salzburgerland.com\/de\/kulinarische-highlights\/\"},{\"@type\":\"ListItem\",\"position\":2,\"name\":\"Was macht die Salzburger K\u00fcche aus?\"}]},{\"@type\":\"WebSite\",\"@id\":\"https:\/\/www.salzburgerland.com\/de\/#website\",\"url\":\"https:\/\/www.salzburgerland.com\/de\/\",\"name\":\"SalzburgerLand.com\",\"description\":\"Ihr Urlaub in Salzburg, \u00d6sterreich\",\"publisher\":{\"@id\":\"https:\/\/www.salzburgerland.com\/de\/#organization\"},\"potentialAction\":[{\"@type\":\"SearchAction\",\"target\":{\"@type\":\"EntryPoint\",\"urlTemplate\":\"https:\/\/www.salzburgerland.com\/de\/?s={search_term_string}\"},\"query-input\":{\"@type\":\"PropertyValueSpecification\",\"valueRequired\":true,\"valueName\":\"search_term_string\"}}],\"inLanguage\":\"de\"},{\"@type\":\"Organization\",\"@id\":\"https:\/\/www.salzburgerland.com\/de\/#organization\",\"name\":\"SalzburgerLand Tourismus GmbH\",\"url\":\"https:\/\/www.salzburgerland.com\/de\/\",\"logo\":{\"@type\":\"ImageObject\",\"inLanguage\":\"de\",\"@id\":\"https:\/\/www.salzburgerland.com\/de\/#\/schema\/logo\/image\/\",\"url\":\"https:\/\/www.salzburgerland.com\/de\/wp-content\/uploads\/2017\/01\/salzburgerland-logo.jpg\",\"contentUrl\":\"https:\/\/www.salzburgerland.com\/de\/wp-content\/uploads\/2017\/01\/salzburgerland-logo.jpg\",\"width\":1920,\"height\":827,\"caption\":\"SalzburgerLand Tourismus GmbH\"},\"image\":{\"@id\":\"https:\/\/www.salzburgerland.com\/de\/#\/schema\/logo\/image\/\"},\"sameAs\":[\"https:\/\/www.facebook.com\/salzburgerland\/\",\"https:\/\/x.com\/Salzburgerland\",\"https:\/\/www.instagram.com\/salzburgerland\/\",\"http:\/\/dbpedia.org\/resource\/Salzburg_(state)\",\"http:\/\/wikidata.dbpedia.org\/resource\/Q43325\",\"http:\/\/open.salzburgerland.com\/de\/entity\/salzburgerland\",\"https:\/\/www.youtube.com\/user\/salzburgerland\"]},{\"@type\":\"Person\",\"@id\":\"https:\/\/www.salzburgerland.com\/de\/#\/schema\/person\/7d71b4a5522992e5584f31e5eded2275\",\"name\":\"Magdalena Fazal-Ahmad\",\"image\":{\"@type\":\"ImageObject\",\"inLanguage\":\"de\",\"@id\":\"https:\/\/www.salzburgerland.com\/de\/#\/schema\/person\/image\/\",\"url\":\"https:\/\/secure.gravatar.com\/avatar\/a98e37bbcff5152ad53911600324561563681e9b20579f9a66a747f8038382ac?s=96&d=mm&r=g\",\"contentUrl\":\"https:\/\/secure.gravatar.com\/avatar\/a98e37bbcff5152ad53911600324561563681e9b20579f9a66a747f8038382ac?s=96&d=mm&r=g\",\"caption\":\"Magdalena Fazal-Ahmad\"}}]}<\/script>\n<!-- \/ Yoast SEO Premium plugin. -->","yoast_head_json":{"title":"Was macht die Salzburger K\u00fcche aus","description":"Mit viel Freude am Kochen, einer gro\u00dfen Portion Erfahrung und der Liebe zum Genuss kreieren die K\u00f6che im SalzburgerLand k\u00f6stliche Genussgeheimnisse.","robots":{"index":"index","follow":"follow","max-snippet":"max-snippet:-1","max-image-preview":"max-image-preview:large","max-video-preview":"max-video-preview:-1"},"canonical":"https:\/\/www.salzburgerland.com\/de\/wp-json\/wp\/v2\/posts\/60386","og_locale":"de_DE","og_type":"article","og_title":"Was macht die Salzburger K\u00fcche aus?","og_description":"Mit viel Freude am Kochen, einer gro\u00dfen Portion Erfahrung und der Liebe zum Genuss kreieren die K\u00f6che im SalzburgerLand k\u00f6stliche Genussgeheimnisse.","og_url":"https:\/\/www.salzburgerland.com\/de\/wp-json\/wp\/v2\/posts\/60386","og_site_name":"SalzburgerLand.com","article_publisher":"https:\/\/www.facebook.com\/salzburgerland\/","article_published_time":"2016-08-30T11:47:16+00:00","article_modified_time":"2019-03-03T18:44:16+00:00","og_image":[{"width":1200,"height":675,"url":"https:\/\/www.salzburgerland.com\/de\/wp-content\/uploads\/2017\/03\/genussweg-biogeniesser-3-forsthofalm_06_3457-1200x675.jpg","type":"image\/jpeg"}],"author":"Magdalena Fazal-Ahmad","twitter_card":"summary_large_image","twitter_creator":"@Salzburgerland","twitter_site":"@Salzburgerland","twitter_misc":{"Verfasst von":"Magdalena Fazal-Ahmad","Gesch\u00e4tzte Lesezeit":"1\u00a0Minute"},"schema":{"@context":"https:\/\/schema.org","@graph":[{"@type":"WebPage","@id":"https:\/\/www.salzburgerland.com\/de\/salzburger-kueche-besonders\/","url":"https:\/\/www.salzburgerland.com\/de\/salzburger-kueche-besonders\/","name":"Was macht die Salzburger K\u00fcche aus","isPartOf":{"@id":"https:\/\/www.salzburgerland.com\/de\/#website"},"primaryImageOfPage":{"@id":"https:\/\/www.salzburgerland.com\/de\/salzburger-kueche-besonders\/#primaryimage"},"image":{"@id":"https:\/\/www.salzburgerland.com\/de\/salzburger-kueche-besonders\/#primaryimage"},"thumbnailUrl":"https:\/\/www.salzburgerland.com\/de\/wp-content\/uploads\/2017\/03\/genussweg-biogeniesser-3-forsthofalm_06_3457.jpg","datePublished":"2016-08-30T11:47:16+00:00","dateModified":"2019-03-03T18:44:16+00:00","description":"Mit viel Freude am Kochen, einer gro\u00dfen Portion Erfahrung und der Liebe zum Genuss kreieren die K\u00f6che im SalzburgerLand k\u00f6stliche Genussgeheimnisse.","breadcrumb":{"@id":"https:\/\/www.salzburgerland.com\/de\/salzburger-kueche-besonders\/#breadcrumb"},"inLanguage":"de","potentialAction":[{"@type":"ReadAction","target":["https:\/\/www.salzburgerland.com\/de\/salzburger-kueche-besonders\/"]}]},{"@type":"ImageObject","inLanguage":"de","@id":"https:\/\/www.salzburgerland.com\/de\/salzburger-kueche-besonders\/#primaryimage","url":"https:\/\/www.salzburgerland.com\/de\/wp-content\/uploads\/2017\/03\/genussweg-biogeniesser-3-forsthofalm_06_3457.jpg","contentUrl":"https:\/\/www.salzburgerland.com\/de\/wp-content\/uploads\/2017\/03\/genussweg-biogeniesser-3-forsthofalm_06_3457.jpg","width":1900,"height":1267,"caption":"Eine l\u00e4chelnde Biogenie\u00dfer-Frau genie\u00dft das Dessert im Freien an einem Holztisch mit Wein, Brot und Gr\u00fcnzeug."},{"@type":"BreadcrumbList","@id":"https:\/\/www.salzburgerland.com\/de\/salzburger-kueche-besonders\/#breadcrumb","itemListElement":[{"@type":"ListItem","position":1,"name":"Kulinarische Highlights","item":"https:\/\/www.salzburgerland.com\/de\/kulinarische-highlights\/"},{"@type":"ListItem","position":2,"name":"Was macht die Salzburger K\u00fcche aus?"}]},{"@type":"WebSite","@id":"https:\/\/www.salzburgerland.com\/de\/#website","url":"https:\/\/www.salzburgerland.com\/de\/","name":"SalzburgerLand.com","description":"Ihr Urlaub in Salzburg, \u00d6sterreich","publisher":{"@id":"https:\/\/www.salzburgerland.com\/de\/#organization"},"potentialAction":[{"@type":"SearchAction","target":{"@type":"EntryPoint","urlTemplate":"https:\/\/www.salzburgerland.com\/de\/?s={search_term_string}"},"query-input":{"@type":"PropertyValueSpecification","valueRequired":true,"valueName":"search_term_string"}}],"inLanguage":"de"},{"@type":"Organization","@id":"https:\/\/www.salzburgerland.com\/de\/#organization","name":"SalzburgerLand Tourismus GmbH","url":"https:\/\/www.salzburgerland.com\/de\/","logo":{"@type":"ImageObject","inLanguage":"de","@id":"https:\/\/www.salzburgerland.com\/de\/#\/schema\/logo\/image\/","url":"https:\/\/www.salzburgerland.com\/de\/wp-content\/uploads\/2017\/01\/salzburgerland-logo.jpg","contentUrl":"https:\/\/www.salzburgerland.com\/de\/wp-content\/uploads\/2017\/01\/salzburgerland-logo.jpg","width":1920,"height":827,"caption":"SalzburgerLand Tourismus GmbH"},"image":{"@id":"https:\/\/www.salzburgerland.com\/de\/#\/schema\/logo\/image\/"},"sameAs":["https:\/\/www.facebook.com\/salzburgerland\/","https:\/\/x.com\/Salzburgerland","https:\/\/www.instagram.com\/salzburgerland\/","http:\/\/dbpedia.org\/resource\/Salzburg_(state)","http:\/\/wikidata.dbpedia.org\/resource\/Q43325","http:\/\/open.salzburgerland.com\/de\/entity\/salzburgerland","https:\/\/www.youtube.com\/user\/salzburgerland"]},{"@type":"Person","@id":"https:\/\/www.salzburgerland.com\/de\/#\/schema\/person\/7d71b4a5522992e5584f31e5eded2275","name":"Magdalena Fazal-Ahmad","image":{"@type":"ImageObject","inLanguage":"de","@id":"https:\/\/www.salzburgerland.com\/de\/#\/schema\/person\/image\/","url":"https:\/\/secure.gravatar.com\/avatar\/a98e37bbcff5152ad53911600324561563681e9b20579f9a66a747f8038382ac?s=96&d=mm&r=g","contentUrl":"https:\/\/secure.gravatar.com\/avatar\/a98e37bbcff5152ad53911600324561563681e9b20579f9a66a747f8038382ac?s=96&d=mm&r=g","caption":"Magdalena Fazal-Ahmad"}}]}},"_wl_alt_label":[],"wl:entity_url":"http:\/\/open.salzburgerland.com\/de\/post\/was_macht_die_salzburger_kueche_aus_","_links":{"self":[{"href":"https:\/\/www.salzburgerland.com\/de\/wp-json\/wp\/v2\/posts\/60386","targetHints":{"allow":["GET"]}}],"collection":[{"href":"https:\/\/www.salzburgerland.com\/de\/wp-json\/wp\/v2\/posts"}],"about":[{"href":"https:\/\/www.salzburgerland.com\/de\/wp-json\/wp\/v2\/types\/post"}],"author":[{"embeddable":true,"href":"https:\/\/www.salzburgerland.com\/de\/wp-json\/wp\/v2\/users\/18"}],"replies":[{"embeddable":true,"href":"https:\/\/www.salzburgerland.com\/de\/wp-json\/wp\/v2\/comments?post=60386"}],"version-history":[{"count":0,"href":"https:\/\/www.salzburgerland.com\/de\/wp-json\/wp\/v2\/posts\/60386\/revisions"}],"wp:featuredmedia":[{"embeddable":true,"href":"https:\/\/www.salzburgerland.com\/de\/wp-json\/wp\/v2\/media\/352497"}],"wp:attachment":[{"href":"https:\/\/www.salzburgerland.com\/de\/wp-json\/wp\/v2\/media?parent=60386"}],"wp:term":[{"taxonomy":"category","embeddable":true,"href":"https:\/\/www.salzburgerland.com\/de\/wp-json\/wp\/v2\/categories?post=60386"},{"taxonomy":"post_tag","embeddable":true,"href":"https:\/\/www.salzburgerland.com\/de\/wp-json\/wp\/v2\/tags?post=60386"},{"taxonomy":"wl_entity_type","embeddable":true,"href":"https:\/\/www.salzburgerland.com\/de\/wp-json\/wp\/v2\/wl_entity_type?post=60386"}],"curies":[{"name":"wp","href":"https:\/\/api.w.org\/{rel}","templated":true}]}}