{"id":60267,"date":"2016-08-30T13:15:48","date_gmt":"2016-08-30T11:15:48","guid":{"rendered":"https:\/\/www.onebigpark.at\/de\/?p=60267"},"modified":"2021-03-11T11:17:36","modified_gmt":"2021-03-11T10:17:36","slug":"wandern-im-salzburgerland","status":"publish","type":"post","link":"https:\/\/www.salzburgerland.com\/de\/wandern-im-salzburgerland\/","title":{"rendered":"Erlebnis-Wandern und Trekking im SalzburgerLand"},"content":{"rendered":"<p>Wander-Fans wissen es l\u00e4ngst: Was kann es Sch\u00f6neres geben, als in gem\u00e4chlichem Tempo zu Fu\u00df die Berge zu erkunden? Sich dabei Zeit zu nehmen f\u00fcr die kleinen und verborgenen Sch\u00f6nheiten am Wegesrand, den Duft der W\u00e4lder und Almwiesen auf sich wirken zu lassen und vielleicht einfach auch einmal zu verweilen und inne zu halten und sich treiben zu lassen?<\/p>\n<h2>Zu Logenpl\u00e4tzen wandern<\/h2>\n<p>Wer sich schon einmal aufgemacht hat, um die Berge wandernd f\u00fcr sich zu entdecken, der wei\u00df, dass man immer wieder an ganz besondere Pl\u00e4tze kommt \u2013 vielleicht auch durch einen Tipp seines Gastgebers. Diese Logenpl\u00e4tze haben eine urspr\u00fcngliche Sch\u00f6nheit inne, die verzaubert und die Energiespeicher wieder aufl\u00e4dt. Die Salzburger Gastgeber sind selbst begeisterte Wanderer und sie wissen seit vielen Generationen von diesen Kraft- und Logenpl\u00e4tzen und von der Energie, die von ihnen ausgeht. Also, einfach mal beim n\u00e4chsten Plausch am Fr\u00fchst\u00fcckstisch den Gastgeber nach seinem Lieblingsplatz in den Salzburger Bergen fragen. Der Alltag verlangt oft nach hohem Tempo und man neigt dazu, kleine und ganz naheliegende Dinge zu \u00fcbersehen. Das Wandern lehrt uns mal wieder langsam zu machen um genau solche Pl\u00e4tze und kleine Sch\u00f6nheiten nicht zu \u00fcbersehen. Wandern \u2013 speziell in einer H\u00f6henlage ab 1000 m Seeh\u00f6he \u2013 ist nachweislich gesundheitsf\u00f6rdernd. Doch es ist auch Balsam f\u00fcr Seele und Geist.<\/p>\n<h2>Themenwege im SalzburgerLand<\/h2>\n<p>Auch wenn jeder Schritt in die Berge einen Zauber verspricht, so lassen sich besonders Kinder gerne von zus\u00e4tzlichen interessanten Stationen am Wegesrand zu einer ausgedehnteren Wanderung motivieren. Unz\u00e4hlige Themenwege \u2013 von abenteuerlichen M\u00e4rchenwanderungen bis hin zu kniffligen Motorik- oder Themenwegen mit interessanten Details zur Geschichte, Flora und Fauna der Region- sorgen f\u00fcr gro\u00dfes Wandervergn\u00fcgen bei Familien.<\/p>\n<p>So kann man etwa beim <a href=\"http:\/\/www.baumzipfelweg.at\/\">Baumzipfelweg<\/a> in Saalbach Hinterglemm einzigartige Ausblicke in den Wipfeln der B\u00e4ume wagen, im Habachtal auf dem <a href=\"https:\/\/www.wildkogel-arena.at\/de\/sommerurlaub-wandern-lehr-themenwege-smaragdweg-habachtal\">Smaragdweg<\/a> das Geheimnis der gr\u00fcnen Edelsteine l\u00fcften, am <a href=\"https:\/\/www.salzburger-seenland.at\/post-detailansicht\/wald-wissens-weg.html\">WaldWissenWeg<\/a> in Obertrum \u00fcber das Leben der B\u00e4ume lernen, am <a href=\"http:\/\/www.taurachsoft.com\/bienen\/frames\/bi_frame.htm\" target=\"_blank\" rel=\"noopener\">Bienenlehrpfad<\/a> im Lungauer G\u00f6riach Interessantes \u00fcber die fleissigen kleinen Honigproduzenten erfahren, den <a href=\"https:\/\/www.josalzburg.com\/de\/sommer\/geisterberg\">Geisterberg<\/a> in St. Johann im Pongau erkunden oder lustigen Gestalten am <a href=\"https:\/\/www.annaberg-lungoetz.com\/de\/sommer\/wandern\/heufigurenweg.html\">Heufirgurenweg<\/a> in Annaberg begegnen.<\/p>\n<p>Bestellen Sie kostenlos die <a href=\"https:\/\/www.salzburgerland.com\/de\/shop\/salzburger-almsommer\">Almsommer-Brosch\u00fcre<\/a>. Wir haben eine Auswahl an Wandertipps, Wander- und Trekkingpauschalen f\u00fcr Sie zusammengestellt. Zudem sind die <a href=\"https:\/\/www.salzburgerland.com\/de\/ausgezeichnete-almsommerhuetten-huette-des-jahres\/\">Salzburger Almsommer-H\u00fctten<\/a> immer ein perfektes Wanderziel.<\/p>\n","protected":false},"excerpt":{"rendered":"<p>Wander-Fans wissen es l\u00e4ngst: Was kann es Sch\u00f6neres geben, als in gem\u00e4chlichem Tempo zu Fu\u00df die Berge zu erkunden? Sich dabei Zeit zu nehmen f\u00fcr die kleinen und verborgenen Sch\u00f6nheiten am Wegesrand, den Duft der W\u00e4lder und Almwiesen auf sich wirken zu lassen und vielleicht einfach auch einmal zu verweilen und inne zu halten und [&hellip;]<\/p>\n","protected":false},"author":20,"featured_media":78280,"comment_status":"closed","ping_status":"closed","sticky":false,"template":"","format":"standard","meta":{"_acf_changed":false,"wl_entities_gutenberg":"","_relevanssi_hide_post":"","_relevanssi_hide_content":"","_relevanssi_pin_for_all":"","_relevanssi_pin_keywords":"","_relevanssi_unpin_keywords":"","_relevanssi_related_keywords":"","_relevanssi_related_include_ids":"","_relevanssi_related_exclude_ids":"","_relevanssi_related_no_append":"","_relevanssi_related_not_related":"","_relevanssi_related_posts":"","_relevanssi_noindex_reason":"","footnotes":""},"categories":[1],"tags":[],"wl_entity_type":[11495],"class_list":["post-60267","post","type-post","status-publish","format-standard","has-post-thumbnail","hentry","category-allgemein","wl_entity_type-article"],"acf":[],"yoast_head":"<!-- This site is optimized with the Yoast SEO Premium plugin v26.9 (Yoast SEO v26.9) - https:\/\/yoast.com\/product\/yoast-seo-premium-wordpress\/ -->\n<title>Wandern im SalzburgerLand \u2013 hohe Dichte an M\u00f6glichkeiten<\/title>\n<meta name=\"description\" content=\"Das SalzburgerLand mit seinen vielen M\u00f6glichkeiten und gro\u00dfem Abwechslungsreichtum ist ein Wanderparadies* Wandern *durch die Berge gehen\" \/>\n<meta name=\"robots\" content=\"index, follow, max-snippet:-1, max-image-preview:large, max-video-preview:-1\" \/>\n<link rel=\"canonical\" href=\"https:\/\/www.salzburgerland.com\/de\/wp-json\/wp\/v2\/posts\/60267\" \/>\n<meta property=\"og:locale\" content=\"de_DE\" \/>\n<meta property=\"og:type\" content=\"article\" \/>\n<meta property=\"og:title\" content=\"Erlebnis-Wandern und Trekking im SalzburgerLand\" \/>\n<meta property=\"og:description\" content=\"Das SalzburgerLand mit seinen vielen M\u00f6glichkeiten und gro\u00dfem Abwechslungsreichtum ist ein Wanderparadies* Wandern *durch die Berge gehen\" \/>\n<meta property=\"og:url\" content=\"https:\/\/www.salzburgerland.com\/de\/wp-json\/wp\/v2\/posts\/60267\" \/>\n<meta property=\"og:site_name\" content=\"SalzburgerLand.com\" \/>\n<meta property=\"article:publisher\" content=\"https:\/\/www.facebook.com\/salzburgerland\/\" \/>\n<meta property=\"article:published_time\" content=\"2016-08-30T11:15:48+00:00\" \/>\n<meta property=\"article:modified_time\" content=\"2021-03-11T10:17:36+00:00\" \/>\n<meta property=\"og:image\" content=\"https:\/\/www.salzburgerland.com\/de\/wp-content\/uploads\/2016\/10\/zell-am-see-kaprun-sommer-familienwanderung-auf-den-mitterbergc-faistauer-photography_1-1200x675.jpg\" \/>\n\t<meta property=\"og:image:width\" content=\"1200\" \/>\n\t<meta property=\"og:image:height\" content=\"675\" \/>\n\t<meta property=\"og:image:type\" content=\"image\/jpeg\" \/>\n<meta name=\"author\" content=\"Peter Zeitlhofer\" \/>\n<meta name=\"twitter:card\" content=\"summary_large_image\" \/>\n<meta name=\"twitter:creator\" content=\"@Salzburgerland\" \/>\n<meta name=\"twitter:site\" content=\"@Salzburgerland\" \/>\n<meta name=\"twitter:label1\" content=\"Verfasst von\" \/>\n\t<meta name=\"twitter:data1\" content=\"Peter Zeitlhofer\" \/>\n\t<meta name=\"twitter:label2\" content=\"Gesch\u00e4tzte Lesezeit\" \/>\n\t<meta name=\"twitter:data2\" content=\"2\u00a0Minuten\" \/>\n<script type=\"application\/ld+json\" class=\"yoast-schema-graph\">{\"@context\":\"https:\/\/schema.org\",\"@graph\":[{\"@type\":\"WebPage\",\"@id\":\"https:\/\/www.salzburgerland.com\/de\/wandern-im-salzburgerland\/\",\"url\":\"https:\/\/www.salzburgerland.com\/de\/wandern-im-salzburgerland\/\",\"name\":\"Wandern im SalzburgerLand \u2013 hohe Dichte an M\u00f6glichkeiten\",\"isPartOf\":{\"@id\":\"https:\/\/www.salzburgerland.com\/de\/#website\"},\"primaryImageOfPage\":{\"@id\":\"https:\/\/www.salzburgerland.com\/de\/wandern-im-salzburgerland\/#primaryimage\"},\"image\":{\"@id\":\"https:\/\/www.salzburgerland.com\/de\/wandern-im-salzburgerland\/#primaryimage\"},\"thumbnailUrl\":\"https:\/\/www.salzburgerland.com\/de\/wp-content\/uploads\/2016\/10\/zell-am-see-kaprun-sommer-familienwanderung-auf-den-mitterbergc-faistauer-photography_1.jpg\",\"datePublished\":\"2016-08-30T11:15:48+00:00\",\"dateModified\":\"2021-03-11T10:17:36+00:00\",\"description\":\"Das SalzburgerLand mit seinen vielen M\u00f6glichkeiten und gro\u00dfem Abwechslungsreichtum ist ein Wanderparadies* Wandern *durch die Berge gehen\",\"breadcrumb\":{\"@id\":\"https:\/\/www.salzburgerland.com\/de\/wandern-im-salzburgerland\/#breadcrumb\"},\"inLanguage\":\"de\",\"potentialAction\":[{\"@type\":\"ReadAction\",\"target\":[\"https:\/\/www.salzburgerland.com\/de\/wandern-im-salzburgerland\/\"]}]},{\"@type\":\"ImageObject\",\"inLanguage\":\"de\",\"@id\":\"https:\/\/www.salzburgerland.com\/de\/wandern-im-salzburgerland\/#primaryimage\",\"url\":\"https:\/\/www.salzburgerland.com\/de\/wp-content\/uploads\/2016\/10\/zell-am-see-kaprun-sommer-familienwanderung-auf-den-mitterbergc-faistauer-photography_1.jpg\",\"contentUrl\":\"https:\/\/www.salzburgerland.com\/de\/wp-content\/uploads\/2016\/10\/zell-am-see-kaprun-sommer-familienwanderung-auf-den-mitterbergc-faistauer-photography_1.jpg\",\"width\":1920,\"height\":1280,\"caption\":\"\u00a9 Nikolaus Faistauer Photography-SalzburgerLand Tourismus - Familienwandern am Mitterberg in Zell am See.\"},{\"@type\":\"BreadcrumbList\",\"@id\":\"https:\/\/www.salzburgerland.com\/de\/wandern-im-salzburgerland\/#breadcrumb\",\"itemListElement\":[{\"@type\":\"ListItem\",\"position\":1,\"name\":\"Wandern &amp; Trekking\",\"item\":\"https:\/\/www.salzburgerland.com\/de\/wandern-trekking\/\"},{\"@type\":\"ListItem\",\"position\":2,\"name\":\"Erlebnis-Wandern und Trekking im SalzburgerLand\"}]},{\"@type\":\"WebSite\",\"@id\":\"https:\/\/www.salzburgerland.com\/de\/#website\",\"url\":\"https:\/\/www.salzburgerland.com\/de\/\",\"name\":\"SalzburgerLand.com\",\"description\":\"Ihr Urlaub in Salzburg, \u00d6sterreich\",\"publisher\":{\"@id\":\"https:\/\/www.salzburgerland.com\/de\/#organization\"},\"potentialAction\":[{\"@type\":\"SearchAction\",\"target\":{\"@type\":\"EntryPoint\",\"urlTemplate\":\"https:\/\/www.salzburgerland.com\/de\/?s={search_term_string}\"},\"query-input\":{\"@type\":\"PropertyValueSpecification\",\"valueRequired\":true,\"valueName\":\"search_term_string\"}}],\"inLanguage\":\"de\"},{\"@type\":\"Organization\",\"@id\":\"https:\/\/www.salzburgerland.com\/de\/#organization\",\"name\":\"SalzburgerLand Tourismus GmbH\",\"url\":\"https:\/\/www.salzburgerland.com\/de\/\",\"logo\":{\"@type\":\"ImageObject\",\"inLanguage\":\"de\",\"@id\":\"https:\/\/www.salzburgerland.com\/de\/#\/schema\/logo\/image\/\",\"url\":\"https:\/\/www.salzburgerland.com\/de\/wp-content\/uploads\/2017\/01\/salzburgerland-logo.jpg\",\"contentUrl\":\"https:\/\/www.salzburgerland.com\/de\/wp-content\/uploads\/2017\/01\/salzburgerland-logo.jpg\",\"width\":1920,\"height\":827,\"caption\":\"SalzburgerLand Tourismus GmbH\"},\"image\":{\"@id\":\"https:\/\/www.salzburgerland.com\/de\/#\/schema\/logo\/image\/\"},\"sameAs\":[\"https:\/\/www.facebook.com\/salzburgerland\/\",\"https:\/\/x.com\/Salzburgerland\",\"https:\/\/www.instagram.com\/salzburgerland\/\",\"http:\/\/dbpedia.org\/resource\/Salzburg_(state)\",\"http:\/\/wikidata.dbpedia.org\/resource\/Q43325\",\"http:\/\/open.salzburgerland.com\/de\/entity\/salzburgerland\",\"https:\/\/www.youtube.com\/user\/salzburgerland\"]},{\"@type\":\"Person\",\"@id\":\"https:\/\/www.salzburgerland.com\/de\/#\/schema\/person\/7038edb22e07674361dea0cdc20e326b\",\"name\":\"Peter Zeitlhofer\",\"image\":{\"@type\":\"ImageObject\",\"inLanguage\":\"de\",\"@id\":\"https:\/\/www.salzburgerland.com\/de\/#\/schema\/person\/image\/\",\"url\":\"https:\/\/secure.gravatar.com\/avatar\/b76155e60d99c9c41a494c6fbe2eb77dc32a8925e988b28e6ec3009de5322faa?s=96&d=mm&r=g\",\"contentUrl\":\"https:\/\/secure.gravatar.com\/avatar\/b76155e60d99c9c41a494c6fbe2eb77dc32a8925e988b28e6ec3009de5322faa?s=96&d=mm&r=g\",\"caption\":\"Peter Zeitlhofer\"}}]}<\/script>\n<!-- \/ Yoast SEO Premium plugin. -->","yoast_head_json":{"title":"Wandern im SalzburgerLand \u2013 hohe Dichte an M\u00f6glichkeiten","description":"Das SalzburgerLand mit seinen vielen M\u00f6glichkeiten und gro\u00dfem Abwechslungsreichtum ist ein Wanderparadies* Wandern *durch die Berge gehen","robots":{"index":"index","follow":"follow","max-snippet":"max-snippet:-1","max-image-preview":"max-image-preview:large","max-video-preview":"max-video-preview:-1"},"canonical":"https:\/\/www.salzburgerland.com\/de\/wp-json\/wp\/v2\/posts\/60267","og_locale":"de_DE","og_type":"article","og_title":"Erlebnis-Wandern und Trekking im SalzburgerLand","og_description":"Das SalzburgerLand mit seinen vielen M\u00f6glichkeiten und gro\u00dfem Abwechslungsreichtum ist ein Wanderparadies* Wandern *durch die Berge gehen","og_url":"https:\/\/www.salzburgerland.com\/de\/wp-json\/wp\/v2\/posts\/60267","og_site_name":"SalzburgerLand.com","article_publisher":"https:\/\/www.facebook.com\/salzburgerland\/","article_published_time":"2016-08-30T11:15:48+00:00","article_modified_time":"2021-03-11T10:17:36+00:00","og_image":[{"width":1200,"height":675,"url":"https:\/\/www.salzburgerland.com\/de\/wp-content\/uploads\/2016\/10\/zell-am-see-kaprun-sommer-familienwanderung-auf-den-mitterbergc-faistauer-photography_1-1200x675.jpg","type":"image\/jpeg"}],"author":"Peter Zeitlhofer","twitter_card":"summary_large_image","twitter_creator":"@Salzburgerland","twitter_site":"@Salzburgerland","twitter_misc":{"Verfasst von":"Peter Zeitlhofer","Gesch\u00e4tzte Lesezeit":"2\u00a0Minuten"},"schema":{"@context":"https:\/\/schema.org","@graph":[{"@type":"WebPage","@id":"https:\/\/www.salzburgerland.com\/de\/wandern-im-salzburgerland\/","url":"https:\/\/www.salzburgerland.com\/de\/wandern-im-salzburgerland\/","name":"Wandern im SalzburgerLand \u2013 hohe Dichte an M\u00f6glichkeiten","isPartOf":{"@id":"https:\/\/www.salzburgerland.com\/de\/#website"},"primaryImageOfPage":{"@id":"https:\/\/www.salzburgerland.com\/de\/wandern-im-salzburgerland\/#primaryimage"},"image":{"@id":"https:\/\/www.salzburgerland.com\/de\/wandern-im-salzburgerland\/#primaryimage"},"thumbnailUrl":"https:\/\/www.salzburgerland.com\/de\/wp-content\/uploads\/2016\/10\/zell-am-see-kaprun-sommer-familienwanderung-auf-den-mitterbergc-faistauer-photography_1.jpg","datePublished":"2016-08-30T11:15:48+00:00","dateModified":"2021-03-11T10:17:36+00:00","description":"Das SalzburgerLand mit seinen vielen M\u00f6glichkeiten und gro\u00dfem Abwechslungsreichtum ist ein Wanderparadies* Wandern *durch die Berge gehen","breadcrumb":{"@id":"https:\/\/www.salzburgerland.com\/de\/wandern-im-salzburgerland\/#breadcrumb"},"inLanguage":"de","potentialAction":[{"@type":"ReadAction","target":["https:\/\/www.salzburgerland.com\/de\/wandern-im-salzburgerland\/"]}]},{"@type":"ImageObject","inLanguage":"de","@id":"https:\/\/www.salzburgerland.com\/de\/wandern-im-salzburgerland\/#primaryimage","url":"https:\/\/www.salzburgerland.com\/de\/wp-content\/uploads\/2016\/10\/zell-am-see-kaprun-sommer-familienwanderung-auf-den-mitterbergc-faistauer-photography_1.jpg","contentUrl":"https:\/\/www.salzburgerland.com\/de\/wp-content\/uploads\/2016\/10\/zell-am-see-kaprun-sommer-familienwanderung-auf-den-mitterbergc-faistauer-photography_1.jpg","width":1920,"height":1280,"caption":"\u00a9 Nikolaus Faistauer Photography-SalzburgerLand Tourismus - Familienwandern am Mitterberg in Zell am See."},{"@type":"BreadcrumbList","@id":"https:\/\/www.salzburgerland.com\/de\/wandern-im-salzburgerland\/#breadcrumb","itemListElement":[{"@type":"ListItem","position":1,"name":"Wandern &amp; Trekking","item":"https:\/\/www.salzburgerland.com\/de\/wandern-trekking\/"},{"@type":"ListItem","position":2,"name":"Erlebnis-Wandern und Trekking im SalzburgerLand"}]},{"@type":"WebSite","@id":"https:\/\/www.salzburgerland.com\/de\/#website","url":"https:\/\/www.salzburgerland.com\/de\/","name":"SalzburgerLand.com","description":"Ihr Urlaub in Salzburg, \u00d6sterreich","publisher":{"@id":"https:\/\/www.salzburgerland.com\/de\/#organization"},"potentialAction":[{"@type":"SearchAction","target":{"@type":"EntryPoint","urlTemplate":"https:\/\/www.salzburgerland.com\/de\/?s={search_term_string}"},"query-input":{"@type":"PropertyValueSpecification","valueRequired":true,"valueName":"search_term_string"}}],"inLanguage":"de"},{"@type":"Organization","@id":"https:\/\/www.salzburgerland.com\/de\/#organization","name":"SalzburgerLand Tourismus GmbH","url":"https:\/\/www.salzburgerland.com\/de\/","logo":{"@type":"ImageObject","inLanguage":"de","@id":"https:\/\/www.salzburgerland.com\/de\/#\/schema\/logo\/image\/","url":"https:\/\/www.salzburgerland.com\/de\/wp-content\/uploads\/2017\/01\/salzburgerland-logo.jpg","contentUrl":"https:\/\/www.salzburgerland.com\/de\/wp-content\/uploads\/2017\/01\/salzburgerland-logo.jpg","width":1920,"height":827,"caption":"SalzburgerLand Tourismus GmbH"},"image":{"@id":"https:\/\/www.salzburgerland.com\/de\/#\/schema\/logo\/image\/"},"sameAs":["https:\/\/www.facebook.com\/salzburgerland\/","https:\/\/x.com\/Salzburgerland","https:\/\/www.instagram.com\/salzburgerland\/","http:\/\/dbpedia.org\/resource\/Salzburg_(state)","http:\/\/wikidata.dbpedia.org\/resource\/Q43325","http:\/\/open.salzburgerland.com\/de\/entity\/salzburgerland","https:\/\/www.youtube.com\/user\/salzburgerland"]},{"@type":"Person","@id":"https:\/\/www.salzburgerland.com\/de\/#\/schema\/person\/7038edb22e07674361dea0cdc20e326b","name":"Peter Zeitlhofer","image":{"@type":"ImageObject","inLanguage":"de","@id":"https:\/\/www.salzburgerland.com\/de\/#\/schema\/person\/image\/","url":"https:\/\/secure.gravatar.com\/avatar\/b76155e60d99c9c41a494c6fbe2eb77dc32a8925e988b28e6ec3009de5322faa?s=96&d=mm&r=g","contentUrl":"https:\/\/secure.gravatar.com\/avatar\/b76155e60d99c9c41a494c6fbe2eb77dc32a8925e988b28e6ec3009de5322faa?s=96&d=mm&r=g","caption":"Peter Zeitlhofer"}}]}},"_wl_alt_label":[],"wl:entity_url":"http:\/\/open.salzburgerland.com\/de\/post\/wandern__amp__trekking_im_salzburgerland","_links":{"self":[{"href":"https:\/\/www.salzburgerland.com\/de\/wp-json\/wp\/v2\/posts\/60267","targetHints":{"allow":["GET"]}}],"collection":[{"href":"https:\/\/www.salzburgerland.com\/de\/wp-json\/wp\/v2\/posts"}],"about":[{"href":"https:\/\/www.salzburgerland.com\/de\/wp-json\/wp\/v2\/types\/post"}],"author":[{"embeddable":true,"href":"https:\/\/www.salzburgerland.com\/de\/wp-json\/wp\/v2\/users\/20"}],"replies":[{"embeddable":true,"href":"https:\/\/www.salzburgerland.com\/de\/wp-json\/wp\/v2\/comments?post=60267"}],"version-history":[{"count":5,"href":"https:\/\/www.salzburgerland.com\/de\/wp-json\/wp\/v2\/posts\/60267\/revisions"}],"predecessor-version":[{"id":544377,"href":"https:\/\/www.salzburgerland.com\/de\/wp-json\/wp\/v2\/posts\/60267\/revisions\/544377"}],"wp:featuredmedia":[{"embeddable":true,"href":"https:\/\/www.salzburgerland.com\/de\/wp-json\/wp\/v2\/media\/78280"}],"wp:attachment":[{"href":"https:\/\/www.salzburgerland.com\/de\/wp-json\/wp\/v2\/media?parent=60267"}],"wp:term":[{"taxonomy":"category","embeddable":true,"href":"https:\/\/www.salzburgerland.com\/de\/wp-json\/wp\/v2\/categories?post=60267"},{"taxonomy":"post_tag","embeddable":true,"href":"https:\/\/www.salzburgerland.com\/de\/wp-json\/wp\/v2\/tags?post=60267"},{"taxonomy":"wl_entity_type","embeddable":true,"href":"https:\/\/www.salzburgerland.com\/de\/wp-json\/wp\/v2\/wl_entity_type?post=60267"}],"curies":[{"name":"wp","href":"https:\/\/api.w.org\/{rel}","templated":true}]}}