{"id":60250,"date":"2016-08-30T13:13:58","date_gmt":"2016-08-30T11:13:58","guid":{"rendered":"https:\/\/www.onebigpark.at\/de\/?p=60250"},"modified":"2025-04-16T13:59:16","modified_gmt":"2025-04-16T11:59:16","slug":"salzburgs-beruehmteste-kuenstler","status":"publish","type":"post","link":"https:\/\/www.salzburgerland.com\/de\/salzburgs-beruehmteste-kuenstler\/","title":{"rendered":"Salzburgs ber\u00fchmteste K\u00fcnstler"},"content":{"rendered":"<h2>Herbert von Karajan<\/h2>\n<p>Karajan setzte mit seinen Auff\u00fchrungen neue Standards. Sei es auf einer der vielen \u2013 und ausnahmslos erstklassigen \u2013 Schallplattenaufnahmen oder sei es vor den Gl\u00fccklichen, die ihn live erleben durften. Geboren wurde er in Salzburg und nach einem produktiven Leben starb er in seinem Haus in\u00a0Anif direkt vor den Toren der Stadt. In der Zeit dazwischen schuf er mit \u201eseinen\u201c Berliner Philharmonikern Unglaubliches und modernisierte von der Interpretation bis hin zur Technik die Klassik. Nicht zuletzt pr\u00e4gte er \u00fcber mehrere Jahrzehnte die <a href=\"https:\/\/www.salzburgerland.com\/de\/geschichte-salzburger-festspiele\/\">Salzburger Festspiele<\/a> und rief die Oster-\u00a0und die Pfingstfestspiele ins Leben. 2017 wird bei den Osterfestspielen die Walk\u00fcre von Richard Wagner in der Original-Inszenierung gezeigt \u2013 ihm und dem Jubil\u00e4um des von ihm gegr\u00fcndeten Festivals zu Ehren.<\/p>\n<h2>Joseph Mohr &amp; Franz Xaver Gruber<\/h2>\n<p>Mit einem einzigen Gedicht schuf\u00a0Joseph Mohr das ber\u00fchmteste und <a href=\"https:\/\/www.salzburgerland.com\/de\/stille-nacht-das-weltbekannte-lied\/\">beliebteste Weihnachtslied der Welt<\/a>. In Franz Xaver Gruber hatte er den Musiker gefunden, der ihn dabei unterst\u00fctzen sollte. Das Leben der beiden l\u00e4sst sich im SalzburgerLand an sieben Stationen nachvollziehen. Dabei wird deutlich, dass sie in einer schwierigen Zeit lebten und selbst ihr Weihnachtslied \u201eStille Nacht\u201c nur dem fehlenden Geld zur Orgelreparatur zu verdanken ist. Anl\u00e4sslich des Jubil\u00e4umsjahres 200 Jahre Stille Nacht im Jahr 2018 kommt diesen beiden ein besonderer Stellenwert zu.<\/p>\n<h2>Stefan Zweig<\/h2>\n<p>Der gl\u00fchende Europ\u00e4er kam 1919, also am Ende eines grausamen Krieges, nach Salzburg und sollte hier 14 Jahre lang leben. In seinem Paschinger Schl\u00f6ssl, das auch Zweig-Villa genannt wird, schrieb er einige seiner ber\u00fchmtesten B\u00fccher wie etwa \u201eDie Welt von Gestern\u201c. Sein gr\u00f6\u00dfter Verdienst war der Einsatz f\u00fcr ein geeintes Europa. Als 1934 sein Haus von den Austrofaschisten durchsucht wurde, wanderte er sofort aus. Neben der Zweig-Villa am Kapuzinerberg, die heute in Privatbesitz ist, wurde er mit dem <a href=\"https:\/\/www.salzburg.info\/de\/sehenswertes\/museen\/stefan-zweig-centre\" target=\"_blank\" rel=\"noopener\">Stefan Zweig Center am M\u00f6nchsberg<\/a> geehrt.<\/p>\n<h2>Angelika Kirchschlager<\/h2>\n<p>Als absoluter Star der aktuellen Opern-Szene hat die geb\u00fcrtige Salzburgerin, die heute in Wien lebt, mit den gr\u00f6\u00dften Namen und Orchestern der Klassikszene zusammengearbeitet. Am Mozarteum studierte sie Schlagzeug und Klavier, bevor sie zur Stimme kam. Sp\u00e4ter sollte sie selbst hier unterrichten. Seit 2003 war sie mehrmals bei den Salzburger Festspielen und den <a href=\"https:\/\/www.salzburgerland.com\/de\/osterfestspiele-salzburg\/\">Osterfestspielen<\/a> vertreten und \u00f6ffnete sich in letzter Zeit Projekten mit Konstantin Wecker oder ihrer eigenen Autobiographie. Der Salzburg-Bezug blieb immer erhalten und man darf gespannt sein, ob Kirchschlager\u00a0schon bald wieder im Gro\u00dfen Festspielhaus zu sehen sein wird.<\/p>\n<h2>Thomas Bernhard<\/h2>\n<p>Viele Salzburger verbindet eine starke Hassliebe mit der Salzachstadt und Thomas Bernhard ist so etwas wie ihr Patron. Niemand brachte seine Worte so gew\u00e4hlt und gleichzeitig unkontrollierbar zu Papier \u2013 und kehrte dennoch immer wieder zur\u00fcck. Am Wallersee, im bayrischen Traunstein, in Saalfelden und letztendlich in der Stadt Salzburg verbrachte Thomas Bernhard die ersten Jahrzehnte seines Lebens, schrieb seine Geschichten und schuf einen ganz eigenen Stil.<\/p>\n<h2>Georg Trakl<\/h2>\n<p>Die tragischste Ber\u00fchmtheit Salzburgs ist ohne Zweifel Georg Trakl. Am Waagplatz findet man mit dem Trakl-Haus heute eine Begegnungsst\u00e4tte f\u00fcr K\u00fcnstler und in der Linzergasse findet man eine Gedenktafel mit einem seiner sch\u00f6nsten Gedichte.<br>\nIn\u00a0gehobenen B\u00fcrgerschicht geboren, mit einer drogenabh\u00e4ngigen Mutter war Trakls Leben von vornherein mit Problemen beladen. Die Matura schaffte er nicht und entschied sich f\u00fcr ein Studium der Pharmazie, um selbst an Drogen zu kommen. Exzessive Wochen sollten sich mit kreativen Schaffensphasen abwechseln. Als fertiger Apotheker brachte ihn dann der Krieg an die Front, wo er die schrecklichsten Seiten des 1. Weltkriegs nicht ertragen sollte. Seine Erfahrungen verarbeitete er, der schon lange unter starken Depressionen gelitten hatte, in Gedichten, die ihn um vieles \u00fcberdauern sollten. Nach einem gescheiterten Selbstmordversuch beendete er sein Leben in einem Krakauer Krankenhaus durch eine \u00dcberdosis Kokain.<\/p>\n","protected":false},"excerpt":{"rendered":"<p>Herbert von Karajan Karajan setzte mit seinen Auff\u00fchrungen neue Standards. Sei es auf einer der vielen \u2013 und ausnahmslos erstklassigen \u2013 Schallplattenaufnahmen oder sei es vor den Gl\u00fccklichen, die ihn live erleben durften. Geboren wurde er in Salzburg und nach einem produktiven Leben starb er in seinem Haus in\u00a0Anif direkt vor den Toren der Stadt. [&hellip;]<\/p>\n","protected":false},"author":16,"featured_media":677243,"comment_status":"closed","ping_status":"closed","sticky":false,"template":"","format":"standard","meta":{"_acf_changed":false,"wl_entities_gutenberg":"","_relevanssi_hide_post":"","_relevanssi_hide_content":"","_relevanssi_pin_for_all":"","_relevanssi_pin_keywords":"","_relevanssi_unpin_keywords":"","_relevanssi_related_keywords":"","_relevanssi_related_include_ids":"","_relevanssi_related_exclude_ids":"","_relevanssi_related_no_append":"","_relevanssi_related_not_related":"","_relevanssi_related_posts":"","_relevanssi_noindex_reason":"","footnotes":""},"categories":[1],"tags":[],"wl_entity_type":[11495],"class_list":["post-60250","post","type-post","status-publish","format-standard","has-post-thumbnail","hentry","category-allgemein","wl_entity_type-article"],"acf":[],"yoast_head":"<!-- This site is optimized with the Yoast SEO Premium plugin v26.9 (Yoast SEO v26.9) - https:\/\/yoast.com\/product\/yoast-seo-premium-wordpress\/ -->\n<title>Ber\u00fchmte Musiker und K\u00fcnstler aus Salzburg<\/title>\n<meta name=\"description\" content=\"Viele namhafte Musiker, Dichter und K\u00fcnstler hat Salzburg hervorgebracht. Von Mozart \u00fcber Karajan bis hin zu gro\u00dfen Literaten.\" \/>\n<meta name=\"robots\" content=\"index, follow, max-snippet:-1, max-image-preview:large, max-video-preview:-1\" \/>\n<link rel=\"canonical\" href=\"https:\/\/www.salzburgerland.com\/de\/wp-json\/wp\/v2\/posts\/60250\" \/>\n<meta property=\"og:locale\" content=\"de_DE\" \/>\n<meta property=\"og:type\" content=\"article\" \/>\n<meta property=\"og:title\" content=\"Salzburgs ber\u00fchmteste K\u00fcnstler\" \/>\n<meta property=\"og:description\" content=\"Viele namhafte Musiker, Dichter und K\u00fcnstler hat Salzburg hervorgebracht. Von Mozart \u00fcber Karajan bis hin zu gro\u00dfen Literaten.\" \/>\n<meta property=\"og:url\" content=\"https:\/\/www.salzburgerland.com\/de\/wp-json\/wp\/v2\/posts\/60250\" \/>\n<meta property=\"og:site_name\" content=\"SalzburgerLand.com\" \/>\n<meta property=\"article:publisher\" content=\"https:\/\/www.facebook.com\/salzburgerland\/\" \/>\n<meta property=\"article:published_time\" content=\"2016-08-30T11:13:58+00:00\" \/>\n<meta property=\"article:modified_time\" content=\"2025-04-16T11:59:16+00:00\" \/>\n<meta property=\"og:image\" content=\"https:\/\/www.salzburgerland.com\/de\/wp-content\/uploads\/2016\/08\/tvb_25-nov_geburtstag-von-franz-xaver-gruber.jpg\" \/>\n\t<meta property=\"og:image:width\" content=\"886\" \/>\n\t<meta property=\"og:image:height\" content=\"591\" \/>\n\t<meta property=\"og:image:type\" content=\"image\/jpeg\" \/>\n<meta name=\"author\" content=\"Michael Schmuck\" \/>\n<meta name=\"twitter:card\" content=\"summary_large_image\" \/>\n<meta name=\"twitter:creator\" content=\"@Salzburgerland\" \/>\n<meta name=\"twitter:site\" content=\"@Salzburgerland\" \/>\n<meta name=\"twitter:label1\" content=\"Verfasst von\" \/>\n\t<meta name=\"twitter:data1\" content=\"Michael Schmuck\" \/>\n\t<meta name=\"twitter:label2\" content=\"Gesch\u00e4tzte Lesezeit\" \/>\n\t<meta name=\"twitter:data2\" content=\"4\u00a0Minuten\" \/>\n<script type=\"application\/ld+json\" class=\"yoast-schema-graph\">{\"@context\":\"https:\/\/schema.org\",\"@graph\":[{\"@type\":\"WebPage\",\"@id\":\"https:\/\/www.salzburgerland.com\/de\/salzburgs-beruehmteste-kuenstler\/\",\"url\":\"https:\/\/www.salzburgerland.com\/de\/salzburgs-beruehmteste-kuenstler\/\",\"name\":\"Ber\u00fchmte Musiker und K\u00fcnstler aus Salzburg\",\"isPartOf\":{\"@id\":\"https:\/\/www.salzburgerland.com\/de\/#website\"},\"primaryImageOfPage\":{\"@id\":\"https:\/\/www.salzburgerland.com\/de\/salzburgs-beruehmteste-kuenstler\/#primaryimage\"},\"image\":{\"@id\":\"https:\/\/www.salzburgerland.com\/de\/salzburgs-beruehmteste-kuenstler\/#primaryimage\"},\"thumbnailUrl\":\"https:\/\/www.salzburgerland.com\/de\/wp-content\/uploads\/2016\/08\/tvb_25-nov_geburtstag-von-franz-xaver-gruber.jpg\",\"datePublished\":\"2016-08-30T11:13:58+00:00\",\"dateModified\":\"2025-04-16T11:59:16+00:00\",\"description\":\"Viele namhafte Musiker, Dichter und K\u00fcnstler hat Salzburg hervorgebracht. Von Mozart \u00fcber Karajan bis hin zu gro\u00dfen Literaten.\",\"breadcrumb\":{\"@id\":\"https:\/\/www.salzburgerland.com\/de\/salzburgs-beruehmteste-kuenstler\/#breadcrumb\"},\"inLanguage\":\"de\",\"potentialAction\":[{\"@type\":\"ReadAction\",\"target\":[\"https:\/\/www.salzburgerland.com\/de\/salzburgs-beruehmteste-kuenstler\/\"]}]},{\"@type\":\"ImageObject\",\"inLanguage\":\"de\",\"@id\":\"https:\/\/www.salzburgerland.com\/de\/salzburgs-beruehmteste-kuenstler\/#primaryimage\",\"url\":\"https:\/\/www.salzburgerland.com\/de\/wp-content\/uploads\/2016\/08\/tvb_25-nov_geburtstag-von-franz-xaver-gruber.jpg\",\"contentUrl\":\"https:\/\/www.salzburgerland.com\/de\/wp-content\/uploads\/2016\/08\/tvb_25-nov_geburtstag-von-franz-xaver-gruber.jpg\",\"width\":886,\"height\":591,\"caption\":\"Salzburgs ber\u00fchmte Musiker Gruber und Gitarre - Hallein, Geburtstag von Franz Xaver Gruber, (c) Coen Kossmann Fotografie\"},{\"@type\":\"BreadcrumbList\",\"@id\":\"https:\/\/www.salzburgerland.com\/de\/salzburgs-beruehmteste-kuenstler\/#breadcrumb\",\"itemListElement\":[{\"@type\":\"ListItem\",\"position\":1,\"name\":\"Kunst und Kultur\",\"item\":\"https:\/\/www.salzburgerland.com\/de\/kunst-und-kultur\/\"},{\"@type\":\"ListItem\",\"position\":2,\"name\":\"Salzburgs ber\u00fchmteste K\u00fcnstler\"}]},{\"@type\":\"WebSite\",\"@id\":\"https:\/\/www.salzburgerland.com\/de\/#website\",\"url\":\"https:\/\/www.salzburgerland.com\/de\/\",\"name\":\"SalzburgerLand.com\",\"description\":\"Ihr Urlaub in Salzburg, \u00d6sterreich\",\"publisher\":{\"@id\":\"https:\/\/www.salzburgerland.com\/de\/#organization\"},\"potentialAction\":[{\"@type\":\"SearchAction\",\"target\":{\"@type\":\"EntryPoint\",\"urlTemplate\":\"https:\/\/www.salzburgerland.com\/de\/?s={search_term_string}\"},\"query-input\":{\"@type\":\"PropertyValueSpecification\",\"valueRequired\":true,\"valueName\":\"search_term_string\"}}],\"inLanguage\":\"de\"},{\"@type\":\"Organization\",\"@id\":\"https:\/\/www.salzburgerland.com\/de\/#organization\",\"name\":\"SalzburgerLand Tourismus GmbH\",\"url\":\"https:\/\/www.salzburgerland.com\/de\/\",\"logo\":{\"@type\":\"ImageObject\",\"inLanguage\":\"de\",\"@id\":\"https:\/\/www.salzburgerland.com\/de\/#\/schema\/logo\/image\/\",\"url\":\"https:\/\/www.salzburgerland.com\/de\/wp-content\/uploads\/2017\/01\/salzburgerland-logo.jpg\",\"contentUrl\":\"https:\/\/www.salzburgerland.com\/de\/wp-content\/uploads\/2017\/01\/salzburgerland-logo.jpg\",\"width\":1920,\"height\":827,\"caption\":\"SalzburgerLand Tourismus GmbH\"},\"image\":{\"@id\":\"https:\/\/www.salzburgerland.com\/de\/#\/schema\/logo\/image\/\"},\"sameAs\":[\"https:\/\/www.facebook.com\/salzburgerland\/\",\"https:\/\/x.com\/Salzburgerland\",\"https:\/\/www.instagram.com\/salzburgerland\/\",\"http:\/\/dbpedia.org\/resource\/Salzburg_(state)\",\"http:\/\/wikidata.dbpedia.org\/resource\/Q43325\",\"http:\/\/open.salzburgerland.com\/de\/entity\/salzburgerland\",\"https:\/\/www.youtube.com\/user\/salzburgerland\"]},{\"@type\":\"Person\",\"@id\":\"https:\/\/www.salzburgerland.com\/de\/#\/schema\/person\/a872a3566b5ef414265e74ee709dff17\",\"name\":\"Michael Schmuck\",\"image\":{\"@type\":\"ImageObject\",\"inLanguage\":\"de\",\"@id\":\"https:\/\/www.salzburgerland.com\/de\/#\/schema\/person\/image\/\",\"url\":\"https:\/\/secure.gravatar.com\/avatar\/467abb9ff1229207f2510ec92856c4017e72c6ea446c65e62b83d59faf96e085?s=96&d=mm&r=g\",\"contentUrl\":\"https:\/\/secure.gravatar.com\/avatar\/467abb9ff1229207f2510ec92856c4017e72c6ea446c65e62b83d59faf96e085?s=96&d=mm&r=g\",\"caption\":\"Michael Schmuck\"}}]}<\/script>\n<!-- \/ Yoast SEO Premium plugin. -->","yoast_head_json":{"title":"Ber\u00fchmte Musiker und K\u00fcnstler aus Salzburg","description":"Viele namhafte Musiker, Dichter und K\u00fcnstler hat Salzburg hervorgebracht. Von Mozart \u00fcber Karajan bis hin zu gro\u00dfen Literaten.","robots":{"index":"index","follow":"follow","max-snippet":"max-snippet:-1","max-image-preview":"max-image-preview:large","max-video-preview":"max-video-preview:-1"},"canonical":"https:\/\/www.salzburgerland.com\/de\/wp-json\/wp\/v2\/posts\/60250","og_locale":"de_DE","og_type":"article","og_title":"Salzburgs ber\u00fchmteste K\u00fcnstler","og_description":"Viele namhafte Musiker, Dichter und K\u00fcnstler hat Salzburg hervorgebracht. Von Mozart \u00fcber Karajan bis hin zu gro\u00dfen Literaten.","og_url":"https:\/\/www.salzburgerland.com\/de\/wp-json\/wp\/v2\/posts\/60250","og_site_name":"SalzburgerLand.com","article_publisher":"https:\/\/www.facebook.com\/salzburgerland\/","article_published_time":"2016-08-30T11:13:58+00:00","article_modified_time":"2025-04-16T11:59:16+00:00","og_image":[{"url":"https:\/\/www.salzburgerland.com\/de\/wp-content\/uploads\/2016\/08\/tvb_25-nov_geburtstag-von-franz-xaver-gruber.jpg","width":886,"height":591,"type":"image\/jpeg"}],"author":"Michael Schmuck","twitter_card":"summary_large_image","twitter_creator":"@Salzburgerland","twitter_site":"@Salzburgerland","twitter_misc":{"Verfasst von":"Michael Schmuck","Gesch\u00e4tzte Lesezeit":"4\u00a0Minuten"},"schema":{"@context":"https:\/\/schema.org","@graph":[{"@type":"WebPage","@id":"https:\/\/www.salzburgerland.com\/de\/salzburgs-beruehmteste-kuenstler\/","url":"https:\/\/www.salzburgerland.com\/de\/salzburgs-beruehmteste-kuenstler\/","name":"Ber\u00fchmte Musiker und K\u00fcnstler aus Salzburg","isPartOf":{"@id":"https:\/\/www.salzburgerland.com\/de\/#website"},"primaryImageOfPage":{"@id":"https:\/\/www.salzburgerland.com\/de\/salzburgs-beruehmteste-kuenstler\/#primaryimage"},"image":{"@id":"https:\/\/www.salzburgerland.com\/de\/salzburgs-beruehmteste-kuenstler\/#primaryimage"},"thumbnailUrl":"https:\/\/www.salzburgerland.com\/de\/wp-content\/uploads\/2016\/08\/tvb_25-nov_geburtstag-von-franz-xaver-gruber.jpg","datePublished":"2016-08-30T11:13:58+00:00","dateModified":"2025-04-16T11:59:16+00:00","description":"Viele namhafte Musiker, Dichter und K\u00fcnstler hat Salzburg hervorgebracht. Von Mozart \u00fcber Karajan bis hin zu gro\u00dfen Literaten.","breadcrumb":{"@id":"https:\/\/www.salzburgerland.com\/de\/salzburgs-beruehmteste-kuenstler\/#breadcrumb"},"inLanguage":"de","potentialAction":[{"@type":"ReadAction","target":["https:\/\/www.salzburgerland.com\/de\/salzburgs-beruehmteste-kuenstler\/"]}]},{"@type":"ImageObject","inLanguage":"de","@id":"https:\/\/www.salzburgerland.com\/de\/salzburgs-beruehmteste-kuenstler\/#primaryimage","url":"https:\/\/www.salzburgerland.com\/de\/wp-content\/uploads\/2016\/08\/tvb_25-nov_geburtstag-von-franz-xaver-gruber.jpg","contentUrl":"https:\/\/www.salzburgerland.com\/de\/wp-content\/uploads\/2016\/08\/tvb_25-nov_geburtstag-von-franz-xaver-gruber.jpg","width":886,"height":591,"caption":"Salzburgs ber\u00fchmte Musiker Gruber und Gitarre - Hallein, Geburtstag von Franz Xaver Gruber, (c) Coen Kossmann Fotografie"},{"@type":"BreadcrumbList","@id":"https:\/\/www.salzburgerland.com\/de\/salzburgs-beruehmteste-kuenstler\/#breadcrumb","itemListElement":[{"@type":"ListItem","position":1,"name":"Kunst und Kultur","item":"https:\/\/www.salzburgerland.com\/de\/kunst-und-kultur\/"},{"@type":"ListItem","position":2,"name":"Salzburgs ber\u00fchmteste K\u00fcnstler"}]},{"@type":"WebSite","@id":"https:\/\/www.salzburgerland.com\/de\/#website","url":"https:\/\/www.salzburgerland.com\/de\/","name":"SalzburgerLand.com","description":"Ihr Urlaub in Salzburg, \u00d6sterreich","publisher":{"@id":"https:\/\/www.salzburgerland.com\/de\/#organization"},"potentialAction":[{"@type":"SearchAction","target":{"@type":"EntryPoint","urlTemplate":"https:\/\/www.salzburgerland.com\/de\/?s={search_term_string}"},"query-input":{"@type":"PropertyValueSpecification","valueRequired":true,"valueName":"search_term_string"}}],"inLanguage":"de"},{"@type":"Organization","@id":"https:\/\/www.salzburgerland.com\/de\/#organization","name":"SalzburgerLand Tourismus GmbH","url":"https:\/\/www.salzburgerland.com\/de\/","logo":{"@type":"ImageObject","inLanguage":"de","@id":"https:\/\/www.salzburgerland.com\/de\/#\/schema\/logo\/image\/","url":"https:\/\/www.salzburgerland.com\/de\/wp-content\/uploads\/2017\/01\/salzburgerland-logo.jpg","contentUrl":"https:\/\/www.salzburgerland.com\/de\/wp-content\/uploads\/2017\/01\/salzburgerland-logo.jpg","width":1920,"height":827,"caption":"SalzburgerLand Tourismus GmbH"},"image":{"@id":"https:\/\/www.salzburgerland.com\/de\/#\/schema\/logo\/image\/"},"sameAs":["https:\/\/www.facebook.com\/salzburgerland\/","https:\/\/x.com\/Salzburgerland","https:\/\/www.instagram.com\/salzburgerland\/","http:\/\/dbpedia.org\/resource\/Salzburg_(state)","http:\/\/wikidata.dbpedia.org\/resource\/Q43325","http:\/\/open.salzburgerland.com\/de\/entity\/salzburgerland","https:\/\/www.youtube.com\/user\/salzburgerland"]},{"@type":"Person","@id":"https:\/\/www.salzburgerland.com\/de\/#\/schema\/person\/a872a3566b5ef414265e74ee709dff17","name":"Michael Schmuck","image":{"@type":"ImageObject","inLanguage":"de","@id":"https:\/\/www.salzburgerland.com\/de\/#\/schema\/person\/image\/","url":"https:\/\/secure.gravatar.com\/avatar\/467abb9ff1229207f2510ec92856c4017e72c6ea446c65e62b83d59faf96e085?s=96&d=mm&r=g","contentUrl":"https:\/\/secure.gravatar.com\/avatar\/467abb9ff1229207f2510ec92856c4017e72c6ea446c65e62b83d59faf96e085?s=96&d=mm&r=g","caption":"Michael Schmuck"}}]}},"_wl_alt_label":[],"wl:entity_url":"http:\/\/open.salzburgerland.com\/de\/post\/salzburgs_beruehmteste_kuenstler","_links":{"self":[{"href":"https:\/\/www.salzburgerland.com\/de\/wp-json\/wp\/v2\/posts\/60250","targetHints":{"allow":["GET"]}}],"collection":[{"href":"https:\/\/www.salzburgerland.com\/de\/wp-json\/wp\/v2\/posts"}],"about":[{"href":"https:\/\/www.salzburgerland.com\/de\/wp-json\/wp\/v2\/types\/post"}],"author":[{"embeddable":true,"href":"https:\/\/www.salzburgerland.com\/de\/wp-json\/wp\/v2\/users\/16"}],"replies":[{"embeddable":true,"href":"https:\/\/www.salzburgerland.com\/de\/wp-json\/wp\/v2\/comments?post=60250"}],"version-history":[{"count":3,"href":"https:\/\/www.salzburgerland.com\/de\/wp-json\/wp\/v2\/posts\/60250\/revisions"}],"predecessor-version":[{"id":658506,"href":"https:\/\/www.salzburgerland.com\/de\/wp-json\/wp\/v2\/posts\/60250\/revisions\/658506"}],"wp:featuredmedia":[{"embeddable":true,"href":"https:\/\/www.salzburgerland.com\/de\/wp-json\/wp\/v2\/media\/677243"}],"wp:attachment":[{"href":"https:\/\/www.salzburgerland.com\/de\/wp-json\/wp\/v2\/media?parent=60250"}],"wp:term":[{"taxonomy":"category","embeddable":true,"href":"https:\/\/www.salzburgerland.com\/de\/wp-json\/wp\/v2\/categories?post=60250"},{"taxonomy":"post_tag","embeddable":true,"href":"https:\/\/www.salzburgerland.com\/de\/wp-json\/wp\/v2\/tags?post=60250"},{"taxonomy":"wl_entity_type","embeddable":true,"href":"https:\/\/www.salzburgerland.com\/de\/wp-json\/wp\/v2\/wl_entity_type?post=60250"}],"curies":[{"name":"wp","href":"https:\/\/api.w.org\/{rel}","templated":true}]}}