{"id":60111,"date":"2016-08-30T12:28:51","date_gmt":"2016-08-30T10:28:51","guid":{"rendered":"https:\/\/www.onebigpark.at\/de\/?p=60111"},"modified":"2026-04-07T11:31:17","modified_gmt":"2026-04-07T09:31:17","slug":"selbstversorgerhuetten","status":"publish","type":"post","link":"https:\/\/www.salzburgerland.com\/de\/selbstversorgerhuetten\/","title":{"rendered":"Selbstversorgerh\u00fctten"},"content":{"rendered":"<p><span style=\"font-weight: 400;\">Holzhacken geh\u00f6rt hier mit zum Morgensport, um im Holzofen ein w\u00e4rmendes Feuer zu entfachen. <\/span><b>Abgeschiedenheit und Stille lassen hoch \u00fcber dem Tal den Geist besonders gut zur Ruhe kommen.<\/b><span style=\"font-weight: 400;\"> Und die Aktivit\u00e4ten wie Biken und Bergsteigen im Sommer oder Skitourengehen und Schneeschuhwandern im Winter starten direkt vor der eigenen H\u00fcttent\u00fcr. Den Proviant f\u00fcr den Aufenthalt hat man selbst mit auf den Berg gebracht. Die grandiose Aussicht ersetzt WLAN und Internet \u2013 verbunden ist man daf\u00fcr mit den Schwingungen der Natur. Gekocht wird nach Lust und Laune dann, wenn man Hunger versp\u00fcrt und vielleicht erg\u00e4nzen frisch gesammelte Beeren, Kr\u00e4uter und Pilze den Speisezettel. In der Einfachheit entdeckt man die wohltuende Langsamkeit und Zufriedenheit. Die Uhren scheinen hier oben am Berg nicht ganz so schnell zu ticken und der Tagesablauf passt sich dem Stand der Sonne an.<\/span><\/p>\n<h2>F\u00fcnf Gr\u00fcnde f\u00fcr einen Urlaub in Selbstversorgerh\u00fctten<\/h2>\n<ol>\n<li><span style=\"font-weight: 400;\">Man sch\u00e4tzt das Alleinsein und die Abgeschiedenheit.<\/span><\/li>\n<li><span style=\"font-weight: 400;\"> Seinen Tagesablauf auf der H\u00fctte gestaltet man am liebsten selbstbestimmt.<\/span><\/li>\n<li><span style=\"font-weight: 400;\">Die\u00a0Zeit ohne WLAN und Internet sind ein Gewinn an Lebenszeit.<\/span><\/li>\n<li><span style=\"font-weight: 400;\"> Man ist umgeben von Natur und Stille.<\/span><\/li>\n<li><span style=\"font-weight: 400;\"><span style=\"font-weight: 400;\">Der morgendliche Start aus\u00a0der Poleposition f\u00fcr Aktivit\u00e4ten am Berg.<\/span><\/span><\/li>\n<\/ol>\n<h2>H\u00fcttenurlaub im SalzburgerLand<\/h2>\n<h3>Die\u00a0<a href=\"https:\/\/www.salzburgerland.com\/de\/selbstversorgerhuetten-im-salzburgerland-liste\/pois\" target=\"_blank\" rel=\"noopener noreferrer\">SalzburgerLand Selbstversorgerh\u00fctten<\/a> im \u00dcberblick<\/h3>\n","protected":false},"excerpt":{"rendered":"<p>Holzhacken geh\u00f6rt hier mit zum Morgensport, um im Holzofen ein w\u00e4rmendes Feuer zu entfachen. Abgeschiedenheit und Stille lassen hoch \u00fcber dem Tal den Geist besonders gut zur Ruhe kommen. Und die Aktivit\u00e4ten wie Biken und Bergsteigen im Sommer oder Skitourengehen und Schneeschuhwandern im Winter starten direkt vor der eigenen H\u00fcttent\u00fcr. Den Proviant f\u00fcr den Aufenthalt [&hellip;]<\/p>\n","protected":false},"author":19,"featured_media":681973,"comment_status":"closed","ping_status":"closed","sticky":false,"template":"","format":"standard","meta":{"_acf_changed":false,"wl_entities_gutenberg":"","_relevanssi_hide_post":"","_relevanssi_hide_content":"","_relevanssi_pin_for_all":"","_relevanssi_pin_keywords":"","_relevanssi_unpin_keywords":"","_relevanssi_related_keywords":"","_relevanssi_related_include_ids":"","_relevanssi_related_exclude_ids":"","_relevanssi_related_no_append":"","_relevanssi_related_not_related":"","_relevanssi_related_posts":"","_relevanssi_noindex_reason":"","footnotes":""},"categories":[1],"tags":[],"wl_entity_type":[11495],"class_list":["post-60111","post","type-post","status-publish","format-standard","has-post-thumbnail","hentry","category-allgemein","wl_entity_type-article"],"acf":[],"yoast_head":"<!-- This site is optimized with the Yoast SEO Premium plugin v26.9 (Yoast SEO v26.9) - https:\/\/yoast.com\/product\/yoast-seo-premium-wordpress\/ -->\n<title>Selbstversorgerh\u00fctten: Bergurlaub im SalzburgerLand<\/title>\n<meta name=\"description\" content=\"Wer auf Selbstversorgerh\u00fctten im SalzburgerLand urlaubt, ist selbstbestimmter Einsiedler auf Zeit mit grenzenloser Freiheit.\" \/>\n<meta name=\"robots\" content=\"index, follow, max-snippet:-1, max-image-preview:large, max-video-preview:-1\" \/>\n<link rel=\"canonical\" href=\"https:\/\/www.salzburgerland.com\/de\/wp-json\/wp\/v2\/posts\/60111\" \/>\n<meta property=\"og:locale\" content=\"de_DE\" \/>\n<meta property=\"og:type\" content=\"article\" \/>\n<meta property=\"og:title\" content=\"Selbstversorgerh\u00fctten\" \/>\n<meta property=\"og:description\" content=\"Wer auf Selbstversorgerh\u00fctten im SalzburgerLand urlaubt, ist selbstbestimmter Einsiedler auf Zeit mit grenzenloser Freiheit.\" \/>\n<meta property=\"og:url\" content=\"https:\/\/www.salzburgerland.com\/de\/wp-json\/wp\/v2\/posts\/60111\" \/>\n<meta property=\"og:site_name\" content=\"SalzburgerLand.com\" \/>\n<meta property=\"article:publisher\" content=\"https:\/\/www.facebook.com\/salzburgerland\/\" \/>\n<meta property=\"article:published_time\" content=\"2016-08-30T10:28:51+00:00\" \/>\n<meta property=\"article:modified_time\" content=\"2026-04-07T09:31:17+00:00\" \/>\n<meta property=\"og:image\" content=\"https:\/\/www.salzburgerland.com\/de\/wp-content\/uploads\/2016\/08\/rs326__n4g1375_huette-1-1200x675.jpg\" \/>\n\t<meta property=\"og:image:width\" content=\"1200\" \/>\n\t<meta property=\"og:image:height\" content=\"675\" \/>\n\t<meta property=\"og:image:type\" content=\"image\/jpeg\" \/>\n<meta name=\"author\" content=\"Edith Danzer\" \/>\n<meta name=\"twitter:card\" content=\"summary_large_image\" \/>\n<meta name=\"twitter:creator\" content=\"@Salzburgerland\" \/>\n<meta name=\"twitter:site\" content=\"@Salzburgerland\" \/>\n<meta name=\"twitter:label1\" content=\"Verfasst von\" \/>\n\t<meta name=\"twitter:data1\" content=\"Edith Danzer\" \/>\n\t<meta name=\"twitter:label2\" content=\"Gesch\u00e4tzte Lesezeit\" \/>\n\t<meta name=\"twitter:data2\" content=\"3\u00a0Minuten\" \/>\n<script type=\"application\/ld+json\" class=\"yoast-schema-graph\">{\"@context\":\"https:\/\/schema.org\",\"@graph\":[{\"@type\":\"WebPage\",\"@id\":\"https:\/\/www.salzburgerland.com\/de\/selbstversorgerhuetten\/\",\"url\":\"https:\/\/www.salzburgerland.com\/de\/selbstversorgerhuetten\/\",\"name\":\"Selbstversorgerh\u00fctten: Bergurlaub im SalzburgerLand\",\"isPartOf\":{\"@id\":\"https:\/\/www.salzburgerland.com\/de\/#website\"},\"primaryImageOfPage\":{\"@id\":\"https:\/\/www.salzburgerland.com\/de\/selbstversorgerhuetten\/#primaryimage\"},\"image\":{\"@id\":\"https:\/\/www.salzburgerland.com\/de\/selbstversorgerhuetten\/#primaryimage\"},\"thumbnailUrl\":\"https:\/\/www.salzburgerland.com\/de\/wp-content\/uploads\/2016\/08\/rs326__n4g1375_huette-1.jpg\",\"datePublished\":\"2016-08-30T10:28:51+00:00\",\"dateModified\":\"2026-04-07T09:31:17+00:00\",\"description\":\"Wer auf Selbstversorgerh\u00fctten im SalzburgerLand urlaubt, ist selbstbestimmter Einsiedler auf Zeit mit grenzenloser Freiheit.\",\"breadcrumb\":{\"@id\":\"https:\/\/www.salzburgerland.com\/de\/selbstversorgerhuetten\/#breadcrumb\"},\"inLanguage\":\"de\",\"potentialAction\":[{\"@type\":\"ReadAction\",\"target\":[\"https:\/\/www.salzburgerland.com\/de\/selbstversorgerhuetten\/\"]}]},{\"@type\":\"ImageObject\",\"inLanguage\":\"de\",\"@id\":\"https:\/\/www.salzburgerland.com\/de\/selbstversorgerhuetten\/#primaryimage\",\"url\":\"https:\/\/www.salzburgerland.com\/de\/wp-content\/uploads\/2016\/08\/rs326__n4g1375_huette-1.jpg\",\"contentUrl\":\"https:\/\/www.salzburgerland.com\/de\/wp-content\/uploads\/2016\/08\/rs326__n4g1375_huette-1.jpg\",\"width\":2560,\"height\":2153,\"caption\":\"\u00a9 SalzburgerLand Tourismus, ideenwerk werbeagentur gmbh, P\u00e4rchen vor Almh\u00fctte - Almsommer Hauptsujet 2012\"},{\"@type\":\"BreadcrumbList\",\"@id\":\"https:\/\/www.salzburgerland.com\/de\/selbstversorgerhuetten\/#breadcrumb\",\"itemListElement\":[{\"@type\":\"ListItem\",\"position\":1,\"name\":\"H\u00fcttenurlaub\",\"item\":\"https:\/\/www.salzburgerland.com\/de\/huettenurlaub\/\"},{\"@type\":\"ListItem\",\"position\":2,\"name\":\"Selbstversorgerh\u00fctten\"}]},{\"@type\":\"WebSite\",\"@id\":\"https:\/\/www.salzburgerland.com\/de\/#website\",\"url\":\"https:\/\/www.salzburgerland.com\/de\/\",\"name\":\"SalzburgerLand.com\",\"description\":\"Ihr Urlaub in Salzburg, \u00d6sterreich\",\"publisher\":{\"@id\":\"https:\/\/www.salzburgerland.com\/de\/#organization\"},\"potentialAction\":[{\"@type\":\"SearchAction\",\"target\":{\"@type\":\"EntryPoint\",\"urlTemplate\":\"https:\/\/www.salzburgerland.com\/de\/?s={search_term_string}\"},\"query-input\":{\"@type\":\"PropertyValueSpecification\",\"valueRequired\":true,\"valueName\":\"search_term_string\"}}],\"inLanguage\":\"de\"},{\"@type\":\"Organization\",\"@id\":\"https:\/\/www.salzburgerland.com\/de\/#organization\",\"name\":\"SalzburgerLand Tourismus GmbH\",\"url\":\"https:\/\/www.salzburgerland.com\/de\/\",\"logo\":{\"@type\":\"ImageObject\",\"inLanguage\":\"de\",\"@id\":\"https:\/\/www.salzburgerland.com\/de\/#\/schema\/logo\/image\/\",\"url\":\"https:\/\/www.salzburgerland.com\/de\/wp-content\/uploads\/2017\/01\/salzburgerland-logo.jpg\",\"contentUrl\":\"https:\/\/www.salzburgerland.com\/de\/wp-content\/uploads\/2017\/01\/salzburgerland-logo.jpg\",\"width\":1920,\"height\":827,\"caption\":\"SalzburgerLand Tourismus GmbH\"},\"image\":{\"@id\":\"https:\/\/www.salzburgerland.com\/de\/#\/schema\/logo\/image\/\"},\"sameAs\":[\"https:\/\/www.facebook.com\/salzburgerland\/\",\"https:\/\/x.com\/Salzburgerland\",\"https:\/\/www.instagram.com\/salzburgerland\/\",\"http:\/\/dbpedia.org\/resource\/Salzburg_(state)\",\"http:\/\/wikidata.dbpedia.org\/resource\/Q43325\",\"http:\/\/open.salzburgerland.com\/de\/entity\/salzburgerland\",\"https:\/\/www.youtube.com\/user\/salzburgerland\"]},{\"@type\":\"Person\",\"@id\":\"https:\/\/www.salzburgerland.com\/de\/#\/schema\/person\/ca054217aa8036e6c8845e82eca0d9e9\",\"name\":\"Edith Danzer\",\"image\":{\"@type\":\"ImageObject\",\"inLanguage\":\"de\",\"@id\":\"https:\/\/www.salzburgerland.com\/de\/#\/schema\/person\/image\/\",\"url\":\"https:\/\/secure.gravatar.com\/avatar\/e7c744dec57c71e252f5439ca48245592f78eb791acd9405ac752ca9e313c1ef?s=96&d=mm&r=g\",\"contentUrl\":\"https:\/\/secure.gravatar.com\/avatar\/e7c744dec57c71e252f5439ca48245592f78eb791acd9405ac752ca9e313c1ef?s=96&d=mm&r=g\",\"caption\":\"Edith Danzer\"}}]}<\/script>\n<!-- \/ Yoast SEO Premium plugin. -->","yoast_head_json":{"title":"Selbstversorgerh\u00fctten: Bergurlaub im SalzburgerLand","description":"Wer auf Selbstversorgerh\u00fctten im SalzburgerLand urlaubt, ist selbstbestimmter Einsiedler auf Zeit mit grenzenloser Freiheit.","robots":{"index":"index","follow":"follow","max-snippet":"max-snippet:-1","max-image-preview":"max-image-preview:large","max-video-preview":"max-video-preview:-1"},"canonical":"https:\/\/www.salzburgerland.com\/de\/wp-json\/wp\/v2\/posts\/60111","og_locale":"de_DE","og_type":"article","og_title":"Selbstversorgerh\u00fctten","og_description":"Wer auf Selbstversorgerh\u00fctten im SalzburgerLand urlaubt, ist selbstbestimmter Einsiedler auf Zeit mit grenzenloser Freiheit.","og_url":"https:\/\/www.salzburgerland.com\/de\/wp-json\/wp\/v2\/posts\/60111","og_site_name":"SalzburgerLand.com","article_publisher":"https:\/\/www.facebook.com\/salzburgerland\/","article_published_time":"2016-08-30T10:28:51+00:00","article_modified_time":"2026-04-07T09:31:17+00:00","og_image":[{"width":1200,"height":675,"url":"https:\/\/www.salzburgerland.com\/de\/wp-content\/uploads\/2016\/08\/rs326__n4g1375_huette-1-1200x675.jpg","type":"image\/jpeg"}],"author":"Edith Danzer","twitter_card":"summary_large_image","twitter_creator":"@Salzburgerland","twitter_site":"@Salzburgerland","twitter_misc":{"Verfasst von":"Edith Danzer","Gesch\u00e4tzte Lesezeit":"3\u00a0Minuten"},"schema":{"@context":"https:\/\/schema.org","@graph":[{"@type":"WebPage","@id":"https:\/\/www.salzburgerland.com\/de\/selbstversorgerhuetten\/","url":"https:\/\/www.salzburgerland.com\/de\/selbstversorgerhuetten\/","name":"Selbstversorgerh\u00fctten: Bergurlaub im SalzburgerLand","isPartOf":{"@id":"https:\/\/www.salzburgerland.com\/de\/#website"},"primaryImageOfPage":{"@id":"https:\/\/www.salzburgerland.com\/de\/selbstversorgerhuetten\/#primaryimage"},"image":{"@id":"https:\/\/www.salzburgerland.com\/de\/selbstversorgerhuetten\/#primaryimage"},"thumbnailUrl":"https:\/\/www.salzburgerland.com\/de\/wp-content\/uploads\/2016\/08\/rs326__n4g1375_huette-1.jpg","datePublished":"2016-08-30T10:28:51+00:00","dateModified":"2026-04-07T09:31:17+00:00","description":"Wer auf Selbstversorgerh\u00fctten im SalzburgerLand urlaubt, ist selbstbestimmter Einsiedler auf Zeit mit grenzenloser Freiheit.","breadcrumb":{"@id":"https:\/\/www.salzburgerland.com\/de\/selbstversorgerhuetten\/#breadcrumb"},"inLanguage":"de","potentialAction":[{"@type":"ReadAction","target":["https:\/\/www.salzburgerland.com\/de\/selbstversorgerhuetten\/"]}]},{"@type":"ImageObject","inLanguage":"de","@id":"https:\/\/www.salzburgerland.com\/de\/selbstversorgerhuetten\/#primaryimage","url":"https:\/\/www.salzburgerland.com\/de\/wp-content\/uploads\/2016\/08\/rs326__n4g1375_huette-1.jpg","contentUrl":"https:\/\/www.salzburgerland.com\/de\/wp-content\/uploads\/2016\/08\/rs326__n4g1375_huette-1.jpg","width":2560,"height":2153,"caption":"\u00a9 SalzburgerLand Tourismus, ideenwerk werbeagentur gmbh, P\u00e4rchen vor Almh\u00fctte - Almsommer Hauptsujet 2012"},{"@type":"BreadcrumbList","@id":"https:\/\/www.salzburgerland.com\/de\/selbstversorgerhuetten\/#breadcrumb","itemListElement":[{"@type":"ListItem","position":1,"name":"H\u00fcttenurlaub","item":"https:\/\/www.salzburgerland.com\/de\/huettenurlaub\/"},{"@type":"ListItem","position":2,"name":"Selbstversorgerh\u00fctten"}]},{"@type":"WebSite","@id":"https:\/\/www.salzburgerland.com\/de\/#website","url":"https:\/\/www.salzburgerland.com\/de\/","name":"SalzburgerLand.com","description":"Ihr Urlaub in Salzburg, \u00d6sterreich","publisher":{"@id":"https:\/\/www.salzburgerland.com\/de\/#organization"},"potentialAction":[{"@type":"SearchAction","target":{"@type":"EntryPoint","urlTemplate":"https:\/\/www.salzburgerland.com\/de\/?s={search_term_string}"},"query-input":{"@type":"PropertyValueSpecification","valueRequired":true,"valueName":"search_term_string"}}],"inLanguage":"de"},{"@type":"Organization","@id":"https:\/\/www.salzburgerland.com\/de\/#organization","name":"SalzburgerLand Tourismus GmbH","url":"https:\/\/www.salzburgerland.com\/de\/","logo":{"@type":"ImageObject","inLanguage":"de","@id":"https:\/\/www.salzburgerland.com\/de\/#\/schema\/logo\/image\/","url":"https:\/\/www.salzburgerland.com\/de\/wp-content\/uploads\/2017\/01\/salzburgerland-logo.jpg","contentUrl":"https:\/\/www.salzburgerland.com\/de\/wp-content\/uploads\/2017\/01\/salzburgerland-logo.jpg","width":1920,"height":827,"caption":"SalzburgerLand Tourismus GmbH"},"image":{"@id":"https:\/\/www.salzburgerland.com\/de\/#\/schema\/logo\/image\/"},"sameAs":["https:\/\/www.facebook.com\/salzburgerland\/","https:\/\/x.com\/Salzburgerland","https:\/\/www.instagram.com\/salzburgerland\/","http:\/\/dbpedia.org\/resource\/Salzburg_(state)","http:\/\/wikidata.dbpedia.org\/resource\/Q43325","http:\/\/open.salzburgerland.com\/de\/entity\/salzburgerland","https:\/\/www.youtube.com\/user\/salzburgerland"]},{"@type":"Person","@id":"https:\/\/www.salzburgerland.com\/de\/#\/schema\/person\/ca054217aa8036e6c8845e82eca0d9e9","name":"Edith Danzer","image":{"@type":"ImageObject","inLanguage":"de","@id":"https:\/\/www.salzburgerland.com\/de\/#\/schema\/person\/image\/","url":"https:\/\/secure.gravatar.com\/avatar\/e7c744dec57c71e252f5439ca48245592f78eb791acd9405ac752ca9e313c1ef?s=96&d=mm&r=g","contentUrl":"https:\/\/secure.gravatar.com\/avatar\/e7c744dec57c71e252f5439ca48245592f78eb791acd9405ac752ca9e313c1ef?s=96&d=mm&r=g","caption":"Edith Danzer"}}]}},"_wl_alt_label":[],"wl:entity_url":"http:\/\/open.salzburgerland.com\/de\/post\/selbstversorgerhuetten","_links":{"self":[{"href":"https:\/\/www.salzburgerland.com\/de\/wp-json\/wp\/v2\/posts\/60111","targetHints":{"allow":["GET"]}}],"collection":[{"href":"https:\/\/www.salzburgerland.com\/de\/wp-json\/wp\/v2\/posts"}],"about":[{"href":"https:\/\/www.salzburgerland.com\/de\/wp-json\/wp\/v2\/types\/post"}],"author":[{"embeddable":true,"href":"https:\/\/www.salzburgerland.com\/de\/wp-json\/wp\/v2\/users\/19"}],"replies":[{"embeddable":true,"href":"https:\/\/www.salzburgerland.com\/de\/wp-json\/wp\/v2\/comments?post=60111"}],"version-history":[{"count":9,"href":"https:\/\/www.salzburgerland.com\/de\/wp-json\/wp\/v2\/posts\/60111\/revisions"}],"predecessor-version":[{"id":681974,"href":"https:\/\/www.salzburgerland.com\/de\/wp-json\/wp\/v2\/posts\/60111\/revisions\/681974"}],"wp:featuredmedia":[{"embeddable":true,"href":"https:\/\/www.salzburgerland.com\/de\/wp-json\/wp\/v2\/media\/681973"}],"wp:attachment":[{"href":"https:\/\/www.salzburgerland.com\/de\/wp-json\/wp\/v2\/media?parent=60111"}],"wp:term":[{"taxonomy":"category","embeddable":true,"href":"https:\/\/www.salzburgerland.com\/de\/wp-json\/wp\/v2\/categories?post=60111"},{"taxonomy":"post_tag","embeddable":true,"href":"https:\/\/www.salzburgerland.com\/de\/wp-json\/wp\/v2\/tags?post=60111"},{"taxonomy":"wl_entity_type","embeddable":true,"href":"https:\/\/www.salzburgerland.com\/de\/wp-json\/wp\/v2\/wl_entity_type?post=60111"}],"curies":[{"name":"wp","href":"https:\/\/api.w.org\/{rel}","templated":true}]}}