{"id":60103,"date":"2016-08-30T12:27:48","date_gmt":"2016-08-30T10:27:48","guid":{"rendered":"https:\/\/www.onebigpark.at\/de\/?p=60103"},"modified":"2025-02-05T09:07:11","modified_gmt":"2025-02-05T08:07:11","slug":"familien-auf-der-alm","status":"publish","type":"post","link":"https:\/\/www.salzburgerland.com\/de\/familien-auf-der-alm\/","title":{"rendered":"Familien auf der Alm"},"content":{"rendered":"<p>Hier kommt das Abenteuer! Wenn sich die ganze Familie zu einem Tag auf der Alm aufmacht, dann steigt die Vorfreude und alle bekommen leuchtende Augen. Die flauschigen Hasen im Streichelzoo haben sicher schon Nachwuchs bekommen. Und auch die sch\u00f6nen Haflinger sind garantiert wieder vor der H\u00fctte anzutreffen. Beim Aufstieg wartet im schattigen Wald gro\u00dfes Abenteuer beim Zapfen-Suchen und Spuren-Lesen. Die Gro\u00dfen freuen sich auf ein herzhaftes Essen, einen sonnigen Platz an der H\u00fcttenwand und darauf, einfach mal wegzukommen vom Alltag. Das sind echte Alm-Erlebnisse!<\/p>\n<h2>Ab in die \u201eKrax\u201c<\/h2>\n<p><span style=\"font-weight: 400;\">Das erste St\u00fcck bergauf wird gem\u00fctlich mit der Seilbahn \u00fcberwunden. Doch dann werden die Rucks\u00e4cke geschultert und los geht\u00b4s. Das kleinste Familienmitglied hat es viel gem\u00fctlicher, denn Papa nimmt es in die R\u00fcckentrage. \u201e<a href=\"https:\/\/www.salzburgerland.com\/de\/magazin\/das-almsommer-abc\/\" target=\"_blank\" rel=\"noopener noreferrer\">Buglkrax tragen<\/a>\u201c nennt man das im SalzburgerLand, und die R\u00fcckentragen kennt man hier einfach unter \u201eKrax\u201c. Zwar f\u00fchrt bis zur Alm <\/span><b>ein sch\u00f6ner, kinderwagentauglicher Weg<\/b><span style=\"font-weight: 400;\">, doch Mama und Papa wollen den Kids die sch\u00f6nsten Pl\u00e4tze f\u00fcr die nun reifen Himbeeren im Wald zeigen. Da ist die R\u00fcckentrage einfach gel\u00e4ndeg\u00e4ngiger.<\/span>\u00a0<span style=\"font-weight: 400;\">Einige der ausgezeichneten\u00a0Almsommerh\u00fctten im Salzburgerland haben sich einem speziellen Themengebiet gewidmet. So sind die <\/span><a href=\"https:\/\/www.salzburgerland.com\/de\/ausgezeichnete-almsommerhuetten-huette-des-jahres\/\"><b>Kinderwagen-Almen<\/b><\/a><span style=\"font-weight: 400;\">\u00a0f\u00fcr Familien mit kleinen Kindern besonders beliebt, da die befestigten Wege zur H\u00fctte mit dem Kinderwagen spielend zu bew\u00e4ltigen sind. <\/span><a href=\"https:\/\/www.salzburgerland.com\/de\/ausgezeichnete-almsommerhuetten-huette-des-jahres\/\"><b>Kinder-Almen<\/b><\/a><span style=\"font-weight: 400;\"> gehen perfekt auf die Bed\u00fcrfnisse der Kids ein und bieten einen Steichelzoo, Kinderspielger\u00e4te aus Holz, Erlebnispfade oder Spielpl\u00e4tze.<\/span><\/p>\n<h2>Entspannung f\u00fcr Familien auf der Alm<\/h2>\n<p><span style=\"font-weight: 400;\">Die kleinen M\u00e4gen voller s\u00fc\u00dfer Himbeeren, Walderdbeeren und Heidelbeeren st\u00fcrmen die Kinder die letzen Meter bis zur <a href=\"https:\/\/www.salzburgerland.com\/de\/zertifiz-almsommerhuetten-huette-des-jahres\/\" target=\"_blank\" rel=\"noopener noreferrer\">Almh\u00fctte<\/a><\/span> voraus. Sie k\u00f6nnen es gar nicht erwarten, den <b>Spielplatz mit Schaukeln und Rutsche<\/b><span style=\"font-weight: 400;\"><\/span> zu erobern und sich dann auf die Suche nach dem Streichelzoo zu machen. Lachend beobachten die Eltern das Treiben der Kinder und lassen sich ganz in der N\u00e4he auf der H\u00fcttenterrasse nieder. Erst mal ein erfrischendes Getr\u00e4nk gegen den gro\u00dfen Durst. Die H\u00fcttenwirtin<a href=\"https:\/\/www.salzburgerland.com\/de\/tracht-brauchtum-salzburgerland\/\"> im feschen Dirndl<\/a> empfiehlt ihren spritzigen Almkr\u00e4utersaft. Die Kr\u00e4uter daf\u00fcr hat sie selbst auf den Wiesen rund um die H\u00fctte gepfl\u00fcckt.<\/p>\n<p><span style=\"font-weight: 400;\">W\u00e4hrend Mama der H\u00fcttenwirtin in die Speisekammer folgt, wo diese ihren <\/span><b>Schatz an getrockneten Kr\u00e4utern<\/b><span style=\"font-weight: 400;\"><\/span> pr\u00e4sentiert und das eine oder andere Kr\u00e4utlein f\u00fcr Alltags-Wehwehchen empfiehlt, studiert Papa die Speisekarte. Eine Brettljause mit <a href=\"https:\/\/www.salzburgerland.com\/de\/produkte-von-der-alm\/\" target=\"_blank\" rel=\"noopener noreferrer\">Produkten von der Alm<\/a>?\u00a0Eine Kaspresskn\u00f6delsuppe, ein herrlich luftiger Kaiserschmarren oder gebackene Apfelradl? Ger\u00e4ucherte Wildspezialit\u00e4ten von der eigenen Jagd? Die Entscheidung f\u00e4llt ihm schwer. Kurzerhand bestellt er lachend alles, denn Bergluft macht bekanntlich hungrig, und der Duft aus der H\u00fcttenk\u00fcche ist einfach zu verlockend.<\/p>\n<div id=\"attachment_60921\" style=\"width: 1930px\" class=\"wp-caption alignnone\"><img decoding=\"async\" aria-describedby=\"caption-attachment-60921\" class=\"size-large wp-image-60921\" src=\"https:\/\/cdn.salzburgerland.com\/de\/wp-content\/uploads\/2016\/08\/Almsomme-Produkte-von-der-Alm-1920x1067.jpg\" alt=\"H\u00fcttenwirtin serviert Familie frische Almprodukte.\" width=\"1920\" height=\"1067\" srcset=\"https:\/\/www.salzburgerland.com\/de\/wp-content\/uploads\/2016\/08\/Almsomme-Produkte-von-der-Alm-1920x1067.jpg 1920w, https:\/\/www.salzburgerland.com\/de\/wp-content\/uploads\/2016\/08\/Almsomme-Produkte-von-der-Alm-540x300.jpg 540w, https:\/\/www.salzburgerland.com\/de\/wp-content\/uploads\/2016\/08\/Almsomme-Produkte-von-der-Alm-370x206.jpg 370w, https:\/\/www.salzburgerland.com\/de\/wp-content\/uploads\/2016\/08\/Almsomme-Produkte-von-der-Alm-1024x569.jpg 1024w, https:\/\/www.salzburgerland.com\/de\/wp-content\/uploads\/2016\/08\/Almsomme-Produkte-von-der-Alm-270x150.jpg 270w\" sizes=\"(max-width: 1920px) 100vw, 1920px\"><p id=\"caption-attachment-60921\" class=\"wp-caption-text\">\u00a9 SalzburgerLand Tourismus -Frische Produkte von der Alm.<\/p><\/div>\n<h2>Aktivit\u00e4ten auf der Alm<\/h2>\n<p>Schon beim Aufstieg auf die Alm haben die Kinder die munter sprudelnden Wasserquellen am Wegesrand und die kleinen Rinnsale durch den gr\u00fcnen Almboden begeistert. Im Wald waren sie ganz still, um eventuell ein Reh, einen Hasen oder sogar einen Hirsch ersp\u00e4hen zu k\u00f6nnen. Am Waldboden fanden sich so einige verd\u00e4chtige Spuren und F\u00e4hrten. Nebenbei haben sie auch Zapfen gesammelt, mit denen sie nun auf der Alm spielen. Rund um die Alm finden sie nun genug Gelegenheit mit Mama und Papa Staud\u00e4mme zu bauen und die Beine beim Kneipen im kalten Wasser abzuk\u00fchlen. Mama ist unterwegs um die bunten Kr\u00e4uter und Almblumen entlang des Wassers zu entdecken. \u201eKlick, Klick\u201c macht ihr Fotoapparat, denn die kleinen botanischen Helferlein h\u00e4lt sie auf Bildern fest, um sie sp\u00e4ter nachzuschlagen. Papa meint, er k\u00f6nne Jodeln, doch nachdem die sanft\u00e4ugigen K\u00fche muhend das Weite suchen, gibt er lachend auf. Gemeinsam liegt die ganze Familie im weichen Gras des Almbodens am R\u00fccken und sieht hinauf zu den Wolken. \u201eHier, ein Alm-Dinosaurier!\u201c, entdeckt der Sohn eine besonders markante Wolkenformation. Aus dem bunten Almgarten stibitzt sich Mama eine Hand voll Brombeeren und verteilt sie an die Familie. Noch so viel w\u00e4re hier zu entdecken: Murmeltiere oder muntere Bachforellen beobachten, den bunten Schmetterlingen nachjagen, im Wald den B\u00e4umen beim Wachsen zusehen oder mit der Lupe die Waldameisen betrachten\u2026 Doch jetzt h\u00f6ren die gro\u00dfen und kleinen Alm-Abenteurer lautes Magenknurren. Zeit f\u00fcr die Almjause!<\/p>\n<h2>Hungrige Abenteurer<\/h2>\n<p><span style=\"font-weight: 400;\">Als das Essen serviert wird versammelt sich die ganze Familie wieder um den H\u00fcttentisch und jeder erz\u00e4hlt aufgeregt seine kleinen Abenteuer. Von den Baby-Hasen, die erst vor wenigen Tagen das Licht der Welt erblickt haben, vom H\u00fcttenhund, der freudig wedelnd alle Neuankommenden begr\u00fc\u00dft, von der Kr\u00e4utervielfalt der Wiesen \u2026 Und jeder macht sich mit riesigem Appetit \u00fcber Brettljause &amp; Co her. Auch die H\u00fcttenwirtin nimmt sich gern die Zeit, sich zu den G\u00e4sten zu setzen. Sie erz\u00e4hlt von den kleinen K\u00e4lbern, die hier auf der Alm geboren, gesucht und auf den Schultern zur H\u00fctte zur\u00fcckgetragen wurden. Von Schneef\u00e4llen im Juli, von unglaublichen Sonnenaufg\u00e4ngen, vom Kasn und Butterr\u00fchren. Aber jetzt m\u00fcsse sie wieder in die K\u00fcche, denn sie will <\/span><b>noch Brot backen f\u00fcr den n\u00e4chsten Tag<\/b><span style=\"font-weight: 400;\"><\/span>. Mit einem Augenzwinkern l\u00e4dt sie die Kinder ein, ihr zu folgen, und begeistert verschwinden die kleinen Brotb\u00e4cker in der K\u00fcche. Nach dem Brotbacken entdecken die Kids das kostenlose Almsommer-B\u00fcchlein, das auf allen Almsommer-Partnerbetrieben und Almsommer-H\u00fctten aufliegt. Begeistert bl\u00e4ttern sie darin und holen sich den ersten Stempel, denn ist der Stempelpass gef\u00fcllt, k\u00f6nnen sie ihn einschicken und ein erhalten ein kleines \u00dcberraschungsgeschenk.<\/p>\n<p>Jetzt haben Mama und Papa Zeit, sich gem\u00fctlich zur\u00fcckzulehnen, die Augen zu schlie\u00dfen und dem Orchester der Alm zu lauschen: Kuhglocken, Bienensummen, der Wind in den Baumkronen, leises Wiehern und Muhen. Hier auf der Alm ticken die Uhren langsamer und mit jedem Atemzug kehrt entspannte Ruhe ein. Schon kommen die Kinder zur\u00fcck und strahlen vor Begeisterung, denn sie wollen ab sofort zu Hause auch selbst Brot backen \u2013 das Rezept haben sie sogar mit auf den Weg bekommen. Lachend packen Mama und Papa alles zusammen, denn die H\u00fcttenwirtin hatte f\u00fcr den Abstieg noch einen Tipp f\u00fcr einen lukrativen Schwammerlplatz verraten. Dort wollen sie ihr Gl\u00fcck versuchen \u2013 und sonst kommen sie morgen einfach wieder zur\u00fcck auf die Alm. Oder eines der vielen <a href=\"https:\/\/www.salzburgerland.com\/de\/almsommer-veranstaltungen\/\" target=\"_blank\" rel=\"noopener noreferrer\">Almfeste im Salzburgerland<\/a> mit Live-Musik, regionalen Produkten und altem Handwerk lockt die Familie demn\u00e4chst wieder hinauf auf eine der wundersch\u00f6nen Almen des Salzburgerlands.<\/p>\n<p>\u00a0<\/p>\n<div id=\"attachment_61259\" style=\"width: 1180px\" class=\"wp-caption alignleft\"><img decoding=\"async\" aria-describedby=\"caption-attachment-61259\" class=\"size-1170_658 wp-image-61259\" src=\"https:\/\/cdn.salzburgerland.com\/de\/wp-content\/uploads\/2016\/08\/almsommer-familien-auf-der-alm-1170x658.jpg\" alt=\"Familien auf der Alm beim Bach.\" width=\"1170\" height=\"658\"><p id=\"caption-attachment-61259\" class=\"wp-caption-text\">c Salzburger Land Tourismus \u2013 Familien auf der Alm.<\/p><\/div>\n<h2>Kinderleicht.Wandern<\/h2>\n<p>Im Salzburger Pongau mit seinen zahlreichen Almen, gr\u00fcnen T\u00e4lern und sanften Gipfeln macht Wandern der ganzen Familie so richtig Spa\u00df. Auf Erlebnisbergen mit spannenden Themenwanderwegen wird die Wandertour zur abenteuerlichen Entdeckungsreise. Einen \u00dcberblick \u00fcber dieses Wanderangebot gibt der neue kostenlose Familienwanderf\u00fchrer im Buchformat mit attraktiven Pauschalen und kinderfreundlichen Unterk\u00fcnften. Dieser umfasst ausgew\u00e4hlte, leichte Familienwanderungen samt Einkehrm\u00f6glichkeiten, (interaktiven) Lehr- und Themenwegen sowie Bergerlebniswelten und Abenteuerspielpl\u00e4tzen. Kostenlos im <a href=\"http:\/\/www.salzburgerland.com\/de\/shop\" target=\"_blank\" rel=\"noopener noreferrer\">Online-Shop<\/a> zu bestellen.<\/p>\n<p>\u00a0<\/p>\n<h2>Gef\u00fchrte Wanderungen<\/h2>\n<p>Wer sich einmal mit der ganzen Familie auf eine spannende gef\u00fchrte Wanderung begeben m\u00f6chte, ist im Salzburgerland bestens bedient. Egal, ob man im Nationalpark Hohe Tauern mit einem <a href=\"https:\/\/www.salzburgerland.com\/de\/magazin\/mit-dem-ranger-im-nationalpark\/\" target=\"_blank\" rel=\"noopener noreferrer\">Nationalpark Ranger<\/a> auf Tour zum <a href=\"https:\/\/www.salzburgerland.com\/de\/magazin\/nationalpark-hohe-tauern-der-konig-der-lufte\/\" target=\"_blank\" rel=\"noopener noreferrer\">Beobachten der Geier<\/a> aufbricht oder einen der zahlreichen Themenwege oder Naturpfade entdeckt. Die M\u00f6glichkeiten sind vielf\u00e4ltig und ihr <a href=\"https:\/\/www.salzburgerland.com\/de\/almsommer-unterkuenfte\/\" target=\"_blank\" rel=\"noopener noreferrer\">Gastgeber<\/a> vor Ort hat die besten Tipps f\u00fcr gef\u00fchrte Wanderungen und durch die <a href=\"https:\/\/bergwanderfuehrer-salzburg.com\/\" target=\"_blank\" rel=\"noopener noreferrer\">Salzburger Bergwanderf\u00fchrer<\/a> geleitete Entdeckungsreisen hinauf ins Almleben des Salzburgerlands.\u00a0<span>Viele Wanderungen werden von den Tourismusverb\u00e4nden, den Bergf\u00fchrer-B\u00fcros und den Alpinschulen angeboten \u2013 oder sind oft in Sommer-Urlaubspauschalen wie den Almsommer-Pauschalen enthalten.<\/span><\/p>\n<p>Wer jetzt Lust auf Familien-Urlaub im Salzburger Almsommer bekommen hat, holt sich am besten gleich die Almsommerbrosch\u00fcre mit den besten Wandertipps und Urlaubspauschalen im <a href=\"https:\/\/www.salzburgerland.com\/de\/shop\/sommerprospekte\/salzburger-almsommer\" target=\"_blank\" rel=\"noopener noreferrer\">Online-Shop<\/a>.<\/p>\n","protected":false},"excerpt":{"rendered":"<p>Hier kommt das Abenteuer! Wenn sich die ganze Familie zu einem Tag auf der Alm aufmacht, dann steigt die Vorfreude und alle bekommen leuchtende Augen. Die flauschigen Hasen im Streichelzoo haben sicher schon Nachwuchs bekommen. Und auch die sch\u00f6nen Haflinger sind garantiert wieder vor der H\u00fctte anzutreffen. Beim Aufstieg wartet im schattigen Wald gro\u00dfes Abenteuer [&hellip;]<\/p>\n","protected":false},"author":19,"featured_media":229226,"comment_status":"closed","ping_status":"closed","sticky":false,"template":"","format":"standard","meta":{"_acf_changed":false,"wl_entities_gutenberg":"","_relevanssi_hide_post":"","_relevanssi_hide_content":"","_relevanssi_pin_for_all":"","_relevanssi_pin_keywords":"","_relevanssi_unpin_keywords":"","_relevanssi_related_keywords":"","_relevanssi_related_include_ids":"","_relevanssi_related_exclude_ids":"","_relevanssi_related_no_append":"","_relevanssi_related_not_related":"","_relevanssi_related_posts":"","_relevanssi_noindex_reason":"","footnotes":""},"categories":[1],"tags":[],"wl_entity_type":[11495],"class_list":["post-60103","post","type-post","status-publish","format-standard","has-post-thumbnail","hentry","category-allgemein","wl_entity_type-article"],"acf":[],"yoast_head":"<!-- This site is optimized with the Yoast SEO Premium plugin v26.9 (Yoast SEO v26.9) - https:\/\/yoast.com\/product\/yoast-seo-premium-wordpress\/ -->\n<title>Familien auf der Alm: erlebnisreiche Wanderungen im SalzburgerLand.<\/title>\n<meta name=\"description\" content=\"Abenteuer f\u00fcr Familien auf der Alm. K\u00fche beobachten, beim Melken helfen, den Streichelzoo entdecken, Almprodukte genie\u00dfen.\" \/>\n<meta name=\"robots\" content=\"index, follow, max-snippet:-1, max-image-preview:large, max-video-preview:-1\" \/>\n<link rel=\"canonical\" href=\"https:\/\/www.salzburgerland.com\/de\/wp-json\/wp\/v2\/posts\/60103\" \/>\n<meta property=\"og:locale\" content=\"de_DE\" \/>\n<meta property=\"og:type\" content=\"article\" \/>\n<meta property=\"og:title\" content=\"Familien auf der Alm\" \/>\n<meta property=\"og:description\" content=\"Abenteuer f\u00fcr Familien auf der Alm. K\u00fche beobachten, beim Melken helfen, den Streichelzoo entdecken, Almprodukte genie\u00dfen.\" \/>\n<meta property=\"og:url\" content=\"https:\/\/www.salzburgerland.com\/de\/wp-json\/wp\/v2\/posts\/60103\" \/>\n<meta property=\"og:site_name\" content=\"SalzburgerLand.com\" \/>\n<meta property=\"article:publisher\" content=\"https:\/\/www.facebook.com\/salzburgerland\/\" \/>\n<meta property=\"article:published_time\" content=\"2016-08-30T10:27:48+00:00\" \/>\n<meta property=\"article:modified_time\" content=\"2025-02-05T08:07:11+00:00\" \/>\n<meta property=\"og:image\" content=\"https:\/\/www.salzburgerland.com\/de\/wp-content\/uploads\/2016\/08\/larchenalm-almsommerhutte-copyright-salzburgerland-tourismus-1100x675.jpg\" \/>\n\t<meta property=\"og:image:width\" content=\"1100\" \/>\n\t<meta property=\"og:image:height\" content=\"675\" \/>\n\t<meta property=\"og:image:type\" content=\"image\/jpeg\" \/>\n<meta name=\"author\" content=\"Edith Danzer\" \/>\n<meta name=\"twitter:card\" content=\"summary_large_image\" \/>\n<meta name=\"twitter:creator\" content=\"@Salzburgerland\" \/>\n<meta name=\"twitter:site\" content=\"@Salzburgerland\" \/>\n<meta name=\"twitter:label1\" content=\"Verfasst von\" \/>\n\t<meta name=\"twitter:data1\" content=\"Edith Danzer\" \/>\n\t<meta name=\"twitter:label2\" content=\"Gesch\u00e4tzte Lesezeit\" \/>\n\t<meta name=\"twitter:data2\" content=\"8\u00a0Minuten\" \/>\n<script type=\"application\/ld+json\" class=\"yoast-schema-graph\">{\"@context\":\"https:\/\/schema.org\",\"@graph\":[{\"@type\":\"WebPage\",\"@id\":\"https:\/\/www.salzburgerland.com\/de\/familien-auf-der-alm\/\",\"url\":\"https:\/\/www.salzburgerland.com\/de\/familien-auf-der-alm\/\",\"name\":\"Familien auf der Alm: erlebnisreiche Wanderungen im SalzburgerLand.\",\"isPartOf\":{\"@id\":\"https:\/\/www.salzburgerland.com\/de\/#website\"},\"primaryImageOfPage\":{\"@id\":\"https:\/\/www.salzburgerland.com\/de\/familien-auf-der-alm\/#primaryimage\"},\"image\":{\"@id\":\"https:\/\/www.salzburgerland.com\/de\/familien-auf-der-alm\/#primaryimage\"},\"thumbnailUrl\":\"https:\/\/www.salzburgerland.com\/de\/wp-content\/uploads\/2016\/08\/larchenalm-almsommerhutte-copyright-salzburgerland-tourismus.jpg\",\"datePublished\":\"2016-08-30T10:27:48+00:00\",\"dateModified\":\"2025-02-05T08:07:11+00:00\",\"description\":\"Abenteuer f\u00fcr Familien auf der Alm. K\u00fche beobachten, beim Melken helfen, den Streichelzoo entdecken, Almprodukte genie\u00dfen.\",\"breadcrumb\":{\"@id\":\"https:\/\/www.salzburgerland.com\/de\/familien-auf-der-alm\/#breadcrumb\"},\"inLanguage\":\"de\",\"potentialAction\":[{\"@type\":\"ReadAction\",\"target\":[\"https:\/\/www.salzburgerland.com\/de\/familien-auf-der-alm\/\"]}]},{\"@type\":\"ImageObject\",\"inLanguage\":\"de\",\"@id\":\"https:\/\/www.salzburgerland.com\/de\/familien-auf-der-alm\/#primaryimage\",\"url\":\"https:\/\/www.salzburgerland.com\/de\/wp-content\/uploads\/2016\/08\/larchenalm-almsommerhutte-copyright-salzburgerland-tourismus.jpg\",\"contentUrl\":\"https:\/\/www.salzburgerland.com\/de\/wp-content\/uploads\/2016\/08\/larchenalm-almsommerhutte-copyright-salzburgerland-tourismus.jpg\",\"width\":1100,\"height\":730,\"caption\":\"\u00a9 SalzburgerLand Tourismus, Helge Kirchberger - L\u00e4rchenalm\"},{\"@type\":\"BreadcrumbList\",\"@id\":\"https:\/\/www.salzburgerland.com\/de\/familien-auf-der-alm\/#breadcrumb\",\"itemListElement\":[{\"@type\":\"ListItem\",\"position\":1,\"name\":\"Almsommer\",\"item\":\"https:\/\/www.salzburgerland.com\/de\/almsommer\/\"},{\"@type\":\"ListItem\",\"position\":2,\"name\":\"Familien auf der Alm\"}]},{\"@type\":\"WebSite\",\"@id\":\"https:\/\/www.salzburgerland.com\/de\/#website\",\"url\":\"https:\/\/www.salzburgerland.com\/de\/\",\"name\":\"SalzburgerLand.com\",\"description\":\"Ihr Urlaub in Salzburg, \u00d6sterreich\",\"publisher\":{\"@id\":\"https:\/\/www.salzburgerland.com\/de\/#organization\"},\"potentialAction\":[{\"@type\":\"SearchAction\",\"target\":{\"@type\":\"EntryPoint\",\"urlTemplate\":\"https:\/\/www.salzburgerland.com\/de\/?s={search_term_string}\"},\"query-input\":{\"@type\":\"PropertyValueSpecification\",\"valueRequired\":true,\"valueName\":\"search_term_string\"}}],\"inLanguage\":\"de\"},{\"@type\":\"Organization\",\"@id\":\"https:\/\/www.salzburgerland.com\/de\/#organization\",\"name\":\"SalzburgerLand Tourismus GmbH\",\"url\":\"https:\/\/www.salzburgerland.com\/de\/\",\"logo\":{\"@type\":\"ImageObject\",\"inLanguage\":\"de\",\"@id\":\"https:\/\/www.salzburgerland.com\/de\/#\/schema\/logo\/image\/\",\"url\":\"https:\/\/www.salzburgerland.com\/de\/wp-content\/uploads\/2017\/01\/salzburgerland-logo.jpg\",\"contentUrl\":\"https:\/\/www.salzburgerland.com\/de\/wp-content\/uploads\/2017\/01\/salzburgerland-logo.jpg\",\"width\":1920,\"height\":827,\"caption\":\"SalzburgerLand Tourismus GmbH\"},\"image\":{\"@id\":\"https:\/\/www.salzburgerland.com\/de\/#\/schema\/logo\/image\/\"},\"sameAs\":[\"https:\/\/www.facebook.com\/salzburgerland\/\",\"https:\/\/x.com\/Salzburgerland\",\"https:\/\/www.instagram.com\/salzburgerland\/\",\"http:\/\/dbpedia.org\/resource\/Salzburg_(state)\",\"http:\/\/wikidata.dbpedia.org\/resource\/Q43325\",\"http:\/\/open.salzburgerland.com\/de\/entity\/salzburgerland\",\"https:\/\/www.youtube.com\/user\/salzburgerland\"]},{\"@type\":\"Person\",\"@id\":\"https:\/\/www.salzburgerland.com\/de\/#\/schema\/person\/ca054217aa8036e6c8845e82eca0d9e9\",\"name\":\"Edith Danzer\",\"image\":{\"@type\":\"ImageObject\",\"inLanguage\":\"de\",\"@id\":\"https:\/\/www.salzburgerland.com\/de\/#\/schema\/person\/image\/\",\"url\":\"https:\/\/secure.gravatar.com\/avatar\/e7c744dec57c71e252f5439ca48245592f78eb791acd9405ac752ca9e313c1ef?s=96&d=mm&r=g\",\"contentUrl\":\"https:\/\/secure.gravatar.com\/avatar\/e7c744dec57c71e252f5439ca48245592f78eb791acd9405ac752ca9e313c1ef?s=96&d=mm&r=g\",\"caption\":\"Edith Danzer\"}}]}<\/script>\n<!-- \/ Yoast SEO Premium plugin. -->","yoast_head_json":{"title":"Familien auf der Alm: erlebnisreiche Wanderungen im SalzburgerLand.","description":"Abenteuer f\u00fcr Familien auf der Alm. K\u00fche beobachten, beim Melken helfen, den Streichelzoo entdecken, Almprodukte genie\u00dfen.","robots":{"index":"index","follow":"follow","max-snippet":"max-snippet:-1","max-image-preview":"max-image-preview:large","max-video-preview":"max-video-preview:-1"},"canonical":"https:\/\/www.salzburgerland.com\/de\/wp-json\/wp\/v2\/posts\/60103","og_locale":"de_DE","og_type":"article","og_title":"Familien auf der Alm","og_description":"Abenteuer f\u00fcr Familien auf der Alm. K\u00fche beobachten, beim Melken helfen, den Streichelzoo entdecken, Almprodukte genie\u00dfen.","og_url":"https:\/\/www.salzburgerland.com\/de\/wp-json\/wp\/v2\/posts\/60103","og_site_name":"SalzburgerLand.com","article_publisher":"https:\/\/www.facebook.com\/salzburgerland\/","article_published_time":"2016-08-30T10:27:48+00:00","article_modified_time":"2025-02-05T08:07:11+00:00","og_image":[{"width":1100,"height":675,"url":"https:\/\/www.salzburgerland.com\/de\/wp-content\/uploads\/2016\/08\/larchenalm-almsommerhutte-copyright-salzburgerland-tourismus-1100x675.jpg","type":"image\/jpeg"}],"author":"Edith Danzer","twitter_card":"summary_large_image","twitter_creator":"@Salzburgerland","twitter_site":"@Salzburgerland","twitter_misc":{"Verfasst von":"Edith Danzer","Gesch\u00e4tzte Lesezeit":"8\u00a0Minuten"},"schema":{"@context":"https:\/\/schema.org","@graph":[{"@type":"WebPage","@id":"https:\/\/www.salzburgerland.com\/de\/familien-auf-der-alm\/","url":"https:\/\/www.salzburgerland.com\/de\/familien-auf-der-alm\/","name":"Familien auf der Alm: erlebnisreiche Wanderungen im SalzburgerLand.","isPartOf":{"@id":"https:\/\/www.salzburgerland.com\/de\/#website"},"primaryImageOfPage":{"@id":"https:\/\/www.salzburgerland.com\/de\/familien-auf-der-alm\/#primaryimage"},"image":{"@id":"https:\/\/www.salzburgerland.com\/de\/familien-auf-der-alm\/#primaryimage"},"thumbnailUrl":"https:\/\/www.salzburgerland.com\/de\/wp-content\/uploads\/2016\/08\/larchenalm-almsommerhutte-copyright-salzburgerland-tourismus.jpg","datePublished":"2016-08-30T10:27:48+00:00","dateModified":"2025-02-05T08:07:11+00:00","description":"Abenteuer f\u00fcr Familien auf der Alm. K\u00fche beobachten, beim Melken helfen, den Streichelzoo entdecken, Almprodukte genie\u00dfen.","breadcrumb":{"@id":"https:\/\/www.salzburgerland.com\/de\/familien-auf-der-alm\/#breadcrumb"},"inLanguage":"de","potentialAction":[{"@type":"ReadAction","target":["https:\/\/www.salzburgerland.com\/de\/familien-auf-der-alm\/"]}]},{"@type":"ImageObject","inLanguage":"de","@id":"https:\/\/www.salzburgerland.com\/de\/familien-auf-der-alm\/#primaryimage","url":"https:\/\/www.salzburgerland.com\/de\/wp-content\/uploads\/2016\/08\/larchenalm-almsommerhutte-copyright-salzburgerland-tourismus.jpg","contentUrl":"https:\/\/www.salzburgerland.com\/de\/wp-content\/uploads\/2016\/08\/larchenalm-almsommerhutte-copyright-salzburgerland-tourismus.jpg","width":1100,"height":730,"caption":"\u00a9 SalzburgerLand Tourismus, Helge Kirchberger - L\u00e4rchenalm"},{"@type":"BreadcrumbList","@id":"https:\/\/www.salzburgerland.com\/de\/familien-auf-der-alm\/#breadcrumb","itemListElement":[{"@type":"ListItem","position":1,"name":"Almsommer","item":"https:\/\/www.salzburgerland.com\/de\/almsommer\/"},{"@type":"ListItem","position":2,"name":"Familien auf der Alm"}]},{"@type":"WebSite","@id":"https:\/\/www.salzburgerland.com\/de\/#website","url":"https:\/\/www.salzburgerland.com\/de\/","name":"SalzburgerLand.com","description":"Ihr Urlaub in Salzburg, \u00d6sterreich","publisher":{"@id":"https:\/\/www.salzburgerland.com\/de\/#organization"},"potentialAction":[{"@type":"SearchAction","target":{"@type":"EntryPoint","urlTemplate":"https:\/\/www.salzburgerland.com\/de\/?s={search_term_string}"},"query-input":{"@type":"PropertyValueSpecification","valueRequired":true,"valueName":"search_term_string"}}],"inLanguage":"de"},{"@type":"Organization","@id":"https:\/\/www.salzburgerland.com\/de\/#organization","name":"SalzburgerLand Tourismus GmbH","url":"https:\/\/www.salzburgerland.com\/de\/","logo":{"@type":"ImageObject","inLanguage":"de","@id":"https:\/\/www.salzburgerland.com\/de\/#\/schema\/logo\/image\/","url":"https:\/\/www.salzburgerland.com\/de\/wp-content\/uploads\/2017\/01\/salzburgerland-logo.jpg","contentUrl":"https:\/\/www.salzburgerland.com\/de\/wp-content\/uploads\/2017\/01\/salzburgerland-logo.jpg","width":1920,"height":827,"caption":"SalzburgerLand Tourismus GmbH"},"image":{"@id":"https:\/\/www.salzburgerland.com\/de\/#\/schema\/logo\/image\/"},"sameAs":["https:\/\/www.facebook.com\/salzburgerland\/","https:\/\/x.com\/Salzburgerland","https:\/\/www.instagram.com\/salzburgerland\/","http:\/\/dbpedia.org\/resource\/Salzburg_(state)","http:\/\/wikidata.dbpedia.org\/resource\/Q43325","http:\/\/open.salzburgerland.com\/de\/entity\/salzburgerland","https:\/\/www.youtube.com\/user\/salzburgerland"]},{"@type":"Person","@id":"https:\/\/www.salzburgerland.com\/de\/#\/schema\/person\/ca054217aa8036e6c8845e82eca0d9e9","name":"Edith Danzer","image":{"@type":"ImageObject","inLanguage":"de","@id":"https:\/\/www.salzburgerland.com\/de\/#\/schema\/person\/image\/","url":"https:\/\/secure.gravatar.com\/avatar\/e7c744dec57c71e252f5439ca48245592f78eb791acd9405ac752ca9e313c1ef?s=96&d=mm&r=g","contentUrl":"https:\/\/secure.gravatar.com\/avatar\/e7c744dec57c71e252f5439ca48245592f78eb791acd9405ac752ca9e313c1ef?s=96&d=mm&r=g","caption":"Edith Danzer"}}]}},"_wl_alt_label":[],"wl:entity_url":"http:\/\/open.salzburgerland.com\/de\/post\/familien_auf_der_alm","_links":{"self":[{"href":"https:\/\/www.salzburgerland.com\/de\/wp-json\/wp\/v2\/posts\/60103","targetHints":{"allow":["GET"]}}],"collection":[{"href":"https:\/\/www.salzburgerland.com\/de\/wp-json\/wp\/v2\/posts"}],"about":[{"href":"https:\/\/www.salzburgerland.com\/de\/wp-json\/wp\/v2\/types\/post"}],"author":[{"embeddable":true,"href":"https:\/\/www.salzburgerland.com\/de\/wp-json\/wp\/v2\/users\/19"}],"replies":[{"embeddable":true,"href":"https:\/\/www.salzburgerland.com\/de\/wp-json\/wp\/v2\/comments?post=60103"}],"version-history":[{"count":6,"href":"https:\/\/www.salzburgerland.com\/de\/wp-json\/wp\/v2\/posts\/60103\/revisions"}],"predecessor-version":[{"id":675932,"href":"https:\/\/www.salzburgerland.com\/de\/wp-json\/wp\/v2\/posts\/60103\/revisions\/675932"}],"wp:featuredmedia":[{"embeddable":true,"href":"https:\/\/www.salzburgerland.com\/de\/wp-json\/wp\/v2\/media\/229226"}],"wp:attachment":[{"href":"https:\/\/www.salzburgerland.com\/de\/wp-json\/wp\/v2\/media?parent=60103"}],"wp:term":[{"taxonomy":"category","embeddable":true,"href":"https:\/\/www.salzburgerland.com\/de\/wp-json\/wp\/v2\/categories?post=60103"},{"taxonomy":"post_tag","embeddable":true,"href":"https:\/\/www.salzburgerland.com\/de\/wp-json\/wp\/v2\/tags?post=60103"},{"taxonomy":"wl_entity_type","embeddable":true,"href":"https:\/\/www.salzburgerland.com\/de\/wp-json\/wp\/v2\/wl_entity_type?post=60103"}],"curies":[{"name":"wp","href":"https:\/\/api.w.org\/{rel}","templated":true}]}}