{"id":60101,"date":"2016-08-30T12:27:34","date_gmt":"2016-08-30T10:27:34","guid":{"rendered":"https:\/\/www.onebigpark.at\/de\/?p=60101"},"modified":"2026-04-13T10:47:22","modified_gmt":"2026-04-13T08:47:22","slug":"wanderglueck-am-almenweg","status":"publish","type":"post","link":"https:\/\/www.salzburgerland.com\/de\/wanderglueck-am-almenweg\/","title":{"rendered":"Unvergessliches Wandergl\u00fcck am Salzburger Almenweg"},"content":{"rendered":"<p><span style=\"font-weight: 400;\">Weitab von WLAN, Verkehrsl\u00e4rm und Alltagsstress z\u00e4hlt nur der n\u00e4chste H\u00f6henmeter. Statt Dauerberieselung aus dem Radio oder dem Kopfh\u00f6rer, bildet Insektensummen und Kuhglocken-Orchester den Soundtrack des Abenteuers. Der Ausblick auf Bischofsm\u00fctze, Dachstein, Tennengebirge, <span class=\"textannotation disambiguated wl-organization\" id=\"urn:local-text-annotation-b3iekzwuy4wg0cx56djtpiecxo4wxmxd\" itemid=\"http:\/\/open.salzburgerland.com\/de\/entity\/hochkoenig\">Hochk\u00f6nig<\/span> und die vergletscherten Dreitausender der Hohen Tauern begleitet die <span class=\"textannotation disambiguated wl-thing\" id=\"urn:local-text-annotation-z7s0icl7vq0zwmkrde5g8x7c4c25v3gq\" itemid=\"http:\/\/open.salzburgerland.com\/de\/entity\/wandern\">Wanderer<\/span> auf ihrer <\/span><b>Tour quer durch den Pongau<\/b><span style=\"font-weight: 400;\"><\/span> auf Schritt und Tritt.<\/p>\n<h2>Seit zwei Jahrzehnte von Alm zu Alm<\/h2>\n<p>Was vor zwei Jahrzehnten als gemeinsame Vision begann, um die einzigartige Almendichte und -vielfalt im SalzburgerLand erlebbar zu machen, ist heute ein Weitwanderklassiker, der G\u00e4ste aus aller Welt begeistert. Dabei ist der Salzburger Almenweg stets mit der Zeit gegangen: Moderne Angebote und durchdachte Services erleichtern die Planung, ohne dass der urspr\u00fcngliche Charakter und die Authentizit\u00e4t des Weges verloren gehen. Genau dieses Zusammenspiel macht ihn seit 20 Jahren so besonders.<\/p>\n<h2>25 Etappen auf \u201eSchuster\u2018s Rappen\u201c<\/h2>\n<p><span style=\"font-weight: 400;\">Von der <\/span><b><a href=\"https:\/\/www.salzburgerland.com\/de\/salzburger-sportwelt-salzburgeralmenweg\/\">Salzburger Sportwelt<\/a> ins <a href=\"https:\/\/www.salzburgerland.com\/de\/tennengebirge-salzburgeralmenweg\/\">Tennengebirge<\/a>, durch das <a href=\"https:\/\/www.salzburgerland.com\/de\/grossarltal-salzburgeralmenweg\/\">Gro\u00dfarltal<\/a> ebenso wie durch das <a href=\"https:\/\/www.salzburgerland.com\/de\/gastein-salzburgeralmenweg\/\">Gasteinertal,<\/a> die\u00a0<a href=\"https:\/\/www.salzburgerland.com\/de\/salzburger-sonnenterrasse-salzbugeralmenweg\"> Salzburger Sonnenterrasse, <\/a>die Ferienregion Hochk\u00f6nig<\/b><span style=\"font-weight: 400;\"><\/span> und <a href=\"https:\/\/www.salzburgerland.com\/de\/weitere-orte-im-pongau-salzburgeralmenweg\/\"><strong>weiteren Orten im Pongau<\/strong><\/a> ziehen sich die <a href=\"https:\/\/www.salzburgerland.com\/de\/die-25-salzburger-almenweg-etappen\/\">25 Etappen<\/a>.\u00a0Sie sind durchgehend mit dem blauen Enzian beschildert. Jede Etappe hat ihren eigenen Zauber. Mal sanft und gr\u00fcn, mal schroff und felsig.\u00a0Mal f\u00fcr Einsteiger, mal f\u00fcr trittsichere Gipfelst\u00fcrmer.<br>\nEinsteigen kann man auf diese Weitwanderung aus allen 25 Orten des Pongaus. Je nach pers\u00f6nlicher Kondition und Bergerfahrung w\u00e4hlt man seine Passage aus drei unterschiedlichen Schwierigkeitsgraden. So kommen Familien mit Kindern, Einsteiger und versierte Bergfexe bestimmt auf ihre Kosten.<\/p>\n<p><span style=\"font-weight: 400;\">Eine Studie belegt, dass <\/span><b>Bewegung auf einer H\u00f6he \u00fcber 1.000 Metern<\/b><span style=\"font-weight: 400;\">\u00a0besonders gesund ist. Sehr sch\u00f6n, denn der <span class=\"textannotation disambiguated wl-thing\" id=\"urn:local-text-annotation-fn5her4hk5n9l3x53xowa10asvq47foc\" itemid=\"http:\/\/open.salzburgerland.com\/de\/entity\/salzburger_almenweg\">Salzburger Almenweg<\/span> verl\u00e4uft zu 90% \u00fcber dieser H\u00f6henmarke! Gesund und vor allem lecker sind auch mit Sicherheit die <a href=\"https:\/\/www.salzburgerland.com\/de\/die-besten-almenweg-schmankerl-geniessen\/\" target=\"_blank\" rel=\"noopener\">Almenweg Schmankerln<\/a>, die auf den urigen H\u00fctten daf\u00fcr sorgen, dass den hungrigen <span class=\"textannotation disambiguated wl-thing\" id=\"urn:local-text-annotation-s0s1zcgd35cg1hjbykzico22cotv0dk5\" itemid=\"http:\/\/open.salzburgerland.com\/de\/entity\/wandern\">Wanderern<\/span> das Wasser im Mund zusammenl\u00e4uft. Die 120 Almh\u00fctten entlang des Weitwanderwegs laden mit echten Pongauer K\u00f6stlichkeiten zur Einkehr oder einer \u00dcbernachtung auf der jeweiligen Etappe ein. Ein gem\u00fctliches Bett oder sogar eine Nacht im Heu sorgen f\u00fcr frische Energie f\u00fcr die n\u00e4chste Etappe. Der Hinweis \u201ef\u00fcr Genussesser\u201c flaggt Etappen mit besonderem Speisenangebot aus. Genauso gibt es aber auch Etappen f\u00fcr \u201eKr\u00e4utersammler\u201c oder \u201ePanoramafreaks\u201c.<\/span><\/p>\n\n\t\t\t<div id=\"60101-1\" class=\"gallery gallery-60101 gallery-columns-3 gallery-size-1170_658\" itemscope itemtype=\"http:\/\/schema.org\/ImageGallery\">\n\t\t\t\t<ul class=\"gallery-row gallery-col-3 gallery-clear\">\n\t\t\t\t\t<li class=\"gallery-item col-3\" itemprop=\"associatedMedia\" itemscope itemtype=\"http:\/\/schema.org\/ImageObject\">\n\t\t\t\t\t\t<div class=\"gallery-icon landscape\"><a href=\"https:\/\/www.salzburgerland.com\/de\/wp-content\/uploads\/2024\/08\/herrliches-panorama-beim-wandern-am-salzburger-almenweg--tvb-grossarltal-1611x1067.jpg\" title=\"Herrliches Panorama beim Wandern am Salzburger Almenweg \u00a9 TVB Gro\u00dfarltal\"><img decoding=\"async\" data-title=\"Herrliches Panorama beim Wandern am Salzburger Almenweg \u00a9 TVB Gro\u00dfarltal\" title=\"Herrliches Panorama beim Wandern am Salzburger Almenweg \u00a9 TVB Gro\u00dfarltal\" data-caption=\"Herrliches Panorama beim Wandern am Salzburger Almenweg \u00a9 TVB Gro\u00dfarltal\" width=\"1170\" height=\"658\" src=\"https:\/\/www.salzburgerland.com\/de\/wp-content\/uploads\/2024\/08\/herrliches-panorama-beim-wandern-am-salzburger-almenweg--tvb-grossarltal-1170x658.jpg\" class=\"attachment-1170_658 size-1170_658\" alt=\"Herrliches Panorama beim Wandern am Salzburger Almenweg \u00a9 TVB Gro\u00dfarltal (vergr\u00f6\u00dferte Ansicht)\" srcset=\"https:\/\/www.salzburgerland.com\/de\/wp-content\/uploads\/2024\/08\/herrliches-panorama-beim-wandern-am-salzburger-almenweg--tvb-grossarltal-1170x658.jpg 1170w, https:\/\/www.salzburgerland.com\/de\/wp-content\/uploads\/2024\/08\/herrliches-panorama-beim-wandern-am-salzburger-almenweg--tvb-grossarltal-1200x675.jpg 1200w\" sizes=\"(max-width: 1170px) 100vw, 1170px\" aria-describedby=\"figcaption-60101-677947\" itemprop=\"thumbnail\"><\/a><\/div>\n\t\t\t\t\t\t<span id=\"figcaption-60101-677947\" class=\"gallery-caption\" itemprop=\"caption\"><span aria-hidden=\"true\">Herrliches Panorama beim Wandern am Salzburger Almenweg \u00a9 TVB Gro\u00dfarltal<\/span><\/span>\n\t\t\t\t\t<\/li>\n\t\t\t\t\t<li class=\"gallery-item col-3\" itemprop=\"associatedMedia\" itemscope itemtype=\"http:\/\/schema.org\/ImageObject\">\n\t\t\t\t\t\t<div class=\"gallery-icon landscape\"><a href=\"https:\/\/www.salzburgerland.com\/de\/wp-content\/uploads\/2024\/02\/troegseen.jpg\" title=\"Tr\u00f6gseen im Gro\u00dfarltal, Etappe 13\"><img decoding=\"async\" data-title=\"Gro\u00dfarltal\" title=\"Gro\u00dfarltal\" data-caption=\"Gro\u00dfarltal\" width=\"1170\" height=\"658\" src=\"https:\/\/www.salzburgerland.com\/de\/wp-content\/uploads\/2024\/02\/troegseen-1170x658.jpg\" class=\"attachment-1170_658 size-1170_658\" alt=\"Tr\u00f6gseen im Gro\u00dfarltal (vergr\u00f6\u00dferte Ansicht)\" srcset=\"https:\/\/www.salzburgerland.com\/de\/wp-content\/uploads\/2024\/02\/troegseen-1170x658.jpg 1170w, https:\/\/www.salzburgerland.com\/de\/wp-content\/uploads\/2024\/02\/troegseen-1200x675.jpg 1200w\" sizes=\"(max-width: 1170px) 100vw, 1170px\" aria-describedby=\"figcaption-60101-668311\" itemprop=\"thumbnail\"><\/a><\/div>\n\t\t\t\t\t\t<span id=\"figcaption-60101-668311\" class=\"gallery-caption\" itemprop=\"caption\"><span aria-hidden=\"true\">Gro\u00dfarltal<\/span><\/span>\n\t\t\t\t\t<\/li>\n\t\t\t\t\t<li class=\"gallery-item col-3\" itemprop=\"associatedMedia\" itemscope itemtype=\"http:\/\/schema.org\/ImageObject\">\n\t\t\t\t\t\t<div class=\"gallery-icon landscape\"><a href=\"https:\/\/www.salzburgerland.com\/de\/wp-content\/uploads\/2024\/02\/smt-videoproduktion_23--25-08-22_lr--geri-oberreiter-flachau-tourismus-162-1601x1067.jpg\" title=\"Oberh\u00fctte am See, Obertauern\"><img decoding=\"async\" data-title=\"(c) Flachau Tourismus, Salzburger Almenweg Etappe 19, Oberh\u00fctte am See\" title=\"(c) Flachau Tourismus, Salzburger Almenweg Etappe 19, Oberh\u00fctte am See\" data-caption=\"(c) Flachau Tourismus, Salzburger Almenweg Etappe 19, Oberh\u00fctte am See\" width=\"1170\" height=\"658\" src=\"https:\/\/www.salzburgerland.com\/de\/wp-content\/uploads\/2024\/02\/smt-videoproduktion_23--25-08-22_lr--geri-oberreiter-flachau-tourismus-162-1170x658.jpg\" class=\"attachment-1170_658 size-1170_658\" alt=\"Eine rustikale Bergh\u00fctte am Weg, umgeben von gr\u00fcnen H\u00fcgeln und felsigen Gipfeln - Der ganze Trail in einem St\u00fcck. (vergr\u00f6\u00dferte Ansicht)\" srcset=\"https:\/\/www.salzburgerland.com\/de\/wp-content\/uploads\/2024\/02\/smt-videoproduktion_23--25-08-22_lr--geri-oberreiter-flachau-tourismus-162-1170x658.jpg 1170w, https:\/\/www.salzburgerland.com\/de\/wp-content\/uploads\/2024\/02\/smt-videoproduktion_23--25-08-22_lr--geri-oberreiter-flachau-tourismus-162-1200x675.jpg 1200w\" sizes=\"(max-width: 1170px) 100vw, 1170px\" aria-describedby=\"figcaption-60101-668373\" itemprop=\"thumbnail\"><\/a><\/div>\n\t\t\t\t\t\t<span id=\"figcaption-60101-668373\" class=\"gallery-caption\" itemprop=\"caption\"><span aria-hidden=\"true\">(c) Flachau Tourismus, Salzburger Almenweg Etappe 19, Oberh\u00fctte am See<\/span><\/span>\n\t\t\t\t\t<\/li>\n\t\t\t\t<\/ul>\n\t\t\t\t<ul class=\"gallery-row gallery-col-3 gallery-clear\">\n\t\t\t\t\t<li class=\"gallery-item col-3\" itemprop=\"associatedMedia\" itemscope itemtype=\"http:\/\/schema.org\/ImageObject\">\n\t\t\t\t\t\t<div class=\"gallery-icon landscape\"><a href=\"https:\/\/www.salzburgerland.com\/de\/wp-content\/uploads\/2016\/08\/mg_2625gadaunerer-hochalm-raffalt-1920x1067.jpg\" title=\"Gadaunerer Hochalm Gastein\"><img decoding=\"async\" data-title=\"(c) H. Raffalt\" title=\"(c) H. Raffalt\" data-caption=\"(c) H. Raffalt\" width=\"1170\" height=\"658\" src=\"https:\/\/www.salzburgerland.com\/de\/wp-content\/uploads\/2016\/08\/mg_2625gadaunerer-hochalm-raffalt-1170x658.jpg\" class=\"attachment-1170_658 size-1170_658\" alt=\"Die H\u00fctten am Almenweg liegen an einem \u00fcppig gr\u00fcnen Hang, umrahmt von Bergen und einem blauen Himmel. (vergr\u00f6\u00dferte Ansicht)\" aria-describedby=\"figcaption-60101-112771\" itemprop=\"thumbnail\"><\/a><\/div>\n\t\t\t\t\t\t<span id=\"figcaption-60101-112771\" class=\"gallery-caption\" itemprop=\"caption\"><span aria-hidden=\"true\">(c) H. Raffalt<\/span><\/span>\n\t\t\t\t\t<\/li>\n\t\t\t\t\t<li class=\"gallery-item col-3\" itemprop=\"associatedMedia\" itemscope itemtype=\"http:\/\/schema.org\/ImageObject\">\n\t\t\t\t\t\t<div class=\"gallery-icon landscape\"><a href=\"https:\/\/www.salzburgerland.com\/de\/wp-content\/uploads\/2016\/08\/karseggalm-salzburger-almsommer-1800x1067.jpg\" title=\"karseggalm-salzburger-almsommer\"><img decoding=\"async\" data-title=\"(c) www.grossarltal.com\" title=\"(c) www.grossarltal.com\" data-caption=\"(c) www.grossarltal.com\" width=\"1170\" height=\"658\" src=\"https:\/\/www.salzburgerland.com\/de\/wp-content\/uploads\/2016\/08\/karseggalm-salzburger-almsommer-1170x658.jpg\" class=\"attachment-1170_658 size-1170_658\" alt=\"Zwei bunte Schilder an einer Holzwand - auf dem einen steht Salzburger Alm Sommer, auf dem anderen ist eine blaue Almenweg-Blume abgebildet. (vergr\u00f6\u00dferte Ansicht)\" aria-describedby=\"figcaption-60101-112770\" itemprop=\"thumbnail\"><\/a><\/div>\n\t\t\t\t\t\t<span id=\"figcaption-60101-112770\" class=\"gallery-caption\" itemprop=\"caption\"><span aria-hidden=\"true\">(c) www.grossarltal.com<\/span><\/span>\n\t\t\t\t\t<\/li>\n\t\t\t\t\t<li class=\"gallery-item col-3\" itemprop=\"associatedMedia\" itemscope itemtype=\"http:\/\/schema.org\/ImageObject\">\n\t\t\t\t\t\t<div class=\"gallery-icon landscape\"><a href=\"https:\/\/www.salzburgerland.com\/de\/wp-content\/uploads\/2016\/08\/rossbrand-radstadt-raffalt-1920x1067.jpg\" title=\"Rossbrand Radstadt\"><img decoding=\"async\" data-title=\"(c) H. Raffalt\" title=\"(c) H. Raffalt\" data-caption=\"(c) H. Raffalt\" width=\"1170\" height=\"658\" src=\"https:\/\/www.salzburgerland.com\/de\/wp-content\/uploads\/2016\/08\/rossbrand-radstadt-raffalt-1170x658.jpg\" class=\"attachment-1170_658 size-1170_658\" alt=\"Ein gro\u00dfes Gipfelkreuz mit B\u00e4nken entlang des Almenweges bietet einen Blick auf schneebedeckte Berge unter strahlend blauem Himmel. (vergr\u00f6\u00dferte Ansicht)\" aria-describedby=\"figcaption-60101-112772\" itemprop=\"thumbnail\"><\/a><\/div>\n\t\t\t\t\t\t<span id=\"figcaption-60101-112772\" class=\"gallery-caption\" itemprop=\"caption\"><span aria-hidden=\"true\">(c) H. Raffalt<\/span><\/span>\n\t\t\t\t\t<\/li>\n\t\t\t\t<\/ul>\n\t\t\t<\/div><!-- .gallery -->\n\n<h2>Einblick in das Wandergl\u00fcck des Salzburger Almenweges<\/h2>\n<p><span style=\"font-weight: 400;\">Der Moment des Gipfelsieges, wenn der Wind sacht um die Nase streift und nur das Gipfelkreuz Zeuge dieses magischen Moments ist. Das f\u00fcllt die Energiereserven und schenkt ein Gef\u00fchl der absoluten Freiheit. Etappe f\u00fcr Etappe entfernt man sich von der Hektik und findet zu seinem eigenen Rhythmus.<\/span><\/p>\n<p><iframe title=\"Den Salzburger Almenweg erleben!\" width=\"500\" height=\"281\" src=\"https:\/\/www.youtube-nocookie.com\/embed\/2P9t1o105-I?feature=oembed&amp;rel=0&amp;modestbranding=1\" frameborder=\"0\" allow=\"accelerometer; autoplay; clipboard-write; encrypted-media; gyroscope; picture-in-picture; web-share\" referrerpolicy=\"strict-origin-when-cross-origin\" allowfullscreen><\/iframe><\/p>\n<h2>Buchbares Weitwandererlebnis<\/h2>\n<p>Der Salzburger Almenweg verbindet urspr\u00fcngliches Naturerlebnis mit den M\u00f6glichkeiten eines individuell planbaren Weitwanderabenteuers. Im <a href=\"https:\/\/www.salzburgerland.com\/de\/buchbares-weitwandererlebnis\/\" target=\"_blank\" rel=\"noopener\">offiziellen Info- und Buchungscenter<\/a> unterst\u00fctzt Euch ein erfahrenes Team dabei, Eure pers\u00f6nliche Tour ganz nach Euren W\u00fcnschen zu gestalten \u2013 von der ersten Idee bis zur fertigen Route. Ob Einsteiger oder erfahrene Weitwanderer, ob mit leichtem Gep\u00e4ck oder klimafreundlich mit der Bahn: Dank durchdachter Planung und umfassender Betreuung wird aus jeder Tour ein entspanntes und unvergessliches Erlebnis.<\/p>\n<h2>Informationen zum Almenweg<\/h2>\n<p>Detaillierte <b>Wegbeschreibungen mit H\u00f6henprofilen, GPS-Daten und zus\u00e4tzlichen Gipfel-Varianten findet ihr bei der <a href=\"https:\/\/www.salzburgerland.com\/de\/die-25-salzburger-almenweg-etappen\/\" target=\"_blank\" rel=\"noopener\">\u00dcbersicht der 25 Etappen<\/a><\/b><span style=\"font-weight: 400;\">. Auch Sehensw\u00fcrdigkeiten in der N\u00e4he der Routen und Einkehr- und \u00dcbernachtungsm\u00f6glichkeiten entlang der Etappen sind genau aufgelistet. Einige Orte bieten auch spezielle Pauschalen f\u00fcr die Weitwanderer an. H\u00fctten\u00fcbernachtungen kann man bei seinem Gastgeber vor Ort reservieren lassen.<\/span><\/p>\n<h2>Enzian jagen und Stempel erbeuten!<\/h2>\n<p><span style=\"font-weight: 400;\">Um neben den unz\u00e4hligen, atemberaubenden Berg-Erlebnissen auch eine kleine Erinnerung mit nach Hause nehmen zu k\u00f6nnen, holt man sich bei jeder H\u00fctteneinkehr einfach seinen Stempel ab. Besonders Kinder entwickeln auf der Jagd nach dem n\u00e4chsten Stempel einen besonderen Ehrgeiz. Und als Belohnung winkt \u2013 je nach Stempelergebnis \u2013 eine <a href=\"https:\/\/www.salzburgerland.com\/de\/salzburger-almenweg-wandernadeln\/\" target=\"_blank\" rel=\"noopener\">Wandernadel<\/a>. Den <strong>Wanderbrosch\u00fcre mit integriertem Stempelpass<\/strong>holt<\/span> man sich einfach <b>in allen Tourismusverb\u00e4nden der Talorte<\/b><span style=\"font-weight: 400;\">\u00a0und los geht die Jagd auf den blauen Enzian!<\/span><\/p>\n<p>\u00a0<\/p>\n","protected":false},"excerpt":{"rendered":"<p>Weitab von WLAN, Verkehrsl\u00e4rm und Alltagsstress z\u00e4hlt nur der n\u00e4chste H\u00f6henmeter. Statt Dauerberieselung aus dem Radio oder dem Kopfh\u00f6rer, bildet Insektensummen und Kuhglocken-Orchester den Soundtrack des Abenteuers. Der Ausblick auf Bischofsm\u00fctze, Dachstein, Tennengebirge, Hochk\u00f6nig und die vergletscherten Dreitausender der Hohen Tauern begleitet die Wanderer auf ihrer Tour quer durch den Pongau auf Schritt und Tritt. [&hellip;]<\/p>\n","protected":false},"author":19,"featured_media":597902,"comment_status":"closed","ping_status":"closed","sticky":false,"template":"","format":"standard","meta":{"_acf_changed":false,"wl_entities_gutenberg":"","_relevanssi_hide_post":"","_relevanssi_hide_content":"","_relevanssi_pin_for_all":"","_relevanssi_pin_keywords":"","_relevanssi_unpin_keywords":"","_relevanssi_related_keywords":"","_relevanssi_related_include_ids":"","_relevanssi_related_exclude_ids":"","_relevanssi_related_no_append":"","_relevanssi_related_not_related":"","_relevanssi_related_posts":"","_relevanssi_noindex_reason":"","footnotes":""},"categories":[1],"tags":[],"wl_entity_type":[11495],"class_list":["post-60101","post","type-post","status-publish","format-standard","has-post-thumbnail","hentry","category-allgemein","wl_entity_type-article"],"acf":[],"yoast_head":"<!-- This site is optimized with the Yoast SEO Premium plugin v26.9 (Yoast SEO v26.9) - https:\/\/yoast.com\/product\/yoast-seo-premium-wordpress\/ -->\n<title>Salzburger Almenweg: Weitwandern durchs SalzburgerLand<\/title>\n<meta name=\"description\" content=\"Wandergl\u00fcck am Salzburger Almenweg. H\u00fctten und Almen im SalzburgerLand bewandern und entdecken.\" \/>\n<meta name=\"robots\" content=\"index, follow, max-snippet:-1, max-image-preview:large, max-video-preview:-1\" \/>\n<link rel=\"canonical\" href=\"https:\/\/www.salzburgerland.com\/de\/wp-json\/wp\/v2\/posts\/60101\" \/>\n<meta property=\"og:locale\" content=\"de_DE\" \/>\n<meta property=\"og:type\" content=\"article\" \/>\n<meta property=\"og:title\" content=\"Unvergessliches Wandergl\u00fcck am Salzburger Almenweg\" \/>\n<meta property=\"og:description\" content=\"Wandergl\u00fcck am Salzburger Almenweg. H\u00fctten und Almen im SalzburgerLand bewandern und entdecken.\" \/>\n<meta property=\"og:url\" content=\"https:\/\/www.salzburgerland.com\/de\/wp-json\/wp\/v2\/posts\/60101\" \/>\n<meta property=\"og:site_name\" content=\"SalzburgerLand.com\" \/>\n<meta property=\"article:publisher\" content=\"https:\/\/www.facebook.com\/salzburgerland\/\" \/>\n<meta property=\"article:published_time\" content=\"2016-08-30T10:27:34+00:00\" \/>\n<meta property=\"article:modified_time\" content=\"2026-04-13T08:47:22+00:00\" \/>\n<meta property=\"og:image\" content=\"https:\/\/www.salzburgerland.com\/de\/wp-content\/uploads\/2021\/07\/rs3837_slt_grossarl_almenweg_chrisperkles-71-scr-1-1100x675.jpg\" \/>\n\t<meta property=\"og:image:width\" content=\"1100\" \/>\n\t<meta property=\"og:image:height\" content=\"675\" \/>\n\t<meta property=\"og:image:type\" content=\"image\/jpeg\" \/>\n<meta name=\"author\" content=\"Edith Danzer\" \/>\n<meta name=\"twitter:card\" content=\"summary_large_image\" \/>\n<meta name=\"twitter:creator\" content=\"@Salzburgerland\" \/>\n<meta name=\"twitter:site\" content=\"@Salzburgerland\" \/>\n<meta name=\"twitter:label1\" content=\"Verfasst von\" \/>\n\t<meta name=\"twitter:data1\" content=\"Edith Danzer\" \/>\n\t<meta name=\"twitter:label2\" content=\"Gesch\u00e4tzte Lesezeit\" \/>\n\t<meta name=\"twitter:data2\" content=\"7\u00a0Minuten\" \/>\n<script type=\"application\/ld+json\" class=\"yoast-schema-graph\">{\"@context\":\"https:\/\/schema.org\",\"@graph\":[{\"@type\":\"WebPage\",\"@id\":\"https:\/\/www.salzburgerland.com\/de\/wanderglueck-am-almenweg\/\",\"url\":\"https:\/\/www.salzburgerland.com\/de\/wanderglueck-am-almenweg\/\",\"name\":\"Salzburger Almenweg: Weitwandern durchs SalzburgerLand\",\"isPartOf\":{\"@id\":\"https:\/\/www.salzburgerland.com\/de\/#website\"},\"primaryImageOfPage\":{\"@id\":\"https:\/\/www.salzburgerland.com\/de\/wanderglueck-am-almenweg\/#primaryimage\"},\"image\":{\"@id\":\"https:\/\/www.salzburgerland.com\/de\/wanderglueck-am-almenweg\/#primaryimage\"},\"thumbnailUrl\":\"https:\/\/www.salzburgerland.com\/de\/wp-content\/uploads\/2021\/07\/rs3837_slt_grossarl_almenweg_chrisperkles-71-scr-1.jpg\",\"datePublished\":\"2016-08-30T10:27:34+00:00\",\"dateModified\":\"2026-04-13T08:47:22+00:00\",\"description\":\"Wandergl\u00fcck am Salzburger Almenweg. H\u00fctten und Almen im SalzburgerLand bewandern und entdecken.\",\"breadcrumb\":{\"@id\":\"https:\/\/www.salzburgerland.com\/de\/wanderglueck-am-almenweg\/#breadcrumb\"},\"inLanguage\":\"de\",\"potentialAction\":[{\"@type\":\"ReadAction\",\"target\":[\"https:\/\/www.salzburgerland.com\/de\/wanderglueck-am-almenweg\/\"]}]},{\"@type\":\"ImageObject\",\"inLanguage\":\"de\",\"@id\":\"https:\/\/www.salzburgerland.com\/de\/wanderglueck-am-almenweg\/#primaryimage\",\"url\":\"https:\/\/www.salzburgerland.com\/de\/wp-content\/uploads\/2021\/07\/rs3837_slt_grossarl_almenweg_chrisperkles-71-scr-1.jpg\",\"contentUrl\":\"https:\/\/www.salzburgerland.com\/de\/wp-content\/uploads\/2021\/07\/rs3837_slt_grossarl_almenweg_chrisperkles-71-scr-1.jpg\",\"width\":1100,\"height\":733,\"caption\":\"\u00a9 SalzburgerLand Tourismus\"},{\"@type\":\"BreadcrumbList\",\"@id\":\"https:\/\/www.salzburgerland.com\/de\/wanderglueck-am-almenweg\/#breadcrumb\",\"itemListElement\":[{\"@type\":\"ListItem\",\"position\":1,\"name\":\"Almsommer\",\"item\":\"https:\/\/www.salzburgerland.com\/de\/almsommer\/\"},{\"@type\":\"ListItem\",\"position\":2,\"name\":\"Unvergessliches Wandergl\u00fcck am Salzburger Almenweg\"}]},{\"@type\":\"WebSite\",\"@id\":\"https:\/\/www.salzburgerland.com\/de\/#website\",\"url\":\"https:\/\/www.salzburgerland.com\/de\/\",\"name\":\"SalzburgerLand.com\",\"description\":\"Ihr Urlaub in Salzburg, \u00d6sterreich\",\"publisher\":{\"@id\":\"https:\/\/www.salzburgerland.com\/de\/#organization\"},\"potentialAction\":[{\"@type\":\"SearchAction\",\"target\":{\"@type\":\"EntryPoint\",\"urlTemplate\":\"https:\/\/www.salzburgerland.com\/de\/?s={search_term_string}\"},\"query-input\":{\"@type\":\"PropertyValueSpecification\",\"valueRequired\":true,\"valueName\":\"search_term_string\"}}],\"inLanguage\":\"de\"},{\"@type\":\"Organization\",\"@id\":\"https:\/\/www.salzburgerland.com\/de\/#organization\",\"name\":\"SalzburgerLand Tourismus GmbH\",\"url\":\"https:\/\/www.salzburgerland.com\/de\/\",\"logo\":{\"@type\":\"ImageObject\",\"inLanguage\":\"de\",\"@id\":\"https:\/\/www.salzburgerland.com\/de\/#\/schema\/logo\/image\/\",\"url\":\"https:\/\/www.salzburgerland.com\/de\/wp-content\/uploads\/2017\/01\/salzburgerland-logo.jpg\",\"contentUrl\":\"https:\/\/www.salzburgerland.com\/de\/wp-content\/uploads\/2017\/01\/salzburgerland-logo.jpg\",\"width\":1920,\"height\":827,\"caption\":\"SalzburgerLand Tourismus GmbH\"},\"image\":{\"@id\":\"https:\/\/www.salzburgerland.com\/de\/#\/schema\/logo\/image\/\"},\"sameAs\":[\"https:\/\/www.facebook.com\/salzburgerland\/\",\"https:\/\/x.com\/Salzburgerland\",\"https:\/\/www.instagram.com\/salzburgerland\/\",\"http:\/\/dbpedia.org\/resource\/Salzburg_(state)\",\"http:\/\/wikidata.dbpedia.org\/resource\/Q43325\",\"http:\/\/open.salzburgerland.com\/de\/entity\/salzburgerland\",\"https:\/\/www.youtube.com\/user\/salzburgerland\"]},{\"@type\":\"Person\",\"@id\":\"https:\/\/www.salzburgerland.com\/de\/#\/schema\/person\/ca054217aa8036e6c8845e82eca0d9e9\",\"name\":\"Edith Danzer\",\"image\":{\"@type\":\"ImageObject\",\"inLanguage\":\"de\",\"@id\":\"https:\/\/www.salzburgerland.com\/de\/#\/schema\/person\/image\/\",\"url\":\"https:\/\/secure.gravatar.com\/avatar\/e7c744dec57c71e252f5439ca48245592f78eb791acd9405ac752ca9e313c1ef?s=96&d=mm&r=g\",\"contentUrl\":\"https:\/\/secure.gravatar.com\/avatar\/e7c744dec57c71e252f5439ca48245592f78eb791acd9405ac752ca9e313c1ef?s=96&d=mm&r=g\",\"caption\":\"Edith Danzer\"}}]}<\/script>\n<!-- \/ Yoast SEO Premium plugin. -->","yoast_head_json":{"title":"Salzburger Almenweg: Weitwandern durchs SalzburgerLand","description":"Wandergl\u00fcck am Salzburger Almenweg. H\u00fctten und Almen im SalzburgerLand bewandern und entdecken.","robots":{"index":"index","follow":"follow","max-snippet":"max-snippet:-1","max-image-preview":"max-image-preview:large","max-video-preview":"max-video-preview:-1"},"canonical":"https:\/\/www.salzburgerland.com\/de\/wp-json\/wp\/v2\/posts\/60101","og_locale":"de_DE","og_type":"article","og_title":"Unvergessliches Wandergl\u00fcck am Salzburger Almenweg","og_description":"Wandergl\u00fcck am Salzburger Almenweg. H\u00fctten und Almen im SalzburgerLand bewandern und entdecken.","og_url":"https:\/\/www.salzburgerland.com\/de\/wp-json\/wp\/v2\/posts\/60101","og_site_name":"SalzburgerLand.com","article_publisher":"https:\/\/www.facebook.com\/salzburgerland\/","article_published_time":"2016-08-30T10:27:34+00:00","article_modified_time":"2026-04-13T08:47:22+00:00","og_image":[{"width":1100,"height":675,"url":"https:\/\/www.salzburgerland.com\/de\/wp-content\/uploads\/2021\/07\/rs3837_slt_grossarl_almenweg_chrisperkles-71-scr-1-1100x675.jpg","type":"image\/jpeg"}],"author":"Edith Danzer","twitter_card":"summary_large_image","twitter_creator":"@Salzburgerland","twitter_site":"@Salzburgerland","twitter_misc":{"Verfasst von":"Edith Danzer","Gesch\u00e4tzte Lesezeit":"7\u00a0Minuten"},"schema":{"@context":"https:\/\/schema.org","@graph":[{"@type":"WebPage","@id":"https:\/\/www.salzburgerland.com\/de\/wanderglueck-am-almenweg\/","url":"https:\/\/www.salzburgerland.com\/de\/wanderglueck-am-almenweg\/","name":"Salzburger Almenweg: Weitwandern durchs SalzburgerLand","isPartOf":{"@id":"https:\/\/www.salzburgerland.com\/de\/#website"},"primaryImageOfPage":{"@id":"https:\/\/www.salzburgerland.com\/de\/wanderglueck-am-almenweg\/#primaryimage"},"image":{"@id":"https:\/\/www.salzburgerland.com\/de\/wanderglueck-am-almenweg\/#primaryimage"},"thumbnailUrl":"https:\/\/www.salzburgerland.com\/de\/wp-content\/uploads\/2021\/07\/rs3837_slt_grossarl_almenweg_chrisperkles-71-scr-1.jpg","datePublished":"2016-08-30T10:27:34+00:00","dateModified":"2026-04-13T08:47:22+00:00","description":"Wandergl\u00fcck am Salzburger Almenweg. H\u00fctten und Almen im SalzburgerLand bewandern und entdecken.","breadcrumb":{"@id":"https:\/\/www.salzburgerland.com\/de\/wanderglueck-am-almenweg\/#breadcrumb"},"inLanguage":"de","potentialAction":[{"@type":"ReadAction","target":["https:\/\/www.salzburgerland.com\/de\/wanderglueck-am-almenweg\/"]}]},{"@type":"ImageObject","inLanguage":"de","@id":"https:\/\/www.salzburgerland.com\/de\/wanderglueck-am-almenweg\/#primaryimage","url":"https:\/\/www.salzburgerland.com\/de\/wp-content\/uploads\/2021\/07\/rs3837_slt_grossarl_almenweg_chrisperkles-71-scr-1.jpg","contentUrl":"https:\/\/www.salzburgerland.com\/de\/wp-content\/uploads\/2021\/07\/rs3837_slt_grossarl_almenweg_chrisperkles-71-scr-1.jpg","width":1100,"height":733,"caption":"\u00a9 SalzburgerLand Tourismus"},{"@type":"BreadcrumbList","@id":"https:\/\/www.salzburgerland.com\/de\/wanderglueck-am-almenweg\/#breadcrumb","itemListElement":[{"@type":"ListItem","position":1,"name":"Almsommer","item":"https:\/\/www.salzburgerland.com\/de\/almsommer\/"},{"@type":"ListItem","position":2,"name":"Unvergessliches Wandergl\u00fcck am Salzburger Almenweg"}]},{"@type":"WebSite","@id":"https:\/\/www.salzburgerland.com\/de\/#website","url":"https:\/\/www.salzburgerland.com\/de\/","name":"SalzburgerLand.com","description":"Ihr Urlaub in Salzburg, \u00d6sterreich","publisher":{"@id":"https:\/\/www.salzburgerland.com\/de\/#organization"},"potentialAction":[{"@type":"SearchAction","target":{"@type":"EntryPoint","urlTemplate":"https:\/\/www.salzburgerland.com\/de\/?s={search_term_string}"},"query-input":{"@type":"PropertyValueSpecification","valueRequired":true,"valueName":"search_term_string"}}],"inLanguage":"de"},{"@type":"Organization","@id":"https:\/\/www.salzburgerland.com\/de\/#organization","name":"SalzburgerLand Tourismus GmbH","url":"https:\/\/www.salzburgerland.com\/de\/","logo":{"@type":"ImageObject","inLanguage":"de","@id":"https:\/\/www.salzburgerland.com\/de\/#\/schema\/logo\/image\/","url":"https:\/\/www.salzburgerland.com\/de\/wp-content\/uploads\/2017\/01\/salzburgerland-logo.jpg","contentUrl":"https:\/\/www.salzburgerland.com\/de\/wp-content\/uploads\/2017\/01\/salzburgerland-logo.jpg","width":1920,"height":827,"caption":"SalzburgerLand Tourismus GmbH"},"image":{"@id":"https:\/\/www.salzburgerland.com\/de\/#\/schema\/logo\/image\/"},"sameAs":["https:\/\/www.facebook.com\/salzburgerland\/","https:\/\/x.com\/Salzburgerland","https:\/\/www.instagram.com\/salzburgerland\/","http:\/\/dbpedia.org\/resource\/Salzburg_(state)","http:\/\/wikidata.dbpedia.org\/resource\/Q43325","http:\/\/open.salzburgerland.com\/de\/entity\/salzburgerland","https:\/\/www.youtube.com\/user\/salzburgerland"]},{"@type":"Person","@id":"https:\/\/www.salzburgerland.com\/de\/#\/schema\/person\/ca054217aa8036e6c8845e82eca0d9e9","name":"Edith Danzer","image":{"@type":"ImageObject","inLanguage":"de","@id":"https:\/\/www.salzburgerland.com\/de\/#\/schema\/person\/image\/","url":"https:\/\/secure.gravatar.com\/avatar\/e7c744dec57c71e252f5439ca48245592f78eb791acd9405ac752ca9e313c1ef?s=96&d=mm&r=g","contentUrl":"https:\/\/secure.gravatar.com\/avatar\/e7c744dec57c71e252f5439ca48245592f78eb791acd9405ac752ca9e313c1ef?s=96&d=mm&r=g","caption":"Edith Danzer"}}]}},"_wl_alt_label":[],"wl:entity_url":"http:\/\/open.salzburgerland.com\/de\/post\/salzburger_almenweg","_links":{"self":[{"href":"https:\/\/www.salzburgerland.com\/de\/wp-json\/wp\/v2\/posts\/60101","targetHints":{"allow":["GET"]}}],"collection":[{"href":"https:\/\/www.salzburgerland.com\/de\/wp-json\/wp\/v2\/posts"}],"about":[{"href":"https:\/\/www.salzburgerland.com\/de\/wp-json\/wp\/v2\/types\/post"}],"author":[{"embeddable":true,"href":"https:\/\/www.salzburgerland.com\/de\/wp-json\/wp\/v2\/users\/19"}],"replies":[{"embeddable":true,"href":"https:\/\/www.salzburgerland.com\/de\/wp-json\/wp\/v2\/comments?post=60101"}],"version-history":[{"count":13,"href":"https:\/\/www.salzburgerland.com\/de\/wp-json\/wp\/v2\/posts\/60101\/revisions"}],"predecessor-version":[{"id":682083,"href":"https:\/\/www.salzburgerland.com\/de\/wp-json\/wp\/v2\/posts\/60101\/revisions\/682083"}],"wp:featuredmedia":[{"embeddable":true,"href":"https:\/\/www.salzburgerland.com\/de\/wp-json\/wp\/v2\/media\/597902"}],"wp:attachment":[{"href":"https:\/\/www.salzburgerland.com\/de\/wp-json\/wp\/v2\/media?parent=60101"}],"wp:term":[{"taxonomy":"category","embeddable":true,"href":"https:\/\/www.salzburgerland.com\/de\/wp-json\/wp\/v2\/categories?post=60101"},{"taxonomy":"post_tag","embeddable":true,"href":"https:\/\/www.salzburgerland.com\/de\/wp-json\/wp\/v2\/tags?post=60101"},{"taxonomy":"wl_entity_type","embeddable":true,"href":"https:\/\/www.salzburgerland.com\/de\/wp-json\/wp\/v2\/wl_entity_type?post=60101"}],"curies":[{"name":"wp","href":"https:\/\/api.w.org\/{rel}","templated":true}]}}