{"id":60095,"date":"2016-08-30T11:59:45","date_gmt":"2016-08-30T09:59:45","guid":{"rendered":"https:\/\/www.onebigpark.at\/de\/?p=60095"},"modified":"2025-06-12T19:10:24","modified_gmt":"2025-06-12T17:10:24","slug":"ausgezeichnete-almsommerhuetten-huette-des-jahres","status":"publish","type":"post","link":"https:\/\/www.salzburgerland.com\/de\/ausgezeichnete-almsommerhuetten-huette-des-jahres\/","title":{"rendered":"Almsommerh\u00fctten"},"content":{"rendered":"<p><span style=\"font-weight: 400;\">\u201eAuffi muass i!\u201c So lautet das Credo vieler Bergfexe. Denn jede Wanderung hat ein Ziel. Meist sind es die markanten Gipfel des SalzburgerLandes, die H\u00f6henmeter f\u00fcr H\u00f6henmeter erk\u00e4mpft werden, um von ganz oben weite Blicke ins Tal und auf ausgedehnte gr\u00fcne W\u00e4lder werfen zu k\u00f6nnen. Doch sp\u00e4testens nach dem Gipfelsieg wartet auf den saftigen Almweiden bereits das n\u00e4chste lohnende Ziel: die Almh\u00fctte. Urig soll sie sein, gem\u00fctlich und traditionell. Und nat\u00fcrlich sehnt sich der leere Magen nach herzhaften\u00a0<\/span><b>regionalen Schmankerln\u00a0<\/b><span style=\"font-weight: 400;\">und einem\u00a0erfrischenden Glas Hollersaft mit k\u00fchlem Quellwasser auf einer der herzlich bewirtschafteten Almsommerh\u00fctten. <\/span><\/p>\n<h2>\u201eGrias di\u201c auf der Almsommerh\u00fctte<\/h2>\n<p><span style=\"font-weight: 400;\">Die Endorphine h\u00fcpfen beim Abstieg vom Gipfel bereits in der Blutbahn. Mit jedem Schritt steigt die Vorfreude auf die Einkehr. Die Kuhglocken sorgen f\u00fcr die musikalische Untermalung auf dem Weg zur Almsommerh\u00fctte. Und noch bevor die h\u00f6lzerne Umz\u00e4unung der H\u00fctte erreicht ist, erkennt man: Hier ist man richtig! <\/span><b>Das orange Schild\u00a0der <a href=\"https:\/\/www.salzburgerland.com\/de\/almsommerhuetten-liste\/pois\" rel=\"noopener\">ausgezeichneten Almsommerh\u00fctten<\/a><\/b><span style=\"font-weight: 400;\"><\/span> signalisiert schon von Weitem, dass die Erwartungen an eine authentische H\u00fctte hier voll erf\u00fcllt werden. Beim \u00d6ffnen des Gatters wird die Nase schon mit dem <b>Duft von echten,<\/b> <b>regionalen H\u00fcttenklassikern<\/b><span style=\"font-weight: 400;\"> verw\u00f6hnt. Die H\u00fcttenwirtin gr\u00fc\u00dft mit einem herzlichen \u201e<a href=\"https:\/\/www.salzburgerland.com\/de\/magazin\/das-almsommer-abc\/\" target=\"_blank\" rel=\"noopener noreferrer\">Grias di<\/a>\u201c. Dampfende Suppensch\u00fcsseln mit Pinzgauer Kaspresskn\u00f6deln, Bauernkrapfen mit Sauerkraut, Schwammerlgerichte frisch aus dem Wald, Hollerkoch und Kaiserschmarrn lassen die Neuank\u00f6mmlinge schnell einen Platz auf der sonnigen Terrasse einnehmen.<\/span><\/p>\n<div id=\"attachment_393659\" style=\"width: 1180px\" class=\"wp-caption alignnone\"><img decoding=\"async\" aria-describedby=\"caption-attachment-393659\" class=\"size-1170_658 wp-image-393659\" src=\"https:\/\/cdn.salzburgerland.com\/de\/wp-content\/uploads\/2016\/08\/kaiserschmarrn-1170x658.jpg\" alt=\"Kaiserschmarren, \u00a9 SalzburgerLand Tourismus, Markus Berger\" width=\"1170\" height=\"658\" srcset=\"https:\/\/www.salzburgerland.com\/de\/wp-content\/uploads\/2016\/08\/kaiserschmarrn-1170x658.jpg 1170w, https:\/\/www.salzburgerland.com\/de\/wp-content\/uploads\/2016\/08\/kaiserschmarrn-1200x675.jpg 1200w\" sizes=\"(max-width: 1170px) 100vw, 1170px\"><p id=\"caption-attachment-393659\" class=\"wp-caption-text\">Kaiserschmarren, \u00a9 SalzburgerLand Tourismus, Markus Berger<\/p><\/div>\n<h2>Themengebiete der Almsommerh\u00fctten<\/h2>\n<p><span style=\"font-weight: 400;\">Einige Almsommerh\u00fctten haben sich einem speziellen Themengebiet gewidmet. So sind die <\/span><a href=\"https:\/\/www.salzburgerland.com\/de\/almsommer-kinderwagen-almen-liste\/pois\" rel=\"noopener noreferrer\"><b>Kinderwagen-Almen<\/b><\/a><span style=\"font-weight: 400;\"><\/span> speziell bei Familien mit kleinen Kindern besonders beliebt, da die befestigten Wege zur H\u00fctte mit dem Kinderwagen durch schattige W\u00e4lder spielend zu bew\u00e4ltigen sind. <a href=\"https:\/\/www.salzburgerland.com\/de\/almsommer-kinder-almen-liste\/\" rel=\"noopener noreferrer\"><b>Kinder-Almen<\/b><\/a><span style=\"font-weight: 400;\"><\/span> gehen besonders auf die Bed\u00fcrfnisse der Kids ein. Sie\u00a0bieten einen Steichelzoo, Kinderspielger\u00e4te aus Holz, Erlebnispfade, Spielpl\u00e4tze oder einfach die M\u00f6glichkeit, Wasser beim Staudammbauen oder am Brunntrog zu erleben. Zu den <a href=\"https:\/\/www.salzburgerland.com\/de\/almsommer-mountainbike-almen-liste\/pois\" rel=\"noopener noreferrer\"><b>Mountainbike-Almen<\/b><span style=\"font-weight: 400;\"><\/span><\/a> f\u00fchren eigene Biketrails, und an den vielen am Zaun abgestellten R\u00e4dern erkennt man sie schon von Weitem. Die <a href=\"https:\/\/www.salzburgerland.com\/de\/almsommer-kunst-kultur-almen-liste\/pois\" rel=\"noopener noreferrer\"><b>Kunst &amp; Kultur-Almen<\/b><span style=\"font-weight: 400;\"><\/span><\/a> haben sich ganz dem Thema Musik, bildende Kunst, Literatur oder Theater verschrieben.<\/p>\n<img decoding=\"async\" class=\"alignnone size-1170_658 wp-image-229914\" src=\"https:\/\/cdn.salzburgerland.com\/de\/wp-content\/uploads\/2016\/08\/as_onlinebanner-1-1170x457.jpg\" alt=\"\" width=\"1170\" height=\"457\" srcset=\"https:\/\/www.salzburgerland.com\/de\/wp-content\/uploads\/2016\/08\/as_onlinebanner-1.jpg 1170w, https:\/\/www.salzburgerland.com\/de\/wp-content\/uploads\/2016\/08\/as_onlinebanner-1-768x300.jpg 768w\" sizes=\"(max-width: 1170px) 100vw, 1170px\">\n<h2>Almsommer-Brosch\u00fcre mit Stempelpass<\/h2>\n<p>Gleich bestellen: In der <a href=\"https:\/\/www.salzburgerland.com\/de\/shop\/salzburger-almsommer\" target=\"_blank\" rel=\"noopener noreferrer\">kostenlosen Almsommer-Brosch\u00fcre<\/a> sind die rund <a href=\"https:\/\/www.salzburgerland.com\/de\/almsommerhuetten-liste\/pois\" target=\"_blank\" rel=\"noopener noreferrer\">165 H\u00fctten<\/a> und deren Schwerpunkte mit den jeweiligen Symbolen markiert.<\/p>\n<p><span style=\"font-weight: 400;\">Nach der gastfreundschaftlichen Bewirtung und regionalen Schmankerln sollte nicht vergessen werden, sich den Almsommerstempel zu holen! Denn mit den Stempeln von zehn verschiedenen Almsommerh\u00fctten im Stempelpass erh\u00e4lt man ein Almsommer-Jausenbrett. Damit kann man zu Hause seine Brettljause genie\u00dfen und die Erinnerung an die Tage auf den Almsommerh\u00fctten aufleben lassen. <\/span><\/p>\n<p><strong>Interessante Geschichten zum Weiterlesen:<\/strong><\/p>\n<ul>\n<li><a href=\"https:\/\/www.salzburgerland.com\/de\/magazin\/laerchenhuette-am-zwoelferhorn\/\" target=\"_blank\" rel=\"noopener\">L\u00e4rchenhuette am Zw\u00f6lferhorn<\/a><\/li>\n<li><a href=\"https:\/\/www.salzburgerland.com\/de\/magazin\/maurachhof-maurachalm-in-grossarl\/\" target=\"_blank\" rel=\"noopener\">Maurachhof &amp; Maurachalm in Gro\u00dfarl<\/a><\/li>\n<li><a href=\"https:\/\/www.salzburgerland.com\/de\/magazin\/stiegl-almrausch\/\" target=\"_blank\" rel=\"noopener\">Stiegl Almrausch \u2013 Das Bier zum Almsommer<\/a><\/li>\n<li><a href=\"https:\/\/www.salzburgerland.com\/de\/magazin\/die-karseggalm-in-grossarl\/\" target=\"_blank\" rel=\"noopener\">Karseggalm im Gro\u00dfarltal<\/a><\/li>\n<li><a href=\"https:\/\/www.salzburgerland.com\/de\/magazin\/arbeiten-auf-der-alm\/\" target=\"_blank\" rel=\"noopener\">Arbeiten auf der Alm<\/a><\/li>\n<li><a href=\"https:\/\/www.salzburgerland.com\/de\/magazin\/fuerthermoar-hideaways-auf-der-alm\/\" target=\"_blank\" rel=\"noopener\">Fuerthermoar-Hideaways auf der Alm<\/a><\/li>\n<li><a href=\"https:\/\/www.salzburgerland.com\/de\/magazin\/almsommer-im-salzburgerland\/\" target=\"_blank\" rel=\"noopener\">Almsommer im SalzburgerLand<\/a><\/li>\n<li><a href=\"https:\/\/www.salzburgerland.com\/de\/magazin\/genussvoll-ueber-die-almen\/\" target=\"_blank\" rel=\"noopener\">Genussvoll \u00fcber die Almen<\/a><\/li>\n<\/ul>\n","protected":false},"excerpt":{"rendered":"<p>\u201eAuffi muass i!\u201c So lautet das Credo vieler Bergfexe. Denn jede Wanderung hat ein Ziel. Meist sind es die markanten Gipfel des SalzburgerLandes, die H\u00f6henmeter f\u00fcr H\u00f6henmeter erk\u00e4mpft werden, um von ganz oben weite Blicke ins Tal und auf ausgedehnte gr\u00fcne W\u00e4lder werfen zu k\u00f6nnen. Doch sp\u00e4testens nach dem Gipfelsieg wartet auf den saftigen Almweiden [&hellip;]<\/p>\n","protected":false},"author":19,"featured_media":264661,"comment_status":"closed","ping_status":"closed","sticky":false,"template":"","format":"standard","meta":{"_acf_changed":false,"wl_entities_gutenberg":"","_relevanssi_hide_post":"","_relevanssi_hide_content":"","_relevanssi_pin_for_all":"","_relevanssi_pin_keywords":"","_relevanssi_unpin_keywords":"","_relevanssi_related_keywords":"","_relevanssi_related_include_ids":"","_relevanssi_related_exclude_ids":"","_relevanssi_related_no_append":"","_relevanssi_related_not_related":"","_relevanssi_related_posts":"","_relevanssi_noindex_reason":"","footnotes":""},"categories":[1],"tags":[],"wl_entity_type":[11495],"class_list":["post-60095","post","type-post","status-publish","format-standard","has-post-thumbnail","hentry","category-allgemein","wl_entity_type-article"],"acf":[],"yoast_head":"<!-- This site is optimized with the Yoast SEO Premium plugin v26.9 (Yoast SEO v26.9) - https:\/\/yoast.com\/product\/yoast-seo-premium-wordpress\/ -->\n<title>Ausgezeichnete Almsommerh\u00fctten: zertifizierte H\u00fctten im Salzburgerland.<\/title>\n<meta name=\"description\" content=\"Zertifizierte Almsommerh\u00fctten: bergb\u00e4uerliche Bewirtschaftung, regionale Kulinarik, selbst erzeugte Produkte, authentisches Erscheinungsbild. \u00a0\" \/>\n<meta name=\"robots\" content=\"index, follow, max-snippet:-1, max-image-preview:large, max-video-preview:-1\" \/>\n<link rel=\"canonical\" href=\"https:\/\/www.salzburgerland.com\/de\/wp-json\/wp\/v2\/posts\/60095\" \/>\n<meta property=\"og:locale\" content=\"de_DE\" \/>\n<meta property=\"og:type\" content=\"article\" \/>\n<meta property=\"og:title\" content=\"Almsommerh\u00fctten\" \/>\n<meta property=\"og:description\" content=\"Zertifizierte Almsommerh\u00fctten: bergb\u00e4uerliche Bewirtschaftung, regionale Kulinarik, selbst erzeugte Produkte, authentisches Erscheinungsbild. \u00a0\" \/>\n<meta property=\"og:url\" content=\"https:\/\/www.salzburgerland.com\/de\/wp-json\/wp\/v2\/posts\/60095\" \/>\n<meta property=\"og:site_name\" content=\"SalzburgerLand.com\" \/>\n<meta property=\"article:publisher\" content=\"https:\/\/www.facebook.com\/salzburgerland\/\" \/>\n<meta property=\"article:published_time\" content=\"2016-08-30T09:59:45+00:00\" \/>\n<meta property=\"article:modified_time\" content=\"2025-06-12T17:10:24+00:00\" \/>\n<meta property=\"og:image\" content=\"https:\/\/www.salzburgerland.com\/de\/wp-content\/uploads\/2018\/09\/altenmarkt-zauchensee-tourismus_sommer_lackenalmen-1-1200x675.jpg\" \/>\n\t<meta property=\"og:image:width\" content=\"1200\" \/>\n\t<meta property=\"og:image:height\" content=\"675\" \/>\n\t<meta property=\"og:image:type\" content=\"image\/jpeg\" \/>\n<meta name=\"author\" content=\"Edith Danzer\" \/>\n<meta name=\"twitter:card\" content=\"summary_large_image\" \/>\n<meta name=\"twitter:creator\" content=\"@Salzburgerland\" \/>\n<meta name=\"twitter:site\" content=\"@Salzburgerland\" \/>\n<meta name=\"twitter:label1\" content=\"Verfasst von\" \/>\n\t<meta name=\"twitter:data1\" content=\"Edith Danzer\" \/>\n\t<meta name=\"twitter:label2\" content=\"Gesch\u00e4tzte Lesezeit\" \/>\n\t<meta name=\"twitter:data2\" content=\"4\u00a0Minuten\" \/>\n<script type=\"application\/ld+json\" class=\"yoast-schema-graph\">{\"@context\":\"https:\/\/schema.org\",\"@graph\":[{\"@type\":\"WebPage\",\"@id\":\"https:\/\/www.salzburgerland.com\/de\/ausgezeichnete-almsommerhuetten-huette-des-jahres\/\",\"url\":\"https:\/\/www.salzburgerland.com\/de\/ausgezeichnete-almsommerhuetten-huette-des-jahres\/\",\"name\":\"Ausgezeichnete Almsommerh\u00fctten: zertifizierte H\u00fctten im Salzburgerland.\",\"isPartOf\":{\"@id\":\"https:\/\/www.salzburgerland.com\/de\/#website\"},\"primaryImageOfPage\":{\"@id\":\"https:\/\/www.salzburgerland.com\/de\/ausgezeichnete-almsommerhuetten-huette-des-jahres\/#primaryimage\"},\"image\":{\"@id\":\"https:\/\/www.salzburgerland.com\/de\/ausgezeichnete-almsommerhuetten-huette-des-jahres\/#primaryimage\"},\"thumbnailUrl\":\"https:\/\/www.salzburgerland.com\/de\/wp-content\/uploads\/2018\/09\/altenmarkt-zauchensee-tourismus_sommer_lackenalmen-1.jpg\",\"datePublished\":\"2016-08-30T09:59:45+00:00\",\"dateModified\":\"2025-06-12T17:10:24+00:00\",\"description\":\"Zertifizierte Almsommerh\u00fctten: bergb\u00e4uerliche Bewirtschaftung, regionale Kulinarik, selbst erzeugte Produkte, authentisches Erscheinungsbild. \u00a0\",\"breadcrumb\":{\"@id\":\"https:\/\/www.salzburgerland.com\/de\/ausgezeichnete-almsommerhuetten-huette-des-jahres\/#breadcrumb\"},\"inLanguage\":\"de\",\"potentialAction\":[{\"@type\":\"ReadAction\",\"target\":[\"https:\/\/www.salzburgerland.com\/de\/ausgezeichnete-almsommerhuetten-huette-des-jahres\/\"]}]},{\"@type\":\"ImageObject\",\"inLanguage\":\"de\",\"@id\":\"https:\/\/www.salzburgerland.com\/de\/ausgezeichnete-almsommerhuetten-huette-des-jahres\/#primaryimage\",\"url\":\"https:\/\/www.salzburgerland.com\/de\/wp-content\/uploads\/2018\/09\/altenmarkt-zauchensee-tourismus_sommer_lackenalmen-1.jpg\",\"contentUrl\":\"https:\/\/www.salzburgerland.com\/de\/wp-content\/uploads\/2018\/09\/altenmarkt-zauchensee-tourismus_sommer_lackenalmen-1.jpg\",\"width\":1920,\"height\":1275,\"caption\":\"\u00a9 Altenmarkt-Zauchensee Tourismus\/Hans Huber Photos\"},{\"@type\":\"BreadcrumbList\",\"@id\":\"https:\/\/www.salzburgerland.com\/de\/ausgezeichnete-almsommerhuetten-huette-des-jahres\/#breadcrumb\",\"itemListElement\":[{\"@type\":\"ListItem\",\"position\":1,\"name\":\"Almsommer\",\"item\":\"https:\/\/www.salzburgerland.com\/de\/almsommer\/\"},{\"@type\":\"ListItem\",\"position\":2,\"name\":\"Almsommerh\u00fctten\"}]},{\"@type\":\"WebSite\",\"@id\":\"https:\/\/www.salzburgerland.com\/de\/#website\",\"url\":\"https:\/\/www.salzburgerland.com\/de\/\",\"name\":\"SalzburgerLand.com\",\"description\":\"Ihr Urlaub in Salzburg, \u00d6sterreich\",\"publisher\":{\"@id\":\"https:\/\/www.salzburgerland.com\/de\/#organization\"},\"potentialAction\":[{\"@type\":\"SearchAction\",\"target\":{\"@type\":\"EntryPoint\",\"urlTemplate\":\"https:\/\/www.salzburgerland.com\/de\/?s={search_term_string}\"},\"query-input\":{\"@type\":\"PropertyValueSpecification\",\"valueRequired\":true,\"valueName\":\"search_term_string\"}}],\"inLanguage\":\"de\"},{\"@type\":\"Organization\",\"@id\":\"https:\/\/www.salzburgerland.com\/de\/#organization\",\"name\":\"SalzburgerLand Tourismus GmbH\",\"url\":\"https:\/\/www.salzburgerland.com\/de\/\",\"logo\":{\"@type\":\"ImageObject\",\"inLanguage\":\"de\",\"@id\":\"https:\/\/www.salzburgerland.com\/de\/#\/schema\/logo\/image\/\",\"url\":\"https:\/\/www.salzburgerland.com\/de\/wp-content\/uploads\/2017\/01\/salzburgerland-logo.jpg\",\"contentUrl\":\"https:\/\/www.salzburgerland.com\/de\/wp-content\/uploads\/2017\/01\/salzburgerland-logo.jpg\",\"width\":1920,\"height\":827,\"caption\":\"SalzburgerLand Tourismus GmbH\"},\"image\":{\"@id\":\"https:\/\/www.salzburgerland.com\/de\/#\/schema\/logo\/image\/\"},\"sameAs\":[\"https:\/\/www.facebook.com\/salzburgerland\/\",\"https:\/\/x.com\/Salzburgerland\",\"https:\/\/www.instagram.com\/salzburgerland\/\",\"http:\/\/dbpedia.org\/resource\/Salzburg_(state)\",\"http:\/\/wikidata.dbpedia.org\/resource\/Q43325\",\"http:\/\/open.salzburgerland.com\/de\/entity\/salzburgerland\",\"https:\/\/www.youtube.com\/user\/salzburgerland\"]},{\"@type\":\"Person\",\"@id\":\"https:\/\/www.salzburgerland.com\/de\/#\/schema\/person\/ca054217aa8036e6c8845e82eca0d9e9\",\"name\":\"Edith Danzer\",\"image\":{\"@type\":\"ImageObject\",\"inLanguage\":\"de\",\"@id\":\"https:\/\/www.salzburgerland.com\/de\/#\/schema\/person\/image\/\",\"url\":\"https:\/\/secure.gravatar.com\/avatar\/e7c744dec57c71e252f5439ca48245592f78eb791acd9405ac752ca9e313c1ef?s=96&d=mm&r=g\",\"contentUrl\":\"https:\/\/secure.gravatar.com\/avatar\/e7c744dec57c71e252f5439ca48245592f78eb791acd9405ac752ca9e313c1ef?s=96&d=mm&r=g\",\"caption\":\"Edith Danzer\"}}]}<\/script>\n<!-- \/ Yoast SEO Premium plugin. -->","yoast_head_json":{"title":"Ausgezeichnete Almsommerh\u00fctten: zertifizierte H\u00fctten im Salzburgerland.","description":"Zertifizierte Almsommerh\u00fctten: bergb\u00e4uerliche Bewirtschaftung, regionale Kulinarik, selbst erzeugte Produkte, authentisches Erscheinungsbild. \u00a0","robots":{"index":"index","follow":"follow","max-snippet":"max-snippet:-1","max-image-preview":"max-image-preview:large","max-video-preview":"max-video-preview:-1"},"canonical":"https:\/\/www.salzburgerland.com\/de\/wp-json\/wp\/v2\/posts\/60095","og_locale":"de_DE","og_type":"article","og_title":"Almsommerh\u00fctten","og_description":"Zertifizierte Almsommerh\u00fctten: bergb\u00e4uerliche Bewirtschaftung, regionale Kulinarik, selbst erzeugte Produkte, authentisches Erscheinungsbild. \u00a0","og_url":"https:\/\/www.salzburgerland.com\/de\/wp-json\/wp\/v2\/posts\/60095","og_site_name":"SalzburgerLand.com","article_publisher":"https:\/\/www.facebook.com\/salzburgerland\/","article_published_time":"2016-08-30T09:59:45+00:00","article_modified_time":"2025-06-12T17:10:24+00:00","og_image":[{"width":1200,"height":675,"url":"https:\/\/www.salzburgerland.com\/de\/wp-content\/uploads\/2018\/09\/altenmarkt-zauchensee-tourismus_sommer_lackenalmen-1-1200x675.jpg","type":"image\/jpeg"}],"author":"Edith Danzer","twitter_card":"summary_large_image","twitter_creator":"@Salzburgerland","twitter_site":"@Salzburgerland","twitter_misc":{"Verfasst von":"Edith Danzer","Gesch\u00e4tzte Lesezeit":"4\u00a0Minuten"},"schema":{"@context":"https:\/\/schema.org","@graph":[{"@type":"WebPage","@id":"https:\/\/www.salzburgerland.com\/de\/ausgezeichnete-almsommerhuetten-huette-des-jahres\/","url":"https:\/\/www.salzburgerland.com\/de\/ausgezeichnete-almsommerhuetten-huette-des-jahres\/","name":"Ausgezeichnete Almsommerh\u00fctten: zertifizierte H\u00fctten im Salzburgerland.","isPartOf":{"@id":"https:\/\/www.salzburgerland.com\/de\/#website"},"primaryImageOfPage":{"@id":"https:\/\/www.salzburgerland.com\/de\/ausgezeichnete-almsommerhuetten-huette-des-jahres\/#primaryimage"},"image":{"@id":"https:\/\/www.salzburgerland.com\/de\/ausgezeichnete-almsommerhuetten-huette-des-jahres\/#primaryimage"},"thumbnailUrl":"https:\/\/www.salzburgerland.com\/de\/wp-content\/uploads\/2018\/09\/altenmarkt-zauchensee-tourismus_sommer_lackenalmen-1.jpg","datePublished":"2016-08-30T09:59:45+00:00","dateModified":"2025-06-12T17:10:24+00:00","description":"Zertifizierte Almsommerh\u00fctten: bergb\u00e4uerliche Bewirtschaftung, regionale Kulinarik, selbst erzeugte Produkte, authentisches Erscheinungsbild. \u00a0","breadcrumb":{"@id":"https:\/\/www.salzburgerland.com\/de\/ausgezeichnete-almsommerhuetten-huette-des-jahres\/#breadcrumb"},"inLanguage":"de","potentialAction":[{"@type":"ReadAction","target":["https:\/\/www.salzburgerland.com\/de\/ausgezeichnete-almsommerhuetten-huette-des-jahres\/"]}]},{"@type":"ImageObject","inLanguage":"de","@id":"https:\/\/www.salzburgerland.com\/de\/ausgezeichnete-almsommerhuetten-huette-des-jahres\/#primaryimage","url":"https:\/\/www.salzburgerland.com\/de\/wp-content\/uploads\/2018\/09\/altenmarkt-zauchensee-tourismus_sommer_lackenalmen-1.jpg","contentUrl":"https:\/\/www.salzburgerland.com\/de\/wp-content\/uploads\/2018\/09\/altenmarkt-zauchensee-tourismus_sommer_lackenalmen-1.jpg","width":1920,"height":1275,"caption":"\u00a9 Altenmarkt-Zauchensee Tourismus\/Hans Huber Photos"},{"@type":"BreadcrumbList","@id":"https:\/\/www.salzburgerland.com\/de\/ausgezeichnete-almsommerhuetten-huette-des-jahres\/#breadcrumb","itemListElement":[{"@type":"ListItem","position":1,"name":"Almsommer","item":"https:\/\/www.salzburgerland.com\/de\/almsommer\/"},{"@type":"ListItem","position":2,"name":"Almsommerh\u00fctten"}]},{"@type":"WebSite","@id":"https:\/\/www.salzburgerland.com\/de\/#website","url":"https:\/\/www.salzburgerland.com\/de\/","name":"SalzburgerLand.com","description":"Ihr Urlaub in Salzburg, \u00d6sterreich","publisher":{"@id":"https:\/\/www.salzburgerland.com\/de\/#organization"},"potentialAction":[{"@type":"SearchAction","target":{"@type":"EntryPoint","urlTemplate":"https:\/\/www.salzburgerland.com\/de\/?s={search_term_string}"},"query-input":{"@type":"PropertyValueSpecification","valueRequired":true,"valueName":"search_term_string"}}],"inLanguage":"de"},{"@type":"Organization","@id":"https:\/\/www.salzburgerland.com\/de\/#organization","name":"SalzburgerLand Tourismus GmbH","url":"https:\/\/www.salzburgerland.com\/de\/","logo":{"@type":"ImageObject","inLanguage":"de","@id":"https:\/\/www.salzburgerland.com\/de\/#\/schema\/logo\/image\/","url":"https:\/\/www.salzburgerland.com\/de\/wp-content\/uploads\/2017\/01\/salzburgerland-logo.jpg","contentUrl":"https:\/\/www.salzburgerland.com\/de\/wp-content\/uploads\/2017\/01\/salzburgerland-logo.jpg","width":1920,"height":827,"caption":"SalzburgerLand Tourismus GmbH"},"image":{"@id":"https:\/\/www.salzburgerland.com\/de\/#\/schema\/logo\/image\/"},"sameAs":["https:\/\/www.facebook.com\/salzburgerland\/","https:\/\/x.com\/Salzburgerland","https:\/\/www.instagram.com\/salzburgerland\/","http:\/\/dbpedia.org\/resource\/Salzburg_(state)","http:\/\/wikidata.dbpedia.org\/resource\/Q43325","http:\/\/open.salzburgerland.com\/de\/entity\/salzburgerland","https:\/\/www.youtube.com\/user\/salzburgerland"]},{"@type":"Person","@id":"https:\/\/www.salzburgerland.com\/de\/#\/schema\/person\/ca054217aa8036e6c8845e82eca0d9e9","name":"Edith Danzer","image":{"@type":"ImageObject","inLanguage":"de","@id":"https:\/\/www.salzburgerland.com\/de\/#\/schema\/person\/image\/","url":"https:\/\/secure.gravatar.com\/avatar\/e7c744dec57c71e252f5439ca48245592f78eb791acd9405ac752ca9e313c1ef?s=96&d=mm&r=g","contentUrl":"https:\/\/secure.gravatar.com\/avatar\/e7c744dec57c71e252f5439ca48245592f78eb791acd9405ac752ca9e313c1ef?s=96&d=mm&r=g","caption":"Edith Danzer"}}]}},"_wl_alt_label":[],"wl:entity_url":"http:\/\/open.salzburgerland.com\/de\/post\/ausgezeichnete_almsommerhuetten__amp__huette_des_jahres","_links":{"self":[{"href":"https:\/\/www.salzburgerland.com\/de\/wp-json\/wp\/v2\/posts\/60095","targetHints":{"allow":["GET"]}}],"collection":[{"href":"https:\/\/www.salzburgerland.com\/de\/wp-json\/wp\/v2\/posts"}],"about":[{"href":"https:\/\/www.salzburgerland.com\/de\/wp-json\/wp\/v2\/types\/post"}],"author":[{"embeddable":true,"href":"https:\/\/www.salzburgerland.com\/de\/wp-json\/wp\/v2\/users\/19"}],"replies":[{"embeddable":true,"href":"https:\/\/www.salzburgerland.com\/de\/wp-json\/wp\/v2\/comments?post=60095"}],"version-history":[{"count":12,"href":"https:\/\/www.salzburgerland.com\/de\/wp-json\/wp\/v2\/posts\/60095\/revisions"}],"predecessor-version":[{"id":677717,"href":"https:\/\/www.salzburgerland.com\/de\/wp-json\/wp\/v2\/posts\/60095\/revisions\/677717"}],"wp:featuredmedia":[{"embeddable":true,"href":"https:\/\/www.salzburgerland.com\/de\/wp-json\/wp\/v2\/media\/264661"}],"wp:attachment":[{"href":"https:\/\/www.salzburgerland.com\/de\/wp-json\/wp\/v2\/media?parent=60095"}],"wp:term":[{"taxonomy":"category","embeddable":true,"href":"https:\/\/www.salzburgerland.com\/de\/wp-json\/wp\/v2\/categories?post=60095"},{"taxonomy":"post_tag","embeddable":true,"href":"https:\/\/www.salzburgerland.com\/de\/wp-json\/wp\/v2\/tags?post=60095"},{"taxonomy":"wl_entity_type","embeddable":true,"href":"https:\/\/www.salzburgerland.com\/de\/wp-json\/wp\/v2\/wl_entity_type?post=60095"}],"curies":[{"name":"wp","href":"https:\/\/api.w.org\/{rel}","templated":true}]}}