{"id":60084,"date":"2016-08-30T11:55:13","date_gmt":"2016-08-30T09:55:13","guid":{"rendered":"https:\/\/www.onebigpark.at\/de\/?p=60084"},"modified":"2023-09-26T15:41:41","modified_gmt":"2023-09-26T13:41:41","slug":"produkte-von-der-alm","status":"publish","type":"post","link":"https:\/\/www.salzburgerland.com\/de\/produkte-von-der-alm\/","title":{"rendered":"Produkte von der Alm"},"content":{"rendered":"<p>Ohne diese Top-5 Produkte\u00a0von der Alm w\u00e4re eine H\u00fctteneinkehr nur halb so sch\u00f6n. Egal ob Fleischtiger oder Vegetarier. Hier oben auf der Alm findet jeder seinen H\u00fcttenklassiker, der schon daheim die kulinarische Sehnsucht nach dem Bergurlaub sch\u00fcrt. Und die H\u00fcttenwirte und Senner stehen mit vollem Herzblut hinter ihren selbst erzeugten Produkten. Frische Bauernbutter und selbst gebackenes Brot am Teller, zufriedene Wanderer und gl\u00fccklich schmatzende Kinder \u2013 daf\u00fcr leben sie.<\/p>\n<h2>Die f\u00fcnf beliebtesten Produkte von der Alm<\/h2>\n<h3>Almbutter<\/h3>\n<p>Die frischen Almkr\u00e4uter, die die Milchk\u00fche auf den hochgelegenen Almen finden, geben der Milch und somit auch der Butter ein einzigartiges Aroma. Auch die goldgelbe Farbe beweist: Hier steckt die Kraft der Almwiese drin.<\/p>\n<h3>K\u00e4se<\/h3>\n<p>Der g\u2019schmackige Bergk\u00e4se, wie der \u201ePinzgauer Kas\u201c, ist bei K\u00e4sekennern wegen dem geringen Fettgehalt und dem w\u00fcrzigen Geschmack besonders beliebt. Ein frisches Bauernbrot mit Butter und K\u00e4se, garniert mit Gem\u00fcse und Kr\u00e4utern, stillt nicht nur den Hunger, sondern ist ein echter Genuss. Besonders die Tennengauer K\u00e4sealmen sind echte kulinarische Logenpl\u00e4tze f\u00fcr K\u00e4sekenner. Niki von der Loseggalm erkl\u00e4rt gern, wie bei ihnen auf der Alm der K\u00e4se hergestellt wird.<\/p>\n<h3>Hollersaft<\/h3>\n<p>Ein Glas Hollersaft ist einer der beliebtesten und wohl auch ges\u00fcndesten Durstl\u00f6scher auf der Alm. Die Bl\u00fcten des wei\u00dfen Holunders werden im Fr\u00fchjahr angesetzt und mit Zitrone und Zucker als Sirup haltbar gemacht. So schmeckt dieses Getr\u00e4nk besonders an hei\u00dfen Sommertagen, mit Wasser oder Soda aufg\u2019spritzt, besonders erfrischend. Auf den Holleralmen im Salzkammergut kennt man noch viele weitere Rezepte rund um den Holunder.<\/p>\n<h3>Schnaps<\/h3>\n<p>Der Enzianschnaps ist ein beliebter Begr\u00fc\u00dfungsschnaps auf der Almh\u00fctte. Gesund ist er, doch der bittere Geschmack ist nicht Jedermanns Sache. F\u00fcr Liebhaber der hochprozentigen Tr\u00f6pfchen bietet der Salzburger Almsommer zahlreiche ausgezeichnete <a href=\"https:\/\/www.salzburgerland.com\/de\/magazin\/essen-trinken\/die-edelbrande-des-dr-vogelbeere\">Destillate<\/a>. Die<a href=\"https:\/\/www.salzburgerland.com\/de\/via-culinaria\/\"> Via Culinaria<\/a> widmet den Schn\u00e4psen sogar einen eigenen Genussweg.<\/p>\n<h3>Brot<\/h3>\n<p>Der Duft von frisch gebackenem Bauernbrot direkt vom Holzofen macht Appetit. Wenn beim Anschneiden der noch warmen Laibe die Kruste so richtig kracht und das Innere jedoch flaumig weich ist, dann kann man ihn kaum erwarten \u2013 den ersten Biss hinein ins frische Brot. Auf der <a href=\"https:\/\/www.salzburgerland.com\/de\/magazin\/essen-trinken\/das-tagliche-brot-der-eigenbrotlerin-einfach-gut\">Kalchkendlalm in Rauris<\/a> lehrt Roswitha Huber das Einmaleins des Brotbackens, und als B(r)otschafterin ist sie weitum bekannt.<\/p>\n\n\t\t\t<div id=\"60084-1\" class=\"gallery gallery-60084 gallery-columns-3 gallery-size-1170_658\" itemscope itemtype=\"http:\/\/schema.org\/ImageGallery\">\n\t\t\t\t<ul class=\"gallery-row gallery-col-3 gallery-clear\">\n\t\t\t\t\t<li class=\"gallery-item col-3\" itemprop=\"associatedMedia\" itemscope itemtype=\"http:\/\/schema.org\/ImageObject\">\n\t\t\t\t\t\t<div class=\"gallery-icon landscape\"><a href=\"https:\/\/www.salzburgerland.com\/de\/wp-content\/uploads\/2016\/11\/kulinarik-kasen-1920x1067.jpg\" title=\"K\u00e4seherstellung\"><img decoding=\"async\" data-title=\"\u00a9 SalzburgerLand Tourismus, K\u00e4sen auf der Alm\" title=\"\u00a9 SalzburgerLand Tourismus, K\u00e4sen auf der Alm\" data-caption=\"\u00a9 SalzburgerLand Tourismus, K\u00e4sen auf der Alm\" width=\"1170\" height=\"658\" src=\"https:\/\/www.salzburgerland.com\/de\/wp-content\/uploads\/2016\/11\/kulinarik-kasen-1170x658.jpg\" class=\"attachment-1170_658 size-1170_658\" alt=\"K\u00e4seteig in H\u00e4nden \u00fcber Molke (vergr\u00f6\u00dferte Ansicht)\" srcset=\"https:\/\/www.salzburgerland.com\/de\/wp-content\/uploads\/2016\/11\/kulinarik-kasen-1170x658.jpg 1170w, https:\/\/www.salzburgerland.com\/de\/wp-content\/uploads\/2016\/11\/kulinarik-kasen-1200x675.jpg 1200w\" sizes=\"(max-width: 1170px) 100vw, 1170px\" aria-describedby=\"figcaption-60084-82145\" itemprop=\"thumbnail\"><\/a><\/div>\n\t\t\t\t\t\t<span id=\"figcaption-60084-82145\" class=\"gallery-caption\" itemprop=\"caption\"><span aria-hidden=\"true\">\u00a9 SalzburgerLand Tourismus, K\u00e4sen auf der Alm<\/span><\/span>\n\t\t\t\t\t<\/li>\n\t\t\t\t\t<li class=\"gallery-item col-3\" itemprop=\"associatedMedia\" itemscope itemtype=\"http:\/\/schema.org\/ImageObject\">\n\t\t\t\t\t\t<div class=\"gallery-icon landscape\"><a href=\"https:\/\/www.salzburgerland.com\/de\/wp-content\/uploads\/2016\/11\/kulinarik-kaese-kraeuter-1920x1067.jpeg\" title=\"Kr\u00e4uterk\u00e4se\"><img decoding=\"async\" data-title=\"\u00a9 SalzburgerLand Tourismus - K\u00e4se mit Kr\u00e4uterschmiere\" title=\"\u00a9 SalzburgerLand Tourismus - K\u00e4se mit Kr\u00e4uterschmiere\" data-caption=\"\u00a9 SalzburgerLand Tourismus - K\u00e4se mit Kr\u00e4uterschmiere\" width=\"1170\" height=\"658\" src=\"https:\/\/www.salzburgerland.com\/de\/wp-content\/uploads\/2016\/11\/kulinarik-kaese-kraeuter-1170x658.jpeg\" class=\"attachment-1170_658 size-1170_658\" alt=\"K\u00e4se mit Kr\u00e4uterschmiere (vergr\u00f6\u00dferte Ansicht)\" aria-describedby=\"figcaption-60084-81753\" itemprop=\"thumbnail\"><\/a><\/div>\n\t\t\t\t\t\t<span id=\"figcaption-60084-81753\" class=\"gallery-caption\" itemprop=\"caption\"><span aria-hidden=\"true\">\u00a9 SalzburgerLand Tourismus \u2013 K\u00e4se mit Kr\u00e4uterschmiere<\/span><\/span>\n\t\t\t\t\t<\/li>\n\t\t\t\t\t<li class=\"gallery-item col-3\" itemprop=\"associatedMedia\" itemscope itemtype=\"http:\/\/schema.org\/ImageObject\">\n\t\t\t\t\t\t<div class=\"gallery-icon landscape\"><a href=\"https:\/\/www.salzburgerland.com\/de\/wp-content\/uploads\/2016\/08\/tennengauer-almkaese-1920x1067.jpg\" title=\"Tennengauer-Almkaese\"><img decoding=\"async\" data-title=\"\u00a9 Tennengau - Tennengauer Almk\u00e4se\" title=\"\u00a9 Tennengau - Tennengauer Almk\u00e4se\" data-caption=\"\u00a9 Tennengau - Tennengauer Almk\u00e4se\" width=\"1170\" height=\"658\" src=\"https:\/\/www.salzburgerland.com\/de\/wp-content\/uploads\/2016\/08\/tennengauer-almkaese-1170x658.jpg\" class=\"attachment-1170_658 size-1170_658\" alt=\"K\u00e4seplatte mit Schnitt- und Frischk\u00e4se (vergr\u00f6\u00dferte Ansicht)\" aria-describedby=\"figcaption-60084-100748\" itemprop=\"thumbnail\"><\/a><\/div>\n\t\t\t\t\t\t<span id=\"figcaption-60084-100748\" class=\"gallery-caption\" itemprop=\"caption\"><span aria-hidden=\"true\">\u00a9 Tennengau \u2013 Tennengauer Almk\u00e4se<\/span><\/span>\n\t\t\t\t\t<\/li>\n\t\t\t\t<\/ul>\n\t\t\t\t<ul class=\"gallery-row gallery-col-3 gallery-clear\">\n\t\t\t\t\t<li class=\"gallery-item col-3\" itemprop=\"associatedMedia\" itemscope itemtype=\"http:\/\/schema.org\/ImageObject\">\n\t\t\t\t\t\t<div class=\"gallery-icon landscape\"><a href=\"https:\/\/www.salzburgerland.com\/de\/wp-content\/uploads\/2016\/08\/frischkaese-mit-tomaten-und-basilikum--salzburgerland-tourismus-fleischloser-genuss-1920x1067.jpg\" title=\"Frischk\u00e4se mit Tomaten und Basilikum\"><img decoding=\"async\" data-title=\"\u00a9 SalzburgerLand Tourismus, Achim Meurer - fleischloser Genuss \" title=\"\u00a9 SalzburgerLand Tourismus, Achim Meurer - fleischloser Genuss \" data-caption=\"\u00a9 SalzburgerLand Tourismus, Achim Meurer - fleischloser Genuss \" width=\"1170\" height=\"658\" src=\"https:\/\/www.salzburgerland.com\/de\/wp-content\/uploads\/2016\/08\/frischkaese-mit-tomaten-und-basilikum--salzburgerland-tourismus-fleischloser-genuss-1170x658.jpg\" class=\"attachment-1170_658 size-1170_658\" alt=\"Frischk\u00e4se mit Tomaten und Basilikum (vergr\u00f6\u00dferte Ansicht)\" aria-describedby=\"figcaption-60084-101509\" itemprop=\"thumbnail\"><\/a><\/div>\n\t\t\t\t\t\t<span id=\"figcaption-60084-101509\" class=\"gallery-caption\" itemprop=\"caption\"><span aria-hidden=\"true\">\u00a9 SalzburgerLand Tourismus, Achim Meurer \u2013 fleischloser Genuss <\/span><\/span>\n\t\t\t\t\t<\/li>\n\t\t\t\t\t<li class=\"gallery-item col-3\" itemprop=\"associatedMedia\" itemscope itemtype=\"http:\/\/schema.org\/ImageObject\">\n\t\t\t\t\t\t<div class=\"gallery-icon landscape\"><a href=\"https:\/\/www.salzburgerland.com\/de\/wp-content\/uploads\/2016\/11\/kulinarik-kaesevariationen-1920x1067.jpg\" title=\"Brot und K\u00e4se\"><img decoding=\"async\" data-title=\"\u00a9 SalzburgerLand Tourismus, feine K\u00e4sevariationen zur Jause\" title=\"\u00a9 SalzburgerLand Tourismus, feine K\u00e4sevariationen zur Jause\" data-caption=\"\u00a9 SalzburgerLand Tourismus, feine K\u00e4sevariationen zur Jause\" width=\"1170\" height=\"658\" src=\"https:\/\/www.salzburgerland.com\/de\/wp-content\/uploads\/2016\/11\/kulinarik-kaesevariationen-1170x658.jpg\" class=\"attachment-1170_658 size-1170_658\" alt=\"Verschiedene K\u00e4sesorten und Bauernbrot liegen neben einem Schnittlauchbrot mit Butter (vergr\u00f6\u00dferte Ansicht)\" srcset=\"https:\/\/www.salzburgerland.com\/de\/wp-content\/uploads\/2016\/11\/kulinarik-kaesevariationen-1170x658.jpg 1170w, https:\/\/www.salzburgerland.com\/de\/wp-content\/uploads\/2016\/11\/kulinarik-kaesevariationen-1200x675.jpg 1200w\" sizes=\"(max-width: 1170px) 100vw, 1170px\" aria-describedby=\"figcaption-60084-82183\" itemprop=\"thumbnail\"><\/a><\/div>\n\t\t\t\t\t\t<span id=\"figcaption-60084-82183\" class=\"gallery-caption\" itemprop=\"caption\"><span aria-hidden=\"true\">\u00a9 SalzburgerLand Tourismus, feine K\u00e4sevariationen zur Jause<\/span><\/span>\n\t\t\t\t\t<\/li>\n\t\t\t\t\t<li class=\"gallery-item col-3\" itemprop=\"associatedMedia\" itemscope itemtype=\"http:\/\/schema.org\/ImageObject\">\n\t\t\t\t\t\t<div class=\"gallery-icon landscape\"><a href=\"https:\/\/www.salzburgerland.com\/de\/wp-content\/uploads\/2016\/11\/kulinarik-kraeuter-1920x1067.jpg\" title=\"Genussweg Kr\u00e4uter\"><img decoding=\"async\" data-title=\"\u00a9 SalzburgerLand Tourismus, frische Kr\u00e4uter\" title=\"\u00a9 SalzburgerLand Tourismus, frische Kr\u00e4uter\" data-caption=\"\u00a9 SalzburgerLand Tourismus, frische Kr\u00e4uter\" width=\"1170\" height=\"658\" src=\"https:\/\/www.salzburgerland.com\/de\/wp-content\/uploads\/2016\/11\/kulinarik-kraeuter-1170x658.jpg\" class=\"attachment-1170_658 size-1170_658\" alt=\"frische Kr\u00e4uter mit Basilikum und Schnittlauch und Petersilie auf einem Teller neben \u00d6l und Essig auf einem Holztisch (vergr\u00f6\u00dferte Ansicht)\" srcset=\"https:\/\/www.salzburgerland.com\/de\/wp-content\/uploads\/2016\/11\/kulinarik-kraeuter-1170x658.jpg 1170w, https:\/\/www.salzburgerland.com\/de\/wp-content\/uploads\/2016\/11\/kulinarik-kraeuter-1200x675.jpg 1200w\" sizes=\"(max-width: 1170px) 100vw, 1170px\" aria-describedby=\"figcaption-60084-86224\" itemprop=\"thumbnail\"><\/a><\/div>\n\t\t\t\t\t\t<span id=\"figcaption-60084-86224\" class=\"gallery-caption\" itemprop=\"caption\"><span aria-hidden=\"true\">\u00a9 SalzburgerLand Tourismus, frische Kr\u00e4uter<\/span><\/span>\n\t\t\t\t\t<\/li>\n\t\t\t\t<\/ul>\n\t\t\t<\/div><!-- .gallery -->\n\n<h2>Von der Milch zur Butter<\/h2>\n<p>Die Grundlage vieler Produkte von der Alm\u00a0ist die frische Milch der K\u00fche, die im Almsommer auf den Hochweiden saftige Bergkr\u00e4uter finden. Daraus werden leckere Almprodukte wie Buttermilch, Joghurt, K\u00e4se und vor allem die satt-gelbe <a href=\"https:\/\/www.salzburgerland.com\/de\/magazin\/alles-in-butter\/\">Almbutter<\/a> erzeugt, ohne die keine echte Brettljause auskommt. Doch wie wird die Milch zur Butter? Eine erfahrene Sennerin erz\u00e4hlt, wie nach alter Tradition mit \u201eRiakiwi\u201c und \u201eButtermodl\u201c die gesunde Almbutter entsteht.<br>\nSie\u00a0verstaut den eben noch ben\u00f6tigten Melkschemel und setzt sich ans Butterfass, w\u00e4hrend sie erz\u00e4hlt: \u201eBei Tagesanbruch hole ich die Milchk\u00fche von der Weide, um sie zu melken. Diese frische Almmilch wird erst einmal stehen gelassen, damit sich der Rahm von der Magermilch absetzt. Den Rahm sch\u00f6pfe ich ab, denn den brauche ich f\u00fcr die Buttererzeugung. Man l\u00e4sst ihn aber noch bis zum n\u00e4chsten Tag reifen, um dann mit der Butterproduktion zu beginnen. Daf\u00fcr gie\u00dfe ich den Rahm in das traditionelle Butterfass und drehe so lange die h\u00f6lzerne Trommel mit der Handkurberl, bis der Rahm zur Butter geworden ist. Das h\u00f6re ich deutlich am Klatschen der Butter im ,Riakiwi\u2019.\u201c\u00a0Als Nebenprodukt beim Buttern entsteht die Buttermilch, die ich am liebsten mit Mineralwasser und einem L\u00f6ffel <a href=\"https:\/\/www.salzburgerland.com\/de\/magazin\/das-almsommer-abc\/\">Granggn-Marmelade<\/a> trinke.\u201c<\/p>\n<h2>Mit Muskelkraft zur Butter<\/h2>\n<p>Nachdem die Buttermilch abgelassen und die Butter mit Wasser reingewaschen wurde, kommt Muskelkraft ins Spiel. Denn jetzt schl\u00e4gt die Sennerin noch das letzte Wasser aus der Butter. Sie macht das, indem sie diese portionsweise gegen die Innenwand des Butterfasses klopft. Abschlie\u00dfend verr\u00e4t die Sennerin: \u201eDie fertige Butter dr\u00fccke ich in unseren alten Butter-Model, den auch schon meine Gro\u00dfmutter zum Buttern verwendete. Danach st\u00fcrze ich die Almbutter auf Butterpapier. Sie ist jetzt servierfertig und schmeckt am besten zu einem frisch gebackenen Bauernbrot, bestreut mit Almkr\u00e4utern!\u201c Bei zahlreichen <a href=\"https:\/\/www.salzburgerland.com\/de\/almsommer-eroeffnung-und-events\/\">Almsommerveranstaltungen<\/a> kann man den traditionellen Handwerkern beim Schnitzen der Buttermodeln \u00fcber die Schulter schauen.<\/p>\n<p>\u00a0<\/p>\n<p>Lust auf Almsommer im Salzburgerland bekommen? Im <a href=\"https:\/\/www.salzburgerland.com\/de\/magazin\/\" target=\"_blank\" rel=\"noopener noreferrer\">SalzburgerLand-Magazin<\/a> kann man viele weitere Geschichten \u00fcber das Almleben lesen. Die kostenlose <a href=\"https:\/\/www.salzburgerland.com\/de\/shop\/almen-wandern\" target=\"_blank\" rel=\"noopener noreferrer\">Almsommer-Zeit Brosch\u00fcre kann im Online-Shop<\/a> bestellt werden.<\/p>\n","protected":false},"excerpt":{"rendered":"<p>Ohne diese Top-5 Produkte\u00a0von der Alm w\u00e4re eine H\u00fctteneinkehr nur halb so sch\u00f6n. Egal ob Fleischtiger oder Vegetarier. Hier oben auf der Alm findet jeder seinen H\u00fcttenklassiker, der schon daheim die kulinarische Sehnsucht nach dem Bergurlaub sch\u00fcrt. Und die H\u00fcttenwirte und Senner stehen mit vollem Herzblut hinter ihren selbst erzeugten Produkten. Frische Bauernbutter und selbst [&hellip;]<\/p>\n","protected":false},"author":19,"featured_media":80016,"comment_status":"closed","ping_status":"closed","sticky":false,"template":"","format":"standard","meta":{"_acf_changed":false,"wl_entities_gutenberg":"","_relevanssi_hide_post":"","_relevanssi_hide_content":"","_relevanssi_pin_for_all":"","_relevanssi_pin_keywords":"","_relevanssi_unpin_keywords":"","_relevanssi_related_keywords":"","_relevanssi_related_include_ids":"","_relevanssi_related_exclude_ids":"","_relevanssi_related_no_append":"","_relevanssi_related_not_related":"","_relevanssi_related_posts":"","_relevanssi_noindex_reason":"","footnotes":""},"categories":[1],"tags":[],"wl_entity_type":[11495],"class_list":["post-60084","post","type-post","status-publish","format-standard","has-post-thumbnail","hentry","category-allgemein","wl_entity_type-article"],"acf":[],"yoast_head":"<!-- This site is optimized with the Yoast SEO Premium plugin v26.9 (Yoast SEO v26.9) - https:\/\/yoast.com\/product\/yoast-seo-premium-wordpress\/ -->\n<title>Produkte von der Alm: Brot, K\u00e4se, Butter, Schnaps und Milch.<\/title>\n<meta name=\"description\" content=\"Frisch, regional und saisonal sind die Produkte von den Almen des SalzburgerLands. Butter und K\u00e4se, Schn\u00e4pse und knackiges Bauernbrot.\" \/>\n<meta name=\"robots\" content=\"index, follow, max-snippet:-1, max-image-preview:large, max-video-preview:-1\" \/>\n<link rel=\"canonical\" href=\"https:\/\/www.salzburgerland.com\/de\/wp-json\/wp\/v2\/posts\/60084\" \/>\n<meta property=\"og:locale\" content=\"de_DE\" \/>\n<meta property=\"og:type\" content=\"article\" \/>\n<meta property=\"og:title\" content=\"Produkte von der Alm\" \/>\n<meta property=\"og:description\" content=\"Frisch, regional und saisonal sind die Produkte von den Almen des SalzburgerLands. Butter und K\u00e4se, Schn\u00e4pse und knackiges Bauernbrot.\" \/>\n<meta property=\"og:url\" content=\"https:\/\/www.salzburgerland.com\/de\/wp-json\/wp\/v2\/posts\/60084\" \/>\n<meta property=\"og:site_name\" content=\"SalzburgerLand.com\" \/>\n<meta property=\"article:publisher\" content=\"https:\/\/www.facebook.com\/salzburgerland\/\" \/>\n<meta property=\"article:published_time\" content=\"2016-08-30T09:55:13+00:00\" \/>\n<meta property=\"article:modified_time\" content=\"2023-09-26T13:41:41+00:00\" \/>\n<meta property=\"og:image\" content=\"https:\/\/www.salzburgerland.com\/de\/wp-content\/uploads\/2016\/11\/niedernsill-sommer-wandern-almjause.jpg\" \/>\n\t<meta property=\"og:image:width\" content=\"1013\" \/>\n\t<meta property=\"og:image:height\" content=\"675\" \/>\n\t<meta property=\"og:image:type\" content=\"image\/jpeg\" \/>\n<meta name=\"author\" content=\"Edith Danzer\" \/>\n<meta name=\"twitter:card\" content=\"summary_large_image\" \/>\n<meta name=\"twitter:creator\" content=\"@Salzburgerland\" \/>\n<meta name=\"twitter:site\" content=\"@Salzburgerland\" \/>\n<meta name=\"twitter:label1\" content=\"Verfasst von\" \/>\n\t<meta name=\"twitter:data1\" content=\"Edith Danzer\" \/>\n\t<meta name=\"twitter:label2\" content=\"Gesch\u00e4tzte Lesezeit\" \/>\n\t<meta name=\"twitter:data2\" content=\"4\u00a0Minuten\" \/>\n<script type=\"application\/ld+json\" class=\"yoast-schema-graph\">{\"@context\":\"https:\/\/schema.org\",\"@graph\":[{\"@type\":\"WebPage\",\"@id\":\"https:\/\/www.salzburgerland.com\/de\/produkte-von-der-alm\/\",\"url\":\"https:\/\/www.salzburgerland.com\/de\/produkte-von-der-alm\/\",\"name\":\"Produkte von der Alm: Brot, K\u00e4se, Butter, Schnaps und Milch.\",\"isPartOf\":{\"@id\":\"https:\/\/www.salzburgerland.com\/de\/#website\"},\"primaryImageOfPage\":{\"@id\":\"https:\/\/www.salzburgerland.com\/de\/produkte-von-der-alm\/#primaryimage\"},\"image\":{\"@id\":\"https:\/\/www.salzburgerland.com\/de\/produkte-von-der-alm\/#primaryimage\"},\"thumbnailUrl\":\"https:\/\/www.salzburgerland.com\/de\/wp-content\/uploads\/2016\/11\/niedernsill-sommer-wandern-almjause.jpg\",\"datePublished\":\"2016-08-30T09:55:13+00:00\",\"dateModified\":\"2023-09-26T13:41:41+00:00\",\"description\":\"Frisch, regional und saisonal sind die Produkte von den Almen des SalzburgerLands. Butter und K\u00e4se, Schn\u00e4pse und knackiges Bauernbrot.\",\"breadcrumb\":{\"@id\":\"https:\/\/www.salzburgerland.com\/de\/produkte-von-der-alm\/#breadcrumb\"},\"inLanguage\":\"de\",\"potentialAction\":[{\"@type\":\"ReadAction\",\"target\":[\"https:\/\/www.salzburgerland.com\/de\/produkte-von-der-alm\/\"]}]},{\"@type\":\"ImageObject\",\"inLanguage\":\"de\",\"@id\":\"https:\/\/www.salzburgerland.com\/de\/produkte-von-der-alm\/#primaryimage\",\"url\":\"https:\/\/www.salzburgerland.com\/de\/wp-content\/uploads\/2016\/11\/niedernsill-sommer-wandern-almjause.jpg\",\"contentUrl\":\"https:\/\/www.salzburgerland.com\/de\/wp-content\/uploads\/2016\/11\/niedernsill-sommer-wandern-almjause.jpg\",\"width\":1920,\"height\":1280,\"caption\":\"\u00a9 TVB Piesendorf Niedernsill-Harry Liebmann - Almjause auf der H\u00fctte.\"},{\"@type\":\"BreadcrumbList\",\"@id\":\"https:\/\/www.salzburgerland.com\/de\/produkte-von-der-alm\/#breadcrumb\",\"itemListElement\":[{\"@type\":\"ListItem\",\"position\":1,\"name\":\"Almsommer\",\"item\":\"https:\/\/www.salzburgerland.com\/de\/almsommer\/\"},{\"@type\":\"ListItem\",\"position\":2,\"name\":\"Produkte von der Alm\"}]},{\"@type\":\"WebSite\",\"@id\":\"https:\/\/www.salzburgerland.com\/de\/#website\",\"url\":\"https:\/\/www.salzburgerland.com\/de\/\",\"name\":\"SalzburgerLand.com\",\"description\":\"Ihr Urlaub in Salzburg, \u00d6sterreich\",\"publisher\":{\"@id\":\"https:\/\/www.salzburgerland.com\/de\/#organization\"},\"potentialAction\":[{\"@type\":\"SearchAction\",\"target\":{\"@type\":\"EntryPoint\",\"urlTemplate\":\"https:\/\/www.salzburgerland.com\/de\/?s={search_term_string}\"},\"query-input\":{\"@type\":\"PropertyValueSpecification\",\"valueRequired\":true,\"valueName\":\"search_term_string\"}}],\"inLanguage\":\"de\"},{\"@type\":\"Organization\",\"@id\":\"https:\/\/www.salzburgerland.com\/de\/#organization\",\"name\":\"SalzburgerLand Tourismus GmbH\",\"url\":\"https:\/\/www.salzburgerland.com\/de\/\",\"logo\":{\"@type\":\"ImageObject\",\"inLanguage\":\"de\",\"@id\":\"https:\/\/www.salzburgerland.com\/de\/#\/schema\/logo\/image\/\",\"url\":\"https:\/\/www.salzburgerland.com\/de\/wp-content\/uploads\/2017\/01\/salzburgerland-logo.jpg\",\"contentUrl\":\"https:\/\/www.salzburgerland.com\/de\/wp-content\/uploads\/2017\/01\/salzburgerland-logo.jpg\",\"width\":1920,\"height\":827,\"caption\":\"SalzburgerLand Tourismus GmbH\"},\"image\":{\"@id\":\"https:\/\/www.salzburgerland.com\/de\/#\/schema\/logo\/image\/\"},\"sameAs\":[\"https:\/\/www.facebook.com\/salzburgerland\/\",\"https:\/\/x.com\/Salzburgerland\",\"https:\/\/www.instagram.com\/salzburgerland\/\",\"http:\/\/dbpedia.org\/resource\/Salzburg_(state)\",\"http:\/\/wikidata.dbpedia.org\/resource\/Q43325\",\"http:\/\/open.salzburgerland.com\/de\/entity\/salzburgerland\",\"https:\/\/www.youtube.com\/user\/salzburgerland\"]},{\"@type\":\"Person\",\"@id\":\"https:\/\/www.salzburgerland.com\/de\/#\/schema\/person\/ca054217aa8036e6c8845e82eca0d9e9\",\"name\":\"Edith Danzer\",\"image\":{\"@type\":\"ImageObject\",\"inLanguage\":\"de\",\"@id\":\"https:\/\/www.salzburgerland.com\/de\/#\/schema\/person\/image\/\",\"url\":\"https:\/\/secure.gravatar.com\/avatar\/e7c744dec57c71e252f5439ca48245592f78eb791acd9405ac752ca9e313c1ef?s=96&d=mm&r=g\",\"contentUrl\":\"https:\/\/secure.gravatar.com\/avatar\/e7c744dec57c71e252f5439ca48245592f78eb791acd9405ac752ca9e313c1ef?s=96&d=mm&r=g\",\"caption\":\"Edith Danzer\"}}]}<\/script>\n<!-- \/ Yoast SEO Premium plugin. -->","yoast_head_json":{"title":"Produkte von der Alm: Brot, K\u00e4se, Butter, Schnaps und Milch.","description":"Frisch, regional und saisonal sind die Produkte von den Almen des SalzburgerLands. Butter und K\u00e4se, Schn\u00e4pse und knackiges Bauernbrot.","robots":{"index":"index","follow":"follow","max-snippet":"max-snippet:-1","max-image-preview":"max-image-preview:large","max-video-preview":"max-video-preview:-1"},"canonical":"https:\/\/www.salzburgerland.com\/de\/wp-json\/wp\/v2\/posts\/60084","og_locale":"de_DE","og_type":"article","og_title":"Produkte von der Alm","og_description":"Frisch, regional und saisonal sind die Produkte von den Almen des SalzburgerLands. Butter und K\u00e4se, Schn\u00e4pse und knackiges Bauernbrot.","og_url":"https:\/\/www.salzburgerland.com\/de\/wp-json\/wp\/v2\/posts\/60084","og_site_name":"SalzburgerLand.com","article_publisher":"https:\/\/www.facebook.com\/salzburgerland\/","article_published_time":"2016-08-30T09:55:13+00:00","article_modified_time":"2023-09-26T13:41:41+00:00","og_image":[{"url":"https:\/\/www.salzburgerland.com\/de\/wp-content\/uploads\/2016\/11\/niedernsill-sommer-wandern-almjause.jpg","width":1013,"height":675,"type":"image\/jpeg"}],"author":"Edith Danzer","twitter_card":"summary_large_image","twitter_creator":"@Salzburgerland","twitter_site":"@Salzburgerland","twitter_misc":{"Verfasst von":"Edith Danzer","Gesch\u00e4tzte Lesezeit":"4\u00a0Minuten"},"schema":{"@context":"https:\/\/schema.org","@graph":[{"@type":"WebPage","@id":"https:\/\/www.salzburgerland.com\/de\/produkte-von-der-alm\/","url":"https:\/\/www.salzburgerland.com\/de\/produkte-von-der-alm\/","name":"Produkte von der Alm: Brot, K\u00e4se, Butter, Schnaps und Milch.","isPartOf":{"@id":"https:\/\/www.salzburgerland.com\/de\/#website"},"primaryImageOfPage":{"@id":"https:\/\/www.salzburgerland.com\/de\/produkte-von-der-alm\/#primaryimage"},"image":{"@id":"https:\/\/www.salzburgerland.com\/de\/produkte-von-der-alm\/#primaryimage"},"thumbnailUrl":"https:\/\/www.salzburgerland.com\/de\/wp-content\/uploads\/2016\/11\/niedernsill-sommer-wandern-almjause.jpg","datePublished":"2016-08-30T09:55:13+00:00","dateModified":"2023-09-26T13:41:41+00:00","description":"Frisch, regional und saisonal sind die Produkte von den Almen des SalzburgerLands. Butter und K\u00e4se, Schn\u00e4pse und knackiges Bauernbrot.","breadcrumb":{"@id":"https:\/\/www.salzburgerland.com\/de\/produkte-von-der-alm\/#breadcrumb"},"inLanguage":"de","potentialAction":[{"@type":"ReadAction","target":["https:\/\/www.salzburgerland.com\/de\/produkte-von-der-alm\/"]}]},{"@type":"ImageObject","inLanguage":"de","@id":"https:\/\/www.salzburgerland.com\/de\/produkte-von-der-alm\/#primaryimage","url":"https:\/\/www.salzburgerland.com\/de\/wp-content\/uploads\/2016\/11\/niedernsill-sommer-wandern-almjause.jpg","contentUrl":"https:\/\/www.salzburgerland.com\/de\/wp-content\/uploads\/2016\/11\/niedernsill-sommer-wandern-almjause.jpg","width":1920,"height":1280,"caption":"\u00a9 TVB Piesendorf Niedernsill-Harry Liebmann - Almjause auf der H\u00fctte."},{"@type":"BreadcrumbList","@id":"https:\/\/www.salzburgerland.com\/de\/produkte-von-der-alm\/#breadcrumb","itemListElement":[{"@type":"ListItem","position":1,"name":"Almsommer","item":"https:\/\/www.salzburgerland.com\/de\/almsommer\/"},{"@type":"ListItem","position":2,"name":"Produkte von der Alm"}]},{"@type":"WebSite","@id":"https:\/\/www.salzburgerland.com\/de\/#website","url":"https:\/\/www.salzburgerland.com\/de\/","name":"SalzburgerLand.com","description":"Ihr Urlaub in Salzburg, \u00d6sterreich","publisher":{"@id":"https:\/\/www.salzburgerland.com\/de\/#organization"},"potentialAction":[{"@type":"SearchAction","target":{"@type":"EntryPoint","urlTemplate":"https:\/\/www.salzburgerland.com\/de\/?s={search_term_string}"},"query-input":{"@type":"PropertyValueSpecification","valueRequired":true,"valueName":"search_term_string"}}],"inLanguage":"de"},{"@type":"Organization","@id":"https:\/\/www.salzburgerland.com\/de\/#organization","name":"SalzburgerLand Tourismus GmbH","url":"https:\/\/www.salzburgerland.com\/de\/","logo":{"@type":"ImageObject","inLanguage":"de","@id":"https:\/\/www.salzburgerland.com\/de\/#\/schema\/logo\/image\/","url":"https:\/\/www.salzburgerland.com\/de\/wp-content\/uploads\/2017\/01\/salzburgerland-logo.jpg","contentUrl":"https:\/\/www.salzburgerland.com\/de\/wp-content\/uploads\/2017\/01\/salzburgerland-logo.jpg","width":1920,"height":827,"caption":"SalzburgerLand Tourismus GmbH"},"image":{"@id":"https:\/\/www.salzburgerland.com\/de\/#\/schema\/logo\/image\/"},"sameAs":["https:\/\/www.facebook.com\/salzburgerland\/","https:\/\/x.com\/Salzburgerland","https:\/\/www.instagram.com\/salzburgerland\/","http:\/\/dbpedia.org\/resource\/Salzburg_(state)","http:\/\/wikidata.dbpedia.org\/resource\/Q43325","http:\/\/open.salzburgerland.com\/de\/entity\/salzburgerland","https:\/\/www.youtube.com\/user\/salzburgerland"]},{"@type":"Person","@id":"https:\/\/www.salzburgerland.com\/de\/#\/schema\/person\/ca054217aa8036e6c8845e82eca0d9e9","name":"Edith Danzer","image":{"@type":"ImageObject","inLanguage":"de","@id":"https:\/\/www.salzburgerland.com\/de\/#\/schema\/person\/image\/","url":"https:\/\/secure.gravatar.com\/avatar\/e7c744dec57c71e252f5439ca48245592f78eb791acd9405ac752ca9e313c1ef?s=96&d=mm&r=g","contentUrl":"https:\/\/secure.gravatar.com\/avatar\/e7c744dec57c71e252f5439ca48245592f78eb791acd9405ac752ca9e313c1ef?s=96&d=mm&r=g","caption":"Edith Danzer"}}]}},"_wl_alt_label":[],"wl:entity_url":"http:\/\/open.salzburgerland.com\/de\/post\/produkte_von_der_alm","_links":{"self":[{"href":"https:\/\/www.salzburgerland.com\/de\/wp-json\/wp\/v2\/posts\/60084","targetHints":{"allow":["GET"]}}],"collection":[{"href":"https:\/\/www.salzburgerland.com\/de\/wp-json\/wp\/v2\/posts"}],"about":[{"href":"https:\/\/www.salzburgerland.com\/de\/wp-json\/wp\/v2\/types\/post"}],"author":[{"embeddable":true,"href":"https:\/\/www.salzburgerland.com\/de\/wp-json\/wp\/v2\/users\/19"}],"replies":[{"embeddable":true,"href":"https:\/\/www.salzburgerland.com\/de\/wp-json\/wp\/v2\/comments?post=60084"}],"version-history":[{"count":5,"href":"https:\/\/www.salzburgerland.com\/de\/wp-json\/wp\/v2\/posts\/60084\/revisions"}],"predecessor-version":[{"id":665510,"href":"https:\/\/www.salzburgerland.com\/de\/wp-json\/wp\/v2\/posts\/60084\/revisions\/665510"}],"wp:featuredmedia":[{"embeddable":true,"href":"https:\/\/www.salzburgerland.com\/de\/wp-json\/wp\/v2\/media\/80016"}],"wp:attachment":[{"href":"https:\/\/www.salzburgerland.com\/de\/wp-json\/wp\/v2\/media?parent=60084"}],"wp:term":[{"taxonomy":"category","embeddable":true,"href":"https:\/\/www.salzburgerland.com\/de\/wp-json\/wp\/v2\/categories?post=60084"},{"taxonomy":"post_tag","embeddable":true,"href":"https:\/\/www.salzburgerland.com\/de\/wp-json\/wp\/v2\/tags?post=60084"},{"taxonomy":"wl_entity_type","embeddable":true,"href":"https:\/\/www.salzburgerland.com\/de\/wp-json\/wp\/v2\/wl_entity_type?post=60084"}],"curies":[{"name":"wp","href":"https:\/\/api.w.org\/{rel}","templated":true}]}}