{"id":599565,"date":"2021-08-13T10:34:33","date_gmt":"2021-08-13T08:34:33","guid":{"rendered":"https:\/\/www.salzburgerland.com\/de\/?p=599565"},"modified":"2021-08-26T14:07:24","modified_gmt":"2021-08-26T12:07:24","slug":"thomas-geierspichlers-sommer-top5","status":"publish","type":"post","link":"https:\/\/www.salzburgerland.com\/de\/thomas-geierspichlers-sommer-top5\/","title":{"rendered":"Thomas Geierspichlers Sommer Top5"},"content":{"rendered":"<p>Einen wahren Raketenstart im Rennrollstuhl hat der Salzburger zu Beginn seiner sportlichen Karriere hingelegt. Drei Jahre nach seinem Autounfall kam 1997 die gro\u00dfe Kehrtwende im Leben des <a href=\"https:\/\/www.geierspichler.com\/\" target=\"_blank\" rel=\"noopener\">Thomas Geierspichler<\/a>. \u201eEs war der 28. Dezember als ich beschloss, bewusst zu leben und meine Option, trotz Handicap nach vorne zu gehen, wahrzunehmen. Ich ging auf Entdeckungsreise und fand \u00fcber den Glauben und den Sport nicht nur Kraft und Motivation, sondern auch Gl\u00fcck, Hoffnung und Zuversicht. Ich krempelte mein Leben damals komplett um. 1998 begann ich mit dem Training und schon zwei Jahre sp\u00e4ter holte ich Bronze bei den Olympischen Spielen\u201c, erinnert sich Thomas Geierspichler noch gut an die Anf\u00e4nge, w\u00e4hrend er nun den Rasenm\u00e4her am <a href=\"https:\/\/reschbergerhof.jimdofree.com\/\" target=\"_blank\" rel=\"noopener\">Reschbergerhof,<\/a> wo er auch Appartements vermietet, abstellt. \u201eEins meiner Hobbies\u201c, lacht er und erkl\u00e4rt: \u201eDas Rasenm\u00e4hen ist f\u00fcr mich Meditation. Erst wenn das Feld vom Gras befreit ist, ist dort Raum f\u00fcr Neues. Dabei kann ich aber auch perfekt abschalten und bin voller Dankbarkeit. Voller Dankbarkeit bin ich auch auf meinen Trainingsrunden, wenn ich direkt vor der Haust\u00fcr mit Blick auf den Untersberg losstarte.\u201c<\/p>\n<p>\u00a0<\/p>\n<p>Eine dieser Trainingsstrecken f\u00fchrt den erfolgreichen Spitzensportler in den S\u00fcden Salzburgs. \u201eEntlang der Hellbrunner Allee bin ich immer wieder von den alten B\u00e4umen beeindruckt. Was sie wohl alles erz\u00e4hlen k\u00f6nnten? Im Schatten des Untersbergs oder entlang der Salzach nach Rif \u2013 \u00fcberall nehme ich ganz intensiv die wundersch\u00f6ne Natur wahr. Wenn die Bauern ihre Felder m\u00e4hen und der Duft des frischgem\u00e4hten Heus in der Luft liegt, bleibe ich oft einmal stehen und atme tief diesen Geruch ein. Er weckt Kindheitserinnerungen. Am Bauernhof aufgewachsen, halfen wir Kinder im Sommer immer beim Heuen. Klar w\u00e4ren wir auch manchmal lieber ins <a href=\"https:\/\/www.waldbadanif.at\/\" target=\"_blank\" rel=\"noopener\">Anifer Waldbad<\/a> gegangen, aber die Heuarbeit geh\u00f6rte am Bauernhof einfach mit dazu. Und wundersch\u00f6n waren jene Momente, wenn die Heuarbeit abends geschafft war und die Sonne wie ein oranger Ball hinter dem Untersberg unterging. An all das erinnere ich mich auf den Trainingsrunden, wenn ich an frischgem\u00e4hten Wiesen vorbeikomme. Der Duft des Heus ruft das alles wieder wach und dann sp\u00fcre ich absolute Dankbarkeit. Ich habe nach dem Unfall das Privileg, dass ich leben darf. Dass ich diese wundervollen Momente im SalzburgerLand erleben darf.\u201c<\/p>\n<p>\u00a0<\/p>\n\n\t\t\t<div id=\"599565-1\" class=\"gallery gallery-599565 gallery-columns-3 gallery-size-1170_658\" itemscope itemtype=\"http:\/\/schema.org\/ImageGallery\">\n\t\t\t\t<ul class=\"gallery-row gallery-col-3 gallery-clear\">\n\t\t\t\t\t<li class=\"gallery-item col-3\" itemprop=\"associatedMedia\" itemscope itemtype=\"http:\/\/schema.org\/ImageObject\">\n\t\t\t\t\t\t<div class=\"gallery-icon landscape\"><a href=\"https:\/\/www.salzburgerland.com\/de\/wp-content\/uploads\/2021\/07\/slt_geiersbichler_9-1920x1067.jpg\" title=\"SLT_Geiersbichler_9\"><img decoding=\"async\" data-title=\"\u00a9 SalzburgerLand Tourismus, Peakmotion Thomas Geierspichler \" title=\"\u00a9 SalzburgerLand Tourismus, Peakmotion Thomas Geierspichler \" data-caption=\"\u00a9 SalzburgerLand Tourismus, Peakmotion Thomas Geierspichler \" width=\"1170\" height=\"658\" src=\"https:\/\/www.salzburgerland.com\/de\/wp-content\/uploads\/2021\/07\/slt_geiersbichler_9-1170x658.jpg\" class=\"attachment-1170_658 size-1170_658\" alt=\"Ein b\u00e4rtiger Radfahrer mit orangefarbenem Helm und Sonnenbrille blickt an einem sonnigen Tag auf einer Wiese zur\u00fcck. (vergr\u00f6\u00dferte Ansicht)\" srcset=\"https:\/\/www.salzburgerland.com\/de\/wp-content\/uploads\/2021\/07\/slt_geiersbichler_9-1170x658.jpg 1170w, https:\/\/www.salzburgerland.com\/de\/wp-content\/uploads\/2021\/07\/slt_geiersbichler_9-1200x675.jpg 1200w\" sizes=\"(max-width: 1170px) 100vw, 1170px\" aria-describedby=\"figcaption-599565-599570\" itemprop=\"thumbnail\"><\/a><\/div>\n\t\t\t\t\t\t<span id=\"figcaption-599565-599570\" class=\"gallery-caption\" itemprop=\"caption\"><span aria-hidden=\"true\">\u00a9 SalzburgerLand Tourismus, Peakmotion Thomas Geierspichler <\/span><\/span>\n\t\t\t\t\t<\/li>\n\t\t\t\t\t<li class=\"gallery-item col-3\" itemprop=\"associatedMedia\" itemscope itemtype=\"http:\/\/schema.org\/ImageObject\">\n\t\t\t\t\t\t<div class=\"gallery-icon landscape\"><a href=\"https:\/\/www.salzburgerland.com\/de\/wp-content\/uploads\/2021\/07\/slt_geiersbichler_12-1920x1067.jpg\" title=\"SLT_Geiersbichler_12\"><img decoding=\"async\" data-title=\"\u00a9 SalzburgerLand Tourismus, Peakmotion Thomas Geierspichler vor dem Untersberg \" title=\"\u00a9 SalzburgerLand Tourismus, Peakmotion Thomas Geierspichler vor dem Untersberg \" data-caption=\"\u00a9 SalzburgerLand Tourismus, Peakmotion Thomas Geierspichler vor dem Untersberg \" width=\"1170\" height=\"658\" src=\"https:\/\/www.salzburgerland.com\/de\/wp-content\/uploads\/2021\/07\/slt_geiersbichler_12-1170x658.jpg\" class=\"attachment-1170_658 size-1170_658\" alt=\"Ein Sportler in einem gelben Rennrollstuhl bewegt sich auf einer Stra\u00dfe mit Bergen im Hintergrund. (vergr\u00f6\u00dferte Ansicht)\" srcset=\"https:\/\/www.salzburgerland.com\/de\/wp-content\/uploads\/2021\/07\/slt_geiersbichler_12-1170x658.jpg 1170w, https:\/\/www.salzburgerland.com\/de\/wp-content\/uploads\/2021\/07\/slt_geiersbichler_12-1200x675.jpg 1200w\" sizes=\"(max-width: 1170px) 100vw, 1170px\" aria-describedby=\"figcaption-599565-599571\" itemprop=\"thumbnail\"><\/a><\/div>\n\t\t\t\t\t\t<span id=\"figcaption-599565-599571\" class=\"gallery-caption\" itemprop=\"caption\"><span aria-hidden=\"true\">\u00a9 SalzburgerLand Tourismus, Peakmotion Thomas Geierspichler vor dem Untersberg <\/span><\/span>\n\t\t\t\t\t<\/li>\n\t\t\t\t\t<li class=\"gallery-item col-3\" itemprop=\"associatedMedia\" itemscope itemtype=\"http:\/\/schema.org\/ImageObject\">\n\t\t\t\t\t\t<div class=\"gallery-icon landscape\"><a href=\"https:\/\/www.salzburgerland.com\/de\/wp-content\/uploads\/2021\/07\/slt_geiersbichler_3-1920x1067.jpg\" title=\"SLT_Geiersbichler_3\"><img decoding=\"async\" data-title=\"\u00a9 SalzburgerLand Tourismus, Peakmotion Der Duft von Heu\" title=\"\u00a9 SalzburgerLand Tourismus, Peakmotion Der Duft von Heu\" data-caption=\"\u00a9 SalzburgerLand Tourismus, Peakmotion Der Duft von Heu\" width=\"1170\" height=\"658\" src=\"https:\/\/www.salzburgerland.com\/de\/wp-content\/uploads\/2021\/07\/slt_geiersbichler_3-scaled-e1627396213142-1170x658.jpg\" class=\"attachment-1170_658 size-1170_658\" alt=\"Ein Mann in einem Rennrollstuhl l\u00e4chelt und h\u00e4lt Gras auf einem Feld mit Bergen im Hintergrund. (vergr\u00f6\u00dferte Ansicht)\" srcset=\"https:\/\/www.salzburgerland.com\/de\/wp-content\/uploads\/2021\/07\/slt_geiersbichler_3-scaled-e1627396213142-1170x658.jpg 1170w, https:\/\/www.salzburgerland.com\/de\/wp-content\/uploads\/2021\/07\/slt_geiersbichler_3-scaled-e1627396213142-1200x675.jpg 1200w\" sizes=\"(max-width: 1170px) 100vw, 1170px\" aria-describedby=\"figcaption-599565-599568\" itemprop=\"thumbnail\"><\/a><\/div>\n\t\t\t\t\t\t<span id=\"figcaption-599565-599568\" class=\"gallery-caption\" itemprop=\"caption\"><span aria-hidden=\"true\">\u00a9 SalzburgerLand Tourismus, Peakmotion Der Duft von Heu<\/span><\/span>\n\t\t\t\t\t<\/li>\n\t\t\t\t<\/ul>\n\t\t\t<\/div><!-- .gallery -->\n\n<p>\u00a0<\/p>\n<h2><strong>Thomas Geierspichlers Lieblingspl\u00e4tze im SalzburgerLand<\/strong><\/h2>\n<p>\u00a0<\/p>\n<h2><strong>1. Naturparadies K\u00f6nigsseeache <\/strong><\/h2>\n<p>\u201eEin wundersch\u00f6ner Ausflug f\u00fchrt mich an das Naturparadies K\u00f6nigsseeache am s\u00fcdlichen Stadtrand von Salzburg. Entdeckt habe ich dieses sch\u00f6ne Platzerl eigentlich bei einem Spaziergang im Winter. Durch ein Vorspannbike am Rollstuhl bin ich flexibler bei den Routen und so kam ich auch zum Naturparadies K\u00f6nigsseeache. Von Salzburg aus radelt man gem\u00fctlich entlang der Salzach bis zur Ursteinbr\u00fccke und erreicht dann die Ufer der K\u00f6nigsseeache. Mit dem Auto parkt man am Waldbad Anif oder dem Kraftwerk Urstein. Es f\u00fchren ganz viele verzweigte Waldwege rund um die Naturbadepl\u00e4tze und viele Salzburger haben diese Spazierwege oder die idyllischen Badepl\u00e4tze f\u00fcr sich entdeckt. Mich \u00fcberkommt an diesem Ort immer ein richtiges Hochgef\u00fchl. Ich erblicke am Ufer das Werk der hier angesiedelten Biber, sehe vor mir den ,gro\u00dfen\u2018 und ,kleinen\u2018 Barmstein \u2013\u00a0 die Hausberge von Hallein \u2013 oder den m\u00e4chtigen Untersberg. Weiter geht\u2019s zum Rifer Spitz, hier in Rif flie\u00dfen Salzach und K\u00f6nigsseeache zusammen, und eine beliebte <a href=\"https:\/\/www.hallein.com\/geniessen\/gastronomie\/jausenstation-rifer-spitz\/\" target=\"_blank\" rel=\"noopener\">Jausenstation<\/a> sorgt f\u00fcr eine kleine St\u00e4rkung unterwegs.\u201c<\/p>\n<p>\u00a0<\/p>\n<h2><strong>2. Bluntautal bei Golling<\/strong><\/h2>\n<p>\u201eAuch das <a href=\"https:\/\/www.golling.info\/erlebnis-ausflug\/bluntautal\" target=\"_blank\" rel=\"noopener\">Bluntautal<\/a> im Tennengau bei <a href=\"https:\/\/www.golling.info\/\" target=\"_blank\" rel=\"noopener\">Golling<\/a> ist mit dem Rad von Salzburg aus entlang der Salzach gut \u00fcber das bestens ausgebaute Radwegenetz zu erreichen. Schon der Weg von Golling hinein ins sechs Kilometer lange Bluntautal ist beeindruckend \u2013 wundersch\u00f6ne Bauernh\u00e4user s\u00e4umen den Weg und K\u00fche grasen in den Wiesen. Hinter dem B\u00e4renwirt sieht man die gewaltigen Wasserf\u00e4lle der ,Wei\u00dfen Torren\u2018. Das unter Landschaftsschutz stehende Gebiet des Bluntautals ist ein beliebtes Wander- und Ausflugsziel. Autofahrer parken am Taleingang und wandern hinein ins Bluntautal. Eine Zufahrt f\u00fcr Rollstuhlfahrer ist bis ins Tal hinein m\u00f6glich. Der tiefgr\u00fcne See ist umrandet von Wiesen und W\u00e4ldern und dahinter sieht man das Hagengebirge und den G\u00f6llstock, durchs Tal flie\u00dft die Torrener Ache. Auf den Schotterwegen im Tal kommt man gut mit einem gel\u00e4ndeg\u00e4ngigen Rollstuhl voran. Ich kann hier perfekt abschalten und genie\u00dfe die m\u00e4rchenhafte Sch\u00f6nheit dieses Ortes. Im glasklaren Wasser des Natursees tummeln sich auch zahlreiche Fische. Dieser ,<a href=\"https:\/\/www.bluntaufisch.at\/\" target=\"_blank\" rel=\"noopener\">Bluntaufisch<\/a>\u2018 aus dem eiskalten Gebirgsquellwasser ist ein echter kulinarischer Geheimtipp und kann bei einer Einkehr im Gasthof B\u00e4renh\u00fctte oder Gasthof G\u00f6llhof vor Ort verkostet werden.\u201c<\/p>\n<p>\u00a0<\/p>\n<h2><strong>3. Hellbrunner Park<\/strong><\/h2>\n<p>\u201e\u00dcber die Hellbrunner Allee erreiche ich von mir daheim aus schnell den <a href=\"https:\/\/www.hellbrunn.at\/park\" target=\"_blank\" rel=\"noopener\">Hellbrunner Park<\/a> \u2013 eine wundervolle Oase f\u00fcr mich. Ich gelange gern durch das ,Anifer T\u00f6rl\u2018 in das alte Parkgel\u00e4nde und rolle entlang des ehrw\u00fcrdigen Steintheaters. Dieses 400 Jahre alte nat\u00fcrlich gebildete Amphitheater ist die \u00e4lteste Naturb\u00fchne n\u00f6rdlich der Alpen und steht wie der ganze Schlosspark unter Denkmalschutz. Weiter geht\u2019s zum ,Sound of Music\u2018-Pavillon, in dem einige der sch\u00f6nsten Szenen dieses Film-Klassikers gedreht wurden. Auf der gem\u00fctlichen Tour durch den Schlosspark entspanne ich ungemein. Hier und dort wird ein Picknick auf den ausgedehnten Grasfl\u00e4chen ausgebreitet, L\u00e4ufer drehen ihre Runden und Spazierg\u00e4nger genie\u00dfen die Natur. Aus dem Kulturjuwel der Wasserspiele h\u00f6re ich fr\u00f6hliche Stimmen, wenn die Besucher johlend durch die Wasserfont\u00e4nen und vorbei an wasserspeienden Figuren laufen. Nach meiner Runde lege ich gern einen kulinarischen Zwischenstopp beim <a href=\"http:\/\/www.gasthaus-hellbrunn.at\/\" target=\"_blank\" rel=\"noopener\">Schlosshof im Gasthaus zu Schloss Hellbrunn<\/a>, bei Familie Gassner und ihrem Team ein.\u201c<\/p>\n<p>\u00a0<\/p>\n<h2><strong>4. Hallein \u2013 ein unentdecktes Juwel<\/strong><\/h2>\n<p>\u201eZwar liebe ich die Salzburger Altstadt, aber genauso gerne drehe ich meine Runden durch die verwinkelten Gassen der Stadt <a href=\"https:\/\/www.hallein.com\/\" target=\"_blank\" rel=\"noopener\">Hallein<\/a>. Hier in der wundersch\u00f6nen und unber\u00fchrten Altstadt an der Salzach ist die goldene \u00c4ra des Salzabbaus noch an den vielen wundersch\u00f6nen H\u00e4userfassaden sichtbar. Auch die m\u00e4chtigen Torb\u00f6gen beeindrucken mich jedes Mal erneut. Das <a href=\"https:\/\/www.keltenmuseum.at\/stillenachtmuseum\/\" target=\"_blank\" rel=\"noopener\">Stille-Nacht-Museum<\/a> in der Bezirkshauptstadt des Tennengaus zieht j\u00e4hrlich viele Besucher aus aller Welt an. Aber auch f\u00fcr das <a href=\"https:\/\/www.salzwelten.at\/de\/salzburg\/entdecken-erleben\" target=\"_blank\" rel=\"noopener\">Salzbergwerk<\/a> am Fu\u00dfe des D\u00fcrrnbergs ist die Stadt ber\u00fchmt, ist es doch eines der \u00e4ltesten Bergwerke der Welt. Schon die Kelten siedelten hier \u2013 das erf\u00e4hrt man auch in dem <a href=\"https:\/\/www.keltenmuseum.at\/standorte\/keltendorf-salina\/\" target=\"_blank\" rel=\"noopener\">Keltenmuseum<\/a> im Keltendorf Salina. Ich unternehme gerne Entdeckungsreisen in dieser Kulturstadt und in manchen Ecken strahlt Hallein f\u00fcr mich ein einzigartiges s\u00fcdliches Flair aus. In den zahlreichen Gastg\u00e4rten genie\u00dfe ich ein Eis oder lass bei einem Kaffee den Charme Halleins auf mich wirken.\u201c<\/p>\n<p>\u00a0<\/p>\n<h2><strong>5. Entlang des Tauernradwegs von Krimml nach Zell am See<\/strong><\/h2>\n<p>\u201eEine wundersch\u00f6ne Radstrecke f\u00fchrt im Pinzgau entlang der Salzach von dem Naturjuwel der <a href=\"https:\/\/www.wasserfaelle-krimml.at\/\" target=\"_blank\" rel=\"noopener\">Krimmler Wasserf\u00e4lle<\/a> bis nach <a href=\"https:\/\/www.zellamsee-kaprun.com\/de\" target=\"_blank\" rel=\"noopener\">Zell am See<\/a>. Beim Start in Krimml beeindrucken die m\u00e4chtigen Wasserf\u00e4lle \u2013 mit einer Fallh\u00f6he von 380 Metern ein unb\u00e4ndiges Schauspiel. \u00dcber einen gekiesten Radweg geht es vorbei an dem kleinen Ort Wald nach <a href=\"https:\/\/www.wildkogel-arena.at\/de\" target=\"_blank\" rel=\"noopener\">Neukirchen<\/a>. Hier lege ich gern einen Zwischenstopp bei einem alten Freund ein: Regisseur, Kulturschaffender und Schauspieler Charly Rabanser, der hier in der Wildkogel-Arena seit vielen Jahren das ,<a href=\"https:\/\/www.cinetheatro.com\/\" target=\"_blank\" rel=\"noopener\">cin\u00e9theatro<\/a>\u2018 f\u00fchrt. Der Original-Theatersaal aus den 1960ern wurde erst k\u00fcrzlich in einen Hotelneubau integriert. Zahlreiche kabarettistische Meister und Kleinkunst-Gr\u00f6\u00dfen kamen durch Charly Rabanser auf die B\u00fchne in der kleinen Gemeinde im Oberpinzgau. Weiter f\u00fchrt der Tauernradweg \u00fcber <a href=\"https:\/\/www.mittersill-tourismus.at\/\" target=\"_blank\" rel=\"noopener\">Mittersill<\/a> und Kaprun bis nach Zell am See. Parallel zur Strecke f\u00fchrt die <a href=\"https:\/\/www.pinzgauerlokalbahn.at\/content\/website_pinzgauerlokalbahn\/de_at.html\" target=\"_blank\" rel=\"noopener\">Pinzgaubahn<\/a>, mit der die 65 km lange Tour f\u00fcr Radfahrer jederzeit bequem abgek\u00fcrzt werden kann. Ein kulinarischer Tipp entlang des Weges ist ein Stopp f\u00fcr eine Eis oder eine selbstgesch\u00f6pfte Schokolade \u201e<a href=\"https:\/\/www.salzburgerland.com\/de\/magazin\/die-susesten-gipfel-der-hohen-tauern\/\" target=\"_blank\" rel=\"noopener\">Tauerngipfel<\/a>\u201c bei der Konditorei <a href=\"https:\/\/www.konditoreipletzer.at\/\" target=\"_blank\" rel=\"noopener\">Pletzer<\/a> in der Nationalpark Hauptstadt Mittersill.\u201c<\/p>\n<p><iframe title=\"Thomas Geierspichler im SalzburgerLand - Daf\u00fcr leben wir\" width=\"500\" height=\"281\" src=\"https:\/\/www.youtube-nocookie.com\/embed\/aClGIXlporA?feature=oembed&amp;rel=0&amp;modestbranding=1\" frameborder=\"0\" allow=\"accelerometer; autoplay; clipboard-write; encrypted-media; gyroscope; picture-in-picture; web-share\" referrerpolicy=\"strict-origin-when-cross-origin\" allowfullscreen><\/iframe><\/p>\n<p>Wer auf den Spuren von Spitzensportler Thomas Geierspichler echte Lieblingspl\u00e4tze im SalzburgerLand erkunden will, findet unter <a href=\"https:\/\/www.salzburgerland.com\/\" target=\"_blank\" rel=\"noopener\">www.salzburgerland.com<\/a> weitere Infos und noch viele zus\u00e4tzliche M\u00f6glichkeiten zur Inspiration. <strong>Bis bald im SalzburgerLand!<\/strong><\/p>\n<p>\u00a0<\/p>\n<p>\u00a0<\/p>\n<p>\u00a0<\/p>\n","protected":false},"excerpt":{"rendered":"<p>Einen wahren Raketenstart im Rennrollstuhl hat der Salzburger zu Beginn seiner sportlichen Karriere hingelegt. Drei Jahre nach seinem Autounfall kam 1997 die gro\u00dfe Kehrtwende im Leben des Thomas Geierspichler. \u201eEs war der 28. Dezember als ich beschloss, bewusst zu leben und meine Option, trotz Handicap nach vorne zu gehen, wahrzunehmen. Ich ging auf Entdeckungsreise und [&hellip;]<\/p>\n","protected":false},"author":19,"featured_media":599569,"comment_status":"closed","ping_status":"closed","sticky":false,"template":"","format":"standard","meta":{"_acf_changed":false,"wl_entities_gutenberg":"","_relevanssi_hide_post":"","_relevanssi_hide_content":"","_relevanssi_pin_for_all":"","_relevanssi_pin_keywords":"","_relevanssi_unpin_keywords":"","_relevanssi_related_keywords":"","_relevanssi_related_include_ids":"","_relevanssi_related_exclude_ids":"","_relevanssi_related_no_append":"","_relevanssi_related_not_related":"","_relevanssi_related_posts":"","_relevanssi_noindex_reason":"","footnotes":""},"categories":[1],"tags":[],"wl_entity_type":[11495],"class_list":["post-599565","post","type-post","status-publish","format-standard","has-post-thumbnail","hentry","category-allgemein","wl_entity_type-article"],"acf":[],"yoast_head":"<!-- This site is optimized with the Yoast SEO Premium plugin v26.9 (Yoast SEO v26.9) - https:\/\/yoast.com\/product\/yoast-seo-premium-wordpress\/ -->\n<title>Thomas Geierspichlers Sommer Top5 \u00bb SalzburgerLand.com<\/title>\n<meta name=\"robots\" content=\"index, follow, max-snippet:-1, max-image-preview:large, max-video-preview:-1\" \/>\n<link rel=\"canonical\" href=\"https:\/\/www.salzburgerland.com\/de\/wp-json\/wp\/v2\/posts\/599565\" \/>\n<meta property=\"og:locale\" content=\"de_DE\" \/>\n<meta property=\"og:type\" content=\"article\" \/>\n<meta property=\"og:title\" content=\"Thomas Geierspichlers Sommer Top5\" \/>\n<meta property=\"og:description\" content=\"Der Rennrollstuhlfahrer Thomas Geierspichler konnte bislang neun Olympia-Medaillen sammeln \u2013 darunter zwei Goldmedaillen. Ganz nebenbei h\u00e4lt er auch zwei Weltrekorde im Marathon und auf 10.000 Meter, ist 5-facher Weltmeister und elffacher Europameister.\" \/>\n<meta property=\"og:url\" content=\"https:\/\/www.salzburgerland.com\/de\/wp-json\/wp\/v2\/posts\/599565\" \/>\n<meta property=\"og:site_name\" content=\"SalzburgerLand.com\" \/>\n<meta property=\"article:publisher\" content=\"https:\/\/www.facebook.com\/salzburgerland\/\" \/>\n<meta property=\"article:published_time\" content=\"2021-08-13T08:34:33+00:00\" \/>\n<meta property=\"article:modified_time\" content=\"2021-08-26T12:07:24+00:00\" \/>\n<meta property=\"og:image\" content=\"https:\/\/www.salzburgerland.com\/de\/wp-content\/uploads\/2021\/07\/slt_geiersbichler_5-1200x675.jpg\" \/>\n\t<meta property=\"og:image:width\" content=\"1200\" \/>\n\t<meta property=\"og:image:height\" content=\"675\" \/>\n\t<meta property=\"og:image:type\" content=\"image\/jpeg\" \/>\n<meta name=\"author\" content=\"Edith Danzer\" \/>\n<meta name=\"twitter:card\" content=\"summary_large_image\" \/>\n<meta name=\"twitter:creator\" content=\"@Salzburgerland\" \/>\n<meta name=\"twitter:site\" content=\"@Salzburgerland\" \/>\n<meta name=\"twitter:label1\" content=\"Verfasst von\" \/>\n\t<meta name=\"twitter:data1\" content=\"Edith Danzer\" \/>\n\t<meta name=\"twitter:label2\" content=\"Gesch\u00e4tzte Lesezeit\" \/>\n\t<meta name=\"twitter:data2\" content=\"6\u00a0Minuten\" \/>\n<script type=\"application\/ld+json\" class=\"yoast-schema-graph\">{\"@context\":\"https:\/\/schema.org\",\"@graph\":[{\"@type\":\"WebPage\",\"@id\":\"https:\/\/www.salzburgerland.com\/de\/thomas-geierspichlers-sommer-top5\/\",\"url\":\"https:\/\/www.salzburgerland.com\/de\/thomas-geierspichlers-sommer-top5\/\",\"name\":\"Thomas Geierspichlers Sommer Top5 \u00bb SalzburgerLand.com\",\"isPartOf\":{\"@id\":\"https:\/\/www.salzburgerland.com\/de\/#website\"},\"primaryImageOfPage\":{\"@id\":\"https:\/\/www.salzburgerland.com\/de\/thomas-geierspichlers-sommer-top5\/#primaryimage\"},\"image\":{\"@id\":\"https:\/\/www.salzburgerland.com\/de\/thomas-geierspichlers-sommer-top5\/#primaryimage\"},\"thumbnailUrl\":\"https:\/\/www.salzburgerland.com\/de\/wp-content\/uploads\/2021\/07\/slt_geiersbichler_5-scaled.jpg\",\"datePublished\":\"2021-08-13T08:34:33+00:00\",\"dateModified\":\"2021-08-26T12:07:24+00:00\",\"description\":\"Der Rennrollstuhlfahrer Thomas Geierspichler konnte bislang neun Olympia-Medaillen sammeln \u2013 darunter zwei Goldmedaillen. Ganz nebenbei h\u00e4lt er auch zwei Weltrekorde im Marathon und auf 10.000 Meter, ist 5-facher Weltmeister und elffacher Europameister.\",\"breadcrumb\":{\"@id\":\"https:\/\/www.salzburgerland.com\/de\/thomas-geierspichlers-sommer-top5\/#breadcrumb\"},\"inLanguage\":\"de\",\"potentialAction\":[{\"@type\":\"ReadAction\",\"target\":[\"https:\/\/www.salzburgerland.com\/de\/thomas-geierspichlers-sommer-top5\/\"]}]},{\"@type\":\"ImageObject\",\"inLanguage\":\"de\",\"@id\":\"https:\/\/www.salzburgerland.com\/de\/thomas-geierspichlers-sommer-top5\/#primaryimage\",\"url\":\"https:\/\/www.salzburgerland.com\/de\/wp-content\/uploads\/2021\/07\/slt_geiersbichler_5-scaled.jpg\",\"contentUrl\":\"https:\/\/www.salzburgerland.com\/de\/wp-content\/uploads\/2021\/07\/slt_geiersbichler_5-scaled.jpg\",\"width\":1283,\"height\":1920,\"caption\":\"\u00a9 SalzburgerLand Tourismus, Peakmotion\"},{\"@type\":\"BreadcrumbList\",\"@id\":\"https:\/\/www.salzburgerland.com\/de\/thomas-geierspichlers-sommer-top5\/#breadcrumb\",\"itemListElement\":[{\"@type\":\"ListItem\",\"position\":1,\"name\":\"SalzburgerLand Botschafter\",\"item\":\"https:\/\/www.salzburgerland.com\/de\/salzburgerland-botschafter\/\"},{\"@type\":\"ListItem\",\"position\":2,\"name\":\"Thomas Geierspichlers Sommer Top5\"}]},{\"@type\":\"WebSite\",\"@id\":\"https:\/\/www.salzburgerland.com\/de\/#website\",\"url\":\"https:\/\/www.salzburgerland.com\/de\/\",\"name\":\"SalzburgerLand.com\",\"description\":\"Ihr Urlaub in Salzburg, \u00d6sterreich\",\"publisher\":{\"@id\":\"https:\/\/www.salzburgerland.com\/de\/#organization\"},\"potentialAction\":[{\"@type\":\"SearchAction\",\"target\":{\"@type\":\"EntryPoint\",\"urlTemplate\":\"https:\/\/www.salzburgerland.com\/de\/?s={search_term_string}\"},\"query-input\":{\"@type\":\"PropertyValueSpecification\",\"valueRequired\":true,\"valueName\":\"search_term_string\"}}],\"inLanguage\":\"de\"},{\"@type\":\"Organization\",\"@id\":\"https:\/\/www.salzburgerland.com\/de\/#organization\",\"name\":\"SalzburgerLand Tourismus GmbH\",\"url\":\"https:\/\/www.salzburgerland.com\/de\/\",\"logo\":{\"@type\":\"ImageObject\",\"inLanguage\":\"de\",\"@id\":\"https:\/\/www.salzburgerland.com\/de\/#\/schema\/logo\/image\/\",\"url\":\"https:\/\/www.salzburgerland.com\/de\/wp-content\/uploads\/2017\/01\/salzburgerland-logo.jpg\",\"contentUrl\":\"https:\/\/www.salzburgerland.com\/de\/wp-content\/uploads\/2017\/01\/salzburgerland-logo.jpg\",\"width\":1920,\"height\":827,\"caption\":\"SalzburgerLand Tourismus GmbH\"},\"image\":{\"@id\":\"https:\/\/www.salzburgerland.com\/de\/#\/schema\/logo\/image\/\"},\"sameAs\":[\"https:\/\/www.facebook.com\/salzburgerland\/\",\"https:\/\/x.com\/Salzburgerland\",\"https:\/\/www.instagram.com\/salzburgerland\/\",\"http:\/\/dbpedia.org\/resource\/Salzburg_(state)\",\"http:\/\/wikidata.dbpedia.org\/resource\/Q43325\",\"http:\/\/open.salzburgerland.com\/de\/entity\/salzburgerland\",\"https:\/\/www.youtube.com\/user\/salzburgerland\"]},{\"@type\":\"Person\",\"@id\":\"https:\/\/www.salzburgerland.com\/de\/#\/schema\/person\/ca054217aa8036e6c8845e82eca0d9e9\",\"name\":\"Edith Danzer\",\"image\":{\"@type\":\"ImageObject\",\"inLanguage\":\"de\",\"@id\":\"https:\/\/www.salzburgerland.com\/de\/#\/schema\/person\/image\/\",\"url\":\"https:\/\/secure.gravatar.com\/avatar\/e7c744dec57c71e252f5439ca48245592f78eb791acd9405ac752ca9e313c1ef?s=96&d=mm&r=g\",\"contentUrl\":\"https:\/\/secure.gravatar.com\/avatar\/e7c744dec57c71e252f5439ca48245592f78eb791acd9405ac752ca9e313c1ef?s=96&d=mm&r=g\",\"caption\":\"Edith Danzer\"}}]}<\/script>\n<!-- \/ Yoast SEO Premium plugin. -->","yoast_head_json":{"title":"Thomas Geierspichlers Sommer Top5 \u00bb SalzburgerLand.com","robots":{"index":"index","follow":"follow","max-snippet":"max-snippet:-1","max-image-preview":"max-image-preview:large","max-video-preview":"max-video-preview:-1"},"canonical":"https:\/\/www.salzburgerland.com\/de\/wp-json\/wp\/v2\/posts\/599565","og_locale":"de_DE","og_type":"article","og_title":"Thomas Geierspichlers Sommer Top5","og_description":"Der Rennrollstuhlfahrer Thomas Geierspichler konnte bislang neun Olympia-Medaillen sammeln \u2013 darunter zwei Goldmedaillen. Ganz nebenbei h\u00e4lt er auch zwei Weltrekorde im Marathon und auf 10.000 Meter, ist 5-facher Weltmeister und elffacher Europameister.","og_url":"https:\/\/www.salzburgerland.com\/de\/wp-json\/wp\/v2\/posts\/599565","og_site_name":"SalzburgerLand.com","article_publisher":"https:\/\/www.facebook.com\/salzburgerland\/","article_published_time":"2021-08-13T08:34:33+00:00","article_modified_time":"2021-08-26T12:07:24+00:00","og_image":[{"width":1200,"height":675,"url":"https:\/\/www.salzburgerland.com\/de\/wp-content\/uploads\/2021\/07\/slt_geiersbichler_5-1200x675.jpg","type":"image\/jpeg"}],"author":"Edith Danzer","twitter_card":"summary_large_image","twitter_creator":"@Salzburgerland","twitter_site":"@Salzburgerland","twitter_misc":{"Verfasst von":"Edith Danzer","Gesch\u00e4tzte Lesezeit":"6\u00a0Minuten"},"schema":{"@context":"https:\/\/schema.org","@graph":[{"@type":"WebPage","@id":"https:\/\/www.salzburgerland.com\/de\/thomas-geierspichlers-sommer-top5\/","url":"https:\/\/www.salzburgerland.com\/de\/thomas-geierspichlers-sommer-top5\/","name":"Thomas Geierspichlers Sommer Top5 \u00bb SalzburgerLand.com","isPartOf":{"@id":"https:\/\/www.salzburgerland.com\/de\/#website"},"primaryImageOfPage":{"@id":"https:\/\/www.salzburgerland.com\/de\/thomas-geierspichlers-sommer-top5\/#primaryimage"},"image":{"@id":"https:\/\/www.salzburgerland.com\/de\/thomas-geierspichlers-sommer-top5\/#primaryimage"},"thumbnailUrl":"https:\/\/www.salzburgerland.com\/de\/wp-content\/uploads\/2021\/07\/slt_geiersbichler_5-scaled.jpg","datePublished":"2021-08-13T08:34:33+00:00","dateModified":"2021-08-26T12:07:24+00:00","description":"Der Rennrollstuhlfahrer Thomas Geierspichler konnte bislang neun Olympia-Medaillen sammeln \u2013 darunter zwei Goldmedaillen. Ganz nebenbei h\u00e4lt er auch zwei Weltrekorde im Marathon und auf 10.000 Meter, ist 5-facher Weltmeister und elffacher Europameister.","breadcrumb":{"@id":"https:\/\/www.salzburgerland.com\/de\/thomas-geierspichlers-sommer-top5\/#breadcrumb"},"inLanguage":"de","potentialAction":[{"@type":"ReadAction","target":["https:\/\/www.salzburgerland.com\/de\/thomas-geierspichlers-sommer-top5\/"]}]},{"@type":"ImageObject","inLanguage":"de","@id":"https:\/\/www.salzburgerland.com\/de\/thomas-geierspichlers-sommer-top5\/#primaryimage","url":"https:\/\/www.salzburgerland.com\/de\/wp-content\/uploads\/2021\/07\/slt_geiersbichler_5-scaled.jpg","contentUrl":"https:\/\/www.salzburgerland.com\/de\/wp-content\/uploads\/2021\/07\/slt_geiersbichler_5-scaled.jpg","width":1283,"height":1920,"caption":"\u00a9 SalzburgerLand Tourismus, Peakmotion"},{"@type":"BreadcrumbList","@id":"https:\/\/www.salzburgerland.com\/de\/thomas-geierspichlers-sommer-top5\/#breadcrumb","itemListElement":[{"@type":"ListItem","position":1,"name":"SalzburgerLand Botschafter","item":"https:\/\/www.salzburgerland.com\/de\/salzburgerland-botschafter\/"},{"@type":"ListItem","position":2,"name":"Thomas Geierspichlers Sommer Top5"}]},{"@type":"WebSite","@id":"https:\/\/www.salzburgerland.com\/de\/#website","url":"https:\/\/www.salzburgerland.com\/de\/","name":"SalzburgerLand.com","description":"Ihr Urlaub in Salzburg, \u00d6sterreich","publisher":{"@id":"https:\/\/www.salzburgerland.com\/de\/#organization"},"potentialAction":[{"@type":"SearchAction","target":{"@type":"EntryPoint","urlTemplate":"https:\/\/www.salzburgerland.com\/de\/?s={search_term_string}"},"query-input":{"@type":"PropertyValueSpecification","valueRequired":true,"valueName":"search_term_string"}}],"inLanguage":"de"},{"@type":"Organization","@id":"https:\/\/www.salzburgerland.com\/de\/#organization","name":"SalzburgerLand Tourismus GmbH","url":"https:\/\/www.salzburgerland.com\/de\/","logo":{"@type":"ImageObject","inLanguage":"de","@id":"https:\/\/www.salzburgerland.com\/de\/#\/schema\/logo\/image\/","url":"https:\/\/www.salzburgerland.com\/de\/wp-content\/uploads\/2017\/01\/salzburgerland-logo.jpg","contentUrl":"https:\/\/www.salzburgerland.com\/de\/wp-content\/uploads\/2017\/01\/salzburgerland-logo.jpg","width":1920,"height":827,"caption":"SalzburgerLand Tourismus GmbH"},"image":{"@id":"https:\/\/www.salzburgerland.com\/de\/#\/schema\/logo\/image\/"},"sameAs":["https:\/\/www.facebook.com\/salzburgerland\/","https:\/\/x.com\/Salzburgerland","https:\/\/www.instagram.com\/salzburgerland\/","http:\/\/dbpedia.org\/resource\/Salzburg_(state)","http:\/\/wikidata.dbpedia.org\/resource\/Q43325","http:\/\/open.salzburgerland.com\/de\/entity\/salzburgerland","https:\/\/www.youtube.com\/user\/salzburgerland"]},{"@type":"Person","@id":"https:\/\/www.salzburgerland.com\/de\/#\/schema\/person\/ca054217aa8036e6c8845e82eca0d9e9","name":"Edith Danzer","image":{"@type":"ImageObject","inLanguage":"de","@id":"https:\/\/www.salzburgerland.com\/de\/#\/schema\/person\/image\/","url":"https:\/\/secure.gravatar.com\/avatar\/e7c744dec57c71e252f5439ca48245592f78eb791acd9405ac752ca9e313c1ef?s=96&d=mm&r=g","contentUrl":"https:\/\/secure.gravatar.com\/avatar\/e7c744dec57c71e252f5439ca48245592f78eb791acd9405ac752ca9e313c1ef?s=96&d=mm&r=g","caption":"Edith Danzer"}}]}},"_wl_alt_label":[],"wl:entity_url":"http:\/\/open.salzburgerland.com\/de\/post\/thomas_geierspichlers_sommer_top5","_links":{"self":[{"href":"https:\/\/www.salzburgerland.com\/de\/wp-json\/wp\/v2\/posts\/599565","targetHints":{"allow":["GET"]}}],"collection":[{"href":"https:\/\/www.salzburgerland.com\/de\/wp-json\/wp\/v2\/posts"}],"about":[{"href":"https:\/\/www.salzburgerland.com\/de\/wp-json\/wp\/v2\/types\/post"}],"author":[{"embeddable":true,"href":"https:\/\/www.salzburgerland.com\/de\/wp-json\/wp\/v2\/users\/19"}],"replies":[{"embeddable":true,"href":"https:\/\/www.salzburgerland.com\/de\/wp-json\/wp\/v2\/comments?post=599565"}],"version-history":[{"count":5,"href":"https:\/\/www.salzburgerland.com\/de\/wp-json\/wp\/v2\/posts\/599565\/revisions"}],"predecessor-version":[{"id":607495,"href":"https:\/\/www.salzburgerland.com\/de\/wp-json\/wp\/v2\/posts\/599565\/revisions\/607495"}],"wp:featuredmedia":[{"embeddable":true,"href":"https:\/\/www.salzburgerland.com\/de\/wp-json\/wp\/v2\/media\/599569"}],"wp:attachment":[{"href":"https:\/\/www.salzburgerland.com\/de\/wp-json\/wp\/v2\/media?parent=599565"}],"wp:term":[{"taxonomy":"category","embeddable":true,"href":"https:\/\/www.salzburgerland.com\/de\/wp-json\/wp\/v2\/categories?post=599565"},{"taxonomy":"post_tag","embeddable":true,"href":"https:\/\/www.salzburgerland.com\/de\/wp-json\/wp\/v2\/tags?post=599565"},{"taxonomy":"wl_entity_type","embeddable":true,"href":"https:\/\/www.salzburgerland.com\/de\/wp-json\/wp\/v2\/wl_entity_type?post=599565"}],"curies":[{"name":"wp","href":"https:\/\/api.w.org\/{rel}","templated":true}]}}