{"id":59162,"date":"2016-08-19T16:38:39","date_gmt":"2016-08-19T14:38:39","guid":{"rendered":"https:\/\/www.onebigpark.at\/de\/?p=59162"},"modified":"2026-02-20T10:29:29","modified_gmt":"2026-02-20T09:29:29","slug":"was-ist-der-bauernherbst","status":"publish","type":"post","link":"https:\/\/www.salzburgerland.com\/de\/was-ist-der-bauernherbst\/","title":{"rendered":"Vielfalt Bauernherbst"},"content":{"rendered":"<p>Mitte August beginnt die 5. Jahreszeit im SalzburgerLand \u2013 der Bauernherbst. Es ist die Zeit, um die Ernte einzubringen und zu verarbeiten, die Zeit der Feste, der Begegnungen und des\u00a0Genusses. Hier hat man die Gelegenheit, das traditionelle b\u00e4uerliche Leben bei Handwerksvorf\u00fchrungen, Wanderungen, Kochkursen, Erntedankfesten, Almabtrieben und Brauchtumsveranstaltungen kennenzulernen. Musik, Tanz, <a href=\"https:\/\/www.salzburgerland.com\/de\/baeuerlich-aufgekocht\/\" target=\"_blank\" rel=\"noopener\">gutes Essen<\/a>, Tracht, Vereinsleben und Handwerk stehen dabei im Mittelpunkt.<\/p>\n<h2>Bauernherbst in Zahlen<\/h2>\n<ul>\n<li><strong>1 Motto:<\/strong>\u00a0Das Motto des Bauernherbst 2026 hei\u00dft \u201c<span style=\"background-color: rgba(46, 146, 255, 0.165);\">G\u2019sungen &amp; G\u2019spielt<\/span>\u201d.<\/li>\n<li><strong>4 Partner:\u00a0<\/strong><a href=\"https:\/\/www.salzburgerland.com\/de\/bauernherbst-partner\/\" target=\"_blank\" rel=\"noopener noreferrer\">Ausgew\u00e4hlte Partner<\/a>\u00a0aus der Wirtschaft wie Stiegl Privatbrauerei, Raiffeisen Salzburg,SalzburgMilch,\u00a0sowie\u00a0G\u00f6ssl\u00a0Trachten\u00a0tragen zum Gelingen des Bauernherbstes bei.<\/li>\n<li><strong>31 Jahre: <\/strong>Seit 31 Jahren bildet der Bauernherbst eine\u00a0Symbiose zwischen Landwirtschaft, Vereinen, Wirtschaft und Tourismus\u00a0und st\u00e4rkt die Entwicklung der d\u00f6rflichen und b\u00e4uerlichen Kultur.<\/li>\n<li><b>76 Orte: 2026 <\/b>feiern <a href=\"https:\/\/www.salzburgerland.com\/de\/bauernherbst-orte\/\" target=\"_blank\" rel=\"noopener noreferrer\">76 Bauernherbst-Orte<\/a>\u00a0von\u00a0Mitte August bis Ende\u00a0Oktober den Bauernherbst.<\/li>\n<li><b>100 % Wiedererkennung:\u00a0<\/b>Bauernherbst-Orte\u00a0erkennt man u.a. an den geschm\u00fcckten Bauernherbst-Ortstafeln, dem Bauernherbst-Baum oder den kreativen Dekorationen in den Orten und bei den Bauernherbst-Wirten.<\/li>\n<li><strong>260 Bauernherbst-Wirte<\/strong>: rund <a href=\"https:\/\/www.salzburgerland.com\/de\/bauernherbst-wirte\/\" target=\"_blank\" rel=\"noopener noreferrer\">260 Bauernherbst-Wirte<\/a>\u00a0verw\u00f6hnenden G\u00e4sten mit heimische und regionale Speisen.<\/li>\n<li><strong>330 Bauernherbst-Bauern und Bauernl\u00e4den:<\/strong> rund <a href=\"https:\/\/www.salzburgerland.com\/de\/ab-hof-verkauf-und-bauernlaeden\/pois\" target=\"_blank\" rel=\"noopener\">330 Bauern und Bauernl\u00e4den<\/a> versorgen Einheimische, G\u00e4ste und Gastronomen mit frischen, regionalen und nachhaltigen Produkten.<\/li>\n<li><span><strong>1996:<\/strong>\u00a0Der Salzburger Bauernherbst wurde im\u00a0Jahr<\/span> 1996<span> erstmals mit 14 Flachgauer Orten er\u00f6ffnet. Eine wahre <a href=\"https:\/\/www.salzburgerland.com\/de\/30-jahre-bauernherbst\/\" target=\"_blank\" rel=\"noopener\">Erfolgsgeschichte<\/a>.\u00a0<\/span><\/li>\n<li><strong>2000 Veranstaltungen:<\/strong>\u00a0Rund\u00a0<a href=\"https:\/\/holiday.salzburgerland.com\/blsalzburg\/de\/event\/list?limSerialEvents=6B6F16DE-F2FC-46EE-97FD-1789C3006FAC%2Ce52c993e-41d4-430d-9d73-65ed8ffb4411%2C97ff7d93-16f8-459c-a681-2214f6895857\" target=\"_blank\" rel=\"noopener noreferrer\"><b>2<\/b>000 Veranstaltungen<\/a>\u00a0sorgen f\u00fcr kulturellen, musikalischen und kulinarischen Genuss.<\/li>\n<li><strong>14.000 Teilnehmer<\/strong>: Rund\u00a014.000 aktive Teilnehmer\u00a0(Bauern, Handwerker, Wirte, Musiker und T\u00e4nzer) tragen zum Gelingen der Feste bei.<\/li>\n<li><span><strong>500.000 Besucher:<\/strong>\u00a0Seit der Gr\u00fcndung im Jahr 1996 stieg die Besucheranzahl aller Veranstaltungen pro Bauernherbst-Jahr von 150.000 auf rund <\/span>500.000 Besucher j\u00e4hrlich.<\/li>\n<\/ul>\n\n\t\t\t<div id=\"59162-1\" class=\"gallery gallery-59162 gallery-columns-3 gallery-size-1170_658\" itemscope itemtype=\"http:\/\/schema.org\/ImageGallery\">\n\t\t\t\t<ul class=\"gallery-row gallery-col-3 gallery-clear\">\n\t\t\t\t\t<li class=\"gallery-item col-3\" itemprop=\"associatedMedia\" itemscope itemtype=\"http:\/\/schema.org\/ImageObject\">\n\t\t\t\t\t\t<div class=\"gallery-icon landscape\"><a href=\"https:\/\/www.salzburgerland.com\/de\/wp-content\/uploads\/2016\/07\/rs4495_slt_bauernherbst20210810077-1920x1067.jpg\" title=\"Vorfreude auf den Salzburger Bauernherbst\"><img decoding=\"async\" data-title=\"Vorfreude auf den Salzburger Bauernherbst\" title=\"Vorfreude auf den Salzburger Bauernherbst\" data-caption=\"Vorfreude auf den Salzburger Bauernherbst\" width=\"1170\" height=\"658\" src=\"https:\/\/www.salzburgerland.com\/de\/wp-content\/uploads\/2016\/07\/rs4495_slt_bauernherbst20210810077-1170x658.jpg\" class=\"attachment-1170_658 size-1170_658\" alt=\"Menschen in traditioneller \u00f6sterreichischer Kleidung tanzen beim Bauernherbst, l\u00e4chelnd und h\u00e4ndchenhaltend mit Blumen im Hintergrund. (vergr\u00f6\u00dferte Ansicht)\" srcset=\"https:\/\/www.salzburgerland.com\/de\/wp-content\/uploads\/2016\/07\/rs4495_slt_bauernherbst20210810077-1170x658.jpg 1170w, https:\/\/www.salzburgerland.com\/de\/wp-content\/uploads\/2016\/07\/rs4495_slt_bauernherbst20210810077-1200x675.jpg 1200w\" sizes=\"(max-width: 1170px) 100vw, 1170px\" aria-describedby=\"figcaption-59162-655112\" itemprop=\"thumbnail\"><\/a><\/div>\n\t\t\t\t\t\t<span id=\"figcaption-59162-655112\" class=\"gallery-caption\" itemprop=\"caption\"><span aria-hidden=\"true\">Vorfreude auf den Salzburger Bauernherbst<\/span><\/span>\n\t\t\t\t\t<\/li>\n\t\t\t\t\t<li class=\"gallery-item col-3\" itemprop=\"associatedMedia\" itemscope itemtype=\"http:\/\/schema.org\/ImageObject\">\n\t\t\t\t\t\t<div class=\"gallery-icon landscape\"><a href=\"https:\/\/www.salzburgerland.com\/de\/wp-content\/uploads\/2016\/07\/rs1247_15100-1015_bauernherbst_slt_a02_061-1920x1067.jpg\" title=\"P\u00e4rchen mit Musiker\"><img decoding=\"async\" data-title=\"P\u00e4rchen mit Musiker\" title=\"P\u00e4rchen mit Musiker\" data-caption=\"P\u00e4rchen mit Musiker\" width=\"1170\" height=\"658\" src=\"https:\/\/www.salzburgerland.com\/de\/wp-content\/uploads\/2016\/07\/rs1247_15100-1015_bauernherbst_slt_a02_061-1170x658.jpg\" class=\"attachment-1170_658 size-1170_658\" alt=\"Eine Gruppe von Jungen in traditioneller Kleidung spielt f\u00fcr ein l\u00e4chelndes Paar bei einem Bauernherbst Instrumente. (vergr\u00f6\u00dferte Ansicht)\" srcset=\"https:\/\/www.salzburgerland.com\/de\/wp-content\/uploads\/2016\/07\/rs1247_15100-1015_bauernherbst_slt_a02_061-1170x658.jpg 1170w, https:\/\/www.salzburgerland.com\/de\/wp-content\/uploads\/2016\/07\/rs1247_15100-1015_bauernherbst_slt_a02_061-1200x675.jpg 1200w\" sizes=\"(max-width: 1170px) 100vw, 1170px\" aria-describedby=\"figcaption-59162-655115\" itemprop=\"thumbnail\"><\/a><\/div>\n\t\t\t\t\t\t<span id=\"figcaption-59162-655115\" class=\"gallery-caption\" itemprop=\"caption\"><span aria-hidden=\"true\">P\u00e4rchen mit Musiker<\/span><\/span>\n\t\t\t\t\t<\/li>\n\t\t\t\t\t<li class=\"gallery-item col-3\" itemprop=\"associatedMedia\" itemscope itemtype=\"http:\/\/schema.org\/ImageObject\">\n\t\t\t\t\t\t<div class=\"gallery-icon landscape\"><a href=\"https:\/\/www.salzburgerland.com\/de\/wp-content\/uploads\/2016\/07\/rs4634_220131_slt-sommerproduktion21_finale-auswahl-4-1920x1067.jpg\" title=\"Vom Garten auf den Teller\"><img decoding=\"async\" data-title=\"Vom Garten auf den Teller\" title=\"Vom Garten auf den Teller\" data-caption=\"Vom Garten auf den Teller\" width=\"1170\" height=\"658\" src=\"https:\/\/www.salzburgerland.com\/de\/wp-content\/uploads\/2016\/07\/rs4634_220131_slt-sommerproduktion21_finale-auswahl-4-1170x658.jpg\" class=\"attachment-1170_658 size-1170_658\" alt=\"Bei einem sonnigen Bauernherbst serviert eine Frau vier Personen an einem Tisch im Freien das Essen. (vergr\u00f6\u00dferte Ansicht)\" srcset=\"https:\/\/www.salzburgerland.com\/de\/wp-content\/uploads\/2016\/07\/rs4634_220131_slt-sommerproduktion21_finale-auswahl-4-1170x658.jpg 1170w, https:\/\/www.salzburgerland.com\/de\/wp-content\/uploads\/2016\/07\/rs4634_220131_slt-sommerproduktion21_finale-auswahl-4-1200x675.jpg 1200w\" sizes=\"(max-width: 1170px) 100vw, 1170px\" aria-describedby=\"figcaption-59162-655113\" itemprop=\"thumbnail\"><\/a><\/div>\n\t\t\t\t\t\t<span id=\"figcaption-59162-655113\" class=\"gallery-caption\" itemprop=\"caption\"><span aria-hidden=\"true\">Vom Garten auf den Teller<\/span><\/span>\n\t\t\t\t\t<\/li>\n\t\t\t\t<\/ul>\n\t\t\t<\/div><!-- .gallery -->\n\n<h2>Die besondere Zeit<\/h2>\n<p>Nach dem <a href=\"https:\/\/www.salzburgerland.com\/de\/was-ist-der-salzburger-almsommer\/\" target=\"_blank\" rel=\"noopener noreferrer\">Almsommer<\/a> kehren die Senner wieder mit dem Vieh ins Tal zur\u00fcck. Die Bauern fahren ein letztes Mal vor dem Winter aufs Feld, um Heu einzufahren und Obst, Getreide oder Gem\u00fcse zu ernten. Jetzt ist die Zeit, um die Ernte zu verarbeiten. Marmeladen werden <a href=\"https:\/\/www.salzburgerland.com\/de\/baeuerlich-aufgekocht\/\" target=\"_blank\" rel=\"noopener noreferrer\">eingekocht<\/a>, S\u00e4fte gepresst, Obst f\u00fcrs Schnapsbrennen eingemaischt oder Speck und W\u00fcrste geselcht. All diese <a href=\"https:\/\/www.salzburgerland.com\/de\/produkte-von-der-alm\/\" target=\"_blank\" rel=\"noopener noreferrer\">frisch erzeugten Produkte<\/a> tragen die Bauern auch auf die zahlreichen Bauernherbst-M\u00e4rkte, wo sie an den St\u00e4nden verkostet und gekauft werden k\u00f6nnen. Doch der Bauernherbst ist nach dem arbeitsreichen Sommer auch eine Gelegenheit zum geselligen \u201eHoagascht\u201c (beisammensitzen), zum Tanz am Heuboden bei den Hoffesten, zum <a href=\"https:\/\/www.salzburgerland.com\/de\/kulinarischer-bauernherbst\/\" target=\"_blank\" rel=\"noopener noreferrer\">kulinarischen Genuss<\/a> und zum Ausf\u00fchren der <a href=\"https:\/\/www.salzburgerland.com\/de\/magazin\/versteckte-botschaften-im-trachtenstutzen\/\" target=\"_blank\" rel=\"noopener noreferrer\">Festtagstracht<\/a>.<\/p>\n\n\t\t\t<div id=\"59162-2\" class=\"gallery gallery-59162 gallery-columns-3 gallery-size-1170_658\" itemscope itemtype=\"http:\/\/schema.org\/ImageGallery\">\n\t\t\t\t<ul class=\"gallery-row gallery-col-3 gallery-clear\">\n\t\t\t\t\t<li class=\"gallery-item col-3\" itemprop=\"associatedMedia\" itemscope itemtype=\"http:\/\/schema.org\/ImageObject\">\n\t\t\t\t\t\t<div class=\"gallery-icon landscape\"><a href=\"https:\/\/www.salzburgerland.com\/de\/wp-content\/uploads\/2016\/08\/bauernherbst-bad-hofgastein-1920x1067.jpg\" title=\"Bauernherbst-Bad-Hofgastein\"><img decoding=\"async\" data-title=\"\u00a9 Gasteinertal Tourismus GmbH, Creatina -  Bauernherbst Bad Hofgastein\" title=\"\u00a9 Gasteinertal Tourismus GmbH, Creatina -  Bauernherbst Bad Hofgastein\" data-caption=\"\u00a9 Gasteinertal Tourismus GmbH, Creatina -  Bauernherbst Bad Hofgastein\" width=\"1170\" height=\"658\" src=\"https:\/\/www.salzburgerland.com\/de\/wp-content\/uploads\/2016\/08\/bauernherbst-bad-hofgastein-1170x658.jpg\" class=\"attachment-1170_658 size-1170_658\" alt=\"Menschen in traditioneller \u00f6sterreichischer Kleidung tanzen an einem sonnigen Tag im Freien bei einem lebhaften Gasteinertal-Treffen. (vergr\u00f6\u00dferte Ansicht)\" srcset=\"https:\/\/www.salzburgerland.com\/de\/wp-content\/uploads\/2016\/08\/bauernherbst-bad-hofgastein-1170x658.jpg 1170w, https:\/\/www.salzburgerland.com\/de\/wp-content\/uploads\/2016\/08\/bauernherbst-bad-hofgastein-1200x675.jpg 1200w\" sizes=\"(max-width: 1170px) 100vw, 1170px\" aria-describedby=\"figcaption-59162-246963\" itemprop=\"thumbnail\"><\/a><\/div>\n\t\t\t\t\t\t<span id=\"figcaption-59162-246963\" class=\"gallery-caption\" itemprop=\"caption\"><span aria-hidden=\"true\">\u00a9 Gasteinertal Tourismus GmbH, Creatina \u2013  Bauernherbst Bad Hofgastein<\/span><\/span>\n\t\t\t\t\t<\/li>\n\t\t\t\t\t<li class=\"gallery-item col-3\" itemprop=\"associatedMedia\" itemscope itemtype=\"http:\/\/schema.org\/ImageObject\">\n\t\t\t\t\t\t<div class=\"gallery-icon landscape\"><a href=\"https:\/\/www.salzburgerland.com\/de\/wp-content\/uploads\/2017\/05\/bauernherbsteroeffnung20170827016-1-1920x1067.jpg\" title=\"Kulinarik in Wagrain\"><img decoding=\"async\" data-title=\"Kulinarik in Wagrain\" title=\"Kulinarik in Wagrain\" data-caption=\"Kulinarik in Wagrain\" width=\"1170\" height=\"658\" src=\"https:\/\/www.salzburgerland.com\/de\/wp-content\/uploads\/2017\/05\/bauernherbsteroeffnung20170827016-1-1170x658.jpg\" class=\"attachment-1170_658 size-1170_658\" alt=\"Eine l\u00e4chelnde Frau pr\u00e4sentiert bei der Er\u00f6ffnung einen Korb mit Brot und Geb\u00e4ck, umgeben von bunten Blumen. (vergr\u00f6\u00dferte Ansicht)\" srcset=\"https:\/\/www.salzburgerland.com\/de\/wp-content\/uploads\/2017\/05\/bauernherbsteroeffnung20170827016-1-1170x658.jpg 1170w, https:\/\/www.salzburgerland.com\/de\/wp-content\/uploads\/2017\/05\/bauernherbsteroeffnung20170827016-1-1200x675.jpg 1200w\" sizes=\"(max-width: 1170px) 100vw, 1170px\" aria-describedby=\"figcaption-59162-179505\" itemprop=\"thumbnail\"><\/a><\/div>\n\t\t\t\t\t\t<span id=\"figcaption-59162-179505\" class=\"gallery-caption\" itemprop=\"caption\"><span aria-hidden=\"true\">Kulinarik in Wagrain<\/span><\/span>\n\t\t\t\t\t<\/li>\n\t\t\t\t\t<li class=\"gallery-item col-3\" itemprop=\"associatedMedia\" itemscope itemtype=\"http:\/\/schema.org\/ImageObject\">\n\t\t\t\t\t\t<div class=\"gallery-icon landscape\"><a href=\"https:\/\/www.salzburgerland.com\/de\/wp-content\/uploads\/2019\/08\/servustv-bauernherbsthannesschuler-15-1920x1067.jpg\" title=\"Heimatleuchten - Bauernherbst Almabtrieb\"><img decoding=\"async\" data-title=\"Heimatleuchten - Bauernherbst Almabtrieb\" title=\"Heimatleuchten - Bauernherbst Almabtrieb\" data-caption=\"Heimatleuchten - Bauernherbst Almabtrieb\" width=\"1170\" height=\"658\" src=\"https:\/\/www.salzburgerland.com\/de\/wp-content\/uploads\/2019\/08\/servustv-bauernherbsthannesschuler-15-1170x658.jpg\" class=\"attachment-1170_658 size-1170_658\" alt=\"ServusTV-Bauernherbst\u00a9HannesSchuler - 15 (vergr\u00f6\u00dferte Ansicht)\" srcset=\"https:\/\/www.salzburgerland.com\/de\/wp-content\/uploads\/2019\/08\/servustv-bauernherbsthannesschuler-15-1170x658.jpg 1170w, https:\/\/www.salzburgerland.com\/de\/wp-content\/uploads\/2019\/08\/servustv-bauernherbsthannesschuler-15-1200x675.jpg 1200w\" sizes=\"(max-width: 1170px) 100vw, 1170px\" aria-describedby=\"figcaption-59162-394875\" itemprop=\"thumbnail\"><\/a><\/div>\n\t\t\t\t\t\t<span id=\"figcaption-59162-394875\" class=\"gallery-caption\" itemprop=\"caption\"><span aria-hidden=\"true\">Heimatleuchten \u2013 Bauernherbst Almabtrieb<\/span><\/span>\n\t\t\t\t\t<\/li>\n\t\t\t\t<\/ul>\n\t\t\t<\/div><!-- .gallery -->\n\n<h2>Musikalischer Bauernherbst<\/h2>\n<p>Die vielen Volksmusiker, Stuben- und Familien Musikgruppen mit Hackbrett, Gitarre und Akkordeon, die Alphornbl\u00e4ser, Jodler und Gstanzlsinger sowie die unz\u00e4hligen \u00f6rtlichen Trachtenmusikkapellen bringen den Bauernherbst authentisch zum Klingen. Von der offiziellen landesweiten\u00a0 <a href=\"https:\/\/www.salzburgerland.com\/de\/offizielles-eroeffnungsfest-bauernherbst\/\" target=\"_blank\" rel=\"noopener noreferrer\">Bauernherbst-Er\u00f6ffnung<\/a>, \u00fcber die Hoffeste bis zu den urigen Almtanzln mit <a href=\"https:\/\/www.salzburgerland.com\/de\/magazin\/aufgeplattelt\/\" target=\"_blank\" rel=\"noopener noreferrer\">Plattler<\/a> auf den\u00a0<a href=\"https:\/\/www.salzburgerland.com\/de\/huettenurlaub-bewirtschaftete-huetten\/\" target=\"_blank\" rel=\"noopener noreferrer\">Almsommerh\u00fctten<\/a>. Echte Volksmusik gibt hier den Ton an! Unvergesslich ist eine stimmungsvolle, von Musik begleitete Wanderung von Alm zu Alm. Diese Almroas\u00a0verbindet aktives Erleben der Salzburger Berge mit feinstem musikalischen Genuss.<\/p>\n\n\t\t\t<div id=\"59162-3\" class=\"gallery gallery-59162 gallery-columns-3 gallery-size-1170_658\" itemscope itemtype=\"http:\/\/schema.org\/ImageGallery\">\n\t\t\t\t<ul class=\"gallery-row gallery-col-3 gallery-clear\">\n\t\t\t\t\t<li class=\"gallery-item col-3\" itemprop=\"associatedMedia\" itemscope itemtype=\"http:\/\/schema.org\/ImageObject\">\n\t\t\t\t\t\t<div class=\"gallery-icon landscape\"><a href=\"https:\/\/www.salzburgerland.com\/de\/wp-content\/uploads\/2016\/08\/rs1247_15100-1015_bauernherbst_slt_a02_061-scr.jpg\" title=\"P\u00e4rchen mit Musiker\"><img decoding=\"async\" data-title=\"P\u00e4rchen mit Musiker\" title=\"P\u00e4rchen mit Musiker\" data-caption=\"P\u00e4rchen mit Musiker\" width=\"1100\" height=\"658\" src=\"https:\/\/www.salzburgerland.com\/de\/wp-content\/uploads\/2016\/08\/rs1247_15100-1015_bauernherbst_slt_a02_061-scr-1100x658.jpg\" class=\"attachment-1170_658 size-1170_658\" alt=\"Vier Jungen in traditioneller \u00f6sterreichischer Tracht spielen auf einem Bauernherbst Instrumente, w\u00e4hrend ein Paar auf der Gartenterrasse zuh\u00f6rt. (vergr\u00f6\u00dferte Ansicht)\" aria-describedby=\"figcaption-59162-251987\" itemprop=\"thumbnail\"><\/a><\/div>\n\t\t\t\t\t\t<span id=\"figcaption-59162-251987\" class=\"gallery-caption\" itemprop=\"caption\"><span aria-hidden=\"true\">P\u00e4rchen mit Musiker<\/span><\/span>\n\t\t\t\t\t<\/li>\n\t\t\t\t\t<li class=\"gallery-item col-3\" itemprop=\"associatedMedia\" itemscope itemtype=\"http:\/\/schema.org\/ImageObject\">\n\t\t\t\t\t\t<div class=\"gallery-icon landscape\"><a href=\"https:\/\/www.salzburgerland.com\/de\/wp-content\/uploads\/2016\/08\/Bauernherbst-Musikanten-e1479752195154-1920x920.jpg\" title=\"Bauernherbst Musikanten\"><img decoding=\"async\" data-title=\"Bauernherbst Musikanten\" title=\"Bauernherbst Musikanten\" data-caption=\"Bauernherbst Musikanten\" width=\"1170\" height=\"658\" src=\"https:\/\/www.salzburgerland.com\/de\/wp-content\/uploads\/2016\/08\/Bauernherbst-Musikanten-e1479752195154-1170x658.jpg\" class=\"attachment-1170_658 size-1170_658\" alt=\"Beim Bauernherbst wird musiziert und getanzt (vergr\u00f6\u00dferte Ansicht)\" srcset=\"https:\/\/www.salzburgerland.com\/de\/wp-content\/uploads\/2016\/08\/Bauernherbst-Musikanten-e1479752195154-1170x658.jpg 1170w, https:\/\/www.salzburgerland.com\/de\/wp-content\/uploads\/2016\/08\/Bauernherbst-Musikanten-e1479752195154-1200x675.jpg 1200w\" sizes=\"(max-width: 1170px) 100vw, 1170px\" aria-describedby=\"figcaption-59162-60823\" itemprop=\"thumbnail\"><\/a><\/div>\n\t\t\t\t\t\t<span id=\"figcaption-59162-60823\" class=\"gallery-caption\" itemprop=\"caption\"><span aria-hidden=\"true\">Bauernherbst Musikanten<\/span><\/span>\n\t\t\t\t\t<\/li>\n\t\t\t\t\t<li class=\"gallery-item col-3\" itemprop=\"associatedMedia\" itemscope itemtype=\"http:\/\/schema.org\/ImageObject\">\n\t\t\t\t\t\t<div class=\"gallery-icon landscape\"><a href=\"https:\/\/www.salzburgerland.com\/de\/wp-content\/uploads\/2016\/08\/bauernherbsteroeffnung20170827015-1920x1067.jpg\" title=\"Bauernherbst Er\u00f6ffnung Kleinarl\"><img decoding=\"async\" data-title=\"Bauernherbst Er\u00f6ffnung Kleinarl\" title=\"Bauernherbst Er\u00f6ffnung Kleinarl\" data-caption=\"Bauernherbst Er\u00f6ffnung Kleinarl\" width=\"1170\" height=\"658\" src=\"https:\/\/www.salzburgerland.com\/de\/wp-content\/uploads\/2016\/08\/bauernherbsteroeffnung20170827015-1170x658.jpg\" class=\"attachment-1170_658 size-1170_658\" alt=\"Eine Musikkapelle in traditioneller \u00f6sterreichischer Kleidung spielt beim Bauernherbst-Umzug an einem sonnigen Tag. (vergr\u00f6\u00dferte Ansicht)\" srcset=\"https:\/\/www.salzburgerland.com\/de\/wp-content\/uploads\/2016\/08\/bauernherbsteroeffnung20170827015-1170x658.jpg 1170w, https:\/\/www.salzburgerland.com\/de\/wp-content\/uploads\/2016\/08\/bauernherbsteroeffnung20170827015-1200x675.jpg 1200w\" sizes=\"(max-width: 1170px) 100vw, 1170px\" aria-describedby=\"figcaption-59162-251986\" itemprop=\"thumbnail\"><\/a><\/div>\n\t\t\t\t\t\t<span id=\"figcaption-59162-251986\" class=\"gallery-caption\" itemprop=\"caption\"><span aria-hidden=\"true\">Bauernherbst Er\u00f6ffnung Kleinarl<\/span><\/span>\n\t\t\t\t\t<\/li>\n\t\t\t\t<\/ul>\n\t\t\t<\/div><!-- .gallery -->\n\n<h2>Kulinarischer Bauernherbst<\/h2>\n<p>Typische regionale <a href=\"https:\/\/www.salzburgerland.com\/de\/baeuerlich-aufgekocht\/\" target=\"_blank\" rel=\"noopener noreferrer\">Gerichte<\/a> aus dem SalzburgerLand stehen bei den Bauernherbst-Wirten auf der Speisekarte. Erdepfinidei, Salzburger <a href=\"https:\/\/www.salzburgerland.com\/de\/magazin\/salzburger-bierfleischknoedel\/\" target=\"_blank\" rel=\"noopener noreferrer\">Bierfleischkn\u00f6del,<\/a> frisch geerntete <a href=\"https:\/\/www.salzburgerland.com\/de\/magazin\/lungauer-eachtlingsuppe-in-der-schialm\/\" target=\"_blank\" rel=\"noopener noreferrer\">Lungauer Eachtling<\/a>, Wildgerichte von Reh und Hirsch oder s\u00fc\u00dfe Bauernkrapfen, <a href=\"https:\/\/www.salzburgerland.com\/de\/magazin\/die-besten-bauernherbst-rezepte\/\" target=\"_blank\" rel=\"noopener noreferrer\">Apfelradl<\/a> oder <a href=\"https:\/\/www.salzburgerland.com\/de\/magazin\/rezepte-mit-hollerbeeren\/\" target=\"_blank\" rel=\"noopener noreferrer\">Hollerkoch<\/a> machen diese Zeit\u00a0zum kulinarischen Genuss. Nach einem guten Essen folgt ein hochprozentiger Abschluss \u2013 die frisch gebrannten <a href=\"https:\/\/www.salzburgerland.com\/de\/magazin\/die-feinen-schnaepse-des-sigi-herzog\/\" target=\"_blank\" rel=\"noopener noreferrer\">Bauernschn\u00e4pse<\/a> von Vogelbeere, Birne oder Preiselbeere k\u00f6nnen neben wunderbaren alkoholfreien <a href=\"https:\/\/www.salzburgerland.com\/de\/magazin\/sirup-aus-frischen-kraeutern\/\" target=\"_blank\" rel=\"noopener noreferrer\">S\u00e4ften<\/a> aus Hollunder, Apfel oder Himbeere auch an den Bauernherbst-St\u00e4nden verkostet werden. Zahlreiche <a href=\"https:\/\/www.salzburgerland.com\/de\/kulinarischer-bauernherbst\/\" target=\"_blank\" rel=\"noopener noreferrer\">Bauernherbst-Feste<\/a> widmen sich ganz dem Thema Genuss.<\/p>\n\n\t\t\t<div id=\"59162-4\" class=\"gallery gallery-59162 gallery-columns-3 gallery-size-1170_658\" itemscope itemtype=\"http:\/\/schema.org\/ImageGallery\">\n\t\t\t\t<ul class=\"gallery-row gallery-col-3 gallery-clear\">\n\t\t\t\t\t<li class=\"gallery-item col-3\" itemprop=\"associatedMedia\" itemscope itemtype=\"http:\/\/schema.org\/ImageObject\">\n\t\t\t\t\t\t<div class=\"gallery-icon landscape\"><a href=\"https:\/\/www.salzburgerland.com\/de\/wp-content\/uploads\/2016\/08\/rs2686_feldinghuette_bild1_0814-1920x1067.jpg\" title=\"Genussreisen im SalzburgerLand, Nationalpark Hohe Tauern Gro\u00dfglockner Hochalpenstra\u00dfe\"><img decoding=\"async\" data-title=\"Brettljause mit K\u00e4se und Speck, Wurst und selbstgebackenen Holzofenbrot.\" title=\"Brettljause mit K\u00e4se und Speck, Wurst und selbstgebackenen Holzofenbrot.\" data-caption=\"Brettljause mit K\u00e4se und Speck, Wurst und selbstgebackenen Holzofenbrot.\" width=\"1170\" height=\"658\" src=\"https:\/\/www.salzburgerland.com\/de\/wp-content\/uploads\/2016\/08\/rs2686_feldinghuette_bild1_0814-1170x658.jpg\" class=\"attachment-1170_658 size-1170_658\" alt=\"Ein rustikales Bauernherbstessen im Freien mit Brot, K\u00e4se, Wurst, Essiggurken und Bier auf einem Holztisch in den Bergen. (vergr\u00f6\u00dferte Ansicht)\" srcset=\"https:\/\/www.salzburgerland.com\/de\/wp-content\/uploads\/2016\/08\/rs2686_feldinghuette_bild1_0814-1170x658.jpg 1170w, https:\/\/www.salzburgerland.com\/de\/wp-content\/uploads\/2016\/08\/rs2686_feldinghuette_bild1_0814-1200x675.jpg 1200w\" sizes=\"(max-width: 1170px) 100vw, 1170px\" aria-describedby=\"figcaption-59162-588100\" itemprop=\"thumbnail\"><\/a><\/div>\n\t\t\t\t\t\t<span id=\"figcaption-59162-588100\" class=\"gallery-caption\" itemprop=\"caption\"><span aria-hidden=\"true\">Brettljause mit K\u00e4se und Speck, Wurst und selbstgebackenen Holzofenbrot.<\/span><\/span>\n\t\t\t\t\t<\/li>\n\t\t\t\t\t<li class=\"gallery-item col-3\" itemprop=\"associatedMedia\" itemscope itemtype=\"http:\/\/schema.org\/ImageObject\">\n\t\t\t\t\t\t<div class=\"gallery-icon landscape\"><a href=\"https:\/\/www.salzburgerland.com\/de\/wp-content\/uploads\/2017\/06\/gainschnigg-huette-2-1920x1067.jpg\" title=\"Entdecker-Law-of-Baking\"><img decoding=\"async\" data-title=\"\u00a9 Law of Baking \u2013 Bauernkrapfen auf der Gainschnigg-Alm\" title=\"\u00a9 Law of Baking \u2013 Bauernkrapfen auf der Gainschnigg-Alm\" data-caption=\"\u00a9 Law of Baking \u2013 Bauernkrapfen auf der Gainschnigg-Alm\" width=\"1170\" height=\"658\" src=\"https:\/\/www.salzburgerland.com\/de\/wp-content\/uploads\/2017\/06\/gainschnigg-huette-2-1170x658.jpg\" class=\"attachment-1170_658 size-1170_658\" alt=\"Bauernkrapfen auf der Gainschnigg-Alm (vergr\u00f6\u00dferte Ansicht)\" srcset=\"https:\/\/www.salzburgerland.com\/de\/wp-content\/uploads\/2017\/06\/gainschnigg-huette-2-1170x658.jpg 1170w, https:\/\/www.salzburgerland.com\/de\/wp-content\/uploads\/2017\/06\/gainschnigg-huette-2-1200x675.jpg 1200w, https:\/\/www.salzburgerland.com\/de\/wp-content\/uploads\/2017\/06\/gainschnigg-huette-2-768x432.jpg 768w, https:\/\/www.salzburgerland.com\/de\/wp-content\/uploads\/2017\/06\/gainschnigg-huette-2.jpg 1920w\" sizes=\"(max-width: 1170px) 100vw, 1170px\" aria-describedby=\"figcaption-59162-156111\" itemprop=\"thumbnail\"><\/a><\/div>\n\t\t\t\t\t\t<span id=\"figcaption-59162-156111\" class=\"gallery-caption\" itemprop=\"caption\"><span aria-hidden=\"true\">\u00a9 Law of Baking \u2013 Bauernkrapfen auf der Gainschnigg-Alm<\/span><\/span>\n\t\t\t\t\t<\/li>\n\t\t\t\t\t<li class=\"gallery-item col-3\" itemprop=\"associatedMedia\" itemscope itemtype=\"http:\/\/schema.org\/ImageObject\">\n\t\t\t\t\t\t<div class=\"gallery-icon landscape\"><a href=\"https:\/\/www.salzburgerland.com\/de\/wp-content\/uploads\/2016\/08\/rs1161_dsc_9026-lpr-1920x1067.jpg\" title=\"Kasnocken mit gebratenem Speck\"><img decoding=\"async\" data-title=\"Kasnocken mit gebratenem Speck\" title=\"Kasnocken mit gebratenem Speck\" data-caption=\"Kasnocken mit gebratenem Speck\" width=\"1170\" height=\"658\" src=\"https:\/\/www.salzburgerland.com\/de\/wp-content\/uploads\/2016\/08\/rs1161_dsc_9026-lpr-1170x658.jpg\" class=\"attachment-1170_658 size-1170_658\" alt=\"Eine Pfanne mit K\u00e4sesp\u00e4tzle, die mit knusprig gebratenen Zwiebeln und Schnittlauch belegt ist, inspiriert von den Aromen des Bauernherbstes. (vergr\u00f6\u00dferte Ansicht)\" srcset=\"https:\/\/www.salzburgerland.com\/de\/wp-content\/uploads\/2016\/08\/rs1161_dsc_9026-lpr-1170x658.jpg 1170w, https:\/\/www.salzburgerland.com\/de\/wp-content\/uploads\/2016\/08\/rs1161_dsc_9026-lpr-1200x675.jpg 1200w\" sizes=\"(max-width: 1170px) 100vw, 1170px\" aria-describedby=\"figcaption-59162-251990\" itemprop=\"thumbnail\"><\/a><\/div>\n\t\t\t\t\t\t<span id=\"figcaption-59162-251990\" class=\"gallery-caption\" itemprop=\"caption\"><span aria-hidden=\"true\">Kasnocken mit gebratenem Speck<\/span><\/span>\n\t\t\t\t\t<\/li>\n\t\t\t\t<\/ul>\n\t\t\t<\/div><!-- .gallery -->\n\n<h2>Traditionsreicher Bauernherbst<\/h2>\n<p><span>Gelebte Tradition, Brauchtum und \u00fcberliefertes <a href=\"https:\/\/www.salzburgerland.com\/de\/meister-des-alten-handwerks\/\" target=\"_blank\" rel=\"noopener noreferrer\">Handwerk<\/a> sind wichtige Werte, die im Salzburger Bauernherbst gepflegt und den G\u00e4sten anschaulich pr\u00e4sentiert werden. Vom viel bestaunten <a href=\"https:\/\/www.salzburgerland.com\/de\/die-schoensten-almabtriebe\/\" target=\"_blank\" rel=\"noopener noreferrer\">Almabtrieb<\/a>, wenn das feierlich geschm\u00fcckte Vieh von seinem <a href=\"https:\/\/www.salzburgerland.com\/de\/almsommer\/\" target=\"_blank\" rel=\"noopener noreferrer\">Almsommer<\/a> ins Tal zur\u00fcckkehrt \u00fcber kreative <a href=\"https:\/\/www.salzburgerland.com\/de\/magazin\/kunstwerke-aus-heu-moos-und-stroh\/\" target=\"_blank\" rel=\"noopener noreferrer\">Heufiguren<\/a>, die an den Ortseinfahrten die Bauernherbstorte kennzeichnen bis zu fr\u00f6hlich tanzenden Schuhplattlergruppen \u2013 der Bauernherbst bietet all diesen alten Traditionen eine B\u00fchne, um die Volkskultur zu pflegen.<\/span><\/p>\n\n\t\t\t<div id=\"59162-5\" class=\"gallery gallery-59162 gallery-columns-3 gallery-size-1170_658\" itemscope itemtype=\"http:\/\/schema.org\/ImageGallery\">\n\t\t\t\t<ul class=\"gallery-row gallery-col-3 gallery-clear\">\n\t\t\t\t\t<li class=\"gallery-item col-3\" itemprop=\"associatedMedia\" itemscope itemtype=\"http:\/\/schema.org\/ImageObject\">\n\t\t\t\t\t\t<div class=\"gallery-icon landscape\"><a href=\"https:\/\/www.salzburgerland.com\/de\/wp-content\/uploads\/2016\/07\/rs3448_19139-0919-f-slt-bauernherbst_a13_072-1-1920x1067.jpg\" title=\"Bauernherbst Schuhplattler\"><img decoding=\"async\" data-title=\"Bauernherbst Schuhplattler\" title=\"Bauernherbst Schuhplattler\" data-caption=\"Bauernherbst Schuhplattler\" width=\"1170\" height=\"658\" src=\"https:\/\/www.salzburgerland.com\/de\/wp-content\/uploads\/2016\/07\/rs3448_19139-0919-f-slt-bauernherbst_a13_072-1-1170x658.jpg\" class=\"attachment-1170_658 size-1170_658\" alt=\"M\u00e4nner in traditioneller \u00f6sterreichischer Tracht f\u00fchren beim Bauernherbst einen Volkstanz auf, w\u00e4hrend Berge und Frauen in der N\u00e4he zusehen. (vergr\u00f6\u00dferte Ansicht)\" srcset=\"https:\/\/www.salzburgerland.com\/de\/wp-content\/uploads\/2016\/07\/rs3448_19139-0919-f-slt-bauernherbst_a13_072-1-1170x658.jpg 1170w, https:\/\/www.salzburgerland.com\/de\/wp-content\/uploads\/2016\/07\/rs3448_19139-0919-f-slt-bauernherbst_a13_072-1-1200x675.jpg 1200w\" sizes=\"(max-width: 1170px) 100vw, 1170px\" aria-describedby=\"figcaption-59162-588078\" itemprop=\"thumbnail\"><\/a><\/div>\n\t\t\t\t\t\t<span id=\"figcaption-59162-588078\" class=\"gallery-caption\" itemprop=\"caption\"><span aria-hidden=\"true\">Bauernherbst Schuhplattler<\/span><\/span>\n\t\t\t\t\t<\/li>\n\t\t\t\t\t<li class=\"gallery-item col-3\" itemprop=\"associatedMedia\" itemscope itemtype=\"http:\/\/schema.org\/ImageObject\">\n\t\t\t\t\t\t<div class=\"gallery-icon landscape\"><a href=\"https:\/\/www.salzburgerland.com\/de\/wp-content\/uploads\/2016\/08\/rs3307_190914-slt-bauernherbst-mex_8476-1920x1067.jpg\" title=\"Bauernherbst Almabtrieb Maria Alm\"><img decoding=\"async\" data-title=\"Bauernherbst Almabtrieb Maria Alm\" title=\"Bauernherbst Almabtrieb Maria Alm\" data-caption=\"Bauernherbst Almabtrieb Maria Alm\" width=\"1170\" height=\"658\" src=\"https:\/\/www.salzburgerland.com\/de\/wp-content\/uploads\/2016\/08\/rs3307_190914-slt-bauernherbst-mex_8476-1170x658.jpg\" class=\"attachment-1170_658 size-1170_658\" alt=\"Ein Junge in traditioneller Kleidung h\u00e4lt ein Seil, das beim Bauernherbst an eine blumengeschm\u00fcckte Ziege gebunden ist. (vergr\u00f6\u00dferte Ansicht)\" srcset=\"https:\/\/www.salzburgerland.com\/de\/wp-content\/uploads\/2016\/08\/rs3307_190914-slt-bauernherbst-mex_8476-1170x658.jpg 1170w, https:\/\/www.salzburgerland.com\/de\/wp-content\/uploads\/2016\/08\/rs3307_190914-slt-bauernherbst-mex_8476-1200x675.jpg 1200w\" sizes=\"(max-width: 1170px) 100vw, 1170px\" aria-describedby=\"figcaption-59162-588102\" itemprop=\"thumbnail\"><\/a><\/div>\n\t\t\t\t\t\t<span id=\"figcaption-59162-588102\" class=\"gallery-caption\" itemprop=\"caption\"><span aria-hidden=\"true\">Bauernherbst Almabtrieb Maria Alm<\/span><\/span>\n\t\t\t\t\t<\/li>\n\t\t\t\t\t<li class=\"gallery-item col-3\" itemprop=\"associatedMedia\" itemscope itemtype=\"http:\/\/schema.org\/ImageObject\">\n\t\t\t\t\t\t<div class=\"gallery-icon landscape\"><a href=\"https:\/\/www.salzburgerland.com\/de\/wp-content\/uploads\/2016\/08\/rs693_cko_1979-hpr-1920x1067.jpg\" title=\"Traditionelle Schnalzergruppe am Pferd\"><img decoding=\"async\" data-title=\"Traditionelle Schnalzergruppe am Pferd\" title=\"Traditionelle Schnalzergruppe am Pferd\" data-caption=\"Traditionelle Schnalzergruppe am Pferd\" width=\"1170\" height=\"658\" src=\"https:\/\/www.salzburgerland.com\/de\/wp-content\/uploads\/2016\/08\/rs693_cko_1979-hpr-1170x658.jpg\" class=\"attachment-1170_658 size-1170_658\" alt=\"Schnalzen am Pferd (vergr\u00f6\u00dferte Ansicht)\" srcset=\"https:\/\/www.salzburgerland.com\/de\/wp-content\/uploads\/2016\/08\/rs693_cko_1979-hpr-1170x658.jpg 1170w, https:\/\/www.salzburgerland.com\/de\/wp-content\/uploads\/2016\/08\/rs693_cko_1979-hpr-1200x675.jpg 1200w\" sizes=\"(max-width: 1170px) 100vw, 1170px\" aria-describedby=\"figcaption-59162-251995\" itemprop=\"thumbnail\"><\/a><\/div>\n\t\t\t\t\t\t<span id=\"figcaption-59162-251995\" class=\"gallery-caption\" itemprop=\"caption\"><span aria-hidden=\"true\">Traditionelle Schnalzergruppe am Pferd<\/span><\/span>\n\t\t\t\t\t<\/li>\n\t\t\t\t<\/ul>\n\t\t\t<\/div><!-- .gallery -->\n\n<h2>Naturerlebnis im Bauernherbst<\/h2>\n<p><span>Das goldene Licht des Herbstes l\u00e4dt zu ausgedehnten Kr\u00e4uter-Wanderungen oder Sparzierg\u00e4ngen zu Wasserf\u00e4llen durch W\u00e4lder im\u00a0SalzburgerLand ein. Die Fernsicht ist im Herbst besonders klar und beeindruckend. Die Gipfel der umliegenden Berge scheinen zum Greifen nah. Ruhig ist es geworden auf den Almen, denn die K\u00fche sind mit dem Almabtrieb schon zur\u00fcck in den heimischen St\u00e4llen im Tal. Die <a href=\"https:\/\/www.salzburgerland.com\/de\/magazin\/huettenschmankerl\/\" target=\"_blank\" rel=\"noopener noreferrer\">Schwarzbeeren<\/a> und Preisselbeeren sind reif f\u00fcr die Ernte und dienen den Wanderern als fruchtige Wegzehrung auf ihrem Weg zum Gipfel.\u00a0<\/span><span>Belebende Quellen am Wegesrand sorgen f\u00fcr eine erfischende Abk\u00fchlung und ein Ausflug in den <a href=\"https:\/\/www.salzburgerland.com\/de\/naturraum-wald\/\" target=\"_blank\" rel=\"noopener noreferrer\">Wald\u00a0<\/a>gibt Kraft f\u00fcr neue Taten.\u00a0<\/span><\/p>\n\n\t\t\t<div id=\"59162-6\" class=\"gallery gallery-59162 gallery-columns-3 gallery-size-1170_658\" itemscope itemtype=\"http:\/\/schema.org\/ImageGallery\">\n\t\t\t\t<ul class=\"gallery-row gallery-col-3 gallery-clear\">\n\t\t\t\t\t<li class=\"gallery-item col-3\" itemprop=\"associatedMedia\" itemscope itemtype=\"http:\/\/schema.org\/ImageObject\">\n\t\t\t\t\t\t<div class=\"gallery-icon landscape\"><a href=\"https:\/\/www.salzburgerland.com\/de\/wp-content\/uploads\/2016\/08\/rs52_12109-0912_slt_bauernherbst_a25_036-1-hpr-1920x1067.jpg\" title=\"Bauernherbst Radfahren\"><img decoding=\"async\" data-title=\"Bauernherbst Radfahren\" title=\"Bauernherbst Radfahren\" data-caption=\"Bauernherbst Radfahren\" width=\"1170\" height=\"658\" src=\"https:\/\/www.salzburgerland.com\/de\/wp-content\/uploads\/2016\/08\/rs52_12109-0912_slt_bauernherbst_a25_036-1-hpr-1170x658.jpg\" class=\"attachment-1170_658 size-1170_658\" alt=\"Radfahren im Bauernherbst (vergr\u00f6\u00dferte Ansicht)\" srcset=\"https:\/\/www.salzburgerland.com\/de\/wp-content\/uploads\/2016\/08\/rs52_12109-0912_slt_bauernherbst_a25_036-1-hpr-1170x658.jpg 1170w, https:\/\/www.salzburgerland.com\/de\/wp-content\/uploads\/2016\/08\/rs52_12109-0912_slt_bauernherbst_a25_036-1-hpr-1200x675.jpg 1200w\" sizes=\"(max-width: 1170px) 100vw, 1170px\" aria-describedby=\"figcaption-59162-251999\" itemprop=\"thumbnail\"><\/a><\/div>\n\t\t\t\t\t\t<span id=\"figcaption-59162-251999\" class=\"gallery-caption\" itemprop=\"caption\"><span aria-hidden=\"true\">Bauernherbst Radfahren<\/span><\/span>\n\t\t\t\t\t<\/li>\n\t\t\t\t\t<li class=\"gallery-item col-3\" itemprop=\"associatedMedia\" itemscope itemtype=\"http:\/\/schema.org\/ImageObject\">\n\t\t\t\t\t\t<div class=\"gallery-icon landscape\"><a href=\"https:\/\/www.salzburgerland.com\/de\/wp-content\/uploads\/2016\/08\/rs966_slt-kultur-sightseeing-84-hpr-1920x1067.jpg\" title=\"Freilichtmuseum Salzburg\"><img decoding=\"async\" data-title=\"Freilichtmuseum Salzburg\" title=\"Freilichtmuseum Salzburg\" data-caption=\"Freilichtmuseum Salzburg\" width=\"1170\" height=\"658\" src=\"https:\/\/www.salzburgerland.com\/de\/wp-content\/uploads\/2016\/08\/rs966_slt-kultur-sightseeing-84-hpr-1170x658.jpg\" class=\"attachment-1170_658 size-1170_658\" alt=\"Kr\u00e4uterwanderung (vergr\u00f6\u00dferte Ansicht)\" srcset=\"https:\/\/www.salzburgerland.com\/de\/wp-content\/uploads\/2016\/08\/rs966_slt-kultur-sightseeing-84-hpr-1170x658.jpg 1170w, https:\/\/www.salzburgerland.com\/de\/wp-content\/uploads\/2016\/08\/rs966_slt-kultur-sightseeing-84-hpr-1200x675.jpg 1200w\" sizes=\"(max-width: 1170px) 100vw, 1170px\" aria-describedby=\"figcaption-59162-252000\" itemprop=\"thumbnail\"><\/a><\/div>\n\t\t\t\t\t\t<span id=\"figcaption-59162-252000\" class=\"gallery-caption\" itemprop=\"caption\"><span aria-hidden=\"true\">Freilichtmuseum Salzburg<\/span><\/span>\n\t\t\t\t\t<\/li>\n\t\t\t\t\t<li class=\"gallery-item col-3\" itemprop=\"associatedMedia\" itemscope itemtype=\"http:\/\/schema.org\/ImageObject\">\n\t\t\t\t\t\t<div class=\"gallery-icon landscape\"><a href=\"https:\/\/www.salzburgerland.com\/de\/wp-content\/uploads\/2016\/08\/rs3110_almsommer_696-scr.jpg\" title=\"Blumenstrau\u00df pfl\u00fccken\"><img decoding=\"async\" data-title=\"Blumenstrau\u00df pfl\u00fccken\" title=\"Blumenstrau\u00df pfl\u00fccken\" data-caption=\"Blumenstrau\u00df pfl\u00fccken\" width=\"1100\" height=\"658\" src=\"https:\/\/www.salzburgerland.com\/de\/wp-content\/uploads\/2016\/08\/rs3110_almsommer_696-scr-1100x658.jpg\" class=\"attachment-1170_658 size-1170_658\" alt='Blumenstrau\u00df pfl\u00fccken\";}}i:1;s:154:\"Sommer,Almsommer,Alm,Berge,Wald,Baum,B\u00e4ume,Hintersee,Gruberalm,Fuschlseeregion,Dirndl,Bluse,Dirndlgewand,Sch\u00fcrze,Blumenstrau\u00df,G\u00f6ssl,Felder,Blumenwiese\";} (vergr\u00f6\u00dferte Ansicht)' aria-describedby=\"figcaption-59162-588109\" itemprop=\"thumbnail\"><\/a><\/div>\n\t\t\t\t\t\t<span id=\"figcaption-59162-588109\" class=\"gallery-caption\" itemprop=\"caption\"><span aria-hidden=\"true\">Blumenstrau\u00df pfl\u00fccken<\/span><\/span>\n\t\t\t\t\t<\/li>\n\t\t\t\t<\/ul>\n\t\t\t<\/div><!-- .gallery -->\n\n<h2>Handwerkskunst im Bauernherbst<\/h2>\n<p><span>Von Hand gefertigte Produkte sind ein kostbares Gut. In einer Zeit, in der alles maschinell hergestellt werden kann, l\u00f6st echtes <a href=\"https:\/\/www.salzburgerland.com\/de\/meister-des-alten-handwerks\/\" target=\"_blank\" rel=\"noopener noreferrer\">Handwerk<\/a> h\u00f6chste Bewunderung aus. \u201eDass das noch jemand kann!\u201c, so freut man sich, wenn man dabei zusieht, wie der <a href=\"https:\/\/www.salzburgerland.com\/de\/magazin\/bestickt-mit-feiner-feder\/\" target=\"_blank\" rel=\"noopener noreferrer\">Federkielsticker<\/a> eine Pfauenfeder durch das Leder f\u00fchrt oder die <a href=\"https:\/\/www.salzburgerland.com\/de\/magazin\/kloppeln-spitzenkunst-aus-dem-salzburger-land\/\" target=\"_blank\" rel=\"noopener noreferrer\">Kl\u00f6pplerin<\/a> ihr F\u00e4den zu feinster Spitze verwebt. Oder wenn der <a href=\"https:\/\/www.salzburgerland.com\/de\/magazin\/harter-schmiede-das-feuer-schueren\/\" target=\"_blank\" rel=\"noopener noreferrer\">Hufschmied<\/a> den massigen Noriker voll Gef\u00fchl beschl\u00e4gt, aus Zirbenholz ansehnliche Schalen gedrechselt, aus Weiden praktische K\u00f6rbe und aus Schafwolle Hauspatschen gefilzt werden.<\/span><\/p>\n\n\t\t\t<div id=\"59162-7\" class=\"gallery gallery-59162 gallery-columns-3 gallery-size-1170_658\" itemscope itemtype=\"http:\/\/schema.org\/ImageGallery\">\n\t\t\t\t<ul class=\"gallery-row gallery-col-3 gallery-clear\">\n\t\t\t\t\t<li class=\"gallery-item col-3\" itemprop=\"associatedMedia\" itemscope itemtype=\"http:\/\/schema.org\/ImageObject\">\n\t\t\t\t\t\t<div class=\"gallery-icon landscape\"><a href=\"https:\/\/www.salzburgerland.com\/de\/wp-content\/uploads\/2016\/08\/rs3301_190914-slt-bauernherbst-mex_7647-scr.jpg\" title=\"Bauernherbst Handwerk Drechseln\"><img decoding=\"async\" data-title=\"Bauernherbst Handwerk Drechseln\" title=\"Bauernherbst Handwerk Drechseln\" data-caption=\"Bauernherbst Handwerk Drechseln\" width=\"1100\" height=\"658\" src=\"https:\/\/www.salzburgerland.com\/de\/wp-content\/uploads\/2016\/08\/rs3301_190914-slt-bauernherbst-mex_7647-scr-1100x658.jpg\" class=\"attachment-1170_658 size-1170_658\" alt=\"Nahaufnahme von H\u00e4nden, die beim Bauernherbst Holz auf einer Drehbank bearbeiten, wobei Holzsp\u00e4ne fliegen. (vergr\u00f6\u00dferte Ansicht)\" aria-describedby=\"figcaption-59162-588107\" itemprop=\"thumbnail\"><\/a><\/div>\n\t\t\t\t\t\t<span id=\"figcaption-59162-588107\" class=\"gallery-caption\" itemprop=\"caption\"><span aria-hidden=\"true\">Bauernherbst Handwerk Drechseln<\/span><\/span>\n\t\t\t\t\t<\/li>\n\t\t\t\t\t<li class=\"gallery-item col-3\" itemprop=\"associatedMedia\" itemscope itemtype=\"http:\/\/schema.org\/ImageObject\">\n\t\t\t\t\t\t<div class=\"gallery-icon landscape\"><a href=\"https:\/\/www.salzburgerland.com\/de\/wp-content\/uploads\/2018\/05\/rs2144_cko_9802-scr_kloeppeln.jpg\" title=\"Kl\u00f6ppeln im Bauernherbst\"><img decoding=\"async\" data-title=\"Kl\u00f6ppeln im Bauernherbst\" title=\"Kl\u00f6ppeln im Bauernherbst\" data-caption=\"Kl\u00f6ppeln im Bauernherbst\" width=\"1100\" height=\"658\" src=\"https:\/\/www.salzburgerland.com\/de\/wp-content\/uploads\/2018\/05\/rs2144_cko_9802-scr_kloeppeln-1100x658.jpg\" class=\"attachment-1170_658 size-1170_658\" alt=\"Kl\u00f6ppeln (vergr\u00f6\u00dferte Ansicht)\" aria-describedby=\"figcaption-59162-247502\" itemprop=\"thumbnail\"><\/a><\/div>\n\t\t\t\t\t\t<span id=\"figcaption-59162-247502\" class=\"gallery-caption\" itemprop=\"caption\"><span aria-hidden=\"true\">Kl\u00f6ppeln im Bauernherbst<\/span><\/span>\n\t\t\t\t\t<\/li>\n\t\t\t\t\t<li class=\"gallery-item col-3\" itemprop=\"associatedMedia\" itemscope itemtype=\"http:\/\/schema.org\/ImageObject\">\n\t\t\t\t\t\t<div class=\"gallery-icon landscape\"><a href=\"https:\/\/www.salzburgerland.com\/de\/wp-content\/uploads\/2018\/05\/rs765_wollstadl_2269-scr_wolle.jpg\" title=\"Wollstadl - Stricken\"><img decoding=\"async\" data-title=\"Wollstadl - Stricken\" title=\"Wollstadl - Stricken\" data-caption=\"Wollstadl - Stricken\" width=\"1100\" height=\"658\" src=\"https:\/\/www.salzburgerland.com\/de\/wp-content\/uploads\/2018\/05\/rs765_wollstadl_2269-scr_wolle-1100x658.jpg\" class=\"attachment-1170_658 size-1170_658\" alt=\"Zwei Paar gestrickte Babysch\u00fchchen, handgemachtes Handwerk in Braun und Wei\u00df, ausgestellt auf einer Holzfl\u00e4che. (vergr\u00f6\u00dferte Ansicht)\" aria-describedby=\"figcaption-59162-247503\" itemprop=\"thumbnail\"><\/a><\/div>\n\t\t\t\t\t\t<span id=\"figcaption-59162-247503\" class=\"gallery-caption\" itemprop=\"caption\"><span aria-hidden=\"true\">Wollstadl \u2013 Stricken<\/span><\/span>\n\t\t\t\t\t<\/li>\n\t\t\t\t<\/ul>\n\t\t\t<\/div><!-- .gallery -->\n\n<h2>Trachten im Bauernherbst<\/h2>\n<p>Jedem Dirndl sein Dirndl:\u00a0Dirndl und Lederhose ist untrennbar mit dem Bauernherbst verbunden. Egal, ob Bauernherbst-Wirt, aktiver Teilnehmer der Brauchtumsumz\u00fcge, Handwerker oder Verk\u00e4ufer an den Bauernherbst-St\u00e4nden. Jeder tr\u00e4gt seine regionstypische Tracht mit Stolz. Jede Region hat seine eigene Tracht und auch die junge Generation findet heute wieder gro\u00dfen Gefallen an den feschen Dirndlkleidern und Lederhosen. Kostbare <a href=\"https:\/\/www.salzburgerland.com\/de\/magazin\/versteckte-botschaften-im-trachtenstutzen\/\" target=\"_blank\" rel=\"noopener noreferrer\">Stickereien,<\/a> wie die \u201ebrennende Liab\u201d auf der Pongauer Festtagstracht, die handgestickten Blumen am Mieder der Flachgauer Tracht oder die Raffung des Leibs beim Lungauer Jahrgwandl lassen den Kenner die Herkunft der Tr\u00e4gerin erahnen. \u00dcber 98 regionale Frauentrachten sind im SalzburgerLand bekannt und alle haben eins gemeinsam: Ein Dirndl edelt jede Frau!<\/p>\n\n\t\t\t<div id=\"59162-8\" class=\"gallery gallery-59162 gallery-columns-3 gallery-size-1170_658\" itemscope itemtype=\"http:\/\/schema.org\/ImageGallery\">\n\t\t\t\t<ul class=\"gallery-row gallery-col-3 gallery-clear\">\n\t\t\t\t\t<li class=\"gallery-item col-3\" itemprop=\"associatedMedia\" itemscope itemtype=\"http:\/\/schema.org\/ImageObject\">\n\t\t\t\t\t\t<div class=\"gallery-icon landscape\"><a href=\"https:\/\/www.salzburgerland.com\/de\/wp-content\/uploads\/2018\/06\/681scr.jpg\" title=\"Lederhose\"><img decoding=\"async\" data-title=\"Lederhose\" title=\"Lederhose\" data-caption=\"Lederhose\" width=\"1100\" height=\"658\" src=\"https:\/\/www.salzburgerland.com\/de\/wp-content\/uploads\/2018\/06\/681scr-1100x658.jpg\" class=\"attachment-1170_658 size-1170_658\" alt=\"Traditionelle bestickte Lederhosen mit dekorativen Messern, wie sie in den Heimatmuseen ausgestellt werden. (vergr\u00f6\u00dferte Ansicht)\" aria-describedby=\"figcaption-59162-250195\" itemprop=\"thumbnail\"><\/a><\/div>\n\t\t\t\t\t\t<span id=\"figcaption-59162-250195\" class=\"gallery-caption\" itemprop=\"caption\"><span aria-hidden=\"true\">Lederhose<\/span><\/span>\n\t\t\t\t\t<\/li>\n\t\t\t\t\t<li class=\"gallery-item col-3\" itemprop=\"associatedMedia\" itemscope itemtype=\"http:\/\/schema.org\/ImageObject\">\n\t\t\t\t\t\t<div class=\"gallery-icon landscape\"><a href=\"https:\/\/www.salzburgerland.com\/de\/wp-content\/uploads\/2016\/08\/lederhosen_almhuette_2011-1920x1067.jpg\" title=\"Lederhosen auf Almh\u00fctte\"><img decoding=\"async\" data-title=\"Lederhosen auf Almh\u00fctte  - Urlaub am Bauernhof\" title=\"Lederhosen auf Almh\u00fctte  - Urlaub am Bauernhof\" data-caption=\"Lederhosen auf Almh\u00fctte  - Urlaub am Bauernhof\" width=\"1170\" height=\"658\" src=\"https:\/\/www.salzburgerland.com\/de\/wp-content\/uploads\/2016\/08\/lederhosen_almhuette_2011-1170x658.jpg\" class=\"attachment-1170_658 size-1170_658\" alt=\"Zwei Lederhosen h\u00e4ngen \u00fcber einem Zaun bei einer Almh\u00fctte (vergr\u00f6\u00dferte Ansicht)\" aria-describedby=\"figcaption-59162-84803\" itemprop=\"thumbnail\"><\/a><\/div>\n\t\t\t\t\t\t<span id=\"figcaption-59162-84803\" class=\"gallery-caption\" itemprop=\"caption\"><span aria-hidden=\"true\">Lederhosen auf Almh\u00fctte  \u2013 Urlaub am Bauernhof<\/span><\/span>\n\t\t\t\t\t<\/li>\n\t\t\t\t\t<li class=\"gallery-item col-3\" itemprop=\"associatedMedia\" itemscope itemtype=\"http:\/\/schema.org\/ImageObject\">\n\t\t\t\t\t\t<div class=\"gallery-icon landscape\"><a href=\"https:\/\/www.salzburgerland.com\/de\/wp-content\/uploads\/2016\/08\/rs3262_190914-slt-bauernherbst-mex_8096_final-scr.jpg\" title=\"Bauernherbst Tanz\"><img decoding=\"async\" data-title=\"Bauernherbst Tanz\" title=\"Bauernherbst Tanz\" data-caption=\"Bauernherbst Tanz\" width=\"1100\" height=\"658\" src=\"https:\/\/www.salzburgerland.com\/de\/wp-content\/uploads\/2016\/08\/rs3262_190914-slt-bauernherbst-mex_8096_final-scr-1100x658.jpg\" class=\"attachment-1170_658 size-1170_658\" alt=\"Menschen in traditioneller Kleidung f\u00fchren einen Bauernherbst-Volkstanz im Freien auf, wobei sie in Lederhosen und mit H\u00fcten die Beine schwingen. (vergr\u00f6\u00dferte Ansicht)\" aria-describedby=\"figcaption-59162-588110\" itemprop=\"thumbnail\"><\/a><\/div>\n\t\t\t\t\t\t<span id=\"figcaption-59162-588110\" class=\"gallery-caption\" itemprop=\"caption\"><span aria-hidden=\"true\">Bauernherbst Tanz<\/span><\/span>\n\t\t\t\t\t<\/li>\n\t\t\t\t<\/ul>\n\t\t\t<\/div><!-- .gallery -->\n\n","protected":false},"excerpt":{"rendered":"<p>Mitte August beginnt die 5. Jahreszeit im SalzburgerLand \u2013 der Bauernherbst. Es ist die Zeit, um die Ernte einzubringen und zu verarbeiten, die Zeit der Feste, der Begegnungen und des\u00a0Genusses. Hier hat man die Gelegenheit, das traditionelle b\u00e4uerliche Leben bei Handwerksvorf\u00fchrungen, Wanderungen, Kochkursen, Erntedankfesten, Almabtrieben und Brauchtumsveranstaltungen kennenzulernen. Musik, Tanz, gutes Essen, Tracht, Vereinsleben und [&hellip;]<\/p>\n","protected":false},"author":19,"featured_media":588111,"comment_status":"closed","ping_status":"closed","sticky":false,"template":"","format":"standard","meta":{"_acf_changed":false,"wl_entities_gutenberg":"","_relevanssi_hide_post":"","_relevanssi_hide_content":"","_relevanssi_pin_for_all":"","_relevanssi_pin_keywords":"","_relevanssi_unpin_keywords":"","_relevanssi_related_keywords":"","_relevanssi_related_include_ids":"","_relevanssi_related_exclude_ids":"","_relevanssi_related_no_append":"","_relevanssi_related_not_related":"","_relevanssi_related_posts":"","_relevanssi_noindex_reason":"","footnotes":""},"categories":[1],"tags":[],"wl_entity_type":[11495],"class_list":["post-59162","post","type-post","status-publish","format-standard","has-post-thumbnail","hentry","category-allgemein","wl_entity_type-article"],"acf":[],"yoast_head":"<!-- This site is optimized with the Yoast SEO Premium plugin v26.9 (Yoast SEO v26.9) - https:\/\/yoast.com\/product\/yoast-seo-premium-wordpress\/ -->\n<title>Der Salzburger Bauernherbst: Brauchtum, regionale Kulinarik und Tradition<\/title>\n<meta name=\"description\" content=\"Der Bauernherbst wird im SalzburgerLand von August bis November mit zahlreichen traditionellen Festen in den D\u00f6rfern und auf den Almen gefeiert.\" \/>\n<meta name=\"robots\" content=\"index, follow, max-snippet:-1, max-image-preview:large, max-video-preview:-1\" \/>\n<link rel=\"canonical\" href=\"https:\/\/www.salzburgerland.com\/de\/wp-json\/wp\/v2\/posts\/59162\" \/>\n<meta property=\"og:locale\" content=\"de_DE\" \/>\n<meta property=\"og:type\" content=\"article\" \/>\n<meta property=\"og:title\" content=\"Vielfalt Bauernherbst\" \/>\n<meta property=\"og:description\" content=\"Der Bauernherbst wird im SalzburgerLand von August bis November mit zahlreichen traditionellen Festen in den D\u00f6rfern und auf den Almen gefeiert.\" \/>\n<meta property=\"og:url\" content=\"https:\/\/www.salzburgerland.com\/de\/wp-json\/wp\/v2\/posts\/59162\" \/>\n<meta property=\"og:site_name\" content=\"SalzburgerLand.com\" \/>\n<meta property=\"article:publisher\" content=\"https:\/\/www.facebook.com\/salzburgerland\/\" \/>\n<meta property=\"article:published_time\" content=\"2016-08-19T14:38:39+00:00\" \/>\n<meta property=\"article:modified_time\" content=\"2026-02-20T09:29:29+00:00\" \/>\n<meta property=\"og:image\" content=\"https:\/\/www.salzburgerland.com\/de\/wp-content\/uploads\/2016\/08\/rs715_sujet_5_285-scr-1100x675.jpg\" \/>\n\t<meta property=\"og:image:width\" content=\"1100\" \/>\n\t<meta property=\"og:image:height\" content=\"675\" \/>\n\t<meta property=\"og:image:type\" content=\"image\/jpeg\" \/>\n<meta name=\"author\" content=\"Edith Danzer\" \/>\n<meta name=\"twitter:card\" content=\"summary_large_image\" \/>\n<meta name=\"twitter:creator\" content=\"@Salzburgerland\" \/>\n<meta name=\"twitter:site\" content=\"@Salzburgerland\" \/>\n<meta name=\"twitter:label1\" content=\"Verfasst von\" \/>\n\t<meta name=\"twitter:data1\" content=\"Edith Danzer\" \/>\n\t<meta name=\"twitter:label2\" content=\"Gesch\u00e4tzte Lesezeit\" \/>\n\t<meta name=\"twitter:data2\" content=\"6\u00a0Minuten\" \/>\n<script type=\"application\/ld+json\" class=\"yoast-schema-graph\">{\"@context\":\"https:\/\/schema.org\",\"@graph\":[{\"@type\":\"WebPage\",\"@id\":\"https:\/\/www.salzburgerland.com\/de\/was-ist-der-bauernherbst\/\",\"url\":\"https:\/\/www.salzburgerland.com\/de\/was-ist-der-bauernherbst\/\",\"name\":\"Der Salzburger Bauernherbst: Brauchtum, regionale Kulinarik und Tradition\",\"isPartOf\":{\"@id\":\"https:\/\/www.salzburgerland.com\/de\/#website\"},\"primaryImageOfPage\":{\"@id\":\"https:\/\/www.salzburgerland.com\/de\/was-ist-der-bauernherbst\/#primaryimage\"},\"image\":{\"@id\":\"https:\/\/www.salzburgerland.com\/de\/was-ist-der-bauernherbst\/#primaryimage\"},\"thumbnailUrl\":\"https:\/\/www.salzburgerland.com\/de\/wp-content\/uploads\/2016\/08\/rs715_sujet_5_285-scr.jpg\",\"datePublished\":\"2016-08-19T14:38:39+00:00\",\"dateModified\":\"2026-02-20T09:29:29+00:00\",\"description\":\"Der Bauernherbst wird im SalzburgerLand von August bis November mit zahlreichen traditionellen Festen in den D\u00f6rfern und auf den Almen gefeiert.\",\"breadcrumb\":{\"@id\":\"https:\/\/www.salzburgerland.com\/de\/was-ist-der-bauernherbst\/#breadcrumb\"},\"inLanguage\":\"de\",\"potentialAction\":[{\"@type\":\"ReadAction\",\"target\":[\"https:\/\/www.salzburgerland.com\/de\/was-ist-der-bauernherbst\/\"]}]},{\"@type\":\"ImageObject\",\"inLanguage\":\"de\",\"@id\":\"https:\/\/www.salzburgerland.com\/de\/was-ist-der-bauernherbst\/#primaryimage\",\"url\":\"https:\/\/www.salzburgerland.com\/de\/wp-content\/uploads\/2016\/08\/rs715_sujet_5_285-scr.jpg\",\"contentUrl\":\"https:\/\/www.salzburgerland.com\/de\/wp-content\/uploads\/2016\/08\/rs715_sujet_5_285-scr.jpg\",\"width\":1100,\"height\":733,\"caption\":\"Schnalzergruppe macht Pause\"},{\"@type\":\"BreadcrumbList\",\"@id\":\"https:\/\/www.salzburgerland.com\/de\/was-ist-der-bauernherbst\/#breadcrumb\",\"itemListElement\":[{\"@type\":\"ListItem\",\"position\":1,\"name\":\"Salzburger Bauernherbst\",\"item\":\"https:\/\/www.salzburgerland.com\/de\/bauernherbst\/\"},{\"@type\":\"ListItem\",\"position\":2,\"name\":\"Vielfalt Bauernherbst\"}]},{\"@type\":\"WebSite\",\"@id\":\"https:\/\/www.salzburgerland.com\/de\/#website\",\"url\":\"https:\/\/www.salzburgerland.com\/de\/\",\"name\":\"SalzburgerLand.com\",\"description\":\"Ihr Urlaub in Salzburg, \u00d6sterreich\",\"publisher\":{\"@id\":\"https:\/\/www.salzburgerland.com\/de\/#organization\"},\"potentialAction\":[{\"@type\":\"SearchAction\",\"target\":{\"@type\":\"EntryPoint\",\"urlTemplate\":\"https:\/\/www.salzburgerland.com\/de\/?s={search_term_string}\"},\"query-input\":{\"@type\":\"PropertyValueSpecification\",\"valueRequired\":true,\"valueName\":\"search_term_string\"}}],\"inLanguage\":\"de\"},{\"@type\":\"Organization\",\"@id\":\"https:\/\/www.salzburgerland.com\/de\/#organization\",\"name\":\"SalzburgerLand Tourismus GmbH\",\"url\":\"https:\/\/www.salzburgerland.com\/de\/\",\"logo\":{\"@type\":\"ImageObject\",\"inLanguage\":\"de\",\"@id\":\"https:\/\/www.salzburgerland.com\/de\/#\/schema\/logo\/image\/\",\"url\":\"https:\/\/www.salzburgerland.com\/de\/wp-content\/uploads\/2017\/01\/salzburgerland-logo.jpg\",\"contentUrl\":\"https:\/\/www.salzburgerland.com\/de\/wp-content\/uploads\/2017\/01\/salzburgerland-logo.jpg\",\"width\":1920,\"height\":827,\"caption\":\"SalzburgerLand Tourismus GmbH\"},\"image\":{\"@id\":\"https:\/\/www.salzburgerland.com\/de\/#\/schema\/logo\/image\/\"},\"sameAs\":[\"https:\/\/www.facebook.com\/salzburgerland\/\",\"https:\/\/x.com\/Salzburgerland\",\"https:\/\/www.instagram.com\/salzburgerland\/\",\"http:\/\/dbpedia.org\/resource\/Salzburg_(state)\",\"http:\/\/wikidata.dbpedia.org\/resource\/Q43325\",\"http:\/\/open.salzburgerland.com\/de\/entity\/salzburgerland\",\"https:\/\/www.youtube.com\/user\/salzburgerland\"]},{\"@type\":\"Person\",\"@id\":\"https:\/\/www.salzburgerland.com\/de\/#\/schema\/person\/ca054217aa8036e6c8845e82eca0d9e9\",\"name\":\"Edith Danzer\",\"image\":{\"@type\":\"ImageObject\",\"inLanguage\":\"de\",\"@id\":\"https:\/\/www.salzburgerland.com\/de\/#\/schema\/person\/image\/\",\"url\":\"https:\/\/secure.gravatar.com\/avatar\/e7c744dec57c71e252f5439ca48245592f78eb791acd9405ac752ca9e313c1ef?s=96&d=mm&r=g\",\"contentUrl\":\"https:\/\/secure.gravatar.com\/avatar\/e7c744dec57c71e252f5439ca48245592f78eb791acd9405ac752ca9e313c1ef?s=96&d=mm&r=g\",\"caption\":\"Edith Danzer\"}}]}<\/script>\n<!-- \/ Yoast SEO Premium plugin. -->","yoast_head_json":{"title":"Der Salzburger Bauernherbst: Brauchtum, regionale Kulinarik und Tradition","description":"Der Bauernherbst wird im SalzburgerLand von August bis November mit zahlreichen traditionellen Festen in den D\u00f6rfern und auf den Almen gefeiert.","robots":{"index":"index","follow":"follow","max-snippet":"max-snippet:-1","max-image-preview":"max-image-preview:large","max-video-preview":"max-video-preview:-1"},"canonical":"https:\/\/www.salzburgerland.com\/de\/wp-json\/wp\/v2\/posts\/59162","og_locale":"de_DE","og_type":"article","og_title":"Vielfalt Bauernherbst","og_description":"Der Bauernherbst wird im SalzburgerLand von August bis November mit zahlreichen traditionellen Festen in den D\u00f6rfern und auf den Almen gefeiert.","og_url":"https:\/\/www.salzburgerland.com\/de\/wp-json\/wp\/v2\/posts\/59162","og_site_name":"SalzburgerLand.com","article_publisher":"https:\/\/www.facebook.com\/salzburgerland\/","article_published_time":"2016-08-19T14:38:39+00:00","article_modified_time":"2026-02-20T09:29:29+00:00","og_image":[{"width":1100,"height":675,"url":"https:\/\/www.salzburgerland.com\/de\/wp-content\/uploads\/2016\/08\/rs715_sujet_5_285-scr-1100x675.jpg","type":"image\/jpeg"}],"author":"Edith Danzer","twitter_card":"summary_large_image","twitter_creator":"@Salzburgerland","twitter_site":"@Salzburgerland","twitter_misc":{"Verfasst von":"Edith Danzer","Gesch\u00e4tzte Lesezeit":"6\u00a0Minuten"},"schema":{"@context":"https:\/\/schema.org","@graph":[{"@type":"WebPage","@id":"https:\/\/www.salzburgerland.com\/de\/was-ist-der-bauernherbst\/","url":"https:\/\/www.salzburgerland.com\/de\/was-ist-der-bauernherbst\/","name":"Der Salzburger Bauernherbst: Brauchtum, regionale Kulinarik und Tradition","isPartOf":{"@id":"https:\/\/www.salzburgerland.com\/de\/#website"},"primaryImageOfPage":{"@id":"https:\/\/www.salzburgerland.com\/de\/was-ist-der-bauernherbst\/#primaryimage"},"image":{"@id":"https:\/\/www.salzburgerland.com\/de\/was-ist-der-bauernherbst\/#primaryimage"},"thumbnailUrl":"https:\/\/www.salzburgerland.com\/de\/wp-content\/uploads\/2016\/08\/rs715_sujet_5_285-scr.jpg","datePublished":"2016-08-19T14:38:39+00:00","dateModified":"2026-02-20T09:29:29+00:00","description":"Der Bauernherbst wird im SalzburgerLand von August bis November mit zahlreichen traditionellen Festen in den D\u00f6rfern und auf den Almen gefeiert.","breadcrumb":{"@id":"https:\/\/www.salzburgerland.com\/de\/was-ist-der-bauernherbst\/#breadcrumb"},"inLanguage":"de","potentialAction":[{"@type":"ReadAction","target":["https:\/\/www.salzburgerland.com\/de\/was-ist-der-bauernherbst\/"]}]},{"@type":"ImageObject","inLanguage":"de","@id":"https:\/\/www.salzburgerland.com\/de\/was-ist-der-bauernherbst\/#primaryimage","url":"https:\/\/www.salzburgerland.com\/de\/wp-content\/uploads\/2016\/08\/rs715_sujet_5_285-scr.jpg","contentUrl":"https:\/\/www.salzburgerland.com\/de\/wp-content\/uploads\/2016\/08\/rs715_sujet_5_285-scr.jpg","width":1100,"height":733,"caption":"Schnalzergruppe macht Pause"},{"@type":"BreadcrumbList","@id":"https:\/\/www.salzburgerland.com\/de\/was-ist-der-bauernherbst\/#breadcrumb","itemListElement":[{"@type":"ListItem","position":1,"name":"Salzburger Bauernherbst","item":"https:\/\/www.salzburgerland.com\/de\/bauernherbst\/"},{"@type":"ListItem","position":2,"name":"Vielfalt Bauernherbst"}]},{"@type":"WebSite","@id":"https:\/\/www.salzburgerland.com\/de\/#website","url":"https:\/\/www.salzburgerland.com\/de\/","name":"SalzburgerLand.com","description":"Ihr Urlaub in Salzburg, \u00d6sterreich","publisher":{"@id":"https:\/\/www.salzburgerland.com\/de\/#organization"},"potentialAction":[{"@type":"SearchAction","target":{"@type":"EntryPoint","urlTemplate":"https:\/\/www.salzburgerland.com\/de\/?s={search_term_string}"},"query-input":{"@type":"PropertyValueSpecification","valueRequired":true,"valueName":"search_term_string"}}],"inLanguage":"de"},{"@type":"Organization","@id":"https:\/\/www.salzburgerland.com\/de\/#organization","name":"SalzburgerLand Tourismus GmbH","url":"https:\/\/www.salzburgerland.com\/de\/","logo":{"@type":"ImageObject","inLanguage":"de","@id":"https:\/\/www.salzburgerland.com\/de\/#\/schema\/logo\/image\/","url":"https:\/\/www.salzburgerland.com\/de\/wp-content\/uploads\/2017\/01\/salzburgerland-logo.jpg","contentUrl":"https:\/\/www.salzburgerland.com\/de\/wp-content\/uploads\/2017\/01\/salzburgerland-logo.jpg","width":1920,"height":827,"caption":"SalzburgerLand Tourismus GmbH"},"image":{"@id":"https:\/\/www.salzburgerland.com\/de\/#\/schema\/logo\/image\/"},"sameAs":["https:\/\/www.facebook.com\/salzburgerland\/","https:\/\/x.com\/Salzburgerland","https:\/\/www.instagram.com\/salzburgerland\/","http:\/\/dbpedia.org\/resource\/Salzburg_(state)","http:\/\/wikidata.dbpedia.org\/resource\/Q43325","http:\/\/open.salzburgerland.com\/de\/entity\/salzburgerland","https:\/\/www.youtube.com\/user\/salzburgerland"]},{"@type":"Person","@id":"https:\/\/www.salzburgerland.com\/de\/#\/schema\/person\/ca054217aa8036e6c8845e82eca0d9e9","name":"Edith Danzer","image":{"@type":"ImageObject","inLanguage":"de","@id":"https:\/\/www.salzburgerland.com\/de\/#\/schema\/person\/image\/","url":"https:\/\/secure.gravatar.com\/avatar\/e7c744dec57c71e252f5439ca48245592f78eb791acd9405ac752ca9e313c1ef?s=96&d=mm&r=g","contentUrl":"https:\/\/secure.gravatar.com\/avatar\/e7c744dec57c71e252f5439ca48245592f78eb791acd9405ac752ca9e313c1ef?s=96&d=mm&r=g","caption":"Edith Danzer"}}]}},"_wl_alt_label":[],"wl:entity_url":"http:\/\/open.salzburgerland.com\/de\/post\/was_ist_der_bauernherbst","_links":{"self":[{"href":"https:\/\/www.salzburgerland.com\/de\/wp-json\/wp\/v2\/posts\/59162","targetHints":{"allow":["GET"]}}],"collection":[{"href":"https:\/\/www.salzburgerland.com\/de\/wp-json\/wp\/v2\/posts"}],"about":[{"href":"https:\/\/www.salzburgerland.com\/de\/wp-json\/wp\/v2\/types\/post"}],"author":[{"embeddable":true,"href":"https:\/\/www.salzburgerland.com\/de\/wp-json\/wp\/v2\/users\/19"}],"replies":[{"embeddable":true,"href":"https:\/\/www.salzburgerland.com\/de\/wp-json\/wp\/v2\/comments?post=59162"}],"version-history":[{"count":20,"href":"https:\/\/www.salzburgerland.com\/de\/wp-json\/wp\/v2\/posts\/59162\/revisions"}],"predecessor-version":[{"id":681260,"href":"https:\/\/www.salzburgerland.com\/de\/wp-json\/wp\/v2\/posts\/59162\/revisions\/681260"}],"wp:featuredmedia":[{"embeddable":true,"href":"https:\/\/www.salzburgerland.com\/de\/wp-json\/wp\/v2\/media\/588111"}],"wp:attachment":[{"href":"https:\/\/www.salzburgerland.com\/de\/wp-json\/wp\/v2\/media?parent=59162"}],"wp:term":[{"taxonomy":"category","embeddable":true,"href":"https:\/\/www.salzburgerland.com\/de\/wp-json\/wp\/v2\/categories?post=59162"},{"taxonomy":"post_tag","embeddable":true,"href":"https:\/\/www.salzburgerland.com\/de\/wp-json\/wp\/v2\/tags?post=59162"},{"taxonomy":"wl_entity_type","embeddable":true,"href":"https:\/\/www.salzburgerland.com\/de\/wp-json\/wp\/v2\/wl_entity_type?post=59162"}],"curies":[{"name":"wp","href":"https:\/\/api.w.org\/{rel}","templated":true}]}}