{"id":578620,"date":"2021-06-14T11:12:00","date_gmt":"2021-06-14T09:12:00","guid":{"rendered":"https:\/\/www.salzburgerland.com\/de\/?p=578620"},"modified":"2021-06-15T09:35:51","modified_gmt":"2021-06-15T07:35:51","slug":"scheibsta-wonach-sehnst-du-dich","status":"publish","type":"post","link":"https:\/\/www.salzburgerland.com\/de\/scheibsta-wonach-sehnst-du-dich\/","title":{"rendered":"Scheibsta, wonach sehnst du dich?"},"content":{"rendered":"<h2>Daf\u00fcr leben wir: Die Geschichte hinter dem Song<\/h2>\n<p>Die Zusammenarbeit zwischen Scheibsta und dem SalzburgerLand liegt schon deshalb nahe, weil der Musiker bis heute seiner Geburtsstadt Salzburg treu geblieben ist. Von Salzburg aus beweist er, dass man auch au\u00dferhalb der Hauptstadt als junger Musiker erfolgreich sein kann: Auf zahlreiche Top3-Chartplatzierungen kann Scheibsta schon zur\u00fcckblicken, dazu kommt ein 1. Platz beim \u00d61 Kurzh\u00f6rspielwettbewerb. Der Salzburger bleibt trotzdem bescheiden: \u201eIch habe einfach das riesengro\u00dfe Gl\u00fcck, dass ich jeden Tag das machen kann, was ich gerne tue und mittlerweile auch davon leben kann. Dieses Gl\u00fcck haben in meiner Branche nicht viele.\u201c<\/p>\n<p>F\u00fcr den Sommer 2021 wurde Scheibsta vom SalzburgerLand beauftragt, einen Song rund um den aktuellen Kampagnentitel <strong>\u201eDAF\u00dcR LEBEN WIR\u201c<\/strong> zu schreiben und zu vertonen. Begleitend dazu entstand ein aufw\u00e4ndig produziertes Video, das den Inhalt des Songs humorvoll in Szene setzt. \u201eEs war von Anfang an klar, dass ich in der Umsetzung die k\u00fcnstlerische Freiheit behalte und das Thema authentisch interpretieren kann\u201c, erz\u00e4hlt Scheibsta vom Entstehungsprozess, der sich \u00fcber mehrere Monate zog.<\/p>\n\n\t\t\t<div id=\"578620-1\" class=\"gallery gallery-578620 gallery-columns-3 gallery-size-1170_658\" itemscope itemtype=\"http:\/\/schema.org\/ImageGallery\">\n\t\t\t\t<ul class=\"gallery-row gallery-col-3 gallery-clear\">\n\t\t\t\t\t<li class=\"gallery-item col-3\" itemprop=\"associatedMedia\" itemscope itemtype=\"http:\/\/schema.org\/ImageObject\">\n\t\t\t\t\t\t<div class=\"gallery-icon landscape\"><a href=\"https:\/\/www.salzburgerland.com\/de\/wp-content\/uploads\/2021\/06\/scheibsta_valentin-weinhaeupl-3-1920x1067.jpg\" title=\"Scheibsta_Foto von Valentin Weinh\u00e4upl\"><img decoding=\"async\" data-title=\"\" title=\"\" data-caption=\"\" width=\"1170\" height=\"658\" src=\"https:\/\/www.salzburgerland.com\/de\/wp-content\/uploads\/2021\/06\/scheibsta_valentin-weinhaeupl-3-1170x658.jpg\" class=\"attachment-1170_658 size-1170_658\" alt=\"Glatzk\u00f6pfiger Mann mit Brille, der l\u00e4chelnd eine Handbewegung macht, vor einem orangefarbenen Hintergrund. (vergr\u00f6\u00dferte Ansicht)\" srcset=\"https:\/\/www.salzburgerland.com\/de\/wp-content\/uploads\/2021\/06\/scheibsta_valentin-weinhaeupl-3-1170x658.jpg 1170w, https:\/\/www.salzburgerland.com\/de\/wp-content\/uploads\/2021\/06\/scheibsta_valentin-weinhaeupl-3-768x432.jpg 768w, https:\/\/www.salzburgerland.com\/de\/wp-content\/uploads\/2021\/06\/scheibsta_valentin-weinhaeupl-3-1536x864.jpg 1536w, https:\/\/www.salzburgerland.com\/de\/wp-content\/uploads\/2021\/06\/scheibsta_valentin-weinhaeupl-3-150x84.jpg 150w, https:\/\/www.salzburgerland.com\/de\/wp-content\/uploads\/2021\/06\/scheibsta_valentin-weinhaeupl-3-1200x675.jpg 1200w, https:\/\/www.salzburgerland.com\/de\/wp-content\/uploads\/2021\/06\/scheibsta_valentin-weinhaeupl-3.jpg 1920w\" sizes=\"(max-width: 1170px) 100vw, 1170px\" itemprop=\"thumbnail\"><\/a><\/div>\n\t\t\t\t\t<\/li>\n\t\t\t\t\t<li class=\"gallery-item col-3\" itemprop=\"associatedMedia\" itemscope itemtype=\"http:\/\/schema.org\/ImageObject\">\n\t\t\t\t\t\t<div class=\"gallery-icon landscape\"><a href=\"https:\/\/www.salzburgerland.com\/de\/wp-content\/uploads\/2021\/06\/scheibsta_valentin-weinhaeupl-2-1920x1067.jpg\" title=\"Scheibsta_Foto von Valentin Weinh\u00e4upl\"><img decoding=\"async\" data-title=\"Fotos: Valentin Weinh\u00e4upl\" title=\"Fotos: Valentin Weinh\u00e4upl\" data-caption=\"Fotos: Valentin Weinh\u00e4upl\" width=\"1170\" height=\"658\" src=\"https:\/\/www.salzburgerland.com\/de\/wp-content\/uploads\/2021\/06\/scheibsta_valentin-weinhaeupl-2-1170x658.jpg\" class=\"attachment-1170_658 size-1170_658\" alt=\"B\u00e4rtiger Mann mit Brille l\u00e4chelt und gestikuliert mit den H\u00e4nden vor einem orangefarbenen Hintergrund. (vergr\u00f6\u00dferte Ansicht)\" srcset=\"https:\/\/www.salzburgerland.com\/de\/wp-content\/uploads\/2021\/06\/scheibsta_valentin-weinhaeupl-2-1170x658.jpg 1170w, https:\/\/www.salzburgerland.com\/de\/wp-content\/uploads\/2021\/06\/scheibsta_valentin-weinhaeupl-2-768x432.jpg 768w, https:\/\/www.salzburgerland.com\/de\/wp-content\/uploads\/2021\/06\/scheibsta_valentin-weinhaeupl-2-1536x864.jpg 1536w, https:\/\/www.salzburgerland.com\/de\/wp-content\/uploads\/2021\/06\/scheibsta_valentin-weinhaeupl-2-150x84.jpg 150w, https:\/\/www.salzburgerland.com\/de\/wp-content\/uploads\/2021\/06\/scheibsta_valentin-weinhaeupl-2-1200x675.jpg 1200w, https:\/\/www.salzburgerland.com\/de\/wp-content\/uploads\/2021\/06\/scheibsta_valentin-weinhaeupl-2.jpg 1920w\" sizes=\"(max-width: 1170px) 100vw, 1170px\" aria-describedby=\"figcaption-578620-579175\" itemprop=\"thumbnail\"><\/a><\/div>\n\t\t\t\t\t\t<span id=\"figcaption-578620-579175\" class=\"gallery-caption\" itemprop=\"caption\"><span aria-hidden=\"true\">Fotos: Valentin Weinh\u00e4upl<\/span><\/span>\n\t\t\t\t\t<\/li>\n\t\t\t\t\t<li class=\"gallery-item col-3\" itemprop=\"associatedMedia\" itemscope itemtype=\"http:\/\/schema.org\/ImageObject\">\n\t\t\t\t\t\t<div class=\"gallery-icon landscape\"><a href=\"https:\/\/www.salzburgerland.com\/de\/wp-content\/uploads\/2021\/06\/scheibsta_valentin-weinhaeupl-1-1920x1067.jpg\" title=\"Scheibsta_Foto von Valentin Weinh\u00e4upl\"><img decoding=\"async\" data-title=\"\" title=\"\" data-caption=\"\" width=\"1170\" height=\"658\" src=\"https:\/\/www.salzburgerland.com\/de\/wp-content\/uploads\/2021\/06\/scheibsta_valentin-weinhaeupl-1-1170x658.jpg\" class=\"attachment-1170_658 size-1170_658\" alt=\"Ein b\u00e4rtiger Mann in einem kastanienbraunen Hemd zuckt mit den Schultern und h\u00e4lt eine Brille vor einem schlichten orangefarbenen Hintergrund. (vergr\u00f6\u00dferte Ansicht)\" srcset=\"https:\/\/www.salzburgerland.com\/de\/wp-content\/uploads\/2021\/06\/scheibsta_valentin-weinhaeupl-1-1170x658.jpg 1170w, https:\/\/www.salzburgerland.com\/de\/wp-content\/uploads\/2021\/06\/scheibsta_valentin-weinhaeupl-1-768x432.jpg 768w, https:\/\/www.salzburgerland.com\/de\/wp-content\/uploads\/2021\/06\/scheibsta_valentin-weinhaeupl-1-1536x864.jpg 1536w, https:\/\/www.salzburgerland.com\/de\/wp-content\/uploads\/2021\/06\/scheibsta_valentin-weinhaeupl-1-2048x1152.jpg 2048w, https:\/\/www.salzburgerland.com\/de\/wp-content\/uploads\/2021\/06\/scheibsta_valentin-weinhaeupl-1-150x84.jpg 150w, https:\/\/www.salzburgerland.com\/de\/wp-content\/uploads\/2021\/06\/scheibsta_valentin-weinhaeupl-1-1200x675.jpg 1200w, https:\/\/www.salzburgerland.com\/de\/wp-content\/uploads\/2021\/06\/scheibsta_valentin-weinhaeupl-1-scaled.jpg 1920w\" sizes=\"(max-width: 1170px) 100vw, 1170px\" itemprop=\"thumbnail\"><\/a><\/div>\n\t\t\t\t\t<\/li>\n\t\t\t\t<\/ul>\n\t\t\t<\/div><!-- .gallery -->\n\n<p>\u00a0<\/p>\n<h2>\u201eWonach sehnst du dich?\u201c<\/h2>\n<p>Wenig \u00fcberraschend drehen sich die ersten Zeilen des neuen Songs um die kollektive Pandemie-Erfahrung des vergangenen Jahres. Nur um dann die Frage zu stellen: \u201eWonach sehnst du dich?\u201c Ein Gef\u00fchl, mit dem sich aktuell wohl die meisten Menschen identifizieren k\u00f6nnen, vermutet Scheibsta: \u201eSeit den ersten \u00d6ffnungsschritten im Mai merkt man so richtig, wie gro\u00df die Sehnsucht der Menschen nach Erlebnissen ist, die sich nicht im digitalen Raum abspielen. Auch wenn diese Sehnsucht nat\u00fcrlich f\u00fcr jeden etwas anderes bedeutet: F\u00fcr den einen ist es ein Berggipfel, f\u00fcr den anderen endlich wieder ein Live-Konzert\u201c, sagt Scheibsta.<\/p>\n<p>Die positive Aufbruchstimmung ist das Grundmotiv des Songs. Dar\u00fcber hinaus beweist das Musikst\u00fcck in seinen drei Minuten Laufzeit fast im Vorbeigehen, dass das SalzburgerLand tats\u00e4chlich f\u00fcr jeden etwas bereith\u00e4lt: Vom Theater- und Konzertsaal, \u00fcber die Almh\u00fctte bis zum Bergsee. Hauptsache, der Laptop bleibt zu!<\/p>\n<p><iframe title=\"Scheibsta im SalzburgerLand - Daf\u00fcr leben wir.\" width=\"500\" height=\"281\" src=\"https:\/\/www.youtube-nocookie.com\/embed\/Y99F0J2rBYg?feature=oembed&amp;rel=0&amp;modestbranding=1\" frameborder=\"0\" allow=\"accelerometer; autoplay; clipboard-write; encrypted-media; gyroscope; picture-in-picture; web-share\" referrerpolicy=\"strict-origin-when-cross-origin\" allowfullscreen><\/iframe><\/p>\n<h2>Scheibstas Lieblingspl\u00e4tze im SalzburgerLand<\/h2>\n<p>Mit seinem Song <strong>\u201eDAF\u00dcR LEBEN WIR\u201c<\/strong>\u00a0liefert Scheibsta den Soundtrack f\u00fcr den Sommer im SalzburgerLand. Aber wo verbringt er eigentlich am liebsten seine Freizeit? Wir haben den Musiker nach seinen pers\u00f6nlichen Lieblingspl\u00e4tzen gefragt.<\/p>\n<h2><strong>1. Wakeboarden im Waldbad Anif<\/strong><\/h2>\n<p>Von der Stadt sind es auf dem Rad nur 15 Minuten die Salzach entlang, dann kann man im <a href=\"https:\/\/www.waldbadanif.at\/\" target=\"_blank\" rel=\"noopener\">Waldbad Anif<\/a> ins k\u00fchle Nass eintauchen. Durch die Baumkronen schl\u00e4ngelt sich ein Kletterpark und seit vergangenem Sommer gibt es in dem wundersch\u00f6nen Naturbad einen Wakeboardlift. \u201eEs macht extrem viel Spa\u00df, ist aber anstrengender, als es aussieht\u201c, erz\u00e4hlt Scheibsta bei einer Runde um den Badesee des Waldbades. Wenn die Kr\u00e4fte einmal nicht ausreichen, dann sitzt man alternativ einfach am Steg oder in der Wiese, \u00f6ffnet ein k\u00fchles Getr\u00e4nk und genie\u00dft die Stimmung am bewaldeten Ufer.<\/p>\n\n\t\t\t<div id=\"578620-2\" class=\"gallery gallery-578620 gallery-columns-3 gallery-size-1170_658\" itemscope itemtype=\"http:\/\/schema.org\/ImageGallery\">\n\t\t\t\t<ul class=\"gallery-row gallery-col-3 gallery-clear\">\n\t\t\t\t\t<li class=\"gallery-item col-3\" itemprop=\"associatedMedia\" itemscope itemtype=\"http:\/\/schema.org\/ImageObject\">\n\t\t\t\t\t\t<div class=\"gallery-icon landscape\"><a href=\"https:\/\/www.salzburgerland.com\/de\/wp-content\/uploads\/2021\/06\/scheibsta-im-waldbad-anif-im-salzburgerland-1920x1067.jpg\" title=\"Scheibsta im Waldbad Anif im SalzburgerLand\"><img decoding=\"async\" data-title=\"\" title=\"\" data-caption=\"\" width=\"1170\" height=\"658\" src=\"https:\/\/www.salzburgerland.com\/de\/wp-content\/uploads\/2021\/06\/scheibsta-im-waldbad-anif-im-salzburgerland-1170x658.jpg\" class=\"attachment-1170_658 size-1170_658\" alt=\"Ein Mann mit einem Strohhut steht auf einem Waldweg, die H\u00e4nde in den Taschen, umgeben von B\u00e4umen und Sonnenlicht. (vergr\u00f6\u00dferte Ansicht)\" srcset=\"https:\/\/www.salzburgerland.com\/de\/wp-content\/uploads\/2021\/06\/scheibsta-im-waldbad-anif-im-salzburgerland-1170x658.jpg 1170w, https:\/\/www.salzburgerland.com\/de\/wp-content\/uploads\/2021\/06\/scheibsta-im-waldbad-anif-im-salzburgerland-768x432.jpg 768w, https:\/\/www.salzburgerland.com\/de\/wp-content\/uploads\/2021\/06\/scheibsta-im-waldbad-anif-im-salzburgerland-1536x864.jpg 1536w, https:\/\/www.salzburgerland.com\/de\/wp-content\/uploads\/2021\/06\/scheibsta-im-waldbad-anif-im-salzburgerland-150x84.jpg 150w, https:\/\/www.salzburgerland.com\/de\/wp-content\/uploads\/2021\/06\/scheibsta-im-waldbad-anif-im-salzburgerland-1200x675.jpg 1200w, https:\/\/www.salzburgerland.com\/de\/wp-content\/uploads\/2021\/06\/scheibsta-im-waldbad-anif-im-salzburgerland.jpg 1920w\" sizes=\"(max-width: 1170px) 100vw, 1170px\" itemprop=\"thumbnail\"><\/a><\/div>\n\t\t\t\t\t<\/li>\n\t\t\t\t\t<li class=\"gallery-item col-3\" itemprop=\"associatedMedia\" itemscope itemtype=\"http:\/\/schema.org\/ImageObject\">\n\t\t\t\t\t\t<div class=\"gallery-icon landscape\"><a href=\"https:\/\/www.salzburgerland.com\/de\/wp-content\/uploads\/2021\/06\/rapper-scheibsta-im-salzburgerland-im-waldbad-anif-1920x1067.jpg\" title=\"Rapper Scheibsta im SalzburgerLand im Waldbad Anif\"><img decoding=\"async\" data-title=\"\" title=\"\" data-caption=\"\" width=\"1170\" height=\"658\" src=\"https:\/\/www.salzburgerland.com\/de\/wp-content\/uploads\/2021\/06\/rapper-scheibsta-im-salzburgerland-im-waldbad-anif-1170x658.jpg\" class=\"attachment-1170_658 size-1170_658\" alt=\"Ein Mann steht in einem sonnenbeschienenen Wald, den Blick nach oben gerichtet, eine Hand in die H\u00fcfte gest\u00fctzt, umgeben von B\u00e4umen und Gr\u00fcnzeug. (vergr\u00f6\u00dferte Ansicht)\" srcset=\"https:\/\/www.salzburgerland.com\/de\/wp-content\/uploads\/2021\/06\/rapper-scheibsta-im-salzburgerland-im-waldbad-anif-1170x658.jpg 1170w, https:\/\/www.salzburgerland.com\/de\/wp-content\/uploads\/2021\/06\/rapper-scheibsta-im-salzburgerland-im-waldbad-anif-768x432.jpg 768w, https:\/\/www.salzburgerland.com\/de\/wp-content\/uploads\/2021\/06\/rapper-scheibsta-im-salzburgerland-im-waldbad-anif-1536x864.jpg 1536w, https:\/\/www.salzburgerland.com\/de\/wp-content\/uploads\/2021\/06\/rapper-scheibsta-im-salzburgerland-im-waldbad-anif-150x84.jpg 150w, https:\/\/www.salzburgerland.com\/de\/wp-content\/uploads\/2021\/06\/rapper-scheibsta-im-salzburgerland-im-waldbad-anif-1200x675.jpg 1200w, https:\/\/www.salzburgerland.com\/de\/wp-content\/uploads\/2021\/06\/rapper-scheibsta-im-salzburgerland-im-waldbad-anif.jpg 1920w\" sizes=\"(max-width: 1170px) 100vw, 1170px\" itemprop=\"thumbnail\"><\/a><\/div>\n\t\t\t\t\t<\/li>\n\t\t\t\t\t<li class=\"gallery-item col-3\" itemprop=\"associatedMedia\" itemscope itemtype=\"http:\/\/schema.org\/ImageObject\">\n\t\t\t\t\t\t<div class=\"gallery-icon landscape\"><a href=\"https:\/\/www.salzburgerland.com\/de\/wp-content\/uploads\/2021\/06\/das-waldbad-anif-ist-einer-von-scheibstas-lieblingsorten-im-salzburgerland--1920x1067.jpg\" title=\"Das Waldbad Anif ist einer von Scheibstas Lieblingsorten im SalzburgerLand\"><img decoding=\"async\" data-title=\"\" title=\"\" data-caption=\"\" width=\"1170\" height=\"658\" src=\"https:\/\/www.salzburgerland.com\/de\/wp-content\/uploads\/2021\/06\/das-waldbad-anif-ist-einer-von-scheibstas-lieblingsorten-im-salzburgerland--1170x658.jpg\" class=\"attachment-1170_658 size-1170_658\" alt=\"Zwei Kajaks liegen auf einem h\u00f6lzernen Steg am Ufer eines ruhigen, von B\u00e4umen ges\u00e4umten Sees unter einem klaren Himmel. (vergr\u00f6\u00dferte Ansicht)\" srcset=\"https:\/\/www.salzburgerland.com\/de\/wp-content\/uploads\/2021\/06\/das-waldbad-anif-ist-einer-von-scheibstas-lieblingsorten-im-salzburgerland--1170x658.jpg 1170w, https:\/\/www.salzburgerland.com\/de\/wp-content\/uploads\/2021\/06\/das-waldbad-anif-ist-einer-von-scheibstas-lieblingsorten-im-salzburgerland--768x432.jpg 768w, https:\/\/www.salzburgerland.com\/de\/wp-content\/uploads\/2021\/06\/das-waldbad-anif-ist-einer-von-scheibstas-lieblingsorten-im-salzburgerland--1536x864.jpg 1536w, https:\/\/www.salzburgerland.com\/de\/wp-content\/uploads\/2021\/06\/das-waldbad-anif-ist-einer-von-scheibstas-lieblingsorten-im-salzburgerland--150x84.jpg 150w, https:\/\/www.salzburgerland.com\/de\/wp-content\/uploads\/2021\/06\/das-waldbad-anif-ist-einer-von-scheibstas-lieblingsorten-im-salzburgerland--1200x675.jpg 1200w, https:\/\/www.salzburgerland.com\/de\/wp-content\/uploads\/2021\/06\/das-waldbad-anif-ist-einer-von-scheibstas-lieblingsorten-im-salzburgerland-.jpg 1920w\" sizes=\"(max-width: 1170px) 100vw, 1170px\" itemprop=\"thumbnail\"><\/a><\/div>\n\t\t\t\t\t<\/li>\n\t\t\t\t<\/ul>\n\t\t\t<\/div><!-- .gallery -->\n\n<h2><strong>2. Auf ein Bier in die Fuxn<\/strong><\/h2>\n<p>Wo fr\u00fcher die Stiegl-Pferde untergebracht wurden, befindet sich heute Salzburgs sch\u00f6nster Fuchsbau. Die Rede ist von der <a href=\"https:\/\/fuxn.at\/\" target=\"_blank\" rel=\"noopener\">Fuxn<\/a>, einer Gastwirtschaft, die klassische Wirtshauskultur und modernes Ambiente zusammenbringt. Auf die Fuxn k\u00f6nnen sich alle einigen: Bierliebhaber finden eine herrliche Auswahl, Gourmets schw\u00f6ren auf die modern interpretierten Wirtshausschmankerl aus regionalen Zutaten und f\u00fcr Kinder gibt es einen gro\u00dfen Garten mit H\u00fchnern. Wenn man Gl\u00fcck hat, lassen sich sogar die beiden Mini-Schweine Fix und Foxi blicken.<\/p>\n<h2><strong>3. Zum Staunen ins Marionettentheater<\/strong><\/h2>\n<p>Das <a href=\"https:\/\/www.salzburgerland.com\/de\/hochkultur-theater-salzburg\/\" target=\"_blank\" rel=\"noopener\">Salzburger Marionettentheater<\/a> war schon rund um den Globus auf Tournee. Seit \u00fcber 100 Jahren staunen Kinder und Erwachsene, wenn die kunstvoll gefertigten Puppen zum Leben erwachen und zu den Kl\u00e4ngen von Mozart tanzen und singen. Trotzdem ist das Marionettentheater in Salzburg immer noch so etwas wie ein kleiner Geheimtipp und steht deshalb aufs Scheibstas Lieblingsliste.<\/p>\n<div id=\"attachment_579794\" style=\"width: 1180px\" class=\"wp-caption alignnone\"><img decoding=\"async\" aria-describedby=\"caption-attachment-579794\" class=\"wp-image-579794 size-1170_658\" src=\"https:\/\/cdn.salzburgerland.com\/de\/wp-content\/uploads\/2021\/06\/scheibsta-im-salzburger-marionettentheater-c-by-peak-motion-gmbh-1170x658.jpg\" alt=\"\" width=\"1170\" height=\"658\" srcset=\"https:\/\/www.salzburgerland.com\/de\/wp-content\/uploads\/2021\/06\/scheibsta-im-salzburger-marionettentheater-c-by-peak-motion-gmbh-1170x658.jpg 1170w, https:\/\/www.salzburgerland.com\/de\/wp-content\/uploads\/2021\/06\/scheibsta-im-salzburger-marionettentheater-c-by-peak-motion-gmbh-768x432.jpg 768w, https:\/\/www.salzburgerland.com\/de\/wp-content\/uploads\/2021\/06\/scheibsta-im-salzburger-marionettentheater-c-by-peak-motion-gmbh-1536x864.jpg 1536w, https:\/\/www.salzburgerland.com\/de\/wp-content\/uploads\/2021\/06\/scheibsta-im-salzburger-marionettentheater-c-by-peak-motion-gmbh-150x84.jpg 150w, https:\/\/www.salzburgerland.com\/de\/wp-content\/uploads\/2021\/06\/scheibsta-im-salzburger-marionettentheater-c-by-peak-motion-gmbh-1200x675.jpg 1200w, https:\/\/www.salzburgerland.com\/de\/wp-content\/uploads\/2021\/06\/scheibsta-im-salzburger-marionettentheater-c-by-peak-motion-gmbh.jpg 1920w\" sizes=\"(max-width: 1170px) 100vw, 1170px\"><p id=\"caption-attachment-579794\" class=\"wp-caption-text\">(c) Peakmotion Gmbh<\/p><\/div>\n<h2><strong>4. Den Pihapper im Nationalpark Hohe Tauern<\/strong><\/h2>\n<p>\u201eIch bin pers\u00f6nlich ja nicht der Typ, der jedes Wochenende einen anderen Gipfel besteigt\u201c, sagt Scheibsta. Der Pihapper im <a href=\"https:\/\/www.salzburgerland.com\/de\/genussregion-nationalpark-hohe-tauern-sommer\/\" target=\"_blank\" rel=\"noopener\">Nationalpark Hohe Tauern<\/a> hat es ihm aber angetan. Mit seinen 2513 Metern geh\u00f6rt er zu einem der \u201ekleineren\u201c Gipfel in der m\u00e4chtigen Venedigergruppe und gilt als beliebter Ausflugsberg der Einheimischen. Acht Stunden und Trittsicherheit sollte man f\u00fcr die wundersch\u00f6ne Bergtour von Hollersbach aus aber schon einplanen. Zuletzt muss man auf einer senkrechten Eisenleiter sogar noch eine Mutprobe \u00fcberwinden. Daf\u00fcr wartet oben ein traumhaftes Panorama \u00fcber die Dreitausender des Nationalparks Hohe Tauern.<\/p>\n<h2><strong>5. Am Skateboard durch den Pump Track Wals<\/strong><\/h2>\n<p>Pumptracks liegen voll im Trend. Dabei handelt es sich um Rundkurse, die so konstruiert sind, dass man sie auf einem Skateboard, Scooter oder Bike ohne Schwung zu holen durchqueren kann. Man \u201epumpt\u201c sich also im wahrsten Sinne des Wortes seinen Weg durch den Parkour. In Wals, direkt neben der Stadt Salzburg, gibt es seit kurzem <a href=\"https:\/\/www.salzburgerland.com\/de\/pumptracks-im-salzburgerland\/\" target=\"_blank\" rel=\"noopener\">einen Track<\/a>, den Scheibsta f\u00fcr sich entdeckt hat: \u201eDen Tipp habe ich von meinem Bruder. Seitdem komme ich oft am Abend her, um noch eine Runde auf dem Skateboard zu fahren\u201c, sagt Scheibsta.<\/p>\n\n\t\t\t<div id=\"578620-3\" class=\"gallery gallery-578620 gallery-columns-3 gallery-size-1170_658\" itemscope itemtype=\"http:\/\/schema.org\/ImageGallery\">\n\t\t\t\t<ul class=\"gallery-row gallery-col-3 gallery-clear\">\n\t\t\t\t\t<li class=\"gallery-item col-3\" itemprop=\"associatedMedia\" itemscope itemtype=\"http:\/\/schema.org\/ImageObject\">\n\t\t\t\t\t\t<div class=\"gallery-icon landscape\"><a href=\"https:\/\/www.salzburgerland.com\/de\/wp-content\/uploads\/2021\/06\/scheibsta-am-skateboard-im-salzburgerland-1080x1067.jpg\" title=\"SalzburgerLand Botschafter Scheibsta am Pump Track in Wals im SalzburgerLand\"><img decoding=\"async\" data-title=\"\" title=\"\" data-caption=\"\" width=\"1080\" height=\"658\" src=\"https:\/\/www.salzburgerland.com\/de\/wp-content\/uploads\/2021\/06\/scheibsta-am-skateboard-im-salzburgerland-1080x658.jpg\" class=\"attachment-1170_658 size-1170_658\" alt=\"Ein Mann f\u00e4hrt an einem sonnigen Tag mit seinem Skateboard auf einer gebogenen Betonrampe in einem Park im Freien. (vergr\u00f6\u00dferte Ansicht)\" itemprop=\"thumbnail\"><\/a><\/div>\n\t\t\t\t\t<\/li>\n\t\t\t\t\t<li class=\"gallery-item col-3\" itemprop=\"associatedMedia\" itemscope itemtype=\"http:\/\/schema.org\/ImageObject\">\n\t\t\t\t\t\t<div class=\"gallery-icon landscape\"><a href=\"https:\/\/www.salzburgerland.com\/de\/wp-content\/uploads\/2021\/06\/rapper-scheibsta-auf-seinem-board-im-pump-park-in-wals-im-salzbugerland-1-1080x1067.jpg\" title=\"Rapper Scheibsta auf seinem Board im Pump Park in Wals im SalzbugerLand\"><img decoding=\"async\" data-title=\"\" title=\"\" data-caption=\"\" width=\"1080\" height=\"658\" src=\"https:\/\/www.salzburgerland.com\/de\/wp-content\/uploads\/2021\/06\/rapper-scheibsta-auf-seinem-board-im-pump-park-in-wals-im-salzbugerland-1-1080x658.jpg\" class=\"attachment-1170_658 size-1170_658\" alt=\"Mann mit Bart beim Skateboardfahren im Freien an einem sonnigen Tag, umgeben von B\u00e4umen und Gr\u00fcn. (vergr\u00f6\u00dferte Ansicht)\" itemprop=\"thumbnail\"><\/a><\/div>\n\t\t\t\t\t<\/li>\n\t\t\t\t\t<li class=\"gallery-item col-3\" itemprop=\"associatedMedia\" itemscope itemtype=\"http:\/\/schema.org\/ImageObject\">\n\t\t\t\t\t\t<div class=\"gallery-icon landscape\"><a href=\"https:\/\/www.salzburgerland.com\/de\/wp-content\/uploads\/2021\/06\/scheibsta-am-pump-track-in-wals-1080x1067.jpg\" title=\"SalzburgerLand Botschafter Scheibsta am Pump Track in Wals im SalzburgerLand\"><img decoding=\"async\" data-title=\"\" title=\"\" data-caption=\"\" width=\"1080\" height=\"658\" src=\"https:\/\/www.salzburgerland.com\/de\/wp-content\/uploads\/2021\/06\/scheibsta-am-pump-track-in-wals-1080x658.jpg\" class=\"attachment-1170_658 size-1170_658\" alt=\"Eine Person in gr\u00fcnen Shorts f\u00e4hrt mit dem Skateboard eine Betonrampe in einem Outdoor-Skatepark hinauf. (vergr\u00f6\u00dferte Ansicht)\" itemprop=\"thumbnail\"><\/a><\/div>\n\t\t\t\t\t<\/li>\n\t\t\t\t<\/ul>\n\t\t\t<\/div><!-- .gallery -->\n\n<p>\u00a0<\/p>\n<p>Wer auf den Spuren von Scheibsta echte Lieblingspl\u00e4tze im SalzburgerLand erkunden will, findet unter <a href=\"https:\/\/www.salzburgerland.com\/de\/\" target=\"_blank\" rel=\"noopener\">www.salzburgerland.com<\/a> mehr Infos und noch viele weitere inspirierende Urlaubsideen.<\/p>\n<p>Bis bald im SalzburgerLand!<\/p>\n<p><strong>Fotos (1-3)<\/strong>: Valentin Weinh\u00e4upl<\/p>\n","protected":false},"excerpt":{"rendered":"<p>Daf\u00fcr leben wir: Die Geschichte hinter dem Song Die Zusammenarbeit zwischen Scheibsta und dem SalzburgerLand liegt schon deshalb nahe, weil der Musiker bis heute seiner Geburtsstadt Salzburg treu geblieben ist. Von Salzburg aus beweist er, dass man auch au\u00dferhalb der Hauptstadt als junger Musiker erfolgreich sein kann: Auf zahlreiche Top3-Chartplatzierungen kann Scheibsta schon zur\u00fcckblicken, dazu [&hellip;]<\/p>\n","protected":false},"author":57,"featured_media":579793,"comment_status":"closed","ping_status":"closed","sticky":false,"template":"","format":"standard","meta":{"_acf_changed":false,"wl_entities_gutenberg":"","_relevanssi_hide_post":"","_relevanssi_hide_content":"","_relevanssi_pin_for_all":"","_relevanssi_pin_keywords":"","_relevanssi_unpin_keywords":"","_relevanssi_related_keywords":"","_relevanssi_related_include_ids":"","_relevanssi_related_exclude_ids":"","_relevanssi_related_no_append":"","_relevanssi_related_not_related":"","_relevanssi_related_posts":"","_relevanssi_noindex_reason":"","footnotes":""},"categories":[1],"tags":[],"wl_entity_type":[11495],"class_list":["post-578620","post","type-post","status-publish","format-standard","has-post-thumbnail","hentry","category-allgemein","wl_entity_type-article"],"acf":[],"yoast_head":"<!-- This site is optimized with the Yoast SEO Premium plugin v26.9 (Yoast SEO v26.9) - https:\/\/yoast.com\/product\/yoast-seo-premium-wordpress\/ -->\n<title>Scheibsta, wonach sehnst du dich? \u00bb SalzburgerLand.com<\/title>\n<meta name=\"robots\" content=\"index, follow, max-snippet:-1, max-image-preview:large, max-video-preview:-1\" \/>\n<link rel=\"canonical\" href=\"https:\/\/www.salzburgerland.com\/de\/wp-json\/wp\/v2\/posts\/578620\" \/>\n<meta property=\"og:locale\" content=\"de_DE\" \/>\n<meta property=\"og:type\" content=\"article\" \/>\n<meta property=\"og:title\" content=\"Scheibsta, wonach sehnst du dich?\" \/>\n<meta property=\"og:description\" content=\"Laptop aus, Leben an! Der Salzburger Rapper Scheibsta liefert mit seinem Song \u201eDaf\u00fcr leben wir\u201c den Soundtrack f\u00fcr den Sommer 2021 im SalzburgerLand.\" \/>\n<meta property=\"og:url\" content=\"https:\/\/www.salzburgerland.com\/de\/wp-json\/wp\/v2\/posts\/578620\" \/>\n<meta property=\"og:site_name\" content=\"SalzburgerLand.com\" \/>\n<meta property=\"article:publisher\" content=\"https:\/\/www.facebook.com\/salzburgerland\/\" \/>\n<meta property=\"article:published_time\" content=\"2021-06-14T09:12:00+00:00\" \/>\n<meta property=\"article:modified_time\" content=\"2021-06-15T07:35:51+00:00\" \/>\n<meta property=\"og:image\" content=\"https:\/\/www.salzburgerland.com\/de\/wp-content\/uploads\/2021\/06\/scheibsta-im-salzburger-marionettentheater-1200x675.jpg\" \/>\n\t<meta property=\"og:image:width\" content=\"1200\" \/>\n\t<meta property=\"og:image:height\" content=\"675\" \/>\n\t<meta property=\"og:image:type\" content=\"image\/jpeg\" \/>\n<meta name=\"author\" content=\"Miriam Kreiseder\" \/>\n<meta name=\"twitter:card\" content=\"summary_large_image\" \/>\n<meta name=\"twitter:creator\" content=\"@Salzburgerland\" \/>\n<meta name=\"twitter:site\" content=\"@Salzburgerland\" \/>\n<meta name=\"twitter:label1\" content=\"Verfasst von\" \/>\n\t<meta name=\"twitter:data1\" content=\"Miriam Kreiseder\" \/>\n\t<meta name=\"twitter:label2\" content=\"Gesch\u00e4tzte Lesezeit\" \/>\n\t<meta name=\"twitter:data2\" content=\"4\u00a0Minuten\" \/>\n<script type=\"application\/ld+json\" class=\"yoast-schema-graph\">{\"@context\":\"https:\/\/schema.org\",\"@graph\":[{\"@type\":\"WebPage\",\"@id\":\"https:\/\/www.salzburgerland.com\/de\/scheibsta-wonach-sehnst-du-dich\/\",\"url\":\"https:\/\/www.salzburgerland.com\/de\/scheibsta-wonach-sehnst-du-dich\/\",\"name\":\"Scheibsta, wonach sehnst du dich? \u00bb SalzburgerLand.com\",\"isPartOf\":{\"@id\":\"https:\/\/www.salzburgerland.com\/de\/#website\"},\"primaryImageOfPage\":{\"@id\":\"https:\/\/www.salzburgerland.com\/de\/scheibsta-wonach-sehnst-du-dich\/#primaryimage\"},\"image\":{\"@id\":\"https:\/\/www.salzburgerland.com\/de\/scheibsta-wonach-sehnst-du-dich\/#primaryimage\"},\"thumbnailUrl\":\"https:\/\/www.salzburgerland.com\/de\/wp-content\/uploads\/2021\/06\/scheibsta-im-salzburger-marionettentheater.jpg\",\"datePublished\":\"2021-06-14T09:12:00+00:00\",\"dateModified\":\"2021-06-15T07:35:51+00:00\",\"description\":\"Laptop aus, Leben an! Der Salzburger Rapper Scheibsta liefert mit seinem Song \u201eDaf\u00fcr leben wir\u201c den Soundtrack f\u00fcr den Sommer 2021 im SalzburgerLand.\",\"breadcrumb\":{\"@id\":\"https:\/\/www.salzburgerland.com\/de\/scheibsta-wonach-sehnst-du-dich\/#breadcrumb\"},\"inLanguage\":\"de\",\"potentialAction\":[{\"@type\":\"ReadAction\",\"target\":[\"https:\/\/www.salzburgerland.com\/de\/scheibsta-wonach-sehnst-du-dich\/\"]}]},{\"@type\":\"ImageObject\",\"inLanguage\":\"de\",\"@id\":\"https:\/\/www.salzburgerland.com\/de\/scheibsta-wonach-sehnst-du-dich\/#primaryimage\",\"url\":\"https:\/\/www.salzburgerland.com\/de\/wp-content\/uploads\/2021\/06\/scheibsta-im-salzburger-marionettentheater.jpg\",\"contentUrl\":\"https:\/\/www.salzburgerland.com\/de\/wp-content\/uploads\/2021\/06\/scheibsta-im-salzburger-marionettentheater.jpg\",\"width\":1920,\"height\":1080,\"caption\":\"Ein Mann in Schwarz spricht mit einer farbenfrohen Puppe, mit Palmenrequisiten und einem blauen Hintergrund auf der B\u00fchne.\"},{\"@type\":\"BreadcrumbList\",\"@id\":\"https:\/\/www.salzburgerland.com\/de\/scheibsta-wonach-sehnst-du-dich\/#breadcrumb\",\"itemListElement\":[{\"@type\":\"ListItem\",\"position\":1,\"name\":\"SalzburgerLand Botschafter\",\"item\":\"https:\/\/www.salzburgerland.com\/de\/salzburgerland-botschafter\/\"},{\"@type\":\"ListItem\",\"position\":2,\"name\":\"Scheibsta, wonach sehnst du dich?\"}]},{\"@type\":\"WebSite\",\"@id\":\"https:\/\/www.salzburgerland.com\/de\/#website\",\"url\":\"https:\/\/www.salzburgerland.com\/de\/\",\"name\":\"SalzburgerLand.com\",\"description\":\"Ihr Urlaub in Salzburg, \u00d6sterreich\",\"publisher\":{\"@id\":\"https:\/\/www.salzburgerland.com\/de\/#organization\"},\"potentialAction\":[{\"@type\":\"SearchAction\",\"target\":{\"@type\":\"EntryPoint\",\"urlTemplate\":\"https:\/\/www.salzburgerland.com\/de\/?s={search_term_string}\"},\"query-input\":{\"@type\":\"PropertyValueSpecification\",\"valueRequired\":true,\"valueName\":\"search_term_string\"}}],\"inLanguage\":\"de\"},{\"@type\":\"Organization\",\"@id\":\"https:\/\/www.salzburgerland.com\/de\/#organization\",\"name\":\"SalzburgerLand Tourismus GmbH\",\"url\":\"https:\/\/www.salzburgerland.com\/de\/\",\"logo\":{\"@type\":\"ImageObject\",\"inLanguage\":\"de\",\"@id\":\"https:\/\/www.salzburgerland.com\/de\/#\/schema\/logo\/image\/\",\"url\":\"https:\/\/www.salzburgerland.com\/de\/wp-content\/uploads\/2017\/01\/salzburgerland-logo.jpg\",\"contentUrl\":\"https:\/\/www.salzburgerland.com\/de\/wp-content\/uploads\/2017\/01\/salzburgerland-logo.jpg\",\"width\":1920,\"height\":827,\"caption\":\"SalzburgerLand Tourismus GmbH\"},\"image\":{\"@id\":\"https:\/\/www.salzburgerland.com\/de\/#\/schema\/logo\/image\/\"},\"sameAs\":[\"https:\/\/www.facebook.com\/salzburgerland\/\",\"https:\/\/x.com\/Salzburgerland\",\"https:\/\/www.instagram.com\/salzburgerland\/\",\"http:\/\/dbpedia.org\/resource\/Salzburg_(state)\",\"http:\/\/wikidata.dbpedia.org\/resource\/Q43325\",\"http:\/\/open.salzburgerland.com\/de\/entity\/salzburgerland\",\"https:\/\/www.youtube.com\/user\/salzburgerland\"]},{\"@type\":\"Person\",\"@id\":\"https:\/\/www.salzburgerland.com\/de\/#\/schema\/person\/5e2487151f535fd7a40628d570ca94d3\",\"name\":\"Miriam Kreiseder\",\"image\":{\"@type\":\"ImageObject\",\"inLanguage\":\"de\",\"@id\":\"https:\/\/www.salzburgerland.com\/de\/#\/schema\/person\/image\/\",\"url\":\"https:\/\/secure.gravatar.com\/avatar\/c432f8977c6ef3b4ef5a56e4aae9e3515c8875144022177ab7fa4e8696a5b7cb?s=96&d=mm&r=g\",\"contentUrl\":\"https:\/\/secure.gravatar.com\/avatar\/c432f8977c6ef3b4ef5a56e4aae9e3515c8875144022177ab7fa4e8696a5b7cb?s=96&d=mm&r=g\",\"caption\":\"Miriam Kreiseder\"}}]}<\/script>\n<!-- \/ Yoast SEO Premium plugin. -->","yoast_head_json":{"title":"Scheibsta, wonach sehnst du dich? \u00bb SalzburgerLand.com","robots":{"index":"index","follow":"follow","max-snippet":"max-snippet:-1","max-image-preview":"max-image-preview:large","max-video-preview":"max-video-preview:-1"},"canonical":"https:\/\/www.salzburgerland.com\/de\/wp-json\/wp\/v2\/posts\/578620","og_locale":"de_DE","og_type":"article","og_title":"Scheibsta, wonach sehnst du dich?","og_description":"Laptop aus, Leben an! Der Salzburger Rapper Scheibsta liefert mit seinem Song \u201eDaf\u00fcr leben wir\u201c den Soundtrack f\u00fcr den Sommer 2021 im SalzburgerLand.","og_url":"https:\/\/www.salzburgerland.com\/de\/wp-json\/wp\/v2\/posts\/578620","og_site_name":"SalzburgerLand.com","article_publisher":"https:\/\/www.facebook.com\/salzburgerland\/","article_published_time":"2021-06-14T09:12:00+00:00","article_modified_time":"2021-06-15T07:35:51+00:00","og_image":[{"width":1200,"height":675,"url":"https:\/\/www.salzburgerland.com\/de\/wp-content\/uploads\/2021\/06\/scheibsta-im-salzburger-marionettentheater-1200x675.jpg","type":"image\/jpeg"}],"author":"Miriam Kreiseder","twitter_card":"summary_large_image","twitter_creator":"@Salzburgerland","twitter_site":"@Salzburgerland","twitter_misc":{"Verfasst von":"Miriam Kreiseder","Gesch\u00e4tzte Lesezeit":"4\u00a0Minuten"},"schema":{"@context":"https:\/\/schema.org","@graph":[{"@type":"WebPage","@id":"https:\/\/www.salzburgerland.com\/de\/scheibsta-wonach-sehnst-du-dich\/","url":"https:\/\/www.salzburgerland.com\/de\/scheibsta-wonach-sehnst-du-dich\/","name":"Scheibsta, wonach sehnst du dich? \u00bb SalzburgerLand.com","isPartOf":{"@id":"https:\/\/www.salzburgerland.com\/de\/#website"},"primaryImageOfPage":{"@id":"https:\/\/www.salzburgerland.com\/de\/scheibsta-wonach-sehnst-du-dich\/#primaryimage"},"image":{"@id":"https:\/\/www.salzburgerland.com\/de\/scheibsta-wonach-sehnst-du-dich\/#primaryimage"},"thumbnailUrl":"https:\/\/www.salzburgerland.com\/de\/wp-content\/uploads\/2021\/06\/scheibsta-im-salzburger-marionettentheater.jpg","datePublished":"2021-06-14T09:12:00+00:00","dateModified":"2021-06-15T07:35:51+00:00","description":"Laptop aus, Leben an! Der Salzburger Rapper Scheibsta liefert mit seinem Song \u201eDaf\u00fcr leben wir\u201c den Soundtrack f\u00fcr den Sommer 2021 im SalzburgerLand.","breadcrumb":{"@id":"https:\/\/www.salzburgerland.com\/de\/scheibsta-wonach-sehnst-du-dich\/#breadcrumb"},"inLanguage":"de","potentialAction":[{"@type":"ReadAction","target":["https:\/\/www.salzburgerland.com\/de\/scheibsta-wonach-sehnst-du-dich\/"]}]},{"@type":"ImageObject","inLanguage":"de","@id":"https:\/\/www.salzburgerland.com\/de\/scheibsta-wonach-sehnst-du-dich\/#primaryimage","url":"https:\/\/www.salzburgerland.com\/de\/wp-content\/uploads\/2021\/06\/scheibsta-im-salzburger-marionettentheater.jpg","contentUrl":"https:\/\/www.salzburgerland.com\/de\/wp-content\/uploads\/2021\/06\/scheibsta-im-salzburger-marionettentheater.jpg","width":1920,"height":1080,"caption":"Ein Mann in Schwarz spricht mit einer farbenfrohen Puppe, mit Palmenrequisiten und einem blauen Hintergrund auf der B\u00fchne."},{"@type":"BreadcrumbList","@id":"https:\/\/www.salzburgerland.com\/de\/scheibsta-wonach-sehnst-du-dich\/#breadcrumb","itemListElement":[{"@type":"ListItem","position":1,"name":"SalzburgerLand Botschafter","item":"https:\/\/www.salzburgerland.com\/de\/salzburgerland-botschafter\/"},{"@type":"ListItem","position":2,"name":"Scheibsta, wonach sehnst du dich?"}]},{"@type":"WebSite","@id":"https:\/\/www.salzburgerland.com\/de\/#website","url":"https:\/\/www.salzburgerland.com\/de\/","name":"SalzburgerLand.com","description":"Ihr Urlaub in Salzburg, \u00d6sterreich","publisher":{"@id":"https:\/\/www.salzburgerland.com\/de\/#organization"},"potentialAction":[{"@type":"SearchAction","target":{"@type":"EntryPoint","urlTemplate":"https:\/\/www.salzburgerland.com\/de\/?s={search_term_string}"},"query-input":{"@type":"PropertyValueSpecification","valueRequired":true,"valueName":"search_term_string"}}],"inLanguage":"de"},{"@type":"Organization","@id":"https:\/\/www.salzburgerland.com\/de\/#organization","name":"SalzburgerLand Tourismus GmbH","url":"https:\/\/www.salzburgerland.com\/de\/","logo":{"@type":"ImageObject","inLanguage":"de","@id":"https:\/\/www.salzburgerland.com\/de\/#\/schema\/logo\/image\/","url":"https:\/\/www.salzburgerland.com\/de\/wp-content\/uploads\/2017\/01\/salzburgerland-logo.jpg","contentUrl":"https:\/\/www.salzburgerland.com\/de\/wp-content\/uploads\/2017\/01\/salzburgerland-logo.jpg","width":1920,"height":827,"caption":"SalzburgerLand Tourismus GmbH"},"image":{"@id":"https:\/\/www.salzburgerland.com\/de\/#\/schema\/logo\/image\/"},"sameAs":["https:\/\/www.facebook.com\/salzburgerland\/","https:\/\/x.com\/Salzburgerland","https:\/\/www.instagram.com\/salzburgerland\/","http:\/\/dbpedia.org\/resource\/Salzburg_(state)","http:\/\/wikidata.dbpedia.org\/resource\/Q43325","http:\/\/open.salzburgerland.com\/de\/entity\/salzburgerland","https:\/\/www.youtube.com\/user\/salzburgerland"]},{"@type":"Person","@id":"https:\/\/www.salzburgerland.com\/de\/#\/schema\/person\/5e2487151f535fd7a40628d570ca94d3","name":"Miriam Kreiseder","image":{"@type":"ImageObject","inLanguage":"de","@id":"https:\/\/www.salzburgerland.com\/de\/#\/schema\/person\/image\/","url":"https:\/\/secure.gravatar.com\/avatar\/c432f8977c6ef3b4ef5a56e4aae9e3515c8875144022177ab7fa4e8696a5b7cb?s=96&d=mm&r=g","contentUrl":"https:\/\/secure.gravatar.com\/avatar\/c432f8977c6ef3b4ef5a56e4aae9e3515c8875144022177ab7fa4e8696a5b7cb?s=96&d=mm&r=g","caption":"Miriam Kreiseder"}}]}},"_wl_alt_label":[],"wl:entity_url":"http:\/\/open.salzburgerland.com\/de\/post\/scheibstas_sommer_hits","_links":{"self":[{"href":"https:\/\/www.salzburgerland.com\/de\/wp-json\/wp\/v2\/posts\/578620","targetHints":{"allow":["GET"]}}],"collection":[{"href":"https:\/\/www.salzburgerland.com\/de\/wp-json\/wp\/v2\/posts"}],"about":[{"href":"https:\/\/www.salzburgerland.com\/de\/wp-json\/wp\/v2\/types\/post"}],"author":[{"embeddable":true,"href":"https:\/\/www.salzburgerland.com\/de\/wp-json\/wp\/v2\/users\/57"}],"replies":[{"embeddable":true,"href":"https:\/\/www.salzburgerland.com\/de\/wp-json\/wp\/v2\/comments?post=578620"}],"version-history":[{"count":5,"href":"https:\/\/www.salzburgerland.com\/de\/wp-json\/wp\/v2\/posts\/578620\/revisions"}],"predecessor-version":[{"id":579816,"href":"https:\/\/www.salzburgerland.com\/de\/wp-json\/wp\/v2\/posts\/578620\/revisions\/579816"}],"wp:featuredmedia":[{"embeddable":true,"href":"https:\/\/www.salzburgerland.com\/de\/wp-json\/wp\/v2\/media\/579793"}],"wp:attachment":[{"href":"https:\/\/www.salzburgerland.com\/de\/wp-json\/wp\/v2\/media?parent=578620"}],"wp:term":[{"taxonomy":"category","embeddable":true,"href":"https:\/\/www.salzburgerland.com\/de\/wp-json\/wp\/v2\/categories?post=578620"},{"taxonomy":"post_tag","embeddable":true,"href":"https:\/\/www.salzburgerland.com\/de\/wp-json\/wp\/v2\/tags?post=578620"},{"taxonomy":"wl_entity_type","embeddable":true,"href":"https:\/\/www.salzburgerland.com\/de\/wp-json\/wp\/v2\/wl_entity_type?post=578620"}],"curies":[{"name":"wp","href":"https:\/\/api.w.org\/{rel}","templated":true}]}}