{"id":554513,"date":"2021-04-21T14:36:08","date_gmt":"2021-04-21T12:36:08","guid":{"rendered":"https:\/\/www.salzburgerland.com\/de\/?p=554513"},"modified":"2024-03-05T10:51:23","modified_gmt":"2024-03-05T09:51:23","slug":"10-gruende-warum-die-salzburgerland-card-euren-sommer-noch-besser-macht","status":"publish","type":"post","link":"https:\/\/www.salzburgerland.com\/de\/10-gruende-warum-die-salzburgerland-card-euren-sommer-noch-besser-macht\/","title":{"rendered":"10 Gr\u00fcnde, warum die SalzburgerLand Card euren Sommer noch besser macht"},"content":{"rendered":"<p><span>Das SalzburgerLand hat viele Gesichter und eigentlich bietet sich jedes f\u00fcr ein kleines Urlaubs-Highlight an. Badenixen erfrischen sich in den Seen oder in der Therme. F\u00fcr sportliche Abenteurer haben wir Klammen, Almwanderungen und ordentliche Bergtouren in petto. Kulturliebhabern spielt die Stadt Salzburg alle St\u00fccke. Und die, die sich gerne in der Vergangenheit aufhalten, was bietet das SalzburgerLand ihnen? Jede Menge Burgen, Museen und einen Hauch von damals, zum Beispiel bei einem Spaziergang durch die malerischen Gassen der Mozartstadt.\u00a0<\/span>Diese Vielfalt macht den Sommer im SalzburgerLand aus und all die damit verbundenen Gl\u00fccksmomente sind es, wof\u00fcr wir leben.<\/p>\n<h2>Die eine, die eine oder keine<\/h2>\n<p><span>All diese Erlebnisse sind mit der <\/span><a href=\"https:\/\/www.salzburgerland.com\/de\/salzburgerland-card\/\"><span>SalzburgerLand Card<\/span><\/a><span> im Sommer m\u00f6glich \u2013 und eigentlich ist nur eine einzige Entscheidung vorab zu treffen: N\u00e4mlich jene zwischen Stadterlebnis oder Landpartie. Ihr k\u00f6nnt die SalzburgerLand Card entweder im Rahmen eines 24-Stunden-Tages in der Stadt Salzburg inklusive aller Attraktionen oder f\u00fcr eine Fahrt auf der <a href=\"https:\/\/www.salzburgerland.com\/de\/grossglockner-hochalpenstrasse\/\">Gro\u00dfglockner Hochalpenstra\u00dfe<\/a> nutzen. Beides ist wahlweise in der SalzburgerLand Card integriert.<\/span><\/p>\n<p><span>Und dann kann es auch schon losgehen mit der Erkundungstour im SalzburgerLand. Inspiration gef\u00e4llig? <\/span><\/p>\n<h2>#1 Badetag im Salzburger Seenland \u2013 Strandbad Seeham<\/h2>\n<p>Mit einer 40 m langen Wasserrutsche, dem neuen und lustigen Aqua Jump, einem Kinderbecken, einem Beachvolleyballfeld, modernen Umkleidekabinen und Sanit\u00e4ranlagen, einem Caf\u00e9 und einer weitl\u00e4ufigen Liegewiese ist diese Attraktion am Seeufer ein wahres Wasserparadies. Seeham ist von m\u00e4rchenhaften H\u00fcgeln umgeben und liegt direkt am See. Die harmonische Symbiose von Natur, Kultur und Tradition ist hier allgegenw\u00e4rtig, und mit einem Anteil von \u00fcber 80 Prozent biologischer Landwirtschaft ist Seeham ein wahres Bio-Paradies. Badespa\u00df im Salzburger Seenland? Dann ab ins <a href=\"http:\/\/www.seeham-info.at\">Strandbad Seeham!\u00a0<\/a><\/p>\n\n\t\t\t<div id=\"554513-1\" class=\"gallery gallery-554513 gallery-columns-3 gallery-size-1170_658\" itemscope itemtype=\"http:\/\/schema.org\/ImageGallery\">\n\t\t\t\t<ul class=\"gallery-row gallery-col-3 gallery-clear\">\n\t\t\t\t\t<li class=\"gallery-item col-3\" itemprop=\"associatedMedia\" itemscope itemtype=\"http:\/\/schema.org\/ImageObject\">\n\t\t\t\t\t\t<div class=\"gallery-icon landscape\"><a href=\"https:\/\/www.salzburgerland.com\/de\/wp-content\/uploads\/2016\/11\/bioparadies_seeham-1920x1067.jpg\" title=\"BioParadies_Seeham\"><img decoding=\"async\" data-title=\"Willkommen in Seeham \u2013 \u00d6sterreichs erstem Bio-Dorf \u00a9 TVB Seeham\" title=\"Willkommen in Seeham \u2013 \u00d6sterreichs erstem Bio-Dorf \u00a9 TVB Seeham\" data-caption=\"Willkommen in Seeham \u2013 \u00d6sterreichs erstem Bio-Dorf \u00a9 TVB Seeham\" width=\"1170\" height=\"658\" src=\"https:\/\/www.salzburgerland.com\/de\/wp-content\/uploads\/2016\/11\/bioparadies_seeham-1170x658.jpg\" class=\"attachment-1170_658 size-1170_658\" alt=\"Ausblick auf die Trumer Seen (vergr\u00f6\u00dferte Ansicht)\" srcset=\"https:\/\/www.salzburgerland.com\/de\/wp-content\/uploads\/2016\/11\/bioparadies_seeham-1170x658.jpg 1170w, https:\/\/www.salzburgerland.com\/de\/wp-content\/uploads\/2016\/11\/bioparadies_seeham-1200x675.jpg 1200w\" sizes=\"(max-width: 1170px) 100vw, 1170px\" aria-describedby=\"figcaption-554513-87399\" itemprop=\"thumbnail\"><\/a><\/div>\n\t\t\t\t\t\t<span id=\"figcaption-554513-87399\" class=\"gallery-caption\" itemprop=\"caption\"><span aria-hidden=\"true\">Willkommen in Seeham \u2013 \u00d6sterreichs erstem Bio-Dorf \u00a9 TVB Seeham<\/span><\/span>\n\t\t\t\t\t<\/li>\n\t\t\t\t\t<li class=\"gallery-item col-3\" itemprop=\"associatedMedia\" itemscope itemtype=\"http:\/\/schema.org\/ImageObject\">\n\t\t\t\t\t\t<div class=\"gallery-icon landscape\"><a href=\"https:\/\/www.salzburgerland.com\/de\/wp-content\/uploads\/2016\/08\/salzburgerseenland_seeham_strandbad_regatta-1920x1067.jpg\" title=\"Strandbad Seeham\"><img decoding=\"async\" data-title=\"\u00a9 Hans Ziller - Strandbad Seeham\" title=\"\u00a9 Hans Ziller - Strandbad Seeham\" data-caption=\"\u00a9 Hans Ziller - Strandbad Seeham\" width=\"1170\" height=\"658\" src=\"https:\/\/www.salzburgerland.com\/de\/wp-content\/uploads\/2016\/08\/salzburgerseenland_seeham_strandbad_regatta-1170x658.jpg\" class=\"attachment-1170_658 size-1170_658\" alt=\"Zwei Frauen entspannen sich auf Handt\u00fcchern am Seehamer See, mit Segelbooten und H\u00fcgeln im Hintergrund. (vergr\u00f6\u00dferte Ansicht)\" aria-describedby=\"figcaption-554513-99346\" itemprop=\"thumbnail\"><\/a><\/div>\n\t\t\t\t\t\t<span id=\"figcaption-554513-99346\" class=\"gallery-caption\" itemprop=\"caption\"><span aria-hidden=\"true\">\u00a9 Hans Ziller \u2013 Strandbad Seeham<\/span><\/span>\n\t\t\t\t\t<\/li>\n\t\t\t\t\t<li class=\"gallery-item col-3\" itemprop=\"associatedMedia\" itemscope itemtype=\"http:\/\/schema.org\/ImageObject\">\n\t\t\t\t\t\t<div class=\"gallery-icon landscape\"><a href=\"https:\/\/www.salzburgerland.com\/de\/wp-content\/uploads\/2023\/08\/salzburgerseenland_mattsee_obertrumersee-cziller-1920x1067.jpg\" title=\"salzburgerseenland_mattsee_obertrumersee-cziller\"><img decoding=\"async\" data-title=\"\u00a9 Ziller - SalzburgerSeenland_Mattsee_Obertrumersee \" title=\"\u00a9 Ziller - SalzburgerSeenland_Mattsee_Obertrumersee \" data-caption=\"\u00a9 Ziller - SalzburgerSeenland_Mattsee_Obertrumersee \" width=\"1170\" height=\"658\" src=\"https:\/\/www.salzburgerland.com\/de\/wp-content\/uploads\/2023\/08\/salzburgerseenland_mattsee_obertrumersee-cziller-1170x658.jpg\" class=\"attachment-1170_658 size-1170_658\" alt=\"Luftaufnahme eines Sees mit einem kleinen Dorf, gr\u00fcnen H\u00fcgeln und einem klaren blauen Himmel im Hintergrund. (vergr\u00f6\u00dferte Ansicht)\" srcset=\"https:\/\/www.salzburgerland.com\/de\/wp-content\/uploads\/2023\/08\/salzburgerseenland_mattsee_obertrumersee-cziller-1170x658.jpg 1170w, https:\/\/www.salzburgerland.com\/de\/wp-content\/uploads\/2023\/08\/salzburgerseenland_mattsee_obertrumersee-cziller-1200x675.jpg 1200w\" sizes=\"(max-width: 1170px) 100vw, 1170px\" aria-describedby=\"figcaption-554513-664810\" itemprop=\"thumbnail\"><\/a><\/div>\n\t\t\t\t\t\t<span id=\"figcaption-554513-664810\" class=\"gallery-caption\" itemprop=\"caption\"><span aria-hidden=\"true\">\u00a9 Ziller \u2013 SalzburgerSeenland_Mattsee_Obertrumersee <\/span><\/span>\n\t\t\t\t\t<\/li>\n\t\t\t\t<\/ul>\n\t\t\t<\/div><!-- .gallery -->\n\n<p><strong>Freier Eintritt, sooft ihr wollt, mit der SalzburgerLand Card<\/strong><\/p>\n<p>\u00a0<\/p>\n<p>\u00a0<\/p>\n<h2>#2 Sich mit allen Wassern waschen \u2013 im Thermalwasser-Badesee planschen<\/h2>\n<p>Bali oder die Malediven, wer braucht das schon? Warmes, strahlend blaues Wasser gibt es auch im SalzburgerLand an vielen Ecken. Unser Tipp: Fahrt ins Gasteinertal! Dort findet ihr \u00d6sterreichs erste Thermalwasser-Badeseen, angelegt wie zwei Lagunen in der Alpentherme Bad Hofgastein. \u201cThermalwasser-See\u201d klingt erstmal komisch, ist es aber nicht. So einer entsteht dann, wenn man der Natur einfach freien Lauf l\u00e4sst: Hier werden t\u00e4glich 150 m\u00b3 frisches Thermalwasser aus den Hohen Tauern in die beiden Seen gesp\u00fclt. Schwimmer und Stand Up Paddler (ja, auch das ist m\u00f6glich) m\u00f6gen die Gasteiner Lagune \u2013 nicht zuletzt, weil Bad Hofgastein schnell und unkompliziert mit dem Zug von Salzburg aus erreichbar ist. <a href=\"https:\/\/www.salzburgerland.com\/de\/alpentherme\/\">Ihr wollt euch ein Bild von den Badeseen machen? Hier geht es zur Alpentherme Gastein<\/a>.<\/p>\n<p><strong>Einmalig freier Eintritt (4 Stunden) mit der SalzburgerLand Card<\/strong><\/p>\n\n\t\t\t<div id=\"554513-2\" class=\"gallery gallery-554513 gallery-columns-3 gallery-size-1170_658\" itemscope itemtype=\"http:\/\/schema.org\/ImageGallery\">\n\t\t\t\t<ul class=\"gallery-row gallery-col-3 gallery-clear\">\n\t\t\t\t\t<li class=\"gallery-item col-3\" itemprop=\"associatedMedia\" itemscope itemtype=\"http:\/\/schema.org\/ImageObject\">\n\t\t\t\t\t\t<div class=\"gallery-icon landscape\"><a href=\"https:\/\/www.salzburgerland.com\/de\/wp-content\/uploads\/2018\/01\/seen_sup1-1920x1067.jpg\" title=\"Alpentherme Gastein Thermalwasser-Badeseen\"><img decoding=\"async\" data-title=\"@ Foto Atelier Gerhard Wolkersdorfer, Alpentherme Gastein Thermalwasser-Badeseen\" title=\"@ Foto Atelier Gerhard Wolkersdorfer, Alpentherme Gastein Thermalwasser-Badeseen\" data-caption=\"@ Foto Atelier Gerhard Wolkersdorfer, Alpentherme Gastein Thermalwasser-Badeseen\" width=\"1170\" height=\"658\" src=\"https:\/\/www.salzburgerland.com\/de\/wp-content\/uploads\/2018\/01\/seen_sup1-1170x658.jpg\" class=\"attachment-1170_658 size-1170_658\" alt=\"Frau am SUP-Board auf Thermalwasser-Badesee (vergr\u00f6\u00dferte Ansicht)\" srcset=\"https:\/\/www.salzburgerland.com\/de\/wp-content\/uploads\/2018\/01\/seen_sup1-1170x658.jpg 1170w, https:\/\/www.salzburgerland.com\/de\/wp-content\/uploads\/2018\/01\/seen_sup1-1200x675.jpg 1200w\" sizes=\"(max-width: 1170px) 100vw, 1170px\" aria-describedby=\"figcaption-554513-212334\" itemprop=\"thumbnail\"><\/a><\/div>\n\t\t\t\t\t\t<span id=\"figcaption-554513-212334\" class=\"gallery-caption\" itemprop=\"caption\"><span aria-hidden=\"true\">@ Foto Atelier Gerhard Wolkersdorfer, Alpentherme Gastein Thermalwasser-Badeseen<\/span><\/span>\n\t\t\t\t\t<\/li>\n\t\t\t\t\t<li class=\"gallery-item col-3\" itemprop=\"associatedMedia\" itemscope itemtype=\"http:\/\/schema.org\/ImageObject\">\n\t\t\t\t\t\t<div class=\"gallery-icon landscape\"><a href=\"https:\/\/www.salzburgerland.com\/de\/wp-content\/uploads\/2017\/06\/kleinesee-1920x1067.jpg\" title=\"Thermensee Alpentherme Gastein\"><img decoding=\"async\" data-title=\"@ Alpentherme Gastein, Wolkersdorf\" title=\"@ Alpentherme Gastein, Wolkersdorf\" data-caption=\"@ Alpentherme Gastein, Wolkersdorf\" width=\"1170\" height=\"658\" src=\"https:\/\/www.salzburgerland.com\/de\/wp-content\/uploads\/2017\/06\/kleinesee-1170x658.jpg\" class=\"attachment-1170_658 size-1170_658\" alt=\"Ein runder Au\u00dfenpool mit Liegest\u00fchlen, gr\u00fcne B\u00e4ume und Berge - Ihr Thermalwasser Badeseen erwartet Sie. (vergr\u00f6\u00dferte Ansicht)\" aria-describedby=\"figcaption-554513-165607\" itemprop=\"thumbnail\"><\/a><\/div>\n\t\t\t\t\t\t<span id=\"figcaption-554513-165607\" class=\"gallery-caption\" itemprop=\"caption\"><span aria-hidden=\"true\">@ Alpentherme Gastein, Wolkersdorf<\/span><\/span>\n\t\t\t\t\t<\/li>\n\t\t\t\t\t<li class=\"gallery-item col-3\" itemprop=\"associatedMedia\" itemscope itemtype=\"http:\/\/schema.org\/ImageObject\">\n\t\t\t\t\t\t<div class=\"gallery-icon landscape\"><a href=\"https:\/\/www.salzburgerland.com\/de\/wp-content\/uploads\/2017\/06\/wolkenstimmungtherme-1920x1067.jpg\" title=\"WolkenstimmungTherme\"><img decoding=\"async\" data-title=\"@Alpentherme Gastein, Wolkersdorf\" title=\"@Alpentherme Gastein, Wolkersdorf\" data-caption=\"@Alpentherme Gastein, Wolkersdorf\" width=\"1170\" height=\"658\" src=\"https:\/\/www.salzburgerland.com\/de\/wp-content\/uploads\/2017\/06\/wolkenstimmungtherme-1170x658.jpg\" class=\"attachment-1170_658 size-1170_658\" alt=\"Au\u00dfenpool mit gelben Sonnenschirmen, Liegest\u00fchlen und Bergkulisse bei den malerischen Thermalwasser-Badeseen. (vergr\u00f6\u00dferte Ansicht)\" aria-describedby=\"figcaption-554513-165610\" itemprop=\"thumbnail\"><\/a><\/div>\n\t\t\t\t\t\t<span id=\"figcaption-554513-165610\" class=\"gallery-caption\" itemprop=\"caption\"><span aria-hidden=\"true\">@Alpentherme Gastein, Wolkersdorf<\/span><\/span>\n\t\t\t\t\t<\/li>\n\t\t\t\t<\/ul>\n\t\t\t<\/div><!-- .gallery -->\n\n<h2>\u00a0#3 Ab in die Eiszeit \u2013 in der Klamm Abk\u00fchlung suchen<\/h2>\n<p>Seen und Thermen habt ihr erlebt, aber vielleicht k\u00f6nnen wir euch auch noch mit einer anderen Wasser-Variante \u00fcberraschen? Das SalzburgerLand ist die Heimat beeindruckender Klammen, die vielerorts f\u00fcr einen k\u00fchlen Kopf sorgen. Vor allem im Salzburger Saalachtal lohnt sich ein Abstecher in die Seisenbergklamm, alleine schon wegen der 12.000 Jahre, die sie gebraucht hat, um sich ihren Weg durch den harten Kalkstein zu graben. Dinosaurier und Mammuts findet man hier zwar nicht, daf\u00fcr eine hohe Luftfeuchtigkeit und besondere Pflanzen, die dem Trip einen Hauch Dschungel-Feeling verleihen. Aber Obacht vor dem Klammgeist, der zwischen engen Felsw\u00e4nden und tosendem Wasser lauert. Falls ihr ihm begegnet, braucht ihr euch keine Sorgen zu machen: Er meint es gut mit euch und zeigt euch an mehreren Stationen Wissenswertes \u00fcber Natur und Umwelt. <a href=\"https:\/\/www.salzburgerland.com\/de\/magazin\/wilde-wasser-in-der-seisenbergklamm\/\" target=\"_blank\" rel=\"noopener\">Ihr wollt der Sommerhitze entkommen? Dann ab mit euch in die Seisenbergklamm<\/a>!<\/p>\n<p><strong>Freier Eintritt, sooft ihr wollt, mit der SalzburgerLand Card<\/strong><\/p>\n<div id=\"attachment_554515\" style=\"width: 1180px\" class=\"wp-caption alignnone\"><img decoding=\"async\" aria-describedby=\"caption-attachment-554515\" class=\"size-1170_658 wp-image-554515\" src=\"https:\/\/cdn.salzburgerland.com\/de\/wp-content\/uploads\/2021\/04\/rs3732_slt_saalachtal_seisenbergklamm_litzlalm_chrisperkles-1-lpr2-1170x658.jpg\" alt=\"\" width=\"1170\" height=\"658\" srcset=\"https:\/\/www.salzburgerland.com\/de\/wp-content\/uploads\/2021\/04\/rs3732_slt_saalachtal_seisenbergklamm_litzlalm_chrisperkles-1-lpr2-1170x658.jpg 1170w, https:\/\/www.salzburgerland.com\/de\/wp-content\/uploads\/2021\/04\/rs3732_slt_saalachtal_seisenbergklamm_litzlalm_chrisperkles-1-lpr2-768x432.jpg 768w, https:\/\/www.salzburgerland.com\/de\/wp-content\/uploads\/2021\/04\/rs3732_slt_saalachtal_seisenbergklamm_litzlalm_chrisperkles-1-lpr2-1536x864.jpg 1536w, https:\/\/www.salzburgerland.com\/de\/wp-content\/uploads\/2021\/04\/rs3732_slt_saalachtal_seisenbergklamm_litzlalm_chrisperkles-1-lpr2-150x84.jpg 150w, https:\/\/www.salzburgerland.com\/de\/wp-content\/uploads\/2021\/04\/rs3732_slt_saalachtal_seisenbergklamm_litzlalm_chrisperkles-1-lpr2-1200x675.jpg 1200w, https:\/\/www.salzburgerland.com\/de\/wp-content\/uploads\/2021\/04\/rs3732_slt_saalachtal_seisenbergklamm_litzlalm_chrisperkles-1-lpr2.jpg 1920w\" sizes=\"(max-width: 1170px) 100vw, 1170px\"><p id=\"caption-attachment-554515\" class=\"wp-caption-text\">\u00a9 SalzburgerLand Tourismus, Chris Perkles \u2013 Die Seisenbergklamm im Salzburger Saalachtal<\/p><\/div>\n<h2>#4 Von Fossilien und Forschern \u2013 auf den Spuren der Neandertaler<\/h2>\n<p>K\u00f6nnten die Felsen in der Gollinger Salzachklamm sprechen, h\u00e4tten sie mindestens so viele spannende Geschichten auf Lager. Denn \u00e4hnlich wie die Seisenbergklamm wurden auch sie vor vielen tausenden Jahren aus den Felsen gesp\u00fclt. Irgendwie erstaunlich, dass an diesem Ort vor 400.000 Jahren Neandertaler in H\u00f6hlen gelebt haben. Oder dass man bei einer Tour durch die Salzachklamm durchaus auch 200 Millionen Jahre alte Fossilien in H\u00e4nden halten kann. Wer die Schlucht erkunden m\u00f6chte, kann das im Rahmen einer gef\u00fchrten Tour mit einer Prise Abenteuer machen und trotzdem aus sicherer Distanz die tosende Wasserkraft bestaunen. <a href=\"https:\/\/www.salzburgerland.com\/de\/magazin\/erlebnisschlucht-salzachoefen\/\" target=\"_blank\" rel=\"noopener\">Einen Gusto auf die wildromantische Salzachklamm k\u00f6nnt ihr euch hier holen<\/a>.<\/p>\n<p><strong>Freier Eintritt, sooft ihr wollt, mit der SalzburgerLand Card<\/strong><\/p>\n<div id=\"attachment_558834\" style=\"width: 1180px\" class=\"wp-caption alignnone\"><img decoding=\"async\" aria-describedby=\"caption-attachment-558834\" class=\"size-1170_658 wp-image-558834\" src=\"https:\/\/cdn.salzburgerland.com\/de\/wp-content\/uploads\/2021\/04\/salzachklamm_1tvb_golling-1170x658.jpg\" alt=\"Salzachklamm\" width=\"1170\" height=\"658\" srcset=\"https:\/\/www.salzburgerland.com\/de\/wp-content\/uploads\/2021\/04\/salzachklamm_1tvb_golling-1170x658.jpg 1170w, https:\/\/www.salzburgerland.com\/de\/wp-content\/uploads\/2021\/04\/salzachklamm_1tvb_golling-768x432.jpg 768w, https:\/\/www.salzburgerland.com\/de\/wp-content\/uploads\/2021\/04\/salzachklamm_1tvb_golling-1536x864.jpg 1536w, https:\/\/www.salzburgerland.com\/de\/wp-content\/uploads\/2021\/04\/salzachklamm_1tvb_golling-150x84.jpg 150w, https:\/\/www.salzburgerland.com\/de\/wp-content\/uploads\/2021\/04\/salzachklamm_1tvb_golling-1200x675.jpg 1200w, https:\/\/www.salzburgerland.com\/de\/wp-content\/uploads\/2021\/04\/salzachklamm_1tvb_golling.jpg 1920w\" sizes=\"(max-width: 1170px) 100vw, 1170px\"><p id=\"caption-attachment-558834\" class=\"wp-caption-text\">\u00a9 TVB Golling \u2013 Die wildromantische Salzachklamm<\/p><\/div>\n<h2>#5 Bunte Mineralien und ganz viel Kupfer \u2013 rein ins Schaubergwerk Kupferzeche H\u00fcttau!<\/h2>\n<p>Von rauen Schluchten gehen wir jetzt einen Schritt weiter \u2013 und zwar direkt ins Innere eines Berges. Von au\u00dfen wirkt das Schaubergwerk Kupferzeche in H\u00fcttau zugegeben etwas unscheinbar, aber lasst euch nicht t\u00e4uschen. Ein kleiner Eingang aus Holzpfl\u00f6cken f\u00fchrt direkt in den Georg-Stollen. Hier wird\u2019s eng und schlie\u00dflich finster. Naja, fast. Im Inneren des Schaubergwerkes angekommen, ist nat\u00fcrlich f\u00fcr entsprechende Beleuchtung gesorgt. Sie l\u00e4sst uns die tropfenden H\u00f6hlen und bunten Mineralien erkennen und ermutigt dazu, auf Holztreppen immer tiefer ins Innere des Berges vorzudringen. Eure Platzangst solltet ihr hier \u00fcbrigens ablegen \u2013 daf\u00fcr erwarten euch einige Highlights, wie die h\u00f6lzerne Erzrutsche und der \u201eErsoffene Gesenk\u201c, der tiefste Punkt im Berg. <a href=\"https:\/\/www.salzburgerland.com\/de\/huettau-niedernfritz\/\">Was es rund um das Schaubergwerk noch zu entdecken gibt, erfahrt ihr hier<\/a>.<\/p>\n<p><strong>Freier Eintritt, sooft ihr wollt, mit der SalzburgerLand Card<\/strong><\/p>\n\n\t\t\t<div id=\"554513-3\" class=\"gallery gallery-554513 gallery-columns-3 gallery-size-1170_658\" itemscope itemtype=\"http:\/\/schema.org\/ImageGallery\">\n\t\t\t\t<ul class=\"gallery-row gallery-col-3 gallery-clear\">\n\t\t\t\t\t<li class=\"gallery-item col-3\" itemprop=\"associatedMedia\" itemscope itemtype=\"http:\/\/schema.org\/ImageObject\">\n\t\t\t\t\t\t<div class=\"gallery-icon landscape\"><a href=\"https:\/\/www.salzburgerland.com\/de\/wp-content\/uploads\/2021\/04\/c-kupferzeche-huette_harald-boerner--1920x1067.jpg\" title=\"(c) Kupferzeche H\u00fctte_Harald B\u00f6rner (\"><img decoding=\"async\" data-title=\"(c) Harald B\u00f6rner - Kupferzeche H\u00fcttau\" title=\"(c) Harald B\u00f6rner - Kupferzeche H\u00fcttau\" data-caption=\"(c) Harald B\u00f6rner - Kupferzeche H\u00fcttau\" width=\"1170\" height=\"658\" src=\"https:\/\/www.salzburgerland.com\/de\/wp-content\/uploads\/2021\/04\/c-kupferzeche-huette_harald-boerner--1170x658.jpg\" class=\"attachment-1170_658 size-1170_658\" alt=\"Holztreppen f\u00fchren durch das d\u00fcstere, felsige Innere einer unterirdischen H\u00f6hle oder eines Bergwerkstollens nach oben. (vergr\u00f6\u00dferte Ansicht)\" srcset=\"https:\/\/www.salzburgerland.com\/de\/wp-content\/uploads\/2021\/04\/c-kupferzeche-huette_harald-boerner--1170x658.jpg 1170w, https:\/\/www.salzburgerland.com\/de\/wp-content\/uploads\/2021\/04\/c-kupferzeche-huette_harald-boerner--768x432.jpg 768w, https:\/\/www.salzburgerland.com\/de\/wp-content\/uploads\/2021\/04\/c-kupferzeche-huette_harald-boerner--1536x864.jpg 1536w, https:\/\/www.salzburgerland.com\/de\/wp-content\/uploads\/2021\/04\/c-kupferzeche-huette_harald-boerner--150x84.jpg 150w, https:\/\/www.salzburgerland.com\/de\/wp-content\/uploads\/2021\/04\/c-kupferzeche-huette_harald-boerner--1200x675.jpg 1200w, https:\/\/www.salzburgerland.com\/de\/wp-content\/uploads\/2021\/04\/c-kupferzeche-huette_harald-boerner-.jpg 1920w\" sizes=\"(max-width: 1170px) 100vw, 1170px\" aria-describedby=\"figcaption-554513-555585\" itemprop=\"thumbnail\"><\/a><\/div>\n\t\t\t\t\t\t<span id=\"figcaption-554513-555585\" class=\"gallery-caption\" itemprop=\"caption\"><span aria-hidden=\"true\">(c) Harald B\u00f6rner \u2013 Kupferzeche H\u00fcttau<\/span><\/span>\n\t\t\t\t\t<\/li>\n\t\t\t\t\t<li class=\"gallery-item col-3\" itemprop=\"associatedMedia\" itemscope itemtype=\"http:\/\/schema.org\/ImageObject\">\n\t\t\t\t\t\t<div class=\"gallery-icon landscape\"><a href=\"https:\/\/www.salzburgerland.com\/de\/wp-content\/uploads\/2021\/04\/c-kupferzeche-huette_harald-boerner-3-1920x1067.jpg\" title=\"(c) Kupferzeche H\u00fctte_Harald B\u00f6rner ( (3)\"><img decoding=\"async\" data-title=\"(c) Harald B\u00f6rner - Kupferzeche H\u00fcttau\" title=\"(c) Harald B\u00f6rner - Kupferzeche H\u00fcttau\" data-caption=\"(c) Harald B\u00f6rner - Kupferzeche H\u00fcttau\" width=\"1170\" height=\"658\" src=\"https:\/\/www.salzburgerland.com\/de\/wp-content\/uploads\/2021\/04\/c-kupferzeche-huette_harald-boerner-3-1170x658.jpg\" class=\"attachment-1170_658 size-1170_658\" alt=\"Nahaufnahme von Wassertropfen, die am Rand einer rauen, wei\u00dfen Kalksteinh\u00f6hle h\u00e4ngen. (vergr\u00f6\u00dferte Ansicht)\" srcset=\"https:\/\/www.salzburgerland.com\/de\/wp-content\/uploads\/2021\/04\/c-kupferzeche-huette_harald-boerner-3-1170x658.jpg 1170w, https:\/\/www.salzburgerland.com\/de\/wp-content\/uploads\/2021\/04\/c-kupferzeche-huette_harald-boerner-3-768x432.jpg 768w, https:\/\/www.salzburgerland.com\/de\/wp-content\/uploads\/2021\/04\/c-kupferzeche-huette_harald-boerner-3-1536x864.jpg 1536w, https:\/\/www.salzburgerland.com\/de\/wp-content\/uploads\/2021\/04\/c-kupferzeche-huette_harald-boerner-3-150x84.jpg 150w, https:\/\/www.salzburgerland.com\/de\/wp-content\/uploads\/2021\/04\/c-kupferzeche-huette_harald-boerner-3-1200x675.jpg 1200w, https:\/\/www.salzburgerland.com\/de\/wp-content\/uploads\/2021\/04\/c-kupferzeche-huette_harald-boerner-3.jpg 1920w\" sizes=\"(max-width: 1170px) 100vw, 1170px\" aria-describedby=\"figcaption-554513-555584\" itemprop=\"thumbnail\"><\/a><\/div>\n\t\t\t\t\t\t<span id=\"figcaption-554513-555584\" class=\"gallery-caption\" itemprop=\"caption\"><span aria-hidden=\"true\">(c) Harald B\u00f6rner \u2013 Kupferzeche H\u00fcttau<\/span><\/span>\n\t\t\t\t\t<\/li>\n\t\t\t\t\t<li class=\"gallery-item col-3\" itemprop=\"associatedMedia\" itemscope itemtype=\"http:\/\/schema.org\/ImageObject\">\n\t\t\t\t\t\t<div class=\"gallery-icon landscape\"><a href=\"https:\/\/www.salzburgerland.com\/de\/wp-content\/uploads\/2021\/04\/c-kupferzeche-huette_harald-boerner-1-1920x1067.jpg\" title=\"(c) Kupferzeche H\u00fctte_Harald B\u00f6rner (1)\"><img decoding=\"async\" data-title=\"(c) Harald B\u00f6rner - Kupferzeche H\u00fcttau\" title=\"(c) Harald B\u00f6rner - Kupferzeche H\u00fcttau\" data-caption=\"(c) Harald B\u00f6rner - Kupferzeche H\u00fcttau\" width=\"1170\" height=\"658\" src=\"https:\/\/www.salzburgerland.com\/de\/wp-content\/uploads\/2021\/04\/c-kupferzeche-huette_harald-boerner-1-1170x658.jpg\" class=\"attachment-1170_658 size-1170_658\" alt=\"Eine verwitterte Statue der Jungfrau Maria steht in einer felsigen, schwach beleuchteten H\u00f6hle. (vergr\u00f6\u00dferte Ansicht)\" srcset=\"https:\/\/www.salzburgerland.com\/de\/wp-content\/uploads\/2021\/04\/c-kupferzeche-huette_harald-boerner-1-1170x658.jpg 1170w, https:\/\/www.salzburgerland.com\/de\/wp-content\/uploads\/2021\/04\/c-kupferzeche-huette_harald-boerner-1-768x432.jpg 768w, https:\/\/www.salzburgerland.com\/de\/wp-content\/uploads\/2021\/04\/c-kupferzeche-huette_harald-boerner-1-1536x864.jpg 1536w, https:\/\/www.salzburgerland.com\/de\/wp-content\/uploads\/2021\/04\/c-kupferzeche-huette_harald-boerner-1-150x84.jpg 150w, https:\/\/www.salzburgerland.com\/de\/wp-content\/uploads\/2021\/04\/c-kupferzeche-huette_harald-boerner-1-1200x675.jpg 1200w, https:\/\/www.salzburgerland.com\/de\/wp-content\/uploads\/2021\/04\/c-kupferzeche-huette_harald-boerner-1.jpg 1920w\" sizes=\"(max-width: 1170px) 100vw, 1170px\" aria-describedby=\"figcaption-554513-555583\" itemprop=\"thumbnail\"><\/a><\/div>\n\t\t\t\t\t\t<span id=\"figcaption-554513-555583\" class=\"gallery-caption\" itemprop=\"caption\"><span aria-hidden=\"true\">(c) Harald B\u00f6rner \u2013 Kupferzeche H\u00fcttau<\/span><\/span>\n\t\t\t\t\t<\/li>\n\t\t\t\t<\/ul>\n\t\t\t<\/div><!-- .gallery -->\n\n<h2>#6 Einen Sinneswandel erleben \u2013 den Berg der Sinne in Leogang aufsuchen<\/h2>\n<p><span>Vom Inneren des Berges geht es jetzt hoch hinauf, fast zum Berggipfel. Wir reden vom Leoganger Asitz, den ihr gem\u00fctlich mit den Bergbahnen erreicht. Oben angekommen, merkt ihr gleich, warum der Asitz seinem Beinamen \u201cBerg der Sinne\u201d mehr als gerecht wird. Das Naturkino mit seinen Holzliegen und H\u00e4ngematten setzt das Steinerne Meer und die Leoganger Steinberge so sch\u00f6n in Szene, dass ihr euch daran garantiert nicht satt SEHEN k\u00f6nnt. Vielleicht hat sich in der Zwischenzeit auch der Duft von Kr\u00e4utern in eure Nase geschlichen? Wenn nicht, k\u00f6nnt ihr ihn auf dem Kr\u00e4uter- und Alpenpflanzenweg RIECHEN und euch von den Aromen befl\u00fcgeln lassen. *Gooong* \u2013 was war denn das? Wahrscheinlich eine Klangschale, die T\u00f6ne nicht nur H\u00d6R-, sondern auch sp\u00fcrbar macht. Oder die Klangrodelbahn, bei der Glocken und Tonfiguren w\u00e4hrend des Rodelns aktiviert werden. Gekitzelt werdet ihr am Barfu\u00dfweg, den ihr mit geschlossenen Augen durchwandert und der eure TASTsinne aktiviert. Und nat\u00fcrlich gibt es am Asitz auch etwas f\u00fcr den GESCHMACKssinn. N\u00e4mlich ein Fladenbrot, das ihr selbst backen k\u00f6nnt. <\/span><a href=\"https:\/\/www.salzburgerland.com\/de\/leogang-asitz\/\"><span>Also, worauf wartet ihr noch? Ab auf den Asitz<\/span><\/a><span>!<\/span><\/p>\n<p><strong>Einmalig freie Berg- und Talfahrt mit der SalzburgerLand Card<\/strong><\/p>\n<div id=\"attachment_554529\" style=\"width: 1180px\" class=\"wp-caption alignnone\"><img decoding=\"async\" aria-describedby=\"caption-attachment-554529\" class=\"size-1170_658 wp-image-554529\" src=\"https:\/\/cdn.salzburgerland.com\/de\/wp-content\/uploads\/2021\/04\/rs3725_slt_saalfelden_leogang_saalachtalerhoehenweg_chrisperkles-9-scr-1170x658.jpg\" alt=\"Naturkino am Asitz\" width=\"1170\" height=\"658\" srcset=\"https:\/\/www.salzburgerland.com\/de\/wp-content\/uploads\/2021\/04\/rs3725_slt_saalfelden_leogang_saalachtalerhoehenweg_chrisperkles-9-scr-1170x658.jpg 1170w, https:\/\/www.salzburgerland.com\/de\/wp-content\/uploads\/2021\/04\/rs3725_slt_saalfelden_leogang_saalachtalerhoehenweg_chrisperkles-9-scr-768x432.jpg 768w, https:\/\/www.salzburgerland.com\/de\/wp-content\/uploads\/2021\/04\/rs3725_slt_saalfelden_leogang_saalachtalerhoehenweg_chrisperkles-9-scr-1536x864.jpg 1536w, https:\/\/www.salzburgerland.com\/de\/wp-content\/uploads\/2021\/04\/rs3725_slt_saalfelden_leogang_saalachtalerhoehenweg_chrisperkles-9-scr-150x84.jpg 150w, https:\/\/www.salzburgerland.com\/de\/wp-content\/uploads\/2021\/04\/rs3725_slt_saalfelden_leogang_saalachtalerhoehenweg_chrisperkles-9-scr-1200x675.jpg 1200w, https:\/\/www.salzburgerland.com\/de\/wp-content\/uploads\/2021\/04\/rs3725_slt_saalfelden_leogang_saalachtalerhoehenweg_chrisperkles-9-scr.jpg 1920w\" sizes=\"(max-width: 1170px) 100vw, 1170px\"><p id=\"caption-attachment-554529\" class=\"wp-caption-text\">\u00a9 SalzburgerLand Tourismus, Chris Perkles \u2013 Naturkino am Asitz<\/p><\/div>\n<h2>#7 Nationalparkzentrum Mittersill \u2013 ins gr\u00f6\u00dfte Schutzgebiet der Alpen eintauchen<\/h2>\n<p>So vielf\u00e4ltig wie am Berg der Sinne geht es auch im Nationalparkzentrum Mittersill zu. Wie sieht es wohl in einem Murmeltierbau aus? Was passiert mit Gletschern, wenn man am Rad der Zeit dreht? Und wie sieht die Landschaft aus der Perspektive eines Adlers aus? Diese und mehr Fragen werden euch bei einem Besuch im Nationalparkzentrum beantwortet. Hier geben zehn Erlebnisstationen, vom Almleben bis zum Lawinen-Dom, einen Ein- und \u00dcberblick \u00fcber die vielf\u00e4ltige Fauna und Flora im Nationalpark Hohe Tauern. Eines der Highlights ist mit Sicherheit die 360-Grad-Panoramawelt mit rund 16 Metern Durchmesser, in der man dank modernster Projektionstechnik in neue Sph\u00e4ren eintauchen kann. <a href=\"https:\/\/www.salzburgerland.com\/de\/magazin\/zu-besuch-im-nationalparkzentrum-mittersill\/\" target=\"_blank\" rel=\"noopener\">Wie das Ganze vor Ort aussieht? Hier gibt es einen kleinen Einblick<\/a>.<\/p>\n<p><strong>Freier Eintritt, sooft ihr wollt, mit der SalzburgerLand Card<\/strong><\/p>\n<p><iframe title=\"Nationalparkzentrum Hohe Tauern\" width=\"500\" height=\"281\" src=\"https:\/\/www.youtube-nocookie.com\/embed\/8r40THdolEE?feature=oembed&amp;rel=0&amp;modestbranding=1\" frameborder=\"0\" allow=\"accelerometer; autoplay; clipboard-write; encrypted-media; gyroscope; picture-in-picture; web-share\" referrerpolicy=\"strict-origin-when-cross-origin\" allowfullscreen><\/iframe><\/p>\n<h2>#8 Oldtimer schauen \u2013 eine nostalgische Zeitreise ins Oldtimer Museum Kaprun machen<\/h2>\n<p>Ein Museum der etwas anderen Art wartet in Zell am See-Kaprun auf euch. Statt Fossilien oder sakralen Sch\u00e4tzen findet man hier rollende Zeitzeugen, also Oldtimer-Fahrzeuge. Ausgestellt werden die etwa 200 Exponate von Helmuth V\u00f6tter, der schon als Jugendlicher Motoren zerlegte, um dann wieder fahrt\u00fcchtige Fahrzeuge zu bauen. Bis ihn schlie\u00dflich die Sammelleidenschaft packte. Sein erstes Sammelst\u00fcck, eine BMW Isetta, findet ihr genauso im <a href=\"https:\/\/www.oldtimer-museum.at\/\" target=\"_blank\" rel=\"noopener\">Oldtimer Museum Kaprun<\/a>, wie andere Autos, Motorr\u00e4der und Traktoren der 50er- bis 70er-Jahre und \u00e4lter. Und auch wenn ihr euch mit der Materie nicht so gut auskennt, werden euch Rarit\u00e4ten wie das gr\u00f6\u00dfte Cabrio der Welt (mit 23 Sitzpl\u00e4tzen), ein Fallschirmauto oder der Original Waggon Nr. 4 vom Wiener Riesenrad mit offenen M\u00fcndern zur\u00fccklassen.<\/p>\n<p><strong>Freier Eintritt, sooft ihr wollt, mit der SalzburgerLand Card<\/strong><\/p>\n\n\t\t\t<div id=\"554513-4\" class=\"gallery gallery-554513 gallery-columns-3 gallery-size-1170_658\" itemscope itemtype=\"http:\/\/schema.org\/ImageGallery\">\n\t\t\t\t<ul class=\"gallery-row gallery-col-3 gallery-clear\">\n\t\t\t\t\t<li class=\"gallery-item col-3\" itemprop=\"associatedMedia\" itemscope itemtype=\"http:\/\/schema.org\/ImageObject\">\n\t\t\t\t\t\t<div class=\"gallery-icon landscape\"><a href=\"https:\/\/www.salzburgerland.com\/de\/wp-content\/uploads\/2021\/04\/voetters-oldtimermuseumc-verwoehnhotel-voetters-sportkristall-gmbh-7-1920x1067.jpg\" title=\"V\u00f6tters Oldtimermuseum(c) Verw\u00f6hnhotel V\u00f6tter\u2019s Sportkristall GmbH (7)\"><img decoding=\"async\" data-title=\"(c) Verw\u00f6hnhotel V\u00f6tter\u2019s Sportkristall GmbH - V\u00f6tter's Oldtimermuseum\" title=\"(c) Verw\u00f6hnhotel V\u00f6tter\u2019s Sportkristall GmbH - V\u00f6tter's Oldtimermuseum\" data-caption=\"(c) Verw\u00f6hnhotel V\u00f6tter\u2019s Sportkristall GmbH - V\u00f6tter's Oldtimermuseum\" width=\"1170\" height=\"658\" src=\"https:\/\/www.salzburgerland.com\/de\/wp-content\/uploads\/2021\/04\/voetters-oldtimermuseumc-verwoehnhotel-voetters-sportkristall-gmbh-7-1170x658.jpg\" class=\"attachment-1170_658 size-1170_658\" alt=\"Ein l\u00e4chelnder Mann mit Schutzbrille und Helm f\u00e4hrt einen wei\u00dfen BMW-Oldtimer, gesehen von der Frontscheibe. (vergr\u00f6\u00dferte Ansicht)\" srcset=\"https:\/\/www.salzburgerland.com\/de\/wp-content\/uploads\/2021\/04\/voetters-oldtimermuseumc-verwoehnhotel-voetters-sportkristall-gmbh-7-1170x658.jpg 1170w, https:\/\/www.salzburgerland.com\/de\/wp-content\/uploads\/2021\/04\/voetters-oldtimermuseumc-verwoehnhotel-voetters-sportkristall-gmbh-7-768x432.jpg 768w, https:\/\/www.salzburgerland.com\/de\/wp-content\/uploads\/2021\/04\/voetters-oldtimermuseumc-verwoehnhotel-voetters-sportkristall-gmbh-7-1536x864.jpg 1536w, https:\/\/www.salzburgerland.com\/de\/wp-content\/uploads\/2021\/04\/voetters-oldtimermuseumc-verwoehnhotel-voetters-sportkristall-gmbh-7-150x84.jpg 150w, https:\/\/www.salzburgerland.com\/de\/wp-content\/uploads\/2021\/04\/voetters-oldtimermuseumc-verwoehnhotel-voetters-sportkristall-gmbh-7-1200x675.jpg 1200w, https:\/\/www.salzburgerland.com\/de\/wp-content\/uploads\/2021\/04\/voetters-oldtimermuseumc-verwoehnhotel-voetters-sportkristall-gmbh-7.jpg 1920w\" sizes=\"(max-width: 1170px) 100vw, 1170px\" aria-describedby=\"figcaption-554513-555581\" itemprop=\"thumbnail\"><\/a><\/div>\n\t\t\t\t\t\t<span id=\"figcaption-554513-555581\" class=\"gallery-caption\" itemprop=\"caption\"><span aria-hidden=\"true\">(c) Verw\u00f6hnhotel V\u00f6tter\u2019s Sportkristall GmbH \u2013 V\u00f6tter\u2019s Oldtimermuseum<\/span><\/span>\n\t\t\t\t\t<\/li>\n\t\t\t\t\t<li class=\"gallery-item col-3\" itemprop=\"associatedMedia\" itemscope itemtype=\"http:\/\/schema.org\/ImageObject\">\n\t\t\t\t\t\t<div class=\"gallery-icon landscape\"><a href=\"https:\/\/www.salzburgerland.com\/de\/wp-content\/uploads\/2021\/04\/voetters-oldtimermuseumc-verwoehnhotel-voetters-sportkristall-gmbh-3-1920x1067.jpg\" title=\"V\u00f6tters Oldtimermuseum(c) Verw\u00f6hnhotel V\u00f6tter\u2019s Sportkristall GmbH (7)\"><img decoding=\"async\" data-title=\"(c) Verw\u00f6hnhotel V\u00f6tter\u2019s Sportkristall GmbH - V\u00f6tter's Oldtimermuseum\" title=\"(c) Verw\u00f6hnhotel V\u00f6tter\u2019s Sportkristall GmbH - V\u00f6tter's Oldtimermuseum\" data-caption=\"(c) Verw\u00f6hnhotel V\u00f6tter\u2019s Sportkristall GmbH - V\u00f6tter's Oldtimermuseum\" width=\"1170\" height=\"658\" src=\"https:\/\/www.salzburgerland.com\/de\/wp-content\/uploads\/2021\/04\/voetters-oldtimermuseumc-verwoehnhotel-voetters-sportkristall-gmbh-3-1170x658.jpg\" class=\"attachment-1170_658 size-1170_658\" alt=\"Ein Mann auf einer Leiter \u00fcberreicht einer Frau am Fenster einer bunten, hausf\u00f6rmigen Karnevalsbude Blumen. (vergr\u00f6\u00dferte Ansicht)\" srcset=\"https:\/\/www.salzburgerland.com\/de\/wp-content\/uploads\/2021\/04\/voetters-oldtimermuseumc-verwoehnhotel-voetters-sportkristall-gmbh-3-1170x658.jpg 1170w, https:\/\/www.salzburgerland.com\/de\/wp-content\/uploads\/2021\/04\/voetters-oldtimermuseumc-verwoehnhotel-voetters-sportkristall-gmbh-3-768x432.jpg 768w, https:\/\/www.salzburgerland.com\/de\/wp-content\/uploads\/2021\/04\/voetters-oldtimermuseumc-verwoehnhotel-voetters-sportkristall-gmbh-3-1536x864.jpg 1536w, https:\/\/www.salzburgerland.com\/de\/wp-content\/uploads\/2021\/04\/voetters-oldtimermuseumc-verwoehnhotel-voetters-sportkristall-gmbh-3-150x84.jpg 150w, https:\/\/www.salzburgerland.com\/de\/wp-content\/uploads\/2021\/04\/voetters-oldtimermuseumc-verwoehnhotel-voetters-sportkristall-gmbh-3-1200x675.jpg 1200w, https:\/\/www.salzburgerland.com\/de\/wp-content\/uploads\/2021\/04\/voetters-oldtimermuseumc-verwoehnhotel-voetters-sportkristall-gmbh-3.jpg 1920w\" sizes=\"(max-width: 1170px) 100vw, 1170px\" aria-describedby=\"figcaption-554513-555582\" itemprop=\"thumbnail\"><\/a><\/div>\n\t\t\t\t\t\t<span id=\"figcaption-554513-555582\" class=\"gallery-caption\" itemprop=\"caption\"><span aria-hidden=\"true\">(c) Verw\u00f6hnhotel V\u00f6tter\u2019s Sportkristall GmbH \u2013 V\u00f6tter\u2019s Oldtimermuseum<\/span><\/span>\n\t\t\t\t\t<\/li>\n\t\t\t\t\t<li class=\"gallery-item col-3\" itemprop=\"associatedMedia\" itemscope itemtype=\"http:\/\/schema.org\/ImageObject\">\n\t\t\t\t\t\t<div class=\"gallery-icon landscape\"><a href=\"https:\/\/www.salzburgerland.com\/de\/wp-content\/uploads\/2021\/04\/voetters-oldtimermuseumc-verwoehnhotel-voetters-sportkristall-gmbh-5-1920x1067.jpg\" title=\"V\u00f6tters Oldtimermuseum(c) Verw\u00f6hnhotel V\u00f6tter\u2019s Sportkristall GmbH (7)\"><img decoding=\"async\" data-title=\"(c) Verw\u00f6hnhotel V\u00f6tter\u2019s Sportkristall GmbH - V\u00f6tter's Oldtimermuseum\" title=\"(c) Verw\u00f6hnhotel V\u00f6tter\u2019s Sportkristall GmbH - V\u00f6tter's Oldtimermuseum\" data-caption=\"(c) Verw\u00f6hnhotel V\u00f6tter\u2019s Sportkristall GmbH - V\u00f6tter's Oldtimermuseum\" width=\"1170\" height=\"658\" src=\"https:\/\/www.salzburgerland.com\/de\/wp-content\/uploads\/2021\/04\/voetters-oldtimermuseumc-verwoehnhotel-voetters-sportkristall-gmbh-5-1170x658.jpg\" class=\"attachment-1170_658 size-1170_658\" alt=\"Ein Mann in einem Blazer steht mit verschr\u00e4nkten Armen neben einem alten hellblauen BMW Kleinwagen in einem Innenraum. (vergr\u00f6\u00dferte Ansicht)\" srcset=\"https:\/\/www.salzburgerland.com\/de\/wp-content\/uploads\/2021\/04\/voetters-oldtimermuseumc-verwoehnhotel-voetters-sportkristall-gmbh-5-1170x658.jpg 1170w, https:\/\/www.salzburgerland.com\/de\/wp-content\/uploads\/2021\/04\/voetters-oldtimermuseumc-verwoehnhotel-voetters-sportkristall-gmbh-5-768x432.jpg 768w, https:\/\/www.salzburgerland.com\/de\/wp-content\/uploads\/2021\/04\/voetters-oldtimermuseumc-verwoehnhotel-voetters-sportkristall-gmbh-5-1536x864.jpg 1536w, https:\/\/www.salzburgerland.com\/de\/wp-content\/uploads\/2021\/04\/voetters-oldtimermuseumc-verwoehnhotel-voetters-sportkristall-gmbh-5-150x84.jpg 150w, https:\/\/www.salzburgerland.com\/de\/wp-content\/uploads\/2021\/04\/voetters-oldtimermuseumc-verwoehnhotel-voetters-sportkristall-gmbh-5-1200x675.jpg 1200w, https:\/\/www.salzburgerland.com\/de\/wp-content\/uploads\/2021\/04\/voetters-oldtimermuseumc-verwoehnhotel-voetters-sportkristall-gmbh-5.jpg 1920w\" sizes=\"(max-width: 1170px) 100vw, 1170px\" aria-describedby=\"figcaption-554513-555580\" itemprop=\"thumbnail\"><\/a><\/div>\n\t\t\t\t\t\t<span id=\"figcaption-554513-555580\" class=\"gallery-caption\" itemprop=\"caption\"><span aria-hidden=\"true\">(c) Verw\u00f6hnhotel V\u00f6tter\u2019s Sportkristall GmbH \u2013 V\u00f6tter\u2019s Oldtimermuseum<\/span><\/span>\n\t\t\t\t\t<\/li>\n\t\t\t\t<\/ul>\n\t\t\t<\/div><!-- .gallery -->\n\n<h2>#9 Taka-Tak, Taka-Tak \u2013 eine Fahrt mit der Taurachbahn machen<\/h2>\n<p>Raus aus dem Oldtimer, rein ins n\u00e4chste nostalgische Gef\u00e4hrt: die Taurachbahn. Wenn die Lokomotive schnaubt, der Dampf aufsteigt und man das Pfeifen des Zuges h\u00f6rt, dann hat sich die h\u00f6chstgelegene Schmalspurbahn \u00d6sterreichs in Bewegung gesetzt. Langsam schiebt sich das Gespann zwischen Mauterndorf und St. Andr\u00e4 \u00fcber die alten Schienen, w\u00e4hrend ihr dem gleichm\u00e4\u00dfigen Taka-Tak-Ger\u00e4usch des Zuges lauscht. Wenn ihr es euch in den Nostalgie-Waggons der 1894 erbauten Bahn gem\u00fctlich gemacht habt, werft am besten einen Blick auf den Taurach-Fluss und auf die herrliche Bergwelt des Salzburger Lungaus. Die k\u00f6nnt ihr \u00fcbrigens auch gleich erkunden: Dank des kostenlosen Fahrrad- und Kinderwagentransports in der Taurachbahn steht einer ausgiebigen Tour durch das Taurachtal nichts im Weg. <a href=\"https:\/\/www.taurachbahn.eu\/\" target=\"_blank\" rel=\"noopener\">Ihr wollt direkt einsteigen und losfahren? Dann einmal hier entlang, bitte<\/a>.<\/p>\n<p><strong>Eine freie Fahrt pro Woche mit der SalzburgerLand Card<\/strong><\/p>\n<div id=\"attachment_554530\" style=\"width: 1180px\" class=\"wp-caption alignnone\"><img decoding=\"async\" aria-describedby=\"caption-attachment-554530\" class=\"size-1170_658 wp-image-554530\" src=\"https:\/\/cdn.salzburgerland.com\/de\/wp-content\/uploads\/2021\/04\/tvb-tourismus-lungau-salzburger-land-4-1170x658.jpg\" alt=\"Die Taurachbahn bei einer ihrer Fahrten\" width=\"1170\" height=\"658\" srcset=\"https:\/\/www.salzburgerland.com\/de\/wp-content\/uploads\/2021\/04\/tvb-tourismus-lungau-salzburger-land-4-1170x658.jpg 1170w, https:\/\/www.salzburgerland.com\/de\/wp-content\/uploads\/2021\/04\/tvb-tourismus-lungau-salzburger-land-4-768x432.jpg 768w, https:\/\/www.salzburgerland.com\/de\/wp-content\/uploads\/2021\/04\/tvb-tourismus-lungau-salzburger-land-4-1536x864.jpg 1536w, https:\/\/www.salzburgerland.com\/de\/wp-content\/uploads\/2021\/04\/tvb-tourismus-lungau-salzburger-land-4-150x84.jpg 150w, https:\/\/www.salzburgerland.com\/de\/wp-content\/uploads\/2021\/04\/tvb-tourismus-lungau-salzburger-land-4-1200x675.jpg 1200w, https:\/\/www.salzburgerland.com\/de\/wp-content\/uploads\/2021\/04\/tvb-tourismus-lungau-salzburger-land-4.jpg 1920w\" sizes=\"(max-width: 1170px) 100vw, 1170px\"><p id=\"caption-attachment-554530\" class=\"wp-caption-text\">\u00a9 TVB Salzburger Lungau \u2013 Die Taurachbahn bei einer ihrer Fahrten<\/p><\/div>\n<h2>#10 Von den Katakomben auf die Festung \u2013 Salzburg von unten nach oben erkunden<\/h2>\n<p>Getreidegasse, Mozarts Geburtshaus, Salzburger Festspiele. Ein Tagesausflug nach Salzburg will gut geplant sein, damit ihr zwischen den versteckten Innenh\u00f6fen und kleinen G\u00e4sschen keine Sehensw\u00fcrdigkeit verpasst \u2013 denn alleine in der UNESCO Weltkulturerbe-Altstadt gibt es genug davon. Wenn euch das historische Salzburg interessiert, solltet ihr eure Tour am Friedhof von St. Peter beginnen. Wer den Friedhof betritt, der sp\u00fcrt sofort die besondere Geschichte des weltvergessenen Ortes. Das Highlight sind mit Sicherheit die Katakomben, die in den M\u00f6nchsberg geschlagen wurden. Aber der Name t\u00e4uscht, denn es handelt sich hier nicht um Grabst\u00e4tten, sondern um uralte Einsiedeleien in der Felswand. Vielleicht kennt ihr den Friedhof auch als Kulisse von \u201cThe Sound of Music\u201d, wo sich die Trapp-Familie bei ihrer Flucht hinter einem der Gr\u00e4ber versteckt? <a href=\"https:\/\/www.salzburg.info\/de\/sehenswertes\/kirchen-friedhoefe\/erzabtei-st-peter-friedhof-katakomben\" target=\"_blank\" rel=\"noopener\">Hier geht es zum virtuellen Friedhofsspaziergang<\/a>.<\/p>\n<p>Vom Petersfriedhof aus f\u00fchrt der Weg direkt auf die Festung Hohensalzburg, die in ihrer fast tausendj\u00e4hrigen Geschichte nie erobert wurde. Deshalb thront Salzburgs Wahrzeichen heute noch in seiner vollen Pracht \u00fcber der Mozartstadt. Ihr k\u00f6nnt euch entweder gem\u00fctlich mit der Festungsbahn nach oben fahren lassen oder es wie echte Salzburger machen und den Weg zu Fu\u00df bezwingen. Bei einer F\u00fchrung geht es durch prunkvolle F\u00fcrstenzimmer, diverse Museen und auf den Reckturm, der euch mit einem Ausblick auf die umliegenden Berge belohnt. \u00dcbrigens: Beim obligatorischen Besuch der Festung gibt es seit Kurzem neue Sehensw\u00fcrdigkeiten: die Stadt Salzburg, ganz aus Salz gebaut oder Einblicke in das Schlagwerk des Salzburger Stieres. <a href=\"https:\/\/www.salzburgerland.com\/de\/burgen-und-schloesser-im-salzburgerland\/\">Hier k\u00f6nnt ihr schon mal vorab einen Blick auf die Festung Hohensalzburg werfen<\/a>.<\/p>\n<p><strong>Festung Hohensalzburg und Katakomben: Jeweils einmalig freier Eintritt mit der SalzburgerLand Card.<br>\nBei Nutzung der 24 Stunden in der Stadt Salzburg sind diese Eintritte ebenfalls inkludiert.<br>\n<\/strong><\/p>\n\n\t\t\t<div id=\"554513-5\" class=\"gallery gallery-554513 gallery-columns-3 gallery-size-1170_658\" itemscope itemtype=\"http:\/\/schema.org\/ImageGallery\">\n\t\t\t\t<ul class=\"gallery-row gallery-col-3 gallery-clear\">\n\t\t\t\t\t<li class=\"gallery-item col-3\" itemprop=\"associatedMedia\" itemscope itemtype=\"http:\/\/schema.org\/ImageObject\">\n\t\t\t\t\t\t<div class=\"gallery-icon landscape\"><a href=\"https:\/\/www.salzburgerland.com\/de\/wp-content\/uploads\/2021\/04\/rs2281_kapitelplatz_23797-lpr1-1920x1067.jpg\" title=\"Kapitelplatz mit Blick zur Festung Hohensalzburg\"><img decoding=\"async\" data-title=\"Kapitelplatz mit Blick auf die Festung Hohensalzburg\" title=\"Kapitelplatz mit Blick auf die Festung Hohensalzburg\" data-caption=\"Kapitelplatz mit Blick auf die Festung Hohensalzburg\" width=\"1170\" height=\"658\" src=\"https:\/\/www.salzburgerland.com\/de\/wp-content\/uploads\/2021\/04\/rs2281_kapitelplatz_23797-lpr1-1170x658.jpg\" class=\"attachment-1170_658 size-1170_658\" alt=\"Ein l\u00e4chelndes Paar geht an einer gro\u00dfen goldenen Kugel mit einer Festung auf einem H\u00fcgel im Hintergrund vorbei. (vergr\u00f6\u00dferte Ansicht)\" srcset=\"https:\/\/www.salzburgerland.com\/de\/wp-content\/uploads\/2021\/04\/rs2281_kapitelplatz_23797-lpr1-1170x658.jpg 1170w, https:\/\/www.salzburgerland.com\/de\/wp-content\/uploads\/2021\/04\/rs2281_kapitelplatz_23797-lpr1-768x432.jpg 768w, https:\/\/www.salzburgerland.com\/de\/wp-content\/uploads\/2021\/04\/rs2281_kapitelplatz_23797-lpr1-1536x864.jpg 1536w, https:\/\/www.salzburgerland.com\/de\/wp-content\/uploads\/2021\/04\/rs2281_kapitelplatz_23797-lpr1-150x84.jpg 150w, https:\/\/www.salzburgerland.com\/de\/wp-content\/uploads\/2021\/04\/rs2281_kapitelplatz_23797-lpr1-1200x675.jpg 1200w, https:\/\/www.salzburgerland.com\/de\/wp-content\/uploads\/2021\/04\/rs2281_kapitelplatz_23797-lpr1.jpg 1920w\" sizes=\"(max-width: 1170px) 100vw, 1170px\" aria-describedby=\"figcaption-554513-554520\" itemprop=\"thumbnail\"><\/a><\/div>\n\t\t\t\t\t\t<span id=\"figcaption-554513-554520\" class=\"gallery-caption\" itemprop=\"caption\"><span aria-hidden=\"true\">Kapitelplatz mit Blick auf die Festung Hohensalzburg<\/span><\/span>\n\t\t\t\t\t<\/li>\n\t\t\t\t\t<li class=\"gallery-item col-3\" itemprop=\"associatedMedia\" itemscope itemtype=\"http:\/\/schema.org\/ImageObject\">\n\t\t\t\t\t\t<div class=\"gallery-icon landscape\"><a href=\"https:\/\/www.salzburgerland.com\/de\/wp-content\/uploads\/2021\/04\/slt_nextstopsalzburg_june19_19-1920x1067.jpg\" title=\"Festung Hohensalzburg\"><img decoding=\"async\" data-title=\"Festung Hohensalzburg\" title=\"Festung Hohensalzburg\" data-caption=\"Festung Hohensalzburg\" width=\"1170\" height=\"658\" src=\"https:\/\/www.salzburgerland.com\/de\/wp-content\/uploads\/2021\/04\/slt_nextstopsalzburg_june19_19-1170x658.jpg\" class=\"attachment-1170_658 size-1170_658\" alt=\"Festung Hohensalzburg (vergr\u00f6\u00dferte Ansicht)\" srcset=\"https:\/\/www.salzburgerland.com\/de\/wp-content\/uploads\/2021\/04\/slt_nextstopsalzburg_june19_19-1170x658.jpg 1170w, https:\/\/www.salzburgerland.com\/de\/wp-content\/uploads\/2021\/04\/slt_nextstopsalzburg_june19_19-768x432.jpg 768w, https:\/\/www.salzburgerland.com\/de\/wp-content\/uploads\/2021\/04\/slt_nextstopsalzburg_june19_19-1536x864.jpg 1536w, https:\/\/www.salzburgerland.com\/de\/wp-content\/uploads\/2021\/04\/slt_nextstopsalzburg_june19_19-150x84.jpg 150w, https:\/\/www.salzburgerland.com\/de\/wp-content\/uploads\/2021\/04\/slt_nextstopsalzburg_june19_19-1200x675.jpg 1200w, https:\/\/www.salzburgerland.com\/de\/wp-content\/uploads\/2021\/04\/slt_nextstopsalzburg_june19_19.jpg 1920w\" sizes=\"(max-width: 1170px) 100vw, 1170px\" aria-describedby=\"figcaption-554513-554531\" itemprop=\"thumbnail\"><\/a><\/div>\n\t\t\t\t\t\t<span id=\"figcaption-554513-554531\" class=\"gallery-caption\" itemprop=\"caption\"><span aria-hidden=\"true\">Festung Hohensalzburg<\/span><\/span>\n\t\t\t\t\t<\/li>\n\t\t\t\t\t<li class=\"gallery-item col-3\" itemprop=\"associatedMedia\" itemscope itemtype=\"http:\/\/schema.org\/ImageObject\">\n\t\t\t\t\t\t<div class=\"gallery-icon landscape\"><a href=\"https:\/\/www.salzburgerland.com\/de\/wp-content\/uploads\/2021\/04\/rs1097_st-peter03-scr-1920x1067.jpg\" title=\"Stift St Peter - Salzburg\"><img decoding=\"async\" data-title=\"\u00a9 SalzburgerLand Tourismus - Stift und Friedhof St. Peter\" title=\"\u00a9 SalzburgerLand Tourismus - Stift und Friedhof St. Peter\" data-caption=\"\u00a9 SalzburgerLand Tourismus - Stift und Friedhof St. Peter\" width=\"1170\" height=\"658\" src=\"https:\/\/www.salzburgerland.com\/de\/wp-content\/uploads\/2021\/04\/rs1097_st-peter03-scr-1170x658.jpg\" class=\"attachment-1170_658 size-1170_658\" alt=\"Abendlicher Blick auf die historische Skyline Salzburgs mit beleuchteten Kuppeln und T\u00fcrmen vor dem Hintergrund der D\u00e4mmerung. (vergr\u00f6\u00dferte Ansicht)\" srcset=\"https:\/\/www.salzburgerland.com\/de\/wp-content\/uploads\/2021\/04\/rs1097_st-peter03-scr-1170x658.jpg 1170w, https:\/\/www.salzburgerland.com\/de\/wp-content\/uploads\/2021\/04\/rs1097_st-peter03-scr-768x432.jpg 768w, https:\/\/www.salzburgerland.com\/de\/wp-content\/uploads\/2021\/04\/rs1097_st-peter03-scr-1536x864.jpg 1536w, https:\/\/www.salzburgerland.com\/de\/wp-content\/uploads\/2021\/04\/rs1097_st-peter03-scr-150x84.jpg 150w, https:\/\/www.salzburgerland.com\/de\/wp-content\/uploads\/2021\/04\/rs1097_st-peter03-scr-1200x675.jpg 1200w, https:\/\/www.salzburgerland.com\/de\/wp-content\/uploads\/2021\/04\/rs1097_st-peter03-scr.jpg 1920w\" sizes=\"(max-width: 1170px) 100vw, 1170px\" aria-describedby=\"figcaption-554513-554532\" itemprop=\"thumbnail\"><\/a><\/div>\n\t\t\t\t\t\t<span id=\"figcaption-554513-554532\" class=\"gallery-caption\" itemprop=\"caption\"><span aria-hidden=\"true\">\u00a9 SalzburgerLand Tourismus \u2013 Stift und Friedhof St. Peter<\/span><\/span>\n\t\t\t\t\t<\/li>\n\t\t\t\t<\/ul>\n\t\t\t<\/div><!-- .gallery -->\n\n<p>Die digitale Karte k\u00f6nnt ihr euch vorab ganz unkompliziert aufs Smartphone. F\u00fcr das Aktivieren muss keine App installiert werden und die G\u00fcltigkeit beginnt automatisch mit der ersten Nutzung. Mit der digitalen SalzburgerLand Card wird euer Smartphone zur Eintrittskarte f\u00fcr einen einzigartigen Sommer im SalzburgerLand!<\/p>\n<img decoding=\"async\" class=\"alignnone size-1170_658 wp-image-556042\" src=\"https:\/\/cdn.salzburgerland.com\/de\/wp-content\/uploads\/2021\/04\/sl_card_0221_mobilecard_istock-1222897667-1170x658.jpg\" alt=\"\" width=\"1170\" height=\"658\" srcset=\"https:\/\/www.salzburgerland.com\/de\/wp-content\/uploads\/2021\/04\/sl_card_0221_mobilecard_istock-1222897667-1170x658.jpg 1170w, https:\/\/www.salzburgerland.com\/de\/wp-content\/uploads\/2021\/04\/sl_card_0221_mobilecard_istock-1222897667-768x432.jpg 768w, https:\/\/www.salzburgerland.com\/de\/wp-content\/uploads\/2021\/04\/sl_card_0221_mobilecard_istock-1222897667-1536x864.jpg 1536w, https:\/\/www.salzburgerland.com\/de\/wp-content\/uploads\/2021\/04\/sl_card_0221_mobilecard_istock-1222897667-150x84.jpg 150w, https:\/\/www.salzburgerland.com\/de\/wp-content\/uploads\/2021\/04\/sl_card_0221_mobilecard_istock-1222897667-1200x675.jpg 1200w, https:\/\/www.salzburgerland.com\/de\/wp-content\/uploads\/2021\/04\/sl_card_0221_mobilecard_istock-1222897667.jpg 1920w\" sizes=\"(max-width: 1170px) 100vw, 1170px\">\n","protected":false},"excerpt":{"rendered":"<p>Das SalzburgerLand hat viele Gesichter und eigentlich bietet sich jedes f\u00fcr ein kleines Urlaubs-Highlight an. Badenixen erfrischen sich in den Seen oder in der Therme. F\u00fcr sportliche Abenteurer haben wir Klammen, Almwanderungen und ordentliche Bergtouren in petto. Kulturliebhabern spielt die Stadt Salzburg alle St\u00fccke. Und die, die sich gerne in der Vergangenheit aufhalten, was bietet [&hellip;]<\/p>\n","protected":false},"author":57,"featured_media":549080,"comment_status":"closed","ping_status":"closed","sticky":false,"template":"","format":"standard","meta":{"_acf_changed":false,"wl_entities_gutenberg":"","_relevanssi_hide_post":"","_relevanssi_hide_content":"","_relevanssi_pin_for_all":"","_relevanssi_pin_keywords":"","_relevanssi_unpin_keywords":"","_relevanssi_related_keywords":"","_relevanssi_related_include_ids":"","_relevanssi_related_exclude_ids":"","_relevanssi_related_no_append":"","_relevanssi_related_not_related":"","_relevanssi_related_posts":"","_relevanssi_noindex_reason":"","footnotes":""},"categories":[1],"tags":[],"wl_entity_type":[11495,2],"class_list":["post-554513","post","type-post","status-publish","format-standard","has-post-thumbnail","hentry","category-allgemein","wl_entity_type-article","wl_entity_type-thing"],"acf":[],"yoast_head":"<!-- This site is optimized with the Yoast SEO Premium plugin v26.9 (Yoast SEO v26.9) - https:\/\/yoast.com\/product\/yoast-seo-premium-wordpress\/ -->\n<title>10 Gr\u00fcnde, warum die SalzburgerLand Card euren Sommer noch besser macht \u00bb SalzburgerLand.com<\/title>\n<meta name=\"robots\" content=\"index, follow, max-snippet:-1, max-image-preview:large, max-video-preview:-1\" \/>\n<link rel=\"canonical\" href=\"https:\/\/www.salzburgerland.com\/de\/wp-json\/wp\/v2\/posts\/554513\" \/>\n<meta property=\"og:locale\" content=\"de_DE\" \/>\n<meta property=\"og:type\" content=\"article\" \/>\n<meta property=\"og:title\" content=\"10 Gr\u00fcnde, warum die SalzburgerLand Card euren Sommer noch besser macht\" \/>\n<meta property=\"og:description\" content=\"Ihr wollt einmalige Gl\u00fccksmomente aus 180 Ausflugszielen sammeln und dabei auch noch Geld sparen? Dann ist die SalzburgerLand Card etwas f\u00fcr euch.\" \/>\n<meta property=\"og:url\" content=\"https:\/\/www.salzburgerland.com\/de\/wp-json\/wp\/v2\/posts\/554513\" \/>\n<meta property=\"og:site_name\" content=\"SalzburgerLand.com\" \/>\n<meta property=\"article:publisher\" content=\"https:\/\/www.facebook.com\/salzburgerland\/\" \/>\n<meta property=\"article:published_time\" content=\"2021-04-21T12:36:08+00:00\" \/>\n<meta property=\"article:modified_time\" content=\"2024-03-05T09:51:23+00:00\" \/>\n<meta property=\"og:image\" content=\"https:\/\/www.salzburgerland.com\/de\/wp-content\/uploads\/2016\/08\/sl_card_0221_mobilecard_1920-1200x675.jpg\" \/>\n\t<meta property=\"og:image:width\" content=\"1200\" \/>\n\t<meta property=\"og:image:height\" content=\"675\" \/>\n\t<meta property=\"og:image:type\" content=\"image\/jpeg\" \/>\n<meta name=\"author\" content=\"Miriam Kreiseder\" \/>\n<meta name=\"twitter:card\" content=\"summary_large_image\" \/>\n<meta name=\"twitter:creator\" content=\"@Salzburgerland\" \/>\n<meta name=\"twitter:site\" content=\"@Salzburgerland\" \/>\n<meta name=\"twitter:label1\" content=\"Verfasst von\" \/>\n\t<meta name=\"twitter:data1\" content=\"Miriam Kreiseder\" \/>\n\t<meta name=\"twitter:label2\" content=\"Gesch\u00e4tzte Lesezeit\" \/>\n\t<meta name=\"twitter:data2\" content=\"13\u00a0Minuten\" \/>\n<script type=\"application\/ld+json\" class=\"yoast-schema-graph\">{\"@context\":\"https:\/\/schema.org\",\"@graph\":[{\"@type\":\"WebPage\",\"@id\":\"https:\/\/www.salzburgerland.com\/de\/10-gruende-warum-die-salzburgerland-card-euren-sommer-noch-besser-macht\/\",\"url\":\"https:\/\/www.salzburgerland.com\/de\/10-gruende-warum-die-salzburgerland-card-euren-sommer-noch-besser-macht\/\",\"name\":\"10 Gr\u00fcnde, warum die SalzburgerLand Card euren Sommer noch besser macht \u00bb SalzburgerLand.com\",\"isPartOf\":{\"@id\":\"https:\/\/www.salzburgerland.com\/de\/#website\"},\"primaryImageOfPage\":{\"@id\":\"https:\/\/www.salzburgerland.com\/de\/10-gruende-warum-die-salzburgerland-card-euren-sommer-noch-besser-macht\/#primaryimage\"},\"image\":{\"@id\":\"https:\/\/www.salzburgerland.com\/de\/10-gruende-warum-die-salzburgerland-card-euren-sommer-noch-besser-macht\/#primaryimage\"},\"thumbnailUrl\":\"https:\/\/www.salzburgerland.com\/de\/wp-content\/uploads\/2016\/08\/sl_card_0221_mobilecard_1920.jpg\",\"datePublished\":\"2021-04-21T12:36:08+00:00\",\"dateModified\":\"2024-03-05T09:51:23+00:00\",\"description\":\"Ihr wollt einmalige Gl\u00fccksmomente aus 180 Ausflugszielen sammeln und dabei auch noch Geld sparen? Dann ist die SalzburgerLand Card etwas f\u00fcr euch.\",\"breadcrumb\":{\"@id\":\"https:\/\/www.salzburgerland.com\/de\/10-gruende-warum-die-salzburgerland-card-euren-sommer-noch-besser-macht\/#breadcrumb\"},\"inLanguage\":\"de\",\"potentialAction\":[{\"@type\":\"ReadAction\",\"target\":[\"https:\/\/www.salzburgerland.com\/de\/10-gruende-warum-die-salzburgerland-card-euren-sommer-noch-besser-macht\/\"]}]},{\"@type\":\"ImageObject\",\"inLanguage\":\"de\",\"@id\":\"https:\/\/www.salzburgerland.com\/de\/10-gruende-warum-die-salzburgerland-card-euren-sommer-noch-besser-macht\/#primaryimage\",\"url\":\"https:\/\/www.salzburgerland.com\/de\/wp-content\/uploads\/2016\/08\/sl_card_0221_mobilecard_1920.jpg\",\"contentUrl\":\"https:\/\/www.salzburgerland.com\/de\/wp-content\/uploads\/2016\/08\/sl_card_0221_mobilecard_1920.jpg\",\"width\":1920,\"height\":1280,\"caption\":\"SL Card mobil\"},{\"@type\":\"BreadcrumbList\",\"@id\":\"https:\/\/www.salzburgerland.com\/de\/10-gruende-warum-die-salzburgerland-card-euren-sommer-noch-besser-macht\/#breadcrumb\",\"itemListElement\":[{\"@type\":\"ListItem\",\"position\":1,\"name\":\"Daf\u00fcr leben wir\",\"item\":\"https:\/\/www.salzburgerland.com\/de\/dafuer-leben-wir\/\"},{\"@type\":\"ListItem\",\"position\":2,\"name\":\"10 Gr\u00fcnde, warum die SalzburgerLand Card euren Sommer noch besser macht\"}]},{\"@type\":\"WebSite\",\"@id\":\"https:\/\/www.salzburgerland.com\/de\/#website\",\"url\":\"https:\/\/www.salzburgerland.com\/de\/\",\"name\":\"SalzburgerLand.com\",\"description\":\"Ihr Urlaub in Salzburg, \u00d6sterreich\",\"publisher\":{\"@id\":\"https:\/\/www.salzburgerland.com\/de\/#organization\"},\"potentialAction\":[{\"@type\":\"SearchAction\",\"target\":{\"@type\":\"EntryPoint\",\"urlTemplate\":\"https:\/\/www.salzburgerland.com\/de\/?s={search_term_string}\"},\"query-input\":{\"@type\":\"PropertyValueSpecification\",\"valueRequired\":true,\"valueName\":\"search_term_string\"}}],\"inLanguage\":\"de\"},{\"@type\":\"Organization\",\"@id\":\"https:\/\/www.salzburgerland.com\/de\/#organization\",\"name\":\"SalzburgerLand Tourismus GmbH\",\"url\":\"https:\/\/www.salzburgerland.com\/de\/\",\"logo\":{\"@type\":\"ImageObject\",\"inLanguage\":\"de\",\"@id\":\"https:\/\/www.salzburgerland.com\/de\/#\/schema\/logo\/image\/\",\"url\":\"https:\/\/www.salzburgerland.com\/de\/wp-content\/uploads\/2017\/01\/salzburgerland-logo.jpg\",\"contentUrl\":\"https:\/\/www.salzburgerland.com\/de\/wp-content\/uploads\/2017\/01\/salzburgerland-logo.jpg\",\"width\":1920,\"height\":827,\"caption\":\"SalzburgerLand Tourismus GmbH\"},\"image\":{\"@id\":\"https:\/\/www.salzburgerland.com\/de\/#\/schema\/logo\/image\/\"},\"sameAs\":[\"https:\/\/www.facebook.com\/salzburgerland\/\",\"https:\/\/x.com\/Salzburgerland\",\"https:\/\/www.instagram.com\/salzburgerland\/\",\"http:\/\/dbpedia.org\/resource\/Salzburg_(state)\",\"http:\/\/wikidata.dbpedia.org\/resource\/Q43325\",\"http:\/\/open.salzburgerland.com\/de\/entity\/salzburgerland\",\"https:\/\/www.youtube.com\/user\/salzburgerland\"]},{\"@type\":\"Person\",\"@id\":\"https:\/\/www.salzburgerland.com\/de\/#\/schema\/person\/5e2487151f535fd7a40628d570ca94d3\",\"name\":\"Miriam Kreiseder\",\"image\":{\"@type\":\"ImageObject\",\"inLanguage\":\"de\",\"@id\":\"https:\/\/www.salzburgerland.com\/de\/#\/schema\/person\/image\/\",\"url\":\"https:\/\/secure.gravatar.com\/avatar\/c432f8977c6ef3b4ef5a56e4aae9e3515c8875144022177ab7fa4e8696a5b7cb?s=96&d=mm&r=g\",\"contentUrl\":\"https:\/\/secure.gravatar.com\/avatar\/c432f8977c6ef3b4ef5a56e4aae9e3515c8875144022177ab7fa4e8696a5b7cb?s=96&d=mm&r=g\",\"caption\":\"Miriam Kreiseder\"}}]}<\/script>\n<!-- \/ Yoast SEO Premium plugin. -->","yoast_head_json":{"title":"10 Gr\u00fcnde, warum die SalzburgerLand Card euren Sommer noch besser macht \u00bb SalzburgerLand.com","robots":{"index":"index","follow":"follow","max-snippet":"max-snippet:-1","max-image-preview":"max-image-preview:large","max-video-preview":"max-video-preview:-1"},"canonical":"https:\/\/www.salzburgerland.com\/de\/wp-json\/wp\/v2\/posts\/554513","og_locale":"de_DE","og_type":"article","og_title":"10 Gr\u00fcnde, warum die SalzburgerLand Card euren Sommer noch besser macht","og_description":"Ihr wollt einmalige Gl\u00fccksmomente aus 180 Ausflugszielen sammeln und dabei auch noch Geld sparen? Dann ist die SalzburgerLand Card etwas f\u00fcr euch.","og_url":"https:\/\/www.salzburgerland.com\/de\/wp-json\/wp\/v2\/posts\/554513","og_site_name":"SalzburgerLand.com","article_publisher":"https:\/\/www.facebook.com\/salzburgerland\/","article_published_time":"2021-04-21T12:36:08+00:00","article_modified_time":"2024-03-05T09:51:23+00:00","og_image":[{"width":1200,"height":675,"url":"https:\/\/www.salzburgerland.com\/de\/wp-content\/uploads\/2016\/08\/sl_card_0221_mobilecard_1920-1200x675.jpg","type":"image\/jpeg"}],"author":"Miriam Kreiseder","twitter_card":"summary_large_image","twitter_creator":"@Salzburgerland","twitter_site":"@Salzburgerland","twitter_misc":{"Verfasst von":"Miriam Kreiseder","Gesch\u00e4tzte Lesezeit":"13\u00a0Minuten"},"schema":{"@context":"https:\/\/schema.org","@graph":[{"@type":"WebPage","@id":"https:\/\/www.salzburgerland.com\/de\/10-gruende-warum-die-salzburgerland-card-euren-sommer-noch-besser-macht\/","url":"https:\/\/www.salzburgerland.com\/de\/10-gruende-warum-die-salzburgerland-card-euren-sommer-noch-besser-macht\/","name":"10 Gr\u00fcnde, warum die SalzburgerLand Card euren Sommer noch besser macht \u00bb SalzburgerLand.com","isPartOf":{"@id":"https:\/\/www.salzburgerland.com\/de\/#website"},"primaryImageOfPage":{"@id":"https:\/\/www.salzburgerland.com\/de\/10-gruende-warum-die-salzburgerland-card-euren-sommer-noch-besser-macht\/#primaryimage"},"image":{"@id":"https:\/\/www.salzburgerland.com\/de\/10-gruende-warum-die-salzburgerland-card-euren-sommer-noch-besser-macht\/#primaryimage"},"thumbnailUrl":"https:\/\/www.salzburgerland.com\/de\/wp-content\/uploads\/2016\/08\/sl_card_0221_mobilecard_1920.jpg","datePublished":"2021-04-21T12:36:08+00:00","dateModified":"2024-03-05T09:51:23+00:00","description":"Ihr wollt einmalige Gl\u00fccksmomente aus 180 Ausflugszielen sammeln und dabei auch noch Geld sparen? Dann ist die SalzburgerLand Card etwas f\u00fcr euch.","breadcrumb":{"@id":"https:\/\/www.salzburgerland.com\/de\/10-gruende-warum-die-salzburgerland-card-euren-sommer-noch-besser-macht\/#breadcrumb"},"inLanguage":"de","potentialAction":[{"@type":"ReadAction","target":["https:\/\/www.salzburgerland.com\/de\/10-gruende-warum-die-salzburgerland-card-euren-sommer-noch-besser-macht\/"]}]},{"@type":"ImageObject","inLanguage":"de","@id":"https:\/\/www.salzburgerland.com\/de\/10-gruende-warum-die-salzburgerland-card-euren-sommer-noch-besser-macht\/#primaryimage","url":"https:\/\/www.salzburgerland.com\/de\/wp-content\/uploads\/2016\/08\/sl_card_0221_mobilecard_1920.jpg","contentUrl":"https:\/\/www.salzburgerland.com\/de\/wp-content\/uploads\/2016\/08\/sl_card_0221_mobilecard_1920.jpg","width":1920,"height":1280,"caption":"SL Card mobil"},{"@type":"BreadcrumbList","@id":"https:\/\/www.salzburgerland.com\/de\/10-gruende-warum-die-salzburgerland-card-euren-sommer-noch-besser-macht\/#breadcrumb","itemListElement":[{"@type":"ListItem","position":1,"name":"Daf\u00fcr leben wir","item":"https:\/\/www.salzburgerland.com\/de\/dafuer-leben-wir\/"},{"@type":"ListItem","position":2,"name":"10 Gr\u00fcnde, warum die SalzburgerLand Card euren Sommer noch besser macht"}]},{"@type":"WebSite","@id":"https:\/\/www.salzburgerland.com\/de\/#website","url":"https:\/\/www.salzburgerland.com\/de\/","name":"SalzburgerLand.com","description":"Ihr Urlaub in Salzburg, \u00d6sterreich","publisher":{"@id":"https:\/\/www.salzburgerland.com\/de\/#organization"},"potentialAction":[{"@type":"SearchAction","target":{"@type":"EntryPoint","urlTemplate":"https:\/\/www.salzburgerland.com\/de\/?s={search_term_string}"},"query-input":{"@type":"PropertyValueSpecification","valueRequired":true,"valueName":"search_term_string"}}],"inLanguage":"de"},{"@type":"Organization","@id":"https:\/\/www.salzburgerland.com\/de\/#organization","name":"SalzburgerLand Tourismus GmbH","url":"https:\/\/www.salzburgerland.com\/de\/","logo":{"@type":"ImageObject","inLanguage":"de","@id":"https:\/\/www.salzburgerland.com\/de\/#\/schema\/logo\/image\/","url":"https:\/\/www.salzburgerland.com\/de\/wp-content\/uploads\/2017\/01\/salzburgerland-logo.jpg","contentUrl":"https:\/\/www.salzburgerland.com\/de\/wp-content\/uploads\/2017\/01\/salzburgerland-logo.jpg","width":1920,"height":827,"caption":"SalzburgerLand Tourismus GmbH"},"image":{"@id":"https:\/\/www.salzburgerland.com\/de\/#\/schema\/logo\/image\/"},"sameAs":["https:\/\/www.facebook.com\/salzburgerland\/","https:\/\/x.com\/Salzburgerland","https:\/\/www.instagram.com\/salzburgerland\/","http:\/\/dbpedia.org\/resource\/Salzburg_(state)","http:\/\/wikidata.dbpedia.org\/resource\/Q43325","http:\/\/open.salzburgerland.com\/de\/entity\/salzburgerland","https:\/\/www.youtube.com\/user\/salzburgerland"]},{"@type":"Person","@id":"https:\/\/www.salzburgerland.com\/de\/#\/schema\/person\/5e2487151f535fd7a40628d570ca94d3","name":"Miriam Kreiseder","image":{"@type":"ImageObject","inLanguage":"de","@id":"https:\/\/www.salzburgerland.com\/de\/#\/schema\/person\/image\/","url":"https:\/\/secure.gravatar.com\/avatar\/c432f8977c6ef3b4ef5a56e4aae9e3515c8875144022177ab7fa4e8696a5b7cb?s=96&d=mm&r=g","contentUrl":"https:\/\/secure.gravatar.com\/avatar\/c432f8977c6ef3b4ef5a56e4aae9e3515c8875144022177ab7fa4e8696a5b7cb?s=96&d=mm&r=g","caption":"Miriam Kreiseder"}}]}},"_wl_alt_label":[],"wl:entity_url":"http:\/\/open.salzburgerland.com\/de\/post\/10_gruende__warum_die_salzburgerland_card_euren_sommer_noch_besser_macht","_links":{"self":[{"href":"https:\/\/www.salzburgerland.com\/de\/wp-json\/wp\/v2\/posts\/554513","targetHints":{"allow":["GET"]}}],"collection":[{"href":"https:\/\/www.salzburgerland.com\/de\/wp-json\/wp\/v2\/posts"}],"about":[{"href":"https:\/\/www.salzburgerland.com\/de\/wp-json\/wp\/v2\/types\/post"}],"author":[{"embeddable":true,"href":"https:\/\/www.salzburgerland.com\/de\/wp-json\/wp\/v2\/users\/57"}],"replies":[{"embeddable":true,"href":"https:\/\/www.salzburgerland.com\/de\/wp-json\/wp\/v2\/comments?post=554513"}],"version-history":[{"count":5,"href":"https:\/\/www.salzburgerland.com\/de\/wp-json\/wp\/v2\/posts\/554513\/revisions"}],"predecessor-version":[{"id":669515,"href":"https:\/\/www.salzburgerland.com\/de\/wp-json\/wp\/v2\/posts\/554513\/revisions\/669515"}],"wp:featuredmedia":[{"embeddable":true,"href":"https:\/\/www.salzburgerland.com\/de\/wp-json\/wp\/v2\/media\/549080"}],"wp:attachment":[{"href":"https:\/\/www.salzburgerland.com\/de\/wp-json\/wp\/v2\/media?parent=554513"}],"wp:term":[{"taxonomy":"category","embeddable":true,"href":"https:\/\/www.salzburgerland.com\/de\/wp-json\/wp\/v2\/categories?post=554513"},{"taxonomy":"post_tag","embeddable":true,"href":"https:\/\/www.salzburgerland.com\/de\/wp-json\/wp\/v2\/tags?post=554513"},{"taxonomy":"wl_entity_type","embeddable":true,"href":"https:\/\/www.salzburgerland.com\/de\/wp-json\/wp\/v2\/wl_entity_type?post=554513"}],"curies":[{"name":"wp","href":"https:\/\/api.w.org\/{rel}","templated":true}]}}