{"id":546573,"date":"2021-03-22T09:28:28","date_gmt":"2021-03-22T08:28:28","guid":{"rendered":"https:\/\/www.salzburgerland.com\/de\/?p=546573"},"modified":"2026-04-08T10:52:36","modified_gmt":"2026-04-08T08:52:36","slug":"10-gruende-warum-wir-uns-auf-den-sommer-im-salzburgerland-freuen","status":"publish","type":"post","link":"https:\/\/www.salzburgerland.com\/de\/10-gruende-warum-wir-uns-auf-den-sommer-im-salzburgerland-freuen\/","title":{"rendered":"10 Gr\u00fcnde, warum wir uns auf den Sommer im SalzburgerLand freuen"},"content":{"rendered":"<h2>#1 Unten ohne \u2013 Barfu\u00dfgehen im Salzburger Lungau<\/h2>\n<p>F\u00fcr viele von uns ist das Barfu\u00dfgehen im taunassen Gras eine der sch\u00f6nsten Kindheitserinnerungen. Schade eigentlich, dass wir als Erwachsene immer seltener die Schuhe und Socken ausziehen, um den Boden unter unseren F\u00fc\u00dfen zu sp\u00fcren. Dabei zeigen viele Studien, dass Barfu\u00dfgehen nicht nur angenehm, sondern auch gesund ist. Es f\u00f6rdert die Durchblutung, st\u00e4rkt unsere Muskulatur und sch\u00e4rft die Sinne. Ihr wollt die kindliche Freude am Barfu\u00dfgehen neu entdecken? Kommt in den Salzburger Lungau. Dort gibt es jede Menge Gelegenheiten, um auf Waldb\u00f6den und Almwiesen die echte Freiheit zu genie\u00dfen. Zum Beispiel am Leisnitzer Wasserweg, wo Freunde der guten Durchblutung ihre Schuhe am Ufer parken und durchs eiskalte Wasser waten. Aber auch bei einer <a href=\"https:\/\/www.salzburgerland.com\/de\/magazin\/longa-und-wirpitschsee\/\" target=\"_blank\" rel=\"noopener\">Wanderung entlang der Longa im hinteren Wei\u00dfpriachtal<\/a> steht Bein-Freiheit an oberster Stelle.<\/p>\n<div id=\"attachment_547296\" style=\"width: 1180px\" class=\"wp-caption alignnone\"><img decoding=\"async\" aria-describedby=\"caption-attachment-547296\" class=\"size-1170_658 wp-image-547296\" src=\"https:\/\/cdn.salzburgerland.com\/de\/wp-content\/uploads\/2021\/03\/salzburgerland-lungau-18-1170x658.jpg\" alt=\"\" width=\"1170\" height=\"658\" srcset=\"https:\/\/www.salzburgerland.com\/de\/wp-content\/uploads\/2021\/03\/salzburgerland-lungau-18-1170x658.jpg 1170w, https:\/\/www.salzburgerland.com\/de\/wp-content\/uploads\/2021\/03\/salzburgerland-lungau-18-768x432.jpg 768w, https:\/\/www.salzburgerland.com\/de\/wp-content\/uploads\/2021\/03\/salzburgerland-lungau-18-1536x864.jpg 1536w, https:\/\/www.salzburgerland.com\/de\/wp-content\/uploads\/2021\/03\/salzburgerland-lungau-18-1200x675.jpg 1200w, https:\/\/www.salzburgerland.com\/de\/wp-content\/uploads\/2021\/03\/salzburgerland-lungau-18.jpg 1920w\" sizes=\"(max-width: 1170px) 100vw, 1170px\"><p id=\"caption-attachment-547296\" class=\"wp-caption-text\">\u00a9 SalzburgerLand Tourismus \u2013 Barfu\u00dfgehen im Salzburger Lungau<\/p><\/div>\n<h2>#2 Der fr\u00fche Vogel sein \u2013 den Sonnenaufgang in den Bergen (ein)fangen<\/h2>\n<p>F\u00fcr die folgende Bergtour trocknet ihr eure F\u00fc\u00dfe, zieht Socken und Wanderschuhe wieder an und macht euch auf den Weg zur Gamskarkogelh\u00fctte auf Europas h\u00f6chsten Grasberg. Das ist aber nicht der einzige Rekord, den der 2.467 Meter hohe Riese zwischen dem Gasteiner- und dem Gro\u00dfarltal h\u00e4lt. Die am Gipfel befindliche Gamskarkogelh\u00fctte z\u00e4hlt zu Europas \u00e4ltesten Schutzh\u00e4usern, Baujahr 1828. Eine Tour dorthin lohnt sich nicht nur wegen der langen H\u00fctten-Tradition \u2013 auch der traumhafte Ausblick wird euch lange in Erinnerung bleiben. Oben angekommen, sind eine Einkehr und \u00dcbernachtung bei H\u00fcttenwirtin Veronika Pflicht. Tipp: Am Abend k\u00f6nnt ihr entweder den sternenklaren Himmel beobachten oder fr\u00fch ins Bett gehen, denn das Highlight der Tour ist definitiv der Sonnenaufgang. W\u00e4hrend die ersten Sonnenstrahlen die Morgend\u00e4mmerung begr\u00fc\u00dfen, steigt Fr\u00fchaufstehern langsam der Duft von frisch gekochtem Kaffee in die Nase. Den br\u00fcht Veronika schon sehr zeitig \u2013 f\u00fcr ihre fr\u00fchen Vogerl. <a href=\"https:\/\/www.salzburgerland.com\/de\/gastein-at-its-best\/\" target=\"_blank\" rel=\"noopener\">Einmal Sonnenaufgang auf der Gamskarkogelh\u00fctte zum Nachmachen gef\u00e4llig? Dann bitte hier entlang<\/a>.<\/p>\n\n\t\t\t<div id=\"546573-1\" class=\"gallery gallery-546573 gallery-columns-3 gallery-size-1170_658\" itemscope itemtype=\"http:\/\/schema.org\/ImageGallery\">\n\t\t\t\t<ul class=\"gallery-row gallery-col-3 gallery-clear\">\n\t\t\t\t\t<li class=\"gallery-item col-3\" itemprop=\"associatedMedia\" itemscope itemtype=\"http:\/\/schema.org\/ImageObject\">\n\t\t\t\t\t\t<div class=\"gallery-icon landscape\"><a href=\"https:\/\/www.salzburgerland.com\/de\/wp-content\/uploads\/2021\/03\/gamskarkogel_badgasteiner_huettenwirtin_final-1920x1067.jpg\" title=\"gamskarkogel_badgasteiner_huettenwirtin_final\"><img decoding=\"async\" data-title=\"Die Gamskarkogel-H\u00fcttenwirtin Veronika Gruber (links) und Anna Enzinger\" title=\"Die Gamskarkogel-H\u00fcttenwirtin Veronika Gruber (links) und Anna Enzinger\" data-caption=\"Die Gamskarkogel-H\u00fcttenwirtin Veronika Gruber (links) und Anna Enzinger\" width=\"1170\" height=\"658\" src=\"https:\/\/www.salzburgerland.com\/de\/wp-content\/uploads\/2021\/03\/gamskarkogel_badgasteiner_huettenwirtin_final-1170x658.jpg\" class=\"attachment-1170_658 size-1170_658\" alt=\"Zwei Frauen in Sch\u00fcrzen l\u00e4cheln vor einem rustikalen Holzcaf\u00e9 mit Bergen im Hintergrund. (vergr\u00f6\u00dferte Ansicht)\" srcset=\"https:\/\/www.salzburgerland.com\/de\/wp-content\/uploads\/2021\/03\/gamskarkogel_badgasteiner_huettenwirtin_final-1170x658.jpg 1170w, https:\/\/www.salzburgerland.com\/de\/wp-content\/uploads\/2021\/03\/gamskarkogel_badgasteiner_huettenwirtin_final-768x432.jpg 768w, https:\/\/www.salzburgerland.com\/de\/wp-content\/uploads\/2021\/03\/gamskarkogel_badgasteiner_huettenwirtin_final-1536x864.jpg 1536w, https:\/\/www.salzburgerland.com\/de\/wp-content\/uploads\/2021\/03\/gamskarkogel_badgasteiner_huettenwirtin_final-1200x675.jpg 1200w, https:\/\/www.salzburgerland.com\/de\/wp-content\/uploads\/2021\/03\/gamskarkogel_badgasteiner_huettenwirtin_final.jpg 1920w\" sizes=\"(max-width: 1170px) 100vw, 1170px\" aria-describedby=\"figcaption-546573-548059\" itemprop=\"thumbnail\"><\/a><\/div>\n\t\t\t\t\t\t<span id=\"figcaption-546573-548059\" class=\"gallery-caption\" itemprop=\"caption\"><span aria-hidden=\"true\">Die Gamskarkogel-H\u00fcttenwirtin Veronika Gruber (links) und Anna Enzinger<\/span><\/span>\n\t\t\t\t\t<\/li>\n\t\t\t\t\t<li class=\"gallery-item col-3\" itemprop=\"associatedMedia\" itemscope itemtype=\"http:\/\/schema.org\/ImageObject\">\n\t\t\t\t\t\t<div class=\"gallery-icon landscape\"><a href=\"https:\/\/www.salzburgerland.com\/de\/wp-content\/uploads\/2021\/03\/rs3476_slt_menschenleer_brnx6670-edit-2-hpr-1920x1067.jpg\" title=\"RS3476_SLT_Menschenleer_BRNX6670-Edit-2-hpr\"><img decoding=\"async\" data-title=\"\u00a9 SalzburgerLand Tourismus, Branislav Rohal - Schutzh\u00fctte am Gamskarkogel bei Nacht \" title=\"\u00a9 SalzburgerLand Tourismus, Branislav Rohal - Schutzh\u00fctte am Gamskarkogel bei Nacht \" data-caption=\"\u00a9 SalzburgerLand Tourismus, Branislav Rohal - Schutzh\u00fctte am Gamskarkogel bei Nacht \" width=\"1170\" height=\"658\" src=\"https:\/\/www.salzburgerland.com\/de\/wp-content\/uploads\/2021\/03\/rs3476_slt_menschenleer_brnx6670-edit-2-hpr-1170x658.jpg\" class=\"attachment-1170_658 size-1170_658\" alt=\"Eine H\u00fctte auf einem H\u00fcgel unter einem sternen\u00fcbers\u00e4ten Himmel mit der Milchstra\u00dfe in Sichtweite und leuchtenden Wolken darunter. (vergr\u00f6\u00dferte Ansicht)\" srcset=\"https:\/\/www.salzburgerland.com\/de\/wp-content\/uploads\/2021\/03\/rs3476_slt_menschenleer_brnx6670-edit-2-hpr-1170x658.jpg 1170w, https:\/\/www.salzburgerland.com\/de\/wp-content\/uploads\/2021\/03\/rs3476_slt_menschenleer_brnx6670-edit-2-hpr-768x432.jpg 768w, https:\/\/www.salzburgerland.com\/de\/wp-content\/uploads\/2021\/03\/rs3476_slt_menschenleer_brnx6670-edit-2-hpr-1536x864.jpg 1536w, https:\/\/www.salzburgerland.com\/de\/wp-content\/uploads\/2021\/03\/rs3476_slt_menschenleer_brnx6670-edit-2-hpr-1200x675.jpg 1200w, https:\/\/www.salzburgerland.com\/de\/wp-content\/uploads\/2021\/03\/rs3476_slt_menschenleer_brnx6670-edit-2-hpr.jpg 1920w\" sizes=\"(max-width: 1170px) 100vw, 1170px\" aria-describedby=\"figcaption-546573-546610\" itemprop=\"thumbnail\"><\/a><\/div>\n\t\t\t\t\t\t<span id=\"figcaption-546573-546610\" class=\"gallery-caption\" itemprop=\"caption\"><span aria-hidden=\"true\">\u00a9 SalzburgerLand Tourismus, Branislav Rohal \u2013 Schutzh\u00fctte am Gamskarkogel bei Nacht <\/span><\/span>\n\t\t\t\t\t<\/li>\n\t\t\t\t\t<li class=\"gallery-item col-3\" itemprop=\"associatedMedia\" itemscope itemtype=\"http:\/\/schema.org\/ImageObject\">\n\t\t\t\t\t\t<div class=\"gallery-icon landscape\"><a href=\"https:\/\/www.salzburgerland.com\/de\/wp-content\/uploads\/2021\/03\/rs3867_deniscebulec-x-salzburgerland-1092-lpr-1920x1067.jpg\" title=\"Panorama am Gamskarkogel\"><img decoding=\"async\" data-title=\"\u00a9 SalzburgerLand Tourismus, Denis Cebulec - Panorama am Gamskarkogel \" title=\"\u00a9 SalzburgerLand Tourismus, Denis Cebulec - Panorama am Gamskarkogel \" data-caption=\"\u00a9 SalzburgerLand Tourismus, Denis Cebulec - Panorama am Gamskarkogel \" width=\"1170\" height=\"658\" src=\"https:\/\/www.salzburgerland.com\/de\/wp-content\/uploads\/2021\/03\/rs3867_deniscebulec-x-salzburgerland-1092-lpr-1170x658.jpg\" class=\"attachment-1170_658 size-1170_658\" alt=\"Person, die bei Sonnenaufgang mit ausgestreckten Armen auf einem Berggipfel steht, mit sonnenbeschienenen H\u00fcgeln im Hintergrund. (vergr\u00f6\u00dferte Ansicht)\" srcset=\"https:\/\/www.salzburgerland.com\/de\/wp-content\/uploads\/2021\/03\/rs3867_deniscebulec-x-salzburgerland-1092-lpr-1170x658.jpg 1170w, https:\/\/www.salzburgerland.com\/de\/wp-content\/uploads\/2021\/03\/rs3867_deniscebulec-x-salzburgerland-1092-lpr-768x432.jpg 768w, https:\/\/www.salzburgerland.com\/de\/wp-content\/uploads\/2021\/03\/rs3867_deniscebulec-x-salzburgerland-1092-lpr-1536x864.jpg 1536w, https:\/\/www.salzburgerland.com\/de\/wp-content\/uploads\/2021\/03\/rs3867_deniscebulec-x-salzburgerland-1092-lpr-1200x675.jpg 1200w, https:\/\/www.salzburgerland.com\/de\/wp-content\/uploads\/2021\/03\/rs3867_deniscebulec-x-salzburgerland-1092-lpr.jpg 1920w\" sizes=\"(max-width: 1170px) 100vw, 1170px\" aria-describedby=\"figcaption-546573-546612\" itemprop=\"thumbnail\"><\/a><\/div>\n\t\t\t\t\t\t<span id=\"figcaption-546573-546612\" class=\"gallery-caption\" itemprop=\"caption\"><span aria-hidden=\"true\">\u00a9 SalzburgerLand Tourismus, Denis Cebulec \u2013 Panorama am Gamskarkogel <\/span><\/span>\n\t\t\t\t\t<\/li>\n\t\t\t\t<\/ul>\n\t\t\t<\/div><!-- .gallery -->\n\n<h2>#3 Zuerst der Schwei\u00df, dann der Preis \u2013 Berge und Seen im Salzkammergut erkunden<\/h2>\n<p>\u201cWenn ich so einen See seh, brauche ich kein Meer mehr\u201d. Wer diesen zugegebenerma\u00dfen etwas angestaubten Kalauer erfunden hat, ist uns nicht bekannt. Klar ist aber: Er muss aus dem Salzkammergut stammen. Nirgendwo sonst auf der Welt bilden Berge und Seen ein derma\u00dfen vollkommenes Ensemble wie hier, zwischen Fuschl- und Attersee. Die Kombination aus Berg und Wasser hat nicht nur den Kaiser erfreut, sondern auch alle, die sich nach einer Bergtour gerne mit einem Sprung ins k\u00fchle Nass belohnen m\u00f6chten. Wer den unvergleichlichen Habsburger-Charme des Salzkammerguts sp\u00fcren m\u00f6chte, der kommt an einer Schifffahrt \u00fcber den Wolfgangsee inklusive anschlie\u00dfender Fahrt mit der SchafbergBahn nicht vorbei. Die nostalgische Zahnradbahn tuckert schon seit Kaisers Zeiten auf den Schafberg und bietet eine Alternative zum Raufwandern. <a href=\"https:\/\/www.salzburgerland.com\/de\/magazin\/die-neue-sommerfrische-im-salzkammergut\/\" target=\"_blank\" rel=\"noopener\">Hier geht es zur \u201cneuen\u201d Sommerfrische im Salzkammergut<\/a>.<\/p>\n<div id=\"attachment_546585\" style=\"width: 1180px\" class=\"wp-caption alignnone\"><img decoding=\"async\" aria-describedby=\"caption-attachment-546585\" class=\"size-1170_658 wp-image-546585\" src=\"https:\/\/cdn.salzburgerland.com\/de\/wp-content\/uploads\/2021\/03\/rs3507_ii_9_mg-9531-lpr-1170x658.jpg\" alt=\"\" width=\"1170\" height=\"658\" srcset=\"https:\/\/www.salzburgerland.com\/de\/wp-content\/uploads\/2021\/03\/rs3507_ii_9_mg-9531-lpr-1170x658.jpg 1170w, https:\/\/www.salzburgerland.com\/de\/wp-content\/uploads\/2021\/03\/rs3507_ii_9_mg-9531-lpr-768x432.jpg 768w, https:\/\/www.salzburgerland.com\/de\/wp-content\/uploads\/2021\/03\/rs3507_ii_9_mg-9531-lpr-1536x864.jpg 1536w, https:\/\/www.salzburgerland.com\/de\/wp-content\/uploads\/2021\/03\/rs3507_ii_9_mg-9531-lpr-1200x675.jpg 1200w, https:\/\/www.salzburgerland.com\/de\/wp-content\/uploads\/2021\/03\/rs3507_ii_9_mg-9531-lpr.jpg 1920w\" sizes=\"(max-width: 1170px) 100vw, 1170px\"><p id=\"caption-attachment-546585\" class=\"wp-caption-text\">\u00a9 SalzburgerLand Tourismus, Franz Pritz \u2013 Der Gipfel des Frauenkopfs \u00fcber Fuschl und dem Fuschlsee<\/p><\/div>\n<h2>#4 SUP-er Sommer \u2013 Stand Up Paddeln im Salzburger Seenland<\/h2>\n<p>Beide Beine fest \u2026 am Board \u2013 und mit einem Paddel in der Hand \u00fcber den See gleiten. Vielleicht sogar auf der Suche nach dem perfekten Spot am Wasser oder in einer einsamen Bucht \u2013 f\u00fcr\u2019s nautische Picknick. Stand Up Paddeln ist die perfekte Mischung aus Sport, Entspannung und Erfrischung. Im Salzburger Seenland lassen sich gleich zwei Seen mit einem Paddelschlag erkunden. Daf\u00fcr m\u00fcsst ihr nicht einmal absteigen, denn ein idyllischer Kanal verbindet den Mattsee und den Obertrumer See. Zum Einsteigen eignet sich die Weyerbucht im Ortszentrum von Mattsee. Von dort aus paddelt ihr vorbei am Schloss Mattsee \u2013 Wahnsinns-Ausblick inklusive. Wer sich nicht zwischen SUP-Board und Yogamatte entscheiden kann, der startet am anderen Ende des Mattsees, im Strandbad Lochen am See. Hier bietet Yoga-Lehrerin Danique Yoga am Board an. Namaste am See! <a href=\"https:\/\/www.salzburgerland.com\/de\/magazin\/zwei-seen-mit-einem-paddelschlag-mattsee-und-obertrumer-see\/\" target=\"_blank\" rel=\"noopener\">Zum gem\u00fctlichen SUPen im Salzburger Seenland geht es hier<\/a>.<\/p>\n<p><iframe title=\"Bike &amp; SUP eintauchen - Salzburger Seeland\" width=\"500\" height=\"281\" src=\"https:\/\/www.youtube-nocookie.com\/embed\/ksmJ6RUimPs?feature=oembed&amp;rel=0&amp;modestbranding=1\" frameborder=\"0\" allow=\"accelerometer; autoplay; clipboard-write; encrypted-media; gyroscope; picture-in-picture; web-share\" referrerpolicy=\"strict-origin-when-cross-origin\" allowfullscreen><\/iframe><\/p>\n<h2>\u00a0#5 M\u00e4\u00e4(h)chtig gut an hei\u00dfen Tagen \u2013 Eisl Eis schlecken<\/h2>\n<p>Vom k\u00fchlen Nass zum k\u00fchlen Eis. Am Wolfgangsee lebt die Familie Eisl, die ihr Herz an Bio-Schafmilchprodukte verloren hat. Weil man das, was man liebt, gerne macht, wird auf dem Seegut Eisl seit 1982 Schafmilch in Genuss verwandelt. Begonnen hat die gro\u00dfe Liebesgeschichte mit zwei Schafen, heute wohnen am Hof 140 bl\u00f6kende Zeitgenossen. Die Vierbeiner werden zweimal t\u00e4glich gemolken, denn sie geben im Durchschnitt pro Tag nur rund 1,5 Liter Milch. Im Vergleich zur Kuh ist das sehr, sehr wenig<i>. <\/i>Seit einigen Jahren wird aus der wertvollen Milch neben K\u00e4se und Joghurt auch Eis hergestellt. In der ber\u00fchmten Salzburger Getreidegasse befindet sich der 1. Schafmilcheis-Salon \u00d6sterreichs, wo bewiesen wird, wie cremig Schafmilcheis schmecken kann. F\u00fcr das Eis haben die Eisl\u2019s auch schon das Goldene Stanitzel \u2013 also die Auszeichnung f\u00fcr das beste Speiseeis in \u00d6sterreich \u2013 eingeheimst. Tipp: Unbedingt die Sorten Heidelbeer-Rosmarin und Mohn probieren! <a href=\"https:\/\/www.salzburgerland.com\/de\/magazin\/bio-schafmilcheis-vom-schafbauern-eisl\/\" target=\"_blank\" rel=\"noopener\">Hier k\u00f6nnt ihr euch schon mal Gusto holen<\/a>. Wenn ihr am Wolfgangsee unterwegs seid, k\u00f6nnt ihr euch <span>das Eis auch direkt im Hofladen mit dem klingenden Namen <a href=\"https:\/\/www.seegut-eisl.at\/wo-du-uns-findest\/ab-hof-verkauf\/\" target=\"_blank\" rel=\"noopener\">Wolke7<\/a>\u00a0 perfekt als Abk\u00fchlung beim Baden oder nach dem Wandern \u2013 oder zur Pause bei einer Radtour am Wolfgangsee, das Schafmilchparadies liegt genau am Radweg. Dabei k\u00f6nnt ihr sogar durch eine Glaswand zuschauen, wie in einem Melk-Karussell die Schafe gemolken werden.<\/span><\/p>\n<div id=\"attachment_546623\" style=\"width: 1180px\" class=\"wp-caption alignnone\"><img decoding=\"async\" aria-describedby=\"caption-attachment-546623\" class=\"size-1170_658 wp-image-546623\" src=\"https:\/\/cdn.salzburgerland.com\/de\/wp-content\/uploads\/2021\/03\/eisleis_salon_ckirchberger_290-1170x658.jpg\" alt=\"\" width=\"1170\" height=\"658\" srcset=\"https:\/\/www.salzburgerland.com\/de\/wp-content\/uploads\/2021\/03\/eisleis_salon_ckirchberger_290-1170x658.jpg 1170w, https:\/\/www.salzburgerland.com\/de\/wp-content\/uploads\/2021\/03\/eisleis_salon_ckirchberger_290-768x432.jpg 768w, https:\/\/www.salzburgerland.com\/de\/wp-content\/uploads\/2021\/03\/eisleis_salon_ckirchberger_290-1536x864.jpg 1536w, https:\/\/www.salzburgerland.com\/de\/wp-content\/uploads\/2021\/03\/eisleis_salon_ckirchberger_290-1200x675.jpg 1200w, https:\/\/www.salzburgerland.com\/de\/wp-content\/uploads\/2021\/03\/eisleis_salon_ckirchberger_290.jpg 1920w\" sizes=\"(max-width: 1170px) 100vw, 1170px\"><p id=\"caption-attachment-546623\" class=\"wp-caption-text\">\u00a9 Helge Kirchberger Photography \u2013 Das Eisl-Eis. Wer kann der Versuchung widerstehen?<\/p><\/div>\n<h2>\u00a0#6 Wandern im Tal der Almen \u2013 die Qual der (H\u00fctten)-Wahl<\/h2>\n<p>Am Berg braucht ihr all eure Sinne. Und damit euer Geh\u00f6rsinn nicht von lautem Magenknurren beeintr\u00e4chtigt wird, hier eine wichtige Information f\u00fcr alle Wandersleut\u2019: Wer sich viel an der frischen Luft bewegt, bekommt automatisch Hunger. Und der wird in den Bergen des SalzburgerLandes am besten bei einer deftigen Almjause gestillt, in der man manchmal \u00fcbrigens auch den Bio-Schafmilchk\u00e4se vom Eisl findet. Wenn Kulinarik und Almen in einem Satz fallen, dann ist meistens vom Gro\u00dfarltal die Rede. Dieses macht seinem Beinamen \u201eTal der Almen\u201c alle Ehre: Auf \u00fcber 40 bewirtschafteten Almen warten auf euch frisch gebackenes Brot, ger\u00e4ucherter Speck und selbstgemachter K\u00e4se. Ist der Hunger gestillt, geht\u2019s wieder weiter. \u00dcbrigens: Obwohl man sich am kulinarischen Angebot des Gro\u00dfarltales zwar wunderbar sattessen kann, werdet ihr euch an einem niemals sattsehen: an der Natur im Gro\u00dfarltal. <a href=\"https:\/\/www.salzburgerland.com\/de\/magazin\/grossarl-tal-der-almen\/\" target=\"_blank\" rel=\"noopener\">Ihr wollt endlich los? Dann holt euch hier einige Eindr\u00fccke<\/a>.<\/p>\n\n\t\t\t<div id=\"546573-2\" class=\"gallery gallery-546573 gallery-columns-3 gallery-size-1170_658\" itemscope itemtype=\"http:\/\/schema.org\/ImageGallery\">\n\t\t\t\t<ul class=\"gallery-row gallery-col-3 gallery-clear\">\n\t\t\t\t\t<li class=\"gallery-item col-3\" itemprop=\"associatedMedia\" itemscope itemtype=\"http:\/\/schema.org\/ImageObject\">\n\t\t\t\t\t\t<div class=\"gallery-icon landscape\"><a href=\"https:\/\/www.salzburgerland.com\/de\/wp-content\/uploads\/2020\/08\/slt_grossarltal_almenwanderweg_chrisperkles-43-1920x1067.jpg\" title=\"Gro\u00dfarltal, Almenwanderweg, Salzburger Almenweg, SalzburgerLand\"><img decoding=\"async\" data-title=\"\" title=\"\" data-caption=\"\" width=\"1170\" height=\"658\" src=\"https:\/\/www.salzburgerland.com\/de\/wp-content\/uploads\/2020\/08\/slt_grossarltal_almenwanderweg_chrisperkles-43-1170x658.jpg\" class=\"attachment-1170_658 size-1170_658\" alt=\"Zwei Frauen wandern mit Trekkingst\u00f6cken auf einem gr\u00fcnen Bergpfad unter einem teilweise bew\u00f6lkten Himmel. (vergr\u00f6\u00dferte Ansicht)\" srcset=\"https:\/\/www.salzburgerland.com\/de\/wp-content\/uploads\/2020\/08\/slt_grossarltal_almenwanderweg_chrisperkles-43-1170x658.jpg 1170w, https:\/\/www.salzburgerland.com\/de\/wp-content\/uploads\/2020\/08\/slt_grossarltal_almenwanderweg_chrisperkles-43-1200x675.jpg 1200w\" sizes=\"(max-width: 1170px) 100vw, 1170px\" itemprop=\"thumbnail\"><\/a><\/div>\n\t\t\t\t\t<\/li>\n\t\t\t\t\t<li class=\"gallery-item col-3\" itemprop=\"associatedMedia\" itemscope itemtype=\"http:\/\/schema.org\/ImageObject\">\n\t\t\t\t\t\t<div class=\"gallery-icon landscape\"><a href=\"https:\/\/www.salzburgerland.com\/de\/wp-content\/uploads\/2021\/03\/rs3756_slt_grossarl_almenweg_chrisperkles-26-hpr-1920x1067.jpg\" title=\"K\u00e4seplatte von der Karseggalm\"><img decoding=\"async\" data-title=\"\u00a9 SalzburgerLand Tourismus, Chris Perkles\" title=\"\u00a9 SalzburgerLand Tourismus, Chris Perkles\" data-caption=\"\u00a9 SalzburgerLand Tourismus, Chris Perkles\" width=\"1170\" height=\"658\" src=\"https:\/\/www.salzburgerland.com\/de\/wp-content\/uploads\/2021\/03\/rs3756_slt_grossarl_almenweg_chrisperkles-26-hpr-1170x658.jpg\" class=\"attachment-1170_658 size-1170_658\" alt=\"Eine Holzplatte mit verschiedenen K\u00e4sesorten, Kr\u00e4utern und Gurken auf einem rustikalen Holztisch. (vergr\u00f6\u00dferte Ansicht)\" srcset=\"https:\/\/www.salzburgerland.com\/de\/wp-content\/uploads\/2021\/03\/rs3756_slt_grossarl_almenweg_chrisperkles-26-hpr-1170x658.jpg 1170w, https:\/\/www.salzburgerland.com\/de\/wp-content\/uploads\/2021\/03\/rs3756_slt_grossarl_almenweg_chrisperkles-26-hpr-768x432.jpg 768w, https:\/\/www.salzburgerland.com\/de\/wp-content\/uploads\/2021\/03\/rs3756_slt_grossarl_almenweg_chrisperkles-26-hpr-1536x864.jpg 1536w, https:\/\/www.salzburgerland.com\/de\/wp-content\/uploads\/2021\/03\/rs3756_slt_grossarl_almenweg_chrisperkles-26-hpr-1200x675.jpg 1200w, https:\/\/www.salzburgerland.com\/de\/wp-content\/uploads\/2021\/03\/rs3756_slt_grossarl_almenweg_chrisperkles-26-hpr.jpg 1920w\" sizes=\"(max-width: 1170px) 100vw, 1170px\" aria-describedby=\"figcaption-546573-546614\" itemprop=\"thumbnail\"><\/a><\/div>\n\t\t\t\t\t\t<span id=\"figcaption-546573-546614\" class=\"gallery-caption\" itemprop=\"caption\"><span aria-hidden=\"true\">\u00a9 SalzburgerLand Tourismus, Chris Perkles<\/span><\/span>\n\t\t\t\t\t<\/li>\n\t\t\t\t\t<li class=\"gallery-item col-3\" itemprop=\"associatedMedia\" itemscope itemtype=\"http:\/\/schema.org\/ImageObject\">\n\t\t\t\t\t\t<div class=\"gallery-icon landscape\"><a href=\"https:\/\/www.salzburgerland.com\/de\/wp-content\/uploads\/2021\/03\/rs3827_slt_grossarl_almenweg_chrisperkles-33-scr-1920x1067.jpg\" title=\"Karseggalm\"><img decoding=\"async\" data-title=\"\u00a9 SalzburgerLand Tourismus, Chris Perkles\" title=\"\u00a9 SalzburgerLand Tourismus, Chris Perkles\" data-caption=\"\u00a9 SalzburgerLand Tourismus, Chris Perkles\" width=\"1170\" height=\"658\" src=\"https:\/\/www.salzburgerland.com\/de\/wp-content\/uploads\/2021\/03\/rs3827_slt_grossarl_almenweg_chrisperkles-33-scr-1170x658.jpg\" class=\"attachment-1170_658 size-1170_658\" alt=\"Eine kleine H\u00fctte liegt auf einem gr\u00fcnen H\u00fcgel, umgeben von B\u00e4umen und Bergen, unter einem blauen Himmel. (vergr\u00f6\u00dferte Ansicht)\" srcset=\"https:\/\/www.salzburgerland.com\/de\/wp-content\/uploads\/2021\/03\/rs3827_slt_grossarl_almenweg_chrisperkles-33-scr-1170x658.jpg 1170w, https:\/\/www.salzburgerland.com\/de\/wp-content\/uploads\/2021\/03\/rs3827_slt_grossarl_almenweg_chrisperkles-33-scr-768x432.jpg 768w, https:\/\/www.salzburgerland.com\/de\/wp-content\/uploads\/2021\/03\/rs3827_slt_grossarl_almenweg_chrisperkles-33-scr-1536x864.jpg 1536w, https:\/\/www.salzburgerland.com\/de\/wp-content\/uploads\/2021\/03\/rs3827_slt_grossarl_almenweg_chrisperkles-33-scr-1200x675.jpg 1200w, https:\/\/www.salzburgerland.com\/de\/wp-content\/uploads\/2021\/03\/rs3827_slt_grossarl_almenweg_chrisperkles-33-scr.jpg 1920w\" sizes=\"(max-width: 1170px) 100vw, 1170px\" aria-describedby=\"figcaption-546573-546613\" itemprop=\"thumbnail\"><\/a><\/div>\n\t\t\t\t\t\t<span id=\"figcaption-546573-546613\" class=\"gallery-caption\" itemprop=\"caption\"><span aria-hidden=\"true\">\u00a9 SalzburgerLand Tourismus, Chris Perkles<\/span><\/span>\n\t\t\t\t\t<\/li>\n\t\t\t\t<\/ul>\n\t\t\t<\/div><!-- .gallery -->\n\n<h2>\u00a0#7 Kr\u00e4uterkunde in Obertauern \u2013 von der Tauernhex lernen<\/h2>\n<p><span>Kulinarisches gibt\u2019s im Sommer nicht nur auf ausgewiesenen Kr\u00e4uteralmen, sondern auch in den Bauerngartln und auf den Kr\u00e4uterwegen des SalzburgerLandes. Verziehen sich erst Schnee und Eis, wagen sich \u00fcber 200 Heilkr\u00e4uter aus ihrem sicheren Versteck unter der Erde. Das freut Menschen wie Michaela Veit besonders. Mit ganz viel Respekt f\u00fcr die Natur verwandelt die Kr\u00e4uterp\u00e4dagogin wertvolle Pflanzen in Salben, Tinkturen und \u00d6le. Mit ihrem Wissen geizt Michaela nicht. Im Sommer weiht sie G\u00e4ste bei ihren Kr\u00e4uterwanderungen in die Geheimnisse der Natur ein, erz\u00e4hlt, welche Pflanzerl sich f\u00fcr Sirup eignen und welche Gelenksschmerzen verjagen. Als \u201eTauernhex\u201c bietet sie auch Kochkurse und Outdoortrainings an und zeigt, wie man sogar \u201eUnkraut\u201c zu Tee, Aufstrichen oder Suppen verarbeiten kann.<\/span><a href=\"https:\/\/www.salzburgerland.com\/de\/magazin\/michaela-veit-die-tauernhex-vom-obertauern\/\" target=\"_blank\" rel=\"noopener\"> <span>Hier findet ihr ein Portrait \u00fcber Michaela und ihre Kr\u00e4uter<\/span><\/a><span>.<\/span><\/p>\n<div id=\"attachment_547297\" style=\"width: 1180px\" class=\"wp-caption alignnone\"><img decoding=\"async\" aria-describedby=\"caption-attachment-547297\" class=\"size-1170_658 wp-image-547297\" src=\"https:\/\/cdn.salzburgerland.com\/de\/wp-content\/uploads\/2021\/03\/tauernhex-1170x658.jpg\" alt=\"\" width=\"1170\" height=\"658\" srcset=\"https:\/\/www.salzburgerland.com\/de\/wp-content\/uploads\/2021\/03\/tauernhex-1170x658.jpg 1170w, https:\/\/www.salzburgerland.com\/de\/wp-content\/uploads\/2021\/03\/tauernhex-768x432.jpg 768w, https:\/\/www.salzburgerland.com\/de\/wp-content\/uploads\/2021\/03\/tauernhex-1536x864.jpg 1536w, https:\/\/www.salzburgerland.com\/de\/wp-content\/uploads\/2021\/03\/tauernhex-1200x675.jpg 1200w, https:\/\/www.salzburgerland.com\/de\/wp-content\/uploads\/2021\/03\/tauernhex.jpg 1920w\" sizes=\"(max-width: 1170px) 100vw, 1170px\"><p id=\"caption-attachment-547297\" class=\"wp-caption-text\">\u00a9 Michaela Veit \u2013 Die Tauernhex bei ihrer Arbeit<\/p><\/div>\n<h2>#8 Alles K\u00e4se im Tennengau \u2013 K\u00e4se-Genusstour auf zwei R\u00e4dern<\/h2>\n<p><span>Bleiben wir gleich beim Stichwort Aufstrich: K\u00e4seliebhaber aller Welt, ihr m\u00fcsst jetzt stark sein, denn ein Besuch im SalzburgerLand wird euch sehr viele Entscheidungen abverlangen! Kr\u00e4uterk\u00e4se, Butterk\u00e4se, Ziegenk\u00e4se, Weichk\u00e4se \u2013 und das ist nur ein kleiner Einblick in die Genusswelt der Tennengauer K\u00e4semacher. Um den G\u00e4sten die Vielfalt n\u00e4her zu bringen, haben sich die Gourmets der Genuss- &amp; ErlebnisRegion Tennengau ein ganz besonderes K\u00e4se-Erlebnis ausgedacht. Bei der K\u00e4se-Genuss-Tour geht es auf 21,5 Kilometern mit dem Rad durch die herrliche Landschaft zu Alm-K\u00e4sereien, Hofl\u00e4den und Gasth\u00e4usern. Insgesamt acht Stationen in den Orten Kuchl, Golling und Bad Vigaun laden entlang des Weges zum Einkehrschwung mit K\u00e4severkostung ein. Ein Genuss f\u00fcr Kopf, K\u00f6rper und Gaumen, denn Interessierte lernen jede Menge Wissenswertes \u00fcber die Entstehung des Kulturguts K\u00e4se. Sp\u00e4testens jetzt habt ihr aber Appetit bekommen, oder?<\/span> <a href=\"https:\/\/www.salzburgerland.com\/de\/magazin\/die-kaese-genuss-tour\" target=\"_blank\" rel=\"noopener\"><span>Hier erf\u00e4hrt ihr mehr \u00fcber diese kulinarische Rad-Tour<\/span><\/a><span>.<\/span><\/p>\n<div id=\"attachment_546618\" style=\"width: 1180px\" class=\"wp-caption alignnone\"><img decoding=\"async\" aria-describedby=\"caption-attachment-546618\" class=\"size-1170_658 wp-image-546618\" src=\"https:\/\/cdn.salzburgerland.com\/de\/wp-content\/uploads\/2021\/03\/rs1124_dsc_7439-lpr-1170x658.jpg\" alt=\"\" width=\"1170\" height=\"658\" srcset=\"https:\/\/www.salzburgerland.com\/de\/wp-content\/uploads\/2021\/03\/rs1124_dsc_7439-lpr-1170x658.jpg 1170w, https:\/\/www.salzburgerland.com\/de\/wp-content\/uploads\/2021\/03\/rs1124_dsc_7439-lpr-768x432.jpg 768w, https:\/\/www.salzburgerland.com\/de\/wp-content\/uploads\/2021\/03\/rs1124_dsc_7439-lpr-1536x864.jpg 1536w, https:\/\/www.salzburgerland.com\/de\/wp-content\/uploads\/2021\/03\/rs1124_dsc_7439-lpr-1200x675.jpg 1200w, https:\/\/www.salzburgerland.com\/de\/wp-content\/uploads\/2021\/03\/rs1124_dsc_7439-lpr.jpg 1920w\" sizes=\"(max-width: 1170px) 100vw, 1170px\"><p id=\"caption-attachment-546618\" class=\"wp-caption-text\">\u00a9 SalzburgerLand Tourismus, Achim Meurer \u2013 K\u00e4se-Wegweiser im Tennengau<\/p><\/div>\n<h2>\u00a0#9 Rauf, runter, mittendurch \u2013\u00a0E-Biken im Salzburger Saalachtal<\/h2>\n<p>Im Salzburger Saalachtal wird die gem\u00e4chlichere Radtour gegen eine actionreichere getauscht. Dort, wo die wilden Wasser der Saalach rauschen und Wasserf\u00e4lle mit ohrenbet\u00e4ubendem L\u00e4rm in den Abgrund tosen, kann man die Berg- und Talwelt der Region auf zwei R\u00e4dern erkunden. Wer f\u00fcr eine Ausfahrt das E-Bike w\u00e4hlt, tritt mit weniger Kraftaufwand in die Pedale und stattet auch Pl\u00e4tzen in den Bergen problemlos einen Besuch ab. Die Region hat sich als eine der ersten in ganz \u00d6sterreich auf die Bed\u00fcrfnisse von E-Bikern eingestellt. Heute stehen im Salzburger Saalachtal \u00fcber 100 Leih-E-Bikes sowie unz\u00e4hlige Ladestationen und bikefreundliche Unterk\u00fcnfte bereit und somit einem rad-tastischen Urlaub nichts mehr im Weg. <a href=\"https:\/\/www.salzburgerland.com\/de\/e-bike-salzburger-saalachtal\/\" target=\"_blank\" rel=\"noopener\">Ihr wollt euch ein Bild davon machen?<\/a> Gerne!<\/p>\n<div id=\"attachment_149837\" style=\"width: 1180px\" class=\"wp-caption alignnone\"><img decoding=\"async\" aria-describedby=\"caption-attachment-149837\" class=\"size-1170_658 wp-image-149837\" src=\"https:\/\/cdn.salzburgerland.com\/de\/wp-content\/uploads\/2017\/04\/161013-weg-3-0378_copyright-1170x658.jpg\" alt=\"P\u00e4rchen auf Mountainbike im Salzburger Saalachtal\" width=\"1170\" height=\"658\"><p id=\"caption-attachment-149837\" class=\"wp-caption-text\">\u00a9 Robert Maybach \u2013 Biketour im Salzburger Saalachtal<\/p><\/div>\n<h2>#10 Kultur unter freiem Himmel genie\u00dfen \u2013 Von klassisch bis jazzig<\/h2>\n<p>Im Sommer d\u00fcrft ihr euch im SalzburgerLand nicht nur auf viele Bergerlebnisse, Radtouren und H\u00fcttenkulinarik freuen, sondern auch auf eine bl\u00fchende Kulturszene, deren Programm in den warmen Monaten oft nach drau\u00dfen wandert. In der Stadt Salzburg gehen im August die weltber\u00fchmten <a href=\"https:\/\/www.salzburgerland.com\/de\/salzburger-festspiele\/\">Salzburger Festspiele<\/a> \u00fcber die B\u00fchne. Hier verwandelt sich ein ganzer Stadtteil in den \u201eFestspielbezirk\u201c, der gleichzeitig Gastgeber f\u00fcr Auff\u00fchrungen aus den Bereichen Oper, Schauspiel und Konzerte ist. Das Highlight ist mit Sicherheit die Abendstimmung am Domplatz, die vom fernen Jedermann-Ruf durchbrochen wird und sp\u00e4testens dann G\u00e4nsehaut aufkommen l\u00e4sst. Fast zeitgleich treffen sich im 70 Kilometer entfernten Saalfelden Jazzgr\u00f6\u00dfen aus aller Welt. Beim Internationalen Jazzfestival finden innerhalb weniger Tage mehr als 50 Konzerte auf Almen, im Stadtpark, im Museum oder auf der Dachterrasse statt. <a href=\"https:\/\/www.jazzsaalfelden.com\/de\" target=\"_blank\" rel=\"noopener\">Musik an \u2013 hier kommt ihr zum Internationalen Jazzfestival nach Saalfelden!<\/a><\/p>\n\n\t\t\t<div id=\"546573-3\" class=\"gallery gallery-546573 gallery-columns-3 gallery-size-1170_658\" itemscope itemtype=\"http:\/\/schema.org\/ImageGallery\">\n\t\t\t\t<ul class=\"gallery-row gallery-col-3 gallery-clear\">\n\t\t\t\t\t<li class=\"gallery-item col-3\" itemprop=\"associatedMedia\" itemscope itemtype=\"http:\/\/schema.org\/ImageObject\">\n\t\t\t\t\t\t<div class=\"gallery-icon landscape\"><a href=\"https:\/\/www.salzburgerland.com\/de\/wp-content\/uploads\/2016\/08\/sbg_festspiele_jedermann-auffuehrung-salzburg-2015_tsg-e1497885071965-1920x1067.jpg\" title=\"Jedermann Salzburg Festspiele\"><img decoding=\"async\" data-title=\"\u00a9 Tourismus Salzburg GmbH, G.Breitegger - Jedermann Salzburg\" title=\"\u00a9 Tourismus Salzburg GmbH, G.Breitegger - Jedermann Salzburg\" data-caption=\"\u00a9 Tourismus Salzburg GmbH, G.Breitegger - Jedermann Salzburg\" width=\"1170\" height=\"658\" src=\"https:\/\/www.salzburgerland.com\/de\/wp-content\/uploads\/2016\/08\/sbg_festspiele_jedermann-auffuehrung-salzburg-2015_tsg-e1497885071965-1170x658.jpg\" class=\"attachment-1170_658 size-1170_658\" alt=\"Luftaufnahme des Salzburger Doms w\u00e4hrend der Salzburger Festspiele, mit \u00f6sterreichischen Bergen und einer Menschenmenge auf dem Platz. (vergr\u00f6\u00dferte Ansicht)\" srcset=\"https:\/\/www.salzburgerland.com\/de\/wp-content\/uploads\/2016\/08\/sbg_festspiele_jedermann-auffuehrung-salzburg-2015_tsg-e1497885071965-1170x658.jpg 1170w, https:\/\/www.salzburgerland.com\/de\/wp-content\/uploads\/2016\/08\/sbg_festspiele_jedermann-auffuehrung-salzburg-2015_tsg-e1497885071965-1200x675.jpg 1200w\" sizes=\"(max-width: 1170px) 100vw, 1170px\" aria-describedby=\"figcaption-546573-84922\" itemprop=\"thumbnail\"><\/a><\/div>\n\t\t\t\t\t\t<span id=\"figcaption-546573-84922\" class=\"gallery-caption\" itemprop=\"caption\"><span aria-hidden=\"true\">\u00a9 Tourismus Salzburg GmbH, G.Breitegger \u2013 Jedermann Salzburg<\/span><\/span>\n\t\t\t\t\t<\/li>\n\t\t\t\t\t<li class=\"gallery-item col-3\" itemprop=\"associatedMedia\" itemscope itemtype=\"http:\/\/schema.org\/ImageObject\">\n\t\t\t\t\t\t<div class=\"gallery-icon landscape\"><a href=\"https:\/\/www.salzburgerland.com\/de\/wp-content\/uploads\/2016\/08\/festspiele2011_jedermann_tsg-1920x1067.jpg\" title=\"Salzburger Festspiele\"><img decoding=\"async\" data-title=\"\u00a9 Tourismus Salzburg GmbH - Salzburger Festspiele\" title=\"\u00a9 Tourismus Salzburg GmbH - Salzburger Festspiele\" data-caption=\"\u00a9 Tourismus Salzburg GmbH - Salzburger Festspiele\" width=\"1170\" height=\"658\" src=\"https:\/\/www.salzburgerland.com\/de\/wp-content\/uploads\/2016\/08\/festspiele2011_jedermann_tsg-1170x658.jpg\" class=\"attachment-1170_658 size-1170_658\" alt=\"Eine gro\u00dfe Menschenmenge genie\u00dft \u00f6sterreichische kulturelle Highlights im Salzburger Land bei einer Freiluft-Show an einem gro\u00dfen historischen Geb\u00e4ude und einer Festung. (vergr\u00f6\u00dferte Ansicht)\" aria-describedby=\"figcaption-546573-84868\" itemprop=\"thumbnail\"><\/a><\/div>\n\t\t\t\t\t\t<span id=\"figcaption-546573-84868\" class=\"gallery-caption\" itemprop=\"caption\"><span aria-hidden=\"true\">\u00a9 Tourismus Salzburg GmbH \u2013 Salzburger Festspiele<\/span><\/span>\n\t\t\t\t\t<\/li>\n\t\t\t\t\t<li class=\"gallery-item col-3\" itemprop=\"associatedMedia\" itemscope itemtype=\"http:\/\/schema.org\/ImageObject\">\n\t\t\t\t\t\t<div class=\"gallery-icon landscape\"><a href=\"https:\/\/www.salzburgerland.com\/de\/wp-content\/uploads\/2016\/11\/saalfelden-sommer-jazzfestival-c-artisual-1920x1067.jpg\" title=\"saalfelden-sommer-jazzfestival (c) artisual\"><img decoding=\"async\" data-title=\"\u00a9 Artisual.at - Das Jazzfestival Saalfelden begeistert Musikfans.\" title=\"\u00a9 Artisual.at - Das Jazzfestival Saalfelden begeistert Musikfans.\" data-caption=\"\u00a9 Artisual.at - Das Jazzfestival Saalfelden begeistert Musikfans.\" width=\"1170\" height=\"658\" src=\"https:\/\/www.salzburgerland.com\/de\/wp-content\/uploads\/2016\/11\/saalfelden-sommer-jazzfestival-c-artisual-1170x658.jpg\" class=\"attachment-1170_658 size-1170_658\" alt=\"Das Jazzfestival Saalfelden begeistert Musikfans. (vergr\u00f6\u00dferte Ansicht)\" aria-describedby=\"figcaption-546573-84251\" itemprop=\"thumbnail\"><\/a><\/div>\n\t\t\t\t\t\t<span id=\"figcaption-546573-84251\" class=\"gallery-caption\" itemprop=\"caption\"><span aria-hidden=\"true\">\u00a9 Artisual.at \u2013 Das Jazzfestival Saalfelden begeistert Musikfans.<\/span><\/span>\n\t\t\t\t\t<\/li>\n\t\t\t\t<\/ul>\n\t\t\t<\/div><!-- .gallery -->\n\n","protected":false},"excerpt":{"rendered":"<p>#1 Unten ohne \u2013 Barfu\u00dfgehen im Salzburger Lungau F\u00fcr viele von uns ist das Barfu\u00dfgehen im taunassen Gras eine der sch\u00f6nsten Kindheitserinnerungen. Schade eigentlich, dass wir als Erwachsene immer seltener die Schuhe und Socken ausziehen, um den Boden unter unseren F\u00fc\u00dfen zu sp\u00fcren. Dabei zeigen viele Studien, dass Barfu\u00dfgehen nicht nur angenehm, sondern auch gesund [&hellip;]<\/p>\n","protected":false},"author":57,"featured_media":546629,"comment_status":"closed","ping_status":"closed","sticky":false,"template":"","format":"standard","meta":{"_acf_changed":false,"wl_entities_gutenberg":"","_relevanssi_hide_post":"","_relevanssi_hide_content":"","_relevanssi_pin_for_all":"","_relevanssi_pin_keywords":"","_relevanssi_unpin_keywords":"","_relevanssi_related_keywords":"","_relevanssi_related_include_ids":"","_relevanssi_related_exclude_ids":"","_relevanssi_related_no_append":"","_relevanssi_related_not_related":"","_relevanssi_related_posts":"","_relevanssi_noindex_reason":"","footnotes":""},"categories":[1],"tags":[],"wl_entity_type":[11495],"class_list":["post-546573","post","type-post","status-publish","format-standard","has-post-thumbnail","hentry","category-allgemein","wl_entity_type-article"],"acf":[],"yoast_head":"<!-- This site is optimized with the Yoast SEO Premium plugin v26.9 (Yoast SEO v26.9) - https:\/\/yoast.com\/product\/yoast-seo-premium-wordpress\/ -->\n<title>10 Gr\u00fcnde, warum wir uns auf den Sommer im SalzburgerLand freuen \u00bb SalzburgerLand.com<\/title>\n<meta name=\"robots\" content=\"index, follow, max-snippet:-1, max-image-preview:large, max-video-preview:-1\" \/>\n<link rel=\"canonical\" href=\"https:\/\/www.salzburgerland.com\/de\/wp-json\/wp\/v2\/posts\/546573\" \/>\n<meta property=\"og:locale\" content=\"de_DE\" \/>\n<meta property=\"og:type\" content=\"article\" \/>\n<meta property=\"og:title\" content=\"10 Gr\u00fcnde, warum wir uns auf den Sommer im SalzburgerLand freuen\" \/>\n<meta property=\"og:description\" content=\"Was die warme Jahreszeit im SalzburgerLand f\u00fcr euch bereith\u00e4lt und warum wir uns noch lange an diesen Sommer erinnern werden.\" \/>\n<meta property=\"og:url\" content=\"https:\/\/www.salzburgerland.com\/de\/wp-json\/wp\/v2\/posts\/546573\" \/>\n<meta property=\"og:site_name\" content=\"SalzburgerLand.com\" \/>\n<meta property=\"article:publisher\" content=\"https:\/\/www.facebook.com\/salzburgerland\/\" \/>\n<meta property=\"article:published_time\" content=\"2021-03-22T08:28:28+00:00\" \/>\n<meta property=\"article:modified_time\" content=\"2026-04-08T08:52:36+00:00\" \/>\n<meta property=\"og:image\" content=\"https:\/\/www.salzburgerland.com\/de\/wp-content\/uploads\/2021\/03\/rs4091_2020-08-27-sltg-fruehstueck-am-see-by-michael-groessinger-_a2a7479-lpr-1200x675.jpg\" \/>\n\t<meta property=\"og:image:width\" content=\"1200\" \/>\n\t<meta property=\"og:image:height\" content=\"675\" \/>\n\t<meta property=\"og:image:type\" content=\"image\/jpeg\" \/>\n<meta name=\"author\" content=\"Miriam Kreiseder\" \/>\n<meta name=\"twitter:card\" content=\"summary_large_image\" \/>\n<meta name=\"twitter:creator\" content=\"@Salzburgerland\" \/>\n<meta name=\"twitter:site\" content=\"@Salzburgerland\" \/>\n<meta name=\"twitter:label1\" content=\"Verfasst von\" \/>\n\t<meta name=\"twitter:data1\" content=\"Miriam Kreiseder\" \/>\n\t<meta name=\"twitter:label2\" content=\"Gesch\u00e4tzte Lesezeit\" \/>\n\t<meta name=\"twitter:data2\" content=\"11\u00a0Minuten\" \/>\n<script type=\"application\/ld+json\" class=\"yoast-schema-graph\">{\"@context\":\"https:\/\/schema.org\",\"@graph\":[{\"@type\":\"WebPage\",\"@id\":\"https:\/\/www.salzburgerland.com\/de\/10-gruende-warum-wir-uns-auf-den-sommer-im-salzburgerland-freuen\/\",\"url\":\"https:\/\/www.salzburgerland.com\/de\/10-gruende-warum-wir-uns-auf-den-sommer-im-salzburgerland-freuen\/\",\"name\":\"10 Gr\u00fcnde, warum wir uns auf den Sommer im SalzburgerLand freuen \u00bb SalzburgerLand.com\",\"isPartOf\":{\"@id\":\"https:\/\/www.salzburgerland.com\/de\/#website\"},\"primaryImageOfPage\":{\"@id\":\"https:\/\/www.salzburgerland.com\/de\/10-gruende-warum-wir-uns-auf-den-sommer-im-salzburgerland-freuen\/#primaryimage\"},\"image\":{\"@id\":\"https:\/\/www.salzburgerland.com\/de\/10-gruende-warum-wir-uns-auf-den-sommer-im-salzburgerland-freuen\/#primaryimage\"},\"thumbnailUrl\":\"https:\/\/www.salzburgerland.com\/de\/wp-content\/uploads\/2021\/03\/rs4091_2020-08-27-sltg-fruehstueck-am-see-by-michael-groessinger-_a2a7479-lpr.jpg\",\"datePublished\":\"2021-03-22T08:28:28+00:00\",\"dateModified\":\"2026-04-08T08:52:36+00:00\",\"description\":\"Was die warme Jahreszeit im SalzburgerLand f\u00fcr euch bereith\u00e4lt und warum wir uns noch lange an diesen Sommer erinnern werden.\",\"breadcrumb\":{\"@id\":\"https:\/\/www.salzburgerland.com\/de\/10-gruende-warum-wir-uns-auf-den-sommer-im-salzburgerland-freuen\/#breadcrumb\"},\"inLanguage\":\"de\",\"potentialAction\":[{\"@type\":\"ReadAction\",\"target\":[\"https:\/\/www.salzburgerland.com\/de\/10-gruende-warum-wir-uns-auf-den-sommer-im-salzburgerland-freuen\/\"]}]},{\"@type\":\"ImageObject\",\"inLanguage\":\"de\",\"@id\":\"https:\/\/www.salzburgerland.com\/de\/10-gruende-warum-wir-uns-auf-den-sommer-im-salzburgerland-freuen\/#primaryimage\",\"url\":\"https:\/\/www.salzburgerland.com\/de\/wp-content\/uploads\/2021\/03\/rs4091_2020-08-27-sltg-fruehstueck-am-see-by-michael-groessinger-_a2a7479-lpr.jpg\",\"contentUrl\":\"https:\/\/www.salzburgerland.com\/de\/wp-content\/uploads\/2021\/03\/rs4091_2020-08-27-sltg-fruehstueck-am-see-by-michael-groessinger-_a2a7479-lpr.jpg\",\"width\":1920,\"height\":1080,\"caption\":\"\u00a9 SalzburgerLand Tourismus, Michael Groessinger\"},{\"@type\":\"BreadcrumbList\",\"@id\":\"https:\/\/www.salzburgerland.com\/de\/10-gruende-warum-wir-uns-auf-den-sommer-im-salzburgerland-freuen\/#breadcrumb\",\"itemListElement\":[{\"@type\":\"ListItem\",\"position\":1,\"name\":\"Daf\u00fcr leben wir\",\"item\":\"https:\/\/www.salzburgerland.com\/de\/dafuer-leben-wir\/\"},{\"@type\":\"ListItem\",\"position\":2,\"name\":\"10 Gr\u00fcnde, warum wir uns auf den Sommer im SalzburgerLand freuen\"}]},{\"@type\":\"WebSite\",\"@id\":\"https:\/\/www.salzburgerland.com\/de\/#website\",\"url\":\"https:\/\/www.salzburgerland.com\/de\/\",\"name\":\"SalzburgerLand.com\",\"description\":\"Ihr Urlaub in Salzburg, \u00d6sterreich\",\"publisher\":{\"@id\":\"https:\/\/www.salzburgerland.com\/de\/#organization\"},\"potentialAction\":[{\"@type\":\"SearchAction\",\"target\":{\"@type\":\"EntryPoint\",\"urlTemplate\":\"https:\/\/www.salzburgerland.com\/de\/?s={search_term_string}\"},\"query-input\":{\"@type\":\"PropertyValueSpecification\",\"valueRequired\":true,\"valueName\":\"search_term_string\"}}],\"inLanguage\":\"de\"},{\"@type\":\"Organization\",\"@id\":\"https:\/\/www.salzburgerland.com\/de\/#organization\",\"name\":\"SalzburgerLand Tourismus GmbH\",\"url\":\"https:\/\/www.salzburgerland.com\/de\/\",\"logo\":{\"@type\":\"ImageObject\",\"inLanguage\":\"de\",\"@id\":\"https:\/\/www.salzburgerland.com\/de\/#\/schema\/logo\/image\/\",\"url\":\"https:\/\/www.salzburgerland.com\/de\/wp-content\/uploads\/2017\/01\/salzburgerland-logo.jpg\",\"contentUrl\":\"https:\/\/www.salzburgerland.com\/de\/wp-content\/uploads\/2017\/01\/salzburgerland-logo.jpg\",\"width\":1920,\"height\":827,\"caption\":\"SalzburgerLand Tourismus GmbH\"},\"image\":{\"@id\":\"https:\/\/www.salzburgerland.com\/de\/#\/schema\/logo\/image\/\"},\"sameAs\":[\"https:\/\/www.facebook.com\/salzburgerland\/\",\"https:\/\/x.com\/Salzburgerland\",\"https:\/\/www.instagram.com\/salzburgerland\/\",\"http:\/\/dbpedia.org\/resource\/Salzburg_(state)\",\"http:\/\/wikidata.dbpedia.org\/resource\/Q43325\",\"http:\/\/open.salzburgerland.com\/de\/entity\/salzburgerland\",\"https:\/\/www.youtube.com\/user\/salzburgerland\"]},{\"@type\":\"Person\",\"@id\":\"https:\/\/www.salzburgerland.com\/de\/#\/schema\/person\/5e2487151f535fd7a40628d570ca94d3\",\"name\":\"Miriam Kreiseder\",\"image\":{\"@type\":\"ImageObject\",\"inLanguage\":\"de\",\"@id\":\"https:\/\/www.salzburgerland.com\/de\/#\/schema\/person\/image\/\",\"url\":\"https:\/\/secure.gravatar.com\/avatar\/c432f8977c6ef3b4ef5a56e4aae9e3515c8875144022177ab7fa4e8696a5b7cb?s=96&d=mm&r=g\",\"contentUrl\":\"https:\/\/secure.gravatar.com\/avatar\/c432f8977c6ef3b4ef5a56e4aae9e3515c8875144022177ab7fa4e8696a5b7cb?s=96&d=mm&r=g\",\"caption\":\"Miriam Kreiseder\"}}]}<\/script>\n<!-- \/ Yoast SEO Premium plugin. -->","yoast_head_json":{"title":"10 Gr\u00fcnde, warum wir uns auf den Sommer im SalzburgerLand freuen \u00bb SalzburgerLand.com","robots":{"index":"index","follow":"follow","max-snippet":"max-snippet:-1","max-image-preview":"max-image-preview:large","max-video-preview":"max-video-preview:-1"},"canonical":"https:\/\/www.salzburgerland.com\/de\/wp-json\/wp\/v2\/posts\/546573","og_locale":"de_DE","og_type":"article","og_title":"10 Gr\u00fcnde, warum wir uns auf den Sommer im SalzburgerLand freuen","og_description":"Was die warme Jahreszeit im SalzburgerLand f\u00fcr euch bereith\u00e4lt und warum wir uns noch lange an diesen Sommer erinnern werden.","og_url":"https:\/\/www.salzburgerland.com\/de\/wp-json\/wp\/v2\/posts\/546573","og_site_name":"SalzburgerLand.com","article_publisher":"https:\/\/www.facebook.com\/salzburgerland\/","article_published_time":"2021-03-22T08:28:28+00:00","article_modified_time":"2026-04-08T08:52:36+00:00","og_image":[{"width":1200,"height":675,"url":"https:\/\/www.salzburgerland.com\/de\/wp-content\/uploads\/2021\/03\/rs4091_2020-08-27-sltg-fruehstueck-am-see-by-michael-groessinger-_a2a7479-lpr-1200x675.jpg","type":"image\/jpeg"}],"author":"Miriam Kreiseder","twitter_card":"summary_large_image","twitter_creator":"@Salzburgerland","twitter_site":"@Salzburgerland","twitter_misc":{"Verfasst von":"Miriam Kreiseder","Gesch\u00e4tzte Lesezeit":"11\u00a0Minuten"},"schema":{"@context":"https:\/\/schema.org","@graph":[{"@type":"WebPage","@id":"https:\/\/www.salzburgerland.com\/de\/10-gruende-warum-wir-uns-auf-den-sommer-im-salzburgerland-freuen\/","url":"https:\/\/www.salzburgerland.com\/de\/10-gruende-warum-wir-uns-auf-den-sommer-im-salzburgerland-freuen\/","name":"10 Gr\u00fcnde, warum wir uns auf den Sommer im SalzburgerLand freuen \u00bb SalzburgerLand.com","isPartOf":{"@id":"https:\/\/www.salzburgerland.com\/de\/#website"},"primaryImageOfPage":{"@id":"https:\/\/www.salzburgerland.com\/de\/10-gruende-warum-wir-uns-auf-den-sommer-im-salzburgerland-freuen\/#primaryimage"},"image":{"@id":"https:\/\/www.salzburgerland.com\/de\/10-gruende-warum-wir-uns-auf-den-sommer-im-salzburgerland-freuen\/#primaryimage"},"thumbnailUrl":"https:\/\/www.salzburgerland.com\/de\/wp-content\/uploads\/2021\/03\/rs4091_2020-08-27-sltg-fruehstueck-am-see-by-michael-groessinger-_a2a7479-lpr.jpg","datePublished":"2021-03-22T08:28:28+00:00","dateModified":"2026-04-08T08:52:36+00:00","description":"Was die warme Jahreszeit im SalzburgerLand f\u00fcr euch bereith\u00e4lt und warum wir uns noch lange an diesen Sommer erinnern werden.","breadcrumb":{"@id":"https:\/\/www.salzburgerland.com\/de\/10-gruende-warum-wir-uns-auf-den-sommer-im-salzburgerland-freuen\/#breadcrumb"},"inLanguage":"de","potentialAction":[{"@type":"ReadAction","target":["https:\/\/www.salzburgerland.com\/de\/10-gruende-warum-wir-uns-auf-den-sommer-im-salzburgerland-freuen\/"]}]},{"@type":"ImageObject","inLanguage":"de","@id":"https:\/\/www.salzburgerland.com\/de\/10-gruende-warum-wir-uns-auf-den-sommer-im-salzburgerland-freuen\/#primaryimage","url":"https:\/\/www.salzburgerland.com\/de\/wp-content\/uploads\/2021\/03\/rs4091_2020-08-27-sltg-fruehstueck-am-see-by-michael-groessinger-_a2a7479-lpr.jpg","contentUrl":"https:\/\/www.salzburgerland.com\/de\/wp-content\/uploads\/2021\/03\/rs4091_2020-08-27-sltg-fruehstueck-am-see-by-michael-groessinger-_a2a7479-lpr.jpg","width":1920,"height":1080,"caption":"\u00a9 SalzburgerLand Tourismus, Michael Groessinger"},{"@type":"BreadcrumbList","@id":"https:\/\/www.salzburgerland.com\/de\/10-gruende-warum-wir-uns-auf-den-sommer-im-salzburgerland-freuen\/#breadcrumb","itemListElement":[{"@type":"ListItem","position":1,"name":"Daf\u00fcr leben wir","item":"https:\/\/www.salzburgerland.com\/de\/dafuer-leben-wir\/"},{"@type":"ListItem","position":2,"name":"10 Gr\u00fcnde, warum wir uns auf den Sommer im SalzburgerLand freuen"}]},{"@type":"WebSite","@id":"https:\/\/www.salzburgerland.com\/de\/#website","url":"https:\/\/www.salzburgerland.com\/de\/","name":"SalzburgerLand.com","description":"Ihr Urlaub in Salzburg, \u00d6sterreich","publisher":{"@id":"https:\/\/www.salzburgerland.com\/de\/#organization"},"potentialAction":[{"@type":"SearchAction","target":{"@type":"EntryPoint","urlTemplate":"https:\/\/www.salzburgerland.com\/de\/?s={search_term_string}"},"query-input":{"@type":"PropertyValueSpecification","valueRequired":true,"valueName":"search_term_string"}}],"inLanguage":"de"},{"@type":"Organization","@id":"https:\/\/www.salzburgerland.com\/de\/#organization","name":"SalzburgerLand Tourismus GmbH","url":"https:\/\/www.salzburgerland.com\/de\/","logo":{"@type":"ImageObject","inLanguage":"de","@id":"https:\/\/www.salzburgerland.com\/de\/#\/schema\/logo\/image\/","url":"https:\/\/www.salzburgerland.com\/de\/wp-content\/uploads\/2017\/01\/salzburgerland-logo.jpg","contentUrl":"https:\/\/www.salzburgerland.com\/de\/wp-content\/uploads\/2017\/01\/salzburgerland-logo.jpg","width":1920,"height":827,"caption":"SalzburgerLand Tourismus GmbH"},"image":{"@id":"https:\/\/www.salzburgerland.com\/de\/#\/schema\/logo\/image\/"},"sameAs":["https:\/\/www.facebook.com\/salzburgerland\/","https:\/\/x.com\/Salzburgerland","https:\/\/www.instagram.com\/salzburgerland\/","http:\/\/dbpedia.org\/resource\/Salzburg_(state)","http:\/\/wikidata.dbpedia.org\/resource\/Q43325","http:\/\/open.salzburgerland.com\/de\/entity\/salzburgerland","https:\/\/www.youtube.com\/user\/salzburgerland"]},{"@type":"Person","@id":"https:\/\/www.salzburgerland.com\/de\/#\/schema\/person\/5e2487151f535fd7a40628d570ca94d3","name":"Miriam Kreiseder","image":{"@type":"ImageObject","inLanguage":"de","@id":"https:\/\/www.salzburgerland.com\/de\/#\/schema\/person\/image\/","url":"https:\/\/secure.gravatar.com\/avatar\/c432f8977c6ef3b4ef5a56e4aae9e3515c8875144022177ab7fa4e8696a5b7cb?s=96&d=mm&r=g","contentUrl":"https:\/\/secure.gravatar.com\/avatar\/c432f8977c6ef3b4ef5a56e4aae9e3515c8875144022177ab7fa4e8696a5b7cb?s=96&d=mm&r=g","caption":"Miriam Kreiseder"}}]}},"_wl_alt_label":[],"wl:entity_url":"http:\/\/open.salzburgerland.com\/de\/post\/10_gruende__warum_wir_uns_auf_den_sommer_im_salzburgerland_freuen","_links":{"self":[{"href":"https:\/\/www.salzburgerland.com\/de\/wp-json\/wp\/v2\/posts\/546573","targetHints":{"allow":["GET"]}}],"collection":[{"href":"https:\/\/www.salzburgerland.com\/de\/wp-json\/wp\/v2\/posts"}],"about":[{"href":"https:\/\/www.salzburgerland.com\/de\/wp-json\/wp\/v2\/types\/post"}],"author":[{"embeddable":true,"href":"https:\/\/www.salzburgerland.com\/de\/wp-json\/wp\/v2\/users\/57"}],"replies":[{"embeddable":true,"href":"https:\/\/www.salzburgerland.com\/de\/wp-json\/wp\/v2\/comments?post=546573"}],"version-history":[{"count":7,"href":"https:\/\/www.salzburgerland.com\/de\/wp-json\/wp\/v2\/posts\/546573\/revisions"}],"predecessor-version":[{"id":682013,"href":"https:\/\/www.salzburgerland.com\/de\/wp-json\/wp\/v2\/posts\/546573\/revisions\/682013"}],"wp:featuredmedia":[{"embeddable":true,"href":"https:\/\/www.salzburgerland.com\/de\/wp-json\/wp\/v2\/media\/546629"}],"wp:attachment":[{"href":"https:\/\/www.salzburgerland.com\/de\/wp-json\/wp\/v2\/media?parent=546573"}],"wp:term":[{"taxonomy":"category","embeddable":true,"href":"https:\/\/www.salzburgerland.com\/de\/wp-json\/wp\/v2\/categories?post=546573"},{"taxonomy":"post_tag","embeddable":true,"href":"https:\/\/www.salzburgerland.com\/de\/wp-json\/wp\/v2\/tags?post=546573"},{"taxonomy":"wl_entity_type","embeddable":true,"href":"https:\/\/www.salzburgerland.com\/de\/wp-json\/wp\/v2\/wl_entity_type?post=546573"}],"curies":[{"name":"wp","href":"https:\/\/api.w.org\/{rel}","templated":true}]}}