{"id":539726,"date":"2021-02-19T09:40:45","date_gmt":"2021-02-19T08:40:45","guid":{"rendered":"https:\/\/www.salzburgerland.com\/de\/?p=539726"},"modified":"2025-04-07T18:06:34","modified_gmt":"2025-04-07T16:06:34","slug":"10-gut-gewahrte-geheimnisse-im-salzburgerland","status":"publish","type":"post","link":"https:\/\/www.salzburgerland.com\/de\/10-gut-gewahrte-geheimnisse-im-salzburgerland\/","title":{"rendered":"10 gut gewahrte Geheimnisse im SalzburgerLand"},"content":{"rendered":"<h2><span data-contrast=\"auto\">#1 <\/span><span data-contrast=\"auto\">Die Big 5 der Alpen im Nationalpark Hohe Tauern<span data-ccp-props='{\"201341983\":0,\"335559739\":160,\"335559740\":240}'><\/span>\u00a0<\/span><\/h2>\n<p><span data-contrast=\"auto\">Sie\u00a0<\/span><span data-contrast=\"auto\">z\u00e4hlen zu den gr\u00f6\u00dften und eindrucksvollsten Lebensk\u00fcnstlern\u00a0<\/span><span data-contrast=\"auto\">des Hochgebirges<\/span><span data-contrast=\"auto\">. Murmeltier, Steinbock, Steinadler, Bartgeier und G\u00e4msen\u00a0<\/span><span data-contrast=\"auto\">gelten als die\u00a0<\/span><span data-contrast=\"auto\">\u201eBig 5 der Alpen\u201c<\/span><span data-contrast=\"auto\">.<\/span><span data-contrast=\"auto\">\u00a0Im Nationalpark Hohe Tauern, dem gr\u00f6\u00dften Naturschutzgebiet Zentraleuropas, haben sie allesamt einen gesch\u00fctzten Lebensraum gefunden.\u00a0<\/span><span data-contrast=\"auto\">Wo man sie entdeck<\/span><span data-contrast=\"auto\">en kann? Die Gro\u00dfglockner Hochalpenstra\u00dfe ist ein hei\u00dfer Tipp.\u00a0<\/span><span data-contrast=\"auto\">Murmeltiere erkennt man\u00a0<\/span><span data-contrast=\"auto\">an ihrem lauten Pfiff. L\u00f6st sich irgendwo ein Stein<\/span><span data-contrast=\"auto\">, lohnt\u00a0<\/span><span data-contrast=\"auto\">ein Blick nach oben: Wer wei\u00df, ob nicht gerade eine G\u00e4mse oder ein Steinbock\u00a0<\/span><span data-contrast=\"auto\">durch eine Felswand\u00a0<\/span><span data-contrast=\"auto\">balanciert.\u00a0<\/span><span data-contrast=\"auto\"><a href=\"https:\/\/www.salzburgerland.com\/de\/magazin\/nationalpark-hohe-tauern-der-konig-der-lufte\/\" target=\"_blank\" rel=\"noopener\">Die Geier hingegen leben im Rauriser Krumltal<\/a>, ziehen ihre Kreise aber \u2013 ebenso wie die Steinadler \u2013 im gesamten Nationalparkgebiet.\u00a0<\/span><span data-ccp-props='{\"201341983\":0,\"335559739\":160,\"335559740\":240}'>\u00a0<\/span><\/p>\n\n\t\t\t<div id=\"539726-1\" class=\"gallery gallery-539726 gallery-columns-3 gallery-size-1170_658\" itemscope itemtype=\"http:\/\/schema.org\/ImageGallery\">\n\t\t\t\t<ul class=\"gallery-row gallery-col-3 gallery-clear\">\n\t\t\t\t\t<li class=\"gallery-item col-3\" itemprop=\"associatedMedia\" itemscope itemtype=\"http:\/\/schema.org\/ImageObject\">\n\t\t\t\t\t\t<div class=\"gallery-icon landscape\"><a href=\"https:\/\/www.salzburgerland.com\/de\/wp-content\/uploads\/2021\/02\/rz_glockner__mik0209-1920x1067.jpg\" title=\"Steinbock (c) Gro\u00dfglockner Hochalpenstra\u00dfen AG KOENIGSHOFER MICHAEL\"><img decoding=\"async\" data-title=\"Steinbock (c) Gro\u00dfglockner Hochalpenstra\u00dfen AG KOENIGSHOFER MICHAEL\" title=\"Steinbock (c) Gro\u00dfglockner Hochalpenstra\u00dfen AG KOENIGSHOFER MICHAEL\" data-caption=\"Steinbock (c) Gro\u00dfglockner Hochalpenstra\u00dfen AG KOENIGSHOFER MICHAEL\" width=\"1170\" height=\"658\" src=\"https:\/\/www.salzburgerland.com\/de\/wp-content\/uploads\/2021\/02\/rz_glockner__mik0209-1170x658.jpg\" class=\"attachment-1170_658 size-1170_658\" alt=\"Zwei Bergziegen stehen auf felsigem Gel\u00e4nde mit schneebedeckten Bergen und einem Gletscher im Hintergrund. (vergr\u00f6\u00dferte Ansicht)\" srcset=\"https:\/\/www.salzburgerland.com\/de\/wp-content\/uploads\/2021\/02\/rz_glockner__mik0209-1170x658.jpg 1170w, https:\/\/www.salzburgerland.com\/de\/wp-content\/uploads\/2021\/02\/rz_glockner__mik0209-1200x675.jpg 1200w\" sizes=\"(max-width: 1170px) 100vw, 1170px\" aria-describedby=\"figcaption-539726-539735\" itemprop=\"thumbnail\"><\/a><\/div>\n\t\t\t\t\t\t<span id=\"figcaption-539726-539735\" class=\"gallery-caption\" itemprop=\"caption\"><span aria-hidden=\"true\">Steinbock (c) Gro\u00dfglockner Hochalpenstra\u00dfen AG KOENIGSHOFER MICHAEL<\/span><\/span>\n\t\t\t\t\t<\/li>\n\t\t\t\t\t<li class=\"gallery-item col-3\" itemprop=\"associatedMedia\" itemscope itemtype=\"http:\/\/schema.org\/ImageObject\">\n\t\t\t\t\t\t<div class=\"gallery-icon landscape\"><a href=\"https:\/\/www.salzburgerland.com\/de\/wp-content\/uploads\/2021\/02\/10_07_17_ai8h1771_1d4_dxo.jpg\" title=\"Murmeltier (c) Gro\u00dfglockner Hochalpenstra\u00dfen AG\"><img decoding=\"async\" data-title=\"Murmeltier (c) Gro\u00dfglockner Hochalpenstra\u00dfen AG\" title=\"Murmeltier (c) Gro\u00dfglockner Hochalpenstra\u00dfen AG\" data-caption=\"Murmeltier (c) Gro\u00dfglockner Hochalpenstra\u00dfen AG\" width=\"800\" height=\"533\" src=\"https:\/\/www.salzburgerland.com\/de\/wp-content\/uploads\/2021\/02\/10_07_17_ai8h1771_1d4_dxo.jpg\" class=\"attachment-1170_658 size-1170_658\" alt=\"Ein Murmeltier steht auf einem Felsen mit verschneiten Bergen und blauem Himmel im Hintergrund. (vergr\u00f6\u00dferte Ansicht)\" srcset=\"https:\/\/www.salzburgerland.com\/de\/wp-content\/uploads\/2021\/02\/10_07_17_ai8h1771_1d4_dxo.jpg 800w, https:\/\/www.salzburgerland.com\/de\/wp-content\/uploads\/2021\/02\/10_07_17_ai8h1771_1d4_dxo-768x512.jpg 768w\" sizes=\"(max-width: 800px) 100vw, 800px\" aria-describedby=\"figcaption-539726-539733\" itemprop=\"thumbnail\"><\/a><\/div>\n\t\t\t\t\t\t<span id=\"figcaption-539726-539733\" class=\"gallery-caption\" itemprop=\"caption\"><span aria-hidden=\"true\">Murmeltier (c) Gro\u00dfglockner Hochalpenstra\u00dfen AG<\/span><\/span>\n\t\t\t\t\t<\/li>\n\t\t\t\t\t<li class=\"gallery-item col-3\" itemprop=\"associatedMedia\" itemscope itemtype=\"http:\/\/schema.org\/ImageObject\">\n\t\t\t\t\t\t<div class=\"gallery-icon landscape\"><a href=\"https:\/\/www.salzburgerland.com\/de\/wp-content\/uploads\/2021\/02\/dsc_4830-2011-05-10_2550-1920x1067.jpg\" title=\"Steinbock (c) Gro\u00dfglockner Hochalpenstra\u00dfen AG Graessl Bernhard\"><img decoding=\"async\" data-title=\"Steinbock (c) Gro\u00dfglockner Hochalpenstra\u00dfen AG Graessl Bernhard\" title=\"Steinbock (c) Gro\u00dfglockner Hochalpenstra\u00dfen AG Graessl Bernhard\" data-caption=\"Steinbock (c) Gro\u00dfglockner Hochalpenstra\u00dfen AG Graessl Bernhard\" width=\"1170\" height=\"658\" src=\"https:\/\/www.salzburgerland.com\/de\/wp-content\/uploads\/2021\/02\/dsc_4830-2011-05-10_2550-1170x658.jpg\" class=\"attachment-1170_658 size-1170_658\" alt=\"Ein wilder Steinbock mit gro\u00dfen, gebogenen H\u00f6rnern ruht auf einem grasbewachsenen H\u00fcgel unter einem klaren blauen Himmel. (vergr\u00f6\u00dferte Ansicht)\" srcset=\"https:\/\/www.salzburgerland.com\/de\/wp-content\/uploads\/2021\/02\/dsc_4830-2011-05-10_2550-1170x658.jpg 1170w, https:\/\/www.salzburgerland.com\/de\/wp-content\/uploads\/2021\/02\/dsc_4830-2011-05-10_2550-1200x675.jpg 1200w\" sizes=\"(max-width: 1170px) 100vw, 1170px\" aria-describedby=\"figcaption-539726-539734\" itemprop=\"thumbnail\"><\/a><\/div>\n\t\t\t\t\t\t<span id=\"figcaption-539726-539734\" class=\"gallery-caption\" itemprop=\"caption\"><span aria-hidden=\"true\">Steinbock (c) Gro\u00dfglockner Hochalpenstra\u00dfen AG Graessl Bernhard<\/span><\/span>\n\t\t\t\t\t<\/li>\n\t\t\t\t<\/ul>\n\t\t\t<\/div><!-- .gallery -->\n\n<h2><span data-contrast=\"auto\">#2\u00a0<\/span><span data-contrast=\"auto\">Erkundungstour in der gr\u00f6\u00dften wasserf\u00fchrenden Durchgangsh\u00f6hle der Welt <\/span><span data-ccp-props='{\"201341983\":0,\"335559739\":160,\"335559740\":240}'>\u00a0<\/span><\/h2>\n<p><span data-contrast=\"auto\">Der Legende nach lagert ein\u00a0<\/span><span data-contrast=\"auto\">kostbarer<\/span><span data-contrast=\"auto\">\u00a0Schatz in der Lamprechtsh\u00f6hle. Gefunden hat ihn bislang niemand, was auch damit zusammenh\u00e4ngen k\u00f6nnte, dass er l\u00e4ngst\u00a0<\/span><span data-contrast=\"auto\">schon davon\u00a0<\/span><span data-contrast=\"auto\">geschwemmt wurde. Denn die Lamprechtsh\u00f6hle gilt als die gr\u00f6\u00dfte\u00a0<\/span><span data-contrast=\"auto\">wasserf\u00fc<\/span><span data-contrast=\"auto\">hrende Durchgangsh\u00f6hle der Welt. Nach\u00a0<\/span><span data-contrast=\"auto\">heftigen<\/span><span data-contrast=\"auto\">\u00a0Regenf\u00e4llen k\u00f6nnen die H\u00f6h<\/span><span data-contrast=\"auto\">l<\/span><span data-contrast=\"auto\">enb\u00e4che so schnell anschwellen, dass es\u00a0<\/span><span data-contrast=\"auto\">ein\u00a0<\/span><span data-contrast=\"auto\">Fr\u00fchwarnsystem f\u00fcr Besucher gibt.\u00a0<\/span><span data-contrast=\"auto\">Das ist zum Gl\u00fcck sehr selten der Fall und damit ist ein <a href=\"https:\/\/www.naturgewalten.at\/\" target=\"_blank\" rel=\"noopener\">Besuch der Lamprechtsh\u00f6hle<\/a> ein erfrischendes<\/span><span data-contrast=\"auto\">\u00a0und ungef\u00e4hrliches Erlebnis.<\/span><span data-contrast=\"auto\">\u00a0<\/span><span data-contrast=\"auto\">Der kleine Schauteil der H\u00f6hle ist in gut 90 Minuten erkundet,\u00a0<\/span><span data-contrast=\"auto\">das<\/span><span data-contrast=\"auto\">\u00a0<\/span><span data-contrast=\"auto\">gigantische, \u00fcber 50 Kilometer lange H\u00f6hlensystem dahinter bleibt Forschern vorbehalten.<\/span><span data-ccp-props='{\"201341983\":0,\"335559739\":160,\"335559740\":240}'>\u00a0<\/span><\/p>\n<div id=\"attachment_540086\" style=\"width: 1180px\" class=\"wp-caption alignnone\"><img decoding=\"async\" aria-describedby=\"caption-attachment-540086\" class=\"size-1170_658 wp-image-540086\" src=\"https:\/\/cdn.salzburgerland.com\/de\/wp-content\/uploads\/2021\/02\/lamprechtshoehle--achim-meurer-1170x658.jpg\" alt=\"\" width=\"1170\" height=\"658\" srcset=\"https:\/\/www.salzburgerland.com\/de\/wp-content\/uploads\/2021\/02\/lamprechtshoehle--achim-meurer-1170x658.jpg 1170w, https:\/\/www.salzburgerland.com\/de\/wp-content\/uploads\/2021\/02\/lamprechtshoehle--achim-meurer-1200x675.jpg 1200w\" sizes=\"(max-width: 1170px) 100vw, 1170px\"><p id=\"caption-attachment-540086\" class=\"wp-caption-text\">Lamprechtsh\u00f6hle Saalachtal \u00a9 by Achim Meurer<\/p><\/div>\n<h2><span data-contrast=\"auto\">#3 <\/span><span data-contrast=\"auto\">Am Prebersee\u00a0<\/span><span data-contrast=\"auto\">wird aufs Wasser gezielt und die Scheibe getroffen<\/span><span data-ccp-props='{\"201341983\":0,\"335559739\":160,\"335559740\":240}'>\u00a0<\/span><\/h2>\n<p><span data-contrast=\"auto\">Am\u00a0<\/span><span data-contrast=\"auto\">Prebersee<span data-contrast=\"auto\"><\/span>\u00a0i<\/span><span data-contrast=\"auto\">n der Ferienregion<span data-contrast=\"auto\">\u00a0Salzburger Lungau<\/span> findet allj\u00e4hrlich\u00a0<\/span><span data-contrast=\"auto\">im Sp\u00e4tsommer\u00a0<\/span><span data-contrast=\"auto\">das Preberschie\u00dfen statt<\/span><span data-contrast=\"auto\">: Eine spannende Brauchtumsveranstaltung, die es nur gibt, weil das Wasser des Prebersees eine ungew\u00f6hnliche Besonderheit aufweist. In dem Moorsee gibt es so viele Schwebeteilchen, dass Projektile, die auf der W<\/span><span data-contrast=\"auto\">a<\/span><span data-contrast=\"auto\">sseroberfl\u00e4ch<\/span><span data-contrast=\"auto\">e<\/span><span data-contrast=\"auto\">\u00a0auftreffen, nicht untergehen, sondern abprallen.\u00a0<\/span><span data-contrast=\"auto\">Und so <a href=\"https:\/\/www.salzburgerland.com\/de\/das-spektakulaere-preberschiessen\/\">schie\u00dfen die Sch\u00fctzen nicht auf die Zielscheibe, sondern auf<\/a><\/span><span data-contrast=\"auto\">\u00a0den See<\/span><span data-contrast=\"auto\">.\u00a0<\/span><span data-contrast=\"auto\">Mit<\/span><span data-contrast=\"auto\">\u00a0ein bisschen Gl\u00fcck landet das\u00a0<\/span><span data-contrast=\"auto\">Geschoss <\/span><span data-contrast=\"auto\">dann dennoch auf der\u00a0<\/span><span data-contrast=\"auto\">Scheibe am gegen\u00fcberliegenden Ufer<\/span><span data-contrast=\"auto\">. Dieses Ph\u00e4nomen ist so spektakul\u00e4r und einzigartig, dass sich sogar schon Walt Disney daf\u00fcr interessierte und das Preberschie\u00dfen filmen lie\u00df.\u00a0<\/span><span data-ccp-props='{\"201341983\":0,\"335559739\":160,\"335559740\":240}'>\u00a0<\/span><\/p>\n<div id=\"attachment_156897\" style=\"width: 922px\" class=\"wp-caption alignnone\"><img decoding=\"async\" aria-describedby=\"caption-attachment-156897\" class=\"size-large wp-image-156897\" src=\"https:\/\/cdn.salzburgerland.com\/de\/wp-content\/uploads\/2017\/06\/wasserscheibenschiessen-prebersee-schuetzengesellschaft-tamsweg-prebersee.jpg\" alt=\"\" width=\"912\" height=\"549\" srcset=\"https:\/\/www.salzburgerland.com\/de\/wp-content\/uploads\/2017\/06\/wasserscheibenschiessen-prebersee-schuetzengesellschaft-tamsweg-prebersee.jpg 912w, https:\/\/www.salzburgerland.com\/de\/wp-content\/uploads\/2017\/06\/wasserscheibenschiessen-prebersee-schuetzengesellschaft-tamsweg-prebersee-768x462.jpg 768w\" sizes=\"(max-width: 912px) 100vw, 912px\"><p id=\"caption-attachment-156897\" class=\"wp-caption-text\">\u00a9 Ferienregion Lungau \u2013 Zielscheiben des ber\u00fchmten Preberseeschie\u00dfens<\/p><\/div>\n<h2><span data-contrast=\"auto\">#4 <\/span><span data-contrast=\"auto\">Das<\/span><span data-contrast=\"auto\">\u00a0<\/span><span data-contrast=\"auto\">\u00e4lteste<\/span><span data-contrast=\"auto\"> Restaurant von Europa<\/span><span data-contrast=\"auto\">\u00a0befindet sich mitten in der Salzburger Altstadt<span data-ccp-props='{\"201341983\":0,\"335559739\":160,\"335559740\":240}'><\/span>\u00a0<\/span><\/h2>\n<p><span data-contrast=\"auto\">Alkuin von York\u00a0<\/span><span data-contrast=\"auto\">galt als einer der wichtigsten Berater von Karl dem Gro\u00dfen<\/span><span data-contrast=\"auto\">, der im Jahr 803\u00a0<\/span><span data-contrast=\"auto\">im Erzbistum Salzburg residierte. Bei diesem Anlass schien man den herrschaftlichen Gast kulinarisch\u00a0<\/span><span data-contrast=\"auto\">beeindruckt zu haben, denn Alkuin, der sich im Gefolge des Kaisers\u00a0<\/span><span data-contrast=\"auto\">befan<\/span><span data-contrast=\"auto\">d<\/span><span data-contrast=\"auto\">,<\/span><span data-contrast=\"auto\">\u00a0<\/span><span data-contrast=\"auto\">verewigte eine<\/span><span data-contrast=\"auto\">\u00a0einzige<\/span><span data-contrast=\"auto\">\u00a0Adresse in seinen Aufzeichnungen:<\/span><span data-contrast=\"auto\">\u00a0Das<\/span><span data-contrast=\"auto\">\u00a0St. Peter Stiftskulinarium<\/span><span data-contrast=\"auto\">. Seither werden hier \u2013 inmitten der UNESCO-W<\/span><span data-contrast=\"auto\">e<\/span><span data-contrast=\"auto\">ltkulturerbestadt \u2013 G\u00e4ste bewirtet.\u00a0<\/span><span data-contrast=\"auto\">Goethe soll schon dagewesen sein, Mozart sowieso<span data-contrast=\"auto\"><\/span>\u00a0und dann noch eine kaum enden wollende Liste an<\/span><span data-contrast=\"auto\"> prominenten und weniger ber\u00fchmten G\u00e4sten. <\/span><span data-ccp-props='{\"201341983\":0,\"335559739\":160,\"335559740\":240}'>\u00a0<\/span><a href=\"https:\/\/www.salzburgerland.com\/de\/magazin\/geniessen-mit-geschichte\/\" target=\"_blank\" rel=\"noopener\">Die \u00e4ltesten Restaurants und Gasth\u00e4user im SalzburgerLand verw\u00f6hnen mit regionaler alpiner K\u00fcche auf h\u00f6chstem Niveau.<\/a><\/p>\n<p><span data-ccp-props='{\"201341983\":0,\"335559739\":160,\"335559740\":240}'>\u00a0<\/span><img decoding=\"async\" src=\"https:\/\/www.salzburgerland.com\/de\/magazin\/wp-content\/uploads\/2021\/02\/stpeter_marcusrieder-1036x650.jpg\"><br>\n<span>St. Peter Stiftskulinarium @ Marcus Rieder<\/span><\/p>\n<h2><span data-contrast=\"auto\">#<\/span><span data-contrast=\"auto\">5<\/span><span data-contrast=\"auto\">\u00a0<\/span><span data-contrast=\"auto\">Im \u201eLammertaler Urwald\u201c wachsen die h\u00f6chsten B\u00e4ume \u00d6sterreichs<span data-ccp-props='{\"201341983\":0,\"335559739\":160,\"335559740\":240}'><\/span>\u00a0<\/span><\/h2>\n<p><span data-contrast=\"auto\">Mit seinen 47 Metern ist der \u201e<\/span><span data-contrast=\"auto\">Lammertaler W\u00e4chter\u201c<\/span><span data-contrast=\"auto\">\u00a0<\/span><span data-contrast=\"auto\">h\u00f6her als die Andr\u00e4kirche in der Stadt Salzburg. Unweit davon steht der<\/span><span data-contrast=\"auto\">\u00a0<\/span><span data-contrast=\"auto\">\u201eAlte Tax\u201c<\/span><span data-contrast=\"auto\">, eine \u00fcber\u00a0<\/span><span data-contrast=\"auto\">300 Jahre alte Fichte<\/span><span data-contrast=\"auto\"> mit einem Stammumfang von mehr als f\u00fcnf Metern. Dass Tannen, Buchen und Fichten derart alt und m\u00e4chtig werden, ist eine echte <\/span><span data-contrast=\"auto\">Ausnahme<\/span><span data-contrast=\"auto\">.\u00a0<\/span><span data-contrast=\"auto\">Was den B\u00e4umen seit Jahrhunderten zugutekommt, ist ihr unzug\u00e4nglicher\u00a0<\/span><span data-contrast=\"auto\">Standort. Hoch \u00fcber dem Lammertal gedeihen sie in einem absch\u00fcssigen Waldst\u00fcck, das nie forstwirtschaftlich genutzt werden konnte. Zum gro\u00dfen Gl\u00fcck: Denn damit <\/span><span data-contrast=\"auto\">entstand mit dem <a href=\"https:\/\/www.salzburgerland.com\/de\/ein-sommertag-im-urwald\/\">\u201eLammertaler Urwald\u201c ein wundersch\u00f6nes Fleckchen Erde<\/a> und ein Ausflugsziel f\u00fcr die ganze Familie.\u00a0<\/span><span data-contrast=\"auto\">\u00a0<\/span><span data-ccp-props='{\"201341983\":0,\"335559739\":160,\"335559740\":240}'>\u00a0<\/span><\/p>\n<p><iframe title=\"Lammertaler Urwald - Tennengau\" width=\"500\" height=\"281\" src=\"https:\/\/www.youtube-nocookie.com\/embed\/1dKOTA18dHY?feature=oembed&amp;rel=0&amp;modestbranding=1\" frameborder=\"0\" allow=\"accelerometer; autoplay; clipboard-write; encrypted-media; gyroscope; picture-in-picture; web-share\" referrerpolicy=\"strict-origin-when-cross-origin\" allowfullscreen><\/iframe><\/p>\n<h2><span data-contrast=\"auto\">#6 <\/span><span data-contrast=\"auto\">Ein gefr\u00e4\u00dfiger Lindwurm bewacht den gr\u00f6\u00dften Bergsee der Ostalpen<span data-ccp-props='{\"201341983\":0,\"335559739\":160,\"335559740\":240}'><\/span>\u00a0<\/span><\/h2>\n<p><span data-contrast=\"auto\">Eingebettet in den Niederen Tauern liegt der sagenumwobene Tappenkarsee auf 1.762 Meter Seeh\u00f6he. <\/span><span data-contrast=\"auto\">Rund\u00a0<\/span><span data-contrast=\"auto\">2,5\u00a0<\/span><span data-contrast=\"auto\">S<\/span><span data-contrast=\"auto\">tunden<\/span><span data-contrast=\"auto\">\u00a0dauert die <a href=\"https:\/\/www.salzburgerland.com\/de\/auf-zum-jaegersee-und-tappenkarsee\/\">Wanderung vom J\u00e4gersee<\/a> in Kleinarl bis zum gr\u00f6\u00dften Bergsee der\u00a0<\/span><span data-contrast=\"auto\">Ostalpen<\/span><span data-contrast=\"auto\">, der gut 50 Meter tief ist. Auf seinem Grund soll der Legende nach ein<\/span><span data-contrast=\"auto\">\u00a0gefr\u00e4\u00dfiger Lindwurm leben, der alles verschlingt, was sich in die N\u00e4he des Seeufers wagt. Obacht hei\u00dft es also<\/span><span data-contrast=\"auto\">, wer den gro\u00dfen Zeh in das eisige Wasser stecken m\u00f6chte. Wer wei\u00df, was da aus den Tiefen aufsteigt!<\/span><span data-ccp-props='{\"201341983\":0,\"335559739\":160,\"335559740\":240}'>\u00a0<\/span><\/p>\n\n\t\t\t<div id=\"539726-2\" class=\"gallery gallery-539726 gallery-columns-3 gallery-size-1170_658\" itemscope itemtype=\"http:\/\/schema.org\/ImageGallery\">\n\t\t\t\t<ul class=\"gallery-row gallery-col-3 gallery-clear\">\n\t\t\t\t\t<li class=\"gallery-item col-3\" itemprop=\"associatedMedia\" itemscope itemtype=\"http:\/\/schema.org\/ImageObject\">\n\t\t\t\t\t\t<div class=\"gallery-icon landscape\"><a href=\"https:\/\/www.salzburgerland.com\/de\/wp-content\/uploads\/2018\/08\/sltg_10w10p_hike-5_wagrainkleinarl-10-1920x1067.jpg\" title=\"Tappenkarsee, Wei\u00dfgrubenkopf, Wagrain-Kleinarl\"><img decoding=\"async\" data-title=\"\" title=\"\" data-caption=\"\" width=\"1170\" height=\"658\" src=\"https:\/\/www.salzburgerland.com\/de\/wp-content\/uploads\/2018\/08\/sltg_10w10p_hike-5_wagrainkleinarl-10-1170x658.jpg\" class=\"attachment-1170_658 size-1170_658\" alt=\"Tappenkarsee, Wei\u00dfgrubenkopf, Wagrain-Kleinarl (vergr\u00f6\u00dferte Ansicht)\" srcset=\"https:\/\/www.salzburgerland.com\/de\/wp-content\/uploads\/2018\/08\/sltg_10w10p_hike-5_wagrainkleinarl-10-1170x658.jpg 1170w, https:\/\/www.salzburgerland.com\/de\/wp-content\/uploads\/2018\/08\/sltg_10w10p_hike-5_wagrainkleinarl-10-1200x675.jpg 1200w, https:\/\/www.salzburgerland.com\/de\/wp-content\/uploads\/2018\/08\/sltg_10w10p_hike-5_wagrainkleinarl-10-768x432.jpg 768w, https:\/\/www.salzburgerland.com\/de\/wp-content\/uploads\/2018\/08\/sltg_10w10p_hike-5_wagrainkleinarl-10.jpg 1920w\" sizes=\"(max-width: 1170px) 100vw, 1170px\" itemprop=\"thumbnail\"><\/a><\/div>\n\t\t\t\t\t<\/li>\n\t\t\t\t\t<li class=\"gallery-item col-3\" itemprop=\"associatedMedia\" itemscope itemtype=\"http:\/\/schema.org\/ImageObject\">\n\t\t\t\t\t\t<div class=\"gallery-icon landscape\"><a href=\"https:\/\/www.salzburgerland.com\/de\/wp-content\/uploads\/2016\/08\/tappenkar_55-1920x1067.jpg\" title=\"Tappenkarsee\"><img decoding=\"async\" data-title=\"\u00a9 TVB Gro\u00dfarltal - Am Salzburger Almenweg\" title=\"\u00a9 TVB Gro\u00dfarltal - Am Salzburger Almenweg\" data-caption=\"\u00a9 TVB Gro\u00dfarltal - Am Salzburger Almenweg\" width=\"1170\" height=\"658\" src=\"https:\/\/www.salzburgerland.com\/de\/wp-content\/uploads\/2016\/08\/tappenkar_55-1170x658.jpg\" class=\"attachment-1170_658 size-1170_658\" alt=\"Bergsee im Gro\u00dfarltal, umgeben von gr\u00fcnen H\u00fcgeln, felsigen Gipfeln und rosa Wildblumen unter blauem Himmel. (vergr\u00f6\u00dferte Ansicht)\" srcset=\"https:\/\/www.salzburgerland.com\/de\/wp-content\/uploads\/2016\/08\/tappenkar_55-1170x658.jpg 1170w, https:\/\/www.salzburgerland.com\/de\/wp-content\/uploads\/2016\/08\/tappenkar_55-1200x675.jpg 1200w\" sizes=\"(max-width: 1170px) 100vw, 1170px\" aria-describedby=\"figcaption-539726-237688\" itemprop=\"thumbnail\"><\/a><\/div>\n\t\t\t\t\t\t<span id=\"figcaption-539726-237688\" class=\"gallery-caption\" itemprop=\"caption\"><span aria-hidden=\"true\">\u00a9 TVB Gro\u00dfarltal \u2013 Am Salzburger Almenweg<\/span><\/span>\n\t\t\t\t\t<\/li>\n\t\t\t\t\t<li class=\"gallery-item col-3\" itemprop=\"associatedMedia\" itemscope itemtype=\"http:\/\/schema.org\/ImageObject\">\n\t\t\t\t\t\t<div class=\"gallery-icon landscape\"><a href=\"https:\/\/www.salzburgerland.com\/de\/wp-content\/uploads\/2017\/02\/tappenkarsee00011-1920x1067.jpg\" title=\"Tappenkarsee00011\"><img decoding=\"async\" data-title=\"\" title=\"\" data-caption=\"\" width=\"1170\" height=\"658\" src=\"https:\/\/www.salzburgerland.com\/de\/wp-content\/uploads\/2017\/02\/tappenkarsee00011-1170x658.jpg\" class=\"attachment-1170_658 size-1170_658\" alt=\"Ein klarer Bergsee, der Tappenkarsee, umgeben von gr\u00fcnen B\u00e4umen und felsigen H\u00fcgeln unter einem strahlend blauen Himmel. (vergr\u00f6\u00dferte Ansicht)\" itemprop=\"thumbnail\"><\/a><\/div>\n\t\t\t\t\t<\/li>\n\t\t\t\t<\/ul>\n\t\t\t<\/div><!-- .gallery -->\n\n<h2><span data-contrast=\"auto\">#7\u00a0<\/span><span data-contrast=\"auto\">Der \u201eLungauer Tauernroggen\u201c ist eine wertvolle Urgetreide-Sorte\u00a0<\/span><span data-ccp-props='{\"201341983\":0,\"335559739\":160,\"335559740\":240}'>\u00a0<\/span><\/h2>\n<p><span data-contrast=\"auto\">Urgetreide ist gro\u00df im Kommen<\/span><span data-contrast=\"auto\">!<\/span><span data-contrast=\"auto\">\u00a0<\/span><span data-contrast=\"auto\">Wie gut, dass sich im<\/span><span data-contrast=\"auto\">\u00a0Salzburger Lungau schon vor \u00fcber 15 Jahren <\/span><span data-contrast=\"auto\">die <\/span><span data-contrast=\"auto\">Bauersfamilien H<span data-contrast=\"auto\">\u00f6<\/span><\/span><span data-contrast=\"auto\">tzer (Trimmingerhof), Naynar (<\/span><span data-contrast=\"auto\">Hiasnhof)<\/span><span data-contrast=\"auto\">, L\u00f6cker\u00a0<\/span><span data-contrast=\"auto\">(Biohof Sauschneider)\u00a0<\/span><span data-contrast=\"auto\">und Prodinger (Suppangut)<\/span><span data-contrast=\"auto\">\u00a0dazu entschlossen<\/span><span data-contrast=\"auto\">\u00a0haben<\/span><span data-contrast=\"auto\">, den \u201eLungauer Tauernroggen\u201c\u00a0<\/span><span data-contrast=\"auto\">in Bio-Qualit\u00e4t wieder<\/span><span data-contrast=\"auto\">\u00a0anzubauen.\u00a0<\/span><span data-contrast=\"auto\">Die uralte Sorte ist besonders widerstandsf\u00e4hig und gedeiht auf \u00fcber 1.000 Meter Seeh\u00f6he.\u00a0<\/span><span data-contrast=\"auto\">Heute sch\u00e4tzt man diese Sorte <\/span><span data-contrast=\"auto\">dank ihrer\u00a0<\/span><span data-contrast=\"auto\">wertvoll<\/span><span data-contrast=\"auto\">en Inhaltsstoffe<\/span><span data-contrast=\"auto\">\u00a0und der besseren Vertr\u00e4glichkeit.<\/span><span data-contrast=\"auto\">\u00a0<\/span><span data-contrast=\"auto\">Wo der Roggen\u00a0<\/span><span data-contrast=\"auto\">und<\/span><span data-contrast=\"auto\">\u00a0Erzeugnisse daraus gekauft werden\u00a0<\/span><span data-contrast=\"auto\">k\u00f6nnen<\/span><span data-contrast=\"auto\">?\u00a0<\/span><span data-contrast=\"auto\">Etwa\u00a0<\/span><span data-contrast=\"auto\">im Lungauer Spezialit\u00e4tenladen \u201eKemmts eina\u201c in Tamsweg.<\/span><span data-ccp-props='{\"201341983\":0,\"335559739\":160,\"335559740\":240}'>\u00a0<\/span><a href=\"https:\/\/www.salzburgerland.com\/de\/schaubauernhoefe-im-lungau\/\">Das Handwerk erleben kann man auf diesen Schaubauernh\u00f6fen im Salzburger Lungau.<\/a><\/p>\n<div id=\"attachment_156864\" style=\"width: 1180px\" class=\"wp-caption alignnone\"><img decoding=\"async\" aria-describedby=\"caption-attachment-156864\" class=\"size-1170_658 wp-image-156864\" src=\"https:\/\/cdn.salzburgerland.com\/de\/wp-content\/uploads\/2017\/06\/muehle-1170x658.jpg\" alt=\"\" width=\"1170\" height=\"658\"><p id=\"caption-attachment-156864\" class=\"wp-caption-text\">\u00a9 Michael Gr\u00f6ssinger \u2013 Frisch vom Feld kommt der Roggen zur M\u00fchle<\/p><\/div>\n<h2><span data-contrast=\"auto\">#8 <\/span><span data-contrast=\"auto\">Die steilste Zahnradbahn \u00d6sterreichs\u00a0<\/span><span data-contrast=\"auto\">verrichtet seit\u00a0<\/span><span data-contrast=\"auto\">\u00fcber<\/span><span data-contrast=\"auto\">\u00a0130 Jahren\u00a0<\/span><span data-contrast=\"auto\">ihre Dienste<\/span><span data-ccp-props='{\"201341983\":0,\"335559739\":160,\"335559740\":240}'>\u00a0<\/span><\/h2>\n<p><span data-contrast=\"auto\">Seit ihrer Er\u00f6ffnung am 1. August 1893 bef\u00f6rdert die Schafbergbahn\u00a0<\/span><span data-contrast=\"auto\">Ausfl\u00fcgler<\/span><span data-contrast=\"auto\">\u00a0verl\u00e4sslich<\/span><span data-contrast=\"auto\">\u00a0auf den Schafberg hoch \u00fcber dem Wolfgangsee. Die <a href=\"https:\/\/www.salzburgerland.com\/de\/schafbergbahn-am-wolfgangsee\/\">steilste Zahnradbahn \u00d6sterreichs<\/a> \u00fcberwindet i<\/span><span data-contrast=\"auto\">n rund 35 Minuten\u00a0<\/span><span data-contrast=\"auto\">knapp 1.200 H\u00f6henmeter<\/span><span data-contrast=\"auto\">.\u00a0<\/span><span data-contrast=\"auto\">Oben angelangt er\u00f6ffnet sich ein schier unfassbares\u00a0<\/span><span data-contrast=\"auto\">360-Grad-Panorama, das sich\u00a0<\/span><span data-contrast=\"auto\">vom H\u00f6llengebirge \u00fcber den Dachsteingletscher bis hin zum Hochk\u00f6nigmassiv<span data-contrast=\"auto\"><\/span>\u00a0und den<\/span><span data-contrast=\"auto\">\u00a0Watzmann<span data-contrast=\"auto\"><\/span>\u00a0erstreckt.<\/span><span data-contrast=\"auto\">\u00a0Bei guter Fernsicht sind sogar die Hohen Tauern mit dem 3.798 Meter hohen Gro\u00dfglockner, dem h\u00f6chsten Berg \u00d6sterreichs, zu erkennen.<\/span><span data-contrast=\"auto\">\u00a0Zudem liegen einem sprichw\u00f6rtlich elf Seen zu F\u00fc\u00dfen.<\/span><span data-contrast=\"auto\">\u00a0<\/span><span data-ccp-props='{\"201341983\":0,\"335559739\":160,\"335559740\":240}'>\u00a0<\/span><\/p>\n<div id=\"attachment_443644\" style=\"width: 1180px\" class=\"wp-caption alignnone\"><img decoding=\"async\" aria-describedby=\"caption-attachment-443644\" class=\"size-1170_658 wp-image-443644\" src=\"https:\/\/cdn.salzburgerland.com\/de\/wp-content\/uploads\/2020\/02\/schafbergbahn-am-weg-zum-gi-1170x658.jpg\" alt=\"\" width=\"1170\" height=\"658\" srcset=\"https:\/\/www.salzburgerland.com\/de\/wp-content\/uploads\/2020\/02\/schafbergbahn-am-weg-zum-gi-1170x658.jpg 1170w, https:\/\/www.salzburgerland.com\/de\/wp-content\/uploads\/2020\/02\/schafbergbahn-am-weg-zum-gi-1200x675.jpg 1200w\" sizes=\"(max-width: 1170px) 100vw, 1170px\"><p id=\"caption-attachment-443644\" class=\"wp-caption-text\">\u00a9 Salzburg AG \u2013 SchafbergBahn<span data-ccp-props='{\"201341983\":0,\"335559739\":160,\"335559740\":240}' style=\"font-size: 16px;\">\u00a0<\/span><span style=\"font-size: 16px;\"><\/span><\/p><\/div>\n<h2><span data-contrast=\"auto\">#9<\/span><span data-contrast=\"auto\">\u00a0Die Postalm ist \u00d6sterreichs gr\u00f6\u00dftes Almengebiet<\/span><span data-ccp-props='{\"201341983\":0,\"335559739\":160,\"335559740\":240}'>\u00a0<\/span><\/h2>\n<p><span data-contrast=\"auto\">Mit\u00a0<\/span><span data-contrast=\"auto\">einer<\/span><span data-contrast=\"auto\">\u00a0Ausdehnung von 42 Quadratkilometern\u00a0<\/span><span data-contrast=\"auto\">ist<\/span><span data-contrast=\"auto\">\u00a0<a href=\"https:\/\/wolfgangsee.salzkammergut.at\/oesterreich-poi\/detail\/430003408\/postalm-wanderhochplateau.html\" target=\"_blank\" rel=\"noopener\">die Postalm\u00a0<\/a><\/span><span data-contrast=\"auto\">das gr\u00f6\u00dfte<\/span><span data-contrast=\"auto\">\u00a0Almengebiet \u00d6sterreichs.\u00a0<\/span><span data-contrast=\"auto\">Entstanden ist d<\/span><span data-contrast=\"auto\">as\u00a0<\/span><span data-contrast=\"auto\">Weidegebiet<\/span><span data-contrast=\"auto\">\u00a0als Nebenprodukt der Salzgewinnung im angrenzenden Salzkammergut. F\u00fcr die Befeuerung der Sudpfannen in den<\/span><span data-contrast=\"auto\">\u00a0umliegenden<\/span><span data-contrast=\"auto\">\u00a0Salinen wurde Holz ben\u00f6tigt:<\/span><span data-contrast=\"auto\">\u00a0Zahlreiche W\u00e4lder wurden gerodet.<\/span><span data-contrast=\"auto\">\u00a0Ab Mitte de<\/span><span data-contrast=\"auto\">s<\/span><span data-contrast=\"auto\"> 19. Jahrhunderts durften dann die Postpferde auf den hochgelegenen Wiesen weiden. Daher stammt auch der Name. Heute <\/span><span data-contrast=\"auto\">verbindet die Postalm den Tennengau und den Flachgau, die Auffahrt ist \u00fcber <\/span><span data-contrast=\"auto\">das <\/span><span data-contrast=\"auto\">Lammertal und Strobl m\u00f6glich. Oben angelangt, finden sich <\/span><span data-contrast=\"auto\">Ausfl\u00fcgler<\/span><span data-contrast=\"auto\">\u00a0in einem herrlichen H\u00f6henwandergebiet wieder.\u00a0<\/span><\/p>\n<div id=\"attachment_540103\" style=\"width: 1180px\" class=\"wp-caption alignnone\"><img decoding=\"async\" aria-describedby=\"caption-attachment-540103\" class=\"size-1170_658 wp-image-540103\" src=\"https:\/\/cdn.salzburgerland.com\/de\/wp-content\/uploads\/2021\/02\/rs2122_2017-08-02-slt-roadtrip-tag-1-by-michael-groessinger-img_7981-1170x658.jpg\" alt=\"\" width=\"1170\" height=\"658\" srcset=\"https:\/\/www.salzburgerland.com\/de\/wp-content\/uploads\/2021\/02\/rs2122_2017-08-02-slt-roadtrip-tag-1-by-michael-groessinger-img_7981-1170x658.jpg 1170w, https:\/\/www.salzburgerland.com\/de\/wp-content\/uploads\/2021\/02\/rs2122_2017-08-02-slt-roadtrip-tag-1-by-michael-groessinger-img_7981-1200x675.jpg 1200w\" sizes=\"(max-width: 1170px) 100vw, 1170px\"><p id=\"caption-attachment-540103\" class=\"wp-caption-text\">\u00a9 SalzburgerLand Tourismus Michael Groessinger, Wandern auf der Postalm<\/p><\/div>\n<h2><span data-contrast=\"auto\">#10 Die Falkner und ihre Greifv\u00f6gel auf der Burg Hohenwerfen <\/span><span data-ccp-props='{\"201341983\":0,\"335559739\":160,\"335559740\":240}'>\u00a0<\/span><\/h2>\n<p><span data-contrast=\"auto\">Die Beizjagd \u2013 die Jagd auf Niederwild wie Feldhasen oder Fasane mithilfe von Greifv\u00f6geln \u2013 verf\u00fcgte im Salzburger F\u00fcrsterzbistum \u00fcber eine lange Tradition. Heute wird diese Jagdmethode in \u00d6sterreich nur noch selten ausge\u00fcbt, wurde aber\u00a0<\/span><span data-contrast=\"auto\">von der UNESCO als \u201eImmaterielles Kulturerbe\u201c\u00a0<\/span><span data-contrast=\"auto\">anerkannt. Die spektakul\u00e4ren Greifvogelschauen des<\/span><span data-contrast=\"auto\">\u00a0Historischen Landesfalkenhof<\/span><span data-contrast=\"auto\">es<\/span><span data-contrast=\"auto\">\u00a0auf der\u00a0<\/span><a href=\"https:\/\/www.salzburgerland.com\/de\/burgen-und-schloesser-im-salzburgerland\/\"><span data-contrast=\"auto\">Erlebnisburg<\/span><\/a><span data-contrast=\"auto\">\u00a0Hohenwerfen\u00a0<\/span><span data-contrast=\"auto\">zeigen, wie gelehrig und klug die V\u00f6gel sind. Rund d<\/span><span data-contrast=\"auto\">rei\u00dfig\u00a0<\/span><span data-contrast=\"auto\">Tiere \u2013 unter anderem Falken, Habichte und Milane \u2013 leben und arbeiten gemeinsam mit ihren Falknerinnen und Falknern auf der Burg. Das Wohlergehen der V\u00f6gel steht \u00fcber allem: Die <a href=\"https:\/\/www.salzburgerland.com\/de\/magazin\/erlebnisburg-hohenwerfen\/\" target=\"_blank\" rel=\"noopener\">Greifvogelschauen der Burg Hohenwerfen<\/a> gelten als die besten und spektakul\u00e4rsten in \u00d6sterreich.\u00a0<\/span><span data-ccp-props='{\"201341983\":0,\"335559739\":160,\"335559740\":259}'>\u00a0<\/span><\/p>\n<div id=\"attachment_84778\" style=\"width: 1180px\" class=\"wp-caption alignnone\"><img decoding=\"async\" aria-describedby=\"caption-attachment-84778\" class=\"size-1170_658 wp-image-84778\" src=\"https:\/\/cdn.salzburgerland.com\/de\/wp-content\/uploads\/2016\/08\/burghohenwerfeneva-trifft_salzburgerland-tourismus-1170x658.jpg\" alt=\"\" width=\"1170\" height=\"658\"><p id=\"caption-attachment-84778\" class=\"wp-caption-text\">\u00a9 SalzburgerLand Tourismus, Eva trifft. \u2013 Burg Hohenwerfen Greifvogelschau<\/p><\/div>\n<p>\u00a0<\/p>\n<p><strong><span data-contrast=\"none\" xml:lang=\"DE-AT\" lang=\"DE-AT\" class=\"TextRun SCXW268277270 BCX8\"><span class=\"NormalTextRun SCXW268277270 BCX8\">Wir im\u00a0<\/span><\/span><\/strong><strong><span data-contrast=\"none\" xml:lang=\"DE-AT\" lang=\"DE-AT\" class=\"TextRun SCXW268277270 BCX8\"><span class=\"NormalTextRun SpellingErrorV2 SCXW268277270 BCX8\">SalzburgerLand<span data-contrast=\"none\" xml:lang=\"DE-AT\" lang=\"DE-AT\" class=\"TextRun SCXW268277270 BCX8\"><span class=\"NormalTextRun SCXW268277270 BCX8\"><\/span>\u00a0wissen<\/span>, was wir an unserer Heimat haben \u2013 und diesen Reichtum m\u00f6chten wir mit euch teilen. Unsere Gastgeber geben euch gerne noch weitere Geheimtipps f\u00fcr euren au\u00dfergew\u00f6hnlichen Traumurlaub \u2013 denn d<\/span><\/span><\/strong><strong><span data-contrast=\"none\" xml:lang=\"DE-AT\" lang=\"DE-AT\" class=\"TextRun SCXW268277270 BCX8\"><span class=\"NormalTextRun SCXW268277270 BCX8\">af\u00fcr leben wir!<\/span><\/span><\/strong><\/p>\n","protected":false},"excerpt":{"rendered":"<p>#1 Die Big 5 der Alpen im Nationalpark Hohe Tauern\u00a0 Sie\u00a0z\u00e4hlen zu den gr\u00f6\u00dften und eindrucksvollsten Lebensk\u00fcnstlern\u00a0des Hochgebirges. Murmeltier, Steinbock, Steinadler, Bartgeier und G\u00e4msen\u00a0gelten als die\u00a0\u201eBig 5 der Alpen\u201c.\u00a0Im Nationalpark Hohe Tauern, dem gr\u00f6\u00dften Naturschutzgebiet Zentraleuropas, haben sie allesamt einen gesch\u00fctzten Lebensraum gefunden.\u00a0Wo man sie entdecken kann? Die Gro\u00dfglockner Hochalpenstra\u00dfe ist ein hei\u00dfer Tipp.\u00a0Murmeltiere erkennt [&hellip;]<\/p>\n","protected":false},"author":50,"featured_media":536776,"comment_status":"closed","ping_status":"closed","sticky":false,"template":"","format":"standard","meta":{"_acf_changed":false,"wl_entities_gutenberg":"","_relevanssi_hide_post":"","_relevanssi_hide_content":"","_relevanssi_pin_for_all":"","_relevanssi_pin_keywords":"","_relevanssi_unpin_keywords":"","_relevanssi_related_keywords":"","_relevanssi_related_include_ids":"","_relevanssi_related_exclude_ids":"","_relevanssi_related_no_append":"","_relevanssi_related_not_related":"","_relevanssi_related_posts":"","_relevanssi_noindex_reason":"","footnotes":""},"categories":[1],"tags":[],"wl_entity_type":[11495],"class_list":["post-539726","post","type-post","status-publish","format-standard","has-post-thumbnail","hentry","category-allgemein","wl_entity_type-article"],"acf":[],"yoast_head":"<!-- This site is optimized with the Yoast SEO Premium plugin v26.9 (Yoast SEO v26.9) - https:\/\/yoast.com\/product\/yoast-seo-premium-wordpress\/ -->\n<title>10 gut gewahrte Geheimnisse im SalzburgerLand \u00bb SalzburgerLand.com<\/title>\n<meta name=\"robots\" content=\"index, follow, max-snippet:-1, max-image-preview:large, max-video-preview:-1\" \/>\n<link rel=\"canonical\" href=\"https:\/\/www.salzburgerland.com\/de\/wp-json\/wp\/v2\/posts\/539726\" \/>\n<meta property=\"og:locale\" content=\"de_DE\" \/>\n<meta property=\"og:type\" content=\"article\" \/>\n<meta property=\"og:title\" content=\"10 gut gewahrte Geheimnisse im SalzburgerLand\" \/>\n<meta property=\"og:description\" content=\"Das SalzburgerLand ist weltber\u00fchmt und dennoch hat es sich ein paar gut geh\u00fctete Geheimnisse bewahrt.\" \/>\n<meta property=\"og:url\" content=\"https:\/\/www.salzburgerland.com\/de\/wp-json\/wp\/v2\/posts\/539726\" \/>\n<meta property=\"og:site_name\" content=\"SalzburgerLand.com\" \/>\n<meta property=\"article:publisher\" content=\"https:\/\/www.facebook.com\/salzburgerland\/\" \/>\n<meta property=\"article:published_time\" content=\"2021-02-19T08:40:45+00:00\" \/>\n<meta property=\"article:modified_time\" content=\"2025-04-07T16:06:34+00:00\" \/>\n<meta property=\"og:image\" content=\"https:\/\/www.salzburgerland.com\/de\/wp-content\/uploads\/2021\/02\/rs4108_2020-08-27-mutter-und-tochter-am-berg-beim-sonnenuntergang-by-michael-groessinger-_a2a9645-bearbeitet-lpr1-1200x675.jpg\" \/>\n\t<meta property=\"og:image:width\" content=\"1200\" \/>\n\t<meta property=\"og:image:height\" content=\"675\" \/>\n\t<meta property=\"og:image:type\" content=\"image\/jpeg\" \/>\n<meta name=\"author\" content=\"Barbara Walzer\" \/>\n<meta name=\"twitter:card\" content=\"summary_large_image\" \/>\n<meta name=\"twitter:creator\" content=\"@Salzburgerland\" \/>\n<meta name=\"twitter:site\" content=\"@Salzburgerland\" \/>\n<meta name=\"twitter:label1\" content=\"Verfasst von\" \/>\n\t<meta name=\"twitter:data1\" content=\"Barbara Walzer\" \/>\n\t<meta name=\"twitter:label2\" content=\"Gesch\u00e4tzte Lesezeit\" \/>\n\t<meta name=\"twitter:data2\" content=\"9\u00a0Minuten\" \/>\n<script type=\"application\/ld+json\" class=\"yoast-schema-graph\">{\"@context\":\"https:\/\/schema.org\",\"@graph\":[{\"@type\":\"WebPage\",\"@id\":\"https:\/\/www.salzburgerland.com\/de\/10-gut-gewahrte-geheimnisse-im-salzburgerland\/\",\"url\":\"https:\/\/www.salzburgerland.com\/de\/10-gut-gewahrte-geheimnisse-im-salzburgerland\/\",\"name\":\"10 gut gewahrte Geheimnisse im SalzburgerLand \u00bb SalzburgerLand.com\",\"isPartOf\":{\"@id\":\"https:\/\/www.salzburgerland.com\/de\/#website\"},\"primaryImageOfPage\":{\"@id\":\"https:\/\/www.salzburgerland.com\/de\/10-gut-gewahrte-geheimnisse-im-salzburgerland\/#primaryimage\"},\"image\":{\"@id\":\"https:\/\/www.salzburgerland.com\/de\/10-gut-gewahrte-geheimnisse-im-salzburgerland\/#primaryimage\"},\"thumbnailUrl\":\"https:\/\/www.salzburgerland.com\/de\/wp-content\/uploads\/2021\/02\/rs4108_2020-08-27-mutter-und-tochter-am-berg-beim-sonnenuntergang-by-michael-groessinger-_a2a9645-bearbeitet-lpr1.jpg\",\"datePublished\":\"2021-02-19T08:40:45+00:00\",\"dateModified\":\"2025-04-07T16:06:34+00:00\",\"description\":\"Das SalzburgerLand ist weltber\u00fchmt und dennoch hat es sich ein paar gut geh\u00fctete Geheimnisse bewahrt.\",\"breadcrumb\":{\"@id\":\"https:\/\/www.salzburgerland.com\/de\/10-gut-gewahrte-geheimnisse-im-salzburgerland\/#breadcrumb\"},\"inLanguage\":\"de\",\"potentialAction\":[{\"@type\":\"ReadAction\",\"target\":[\"https:\/\/www.salzburgerland.com\/de\/10-gut-gewahrte-geheimnisse-im-salzburgerland\/\"]}]},{\"@type\":\"ImageObject\",\"inLanguage\":\"de\",\"@id\":\"https:\/\/www.salzburgerland.com\/de\/10-gut-gewahrte-geheimnisse-im-salzburgerland\/#primaryimage\",\"url\":\"https:\/\/www.salzburgerland.com\/de\/wp-content\/uploads\/2021\/02\/rs4108_2020-08-27-mutter-und-tochter-am-berg-beim-sonnenuntergang-by-michael-groessinger-_a2a9645-bearbeitet-lpr1.jpg\",\"contentUrl\":\"https:\/\/www.salzburgerland.com\/de\/wp-content\/uploads\/2021\/02\/rs4108_2020-08-27-mutter-und-tochter-am-berg-beim-sonnenuntergang-by-michael-groessinger-_a2a9645-bearbeitet-lpr1.jpg\",\"width\":1920,\"height\":1080,\"caption\":\"\u00a9 SalzburgerLand Tourismus, Michael Groessinger - Abendstimmung am Ellmaustein\"},{\"@type\":\"BreadcrumbList\",\"@id\":\"https:\/\/www.salzburgerland.com\/de\/10-gut-gewahrte-geheimnisse-im-salzburgerland\/#breadcrumb\",\"itemListElement\":[{\"@type\":\"ListItem\",\"position\":1,\"name\":\"Daf\u00fcr leben wir\",\"item\":\"https:\/\/www.salzburgerland.com\/de\/dafuer-leben-wir\/\"},{\"@type\":\"ListItem\",\"position\":2,\"name\":\"10 gut gewahrte Geheimnisse im SalzburgerLand\"}]},{\"@type\":\"WebSite\",\"@id\":\"https:\/\/www.salzburgerland.com\/de\/#website\",\"url\":\"https:\/\/www.salzburgerland.com\/de\/\",\"name\":\"SalzburgerLand.com\",\"description\":\"Ihr Urlaub in Salzburg, \u00d6sterreich\",\"publisher\":{\"@id\":\"https:\/\/www.salzburgerland.com\/de\/#organization\"},\"potentialAction\":[{\"@type\":\"SearchAction\",\"target\":{\"@type\":\"EntryPoint\",\"urlTemplate\":\"https:\/\/www.salzburgerland.com\/de\/?s={search_term_string}\"},\"query-input\":{\"@type\":\"PropertyValueSpecification\",\"valueRequired\":true,\"valueName\":\"search_term_string\"}}],\"inLanguage\":\"de\"},{\"@type\":\"Organization\",\"@id\":\"https:\/\/www.salzburgerland.com\/de\/#organization\",\"name\":\"SalzburgerLand Tourismus GmbH\",\"url\":\"https:\/\/www.salzburgerland.com\/de\/\",\"logo\":{\"@type\":\"ImageObject\",\"inLanguage\":\"de\",\"@id\":\"https:\/\/www.salzburgerland.com\/de\/#\/schema\/logo\/image\/\",\"url\":\"https:\/\/www.salzburgerland.com\/de\/wp-content\/uploads\/2017\/01\/salzburgerland-logo.jpg\",\"contentUrl\":\"https:\/\/www.salzburgerland.com\/de\/wp-content\/uploads\/2017\/01\/salzburgerland-logo.jpg\",\"width\":1920,\"height\":827,\"caption\":\"SalzburgerLand Tourismus GmbH\"},\"image\":{\"@id\":\"https:\/\/www.salzburgerland.com\/de\/#\/schema\/logo\/image\/\"},\"sameAs\":[\"https:\/\/www.facebook.com\/salzburgerland\/\",\"https:\/\/x.com\/Salzburgerland\",\"https:\/\/www.instagram.com\/salzburgerland\/\",\"http:\/\/dbpedia.org\/resource\/Salzburg_(state)\",\"http:\/\/wikidata.dbpedia.org\/resource\/Q43325\",\"http:\/\/open.salzburgerland.com\/de\/entity\/salzburgerland\",\"https:\/\/www.youtube.com\/user\/salzburgerland\"]},{\"@type\":\"Person\",\"@id\":\"https:\/\/www.salzburgerland.com\/de\/#\/schema\/person\/caeab11a87b2ddb609442e2134067898\",\"name\":\"Barbara Walzer\",\"image\":{\"@type\":\"ImageObject\",\"inLanguage\":\"de\",\"@id\":\"https:\/\/www.salzburgerland.com\/de\/#\/schema\/person\/image\/\",\"url\":\"https:\/\/secure.gravatar.com\/avatar\/a33af3f7ecbc837d99149f702ef06428086253068f7ff83b2aacb98bb919f367?s=96&d=mm&r=g\",\"contentUrl\":\"https:\/\/secure.gravatar.com\/avatar\/a33af3f7ecbc837d99149f702ef06428086253068f7ff83b2aacb98bb919f367?s=96&d=mm&r=g\",\"caption\":\"Barbara Walzer\"}}]}<\/script>\n<!-- \/ Yoast SEO Premium plugin. -->","yoast_head_json":{"title":"10 gut gewahrte Geheimnisse im SalzburgerLand \u00bb SalzburgerLand.com","robots":{"index":"index","follow":"follow","max-snippet":"max-snippet:-1","max-image-preview":"max-image-preview:large","max-video-preview":"max-video-preview:-1"},"canonical":"https:\/\/www.salzburgerland.com\/de\/wp-json\/wp\/v2\/posts\/539726","og_locale":"de_DE","og_type":"article","og_title":"10 gut gewahrte Geheimnisse im SalzburgerLand","og_description":"Das SalzburgerLand ist weltber\u00fchmt und dennoch hat es sich ein paar gut geh\u00fctete Geheimnisse bewahrt.","og_url":"https:\/\/www.salzburgerland.com\/de\/wp-json\/wp\/v2\/posts\/539726","og_site_name":"SalzburgerLand.com","article_publisher":"https:\/\/www.facebook.com\/salzburgerland\/","article_published_time":"2021-02-19T08:40:45+00:00","article_modified_time":"2025-04-07T16:06:34+00:00","og_image":[{"width":1200,"height":675,"url":"https:\/\/www.salzburgerland.com\/de\/wp-content\/uploads\/2021\/02\/rs4108_2020-08-27-mutter-und-tochter-am-berg-beim-sonnenuntergang-by-michael-groessinger-_a2a9645-bearbeitet-lpr1-1200x675.jpg","type":"image\/jpeg"}],"author":"Barbara Walzer","twitter_card":"summary_large_image","twitter_creator":"@Salzburgerland","twitter_site":"@Salzburgerland","twitter_misc":{"Verfasst von":"Barbara Walzer","Gesch\u00e4tzte Lesezeit":"9\u00a0Minuten"},"schema":{"@context":"https:\/\/schema.org","@graph":[{"@type":"WebPage","@id":"https:\/\/www.salzburgerland.com\/de\/10-gut-gewahrte-geheimnisse-im-salzburgerland\/","url":"https:\/\/www.salzburgerland.com\/de\/10-gut-gewahrte-geheimnisse-im-salzburgerland\/","name":"10 gut gewahrte Geheimnisse im SalzburgerLand \u00bb SalzburgerLand.com","isPartOf":{"@id":"https:\/\/www.salzburgerland.com\/de\/#website"},"primaryImageOfPage":{"@id":"https:\/\/www.salzburgerland.com\/de\/10-gut-gewahrte-geheimnisse-im-salzburgerland\/#primaryimage"},"image":{"@id":"https:\/\/www.salzburgerland.com\/de\/10-gut-gewahrte-geheimnisse-im-salzburgerland\/#primaryimage"},"thumbnailUrl":"https:\/\/www.salzburgerland.com\/de\/wp-content\/uploads\/2021\/02\/rs4108_2020-08-27-mutter-und-tochter-am-berg-beim-sonnenuntergang-by-michael-groessinger-_a2a9645-bearbeitet-lpr1.jpg","datePublished":"2021-02-19T08:40:45+00:00","dateModified":"2025-04-07T16:06:34+00:00","description":"Das SalzburgerLand ist weltber\u00fchmt und dennoch hat es sich ein paar gut geh\u00fctete Geheimnisse bewahrt.","breadcrumb":{"@id":"https:\/\/www.salzburgerland.com\/de\/10-gut-gewahrte-geheimnisse-im-salzburgerland\/#breadcrumb"},"inLanguage":"de","potentialAction":[{"@type":"ReadAction","target":["https:\/\/www.salzburgerland.com\/de\/10-gut-gewahrte-geheimnisse-im-salzburgerland\/"]}]},{"@type":"ImageObject","inLanguage":"de","@id":"https:\/\/www.salzburgerland.com\/de\/10-gut-gewahrte-geheimnisse-im-salzburgerland\/#primaryimage","url":"https:\/\/www.salzburgerland.com\/de\/wp-content\/uploads\/2021\/02\/rs4108_2020-08-27-mutter-und-tochter-am-berg-beim-sonnenuntergang-by-michael-groessinger-_a2a9645-bearbeitet-lpr1.jpg","contentUrl":"https:\/\/www.salzburgerland.com\/de\/wp-content\/uploads\/2021\/02\/rs4108_2020-08-27-mutter-und-tochter-am-berg-beim-sonnenuntergang-by-michael-groessinger-_a2a9645-bearbeitet-lpr1.jpg","width":1920,"height":1080,"caption":"\u00a9 SalzburgerLand Tourismus, Michael Groessinger - Abendstimmung am Ellmaustein"},{"@type":"BreadcrumbList","@id":"https:\/\/www.salzburgerland.com\/de\/10-gut-gewahrte-geheimnisse-im-salzburgerland\/#breadcrumb","itemListElement":[{"@type":"ListItem","position":1,"name":"Daf\u00fcr leben wir","item":"https:\/\/www.salzburgerland.com\/de\/dafuer-leben-wir\/"},{"@type":"ListItem","position":2,"name":"10 gut gewahrte Geheimnisse im SalzburgerLand"}]},{"@type":"WebSite","@id":"https:\/\/www.salzburgerland.com\/de\/#website","url":"https:\/\/www.salzburgerland.com\/de\/","name":"SalzburgerLand.com","description":"Ihr Urlaub in Salzburg, \u00d6sterreich","publisher":{"@id":"https:\/\/www.salzburgerland.com\/de\/#organization"},"potentialAction":[{"@type":"SearchAction","target":{"@type":"EntryPoint","urlTemplate":"https:\/\/www.salzburgerland.com\/de\/?s={search_term_string}"},"query-input":{"@type":"PropertyValueSpecification","valueRequired":true,"valueName":"search_term_string"}}],"inLanguage":"de"},{"@type":"Organization","@id":"https:\/\/www.salzburgerland.com\/de\/#organization","name":"SalzburgerLand Tourismus GmbH","url":"https:\/\/www.salzburgerland.com\/de\/","logo":{"@type":"ImageObject","inLanguage":"de","@id":"https:\/\/www.salzburgerland.com\/de\/#\/schema\/logo\/image\/","url":"https:\/\/www.salzburgerland.com\/de\/wp-content\/uploads\/2017\/01\/salzburgerland-logo.jpg","contentUrl":"https:\/\/www.salzburgerland.com\/de\/wp-content\/uploads\/2017\/01\/salzburgerland-logo.jpg","width":1920,"height":827,"caption":"SalzburgerLand Tourismus GmbH"},"image":{"@id":"https:\/\/www.salzburgerland.com\/de\/#\/schema\/logo\/image\/"},"sameAs":["https:\/\/www.facebook.com\/salzburgerland\/","https:\/\/x.com\/Salzburgerland","https:\/\/www.instagram.com\/salzburgerland\/","http:\/\/dbpedia.org\/resource\/Salzburg_(state)","http:\/\/wikidata.dbpedia.org\/resource\/Q43325","http:\/\/open.salzburgerland.com\/de\/entity\/salzburgerland","https:\/\/www.youtube.com\/user\/salzburgerland"]},{"@type":"Person","@id":"https:\/\/www.salzburgerland.com\/de\/#\/schema\/person\/caeab11a87b2ddb609442e2134067898","name":"Barbara Walzer","image":{"@type":"ImageObject","inLanguage":"de","@id":"https:\/\/www.salzburgerland.com\/de\/#\/schema\/person\/image\/","url":"https:\/\/secure.gravatar.com\/avatar\/a33af3f7ecbc837d99149f702ef06428086253068f7ff83b2aacb98bb919f367?s=96&d=mm&r=g","contentUrl":"https:\/\/secure.gravatar.com\/avatar\/a33af3f7ecbc837d99149f702ef06428086253068f7ff83b2aacb98bb919f367?s=96&d=mm&r=g","caption":"Barbara Walzer"}}]}},"_wl_alt_label":[],"wl:entity_url":"http:\/\/open.salzburgerland.com\/de\/post\/10_gut_gewahrte_geheimnisse_im_salzburgerland","_links":{"self":[{"href":"https:\/\/www.salzburgerland.com\/de\/wp-json\/wp\/v2\/posts\/539726","targetHints":{"allow":["GET"]}}],"collection":[{"href":"https:\/\/www.salzburgerland.com\/de\/wp-json\/wp\/v2\/posts"}],"about":[{"href":"https:\/\/www.salzburgerland.com\/de\/wp-json\/wp\/v2\/types\/post"}],"author":[{"embeddable":true,"href":"https:\/\/www.salzburgerland.com\/de\/wp-json\/wp\/v2\/users\/50"}],"replies":[{"embeddable":true,"href":"https:\/\/www.salzburgerland.com\/de\/wp-json\/wp\/v2\/comments?post=539726"}],"version-history":[{"count":2,"href":"https:\/\/www.salzburgerland.com\/de\/wp-json\/wp\/v2\/posts\/539726\/revisions"}],"predecessor-version":[{"id":677097,"href":"https:\/\/www.salzburgerland.com\/de\/wp-json\/wp\/v2\/posts\/539726\/revisions\/677097"}],"wp:featuredmedia":[{"embeddable":true,"href":"https:\/\/www.salzburgerland.com\/de\/wp-json\/wp\/v2\/media\/536776"}],"wp:attachment":[{"href":"https:\/\/www.salzburgerland.com\/de\/wp-json\/wp\/v2\/media?parent=539726"}],"wp:term":[{"taxonomy":"category","embeddable":true,"href":"https:\/\/www.salzburgerland.com\/de\/wp-json\/wp\/v2\/categories?post=539726"},{"taxonomy":"post_tag","embeddable":true,"href":"https:\/\/www.salzburgerland.com\/de\/wp-json\/wp\/v2\/tags?post=539726"},{"taxonomy":"wl_entity_type","embeddable":true,"href":"https:\/\/www.salzburgerland.com\/de\/wp-json\/wp\/v2\/wl_entity_type?post=539726"}],"curies":[{"name":"wp","href":"https:\/\/api.w.org\/{rel}","templated":true}]}}