{"id":538271,"date":"2021-02-12T13:59:34","date_gmt":"2021-02-12T12:59:34","guid":{"rendered":"https:\/\/www.salzburgerland.com\/de\/?p=538271"},"modified":"2021-02-16T17:41:54","modified_gmt":"2021-02-16T16:41:54","slug":"genussregion-nationalpark-hohe-tauern-sommer","status":"publish","type":"post","link":"https:\/\/www.salzburgerland.com\/de\/genussregion-nationalpark-hohe-tauern-sommer\/","title":{"rendered":"Genussregion Nationalpark Hohe Tauern"},"content":{"rendered":"<div id=\"attachment_538272\" style=\"width: 1034px\" class=\"wp-caption alignleft\"><img decoding=\"async\" aria-describedby=\"caption-attachment-538272\" class=\"wp-image-538272 size-medium\" src=\"https:\/\/cdn.salzburgerland.com\/de\/wp-content\/uploads\/2021\/02\/wandern_obersulzbachtalcferienregion_nationalpark_michael_huber_10-1024x569.jpg\" alt=\"\" width=\"1024\" height=\"569\" srcset=\"https:\/\/www.salzburgerland.com\/de\/wp-content\/uploads\/2021\/02\/wandern_obersulzbachtalcferienregion_nationalpark_michael_huber_10-1024x569.jpg 1024w, https:\/\/www.salzburgerland.com\/de\/wp-content\/uploads\/2021\/02\/wandern_obersulzbachtalcferienregion_nationalpark_michael_huber_10-1920x1067.jpg 1920w, https:\/\/www.salzburgerland.com\/de\/wp-content\/uploads\/2021\/02\/wandern_obersulzbachtalcferienregion_nationalpark_michael_huber_10-370x206.jpg 370w, https:\/\/www.salzburgerland.com\/de\/wp-content\/uploads\/2021\/02\/wandern_obersulzbachtalcferienregion_nationalpark_michael_huber_10-270x150.jpg 270w, https:\/\/www.salzburgerland.com\/de\/wp-content\/uploads\/2021\/02\/wandern_obersulzbachtalcferienregion_nationalpark_michael_huber_10-540x300.jpg 540w\" sizes=\"(max-width: 1024px) 100vw, 1024px\"><p id=\"caption-attachment-538272\" class=\"wp-caption-text\">\u00a9Ferienregion Nationalpark Hohe Tauern<\/p><\/div>\n<p>\u00a0<\/p>\n<p><a href=\"https:\/\/www.nationalpark.at\/de\/urlaub\/sommer\/wandern\/almsommer\/\" target=\"_blank\" rel=\"noopener\">120 bewirtschaftete Almen<\/a> haben ihre H\u00fcttent\u00fcren f\u00fcr Wanderer, Familien und Naturliebhaber ge\u00f6ffnet. Ein Gro\u00dfteil der Milch der rund 1.300 K\u00fche, die neben Schafen, Ziegen, Rindern und Pferden den Sommer auf den Almen im Nationalpark Hohe Tauern verbringen, wird direkt vor Ort weiterverarbeitet: Zu K\u00e4se, Butter oder himmlischen Mehlspeisen.<\/p>\n<div id=\"attachment_538273\" style=\"width: 1034px\" class=\"wp-caption alignleft\"><img decoding=\"async\" aria-describedby=\"caption-attachment-538273\" class=\"size-medium wp-image-538273\" src=\"https:\/\/cdn.salzburgerland.com\/de\/wp-content\/uploads\/2021\/02\/ferienregion_nationalpark_huber_20_1113-1024x569.jpg\" alt=\"\" width=\"1024\" height=\"569\" srcset=\"https:\/\/www.salzburgerland.com\/de\/wp-content\/uploads\/2021\/02\/ferienregion_nationalpark_huber_20_1113-1024x569.jpg 1024w, https:\/\/www.salzburgerland.com\/de\/wp-content\/uploads\/2021\/02\/ferienregion_nationalpark_huber_20_1113-1920x1067.jpg 1920w, https:\/\/www.salzburgerland.com\/de\/wp-content\/uploads\/2021\/02\/ferienregion_nationalpark_huber_20_1113-370x206.jpg 370w, https:\/\/www.salzburgerland.com\/de\/wp-content\/uploads\/2021\/02\/ferienregion_nationalpark_huber_20_1113-270x150.jpg 270w, https:\/\/www.salzburgerland.com\/de\/wp-content\/uploads\/2021\/02\/ferienregion_nationalpark_huber_20_1113-540x300.jpg 540w\" sizes=\"(max-width: 1024px) 100vw, 1024px\"><p id=\"caption-attachment-538273\" class=\"wp-caption-text\">\u00a9Ferienregion Nationalpark Michael Huber, H\u00fcttenkulinarik vom Feinsten aus regionalen Zutaten<\/p><\/div>\n<h2>Nationalpark Sommercard<\/h2>\n<p>Mit der <a href=\"https:\/\/www.nationalpark.at\/de\/urlaub\/sommer\/nationalpark-sommercard\/\" target=\"_blank\" rel=\"noopener\">Nationalpark Sommercard<\/a> gibt es die All-inclusive-Karte f\u00fcr den Urlaub in der Region. Urlauber kommen damit in den Genuss, mehr als 60 Attraktionen kostenlos nutzen zu k\u00f6nnen. Sie bietet dar\u00fcber hinaus maximale Mobilit\u00e4t in der Region.<\/p>\n<p>Um die Region mit ihrem vielf\u00e4ltigen Angebot besonders intensiv auskosten zu k\u00f6nnen, gibt es im Zeitraum von 1. Mai bis 31. Oktober die Nationalpark Sommercard.<\/p>\n<p>Alle G\u00e4ste, die bei den teilnehmenden Partnerbe\u00adtrieben n\u00e4chtigen, erhalten von ihren Gastgebern die Nationalpark Sommercard geschenkt. 60 Attraktionen wie Sehensw\u00fcrdigkeiten, Museen und Naturschauspiele, Freizeit- und Sportanlagen sowie Bergbahnen k\u00f6nnen mit der Karte besich\u00adtigt und genutzt werden. Dar\u00fcber hinaus bietet die Karte maximale Mobilit\u00e4t. Sie berechtigt zur kostenlosen Nutzung der lokalen, \u00f6ffentlichen Verkehrsmittel und inkludiert den Tageseintritt zur Erlebniswelt \u201eGro\u00dfglockner Hochalpenstra\u00dfe\u201c sowie ein Tagesticket f\u00fcr die Gerlos Alpenstra\u00dfe.<\/p>\n<div id=\"attachment_538276\" style=\"width: 1034px\" class=\"wp-caption alignleft\"><img decoding=\"async\" aria-describedby=\"caption-attachment-538276\" class=\"size-medium wp-image-538276\" src=\"https:\/\/cdn.salzburgerland.com\/de\/wp-content\/uploads\/2021\/02\/wandern_gipfel_sommercardcferienregion_nationalpark_michael_huber_59-1024x569.jpg\" alt=\"\" width=\"1024\" height=\"569\" srcset=\"https:\/\/www.salzburgerland.com\/de\/wp-content\/uploads\/2021\/02\/wandern_gipfel_sommercardcferienregion_nationalpark_michael_huber_59-1024x569.jpg 1024w, https:\/\/www.salzburgerland.com\/de\/wp-content\/uploads\/2021\/02\/wandern_gipfel_sommercardcferienregion_nationalpark_michael_huber_59-1920x1067.jpg 1920w, https:\/\/www.salzburgerland.com\/de\/wp-content\/uploads\/2021\/02\/wandern_gipfel_sommercardcferienregion_nationalpark_michael_huber_59-370x206.jpg 370w, https:\/\/www.salzburgerland.com\/de\/wp-content\/uploads\/2021\/02\/wandern_gipfel_sommercardcferienregion_nationalpark_michael_huber_59-270x150.jpg 270w, https:\/\/www.salzburgerland.com\/de\/wp-content\/uploads\/2021\/02\/wandern_gipfel_sommercardcferienregion_nationalpark_michael_huber_59-540x300.jpg 540w\" sizes=\"(max-width: 1024px) 100vw, 1024px\"><p id=\"caption-attachment-538276\" class=\"wp-caption-text\">\u00a9Ferienregion Nationalpark,\u00a0 Michael Huber \u2013 Unterwegs mit der Nationalpark Sommercard<\/p><\/div>\n<h2><\/h2>\n<h2>Ausflugstipp: Nationalparkwelten Mittersill<\/h2>\n<p>Die <a href=\"https:\/\/www.nationalpark.at\/de\/nationalparkzentrum\/\" target=\"_blank\" rel=\"noopener\">Nationalparkwelten Hohe Tauern<\/a> in Mittersill z\u00e4hlen zu den modernsten Nationalparkzentren Europas. Die Besucher durchwandern zehn faszinierende Naturr\u00e4ume, wie z.B. Adlerflugpanorama, Murmeltier &amp; Co, Wilde Wasser, Lawinen- und Wasserfalldom, nacheinander und lernen dabei die au\u00dfergew\u00f6hnliche Vielfalt des gr\u00f6\u00dften Schutzgebietes der Alpen kennen und verstehen. Mit der 360\u00b0-Panoramawelt kann die Dauerausstellung mit einem zus\u00e4tzlichen Highlight aufwarten. Einfach, schnell und online unter nationalpark.at Ticket sichern.<\/p>\n<div id=\"attachment_538275\" style=\"width: 1034px\" class=\"wp-caption alignleft\"><img decoding=\"async\" aria-describedby=\"caption-attachment-538275\" class=\"size-medium wp-image-538275\" src=\"https:\/\/cdn.salzburgerland.com\/de\/wp-content\/uploads\/2021\/02\/nationalparkzentrum-hohe-tauern--harry-liebmann-1024x569.jpg\" alt=\"\" width=\"1024\" height=\"569\" srcset=\"https:\/\/www.salzburgerland.com\/de\/wp-content\/uploads\/2021\/02\/nationalparkzentrum-hohe-tauern--harry-liebmann-1024x569.jpg 1024w, https:\/\/www.salzburgerland.com\/de\/wp-content\/uploads\/2021\/02\/nationalparkzentrum-hohe-tauern--harry-liebmann-1920x1067.jpg 1920w, https:\/\/www.salzburgerland.com\/de\/wp-content\/uploads\/2021\/02\/nationalparkzentrum-hohe-tauern--harry-liebmann-370x206.jpg 370w, https:\/\/www.salzburgerland.com\/de\/wp-content\/uploads\/2021\/02\/nationalparkzentrum-hohe-tauern--harry-liebmann-270x150.jpg 270w, https:\/\/www.salzburgerland.com\/de\/wp-content\/uploads\/2021\/02\/nationalparkzentrum-hohe-tauern--harry-liebmann-540x300.jpg 540w\" sizes=\"(max-width: 1024px) 100vw, 1024px\"><p id=\"caption-attachment-538275\" class=\"wp-caption-text\">\u00a9Ferienregion_Nationalpark_<\/p><\/div>\n","protected":false},"excerpt":{"rendered":"<p>\u00a0 120 bewirtschaftete Almen haben ihre H\u00fcttent\u00fcren f\u00fcr Wanderer, Familien und Naturliebhaber ge\u00f6ffnet. Ein Gro\u00dfteil der Milch der rund 1.300 K\u00fche, die neben Schafen, Ziegen, Rindern und Pferden den Sommer auf den Almen im Nationalpark Hohe Tauern verbringen, wird direkt vor Ort weiterverarbeitet: Zu K\u00e4se, Butter oder himmlischen Mehlspeisen. Nationalpark Sommercard Mit der Nationalpark Sommercard [&hellip;]<\/p>\n","protected":false},"author":17,"featured_media":538274,"comment_status":"closed","ping_status":"closed","sticky":false,"template":"","format":"standard","meta":{"_acf_changed":false,"wl_entities_gutenberg":"","_relevanssi_hide_post":"","_relevanssi_hide_content":"","_relevanssi_pin_for_all":"","_relevanssi_pin_keywords":"","_relevanssi_unpin_keywords":"","_relevanssi_related_keywords":"","_relevanssi_related_include_ids":"","_relevanssi_related_exclude_ids":"","_relevanssi_related_no_append":"","_relevanssi_related_not_related":"","_relevanssi_related_posts":"","_relevanssi_noindex_reason":"","footnotes":""},"categories":[1],"tags":[13478,13657],"wl_entity_type":[11495],"class_list":["post-538271","post","type-post","status-publish","format-standard","has-post-thumbnail","hentry","category-allgemein","tag-kulinarik","tag-nationalpark-hihe-tauern","wl_entity_type-article"],"acf":[],"yoast_head":"<!-- This site is optimized with the Yoast SEO Premium plugin v26.9 (Yoast SEO v26.9) - https:\/\/yoast.com\/product\/yoast-seo-premium-wordpress\/ -->\n<title>Genussregion Nationalpark Hohe Tauern \u00bb SalzburgerLand.com<\/title>\n<meta name=\"robots\" content=\"index, follow, max-snippet:-1, max-image-preview:large, max-video-preview:-1\" \/>\n<link rel=\"canonical\" href=\"https:\/\/www.salzburgerland.com\/de\/wp-json\/wp\/v2\/posts\/538271\" \/>\n<meta property=\"og:locale\" content=\"de_DE\" \/>\n<meta property=\"og:type\" content=\"article\" \/>\n<meta property=\"og:title\" content=\"Genussregion Nationalpark Hohe Tauern\" \/>\n<meta property=\"og:description\" content=\"Unber\u00fchrte Natur, weite Almwiesen, seltene Alpenblumen und eine gro\u00dfe kulinarische Vielfalt sowie ein atemberaubendes Bergpanorama \u2013 all das vereint die Ferienregion Nationalpark Hohe Tauern.\" \/>\n<meta property=\"og:url\" content=\"https:\/\/www.salzburgerland.com\/de\/wp-json\/wp\/v2\/posts\/538271\" \/>\n<meta property=\"og:site_name\" content=\"SalzburgerLand.com\" \/>\n<meta property=\"article:publisher\" content=\"https:\/\/www.facebook.com\/salzburgerland\/\" \/>\n<meta property=\"article:published_time\" content=\"2021-02-12T12:59:34+00:00\" \/>\n<meta property=\"article:modified_time\" content=\"2021-02-16T16:41:54+00:00\" \/>\n<meta property=\"og:image\" content=\"https:\/\/www.salzburgerland.com\/de\/wp-content\/uploads\/2021\/02\/krimmler_wasserfaellecferienregion_nationalpark_michael_huber_14-1200x675.jpg\" \/>\n\t<meta property=\"og:image:width\" content=\"1200\" \/>\n\t<meta property=\"og:image:height\" content=\"675\" \/>\n\t<meta property=\"og:image:type\" content=\"image\/jpeg\" \/>\n<meta name=\"author\" content=\"Ulli Hammerl\" \/>\n<meta name=\"twitter:card\" content=\"summary_large_image\" \/>\n<meta name=\"twitter:creator\" content=\"@Salzburgerland\" \/>\n<meta name=\"twitter:site\" content=\"@Salzburgerland\" \/>\n<meta name=\"twitter:label1\" content=\"Verfasst von\" \/>\n\t<meta name=\"twitter:data1\" content=\"Ulli Hammerl\" \/>\n\t<meta name=\"twitter:label2\" content=\"Gesch\u00e4tzte Lesezeit\" \/>\n\t<meta name=\"twitter:data2\" content=\"3\u00a0Minuten\" \/>\n<script type=\"application\/ld+json\" class=\"yoast-schema-graph\">{\"@context\":\"https:\/\/schema.org\",\"@graph\":[{\"@type\":\"WebPage\",\"@id\":\"https:\/\/www.salzburgerland.com\/de\/genussregion-nationalpark-hohe-tauern-sommer\/\",\"url\":\"https:\/\/www.salzburgerland.com\/de\/genussregion-nationalpark-hohe-tauern-sommer\/\",\"name\":\"Genussregion Nationalpark Hohe Tauern \u00bb SalzburgerLand.com\",\"isPartOf\":{\"@id\":\"https:\/\/www.salzburgerland.com\/de\/#website\"},\"primaryImageOfPage\":{\"@id\":\"https:\/\/www.salzburgerland.com\/de\/genussregion-nationalpark-hohe-tauern-sommer\/#primaryimage\"},\"image\":{\"@id\":\"https:\/\/www.salzburgerland.com\/de\/genussregion-nationalpark-hohe-tauern-sommer\/#primaryimage\"},\"thumbnailUrl\":\"https:\/\/www.salzburgerland.com\/de\/wp-content\/uploads\/2021\/02\/krimmler_wasserfaellecferienregion_nationalpark_michael_huber_14.jpg\",\"datePublished\":\"2021-02-12T12:59:34+00:00\",\"dateModified\":\"2021-02-16T16:41:54+00:00\",\"description\":\"Unber\u00fchrte Natur, weite Almwiesen, seltene Alpenblumen und eine gro\u00dfe kulinarische Vielfalt sowie ein atemberaubendes Bergpanorama \u2013 all das vereint die Ferienregion Nationalpark Hohe Tauern.\",\"breadcrumb\":{\"@id\":\"https:\/\/www.salzburgerland.com\/de\/genussregion-nationalpark-hohe-tauern-sommer\/#breadcrumb\"},\"inLanguage\":\"de\",\"potentialAction\":[{\"@type\":\"ReadAction\",\"target\":[\"https:\/\/www.salzburgerland.com\/de\/genussregion-nationalpark-hohe-tauern-sommer\/\"]}]},{\"@type\":\"ImageObject\",\"inLanguage\":\"de\",\"@id\":\"https:\/\/www.salzburgerland.com\/de\/genussregion-nationalpark-hohe-tauern-sommer\/#primaryimage\",\"url\":\"https:\/\/www.salzburgerland.com\/de\/wp-content\/uploads\/2021\/02\/krimmler_wasserfaellecferienregion_nationalpark_michael_huber_14.jpg\",\"contentUrl\":\"https:\/\/www.salzburgerland.com\/de\/wp-content\/uploads\/2021\/02\/krimmler_wasserfaellecferienregion_nationalpark_michael_huber_14.jpg\",\"width\":1920,\"height\":1280,\"caption\":\"\u00a9Ferienregion_Nationalpark_Michael_Huber\"},{\"@type\":\"BreadcrumbList\",\"@id\":\"https:\/\/www.salzburgerland.com\/de\/genussregion-nationalpark-hohe-tauern-sommer\/#breadcrumb\",\"itemListElement\":[{\"@type\":\"ListItem\",\"position\":1,\"name\":\"Kulinarische Highlights\",\"item\":\"https:\/\/www.salzburgerland.com\/de\/kulinarische-highlights\/\"},{\"@type\":\"ListItem\",\"position\":2,\"name\":\"Genussregion Nationalpark Hohe Tauern\"}]},{\"@type\":\"WebSite\",\"@id\":\"https:\/\/www.salzburgerland.com\/de\/#website\",\"url\":\"https:\/\/www.salzburgerland.com\/de\/\",\"name\":\"SalzburgerLand.com\",\"description\":\"Ihr Urlaub in Salzburg, \u00d6sterreich\",\"publisher\":{\"@id\":\"https:\/\/www.salzburgerland.com\/de\/#organization\"},\"potentialAction\":[{\"@type\":\"SearchAction\",\"target\":{\"@type\":\"EntryPoint\",\"urlTemplate\":\"https:\/\/www.salzburgerland.com\/de\/?s={search_term_string}\"},\"query-input\":{\"@type\":\"PropertyValueSpecification\",\"valueRequired\":true,\"valueName\":\"search_term_string\"}}],\"inLanguage\":\"de\"},{\"@type\":\"Organization\",\"@id\":\"https:\/\/www.salzburgerland.com\/de\/#organization\",\"name\":\"SalzburgerLand Tourismus GmbH\",\"url\":\"https:\/\/www.salzburgerland.com\/de\/\",\"logo\":{\"@type\":\"ImageObject\",\"inLanguage\":\"de\",\"@id\":\"https:\/\/www.salzburgerland.com\/de\/#\/schema\/logo\/image\/\",\"url\":\"https:\/\/www.salzburgerland.com\/de\/wp-content\/uploads\/2017\/01\/salzburgerland-logo.jpg\",\"contentUrl\":\"https:\/\/www.salzburgerland.com\/de\/wp-content\/uploads\/2017\/01\/salzburgerland-logo.jpg\",\"width\":1920,\"height\":827,\"caption\":\"SalzburgerLand Tourismus GmbH\"},\"image\":{\"@id\":\"https:\/\/www.salzburgerland.com\/de\/#\/schema\/logo\/image\/\"},\"sameAs\":[\"https:\/\/www.facebook.com\/salzburgerland\/\",\"https:\/\/x.com\/Salzburgerland\",\"https:\/\/www.instagram.com\/salzburgerland\/\",\"http:\/\/dbpedia.org\/resource\/Salzburg_(state)\",\"http:\/\/wikidata.dbpedia.org\/resource\/Q43325\",\"http:\/\/open.salzburgerland.com\/de\/entity\/salzburgerland\",\"https:\/\/www.youtube.com\/user\/salzburgerland\"]},{\"@type\":\"Person\",\"@id\":\"https:\/\/www.salzburgerland.com\/de\/#\/schema\/person\/43ce9aa621bd7728940e04ed11ce9b6e\",\"name\":\"Ulli Hammerl\",\"image\":{\"@type\":\"ImageObject\",\"inLanguage\":\"de\",\"@id\":\"https:\/\/www.salzburgerland.com\/de\/#\/schema\/person\/image\/\",\"url\":\"https:\/\/secure.gravatar.com\/avatar\/35c80e0404a213597afdb17e84ea42a986fe814f3f881bb75d00261a3ff7aefd?s=96&d=mm&r=g\",\"contentUrl\":\"https:\/\/secure.gravatar.com\/avatar\/35c80e0404a213597afdb17e84ea42a986fe814f3f881bb75d00261a3ff7aefd?s=96&d=mm&r=g\",\"caption\":\"Ulli Hammerl\"}}]}<\/script>\n<!-- \/ Yoast SEO Premium plugin. -->","yoast_head_json":{"title":"Genussregion Nationalpark Hohe Tauern \u00bb SalzburgerLand.com","robots":{"index":"index","follow":"follow","max-snippet":"max-snippet:-1","max-image-preview":"max-image-preview:large","max-video-preview":"max-video-preview:-1"},"canonical":"https:\/\/www.salzburgerland.com\/de\/wp-json\/wp\/v2\/posts\/538271","og_locale":"de_DE","og_type":"article","og_title":"Genussregion Nationalpark Hohe Tauern","og_description":"Unber\u00fchrte Natur, weite Almwiesen, seltene Alpenblumen und eine gro\u00dfe kulinarische Vielfalt sowie ein atemberaubendes Bergpanorama \u2013 all das vereint die Ferienregion Nationalpark Hohe Tauern.","og_url":"https:\/\/www.salzburgerland.com\/de\/wp-json\/wp\/v2\/posts\/538271","og_site_name":"SalzburgerLand.com","article_publisher":"https:\/\/www.facebook.com\/salzburgerland\/","article_published_time":"2021-02-12T12:59:34+00:00","article_modified_time":"2021-02-16T16:41:54+00:00","og_image":[{"width":1200,"height":675,"url":"https:\/\/www.salzburgerland.com\/de\/wp-content\/uploads\/2021\/02\/krimmler_wasserfaellecferienregion_nationalpark_michael_huber_14-1200x675.jpg","type":"image\/jpeg"}],"author":"Ulli Hammerl","twitter_card":"summary_large_image","twitter_creator":"@Salzburgerland","twitter_site":"@Salzburgerland","twitter_misc":{"Verfasst von":"Ulli Hammerl","Gesch\u00e4tzte Lesezeit":"3\u00a0Minuten"},"schema":{"@context":"https:\/\/schema.org","@graph":[{"@type":"WebPage","@id":"https:\/\/www.salzburgerland.com\/de\/genussregion-nationalpark-hohe-tauern-sommer\/","url":"https:\/\/www.salzburgerland.com\/de\/genussregion-nationalpark-hohe-tauern-sommer\/","name":"Genussregion Nationalpark Hohe Tauern \u00bb SalzburgerLand.com","isPartOf":{"@id":"https:\/\/www.salzburgerland.com\/de\/#website"},"primaryImageOfPage":{"@id":"https:\/\/www.salzburgerland.com\/de\/genussregion-nationalpark-hohe-tauern-sommer\/#primaryimage"},"image":{"@id":"https:\/\/www.salzburgerland.com\/de\/genussregion-nationalpark-hohe-tauern-sommer\/#primaryimage"},"thumbnailUrl":"https:\/\/www.salzburgerland.com\/de\/wp-content\/uploads\/2021\/02\/krimmler_wasserfaellecferienregion_nationalpark_michael_huber_14.jpg","datePublished":"2021-02-12T12:59:34+00:00","dateModified":"2021-02-16T16:41:54+00:00","description":"Unber\u00fchrte Natur, weite Almwiesen, seltene Alpenblumen und eine gro\u00dfe kulinarische Vielfalt sowie ein atemberaubendes Bergpanorama \u2013 all das vereint die Ferienregion Nationalpark Hohe Tauern.","breadcrumb":{"@id":"https:\/\/www.salzburgerland.com\/de\/genussregion-nationalpark-hohe-tauern-sommer\/#breadcrumb"},"inLanguage":"de","potentialAction":[{"@type":"ReadAction","target":["https:\/\/www.salzburgerland.com\/de\/genussregion-nationalpark-hohe-tauern-sommer\/"]}]},{"@type":"ImageObject","inLanguage":"de","@id":"https:\/\/www.salzburgerland.com\/de\/genussregion-nationalpark-hohe-tauern-sommer\/#primaryimage","url":"https:\/\/www.salzburgerland.com\/de\/wp-content\/uploads\/2021\/02\/krimmler_wasserfaellecferienregion_nationalpark_michael_huber_14.jpg","contentUrl":"https:\/\/www.salzburgerland.com\/de\/wp-content\/uploads\/2021\/02\/krimmler_wasserfaellecferienregion_nationalpark_michael_huber_14.jpg","width":1920,"height":1280,"caption":"\u00a9Ferienregion_Nationalpark_Michael_Huber"},{"@type":"BreadcrumbList","@id":"https:\/\/www.salzburgerland.com\/de\/genussregion-nationalpark-hohe-tauern-sommer\/#breadcrumb","itemListElement":[{"@type":"ListItem","position":1,"name":"Kulinarische Highlights","item":"https:\/\/www.salzburgerland.com\/de\/kulinarische-highlights\/"},{"@type":"ListItem","position":2,"name":"Genussregion Nationalpark Hohe Tauern"}]},{"@type":"WebSite","@id":"https:\/\/www.salzburgerland.com\/de\/#website","url":"https:\/\/www.salzburgerland.com\/de\/","name":"SalzburgerLand.com","description":"Ihr Urlaub in Salzburg, \u00d6sterreich","publisher":{"@id":"https:\/\/www.salzburgerland.com\/de\/#organization"},"potentialAction":[{"@type":"SearchAction","target":{"@type":"EntryPoint","urlTemplate":"https:\/\/www.salzburgerland.com\/de\/?s={search_term_string}"},"query-input":{"@type":"PropertyValueSpecification","valueRequired":true,"valueName":"search_term_string"}}],"inLanguage":"de"},{"@type":"Organization","@id":"https:\/\/www.salzburgerland.com\/de\/#organization","name":"SalzburgerLand Tourismus GmbH","url":"https:\/\/www.salzburgerland.com\/de\/","logo":{"@type":"ImageObject","inLanguage":"de","@id":"https:\/\/www.salzburgerland.com\/de\/#\/schema\/logo\/image\/","url":"https:\/\/www.salzburgerland.com\/de\/wp-content\/uploads\/2017\/01\/salzburgerland-logo.jpg","contentUrl":"https:\/\/www.salzburgerland.com\/de\/wp-content\/uploads\/2017\/01\/salzburgerland-logo.jpg","width":1920,"height":827,"caption":"SalzburgerLand Tourismus GmbH"},"image":{"@id":"https:\/\/www.salzburgerland.com\/de\/#\/schema\/logo\/image\/"},"sameAs":["https:\/\/www.facebook.com\/salzburgerland\/","https:\/\/x.com\/Salzburgerland","https:\/\/www.instagram.com\/salzburgerland\/","http:\/\/dbpedia.org\/resource\/Salzburg_(state)","http:\/\/wikidata.dbpedia.org\/resource\/Q43325","http:\/\/open.salzburgerland.com\/de\/entity\/salzburgerland","https:\/\/www.youtube.com\/user\/salzburgerland"]},{"@type":"Person","@id":"https:\/\/www.salzburgerland.com\/de\/#\/schema\/person\/43ce9aa621bd7728940e04ed11ce9b6e","name":"Ulli Hammerl","image":{"@type":"ImageObject","inLanguage":"de","@id":"https:\/\/www.salzburgerland.com\/de\/#\/schema\/person\/image\/","url":"https:\/\/secure.gravatar.com\/avatar\/35c80e0404a213597afdb17e84ea42a986fe814f3f881bb75d00261a3ff7aefd?s=96&d=mm&r=g","contentUrl":"https:\/\/secure.gravatar.com\/avatar\/35c80e0404a213597afdb17e84ea42a986fe814f3f881bb75d00261a3ff7aefd?s=96&d=mm&r=g","caption":"Ulli Hammerl"}}]}},"_wl_alt_label":[],"wl:entity_url":"http:\/\/open.salzburgerland.com\/de\/post\/genussregion_nationalpark_hohe_tauern","_links":{"self":[{"href":"https:\/\/www.salzburgerland.com\/de\/wp-json\/wp\/v2\/posts\/538271","targetHints":{"allow":["GET"]}}],"collection":[{"href":"https:\/\/www.salzburgerland.com\/de\/wp-json\/wp\/v2\/posts"}],"about":[{"href":"https:\/\/www.salzburgerland.com\/de\/wp-json\/wp\/v2\/types\/post"}],"author":[{"embeddable":true,"href":"https:\/\/www.salzburgerland.com\/de\/wp-json\/wp\/v2\/users\/17"}],"replies":[{"embeddable":true,"href":"https:\/\/www.salzburgerland.com\/de\/wp-json\/wp\/v2\/comments?post=538271"}],"version-history":[{"count":0,"href":"https:\/\/www.salzburgerland.com\/de\/wp-json\/wp\/v2\/posts\/538271\/revisions"}],"wp:featuredmedia":[{"embeddable":true,"href":"https:\/\/www.salzburgerland.com\/de\/wp-json\/wp\/v2\/media\/538274"}],"wp:attachment":[{"href":"https:\/\/www.salzburgerland.com\/de\/wp-json\/wp\/v2\/media?parent=538271"}],"wp:term":[{"taxonomy":"category","embeddable":true,"href":"https:\/\/www.salzburgerland.com\/de\/wp-json\/wp\/v2\/categories?post=538271"},{"taxonomy":"post_tag","embeddable":true,"href":"https:\/\/www.salzburgerland.com\/de\/wp-json\/wp\/v2\/tags?post=538271"},{"taxonomy":"wl_entity_type","embeddable":true,"href":"https:\/\/www.salzburgerland.com\/de\/wp-json\/wp\/v2\/wl_entity_type?post=538271"}],"curies":[{"name":"wp","href":"https:\/\/api.w.org\/{rel}","templated":true}]}}