{"id":524936,"date":"2020-12-22T10:15:38","date_gmt":"2020-12-22T09:15:38","guid":{"rendered":"https:\/\/www.salzburgerland.com\/de\/?p=524936"},"modified":"2020-12-22T15:50:06","modified_gmt":"2020-12-22T14:50:06","slug":"sprudellimonade-oder-quellwasser","status":"publish","type":"post","link":"https:\/\/www.salzburgerland.com\/de\/sprudellimonade-oder-quellwasser\/","title":{"rendered":"Sprudellimonade oder Quellwasser?"},"content":{"rendered":"<h2>Wie ein Chaletdorf zu seinem Namen kommt<\/h2>\n<p>Im Jahr 2019 wurde das <a href=\"https:\/\/www.almdorf-omlach.at\/\" target=\"_blank\" rel=\"noopener\">Almdorf Omlach<\/a> erbaut. Gastgeber sind Katharina und Andreas, deren Herz, Sorgfalt und Verantwortung f\u00fcr Mensch und Natur ist in jedem Winkel der charmanten Anlage mit den modernen Chalets sp\u00fcrbar. \u201eOmlach\u201c, so werden \u00fcbrigens im Lungau die Kr\u00e4uter genannt. Sie gaben dem Almdorf nicht nur einen wundervollen Namen, sondern auch regionales Verst\u00e4ndnis und Sinn. Denn, jedes der stilechten Komfort-Chalets \u2013 diese sind in Bauweise, Ausstattung sowie Organisation von Nat\u00fcrlichkeit und Nachhaltigkeit gepr\u00e4gt \u2013 tr\u00e4gt einen der Kr\u00e4uternamen: Lavendel, Goldmelisse, Ringelblume, Veilchen und so weiter\u2026 einfach sch\u00f6n, wie den hochwertigen Pflanzen, den unverf\u00e4lschten Naturheilmitteln aus unseren Bergen, auf diese Weise gew\u00fcrdigt wird.<\/p>\n<p>Sich bewegen und Sport treiben, entspannen in der Sauna, auf der Sonnenterrasse oder vor dem Kaminfeuer. Kr\u00e4uterwanderung und Kr\u00e4uter selbst ernten. Zur Ruhe finden auf den Aussichtsplattformen mitten im Wald, bei Yoga und Morgengymnastik, beim Lesen und in-die-Welt-hineinschauen. Einfach mal abschalten.<\/p>\n<h2>Kr\u00e4uter, Pflanzen und das Element Wasser<\/h2>\n<p>Wesentliches erfahren und Wertvolles weitergeben, das beschreibt das Almdorf Omlach sehr gut. Im Mittelpunkt stehen also die Kr\u00e4uter und Pflanzen, und ebenso das Element Wasser, unser wertvollstes Gut. Der Naturbach und Wasserspielplatz im Almdorf sind Beispiele des Ausdrucks der Wertsch\u00e4tzung f\u00fcr Wasser. Eingeladen zur Sinneserfahrung sind Kinder und Erwachsene, Barfu\u00dfgeher und Wasserverehrer, \u201ePlantscher\u201c und \u201ePritschler\u201c: Wasser ist eben nicht allein Durstl\u00f6scher, Abk\u00fchlung und Hygienemittel. Es erm\u00f6glicht vor allem auch diese Erfahrung mit allen Sinnen und bietet Selbsterfahrung, rundum Wohlgef\u00fchl und Genuss!<\/p>\n<div id=\"attachment_524941\" style=\"width: 1180px\" class=\"wp-caption alignnone\"><img decoding=\"async\" aria-describedby=\"caption-attachment-524941\" class=\"size-1170_658 wp-image-524941\" src=\"https:\/\/cdn.salzburgerland.com\/de\/wp-content\/uploads\/2020\/12\/kwer_almdorf-omlach-3-1170x658.jpg\" alt=\"\" width=\"1170\" height=\"658\" srcset=\"https:\/\/www.salzburgerland.com\/de\/wp-content\/uploads\/2020\/12\/kwer_almdorf-omlach-3-1170x658.jpg 1170w, https:\/\/www.salzburgerland.com\/de\/wp-content\/uploads\/2020\/12\/kwer_almdorf-omlach-3-1200x675.jpg 1200w\" sizes=\"(max-width: 1170px) 100vw, 1170px\"><p id=\"caption-attachment-524941\" class=\"wp-caption-text\">\u00a9 KWER, Idyllisches Lungauer Almdorf Omlach<\/p><\/div>\n<h2>Asphaltlawine oder Wiesengrund?<\/h2>\n<p>Neue Perspektiven, Frische, Tatendrang. Auf welcher Grundlage gestaltet sich nun das unverf\u00e4lschte Urlaubserlebnis im Almdorf Omlach im Sommer? Die Antwort auf die Sinnfrage findet sich in der einzigartigen Natur- und Kulturlandschaft der Biosph\u00e4renregion Salzburger Lungau. Diese bietet den totalen Kontrast zum Leben im st\u00e4dtischen Raum, zu Wohnblocksiedlungen und \u00fcberf\u00fcllten Stra\u00dfen, zur Hektik in Gesch\u00e4ften und B\u00fcros.<\/p>\n<p>Wandern und Bergsteigen ohne weiteres Publikum, mit dem Mountainbike H\u00f6henmeter sammeln, Bergseen entdecken, Lieblingspl\u00e4tze im Wald und auf den Almwiesen finden: Der Lungau gew\u00e4hrt Einblicke in eine andere Welt. In der Einsamkeit der Berge, inmitten sch\u00f6nster Natur geht man offline mit der Welt und online mit sich selbst.<\/p>\n<div id=\"attachment_524947\" style=\"width: 1180px\" class=\"wp-caption alignnone\"><img decoding=\"async\" aria-describedby=\"caption-attachment-524947\" class=\"size-1170_658 wp-image-524947\" src=\"https:\/\/cdn.salzburgerland.com\/de\/wp-content\/uploads\/2020\/12\/kwer_almdorf_omlach_012020_-1170x658.jpg\" alt=\"\" width=\"1170\" height=\"658\" srcset=\"https:\/\/www.salzburgerland.com\/de\/wp-content\/uploads\/2020\/12\/kwer_almdorf_omlach_012020_-1170x658.jpg 1170w, https:\/\/www.salzburgerland.com\/de\/wp-content\/uploads\/2020\/12\/kwer_almdorf_omlach_012020_-1200x675.jpg 1200w\" sizes=\"(max-width: 1170px) 100vw, 1170px\"><p id=\"caption-attachment-524947\" class=\"wp-caption-text\">\u00a9 KWER, Tief verschneites Almdorf Omlach<\/p><\/div>\n<h2>Matsch oder Naturschnee?<\/h2>\n<p>M\u00fcde geworden von der grauen Tr\u00fcbe und von matschigen Stra\u00dfen der Stadt. Die Sehnsucht gilt den glitzernden Eiskristallen und der verschneiten Naturlandschaft. Naturschneesicher, herrliche Winterwelt: Ankommen hei\u00dft es im \u00fcberschaubaren und gleicherma\u00dfen abwechslungsreichen Familienskigebiet Fanningberg, wo die kurzen Wartezeiten am Skilift l\u00e4ngst niemand st\u00f6ren und bestens pr\u00e4parierte Skipisten freie Fahrt bieten. Ein Ort, an dem man noch pers\u00f6nliche Ansprache findet und wo auf den urigen Skih\u00fctten der H\u00fcttenwirt noch selbst Kaiserschmarr\u2018n, Kaskn\u00f6delsuppe und Zirbenschnapserl serviert. Durchatmen auch beim Skitourengehen, Schneeschuh- und Winterwandern oder Schlittenfahren.<\/p>\n<p>Die Basis daf\u00fcr bietet das Almdorf Omlach. Hier finden Wintersportler gleichsam wie Naturgenie\u00dfer ihr Vergn\u00fcgen, und tiefste Entspannung in der Gem\u00fctlichkeit und Privatsph\u00e4re der modernen Almchalets. In ruhiger Lage, mit Anschluss an die Piste.<\/p>\n<p>Also, Sprudellimonade oder Quellwasser, verzuckert oder lieber rein? Matsch oder Naturschnee, tr\u00fcb oder besser glitzernd? Am besten schon baldm\u00f6glichst den Traum von den Bergen erf\u00fcllen, Urlaubserlebnisse sammeln in und mit der Natur. Im Sommer und Winter, genaugenommen das ganze Jahr \u00fcber. Das Almdorf Omlach ist wahrlich ein Ort des Gegensatzes, wie ihn sich der Stadtfl\u00fcchtende und Natursuchende nur w\u00fcnschen kann!<\/p>\n\n\t\t\t<div id=\"524936-1\" class=\"gallery gallery-524936 gallery-columns-3 gallery-size-1170_658\" itemscope itemtype=\"http:\/\/schema.org\/ImageGallery\">\n\t\t\t\t<ul class=\"gallery-row gallery-col-3 gallery-clear\">\n\t\t\t\t\t<li class=\"gallery-item col-3\" itemprop=\"associatedMedia\" itemscope itemtype=\"http:\/\/schema.org\/ImageObject\">\n\t\t\t\t\t\t<div class=\"gallery-icon landscape\"><a href=\"https:\/\/www.salzburgerland.com\/de\/wp-content\/uploads\/2020\/12\/kwer_almdorf-omlach-7-1920x1067.jpg\" title=\"_\u00aeKWER_Almdorf-Omlach-(7)\"><img decoding=\"async\" data-title=\"\u00a9 KWER, Almdorf Omlach\" title=\"\u00a9 KWER, Almdorf Omlach\" data-caption=\"\u00a9 KWER, Almdorf Omlach\" width=\"1170\" height=\"658\" src=\"https:\/\/www.salzburgerland.com\/de\/wp-content\/uploads\/2020\/12\/kwer_almdorf-omlach-7-1170x658.jpg\" class=\"attachment-1170_658 size-1170_658\" alt=\"Gro\u00dfer Terrassenschirm und Holzhaus im Almdorf Omlach unter blauem Himmel mit vereinzelten Wolken und Gr\u00fcnpflanzen. (vergr\u00f6\u00dferte Ansicht)\" srcset=\"https:\/\/www.salzburgerland.com\/de\/wp-content\/uploads\/2020\/12\/kwer_almdorf-omlach-7-1170x658.jpg 1170w, https:\/\/www.salzburgerland.com\/de\/wp-content\/uploads\/2020\/12\/kwer_almdorf-omlach-7-1200x675.jpg 1200w\" sizes=\"(max-width: 1170px) 100vw, 1170px\" aria-describedby=\"figcaption-524936-524944\" itemprop=\"thumbnail\"><\/a><\/div>\n\t\t\t\t\t\t<span id=\"figcaption-524936-524944\" class=\"gallery-caption\" itemprop=\"caption\"><span aria-hidden=\"true\">\u00a9 KWER, Almdorf Omlach<\/span><\/span>\n\t\t\t\t\t<\/li>\n\t\t\t\t\t<li class=\"gallery-item col-3\" itemprop=\"associatedMedia\" itemscope itemtype=\"http:\/\/schema.org\/ImageObject\">\n\t\t\t\t\t\t<div class=\"gallery-icon landscape\"><a href=\"https:\/\/www.salzburgerland.com\/de\/wp-content\/uploads\/2020\/12\/kwer_almdorf-omlach-6-1920x1067.jpg\" title=\"_\u00aeKWER_Almdorf-Omlach-(6)\"><img decoding=\"async\" data-title=\"\u00a9 KWER, Almdorf Omlach\" title=\"\u00a9 KWER, Almdorf Omlach\" data-caption=\"\u00a9 KWER, Almdorf Omlach\" width=\"1170\" height=\"658\" src=\"https:\/\/www.salzburgerland.com\/de\/wp-content\/uploads\/2020\/12\/kwer_almdorf-omlach-6-1170x658.jpg\" class=\"attachment-1170_658 size-1170_658\" alt=\"Im Almdorf Omlach bl\u00fchen leuchtend rosafarbene Petunien, die sich von unscharfem Gras und dezenten Gartenelementen abheben. (vergr\u00f6\u00dferte Ansicht)\" srcset=\"https:\/\/www.salzburgerland.com\/de\/wp-content\/uploads\/2020\/12\/kwer_almdorf-omlach-6-1170x658.jpg 1170w, https:\/\/www.salzburgerland.com\/de\/wp-content\/uploads\/2020\/12\/kwer_almdorf-omlach-6-1200x675.jpg 1200w\" sizes=\"(max-width: 1170px) 100vw, 1170px\" aria-describedby=\"figcaption-524936-524943\" itemprop=\"thumbnail\"><\/a><\/div>\n\t\t\t\t\t\t<span id=\"figcaption-524936-524943\" class=\"gallery-caption\" itemprop=\"caption\"><span aria-hidden=\"true\">\u00a9 KWER, Almdorf Omlach<\/span><\/span>\n\t\t\t\t\t<\/li>\n\t\t\t\t\t<li class=\"gallery-item col-3\" itemprop=\"associatedMedia\" itemscope itemtype=\"http:\/\/schema.org\/ImageObject\">\n\t\t\t\t\t\t<div class=\"gallery-icon landscape\"><a href=\"https:\/\/www.salzburgerland.com\/de\/wp-content\/uploads\/2020\/12\/kwer_almdorf-omlach-4-1920x1067.jpg\" title=\"_\u00aeKWER_Almdorf-Omlach-(4)\"><img decoding=\"async\" data-title=\"\u00a9 KWER, Almdorf Omlach\" title=\"\u00a9 KWER, Almdorf Omlach\" data-caption=\"\u00a9 KWER, Almdorf Omlach\" width=\"1170\" height=\"658\" src=\"https:\/\/www.salzburgerland.com\/de\/wp-content\/uploads\/2020\/12\/kwer_almdorf-omlach-4-1170x658.jpg\" class=\"attachment-1170_658 size-1170_658\" alt=\"Ein Holztablett mit Almdorf Omlach Wurst, K\u00e4se, Aufstrichen und Kr\u00e4utern neben einem Brotkorb. (vergr\u00f6\u00dferte Ansicht)\" srcset=\"https:\/\/www.salzburgerland.com\/de\/wp-content\/uploads\/2020\/12\/kwer_almdorf-omlach-4-1170x658.jpg 1170w, https:\/\/www.salzburgerland.com\/de\/wp-content\/uploads\/2020\/12\/kwer_almdorf-omlach-4-1200x675.jpg 1200w\" sizes=\"(max-width: 1170px) 100vw, 1170px\" aria-describedby=\"figcaption-524936-524942\" itemprop=\"thumbnail\"><\/a><\/div>\n\t\t\t\t\t\t<span id=\"figcaption-524936-524942\" class=\"gallery-caption\" itemprop=\"caption\"><span aria-hidden=\"true\">\u00a9 KWER, Almdorf Omlach<\/span><\/span>\n\t\t\t\t\t<\/li>\n\t\t\t\t<\/ul>\n\t\t\t\t<ul class=\"gallery-row gallery-col-3 gallery-clear\">\n\t\t\t\t\t<li class=\"gallery-item col-3\" itemprop=\"associatedMedia\" itemscope itemtype=\"http:\/\/schema.org\/ImageObject\">\n\t\t\t\t\t\t<div class=\"gallery-icon landscape\"><a href=\"https:\/\/www.salzburgerland.com\/de\/wp-content\/uploads\/2020\/12\/kwer_almdorf-omlach-2-1920x1067.jpg\" title=\"_\u00aeKWER_Almdorf-Omlach-(2)\"><img decoding=\"async\" data-title=\"\u00a9 KWER, Almdorf Omlach\" title=\"\u00a9 KWER, Almdorf Omlach\" data-caption=\"\u00a9 KWER, Almdorf Omlach\" width=\"1170\" height=\"658\" src=\"https:\/\/www.salzburgerland.com\/de\/wp-content\/uploads\/2020\/12\/kwer_almdorf-omlach-2-1170x658.jpg\" class=\"attachment-1170_658 size-1170_658\" alt=\"Nahaufnahme der rustikalen Holzh\u00fctten im Almdorf Omlach, mit verschlossenen Fenstern, B\u00e4umen und einem Holzzaun. (vergr\u00f6\u00dferte Ansicht)\" srcset=\"https:\/\/www.salzburgerland.com\/de\/wp-content\/uploads\/2020\/12\/kwer_almdorf-omlach-2-1170x658.jpg 1170w, https:\/\/www.salzburgerland.com\/de\/wp-content\/uploads\/2020\/12\/kwer_almdorf-omlach-2-1200x675.jpg 1200w\" sizes=\"(max-width: 1170px) 100vw, 1170px\" aria-describedby=\"figcaption-524936-524940\" itemprop=\"thumbnail\"><\/a><\/div>\n\t\t\t\t\t\t<span id=\"figcaption-524936-524940\" class=\"gallery-caption\" itemprop=\"caption\"><span aria-hidden=\"true\">\u00a9 KWER, Almdorf Omlach<\/span><\/span>\n\t\t\t\t\t<\/li>\n\t\t\t\t\t<li class=\"gallery-item col-3\" itemprop=\"associatedMedia\" itemscope itemtype=\"http:\/\/schema.org\/ImageObject\">\n\t\t\t\t\t\t<div class=\"gallery-icon landscape\"><a href=\"https:\/\/www.salzburgerland.com\/de\/wp-content\/uploads\/2020\/12\/kwer_almdorf-omlach-1-1920x1067.jpg\" title=\"_\u00aeKWER_Almdorf-Omlach-(1)\"><img decoding=\"async\" data-title=\"\u00a9 KWER, Almdorf Omlach\" title=\"\u00a9 KWER, Almdorf Omlach\" data-caption=\"\u00a9 KWER, Almdorf Omlach\" width=\"1170\" height=\"658\" src=\"https:\/\/www.salzburgerland.com\/de\/wp-content\/uploads\/2020\/12\/kwer_almdorf-omlach-1-1170x658.jpg\" class=\"attachment-1170_658 size-1170_658\" alt=\"Blaue Wildblumen bl\u00fchen neben einem rustikalen Holzzaun im hellen Sonnenlicht im Almdorf Omlach. (vergr\u00f6\u00dferte Ansicht)\" srcset=\"https:\/\/www.salzburgerland.com\/de\/wp-content\/uploads\/2020\/12\/kwer_almdorf-omlach-1-1170x658.jpg 1170w, https:\/\/www.salzburgerland.com\/de\/wp-content\/uploads\/2020\/12\/kwer_almdorf-omlach-1-1200x675.jpg 1200w\" sizes=\"(max-width: 1170px) 100vw, 1170px\" aria-describedby=\"figcaption-524936-524938\" itemprop=\"thumbnail\"><\/a><\/div>\n\t\t\t\t\t\t<span id=\"figcaption-524936-524938\" class=\"gallery-caption\" itemprop=\"caption\"><span aria-hidden=\"true\">\u00a9 KWER, Almdorf Omlach<\/span><\/span>\n\t\t\t\t\t<\/li>\n\t\t\t\t\t<li class=\"gallery-item col-3\" itemprop=\"associatedMedia\" itemscope itemtype=\"http:\/\/schema.org\/ImageObject\">\n\t\t\t\t\t\t<div class=\"gallery-icon landscape\"><a href=\"https:\/\/www.salzburgerland.com\/de\/wp-content\/uploads\/2020\/12\/kwer_almdorf-omlach-8-1920x1067.jpg\" title=\"_\u00aeKWER_Almdorf-Omlach-(8)\"><img decoding=\"async\" data-title=\" \u00a9 KWER, Almdorf Omlach\" title=\" \u00a9 KWER, Almdorf Omlach\" data-caption=\" \u00a9 KWER, Almdorf Omlach\" width=\"1170\" height=\"658\" src=\"https:\/\/www.salzburgerland.com\/de\/wp-content\/uploads\/2020\/12\/kwer_almdorf-omlach-8-1170x658.jpg\" class=\"attachment-1170_658 size-1170_658\" alt=\"Eine rustikale Holzh\u00fctte im Almdorf Omlach, eingebettet zwischen B\u00e4umen und Bergen. (vergr\u00f6\u00dferte Ansicht)\" srcset=\"https:\/\/www.salzburgerland.com\/de\/wp-content\/uploads\/2020\/12\/kwer_almdorf-omlach-8-1170x658.jpg 1170w, https:\/\/www.salzburgerland.com\/de\/wp-content\/uploads\/2020\/12\/kwer_almdorf-omlach-8-1200x675.jpg 1200w\" sizes=\"(max-width: 1170px) 100vw, 1170px\" aria-describedby=\"figcaption-524936-524945\" itemprop=\"thumbnail\"><\/a><\/div>\n\t\t\t\t\t\t<span id=\"figcaption-524936-524945\" class=\"gallery-caption\" itemprop=\"caption\"><span aria-hidden=\"true\"> \u00a9 KWER, Almdorf Omlach<\/span><\/span>\n\t\t\t\t\t<\/li>\n\t\t\t\t<\/ul>\n\t\t\t<\/div><!-- .gallery -->\n\n","protected":false},"excerpt":{"rendered":"<p>Wie ein Chaletdorf zu seinem Namen kommt Im Jahr 2019 wurde das Almdorf Omlach erbaut. Gastgeber sind Katharina und Andreas, deren Herz, Sorgfalt und Verantwortung f\u00fcr Mensch und Natur ist in jedem Winkel der charmanten Anlage mit den modernen Chalets sp\u00fcrbar. \u201eOmlach\u201c, so werden \u00fcbrigens im Lungau die Kr\u00e4uter genannt. Sie gaben dem Almdorf nicht [&hellip;]<\/p>\n","protected":false},"author":17,"featured_media":524945,"comment_status":"closed","ping_status":"closed","sticky":false,"template":"","format":"standard","meta":{"_acf_changed":false,"wl_entities_gutenberg":"","_relevanssi_hide_post":"","_relevanssi_hide_content":"","_relevanssi_pin_for_all":"","_relevanssi_pin_keywords":"","_relevanssi_unpin_keywords":"","_relevanssi_related_keywords":"","_relevanssi_related_include_ids":"","_relevanssi_related_exclude_ids":"","_relevanssi_related_no_append":"","_relevanssi_related_not_related":"","_relevanssi_related_posts":"","_relevanssi_noindex_reason":"","footnotes":""},"categories":[1],"tags":[13639,13638,13474],"wl_entity_type":[11495],"class_list":["post-524936","post","type-post","status-publish","format-standard","has-post-thumbnail","hentry","category-allgemein","tag-almdorf","tag-echt-sein","tag-lungau","wl_entity_type-article"],"acf":[],"yoast_head":"<!-- This site is optimized with the Yoast SEO Premium plugin v26.9 (Yoast SEO v26.9) - https:\/\/yoast.com\/product\/yoast-seo-premium-wordpress\/ -->\n<title>Sprudellimonade oder Quellwasser? \u00bb SalzburgerLand.com<\/title>\n<meta name=\"description\" content=\"Auf 1.500 Metern, auf einem idyllischen Anger gelegen, die Waldesruhe ganz nah, finden Erholungssuchende ein harmonisches Ensemble von zw\u00f6lf exklusiven Chalets und Haupthaus.\" \/>\n<meta name=\"robots\" content=\"index, follow, max-snippet:-1, max-image-preview:large, max-video-preview:-1\" \/>\n<link rel=\"canonical\" href=\"https:\/\/www.salzburgerland.com\/de\/wp-json\/wp\/v2\/posts\/524936\" \/>\n<meta property=\"og:locale\" content=\"de_DE\" \/>\n<meta property=\"og:type\" content=\"article\" \/>\n<meta property=\"og:title\" content=\"Sprudellimonade oder Quellwasser?\" \/>\n<meta property=\"og:description\" content=\"Auf 1.500 Metern, auf einem idyllischen Anger gelegen, die Waldesruhe ganz nah, finden Erholungssuchende ein harmonisches Ensemble von zw\u00f6lf exklusiven Chalets und Haupthaus.\" \/>\n<meta property=\"og:url\" content=\"https:\/\/www.salzburgerland.com\/de\/wp-json\/wp\/v2\/posts\/524936\" \/>\n<meta property=\"og:site_name\" content=\"SalzburgerLand.com\" \/>\n<meta property=\"article:publisher\" content=\"https:\/\/www.facebook.com\/salzburgerland\/\" \/>\n<meta property=\"article:published_time\" content=\"2020-12-22T09:15:38+00:00\" \/>\n<meta property=\"article:modified_time\" content=\"2020-12-22T14:50:06+00:00\" \/>\n<meta property=\"og:image\" content=\"https:\/\/www.salzburgerland.com\/de\/wp-content\/uploads\/2020\/12\/kwer_almdorf-omlach-8-1200x675.jpg\" \/>\n\t<meta property=\"og:image:width\" content=\"1200\" \/>\n\t<meta property=\"og:image:height\" content=\"675\" \/>\n\t<meta property=\"og:image:type\" content=\"image\/jpeg\" \/>\n<meta name=\"author\" content=\"Ulli Hammerl\" \/>\n<meta name=\"twitter:card\" content=\"summary_large_image\" \/>\n<meta name=\"twitter:creator\" content=\"@Salzburgerland\" \/>\n<meta name=\"twitter:site\" content=\"@Salzburgerland\" \/>\n<meta name=\"twitter:label1\" content=\"Verfasst von\" \/>\n\t<meta name=\"twitter:data1\" content=\"Ulli Hammerl\" \/>\n\t<meta name=\"twitter:label2\" content=\"Gesch\u00e4tzte Lesezeit\" \/>\n\t<meta name=\"twitter:data2\" content=\"3\u00a0Minuten\" \/>\n<script type=\"application\/ld+json\" class=\"yoast-schema-graph\">{\"@context\":\"https:\/\/schema.org\",\"@graph\":[{\"@type\":\"WebPage\",\"@id\":\"https:\/\/www.salzburgerland.com\/de\/sprudellimonade-oder-quellwasser\/\",\"url\":\"https:\/\/www.salzburgerland.com\/de\/sprudellimonade-oder-quellwasser\/\",\"name\":\"Sprudellimonade oder Quellwasser? \u00bb SalzburgerLand.com\",\"isPartOf\":{\"@id\":\"https:\/\/www.salzburgerland.com\/de\/#website\"},\"primaryImageOfPage\":{\"@id\":\"https:\/\/www.salzburgerland.com\/de\/sprudellimonade-oder-quellwasser\/#primaryimage\"},\"image\":{\"@id\":\"https:\/\/www.salzburgerland.com\/de\/sprudellimonade-oder-quellwasser\/#primaryimage\"},\"thumbnailUrl\":\"https:\/\/www.salzburgerland.com\/de\/wp-content\/uploads\/2020\/12\/kwer_almdorf-omlach-8.jpg\",\"datePublished\":\"2020-12-22T09:15:38+00:00\",\"dateModified\":\"2020-12-22T14:50:06+00:00\",\"description\":\"Auf 1.500 Metern, auf einem idyllischen Anger gelegen, die Waldesruhe ganz nah, finden Erholungssuchende ein harmonisches Ensemble von zw\u00f6lf exklusiven Chalets und Haupthaus.\",\"breadcrumb\":{\"@id\":\"https:\/\/www.salzburgerland.com\/de\/sprudellimonade-oder-quellwasser\/#breadcrumb\"},\"inLanguage\":\"de\",\"potentialAction\":[{\"@type\":\"ReadAction\",\"target\":[\"https:\/\/www.salzburgerland.com\/de\/sprudellimonade-oder-quellwasser\/\"]}]},{\"@type\":\"ImageObject\",\"inLanguage\":\"de\",\"@id\":\"https:\/\/www.salzburgerland.com\/de\/sprudellimonade-oder-quellwasser\/#primaryimage\",\"url\":\"https:\/\/www.salzburgerland.com\/de\/wp-content\/uploads\/2020\/12\/kwer_almdorf-omlach-8.jpg\",\"contentUrl\":\"https:\/\/www.salzburgerland.com\/de\/wp-content\/uploads\/2020\/12\/kwer_almdorf-omlach-8.jpg\",\"width\":1920,\"height\":1280,\"caption\":\"\u00a9 KWER, Almdorf Omlach\"},{\"@type\":\"BreadcrumbList\",\"@id\":\"https:\/\/www.salzburgerland.com\/de\/sprudellimonade-oder-quellwasser\/#breadcrumb\",\"itemListElement\":[{\"@type\":\"ListItem\",\"position\":1,\"name\":\"Echt.Sein.\",\"item\":\"https:\/\/www.salzburgerland.com\/de\/echt-sein\/\"},{\"@type\":\"ListItem\",\"position\":2,\"name\":\"Sprudellimonade oder Quellwasser?\"}]},{\"@type\":\"WebSite\",\"@id\":\"https:\/\/www.salzburgerland.com\/de\/#website\",\"url\":\"https:\/\/www.salzburgerland.com\/de\/\",\"name\":\"SalzburgerLand.com\",\"description\":\"Ihr Urlaub in Salzburg, \u00d6sterreich\",\"publisher\":{\"@id\":\"https:\/\/www.salzburgerland.com\/de\/#organization\"},\"potentialAction\":[{\"@type\":\"SearchAction\",\"target\":{\"@type\":\"EntryPoint\",\"urlTemplate\":\"https:\/\/www.salzburgerland.com\/de\/?s={search_term_string}\"},\"query-input\":{\"@type\":\"PropertyValueSpecification\",\"valueRequired\":true,\"valueName\":\"search_term_string\"}}],\"inLanguage\":\"de\"},{\"@type\":\"Organization\",\"@id\":\"https:\/\/www.salzburgerland.com\/de\/#organization\",\"name\":\"SalzburgerLand Tourismus GmbH\",\"url\":\"https:\/\/www.salzburgerland.com\/de\/\",\"logo\":{\"@type\":\"ImageObject\",\"inLanguage\":\"de\",\"@id\":\"https:\/\/www.salzburgerland.com\/de\/#\/schema\/logo\/image\/\",\"url\":\"https:\/\/www.salzburgerland.com\/de\/wp-content\/uploads\/2017\/01\/salzburgerland-logo.jpg\",\"contentUrl\":\"https:\/\/www.salzburgerland.com\/de\/wp-content\/uploads\/2017\/01\/salzburgerland-logo.jpg\",\"width\":1920,\"height\":827,\"caption\":\"SalzburgerLand Tourismus GmbH\"},\"image\":{\"@id\":\"https:\/\/www.salzburgerland.com\/de\/#\/schema\/logo\/image\/\"},\"sameAs\":[\"https:\/\/www.facebook.com\/salzburgerland\/\",\"https:\/\/x.com\/Salzburgerland\",\"https:\/\/www.instagram.com\/salzburgerland\/\",\"http:\/\/dbpedia.org\/resource\/Salzburg_(state)\",\"http:\/\/wikidata.dbpedia.org\/resource\/Q43325\",\"http:\/\/open.salzburgerland.com\/de\/entity\/salzburgerland\",\"https:\/\/www.youtube.com\/user\/salzburgerland\"]},{\"@type\":\"Person\",\"@id\":\"https:\/\/www.salzburgerland.com\/de\/#\/schema\/person\/43ce9aa621bd7728940e04ed11ce9b6e\",\"name\":\"Ulli Hammerl\",\"image\":{\"@type\":\"ImageObject\",\"inLanguage\":\"de\",\"@id\":\"https:\/\/www.salzburgerland.com\/de\/#\/schema\/person\/image\/\",\"url\":\"https:\/\/secure.gravatar.com\/avatar\/35c80e0404a213597afdb17e84ea42a986fe814f3f881bb75d00261a3ff7aefd?s=96&d=mm&r=g\",\"contentUrl\":\"https:\/\/secure.gravatar.com\/avatar\/35c80e0404a213597afdb17e84ea42a986fe814f3f881bb75d00261a3ff7aefd?s=96&d=mm&r=g\",\"caption\":\"Ulli Hammerl\"}}]}<\/script>\n<!-- \/ Yoast SEO Premium plugin. -->","yoast_head_json":{"title":"Sprudellimonade oder Quellwasser? \u00bb SalzburgerLand.com","description":"Auf 1.500 Metern, auf einem idyllischen Anger gelegen, die Waldesruhe ganz nah, finden Erholungssuchende ein harmonisches Ensemble von zw\u00f6lf exklusiven Chalets und Haupthaus.","robots":{"index":"index","follow":"follow","max-snippet":"max-snippet:-1","max-image-preview":"max-image-preview:large","max-video-preview":"max-video-preview:-1"},"canonical":"https:\/\/www.salzburgerland.com\/de\/wp-json\/wp\/v2\/posts\/524936","og_locale":"de_DE","og_type":"article","og_title":"Sprudellimonade oder Quellwasser?","og_description":"Auf 1.500 Metern, auf einem idyllischen Anger gelegen, die Waldesruhe ganz nah, finden Erholungssuchende ein harmonisches Ensemble von zw\u00f6lf exklusiven Chalets und Haupthaus.","og_url":"https:\/\/www.salzburgerland.com\/de\/wp-json\/wp\/v2\/posts\/524936","og_site_name":"SalzburgerLand.com","article_publisher":"https:\/\/www.facebook.com\/salzburgerland\/","article_published_time":"2020-12-22T09:15:38+00:00","article_modified_time":"2020-12-22T14:50:06+00:00","og_image":[{"width":1200,"height":675,"url":"https:\/\/www.salzburgerland.com\/de\/wp-content\/uploads\/2020\/12\/kwer_almdorf-omlach-8-1200x675.jpg","type":"image\/jpeg"}],"author":"Ulli Hammerl","twitter_card":"summary_large_image","twitter_creator":"@Salzburgerland","twitter_site":"@Salzburgerland","twitter_misc":{"Verfasst von":"Ulli Hammerl","Gesch\u00e4tzte Lesezeit":"3\u00a0Minuten"},"schema":{"@context":"https:\/\/schema.org","@graph":[{"@type":"WebPage","@id":"https:\/\/www.salzburgerland.com\/de\/sprudellimonade-oder-quellwasser\/","url":"https:\/\/www.salzburgerland.com\/de\/sprudellimonade-oder-quellwasser\/","name":"Sprudellimonade oder Quellwasser? \u00bb SalzburgerLand.com","isPartOf":{"@id":"https:\/\/www.salzburgerland.com\/de\/#website"},"primaryImageOfPage":{"@id":"https:\/\/www.salzburgerland.com\/de\/sprudellimonade-oder-quellwasser\/#primaryimage"},"image":{"@id":"https:\/\/www.salzburgerland.com\/de\/sprudellimonade-oder-quellwasser\/#primaryimage"},"thumbnailUrl":"https:\/\/www.salzburgerland.com\/de\/wp-content\/uploads\/2020\/12\/kwer_almdorf-omlach-8.jpg","datePublished":"2020-12-22T09:15:38+00:00","dateModified":"2020-12-22T14:50:06+00:00","description":"Auf 1.500 Metern, auf einem idyllischen Anger gelegen, die Waldesruhe ganz nah, finden Erholungssuchende ein harmonisches Ensemble von zw\u00f6lf exklusiven Chalets und Haupthaus.","breadcrumb":{"@id":"https:\/\/www.salzburgerland.com\/de\/sprudellimonade-oder-quellwasser\/#breadcrumb"},"inLanguage":"de","potentialAction":[{"@type":"ReadAction","target":["https:\/\/www.salzburgerland.com\/de\/sprudellimonade-oder-quellwasser\/"]}]},{"@type":"ImageObject","inLanguage":"de","@id":"https:\/\/www.salzburgerland.com\/de\/sprudellimonade-oder-quellwasser\/#primaryimage","url":"https:\/\/www.salzburgerland.com\/de\/wp-content\/uploads\/2020\/12\/kwer_almdorf-omlach-8.jpg","contentUrl":"https:\/\/www.salzburgerland.com\/de\/wp-content\/uploads\/2020\/12\/kwer_almdorf-omlach-8.jpg","width":1920,"height":1280,"caption":"\u00a9 KWER, Almdorf Omlach"},{"@type":"BreadcrumbList","@id":"https:\/\/www.salzburgerland.com\/de\/sprudellimonade-oder-quellwasser\/#breadcrumb","itemListElement":[{"@type":"ListItem","position":1,"name":"Echt.Sein.","item":"https:\/\/www.salzburgerland.com\/de\/echt-sein\/"},{"@type":"ListItem","position":2,"name":"Sprudellimonade oder Quellwasser?"}]},{"@type":"WebSite","@id":"https:\/\/www.salzburgerland.com\/de\/#website","url":"https:\/\/www.salzburgerland.com\/de\/","name":"SalzburgerLand.com","description":"Ihr Urlaub in Salzburg, \u00d6sterreich","publisher":{"@id":"https:\/\/www.salzburgerland.com\/de\/#organization"},"potentialAction":[{"@type":"SearchAction","target":{"@type":"EntryPoint","urlTemplate":"https:\/\/www.salzburgerland.com\/de\/?s={search_term_string}"},"query-input":{"@type":"PropertyValueSpecification","valueRequired":true,"valueName":"search_term_string"}}],"inLanguage":"de"},{"@type":"Organization","@id":"https:\/\/www.salzburgerland.com\/de\/#organization","name":"SalzburgerLand Tourismus GmbH","url":"https:\/\/www.salzburgerland.com\/de\/","logo":{"@type":"ImageObject","inLanguage":"de","@id":"https:\/\/www.salzburgerland.com\/de\/#\/schema\/logo\/image\/","url":"https:\/\/www.salzburgerland.com\/de\/wp-content\/uploads\/2017\/01\/salzburgerland-logo.jpg","contentUrl":"https:\/\/www.salzburgerland.com\/de\/wp-content\/uploads\/2017\/01\/salzburgerland-logo.jpg","width":1920,"height":827,"caption":"SalzburgerLand Tourismus GmbH"},"image":{"@id":"https:\/\/www.salzburgerland.com\/de\/#\/schema\/logo\/image\/"},"sameAs":["https:\/\/www.facebook.com\/salzburgerland\/","https:\/\/x.com\/Salzburgerland","https:\/\/www.instagram.com\/salzburgerland\/","http:\/\/dbpedia.org\/resource\/Salzburg_(state)","http:\/\/wikidata.dbpedia.org\/resource\/Q43325","http:\/\/open.salzburgerland.com\/de\/entity\/salzburgerland","https:\/\/www.youtube.com\/user\/salzburgerland"]},{"@type":"Person","@id":"https:\/\/www.salzburgerland.com\/de\/#\/schema\/person\/43ce9aa621bd7728940e04ed11ce9b6e","name":"Ulli Hammerl","image":{"@type":"ImageObject","inLanguage":"de","@id":"https:\/\/www.salzburgerland.com\/de\/#\/schema\/person\/image\/","url":"https:\/\/secure.gravatar.com\/avatar\/35c80e0404a213597afdb17e84ea42a986fe814f3f881bb75d00261a3ff7aefd?s=96&d=mm&r=g","contentUrl":"https:\/\/secure.gravatar.com\/avatar\/35c80e0404a213597afdb17e84ea42a986fe814f3f881bb75d00261a3ff7aefd?s=96&d=mm&r=g","caption":"Ulli Hammerl"}}]}},"_wl_alt_label":[],"wl:entity_url":"http:\/\/open.salzburgerland.com\/de\/post\/sprudellimonade_oder_quellwasser_","_links":{"self":[{"href":"https:\/\/www.salzburgerland.com\/de\/wp-json\/wp\/v2\/posts\/524936","targetHints":{"allow":["GET"]}}],"collection":[{"href":"https:\/\/www.salzburgerland.com\/de\/wp-json\/wp\/v2\/posts"}],"about":[{"href":"https:\/\/www.salzburgerland.com\/de\/wp-json\/wp\/v2\/types\/post"}],"author":[{"embeddable":true,"href":"https:\/\/www.salzburgerland.com\/de\/wp-json\/wp\/v2\/users\/17"}],"replies":[{"embeddable":true,"href":"https:\/\/www.salzburgerland.com\/de\/wp-json\/wp\/v2\/comments?post=524936"}],"version-history":[{"count":0,"href":"https:\/\/www.salzburgerland.com\/de\/wp-json\/wp\/v2\/posts\/524936\/revisions"}],"wp:featuredmedia":[{"embeddable":true,"href":"https:\/\/www.salzburgerland.com\/de\/wp-json\/wp\/v2\/media\/524945"}],"wp:attachment":[{"href":"https:\/\/www.salzburgerland.com\/de\/wp-json\/wp\/v2\/media?parent=524936"}],"wp:term":[{"taxonomy":"category","embeddable":true,"href":"https:\/\/www.salzburgerland.com\/de\/wp-json\/wp\/v2\/categories?post=524936"},{"taxonomy":"post_tag","embeddable":true,"href":"https:\/\/www.salzburgerland.com\/de\/wp-json\/wp\/v2\/tags?post=524936"},{"taxonomy":"wl_entity_type","embeddable":true,"href":"https:\/\/www.salzburgerland.com\/de\/wp-json\/wp\/v2\/wl_entity_type?post=524936"}],"curies":[{"name":"wp","href":"https:\/\/api.w.org\/{rel}","templated":true}]}}