{"id":513406,"date":"2020-11-11T10:28:46","date_gmt":"2020-11-11T09:28:46","guid":{"rendered":"https:\/\/www.salzburgerland.com\/de\/?p=513406"},"modified":"2020-11-11T14:38:54","modified_gmt":"2020-11-11T13:38:54","slug":"marias-fleissige-maedels","status":"publish","type":"post","link":"https:\/\/www.salzburgerland.com\/de\/marias-fleissige-maedels\/","title":{"rendered":"Marias flei\u00dfige M\u00e4dels"},"content":{"rendered":"<p>Auf dem Baumgartengut in Thalgau unweit des Fuschlsees lebt und arbeitet Maria Ebner samt Familie und Tieren. Ihre 18 Milchk\u00fche geben so viel Milch, dass sie dreimal am Tag gemolken werden. Das liegt nicht nur an der Rasse, sondern auch an dem sch\u00f6nen Leben, das sie hier f\u00fchren.<\/p>\n<p>Mallorca liegt neben Marbella. Trinidad neben Tennessee. Und Gl\u00fcck mittendrin. Geografisch gesehen eine gewagte Behauptung, aber am Baumgartengut in Thalgau dennoch richtig. Denn gemeint sind keineswegs Insel- und Bundesstaaten, sondern pr\u00e4chtige Milchk\u00fche. Die tragen unorthodoxe Vornamen, liegen wiederk\u00e4uend im Stroh und scheren sich kein bisschen um Erdkunde. Wozu auch? Wenn sie auf der Weide grasen oder auch nur einen Blick durch die ge\u00f6ffnete Stallt\u00fcr werfen, sehen sie ohnehin das, wovon die meisten Menschen nur tr\u00e4umen: Ein Fleckchen Erde, das so sch\u00f6n ist, dass es an das verloren gegangene Paradies erinnert. Ein kitschiger Vergleich, der sich angesichts der herbstlichen Idylle dennoch aufdr\u00e4ngt: Die W\u00e4sche flattert auf der Leine zwischen den Apfelb\u00e4umen, die voller Fr\u00fcchte h\u00e4ngen, der Schober erhebt sich markant \u00fcber dem Fuschlsee, die H\u00fchner picken im Gras und H\u00fcndin Luna wartet im Schatten auf ihre Chefin. Und das ist ohne Zweifel B\u00e4uerin Maria Ebner, die mit festem H\u00e4ndedruck und breitem Lachen die Sache mit den Vornamen ihrer Milchk\u00fche aufkl\u00e4rt: \u201eAllesamt sch\u00f6ne Pl\u00e4tze auf dieser Welt, die ich aber selber wohl nie im Leben sehen werde.\u201c<\/p>\n<p>Warum das so ist, ist schnell erkl\u00e4rt: Maria Ebner ist Landwirtin mit Leib und Seele. Ihren Bauernhof und ihre Tiere verl\u00e4sst sie so selten wie m\u00f6glich und nur so kurz, wie es wirklich sein muss. Als drittes von vier Kindern war sie eigentlich nicht dazu bestimmt, den Hof ihrer Eltern zu \u00fcbernehmen. Doch wie so oft im Leben, kommt es anders als geplant: Ihre beiden \u00e4lteren Br\u00fcder entschieden sich f\u00fcrs Weggehen. Maria blieb und das voll Freude. Die Arbeit auf dem Hof und mit den Tieren ist ihr Leben \u2013, Beruf und Berufung zugleich. 18 schwarz-wei\u00df gefleckte Holstein-Rinder stehen in ihrem Stall und noch einmal so viele K\u00e4lber und Kalbinnen: Diese Rasse sieht man eher selten im SalzburgerLand, am Baumgartengut in Thalgau werden sie schon seit den fr\u00fchen 1960er Jahren gez\u00fcchtet. Holstein-Rinder z\u00e4hlen zu den weltweit bedeutendsten Milchviehrassen und Maria Ebner geht dreimal t\u00e4glich in den Stall, um die Tiere zu melken: Sage und schreibe zwischen 40 und 60 Liter Milch gibt eine Kuh pro Tag. Im Sommer und Herbst verwendet Maria einen Teil der Milch, um f\u00fcr die hofeigene Mostschenke zu k\u00e4sen: Der Gro\u00dfteil aber wird rund ums Jahr an die SalzburgMilch geliefert. Maria Ebners \u00e4lteste Kuh ist 13 Jahre alt, hat elf K\u00e4lber geboren und in ihrem Leben \u00fcber 120.000 Liter Milch gegeben. Nur eine Kuh, der es wirklich gut geht, wird jedes Jahr tr\u00e4chtig. Und nur ein K\u00e4lbchen pro Jahr garantiert, dass die Kuh auch Milch gibt.<\/p>\n<p>\u00a0<\/p>\n<p>Tipp.<\/p>\n<p>Wer Maria Ebner und ihre K\u00fche besuchen m\u00f6chte, kann dies gerne tun. Das Baumgartengut in Thalgau ist auch eine Mostschenke, die ganzj\u00e4hrig ge\u00f6ffnet ist und in der ausschlie\u00dflich hausgemachte K\u00f6stlichkeiten vom eigenen Hof aufgetischt werden. www.baumgartengut.at<\/p>\n<p>\u00a0<\/p>\n<p>Gl\u00fcck, erz\u00e4hlt doch mal aus deinem Milchkuh-Leben!<\/p>\n<p>\u00a0<\/p>\n<p>Wir haben Milchkuh \u201eGl\u00fcck\u201c ein paar Fragen gestellt. Maria Ebner half uns bei der \u00dcbersetzung:<\/p>\n<p><strong>Gl\u00fcck, warum wirst du eigentlich im Herbst geschoren?<br>\n<\/strong>Weil K\u00fche eine hohe K\u00f6rpertemperatur von \u00fcber 38 Grad haben und wir die K\u00e4lte lieber m\u00f6gen als die W\u00e4rme: 5 Grad Au\u00dfentemperatur sind f\u00fcr uns ideal. Da wir im Winter viel mehr Zeit im Stall verbringen als im Sommer, werden wir geschoren, damit wir drinnen nicht ins Schwitzen kommen.<\/p>\n<p><strong>Was magst du so richtig gern?<br>\n<\/strong>Am liebsten mag ich es, von vorne bis hinten umsorgt zu werden und Streicheleinheiten zu bekommen. Dass unsere B\u00e4uerin Maria dreimal t\u00e4glich zum Melken kommt, ist super. So wei\u00df sie, wie es uns geht und hat immer ein waches Auge auf uns. Wir lieben den pers\u00f6nlichen Kontakt zu ihr. Gutes Fressen m\u00f6gen wir auch und das ist auch enorm wichtig, damit wir gesund alt werden. Au\u00dferdem mag ich es, dass wir in den Sommermonaten die ganze Nacht im Freien sind und w\u00e4hrend der Hitze am Tag im Stall ausruhen d\u00fcrfen.<\/p>\n<p><strong>Warum bekommst du jedes Jahr ein K\u00e4lbchen?<\/strong><br>\nWeil ich ohne K\u00e4lbchen auch keine Milch geben w\u00fcrde und daf\u00fcr bin ich nun mal da. Nachdem ein K\u00e4lbchen nach neun Monaten Tragezeit auf die Welt gekommen ist, sorgt Maria mit dem Samen eines pr\u00e4chtigen Zuchtbullen daf\u00fcr, dass ich innerhalb von 80 Tagen wieder tr\u00e4chtig werde. Das sichert den Kreislauf der Milchwirtschaft.<\/p>\n<p><strong>Warum stehen deine K\u00e4lbchen in diesen kleinen wei\u00dfen Iglus?<\/strong><br>\nGleich nach der Geburt erhalten meine K\u00e4lbchen zehn Tage lang meine Milch, das sogenannte Colostrum. Da steckt alles drin, damit die K\u00e4lber ein starkes Immunsystem aufbauen k\u00f6nnen und ihre M\u00e4gen und der Darm gut ausgebildet werden. Zwei Wochen lang leben sie dann in den kleinen wei\u00dfen Iglus, da ihr Immunsystem f\u00fcr den Stall noch nicht stark genug ist: Sie haben also eine kurze Zeit der Quarant\u00e4ne. Danach kommen sie zur\u00fcck in die K\u00e4lbergruppe \u2013 ein richtiger Kindergarten im Stroh.<\/p>\n<p><strong>Was bezweckst du mit dem Wiederkauen?<br>\n<\/strong>W\u00fcrde ich nicht wiederkauen, k\u00f6nnte ich keine Milch produzieren. Wiedergekaut werden Pflanzenfasern, wie sie etwa im Gras stecken: Beim Wiederkauen produziere ich an die 60 Liter Speichel t\u00e4glich, daher trinke ich auch \u00fcber 100 Liter Wasser am Tag. Die wiedergekauten Fasern sorgen in meinem Vormagen, dem Pansen, daf\u00fcr, dass sich die Mikroorganismen so richtig sch\u00f6n vermehren. Diese Magenbakterien verwandeln Gras in Eiwei\u00df, das ich selbst verdaue und nur so produziere ich diese Menge an Milch.<\/p>\n","protected":false},"excerpt":{"rendered":"<p>Auf dem Baumgartengut in Thalgau unweit des Fuschlsees lebt und arbeitet Maria Ebner samt Familie und Tieren. Ihre 18 Milchk\u00fche geben so viel Milch, dass sie dreimal am Tag gemolken werden. Das liegt nicht nur an der Rasse, sondern auch an dem sch\u00f6nen Leben, das sie hier f\u00fchren. Mallorca liegt neben Marbella. Trinidad neben Tennessee. [&hellip;]<\/p>\n","protected":false},"author":44,"featured_media":513442,"comment_status":"closed","ping_status":"closed","sticky":false,"template":"","format":"standard","meta":{"_acf_changed":false,"wl_entities_gutenberg":"","_relevanssi_hide_post":"","_relevanssi_hide_content":"","_relevanssi_pin_for_all":"","_relevanssi_pin_keywords":"","_relevanssi_unpin_keywords":"","_relevanssi_related_keywords":"","_relevanssi_related_include_ids":"","_relevanssi_related_exclude_ids":"","_relevanssi_related_no_append":"","_relevanssi_related_not_related":"","_relevanssi_related_posts":"","_relevanssi_noindex_reason":"","footnotes":""},"categories":[1],"tags":[],"wl_entity_type":[11495],"class_list":["post-513406","post","type-post","status-publish","format-standard","has-post-thumbnail","hentry","category-allgemein","wl_entity_type-article"],"acf":[],"yoast_head":"<!-- This site is optimized with the Yoast SEO Premium plugin v26.9 (Yoast SEO v26.9) - https:\/\/yoast.com\/product\/yoast-seo-premium-wordpress\/ -->\n<title>Marias flei\u00dfige M\u00e4dels \u00bb SalzburgerLand.com<\/title>\n<meta name=\"robots\" content=\"index, follow, max-snippet:-1, max-image-preview:large, max-video-preview:-1\" \/>\n<link rel=\"canonical\" href=\"https:\/\/www.salzburgerland.com\/de\/wp-json\/wp\/v2\/posts\/513406\" \/>\n<meta property=\"og:locale\" content=\"de_DE\" \/>\n<meta property=\"og:type\" content=\"article\" \/>\n<meta property=\"og:title\" content=\"Marias flei\u00dfige M\u00e4dels\" \/>\n<meta property=\"og:description\" content=\"Maria Ebners Milchk\u00fche vom Baumgartengut in Thalgau liefern \u00fcberdurchschnittlich viel Milch an die SalzburgMilch. Warum das so ist erkl\u00e4rt uns die B\u00e4uerin pers\u00f6nlich.\" \/>\n<meta property=\"og:url\" content=\"https:\/\/www.salzburgerland.com\/de\/wp-json\/wp\/v2\/posts\/513406\" \/>\n<meta property=\"og:site_name\" content=\"SalzburgerLand.com\" \/>\n<meta property=\"article:publisher\" content=\"https:\/\/www.facebook.com\/salzburgerland\/\" \/>\n<meta property=\"article:published_time\" content=\"2020-11-11T09:28:46+00:00\" \/>\n<meta property=\"article:modified_time\" content=\"2020-11-11T13:38:54+00:00\" \/>\n<meta property=\"og:image\" content=\"https:\/\/www.salzburgerland.com\/de\/wp-content\/uploads\/2020\/11\/kuehe_alm_weide-kuh-1200x675.jpg\" \/>\n\t<meta property=\"og:image:width\" content=\"1200\" \/>\n\t<meta property=\"og:image:height\" content=\"675\" \/>\n\t<meta property=\"og:image:type\" content=\"image\/jpeg\" \/>\n<meta name=\"author\" content=\"Eveline Bimminger\" \/>\n<meta name=\"twitter:card\" content=\"summary_large_image\" \/>\n<meta name=\"twitter:creator\" content=\"@Salzburgerland\" \/>\n<meta name=\"twitter:site\" content=\"@Salzburgerland\" \/>\n<meta name=\"twitter:label1\" content=\"Verfasst von\" \/>\n\t<meta name=\"twitter:data1\" content=\"Eveline Bimminger\" \/>\n\t<meta name=\"twitter:label2\" content=\"Gesch\u00e4tzte Lesezeit\" \/>\n\t<meta name=\"twitter:data2\" content=\"5\u00a0Minuten\" \/>\n<script type=\"application\/ld+json\" class=\"yoast-schema-graph\">{\"@context\":\"https:\/\/schema.org\",\"@graph\":[{\"@type\":\"WebPage\",\"@id\":\"https:\/\/www.salzburgerland.com\/de\/marias-fleissige-maedels\/\",\"url\":\"https:\/\/www.salzburgerland.com\/de\/marias-fleissige-maedels\/\",\"name\":\"Marias flei\u00dfige M\u00e4dels \u00bb SalzburgerLand.com\",\"isPartOf\":{\"@id\":\"https:\/\/www.salzburgerland.com\/de\/#website\"},\"primaryImageOfPage\":{\"@id\":\"https:\/\/www.salzburgerland.com\/de\/marias-fleissige-maedels\/#primaryimage\"},\"image\":{\"@id\":\"https:\/\/www.salzburgerland.com\/de\/marias-fleissige-maedels\/#primaryimage\"},\"thumbnailUrl\":\"https:\/\/www.salzburgerland.com\/de\/wp-content\/uploads\/2020\/11\/kuehe_alm_weide-kuh-scaled.jpg\",\"datePublished\":\"2020-11-11T09:28:46+00:00\",\"dateModified\":\"2020-11-11T13:38:54+00:00\",\"description\":\"Maria Ebners Milchk\u00fche vom Baumgartengut in Thalgau liefern \u00fcberdurchschnittlich viel Milch an die SalzburgMilch. Warum das so ist erkl\u00e4rt uns die B\u00e4uerin pers\u00f6nlich.\",\"breadcrumb\":{\"@id\":\"https:\/\/www.salzburgerland.com\/de\/marias-fleissige-maedels\/#breadcrumb\"},\"inLanguage\":\"de\",\"potentialAction\":[{\"@type\":\"ReadAction\",\"target\":[\"https:\/\/www.salzburgerland.com\/de\/marias-fleissige-maedels\/\"]}]},{\"@type\":\"ImageObject\",\"inLanguage\":\"de\",\"@id\":\"https:\/\/www.salzburgerland.com\/de\/marias-fleissige-maedels\/#primaryimage\",\"url\":\"https:\/\/www.salzburgerland.com\/de\/wp-content\/uploads\/2020\/11\/kuehe_alm_weide-kuh-scaled.jpg\",\"contentUrl\":\"https:\/\/www.salzburgerland.com\/de\/wp-content\/uploads\/2020\/11\/kuehe_alm_weide-kuh-scaled.jpg\",\"width\":1920,\"height\":1281,\"caption\":\"K\u00fche, die sich auf einer Wiese ausruhen, mit Bergen und Wolken im Hintergrund.\"},{\"@type\":\"BreadcrumbList\",\"@id\":\"https:\/\/www.salzburgerland.com\/de\/marias-fleissige-maedels\/#breadcrumb\",\"itemListElement\":[{\"@type\":\"ListItem\",\"position\":1,\"name\":\"Salzburger Bauernherbst\",\"item\":\"https:\/\/www.salzburgerland.com\/de\/bauernherbst\/\"},{\"@type\":\"ListItem\",\"position\":2,\"name\":\"Marias flei\u00dfige M\u00e4dels\"}]},{\"@type\":\"WebSite\",\"@id\":\"https:\/\/www.salzburgerland.com\/de\/#website\",\"url\":\"https:\/\/www.salzburgerland.com\/de\/\",\"name\":\"SalzburgerLand.com\",\"description\":\"Ihr Urlaub in Salzburg, \u00d6sterreich\",\"publisher\":{\"@id\":\"https:\/\/www.salzburgerland.com\/de\/#organization\"},\"potentialAction\":[{\"@type\":\"SearchAction\",\"target\":{\"@type\":\"EntryPoint\",\"urlTemplate\":\"https:\/\/www.salzburgerland.com\/de\/?s={search_term_string}\"},\"query-input\":{\"@type\":\"PropertyValueSpecification\",\"valueRequired\":true,\"valueName\":\"search_term_string\"}}],\"inLanguage\":\"de\"},{\"@type\":\"Organization\",\"@id\":\"https:\/\/www.salzburgerland.com\/de\/#organization\",\"name\":\"SalzburgerLand Tourismus GmbH\",\"url\":\"https:\/\/www.salzburgerland.com\/de\/\",\"logo\":{\"@type\":\"ImageObject\",\"inLanguage\":\"de\",\"@id\":\"https:\/\/www.salzburgerland.com\/de\/#\/schema\/logo\/image\/\",\"url\":\"https:\/\/www.salzburgerland.com\/de\/wp-content\/uploads\/2017\/01\/salzburgerland-logo.jpg\",\"contentUrl\":\"https:\/\/www.salzburgerland.com\/de\/wp-content\/uploads\/2017\/01\/salzburgerland-logo.jpg\",\"width\":1920,\"height\":827,\"caption\":\"SalzburgerLand Tourismus GmbH\"},\"image\":{\"@id\":\"https:\/\/www.salzburgerland.com\/de\/#\/schema\/logo\/image\/\"},\"sameAs\":[\"https:\/\/www.facebook.com\/salzburgerland\/\",\"https:\/\/x.com\/Salzburgerland\",\"https:\/\/www.instagram.com\/salzburgerland\/\",\"http:\/\/dbpedia.org\/resource\/Salzburg_(state)\",\"http:\/\/wikidata.dbpedia.org\/resource\/Q43325\",\"http:\/\/open.salzburgerland.com\/de\/entity\/salzburgerland\",\"https:\/\/www.youtube.com\/user\/salzburgerland\"]},{\"@type\":\"Person\",\"@id\":\"https:\/\/www.salzburgerland.com\/de\/#\/schema\/person\/65a80fc9026a6fbf40cc6089d70adb1d\",\"name\":\"Eveline Bimminger\",\"image\":{\"@type\":\"ImageObject\",\"inLanguage\":\"de\",\"@id\":\"https:\/\/www.salzburgerland.com\/de\/#\/schema\/person\/image\/\",\"url\":\"https:\/\/secure.gravatar.com\/avatar\/c5f95e995df475f57c321bf8b272f1a534921fbcb75dd2613c990ba9689a9128?s=96&d=mm&r=g\",\"contentUrl\":\"https:\/\/secure.gravatar.com\/avatar\/c5f95e995df475f57c321bf8b272f1a534921fbcb75dd2613c990ba9689a9128?s=96&d=mm&r=g\",\"caption\":\"Eveline Bimminger\"}}]}<\/script>\n<!-- \/ Yoast SEO Premium plugin. -->","yoast_head_json":{"title":"Marias flei\u00dfige M\u00e4dels \u00bb SalzburgerLand.com","robots":{"index":"index","follow":"follow","max-snippet":"max-snippet:-1","max-image-preview":"max-image-preview:large","max-video-preview":"max-video-preview:-1"},"canonical":"https:\/\/www.salzburgerland.com\/de\/wp-json\/wp\/v2\/posts\/513406","og_locale":"de_DE","og_type":"article","og_title":"Marias flei\u00dfige M\u00e4dels","og_description":"Maria Ebners Milchk\u00fche vom Baumgartengut in Thalgau liefern \u00fcberdurchschnittlich viel Milch an die SalzburgMilch. Warum das so ist erkl\u00e4rt uns die B\u00e4uerin pers\u00f6nlich.","og_url":"https:\/\/www.salzburgerland.com\/de\/wp-json\/wp\/v2\/posts\/513406","og_site_name":"SalzburgerLand.com","article_publisher":"https:\/\/www.facebook.com\/salzburgerland\/","article_published_time":"2020-11-11T09:28:46+00:00","article_modified_time":"2020-11-11T13:38:54+00:00","og_image":[{"width":1200,"height":675,"url":"https:\/\/www.salzburgerland.com\/de\/wp-content\/uploads\/2020\/11\/kuehe_alm_weide-kuh-1200x675.jpg","type":"image\/jpeg"}],"author":"Eveline Bimminger","twitter_card":"summary_large_image","twitter_creator":"@Salzburgerland","twitter_site":"@Salzburgerland","twitter_misc":{"Verfasst von":"Eveline Bimminger","Gesch\u00e4tzte Lesezeit":"5\u00a0Minuten"},"schema":{"@context":"https:\/\/schema.org","@graph":[{"@type":"WebPage","@id":"https:\/\/www.salzburgerland.com\/de\/marias-fleissige-maedels\/","url":"https:\/\/www.salzburgerland.com\/de\/marias-fleissige-maedels\/","name":"Marias flei\u00dfige M\u00e4dels \u00bb SalzburgerLand.com","isPartOf":{"@id":"https:\/\/www.salzburgerland.com\/de\/#website"},"primaryImageOfPage":{"@id":"https:\/\/www.salzburgerland.com\/de\/marias-fleissige-maedels\/#primaryimage"},"image":{"@id":"https:\/\/www.salzburgerland.com\/de\/marias-fleissige-maedels\/#primaryimage"},"thumbnailUrl":"https:\/\/www.salzburgerland.com\/de\/wp-content\/uploads\/2020\/11\/kuehe_alm_weide-kuh-scaled.jpg","datePublished":"2020-11-11T09:28:46+00:00","dateModified":"2020-11-11T13:38:54+00:00","description":"Maria Ebners Milchk\u00fche vom Baumgartengut in Thalgau liefern \u00fcberdurchschnittlich viel Milch an die SalzburgMilch. Warum das so ist erkl\u00e4rt uns die B\u00e4uerin pers\u00f6nlich.","breadcrumb":{"@id":"https:\/\/www.salzburgerland.com\/de\/marias-fleissige-maedels\/#breadcrumb"},"inLanguage":"de","potentialAction":[{"@type":"ReadAction","target":["https:\/\/www.salzburgerland.com\/de\/marias-fleissige-maedels\/"]}]},{"@type":"ImageObject","inLanguage":"de","@id":"https:\/\/www.salzburgerland.com\/de\/marias-fleissige-maedels\/#primaryimage","url":"https:\/\/www.salzburgerland.com\/de\/wp-content\/uploads\/2020\/11\/kuehe_alm_weide-kuh-scaled.jpg","contentUrl":"https:\/\/www.salzburgerland.com\/de\/wp-content\/uploads\/2020\/11\/kuehe_alm_weide-kuh-scaled.jpg","width":1920,"height":1281,"caption":"K\u00fche, die sich auf einer Wiese ausruhen, mit Bergen und Wolken im Hintergrund."},{"@type":"BreadcrumbList","@id":"https:\/\/www.salzburgerland.com\/de\/marias-fleissige-maedels\/#breadcrumb","itemListElement":[{"@type":"ListItem","position":1,"name":"Salzburger Bauernherbst","item":"https:\/\/www.salzburgerland.com\/de\/bauernherbst\/"},{"@type":"ListItem","position":2,"name":"Marias flei\u00dfige M\u00e4dels"}]},{"@type":"WebSite","@id":"https:\/\/www.salzburgerland.com\/de\/#website","url":"https:\/\/www.salzburgerland.com\/de\/","name":"SalzburgerLand.com","description":"Ihr Urlaub in Salzburg, \u00d6sterreich","publisher":{"@id":"https:\/\/www.salzburgerland.com\/de\/#organization"},"potentialAction":[{"@type":"SearchAction","target":{"@type":"EntryPoint","urlTemplate":"https:\/\/www.salzburgerland.com\/de\/?s={search_term_string}"},"query-input":{"@type":"PropertyValueSpecification","valueRequired":true,"valueName":"search_term_string"}}],"inLanguage":"de"},{"@type":"Organization","@id":"https:\/\/www.salzburgerland.com\/de\/#organization","name":"SalzburgerLand Tourismus GmbH","url":"https:\/\/www.salzburgerland.com\/de\/","logo":{"@type":"ImageObject","inLanguage":"de","@id":"https:\/\/www.salzburgerland.com\/de\/#\/schema\/logo\/image\/","url":"https:\/\/www.salzburgerland.com\/de\/wp-content\/uploads\/2017\/01\/salzburgerland-logo.jpg","contentUrl":"https:\/\/www.salzburgerland.com\/de\/wp-content\/uploads\/2017\/01\/salzburgerland-logo.jpg","width":1920,"height":827,"caption":"SalzburgerLand Tourismus GmbH"},"image":{"@id":"https:\/\/www.salzburgerland.com\/de\/#\/schema\/logo\/image\/"},"sameAs":["https:\/\/www.facebook.com\/salzburgerland\/","https:\/\/x.com\/Salzburgerland","https:\/\/www.instagram.com\/salzburgerland\/","http:\/\/dbpedia.org\/resource\/Salzburg_(state)","http:\/\/wikidata.dbpedia.org\/resource\/Q43325","http:\/\/open.salzburgerland.com\/de\/entity\/salzburgerland","https:\/\/www.youtube.com\/user\/salzburgerland"]},{"@type":"Person","@id":"https:\/\/www.salzburgerland.com\/de\/#\/schema\/person\/65a80fc9026a6fbf40cc6089d70adb1d","name":"Eveline Bimminger","image":{"@type":"ImageObject","inLanguage":"de","@id":"https:\/\/www.salzburgerland.com\/de\/#\/schema\/person\/image\/","url":"https:\/\/secure.gravatar.com\/avatar\/c5f95e995df475f57c321bf8b272f1a534921fbcb75dd2613c990ba9689a9128?s=96&d=mm&r=g","contentUrl":"https:\/\/secure.gravatar.com\/avatar\/c5f95e995df475f57c321bf8b272f1a534921fbcb75dd2613c990ba9689a9128?s=96&d=mm&r=g","caption":"Eveline Bimminger"}}]}},"_wl_alt_label":[],"wl:entity_url":"http:\/\/open.salzburgerland.com\/de\/post\/marias_fleissige_maedels","_links":{"self":[{"href":"https:\/\/www.salzburgerland.com\/de\/wp-json\/wp\/v2\/posts\/513406","targetHints":{"allow":["GET"]}}],"collection":[{"href":"https:\/\/www.salzburgerland.com\/de\/wp-json\/wp\/v2\/posts"}],"about":[{"href":"https:\/\/www.salzburgerland.com\/de\/wp-json\/wp\/v2\/types\/post"}],"author":[{"embeddable":true,"href":"https:\/\/www.salzburgerland.com\/de\/wp-json\/wp\/v2\/users\/44"}],"replies":[{"embeddable":true,"href":"https:\/\/www.salzburgerland.com\/de\/wp-json\/wp\/v2\/comments?post=513406"}],"version-history":[{"count":0,"href":"https:\/\/www.salzburgerland.com\/de\/wp-json\/wp\/v2\/posts\/513406\/revisions"}],"wp:featuredmedia":[{"embeddable":true,"href":"https:\/\/www.salzburgerland.com\/de\/wp-json\/wp\/v2\/media\/513442"}],"wp:attachment":[{"href":"https:\/\/www.salzburgerland.com\/de\/wp-json\/wp\/v2\/media?parent=513406"}],"wp:term":[{"taxonomy":"category","embeddable":true,"href":"https:\/\/www.salzburgerland.com\/de\/wp-json\/wp\/v2\/categories?post=513406"},{"taxonomy":"post_tag","embeddable":true,"href":"https:\/\/www.salzburgerland.com\/de\/wp-json\/wp\/v2\/tags?post=513406"},{"taxonomy":"wl_entity_type","embeddable":true,"href":"https:\/\/www.salzburgerland.com\/de\/wp-json\/wp\/v2\/wl_entity_type?post=513406"}],"curies":[{"name":"wp","href":"https:\/\/api.w.org\/{rel}","templated":true}]}}