{"id":497430,"date":"2020-09-29T16:02:54","date_gmt":"2020-09-29T14:02:54","guid":{"rendered":"https:\/\/www.salzburgerland.com\/de\/?p=497430"},"modified":"2020-09-30T13:18:36","modified_gmt":"2020-09-30T11:18:36","slug":"q8-nationale-und-internationale-vernetzung-von-partnern-und-regionen","status":"publish","type":"post","link":"https:\/\/www.salzburgerland.com\/de\/q8-nationale-und-internationale-vernetzung-von-partnern-und-regionen\/","title":{"rendered":"Q8 \u2013 Nationale und internationale Vernetzung von Partnern und Regionen"},"content":{"rendered":"<h3>Tourismusstrategie im Rahmen des aktuellen Regierungsprogrammes<\/h3>\n<p>Das Ziel der Bundesregierung ist der Erhalt einer kleinteiligen und h\u00e4ufig familiengef\u00fchrten Tourismusbranche sowie die besondere Unterst\u00fctzung von kleineren und mittleren Unternehmen und die Wertsch\u00f6pfung vor Ort zu st\u00e4rken. (Quelle: Auszug aus dem Regierungsprogramm der \u00d6sterreichischen Bundesregierung 2020 \u2013 2024)<\/p>\n<h3><strong>Arge Alp-Partnerschaft im Zeichen der Alpinen K\u00fcche<\/strong><\/h3>\n<p>W\u00e4hrend des Vorsitzes des Bundeslandes Salzburg kam es zu einer sehr erfolgreichen internationalen Kooperation zwischen den ARGE ALP-Regionen Salzburg, Tirol, Vorarlberg, Tessin, Graub\u00fcnden, St. Gallen, S\u00fcdtirol, Lombardei, Trentino und Bayern. \u00dcbergeordnete Themenklammer im Auftrag des Salzburger Landeshauptmanns Dr. Wilfried Haslauer war die Alpine K\u00fcche. Ergebnis der Zusammenarbeit sind eine 90-min\u00fctige Dokumentation aus der Servus TV-Reihe \u201eHeimatleuchten\u201c sowie ein Falstaff-Special zum Thema \u201eAlpine K\u00fcche\u201c 2021.<a href=\"http:\/\/www.argealp.org\" target=\"_blank\" rel=\"noopener noreferrer\"> www.argealp.org<\/a><\/p>\n<h3><strong>Allianz der 10 (AD10) \u2013 Neun Bundesl\u00e4nder gemeinsam mit der \u00d6sterreich Werbung<\/strong><\/h3>\n<p>Regelm\u00e4\u00dfig treffen sich Vertreter der Landestourismusorganisationen und der \u00d6sterreich Werbung zum gemeinsamen Austausch \u00fcber Zukunftsthemen der \u00f6sterreichischen Tourismusbranche.<\/p>\n<h3><strong>AlpNet<\/strong><\/h3>\n<p>AlpNet setzt sich aus den f\u00fchrenden Tourismusregionen des europ\u00e4ischen Alpenraums zusammen und besch\u00e4ftigt sich u. a. mit dem Thema der Alpengastronomie. <a href=\"http:\/\/www.alp-net.eu\" target=\"_blank\" rel=\"noopener noreferrer\">www.alp-net.eu<\/a><\/p>\n<h3><strong>Masterplan T \u2013 \u00d6sterreich als Kulinarik-Destination erlebbar machen<\/strong><\/h3>\n<p>Die Positionierung \u00d6sterreichs als Genuss- und Kulinarik-Destination mit qualitativ hochwertigen regionalen Produkten muss verst\u00e4rkt werden \u2013 von der einfachen Hausmannskost bis zur Spitzengastronomie. Ziel ist, aus unseren G\u00e4sten Botschafterinnen und Botschafter f\u00fcr unsere \u00f6sterreichischen Produkte und die heimische K\u00fcche zu machen. (Quelle: Masterplan T, Bundesministerium f\u00fcr Landwirtschaft, Regionen und Tourismus. 2019)<\/p>\n<h3><strong>Strategie Kulinarik \u00d6sterreich<\/strong><\/h3>\n<p>Im J\u00e4nner 2019 fiel der Startschuss f\u00fcr die gemeinsame Strategie Kulinarik \u00d6sterreich. Die Fokusgruppe Strategie und der bundesweite Fachbeirat Netzwerk Kulinarik mit Fachleuten aller Sparten und Multiplikatoren aus den Regionen, hatten die Aufgabe, die Strategie zu finalisieren sowie strategische und operative Ziele und Ma\u00dfnahmen abzuleiten. <a href=\"http:\/\/www.b2b.amainfo.at\" target=\"_blank\" rel=\"noopener noreferrer\">www.b2b.amainfo.at<\/a> (Quelle: Netzwerk Kulinarik Strategie-Booklet, 2019)<\/p>\n<h3><strong>Internationale Expertise und Zusammenarbeit<\/strong><\/h3>\n<p>Schon seit l\u00e4ngerer Zeit begleitet der Schweizer Ern\u00e4hrungsforscher und Autor Dominik Flammer die Markenentwicklung zur \u201eAlpinen K\u00fcche\u201c. Flammer ist unter anderem Initiator des im September 2020 er\u00f6ffneten Culinarium Alpinum in Stans. Dieses versteht sich als f\u00fchrendes Kompetenzzentrum f\u00fcr die Kulinarik des Alpenraums mit Restaurant sowie fachspezifischem Kurs- und Schulungsangebot. <a href=\"http:\/\/www.publichistory.ch\" target=\"_blank\" rel=\"noopener noreferrer\">www.publichistory.ch<\/a><\/p>\n","protected":false},"excerpt":{"rendered":"<p>Tourismusstrategie im Rahmen des aktuellen Regierungsprogrammes Das Ziel der Bundesregierung ist der Erhalt einer kleinteiligen und h\u00e4ufig familiengef\u00fchrten Tourismusbranche sowie die besondere Unterst\u00fctzung von kleineren und mittleren Unternehmen und die Wertsch\u00f6pfung vor Ort zu st\u00e4rken. (Quelle: Auszug aus dem Regierungsprogramm der \u00d6sterreichischen Bundesregierung 2020 \u2013 2024) Arge Alp-Partnerschaft im Zeichen der Alpinen K\u00fcche W\u00e4hrend des [&hellip;]<\/p>\n","protected":false},"author":67,"featured_media":497531,"comment_status":"closed","ping_status":"closed","sticky":false,"template":"","format":"standard","meta":{"_acf_changed":false,"wl_entities_gutenberg":"","_relevanssi_hide_post":"","_relevanssi_hide_content":"","_relevanssi_pin_for_all":"","_relevanssi_pin_keywords":"","_relevanssi_unpin_keywords":"","_relevanssi_related_keywords":"","_relevanssi_related_include_ids":"","_relevanssi_related_exclude_ids":"","_relevanssi_related_no_append":"","_relevanssi_related_not_related":"","_relevanssi_related_posts":"","_relevanssi_noindex_reason":"","footnotes":""},"categories":[1],"tags":[],"wl_entity_type":[11495],"class_list":["post-497430","post","type-post","status-publish","format-standard","has-post-thumbnail","hentry","category-allgemein","wl_entity_type-article"],"acf":[],"yoast_head":"<!-- This site is optimized with the Yoast SEO Premium plugin v26.9 (Yoast SEO v26.9) - https:\/\/yoast.com\/product\/yoast-seo-premium-wordpress\/ -->\n<title>Q8 \u2013 Nationale und internationale Vernetzung von Partnern und Regionen \u00bb SalzburgerLand.com<\/title>\n<meta name=\"robots\" content=\"index, follow, max-snippet:-1, max-image-preview:large, max-video-preview:-1\" \/>\n<link rel=\"canonical\" href=\"https:\/\/www.salzburgerland.com\/de\/wp-json\/wp\/v2\/posts\/497430\" \/>\n<meta property=\"og:locale\" content=\"de_DE\" \/>\n<meta property=\"og:type\" content=\"article\" \/>\n<meta property=\"og:title\" content=\"Q8 \u2013 Nationale und internationale Vernetzung von Partnern und Regionen\" \/>\n<meta property=\"og:description\" content=\"Die innovative Alpine K\u00fcche mit ihren hohen Qualit\u00e4tsanspr\u00fcchen bietet erstklassige Voraussetzungen, um internationale Akzente zu setzen.\" \/>\n<meta property=\"og:url\" content=\"https:\/\/www.salzburgerland.com\/de\/wp-json\/wp\/v2\/posts\/497430\" \/>\n<meta property=\"og:site_name\" content=\"SalzburgerLand.com\" \/>\n<meta property=\"article:publisher\" content=\"https:\/\/www.facebook.com\/salzburgerland\/\" \/>\n<meta property=\"article:published_time\" content=\"2020-09-29T14:02:54+00:00\" \/>\n<meta property=\"article:modified_time\" content=\"2020-09-30T11:18:36+00:00\" \/>\n<meta property=\"og:image\" content=\"https:\/\/www.salzburgerland.com\/de\/wp-content\/uploads\/2020\/09\/rs3816_deniscebulec-x-salzburgerland-0230-hpr_rz-1200x675.jpg\" \/>\n\t<meta property=\"og:image:width\" content=\"1200\" \/>\n\t<meta property=\"og:image:height\" content=\"675\" \/>\n\t<meta property=\"og:image:type\" content=\"image\/jpeg\" \/>\n<meta name=\"author\" content=\"G\u00fcnter Baumgartner\" \/>\n<meta name=\"twitter:card\" content=\"summary_large_image\" \/>\n<meta name=\"twitter:creator\" content=\"@Salzburgerland\" \/>\n<meta name=\"twitter:site\" content=\"@Salzburgerland\" \/>\n<meta name=\"twitter:label1\" content=\"Verfasst von\" \/>\n\t<meta name=\"twitter:data1\" content=\"G\u00fcnter Baumgartner\" \/>\n\t<meta name=\"twitter:label2\" content=\"Gesch\u00e4tzte Lesezeit\" \/>\n\t<meta name=\"twitter:data2\" content=\"2\u00a0Minuten\" \/>\n<script type=\"application\/ld+json\" class=\"yoast-schema-graph\">{\"@context\":\"https:\/\/schema.org\",\"@graph\":[{\"@type\":\"WebPage\",\"@id\":\"https:\/\/www.salzburgerland.com\/de\/q8-nationale-und-internationale-vernetzung-von-partnern-und-regionen\/\",\"url\":\"https:\/\/www.salzburgerland.com\/de\/q8-nationale-und-internationale-vernetzung-von-partnern-und-regionen\/\",\"name\":\"Q8 \u2013 Nationale und internationale Vernetzung von Partnern und Regionen \u00bb SalzburgerLand.com\",\"isPartOf\":{\"@id\":\"https:\/\/www.salzburgerland.com\/de\/#website\"},\"primaryImageOfPage\":{\"@id\":\"https:\/\/www.salzburgerland.com\/de\/q8-nationale-und-internationale-vernetzung-von-partnern-und-regionen\/#primaryimage\"},\"image\":{\"@id\":\"https:\/\/www.salzburgerland.com\/de\/q8-nationale-und-internationale-vernetzung-von-partnern-und-regionen\/#primaryimage\"},\"thumbnailUrl\":\"https:\/\/www.salzburgerland.com\/de\/wp-content\/uploads\/2020\/09\/rs3816_deniscebulec-x-salzburgerland-0230-hpr_rz.jpg\",\"datePublished\":\"2020-09-29T14:02:54+00:00\",\"dateModified\":\"2020-09-30T11:18:36+00:00\",\"description\":\"Die innovative Alpine K\u00fcche mit ihren hohen Qualit\u00e4tsanspr\u00fcchen bietet erstklassige Voraussetzungen, um internationale Akzente zu setzen.\",\"breadcrumb\":{\"@id\":\"https:\/\/www.salzburgerland.com\/de\/q8-nationale-und-internationale-vernetzung-von-partnern-und-regionen\/#breadcrumb\"},\"inLanguage\":\"de\",\"potentialAction\":[{\"@type\":\"ReadAction\",\"target\":[\"https:\/\/www.salzburgerland.com\/de\/q8-nationale-und-internationale-vernetzung-von-partnern-und-regionen\/\"]}]},{\"@type\":\"ImageObject\",\"inLanguage\":\"de\",\"@id\":\"https:\/\/www.salzburgerland.com\/de\/q8-nationale-und-internationale-vernetzung-von-partnern-und-regionen\/#primaryimage\",\"url\":\"https:\/\/www.salzburgerland.com\/de\/wp-content\/uploads\/2020\/09\/rs3816_deniscebulec-x-salzburgerland-0230-hpr_rz.jpg\",\"contentUrl\":\"https:\/\/www.salzburgerland.com\/de\/wp-content\/uploads\/2020\/09\/rs3816_deniscebulec-x-salzburgerland-0230-hpr_rz.jpg\",\"width\":1920,\"height\":1080,\"caption\":\"Mit einem Messer in Scheiben geschnittenes Brot und K\u00e4se, verziert mit leuchtend orangefarbenen Blumen und gr\u00fcnen Kr\u00e4utern.\"},{\"@type\":\"BreadcrumbList\",\"@id\":\"https:\/\/www.salzburgerland.com\/de\/q8-nationale-und-internationale-vernetzung-von-partnern-und-regionen\/#breadcrumb\",\"itemListElement\":[{\"@type\":\"ListItem\",\"position\":1,\"name\":\"QUINTESSENZ\",\"item\":\"https:\/\/www.salzburgerland.com\/de\/quintessenz\/\"},{\"@type\":\"ListItem\",\"position\":2,\"name\":\"Q8 \u2013 Nationale und internationale Vernetzung von Partnern und Regionen\"}]},{\"@type\":\"WebSite\",\"@id\":\"https:\/\/www.salzburgerland.com\/de\/#website\",\"url\":\"https:\/\/www.salzburgerland.com\/de\/\",\"name\":\"SalzburgerLand.com\",\"description\":\"Ihr Urlaub in Salzburg, \u00d6sterreich\",\"publisher\":{\"@id\":\"https:\/\/www.salzburgerland.com\/de\/#organization\"},\"potentialAction\":[{\"@type\":\"SearchAction\",\"target\":{\"@type\":\"EntryPoint\",\"urlTemplate\":\"https:\/\/www.salzburgerland.com\/de\/?s={search_term_string}\"},\"query-input\":{\"@type\":\"PropertyValueSpecification\",\"valueRequired\":true,\"valueName\":\"search_term_string\"}}],\"inLanguage\":\"de\"},{\"@type\":\"Organization\",\"@id\":\"https:\/\/www.salzburgerland.com\/de\/#organization\",\"name\":\"SalzburgerLand Tourismus GmbH\",\"url\":\"https:\/\/www.salzburgerland.com\/de\/\",\"logo\":{\"@type\":\"ImageObject\",\"inLanguage\":\"de\",\"@id\":\"https:\/\/www.salzburgerland.com\/de\/#\/schema\/logo\/image\/\",\"url\":\"https:\/\/www.salzburgerland.com\/de\/wp-content\/uploads\/2017\/01\/salzburgerland-logo.jpg\",\"contentUrl\":\"https:\/\/www.salzburgerland.com\/de\/wp-content\/uploads\/2017\/01\/salzburgerland-logo.jpg\",\"width\":1920,\"height\":827,\"caption\":\"SalzburgerLand Tourismus GmbH\"},\"image\":{\"@id\":\"https:\/\/www.salzburgerland.com\/de\/#\/schema\/logo\/image\/\"},\"sameAs\":[\"https:\/\/www.facebook.com\/salzburgerland\/\",\"https:\/\/x.com\/Salzburgerland\",\"https:\/\/www.instagram.com\/salzburgerland\/\",\"http:\/\/dbpedia.org\/resource\/Salzburg_(state)\",\"http:\/\/wikidata.dbpedia.org\/resource\/Q43325\",\"http:\/\/open.salzburgerland.com\/de\/entity\/salzburgerland\",\"https:\/\/www.youtube.com\/user\/salzburgerland\"]},{\"@type\":\"Person\",\"@id\":\"https:\/\/www.salzburgerland.com\/de\/#\/schema\/person\/202fa69e766a95ce88b9c174c33cf9b7\",\"name\":\"G\u00fcnter Baumgartner\",\"image\":{\"@type\":\"ImageObject\",\"inLanguage\":\"de\",\"@id\":\"https:\/\/www.salzburgerland.com\/de\/#\/schema\/person\/image\/\",\"url\":\"https:\/\/secure.gravatar.com\/avatar\/46e8f74f35e1f1449410c59dc6ef7980d5bccacd006bd0f60416a5b5b522c5ff?s=96&d=mm&r=g\",\"contentUrl\":\"https:\/\/secure.gravatar.com\/avatar\/46e8f74f35e1f1449410c59dc6ef7980d5bccacd006bd0f60416a5b5b522c5ff?s=96&d=mm&r=g\",\"caption\":\"G\u00fcnter Baumgartner\"}}]}<\/script>\n<!-- \/ Yoast SEO Premium plugin. -->","yoast_head_json":{"title":"Q8 \u2013 Nationale und internationale Vernetzung von Partnern und Regionen \u00bb SalzburgerLand.com","robots":{"index":"index","follow":"follow","max-snippet":"max-snippet:-1","max-image-preview":"max-image-preview:large","max-video-preview":"max-video-preview:-1"},"canonical":"https:\/\/www.salzburgerland.com\/de\/wp-json\/wp\/v2\/posts\/497430","og_locale":"de_DE","og_type":"article","og_title":"Q8 \u2013 Nationale und internationale Vernetzung von Partnern und Regionen","og_description":"Die innovative Alpine K\u00fcche mit ihren hohen Qualit\u00e4tsanspr\u00fcchen bietet erstklassige Voraussetzungen, um internationale Akzente zu setzen.","og_url":"https:\/\/www.salzburgerland.com\/de\/wp-json\/wp\/v2\/posts\/497430","og_site_name":"SalzburgerLand.com","article_publisher":"https:\/\/www.facebook.com\/salzburgerland\/","article_published_time":"2020-09-29T14:02:54+00:00","article_modified_time":"2020-09-30T11:18:36+00:00","og_image":[{"width":1200,"height":675,"url":"https:\/\/www.salzburgerland.com\/de\/wp-content\/uploads\/2020\/09\/rs3816_deniscebulec-x-salzburgerland-0230-hpr_rz-1200x675.jpg","type":"image\/jpeg"}],"author":"G\u00fcnter Baumgartner","twitter_card":"summary_large_image","twitter_creator":"@Salzburgerland","twitter_site":"@Salzburgerland","twitter_misc":{"Verfasst von":"G\u00fcnter Baumgartner","Gesch\u00e4tzte Lesezeit":"2\u00a0Minuten"},"schema":{"@context":"https:\/\/schema.org","@graph":[{"@type":"WebPage","@id":"https:\/\/www.salzburgerland.com\/de\/q8-nationale-und-internationale-vernetzung-von-partnern-und-regionen\/","url":"https:\/\/www.salzburgerland.com\/de\/q8-nationale-und-internationale-vernetzung-von-partnern-und-regionen\/","name":"Q8 \u2013 Nationale und internationale Vernetzung von Partnern und Regionen \u00bb SalzburgerLand.com","isPartOf":{"@id":"https:\/\/www.salzburgerland.com\/de\/#website"},"primaryImageOfPage":{"@id":"https:\/\/www.salzburgerland.com\/de\/q8-nationale-und-internationale-vernetzung-von-partnern-und-regionen\/#primaryimage"},"image":{"@id":"https:\/\/www.salzburgerland.com\/de\/q8-nationale-und-internationale-vernetzung-von-partnern-und-regionen\/#primaryimage"},"thumbnailUrl":"https:\/\/www.salzburgerland.com\/de\/wp-content\/uploads\/2020\/09\/rs3816_deniscebulec-x-salzburgerland-0230-hpr_rz.jpg","datePublished":"2020-09-29T14:02:54+00:00","dateModified":"2020-09-30T11:18:36+00:00","description":"Die innovative Alpine K\u00fcche mit ihren hohen Qualit\u00e4tsanspr\u00fcchen bietet erstklassige Voraussetzungen, um internationale Akzente zu setzen.","breadcrumb":{"@id":"https:\/\/www.salzburgerland.com\/de\/q8-nationale-und-internationale-vernetzung-von-partnern-und-regionen\/#breadcrumb"},"inLanguage":"de","potentialAction":[{"@type":"ReadAction","target":["https:\/\/www.salzburgerland.com\/de\/q8-nationale-und-internationale-vernetzung-von-partnern-und-regionen\/"]}]},{"@type":"ImageObject","inLanguage":"de","@id":"https:\/\/www.salzburgerland.com\/de\/q8-nationale-und-internationale-vernetzung-von-partnern-und-regionen\/#primaryimage","url":"https:\/\/www.salzburgerland.com\/de\/wp-content\/uploads\/2020\/09\/rs3816_deniscebulec-x-salzburgerland-0230-hpr_rz.jpg","contentUrl":"https:\/\/www.salzburgerland.com\/de\/wp-content\/uploads\/2020\/09\/rs3816_deniscebulec-x-salzburgerland-0230-hpr_rz.jpg","width":1920,"height":1080,"caption":"Mit einem Messer in Scheiben geschnittenes Brot und K\u00e4se, verziert mit leuchtend orangefarbenen Blumen und gr\u00fcnen Kr\u00e4utern."},{"@type":"BreadcrumbList","@id":"https:\/\/www.salzburgerland.com\/de\/q8-nationale-und-internationale-vernetzung-von-partnern-und-regionen\/#breadcrumb","itemListElement":[{"@type":"ListItem","position":1,"name":"QUINTESSENZ","item":"https:\/\/www.salzburgerland.com\/de\/quintessenz\/"},{"@type":"ListItem","position":2,"name":"Q8 \u2013 Nationale und internationale Vernetzung von Partnern und Regionen"}]},{"@type":"WebSite","@id":"https:\/\/www.salzburgerland.com\/de\/#website","url":"https:\/\/www.salzburgerland.com\/de\/","name":"SalzburgerLand.com","description":"Ihr Urlaub in Salzburg, \u00d6sterreich","publisher":{"@id":"https:\/\/www.salzburgerland.com\/de\/#organization"},"potentialAction":[{"@type":"SearchAction","target":{"@type":"EntryPoint","urlTemplate":"https:\/\/www.salzburgerland.com\/de\/?s={search_term_string}"},"query-input":{"@type":"PropertyValueSpecification","valueRequired":true,"valueName":"search_term_string"}}],"inLanguage":"de"},{"@type":"Organization","@id":"https:\/\/www.salzburgerland.com\/de\/#organization","name":"SalzburgerLand Tourismus GmbH","url":"https:\/\/www.salzburgerland.com\/de\/","logo":{"@type":"ImageObject","inLanguage":"de","@id":"https:\/\/www.salzburgerland.com\/de\/#\/schema\/logo\/image\/","url":"https:\/\/www.salzburgerland.com\/de\/wp-content\/uploads\/2017\/01\/salzburgerland-logo.jpg","contentUrl":"https:\/\/www.salzburgerland.com\/de\/wp-content\/uploads\/2017\/01\/salzburgerland-logo.jpg","width":1920,"height":827,"caption":"SalzburgerLand Tourismus GmbH"},"image":{"@id":"https:\/\/www.salzburgerland.com\/de\/#\/schema\/logo\/image\/"},"sameAs":["https:\/\/www.facebook.com\/salzburgerland\/","https:\/\/x.com\/Salzburgerland","https:\/\/www.instagram.com\/salzburgerland\/","http:\/\/dbpedia.org\/resource\/Salzburg_(state)","http:\/\/wikidata.dbpedia.org\/resource\/Q43325","http:\/\/open.salzburgerland.com\/de\/entity\/salzburgerland","https:\/\/www.youtube.com\/user\/salzburgerland"]},{"@type":"Person","@id":"https:\/\/www.salzburgerland.com\/de\/#\/schema\/person\/202fa69e766a95ce88b9c174c33cf9b7","name":"G\u00fcnter Baumgartner","image":{"@type":"ImageObject","inLanguage":"de","@id":"https:\/\/www.salzburgerland.com\/de\/#\/schema\/person\/image\/","url":"https:\/\/secure.gravatar.com\/avatar\/46e8f74f35e1f1449410c59dc6ef7980d5bccacd006bd0f60416a5b5b522c5ff?s=96&d=mm&r=g","contentUrl":"https:\/\/secure.gravatar.com\/avatar\/46e8f74f35e1f1449410c59dc6ef7980d5bccacd006bd0f60416a5b5b522c5ff?s=96&d=mm&r=g","caption":"G\u00fcnter Baumgartner"}}]}},"_wl_alt_label":[],"wl:entity_url":"http:\/\/open.salzburgerland.com\/de\/post\/q8_-_nationale_und_internationale_vernetzung_von_partnern_und_regionen","_links":{"self":[{"href":"https:\/\/www.salzburgerland.com\/de\/wp-json\/wp\/v2\/posts\/497430","targetHints":{"allow":["GET"]}}],"collection":[{"href":"https:\/\/www.salzburgerland.com\/de\/wp-json\/wp\/v2\/posts"}],"about":[{"href":"https:\/\/www.salzburgerland.com\/de\/wp-json\/wp\/v2\/types\/post"}],"author":[{"embeddable":true,"href":"https:\/\/www.salzburgerland.com\/de\/wp-json\/wp\/v2\/users\/67"}],"replies":[{"embeddable":true,"href":"https:\/\/www.salzburgerland.com\/de\/wp-json\/wp\/v2\/comments?post=497430"}],"version-history":[{"count":0,"href":"https:\/\/www.salzburgerland.com\/de\/wp-json\/wp\/v2\/posts\/497430\/revisions"}],"wp:featuredmedia":[{"embeddable":true,"href":"https:\/\/www.salzburgerland.com\/de\/wp-json\/wp\/v2\/media\/497531"}],"wp:attachment":[{"href":"https:\/\/www.salzburgerland.com\/de\/wp-json\/wp\/v2\/media?parent=497430"}],"wp:term":[{"taxonomy":"category","embeddable":true,"href":"https:\/\/www.salzburgerland.com\/de\/wp-json\/wp\/v2\/categories?post=497430"},{"taxonomy":"post_tag","embeddable":true,"href":"https:\/\/www.salzburgerland.com\/de\/wp-json\/wp\/v2\/tags?post=497430"},{"taxonomy":"wl_entity_type","embeddable":true,"href":"https:\/\/www.salzburgerland.com\/de\/wp-json\/wp\/v2\/wl_entity_type?post=497430"}],"curies":[{"name":"wp","href":"https:\/\/api.w.org\/{rel}","templated":true}]}}