{"id":496263,"date":"2020-09-30T12:00:04","date_gmt":"2020-09-30T10:00:04","guid":{"rendered":"https:\/\/www.salzburgerland.com\/de\/?p=496263"},"modified":"2020-10-01T12:05:14","modified_gmt":"2020-10-01T10:05:14","slug":"starke-stimmen-fuer-die-alpine-kueche-im-salzburgerland","status":"publish","type":"post","link":"https:\/\/www.salzburgerland.com\/de\/starke-stimmen-fuer-die-alpine-kueche-im-salzburgerland\/","title":{"rendered":"Starke Stimmen f\u00fcr die Alpine K\u00fcche"},"content":{"rendered":"<h4><strong>Prof. Dr. h. c. Eckart Witzigmann<\/strong><br>\nJahrhundertkoch und Schirmherr der Via Culinaria<\/h4>\n<div id=\"attachment_498110\" style=\"width: 1180px\" class=\"wp-caption aligncenter\"><img decoding=\"async\" aria-describedby=\"caption-attachment-498110\" class=\"wp-image-498110 size-1170_658\" src=\"https:\/\/cdn.salzburgerland.com\/de\/wp-content\/uploads\/2020\/09\/witzigmann_110517_2_effinger-13_rz-1170x658.jpg\" alt=\"\" width=\"1170\" height=\"658\" srcset=\"https:\/\/www.salzburgerland.com\/de\/wp-content\/uploads\/2020\/09\/witzigmann_110517_2_effinger-13_rz-1170x658.jpg 1170w, https:\/\/www.salzburgerland.com\/de\/wp-content\/uploads\/2020\/09\/witzigmann_110517_2_effinger-13_rz-1200x675.jpg 1200w\" sizes=\"(max-width: 1170px) 100vw, 1170px\"><p id=\"caption-attachment-498110\" class=\"wp-caption-text\">Foto: Thomas Effinger<\/p><\/div>\n<blockquote><p>Als ich vor \u00fcber vierzig Jahren erste Versuche unternahm, regionale Erzeuger in meiner n\u00e4chsten Umgebung ausfindig zu machen und deren Produkte in der Sternek\u00fcche zu etablieren, hat so mancher Gast die Nase ger\u00fcmpft. Zum Gl\u00fcck hat sich ein gro\u00dfer Wandel vollzogen: Regionale K\u00fcche st\u00f6\u00dft mittlerweile auf breite Akzeptanz und wird sogar gew\u00fcnscht. Was sich z\u00f6gerlich entwickelte, wurde im Laufe der Jahrzehnte zu einem Trend und zu einer Philosophie, die heute in der Begrifflichkeit der Alpine K\u00fcche gipfelt. Die sensationellen Produkte aus dem SalzburgerLand brauchen den internationalen Vergleich nicht zu scheuen und wecken Begehrlichkeiten. Junge K\u00f6chinnen und K\u00f6che, die auf Althergebrachtes zur\u00fcckgreifen und es in innovativer Weise veredeln, sowie Landwirte und Erzeuger arbeiten Hand in Hand und veranschaulichen selbstbewusst den Reichtum unserer Heimat. Der Hauptfokus der Alpinen K\u00fcche liegt auf Regionalit\u00e4t und Saisonalit\u00e4t. Damit ist sie als Denkrichtung nicht nur vorbildhaft, sondern notwendig. Denn sie ist \u00f6kologisch einwandfrei und schont die Ressourcen unserer Mutter Erde.<\/p><\/blockquote>\n<p>\u00a0<\/p>\n<h4><strong>Dominik Flammer<\/strong><br>\nBuchautor \u201eDas kulinarische Erbe der Alpen\u201c, Foodscout und Gr\u00fcnder des Culinarium Alpinum<\/h4>\n<div id=\"attachment_498107\" style=\"width: 1180px\" class=\"wp-caption aligncenter\"><img decoding=\"async\" aria-describedby=\"caption-attachment-498107\" class=\"wp-image-498107 size-1170_658\" src=\"https:\/\/cdn.salzburgerland.com\/de\/wp-content\/uploads\/2020\/09\/2020-02_dsc7079cut_print_rz-1170x658.jpg\" alt='Dominik Flammer \u2013 Buchautor \"Das kulinarische Erbe der Alpen\", Foodscout und Gr\u00fcnder des Culinarium Alpinum' width=\"1170\" height=\"658\" srcset=\"https:\/\/www.salzburgerland.com\/de\/wp-content\/uploads\/2020\/09\/2020-02_dsc7079cut_print_rz-1170x658.jpg 1170w, https:\/\/www.salzburgerland.com\/de\/wp-content\/uploads\/2020\/09\/2020-02_dsc7079cut_print_rz-1200x675.jpg 1200w\" sizes=\"(max-width: 1170px) 100vw, 1170px\"><p id=\"caption-attachment-498107\" class=\"wp-caption-text\">Foto: Timo Schwach<\/p><\/div>\n<blockquote><p>Der Alpenraum ist eine der vielseitigsten Kulturlandschaften Europas, auch in kulinarischer Hinsicht. Denn an dieser hohen, teils schroffen und felsigen H\u00fcrde, die Nord- und S\u00fcdeuropa trennt, sind viele Einfl\u00fcsse aus allen Himmelsrichtungen h\u00e4ngengeblieben. Hier hat sich \u00fcber die Jahrhunderte eine unglaubliche Vielfalt an Rezepten, Produkten, Tierrassen, Obstsorten oder Geb\u00e4cken entwickelt, die weltweit ihresgleichen sucht. Als Kulturraum verf\u00fcgen die Alpen \u00fcber eine fast un\u00fcberblickbare Zahl an regionalen K\u00fcchen, von denen sich jede von der anderen unterscheidet. Und dennoch weisen sie viele Parallelen auf: K\u00f6chinnen und K\u00f6che sowie Landwirte und B\u00e4uerinnen haben hier eine mit der Landschaft verbundene Vielfalt erfolgreich vorangetrieben, die kulinarisch nichts zu w\u00fcnschen \u00fcbrigl\u00e4sst. Es braucht deshalb nicht viel, um zu einer der weltweit f\u00fchrenden Destinationen f\u00fcr den Kulinariktourismus zu werden: es reicht, wenn die Alpenl\u00e4nder, ihre Regionen und ihre Genussproduzenten n\u00e4her zusammenr\u00fccken. Vor allem, wenn sie sich gegenseitig beweisen, dass es jede Region noch besser machen kann als die andere.<\/p><\/blockquote>\n<p>\u00a0<\/p>\n<h4><strong>Hanni R\u00fctzler<\/strong><br>\n\u00d6sterreichische Ern\u00e4hrungswissenschaftlerin und Food-Trendforscherin<\/h4>\n<div id=\"attachment_498109\" style=\"width: 1180px\" class=\"wp-caption aligncenter\"><img decoding=\"async\" aria-describedby=\"caption-attachment-498109\" class=\"size-1170_658 wp-image-498109\" src=\"https:\/\/cdn.salzburgerland.com\/de\/wp-content\/uploads\/2020\/09\/download-5_rz-1170x658.jpg\" alt=\"\" width=\"1170\" height=\"658\" srcset=\"https:\/\/www.salzburgerland.com\/de\/wp-content\/uploads\/2020\/09\/download-5_rz-1170x658.jpg 1170w, https:\/\/www.salzburgerland.com\/de\/wp-content\/uploads\/2020\/09\/download-5_rz-768x432.jpg 768w, https:\/\/www.salzburgerland.com\/de\/wp-content\/uploads\/2020\/09\/download-5_rz-1200x675.jpg 1200w, https:\/\/www.salzburgerland.com\/de\/wp-content\/uploads\/2020\/09\/download-5_rz.jpg 1366w\" sizes=\"(max-width: 1170px) 100vw, 1170px\"><p id=\"caption-attachment-498109\" class=\"wp-caption-text\">Foto: David Payr<\/p><\/div>\n<blockquote><p>Die Zeit in der wir leben zeigt uns, wie wertvoll die Arbeit der Erzeugerinnen und Hersteller ist, aber auch die der H\u00e4ndlerinnen, die die lokale Lebensmittelversorgung gew\u00e4hrleisten. Die Relevanz der heimischen Landwirtschaft steigt \u2013 diese neue Wertsch\u00e4tzung k\u00f6nnen wir nutzen, um auch die Vielfalt zu erh\u00f6hen: In der Gastronomie ebenso wie am heimischen Herd. Das bedeutet, nicht eine gr\u00f6\u00dfere Menge der gleichen Lebensmittel g\u00fcnstiger und in k\u00fcrzerer Zeit zu produzieren, sondern unterschiedliche Sorten von Obst und Gem\u00fcse und eine gr\u00f6\u00dfere Vielfalt an Getreiden anzubauen oder auch, nicht nur die ertragreichsten Rassen an Nutztieren zu halten. Es gilt, die biologische Vielfalt gerade auch in den alpinen Regionen zu erhalten und zu f\u00f6rdern. Agro-Biodiversit\u00e4t macht die Landwirtschaft resilienter und krisenfester. Vom Alpenvorland \u00fcber die Alpent\u00e4ler bis hin zu den W\u00e4ldern und alpinen H\u00f6henlagen bestehen verschiedene Vegetationszonen, deren typische Artenvielfalt die Basis f\u00fcr die kulinarischen Besonderheiten des Alpenraums ist, wie sie seit einigen Jahren von Top-K\u00f6chen aus \u00d6sterreich, Bayern, S\u00fcdtirol und der Schweiz \u2013 ob Andreas D\u00f6llerer, Alex Huber, Norbert Niederkofler oder Andreas Caminada \u2013 auf hohem Niveau zelebriert werden.<\/p><\/blockquote>\n<p>\u00a0<\/p>\n<h4><strong>Andreas D\u00f6llerer<\/strong><br>\nD\u00f6llerers Genusswelten, Gault&amp;Millau-Haubenkoch, Buchautor \u201eCuisine Alpine\u201c<\/h4>\n<p>\u00a0<\/p>\n<div id=\"attachment_498108\" style=\"width: 1180px\" class=\"wp-caption aligncenter\"><img decoding=\"async\" aria-describedby=\"caption-attachment-498108\" class=\"size-1170_658 wp-image-498108\" src=\"https:\/\/cdn.salzburgerland.com\/de\/wp-content\/uploads\/2020\/09\/andreas-dollerer_rz-1170x658.jpg\" alt=\"\" width=\"1170\" height=\"658\" srcset=\"https:\/\/www.salzburgerland.com\/de\/wp-content\/uploads\/2020\/09\/andreas-dollerer_rz-1170x658.jpg 1170w, https:\/\/www.salzburgerland.com\/de\/wp-content\/uploads\/2020\/09\/andreas-dollerer_rz-1200x675.jpg 1200w\" sizes=\"(max-width: 1170px) 100vw, 1170px\"><p id=\"caption-attachment-498108\" class=\"wp-caption-text\">Foto: D\u00f6llerer<\/p><\/div>\n<blockquote><p>Der Alpenraum und das Salzburger Land im Speziellen strotzen geradezu von au\u00dfergew\u00f6hnlichen Produkten, die von engagierten und leidenschaftlichen Produzenten hergestellt werden. Sehr viele von ihnen arbeiten nach biologischen Prinzipien und \u00fcbernehmen damit eine echte Vorbildfunktion: Der hohe Anteil an Biolandwirten macht unsere Heimat zu einer Vorreiterregion innerhalb Europas. Die Zusammenarbeit dieser Produzenten und Produzentinnen mit kreativen K\u00f6chinnen und K\u00f6chen, die sich aufs Beste darauf verstehen, diese Erzeugnisse zu veredeln und die traditionellen Gerichte zu pflegen, macht die Alpine K\u00fcche so einzigartig. Sie alle teilen die gemeinsame Liebe zu den heimischen Bergen mit ihren Almen und Seen, Weiden und W\u00e4ldern, zu den Tieren und Pflanzen. Die Einzigartigkeit der Alpinen K\u00fcche braucht es, um ihr \u2013 neben der jahrhundertelangen Tradition und ihrer aktuellen, dynamischen Entwicklung \u2013 eine noch gr\u00f6\u00dfere Sichtbarkeit und Zukunft zu geben. Packen wir das Projekt Alpine K\u00fcche gemeinsam an! Es ist der richtige Zeitpunkt daf\u00fcr.<\/p><\/blockquote>\n","protected":false},"excerpt":{"rendered":"<p>Prof. Dr. h. c. Eckart Witzigmann Jahrhundertkoch und Schirmherr der Via Culinaria Als ich vor \u00fcber vierzig Jahren erste Versuche unternahm, regionale Erzeuger in meiner n\u00e4chsten Umgebung ausfindig zu machen und deren Produkte in der Sternek\u00fcche zu etablieren, hat so mancher Gast die Nase ger\u00fcmpft. Zum Gl\u00fcck hat sich ein gro\u00dfer Wandel vollzogen: Regionale K\u00fcche [&hellip;]<\/p>\n","protected":false},"author":67,"featured_media":498110,"comment_status":"closed","ping_status":"closed","sticky":false,"template":"","format":"standard","meta":{"_acf_changed":false,"wl_entities_gutenberg":"","_relevanssi_hide_post":"","_relevanssi_hide_content":"","_relevanssi_pin_for_all":"","_relevanssi_pin_keywords":"","_relevanssi_unpin_keywords":"","_relevanssi_related_keywords":"","_relevanssi_related_include_ids":"","_relevanssi_related_exclude_ids":"","_relevanssi_related_no_append":"","_relevanssi_related_not_related":"","_relevanssi_related_posts":"","_relevanssi_noindex_reason":"","footnotes":""},"categories":[1],"tags":[],"wl_entity_type":[11495],"class_list":["post-496263","post","type-post","status-publish","format-standard","has-post-thumbnail","hentry","category-allgemein","wl_entity_type-article"],"acf":[],"yoast_head":"<!-- This site is optimized with the Yoast SEO Premium plugin v26.9 (Yoast SEO v26.9) - https:\/\/yoast.com\/product\/yoast-seo-premium-wordpress\/ -->\n<title>Starke Stimmen f\u00fcr die Alpine K\u00fcche \u00bb SalzburgerLand.com<\/title>\n<meta name=\"robots\" content=\"index, follow, max-snippet:-1, max-image-preview:large, max-video-preview:-1\" \/>\n<link rel=\"canonical\" href=\"https:\/\/www.salzburgerland.com\/de\/wp-json\/wp\/v2\/posts\/496263\" \/>\n<meta property=\"og:locale\" content=\"de_DE\" \/>\n<meta property=\"og:type\" content=\"article\" \/>\n<meta property=\"og:title\" content=\"Starke Stimmen f\u00fcr die Alpine K\u00fcche\" \/>\n<meta property=\"og:description\" content=\"Vom Jahrhundertkoch bis zur Food-Trendforscherin stehen alle hinter der QUINTESSENZ der Alpinen K\u00fcche.\" \/>\n<meta property=\"og:url\" content=\"https:\/\/www.salzburgerland.com\/de\/wp-json\/wp\/v2\/posts\/496263\" \/>\n<meta property=\"og:site_name\" content=\"SalzburgerLand.com\" \/>\n<meta property=\"article:publisher\" content=\"https:\/\/www.facebook.com\/salzburgerland\/\" \/>\n<meta property=\"article:published_time\" content=\"2020-09-30T10:00:04+00:00\" \/>\n<meta property=\"article:modified_time\" content=\"2020-10-01T10:05:14+00:00\" \/>\n<meta property=\"og:image\" content=\"https:\/\/www.salzburgerland.com\/de\/wp-content\/uploads\/2020\/09\/witzigmann_110517_2_effinger-13_rz-1200x675.jpg\" \/>\n\t<meta property=\"og:image:width\" content=\"1200\" \/>\n\t<meta property=\"og:image:height\" content=\"675\" \/>\n\t<meta property=\"og:image:type\" content=\"image\/jpeg\" \/>\n<meta name=\"author\" content=\"G\u00fcnter Baumgartner\" \/>\n<meta name=\"twitter:card\" content=\"summary_large_image\" \/>\n<meta name=\"twitter:creator\" content=\"@Salzburgerland\" \/>\n<meta name=\"twitter:site\" content=\"@Salzburgerland\" \/>\n<meta name=\"twitter:label1\" content=\"Verfasst von\" \/>\n\t<meta name=\"twitter:data1\" content=\"G\u00fcnter Baumgartner\" \/>\n\t<meta name=\"twitter:label2\" content=\"Gesch\u00e4tzte Lesezeit\" \/>\n\t<meta name=\"twitter:data2\" content=\"4\u00a0Minuten\" \/>\n<script type=\"application\/ld+json\" class=\"yoast-schema-graph\">{\"@context\":\"https:\/\/schema.org\",\"@graph\":[{\"@type\":\"WebPage\",\"@id\":\"https:\/\/www.salzburgerland.com\/de\/starke-stimmen-fuer-die-alpine-kueche-im-salzburgerland\/\",\"url\":\"https:\/\/www.salzburgerland.com\/de\/starke-stimmen-fuer-die-alpine-kueche-im-salzburgerland\/\",\"name\":\"Starke Stimmen f\u00fcr die Alpine K\u00fcche \u00bb SalzburgerLand.com\",\"isPartOf\":{\"@id\":\"https:\/\/www.salzburgerland.com\/de\/#website\"},\"primaryImageOfPage\":{\"@id\":\"https:\/\/www.salzburgerland.com\/de\/starke-stimmen-fuer-die-alpine-kueche-im-salzburgerland\/#primaryimage\"},\"image\":{\"@id\":\"https:\/\/www.salzburgerland.com\/de\/starke-stimmen-fuer-die-alpine-kueche-im-salzburgerland\/#primaryimage\"},\"thumbnailUrl\":\"https:\/\/www.salzburgerland.com\/de\/wp-content\/uploads\/2020\/09\/witzigmann_110517_2_effinger-13_rz.jpg\",\"datePublished\":\"2020-09-30T10:00:04+00:00\",\"dateModified\":\"2020-10-01T10:05:14+00:00\",\"description\":\"Vom Jahrhundertkoch bis zur Food-Trendforscherin stehen alle hinter der QUINTESSENZ der Alpinen K\u00fcche.\",\"breadcrumb\":{\"@id\":\"https:\/\/www.salzburgerland.com\/de\/starke-stimmen-fuer-die-alpine-kueche-im-salzburgerland\/#breadcrumb\"},\"inLanguage\":\"de\",\"potentialAction\":[{\"@type\":\"ReadAction\",\"target\":[\"https:\/\/www.salzburgerland.com\/de\/starke-stimmen-fuer-die-alpine-kueche-im-salzburgerland\/\"]}]},{\"@type\":\"ImageObject\",\"inLanguage\":\"de\",\"@id\":\"https:\/\/www.salzburgerland.com\/de\/starke-stimmen-fuer-die-alpine-kueche-im-salzburgerland\/#primaryimage\",\"url\":\"https:\/\/www.salzburgerland.com\/de\/wp-content\/uploads\/2020\/09\/witzigmann_110517_2_effinger-13_rz.jpg\",\"contentUrl\":\"https:\/\/www.salzburgerland.com\/de\/wp-content\/uploads\/2020\/09\/witzigmann_110517_2_effinger-13_rz.jpg\",\"width\":1920,\"height\":1280,\"caption\":\"Eckart Witzigmann\"},{\"@type\":\"BreadcrumbList\",\"@id\":\"https:\/\/www.salzburgerland.com\/de\/starke-stimmen-fuer-die-alpine-kueche-im-salzburgerland\/#breadcrumb\",\"itemListElement\":[{\"@type\":\"ListItem\",\"position\":1,\"name\":\"QUINTESSENZ\",\"item\":\"https:\/\/www.salzburgerland.com\/de\/quintessenz\/\"},{\"@type\":\"ListItem\",\"position\":2,\"name\":\"Starke Stimmen f\u00fcr die Alpine K\u00fcche\"}]},{\"@type\":\"WebSite\",\"@id\":\"https:\/\/www.salzburgerland.com\/de\/#website\",\"url\":\"https:\/\/www.salzburgerland.com\/de\/\",\"name\":\"SalzburgerLand.com\",\"description\":\"Ihr Urlaub in Salzburg, \u00d6sterreich\",\"publisher\":{\"@id\":\"https:\/\/www.salzburgerland.com\/de\/#organization\"},\"potentialAction\":[{\"@type\":\"SearchAction\",\"target\":{\"@type\":\"EntryPoint\",\"urlTemplate\":\"https:\/\/www.salzburgerland.com\/de\/?s={search_term_string}\"},\"query-input\":{\"@type\":\"PropertyValueSpecification\",\"valueRequired\":true,\"valueName\":\"search_term_string\"}}],\"inLanguage\":\"de\"},{\"@type\":\"Organization\",\"@id\":\"https:\/\/www.salzburgerland.com\/de\/#organization\",\"name\":\"SalzburgerLand Tourismus GmbH\",\"url\":\"https:\/\/www.salzburgerland.com\/de\/\",\"logo\":{\"@type\":\"ImageObject\",\"inLanguage\":\"de\",\"@id\":\"https:\/\/www.salzburgerland.com\/de\/#\/schema\/logo\/image\/\",\"url\":\"https:\/\/www.salzburgerland.com\/de\/wp-content\/uploads\/2017\/01\/salzburgerland-logo.jpg\",\"contentUrl\":\"https:\/\/www.salzburgerland.com\/de\/wp-content\/uploads\/2017\/01\/salzburgerland-logo.jpg\",\"width\":1920,\"height\":827,\"caption\":\"SalzburgerLand Tourismus GmbH\"},\"image\":{\"@id\":\"https:\/\/www.salzburgerland.com\/de\/#\/schema\/logo\/image\/\"},\"sameAs\":[\"https:\/\/www.facebook.com\/salzburgerland\/\",\"https:\/\/x.com\/Salzburgerland\",\"https:\/\/www.instagram.com\/salzburgerland\/\",\"http:\/\/dbpedia.org\/resource\/Salzburg_(state)\",\"http:\/\/wikidata.dbpedia.org\/resource\/Q43325\",\"http:\/\/open.salzburgerland.com\/de\/entity\/salzburgerland\",\"https:\/\/www.youtube.com\/user\/salzburgerland\"]},{\"@type\":\"Person\",\"@id\":\"https:\/\/www.salzburgerland.com\/de\/#\/schema\/person\/202fa69e766a95ce88b9c174c33cf9b7\",\"name\":\"G\u00fcnter Baumgartner\",\"image\":{\"@type\":\"ImageObject\",\"inLanguage\":\"de\",\"@id\":\"https:\/\/www.salzburgerland.com\/de\/#\/schema\/person\/image\/\",\"url\":\"https:\/\/secure.gravatar.com\/avatar\/46e8f74f35e1f1449410c59dc6ef7980d5bccacd006bd0f60416a5b5b522c5ff?s=96&d=mm&r=g\",\"contentUrl\":\"https:\/\/secure.gravatar.com\/avatar\/46e8f74f35e1f1449410c59dc6ef7980d5bccacd006bd0f60416a5b5b522c5ff?s=96&d=mm&r=g\",\"caption\":\"G\u00fcnter Baumgartner\"}}]}<\/script>\n<!-- \/ Yoast SEO Premium plugin. -->","yoast_head_json":{"title":"Starke Stimmen f\u00fcr die Alpine K\u00fcche \u00bb SalzburgerLand.com","robots":{"index":"index","follow":"follow","max-snippet":"max-snippet:-1","max-image-preview":"max-image-preview:large","max-video-preview":"max-video-preview:-1"},"canonical":"https:\/\/www.salzburgerland.com\/de\/wp-json\/wp\/v2\/posts\/496263","og_locale":"de_DE","og_type":"article","og_title":"Starke Stimmen f\u00fcr die Alpine K\u00fcche","og_description":"Vom Jahrhundertkoch bis zur Food-Trendforscherin stehen alle hinter der QUINTESSENZ der Alpinen K\u00fcche.","og_url":"https:\/\/www.salzburgerland.com\/de\/wp-json\/wp\/v2\/posts\/496263","og_site_name":"SalzburgerLand.com","article_publisher":"https:\/\/www.facebook.com\/salzburgerland\/","article_published_time":"2020-09-30T10:00:04+00:00","article_modified_time":"2020-10-01T10:05:14+00:00","og_image":[{"width":1200,"height":675,"url":"https:\/\/www.salzburgerland.com\/de\/wp-content\/uploads\/2020\/09\/witzigmann_110517_2_effinger-13_rz-1200x675.jpg","type":"image\/jpeg"}],"author":"G\u00fcnter Baumgartner","twitter_card":"summary_large_image","twitter_creator":"@Salzburgerland","twitter_site":"@Salzburgerland","twitter_misc":{"Verfasst von":"G\u00fcnter Baumgartner","Gesch\u00e4tzte Lesezeit":"4\u00a0Minuten"},"schema":{"@context":"https:\/\/schema.org","@graph":[{"@type":"WebPage","@id":"https:\/\/www.salzburgerland.com\/de\/starke-stimmen-fuer-die-alpine-kueche-im-salzburgerland\/","url":"https:\/\/www.salzburgerland.com\/de\/starke-stimmen-fuer-die-alpine-kueche-im-salzburgerland\/","name":"Starke Stimmen f\u00fcr die Alpine K\u00fcche \u00bb SalzburgerLand.com","isPartOf":{"@id":"https:\/\/www.salzburgerland.com\/de\/#website"},"primaryImageOfPage":{"@id":"https:\/\/www.salzburgerland.com\/de\/starke-stimmen-fuer-die-alpine-kueche-im-salzburgerland\/#primaryimage"},"image":{"@id":"https:\/\/www.salzburgerland.com\/de\/starke-stimmen-fuer-die-alpine-kueche-im-salzburgerland\/#primaryimage"},"thumbnailUrl":"https:\/\/www.salzburgerland.com\/de\/wp-content\/uploads\/2020\/09\/witzigmann_110517_2_effinger-13_rz.jpg","datePublished":"2020-09-30T10:00:04+00:00","dateModified":"2020-10-01T10:05:14+00:00","description":"Vom Jahrhundertkoch bis zur Food-Trendforscherin stehen alle hinter der QUINTESSENZ der Alpinen K\u00fcche.","breadcrumb":{"@id":"https:\/\/www.salzburgerland.com\/de\/starke-stimmen-fuer-die-alpine-kueche-im-salzburgerland\/#breadcrumb"},"inLanguage":"de","potentialAction":[{"@type":"ReadAction","target":["https:\/\/www.salzburgerland.com\/de\/starke-stimmen-fuer-die-alpine-kueche-im-salzburgerland\/"]}]},{"@type":"ImageObject","inLanguage":"de","@id":"https:\/\/www.salzburgerland.com\/de\/starke-stimmen-fuer-die-alpine-kueche-im-salzburgerland\/#primaryimage","url":"https:\/\/www.salzburgerland.com\/de\/wp-content\/uploads\/2020\/09\/witzigmann_110517_2_effinger-13_rz.jpg","contentUrl":"https:\/\/www.salzburgerland.com\/de\/wp-content\/uploads\/2020\/09\/witzigmann_110517_2_effinger-13_rz.jpg","width":1920,"height":1280,"caption":"Eckart Witzigmann"},{"@type":"BreadcrumbList","@id":"https:\/\/www.salzburgerland.com\/de\/starke-stimmen-fuer-die-alpine-kueche-im-salzburgerland\/#breadcrumb","itemListElement":[{"@type":"ListItem","position":1,"name":"QUINTESSENZ","item":"https:\/\/www.salzburgerland.com\/de\/quintessenz\/"},{"@type":"ListItem","position":2,"name":"Starke Stimmen f\u00fcr die Alpine K\u00fcche"}]},{"@type":"WebSite","@id":"https:\/\/www.salzburgerland.com\/de\/#website","url":"https:\/\/www.salzburgerland.com\/de\/","name":"SalzburgerLand.com","description":"Ihr Urlaub in Salzburg, \u00d6sterreich","publisher":{"@id":"https:\/\/www.salzburgerland.com\/de\/#organization"},"potentialAction":[{"@type":"SearchAction","target":{"@type":"EntryPoint","urlTemplate":"https:\/\/www.salzburgerland.com\/de\/?s={search_term_string}"},"query-input":{"@type":"PropertyValueSpecification","valueRequired":true,"valueName":"search_term_string"}}],"inLanguage":"de"},{"@type":"Organization","@id":"https:\/\/www.salzburgerland.com\/de\/#organization","name":"SalzburgerLand Tourismus GmbH","url":"https:\/\/www.salzburgerland.com\/de\/","logo":{"@type":"ImageObject","inLanguage":"de","@id":"https:\/\/www.salzburgerland.com\/de\/#\/schema\/logo\/image\/","url":"https:\/\/www.salzburgerland.com\/de\/wp-content\/uploads\/2017\/01\/salzburgerland-logo.jpg","contentUrl":"https:\/\/www.salzburgerland.com\/de\/wp-content\/uploads\/2017\/01\/salzburgerland-logo.jpg","width":1920,"height":827,"caption":"SalzburgerLand Tourismus GmbH"},"image":{"@id":"https:\/\/www.salzburgerland.com\/de\/#\/schema\/logo\/image\/"},"sameAs":["https:\/\/www.facebook.com\/salzburgerland\/","https:\/\/x.com\/Salzburgerland","https:\/\/www.instagram.com\/salzburgerland\/","http:\/\/dbpedia.org\/resource\/Salzburg_(state)","http:\/\/wikidata.dbpedia.org\/resource\/Q43325","http:\/\/open.salzburgerland.com\/de\/entity\/salzburgerland","https:\/\/www.youtube.com\/user\/salzburgerland"]},{"@type":"Person","@id":"https:\/\/www.salzburgerland.com\/de\/#\/schema\/person\/202fa69e766a95ce88b9c174c33cf9b7","name":"G\u00fcnter Baumgartner","image":{"@type":"ImageObject","inLanguage":"de","@id":"https:\/\/www.salzburgerland.com\/de\/#\/schema\/person\/image\/","url":"https:\/\/secure.gravatar.com\/avatar\/46e8f74f35e1f1449410c59dc6ef7980d5bccacd006bd0f60416a5b5b522c5ff?s=96&d=mm&r=g","contentUrl":"https:\/\/secure.gravatar.com\/avatar\/46e8f74f35e1f1449410c59dc6ef7980d5bccacd006bd0f60416a5b5b522c5ff?s=96&d=mm&r=g","caption":"G\u00fcnter Baumgartner"}}]}},"_wl_alt_label":[],"wl:entity_url":"http:\/\/open.salzburgerland.com\/de\/post\/starke_stimmen_fuer_die_alpine_kueche","_links":{"self":[{"href":"https:\/\/www.salzburgerland.com\/de\/wp-json\/wp\/v2\/posts\/496263","targetHints":{"allow":["GET"]}}],"collection":[{"href":"https:\/\/www.salzburgerland.com\/de\/wp-json\/wp\/v2\/posts"}],"about":[{"href":"https:\/\/www.salzburgerland.com\/de\/wp-json\/wp\/v2\/types\/post"}],"author":[{"embeddable":true,"href":"https:\/\/www.salzburgerland.com\/de\/wp-json\/wp\/v2\/users\/67"}],"replies":[{"embeddable":true,"href":"https:\/\/www.salzburgerland.com\/de\/wp-json\/wp\/v2\/comments?post=496263"}],"version-history":[{"count":0,"href":"https:\/\/www.salzburgerland.com\/de\/wp-json\/wp\/v2\/posts\/496263\/revisions"}],"wp:featuredmedia":[{"embeddable":true,"href":"https:\/\/www.salzburgerland.com\/de\/wp-json\/wp\/v2\/media\/498110"}],"wp:attachment":[{"href":"https:\/\/www.salzburgerland.com\/de\/wp-json\/wp\/v2\/media?parent=496263"}],"wp:term":[{"taxonomy":"category","embeddable":true,"href":"https:\/\/www.salzburgerland.com\/de\/wp-json\/wp\/v2\/categories?post=496263"},{"taxonomy":"post_tag","embeddable":true,"href":"https:\/\/www.salzburgerland.com\/de\/wp-json\/wp\/v2\/tags?post=496263"},{"taxonomy":"wl_entity_type","embeddable":true,"href":"https:\/\/www.salzburgerland.com\/de\/wp-json\/wp\/v2\/wl_entity_type?post=496263"}],"curies":[{"name":"wp","href":"https:\/\/api.w.org\/{rel}","templated":true}]}}