{"id":352021,"date":"2019-03-01T12:00:43","date_gmt":"2019-03-01T11:00:43","guid":{"rendered":"https:\/\/www.salzburgerland.com\/de\/?p=352021"},"modified":"2019-05-22T11:33:19","modified_gmt":"2019-05-22T09:33:19","slug":"der-wald-salzburg-gruener-schatz","status":"publish","type":"post","link":"https:\/\/www.salzburgerland.com\/de\/der-wald-salzburg-gruener-schatz\/","title":{"rendered":"Der Wald &#8211; Salzburgs gr\u00fcner Schatz!"},"content":{"rendered":"<p>Marcel Hirscher hat beinahe alle Rekorde gebrochen, die in den letzten Jahrzehnten im alpinen Skisport aufgestellt wurden. 14 kleine Kristallkugeln hat er aktuell und bereits acht Mal in Folge \u00fcberlegen den Gesamt-Weltcup f\u00fcr sich entschieden. Ein Weltrekord, der keinem anderen Athleten bislang auch nur ann\u00e4hernd gelungen ist. Der Salzburger ist zweifacher Olympia-Sieger und siebenfacher Weltmeister. Es sind Triumpfe, die f\u00fcr sich stehen und in dieser Form vielleicht nie mehr wiederholt werden k\u00f6nnen. Doch was macht Marcel Hirscher, diesen Ausnahmeathleten aus dem SalzburgerLand, so unschlagbar? Es gibt viele Gr\u00fcnde, einer aber ist mit Sicherheit seine Heimat. Seine Wurzeln, das bescheidene Aufwachsen und die N\u00e4he zur Natur haben den weltbesten Skifahrer nachhaltig gepr\u00e4gt und ihm buchst\u00e4blich Fl\u00fcgeln verliehen.<\/p>\n<h2>Ein Ausnahmeathlet, wie es ihn noch nie gab<\/h2>\n<p>\u201eLatschenh\u00fcpfen, auf K\u00fchen reiten und mit dem Bob \u00fcber sommerliche Almwiesen brettern\u201c, so beschreibt Marcel Hirscher gerne seine Kindheit, die von Bescheidenheit und Bodenst\u00e4ndigkeit gepr\u00e4gt war. \u201eVierzehn Jahre lang waren meine Eltern P\u00e4chter der Stuhlalm in Annaberg. F\u00fcr meinen Bruder Leon und mich war das nat\u00fcrlich eine coole Sache. W\u00e4hrend alle anderen im Tal waren, wohnten wir den ganzen Sommer auf der Alm: Ohne Strom und andere Annehmlichkeiten. Da oben herrschten ganz andere Regeln: Meine Eltern waren sehr gelassen.\u201c Noch heute zieht es den Spitzensportler regelm\u00e4\u00dfig raus in die Natur, am liebsten mit Ehefrau Laura, dem gemeinsamen Sohn und den Hunden. Seine Heimat \u2013 das Lammertal in der Genuss und Erlebnis Region Tennengau \u2013 hat der 30-J\u00e4hrige nie f\u00fcr l\u00e4ngere Zeit verlassen: Hier sind seine Wurzeln. Die Natur ist sein liebster Erholungsraum, aber auch sein Sparring-Partner im Training.<\/p>\n<h2>W\u00e4lder, Wasser und Almen: So lebt Marcel Hirscher<\/h2>\n<p>Im Sommer liebt Marcel Hirscher die Abwechslung, die ihm seine Heimat bietet: Allen voran den Wassersport und das Kajaken auf der Lammer, die direkt durch seinen Heimatort flie\u00dft. Eine echte Besonderheit stellt die <a href=\"https:\/\/www.tennengau.com\/de\/dein-tennengau\/die-orte\/scheffau\/lammerklamm\" target=\"_blank\" rel=\"noopener\">Lammerklamm<\/a> dar, die Wassersportlern alles abverlangt: Die ehemaligen Triftsteige, die durch die enge, felsige Schlucht f\u00fchren, sind heute ein spektakul\u00e4res Ausflugsziel und k\u00f6nnen v\u00f6llig ungef\u00e4hrlich erwandert werden. Zu fr\u00fcheren Zeiten wurde die Lammer als Transportweg f\u00fcr Baumst\u00e4mme genutzt. Diese wurden gef\u00e4llt, zu Wasser gelassen und trieben auf der Lammer, ab Golling dann auf der Salzach, bis nach Hallein. Dort gab es einen gro\u00dfen Holzrechen, wo die Baumst\u00e4mme wieder an Land gezogen wurden und in der ehemaligen Salinenstadt zur Befeuerung der Sudpfannen und zur Salzgewinnung Verwendung fanden. Die Lammerklamm bei Scheffau am Tennengebirge stellte auf diesem Transportweg ein heikles Nadel\u00f6hr dar, in dem sich die Baumst\u00e4mme verkeilen konnten. Also wurden die Triftsteige in die Felsen geschlagen, damit Holzknechte mit langen Stangen die verkanteten Baumst\u00e4mme wieder l\u00f6sen konnten: Ein gef\u00e4hrliches Unterfangen! Heute ist die Lammerklamm ein erfrischender Sommerspa\u00df f\u00fcr die ganze Familie und eine echte Herausforderung f\u00fcr Wassersportler.<\/p>\n<div id=\"attachment_116651\" style=\"width: 1180px\" class=\"wp-caption alignnone\"><img decoding=\"async\" aria-describedby=\"caption-attachment-116651\" class=\"size-1170_658 wp-image-116651\" src=\"https:\/\/cdn.salzburgerland.com\/de\/wp-content\/uploads\/2017\/02\/lammerklamm-tvb-scheffau-1170x658.jpg\" alt=\"\" width=\"1170\" height=\"658\"><p id=\"caption-attachment-116651\" class=\"wp-caption-text\">@TVB Scheffau \u2013 Die Lammerklamm<\/p><\/div>\n<h2>Der Wald, ein sehr pers\u00f6nlicher Ort der Entschleunigung<\/h2>\n<p>Drau\u00dfen in der Natur und an der frischen Luft zu sein, ist wichtiger Bestandteil in Marcel Hirschers Freizeit: Er liebt das Wandern und Bergsteigen im Sommer, Motocross und das Training in einem selbst angelegten Parcours, der aus Naturelementen besteht und mitten im Natur- und Lebensraum\u00a0Wald liegt.<\/p>\n<p>Auch die Arbeit im Wald ist ihm nicht fremd. Ganz im Gegenteil: Sein Vater Ferdinand hat in jungen Jahren als Holzf\u00e4ller in der Schweiz gearbeitet. Marcel Hirscher selbst kennt sich mit Wald und Holz gut aus und sch\u00e4tzt sehr, wie gepflegt Salzburgs W\u00e4lder sind. F\u00fcr ihn sind sie ein sehr pers\u00f6nlicher Ort, an dem er seine Freizeit verbringen, Sport treiben und entschleunigen kann.<\/p>\n<p>Welch ein Gl\u00fcck, dass der n\u00e4chste Wald sowohl im Tennengau als auch im SalzburgerLand niemals weit ist: Mehr als die H\u00e4lfte der Landesfl\u00e4che ist von Wald bedeckt. Und so f\u00fchrt eine Wanderung auf die Stuhlalm immer wieder durch wunderbare Waldabschnitte: Marcel Hirscher ist auf der Almh\u00fctte \u2013 trotz neuer P\u00e4chter \u2013 ein \u00fcberaus gern gesehener Gast. Eine Besonderheit in Marcel Hirschers Heimat ist au\u00dferdem der \u201e<a href=\"https:\/\/www.tennengau.com\/magazin\/baumriesen-im-lammertaler-urwald-in-st-martin-am-tennengebirge\/\" target=\"_blank\" rel=\"noopener\">Lammertaler Urwald<\/a>\u201c in Lung\u00f6tz: Hier wachsen die h\u00f6chsten B\u00e4ume \u00d6sterreichs, Ausgangspunkt der Wanderung ist die idyllisch gelegene <a href=\"https:\/\/www.spiessalm.at\/\" target=\"_blank\" rel=\"noopener\">Spie\u00dfalm<\/a>, eine Tennengauer K\u00e4sealm in St. Martin am Tennengebirge.<\/p>\n<img decoding=\"async\" class=\"alignnone size-1170_658 wp-image-352023\" src=\"https:\/\/cdn.salzburgerland.com\/de\/wp-content\/uploads\/2019\/03\/vlcsnap-2019-03-01-10h44m05s615-1170x658.png\" alt=\"\" width=\"1170\" height=\"658\" srcset=\"https:\/\/www.salzburgerland.com\/de\/wp-content\/uploads\/2019\/03\/vlcsnap-2019-03-01-10h44m05s615-1170x658.png 1170w, https:\/\/www.salzburgerland.com\/de\/wp-content\/uploads\/2019\/03\/vlcsnap-2019-03-01-10h44m05s615-768x432.png 768w, https:\/\/www.salzburgerland.com\/de\/wp-content\/uploads\/2019\/03\/vlcsnap-2019-03-01-10h44m05s615-1200x675.png 1200w, https:\/\/www.salzburgerland.com\/de\/wp-content\/uploads\/2019\/03\/vlcsnap-2019-03-01-10h44m05s615.png 1920w\" sizes=\"(max-width: 1170px) 100vw, 1170px\">\n<p>\u00a0<\/p>\n","protected":false},"excerpt":{"rendered":"<p>Marcel Hirscher hat beinahe alle Rekorde gebrochen, die in den letzten Jahrzehnten im alpinen Skisport aufgestellt wurden. 14 kleine Kristallkugeln hat er aktuell und bereits acht Mal in Folge \u00fcberlegen den Gesamt-Weltcup f\u00fcr sich entschieden. Ein Weltrekord, der keinem anderen Athleten bislang auch nur ann\u00e4hernd gelungen ist. Der Salzburger ist zweifacher Olympia-Sieger und siebenfacher Weltmeister. [&hellip;]<\/p>\n","protected":false},"author":17,"featured_media":352022,"comment_status":"closed","ping_status":"closed","sticky":false,"template":"","format":"standard","meta":{"_acf_changed":false,"wl_entities_gutenberg":"","_relevanssi_hide_post":"","_relevanssi_hide_content":"","_relevanssi_pin_for_all":"","_relevanssi_pin_keywords":"","_relevanssi_unpin_keywords":"","_relevanssi_related_keywords":"","_relevanssi_related_include_ids":"","_relevanssi_related_exclude_ids":"","_relevanssi_related_no_append":"","_relevanssi_related_not_related":"","_relevanssi_related_posts":"","_relevanssi_noindex_reason":"","footnotes":""},"categories":[1],"tags":[],"wl_entity_type":[11495],"class_list":["post-352021","post","type-post","status-publish","format-standard","has-post-thumbnail","hentry","category-allgemein","wl_entity_type-article"],"acf":[],"yoast_head":"<!-- This site is optimized with the Yoast SEO Premium plugin v26.9 (Yoast SEO v26.9) - https:\/\/yoast.com\/product\/yoast-seo-premium-wordpress\/ -->\n<title>Wald - Salzburgers gr\u00fcner Schatz \u00bb SalzburgerLand.com<\/title>\n<meta name=\"description\" content=\"Der Wald ist f\u00fcr den weltbesten Skifahrer, Marcel Hirscher ein ganz pers\u00f6nlicher Ort der Entschleunigung und der Entspannung.\" \/>\n<meta name=\"robots\" content=\"index, follow, max-snippet:-1, max-image-preview:large, max-video-preview:-1\" \/>\n<link rel=\"canonical\" href=\"https:\/\/www.salzburgerland.com\/de\/wp-json\/wp\/v2\/posts\/352021\" \/>\n<meta property=\"og:locale\" content=\"de_DE\" \/>\n<meta property=\"og:type\" content=\"article\" \/>\n<meta property=\"og:title\" content=\"Der Wald - Salzburgs gr\u00fcner Schatz!\" \/>\n<meta property=\"og:description\" content=\"Der Wald ist f\u00fcr den weltbesten Skifahrer, Marcel Hirscher ein ganz pers\u00f6nlicher Ort der Entschleunigung und der Entspannung.\" \/>\n<meta property=\"og:url\" content=\"https:\/\/www.salzburgerland.com\/de\/wp-json\/wp\/v2\/posts\/352021\" \/>\n<meta property=\"og:site_name\" content=\"SalzburgerLand.com\" \/>\n<meta property=\"article:publisher\" content=\"https:\/\/www.facebook.com\/salzburgerland\/\" \/>\n<meta property=\"article:published_time\" content=\"2019-03-01T11:00:43+00:00\" \/>\n<meta property=\"article:modified_time\" content=\"2019-05-22T09:33:19+00:00\" \/>\n<meta property=\"og:image\" content=\"https:\/\/www.salzburgerland.com\/de\/wp-content\/uploads\/2019\/03\/hirscher20180704035-1200x675.jpg\" \/>\n\t<meta property=\"og:image:width\" content=\"1200\" \/>\n\t<meta property=\"og:image:height\" content=\"675\" \/>\n\t<meta property=\"og:image:type\" content=\"image\/jpeg\" \/>\n<meta name=\"author\" content=\"Ulli Hammerl\" \/>\n<meta name=\"twitter:card\" content=\"summary_large_image\" \/>\n<meta name=\"twitter:creator\" content=\"@Salzburgerland\" \/>\n<meta name=\"twitter:site\" content=\"@Salzburgerland\" \/>\n<meta name=\"twitter:label1\" content=\"Verfasst von\" \/>\n\t<meta name=\"twitter:data1\" content=\"Ulli Hammerl\" \/>\n\t<meta name=\"twitter:label2\" content=\"Gesch\u00e4tzte Lesezeit\" \/>\n\t<meta name=\"twitter:data2\" content=\"4\u00a0Minuten\" \/>\n<script type=\"application\/ld+json\" class=\"yoast-schema-graph\">{\"@context\":\"https:\/\/schema.org\",\"@graph\":[{\"@type\":\"WebPage\",\"@id\":\"https:\/\/www.salzburgerland.com\/de\/der-wald-salzburg-gruener-schatz\/\",\"url\":\"https:\/\/www.salzburgerland.com\/de\/der-wald-salzburg-gruener-schatz\/\",\"name\":\"Wald - Salzburgers gr\u00fcner Schatz \u00bb SalzburgerLand.com\",\"isPartOf\":{\"@id\":\"https:\/\/www.salzburgerland.com\/de\/#website\"},\"primaryImageOfPage\":{\"@id\":\"https:\/\/www.salzburgerland.com\/de\/der-wald-salzburg-gruener-schatz\/#primaryimage\"},\"image\":{\"@id\":\"https:\/\/www.salzburgerland.com\/de\/der-wald-salzburg-gruener-schatz\/#primaryimage\"},\"thumbnailUrl\":\"https:\/\/www.salzburgerland.com\/de\/wp-content\/uploads\/2019\/03\/hirscher20180704035.jpg\",\"datePublished\":\"2019-03-01T11:00:43+00:00\",\"dateModified\":\"2019-05-22T09:33:19+00:00\",\"description\":\"Der Wald ist f\u00fcr den weltbesten Skifahrer, Marcel Hirscher ein ganz pers\u00f6nlicher Ort der Entschleunigung und der Entspannung.\",\"breadcrumb\":{\"@id\":\"https:\/\/www.salzburgerland.com\/de\/der-wald-salzburg-gruener-schatz\/#breadcrumb\"},\"inLanguage\":\"de\",\"potentialAction\":[{\"@type\":\"ReadAction\",\"target\":[\"https:\/\/www.salzburgerland.com\/de\/der-wald-salzburg-gruener-schatz\/\"]}]},{\"@type\":\"ImageObject\",\"inLanguage\":\"de\",\"@id\":\"https:\/\/www.salzburgerland.com\/de\/der-wald-salzburg-gruener-schatz\/#primaryimage\",\"url\":\"https:\/\/www.salzburgerland.com\/de\/wp-content\/uploads\/2019\/03\/hirscher20180704035.jpg\",\"contentUrl\":\"https:\/\/www.salzburgerland.com\/de\/wp-content\/uploads\/2019\/03\/hirscher20180704035.jpg\",\"width\":1920,\"height\":1280,\"caption\":\"\u00a9 SalzburgerLand Tourismus, Marcel Hirscher\"},{\"@type\":\"BreadcrumbList\",\"@id\":\"https:\/\/www.salzburgerland.com\/de\/der-wald-salzburg-gruener-schatz\/#breadcrumb\",\"itemListElement\":[{\"@type\":\"ListItem\",\"position\":1,\"name\":\"Natur- und Lebensraum Wald\",\"item\":\"https:\/\/www.salzburgerland.com\/de\/naturraum-wald\/\"},{\"@type\":\"ListItem\",\"position\":2,\"name\":\"Der Wald &#8211; Salzburgs gr\u00fcner Schatz!\"}]},{\"@type\":\"WebSite\",\"@id\":\"https:\/\/www.salzburgerland.com\/de\/#website\",\"url\":\"https:\/\/www.salzburgerland.com\/de\/\",\"name\":\"SalzburgerLand.com\",\"description\":\"Ihr Urlaub in Salzburg, \u00d6sterreich\",\"publisher\":{\"@id\":\"https:\/\/www.salzburgerland.com\/de\/#organization\"},\"potentialAction\":[{\"@type\":\"SearchAction\",\"target\":{\"@type\":\"EntryPoint\",\"urlTemplate\":\"https:\/\/www.salzburgerland.com\/de\/?s={search_term_string}\"},\"query-input\":{\"@type\":\"PropertyValueSpecification\",\"valueRequired\":true,\"valueName\":\"search_term_string\"}}],\"inLanguage\":\"de\"},{\"@type\":\"Organization\",\"@id\":\"https:\/\/www.salzburgerland.com\/de\/#organization\",\"name\":\"SalzburgerLand Tourismus GmbH\",\"url\":\"https:\/\/www.salzburgerland.com\/de\/\",\"logo\":{\"@type\":\"ImageObject\",\"inLanguage\":\"de\",\"@id\":\"https:\/\/www.salzburgerland.com\/de\/#\/schema\/logo\/image\/\",\"url\":\"https:\/\/www.salzburgerland.com\/de\/wp-content\/uploads\/2017\/01\/salzburgerland-logo.jpg\",\"contentUrl\":\"https:\/\/www.salzburgerland.com\/de\/wp-content\/uploads\/2017\/01\/salzburgerland-logo.jpg\",\"width\":1920,\"height\":827,\"caption\":\"SalzburgerLand Tourismus GmbH\"},\"image\":{\"@id\":\"https:\/\/www.salzburgerland.com\/de\/#\/schema\/logo\/image\/\"},\"sameAs\":[\"https:\/\/www.facebook.com\/salzburgerland\/\",\"https:\/\/x.com\/Salzburgerland\",\"https:\/\/www.instagram.com\/salzburgerland\/\",\"http:\/\/dbpedia.org\/resource\/Salzburg_(state)\",\"http:\/\/wikidata.dbpedia.org\/resource\/Q43325\",\"http:\/\/open.salzburgerland.com\/de\/entity\/salzburgerland\",\"https:\/\/www.youtube.com\/user\/salzburgerland\"]},{\"@type\":\"Person\",\"@id\":\"https:\/\/www.salzburgerland.com\/de\/#\/schema\/person\/43ce9aa621bd7728940e04ed11ce9b6e\",\"name\":\"Ulli Hammerl\",\"image\":{\"@type\":\"ImageObject\",\"inLanguage\":\"de\",\"@id\":\"https:\/\/www.salzburgerland.com\/de\/#\/schema\/person\/image\/\",\"url\":\"https:\/\/secure.gravatar.com\/avatar\/35c80e0404a213597afdb17e84ea42a986fe814f3f881bb75d00261a3ff7aefd?s=96&d=mm&r=g\",\"contentUrl\":\"https:\/\/secure.gravatar.com\/avatar\/35c80e0404a213597afdb17e84ea42a986fe814f3f881bb75d00261a3ff7aefd?s=96&d=mm&r=g\",\"caption\":\"Ulli Hammerl\"}}]}<\/script>\n<!-- \/ Yoast SEO Premium plugin. -->","yoast_head_json":{"title":"Wald - Salzburgers gr\u00fcner Schatz \u00bb SalzburgerLand.com","description":"Der Wald ist f\u00fcr den weltbesten Skifahrer, Marcel Hirscher ein ganz pers\u00f6nlicher Ort der Entschleunigung und der Entspannung.","robots":{"index":"index","follow":"follow","max-snippet":"max-snippet:-1","max-image-preview":"max-image-preview:large","max-video-preview":"max-video-preview:-1"},"canonical":"https:\/\/www.salzburgerland.com\/de\/wp-json\/wp\/v2\/posts\/352021","og_locale":"de_DE","og_type":"article","og_title":"Der Wald - Salzburgs gr\u00fcner Schatz!","og_description":"Der Wald ist f\u00fcr den weltbesten Skifahrer, Marcel Hirscher ein ganz pers\u00f6nlicher Ort der Entschleunigung und der Entspannung.","og_url":"https:\/\/www.salzburgerland.com\/de\/wp-json\/wp\/v2\/posts\/352021","og_site_name":"SalzburgerLand.com","article_publisher":"https:\/\/www.facebook.com\/salzburgerland\/","article_published_time":"2019-03-01T11:00:43+00:00","article_modified_time":"2019-05-22T09:33:19+00:00","og_image":[{"width":1200,"height":675,"url":"https:\/\/www.salzburgerland.com\/de\/wp-content\/uploads\/2019\/03\/hirscher20180704035-1200x675.jpg","type":"image\/jpeg"}],"author":"Ulli Hammerl","twitter_card":"summary_large_image","twitter_creator":"@Salzburgerland","twitter_site":"@Salzburgerland","twitter_misc":{"Verfasst von":"Ulli Hammerl","Gesch\u00e4tzte Lesezeit":"4\u00a0Minuten"},"schema":{"@context":"https:\/\/schema.org","@graph":[{"@type":"WebPage","@id":"https:\/\/www.salzburgerland.com\/de\/der-wald-salzburg-gruener-schatz\/","url":"https:\/\/www.salzburgerland.com\/de\/der-wald-salzburg-gruener-schatz\/","name":"Wald - Salzburgers gr\u00fcner Schatz \u00bb SalzburgerLand.com","isPartOf":{"@id":"https:\/\/www.salzburgerland.com\/de\/#website"},"primaryImageOfPage":{"@id":"https:\/\/www.salzburgerland.com\/de\/der-wald-salzburg-gruener-schatz\/#primaryimage"},"image":{"@id":"https:\/\/www.salzburgerland.com\/de\/der-wald-salzburg-gruener-schatz\/#primaryimage"},"thumbnailUrl":"https:\/\/www.salzburgerland.com\/de\/wp-content\/uploads\/2019\/03\/hirscher20180704035.jpg","datePublished":"2019-03-01T11:00:43+00:00","dateModified":"2019-05-22T09:33:19+00:00","description":"Der Wald ist f\u00fcr den weltbesten Skifahrer, Marcel Hirscher ein ganz pers\u00f6nlicher Ort der Entschleunigung und der Entspannung.","breadcrumb":{"@id":"https:\/\/www.salzburgerland.com\/de\/der-wald-salzburg-gruener-schatz\/#breadcrumb"},"inLanguage":"de","potentialAction":[{"@type":"ReadAction","target":["https:\/\/www.salzburgerland.com\/de\/der-wald-salzburg-gruener-schatz\/"]}]},{"@type":"ImageObject","inLanguage":"de","@id":"https:\/\/www.salzburgerland.com\/de\/der-wald-salzburg-gruener-schatz\/#primaryimage","url":"https:\/\/www.salzburgerland.com\/de\/wp-content\/uploads\/2019\/03\/hirscher20180704035.jpg","contentUrl":"https:\/\/www.salzburgerland.com\/de\/wp-content\/uploads\/2019\/03\/hirscher20180704035.jpg","width":1920,"height":1280,"caption":"\u00a9 SalzburgerLand Tourismus, Marcel Hirscher"},{"@type":"BreadcrumbList","@id":"https:\/\/www.salzburgerland.com\/de\/der-wald-salzburg-gruener-schatz\/#breadcrumb","itemListElement":[{"@type":"ListItem","position":1,"name":"Natur- und Lebensraum Wald","item":"https:\/\/www.salzburgerland.com\/de\/naturraum-wald\/"},{"@type":"ListItem","position":2,"name":"Der Wald &#8211; Salzburgs gr\u00fcner Schatz!"}]},{"@type":"WebSite","@id":"https:\/\/www.salzburgerland.com\/de\/#website","url":"https:\/\/www.salzburgerland.com\/de\/","name":"SalzburgerLand.com","description":"Ihr Urlaub in Salzburg, \u00d6sterreich","publisher":{"@id":"https:\/\/www.salzburgerland.com\/de\/#organization"},"potentialAction":[{"@type":"SearchAction","target":{"@type":"EntryPoint","urlTemplate":"https:\/\/www.salzburgerland.com\/de\/?s={search_term_string}"},"query-input":{"@type":"PropertyValueSpecification","valueRequired":true,"valueName":"search_term_string"}}],"inLanguage":"de"},{"@type":"Organization","@id":"https:\/\/www.salzburgerland.com\/de\/#organization","name":"SalzburgerLand Tourismus GmbH","url":"https:\/\/www.salzburgerland.com\/de\/","logo":{"@type":"ImageObject","inLanguage":"de","@id":"https:\/\/www.salzburgerland.com\/de\/#\/schema\/logo\/image\/","url":"https:\/\/www.salzburgerland.com\/de\/wp-content\/uploads\/2017\/01\/salzburgerland-logo.jpg","contentUrl":"https:\/\/www.salzburgerland.com\/de\/wp-content\/uploads\/2017\/01\/salzburgerland-logo.jpg","width":1920,"height":827,"caption":"SalzburgerLand Tourismus GmbH"},"image":{"@id":"https:\/\/www.salzburgerland.com\/de\/#\/schema\/logo\/image\/"},"sameAs":["https:\/\/www.facebook.com\/salzburgerland\/","https:\/\/x.com\/Salzburgerland","https:\/\/www.instagram.com\/salzburgerland\/","http:\/\/dbpedia.org\/resource\/Salzburg_(state)","http:\/\/wikidata.dbpedia.org\/resource\/Q43325","http:\/\/open.salzburgerland.com\/de\/entity\/salzburgerland","https:\/\/www.youtube.com\/user\/salzburgerland"]},{"@type":"Person","@id":"https:\/\/www.salzburgerland.com\/de\/#\/schema\/person\/43ce9aa621bd7728940e04ed11ce9b6e","name":"Ulli Hammerl","image":{"@type":"ImageObject","inLanguage":"de","@id":"https:\/\/www.salzburgerland.com\/de\/#\/schema\/person\/image\/","url":"https:\/\/secure.gravatar.com\/avatar\/35c80e0404a213597afdb17e84ea42a986fe814f3f881bb75d00261a3ff7aefd?s=96&d=mm&r=g","contentUrl":"https:\/\/secure.gravatar.com\/avatar\/35c80e0404a213597afdb17e84ea42a986fe814f3f881bb75d00261a3ff7aefd?s=96&d=mm&r=g","caption":"Ulli Hammerl"}}]}},"_wl_alt_label":[],"wl:entity_url":"http:\/\/open.salzburgerland.com\/de\/post\/der_wald_-_salzburg_gruener_schatz","_links":{"self":[{"href":"https:\/\/www.salzburgerland.com\/de\/wp-json\/wp\/v2\/posts\/352021","targetHints":{"allow":["GET"]}}],"collection":[{"href":"https:\/\/www.salzburgerland.com\/de\/wp-json\/wp\/v2\/posts"}],"about":[{"href":"https:\/\/www.salzburgerland.com\/de\/wp-json\/wp\/v2\/types\/post"}],"author":[{"embeddable":true,"href":"https:\/\/www.salzburgerland.com\/de\/wp-json\/wp\/v2\/users\/17"}],"replies":[{"embeddable":true,"href":"https:\/\/www.salzburgerland.com\/de\/wp-json\/wp\/v2\/comments?post=352021"}],"version-history":[{"count":0,"href":"https:\/\/www.salzburgerland.com\/de\/wp-json\/wp\/v2\/posts\/352021\/revisions"}],"wp:featuredmedia":[{"embeddable":true,"href":"https:\/\/www.salzburgerland.com\/de\/wp-json\/wp\/v2\/media\/352022"}],"wp:attachment":[{"href":"https:\/\/www.salzburgerland.com\/de\/wp-json\/wp\/v2\/media?parent=352021"}],"wp:term":[{"taxonomy":"category","embeddable":true,"href":"https:\/\/www.salzburgerland.com\/de\/wp-json\/wp\/v2\/categories?post=352021"},{"taxonomy":"post_tag","embeddable":true,"href":"https:\/\/www.salzburgerland.com\/de\/wp-json\/wp\/v2\/tags?post=352021"},{"taxonomy":"wl_entity_type","embeddable":true,"href":"https:\/\/www.salzburgerland.com\/de\/wp-json\/wp\/v2\/wl_entity_type?post=352021"}],"curies":[{"name":"wp","href":"https:\/\/api.w.org\/{rel}","templated":true}]}}