{"id":351618,"date":"2019-02-28T12:40:18","date_gmt":"2019-02-28T11:40:18","guid":{"rendered":"https:\/\/www.salzburgerland.com\/de\/?p=351618"},"modified":"2019-05-16T12:50:22","modified_gmt":"2019-05-16T10:50:22","slug":"auf-den-spuren-des-waldfluesterers","status":"publish","type":"post","link":"https:\/\/www.salzburgerland.com\/de\/auf-den-spuren-des-waldfluesterers\/","title":{"rendered":"Auf den Spuren des Waldfl\u00fcsterers"},"content":{"rendered":"<p>Schritt f\u00fcr Schritt geht es tiefer in den Wald. \u00dcber mir schlie\u00dft sich das Dach aus Bl\u00e4ttern, \u00c4sten und Nadeln und h\u00fcllt mich in sanft-gr\u00fcnes Licht. Eine kleine Familie Fliegenpilze \u2013 Vater, Mutter, Kind \u2013 sprie\u00dft possierlich aus dem Moos, irgendwo in der Ferne knackt ein Zweig. Ein scheues Reh oder ein \u00fcbermutiger Gamsbock vielleicht. Ich halte inne und schaue mich um: Obwohl mir alles fremd ist, \u00fcberkommt mich ein Gef\u00fchl von Vertrautheit. Zu meiner Rechten sprudelt ein Gebirgsbach, Farne wiegen sich in einem mir unbekannten Takt. Im Gegenlicht schweben Spinnweben zwischen den uralten St\u00e4mmen und verleihen dem Wald einen Hauch von Mystik und Magie. W\u00e4re es nicht so kitschig, w\u00e4re der Vergleich mit Rotk\u00e4ppchens M\u00e4rchenwald passend.<\/p>\n<h2>Unterwegs auf uralten Pfaden<\/h2>\n<p>Der Weg f\u00fchrt vom Ort H\u00fcttschlag, der bereits zum Nationalpark Hohe Tauern geh\u00f6rt, hinauf zum Naturjuwel Schodersee: eine uralte Viehtriebgasse und ein ebenso alter Wallfahrtsweg nach Maria Luschari im Friaul. Tausende von Menschen sind diesen Weg vor mir gegangen. Haben gesehen, was ich sehe. Haben geh\u00f6rt, was ich h\u00f6re. Unz\u00e4hlige Male ist diesen Weg ein Mann gegangen, der mehr sieht und h\u00f6rt als die meisten von uns. Walter Mooslechner hat mich mitgenommen in den Wald. Um mir zu zeigen, worin dessen Faszination liegt. Und warum er davon niemals genug bekommen kann. Auch nicht nach vielen Jahrzehnten. Walter Mooslechner war F\u00f6rster und der Wald sein Arbeitsplatz. Auch seit er im Ruhestand ist, kehrt er t\u00e4glich dorthin zur\u00fcck.<\/p>\n<p>Vor einer Stunde sa\u00dfen wir noch in der K\u00fcche seines neu gebauten Holzhauses in Gro\u00dfarl. Ich bl\u00e4tterte Walter Mooslechners selbst verfasste B\u00fccher und seine private Fotosammlung durch: B\u00e4ume \u00fcber B\u00e4ume, Holz \u00fcberall. \u201eJeder Tag, den ich nicht im Wald verbringe, ist f\u00fcr mich ein unerf\u00fcllter Tag\u201c, erkl\u00e4rte mir Walter Mooslechner. \u201eAls ich noch F\u00f6rster war, stand die Wirtschaftlichkeit des Waldes im Vordergrund. Jetzt erst merke ich, wie viele Geheimnisse der Wald birgt. Die Natur ist wie ein Kreuzwortr\u00e4tsel, das es zu l\u00f6sen gilt. Ich lerne jeden Tag dazu.\u201c Wenn Walter Mooslechner von B\u00e4umen erz\u00e4hlt, ist es gerade so, als spr\u00e4che er \u00fcber seine besten Freunde und liebsten Bekannten.<\/p>\n<div id=\"attachment_351619\" style=\"width: 1180px\" class=\"wp-caption alignnone\"><img decoding=\"async\" aria-describedby=\"caption-attachment-351619\" class=\"size-1170_658 wp-image-351619\" src=\"https:\/\/cdn.salzburgerland.com\/de\/wp-content\/uploads\/2019\/02\/t1_052-1170x658.jpg\" alt=\"\" width=\"1170\" height=\"658\" srcset=\"https:\/\/www.salzburgerland.com\/de\/wp-content\/uploads\/2019\/02\/t1_052-1170x658.jpg 1170w, https:\/\/www.salzburgerland.com\/de\/wp-content\/uploads\/2019\/02\/t1_052-1200x675.jpg 1200w\" sizes=\"(max-width: 1170px) 100vw, 1170px\"><p id=\"caption-attachment-351619\" class=\"wp-caption-text\">\u00a9 SalzburgerLand Tourismus, Walter Mooslechner kennt in seinem Wald nahezu jeden Baum<\/p><\/div>\n<p>Die N\u00e4he zur Natur verschaffe ihm ein erhebendes Gef\u00fchl von Freiheit, betont er. Und ich sp\u00fcre f\u00f6rmlich, dass er sich dieses Gef\u00fchl f\u00fcr jeden Menschen w\u00fcnscht. Doch er wei\u00df auch: \u201eIn unserer hochtechnisierten Welt geht das nat\u00fcrliche Empfinden der Menschen verloren. Man muss sich schon etwas M\u00fche geben und sich Zeit nehmen, um mit der Natur in Verbindung zu treten. Wer jedoch zu sich finden m\u00f6chte, der kann das in erster Linie \u00fcber die Natur.\u201c<\/p>\n<h2>Den Wald mit den Augen des F\u00f6rsters sehen<\/h2>\n<p>Und so l\u00e4sst er mich teilhaben an seiner Freude, l\u00e4sst mich den Wald durch seine Augen betrachten und mit seinen Ohren h\u00f6ren. \u201eH\u00f6rst du die Symphonie des Gebirgsbaches? Jeder Bach hat seine ganz eigene Melodie\u201c, macht er mich aufmerksam. Walter Mooslechner zeigt mir einen \u201egeringelten\u201c Baum \u2013 hier hat ein Specht mit seinem spitzen Schnabel L\u00f6cher in die Rinde gehackt, um Larven zu picken. Nicht weit davon entfernt entdecken wir den Fr\u00fchst\u00fcckstisch eines Eichh\u00f6rnchens: Diese jausnen am liebsten etwas erh\u00f6ht, etwa auf bemoosten Steinen. Buschige Baumbarte h\u00e4ngen von den \u00c4sten. \u201eSie sind ein Zeichen f\u00fcr die gute Luft hier im Tal. Man kann sie trocknen und r\u00e4uchern\u201c, erkl\u00e4rt mit der ehemalige F\u00f6rster und dr\u00fcckt mir dabei ein paar gepfl\u00fcckte Schwarzbeeren in die Hand. Sie schmecken erdig, waldig und himmlisch zugleich.<\/p>\n<p>Seine Augen leuchten und er strahlt die unb\u00e4ndige Entdeckerlust eines kleinen Jungen aus. Es ist, als s\u00e4he er alles zum ersten Mal. Und mir wird bewusst: Was dieser Mann hat, ist den meisten Menschen schon lange abhanden gekommen. Es ist eine ungebrochene Neugierde auf die Welt. Die Lust, das Kleine zu entdecken. Die Sensibilit\u00e4t, die Sch\u00f6nheit der einfachen Dinge zu sehen. Der Wunsch, das gro\u00dfe Ganze zu verstehen. Und das Gef\u00fchl, sich selbst als Teil davon wahrzunehmen.<\/p>\n<div id=\"attachment_351621\" style=\"width: 1180px\" class=\"wp-caption alignnone\"><img decoding=\"async\" aria-describedby=\"caption-attachment-351621\" class=\"size-1170_658 wp-image-351621\" src=\"https:\/\/cdn.salzburgerland.com\/de\/wp-content\/uploads\/2019\/02\/t7_053-1170x658.jpg\" alt=\"\" width=\"1170\" height=\"658\" srcset=\"https:\/\/www.salzburgerland.com\/de\/wp-content\/uploads\/2019\/02\/t7_053-1170x658.jpg 1170w, https:\/\/www.salzburgerland.com\/de\/wp-content\/uploads\/2019\/02\/t7_053-1200x675.jpg 1200w\" sizes=\"(max-width: 1170px) 100vw, 1170px\"><p id=\"caption-attachment-351621\" class=\"wp-caption-text\">\u00a9 SalzburgerLand Tourismus, Unterwegs mit dem ehemaligen F\u00f6rster Walter Mooslechner<\/p><\/div>\n<p>Nach einiger Zeit lassen wir uns auf einem gro\u00dfen Stein nieder. \u201eDas Wichtigste ist, dass die Menschen wieder ins Sp\u00fcren kommen. B\u00e4ume ganz bewusst zu ber\u00fchren, tut uns gut\u201c, h\u00f6re ich Walter Mooslechner sagen. \u201eJeder Baum hat eine Seele. Er ist ein Wunder der Natur und mit uns verwandt. Genauso wie Wasser.\u201c Ich betrachte ihn von der Seite: Will mir ein erfahrener F\u00f6rster und J\u00e4ger wirklich erz\u00e4hlen, dass ich B\u00e4ume umarmen soll? Ja, das tut er. Und nein, er macht keine Witze. Denn er kennt die Wirkung, die die Natur auf ihn hat. Und er m\u00f6chte die Menschen dazu ermutigen, all ihre Sinne f\u00fcr deren Sch\u00f6nheit zu \u00f6ffnen, um \u00c4hnliches zu sp\u00fcren. Wie wir das tun, ist egal. Hauptsache wir tun es.<\/p>\n","protected":false},"excerpt":{"rendered":"<p>Schritt f\u00fcr Schritt geht es tiefer in den Wald. \u00dcber mir schlie\u00dft sich das Dach aus Bl\u00e4ttern, \u00c4sten und Nadeln und h\u00fcllt mich in sanft-gr\u00fcnes Licht. Eine kleine Familie Fliegenpilze \u2013 Vater, Mutter, Kind \u2013 sprie\u00dft possierlich aus dem Moos, irgendwo in der Ferne knackt ein Zweig. Ein scheues Reh oder ein \u00fcbermutiger Gamsbock vielleicht. [&hellip;]<\/p>\n","protected":false},"author":17,"featured_media":351620,"comment_status":"closed","ping_status":"closed","sticky":false,"template":"","format":"standard","meta":{"_acf_changed":false,"wl_entities_gutenberg":"","_relevanssi_hide_post":"","_relevanssi_hide_content":"","_relevanssi_pin_for_all":"","_relevanssi_pin_keywords":"","_relevanssi_unpin_keywords":"","_relevanssi_related_keywords":"","_relevanssi_related_include_ids":"","_relevanssi_related_exclude_ids":"","_relevanssi_related_no_append":"","_relevanssi_related_not_related":"","_relevanssi_related_posts":"","_relevanssi_noindex_reason":"","footnotes":""},"categories":[1],"tags":[],"wl_entity_type":[11495],"class_list":["post-351618","post","type-post","status-publish","format-standard","has-post-thumbnail","hentry","category-allgemein","wl_entity_type-article"],"acf":[],"yoast_head":"<!-- This site is optimized with the Yoast SEO Premium plugin v26.9 (Yoast SEO v26.9) - https:\/\/yoast.com\/product\/yoast-seo-premium-wordpress\/ -->\n<title>F\u00f6rster \u00bb SalzburgerLand.com<\/title>\n<meta name=\"description\" content=\"Kann man in den Wald gehen und sich dabei selber finden? Und macht es Sinn, B\u00e4ume zu umarmen? Um Antworten auf diese Fragen zu erhalten, besuchten wir Walter Mooslechner im Grossarltal.\" \/>\n<meta name=\"robots\" content=\"index, follow, max-snippet:-1, max-image-preview:large, max-video-preview:-1\" \/>\n<link rel=\"canonical\" href=\"https:\/\/www.salzburgerland.com\/de\/wp-json\/wp\/v2\/posts\/351618\" \/>\n<meta property=\"og:locale\" content=\"de_DE\" \/>\n<meta property=\"og:type\" content=\"article\" \/>\n<meta property=\"og:title\" content=\"Auf den Spuren des Waldfl\u00fcsterers\" \/>\n<meta property=\"og:description\" content=\"Kann man in den Wald gehen und sich dabei selber finden? Und macht es Sinn, B\u00e4ume zu umarmen? Um Antworten auf diese Fragen zu erhalten, besuchten wir Walter Mooslechner im Grossarltal.\" \/>\n<meta property=\"og:url\" content=\"https:\/\/www.salzburgerland.com\/de\/wp-json\/wp\/v2\/posts\/351618\" \/>\n<meta property=\"og:site_name\" content=\"SalzburgerLand.com\" \/>\n<meta property=\"article:publisher\" content=\"https:\/\/www.facebook.com\/salzburgerland\/\" \/>\n<meta property=\"article:published_time\" content=\"2019-02-28T11:40:18+00:00\" \/>\n<meta property=\"article:modified_time\" content=\"2019-05-16T10:50:22+00:00\" \/>\n<meta property=\"og:image\" content=\"https:\/\/www.salzburgerland.com\/de\/wp-content\/uploads\/2019\/02\/t1_086-1200x675.jpg\" \/>\n\t<meta property=\"og:image:width\" content=\"1200\" \/>\n\t<meta property=\"og:image:height\" content=\"675\" \/>\n\t<meta property=\"og:image:type\" content=\"image\/jpeg\" \/>\n<meta name=\"author\" content=\"Ulli Hammerl\" \/>\n<meta name=\"twitter:card\" content=\"summary_large_image\" \/>\n<meta name=\"twitter:creator\" content=\"@Salzburgerland\" \/>\n<meta name=\"twitter:site\" content=\"@Salzburgerland\" \/>\n<meta name=\"twitter:label1\" content=\"Verfasst von\" \/>\n\t<meta name=\"twitter:data1\" content=\"Ulli Hammerl\" \/>\n\t<meta name=\"twitter:label2\" content=\"Gesch\u00e4tzte Lesezeit\" \/>\n\t<meta name=\"twitter:data2\" content=\"4\u00a0Minuten\" \/>\n<script type=\"application\/ld+json\" class=\"yoast-schema-graph\">{\"@context\":\"https:\/\/schema.org\",\"@graph\":[{\"@type\":\"WebPage\",\"@id\":\"https:\/\/www.salzburgerland.com\/de\/auf-den-spuren-des-waldfluesterers\/\",\"url\":\"https:\/\/www.salzburgerland.com\/de\/auf-den-spuren-des-waldfluesterers\/\",\"name\":\"F\u00f6rster \u00bb SalzburgerLand.com\",\"isPartOf\":{\"@id\":\"https:\/\/www.salzburgerland.com\/de\/#website\"},\"primaryImageOfPage\":{\"@id\":\"https:\/\/www.salzburgerland.com\/de\/auf-den-spuren-des-waldfluesterers\/#primaryimage\"},\"image\":{\"@id\":\"https:\/\/www.salzburgerland.com\/de\/auf-den-spuren-des-waldfluesterers\/#primaryimage\"},\"thumbnailUrl\":\"https:\/\/www.salzburgerland.com\/de\/wp-content\/uploads\/2019\/02\/t1_086.jpg\",\"datePublished\":\"2019-02-28T11:40:18+00:00\",\"dateModified\":\"2019-05-16T10:50:22+00:00\",\"description\":\"Kann man in den Wald gehen und sich dabei selber finden? Und macht es Sinn, B\u00e4ume zu umarmen? Um Antworten auf diese Fragen zu erhalten, besuchten wir Walter Mooslechner im Grossarltal.\",\"breadcrumb\":{\"@id\":\"https:\/\/www.salzburgerland.com\/de\/auf-den-spuren-des-waldfluesterers\/#breadcrumb\"},\"inLanguage\":\"de\",\"potentialAction\":[{\"@type\":\"ReadAction\",\"target\":[\"https:\/\/www.salzburgerland.com\/de\/auf-den-spuren-des-waldfluesterers\/\"]}]},{\"@type\":\"ImageObject\",\"inLanguage\":\"de\",\"@id\":\"https:\/\/www.salzburgerland.com\/de\/auf-den-spuren-des-waldfluesterers\/#primaryimage\",\"url\":\"https:\/\/www.salzburgerland.com\/de\/wp-content\/uploads\/2019\/02\/t1_086.jpg\",\"contentUrl\":\"https:\/\/www.salzburgerland.com\/de\/wp-content\/uploads\/2019\/02\/t1_086.jpg\",\"width\":1920,\"height\":1280,\"caption\":\"\u00a9 SLTG - Unterwegs mit dem ehemaligen F\u00f6rster Walter Mooslechner\"},{\"@type\":\"BreadcrumbList\",\"@id\":\"https:\/\/www.salzburgerland.com\/de\/auf-den-spuren-des-waldfluesterers\/#breadcrumb\",\"itemListElement\":[{\"@type\":\"ListItem\",\"position\":1,\"name\":\"Natur- und Lebensraum Wald\",\"item\":\"https:\/\/www.salzburgerland.com\/de\/naturraum-wald\/\"},{\"@type\":\"ListItem\",\"position\":2,\"name\":\"Auf den Spuren des Waldfl\u00fcsterers\"}]},{\"@type\":\"WebSite\",\"@id\":\"https:\/\/www.salzburgerland.com\/de\/#website\",\"url\":\"https:\/\/www.salzburgerland.com\/de\/\",\"name\":\"SalzburgerLand.com\",\"description\":\"Ihr Urlaub in Salzburg, \u00d6sterreich\",\"publisher\":{\"@id\":\"https:\/\/www.salzburgerland.com\/de\/#organization\"},\"potentialAction\":[{\"@type\":\"SearchAction\",\"target\":{\"@type\":\"EntryPoint\",\"urlTemplate\":\"https:\/\/www.salzburgerland.com\/de\/?s={search_term_string}\"},\"query-input\":{\"@type\":\"PropertyValueSpecification\",\"valueRequired\":true,\"valueName\":\"search_term_string\"}}],\"inLanguage\":\"de\"},{\"@type\":\"Organization\",\"@id\":\"https:\/\/www.salzburgerland.com\/de\/#organization\",\"name\":\"SalzburgerLand Tourismus GmbH\",\"url\":\"https:\/\/www.salzburgerland.com\/de\/\",\"logo\":{\"@type\":\"ImageObject\",\"inLanguage\":\"de\",\"@id\":\"https:\/\/www.salzburgerland.com\/de\/#\/schema\/logo\/image\/\",\"url\":\"https:\/\/www.salzburgerland.com\/de\/wp-content\/uploads\/2017\/01\/salzburgerland-logo.jpg\",\"contentUrl\":\"https:\/\/www.salzburgerland.com\/de\/wp-content\/uploads\/2017\/01\/salzburgerland-logo.jpg\",\"width\":1920,\"height\":827,\"caption\":\"SalzburgerLand Tourismus GmbH\"},\"image\":{\"@id\":\"https:\/\/www.salzburgerland.com\/de\/#\/schema\/logo\/image\/\"},\"sameAs\":[\"https:\/\/www.facebook.com\/salzburgerland\/\",\"https:\/\/x.com\/Salzburgerland\",\"https:\/\/www.instagram.com\/salzburgerland\/\",\"http:\/\/dbpedia.org\/resource\/Salzburg_(state)\",\"http:\/\/wikidata.dbpedia.org\/resource\/Q43325\",\"http:\/\/open.salzburgerland.com\/de\/entity\/salzburgerland\",\"https:\/\/www.youtube.com\/user\/salzburgerland\"]},{\"@type\":\"Person\",\"@id\":\"https:\/\/www.salzburgerland.com\/de\/#\/schema\/person\/43ce9aa621bd7728940e04ed11ce9b6e\",\"name\":\"Ulli Hammerl\",\"image\":{\"@type\":\"ImageObject\",\"inLanguage\":\"de\",\"@id\":\"https:\/\/www.salzburgerland.com\/de\/#\/schema\/person\/image\/\",\"url\":\"https:\/\/secure.gravatar.com\/avatar\/35c80e0404a213597afdb17e84ea42a986fe814f3f881bb75d00261a3ff7aefd?s=96&d=mm&r=g\",\"contentUrl\":\"https:\/\/secure.gravatar.com\/avatar\/35c80e0404a213597afdb17e84ea42a986fe814f3f881bb75d00261a3ff7aefd?s=96&d=mm&r=g\",\"caption\":\"Ulli Hammerl\"}}]}<\/script>\n<!-- \/ Yoast SEO Premium plugin. -->","yoast_head_json":{"title":"F\u00f6rster \u00bb SalzburgerLand.com","description":"Kann man in den Wald gehen und sich dabei selber finden? Und macht es Sinn, B\u00e4ume zu umarmen? Um Antworten auf diese Fragen zu erhalten, besuchten wir Walter Mooslechner im Grossarltal.","robots":{"index":"index","follow":"follow","max-snippet":"max-snippet:-1","max-image-preview":"max-image-preview:large","max-video-preview":"max-video-preview:-1"},"canonical":"https:\/\/www.salzburgerland.com\/de\/wp-json\/wp\/v2\/posts\/351618","og_locale":"de_DE","og_type":"article","og_title":"Auf den Spuren des Waldfl\u00fcsterers","og_description":"Kann man in den Wald gehen und sich dabei selber finden? Und macht es Sinn, B\u00e4ume zu umarmen? Um Antworten auf diese Fragen zu erhalten, besuchten wir Walter Mooslechner im Grossarltal.","og_url":"https:\/\/www.salzburgerland.com\/de\/wp-json\/wp\/v2\/posts\/351618","og_site_name":"SalzburgerLand.com","article_publisher":"https:\/\/www.facebook.com\/salzburgerland\/","article_published_time":"2019-02-28T11:40:18+00:00","article_modified_time":"2019-05-16T10:50:22+00:00","og_image":[{"width":1200,"height":675,"url":"https:\/\/www.salzburgerland.com\/de\/wp-content\/uploads\/2019\/02\/t1_086-1200x675.jpg","type":"image\/jpeg"}],"author":"Ulli Hammerl","twitter_card":"summary_large_image","twitter_creator":"@Salzburgerland","twitter_site":"@Salzburgerland","twitter_misc":{"Verfasst von":"Ulli Hammerl","Gesch\u00e4tzte Lesezeit":"4\u00a0Minuten"},"schema":{"@context":"https:\/\/schema.org","@graph":[{"@type":"WebPage","@id":"https:\/\/www.salzburgerland.com\/de\/auf-den-spuren-des-waldfluesterers\/","url":"https:\/\/www.salzburgerland.com\/de\/auf-den-spuren-des-waldfluesterers\/","name":"F\u00f6rster \u00bb SalzburgerLand.com","isPartOf":{"@id":"https:\/\/www.salzburgerland.com\/de\/#website"},"primaryImageOfPage":{"@id":"https:\/\/www.salzburgerland.com\/de\/auf-den-spuren-des-waldfluesterers\/#primaryimage"},"image":{"@id":"https:\/\/www.salzburgerland.com\/de\/auf-den-spuren-des-waldfluesterers\/#primaryimage"},"thumbnailUrl":"https:\/\/www.salzburgerland.com\/de\/wp-content\/uploads\/2019\/02\/t1_086.jpg","datePublished":"2019-02-28T11:40:18+00:00","dateModified":"2019-05-16T10:50:22+00:00","description":"Kann man in den Wald gehen und sich dabei selber finden? Und macht es Sinn, B\u00e4ume zu umarmen? Um Antworten auf diese Fragen zu erhalten, besuchten wir Walter Mooslechner im Grossarltal.","breadcrumb":{"@id":"https:\/\/www.salzburgerland.com\/de\/auf-den-spuren-des-waldfluesterers\/#breadcrumb"},"inLanguage":"de","potentialAction":[{"@type":"ReadAction","target":["https:\/\/www.salzburgerland.com\/de\/auf-den-spuren-des-waldfluesterers\/"]}]},{"@type":"ImageObject","inLanguage":"de","@id":"https:\/\/www.salzburgerland.com\/de\/auf-den-spuren-des-waldfluesterers\/#primaryimage","url":"https:\/\/www.salzburgerland.com\/de\/wp-content\/uploads\/2019\/02\/t1_086.jpg","contentUrl":"https:\/\/www.salzburgerland.com\/de\/wp-content\/uploads\/2019\/02\/t1_086.jpg","width":1920,"height":1280,"caption":"\u00a9 SLTG - Unterwegs mit dem ehemaligen F\u00f6rster Walter Mooslechner"},{"@type":"BreadcrumbList","@id":"https:\/\/www.salzburgerland.com\/de\/auf-den-spuren-des-waldfluesterers\/#breadcrumb","itemListElement":[{"@type":"ListItem","position":1,"name":"Natur- und Lebensraum Wald","item":"https:\/\/www.salzburgerland.com\/de\/naturraum-wald\/"},{"@type":"ListItem","position":2,"name":"Auf den Spuren des Waldfl\u00fcsterers"}]},{"@type":"WebSite","@id":"https:\/\/www.salzburgerland.com\/de\/#website","url":"https:\/\/www.salzburgerland.com\/de\/","name":"SalzburgerLand.com","description":"Ihr Urlaub in Salzburg, \u00d6sterreich","publisher":{"@id":"https:\/\/www.salzburgerland.com\/de\/#organization"},"potentialAction":[{"@type":"SearchAction","target":{"@type":"EntryPoint","urlTemplate":"https:\/\/www.salzburgerland.com\/de\/?s={search_term_string}"},"query-input":{"@type":"PropertyValueSpecification","valueRequired":true,"valueName":"search_term_string"}}],"inLanguage":"de"},{"@type":"Organization","@id":"https:\/\/www.salzburgerland.com\/de\/#organization","name":"SalzburgerLand Tourismus GmbH","url":"https:\/\/www.salzburgerland.com\/de\/","logo":{"@type":"ImageObject","inLanguage":"de","@id":"https:\/\/www.salzburgerland.com\/de\/#\/schema\/logo\/image\/","url":"https:\/\/www.salzburgerland.com\/de\/wp-content\/uploads\/2017\/01\/salzburgerland-logo.jpg","contentUrl":"https:\/\/www.salzburgerland.com\/de\/wp-content\/uploads\/2017\/01\/salzburgerland-logo.jpg","width":1920,"height":827,"caption":"SalzburgerLand Tourismus GmbH"},"image":{"@id":"https:\/\/www.salzburgerland.com\/de\/#\/schema\/logo\/image\/"},"sameAs":["https:\/\/www.facebook.com\/salzburgerland\/","https:\/\/x.com\/Salzburgerland","https:\/\/www.instagram.com\/salzburgerland\/","http:\/\/dbpedia.org\/resource\/Salzburg_(state)","http:\/\/wikidata.dbpedia.org\/resource\/Q43325","http:\/\/open.salzburgerland.com\/de\/entity\/salzburgerland","https:\/\/www.youtube.com\/user\/salzburgerland"]},{"@type":"Person","@id":"https:\/\/www.salzburgerland.com\/de\/#\/schema\/person\/43ce9aa621bd7728940e04ed11ce9b6e","name":"Ulli Hammerl","image":{"@type":"ImageObject","inLanguage":"de","@id":"https:\/\/www.salzburgerland.com\/de\/#\/schema\/person\/image\/","url":"https:\/\/secure.gravatar.com\/avatar\/35c80e0404a213597afdb17e84ea42a986fe814f3f881bb75d00261a3ff7aefd?s=96&d=mm&r=g","contentUrl":"https:\/\/secure.gravatar.com\/avatar\/35c80e0404a213597afdb17e84ea42a986fe814f3f881bb75d00261a3ff7aefd?s=96&d=mm&r=g","caption":"Ulli Hammerl"}}]}},"_wl_alt_label":[],"wl:entity_url":"http:\/\/open.salzburgerland.com\/de\/post\/auf_den_spuren_des_waldfluesterers","_links":{"self":[{"href":"https:\/\/www.salzburgerland.com\/de\/wp-json\/wp\/v2\/posts\/351618","targetHints":{"allow":["GET"]}}],"collection":[{"href":"https:\/\/www.salzburgerland.com\/de\/wp-json\/wp\/v2\/posts"}],"about":[{"href":"https:\/\/www.salzburgerland.com\/de\/wp-json\/wp\/v2\/types\/post"}],"author":[{"embeddable":true,"href":"https:\/\/www.salzburgerland.com\/de\/wp-json\/wp\/v2\/users\/17"}],"replies":[{"embeddable":true,"href":"https:\/\/www.salzburgerland.com\/de\/wp-json\/wp\/v2\/comments?post=351618"}],"version-history":[{"count":0,"href":"https:\/\/www.salzburgerland.com\/de\/wp-json\/wp\/v2\/posts\/351618\/revisions"}],"wp:featuredmedia":[{"embeddable":true,"href":"https:\/\/www.salzburgerland.com\/de\/wp-json\/wp\/v2\/media\/351620"}],"wp:attachment":[{"href":"https:\/\/www.salzburgerland.com\/de\/wp-json\/wp\/v2\/media?parent=351618"}],"wp:term":[{"taxonomy":"category","embeddable":true,"href":"https:\/\/www.salzburgerland.com\/de\/wp-json\/wp\/v2\/categories?post=351618"},{"taxonomy":"post_tag","embeddable":true,"href":"https:\/\/www.salzburgerland.com\/de\/wp-json\/wp\/v2\/tags?post=351618"},{"taxonomy":"wl_entity_type","embeddable":true,"href":"https:\/\/www.salzburgerland.com\/de\/wp-json\/wp\/v2\/wl_entity_type?post=351618"}],"curies":[{"name":"wp","href":"https:\/\/api.w.org\/{rel}","templated":true}]}}